




{"id":35190,"date":"2012-11-13T14:36:00","date_gmt":"2012-11-13T11:36:00","guid":{"rendered":"http:\/\/qtmm.org\/?p=35190"},"modified":"2022-01-23T14:37:48","modified_gmt":"2022-01-23T11:37:48","slug":"meclis-reisi-mustafa-cemilev-69-yasinda","status":"publish","type":"post","link":"https:\/\/qtmm.org\/qt\/meclis-reisi-mustafa-cemilev-69-yasinda\/","title":{"rendered":"Meclis reisi Mustafa Cemilev 69 ya\u015f\u0131nda"},"content":{"rendered":"\n<p>\u00d6z do\u011f\u011fan k\u00fcn\u00fcni Meclis reisi soy-aqrabalar\u0131, dostlar\u0131 ve yaq\u0131nlar\u0131, meslekde\u015flerinen beraber Aqmescitteki &#8220;Ay\u015fe&#8221; restoran\u0131nda qayd etti.<\/p>\n\n\n\n<p>\u015eu k\u00fcn\u00fc Mustafa Cemilevni\u00f1 ad\u0131na \u00e7oqtan-\u00e7oq hay\u0131rlav mesajlar\u0131 ve telegrammalar keldi. C\u00fcmleden, &#8220;Batkiv\u015f\u00e7ina&#8221; Birle\u015fken muhalifet ke\u00f1e\u015fini\u00f1 reisi Arseniy Yatsen\u00fck, Ukraina Prezidentini\u00f1 Q\u0131r\u0131mdaki daimiy temsilcisi Viktor Plakida ve on\u0131\u00f1 muavini \u0130braim Mamutov, Ukraina Prezidentini\u00f1 mesleat\u00e7\u0131s\u0131, Ukraina Prezidenti Memuriyetini\u00f1 siyasiy-i\u00e7timaiy meseleleri boyunca ba\u015f idaresini\u00f1 yetek\u00e7isi Anna German, Q\u0131r\u0131m Nazirler \u015euras\u0131 reisini\u00f1 muavini Georgiy Psar\u00f6v hay\u0131rlad\u0131lar. Bun\u0131\u00f1 kibi de Meclis reisini do\u011f\u011fan k\u00fcn\u00fc munasebetinen d\u00fcnyan\u0131\u00f1 \u00e7e\u015fit k\u00f6\u015felerinde ya\u015fa\u011fan dostlar\u0131 ve meslekde\u015fleri, ukrain siyaset\u00e7ileri, el\u00e7iler telefon vastas\u0131nen tebriklediler.<\/p>\n\n\n\n<p>\u00d6z hay\u0131rlavlar\u0131n\u0131 Q\u0131r\u0131m Nazirler \u015euras\u0131 reisini\u00f1 muavini Aziz Abdullayev, &#8220;Alraid&#8221; birle\u015fmesini\u00f1 Q\u0131r\u0131mdaki b\u00f6l\u00fcgini\u00f1 ba\u015f\u0131 doktor Muhammad Taha, Kezlev \u015feer yolba\u015f\u00e7\u0131s\u0131 Anatoliy Danilenko yollad\u0131lar.<\/p>\n\n\n\n<p>\u00d6z nevbetinde Mustafa Cemilev on\u0131 hay\u0131rla\u011fanlarn\u0131\u00f1 episine te\u015fekk\u00fcr bildirip, er keske sa\u011fl\u0131q ve muvafaqiyet tiledi.<\/p>\n\n\n\n<figure class=\"wp-block-gallery columns-2 is-cropped wp-block-gallery-1 is-layout-flex wp-block-gallery-is-layout-flex\"><ul class=\"blocks-gallery-grid\"><li class=\"blocks-gallery-item\"><figure><a href=\"http:\/\/qtmm.org\/wp-content\/uploads\/2022\/01\/img_0663-1.jpeg\"><img loading=\"lazy\" decoding=\"async\" width=\"800\" height=\"600\" src=\"http:\/\/qtmm.org\/wp-content\/uploads\/2022\/01\/img_0663-1.jpeg\" alt=\"\" data-id=\"35199\" data-full-url=\"http:\/\/qtmm.org\/wp-content\/uploads\/2022\/01\/img_0663-1.jpeg\" data-link=\"http:\/\/qtmm.org\/qt\/?attachment_id=35199\" class=\"wp-image-35199\" srcset=\"https:\/\/qtmm.org\/wp-content\/uploads\/2022\/01\/img_0663-1.jpeg 800w, https:\/\/qtmm.org\/wp-content\/uploads\/2022\/01\/img_0663-1-300x225.jpeg 300w, https:\/\/qtmm.org\/wp-content\/uploads\/2022\/01\/img_0663-1-768x576.jpeg 768w\" sizes=\"auto, (max-width: 800px) 100vw, 800px\" \/><\/a><\/figure><\/li><li class=\"blocks-gallery-item\"><figure><a href=\"http:\/\/qtmm.org\/wp-content\/uploads\/2022\/01\/img_0668.jpeg\"><img loading=\"lazy\" decoding=\"async\" width=\"800\" height=\"600\" src=\"http:\/\/qtmm.org\/wp-content\/uploads\/2022\/01\/img_0668.jpeg\" alt=\"\" data-id=\"35203\" data-full-url=\"http:\/\/qtmm.org\/wp-content\/uploads\/2022\/01\/img_0668.jpeg\" data-link=\"http:\/\/qtmm.org\/qt\/?attachment_id=35203\" class=\"wp-image-35203\" srcset=\"https:\/\/qtmm.org\/wp-content\/uploads\/2022\/01\/img_0668.jpeg 800w, https:\/\/qtmm.org\/wp-content\/uploads\/2022\/01\/img_0668-300x225.jpeg 300w, https:\/\/qtmm.org\/wp-content\/uploads\/2022\/01\/img_0668-768x576.jpeg 768w\" sizes=\"auto, (max-width: 800px) 100vw, 800px\" \/><\/a><\/figure><\/li><li class=\"blocks-gallery-item\"><figure><a href=\"http:\/\/qtmm.org\/wp-content\/uploads\/2022\/01\/img_0669.jpeg\"><img loading=\"lazy\" decoding=\"async\" width=\"800\" height=\"600\" src=\"http:\/\/qtmm.org\/wp-content\/uploads\/2022\/01\/img_0669.jpeg\" alt=\"\" data-id=\"35207\" data-full-url=\"http:\/\/qtmm.org\/wp-content\/uploads\/2022\/01\/img_0669.jpeg\" data-link=\"http:\/\/qtmm.org\/qt\/?attachment_id=35207\" class=\"wp-image-35207\" srcset=\"https:\/\/qtmm.org\/wp-content\/uploads\/2022\/01\/img_0669.jpeg 800w, https:\/\/qtmm.org\/wp-content\/uploads\/2022\/01\/img_0669-300x225.jpeg 300w, https:\/\/qtmm.org\/wp-content\/uploads\/2022\/01\/img_0669-768x576.jpeg 768w\" sizes=\"auto, (max-width: 800px) 100vw, 800px\" \/><\/a><\/figure><\/li><li class=\"blocks-gallery-item\"><figure><a href=\"http:\/\/qtmm.org\/wp-content\/uploads\/2022\/01\/img_0674.jpeg\"><img loading=\"lazy\" decoding=\"async\" width=\"800\" height=\"600\" src=\"http:\/\/qtmm.org\/wp-content\/uploads\/2022\/01\/img_0674.jpeg\" alt=\"\" data-id=\"35211\" data-full-url=\"http:\/\/qtmm.org\/wp-content\/uploads\/2022\/01\/img_0674.jpeg\" data-link=\"http:\/\/qtmm.org\/qt\/?attachment_id=35211\" class=\"wp-image-35211\" srcset=\"https:\/\/qtmm.org\/wp-content\/uploads\/2022\/01\/img_0674.jpeg 800w, https:\/\/qtmm.org\/wp-content\/uploads\/2022\/01\/img_0674-300x225.jpeg 300w, https:\/\/qtmm.org\/wp-content\/uploads\/2022\/01\/img_0674-768x576.jpeg 768w\" sizes=\"auto, (max-width: 800px) 100vw, 800px\" \/><\/a><\/figure><\/li><\/ul><\/figure>\n","protected":false},"excerpt":{"rendered":"<p>\u00d6z do\u011f\u011fan k\u00fcn\u00fcni Meclis reisi soy-aqrabalar\u0131, dostlar\u0131 ve yaq\u0131nlar\u0131, meslekde\u015flerinen beraber Aqmescitteki &#8220;Ay\u015fe&#8221; restoran\u0131nda qayd etti. \u015eu k\u00fcn\u00fc Mustafa Cemilevni\u00f1 ad\u0131na \u00e7oqtan-\u00e7oq hay\u0131rlav mesajlar\u0131 ve telegrammalar keldi. C\u00fcmleden, &#8220;Batkiv\u015f\u00e7ina&#8221; Birle\u015fken muhalifet ke\u00f1e\u015fini\u00f1 reisi Arseniy Yatsen\u00fck, Ukraina Prezidentini\u00f1 Q\u0131r\u0131mdaki daimiy temsilcisi Viktor Plakida ve on\u0131\u00f1 muavini \u0130braim Mamutov, Ukraina Prezidentini\u00f1 mesleat\u00e7\u0131s\u0131, Ukraina Prezidenti Memuriyetini\u00f1 siyasiy-i\u00e7timaiy meseleleri [&hellip;]<\/p>\n","protected":false},"author":1,"featured_media":35191,"comment_status":"open","ping_status":"open","sticky":false,"template":"","format":"standard","meta":{"inline_featured_image":false,"footnotes":""},"categories":[265],"tags":[],"class_list":["post-35190","post","type-post","status-publish","format-standard","has-post-thumbnail","hentry","category-haberler"],"acf":[],"yoast_head":"<!-- This site is optimized with the Yoast SEO plugin v27.4 - https:\/\/yoast.com\/product\/yoast-seo-wordpress\/ -->\n<title>Meclis reisi Mustafa Cemilev 69 ya\u015f\u0131nda - \u041c\u0435\u0434\u0436\u043b\u0456\u0441<\/title>\n<meta name=\"robots\" content=\"index, follow, max-snippet:-1, max-image-preview:large, max-video-preview:-1\" \/>\n<link rel=\"canonical\" href=\"https:\/\/qtmm.org\/qt\/meclis-reisi-mustafa-cemilev-69-yasinda\/\" \/>\n<meta property=\"og:locale\" content=\"en_US\" \/>\n<meta property=\"og:type\" content=\"article\" \/>\n<meta property=\"og:title\" content=\"Meclis reisi Mustafa Cemilev 69 ya\u015f\u0131nda - \u041c\u0435\u0434\u0436\u043b\u0456\u0441\" \/>\n<meta property=\"og:description\" content=\"\u00d6z do\u011f\u011fan k\u00fcn\u00fcni Meclis reisi soy-aqrabalar\u0131, dostlar\u0131 ve yaq\u0131nlar\u0131, meslekde\u015flerinen beraber Aqmescitteki &#8220;Ay\u015fe&#8221; restoran\u0131nda qayd etti. \u015eu k\u00fcn\u00fc Mustafa Cemilevni\u00f1 ad\u0131na \u00e7oqtan-\u00e7oq hay\u0131rlav mesajlar\u0131 ve telegrammalar keldi. C\u00fcmleden, &#8220;Batkiv\u015f\u00e7ina&#8221; Birle\u015fken muhalifet ke\u00f1e\u015fini\u00f1 reisi Arseniy Yatsen\u00fck, Ukraina Prezidentini\u00f1 Q\u0131r\u0131mdaki daimiy temsilcisi Viktor Plakida ve on\u0131\u00f1 muavini \u0130braim Mamutov, Ukraina Prezidentini\u00f1 mesleat\u00e7\u0131s\u0131, Ukraina Prezidenti Memuriyetini\u00f1 siyasiy-i\u00e7timaiy meseleleri [&hellip;]\" \/>\n<meta property=\"og:url\" content=\"https:\/\/qtmm.org\/qt\/meclis-reisi-mustafa-cemilev-69-yasinda\/\" \/>\n<meta property=\"og:site_name\" content=\"\u041c\u0435\u0434\u0436\u043b\u0456\u0441\" \/>\n<meta property=\"article:publisher\" content=\"https:\/\/www.facebook.com\/qtmm.info\/\" \/>\n<meta property=\"article:published_time\" content=\"2012-11-13T11:36:00+00:00\" \/>\n<meta property=\"article:modified_time\" content=\"2022-01-23T11:37:48+00:00\" \/>\n<meta property=\"og:image\" content=\"https:\/\/qtmm.org\/wp-content\/uploads\/2022\/01\/img_0662.jpeg\" \/>\n\t<meta property=\"og:image:width\" content=\"800\" \/>\n\t<meta property=\"og:image:height\" content=\"600\" \/>\n\t<meta property=\"og:image:type\" content=\"image\/jpeg\" \/>\n<meta name=\"author\" content=\"Developer\" \/>\n<meta name=\"twitter:card\" content=\"summary_large_image\" \/>\n<meta name=\"twitter:label1\" content=\"Written by\" \/>\n\t<meta name=\"twitter:data1\" content=\"Developer\" \/>\n\t<meta name=\"twitter:label2\" content=\"Est. reading time\" \/>\n\t<meta name=\"twitter:data2\" content=\"1 minute\" \/>\n<script type=\"application\/ld+json\" class=\"yoast-schema-graph\">{\"@context\":\"https:\\\/\\\/schema.org\",\"@graph\":[{\"@type\":\"Article\",\"@id\":\"https:\\\/\\\/qtmm.org\\\/qt\\\/meclis-reisi-mustafa-cemilev-69-yasinda\\\/#article\",\"isPartOf\":{\"@id\":\"https:\\\/\\\/qtmm.org\\\/qt\\\/meclis-reisi-mustafa-cemilev-69-yasinda\\\/\"},\"author\":{\"name\":\"Developer\",\"@id\":\"https:\\\/\\\/qtmm.org\\\/qt\\\/#\\\/schema\\\/person\\\/de562469f971dec226ac06e60bbf74a7\"},\"headline\":\"Meclis reisi Mustafa Cemilev 69 ya\u015f\u0131nda\",\"datePublished\":\"2012-11-13T11:36:00+00:00\",\"dateModified\":\"2022-01-23T11:37:48+00:00\",\"mainEntityOfPage\":{\"@id\":\"https:\\\/\\\/qtmm.org\\\/qt\\\/meclis-reisi-mustafa-cemilev-69-yasinda\\\/\"},\"wordCount\":189,\"commentCount\":0,\"publisher\":{\"@id\":\"https:\\\/\\\/qtmm.org\\\/qt\\\/#organization\"},\"image\":{\"@id\":\"https:\\\/\\\/qtmm.org\\\/qt\\\/meclis-reisi-mustafa-cemilev-69-yasinda\\\/#primaryimage\"},\"thumbnailUrl\":\"https:\\\/\\\/qtmm.org\\\/wp-content\\\/uploads\\\/2022\\\/01\\\/img_0662.jpeg\",\"articleSection\":[\"Haberler\"],\"inLanguage\":\"qt\",\"potentialAction\":[{\"@type\":\"CommentAction\",\"name\":\"Comment\",\"target\":[\"https:\\\/\\\/qtmm.org\\\/qt\\\/meclis-reisi-mustafa-cemilev-69-yasinda\\\/#respond\"]}]},{\"@type\":\"WebPage\",\"@id\":\"https:\\\/\\\/qtmm.org\\\/qt\\\/meclis-reisi-mustafa-cemilev-69-yasinda\\\/\",\"url\":\"https:\\\/\\\/qtmm.org\\\/qt\\\/meclis-reisi-mustafa-cemilev-69-yasinda\\\/\",\"name\":\"Meclis reisi Mustafa Cemilev 69 ya\u015f\u0131nda - \u041c\u0435\u0434\u0436\u043b\u0456\u0441\",\"isPartOf\":{\"@id\":\"https:\\\/\\\/qtmm.org\\\/qt\\\/#website\"},\"primaryImageOfPage\":{\"@id\":\"https:\\\/\\\/qtmm.org\\\/qt\\\/meclis-reisi-mustafa-cemilev-69-yasinda\\\/#primaryimage\"},\"image\":{\"@id\":\"https:\\\/\\\/qtmm.org\\\/qt\\\/meclis-reisi-mustafa-cemilev-69-yasinda\\\/#primaryimage\"},\"thumbnailUrl\":\"https:\\\/\\\/qtmm.org\\\/wp-content\\\/uploads\\\/2022\\\/01\\\/img_0662.jpeg\",\"datePublished\":\"2012-11-13T11:36:00+00:00\",\"dateModified\":\"2022-01-23T11:37:48+00:00\",\"breadcrumb\":{\"@id\":\"https:\\\/\\\/qtmm.org\\\/qt\\\/meclis-reisi-mustafa-cemilev-69-yasinda\\\/#breadcrumb\"},\"inLanguage\":\"qt\",\"potentialAction\":[{\"@type\":\"ReadAction\",\"target\":[\"https:\\\/\\\/qtmm.org\\\/qt\\\/meclis-reisi-mustafa-cemilev-69-yasinda\\\/\"]}]},{\"@type\":\"ImageObject\",\"inLanguage\":\"qt\",\"@id\":\"https:\\\/\\\/qtmm.org\\\/qt\\\/meclis-reisi-mustafa-cemilev-69-yasinda\\\/#primaryimage\",\"url\":\"https:\\\/\\\/qtmm.org\\\/wp-content\\\/uploads\\\/2022\\\/01\\\/img_0662.jpeg\",\"contentUrl\":\"https:\\\/\\\/qtmm.org\\\/wp-content\\\/uploads\\\/2022\\\/01\\\/img_0662.jpeg\",\"width\":800,\"height\":600},{\"@type\":\"BreadcrumbList\",\"@id\":\"https:\\\/\\\/qtmm.org\\\/qt\\\/meclis-reisi-mustafa-cemilev-69-yasinda\\\/#breadcrumb\",\"itemListElement\":[{\"@type\":\"ListItem\",\"position\":1,\"name\":\"\u0413\u043e\u043b\u043e\u0432\u043d\u0430\",\"item\":\"https:\\\/\\\/qtmm.org\\\/qt\\\/\"},{\"@type\":\"ListItem\",\"position\":2,\"name\":\"Meclis reisi Mustafa Cemilev 69 ya\u015f\u0131nda\"}]},{\"@type\":\"WebSite\",\"@id\":\"https:\\\/\\\/qtmm.org\\\/qt\\\/#website\",\"url\":\"https:\\\/\\\/qtmm.org\\\/qt\\\/\",\"name\":\"\u041c\u0435\u0434\u0436\u043b\u0456\u0441\",\"description\":\"\",\"publisher\":{\"@id\":\"https:\\\/\\\/qtmm.org\\\/qt\\\/#organization\"},\"potentialAction\":[{\"@type\":\"SearchAction\",\"target\":{\"@type\":\"EntryPoint\",\"urlTemplate\":\"https:\\\/\\\/qtmm.org\\\/qt\\\/?s={search_term_string}\"},\"query-input\":{\"@type\":\"PropertyValueSpecification\",\"valueRequired\":true,\"valueName\":\"search_term_string\"}}],\"inLanguage\":\"qt\"},{\"@type\":\"Organization\",\"@id\":\"https:\\\/\\\/qtmm.org\\\/qt\\\/#organization\",\"name\":\"\u041c\u0435\u0434\u0436\u043b\u0456\u0441\",\"url\":\"https:\\\/\\\/qtmm.org\\\/qt\\\/\",\"logo\":{\"@type\":\"ImageObject\",\"inLanguage\":\"qt\",\"@id\":\"https:\\\/\\\/qtmm.org\\\/qt\\\/#\\\/schema\\\/logo\\\/image\\\/\",\"url\":\"https:\\\/\\\/qtmm.org\\\/wp-content\\\/uploads\\\/2024\\\/12\\\/ua-mejlis-logo-rgb.svg\",\"contentUrl\":\"https:\\\/\\\/qtmm.org\\\/wp-content\\\/uploads\\\/2024\\\/12\\\/ua-mejlis-logo-rgb.svg\",\"caption\":\"\u041c\u0435\u0434\u0436\u043b\u0456\u0441\"},\"image\":{\"@id\":\"https:\\\/\\\/qtmm.org\\\/qt\\\/#\\\/schema\\\/logo\\\/image\\\/\"},\"sameAs\":[\"https:\\\/\\\/www.facebook.com\\\/qtmm.info\\\/\"]},{\"@type\":\"Person\",\"@id\":\"https:\\\/\\\/qtmm.org\\\/qt\\\/#\\\/schema\\\/person\\\/de562469f971dec226ac06e60bbf74a7\",\"name\":\"Developer\",\"image\":{\"@type\":\"ImageObject\",\"inLanguage\":\"qt\",\"@id\":\"https:\\\/\\\/secure.gravatar.com\\\/avatar\\\/392b4cc8fbfeb00b39dfeeab4ee6edded39ffd48e25858637e4765810300227e?s=96&d=mm&r=g\",\"url\":\"https:\\\/\\\/secure.gravatar.com\\\/avatar\\\/392b4cc8fbfeb00b39dfeeab4ee6edded39ffd48e25858637e4765810300227e?s=96&d=mm&r=g\",\"contentUrl\":\"https:\\\/\\\/secure.gravatar.com\\\/avatar\\\/392b4cc8fbfeb00b39dfeeab4ee6edded39ffd48e25858637e4765810300227e?s=96&d=mm&r=g\",\"caption\":\"Developer\"},\"url\":\"https:\\\/\\\/qtmm.org\\\/qt\\\/author\\\/Developer\\\/\"}]}<\/script>\n<!-- \/ Yoast SEO plugin. -->","yoast_head_json":{"title":"Meclis reisi Mustafa Cemilev 69 ya\u015f\u0131nda - \u041c\u0435\u0434\u0436\u043b\u0456\u0441","robots":{"index":"index","follow":"follow","max-snippet":"max-snippet:-1","max-image-preview":"max-image-preview:large","max-video-preview":"max-video-preview:-1"},"canonical":"https:\/\/qtmm.org\/qt\/meclis-reisi-mustafa-cemilev-69-yasinda\/","og_locale":"en_US","og_type":"article","og_title":"Meclis reisi Mustafa Cemilev 69 ya\u015f\u0131nda - \u041c\u0435\u0434\u0436\u043b\u0456\u0441","og_description":"\u00d6z do\u011f\u011fan k\u00fcn\u00fcni Meclis reisi soy-aqrabalar\u0131, dostlar\u0131 ve yaq\u0131nlar\u0131, meslekde\u015flerinen beraber Aqmescitteki &#8220;Ay\u015fe&#8221; restoran\u0131nda qayd etti. \u015eu k\u00fcn\u00fc Mustafa Cemilevni\u00f1 ad\u0131na \u00e7oqtan-\u00e7oq hay\u0131rlav mesajlar\u0131 ve telegrammalar keldi. C\u00fcmleden, &#8220;Batkiv\u015f\u00e7ina&#8221; Birle\u015fken muhalifet ke\u00f1e\u015fini\u00f1 reisi Arseniy Yatsen\u00fck, Ukraina Prezidentini\u00f1 Q\u0131r\u0131mdaki daimiy temsilcisi Viktor Plakida ve on\u0131\u00f1 muavini \u0130braim Mamutov, Ukraina Prezidentini\u00f1 mesleat\u00e7\u0131s\u0131, Ukraina Prezidenti Memuriyetini\u00f1 siyasiy-i\u00e7timaiy meseleleri [&hellip;]","og_url":"https:\/\/qtmm.org\/qt\/meclis-reisi-mustafa-cemilev-69-yasinda\/","og_site_name":"\u041c\u0435\u0434\u0436\u043b\u0456\u0441","article_publisher":"https:\/\/www.facebook.com\/qtmm.info\/","article_published_time":"2012-11-13T11:36:00+00:00","article_modified_time":"2022-01-23T11:37:48+00:00","og_image":[{"width":800,"height":600,"url":"https:\/\/qtmm.org\/wp-content\/uploads\/2022\/01\/img_0662.jpeg","type":"image\/jpeg"}],"author":"Developer","twitter_card":"summary_large_image","twitter_misc":{"Written by":"Developer","Est. reading time":"1 minute"},"schema":{"@context":"https:\/\/schema.org","@graph":[{"@type":"Article","@id":"https:\/\/qtmm.org\/qt\/meclis-reisi-mustafa-cemilev-69-yasinda\/#article","isPartOf":{"@id":"https:\/\/qtmm.org\/qt\/meclis-reisi-mustafa-cemilev-69-yasinda\/"},"author":{"name":"Developer","@id":"https:\/\/qtmm.org\/qt\/#\/schema\/person\/de562469f971dec226ac06e60bbf74a7"},"headline":"Meclis reisi Mustafa Cemilev 69 ya\u015f\u0131nda","datePublished":"2012-11-13T11:36:00+00:00","dateModified":"2022-01-23T11:37:48+00:00","mainEntityOfPage":{"@id":"https:\/\/qtmm.org\/qt\/meclis-reisi-mustafa-cemilev-69-yasinda\/"},"wordCount":189,"commentCount":0,"publisher":{"@id":"https:\/\/qtmm.org\/qt\/#organization"},"image":{"@id":"https:\/\/qtmm.org\/qt\/meclis-reisi-mustafa-cemilev-69-yasinda\/#primaryimage"},"thumbnailUrl":"https:\/\/qtmm.org\/wp-content\/uploads\/2022\/01\/img_0662.jpeg","articleSection":["Haberler"],"inLanguage":"qt","potentialAction":[{"@type":"CommentAction","name":"Comment","target":["https:\/\/qtmm.org\/qt\/meclis-reisi-mustafa-cemilev-69-yasinda\/#respond"]}]},{"@type":"WebPage","@id":"https:\/\/qtmm.org\/qt\/meclis-reisi-mustafa-cemilev-69-yasinda\/","url":"https:\/\/qtmm.org\/qt\/meclis-reisi-mustafa-cemilev-69-yasinda\/","name":"Meclis reisi Mustafa Cemilev 69 ya\u015f\u0131nda - \u041c\u0435\u0434\u0436\u043b\u0456\u0441","isPartOf":{"@id":"https:\/\/qtmm.org\/qt\/#website"},"primaryImageOfPage":{"@id":"https:\/\/qtmm.org\/qt\/meclis-reisi-mustafa-cemilev-69-yasinda\/#primaryimage"},"image":{"@id":"https:\/\/qtmm.org\/qt\/meclis-reisi-mustafa-cemilev-69-yasinda\/#primaryimage"},"thumbnailUrl":"https:\/\/qtmm.org\/wp-content\/uploads\/2022\/01\/img_0662.jpeg","datePublished":"2012-11-13T11:36:00+00:00","dateModified":"2022-01-23T11:37:48+00:00","breadcrumb":{"@id":"https:\/\/qtmm.org\/qt\/meclis-reisi-mustafa-cemilev-69-yasinda\/#breadcrumb"},"inLanguage":"qt","potentialAction":[{"@type":"ReadAction","target":["https:\/\/qtmm.org\/qt\/meclis-reisi-mustafa-cemilev-69-yasinda\/"]}]},{"@type":"ImageObject","inLanguage":"qt","@id":"https:\/\/qtmm.org\/qt\/meclis-reisi-mustafa-cemilev-69-yasinda\/#primaryimage","url":"https:\/\/qtmm.org\/wp-content\/uploads\/2022\/01\/img_0662.jpeg","contentUrl":"https:\/\/qtmm.org\/wp-content\/uploads\/2022\/01\/img_0662.jpeg","width":800,"height":600},{"@type":"BreadcrumbList","@id":"https:\/\/qtmm.org\/qt\/meclis-reisi-mustafa-cemilev-69-yasinda\/#breadcrumb","itemListElement":[{"@type":"ListItem","position":1,"name":"\u0413\u043e\u043b\u043e\u0432\u043d\u0430","item":"https:\/\/qtmm.org\/qt\/"},{"@type":"ListItem","position":2,"name":"Meclis reisi Mustafa Cemilev 69 ya\u015f\u0131nda"}]},{"@type":"WebSite","@id":"https:\/\/qtmm.org\/qt\/#website","url":"https:\/\/qtmm.org\/qt\/","name":"\u041c\u0435\u0434\u0436\u043b\u0456\u0441","description":"","publisher":{"@id":"https:\/\/qtmm.org\/qt\/#organization"},"potentialAction":[{"@type":"SearchAction","target":{"@type":"EntryPoint","urlTemplate":"https:\/\/qtmm.org\/qt\/?s={search_term_string}"},"query-input":{"@type":"PropertyValueSpecification","valueRequired":true,"valueName":"search_term_string"}}],"inLanguage":"qt"},{"@type":"Organization","@id":"https:\/\/qtmm.org\/qt\/#organization","name":"\u041c\u0435\u0434\u0436\u043b\u0456\u0441","url":"https:\/\/qtmm.org\/qt\/","logo":{"@type":"ImageObject","inLanguage":"qt","@id":"https:\/\/qtmm.org\/qt\/#\/schema\/logo\/image\/","url":"https:\/\/qtmm.org\/wp-content\/uploads\/2024\/12\/ua-mejlis-logo-rgb.svg","contentUrl":"https:\/\/qtmm.org\/wp-content\/uploads\/2024\/12\/ua-mejlis-logo-rgb.svg","caption":"\u041c\u0435\u0434\u0436\u043b\u0456\u0441"},"image":{"@id":"https:\/\/qtmm.org\/qt\/#\/schema\/logo\/image\/"},"sameAs":["https:\/\/www.facebook.com\/qtmm.info\/"]},{"@type":"Person","@id":"https:\/\/qtmm.org\/qt\/#\/schema\/person\/de562469f971dec226ac06e60bbf74a7","name":"Developer","image":{"@type":"ImageObject","inLanguage":"qt","@id":"https:\/\/secure.gravatar.com\/avatar\/392b4cc8fbfeb00b39dfeeab4ee6edded39ffd48e25858637e4765810300227e?s=96&d=mm&r=g","url":"https:\/\/secure.gravatar.com\/avatar\/392b4cc8fbfeb00b39dfeeab4ee6edded39ffd48e25858637e4765810300227e?s=96&d=mm&r=g","contentUrl":"https:\/\/secure.gravatar.com\/avatar\/392b4cc8fbfeb00b39dfeeab4ee6edded39ffd48e25858637e4765810300227e?s=96&d=mm&r=g","caption":"Developer"},"url":"https:\/\/qtmm.org\/qt\/author\/Developer\/"}]}},"_links":{"self":[{"href":"https:\/\/qtmm.org\/qt\/wp-json\/wp\/v2\/posts\/35190","targetHints":{"allow":["GET"]}}],"collection":[{"href":"https:\/\/qtmm.org\/qt\/wp-json\/wp\/v2\/posts"}],"about":[{"href":"https:\/\/qtmm.org\/qt\/wp-json\/wp\/v2\/types\/post"}],"author":[{"embeddable":true,"href":"https:\/\/qtmm.org\/qt\/wp-json\/wp\/v2\/users\/1"}],"replies":[{"embeddable":true,"href":"https:\/\/qtmm.org\/qt\/wp-json\/wp\/v2\/comments?post=35190"}],"version-history":[{"count":1,"href":"https:\/\/qtmm.org\/qt\/wp-json\/wp\/v2\/posts\/35190\/revisions"}],"predecessor-version":[{"id":35215,"href":"https:\/\/qtmm.org\/qt\/wp-json\/wp\/v2\/posts\/35190\/revisions\/35215"}],"wp:featuredmedia":[{"embeddable":true,"href":"https:\/\/qtmm.org\/qt\/wp-json\/wp\/v2\/media\/35191"}],"wp:attachment":[{"href":"https:\/\/qtmm.org\/qt\/wp-json\/wp\/v2\/media?parent=35190"}],"wp:term":[{"taxonomy":"category","embeddable":true,"href":"https:\/\/qtmm.org\/qt\/wp-json\/wp\/v2\/categories?post=35190"},{"taxonomy":"post_tag","embeddable":true,"href":"https:\/\/qtmm.org\/qt\/wp-json\/wp\/v2\/tags?post=35190"}],"curies":[{"name":"wp","href":"https:\/\/api.w.org\/{rel}","templated":true}]}}