




{"id":35188,"date":"2012-11-13T14:35:00","date_gmt":"2012-11-13T11:35:00","guid":{"rendered":"http:\/\/qtmm.org\/?p=35188"},"modified":"2022-01-23T14:35:58","modified_gmt":"2022-01-23T11:35:58","slug":"qirimtatar-halqi-meclisinin-qirimtatar-halqi-qurultayi-delegatlarini-saylav-nizamnamesi-leyhasini-islev-boyunca-isci-gruppasi-aqqindaki-qarari","status":"publish","type":"post","link":"https:\/\/qtmm.org\/qt\/qirimtatar-halqi-meclisinin-qirimtatar-halqi-qurultayi-delegatlarini-saylav-nizamnamesi-leyhasini-islev-boyunca-isci-gruppasi-aqqindaki-qarari\/","title":{"rendered":"Q\u0131r\u0131mtatar halq\u0131 Meclisini\u00f1 \u00abQ\u0131r\u0131mtatar halq\u0131 qurultay\u0131 delegatlar\u0131n\u0131 saylav nizamnamesi leyhas\u0131n\u0131 i\u015flev boyunca i\u015f\u00e7i gruppas\u0131 aqq\u0131nda\u00bbki QARARI"},"content":{"rendered":"\n<p>Q\u0131r\u0131mtatar halq\u0131 6-nc\u0131 \u00e7a\u011f\u0131r\u0131l\u0131\u015f Qurultay\u0131na delegatlarn\u0131 saylav boyunca merkeziy saylav komissiyas\u0131 taraf\u0131ndan teklif etilgen variantn\u0131 muzakere eterek, Q\u0131r\u0131mtatar halq\u0131 qurultay\u0131 delegatlar\u0131n\u0131 saylav nizamnamesi leyhas\u0131n\u0131 i\u015flevni\u00f1 keti\u015fat\u0131 aqq\u0131nda mal\u00fcmatn\u0131 di\u00f1legen so\u00f1 Q\u0131r\u0131mtatar halq\u0131 Qurultay\u0131 delegatlar\u0131n\u0131 saylav nizamnamesini tasdiqlamaq maqsad\u0131nda<\/p>\n\n\n\n<p class=\"has-text-align-center\"><strong>Q\u0131r\u0131mtatar halq\u0131n\u0131\u00f1 Meclisi qarar bere:<\/strong><\/p>\n\n\n\n<p>1) Q\u0131r\u0131mtatar halq\u0131 6-nc\u0131 \u00e7a\u011f\u0131r\u0131l\u0131\u015f Qurultay\u0131na delegatlarn\u0131 saylav boyunca merkeziy saylav komissiyas\u0131 taraf\u0131ndan teklif etilgen Q\u0131r\u0131mtatar halq\u0131 qurultay\u0131 delegatlar\u0131n\u0131 saylav nizamnamesi leyhas\u0131n\u0131 i\u015flev boyunca \u0130\u015f gruppas\u0131 Q\u0131r\u0131mtatar halq\u0131 Meclisini\u00f1 a\u015fa\u011f\u0131daki azalar\u0131ndan tertip etilsin:<\/p>\n\n\n\n<p><br><br><strong>1. Cemilev Mustafa<\/strong>&nbsp;\u0130\u015f gruppas\u0131n\u0131\u00f1 ba\u015f\u0131<br><br><strong>2. \u00c7ubarov Refat<\/strong>&nbsp;\u0130\u015f gruppas\u0131 ba\u015f\u0131n\u0131\u00f1 muavini<br><br><strong>3. \u0130lyasov Remzi<\/strong>&nbsp;\u0130\u015f gruppas\u0131 ba\u015f\u0131n\u0131\u00f1 muavini<br><br><strong>4. Asaba Mustafa<\/strong>&nbsp;\u0130\u015f gruppas\u0131n\u0131\u00f1 azas\u0131<br><br><strong>5. Qad\u0131rov Sinaver<\/strong>&nbsp;\u0130\u015f gruppas\u0131n\u0131\u00f1 azas\u0131<\/p>\n\n\n\n<p><strong>6. Qaybullayev \u015eevket<\/strong>&nbsp;\u0130\u015f gruppas\u0131n\u0131\u00f1 azas\u0131<\/p>\n\n\n\n<p><strong>7. Qurt\u00fcmerov Zevcet<\/strong>&nbsp;\u0130\u015f gruppas\u0131n\u0131\u00f1 azas\u0131<\/p>\n\n\n\n<p><strong>8. Mamutov Bekir<\/strong>&nbsp;\u0130\u015f gruppas\u0131n\u0131\u00f1 azas\u0131<\/p>\n\n\n\n<p><strong>9. Smedl\u00e2yev Zair<\/strong>&nbsp;\u0130\u015f gruppas\u0131n\u0131\u00f1 azas\u0131<\/p>\n\n\n\n<p><strong>10. \u00c7iygoz Ahtem<\/strong>&nbsp;\u0130\u015f gruppas\u0131n\u0131\u00f1 azas\u0131<\/p>\n\n\n\n<p><strong>11. Yunusov Lemmar<\/strong>&nbsp;\u0130\u015f gruppas\u0131n\u0131\u00f1 azas\u0131<\/p>\n\n\n\n<p><br><br>2) \u0130\u015f gruppas\u0131na 2012 senesi noyabr 24-ke qadar Q\u0131r\u0131mtatar halq\u0131 Qurultay\u0131 delegatlar\u0131n\u0131 saylav nizamnamesi leyhas\u0131n\u0131 i\u015flemek ve Meclisni\u00f1 nevbetteki topla\u015fuv\u0131na muzakere etmek i\u00e7\u00fcn kirsetmekni avale etmek.<\/p>\n\n\n\n<p><br><br><strong><em>Mustafa Cemilev<br>Q\u0131r\u0131mtatar halq\u0131 Meclisini\u00f1 reisi<\/em><\/strong><\/p>\n","protected":false},"excerpt":{"rendered":"<p>Q\u0131r\u0131mtatar halq\u0131 6-nc\u0131 \u00e7a\u011f\u0131r\u0131l\u0131\u015f Qurultay\u0131na delegatlarn\u0131 saylav boyunca merkeziy saylav komissiyas\u0131 taraf\u0131ndan teklif etilgen variantn\u0131 muzakere eterek, Q\u0131r\u0131mtatar halq\u0131 qurultay\u0131 delegatlar\u0131n\u0131 saylav nizamnamesi leyhas\u0131n\u0131 i\u015flevni\u00f1 keti\u015fat\u0131 aqq\u0131nda mal\u00fcmatn\u0131 di\u00f1legen so\u00f1 Q\u0131r\u0131mtatar halq\u0131 Qurultay\u0131 delegatlar\u0131n\u0131 saylav nizamnamesini tasdiqlamaq maqsad\u0131nda Q\u0131r\u0131mtatar halq\u0131n\u0131\u00f1 Meclisi qarar bere: 1) Q\u0131r\u0131mtatar halq\u0131 6-nc\u0131 \u00e7a\u011f\u0131r\u0131l\u0131\u015f Qurultay\u0131na delegatlarn\u0131 saylav boyunca merkeziy saylav komissiyas\u0131 [&hellip;]<\/p>\n","protected":false},"author":1,"featured_media":0,"comment_status":"open","ping_status":"open","sticky":false,"template":"","format":"standard","meta":{"inline_featured_image":false,"footnotes":""},"categories":[265],"tags":[],"class_list":["post-35188","post","type-post","status-publish","format-standard","hentry","category-haberler"],"acf":[],"yoast_head":"<!-- This site is optimized with the Yoast SEO plugin v27.4 - https:\/\/yoast.com\/product\/yoast-seo-wordpress\/ -->\n<title>Q\u0131r\u0131mtatar halq\u0131 Meclisini\u00f1 \u00abQ\u0131r\u0131mtatar halq\u0131 qurultay\u0131 delegatlar\u0131n\u0131 saylav nizamnamesi leyhas\u0131n\u0131 i\u015flev boyunca i\u015f\u00e7i gruppas\u0131 aqq\u0131nda\u00bbki QARARI - \u041c\u0435\u0434\u0436\u043b\u0456\u0441<\/title>\n<meta name=\"robots\" content=\"index, follow, max-snippet:-1, max-image-preview:large, max-video-preview:-1\" \/>\n<link rel=\"canonical\" href=\"https:\/\/qtmm.org\/qt\/qirimtatar-halqi-meclisinin-qirimtatar-halqi-qurultayi-delegatlarini-saylav-nizamnamesi-leyhasini-islev-boyunca-isci-gruppasi-aqqindaki-qarari\/\" \/>\n<meta property=\"og:locale\" content=\"en_US\" \/>\n<meta property=\"og:type\" content=\"article\" \/>\n<meta property=\"og:title\" content=\"Q\u0131r\u0131mtatar halq\u0131 Meclisini\u00f1 \u00abQ\u0131r\u0131mtatar halq\u0131 qurultay\u0131 delegatlar\u0131n\u0131 saylav nizamnamesi leyhas\u0131n\u0131 i\u015flev boyunca i\u015f\u00e7i gruppas\u0131 aqq\u0131nda\u00bbki QARARI - \u041c\u0435\u0434\u0436\u043b\u0456\u0441\" \/>\n<meta property=\"og:description\" content=\"Q\u0131r\u0131mtatar halq\u0131 6-nc\u0131 \u00e7a\u011f\u0131r\u0131l\u0131\u015f Qurultay\u0131na delegatlarn\u0131 saylav boyunca merkeziy saylav komissiyas\u0131 taraf\u0131ndan teklif etilgen variantn\u0131 muzakere eterek, Q\u0131r\u0131mtatar halq\u0131 qurultay\u0131 delegatlar\u0131n\u0131 saylav nizamnamesi leyhas\u0131n\u0131 i\u015flevni\u00f1 keti\u015fat\u0131 aqq\u0131nda mal\u00fcmatn\u0131 di\u00f1legen so\u00f1 Q\u0131r\u0131mtatar halq\u0131 Qurultay\u0131 delegatlar\u0131n\u0131 saylav nizamnamesini tasdiqlamaq maqsad\u0131nda Q\u0131r\u0131mtatar halq\u0131n\u0131\u00f1 Meclisi qarar bere: 1) Q\u0131r\u0131mtatar halq\u0131 6-nc\u0131 \u00e7a\u011f\u0131r\u0131l\u0131\u015f Qurultay\u0131na delegatlarn\u0131 saylav boyunca merkeziy saylav komissiyas\u0131 [&hellip;]\" \/>\n<meta property=\"og:url\" content=\"https:\/\/qtmm.org\/qt\/qirimtatar-halqi-meclisinin-qirimtatar-halqi-qurultayi-delegatlarini-saylav-nizamnamesi-leyhasini-islev-boyunca-isci-gruppasi-aqqindaki-qarari\/\" \/>\n<meta property=\"og:site_name\" content=\"\u041c\u0435\u0434\u0436\u043b\u0456\u0441\" \/>\n<meta property=\"article:publisher\" content=\"https:\/\/www.facebook.com\/qtmm.info\/\" \/>\n<meta property=\"article:published_time\" content=\"2012-11-13T11:35:00+00:00\" \/>\n<meta property=\"article:modified_time\" content=\"2022-01-23T11:35:58+00:00\" \/>\n<meta name=\"author\" content=\"Developer\" \/>\n<meta name=\"twitter:card\" content=\"summary_large_image\" \/>\n<meta name=\"twitter:label1\" content=\"Written by\" \/>\n\t<meta name=\"twitter:data1\" content=\"Developer\" \/>\n\t<meta name=\"twitter:label2\" content=\"Est. reading time\" \/>\n\t<meta name=\"twitter:data2\" content=\"1 minute\" \/>\n<script type=\"application\/ld+json\" class=\"yoast-schema-graph\">{\"@context\":\"https:\\\/\\\/schema.org\",\"@graph\":[{\"@type\":\"Article\",\"@id\":\"https:\\\/\\\/qtmm.org\\\/qt\\\/qirimtatar-halqi-meclisinin-qirimtatar-halqi-qurultayi-delegatlarini-saylav-nizamnamesi-leyhasini-islev-boyunca-isci-gruppasi-aqqindaki-qarari\\\/#article\",\"isPartOf\":{\"@id\":\"https:\\\/\\\/qtmm.org\\\/qt\\\/qirimtatar-halqi-meclisinin-qirimtatar-halqi-qurultayi-delegatlarini-saylav-nizamnamesi-leyhasini-islev-boyunca-isci-gruppasi-aqqindaki-qarari\\\/\"},\"author\":{\"name\":\"Developer\",\"@id\":\"https:\\\/\\\/qtmm.org\\\/qt\\\/#\\\/schema\\\/person\\\/de562469f971dec226ac06e60bbf74a7\"},\"headline\":\"Q\u0131r\u0131mtatar halq\u0131 Meclisini\u00f1 \u00abQ\u0131r\u0131mtatar halq\u0131 qurultay\u0131 delegatlar\u0131n\u0131 saylav nizamnamesi leyhas\u0131n\u0131 i\u015flev boyunca i\u015f\u00e7i gruppas\u0131 aqq\u0131nda\u00bbki QARARI\",\"datePublished\":\"2012-11-13T11:35:00+00:00\",\"dateModified\":\"2022-01-23T11:35:58+00:00\",\"mainEntityOfPage\":{\"@id\":\"https:\\\/\\\/qtmm.org\\\/qt\\\/qirimtatar-halqi-meclisinin-qirimtatar-halqi-qurultayi-delegatlarini-saylav-nizamnamesi-leyhasini-islev-boyunca-isci-gruppasi-aqqindaki-qarari\\\/\"},\"wordCount\":248,\"commentCount\":0,\"publisher\":{\"@id\":\"https:\\\/\\\/qtmm.org\\\/qt\\\/#organization\"},\"articleSection\":[\"Haberler\"],\"inLanguage\":\"qt\",\"potentialAction\":[{\"@type\":\"CommentAction\",\"name\":\"Comment\",\"target\":[\"https:\\\/\\\/qtmm.org\\\/qt\\\/qirimtatar-halqi-meclisinin-qirimtatar-halqi-qurultayi-delegatlarini-saylav-nizamnamesi-leyhasini-islev-boyunca-isci-gruppasi-aqqindaki-qarari\\\/#respond\"]}]},{\"@type\":\"WebPage\",\"@id\":\"https:\\\/\\\/qtmm.org\\\/qt\\\/qirimtatar-halqi-meclisinin-qirimtatar-halqi-qurultayi-delegatlarini-saylav-nizamnamesi-leyhasini-islev-boyunca-isci-gruppasi-aqqindaki-qarari\\\/\",\"url\":\"https:\\\/\\\/qtmm.org\\\/qt\\\/qirimtatar-halqi-meclisinin-qirimtatar-halqi-qurultayi-delegatlarini-saylav-nizamnamesi-leyhasini-islev-boyunca-isci-gruppasi-aqqindaki-qarari\\\/\",\"name\":\"Q\u0131r\u0131mtatar halq\u0131 Meclisini\u00f1 \u00abQ\u0131r\u0131mtatar halq\u0131 qurultay\u0131 delegatlar\u0131n\u0131 saylav nizamnamesi leyhas\u0131n\u0131 i\u015flev boyunca i\u015f\u00e7i gruppas\u0131 aqq\u0131nda\u00bbki QARARI - \u041c\u0435\u0434\u0436\u043b\u0456\u0441\",\"isPartOf\":{\"@id\":\"https:\\\/\\\/qtmm.org\\\/qt\\\/#website\"},\"datePublished\":\"2012-11-13T11:35:00+00:00\",\"dateModified\":\"2022-01-23T11:35:58+00:00\",\"breadcrumb\":{\"@id\":\"https:\\\/\\\/qtmm.org\\\/qt\\\/qirimtatar-halqi-meclisinin-qirimtatar-halqi-qurultayi-delegatlarini-saylav-nizamnamesi-leyhasini-islev-boyunca-isci-gruppasi-aqqindaki-qarari\\\/#breadcrumb\"},\"inLanguage\":\"qt\",\"potentialAction\":[{\"@type\":\"ReadAction\",\"target\":[\"https:\\\/\\\/qtmm.org\\\/qt\\\/qirimtatar-halqi-meclisinin-qirimtatar-halqi-qurultayi-delegatlarini-saylav-nizamnamesi-leyhasini-islev-boyunca-isci-gruppasi-aqqindaki-qarari\\\/\"]}]},{\"@type\":\"BreadcrumbList\",\"@id\":\"https:\\\/\\\/qtmm.org\\\/qt\\\/qirimtatar-halqi-meclisinin-qirimtatar-halqi-qurultayi-delegatlarini-saylav-nizamnamesi-leyhasini-islev-boyunca-isci-gruppasi-aqqindaki-qarari\\\/#breadcrumb\",\"itemListElement\":[{\"@type\":\"ListItem\",\"position\":1,\"name\":\"\u0413\u043e\u043b\u043e\u0432\u043d\u0430\",\"item\":\"https:\\\/\\\/qtmm.org\\\/qt\\\/\"},{\"@type\":\"ListItem\",\"position\":2,\"name\":\"Q\u0131r\u0131mtatar halq\u0131 Meclisini\u00f1 \u00abQ\u0131r\u0131mtatar halq\u0131 qurultay\u0131 delegatlar\u0131n\u0131 saylav nizamnamesi leyhas\u0131n\u0131 i\u015flev boyunca i\u015f\u00e7i gruppas\u0131 aqq\u0131nda\u00bbki QARARI\"}]},{\"@type\":\"WebSite\",\"@id\":\"https:\\\/\\\/qtmm.org\\\/qt\\\/#website\",\"url\":\"https:\\\/\\\/qtmm.org\\\/qt\\\/\",\"name\":\"\u041c\u0435\u0434\u0436\u043b\u0456\u0441\",\"description\":\"\",\"publisher\":{\"@id\":\"https:\\\/\\\/qtmm.org\\\/qt\\\/#organization\"},\"potentialAction\":[{\"@type\":\"SearchAction\",\"target\":{\"@type\":\"EntryPoint\",\"urlTemplate\":\"https:\\\/\\\/qtmm.org\\\/qt\\\/?s={search_term_string}\"},\"query-input\":{\"@type\":\"PropertyValueSpecification\",\"valueRequired\":true,\"valueName\":\"search_term_string\"}}],\"inLanguage\":\"qt\"},{\"@type\":\"Organization\",\"@id\":\"https:\\\/\\\/qtmm.org\\\/qt\\\/#organization\",\"name\":\"\u041c\u0435\u0434\u0436\u043b\u0456\u0441\",\"url\":\"https:\\\/\\\/qtmm.org\\\/qt\\\/\",\"logo\":{\"@type\":\"ImageObject\",\"inLanguage\":\"qt\",\"@id\":\"https:\\\/\\\/qtmm.org\\\/qt\\\/#\\\/schema\\\/logo\\\/image\\\/\",\"url\":\"https:\\\/\\\/qtmm.org\\\/wp-content\\\/uploads\\\/2024\\\/12\\\/ua-mejlis-logo-rgb.svg\",\"contentUrl\":\"https:\\\/\\\/qtmm.org\\\/wp-content\\\/uploads\\\/2024\\\/12\\\/ua-mejlis-logo-rgb.svg\",\"caption\":\"\u041c\u0435\u0434\u0436\u043b\u0456\u0441\"},\"image\":{\"@id\":\"https:\\\/\\\/qtmm.org\\\/qt\\\/#\\\/schema\\\/logo\\\/image\\\/\"},\"sameAs\":[\"https:\\\/\\\/www.facebook.com\\\/qtmm.info\\\/\"]},{\"@type\":\"Person\",\"@id\":\"https:\\\/\\\/qtmm.org\\\/qt\\\/#\\\/schema\\\/person\\\/de562469f971dec226ac06e60bbf74a7\",\"name\":\"Developer\",\"image\":{\"@type\":\"ImageObject\",\"inLanguage\":\"qt\",\"@id\":\"https:\\\/\\\/secure.gravatar.com\\\/avatar\\\/392b4cc8fbfeb00b39dfeeab4ee6edded39ffd48e25858637e4765810300227e?s=96&d=mm&r=g\",\"url\":\"https:\\\/\\\/secure.gravatar.com\\\/avatar\\\/392b4cc8fbfeb00b39dfeeab4ee6edded39ffd48e25858637e4765810300227e?s=96&d=mm&r=g\",\"contentUrl\":\"https:\\\/\\\/secure.gravatar.com\\\/avatar\\\/392b4cc8fbfeb00b39dfeeab4ee6edded39ffd48e25858637e4765810300227e?s=96&d=mm&r=g\",\"caption\":\"Developer\"},\"url\":\"https:\\\/\\\/qtmm.org\\\/qt\\\/author\\\/Developer\\\/\"}]}<\/script>\n<!-- \/ Yoast SEO plugin. -->","yoast_head_json":{"title":"Q\u0131r\u0131mtatar halq\u0131 Meclisini\u00f1 \u00abQ\u0131r\u0131mtatar halq\u0131 qurultay\u0131 delegatlar\u0131n\u0131 saylav nizamnamesi leyhas\u0131n\u0131 i\u015flev boyunca i\u015f\u00e7i gruppas\u0131 aqq\u0131nda\u00bbki QARARI - \u041c\u0435\u0434\u0436\u043b\u0456\u0441","robots":{"index":"index","follow":"follow","max-snippet":"max-snippet:-1","max-image-preview":"max-image-preview:large","max-video-preview":"max-video-preview:-1"},"canonical":"https:\/\/qtmm.org\/qt\/qirimtatar-halqi-meclisinin-qirimtatar-halqi-qurultayi-delegatlarini-saylav-nizamnamesi-leyhasini-islev-boyunca-isci-gruppasi-aqqindaki-qarari\/","og_locale":"en_US","og_type":"article","og_title":"Q\u0131r\u0131mtatar halq\u0131 Meclisini\u00f1 \u00abQ\u0131r\u0131mtatar halq\u0131 qurultay\u0131 delegatlar\u0131n\u0131 saylav nizamnamesi leyhas\u0131n\u0131 i\u015flev boyunca i\u015f\u00e7i gruppas\u0131 aqq\u0131nda\u00bbki QARARI - \u041c\u0435\u0434\u0436\u043b\u0456\u0441","og_description":"Q\u0131r\u0131mtatar halq\u0131 6-nc\u0131 \u00e7a\u011f\u0131r\u0131l\u0131\u015f Qurultay\u0131na delegatlarn\u0131 saylav boyunca merkeziy saylav komissiyas\u0131 taraf\u0131ndan teklif etilgen variantn\u0131 muzakere eterek, Q\u0131r\u0131mtatar halq\u0131 qurultay\u0131 delegatlar\u0131n\u0131 saylav nizamnamesi leyhas\u0131n\u0131 i\u015flevni\u00f1 keti\u015fat\u0131 aqq\u0131nda mal\u00fcmatn\u0131 di\u00f1legen so\u00f1 Q\u0131r\u0131mtatar halq\u0131 Qurultay\u0131 delegatlar\u0131n\u0131 saylav nizamnamesini tasdiqlamaq maqsad\u0131nda Q\u0131r\u0131mtatar halq\u0131n\u0131\u00f1 Meclisi qarar bere: 1) Q\u0131r\u0131mtatar halq\u0131 6-nc\u0131 \u00e7a\u011f\u0131r\u0131l\u0131\u015f Qurultay\u0131na delegatlarn\u0131 saylav boyunca merkeziy saylav komissiyas\u0131 [&hellip;]","og_url":"https:\/\/qtmm.org\/qt\/qirimtatar-halqi-meclisinin-qirimtatar-halqi-qurultayi-delegatlarini-saylav-nizamnamesi-leyhasini-islev-boyunca-isci-gruppasi-aqqindaki-qarari\/","og_site_name":"\u041c\u0435\u0434\u0436\u043b\u0456\u0441","article_publisher":"https:\/\/www.facebook.com\/qtmm.info\/","article_published_time":"2012-11-13T11:35:00+00:00","article_modified_time":"2022-01-23T11:35:58+00:00","author":"Developer","twitter_card":"summary_large_image","twitter_misc":{"Written by":"Developer","Est. reading time":"1 minute"},"schema":{"@context":"https:\/\/schema.org","@graph":[{"@type":"Article","@id":"https:\/\/qtmm.org\/qt\/qirimtatar-halqi-meclisinin-qirimtatar-halqi-qurultayi-delegatlarini-saylav-nizamnamesi-leyhasini-islev-boyunca-isci-gruppasi-aqqindaki-qarari\/#article","isPartOf":{"@id":"https:\/\/qtmm.org\/qt\/qirimtatar-halqi-meclisinin-qirimtatar-halqi-qurultayi-delegatlarini-saylav-nizamnamesi-leyhasini-islev-boyunca-isci-gruppasi-aqqindaki-qarari\/"},"author":{"name":"Developer","@id":"https:\/\/qtmm.org\/qt\/#\/schema\/person\/de562469f971dec226ac06e60bbf74a7"},"headline":"Q\u0131r\u0131mtatar halq\u0131 Meclisini\u00f1 \u00abQ\u0131r\u0131mtatar halq\u0131 qurultay\u0131 delegatlar\u0131n\u0131 saylav nizamnamesi leyhas\u0131n\u0131 i\u015flev boyunca i\u015f\u00e7i gruppas\u0131 aqq\u0131nda\u00bbki QARARI","datePublished":"2012-11-13T11:35:00+00:00","dateModified":"2022-01-23T11:35:58+00:00","mainEntityOfPage":{"@id":"https:\/\/qtmm.org\/qt\/qirimtatar-halqi-meclisinin-qirimtatar-halqi-qurultayi-delegatlarini-saylav-nizamnamesi-leyhasini-islev-boyunca-isci-gruppasi-aqqindaki-qarari\/"},"wordCount":248,"commentCount":0,"publisher":{"@id":"https:\/\/qtmm.org\/qt\/#organization"},"articleSection":["Haberler"],"inLanguage":"qt","potentialAction":[{"@type":"CommentAction","name":"Comment","target":["https:\/\/qtmm.org\/qt\/qirimtatar-halqi-meclisinin-qirimtatar-halqi-qurultayi-delegatlarini-saylav-nizamnamesi-leyhasini-islev-boyunca-isci-gruppasi-aqqindaki-qarari\/#respond"]}]},{"@type":"WebPage","@id":"https:\/\/qtmm.org\/qt\/qirimtatar-halqi-meclisinin-qirimtatar-halqi-qurultayi-delegatlarini-saylav-nizamnamesi-leyhasini-islev-boyunca-isci-gruppasi-aqqindaki-qarari\/","url":"https:\/\/qtmm.org\/qt\/qirimtatar-halqi-meclisinin-qirimtatar-halqi-qurultayi-delegatlarini-saylav-nizamnamesi-leyhasini-islev-boyunca-isci-gruppasi-aqqindaki-qarari\/","name":"Q\u0131r\u0131mtatar halq\u0131 Meclisini\u00f1 \u00abQ\u0131r\u0131mtatar halq\u0131 qurultay\u0131 delegatlar\u0131n\u0131 saylav nizamnamesi leyhas\u0131n\u0131 i\u015flev boyunca i\u015f\u00e7i gruppas\u0131 aqq\u0131nda\u00bbki QARARI - \u041c\u0435\u0434\u0436\u043b\u0456\u0441","isPartOf":{"@id":"https:\/\/qtmm.org\/qt\/#website"},"datePublished":"2012-11-13T11:35:00+00:00","dateModified":"2022-01-23T11:35:58+00:00","breadcrumb":{"@id":"https:\/\/qtmm.org\/qt\/qirimtatar-halqi-meclisinin-qirimtatar-halqi-qurultayi-delegatlarini-saylav-nizamnamesi-leyhasini-islev-boyunca-isci-gruppasi-aqqindaki-qarari\/#breadcrumb"},"inLanguage":"qt","potentialAction":[{"@type":"ReadAction","target":["https:\/\/qtmm.org\/qt\/qirimtatar-halqi-meclisinin-qirimtatar-halqi-qurultayi-delegatlarini-saylav-nizamnamesi-leyhasini-islev-boyunca-isci-gruppasi-aqqindaki-qarari\/"]}]},{"@type":"BreadcrumbList","@id":"https:\/\/qtmm.org\/qt\/qirimtatar-halqi-meclisinin-qirimtatar-halqi-qurultayi-delegatlarini-saylav-nizamnamesi-leyhasini-islev-boyunca-isci-gruppasi-aqqindaki-qarari\/#breadcrumb","itemListElement":[{"@type":"ListItem","position":1,"name":"\u0413\u043e\u043b\u043e\u0432\u043d\u0430","item":"https:\/\/qtmm.org\/qt\/"},{"@type":"ListItem","position":2,"name":"Q\u0131r\u0131mtatar halq\u0131 Meclisini\u00f1 \u00abQ\u0131r\u0131mtatar halq\u0131 qurultay\u0131 delegatlar\u0131n\u0131 saylav nizamnamesi leyhas\u0131n\u0131 i\u015flev boyunca i\u015f\u00e7i gruppas\u0131 aqq\u0131nda\u00bbki QARARI"}]},{"@type":"WebSite","@id":"https:\/\/qtmm.org\/qt\/#website","url":"https:\/\/qtmm.org\/qt\/","name":"\u041c\u0435\u0434\u0436\u043b\u0456\u0441","description":"","publisher":{"@id":"https:\/\/qtmm.org\/qt\/#organization"},"potentialAction":[{"@type":"SearchAction","target":{"@type":"EntryPoint","urlTemplate":"https:\/\/qtmm.org\/qt\/?s={search_term_string}"},"query-input":{"@type":"PropertyValueSpecification","valueRequired":true,"valueName":"search_term_string"}}],"inLanguage":"qt"},{"@type":"Organization","@id":"https:\/\/qtmm.org\/qt\/#organization","name":"\u041c\u0435\u0434\u0436\u043b\u0456\u0441","url":"https:\/\/qtmm.org\/qt\/","logo":{"@type":"ImageObject","inLanguage":"qt","@id":"https:\/\/qtmm.org\/qt\/#\/schema\/logo\/image\/","url":"https:\/\/qtmm.org\/wp-content\/uploads\/2024\/12\/ua-mejlis-logo-rgb.svg","contentUrl":"https:\/\/qtmm.org\/wp-content\/uploads\/2024\/12\/ua-mejlis-logo-rgb.svg","caption":"\u041c\u0435\u0434\u0436\u043b\u0456\u0441"},"image":{"@id":"https:\/\/qtmm.org\/qt\/#\/schema\/logo\/image\/"},"sameAs":["https:\/\/www.facebook.com\/qtmm.info\/"]},{"@type":"Person","@id":"https:\/\/qtmm.org\/qt\/#\/schema\/person\/de562469f971dec226ac06e60bbf74a7","name":"Developer","image":{"@type":"ImageObject","inLanguage":"qt","@id":"https:\/\/secure.gravatar.com\/avatar\/392b4cc8fbfeb00b39dfeeab4ee6edded39ffd48e25858637e4765810300227e?s=96&d=mm&r=g","url":"https:\/\/secure.gravatar.com\/avatar\/392b4cc8fbfeb00b39dfeeab4ee6edded39ffd48e25858637e4765810300227e?s=96&d=mm&r=g","contentUrl":"https:\/\/secure.gravatar.com\/avatar\/392b4cc8fbfeb00b39dfeeab4ee6edded39ffd48e25858637e4765810300227e?s=96&d=mm&r=g","caption":"Developer"},"url":"https:\/\/qtmm.org\/qt\/author\/Developer\/"}]}},"_links":{"self":[{"href":"https:\/\/qtmm.org\/qt\/wp-json\/wp\/v2\/posts\/35188","targetHints":{"allow":["GET"]}}],"collection":[{"href":"https:\/\/qtmm.org\/qt\/wp-json\/wp\/v2\/posts"}],"about":[{"href":"https:\/\/qtmm.org\/qt\/wp-json\/wp\/v2\/types\/post"}],"author":[{"embeddable":true,"href":"https:\/\/qtmm.org\/qt\/wp-json\/wp\/v2\/users\/1"}],"replies":[{"embeddable":true,"href":"https:\/\/qtmm.org\/qt\/wp-json\/wp\/v2\/comments?post=35188"}],"version-history":[{"count":1,"href":"https:\/\/qtmm.org\/qt\/wp-json\/wp\/v2\/posts\/35188\/revisions"}],"predecessor-version":[{"id":35189,"href":"https:\/\/qtmm.org\/qt\/wp-json\/wp\/v2\/posts\/35188\/revisions\/35189"}],"wp:attachment":[{"href":"https:\/\/qtmm.org\/qt\/wp-json\/wp\/v2\/media?parent=35188"}],"wp:term":[{"taxonomy":"category","embeddable":true,"href":"https:\/\/qtmm.org\/qt\/wp-json\/wp\/v2\/categories?post=35188"},{"taxonomy":"post_tag","embeddable":true,"href":"https:\/\/qtmm.org\/qt\/wp-json\/wp\/v2\/tags?post=35188"}],"curies":[{"name":"wp","href":"https:\/\/api.w.org\/{rel}","templated":true}]}}