




{"id":35162,"date":"2012-11-12T14:32:00","date_gmt":"2012-11-12T11:32:00","guid":{"rendered":"http:\/\/qtmm.org\/?p=35162"},"modified":"2022-01-23T14:35:12","modified_gmt":"2022-01-23T11:35:12","slug":"meclisnin-toplasuvinda-ukraina-yuqari-surasina-saylavlar-neticesi-baqilip-aqyarda-regional-konferentsiya-keciruvnin-kunu-belgilendi","status":"publish","type":"post","link":"https:\/\/qtmm.org\/qt\/meclisnin-toplasuvinda-ukraina-yuqari-surasina-saylavlar-neticesi-baqilip-aqyarda-regional-konferentsiya-keciruvnin-kunu-belgilendi\/","title":{"rendered":"Meclisni\u00f1 topla\u015fuv\u0131nda Ukraina Yuqar\u0131 \u015euras\u0131na saylavlar neticesi baq\u0131l\u0131p, Aqyarda regional konferentsiya ke\u00e7ir\u00fcvni\u00f1 k\u00fcn\u00fc belgilendi"},"content":{"rendered":"\n<p>Regional konferentsiya Aqyarda 2012 senesi noyabr 24-te olacaq<\/p>\n\n\n\n<p>B\u00f6yle qarar Q\u0131r\u0131mtatar halq\u0131 Meclisini\u00f1 Aqmescitte 2012 senesi noyabr 12-de ol\u0131p ke\u00e7ken nevbetteki topla\u015fuv\u0131nda al\u0131nd\u0131.<\/p>\n\n\n\n<p>Yerli meclislerge saylavlarn\u0131 te\u015fkil\u00e2tland\u0131ruv ve az\u0131rlav boyunca komissiyan\u0131\u00f1 k\u00e2tibi Zair Smedl\u00e2yev bildirgenine k\u00f6re, 20 okt\u00e2br k\u00fcn\u00fc Aqyar region\u0131nda yerli meclislerge saylavlar ke\u00e7irildi. B\u00f6yleliknen endi Q\u0131r\u0131mn\u0131\u00f1 deyerlik b\u00fct\u00fcn regionlar\u0131nda q\u0131r\u0131mtatarlarn\u0131\u00f1 \u00f6z-\u00f6z\u00fcni idare et\u00fcv organlar\u0131na saylavlar yek\u00fcnlendi.<\/p>\n\n\n\n<figure class=\"wp-block-image size-full\"><img loading=\"lazy\" decoding=\"async\" width=\"650\" height=\"430\" src=\"http:\/\/qtmm.org\/wp-content\/uploads\/2022\/01\/6_21.jpeg\" alt=\"\" class=\"wp-image-35167\" srcset=\"https:\/\/qtmm.org\/wp-content\/uploads\/2022\/01\/6_21.jpeg 650w, https:\/\/qtmm.org\/wp-content\/uploads\/2022\/01\/6_21-300x198.jpeg 300w\" sizes=\"auto, (max-width: 650px) 100vw, 650px\" \/><\/figure>\n\n\n\n<p>Meclis azalar\u0131 &#8220;Q\u0131r\u0131mtatarlarn\u0131\u00f1 \u00f6z-\u00f6z\u00fcni idare et\u00fcv organlar\u0131na saylavlar nizamnamesi&#8221;ne muvaf\u0131q Aqyarda regional konferentsiyan\u0131 noyabr 24 k\u00fcn\u00fc ke\u00e7irmek qarar\u0131n\u0131 ald\u0131lar.<\/p>\n\n\n\n<p>&#8220;Konferentsiyada Aqyar regional meclis reisi ve regional meclis erk\u00e2n\u0131 tasdiqlanacaq&#8221;, dep qayd etti Z. Smedl\u00e2yev.<\/p>\n\n\n\n<figure class=\"wp-block-image size-full\"><img loading=\"lazy\" decoding=\"async\" width=\"650\" height=\"350\" src=\"http:\/\/qtmm.org\/wp-content\/uploads\/2022\/01\/2_79.jpeg\" alt=\"\" class=\"wp-image-35171\" srcset=\"https:\/\/qtmm.org\/wp-content\/uploads\/2022\/01\/2_79.jpeg 650w, https:\/\/qtmm.org\/wp-content\/uploads\/2022\/01\/2_79-300x162.jpeg 300w\" sizes=\"auto, (max-width: 650px) 100vw, 650px\" \/><\/figure>\n\n\n\n<p>Bundan da \u011fayr\u0131 Meclis azalar\u0131 Meclis K\u00e2tibiyetini\u00f1 ba\u015f\u0131 Zair Smedl\u00e2yevni\u00f1 halq deputatlar\u0131n\u0131 saylav neticeleri boyunca esabat\u0131n\u0131 di\u00f1lediler. Belli ki, okt\u00e2br 28-de Ukraina parlamentine \u00f6tkerilgen saylavlarda Meclisnen a\u00f1la\u015f\u0131l\u011fan\u0131 alda Ahtem \u00c7iygoz (10-nc\u0131 daire) ve Eskender Bariyev (8-nci daire) i\u015ftirak ettiler. \u00c7iygoz ve Bariyev Parlamentke saylanmasalar da, ekisi de \u00f6z dairelerinde ekinci yerni qazan\u0131p, faal i\u015fleri sayesinde y\u00fcksek neticelerni elde ettiler.<\/p>\n\n\n\n<figure class=\"wp-block-image size-full\"><img loading=\"lazy\" decoding=\"async\" width=\"650\" height=\"350\" src=\"http:\/\/qtmm.org\/wp-content\/uploads\/2022\/01\/3_50.jpeg\" alt=\"\" class=\"wp-image-35175\" srcset=\"https:\/\/qtmm.org\/wp-content\/uploads\/2022\/01\/3_50.jpeg 650w, https:\/\/qtmm.org\/wp-content\/uploads\/2022\/01\/3_50-300x162.jpeg 300w\" sizes=\"auto, (max-width: 650px) 100vw, 650px\" \/><\/figure>\n\n\n\n<p>Q\u0131r\u0131mtatar halq\u0131 Qurultay\u0131 delegatlar\u0131n\u0131 saylav boyunca merkeziy saylav komissiyas\u0131 taraf\u0131ndan teklif etilgen &#8220;Q\u0131r\u0131mtatar halq\u0131 Qurultay\u0131 delegatlar\u0131n\u0131 saylav nizamnamesi&#8221; leyhas\u0131n\u0131 muzakere et\u00fcv devam\u0131nda Meclis azalar\u0131 &#8220;Qurultay delegatlar\u0131n\u0131 saylav aqq\u0131nda nizam&#8221; leyhas\u0131n\u0131 daa i\u015flemek i\u00e7\u00fcn i\u015f\u00e7i gruppan\u0131 meydan\u011fa ketirmek qarar\u0131n\u0131 ald\u0131lar.<\/p>\n\n\n\n<figure class=\"wp-block-image size-full\"><img loading=\"lazy\" decoding=\"async\" width=\"650\" height=\"350\" src=\"http:\/\/qtmm.org\/wp-content\/uploads\/2022\/01\/4_49.jpeg\" alt=\"\" class=\"wp-image-35179\" srcset=\"https:\/\/qtmm.org\/wp-content\/uploads\/2022\/01\/4_49.jpeg 650w, https:\/\/qtmm.org\/wp-content\/uploads\/2022\/01\/4_49-300x162.jpeg 300w\" sizes=\"auto, (max-width: 650px) 100vw, 650px\" \/><\/figure>\n\n\n\n<p>\u0130\u015f\u00e7i gruppa\u011fa \u011fayr\u0131dan i\u015flengen leyhan\u0131 Meclisni\u00f1 muzakeresine 2012 senesi noyabr 25-ke qadar taqdim etmek vazifesi berildi.<\/p>\n\n\n\n<p>Topla\u015fuvn\u0131\u00f1 \u00e7e\u015fit meseleler b\u00f6l\u00fcginde ise Meclisni\u00f1 Topraq komissiyas\u0131 reisi Zevcet Qurt\u00fcmerov q\u0131r\u0131mtatarlar\u011fa topraq ay\u0131ruvn\u0131\u00f1 vaziyeti aqq\u0131nda aytt\u0131.<\/p>\n\n\n\n<figure class=\"wp-block-image size-full\"><img loading=\"lazy\" decoding=\"async\" width=\"650\" height=\"350\" src=\"http:\/\/qtmm.org\/wp-content\/uploads\/2022\/01\/5_25.jpeg\" alt=\"\" class=\"wp-image-35183\" srcset=\"https:\/\/qtmm.org\/wp-content\/uploads\/2022\/01\/5_25.jpeg 650w, https:\/\/qtmm.org\/wp-content\/uploads\/2022\/01\/5_25-300x162.jpeg 300w\" sizes=\"auto, (max-width: 650px) 100vw, 650px\" \/><\/figure>\n","protected":false},"excerpt":{"rendered":"<p>Regional konferentsiya Aqyarda 2012 senesi noyabr 24-te olacaq B\u00f6yle qarar Q\u0131r\u0131mtatar halq\u0131 Meclisini\u00f1 Aqmescitte 2012 senesi noyabr 12-de ol\u0131p ke\u00e7ken nevbetteki topla\u015fuv\u0131nda al\u0131nd\u0131. Yerli meclislerge saylavlarn\u0131 te\u015fkil\u00e2tland\u0131ruv ve az\u0131rlav boyunca komissiyan\u0131\u00f1 k\u00e2tibi Zair Smedl\u00e2yev bildirgenine k\u00f6re, 20 okt\u00e2br k\u00fcn\u00fc Aqyar region\u0131nda yerli meclislerge saylavlar ke\u00e7irildi. B\u00f6yleliknen endi Q\u0131r\u0131mn\u0131\u00f1 deyerlik b\u00fct\u00fcn regionlar\u0131nda q\u0131r\u0131mtatarlarn\u0131\u00f1 \u00f6z-\u00f6z\u00fcni idare et\u00fcv [&hellip;]<\/p>\n","protected":false},"author":1,"featured_media":35163,"comment_status":"open","ping_status":"open","sticky":false,"template":"","format":"standard","meta":{"inline_featured_image":false,"footnotes":""},"categories":[265],"tags":[],"class_list":["post-35162","post","type-post","status-publish","format-standard","has-post-thumbnail","hentry","category-haberler"],"acf":[],"yoast_head":"<!-- This site is optimized with the Yoast SEO plugin v27.4 - https:\/\/yoast.com\/product\/yoast-seo-wordpress\/ -->\n<title>Meclisni\u00f1 topla\u015fuv\u0131nda Ukraina Yuqar\u0131 \u015euras\u0131na saylavlar neticesi baq\u0131l\u0131p, Aqyarda regional konferentsiya ke\u00e7ir\u00fcvni\u00f1 k\u00fcn\u00fc belgilendi - \u041c\u0435\u0434\u0436\u043b\u0456\u0441<\/title>\n<meta name=\"robots\" content=\"index, follow, max-snippet:-1, max-image-preview:large, max-video-preview:-1\" \/>\n<link rel=\"canonical\" href=\"https:\/\/qtmm.org\/qt\/meclisnin-toplasuvinda-ukraina-yuqari-surasina-saylavlar-neticesi-baqilip-aqyarda-regional-konferentsiya-keciruvnin-kunu-belgilendi\/\" \/>\n<meta property=\"og:locale\" content=\"en_US\" \/>\n<meta property=\"og:type\" content=\"article\" \/>\n<meta property=\"og:title\" content=\"Meclisni\u00f1 topla\u015fuv\u0131nda Ukraina Yuqar\u0131 \u015euras\u0131na saylavlar neticesi baq\u0131l\u0131p, Aqyarda regional konferentsiya ke\u00e7ir\u00fcvni\u00f1 k\u00fcn\u00fc belgilendi - \u041c\u0435\u0434\u0436\u043b\u0456\u0441\" \/>\n<meta property=\"og:description\" content=\"Regional konferentsiya Aqyarda 2012 senesi noyabr 24-te olacaq B\u00f6yle qarar Q\u0131r\u0131mtatar halq\u0131 Meclisini\u00f1 Aqmescitte 2012 senesi noyabr 12-de ol\u0131p ke\u00e7ken nevbetteki topla\u015fuv\u0131nda al\u0131nd\u0131. Yerli meclislerge saylavlarn\u0131 te\u015fkil\u00e2tland\u0131ruv ve az\u0131rlav boyunca komissiyan\u0131\u00f1 k\u00e2tibi Zair Smedl\u00e2yev bildirgenine k\u00f6re, 20 okt\u00e2br k\u00fcn\u00fc Aqyar region\u0131nda yerli meclislerge saylavlar ke\u00e7irildi. B\u00f6yleliknen endi Q\u0131r\u0131mn\u0131\u00f1 deyerlik b\u00fct\u00fcn regionlar\u0131nda q\u0131r\u0131mtatarlarn\u0131\u00f1 \u00f6z-\u00f6z\u00fcni idare et\u00fcv [&hellip;]\" \/>\n<meta property=\"og:url\" content=\"https:\/\/qtmm.org\/qt\/meclisnin-toplasuvinda-ukraina-yuqari-surasina-saylavlar-neticesi-baqilip-aqyarda-regional-konferentsiya-keciruvnin-kunu-belgilendi\/\" \/>\n<meta property=\"og:site_name\" content=\"\u041c\u0435\u0434\u0436\u043b\u0456\u0441\" \/>\n<meta property=\"article:publisher\" content=\"https:\/\/www.facebook.com\/qtmm.info\/\" \/>\n<meta property=\"article:published_time\" content=\"2012-11-12T11:32:00+00:00\" \/>\n<meta property=\"article:modified_time\" content=\"2022-01-23T11:35:12+00:00\" \/>\n<meta property=\"og:image\" content=\"https:\/\/qtmm.org\/wp-content\/uploads\/2022\/01\/1_74.jpeg\" \/>\n\t<meta property=\"og:image:width\" content=\"650\" \/>\n\t<meta property=\"og:image:height\" content=\"350\" \/>\n\t<meta property=\"og:image:type\" content=\"image\/jpeg\" \/>\n<meta name=\"author\" content=\"Developer\" \/>\n<meta name=\"twitter:card\" content=\"summary_large_image\" \/>\n<meta name=\"twitter:label1\" content=\"Written by\" \/>\n\t<meta name=\"twitter:data1\" content=\"Developer\" \/>\n\t<meta name=\"twitter:label2\" content=\"Est. reading time\" \/>\n\t<meta name=\"twitter:data2\" content=\"2 minutes\" \/>\n<script type=\"application\/ld+json\" class=\"yoast-schema-graph\">{\"@context\":\"https:\\\/\\\/schema.org\",\"@graph\":[{\"@type\":\"Article\",\"@id\":\"https:\\\/\\\/qtmm.org\\\/qt\\\/meclisnin-toplasuvinda-ukraina-yuqari-surasina-saylavlar-neticesi-baqilip-aqyarda-regional-konferentsiya-keciruvnin-kunu-belgilendi\\\/#article\",\"isPartOf\":{\"@id\":\"https:\\\/\\\/qtmm.org\\\/qt\\\/meclisnin-toplasuvinda-ukraina-yuqari-surasina-saylavlar-neticesi-baqilip-aqyarda-regional-konferentsiya-keciruvnin-kunu-belgilendi\\\/\"},\"author\":{\"name\":\"Developer\",\"@id\":\"https:\\\/\\\/qtmm.org\\\/qt\\\/#\\\/schema\\\/person\\\/de562469f971dec226ac06e60bbf74a7\"},\"headline\":\"Meclisni\u00f1 topla\u015fuv\u0131nda Ukraina Yuqar\u0131 \u015euras\u0131na saylavlar neticesi baq\u0131l\u0131p, Aqyarda regional konferentsiya ke\u00e7ir\u00fcvni\u00f1 k\u00fcn\u00fc belgilendi\",\"datePublished\":\"2012-11-12T11:32:00+00:00\",\"dateModified\":\"2022-01-23T11:35:12+00:00\",\"mainEntityOfPage\":{\"@id\":\"https:\\\/\\\/qtmm.org\\\/qt\\\/meclisnin-toplasuvinda-ukraina-yuqari-surasina-saylavlar-neticesi-baqilip-aqyarda-regional-konferentsiya-keciruvnin-kunu-belgilendi\\\/\"},\"wordCount\":331,\"commentCount\":0,\"publisher\":{\"@id\":\"https:\\\/\\\/qtmm.org\\\/qt\\\/#organization\"},\"image\":{\"@id\":\"https:\\\/\\\/qtmm.org\\\/qt\\\/meclisnin-toplasuvinda-ukraina-yuqari-surasina-saylavlar-neticesi-baqilip-aqyarda-regional-konferentsiya-keciruvnin-kunu-belgilendi\\\/#primaryimage\"},\"thumbnailUrl\":\"https:\\\/\\\/qtmm.org\\\/wp-content\\\/uploads\\\/2022\\\/01\\\/1_74.jpeg\",\"articleSection\":[\"Haberler\"],\"inLanguage\":\"qt\",\"potentialAction\":[{\"@type\":\"CommentAction\",\"name\":\"Comment\",\"target\":[\"https:\\\/\\\/qtmm.org\\\/qt\\\/meclisnin-toplasuvinda-ukraina-yuqari-surasina-saylavlar-neticesi-baqilip-aqyarda-regional-konferentsiya-keciruvnin-kunu-belgilendi\\\/#respond\"]}]},{\"@type\":\"WebPage\",\"@id\":\"https:\\\/\\\/qtmm.org\\\/qt\\\/meclisnin-toplasuvinda-ukraina-yuqari-surasina-saylavlar-neticesi-baqilip-aqyarda-regional-konferentsiya-keciruvnin-kunu-belgilendi\\\/\",\"url\":\"https:\\\/\\\/qtmm.org\\\/qt\\\/meclisnin-toplasuvinda-ukraina-yuqari-surasina-saylavlar-neticesi-baqilip-aqyarda-regional-konferentsiya-keciruvnin-kunu-belgilendi\\\/\",\"name\":\"Meclisni\u00f1 topla\u015fuv\u0131nda Ukraina Yuqar\u0131 \u015euras\u0131na saylavlar neticesi baq\u0131l\u0131p, Aqyarda regional konferentsiya ke\u00e7ir\u00fcvni\u00f1 k\u00fcn\u00fc belgilendi - \u041c\u0435\u0434\u0436\u043b\u0456\u0441\",\"isPartOf\":{\"@id\":\"https:\\\/\\\/qtmm.org\\\/qt\\\/#website\"},\"primaryImageOfPage\":{\"@id\":\"https:\\\/\\\/qtmm.org\\\/qt\\\/meclisnin-toplasuvinda-ukraina-yuqari-surasina-saylavlar-neticesi-baqilip-aqyarda-regional-konferentsiya-keciruvnin-kunu-belgilendi\\\/#primaryimage\"},\"image\":{\"@id\":\"https:\\\/\\\/qtmm.org\\\/qt\\\/meclisnin-toplasuvinda-ukraina-yuqari-surasina-saylavlar-neticesi-baqilip-aqyarda-regional-konferentsiya-keciruvnin-kunu-belgilendi\\\/#primaryimage\"},\"thumbnailUrl\":\"https:\\\/\\\/qtmm.org\\\/wp-content\\\/uploads\\\/2022\\\/01\\\/1_74.jpeg\",\"datePublished\":\"2012-11-12T11:32:00+00:00\",\"dateModified\":\"2022-01-23T11:35:12+00:00\",\"breadcrumb\":{\"@id\":\"https:\\\/\\\/qtmm.org\\\/qt\\\/meclisnin-toplasuvinda-ukraina-yuqari-surasina-saylavlar-neticesi-baqilip-aqyarda-regional-konferentsiya-keciruvnin-kunu-belgilendi\\\/#breadcrumb\"},\"inLanguage\":\"qt\",\"potentialAction\":[{\"@type\":\"ReadAction\",\"target\":[\"https:\\\/\\\/qtmm.org\\\/qt\\\/meclisnin-toplasuvinda-ukraina-yuqari-surasina-saylavlar-neticesi-baqilip-aqyarda-regional-konferentsiya-keciruvnin-kunu-belgilendi\\\/\"]}]},{\"@type\":\"ImageObject\",\"inLanguage\":\"qt\",\"@id\":\"https:\\\/\\\/qtmm.org\\\/qt\\\/meclisnin-toplasuvinda-ukraina-yuqari-surasina-saylavlar-neticesi-baqilip-aqyarda-regional-konferentsiya-keciruvnin-kunu-belgilendi\\\/#primaryimage\",\"url\":\"https:\\\/\\\/qtmm.org\\\/wp-content\\\/uploads\\\/2022\\\/01\\\/1_74.jpeg\",\"contentUrl\":\"https:\\\/\\\/qtmm.org\\\/wp-content\\\/uploads\\\/2022\\\/01\\\/1_74.jpeg\",\"width\":650,\"height\":350},{\"@type\":\"BreadcrumbList\",\"@id\":\"https:\\\/\\\/qtmm.org\\\/qt\\\/meclisnin-toplasuvinda-ukraina-yuqari-surasina-saylavlar-neticesi-baqilip-aqyarda-regional-konferentsiya-keciruvnin-kunu-belgilendi\\\/#breadcrumb\",\"itemListElement\":[{\"@type\":\"ListItem\",\"position\":1,\"name\":\"\u0413\u043e\u043b\u043e\u0432\u043d\u0430\",\"item\":\"https:\\\/\\\/qtmm.org\\\/qt\\\/\"},{\"@type\":\"ListItem\",\"position\":2,\"name\":\"Meclisni\u00f1 topla\u015fuv\u0131nda Ukraina Yuqar\u0131 \u015euras\u0131na saylavlar neticesi baq\u0131l\u0131p, Aqyarda regional konferentsiya ke\u00e7ir\u00fcvni\u00f1 k\u00fcn\u00fc belgilendi\"}]},{\"@type\":\"WebSite\",\"@id\":\"https:\\\/\\\/qtmm.org\\\/qt\\\/#website\",\"url\":\"https:\\\/\\\/qtmm.org\\\/qt\\\/\",\"name\":\"\u041c\u0435\u0434\u0436\u043b\u0456\u0441\",\"description\":\"\",\"publisher\":{\"@id\":\"https:\\\/\\\/qtmm.org\\\/qt\\\/#organization\"},\"potentialAction\":[{\"@type\":\"SearchAction\",\"target\":{\"@type\":\"EntryPoint\",\"urlTemplate\":\"https:\\\/\\\/qtmm.org\\\/qt\\\/?s={search_term_string}\"},\"query-input\":{\"@type\":\"PropertyValueSpecification\",\"valueRequired\":true,\"valueName\":\"search_term_string\"}}],\"inLanguage\":\"qt\"},{\"@type\":\"Organization\",\"@id\":\"https:\\\/\\\/qtmm.org\\\/qt\\\/#organization\",\"name\":\"\u041c\u0435\u0434\u0436\u043b\u0456\u0441\",\"url\":\"https:\\\/\\\/qtmm.org\\\/qt\\\/\",\"logo\":{\"@type\":\"ImageObject\",\"inLanguage\":\"qt\",\"@id\":\"https:\\\/\\\/qtmm.org\\\/qt\\\/#\\\/schema\\\/logo\\\/image\\\/\",\"url\":\"https:\\\/\\\/qtmm.org\\\/wp-content\\\/uploads\\\/2024\\\/12\\\/ua-mejlis-logo-rgb.svg\",\"contentUrl\":\"https:\\\/\\\/qtmm.org\\\/wp-content\\\/uploads\\\/2024\\\/12\\\/ua-mejlis-logo-rgb.svg\",\"caption\":\"\u041c\u0435\u0434\u0436\u043b\u0456\u0441\"},\"image\":{\"@id\":\"https:\\\/\\\/qtmm.org\\\/qt\\\/#\\\/schema\\\/logo\\\/image\\\/\"},\"sameAs\":[\"https:\\\/\\\/www.facebook.com\\\/qtmm.info\\\/\"]},{\"@type\":\"Person\",\"@id\":\"https:\\\/\\\/qtmm.org\\\/qt\\\/#\\\/schema\\\/person\\\/de562469f971dec226ac06e60bbf74a7\",\"name\":\"Developer\",\"image\":{\"@type\":\"ImageObject\",\"inLanguage\":\"qt\",\"@id\":\"https:\\\/\\\/secure.gravatar.com\\\/avatar\\\/392b4cc8fbfeb00b39dfeeab4ee6edded39ffd48e25858637e4765810300227e?s=96&d=mm&r=g\",\"url\":\"https:\\\/\\\/secure.gravatar.com\\\/avatar\\\/392b4cc8fbfeb00b39dfeeab4ee6edded39ffd48e25858637e4765810300227e?s=96&d=mm&r=g\",\"contentUrl\":\"https:\\\/\\\/secure.gravatar.com\\\/avatar\\\/392b4cc8fbfeb00b39dfeeab4ee6edded39ffd48e25858637e4765810300227e?s=96&d=mm&r=g\",\"caption\":\"Developer\"},\"url\":\"https:\\\/\\\/qtmm.org\\\/qt\\\/author\\\/Developer\\\/\"}]}<\/script>\n<!-- \/ Yoast SEO plugin. -->","yoast_head_json":{"title":"Meclisni\u00f1 topla\u015fuv\u0131nda Ukraina Yuqar\u0131 \u015euras\u0131na saylavlar neticesi baq\u0131l\u0131p, Aqyarda regional konferentsiya ke\u00e7ir\u00fcvni\u00f1 k\u00fcn\u00fc belgilendi - \u041c\u0435\u0434\u0436\u043b\u0456\u0441","robots":{"index":"index","follow":"follow","max-snippet":"max-snippet:-1","max-image-preview":"max-image-preview:large","max-video-preview":"max-video-preview:-1"},"canonical":"https:\/\/qtmm.org\/qt\/meclisnin-toplasuvinda-ukraina-yuqari-surasina-saylavlar-neticesi-baqilip-aqyarda-regional-konferentsiya-keciruvnin-kunu-belgilendi\/","og_locale":"en_US","og_type":"article","og_title":"Meclisni\u00f1 topla\u015fuv\u0131nda Ukraina Yuqar\u0131 \u015euras\u0131na saylavlar neticesi baq\u0131l\u0131p, Aqyarda regional konferentsiya ke\u00e7ir\u00fcvni\u00f1 k\u00fcn\u00fc belgilendi - \u041c\u0435\u0434\u0436\u043b\u0456\u0441","og_description":"Regional konferentsiya Aqyarda 2012 senesi noyabr 24-te olacaq B\u00f6yle qarar Q\u0131r\u0131mtatar halq\u0131 Meclisini\u00f1 Aqmescitte 2012 senesi noyabr 12-de ol\u0131p ke\u00e7ken nevbetteki topla\u015fuv\u0131nda al\u0131nd\u0131. Yerli meclislerge saylavlarn\u0131 te\u015fkil\u00e2tland\u0131ruv ve az\u0131rlav boyunca komissiyan\u0131\u00f1 k\u00e2tibi Zair Smedl\u00e2yev bildirgenine k\u00f6re, 20 okt\u00e2br k\u00fcn\u00fc Aqyar region\u0131nda yerli meclislerge saylavlar ke\u00e7irildi. B\u00f6yleliknen endi Q\u0131r\u0131mn\u0131\u00f1 deyerlik b\u00fct\u00fcn regionlar\u0131nda q\u0131r\u0131mtatarlarn\u0131\u00f1 \u00f6z-\u00f6z\u00fcni idare et\u00fcv [&hellip;]","og_url":"https:\/\/qtmm.org\/qt\/meclisnin-toplasuvinda-ukraina-yuqari-surasina-saylavlar-neticesi-baqilip-aqyarda-regional-konferentsiya-keciruvnin-kunu-belgilendi\/","og_site_name":"\u041c\u0435\u0434\u0436\u043b\u0456\u0441","article_publisher":"https:\/\/www.facebook.com\/qtmm.info\/","article_published_time":"2012-11-12T11:32:00+00:00","article_modified_time":"2022-01-23T11:35:12+00:00","og_image":[{"width":650,"height":350,"url":"https:\/\/qtmm.org\/wp-content\/uploads\/2022\/01\/1_74.jpeg","type":"image\/jpeg"}],"author":"Developer","twitter_card":"summary_large_image","twitter_misc":{"Written by":"Developer","Est. reading time":"2 minutes"},"schema":{"@context":"https:\/\/schema.org","@graph":[{"@type":"Article","@id":"https:\/\/qtmm.org\/qt\/meclisnin-toplasuvinda-ukraina-yuqari-surasina-saylavlar-neticesi-baqilip-aqyarda-regional-konferentsiya-keciruvnin-kunu-belgilendi\/#article","isPartOf":{"@id":"https:\/\/qtmm.org\/qt\/meclisnin-toplasuvinda-ukraina-yuqari-surasina-saylavlar-neticesi-baqilip-aqyarda-regional-konferentsiya-keciruvnin-kunu-belgilendi\/"},"author":{"name":"Developer","@id":"https:\/\/qtmm.org\/qt\/#\/schema\/person\/de562469f971dec226ac06e60bbf74a7"},"headline":"Meclisni\u00f1 topla\u015fuv\u0131nda Ukraina Yuqar\u0131 \u015euras\u0131na saylavlar neticesi baq\u0131l\u0131p, Aqyarda regional konferentsiya ke\u00e7ir\u00fcvni\u00f1 k\u00fcn\u00fc belgilendi","datePublished":"2012-11-12T11:32:00+00:00","dateModified":"2022-01-23T11:35:12+00:00","mainEntityOfPage":{"@id":"https:\/\/qtmm.org\/qt\/meclisnin-toplasuvinda-ukraina-yuqari-surasina-saylavlar-neticesi-baqilip-aqyarda-regional-konferentsiya-keciruvnin-kunu-belgilendi\/"},"wordCount":331,"commentCount":0,"publisher":{"@id":"https:\/\/qtmm.org\/qt\/#organization"},"image":{"@id":"https:\/\/qtmm.org\/qt\/meclisnin-toplasuvinda-ukraina-yuqari-surasina-saylavlar-neticesi-baqilip-aqyarda-regional-konferentsiya-keciruvnin-kunu-belgilendi\/#primaryimage"},"thumbnailUrl":"https:\/\/qtmm.org\/wp-content\/uploads\/2022\/01\/1_74.jpeg","articleSection":["Haberler"],"inLanguage":"qt","potentialAction":[{"@type":"CommentAction","name":"Comment","target":["https:\/\/qtmm.org\/qt\/meclisnin-toplasuvinda-ukraina-yuqari-surasina-saylavlar-neticesi-baqilip-aqyarda-regional-konferentsiya-keciruvnin-kunu-belgilendi\/#respond"]}]},{"@type":"WebPage","@id":"https:\/\/qtmm.org\/qt\/meclisnin-toplasuvinda-ukraina-yuqari-surasina-saylavlar-neticesi-baqilip-aqyarda-regional-konferentsiya-keciruvnin-kunu-belgilendi\/","url":"https:\/\/qtmm.org\/qt\/meclisnin-toplasuvinda-ukraina-yuqari-surasina-saylavlar-neticesi-baqilip-aqyarda-regional-konferentsiya-keciruvnin-kunu-belgilendi\/","name":"Meclisni\u00f1 topla\u015fuv\u0131nda Ukraina Yuqar\u0131 \u015euras\u0131na saylavlar neticesi baq\u0131l\u0131p, Aqyarda regional konferentsiya ke\u00e7ir\u00fcvni\u00f1 k\u00fcn\u00fc belgilendi - \u041c\u0435\u0434\u0436\u043b\u0456\u0441","isPartOf":{"@id":"https:\/\/qtmm.org\/qt\/#website"},"primaryImageOfPage":{"@id":"https:\/\/qtmm.org\/qt\/meclisnin-toplasuvinda-ukraina-yuqari-surasina-saylavlar-neticesi-baqilip-aqyarda-regional-konferentsiya-keciruvnin-kunu-belgilendi\/#primaryimage"},"image":{"@id":"https:\/\/qtmm.org\/qt\/meclisnin-toplasuvinda-ukraina-yuqari-surasina-saylavlar-neticesi-baqilip-aqyarda-regional-konferentsiya-keciruvnin-kunu-belgilendi\/#primaryimage"},"thumbnailUrl":"https:\/\/qtmm.org\/wp-content\/uploads\/2022\/01\/1_74.jpeg","datePublished":"2012-11-12T11:32:00+00:00","dateModified":"2022-01-23T11:35:12+00:00","breadcrumb":{"@id":"https:\/\/qtmm.org\/qt\/meclisnin-toplasuvinda-ukraina-yuqari-surasina-saylavlar-neticesi-baqilip-aqyarda-regional-konferentsiya-keciruvnin-kunu-belgilendi\/#breadcrumb"},"inLanguage":"qt","potentialAction":[{"@type":"ReadAction","target":["https:\/\/qtmm.org\/qt\/meclisnin-toplasuvinda-ukraina-yuqari-surasina-saylavlar-neticesi-baqilip-aqyarda-regional-konferentsiya-keciruvnin-kunu-belgilendi\/"]}]},{"@type":"ImageObject","inLanguage":"qt","@id":"https:\/\/qtmm.org\/qt\/meclisnin-toplasuvinda-ukraina-yuqari-surasina-saylavlar-neticesi-baqilip-aqyarda-regional-konferentsiya-keciruvnin-kunu-belgilendi\/#primaryimage","url":"https:\/\/qtmm.org\/wp-content\/uploads\/2022\/01\/1_74.jpeg","contentUrl":"https:\/\/qtmm.org\/wp-content\/uploads\/2022\/01\/1_74.jpeg","width":650,"height":350},{"@type":"BreadcrumbList","@id":"https:\/\/qtmm.org\/qt\/meclisnin-toplasuvinda-ukraina-yuqari-surasina-saylavlar-neticesi-baqilip-aqyarda-regional-konferentsiya-keciruvnin-kunu-belgilendi\/#breadcrumb","itemListElement":[{"@type":"ListItem","position":1,"name":"\u0413\u043e\u043b\u043e\u0432\u043d\u0430","item":"https:\/\/qtmm.org\/qt\/"},{"@type":"ListItem","position":2,"name":"Meclisni\u00f1 topla\u015fuv\u0131nda Ukraina Yuqar\u0131 \u015euras\u0131na saylavlar neticesi baq\u0131l\u0131p, Aqyarda regional konferentsiya ke\u00e7ir\u00fcvni\u00f1 k\u00fcn\u00fc belgilendi"}]},{"@type":"WebSite","@id":"https:\/\/qtmm.org\/qt\/#website","url":"https:\/\/qtmm.org\/qt\/","name":"\u041c\u0435\u0434\u0436\u043b\u0456\u0441","description":"","publisher":{"@id":"https:\/\/qtmm.org\/qt\/#organization"},"potentialAction":[{"@type":"SearchAction","target":{"@type":"EntryPoint","urlTemplate":"https:\/\/qtmm.org\/qt\/?s={search_term_string}"},"query-input":{"@type":"PropertyValueSpecification","valueRequired":true,"valueName":"search_term_string"}}],"inLanguage":"qt"},{"@type":"Organization","@id":"https:\/\/qtmm.org\/qt\/#organization","name":"\u041c\u0435\u0434\u0436\u043b\u0456\u0441","url":"https:\/\/qtmm.org\/qt\/","logo":{"@type":"ImageObject","inLanguage":"qt","@id":"https:\/\/qtmm.org\/qt\/#\/schema\/logo\/image\/","url":"https:\/\/qtmm.org\/wp-content\/uploads\/2024\/12\/ua-mejlis-logo-rgb.svg","contentUrl":"https:\/\/qtmm.org\/wp-content\/uploads\/2024\/12\/ua-mejlis-logo-rgb.svg","caption":"\u041c\u0435\u0434\u0436\u043b\u0456\u0441"},"image":{"@id":"https:\/\/qtmm.org\/qt\/#\/schema\/logo\/image\/"},"sameAs":["https:\/\/www.facebook.com\/qtmm.info\/"]},{"@type":"Person","@id":"https:\/\/qtmm.org\/qt\/#\/schema\/person\/de562469f971dec226ac06e60bbf74a7","name":"Developer","image":{"@type":"ImageObject","inLanguage":"qt","@id":"https:\/\/secure.gravatar.com\/avatar\/392b4cc8fbfeb00b39dfeeab4ee6edded39ffd48e25858637e4765810300227e?s=96&d=mm&r=g","url":"https:\/\/secure.gravatar.com\/avatar\/392b4cc8fbfeb00b39dfeeab4ee6edded39ffd48e25858637e4765810300227e?s=96&d=mm&r=g","contentUrl":"https:\/\/secure.gravatar.com\/avatar\/392b4cc8fbfeb00b39dfeeab4ee6edded39ffd48e25858637e4765810300227e?s=96&d=mm&r=g","caption":"Developer"},"url":"https:\/\/qtmm.org\/qt\/author\/Developer\/"}]}},"_links":{"self":[{"href":"https:\/\/qtmm.org\/qt\/wp-json\/wp\/v2\/posts\/35162","targetHints":{"allow":["GET"]}}],"collection":[{"href":"https:\/\/qtmm.org\/qt\/wp-json\/wp\/v2\/posts"}],"about":[{"href":"https:\/\/qtmm.org\/qt\/wp-json\/wp\/v2\/types\/post"}],"author":[{"embeddable":true,"href":"https:\/\/qtmm.org\/qt\/wp-json\/wp\/v2\/users\/1"}],"replies":[{"embeddable":true,"href":"https:\/\/qtmm.org\/qt\/wp-json\/wp\/v2\/comments?post=35162"}],"version-history":[{"count":1,"href":"https:\/\/qtmm.org\/qt\/wp-json\/wp\/v2\/posts\/35162\/revisions"}],"predecessor-version":[{"id":35187,"href":"https:\/\/qtmm.org\/qt\/wp-json\/wp\/v2\/posts\/35162\/revisions\/35187"}],"wp:featuredmedia":[{"embeddable":true,"href":"https:\/\/qtmm.org\/qt\/wp-json\/wp\/v2\/media\/35163"}],"wp:attachment":[{"href":"https:\/\/qtmm.org\/qt\/wp-json\/wp\/v2\/media?parent=35162"}],"wp:term":[{"taxonomy":"category","embeddable":true,"href":"https:\/\/qtmm.org\/qt\/wp-json\/wp\/v2\/categories?post=35162"},{"taxonomy":"post_tag","embeddable":true,"href":"https:\/\/qtmm.org\/qt\/wp-json\/wp\/v2\/tags?post=35162"}],"curies":[{"name":"wp","href":"https:\/\/api.w.org\/{rel}","templated":true}]}}