




{"id":35004,"date":"2012-11-09T14:24:00","date_gmt":"2012-11-09T11:24:00","guid":{"rendered":"http:\/\/qtmm.org\/?p=35004"},"modified":"2022-01-23T14:27:02","modified_gmt":"2022-01-23T11:27:02","slug":"milliy-meclis-berlinde-avropa-hatira-ve-vicdan-platformasinin-toplasuvinda-istirak-etti","status":"publish","type":"post","link":"https:\/\/qtmm.org\/qt\/milliy-meclis-berlinde-avropa-hatira-ve-vicdan-platformasinin-toplasuvinda-istirak-etti\/","title":{"rendered":"Milliy meclis berlinde Avropa Hatira ve Vicdan Platformasini\u00f1 topla\u015fuvinda i\u015ftirak etti"},"content":{"rendered":"\n<p>Noyabr 8-9 k\u00fcnleri Berlinde \u00f6tkerilgen Avropa Hat\u0131ra ve Vicdan platformas\u0131 azalar\u0131n\u0131\u00f1 topla\u015fuv\u0131nda \u015fu te\u015fkil\u00e2tqa 2012 senesi iy\u00fcn ay\u0131nda qabul etilgen Q\u0131r\u0131mtatar halq\u0131n\u0131\u00f1 meclisi de i\u015ftirak etti.<\/p>\n\n\n\n<p>Tedbir Almaniya demokratik cumhuriyeti Milliy tel\u00fckesizlik h\u0131zmeti apshanesi \u015etazi m\u00fczeyini\u00f1 binas\u0131nda ke\u00e7irilmekte. Bundan 23 y\u0131l evelsi ayn\u0131 \u015fu k\u00fcnlerde HH as\u0131rda kommunist rejimi taraf\u0131ndan yap\u0131l\u011fan cinayetlerni\u00f1 so\u00f1un\u0131 ifadelegen Berlin divar\u0131 y\u0131qt\u0131r\u0131l\u011fan edi.<\/p>\n\n\n\n<p>Erk\u00e2n\u0131na Meclis t\u0131\u015fq\u0131 al\u00e2qalar b\u00f6l\u00fcgini\u00f1 ba\u015f\u0131 Ali Hamzin, Meclisni\u00f1 Almaniyadaki temsilcisi Ahmet Ozay, sab\u0131q sovetler huhud\u0131nda zemaneviy etnosiyasiy ceryanlarn\u0131\u00f1 tedqiqat\u00e7\u0131s\u0131 Svetlana \u00c7ervonnaya, &#8220;Q\u0131r\u0131m inki\u015faf\u0131 vaquf\u0131&#8221; hayriye te\u015fkil\u00e2t\u0131n\u0131\u00f1 reisi Rustem \u00dcmerovdan ibaret delegatsiya\u011fa Milliy Meclis reisi Mustafa Cemilev yolba\u015f\u00e7\u0131l\u0131q yapt\u0131. Topla\u015fuvn\u0131\u00f1 i\u015finde Platforma azas\u0131 \u2013 Vladimir Vetrovi\u00e7 yetek\u00e7iligindeki Azatl\u0131q areketini tedqiq et\u00fcv merkezi de qat\u0131ld\u0131.<\/p>\n\n\n\n<figure class=\"wp-block-image size-full\"><img loading=\"lazy\" decoding=\"async\" width=\"650\" height=\"350\" src=\"http:\/\/qtmm.org\/wp-content\/uploads\/2022\/01\/1_76.jpeg\" alt=\"\" class=\"wp-image-35005\" srcset=\"https:\/\/qtmm.org\/wp-content\/uploads\/2022\/01\/1_76.jpeg 650w, https:\/\/qtmm.org\/wp-content\/uploads\/2022\/01\/1_76-300x162.jpeg 300w\" sizes=\"auto, (max-width: 650px) 100vw, 650px\" \/><\/figure>\n\n\n\n<p>&#8220;Avropada totalitarizm&#8221; mevzus\u0131na ba\u011f\u0131\u015flan\u011fan topla\u015fuvn\u0131 Avropa Hat\u0131ra ve Vicdan platformas\u0131n\u0131\u00f1 prezidenti Goran Linblad a\u00e7t\u0131. 2010 senesi Avropa Ke\u00f1e\u015fi Parlament Assambleyas\u0131 Siyasiy komitetini\u00f1 prezidenti vazifesini eda etkende o, Ukraina mahkemesini\u00f1 A\u00e7l\u0131qn\u0131 qarala\u011fan qarar\u0131na qoltutqan edi. So\u00f1ra topla\u015fuv te\u015fkil\u00e2t\u00e7\u0131lar\u0131 Avropan\u0131\u00f1 belli siyaset\u00e7ilerini taqdim etkende Milliy Meclis reisi Mustafa Cemilevni belli sovet uquqqoruy\u0131c\u0131 s\u0131fat\u0131nda tan\u0131tt\u0131lar.<\/p>\n\n\n\n<p>Platforma topla\u015fuv\u0131nda Avropa Hat\u0131ra ve Vicdan platformas\u0131 te\u015fkil\u00e2t\u0131n\u0131\u00f1 kelecekte inki\u015faf istiqballerinen ba\u011fl\u0131 meselelerni ve bu i\u015fke HH as\u0131rda kommunist rejimini\u00f1 mahkemesinde i\u015ftirak etmege az\u0131r cemaat te\u015fkil\u00e2tlar\u0131n\u0131 celp etmek \u011fayesini muzakere ettiler. Mezk\u00fcr topla\u015fuvda be\u015f i\u015f\u00e7i gruppa meydan\u011fa ketirilip, olar\u011fa bu maqsadn\u0131 amelge ke\u00e7irmek boyunca &#8220;Totalitarizm m\u00fczeyi&#8221;, &#8220;Tasil ve mektep programmas\u0131&#8221;, &#8220;Arhivler ve vesiqalar&#8221;, &#8220;Ya\u00f1\u0131 halqara mahkeme ve uquq&#8221;, &#8220;Emin grajdan leyhalar\u0131&#8221; kibi esas printsip ve tezislerni i\u015flemek teklif etildi.<\/p>\n\n\n\n<figure class=\"wp-block-image size-full\"><img loading=\"lazy\" decoding=\"async\" width=\"650\" height=\"310\" src=\"http:\/\/qtmm.org\/wp-content\/uploads\/2022\/01\/2_81.jpeg\" alt=\"\" class=\"wp-image-35009\" srcset=\"https:\/\/qtmm.org\/wp-content\/uploads\/2022\/01\/2_81.jpeg 650w, https:\/\/qtmm.org\/wp-content\/uploads\/2022\/01\/2_81-300x143.jpeg 300w\" sizes=\"auto, (max-width: 650px) 100vw, 650px\" \/><\/figure>\n\n\n\n<p>Platforma topla\u015fuv\u0131n\u0131\u00f1 birinci k\u00fcn\u00fc Q\u0131r\u0131mtatar halq\u0131 Meclisini\u00f1 reisi \u00e7\u0131q\u0131\u015fta bulund\u0131. O,kommunist rejimini mahk\u00fcm etmek maqsad\u0131nen 2011 senesi k\u00fczde Avropa Hat\u0131ra ve Vicdan platformas\u0131n\u0131 teesis etken Avropa Ke\u00f1e\u015findeki V\u0131\u015fgrad gruppas\u0131n\u0131\u00f1 i\u015fine y\u00fcksek q\u0131ymet kesti. \u00d6z \u00e7\u0131q\u0131\u015f\u0131nda Mustafa Cemilev sab\u0131q SSSRde halqlarn\u0131 s\u00fcrg\u00fcn et\u00fcv, tarihiy toponimikan\u0131 de\u00f1i\u015ftir\u00fcv, medeniy asabal\u0131qn\u0131 yoq et\u00fcv, zoraki assimil\u00e2tsiya kibi cinayetlerge insanl\u0131qqa qar\u015f\u0131 zulum kibi q\u0131ymet kesilmek kerek, dedi. Bun\u0131\u00f1 kibi de Meclis reisi SSSR devrinde s\u00fcrg\u00fcn etilgen halqlarn\u0131\u00f1 bug\u00fcn de vaziyeti a\u011f\u0131r ol\u011fan\u0131n\u0131 s\u00f6yleyerek, mustaqil cumhuriyetler \u015fu halqlar \u00f6g\u00fcnde borclar\u0131n\u0131 \u00f6demegenini bildirdi. \u015eu munasebetnen Q\u0131r\u0131mtatar halq\u0131n\u0131\u00f1 Meclisi q\u0131r\u0131mtatar halq\u0131n\u0131\u00f1 \u00f6z Vatan\u0131nda aqlar\u0131n\u0131 \u011fayr\u0131dan tiklev, Ukrainada on\u0131\u00f1 tel\u00fckesizligini teminlev meseleleri boyunca Halqara forum ke\u00e7irmek te\u015febb\u00fcsinen \u00e7\u0131qt\u0131.<\/p>\n\n\n\n<p>&#8220;HH as\u0131rda kommunist rejimi, insanl\u0131qqa z\u0131t mevkuresi \u00fczerinden N\u00dcRNBERG-2 mahkemesi yal\u0131\u00f1\u0131z sab\u0131q sovetler hudud\u0131ndaki cemaatn\u0131 sa\u011flamla\u015ft\u0131rmaq i\u00e7\u00fcn degil de, Avropa ve umumen insaniyet i\u00e7\u00fcn zarurd\u0131r. \u00c7\u00fcnki bu m\u00fcim ceryan olmasa kene kommunizm \u011fayelerini\u00f1 peyda olmas\u0131na, b\u00fct\u00fcn d\u00fcnya i\u00e7\u00fcn facia ketirebilir&#8221;, &#8211; dep qayd etti Mustafa Cemilev.<\/p>\n\n\n\n<figure class=\"wp-block-image size-full\"><img loading=\"lazy\" decoding=\"async\" width=\"650\" height=\"310\" src=\"http:\/\/qtmm.org\/wp-content\/uploads\/2022\/01\/3_52.jpeg\" alt=\"\" class=\"wp-image-35013\" srcset=\"https:\/\/qtmm.org\/wp-content\/uploads\/2022\/01\/3_52.jpeg 650w, https:\/\/qtmm.org\/wp-content\/uploads\/2022\/01\/3_52-300x143.jpeg 300w\" sizes=\"auto, (max-width: 650px) 100vw, 650px\" \/><\/figure>\n\n\n\n<p>Topla\u015fuv i\u015ftirak\u00e7ilerine Q\u0131r\u0131mtatar halq\u0131n\u0131\u00f1 Meclisi Rusiyeni\u00f1 s\u00fcrg\u00fcn etilgen halqlar te\u015fkil\u00e2tlar\u0131nen beraber 2013 senesi Q\u0131r\u0131mda Sab\u0131q SSSRde s\u00fcrg\u00fcn etilgen halqlarn\u0131\u00f1 qurultay\u0131n\u0131 ke\u00e7ir\u00fcv aqq\u0131nda memorandum imzala\u011fanlar\u0131 aqq\u0131nda haber berildi. M. Cemilev s\u00fcrg\u00fcn etilgen halqlarn\u0131\u00f1 te\u015fkil\u00e2tlar\u0131 Avropa Hat\u0131ra ve Vicdan platformas\u0131n\u0131\u00f1 alicenap maqsadlar\u0131n\u0131 \u00f6m\u00fcrge ke\u00e7ir\u00fcvde faal i\u015ftirak eteceklerine eminligini bildirdi.<\/p>\n\n\n\n<p>Ekinci k\u00fcn\u00fc kommunist rejimi \u00fczerinden mahkeme k\u00f6ntseptsiyas\u0131n\u0131 az\u0131rlav boyunca &#8220;Ya\u00f1\u0131 halqara mahkeme ve aq i\u015f&#8221; i\u015f\u00e7i gruppas\u0131n\u0131\u00f1 i\u015fine qat\u0131l\u011fan Mustafa Cemilev Mustaqil cumhuriyetler birliginde bulun\u011fan devlet qurumlar\u0131n\u0131\u00f1 arhivlerini a\u00e7maq kerekligini aytt\u0131. Bu i\u015fke halqara cemaat\u00e7\u0131l\u0131q, BMT, OSCEn\u0131 celp etmek teklifini seslendirdi.<\/p>\n\n\n\n<p>\u0130\u015f\u00e7i gruppan\u0131\u00f1 topla\u015fuv\u0131nda \u00e7\u0131q\u0131\u015fta bulun\u011fan Ali Hamzin q\u0131r\u0131mtatar halq\u0131 eki facian\u0131 ba\u015f\u0131ndan ke\u00e7irdi, dedi. Birinci kere Vermaht Q\u0131r\u0131mn\u0131 zapt etip, 1943 senesini\u00f1 so\u00f1una kelgende 120 k\u00f6y yaq\u0131ld\u0131. Olardan 80-i q\u0131r\u0131mtatar k\u00f6yleri edi. Facian\u0131\u00f1 bu q\u0131sm\u0131 daa keregi kibi \u00f6grenilmedi, dedi maruzac\u0131.<\/p>\n\n\n\n<figure class=\"wp-block-image size-full\"><img loading=\"lazy\" decoding=\"async\" width=\"650\" height=\"350\" src=\"http:\/\/qtmm.org\/wp-content\/uploads\/2022\/01\/4_51.jpeg\" alt=\"\" class=\"wp-image-35017\" srcset=\"https:\/\/qtmm.org\/wp-content\/uploads\/2022\/01\/4_51.jpeg 650w, https:\/\/qtmm.org\/wp-content\/uploads\/2022\/01\/4_51-300x162.jpeg 300w\" sizes=\"auto, (max-width: 650px) 100vw, 650px\" \/><\/figure>\n\n\n\n<p>Topla\u015fuv ol\u011fan k\u00fcnleri Meclis reisi Mustafa Cemilev bir s\u0131ra i\u015ftirak\u00e7ilernen k\u00f6r\u00fc\u015f\u00fcv ve subetler ke\u00e7irip, q\u0131r\u0131mtatar halq\u0131n\u0131\u00f1 Ukrainadaki bug\u00fcnki vaziyetini, diger cumhuriyetlerde ya\u015fap, Q\u0131r\u0131m\u011fa qaytmaq imk\u00e2n\u0131n\u0131 q\u0131d\u0131r\u011fan q\u0131r\u0131mtatarlarn\u0131\u00f1 al\u0131n\u0131 a\u00e7\u0131qlad\u0131. Bun\u0131\u00f1 kibi de Ukraina parlamentine ol\u011fan saylavlar ve neticelerinen ba\u011fl\u0131 meseleler de baq\u0131ld\u0131.<\/p>\n\n\n\n<p>Topla\u015fuvda Avropa Hat\u0131ra ve Vicdan platformas\u0131 \u00f6z plan\u0131na 2014 senesi q\u0131r\u0131mtatar halq\u0131n\u0131\u00f1 Q\u0131r\u0131mdan s\u00fcrg\u00fcn etilgenini\u00f1 70 y\u0131ll\u0131\u011f\u0131na ba\u011f\u0131\u015flanaraq Q\u0131r\u0131mda &#8220;Avropada totalitarizm \u2014 fa\u015fizm, natsizm ve kommunizm&#8221; sergisini ke\u00e7irmekni kirsetmek boyunca keli\u015fildi. Meclis delegatsiyas\u0131na q\u0131r\u0131mtatarlarn\u0131\u00f1 kommunist rejiminen k\u00fcre\u015f tarih\u0131 ve qurbanlar\u0131 aqq\u0131nda malzemeler az\u0131rlamaq teklif etildi. Bu mal\u00fcmat Avropa Birligi devletlerinde \u00fcyken s\u0131n\u0131f talebeleri i\u00e7\u00fcn qo\u015fumca bir oquv qullanmas\u0131 olur.<\/p>\n\n\n\n<p>Meclisni\u00f1 Almaniyadaki temsilcisi Ahmet Ozay Meclis delegatsiyas\u0131 i\u00e7\u00fcn Berlinde T\u00fcrk \u015eehitlik camisine ziyaretni te\u015fkil etti. Bun\u0131\u00f1 kibi de delegatsiya t\u00fcrk d\u00fcnyas\u0131n\u0131\u00f1 k\u00f6r\u00fcmli yetek\u00e7isi Mustafa \u00c7oqayn\u0131\u00f1 qabirini, natsist rejimine qar\u015f\u0131 \u00e7\u0131qqan Vermaht subaylar\u0131n\u0131\u00f1 1944 senesi iy\u00fcl 24 k\u00fcn\u00fc qur\u015fun\u011fa tizilgen yerini de ziyaret etti.<\/p>\n\n\n\n<figure class=\"wp-block-image size-full\"><img loading=\"lazy\" decoding=\"async\" width=\"650\" height=\"480\" src=\"http:\/\/qtmm.org\/wp-content\/uploads\/2022\/01\/6_22.jpeg\" alt=\"\" class=\"wp-image-35021\" srcset=\"https:\/\/qtmm.org\/wp-content\/uploads\/2022\/01\/6_22.jpeg 650w, https:\/\/qtmm.org\/wp-content\/uploads\/2022\/01\/6_22-300x222.jpeg 300w\" sizes=\"auto, (max-width: 650px) 100vw, 650px\" \/><\/figure>\n\n\n\n<figure class=\"wp-block-image size-full\"><img loading=\"lazy\" decoding=\"async\" width=\"650\" height=\"480\" src=\"http:\/\/qtmm.org\/wp-content\/uploads\/2022\/01\/5_26.jpeg\" alt=\"\" class=\"wp-image-35025\" srcset=\"https:\/\/qtmm.org\/wp-content\/uploads\/2022\/01\/5_26.jpeg 650w, https:\/\/qtmm.org\/wp-content\/uploads\/2022\/01\/5_26-300x222.jpeg 300w\" sizes=\"auto, (max-width: 650px) 100vw, 650px\" \/><\/figure>\n\n\n\n<p class=\"has-text-align-right\"><strong><em>Q\u0131r\u0131mtatar halq\u0131 meclisini\u00f1 t\u0131\u015fq\u0131 al\u00e2qalar b\u00f6l\u00fcgi<\/em><\/strong><\/p>\n","protected":false},"excerpt":{"rendered":"<p>Noyabr 8-9 k\u00fcnleri Berlinde \u00f6tkerilgen Avropa Hat\u0131ra ve Vicdan platformas\u0131 azalar\u0131n\u0131\u00f1 topla\u015fuv\u0131nda \u015fu te\u015fkil\u00e2tqa 2012 senesi iy\u00fcn ay\u0131nda qabul etilgen Q\u0131r\u0131mtatar halq\u0131n\u0131\u00f1 meclisi de i\u015ftirak etti. Tedbir Almaniya demokratik cumhuriyeti Milliy tel\u00fckesizlik h\u0131zmeti apshanesi \u015etazi m\u00fczeyini\u00f1 binas\u0131nda ke\u00e7irilmekte. Bundan 23 y\u0131l evelsi ayn\u0131 \u015fu k\u00fcnlerde HH as\u0131rda kommunist rejimi taraf\u0131ndan yap\u0131l\u011fan cinayetlerni\u00f1 so\u00f1un\u0131 ifadelegen Berlin [&hellip;]<\/p>\n","protected":false},"author":1,"featured_media":0,"comment_status":"open","ping_status":"open","sticky":false,"template":"","format":"standard","meta":{"inline_featured_image":false,"footnotes":""},"categories":[265],"tags":[],"class_list":["post-35004","post","type-post","status-publish","format-standard","hentry","category-haberler"],"acf":[],"yoast_head":"<!-- This site is optimized with the Yoast SEO plugin v27.4 - https:\/\/yoast.com\/product\/yoast-seo-wordpress\/ -->\n<title>Milliy meclis berlinde Avropa Hatira ve Vicdan Platformasini\u00f1 topla\u015fuvinda i\u015ftirak etti - \u041c\u0435\u0434\u0436\u043b\u0456\u0441<\/title>\n<meta name=\"robots\" content=\"index, follow, max-snippet:-1, max-image-preview:large, max-video-preview:-1\" \/>\n<link rel=\"canonical\" href=\"https:\/\/qtmm.org\/qt\/milliy-meclis-berlinde-avropa-hatira-ve-vicdan-platformasinin-toplasuvinda-istirak-etti\/\" \/>\n<meta property=\"og:locale\" content=\"en_US\" \/>\n<meta property=\"og:type\" content=\"article\" \/>\n<meta property=\"og:title\" content=\"Milliy meclis berlinde Avropa Hatira ve Vicdan Platformasini\u00f1 topla\u015fuvinda i\u015ftirak etti - \u041c\u0435\u0434\u0436\u043b\u0456\u0441\" \/>\n<meta property=\"og:description\" content=\"Noyabr 8-9 k\u00fcnleri Berlinde \u00f6tkerilgen Avropa Hat\u0131ra ve Vicdan platformas\u0131 azalar\u0131n\u0131\u00f1 topla\u015fuv\u0131nda \u015fu te\u015fkil\u00e2tqa 2012 senesi iy\u00fcn ay\u0131nda qabul etilgen Q\u0131r\u0131mtatar halq\u0131n\u0131\u00f1 meclisi de i\u015ftirak etti. Tedbir Almaniya demokratik cumhuriyeti Milliy tel\u00fckesizlik h\u0131zmeti apshanesi \u015etazi m\u00fczeyini\u00f1 binas\u0131nda ke\u00e7irilmekte. Bundan 23 y\u0131l evelsi ayn\u0131 \u015fu k\u00fcnlerde HH as\u0131rda kommunist rejimi taraf\u0131ndan yap\u0131l\u011fan cinayetlerni\u00f1 so\u00f1un\u0131 ifadelegen Berlin [&hellip;]\" \/>\n<meta property=\"og:url\" content=\"https:\/\/qtmm.org\/qt\/milliy-meclis-berlinde-avropa-hatira-ve-vicdan-platformasinin-toplasuvinda-istirak-etti\/\" \/>\n<meta property=\"og:site_name\" content=\"\u041c\u0435\u0434\u0436\u043b\u0456\u0441\" \/>\n<meta property=\"article:publisher\" content=\"https:\/\/www.facebook.com\/qtmm.info\/\" \/>\n<meta property=\"article:published_time\" content=\"2012-11-09T11:24:00+00:00\" \/>\n<meta property=\"article:modified_time\" content=\"2022-01-23T11:27:02+00:00\" \/>\n<meta property=\"og:image\" content=\"https:\/\/qtmm.org\/wp-content\/uploads\/2022\/01\/1_76.jpeg\" \/>\n\t<meta property=\"og:image:width\" content=\"650\" \/>\n\t<meta property=\"og:image:height\" content=\"350\" \/>\n\t<meta property=\"og:image:type\" content=\"image\/jpeg\" \/>\n<meta name=\"author\" content=\"Developer\" \/>\n<meta name=\"twitter:card\" content=\"summary_large_image\" \/>\n<meta name=\"twitter:label1\" content=\"Written by\" \/>\n\t<meta name=\"twitter:data1\" content=\"Developer\" \/>\n\t<meta name=\"twitter:label2\" content=\"Est. reading time\" \/>\n\t<meta name=\"twitter:data2\" content=\"5 minutes\" \/>\n<script type=\"application\/ld+json\" class=\"yoast-schema-graph\">{\"@context\":\"https:\\\/\\\/schema.org\",\"@graph\":[{\"@type\":\"Article\",\"@id\":\"https:\\\/\\\/qtmm.org\\\/qt\\\/milliy-meclis-berlinde-avropa-hatira-ve-vicdan-platformasinin-toplasuvinda-istirak-etti\\\/#article\",\"isPartOf\":{\"@id\":\"https:\\\/\\\/qtmm.org\\\/qt\\\/milliy-meclis-berlinde-avropa-hatira-ve-vicdan-platformasinin-toplasuvinda-istirak-etti\\\/\"},\"author\":{\"name\":\"Developer\",\"@id\":\"https:\\\/\\\/qtmm.org\\\/qt\\\/#\\\/schema\\\/person\\\/de562469f971dec226ac06e60bbf74a7\"},\"headline\":\"Milliy meclis berlinde Avropa Hatira ve Vicdan Platformasini\u00f1 topla\u015fuvinda i\u015ftirak etti\",\"datePublished\":\"2012-11-09T11:24:00+00:00\",\"dateModified\":\"2022-01-23T11:27:02+00:00\",\"mainEntityOfPage\":{\"@id\":\"https:\\\/\\\/qtmm.org\\\/qt\\\/milliy-meclis-berlinde-avropa-hatira-ve-vicdan-platformasinin-toplasuvinda-istirak-etti\\\/\"},\"wordCount\":982,\"commentCount\":0,\"publisher\":{\"@id\":\"https:\\\/\\\/qtmm.org\\\/qt\\\/#organization\"},\"image\":{\"@id\":\"https:\\\/\\\/qtmm.org\\\/qt\\\/milliy-meclis-berlinde-avropa-hatira-ve-vicdan-platformasinin-toplasuvinda-istirak-etti\\\/#primaryimage\"},\"thumbnailUrl\":\"http:\\\/\\\/qtmm.org\\\/wp-content\\\/uploads\\\/2022\\\/01\\\/1_76.jpeg\",\"articleSection\":[\"Haberler\"],\"inLanguage\":\"qt\",\"potentialAction\":[{\"@type\":\"CommentAction\",\"name\":\"Comment\",\"target\":[\"https:\\\/\\\/qtmm.org\\\/qt\\\/milliy-meclis-berlinde-avropa-hatira-ve-vicdan-platformasinin-toplasuvinda-istirak-etti\\\/#respond\"]}]},{\"@type\":\"WebPage\",\"@id\":\"https:\\\/\\\/qtmm.org\\\/qt\\\/milliy-meclis-berlinde-avropa-hatira-ve-vicdan-platformasinin-toplasuvinda-istirak-etti\\\/\",\"url\":\"https:\\\/\\\/qtmm.org\\\/qt\\\/milliy-meclis-berlinde-avropa-hatira-ve-vicdan-platformasinin-toplasuvinda-istirak-etti\\\/\",\"name\":\"Milliy meclis berlinde Avropa Hatira ve Vicdan Platformasini\u00f1 topla\u015fuvinda i\u015ftirak etti - \u041c\u0435\u0434\u0436\u043b\u0456\u0441\",\"isPartOf\":{\"@id\":\"https:\\\/\\\/qtmm.org\\\/qt\\\/#website\"},\"primaryImageOfPage\":{\"@id\":\"https:\\\/\\\/qtmm.org\\\/qt\\\/milliy-meclis-berlinde-avropa-hatira-ve-vicdan-platformasinin-toplasuvinda-istirak-etti\\\/#primaryimage\"},\"image\":{\"@id\":\"https:\\\/\\\/qtmm.org\\\/qt\\\/milliy-meclis-berlinde-avropa-hatira-ve-vicdan-platformasinin-toplasuvinda-istirak-etti\\\/#primaryimage\"},\"thumbnailUrl\":\"http:\\\/\\\/qtmm.org\\\/wp-content\\\/uploads\\\/2022\\\/01\\\/1_76.jpeg\",\"datePublished\":\"2012-11-09T11:24:00+00:00\",\"dateModified\":\"2022-01-23T11:27:02+00:00\",\"breadcrumb\":{\"@id\":\"https:\\\/\\\/qtmm.org\\\/qt\\\/milliy-meclis-berlinde-avropa-hatira-ve-vicdan-platformasinin-toplasuvinda-istirak-etti\\\/#breadcrumb\"},\"inLanguage\":\"qt\",\"potentialAction\":[{\"@type\":\"ReadAction\",\"target\":[\"https:\\\/\\\/qtmm.org\\\/qt\\\/milliy-meclis-berlinde-avropa-hatira-ve-vicdan-platformasinin-toplasuvinda-istirak-etti\\\/\"]}]},{\"@type\":\"ImageObject\",\"inLanguage\":\"qt\",\"@id\":\"https:\\\/\\\/qtmm.org\\\/qt\\\/milliy-meclis-berlinde-avropa-hatira-ve-vicdan-platformasinin-toplasuvinda-istirak-etti\\\/#primaryimage\",\"url\":\"http:\\\/\\\/qtmm.org\\\/wp-content\\\/uploads\\\/2022\\\/01\\\/1_76.jpeg\",\"contentUrl\":\"http:\\\/\\\/qtmm.org\\\/wp-content\\\/uploads\\\/2022\\\/01\\\/1_76.jpeg\"},{\"@type\":\"BreadcrumbList\",\"@id\":\"https:\\\/\\\/qtmm.org\\\/qt\\\/milliy-meclis-berlinde-avropa-hatira-ve-vicdan-platformasinin-toplasuvinda-istirak-etti\\\/#breadcrumb\",\"itemListElement\":[{\"@type\":\"ListItem\",\"position\":1,\"name\":\"\u0413\u043e\u043b\u043e\u0432\u043d\u0430\",\"item\":\"https:\\\/\\\/qtmm.org\\\/qt\\\/\"},{\"@type\":\"ListItem\",\"position\":2,\"name\":\"Milliy meclis berlinde Avropa Hatira ve Vicdan Platformasini\u00f1 topla\u015fuvinda i\u015ftirak etti\"}]},{\"@type\":\"WebSite\",\"@id\":\"https:\\\/\\\/qtmm.org\\\/qt\\\/#website\",\"url\":\"https:\\\/\\\/qtmm.org\\\/qt\\\/\",\"name\":\"\u041c\u0435\u0434\u0436\u043b\u0456\u0441\",\"description\":\"\",\"publisher\":{\"@id\":\"https:\\\/\\\/qtmm.org\\\/qt\\\/#organization\"},\"potentialAction\":[{\"@type\":\"SearchAction\",\"target\":{\"@type\":\"EntryPoint\",\"urlTemplate\":\"https:\\\/\\\/qtmm.org\\\/qt\\\/?s={search_term_string}\"},\"query-input\":{\"@type\":\"PropertyValueSpecification\",\"valueRequired\":true,\"valueName\":\"search_term_string\"}}],\"inLanguage\":\"qt\"},{\"@type\":\"Organization\",\"@id\":\"https:\\\/\\\/qtmm.org\\\/qt\\\/#organization\",\"name\":\"\u041c\u0435\u0434\u0436\u043b\u0456\u0441\",\"url\":\"https:\\\/\\\/qtmm.org\\\/qt\\\/\",\"logo\":{\"@type\":\"ImageObject\",\"inLanguage\":\"qt\",\"@id\":\"https:\\\/\\\/qtmm.org\\\/qt\\\/#\\\/schema\\\/logo\\\/image\\\/\",\"url\":\"https:\\\/\\\/qtmm.org\\\/wp-content\\\/uploads\\\/2024\\\/12\\\/ua-mejlis-logo-rgb.svg\",\"contentUrl\":\"https:\\\/\\\/qtmm.org\\\/wp-content\\\/uploads\\\/2024\\\/12\\\/ua-mejlis-logo-rgb.svg\",\"caption\":\"\u041c\u0435\u0434\u0436\u043b\u0456\u0441\"},\"image\":{\"@id\":\"https:\\\/\\\/qtmm.org\\\/qt\\\/#\\\/schema\\\/logo\\\/image\\\/\"},\"sameAs\":[\"https:\\\/\\\/www.facebook.com\\\/qtmm.info\\\/\"]},{\"@type\":\"Person\",\"@id\":\"https:\\\/\\\/qtmm.org\\\/qt\\\/#\\\/schema\\\/person\\\/de562469f971dec226ac06e60bbf74a7\",\"name\":\"Developer\",\"image\":{\"@type\":\"ImageObject\",\"inLanguage\":\"qt\",\"@id\":\"https:\\\/\\\/secure.gravatar.com\\\/avatar\\\/392b4cc8fbfeb00b39dfeeab4ee6edded39ffd48e25858637e4765810300227e?s=96&d=mm&r=g\",\"url\":\"https:\\\/\\\/secure.gravatar.com\\\/avatar\\\/392b4cc8fbfeb00b39dfeeab4ee6edded39ffd48e25858637e4765810300227e?s=96&d=mm&r=g\",\"contentUrl\":\"https:\\\/\\\/secure.gravatar.com\\\/avatar\\\/392b4cc8fbfeb00b39dfeeab4ee6edded39ffd48e25858637e4765810300227e?s=96&d=mm&r=g\",\"caption\":\"Developer\"},\"url\":\"https:\\\/\\\/qtmm.org\\\/qt\\\/author\\\/Developer\\\/\"}]}<\/script>\n<!-- \/ Yoast SEO plugin. -->","yoast_head_json":{"title":"Milliy meclis berlinde Avropa Hatira ve Vicdan Platformasini\u00f1 topla\u015fuvinda i\u015ftirak etti - \u041c\u0435\u0434\u0436\u043b\u0456\u0441","robots":{"index":"index","follow":"follow","max-snippet":"max-snippet:-1","max-image-preview":"max-image-preview:large","max-video-preview":"max-video-preview:-1"},"canonical":"https:\/\/qtmm.org\/qt\/milliy-meclis-berlinde-avropa-hatira-ve-vicdan-platformasinin-toplasuvinda-istirak-etti\/","og_locale":"en_US","og_type":"article","og_title":"Milliy meclis berlinde Avropa Hatira ve Vicdan Platformasini\u00f1 topla\u015fuvinda i\u015ftirak etti - \u041c\u0435\u0434\u0436\u043b\u0456\u0441","og_description":"Noyabr 8-9 k\u00fcnleri Berlinde \u00f6tkerilgen Avropa Hat\u0131ra ve Vicdan platformas\u0131 azalar\u0131n\u0131\u00f1 topla\u015fuv\u0131nda \u015fu te\u015fkil\u00e2tqa 2012 senesi iy\u00fcn ay\u0131nda qabul etilgen Q\u0131r\u0131mtatar halq\u0131n\u0131\u00f1 meclisi de i\u015ftirak etti. Tedbir Almaniya demokratik cumhuriyeti Milliy tel\u00fckesizlik h\u0131zmeti apshanesi \u015etazi m\u00fczeyini\u00f1 binas\u0131nda ke\u00e7irilmekte. Bundan 23 y\u0131l evelsi ayn\u0131 \u015fu k\u00fcnlerde HH as\u0131rda kommunist rejimi taraf\u0131ndan yap\u0131l\u011fan cinayetlerni\u00f1 so\u00f1un\u0131 ifadelegen Berlin [&hellip;]","og_url":"https:\/\/qtmm.org\/qt\/milliy-meclis-berlinde-avropa-hatira-ve-vicdan-platformasinin-toplasuvinda-istirak-etti\/","og_site_name":"\u041c\u0435\u0434\u0436\u043b\u0456\u0441","article_publisher":"https:\/\/www.facebook.com\/qtmm.info\/","article_published_time":"2012-11-09T11:24:00+00:00","article_modified_time":"2022-01-23T11:27:02+00:00","og_image":[{"width":650,"height":350,"url":"https:\/\/qtmm.org\/wp-content\/uploads\/2022\/01\/1_76.jpeg","type":"image\/jpeg"}],"author":"Developer","twitter_card":"summary_large_image","twitter_misc":{"Written by":"Developer","Est. reading time":"5 minutes"},"schema":{"@context":"https:\/\/schema.org","@graph":[{"@type":"Article","@id":"https:\/\/qtmm.org\/qt\/milliy-meclis-berlinde-avropa-hatira-ve-vicdan-platformasinin-toplasuvinda-istirak-etti\/#article","isPartOf":{"@id":"https:\/\/qtmm.org\/qt\/milliy-meclis-berlinde-avropa-hatira-ve-vicdan-platformasinin-toplasuvinda-istirak-etti\/"},"author":{"name":"Developer","@id":"https:\/\/qtmm.org\/qt\/#\/schema\/person\/de562469f971dec226ac06e60bbf74a7"},"headline":"Milliy meclis berlinde Avropa Hatira ve Vicdan Platformasini\u00f1 topla\u015fuvinda i\u015ftirak etti","datePublished":"2012-11-09T11:24:00+00:00","dateModified":"2022-01-23T11:27:02+00:00","mainEntityOfPage":{"@id":"https:\/\/qtmm.org\/qt\/milliy-meclis-berlinde-avropa-hatira-ve-vicdan-platformasinin-toplasuvinda-istirak-etti\/"},"wordCount":982,"commentCount":0,"publisher":{"@id":"https:\/\/qtmm.org\/qt\/#organization"},"image":{"@id":"https:\/\/qtmm.org\/qt\/milliy-meclis-berlinde-avropa-hatira-ve-vicdan-platformasinin-toplasuvinda-istirak-etti\/#primaryimage"},"thumbnailUrl":"http:\/\/qtmm.org\/wp-content\/uploads\/2022\/01\/1_76.jpeg","articleSection":["Haberler"],"inLanguage":"qt","potentialAction":[{"@type":"CommentAction","name":"Comment","target":["https:\/\/qtmm.org\/qt\/milliy-meclis-berlinde-avropa-hatira-ve-vicdan-platformasinin-toplasuvinda-istirak-etti\/#respond"]}]},{"@type":"WebPage","@id":"https:\/\/qtmm.org\/qt\/milliy-meclis-berlinde-avropa-hatira-ve-vicdan-platformasinin-toplasuvinda-istirak-etti\/","url":"https:\/\/qtmm.org\/qt\/milliy-meclis-berlinde-avropa-hatira-ve-vicdan-platformasinin-toplasuvinda-istirak-etti\/","name":"Milliy meclis berlinde Avropa Hatira ve Vicdan Platformasini\u00f1 topla\u015fuvinda i\u015ftirak etti - \u041c\u0435\u0434\u0436\u043b\u0456\u0441","isPartOf":{"@id":"https:\/\/qtmm.org\/qt\/#website"},"primaryImageOfPage":{"@id":"https:\/\/qtmm.org\/qt\/milliy-meclis-berlinde-avropa-hatira-ve-vicdan-platformasinin-toplasuvinda-istirak-etti\/#primaryimage"},"image":{"@id":"https:\/\/qtmm.org\/qt\/milliy-meclis-berlinde-avropa-hatira-ve-vicdan-platformasinin-toplasuvinda-istirak-etti\/#primaryimage"},"thumbnailUrl":"http:\/\/qtmm.org\/wp-content\/uploads\/2022\/01\/1_76.jpeg","datePublished":"2012-11-09T11:24:00+00:00","dateModified":"2022-01-23T11:27:02+00:00","breadcrumb":{"@id":"https:\/\/qtmm.org\/qt\/milliy-meclis-berlinde-avropa-hatira-ve-vicdan-platformasinin-toplasuvinda-istirak-etti\/#breadcrumb"},"inLanguage":"qt","potentialAction":[{"@type":"ReadAction","target":["https:\/\/qtmm.org\/qt\/milliy-meclis-berlinde-avropa-hatira-ve-vicdan-platformasinin-toplasuvinda-istirak-etti\/"]}]},{"@type":"ImageObject","inLanguage":"qt","@id":"https:\/\/qtmm.org\/qt\/milliy-meclis-berlinde-avropa-hatira-ve-vicdan-platformasinin-toplasuvinda-istirak-etti\/#primaryimage","url":"http:\/\/qtmm.org\/wp-content\/uploads\/2022\/01\/1_76.jpeg","contentUrl":"http:\/\/qtmm.org\/wp-content\/uploads\/2022\/01\/1_76.jpeg"},{"@type":"BreadcrumbList","@id":"https:\/\/qtmm.org\/qt\/milliy-meclis-berlinde-avropa-hatira-ve-vicdan-platformasinin-toplasuvinda-istirak-etti\/#breadcrumb","itemListElement":[{"@type":"ListItem","position":1,"name":"\u0413\u043e\u043b\u043e\u0432\u043d\u0430","item":"https:\/\/qtmm.org\/qt\/"},{"@type":"ListItem","position":2,"name":"Milliy meclis berlinde Avropa Hatira ve Vicdan Platformasini\u00f1 topla\u015fuvinda i\u015ftirak etti"}]},{"@type":"WebSite","@id":"https:\/\/qtmm.org\/qt\/#website","url":"https:\/\/qtmm.org\/qt\/","name":"\u041c\u0435\u0434\u0436\u043b\u0456\u0441","description":"","publisher":{"@id":"https:\/\/qtmm.org\/qt\/#organization"},"potentialAction":[{"@type":"SearchAction","target":{"@type":"EntryPoint","urlTemplate":"https:\/\/qtmm.org\/qt\/?s={search_term_string}"},"query-input":{"@type":"PropertyValueSpecification","valueRequired":true,"valueName":"search_term_string"}}],"inLanguage":"qt"},{"@type":"Organization","@id":"https:\/\/qtmm.org\/qt\/#organization","name":"\u041c\u0435\u0434\u0436\u043b\u0456\u0441","url":"https:\/\/qtmm.org\/qt\/","logo":{"@type":"ImageObject","inLanguage":"qt","@id":"https:\/\/qtmm.org\/qt\/#\/schema\/logo\/image\/","url":"https:\/\/qtmm.org\/wp-content\/uploads\/2024\/12\/ua-mejlis-logo-rgb.svg","contentUrl":"https:\/\/qtmm.org\/wp-content\/uploads\/2024\/12\/ua-mejlis-logo-rgb.svg","caption":"\u041c\u0435\u0434\u0436\u043b\u0456\u0441"},"image":{"@id":"https:\/\/qtmm.org\/qt\/#\/schema\/logo\/image\/"},"sameAs":["https:\/\/www.facebook.com\/qtmm.info\/"]},{"@type":"Person","@id":"https:\/\/qtmm.org\/qt\/#\/schema\/person\/de562469f971dec226ac06e60bbf74a7","name":"Developer","image":{"@type":"ImageObject","inLanguage":"qt","@id":"https:\/\/secure.gravatar.com\/avatar\/392b4cc8fbfeb00b39dfeeab4ee6edded39ffd48e25858637e4765810300227e?s=96&d=mm&r=g","url":"https:\/\/secure.gravatar.com\/avatar\/392b4cc8fbfeb00b39dfeeab4ee6edded39ffd48e25858637e4765810300227e?s=96&d=mm&r=g","contentUrl":"https:\/\/secure.gravatar.com\/avatar\/392b4cc8fbfeb00b39dfeeab4ee6edded39ffd48e25858637e4765810300227e?s=96&d=mm&r=g","caption":"Developer"},"url":"https:\/\/qtmm.org\/qt\/author\/Developer\/"}]}},"_links":{"self":[{"href":"https:\/\/qtmm.org\/qt\/wp-json\/wp\/v2\/posts\/35004","targetHints":{"allow":["GET"]}}],"collection":[{"href":"https:\/\/qtmm.org\/qt\/wp-json\/wp\/v2\/posts"}],"about":[{"href":"https:\/\/qtmm.org\/qt\/wp-json\/wp\/v2\/types\/post"}],"author":[{"embeddable":true,"href":"https:\/\/qtmm.org\/qt\/wp-json\/wp\/v2\/users\/1"}],"replies":[{"embeddable":true,"href":"https:\/\/qtmm.org\/qt\/wp-json\/wp\/v2\/comments?post=35004"}],"version-history":[{"count":1,"href":"https:\/\/qtmm.org\/qt\/wp-json\/wp\/v2\/posts\/35004\/revisions"}],"predecessor-version":[{"id":35029,"href":"https:\/\/qtmm.org\/qt\/wp-json\/wp\/v2\/posts\/35004\/revisions\/35029"}],"wp:attachment":[{"href":"https:\/\/qtmm.org\/qt\/wp-json\/wp\/v2\/media?parent=35004"}],"wp:term":[{"taxonomy":"category","embeddable":true,"href":"https:\/\/qtmm.org\/qt\/wp-json\/wp\/v2\/categories?post=35004"},{"taxonomy":"post_tag","embeddable":true,"href":"https:\/\/qtmm.org\/qt\/wp-json\/wp\/v2\/tags?post=35004"}],"curies":[{"name":"wp","href":"https:\/\/api.w.org\/{rel}","templated":true}]}}