




{"id":34986,"date":"2012-11-08T14:22:00","date_gmt":"2012-11-08T11:22:00","guid":{"rendered":"http:\/\/qtmm.org\/?p=34986"},"modified":"2022-01-23T14:24:16","modified_gmt":"2022-01-23T11:24:16","slug":"berlinde-mustafa-cemilev-kommunist-rejimi-uzerinden-mahkemede-istirak-etti","status":"publish","type":"post","link":"https:\/\/qtmm.org\/qt\/berlinde-mustafa-cemilev-kommunist-rejimi-uzerinden-mahkemede-istirak-etti\/","title":{"rendered":"Berlinde Mustafa Cemilev \u00abkommunist rejimi \u00fczerinden mahkeme\u00bbde i\u015ftirak etti"},"content":{"rendered":"\n<p>2012 senesi noyabr 8-de Berlinde Avropa hat\u0131ras\u0131 ve vicdan\u0131 platformas\u0131 ke\u00f1e\u015fi azalar\u0131n\u0131\u00f1 &#8220;Avropada totalitarizm&#8221; mevzus\u0131nda topla\u015fuv\u0131 \u00f6z i\u015fini ba\u015flad\u0131.<\/p>\n\n\n\n<p>Platforma faaliyetinen ve te\u015fkil\u00e2tn\u0131\u00f1 ya\u00f1\u0131 azalar\u0131n\u0131 saylavnen ba\u011fl\u0131 meselelerni\u00f1 muzakeresinden so\u00f1 HH as\u0131rda kommunist rejimi yapqan cinayetlerni tedqiq et\u00fcv boyunca ba\u015f maqsadn\u0131 amelge ke\u00e7irmeknen me\u015f\u011ful olacaq \u0130\u015f\u00e7i gruppalar meydan\u011fa ketirildi.<\/p>\n\n\n\n<p>Meclis 2012 senesini\u00f1 iy\u00fcn ay\u0131ndan Platforman\u0131\u00f1 azas\u0131 olaraq Kommunist rejimi \u00fczerinden mahkeme \u0130\u015f\u00e7i gruppas\u0131na kirsetildi. Gruppada Almaniya, Romaniya, Latviya, Litva ve Sovetler Birligini\u00f1 vekilleri de qo\u015fuld\u0131lar.<\/p>\n\n\n\n<figure class=\"wp-block-image size-full\"><img loading=\"lazy\" decoding=\"async\" width=\"650\" height=\"350\" src=\"http:\/\/qtmm.org\/wp-content\/uploads\/2022\/01\/2_80.jpeg\" alt=\"\" class=\"wp-image-34991\" srcset=\"https:\/\/qtmm.org\/wp-content\/uploads\/2022\/01\/2_80.jpeg 650w, https:\/\/qtmm.org\/wp-content\/uploads\/2022\/01\/2_80-300x162.jpeg 300w\" sizes=\"auto, (max-width: 650px) 100vw, 650px\" \/><\/figure>\n\n\n\n<p>Milliy Melclis reisi Mustafa Cemilev i\u015f\u00e7i gruppa azalar\u0131n\u0131\u00f1 \u00f6g\u00fcnde \u00e7\u0131q\u0131\u015f yaparken &#8220;Kommunist rejimi, KPSS partiyas\u0131, on\u0131\u00f1 insan\u011fa z\u0131t mevkuresi \u00fczerinden mahkeme alicenap bir i\u015f, insaniyet tarih\u0131nda misli k\u00f6r\u00fclmegen vah\u015fiylikler qurbanlar\u0131n\u0131\u00f1 hat\u0131ras\u0131n\u0131 a\u00f1maq olur. Bun\u0131 yapmadan sab\u0131q sovetler akimiyeti hudud\u0131nda demokratiya printsiplerine uy\u011fan a\u00e7\u0131q cemiyet qurulmaz!&#8221;, dep qayd etti.<\/p>\n\n\n\n<figure class=\"wp-block-image size-full\"><img loading=\"lazy\" decoding=\"async\" width=\"650\" height=\"350\" src=\"http:\/\/qtmm.org\/wp-content\/uploads\/2022\/01\/3_51.jpeg\" alt=\"\" class=\"wp-image-34995\" srcset=\"https:\/\/qtmm.org\/wp-content\/uploads\/2022\/01\/3_51.jpeg 650w, https:\/\/qtmm.org\/wp-content\/uploads\/2022\/01\/3_51-300x162.jpeg 300w\" sizes=\"auto, (max-width: 650px) 100vw, 650px\" \/><\/figure>\n\n\n\n<p>Avropa Hat\u0131ra ve Vicdan\u0131 Platformas\u0131n\u0131\u00f1 topla\u015fuv\u0131 ve \u0130\u015f\u00e7i gruppan\u0131\u00f1 birinci mu\u015faveresi kommunist Almaniya devrinde milliy tel\u00fckesizlik h\u0131zmeti \u015eTAZ\u0130 apshanesi binas\u0131nda \u00f6tkerildi. 23 y\u0131l evelsi tamam \u015fu k\u00fcnleri 1989 senesi Berlik divar\u0131 y\u0131qt\u0131r\u0131ld\u0131. Bu \u2013 HH as\u0131rda kommunist rejimini\u00f1 darma-da\u011f\u0131n ol\u011fan\u0131n\u0131 k\u00f6sterdi.<\/p>\n\n\n\n<p>Noyabr 9 k\u00fcn\u00fc Berlinde Avropa hat\u0131ras\u0131 ve vicdan\u0131 platformas\u0131 ke\u00f1e\u015fi azalar\u0131 \u00f6z i\u015fini devam ettirdiler.<\/p>\n\n\n\n<figure class=\"wp-block-image size-full\"><img loading=\"lazy\" decoding=\"async\" width=\"650\" height=\"350\" src=\"http:\/\/qtmm.org\/wp-content\/uploads\/2022\/01\/4_50.jpeg\" alt=\"\" class=\"wp-image-34999\" srcset=\"https:\/\/qtmm.org\/wp-content\/uploads\/2022\/01\/4_50.jpeg 650w, https:\/\/qtmm.org\/wp-content\/uploads\/2022\/01\/4_50-300x162.jpeg 300w\" sizes=\"auto, (max-width: 650px) 100vw, 650px\" \/><\/figure>\n","protected":false},"excerpt":{"rendered":"<p>2012 senesi noyabr 8-de Berlinde Avropa hat\u0131ras\u0131 ve vicdan\u0131 platformas\u0131 ke\u00f1e\u015fi azalar\u0131n\u0131\u00f1 &#8220;Avropada totalitarizm&#8221; mevzus\u0131nda topla\u015fuv\u0131 \u00f6z i\u015fini ba\u015flad\u0131. Platforma faaliyetinen ve te\u015fkil\u00e2tn\u0131\u00f1 ya\u00f1\u0131 azalar\u0131n\u0131 saylavnen ba\u011fl\u0131 meselelerni\u00f1 muzakeresinden so\u00f1 HH as\u0131rda kommunist rejimi yapqan cinayetlerni tedqiq et\u00fcv boyunca ba\u015f maqsadn\u0131 amelge ke\u00e7irmeknen me\u015f\u011ful olacaq \u0130\u015f\u00e7i gruppalar meydan\u011fa ketirildi. Meclis 2012 senesini\u00f1 iy\u00fcn ay\u0131ndan Platforman\u0131\u00f1 [&hellip;]<\/p>\n","protected":false},"author":1,"featured_media":34987,"comment_status":"open","ping_status":"open","sticky":false,"template":"","format":"standard","meta":{"inline_featured_image":false,"footnotes":""},"categories":[265],"tags":[],"class_list":["post-34986","post","type-post","status-publish","format-standard","has-post-thumbnail","hentry","category-haberler"],"acf":[],"yoast_head":"<!-- This site is optimized with the Yoast SEO plugin v27.4 - https:\/\/yoast.com\/product\/yoast-seo-wordpress\/ -->\n<title>Berlinde Mustafa Cemilev \u00abkommunist rejimi \u00fczerinden mahkeme\u00bbde i\u015ftirak etti - \u041c\u0435\u0434\u0436\u043b\u0456\u0441<\/title>\n<meta name=\"robots\" content=\"index, follow, max-snippet:-1, max-image-preview:large, max-video-preview:-1\" \/>\n<link rel=\"canonical\" href=\"https:\/\/qtmm.org\/qt\/berlinde-mustafa-cemilev-kommunist-rejimi-uzerinden-mahkemede-istirak-etti\/\" \/>\n<meta property=\"og:locale\" content=\"en_US\" \/>\n<meta property=\"og:type\" content=\"article\" \/>\n<meta property=\"og:title\" content=\"Berlinde Mustafa Cemilev \u00abkommunist rejimi \u00fczerinden mahkeme\u00bbde i\u015ftirak etti - \u041c\u0435\u0434\u0436\u043b\u0456\u0441\" \/>\n<meta property=\"og:description\" content=\"2012 senesi noyabr 8-de Berlinde Avropa hat\u0131ras\u0131 ve vicdan\u0131 platformas\u0131 ke\u00f1e\u015fi azalar\u0131n\u0131\u00f1 &#8220;Avropada totalitarizm&#8221; mevzus\u0131nda topla\u015fuv\u0131 \u00f6z i\u015fini ba\u015flad\u0131. Platforma faaliyetinen ve te\u015fkil\u00e2tn\u0131\u00f1 ya\u00f1\u0131 azalar\u0131n\u0131 saylavnen ba\u011fl\u0131 meselelerni\u00f1 muzakeresinden so\u00f1 HH as\u0131rda kommunist rejimi yapqan cinayetlerni tedqiq et\u00fcv boyunca ba\u015f maqsadn\u0131 amelge ke\u00e7irmeknen me\u015f\u011ful olacaq \u0130\u015f\u00e7i gruppalar meydan\u011fa ketirildi. Meclis 2012 senesini\u00f1 iy\u00fcn ay\u0131ndan Platforman\u0131\u00f1 [&hellip;]\" \/>\n<meta property=\"og:url\" content=\"https:\/\/qtmm.org\/qt\/berlinde-mustafa-cemilev-kommunist-rejimi-uzerinden-mahkemede-istirak-etti\/\" \/>\n<meta property=\"og:site_name\" content=\"\u041c\u0435\u0434\u0436\u043b\u0456\u0441\" \/>\n<meta property=\"article:publisher\" content=\"https:\/\/www.facebook.com\/qtmm.info\/\" \/>\n<meta property=\"article:published_time\" content=\"2012-11-08T11:22:00+00:00\" \/>\n<meta property=\"article:modified_time\" content=\"2022-01-23T11:24:16+00:00\" \/>\n<meta property=\"og:image\" content=\"https:\/\/qtmm.org\/wp-content\/uploads\/2022\/01\/1_75.jpeg\" \/>\n\t<meta property=\"og:image:width\" content=\"650\" \/>\n\t<meta property=\"og:image:height\" content=\"400\" \/>\n\t<meta property=\"og:image:type\" content=\"image\/jpeg\" \/>\n<meta name=\"author\" content=\"Developer\" \/>\n<meta name=\"twitter:card\" content=\"summary_large_image\" \/>\n<meta name=\"twitter:label1\" content=\"Written by\" \/>\n\t<meta name=\"twitter:data1\" content=\"Developer\" \/>\n\t<meta name=\"twitter:label2\" content=\"Est. reading time\" \/>\n\t<meta name=\"twitter:data2\" content=\"1 minute\" \/>\n<script type=\"application\/ld+json\" class=\"yoast-schema-graph\">{\"@context\":\"https:\\\/\\\/schema.org\",\"@graph\":[{\"@type\":\"Article\",\"@id\":\"https:\\\/\\\/qtmm.org\\\/qt\\\/berlinde-mustafa-cemilev-kommunist-rejimi-uzerinden-mahkemede-istirak-etti\\\/#article\",\"isPartOf\":{\"@id\":\"https:\\\/\\\/qtmm.org\\\/qt\\\/berlinde-mustafa-cemilev-kommunist-rejimi-uzerinden-mahkemede-istirak-etti\\\/\"},\"author\":{\"name\":\"Developer\",\"@id\":\"https:\\\/\\\/qtmm.org\\\/qt\\\/#\\\/schema\\\/person\\\/de562469f971dec226ac06e60bbf74a7\"},\"headline\":\"Berlinde Mustafa Cemilev \u00abkommunist rejimi \u00fczerinden mahkeme\u00bbde i\u015ftirak etti\",\"datePublished\":\"2012-11-08T11:22:00+00:00\",\"dateModified\":\"2022-01-23T11:24:16+00:00\",\"mainEntityOfPage\":{\"@id\":\"https:\\\/\\\/qtmm.org\\\/qt\\\/berlinde-mustafa-cemilev-kommunist-rejimi-uzerinden-mahkemede-istirak-etti\\\/\"},\"wordCount\":245,\"commentCount\":0,\"publisher\":{\"@id\":\"https:\\\/\\\/qtmm.org\\\/qt\\\/#organization\"},\"image\":{\"@id\":\"https:\\\/\\\/qtmm.org\\\/qt\\\/berlinde-mustafa-cemilev-kommunist-rejimi-uzerinden-mahkemede-istirak-etti\\\/#primaryimage\"},\"thumbnailUrl\":\"https:\\\/\\\/qtmm.org\\\/wp-content\\\/uploads\\\/2022\\\/01\\\/1_75.jpeg\",\"articleSection\":[\"Haberler\"],\"inLanguage\":\"qt\",\"potentialAction\":[{\"@type\":\"CommentAction\",\"name\":\"Comment\",\"target\":[\"https:\\\/\\\/qtmm.org\\\/qt\\\/berlinde-mustafa-cemilev-kommunist-rejimi-uzerinden-mahkemede-istirak-etti\\\/#respond\"]}]},{\"@type\":\"WebPage\",\"@id\":\"https:\\\/\\\/qtmm.org\\\/qt\\\/berlinde-mustafa-cemilev-kommunist-rejimi-uzerinden-mahkemede-istirak-etti\\\/\",\"url\":\"https:\\\/\\\/qtmm.org\\\/qt\\\/berlinde-mustafa-cemilev-kommunist-rejimi-uzerinden-mahkemede-istirak-etti\\\/\",\"name\":\"Berlinde Mustafa Cemilev \u00abkommunist rejimi \u00fczerinden mahkeme\u00bbde i\u015ftirak etti - \u041c\u0435\u0434\u0436\u043b\u0456\u0441\",\"isPartOf\":{\"@id\":\"https:\\\/\\\/qtmm.org\\\/qt\\\/#website\"},\"primaryImageOfPage\":{\"@id\":\"https:\\\/\\\/qtmm.org\\\/qt\\\/berlinde-mustafa-cemilev-kommunist-rejimi-uzerinden-mahkemede-istirak-etti\\\/#primaryimage\"},\"image\":{\"@id\":\"https:\\\/\\\/qtmm.org\\\/qt\\\/berlinde-mustafa-cemilev-kommunist-rejimi-uzerinden-mahkemede-istirak-etti\\\/#primaryimage\"},\"thumbnailUrl\":\"https:\\\/\\\/qtmm.org\\\/wp-content\\\/uploads\\\/2022\\\/01\\\/1_75.jpeg\",\"datePublished\":\"2012-11-08T11:22:00+00:00\",\"dateModified\":\"2022-01-23T11:24:16+00:00\",\"breadcrumb\":{\"@id\":\"https:\\\/\\\/qtmm.org\\\/qt\\\/berlinde-mustafa-cemilev-kommunist-rejimi-uzerinden-mahkemede-istirak-etti\\\/#breadcrumb\"},\"inLanguage\":\"qt\",\"potentialAction\":[{\"@type\":\"ReadAction\",\"target\":[\"https:\\\/\\\/qtmm.org\\\/qt\\\/berlinde-mustafa-cemilev-kommunist-rejimi-uzerinden-mahkemede-istirak-etti\\\/\"]}]},{\"@type\":\"ImageObject\",\"inLanguage\":\"qt\",\"@id\":\"https:\\\/\\\/qtmm.org\\\/qt\\\/berlinde-mustafa-cemilev-kommunist-rejimi-uzerinden-mahkemede-istirak-etti\\\/#primaryimage\",\"url\":\"https:\\\/\\\/qtmm.org\\\/wp-content\\\/uploads\\\/2022\\\/01\\\/1_75.jpeg\",\"contentUrl\":\"https:\\\/\\\/qtmm.org\\\/wp-content\\\/uploads\\\/2022\\\/01\\\/1_75.jpeg\",\"width\":650,\"height\":400},{\"@type\":\"BreadcrumbList\",\"@id\":\"https:\\\/\\\/qtmm.org\\\/qt\\\/berlinde-mustafa-cemilev-kommunist-rejimi-uzerinden-mahkemede-istirak-etti\\\/#breadcrumb\",\"itemListElement\":[{\"@type\":\"ListItem\",\"position\":1,\"name\":\"\u0413\u043e\u043b\u043e\u0432\u043d\u0430\",\"item\":\"https:\\\/\\\/qtmm.org\\\/qt\\\/\"},{\"@type\":\"ListItem\",\"position\":2,\"name\":\"Berlinde Mustafa Cemilev \u00abkommunist rejimi \u00fczerinden mahkeme\u00bbde i\u015ftirak etti\"}]},{\"@type\":\"WebSite\",\"@id\":\"https:\\\/\\\/qtmm.org\\\/qt\\\/#website\",\"url\":\"https:\\\/\\\/qtmm.org\\\/qt\\\/\",\"name\":\"\u041c\u0435\u0434\u0436\u043b\u0456\u0441\",\"description\":\"\",\"publisher\":{\"@id\":\"https:\\\/\\\/qtmm.org\\\/qt\\\/#organization\"},\"potentialAction\":[{\"@type\":\"SearchAction\",\"target\":{\"@type\":\"EntryPoint\",\"urlTemplate\":\"https:\\\/\\\/qtmm.org\\\/qt\\\/?s={search_term_string}\"},\"query-input\":{\"@type\":\"PropertyValueSpecification\",\"valueRequired\":true,\"valueName\":\"search_term_string\"}}],\"inLanguage\":\"qt\"},{\"@type\":\"Organization\",\"@id\":\"https:\\\/\\\/qtmm.org\\\/qt\\\/#organization\",\"name\":\"\u041c\u0435\u0434\u0436\u043b\u0456\u0441\",\"url\":\"https:\\\/\\\/qtmm.org\\\/qt\\\/\",\"logo\":{\"@type\":\"ImageObject\",\"inLanguage\":\"qt\",\"@id\":\"https:\\\/\\\/qtmm.org\\\/qt\\\/#\\\/schema\\\/logo\\\/image\\\/\",\"url\":\"https:\\\/\\\/qtmm.org\\\/wp-content\\\/uploads\\\/2024\\\/12\\\/ua-mejlis-logo-rgb.svg\",\"contentUrl\":\"https:\\\/\\\/qtmm.org\\\/wp-content\\\/uploads\\\/2024\\\/12\\\/ua-mejlis-logo-rgb.svg\",\"caption\":\"\u041c\u0435\u0434\u0436\u043b\u0456\u0441\"},\"image\":{\"@id\":\"https:\\\/\\\/qtmm.org\\\/qt\\\/#\\\/schema\\\/logo\\\/image\\\/\"},\"sameAs\":[\"https:\\\/\\\/www.facebook.com\\\/qtmm.info\\\/\"]},{\"@type\":\"Person\",\"@id\":\"https:\\\/\\\/qtmm.org\\\/qt\\\/#\\\/schema\\\/person\\\/de562469f971dec226ac06e60bbf74a7\",\"name\":\"Developer\",\"image\":{\"@type\":\"ImageObject\",\"inLanguage\":\"qt\",\"@id\":\"https:\\\/\\\/secure.gravatar.com\\\/avatar\\\/392b4cc8fbfeb00b39dfeeab4ee6edded39ffd48e25858637e4765810300227e?s=96&d=mm&r=g\",\"url\":\"https:\\\/\\\/secure.gravatar.com\\\/avatar\\\/392b4cc8fbfeb00b39dfeeab4ee6edded39ffd48e25858637e4765810300227e?s=96&d=mm&r=g\",\"contentUrl\":\"https:\\\/\\\/secure.gravatar.com\\\/avatar\\\/392b4cc8fbfeb00b39dfeeab4ee6edded39ffd48e25858637e4765810300227e?s=96&d=mm&r=g\",\"caption\":\"Developer\"},\"url\":\"https:\\\/\\\/qtmm.org\\\/qt\\\/author\\\/Developer\\\/\"}]}<\/script>\n<!-- \/ Yoast SEO plugin. -->","yoast_head_json":{"title":"Berlinde Mustafa Cemilev \u00abkommunist rejimi \u00fczerinden mahkeme\u00bbde i\u015ftirak etti - \u041c\u0435\u0434\u0436\u043b\u0456\u0441","robots":{"index":"index","follow":"follow","max-snippet":"max-snippet:-1","max-image-preview":"max-image-preview:large","max-video-preview":"max-video-preview:-1"},"canonical":"https:\/\/qtmm.org\/qt\/berlinde-mustafa-cemilev-kommunist-rejimi-uzerinden-mahkemede-istirak-etti\/","og_locale":"en_US","og_type":"article","og_title":"Berlinde Mustafa Cemilev \u00abkommunist rejimi \u00fczerinden mahkeme\u00bbde i\u015ftirak etti - \u041c\u0435\u0434\u0436\u043b\u0456\u0441","og_description":"2012 senesi noyabr 8-de Berlinde Avropa hat\u0131ras\u0131 ve vicdan\u0131 platformas\u0131 ke\u00f1e\u015fi azalar\u0131n\u0131\u00f1 &#8220;Avropada totalitarizm&#8221; mevzus\u0131nda topla\u015fuv\u0131 \u00f6z i\u015fini ba\u015flad\u0131. Platforma faaliyetinen ve te\u015fkil\u00e2tn\u0131\u00f1 ya\u00f1\u0131 azalar\u0131n\u0131 saylavnen ba\u011fl\u0131 meselelerni\u00f1 muzakeresinden so\u00f1 HH as\u0131rda kommunist rejimi yapqan cinayetlerni tedqiq et\u00fcv boyunca ba\u015f maqsadn\u0131 amelge ke\u00e7irmeknen me\u015f\u011ful olacaq \u0130\u015f\u00e7i gruppalar meydan\u011fa ketirildi. Meclis 2012 senesini\u00f1 iy\u00fcn ay\u0131ndan Platforman\u0131\u00f1 [&hellip;]","og_url":"https:\/\/qtmm.org\/qt\/berlinde-mustafa-cemilev-kommunist-rejimi-uzerinden-mahkemede-istirak-etti\/","og_site_name":"\u041c\u0435\u0434\u0436\u043b\u0456\u0441","article_publisher":"https:\/\/www.facebook.com\/qtmm.info\/","article_published_time":"2012-11-08T11:22:00+00:00","article_modified_time":"2022-01-23T11:24:16+00:00","og_image":[{"width":650,"height":400,"url":"https:\/\/qtmm.org\/wp-content\/uploads\/2022\/01\/1_75.jpeg","type":"image\/jpeg"}],"author":"Developer","twitter_card":"summary_large_image","twitter_misc":{"Written by":"Developer","Est. reading time":"1 minute"},"schema":{"@context":"https:\/\/schema.org","@graph":[{"@type":"Article","@id":"https:\/\/qtmm.org\/qt\/berlinde-mustafa-cemilev-kommunist-rejimi-uzerinden-mahkemede-istirak-etti\/#article","isPartOf":{"@id":"https:\/\/qtmm.org\/qt\/berlinde-mustafa-cemilev-kommunist-rejimi-uzerinden-mahkemede-istirak-etti\/"},"author":{"name":"Developer","@id":"https:\/\/qtmm.org\/qt\/#\/schema\/person\/de562469f971dec226ac06e60bbf74a7"},"headline":"Berlinde Mustafa Cemilev \u00abkommunist rejimi \u00fczerinden mahkeme\u00bbde i\u015ftirak etti","datePublished":"2012-11-08T11:22:00+00:00","dateModified":"2022-01-23T11:24:16+00:00","mainEntityOfPage":{"@id":"https:\/\/qtmm.org\/qt\/berlinde-mustafa-cemilev-kommunist-rejimi-uzerinden-mahkemede-istirak-etti\/"},"wordCount":245,"commentCount":0,"publisher":{"@id":"https:\/\/qtmm.org\/qt\/#organization"},"image":{"@id":"https:\/\/qtmm.org\/qt\/berlinde-mustafa-cemilev-kommunist-rejimi-uzerinden-mahkemede-istirak-etti\/#primaryimage"},"thumbnailUrl":"https:\/\/qtmm.org\/wp-content\/uploads\/2022\/01\/1_75.jpeg","articleSection":["Haberler"],"inLanguage":"qt","potentialAction":[{"@type":"CommentAction","name":"Comment","target":["https:\/\/qtmm.org\/qt\/berlinde-mustafa-cemilev-kommunist-rejimi-uzerinden-mahkemede-istirak-etti\/#respond"]}]},{"@type":"WebPage","@id":"https:\/\/qtmm.org\/qt\/berlinde-mustafa-cemilev-kommunist-rejimi-uzerinden-mahkemede-istirak-etti\/","url":"https:\/\/qtmm.org\/qt\/berlinde-mustafa-cemilev-kommunist-rejimi-uzerinden-mahkemede-istirak-etti\/","name":"Berlinde Mustafa Cemilev \u00abkommunist rejimi \u00fczerinden mahkeme\u00bbde i\u015ftirak etti - \u041c\u0435\u0434\u0436\u043b\u0456\u0441","isPartOf":{"@id":"https:\/\/qtmm.org\/qt\/#website"},"primaryImageOfPage":{"@id":"https:\/\/qtmm.org\/qt\/berlinde-mustafa-cemilev-kommunist-rejimi-uzerinden-mahkemede-istirak-etti\/#primaryimage"},"image":{"@id":"https:\/\/qtmm.org\/qt\/berlinde-mustafa-cemilev-kommunist-rejimi-uzerinden-mahkemede-istirak-etti\/#primaryimage"},"thumbnailUrl":"https:\/\/qtmm.org\/wp-content\/uploads\/2022\/01\/1_75.jpeg","datePublished":"2012-11-08T11:22:00+00:00","dateModified":"2022-01-23T11:24:16+00:00","breadcrumb":{"@id":"https:\/\/qtmm.org\/qt\/berlinde-mustafa-cemilev-kommunist-rejimi-uzerinden-mahkemede-istirak-etti\/#breadcrumb"},"inLanguage":"qt","potentialAction":[{"@type":"ReadAction","target":["https:\/\/qtmm.org\/qt\/berlinde-mustafa-cemilev-kommunist-rejimi-uzerinden-mahkemede-istirak-etti\/"]}]},{"@type":"ImageObject","inLanguage":"qt","@id":"https:\/\/qtmm.org\/qt\/berlinde-mustafa-cemilev-kommunist-rejimi-uzerinden-mahkemede-istirak-etti\/#primaryimage","url":"https:\/\/qtmm.org\/wp-content\/uploads\/2022\/01\/1_75.jpeg","contentUrl":"https:\/\/qtmm.org\/wp-content\/uploads\/2022\/01\/1_75.jpeg","width":650,"height":400},{"@type":"BreadcrumbList","@id":"https:\/\/qtmm.org\/qt\/berlinde-mustafa-cemilev-kommunist-rejimi-uzerinden-mahkemede-istirak-etti\/#breadcrumb","itemListElement":[{"@type":"ListItem","position":1,"name":"\u0413\u043e\u043b\u043e\u0432\u043d\u0430","item":"https:\/\/qtmm.org\/qt\/"},{"@type":"ListItem","position":2,"name":"Berlinde Mustafa Cemilev \u00abkommunist rejimi \u00fczerinden mahkeme\u00bbde i\u015ftirak etti"}]},{"@type":"WebSite","@id":"https:\/\/qtmm.org\/qt\/#website","url":"https:\/\/qtmm.org\/qt\/","name":"\u041c\u0435\u0434\u0436\u043b\u0456\u0441","description":"","publisher":{"@id":"https:\/\/qtmm.org\/qt\/#organization"},"potentialAction":[{"@type":"SearchAction","target":{"@type":"EntryPoint","urlTemplate":"https:\/\/qtmm.org\/qt\/?s={search_term_string}"},"query-input":{"@type":"PropertyValueSpecification","valueRequired":true,"valueName":"search_term_string"}}],"inLanguage":"qt"},{"@type":"Organization","@id":"https:\/\/qtmm.org\/qt\/#organization","name":"\u041c\u0435\u0434\u0436\u043b\u0456\u0441","url":"https:\/\/qtmm.org\/qt\/","logo":{"@type":"ImageObject","inLanguage":"qt","@id":"https:\/\/qtmm.org\/qt\/#\/schema\/logo\/image\/","url":"https:\/\/qtmm.org\/wp-content\/uploads\/2024\/12\/ua-mejlis-logo-rgb.svg","contentUrl":"https:\/\/qtmm.org\/wp-content\/uploads\/2024\/12\/ua-mejlis-logo-rgb.svg","caption":"\u041c\u0435\u0434\u0436\u043b\u0456\u0441"},"image":{"@id":"https:\/\/qtmm.org\/qt\/#\/schema\/logo\/image\/"},"sameAs":["https:\/\/www.facebook.com\/qtmm.info\/"]},{"@type":"Person","@id":"https:\/\/qtmm.org\/qt\/#\/schema\/person\/de562469f971dec226ac06e60bbf74a7","name":"Developer","image":{"@type":"ImageObject","inLanguage":"qt","@id":"https:\/\/secure.gravatar.com\/avatar\/392b4cc8fbfeb00b39dfeeab4ee6edded39ffd48e25858637e4765810300227e?s=96&d=mm&r=g","url":"https:\/\/secure.gravatar.com\/avatar\/392b4cc8fbfeb00b39dfeeab4ee6edded39ffd48e25858637e4765810300227e?s=96&d=mm&r=g","contentUrl":"https:\/\/secure.gravatar.com\/avatar\/392b4cc8fbfeb00b39dfeeab4ee6edded39ffd48e25858637e4765810300227e?s=96&d=mm&r=g","caption":"Developer"},"url":"https:\/\/qtmm.org\/qt\/author\/Developer\/"}]}},"_links":{"self":[{"href":"https:\/\/qtmm.org\/qt\/wp-json\/wp\/v2\/posts\/34986","targetHints":{"allow":["GET"]}}],"collection":[{"href":"https:\/\/qtmm.org\/qt\/wp-json\/wp\/v2\/posts"}],"about":[{"href":"https:\/\/qtmm.org\/qt\/wp-json\/wp\/v2\/types\/post"}],"author":[{"embeddable":true,"href":"https:\/\/qtmm.org\/qt\/wp-json\/wp\/v2\/users\/1"}],"replies":[{"embeddable":true,"href":"https:\/\/qtmm.org\/qt\/wp-json\/wp\/v2\/comments?post=34986"}],"version-history":[{"count":1,"href":"https:\/\/qtmm.org\/qt\/wp-json\/wp\/v2\/posts\/34986\/revisions"}],"predecessor-version":[{"id":35003,"href":"https:\/\/qtmm.org\/qt\/wp-json\/wp\/v2\/posts\/34986\/revisions\/35003"}],"wp:featuredmedia":[{"embeddable":true,"href":"https:\/\/qtmm.org\/qt\/wp-json\/wp\/v2\/media\/34987"}],"wp:attachment":[{"href":"https:\/\/qtmm.org\/qt\/wp-json\/wp\/v2\/media?parent=34986"}],"wp:term":[{"taxonomy":"category","embeddable":true,"href":"https:\/\/qtmm.org\/qt\/wp-json\/wp\/v2\/categories?post=34986"},{"taxonomy":"post_tag","embeddable":true,"href":"https:\/\/qtmm.org\/qt\/wp-json\/wp\/v2\/tags?post=34986"}],"curies":[{"name":"wp","href":"https:\/\/api.w.org\/{rel}","templated":true}]}}