




{"id":34976,"date":"2012-10-31T14:20:00","date_gmt":"2012-10-31T11:20:00","guid":{"rendered":"http:\/\/qtmm.org\/?p=34976"},"modified":"2022-01-23T14:20:29","modified_gmt":"2022-01-23T11:20:29","slug":"aqmescit-rayonindaki-pervomayskoye-koyunin-merkeziy-soqaginda-vandalliq","status":"publish","type":"post","link":"https:\/\/qtmm.org\/qt\/aqmescit-rayonindaki-pervomayskoye-koyunin-merkeziy-soqaginda-vandalliq\/","title":{"rendered":"Aqmescit rayon\u0131ndaki Pervomayskoye k\u00f6y\u00fcni\u00f1 merkeziy soqa\u011f\u0131nda vandall\u0131q"},"content":{"rendered":"\n<p>2012 senesi okt\u00e2br 30 k\u00fcn\u00fc Aqmescit rayon\u0131ndaki Pervomayskoye k\u00f6y\u00fcni\u00f1 merkeziy soqa\u011f\u0131nda yolda qara boyanen Q\u0131r\u0131mda ya\u015fa\u011fan halqn\u0131 aqaretleyici provokatsion yaz\u0131 yaz\u0131l\u011fan.<\/p>\n\n\n\n<p>Bu aqta Pervomayskoye k\u00f6y meclisini\u00f1 azalar\u0131 haber ettiler. Yerli meclis vekilleri qabaatl\u0131larn\u0131 tapmaq talab\u0131 ile i\u00e7ki i\u015fler organlar\u0131na ve k\u00f6y reisine muracaatta bulund\u0131lar.<br><br>Okt\u00e2br 31 k\u00fcn\u00fc saat 10-da Pervomayskoye k\u00f6y \u015furas\u0131n\u0131\u00f1 idaresinde meclis azalar\u0131 ve qartlarn\u0131\u00f1 k\u00f6y reisinen ol\u011fan k\u00f6r\u00fc\u015f\u00fcvinde yerli nezaret\u00e7i ve Ukraina Tel\u00fckesizlik h\u0131zmeti rayon b\u00f6l\u00fcgini\u00f1 hadimleri de i\u015ftirak ettiler.<\/p>\n\n\n\n<p>K\u00f6y \u015furas\u0131n\u0131\u00f1 reisi y\u00fcz bergen bu i\u015f i\u00e7\u00fcn afu sorad\u0131. Uquqqoruv organlar\u0131n\u0131\u00f1 hadimleri ise adise boyunca taqiqat al\u0131p bar\u0131laca\u011f\u0131nda i\u015fand\u0131rd\u0131lar.<\/p>\n","protected":false},"excerpt":{"rendered":"<p>2012 senesi okt\u00e2br 30 k\u00fcn\u00fc Aqmescit rayon\u0131ndaki Pervomayskoye k\u00f6y\u00fcni\u00f1 merkeziy soqa\u011f\u0131nda yolda qara boyanen Q\u0131r\u0131mda ya\u015fa\u011fan halqn\u0131 aqaretleyici provokatsion yaz\u0131 yaz\u0131l\u011fan. Bu aqta Pervomayskoye k\u00f6y meclisini\u00f1 azalar\u0131 haber ettiler. Yerli meclis vekilleri qabaatl\u0131larn\u0131 tapmaq talab\u0131 ile i\u00e7ki i\u015fler organlar\u0131na ve k\u00f6y reisine muracaatta bulund\u0131lar. Okt\u00e2br 31 k\u00fcn\u00fc saat 10-da Pervomayskoye k\u00f6y \u015furas\u0131n\u0131\u00f1 idaresinde meclis azalar\u0131 [&hellip;]<\/p>\n","protected":false},"author":1,"featured_media":0,"comment_status":"open","ping_status":"open","sticky":false,"template":"","format":"standard","meta":{"inline_featured_image":false,"footnotes":""},"categories":[265],"tags":[],"class_list":["post-34976","post","type-post","status-publish","format-standard","hentry","category-haberler"],"acf":[],"yoast_head":"<!-- This site is optimized with the Yoast SEO plugin v27.4 - https:\/\/yoast.com\/product\/yoast-seo-wordpress\/ -->\n<title>Aqmescit rayon\u0131ndaki Pervomayskoye k\u00f6y\u00fcni\u00f1 merkeziy soqa\u011f\u0131nda vandall\u0131q - \u041c\u0435\u0434\u0436\u043b\u0456\u0441<\/title>\n<meta name=\"robots\" content=\"index, follow, max-snippet:-1, max-image-preview:large, max-video-preview:-1\" \/>\n<link rel=\"canonical\" href=\"https:\/\/qtmm.org\/qt\/aqmescit-rayonindaki-pervomayskoye-koyunin-merkeziy-soqaginda-vandalliq\/\" \/>\n<meta property=\"og:locale\" content=\"en_US\" \/>\n<meta property=\"og:type\" content=\"article\" \/>\n<meta property=\"og:title\" content=\"Aqmescit rayon\u0131ndaki Pervomayskoye k\u00f6y\u00fcni\u00f1 merkeziy soqa\u011f\u0131nda vandall\u0131q - \u041c\u0435\u0434\u0436\u043b\u0456\u0441\" \/>\n<meta property=\"og:description\" content=\"2012 senesi okt\u00e2br 30 k\u00fcn\u00fc Aqmescit rayon\u0131ndaki Pervomayskoye k\u00f6y\u00fcni\u00f1 merkeziy soqa\u011f\u0131nda yolda qara boyanen Q\u0131r\u0131mda ya\u015fa\u011fan halqn\u0131 aqaretleyici provokatsion yaz\u0131 yaz\u0131l\u011fan. Bu aqta Pervomayskoye k\u00f6y meclisini\u00f1 azalar\u0131 haber ettiler. Yerli meclis vekilleri qabaatl\u0131larn\u0131 tapmaq talab\u0131 ile i\u00e7ki i\u015fler organlar\u0131na ve k\u00f6y reisine muracaatta bulund\u0131lar. Okt\u00e2br 31 k\u00fcn\u00fc saat 10-da Pervomayskoye k\u00f6y \u015furas\u0131n\u0131\u00f1 idaresinde meclis azalar\u0131 [&hellip;]\" \/>\n<meta property=\"og:url\" content=\"https:\/\/qtmm.org\/qt\/aqmescit-rayonindaki-pervomayskoye-koyunin-merkeziy-soqaginda-vandalliq\/\" \/>\n<meta property=\"og:site_name\" content=\"\u041c\u0435\u0434\u0436\u043b\u0456\u0441\" \/>\n<meta property=\"article:publisher\" content=\"https:\/\/www.facebook.com\/qtmm.info\/\" \/>\n<meta property=\"article:published_time\" content=\"2012-10-31T11:20:00+00:00\" \/>\n<meta property=\"article:modified_time\" content=\"2022-01-23T11:20:29+00:00\" \/>\n<meta name=\"author\" content=\"Developer\" \/>\n<meta name=\"twitter:card\" content=\"summary_large_image\" \/>\n<meta name=\"twitter:label1\" content=\"Written by\" \/>\n\t<meta name=\"twitter:data1\" content=\"Developer\" \/>\n\t<meta name=\"twitter:label2\" content=\"Est. reading time\" \/>\n\t<meta name=\"twitter:data2\" content=\"1 minute\" \/>\n<script type=\"application\/ld+json\" class=\"yoast-schema-graph\">{\"@context\":\"https:\\\/\\\/schema.org\",\"@graph\":[{\"@type\":\"Article\",\"@id\":\"https:\\\/\\\/qtmm.org\\\/qt\\\/aqmescit-rayonindaki-pervomayskoye-koyunin-merkeziy-soqaginda-vandalliq\\\/#article\",\"isPartOf\":{\"@id\":\"https:\\\/\\\/qtmm.org\\\/qt\\\/aqmescit-rayonindaki-pervomayskoye-koyunin-merkeziy-soqaginda-vandalliq\\\/\"},\"author\":{\"name\":\"Developer\",\"@id\":\"https:\\\/\\\/qtmm.org\\\/qt\\\/#\\\/schema\\\/person\\\/de562469f971dec226ac06e60bbf74a7\"},\"headline\":\"Aqmescit rayon\u0131ndaki Pervomayskoye k\u00f6y\u00fcni\u00f1 merkeziy soqa\u011f\u0131nda vandall\u0131q\",\"datePublished\":\"2012-10-31T11:20:00+00:00\",\"dateModified\":\"2022-01-23T11:20:29+00:00\",\"mainEntityOfPage\":{\"@id\":\"https:\\\/\\\/qtmm.org\\\/qt\\\/aqmescit-rayonindaki-pervomayskoye-koyunin-merkeziy-soqaginda-vandalliq\\\/\"},\"wordCount\":146,\"commentCount\":0,\"publisher\":{\"@id\":\"https:\\\/\\\/qtmm.org\\\/qt\\\/#organization\"},\"articleSection\":[\"Haberler\"],\"inLanguage\":\"qt\",\"potentialAction\":[{\"@type\":\"CommentAction\",\"name\":\"Comment\",\"target\":[\"https:\\\/\\\/qtmm.org\\\/qt\\\/aqmescit-rayonindaki-pervomayskoye-koyunin-merkeziy-soqaginda-vandalliq\\\/#respond\"]}]},{\"@type\":\"WebPage\",\"@id\":\"https:\\\/\\\/qtmm.org\\\/qt\\\/aqmescit-rayonindaki-pervomayskoye-koyunin-merkeziy-soqaginda-vandalliq\\\/\",\"url\":\"https:\\\/\\\/qtmm.org\\\/qt\\\/aqmescit-rayonindaki-pervomayskoye-koyunin-merkeziy-soqaginda-vandalliq\\\/\",\"name\":\"Aqmescit rayon\u0131ndaki Pervomayskoye k\u00f6y\u00fcni\u00f1 merkeziy soqa\u011f\u0131nda vandall\u0131q - \u041c\u0435\u0434\u0436\u043b\u0456\u0441\",\"isPartOf\":{\"@id\":\"https:\\\/\\\/qtmm.org\\\/qt\\\/#website\"},\"datePublished\":\"2012-10-31T11:20:00+00:00\",\"dateModified\":\"2022-01-23T11:20:29+00:00\",\"breadcrumb\":{\"@id\":\"https:\\\/\\\/qtmm.org\\\/qt\\\/aqmescit-rayonindaki-pervomayskoye-koyunin-merkeziy-soqaginda-vandalliq\\\/#breadcrumb\"},\"inLanguage\":\"qt\",\"potentialAction\":[{\"@type\":\"ReadAction\",\"target\":[\"https:\\\/\\\/qtmm.org\\\/qt\\\/aqmescit-rayonindaki-pervomayskoye-koyunin-merkeziy-soqaginda-vandalliq\\\/\"]}]},{\"@type\":\"BreadcrumbList\",\"@id\":\"https:\\\/\\\/qtmm.org\\\/qt\\\/aqmescit-rayonindaki-pervomayskoye-koyunin-merkeziy-soqaginda-vandalliq\\\/#breadcrumb\",\"itemListElement\":[{\"@type\":\"ListItem\",\"position\":1,\"name\":\"\u0413\u043e\u043b\u043e\u0432\u043d\u0430\",\"item\":\"https:\\\/\\\/qtmm.org\\\/qt\\\/\"},{\"@type\":\"ListItem\",\"position\":2,\"name\":\"Aqmescit rayon\u0131ndaki Pervomayskoye k\u00f6y\u00fcni\u00f1 merkeziy soqa\u011f\u0131nda vandall\u0131q\"}]},{\"@type\":\"WebSite\",\"@id\":\"https:\\\/\\\/qtmm.org\\\/qt\\\/#website\",\"url\":\"https:\\\/\\\/qtmm.org\\\/qt\\\/\",\"name\":\"\u041c\u0435\u0434\u0436\u043b\u0456\u0441\",\"description\":\"\",\"publisher\":{\"@id\":\"https:\\\/\\\/qtmm.org\\\/qt\\\/#organization\"},\"potentialAction\":[{\"@type\":\"SearchAction\",\"target\":{\"@type\":\"EntryPoint\",\"urlTemplate\":\"https:\\\/\\\/qtmm.org\\\/qt\\\/?s={search_term_string}\"},\"query-input\":{\"@type\":\"PropertyValueSpecification\",\"valueRequired\":true,\"valueName\":\"search_term_string\"}}],\"inLanguage\":\"qt\"},{\"@type\":\"Organization\",\"@id\":\"https:\\\/\\\/qtmm.org\\\/qt\\\/#organization\",\"name\":\"\u041c\u0435\u0434\u0436\u043b\u0456\u0441\",\"url\":\"https:\\\/\\\/qtmm.org\\\/qt\\\/\",\"logo\":{\"@type\":\"ImageObject\",\"inLanguage\":\"qt\",\"@id\":\"https:\\\/\\\/qtmm.org\\\/qt\\\/#\\\/schema\\\/logo\\\/image\\\/\",\"url\":\"https:\\\/\\\/qtmm.org\\\/wp-content\\\/uploads\\\/2024\\\/12\\\/ua-mejlis-logo-rgb.svg\",\"contentUrl\":\"https:\\\/\\\/qtmm.org\\\/wp-content\\\/uploads\\\/2024\\\/12\\\/ua-mejlis-logo-rgb.svg\",\"caption\":\"\u041c\u0435\u0434\u0436\u043b\u0456\u0441\"},\"image\":{\"@id\":\"https:\\\/\\\/qtmm.org\\\/qt\\\/#\\\/schema\\\/logo\\\/image\\\/\"},\"sameAs\":[\"https:\\\/\\\/www.facebook.com\\\/qtmm.info\\\/\"]},{\"@type\":\"Person\",\"@id\":\"https:\\\/\\\/qtmm.org\\\/qt\\\/#\\\/schema\\\/person\\\/de562469f971dec226ac06e60bbf74a7\",\"name\":\"Developer\",\"image\":{\"@type\":\"ImageObject\",\"inLanguage\":\"qt\",\"@id\":\"https:\\\/\\\/secure.gravatar.com\\\/avatar\\\/392b4cc8fbfeb00b39dfeeab4ee6edded39ffd48e25858637e4765810300227e?s=96&d=mm&r=g\",\"url\":\"https:\\\/\\\/secure.gravatar.com\\\/avatar\\\/392b4cc8fbfeb00b39dfeeab4ee6edded39ffd48e25858637e4765810300227e?s=96&d=mm&r=g\",\"contentUrl\":\"https:\\\/\\\/secure.gravatar.com\\\/avatar\\\/392b4cc8fbfeb00b39dfeeab4ee6edded39ffd48e25858637e4765810300227e?s=96&d=mm&r=g\",\"caption\":\"Developer\"},\"url\":\"https:\\\/\\\/qtmm.org\\\/qt\\\/author\\\/Developer\\\/\"}]}<\/script>\n<!-- \/ Yoast SEO plugin. -->","yoast_head_json":{"title":"Aqmescit rayon\u0131ndaki Pervomayskoye k\u00f6y\u00fcni\u00f1 merkeziy soqa\u011f\u0131nda vandall\u0131q - \u041c\u0435\u0434\u0436\u043b\u0456\u0441","robots":{"index":"index","follow":"follow","max-snippet":"max-snippet:-1","max-image-preview":"max-image-preview:large","max-video-preview":"max-video-preview:-1"},"canonical":"https:\/\/qtmm.org\/qt\/aqmescit-rayonindaki-pervomayskoye-koyunin-merkeziy-soqaginda-vandalliq\/","og_locale":"en_US","og_type":"article","og_title":"Aqmescit rayon\u0131ndaki Pervomayskoye k\u00f6y\u00fcni\u00f1 merkeziy soqa\u011f\u0131nda vandall\u0131q - \u041c\u0435\u0434\u0436\u043b\u0456\u0441","og_description":"2012 senesi okt\u00e2br 30 k\u00fcn\u00fc Aqmescit rayon\u0131ndaki Pervomayskoye k\u00f6y\u00fcni\u00f1 merkeziy soqa\u011f\u0131nda yolda qara boyanen Q\u0131r\u0131mda ya\u015fa\u011fan halqn\u0131 aqaretleyici provokatsion yaz\u0131 yaz\u0131l\u011fan. Bu aqta Pervomayskoye k\u00f6y meclisini\u00f1 azalar\u0131 haber ettiler. Yerli meclis vekilleri qabaatl\u0131larn\u0131 tapmaq talab\u0131 ile i\u00e7ki i\u015fler organlar\u0131na ve k\u00f6y reisine muracaatta bulund\u0131lar. Okt\u00e2br 31 k\u00fcn\u00fc saat 10-da Pervomayskoye k\u00f6y \u015furas\u0131n\u0131\u00f1 idaresinde meclis azalar\u0131 [&hellip;]","og_url":"https:\/\/qtmm.org\/qt\/aqmescit-rayonindaki-pervomayskoye-koyunin-merkeziy-soqaginda-vandalliq\/","og_site_name":"\u041c\u0435\u0434\u0436\u043b\u0456\u0441","article_publisher":"https:\/\/www.facebook.com\/qtmm.info\/","article_published_time":"2012-10-31T11:20:00+00:00","article_modified_time":"2022-01-23T11:20:29+00:00","author":"Developer","twitter_card":"summary_large_image","twitter_misc":{"Written by":"Developer","Est. reading time":"1 minute"},"schema":{"@context":"https:\/\/schema.org","@graph":[{"@type":"Article","@id":"https:\/\/qtmm.org\/qt\/aqmescit-rayonindaki-pervomayskoye-koyunin-merkeziy-soqaginda-vandalliq\/#article","isPartOf":{"@id":"https:\/\/qtmm.org\/qt\/aqmescit-rayonindaki-pervomayskoye-koyunin-merkeziy-soqaginda-vandalliq\/"},"author":{"name":"Developer","@id":"https:\/\/qtmm.org\/qt\/#\/schema\/person\/de562469f971dec226ac06e60bbf74a7"},"headline":"Aqmescit rayon\u0131ndaki Pervomayskoye k\u00f6y\u00fcni\u00f1 merkeziy soqa\u011f\u0131nda vandall\u0131q","datePublished":"2012-10-31T11:20:00+00:00","dateModified":"2022-01-23T11:20:29+00:00","mainEntityOfPage":{"@id":"https:\/\/qtmm.org\/qt\/aqmescit-rayonindaki-pervomayskoye-koyunin-merkeziy-soqaginda-vandalliq\/"},"wordCount":146,"commentCount":0,"publisher":{"@id":"https:\/\/qtmm.org\/qt\/#organization"},"articleSection":["Haberler"],"inLanguage":"qt","potentialAction":[{"@type":"CommentAction","name":"Comment","target":["https:\/\/qtmm.org\/qt\/aqmescit-rayonindaki-pervomayskoye-koyunin-merkeziy-soqaginda-vandalliq\/#respond"]}]},{"@type":"WebPage","@id":"https:\/\/qtmm.org\/qt\/aqmescit-rayonindaki-pervomayskoye-koyunin-merkeziy-soqaginda-vandalliq\/","url":"https:\/\/qtmm.org\/qt\/aqmescit-rayonindaki-pervomayskoye-koyunin-merkeziy-soqaginda-vandalliq\/","name":"Aqmescit rayon\u0131ndaki Pervomayskoye k\u00f6y\u00fcni\u00f1 merkeziy soqa\u011f\u0131nda vandall\u0131q - \u041c\u0435\u0434\u0436\u043b\u0456\u0441","isPartOf":{"@id":"https:\/\/qtmm.org\/qt\/#website"},"datePublished":"2012-10-31T11:20:00+00:00","dateModified":"2022-01-23T11:20:29+00:00","breadcrumb":{"@id":"https:\/\/qtmm.org\/qt\/aqmescit-rayonindaki-pervomayskoye-koyunin-merkeziy-soqaginda-vandalliq\/#breadcrumb"},"inLanguage":"qt","potentialAction":[{"@type":"ReadAction","target":["https:\/\/qtmm.org\/qt\/aqmescit-rayonindaki-pervomayskoye-koyunin-merkeziy-soqaginda-vandalliq\/"]}]},{"@type":"BreadcrumbList","@id":"https:\/\/qtmm.org\/qt\/aqmescit-rayonindaki-pervomayskoye-koyunin-merkeziy-soqaginda-vandalliq\/#breadcrumb","itemListElement":[{"@type":"ListItem","position":1,"name":"\u0413\u043e\u043b\u043e\u0432\u043d\u0430","item":"https:\/\/qtmm.org\/qt\/"},{"@type":"ListItem","position":2,"name":"Aqmescit rayon\u0131ndaki Pervomayskoye k\u00f6y\u00fcni\u00f1 merkeziy soqa\u011f\u0131nda vandall\u0131q"}]},{"@type":"WebSite","@id":"https:\/\/qtmm.org\/qt\/#website","url":"https:\/\/qtmm.org\/qt\/","name":"\u041c\u0435\u0434\u0436\u043b\u0456\u0441","description":"","publisher":{"@id":"https:\/\/qtmm.org\/qt\/#organization"},"potentialAction":[{"@type":"SearchAction","target":{"@type":"EntryPoint","urlTemplate":"https:\/\/qtmm.org\/qt\/?s={search_term_string}"},"query-input":{"@type":"PropertyValueSpecification","valueRequired":true,"valueName":"search_term_string"}}],"inLanguage":"qt"},{"@type":"Organization","@id":"https:\/\/qtmm.org\/qt\/#organization","name":"\u041c\u0435\u0434\u0436\u043b\u0456\u0441","url":"https:\/\/qtmm.org\/qt\/","logo":{"@type":"ImageObject","inLanguage":"qt","@id":"https:\/\/qtmm.org\/qt\/#\/schema\/logo\/image\/","url":"https:\/\/qtmm.org\/wp-content\/uploads\/2024\/12\/ua-mejlis-logo-rgb.svg","contentUrl":"https:\/\/qtmm.org\/wp-content\/uploads\/2024\/12\/ua-mejlis-logo-rgb.svg","caption":"\u041c\u0435\u0434\u0436\u043b\u0456\u0441"},"image":{"@id":"https:\/\/qtmm.org\/qt\/#\/schema\/logo\/image\/"},"sameAs":["https:\/\/www.facebook.com\/qtmm.info\/"]},{"@type":"Person","@id":"https:\/\/qtmm.org\/qt\/#\/schema\/person\/de562469f971dec226ac06e60bbf74a7","name":"Developer","image":{"@type":"ImageObject","inLanguage":"qt","@id":"https:\/\/secure.gravatar.com\/avatar\/392b4cc8fbfeb00b39dfeeab4ee6edded39ffd48e25858637e4765810300227e?s=96&d=mm&r=g","url":"https:\/\/secure.gravatar.com\/avatar\/392b4cc8fbfeb00b39dfeeab4ee6edded39ffd48e25858637e4765810300227e?s=96&d=mm&r=g","contentUrl":"https:\/\/secure.gravatar.com\/avatar\/392b4cc8fbfeb00b39dfeeab4ee6edded39ffd48e25858637e4765810300227e?s=96&d=mm&r=g","caption":"Developer"},"url":"https:\/\/qtmm.org\/qt\/author\/Developer\/"}]}},"_links":{"self":[{"href":"https:\/\/qtmm.org\/qt\/wp-json\/wp\/v2\/posts\/34976","targetHints":{"allow":["GET"]}}],"collection":[{"href":"https:\/\/qtmm.org\/qt\/wp-json\/wp\/v2\/posts"}],"about":[{"href":"https:\/\/qtmm.org\/qt\/wp-json\/wp\/v2\/types\/post"}],"author":[{"embeddable":true,"href":"https:\/\/qtmm.org\/qt\/wp-json\/wp\/v2\/users\/1"}],"replies":[{"embeddable":true,"href":"https:\/\/qtmm.org\/qt\/wp-json\/wp\/v2\/comments?post=34976"}],"version-history":[{"count":1,"href":"https:\/\/qtmm.org\/qt\/wp-json\/wp\/v2\/posts\/34976\/revisions"}],"predecessor-version":[{"id":34977,"href":"https:\/\/qtmm.org\/qt\/wp-json\/wp\/v2\/posts\/34976\/revisions\/34977"}],"wp:attachment":[{"href":"https:\/\/qtmm.org\/qt\/wp-json\/wp\/v2\/media?parent=34976"}],"wp:term":[{"taxonomy":"category","embeddable":true,"href":"https:\/\/qtmm.org\/qt\/wp-json\/wp\/v2\/categories?post=34976"},{"taxonomy":"post_tag","embeddable":true,"href":"https:\/\/qtmm.org\/qt\/wp-json\/wp\/v2\/tags?post=34976"}],"curies":[{"name":"wp","href":"https:\/\/api.w.org\/{rel}","templated":true}]}}