




{"id":34974,"date":"2012-10-30T14:19:00","date_gmt":"2012-10-30T11:19:00","guid":{"rendered":"http:\/\/qtmm.org\/?p=34974"},"modified":"2022-01-23T14:19:49","modified_gmt":"2022-01-23T11:19:49","slug":"remzi-ilyasovga-birinci-dereceli-devlet-hizmetcisi-unvani-berildi","status":"publish","type":"post","link":"https:\/\/qtmm.org\/qt\/remzi-ilyasovga-birinci-dereceli-devlet-hizmetcisi-unvani-berildi\/","title":{"rendered":"Remzi \u0130lyasov\u011fa birinci dereceli devlet h\u0131zmet\u00e7isi unvan\u0131 berildi"},"content":{"rendered":"\n<p>Ukraina Prezidenti Viktor Yanukovi\u00e7 Q\u0131r\u0131mtatar halq\u0131 Meclisi reisini\u00f1 muavini, Q\u0131r\u0131m Yuqar\u0131 \u015euras\u0131 Milletlerara munasebetler ve s\u00fcrg\u00fcn etilgen grajdanlarn\u0131\u00f1 i\u015fleri boyunca daimiy komissiyas\u0131n\u0131\u00f1 reisi Remzi \u0130lyasov\u011fa birinci dereceli devlet h\u0131zmet\u00e7isi unvan\u0131n\u0131 ber\u00fcv aqq\u0131nda fermann\u0131 imzalad\u0131.<\/p>\n\n\n\n<p>Ferman &#8220;Devlet h\u0131zmeti aqq\u0131nda&#8221; Ukraina Qanun\u0131n\u0131\u00f1 26-nc\u0131 maddesine binaen imzaland\u0131.<br><br>Mal\u00fcmat i\u00e7\u00fcn: Remzi \u0130lyasov 1958 senesi aprel 12-de \u00d6zbekistann\u0131\u00f1 Fer\u011fana \u015feerinde d\u00fcnya\u011fa keldi. Aliy mal\u00fcmatl\u0131, 1983 senesi Tomsk \u015feerindeki m\u00fcendislik-quruc\u0131l\u0131q institut\u0131n\u0131\u00f1 &#8220;Quruc\u0131l\u0131q malzemeleri sanay\u0131s\u0131n\u0131\u00f1 iqtisadiyat\u0131 ve te\u015fkil\u00e2tland\u0131r\u0131luv\u0131&#8221; b\u00f6l\u00fcgini bitirip, iqtisadiyat\u00e7\u0131 m\u00fcendis zenaat saibi old\u0131.<br>2006 senesinden &#8211; Q\u0131r\u0131m Yuqar\u0131 \u015euras\u0131 Milletlerara munasebetler ve s\u00fcrg\u00fcn etilgen grajdanlarn\u0131\u00f1 i\u015fleri boyunca daimiy komissiyas\u0131n\u0131\u00f1 reisi<br><br>Q\u0131r\u0131mtatar halq\u0131 Qurultay\u0131n\u0131\u00f1 (1991\u20131996 seneleor, 2001\u20132007 seneler, 2007 y\u0131l\u0131ndan bug\u00fcnge qadar) delegat\u0131d\u0131r.<br><br>Q\u0131r\u0131mtatar halq\u0131 Meclisini\u00f1 erk\u00e2n\u0131na \u00fc\u00e7 kere sayland\u0131.<br><br>2001 senesinden Q\u0131r\u0131mtatar halq\u0131 Meclisi reisini\u00f1 muavini.<br><br>Ukrainada nam qazan\u011fan iqtisadiyat\u00e7\u0131. Q\u0131r\u0131m Yuqar\u0131 \u015euras\u0131n\u0131\u00f1 2006\u20132010 seneleri \u00e7a\u011f\u0131r\u0131l\u0131\u015f\u0131, 2010 senesinden Q\u0131r\u0131m Yuqar\u0131 \u015euras\u0131n\u0131\u00f1 alt\u0131nc\u0131 \u00e7a\u011f\u0131r\u0131l\u0131\u015f\u0131n\u0131\u00f1 deputat\u0131d\u0131r.<\/p>\n","protected":false},"excerpt":{"rendered":"<p>Ukraina Prezidenti Viktor Yanukovi\u00e7 Q\u0131r\u0131mtatar halq\u0131 Meclisi reisini\u00f1 muavini, Q\u0131r\u0131m Yuqar\u0131 \u015euras\u0131 Milletlerara munasebetler ve s\u00fcrg\u00fcn etilgen grajdanlarn\u0131\u00f1 i\u015fleri boyunca daimiy komissiyas\u0131n\u0131\u00f1 reisi Remzi \u0130lyasov\u011fa birinci dereceli devlet h\u0131zmet\u00e7isi unvan\u0131n\u0131 ber\u00fcv aqq\u0131nda fermann\u0131 imzalad\u0131. Ferman &#8220;Devlet h\u0131zmeti aqq\u0131nda&#8221; Ukraina Qanun\u0131n\u0131\u00f1 26-nc\u0131 maddesine binaen imzaland\u0131. Mal\u00fcmat i\u00e7\u00fcn: Remzi \u0130lyasov 1958 senesi aprel 12-de \u00d6zbekistann\u0131\u00f1 Fer\u011fana \u015feerinde [&hellip;]<\/p>\n","protected":false},"author":1,"featured_media":0,"comment_status":"open","ping_status":"open","sticky":false,"template":"","format":"standard","meta":{"inline_featured_image":false,"footnotes":""},"categories":[265],"tags":[],"class_list":["post-34974","post","type-post","status-publish","format-standard","hentry","category-haberler"],"acf":[],"yoast_head":"<!-- This site is optimized with the Yoast SEO plugin v27.4 - https:\/\/yoast.com\/product\/yoast-seo-wordpress\/ -->\n<title>Remzi \u0130lyasov\u011fa birinci dereceli devlet h\u0131zmet\u00e7isi unvan\u0131 berildi - \u041c\u0435\u0434\u0436\u043b\u0456\u0441<\/title>\n<meta name=\"robots\" content=\"index, follow, max-snippet:-1, max-image-preview:large, max-video-preview:-1\" \/>\n<link rel=\"canonical\" href=\"https:\/\/qtmm.org\/qt\/remzi-ilyasovga-birinci-dereceli-devlet-hizmetcisi-unvani-berildi\/\" \/>\n<meta property=\"og:locale\" content=\"en_US\" \/>\n<meta property=\"og:type\" content=\"article\" \/>\n<meta property=\"og:title\" content=\"Remzi \u0130lyasov\u011fa birinci dereceli devlet h\u0131zmet\u00e7isi unvan\u0131 berildi - \u041c\u0435\u0434\u0436\u043b\u0456\u0441\" \/>\n<meta property=\"og:description\" content=\"Ukraina Prezidenti Viktor Yanukovi\u00e7 Q\u0131r\u0131mtatar halq\u0131 Meclisi reisini\u00f1 muavini, Q\u0131r\u0131m Yuqar\u0131 \u015euras\u0131 Milletlerara munasebetler ve s\u00fcrg\u00fcn etilgen grajdanlarn\u0131\u00f1 i\u015fleri boyunca daimiy komissiyas\u0131n\u0131\u00f1 reisi Remzi \u0130lyasov\u011fa birinci dereceli devlet h\u0131zmet\u00e7isi unvan\u0131n\u0131 ber\u00fcv aqq\u0131nda fermann\u0131 imzalad\u0131. Ferman &#8220;Devlet h\u0131zmeti aqq\u0131nda&#8221; Ukraina Qanun\u0131n\u0131\u00f1 26-nc\u0131 maddesine binaen imzaland\u0131. Mal\u00fcmat i\u00e7\u00fcn: Remzi \u0130lyasov 1958 senesi aprel 12-de \u00d6zbekistann\u0131\u00f1 Fer\u011fana \u015feerinde [&hellip;]\" \/>\n<meta property=\"og:url\" content=\"https:\/\/qtmm.org\/qt\/remzi-ilyasovga-birinci-dereceli-devlet-hizmetcisi-unvani-berildi\/\" \/>\n<meta property=\"og:site_name\" content=\"\u041c\u0435\u0434\u0436\u043b\u0456\u0441\" \/>\n<meta property=\"article:publisher\" content=\"https:\/\/www.facebook.com\/qtmm.info\/\" \/>\n<meta property=\"article:published_time\" content=\"2012-10-30T11:19:00+00:00\" \/>\n<meta property=\"article:modified_time\" content=\"2022-01-23T11:19:49+00:00\" \/>\n<meta name=\"author\" content=\"Developer\" \/>\n<meta name=\"twitter:card\" content=\"summary_large_image\" \/>\n<meta name=\"twitter:label1\" content=\"Written by\" \/>\n\t<meta name=\"twitter:data1\" content=\"Developer\" \/>\n\t<meta name=\"twitter:label2\" content=\"Est. reading time\" \/>\n\t<meta name=\"twitter:data2\" content=\"1 minute\" \/>\n<script type=\"application\/ld+json\" class=\"yoast-schema-graph\">{\"@context\":\"https:\\\/\\\/schema.org\",\"@graph\":[{\"@type\":\"Article\",\"@id\":\"https:\\\/\\\/qtmm.org\\\/qt\\\/remzi-ilyasovga-birinci-dereceli-devlet-hizmetcisi-unvani-berildi\\\/#article\",\"isPartOf\":{\"@id\":\"https:\\\/\\\/qtmm.org\\\/qt\\\/remzi-ilyasovga-birinci-dereceli-devlet-hizmetcisi-unvani-berildi\\\/\"},\"author\":{\"name\":\"Developer\",\"@id\":\"https:\\\/\\\/qtmm.org\\\/qt\\\/#\\\/schema\\\/person\\\/de562469f971dec226ac06e60bbf74a7\"},\"headline\":\"Remzi \u0130lyasov\u011fa birinci dereceli devlet h\u0131zmet\u00e7isi unvan\u0131 berildi\",\"datePublished\":\"2012-10-30T11:19:00+00:00\",\"dateModified\":\"2022-01-23T11:19:49+00:00\",\"mainEntityOfPage\":{\"@id\":\"https:\\\/\\\/qtmm.org\\\/qt\\\/remzi-ilyasovga-birinci-dereceli-devlet-hizmetcisi-unvani-berildi\\\/\"},\"wordCount\":213,\"commentCount\":0,\"publisher\":{\"@id\":\"https:\\\/\\\/qtmm.org\\\/qt\\\/#organization\"},\"articleSection\":[\"Haberler\"],\"inLanguage\":\"qt\",\"potentialAction\":[{\"@type\":\"CommentAction\",\"name\":\"Comment\",\"target\":[\"https:\\\/\\\/qtmm.org\\\/qt\\\/remzi-ilyasovga-birinci-dereceli-devlet-hizmetcisi-unvani-berildi\\\/#respond\"]}]},{\"@type\":\"WebPage\",\"@id\":\"https:\\\/\\\/qtmm.org\\\/qt\\\/remzi-ilyasovga-birinci-dereceli-devlet-hizmetcisi-unvani-berildi\\\/\",\"url\":\"https:\\\/\\\/qtmm.org\\\/qt\\\/remzi-ilyasovga-birinci-dereceli-devlet-hizmetcisi-unvani-berildi\\\/\",\"name\":\"Remzi \u0130lyasov\u011fa birinci dereceli devlet h\u0131zmet\u00e7isi unvan\u0131 berildi - \u041c\u0435\u0434\u0436\u043b\u0456\u0441\",\"isPartOf\":{\"@id\":\"https:\\\/\\\/qtmm.org\\\/qt\\\/#website\"},\"datePublished\":\"2012-10-30T11:19:00+00:00\",\"dateModified\":\"2022-01-23T11:19:49+00:00\",\"breadcrumb\":{\"@id\":\"https:\\\/\\\/qtmm.org\\\/qt\\\/remzi-ilyasovga-birinci-dereceli-devlet-hizmetcisi-unvani-berildi\\\/#breadcrumb\"},\"inLanguage\":\"qt\",\"potentialAction\":[{\"@type\":\"ReadAction\",\"target\":[\"https:\\\/\\\/qtmm.org\\\/qt\\\/remzi-ilyasovga-birinci-dereceli-devlet-hizmetcisi-unvani-berildi\\\/\"]}]},{\"@type\":\"BreadcrumbList\",\"@id\":\"https:\\\/\\\/qtmm.org\\\/qt\\\/remzi-ilyasovga-birinci-dereceli-devlet-hizmetcisi-unvani-berildi\\\/#breadcrumb\",\"itemListElement\":[{\"@type\":\"ListItem\",\"position\":1,\"name\":\"\u0413\u043e\u043b\u043e\u0432\u043d\u0430\",\"item\":\"https:\\\/\\\/qtmm.org\\\/qt\\\/\"},{\"@type\":\"ListItem\",\"position\":2,\"name\":\"Remzi \u0130lyasov\u011fa birinci dereceli devlet h\u0131zmet\u00e7isi unvan\u0131 berildi\"}]},{\"@type\":\"WebSite\",\"@id\":\"https:\\\/\\\/qtmm.org\\\/qt\\\/#website\",\"url\":\"https:\\\/\\\/qtmm.org\\\/qt\\\/\",\"name\":\"\u041c\u0435\u0434\u0436\u043b\u0456\u0441\",\"description\":\"\",\"publisher\":{\"@id\":\"https:\\\/\\\/qtmm.org\\\/qt\\\/#organization\"},\"potentialAction\":[{\"@type\":\"SearchAction\",\"target\":{\"@type\":\"EntryPoint\",\"urlTemplate\":\"https:\\\/\\\/qtmm.org\\\/qt\\\/?s={search_term_string}\"},\"query-input\":{\"@type\":\"PropertyValueSpecification\",\"valueRequired\":true,\"valueName\":\"search_term_string\"}}],\"inLanguage\":\"qt\"},{\"@type\":\"Organization\",\"@id\":\"https:\\\/\\\/qtmm.org\\\/qt\\\/#organization\",\"name\":\"\u041c\u0435\u0434\u0436\u043b\u0456\u0441\",\"url\":\"https:\\\/\\\/qtmm.org\\\/qt\\\/\",\"logo\":{\"@type\":\"ImageObject\",\"inLanguage\":\"qt\",\"@id\":\"https:\\\/\\\/qtmm.org\\\/qt\\\/#\\\/schema\\\/logo\\\/image\\\/\",\"url\":\"https:\\\/\\\/qtmm.org\\\/wp-content\\\/uploads\\\/2024\\\/12\\\/ua-mejlis-logo-rgb.svg\",\"contentUrl\":\"https:\\\/\\\/qtmm.org\\\/wp-content\\\/uploads\\\/2024\\\/12\\\/ua-mejlis-logo-rgb.svg\",\"caption\":\"\u041c\u0435\u0434\u0436\u043b\u0456\u0441\"},\"image\":{\"@id\":\"https:\\\/\\\/qtmm.org\\\/qt\\\/#\\\/schema\\\/logo\\\/image\\\/\"},\"sameAs\":[\"https:\\\/\\\/www.facebook.com\\\/qtmm.info\\\/\"]},{\"@type\":\"Person\",\"@id\":\"https:\\\/\\\/qtmm.org\\\/qt\\\/#\\\/schema\\\/person\\\/de562469f971dec226ac06e60bbf74a7\",\"name\":\"Developer\",\"image\":{\"@type\":\"ImageObject\",\"inLanguage\":\"qt\",\"@id\":\"https:\\\/\\\/secure.gravatar.com\\\/avatar\\\/392b4cc8fbfeb00b39dfeeab4ee6edded39ffd48e25858637e4765810300227e?s=96&d=mm&r=g\",\"url\":\"https:\\\/\\\/secure.gravatar.com\\\/avatar\\\/392b4cc8fbfeb00b39dfeeab4ee6edded39ffd48e25858637e4765810300227e?s=96&d=mm&r=g\",\"contentUrl\":\"https:\\\/\\\/secure.gravatar.com\\\/avatar\\\/392b4cc8fbfeb00b39dfeeab4ee6edded39ffd48e25858637e4765810300227e?s=96&d=mm&r=g\",\"caption\":\"Developer\"},\"url\":\"https:\\\/\\\/qtmm.org\\\/qt\\\/author\\\/Developer\\\/\"}]}<\/script>\n<!-- \/ Yoast SEO plugin. -->","yoast_head_json":{"title":"Remzi \u0130lyasov\u011fa birinci dereceli devlet h\u0131zmet\u00e7isi unvan\u0131 berildi - \u041c\u0435\u0434\u0436\u043b\u0456\u0441","robots":{"index":"index","follow":"follow","max-snippet":"max-snippet:-1","max-image-preview":"max-image-preview:large","max-video-preview":"max-video-preview:-1"},"canonical":"https:\/\/qtmm.org\/qt\/remzi-ilyasovga-birinci-dereceli-devlet-hizmetcisi-unvani-berildi\/","og_locale":"en_US","og_type":"article","og_title":"Remzi \u0130lyasov\u011fa birinci dereceli devlet h\u0131zmet\u00e7isi unvan\u0131 berildi - \u041c\u0435\u0434\u0436\u043b\u0456\u0441","og_description":"Ukraina Prezidenti Viktor Yanukovi\u00e7 Q\u0131r\u0131mtatar halq\u0131 Meclisi reisini\u00f1 muavini, Q\u0131r\u0131m Yuqar\u0131 \u015euras\u0131 Milletlerara munasebetler ve s\u00fcrg\u00fcn etilgen grajdanlarn\u0131\u00f1 i\u015fleri boyunca daimiy komissiyas\u0131n\u0131\u00f1 reisi Remzi \u0130lyasov\u011fa birinci dereceli devlet h\u0131zmet\u00e7isi unvan\u0131n\u0131 ber\u00fcv aqq\u0131nda fermann\u0131 imzalad\u0131. Ferman &#8220;Devlet h\u0131zmeti aqq\u0131nda&#8221; Ukraina Qanun\u0131n\u0131\u00f1 26-nc\u0131 maddesine binaen imzaland\u0131. Mal\u00fcmat i\u00e7\u00fcn: Remzi \u0130lyasov 1958 senesi aprel 12-de \u00d6zbekistann\u0131\u00f1 Fer\u011fana \u015feerinde [&hellip;]","og_url":"https:\/\/qtmm.org\/qt\/remzi-ilyasovga-birinci-dereceli-devlet-hizmetcisi-unvani-berildi\/","og_site_name":"\u041c\u0435\u0434\u0436\u043b\u0456\u0441","article_publisher":"https:\/\/www.facebook.com\/qtmm.info\/","article_published_time":"2012-10-30T11:19:00+00:00","article_modified_time":"2022-01-23T11:19:49+00:00","author":"Developer","twitter_card":"summary_large_image","twitter_misc":{"Written by":"Developer","Est. reading time":"1 minute"},"schema":{"@context":"https:\/\/schema.org","@graph":[{"@type":"Article","@id":"https:\/\/qtmm.org\/qt\/remzi-ilyasovga-birinci-dereceli-devlet-hizmetcisi-unvani-berildi\/#article","isPartOf":{"@id":"https:\/\/qtmm.org\/qt\/remzi-ilyasovga-birinci-dereceli-devlet-hizmetcisi-unvani-berildi\/"},"author":{"name":"Developer","@id":"https:\/\/qtmm.org\/qt\/#\/schema\/person\/de562469f971dec226ac06e60bbf74a7"},"headline":"Remzi \u0130lyasov\u011fa birinci dereceli devlet h\u0131zmet\u00e7isi unvan\u0131 berildi","datePublished":"2012-10-30T11:19:00+00:00","dateModified":"2022-01-23T11:19:49+00:00","mainEntityOfPage":{"@id":"https:\/\/qtmm.org\/qt\/remzi-ilyasovga-birinci-dereceli-devlet-hizmetcisi-unvani-berildi\/"},"wordCount":213,"commentCount":0,"publisher":{"@id":"https:\/\/qtmm.org\/qt\/#organization"},"articleSection":["Haberler"],"inLanguage":"qt","potentialAction":[{"@type":"CommentAction","name":"Comment","target":["https:\/\/qtmm.org\/qt\/remzi-ilyasovga-birinci-dereceli-devlet-hizmetcisi-unvani-berildi\/#respond"]}]},{"@type":"WebPage","@id":"https:\/\/qtmm.org\/qt\/remzi-ilyasovga-birinci-dereceli-devlet-hizmetcisi-unvani-berildi\/","url":"https:\/\/qtmm.org\/qt\/remzi-ilyasovga-birinci-dereceli-devlet-hizmetcisi-unvani-berildi\/","name":"Remzi \u0130lyasov\u011fa birinci dereceli devlet h\u0131zmet\u00e7isi unvan\u0131 berildi - \u041c\u0435\u0434\u0436\u043b\u0456\u0441","isPartOf":{"@id":"https:\/\/qtmm.org\/qt\/#website"},"datePublished":"2012-10-30T11:19:00+00:00","dateModified":"2022-01-23T11:19:49+00:00","breadcrumb":{"@id":"https:\/\/qtmm.org\/qt\/remzi-ilyasovga-birinci-dereceli-devlet-hizmetcisi-unvani-berildi\/#breadcrumb"},"inLanguage":"qt","potentialAction":[{"@type":"ReadAction","target":["https:\/\/qtmm.org\/qt\/remzi-ilyasovga-birinci-dereceli-devlet-hizmetcisi-unvani-berildi\/"]}]},{"@type":"BreadcrumbList","@id":"https:\/\/qtmm.org\/qt\/remzi-ilyasovga-birinci-dereceli-devlet-hizmetcisi-unvani-berildi\/#breadcrumb","itemListElement":[{"@type":"ListItem","position":1,"name":"\u0413\u043e\u043b\u043e\u0432\u043d\u0430","item":"https:\/\/qtmm.org\/qt\/"},{"@type":"ListItem","position":2,"name":"Remzi \u0130lyasov\u011fa birinci dereceli devlet h\u0131zmet\u00e7isi unvan\u0131 berildi"}]},{"@type":"WebSite","@id":"https:\/\/qtmm.org\/qt\/#website","url":"https:\/\/qtmm.org\/qt\/","name":"\u041c\u0435\u0434\u0436\u043b\u0456\u0441","description":"","publisher":{"@id":"https:\/\/qtmm.org\/qt\/#organization"},"potentialAction":[{"@type":"SearchAction","target":{"@type":"EntryPoint","urlTemplate":"https:\/\/qtmm.org\/qt\/?s={search_term_string}"},"query-input":{"@type":"PropertyValueSpecification","valueRequired":true,"valueName":"search_term_string"}}],"inLanguage":"qt"},{"@type":"Organization","@id":"https:\/\/qtmm.org\/qt\/#organization","name":"\u041c\u0435\u0434\u0436\u043b\u0456\u0441","url":"https:\/\/qtmm.org\/qt\/","logo":{"@type":"ImageObject","inLanguage":"qt","@id":"https:\/\/qtmm.org\/qt\/#\/schema\/logo\/image\/","url":"https:\/\/qtmm.org\/wp-content\/uploads\/2024\/12\/ua-mejlis-logo-rgb.svg","contentUrl":"https:\/\/qtmm.org\/wp-content\/uploads\/2024\/12\/ua-mejlis-logo-rgb.svg","caption":"\u041c\u0435\u0434\u0436\u043b\u0456\u0441"},"image":{"@id":"https:\/\/qtmm.org\/qt\/#\/schema\/logo\/image\/"},"sameAs":["https:\/\/www.facebook.com\/qtmm.info\/"]},{"@type":"Person","@id":"https:\/\/qtmm.org\/qt\/#\/schema\/person\/de562469f971dec226ac06e60bbf74a7","name":"Developer","image":{"@type":"ImageObject","inLanguage":"qt","@id":"https:\/\/secure.gravatar.com\/avatar\/392b4cc8fbfeb00b39dfeeab4ee6edded39ffd48e25858637e4765810300227e?s=96&d=mm&r=g","url":"https:\/\/secure.gravatar.com\/avatar\/392b4cc8fbfeb00b39dfeeab4ee6edded39ffd48e25858637e4765810300227e?s=96&d=mm&r=g","contentUrl":"https:\/\/secure.gravatar.com\/avatar\/392b4cc8fbfeb00b39dfeeab4ee6edded39ffd48e25858637e4765810300227e?s=96&d=mm&r=g","caption":"Developer"},"url":"https:\/\/qtmm.org\/qt\/author\/Developer\/"}]}},"_links":{"self":[{"href":"https:\/\/qtmm.org\/qt\/wp-json\/wp\/v2\/posts\/34974","targetHints":{"allow":["GET"]}}],"collection":[{"href":"https:\/\/qtmm.org\/qt\/wp-json\/wp\/v2\/posts"}],"about":[{"href":"https:\/\/qtmm.org\/qt\/wp-json\/wp\/v2\/types\/post"}],"author":[{"embeddable":true,"href":"https:\/\/qtmm.org\/qt\/wp-json\/wp\/v2\/users\/1"}],"replies":[{"embeddable":true,"href":"https:\/\/qtmm.org\/qt\/wp-json\/wp\/v2\/comments?post=34974"}],"version-history":[{"count":1,"href":"https:\/\/qtmm.org\/qt\/wp-json\/wp\/v2\/posts\/34974\/revisions"}],"predecessor-version":[{"id":34975,"href":"https:\/\/qtmm.org\/qt\/wp-json\/wp\/v2\/posts\/34974\/revisions\/34975"}],"wp:attachment":[{"href":"https:\/\/qtmm.org\/qt\/wp-json\/wp\/v2\/media?parent=34974"}],"wp:term":[{"taxonomy":"category","embeddable":true,"href":"https:\/\/qtmm.org\/qt\/wp-json\/wp\/v2\/categories?post=34974"},{"taxonomy":"post_tag","embeddable":true,"href":"https:\/\/qtmm.org\/qt\/wp-json\/wp\/v2\/tags?post=34974"}],"curies":[{"name":"wp","href":"https:\/\/api.w.org\/{rel}","templated":true}]}}