




{"id":34944,"date":"2012-10-28T14:16:00","date_gmt":"2012-10-28T11:16:00","guid":{"rendered":"http:\/\/qtmm.org\/?p=34944"},"modified":"2022-01-23T14:18:57","modified_gmt":"2022-01-23T11:18:57","slug":"aqmescitte-kures-boyunca-halqara-yaris-otkerildi","status":"publish","type":"post","link":"https:\/\/qtmm.org\/qt\/aqmescitte-kures-boyunca-halqara-yaris-otkerildi\/","title":{"rendered":"Aqmescitte k\u00fcre\u015f boyunca halqara yar\u0131\u015f \u00f6tkerildi"},"content":{"rendered":"\n<p>2012 senesi okt\u00e2br 28-de Aqmescitte Qurban bayram\u0131 \u015ferefine q\u0131r\u0131mtatar milliy k\u00fcre\u015fi boyunca IV Halqara turnir ol\u0131p ke\u00e7ti. Yar\u0131\u015fta Ukraina, T\u00fcrkiye, Rusiye, \u00d6zbekistan, Qazahstan ve Romaniyadan kelgen bir s\u0131ra d\u00fcnya \u00e7empionatlar\u0131nda \u011falebe qazan\u011fan k\u00fcre\u015f\u00e7iler i\u015ftirak ettiler.<\/p>\n\n\n\n<p>Turnirde Londrada \u00f6tkerilgen Olimpiya oyunlar\u0131n\u0131\u00f1 i\u015ftirak\u00e7isi Lenur Temirov da bar edi.<\/p>\n\n\n\n<p>Yar\u0131\u015fn\u0131\u00f1 a\u00e7\u0131l\u0131\u015f\u0131nda Meclis reisi Mustafa Cemilev, Meclis reisini\u00f1 birinci muavini Refat \u00c7ubarov, Q\u0131r\u0131m Yuqar\u0131 \u015euras\u0131n\u0131\u00f1 deputat\u0131 Remzi \u0130lyasov, Q\u0131r\u0131m k\u00fcre\u015f federatsiyas\u0131n\u0131\u00f1 prezidenti Lenur \u0130sl\u00e2mov, Olimpiya \u00e7empion\u0131, Q\u0131r\u0131m k\u00fcre\u015f federatsiyas\u0131n\u0131\u00f1 fahriy prezidenti Rustem Kazakov, T\u00fcrkiye Olimpiya komitetini\u00f1 reisi \u0130braim \u00d6ztek \u00e7\u0131q\u0131\u015fta bulund\u0131lar.<\/p>\n\n\n\n<figure class=\"wp-block-image size-full\"><img loading=\"lazy\" decoding=\"async\" width=\"650\" height=\"310\" src=\"http:\/\/qtmm.org\/wp-content\/uploads\/2022\/01\/2_76.jpeg\" alt=\"\" class=\"wp-image-34949\" srcset=\"https:\/\/qtmm.org\/wp-content\/uploads\/2022\/01\/2_76.jpeg 650w, https:\/\/qtmm.org\/wp-content\/uploads\/2022\/01\/2_76-300x143.jpeg 300w\" sizes=\"auto, (max-width: 650px) 100vw, 650px\" \/><\/figure>\n\n\n\n<p>Q\u0131r\u0131mtatar halq\u0131 meclisini\u00f1 reisi Mustafa Cemilev hay\u0131rlav s\u00f6z\u00fcnde er kesni Qurban bayram\u0131n\u0131\u00f1 so\u00f1ki k\u00fcn\u00fc ile hay\u0131rlap, yar\u0131\u015f te\u015fkil\u00e2t\u00e7\u0131lar\u0131na te\u015fekk\u00fcrlerini bildirdi ve k\u00fcre\u015f\u00e7ilerge \u011falebeler tiledi. Bun\u0131\u00f1 kibi de o, Q\u0131r\u0131mda b\u00f6yle turnir ilk sefer ke\u00e7irilgenini qayd etip, ileride b\u00f6yle yar\u0131\u015flar anane olaca\u011f\u0131na \u00fcm\u00fct bildirdi.<\/p>\n\n\n\n<figure class=\"wp-block-image size-full\"><img loading=\"lazy\" decoding=\"async\" width=\"650\" height=\"400\" src=\"http:\/\/qtmm.org\/wp-content\/uploads\/2022\/01\/3_48.jpeg\" alt=\"\" class=\"wp-image-34953\" srcset=\"https:\/\/qtmm.org\/wp-content\/uploads\/2022\/01\/3_48.jpeg 650w, https:\/\/qtmm.org\/wp-content\/uploads\/2022\/01\/3_48-300x185.jpeg 300w\" sizes=\"auto, (max-width: 650px) 100vw, 650px\" \/><\/figure>\n\n\n\n<p>A\u00e7\u0131l\u0131\u015f merasimi devam\u0131nda kilim \u00fcst\u00fcnde e\u00f1 ki\u00e7kene k\u00fcre\u015f\u00e7iler tutu\u015ft\u0131lar. Olarn\u0131\u00f1 yar\u0131\u015f\u0131na ise Rustem Kazakov akemlik yapt\u0131. Turnir te\u015fkil\u00e2t\u00e7\u0131lar\u0131 er bir gen\u00e7 k\u00fcre\u015f\u00e7ige alt\u0131n medal ve birer qozu ba\u011f\u0131\u015flad\u0131lar.<\/p>\n\n\n\n<p>Yar\u0131\u015fta k\u00fcre\u015f\u00e7iler alt\u0131 \u00e7eki kategoriyas\u0131nda &#8211; 60, 70, 80, 90, 100 ve 100-den ziyade kilogramm \u2013 k\u00fc\u00e7 s\u0131na\u015ft\u0131lar. Er bir kategoriyada i\u015ftirak etkenler medal ve diplomlarnen, \u011falipler ise angi \u00e7ekide ol\u011fan\u0131na k\u00f6re qoynen taqdirlendiler. Mesel\u00e2, 60 kilogramm \u00e7ekideki \u011falipke 100 kilol\u0131q, e\u00f1 a\u011f\u0131r \u00e7ekini\u00f1 \u011falibine ise 250 kilol\u0131q qoy berildi.<\/p>\n\n\n\n<figure class=\"wp-block-image size-full\"><img loading=\"lazy\" decoding=\"async\" width=\"650\" height=\"400\" src=\"http:\/\/qtmm.org\/wp-content\/uploads\/2022\/01\/4_47.jpeg\" alt=\"\" class=\"wp-image-34957\" srcset=\"https:\/\/qtmm.org\/wp-content\/uploads\/2022\/01\/4_47.jpeg 650w, https:\/\/qtmm.org\/wp-content\/uploads\/2022\/01\/4_47-300x185.jpeg 300w\" sizes=\"auto, (max-width: 650px) 100vw, 650px\" \/><\/figure>\n\n\n\n<p>Tenef\u00fcs vaqt\u0131nda \u00e7e\u015fit devletlerni\u00f1 sport\u00e7\u0131lar\u0131 \u00f6z milliy k\u00fcre\u015f \u00e7e\u015fitlerini numay\u0131\u015f ettiler.<\/p>\n\n\n\n<p>K\u00fcre\u015f boyunca Halqara yar\u0131\u015fta a\u015fa\u011f\u0131daki k\u00fcre\u015f\u00e7iler \u011falip \u00e7\u0131qt\u0131lar:<\/p>\n\n\n\n<p>60 kilogramm \u00e7eki kategoriyas\u0131nda : 3-nci yerde &#8211; Nariman Ataris, 2-nci yerde \u2013 Abdulhalil Hayberd\u0131yev, 1-nci yerde \u2013 Ernest Veli\u015fayev<\/p>\n\n\n\n<p>70 kilogramm \u00e7eki kategoriyas\u0131nda : 3-nci yerde &#8211; \u0130zzet Qad\u0131rov, 2-nci yerde \u2013 \u00dcmer Bil\u00e2lov, 1-nci yerde \u2013Lenur Temirov<\/p>\n\n\n\n<p>80 kilogramm \u00e7eki kategoriyas\u0131nda : 3-nci yerde &#8211; Osman Saliyev, 2-nci yerde \u2013 Ridvan Asanov, 1-nci yerde \u2013 Ennan Seferov<\/p>\n\n\n\n<p>90 kilogramm \u00e7eki kategoriyas\u0131nda : 3-nci yerde &#8211; Eldar Memedov, 2-nci yerde \u2013 Alim Abl\u00e2mitov, 1-nci yerde \u2013 Amit Abl\u00e2mitov<\/p>\n\n\n\n<p>100 kilogramm \u00e7eki kategoriyas\u0131nda : 3-nci yerde &#8211; \u0130sl\u00e2mov \u0130sl\u00e2m, 2-nci yerde \u2013 Aleksandr Alekseyev, 1-nci yerde \u2013 Elemdar Saidov.<\/p>\n\n\n\n<p>E\u00f1 a\u011f\u0131r \u00e7eki kategoriyas\u0131nda Arsen Yunusov \u00fc\u00e7\u00fcnci, Timur Prim\u015foyev \u2013 ekinci ve \u0130gor Zadernovskiy birinci yerni elde ettiler.<\/p>\n\n\n\n<figure class=\"wp-block-image size-full\"><img loading=\"lazy\" decoding=\"async\" width=\"650\" height=\"400\" src=\"http:\/\/qtmm.org\/wp-content\/uploads\/2022\/01\/5_23.jpeg\" alt=\"\" class=\"wp-image-34961\" srcset=\"https:\/\/qtmm.org\/wp-content\/uploads\/2022\/01\/5_23.jpeg 650w, https:\/\/qtmm.org\/wp-content\/uploads\/2022\/01\/5_23-300x185.jpeg 300w\" sizes=\"auto, (max-width: 650px) 100vw, 650px\" \/><\/figure>\n\n\n\n<p>Turnir sponsorlar\u0131ndan biri TurkishAirlines kampaniyas\u0131ndan mahsus bah\u015f\u0131\u015f \u0130stanbul\u011fa bilet 100 kilogramm \u00e7eki kategoriyas\u0131nda ye\u00f1gen Elemdar Saidov\u011fa taqdim etildi.<\/p>\n\n\n\n<p>Yar\u0131\u015ftan so\u00f1 turnir i\u015ftirak\u00e7ileri ve musafirler bayram sofras\u0131na davet etildiler.<\/p>\n\n\n\n<figure class=\"wp-block-image size-full\"><img loading=\"lazy\" decoding=\"async\" width=\"650\" height=\"400\" src=\"http:\/\/qtmm.org\/wp-content\/uploads\/2022\/01\/6_19.jpeg\" alt=\"\" class=\"wp-image-34965\" srcset=\"https:\/\/qtmm.org\/wp-content\/uploads\/2022\/01\/6_19.jpeg 650w, https:\/\/qtmm.org\/wp-content\/uploads\/2022\/01\/6_19-300x185.jpeg 300w\" sizes=\"auto, (max-width: 650px) 100vw, 650px\" \/><\/figure>\n\n\n\n<figure class=\"wp-block-image size-full\"><img loading=\"lazy\" decoding=\"async\" width=\"650\" height=\"400\" src=\"http:\/\/qtmm.org\/wp-content\/uploads\/2022\/01\/7_9.jpeg\" alt=\"\" class=\"wp-image-34969\" srcset=\"https:\/\/qtmm.org\/wp-content\/uploads\/2022\/01\/7_9.jpeg 650w, https:\/\/qtmm.org\/wp-content\/uploads\/2022\/01\/7_9-300x185.jpeg 300w\" sizes=\"auto, (max-width: 650px) 100vw, 650px\" \/><\/figure>\n","protected":false},"excerpt":{"rendered":"<p>2012 senesi okt\u00e2br 28-de Aqmescitte Qurban bayram\u0131 \u015ferefine q\u0131r\u0131mtatar milliy k\u00fcre\u015fi boyunca IV Halqara turnir ol\u0131p ke\u00e7ti. Yar\u0131\u015fta Ukraina, T\u00fcrkiye, Rusiye, \u00d6zbekistan, Qazahstan ve Romaniyadan kelgen bir s\u0131ra d\u00fcnya \u00e7empionatlar\u0131nda \u011falebe qazan\u011fan k\u00fcre\u015f\u00e7iler i\u015ftirak ettiler. Turnirde Londrada \u00f6tkerilgen Olimpiya oyunlar\u0131n\u0131\u00f1 i\u015ftirak\u00e7isi Lenur Temirov da bar edi. Yar\u0131\u015fn\u0131\u00f1 a\u00e7\u0131l\u0131\u015f\u0131nda Meclis reisi Mustafa Cemilev, Meclis reisini\u00f1 birinci [&hellip;]<\/p>\n","protected":false},"author":1,"featured_media":34945,"comment_status":"open","ping_status":"open","sticky":false,"template":"","format":"standard","meta":{"inline_featured_image":false,"footnotes":""},"categories":[265],"tags":[],"class_list":["post-34944","post","type-post","status-publish","format-standard","has-post-thumbnail","hentry","category-haberler"],"acf":[],"yoast_head":"<!-- This site is optimized with the Yoast SEO plugin v27.4 - https:\/\/yoast.com\/product\/yoast-seo-wordpress\/ -->\n<title>Aqmescitte k\u00fcre\u015f boyunca halqara yar\u0131\u015f \u00f6tkerildi - \u041c\u0435\u0434\u0436\u043b\u0456\u0441<\/title>\n<meta name=\"robots\" content=\"index, follow, max-snippet:-1, max-image-preview:large, max-video-preview:-1\" \/>\n<link rel=\"canonical\" href=\"https:\/\/qtmm.org\/qt\/aqmescitte-kures-boyunca-halqara-yaris-otkerildi\/\" \/>\n<meta property=\"og:locale\" content=\"en_US\" \/>\n<meta property=\"og:type\" content=\"article\" \/>\n<meta property=\"og:title\" content=\"Aqmescitte k\u00fcre\u015f boyunca halqara yar\u0131\u015f \u00f6tkerildi - \u041c\u0435\u0434\u0436\u043b\u0456\u0441\" \/>\n<meta property=\"og:description\" content=\"2012 senesi okt\u00e2br 28-de Aqmescitte Qurban bayram\u0131 \u015ferefine q\u0131r\u0131mtatar milliy k\u00fcre\u015fi boyunca IV Halqara turnir ol\u0131p ke\u00e7ti. Yar\u0131\u015fta Ukraina, T\u00fcrkiye, Rusiye, \u00d6zbekistan, Qazahstan ve Romaniyadan kelgen bir s\u0131ra d\u00fcnya \u00e7empionatlar\u0131nda \u011falebe qazan\u011fan k\u00fcre\u015f\u00e7iler i\u015ftirak ettiler. Turnirde Londrada \u00f6tkerilgen Olimpiya oyunlar\u0131n\u0131\u00f1 i\u015ftirak\u00e7isi Lenur Temirov da bar edi. Yar\u0131\u015fn\u0131\u00f1 a\u00e7\u0131l\u0131\u015f\u0131nda Meclis reisi Mustafa Cemilev, Meclis reisini\u00f1 birinci [&hellip;]\" \/>\n<meta property=\"og:url\" content=\"https:\/\/qtmm.org\/qt\/aqmescitte-kures-boyunca-halqara-yaris-otkerildi\/\" \/>\n<meta property=\"og:site_name\" content=\"\u041c\u0435\u0434\u0436\u043b\u0456\u0441\" \/>\n<meta property=\"article:publisher\" content=\"https:\/\/www.facebook.com\/qtmm.info\/\" \/>\n<meta property=\"article:published_time\" content=\"2012-10-28T11:16:00+00:00\" \/>\n<meta property=\"article:modified_time\" content=\"2022-01-23T11:18:57+00:00\" \/>\n<meta property=\"og:image\" content=\"https:\/\/qtmm.org\/wp-content\/uploads\/2022\/01\/1_72.jpeg\" \/>\n\t<meta property=\"og:image:width\" content=\"650\" \/>\n\t<meta property=\"og:image:height\" content=\"400\" \/>\n\t<meta property=\"og:image:type\" content=\"image\/jpeg\" \/>\n<meta name=\"author\" content=\"Developer\" \/>\n<meta name=\"twitter:card\" content=\"summary_large_image\" \/>\n<meta name=\"twitter:label1\" content=\"Written by\" \/>\n\t<meta name=\"twitter:data1\" content=\"Developer\" \/>\n\t<meta name=\"twitter:label2\" content=\"Est. reading time\" \/>\n\t<meta name=\"twitter:data2\" content=\"2 minutes\" \/>\n<script type=\"application\/ld+json\" class=\"yoast-schema-graph\">{\"@context\":\"https:\\\/\\\/schema.org\",\"@graph\":[{\"@type\":\"Article\",\"@id\":\"https:\\\/\\\/qtmm.org\\\/qt\\\/aqmescitte-kures-boyunca-halqara-yaris-otkerildi\\\/#article\",\"isPartOf\":{\"@id\":\"https:\\\/\\\/qtmm.org\\\/qt\\\/aqmescitte-kures-boyunca-halqara-yaris-otkerildi\\\/\"},\"author\":{\"name\":\"Developer\",\"@id\":\"https:\\\/\\\/qtmm.org\\\/qt\\\/#\\\/schema\\\/person\\\/de562469f971dec226ac06e60bbf74a7\"},\"headline\":\"Aqmescitte k\u00fcre\u015f boyunca halqara yar\u0131\u015f \u00f6tkerildi\",\"datePublished\":\"2012-10-28T11:16:00+00:00\",\"dateModified\":\"2022-01-23T11:18:57+00:00\",\"mainEntityOfPage\":{\"@id\":\"https:\\\/\\\/qtmm.org\\\/qt\\\/aqmescitte-kures-boyunca-halqara-yaris-otkerildi\\\/\"},\"wordCount\":480,\"commentCount\":0,\"publisher\":{\"@id\":\"https:\\\/\\\/qtmm.org\\\/qt\\\/#organization\"},\"image\":{\"@id\":\"https:\\\/\\\/qtmm.org\\\/qt\\\/aqmescitte-kures-boyunca-halqara-yaris-otkerildi\\\/#primaryimage\"},\"thumbnailUrl\":\"https:\\\/\\\/qtmm.org\\\/wp-content\\\/uploads\\\/2022\\\/01\\\/1_72.jpeg\",\"articleSection\":[\"Haberler\"],\"inLanguage\":\"qt\",\"potentialAction\":[{\"@type\":\"CommentAction\",\"name\":\"Comment\",\"target\":[\"https:\\\/\\\/qtmm.org\\\/qt\\\/aqmescitte-kures-boyunca-halqara-yaris-otkerildi\\\/#respond\"]}]},{\"@type\":\"WebPage\",\"@id\":\"https:\\\/\\\/qtmm.org\\\/qt\\\/aqmescitte-kures-boyunca-halqara-yaris-otkerildi\\\/\",\"url\":\"https:\\\/\\\/qtmm.org\\\/qt\\\/aqmescitte-kures-boyunca-halqara-yaris-otkerildi\\\/\",\"name\":\"Aqmescitte k\u00fcre\u015f boyunca halqara yar\u0131\u015f \u00f6tkerildi - \u041c\u0435\u0434\u0436\u043b\u0456\u0441\",\"isPartOf\":{\"@id\":\"https:\\\/\\\/qtmm.org\\\/qt\\\/#website\"},\"primaryImageOfPage\":{\"@id\":\"https:\\\/\\\/qtmm.org\\\/qt\\\/aqmescitte-kures-boyunca-halqara-yaris-otkerildi\\\/#primaryimage\"},\"image\":{\"@id\":\"https:\\\/\\\/qtmm.org\\\/qt\\\/aqmescitte-kures-boyunca-halqara-yaris-otkerildi\\\/#primaryimage\"},\"thumbnailUrl\":\"https:\\\/\\\/qtmm.org\\\/wp-content\\\/uploads\\\/2022\\\/01\\\/1_72.jpeg\",\"datePublished\":\"2012-10-28T11:16:00+00:00\",\"dateModified\":\"2022-01-23T11:18:57+00:00\",\"breadcrumb\":{\"@id\":\"https:\\\/\\\/qtmm.org\\\/qt\\\/aqmescitte-kures-boyunca-halqara-yaris-otkerildi\\\/#breadcrumb\"},\"inLanguage\":\"qt\",\"potentialAction\":[{\"@type\":\"ReadAction\",\"target\":[\"https:\\\/\\\/qtmm.org\\\/qt\\\/aqmescitte-kures-boyunca-halqara-yaris-otkerildi\\\/\"]}]},{\"@type\":\"ImageObject\",\"inLanguage\":\"qt\",\"@id\":\"https:\\\/\\\/qtmm.org\\\/qt\\\/aqmescitte-kures-boyunca-halqara-yaris-otkerildi\\\/#primaryimage\",\"url\":\"https:\\\/\\\/qtmm.org\\\/wp-content\\\/uploads\\\/2022\\\/01\\\/1_72.jpeg\",\"contentUrl\":\"https:\\\/\\\/qtmm.org\\\/wp-content\\\/uploads\\\/2022\\\/01\\\/1_72.jpeg\",\"width\":650,\"height\":400},{\"@type\":\"BreadcrumbList\",\"@id\":\"https:\\\/\\\/qtmm.org\\\/qt\\\/aqmescitte-kures-boyunca-halqara-yaris-otkerildi\\\/#breadcrumb\",\"itemListElement\":[{\"@type\":\"ListItem\",\"position\":1,\"name\":\"\u0413\u043e\u043b\u043e\u0432\u043d\u0430\",\"item\":\"https:\\\/\\\/qtmm.org\\\/qt\\\/\"},{\"@type\":\"ListItem\",\"position\":2,\"name\":\"Aqmescitte k\u00fcre\u015f boyunca halqara yar\u0131\u015f \u00f6tkerildi\"}]},{\"@type\":\"WebSite\",\"@id\":\"https:\\\/\\\/qtmm.org\\\/qt\\\/#website\",\"url\":\"https:\\\/\\\/qtmm.org\\\/qt\\\/\",\"name\":\"\u041c\u0435\u0434\u0436\u043b\u0456\u0441\",\"description\":\"\",\"publisher\":{\"@id\":\"https:\\\/\\\/qtmm.org\\\/qt\\\/#organization\"},\"potentialAction\":[{\"@type\":\"SearchAction\",\"target\":{\"@type\":\"EntryPoint\",\"urlTemplate\":\"https:\\\/\\\/qtmm.org\\\/qt\\\/?s={search_term_string}\"},\"query-input\":{\"@type\":\"PropertyValueSpecification\",\"valueRequired\":true,\"valueName\":\"search_term_string\"}}],\"inLanguage\":\"qt\"},{\"@type\":\"Organization\",\"@id\":\"https:\\\/\\\/qtmm.org\\\/qt\\\/#organization\",\"name\":\"\u041c\u0435\u0434\u0436\u043b\u0456\u0441\",\"url\":\"https:\\\/\\\/qtmm.org\\\/qt\\\/\",\"logo\":{\"@type\":\"ImageObject\",\"inLanguage\":\"qt\",\"@id\":\"https:\\\/\\\/qtmm.org\\\/qt\\\/#\\\/schema\\\/logo\\\/image\\\/\",\"url\":\"https:\\\/\\\/qtmm.org\\\/wp-content\\\/uploads\\\/2024\\\/12\\\/ua-mejlis-logo-rgb.svg\",\"contentUrl\":\"https:\\\/\\\/qtmm.org\\\/wp-content\\\/uploads\\\/2024\\\/12\\\/ua-mejlis-logo-rgb.svg\",\"caption\":\"\u041c\u0435\u0434\u0436\u043b\u0456\u0441\"},\"image\":{\"@id\":\"https:\\\/\\\/qtmm.org\\\/qt\\\/#\\\/schema\\\/logo\\\/image\\\/\"},\"sameAs\":[\"https:\\\/\\\/www.facebook.com\\\/qtmm.info\\\/\"]},{\"@type\":\"Person\",\"@id\":\"https:\\\/\\\/qtmm.org\\\/qt\\\/#\\\/schema\\\/person\\\/de562469f971dec226ac06e60bbf74a7\",\"name\":\"Developer\",\"image\":{\"@type\":\"ImageObject\",\"inLanguage\":\"qt\",\"@id\":\"https:\\\/\\\/secure.gravatar.com\\\/avatar\\\/392b4cc8fbfeb00b39dfeeab4ee6edded39ffd48e25858637e4765810300227e?s=96&d=mm&r=g\",\"url\":\"https:\\\/\\\/secure.gravatar.com\\\/avatar\\\/392b4cc8fbfeb00b39dfeeab4ee6edded39ffd48e25858637e4765810300227e?s=96&d=mm&r=g\",\"contentUrl\":\"https:\\\/\\\/secure.gravatar.com\\\/avatar\\\/392b4cc8fbfeb00b39dfeeab4ee6edded39ffd48e25858637e4765810300227e?s=96&d=mm&r=g\",\"caption\":\"Developer\"},\"url\":\"https:\\\/\\\/qtmm.org\\\/qt\\\/author\\\/Developer\\\/\"}]}<\/script>\n<!-- \/ Yoast SEO plugin. -->","yoast_head_json":{"title":"Aqmescitte k\u00fcre\u015f boyunca halqara yar\u0131\u015f \u00f6tkerildi - \u041c\u0435\u0434\u0436\u043b\u0456\u0441","robots":{"index":"index","follow":"follow","max-snippet":"max-snippet:-1","max-image-preview":"max-image-preview:large","max-video-preview":"max-video-preview:-1"},"canonical":"https:\/\/qtmm.org\/qt\/aqmescitte-kures-boyunca-halqara-yaris-otkerildi\/","og_locale":"en_US","og_type":"article","og_title":"Aqmescitte k\u00fcre\u015f boyunca halqara yar\u0131\u015f \u00f6tkerildi - \u041c\u0435\u0434\u0436\u043b\u0456\u0441","og_description":"2012 senesi okt\u00e2br 28-de Aqmescitte Qurban bayram\u0131 \u015ferefine q\u0131r\u0131mtatar milliy k\u00fcre\u015fi boyunca IV Halqara turnir ol\u0131p ke\u00e7ti. Yar\u0131\u015fta Ukraina, T\u00fcrkiye, Rusiye, \u00d6zbekistan, Qazahstan ve Romaniyadan kelgen bir s\u0131ra d\u00fcnya \u00e7empionatlar\u0131nda \u011falebe qazan\u011fan k\u00fcre\u015f\u00e7iler i\u015ftirak ettiler. Turnirde Londrada \u00f6tkerilgen Olimpiya oyunlar\u0131n\u0131\u00f1 i\u015ftirak\u00e7isi Lenur Temirov da bar edi. Yar\u0131\u015fn\u0131\u00f1 a\u00e7\u0131l\u0131\u015f\u0131nda Meclis reisi Mustafa Cemilev, Meclis reisini\u00f1 birinci [&hellip;]","og_url":"https:\/\/qtmm.org\/qt\/aqmescitte-kures-boyunca-halqara-yaris-otkerildi\/","og_site_name":"\u041c\u0435\u0434\u0436\u043b\u0456\u0441","article_publisher":"https:\/\/www.facebook.com\/qtmm.info\/","article_published_time":"2012-10-28T11:16:00+00:00","article_modified_time":"2022-01-23T11:18:57+00:00","og_image":[{"width":650,"height":400,"url":"https:\/\/qtmm.org\/wp-content\/uploads\/2022\/01\/1_72.jpeg","type":"image\/jpeg"}],"author":"Developer","twitter_card":"summary_large_image","twitter_misc":{"Written by":"Developer","Est. reading time":"2 minutes"},"schema":{"@context":"https:\/\/schema.org","@graph":[{"@type":"Article","@id":"https:\/\/qtmm.org\/qt\/aqmescitte-kures-boyunca-halqara-yaris-otkerildi\/#article","isPartOf":{"@id":"https:\/\/qtmm.org\/qt\/aqmescitte-kures-boyunca-halqara-yaris-otkerildi\/"},"author":{"name":"Developer","@id":"https:\/\/qtmm.org\/qt\/#\/schema\/person\/de562469f971dec226ac06e60bbf74a7"},"headline":"Aqmescitte k\u00fcre\u015f boyunca halqara yar\u0131\u015f \u00f6tkerildi","datePublished":"2012-10-28T11:16:00+00:00","dateModified":"2022-01-23T11:18:57+00:00","mainEntityOfPage":{"@id":"https:\/\/qtmm.org\/qt\/aqmescitte-kures-boyunca-halqara-yaris-otkerildi\/"},"wordCount":480,"commentCount":0,"publisher":{"@id":"https:\/\/qtmm.org\/qt\/#organization"},"image":{"@id":"https:\/\/qtmm.org\/qt\/aqmescitte-kures-boyunca-halqara-yaris-otkerildi\/#primaryimage"},"thumbnailUrl":"https:\/\/qtmm.org\/wp-content\/uploads\/2022\/01\/1_72.jpeg","articleSection":["Haberler"],"inLanguage":"qt","potentialAction":[{"@type":"CommentAction","name":"Comment","target":["https:\/\/qtmm.org\/qt\/aqmescitte-kures-boyunca-halqara-yaris-otkerildi\/#respond"]}]},{"@type":"WebPage","@id":"https:\/\/qtmm.org\/qt\/aqmescitte-kures-boyunca-halqara-yaris-otkerildi\/","url":"https:\/\/qtmm.org\/qt\/aqmescitte-kures-boyunca-halqara-yaris-otkerildi\/","name":"Aqmescitte k\u00fcre\u015f boyunca halqara yar\u0131\u015f \u00f6tkerildi - \u041c\u0435\u0434\u0436\u043b\u0456\u0441","isPartOf":{"@id":"https:\/\/qtmm.org\/qt\/#website"},"primaryImageOfPage":{"@id":"https:\/\/qtmm.org\/qt\/aqmescitte-kures-boyunca-halqara-yaris-otkerildi\/#primaryimage"},"image":{"@id":"https:\/\/qtmm.org\/qt\/aqmescitte-kures-boyunca-halqara-yaris-otkerildi\/#primaryimage"},"thumbnailUrl":"https:\/\/qtmm.org\/wp-content\/uploads\/2022\/01\/1_72.jpeg","datePublished":"2012-10-28T11:16:00+00:00","dateModified":"2022-01-23T11:18:57+00:00","breadcrumb":{"@id":"https:\/\/qtmm.org\/qt\/aqmescitte-kures-boyunca-halqara-yaris-otkerildi\/#breadcrumb"},"inLanguage":"qt","potentialAction":[{"@type":"ReadAction","target":["https:\/\/qtmm.org\/qt\/aqmescitte-kures-boyunca-halqara-yaris-otkerildi\/"]}]},{"@type":"ImageObject","inLanguage":"qt","@id":"https:\/\/qtmm.org\/qt\/aqmescitte-kures-boyunca-halqara-yaris-otkerildi\/#primaryimage","url":"https:\/\/qtmm.org\/wp-content\/uploads\/2022\/01\/1_72.jpeg","contentUrl":"https:\/\/qtmm.org\/wp-content\/uploads\/2022\/01\/1_72.jpeg","width":650,"height":400},{"@type":"BreadcrumbList","@id":"https:\/\/qtmm.org\/qt\/aqmescitte-kures-boyunca-halqara-yaris-otkerildi\/#breadcrumb","itemListElement":[{"@type":"ListItem","position":1,"name":"\u0413\u043e\u043b\u043e\u0432\u043d\u0430","item":"https:\/\/qtmm.org\/qt\/"},{"@type":"ListItem","position":2,"name":"Aqmescitte k\u00fcre\u015f boyunca halqara yar\u0131\u015f \u00f6tkerildi"}]},{"@type":"WebSite","@id":"https:\/\/qtmm.org\/qt\/#website","url":"https:\/\/qtmm.org\/qt\/","name":"\u041c\u0435\u0434\u0436\u043b\u0456\u0441","description":"","publisher":{"@id":"https:\/\/qtmm.org\/qt\/#organization"},"potentialAction":[{"@type":"SearchAction","target":{"@type":"EntryPoint","urlTemplate":"https:\/\/qtmm.org\/qt\/?s={search_term_string}"},"query-input":{"@type":"PropertyValueSpecification","valueRequired":true,"valueName":"search_term_string"}}],"inLanguage":"qt"},{"@type":"Organization","@id":"https:\/\/qtmm.org\/qt\/#organization","name":"\u041c\u0435\u0434\u0436\u043b\u0456\u0441","url":"https:\/\/qtmm.org\/qt\/","logo":{"@type":"ImageObject","inLanguage":"qt","@id":"https:\/\/qtmm.org\/qt\/#\/schema\/logo\/image\/","url":"https:\/\/qtmm.org\/wp-content\/uploads\/2024\/12\/ua-mejlis-logo-rgb.svg","contentUrl":"https:\/\/qtmm.org\/wp-content\/uploads\/2024\/12\/ua-mejlis-logo-rgb.svg","caption":"\u041c\u0435\u0434\u0436\u043b\u0456\u0441"},"image":{"@id":"https:\/\/qtmm.org\/qt\/#\/schema\/logo\/image\/"},"sameAs":["https:\/\/www.facebook.com\/qtmm.info\/"]},{"@type":"Person","@id":"https:\/\/qtmm.org\/qt\/#\/schema\/person\/de562469f971dec226ac06e60bbf74a7","name":"Developer","image":{"@type":"ImageObject","inLanguage":"qt","@id":"https:\/\/secure.gravatar.com\/avatar\/392b4cc8fbfeb00b39dfeeab4ee6edded39ffd48e25858637e4765810300227e?s=96&d=mm&r=g","url":"https:\/\/secure.gravatar.com\/avatar\/392b4cc8fbfeb00b39dfeeab4ee6edded39ffd48e25858637e4765810300227e?s=96&d=mm&r=g","contentUrl":"https:\/\/secure.gravatar.com\/avatar\/392b4cc8fbfeb00b39dfeeab4ee6edded39ffd48e25858637e4765810300227e?s=96&d=mm&r=g","caption":"Developer"},"url":"https:\/\/qtmm.org\/qt\/author\/Developer\/"}]}},"_links":{"self":[{"href":"https:\/\/qtmm.org\/qt\/wp-json\/wp\/v2\/posts\/34944","targetHints":{"allow":["GET"]}}],"collection":[{"href":"https:\/\/qtmm.org\/qt\/wp-json\/wp\/v2\/posts"}],"about":[{"href":"https:\/\/qtmm.org\/qt\/wp-json\/wp\/v2\/types\/post"}],"author":[{"embeddable":true,"href":"https:\/\/qtmm.org\/qt\/wp-json\/wp\/v2\/users\/1"}],"replies":[{"embeddable":true,"href":"https:\/\/qtmm.org\/qt\/wp-json\/wp\/v2\/comments?post=34944"}],"version-history":[{"count":1,"href":"https:\/\/qtmm.org\/qt\/wp-json\/wp\/v2\/posts\/34944\/revisions"}],"predecessor-version":[{"id":34973,"href":"https:\/\/qtmm.org\/qt\/wp-json\/wp\/v2\/posts\/34944\/revisions\/34973"}],"wp:featuredmedia":[{"embeddable":true,"href":"https:\/\/qtmm.org\/qt\/wp-json\/wp\/v2\/media\/34945"}],"wp:attachment":[{"href":"https:\/\/qtmm.org\/qt\/wp-json\/wp\/v2\/media?parent=34944"}],"wp:term":[{"taxonomy":"category","embeddable":true,"href":"https:\/\/qtmm.org\/qt\/wp-json\/wp\/v2\/categories?post=34944"},{"taxonomy":"post_tag","embeddable":true,"href":"https:\/\/qtmm.org\/qt\/wp-json\/wp\/v2\/tags?post=34944"}],"curies":[{"name":"wp","href":"https:\/\/api.w.org\/{rel}","templated":true}]}}