




{"id":34918,"date":"2012-10-25T14:13:00","date_gmt":"2012-10-25T11:13:00","guid":{"rendered":"http:\/\/qtmm.org\/?p=34918"},"modified":"2022-01-23T14:15:55","modified_gmt":"2022-01-23T11:15:55","slug":"milliy-mekteplerde-qurban-bayrami","status":"publish","type":"post","link":"https:\/\/qtmm.org\/qt\/milliy-mekteplerde-qurban-bayrami\/","title":{"rendered":"Milliy mekteplerde Qurban Bayram\u0131!"},"content":{"rendered":"\n<p>Er y\u0131l\u0131 kibi bu sene de Milliy Meclis medeniyet ve tasil idaresini\u00f1 yolba\u015f\u00e7\u0131s\u0131, &#8220;Maarif\u00e7i&#8221; birle\u015fmesini\u00f1 reisi Safure Kacametova milliy mekteplerimizge qurbanlar te\u015fkil\u00e2tland\u0131rd\u0131. On\u0131\u00f1 sayesinde b\u00fct\u00fcn milliy mekteplerimizde qurbanlar \u00e7al\u0131n\u0131p, bayram merasimleri ocalar, talebeler, ana-babalar ve cemaat\u00e7\u0131l\u0131qn\u0131\u00f1 i\u015ftira\u011f\u0131nda ke\u00e7irildi.<\/p>\n\n\n\n<p>Bah\u00e7asaraydaki hanlar saray\u0131nda yerle\u015fken qadimiy camide bayram namaz\u0131n\u0131 q\u0131l\u011fan Milliy Meclis reisi Mustafa Cemilev Q\u0131r\u0131m\u011fa kelgen say\u011f\u0131l\u0131 musafirlernen milliy mektepke te\u015frif buyurd\u0131.<\/p>\n\n\n\n<p>\u0130lk qurbanlar okt\u00e2br 25 k\u00fcn\u00fc Bah\u00e7asaray \u015feerindeki, Alma-Tarhan k\u00f6y\u00fcndeki ve Aqmescit b\u00f6lgesini\u00f1 Bul\u011fanak k\u00f6y\u00fcndeki milliy mekteplerde \u00e7al\u0131nd\u0131.<\/p>\n\n\n\n<figure class=\"wp-block-image size-full\"><img loading=\"lazy\" decoding=\"async\" width=\"650\" height=\"350\" src=\"http:\/\/qtmm.org\/wp-content\/uploads\/2022\/01\/2_77.jpeg\" alt=\"\" class=\"wp-image-34923\" srcset=\"https:\/\/qtmm.org\/wp-content\/uploads\/2022\/01\/2_77.jpeg 650w, https:\/\/qtmm.org\/wp-content\/uploads\/2022\/01\/2_77-300x162.jpeg 300w\" sizes=\"auto, (max-width: 650px) 100vw, 650px\" \/><\/figure>\n\n\n\n<p>AQ\u015e dan milliy mekteplerimizge qurbanlar ketirgen Necet efendi Tabaruh bu qurbanlar milleti ve Vatan\u0131na h\u0131zmet yolunda \u015feit ketken ulu insanlar\u0131m\u0131z \u0130.Gasp\u0131ral\u0131, Noman \u00c7elebicihan, Cafer Seydametlerni\u00f1 ruhundan em de bug\u00fcnki k\u00fcnde halq\u0131m\u0131zn\u0131\u00f1 lideri Mustafa Cemilev ve \u00e7oqtan- \u00e7oq \u00e7et elde ya\u015fa\u011fan dinda\u015flar\u0131m\u0131zn\u0131\u00f1 ad\u0131ndan \u00e7al\u0131nacaq dep, er kezni Qurban bayram\u0131nen hay\u0131rlad\u0131.<\/p>\n\n\n\n<figure class=\"wp-block-image size-full\"><img loading=\"lazy\" decoding=\"async\" width=\"650\" height=\"350\" src=\"http:\/\/qtmm.org\/wp-content\/uploads\/2022\/01\/3_49.jpeg\" alt=\"\" class=\"wp-image-34927\" srcset=\"https:\/\/qtmm.org\/wp-content\/uploads\/2022\/01\/3_49.jpeg 650w, https:\/\/qtmm.org\/wp-content\/uploads\/2022\/01\/3_49-300x162.jpeg 300w\" sizes=\"auto, (max-width: 650px) 100vw, 650px\" \/><\/figure>\n\n\n\n<p>Necet efendini\u00f1 ricas\u0131 ile bu insanlarn\u0131\u00f1 adlar\u0131n\u0131 seslendirgen Mustafa Cemilev, milletimizge yard\u0131m qolun\u0131 uzatqan er kimge te\u015fekk\u00fcr bildirdi. Qurban \u00e7aluv meras\u0131m\u0131na Bah\u00e7asaray RD memuriyetini\u00f1 ba\u015f\u0131 \u0130lmi \u00dcmerov, regional meclisini\u00f1 reisi Ahtem \u00c7iygoz yerli din cemiyetini\u00f1 azalar\u0131 ve cemaat\u00e7\u0131l\u0131q qo\u015fuld\u0131.<\/p>\n\n\n\n<p>So\u00f1ra Necet efendi Alma-Tarhan milliy mektebine davet etildi. Bu mektepte on\u0131 beklegen oca ve talebeler qurban tedbirine kontsert programmas\u0131n\u0131da kirsetkenler. Balalar icras\u0131nda il\u00e2hiyler musafirni \u011fayet quvand\u0131rd\u0131.<\/p>\n\n\n\n<figure class=\"wp-block-image size-full\"><img loading=\"lazy\" decoding=\"async\" width=\"650\" height=\"350\" src=\"http:\/\/qtmm.org\/wp-content\/uploads\/2022\/01\/5_24.jpeg\" alt=\"\" class=\"wp-image-34931\" srcset=\"https:\/\/qtmm.org\/wp-content\/uploads\/2022\/01\/5_24.jpeg 650w, https:\/\/qtmm.org\/wp-content\/uploads\/2022\/01\/5_24-300x162.jpeg 300w\" sizes=\"auto, (max-width: 650px) 100vw, 650px\" \/><\/figure>\n\n\n\n<p>AQ\u015e dan yollan\u0131l\u011fan qurban Aqmescit rayon\u0131 Bul\u011fanaq k\u00f6y\u00fcndeki milliy mektepte de \u015fu k\u00fcn\u00fc \u00e7al\u0131nd\u0131. Mektep m\u00fcdiri \u00dcsniye Asanova, ocalar ve yerli cemaat\u00e7\u0131l\u0131q ad\u0131ndan AQ\u015e da ve T\u00fcrkiyede ya\u015fa\u011fan ve mekteplerge qurban ba\u011f\u0131\u015fla\u011fan dinda\u015flar\u0131m\u0131z\u011fa samimiy minnetdarl\u0131\u011f\u0131n\u0131 bildirdi.<\/p>\n\n\n\n<figure class=\"wp-block-image size-full\"><img loading=\"lazy\" decoding=\"async\" width=\"650\" height=\"350\" src=\"http:\/\/qtmm.org\/wp-content\/uploads\/2022\/01\/4_48.jpeg\" alt=\"\" class=\"wp-image-34935\" srcset=\"https:\/\/qtmm.org\/wp-content\/uploads\/2022\/01\/4_48.jpeg 650w, https:\/\/qtmm.org\/wp-content\/uploads\/2022\/01\/4_48-300x162.jpeg 300w\" sizes=\"auto, (max-width: 650px) 100vw, 650px\" \/><\/figure>\n\n\n\n<p>\u0130\u015f bu tedbirlerni te\u015fkil etken &#8220;Maarif\u00e7i&#8221; birle\u015fmesini\u00f1 reisi Safure Kacametovan\u0131\u00f1 aytqan\u0131na k\u00f6re, Necat efendini\u00f1 qoltutuv\u0131nda 13 milliy mekteplerde tana qurbanlar \u00e7al\u0131nd\u0131, Eski-\u015eeher q\u0131r\u0131mtatar Dernegini\u00f1 reisi Mesut Orn\u0131\u00f1 yard\u0131m\u0131nda 3 eki tilde oqutqan mekteplerde tana qurban \u00e7al\u0131nd\u0131 ve B\u00fct\u00fcnukrain &#8220;Alraid&#8221; birle\u015fmesini\u00f1 Q\u0131r\u0131mdaki b\u00f6l\u00fcgini\u00f1 reisi Mohammad Tahan\u0131\u00f1 qoltutuv\u0131nda milliy s\u0131n\u0131flar\u0131 bar 14 rus tilli mekteplerge \u2013 kesilgen qoy qurban ba\u011f\u0131\u015fland\u0131.<\/p>\n\n\n\n<figure class=\"wp-block-image size-full\"><img loading=\"lazy\" decoding=\"async\" width=\"650\" height=\"350\" src=\"http:\/\/qtmm.org\/wp-content\/uploads\/2022\/01\/6_20.jpeg\" alt=\"\" class=\"wp-image-34939\" srcset=\"https:\/\/qtmm.org\/wp-content\/uploads\/2022\/01\/6_20.jpeg 650w, https:\/\/qtmm.org\/wp-content\/uploads\/2022\/01\/6_20-300x162.jpeg 300w\" sizes=\"auto, (max-width: 650px) 100vw, 650px\" \/><\/figure>\n\n\n\n<p class=\"has-text-align-center\"><strong>Bu hay\u0131rsever insanlardan Allah raz\u0131 olsun!<\/strong><\/p>\n","protected":false},"excerpt":{"rendered":"<p>Er y\u0131l\u0131 kibi bu sene de Milliy Meclis medeniyet ve tasil idaresini\u00f1 yolba\u015f\u00e7\u0131s\u0131, &#8220;Maarif\u00e7i&#8221; birle\u015fmesini\u00f1 reisi Safure Kacametova milliy mekteplerimizge qurbanlar te\u015fkil\u00e2tland\u0131rd\u0131. On\u0131\u00f1 sayesinde b\u00fct\u00fcn milliy mekteplerimizde qurbanlar \u00e7al\u0131n\u0131p, bayram merasimleri ocalar, talebeler, ana-babalar ve cemaat\u00e7\u0131l\u0131qn\u0131\u00f1 i\u015ftira\u011f\u0131nda ke\u00e7irildi. Bah\u00e7asaraydaki hanlar saray\u0131nda yerle\u015fken qadimiy camide bayram namaz\u0131n\u0131 q\u0131l\u011fan Milliy Meclis reisi Mustafa Cemilev Q\u0131r\u0131m\u011fa kelgen say\u011f\u0131l\u0131 [&hellip;]<\/p>\n","protected":false},"author":1,"featured_media":34919,"comment_status":"open","ping_status":"open","sticky":false,"template":"","format":"standard","meta":{"inline_featured_image":false,"footnotes":""},"categories":[265],"tags":[],"class_list":["post-34918","post","type-post","status-publish","format-standard","has-post-thumbnail","hentry","category-haberler"],"acf":[],"yoast_head":"<!-- This site is optimized with the Yoast SEO plugin v27.4 - https:\/\/yoast.com\/product\/yoast-seo-wordpress\/ -->\n<title>Milliy mekteplerde Qurban Bayram\u0131! - \u041c\u0435\u0434\u0436\u043b\u0456\u0441<\/title>\n<meta name=\"robots\" content=\"index, follow, max-snippet:-1, max-image-preview:large, max-video-preview:-1\" \/>\n<link rel=\"canonical\" href=\"https:\/\/qtmm.org\/qt\/milliy-mekteplerde-qurban-bayrami\/\" \/>\n<meta property=\"og:locale\" content=\"en_US\" \/>\n<meta property=\"og:type\" content=\"article\" \/>\n<meta property=\"og:title\" content=\"Milliy mekteplerde Qurban Bayram\u0131! - \u041c\u0435\u0434\u0436\u043b\u0456\u0441\" \/>\n<meta property=\"og:description\" content=\"Er y\u0131l\u0131 kibi bu sene de Milliy Meclis medeniyet ve tasil idaresini\u00f1 yolba\u015f\u00e7\u0131s\u0131, &#8220;Maarif\u00e7i&#8221; birle\u015fmesini\u00f1 reisi Safure Kacametova milliy mekteplerimizge qurbanlar te\u015fkil\u00e2tland\u0131rd\u0131. On\u0131\u00f1 sayesinde b\u00fct\u00fcn milliy mekteplerimizde qurbanlar \u00e7al\u0131n\u0131p, bayram merasimleri ocalar, talebeler, ana-babalar ve cemaat\u00e7\u0131l\u0131qn\u0131\u00f1 i\u015ftira\u011f\u0131nda ke\u00e7irildi. Bah\u00e7asaraydaki hanlar saray\u0131nda yerle\u015fken qadimiy camide bayram namaz\u0131n\u0131 q\u0131l\u011fan Milliy Meclis reisi Mustafa Cemilev Q\u0131r\u0131m\u011fa kelgen say\u011f\u0131l\u0131 [&hellip;]\" \/>\n<meta property=\"og:url\" content=\"https:\/\/qtmm.org\/qt\/milliy-mekteplerde-qurban-bayrami\/\" \/>\n<meta property=\"og:site_name\" content=\"\u041c\u0435\u0434\u0436\u043b\u0456\u0441\" \/>\n<meta property=\"article:publisher\" content=\"https:\/\/www.facebook.com\/qtmm.info\/\" \/>\n<meta property=\"article:published_time\" content=\"2012-10-25T11:13:00+00:00\" \/>\n<meta property=\"article:modified_time\" content=\"2022-01-23T11:15:55+00:00\" \/>\n<meta property=\"og:image\" content=\"https:\/\/qtmm.org\/wp-content\/uploads\/2022\/01\/1_73.jpeg\" \/>\n\t<meta property=\"og:image:width\" content=\"650\" \/>\n\t<meta property=\"og:image:height\" content=\"350\" \/>\n\t<meta property=\"og:image:type\" content=\"image\/jpeg\" \/>\n<meta name=\"author\" content=\"Developer\" \/>\n<meta name=\"twitter:card\" content=\"summary_large_image\" \/>\n<meta name=\"twitter:label1\" content=\"Written by\" \/>\n\t<meta name=\"twitter:data1\" content=\"Developer\" \/>\n\t<meta name=\"twitter:label2\" content=\"Est. reading time\" \/>\n\t<meta name=\"twitter:data2\" content=\"2 minutes\" \/>\n<script type=\"application\/ld+json\" class=\"yoast-schema-graph\">{\"@context\":\"https:\\\/\\\/schema.org\",\"@graph\":[{\"@type\":\"Article\",\"@id\":\"https:\\\/\\\/qtmm.org\\\/qt\\\/milliy-mekteplerde-qurban-bayrami\\\/#article\",\"isPartOf\":{\"@id\":\"https:\\\/\\\/qtmm.org\\\/qt\\\/milliy-mekteplerde-qurban-bayrami\\\/\"},\"author\":{\"name\":\"Developer\",\"@id\":\"https:\\\/\\\/qtmm.org\\\/qt\\\/#\\\/schema\\\/person\\\/de562469f971dec226ac06e60bbf74a7\"},\"headline\":\"Milliy mekteplerde Qurban Bayram\u0131!\",\"datePublished\":\"2012-10-25T11:13:00+00:00\",\"dateModified\":\"2022-01-23T11:15:55+00:00\",\"mainEntityOfPage\":{\"@id\":\"https:\\\/\\\/qtmm.org\\\/qt\\\/milliy-mekteplerde-qurban-bayrami\\\/\"},\"wordCount\":406,\"commentCount\":0,\"publisher\":{\"@id\":\"https:\\\/\\\/qtmm.org\\\/qt\\\/#organization\"},\"image\":{\"@id\":\"https:\\\/\\\/qtmm.org\\\/qt\\\/milliy-mekteplerde-qurban-bayrami\\\/#primaryimage\"},\"thumbnailUrl\":\"https:\\\/\\\/qtmm.org\\\/wp-content\\\/uploads\\\/2022\\\/01\\\/1_73.jpeg\",\"articleSection\":[\"Haberler\"],\"inLanguage\":\"qt\",\"potentialAction\":[{\"@type\":\"CommentAction\",\"name\":\"Comment\",\"target\":[\"https:\\\/\\\/qtmm.org\\\/qt\\\/milliy-mekteplerde-qurban-bayrami\\\/#respond\"]}]},{\"@type\":\"WebPage\",\"@id\":\"https:\\\/\\\/qtmm.org\\\/qt\\\/milliy-mekteplerde-qurban-bayrami\\\/\",\"url\":\"https:\\\/\\\/qtmm.org\\\/qt\\\/milliy-mekteplerde-qurban-bayrami\\\/\",\"name\":\"Milliy mekteplerde Qurban Bayram\u0131! - \u041c\u0435\u0434\u0436\u043b\u0456\u0441\",\"isPartOf\":{\"@id\":\"https:\\\/\\\/qtmm.org\\\/qt\\\/#website\"},\"primaryImageOfPage\":{\"@id\":\"https:\\\/\\\/qtmm.org\\\/qt\\\/milliy-mekteplerde-qurban-bayrami\\\/#primaryimage\"},\"image\":{\"@id\":\"https:\\\/\\\/qtmm.org\\\/qt\\\/milliy-mekteplerde-qurban-bayrami\\\/#primaryimage\"},\"thumbnailUrl\":\"https:\\\/\\\/qtmm.org\\\/wp-content\\\/uploads\\\/2022\\\/01\\\/1_73.jpeg\",\"datePublished\":\"2012-10-25T11:13:00+00:00\",\"dateModified\":\"2022-01-23T11:15:55+00:00\",\"breadcrumb\":{\"@id\":\"https:\\\/\\\/qtmm.org\\\/qt\\\/milliy-mekteplerde-qurban-bayrami\\\/#breadcrumb\"},\"inLanguage\":\"qt\",\"potentialAction\":[{\"@type\":\"ReadAction\",\"target\":[\"https:\\\/\\\/qtmm.org\\\/qt\\\/milliy-mekteplerde-qurban-bayrami\\\/\"]}]},{\"@type\":\"ImageObject\",\"inLanguage\":\"qt\",\"@id\":\"https:\\\/\\\/qtmm.org\\\/qt\\\/milliy-mekteplerde-qurban-bayrami\\\/#primaryimage\",\"url\":\"https:\\\/\\\/qtmm.org\\\/wp-content\\\/uploads\\\/2022\\\/01\\\/1_73.jpeg\",\"contentUrl\":\"https:\\\/\\\/qtmm.org\\\/wp-content\\\/uploads\\\/2022\\\/01\\\/1_73.jpeg\",\"width\":650,\"height\":350},{\"@type\":\"BreadcrumbList\",\"@id\":\"https:\\\/\\\/qtmm.org\\\/qt\\\/milliy-mekteplerde-qurban-bayrami\\\/#breadcrumb\",\"itemListElement\":[{\"@type\":\"ListItem\",\"position\":1,\"name\":\"\u0413\u043e\u043b\u043e\u0432\u043d\u0430\",\"item\":\"https:\\\/\\\/qtmm.org\\\/qt\\\/\"},{\"@type\":\"ListItem\",\"position\":2,\"name\":\"Milliy mekteplerde Qurban Bayram\u0131!\"}]},{\"@type\":\"WebSite\",\"@id\":\"https:\\\/\\\/qtmm.org\\\/qt\\\/#website\",\"url\":\"https:\\\/\\\/qtmm.org\\\/qt\\\/\",\"name\":\"\u041c\u0435\u0434\u0436\u043b\u0456\u0441\",\"description\":\"\",\"publisher\":{\"@id\":\"https:\\\/\\\/qtmm.org\\\/qt\\\/#organization\"},\"potentialAction\":[{\"@type\":\"SearchAction\",\"target\":{\"@type\":\"EntryPoint\",\"urlTemplate\":\"https:\\\/\\\/qtmm.org\\\/qt\\\/?s={search_term_string}\"},\"query-input\":{\"@type\":\"PropertyValueSpecification\",\"valueRequired\":true,\"valueName\":\"search_term_string\"}}],\"inLanguage\":\"qt\"},{\"@type\":\"Organization\",\"@id\":\"https:\\\/\\\/qtmm.org\\\/qt\\\/#organization\",\"name\":\"\u041c\u0435\u0434\u0436\u043b\u0456\u0441\",\"url\":\"https:\\\/\\\/qtmm.org\\\/qt\\\/\",\"logo\":{\"@type\":\"ImageObject\",\"inLanguage\":\"qt\",\"@id\":\"https:\\\/\\\/qtmm.org\\\/qt\\\/#\\\/schema\\\/logo\\\/image\\\/\",\"url\":\"https:\\\/\\\/qtmm.org\\\/wp-content\\\/uploads\\\/2024\\\/12\\\/ua-mejlis-logo-rgb.svg\",\"contentUrl\":\"https:\\\/\\\/qtmm.org\\\/wp-content\\\/uploads\\\/2024\\\/12\\\/ua-mejlis-logo-rgb.svg\",\"caption\":\"\u041c\u0435\u0434\u0436\u043b\u0456\u0441\"},\"image\":{\"@id\":\"https:\\\/\\\/qtmm.org\\\/qt\\\/#\\\/schema\\\/logo\\\/image\\\/\"},\"sameAs\":[\"https:\\\/\\\/www.facebook.com\\\/qtmm.info\\\/\"]},{\"@type\":\"Person\",\"@id\":\"https:\\\/\\\/qtmm.org\\\/qt\\\/#\\\/schema\\\/person\\\/de562469f971dec226ac06e60bbf74a7\",\"name\":\"Developer\",\"image\":{\"@type\":\"ImageObject\",\"inLanguage\":\"qt\",\"@id\":\"https:\\\/\\\/secure.gravatar.com\\\/avatar\\\/392b4cc8fbfeb00b39dfeeab4ee6edded39ffd48e25858637e4765810300227e?s=96&d=mm&r=g\",\"url\":\"https:\\\/\\\/secure.gravatar.com\\\/avatar\\\/392b4cc8fbfeb00b39dfeeab4ee6edded39ffd48e25858637e4765810300227e?s=96&d=mm&r=g\",\"contentUrl\":\"https:\\\/\\\/secure.gravatar.com\\\/avatar\\\/392b4cc8fbfeb00b39dfeeab4ee6edded39ffd48e25858637e4765810300227e?s=96&d=mm&r=g\",\"caption\":\"Developer\"},\"url\":\"https:\\\/\\\/qtmm.org\\\/qt\\\/author\\\/Developer\\\/\"}]}<\/script>\n<!-- \/ Yoast SEO plugin. -->","yoast_head_json":{"title":"Milliy mekteplerde Qurban Bayram\u0131! - \u041c\u0435\u0434\u0436\u043b\u0456\u0441","robots":{"index":"index","follow":"follow","max-snippet":"max-snippet:-1","max-image-preview":"max-image-preview:large","max-video-preview":"max-video-preview:-1"},"canonical":"https:\/\/qtmm.org\/qt\/milliy-mekteplerde-qurban-bayrami\/","og_locale":"en_US","og_type":"article","og_title":"Milliy mekteplerde Qurban Bayram\u0131! - \u041c\u0435\u0434\u0436\u043b\u0456\u0441","og_description":"Er y\u0131l\u0131 kibi bu sene de Milliy Meclis medeniyet ve tasil idaresini\u00f1 yolba\u015f\u00e7\u0131s\u0131, &#8220;Maarif\u00e7i&#8221; birle\u015fmesini\u00f1 reisi Safure Kacametova milliy mekteplerimizge qurbanlar te\u015fkil\u00e2tland\u0131rd\u0131. On\u0131\u00f1 sayesinde b\u00fct\u00fcn milliy mekteplerimizde qurbanlar \u00e7al\u0131n\u0131p, bayram merasimleri ocalar, talebeler, ana-babalar ve cemaat\u00e7\u0131l\u0131qn\u0131\u00f1 i\u015ftira\u011f\u0131nda ke\u00e7irildi. Bah\u00e7asaraydaki hanlar saray\u0131nda yerle\u015fken qadimiy camide bayram namaz\u0131n\u0131 q\u0131l\u011fan Milliy Meclis reisi Mustafa Cemilev Q\u0131r\u0131m\u011fa kelgen say\u011f\u0131l\u0131 [&hellip;]","og_url":"https:\/\/qtmm.org\/qt\/milliy-mekteplerde-qurban-bayrami\/","og_site_name":"\u041c\u0435\u0434\u0436\u043b\u0456\u0441","article_publisher":"https:\/\/www.facebook.com\/qtmm.info\/","article_published_time":"2012-10-25T11:13:00+00:00","article_modified_time":"2022-01-23T11:15:55+00:00","og_image":[{"width":650,"height":350,"url":"https:\/\/qtmm.org\/wp-content\/uploads\/2022\/01\/1_73.jpeg","type":"image\/jpeg"}],"author":"Developer","twitter_card":"summary_large_image","twitter_misc":{"Written by":"Developer","Est. reading time":"2 minutes"},"schema":{"@context":"https:\/\/schema.org","@graph":[{"@type":"Article","@id":"https:\/\/qtmm.org\/qt\/milliy-mekteplerde-qurban-bayrami\/#article","isPartOf":{"@id":"https:\/\/qtmm.org\/qt\/milliy-mekteplerde-qurban-bayrami\/"},"author":{"name":"Developer","@id":"https:\/\/qtmm.org\/qt\/#\/schema\/person\/de562469f971dec226ac06e60bbf74a7"},"headline":"Milliy mekteplerde Qurban Bayram\u0131!","datePublished":"2012-10-25T11:13:00+00:00","dateModified":"2022-01-23T11:15:55+00:00","mainEntityOfPage":{"@id":"https:\/\/qtmm.org\/qt\/milliy-mekteplerde-qurban-bayrami\/"},"wordCount":406,"commentCount":0,"publisher":{"@id":"https:\/\/qtmm.org\/qt\/#organization"},"image":{"@id":"https:\/\/qtmm.org\/qt\/milliy-mekteplerde-qurban-bayrami\/#primaryimage"},"thumbnailUrl":"https:\/\/qtmm.org\/wp-content\/uploads\/2022\/01\/1_73.jpeg","articleSection":["Haberler"],"inLanguage":"qt","potentialAction":[{"@type":"CommentAction","name":"Comment","target":["https:\/\/qtmm.org\/qt\/milliy-mekteplerde-qurban-bayrami\/#respond"]}]},{"@type":"WebPage","@id":"https:\/\/qtmm.org\/qt\/milliy-mekteplerde-qurban-bayrami\/","url":"https:\/\/qtmm.org\/qt\/milliy-mekteplerde-qurban-bayrami\/","name":"Milliy mekteplerde Qurban Bayram\u0131! - \u041c\u0435\u0434\u0436\u043b\u0456\u0441","isPartOf":{"@id":"https:\/\/qtmm.org\/qt\/#website"},"primaryImageOfPage":{"@id":"https:\/\/qtmm.org\/qt\/milliy-mekteplerde-qurban-bayrami\/#primaryimage"},"image":{"@id":"https:\/\/qtmm.org\/qt\/milliy-mekteplerde-qurban-bayrami\/#primaryimage"},"thumbnailUrl":"https:\/\/qtmm.org\/wp-content\/uploads\/2022\/01\/1_73.jpeg","datePublished":"2012-10-25T11:13:00+00:00","dateModified":"2022-01-23T11:15:55+00:00","breadcrumb":{"@id":"https:\/\/qtmm.org\/qt\/milliy-mekteplerde-qurban-bayrami\/#breadcrumb"},"inLanguage":"qt","potentialAction":[{"@type":"ReadAction","target":["https:\/\/qtmm.org\/qt\/milliy-mekteplerde-qurban-bayrami\/"]}]},{"@type":"ImageObject","inLanguage":"qt","@id":"https:\/\/qtmm.org\/qt\/milliy-mekteplerde-qurban-bayrami\/#primaryimage","url":"https:\/\/qtmm.org\/wp-content\/uploads\/2022\/01\/1_73.jpeg","contentUrl":"https:\/\/qtmm.org\/wp-content\/uploads\/2022\/01\/1_73.jpeg","width":650,"height":350},{"@type":"BreadcrumbList","@id":"https:\/\/qtmm.org\/qt\/milliy-mekteplerde-qurban-bayrami\/#breadcrumb","itemListElement":[{"@type":"ListItem","position":1,"name":"\u0413\u043e\u043b\u043e\u0432\u043d\u0430","item":"https:\/\/qtmm.org\/qt\/"},{"@type":"ListItem","position":2,"name":"Milliy mekteplerde Qurban Bayram\u0131!"}]},{"@type":"WebSite","@id":"https:\/\/qtmm.org\/qt\/#website","url":"https:\/\/qtmm.org\/qt\/","name":"\u041c\u0435\u0434\u0436\u043b\u0456\u0441","description":"","publisher":{"@id":"https:\/\/qtmm.org\/qt\/#organization"},"potentialAction":[{"@type":"SearchAction","target":{"@type":"EntryPoint","urlTemplate":"https:\/\/qtmm.org\/qt\/?s={search_term_string}"},"query-input":{"@type":"PropertyValueSpecification","valueRequired":true,"valueName":"search_term_string"}}],"inLanguage":"qt"},{"@type":"Organization","@id":"https:\/\/qtmm.org\/qt\/#organization","name":"\u041c\u0435\u0434\u0436\u043b\u0456\u0441","url":"https:\/\/qtmm.org\/qt\/","logo":{"@type":"ImageObject","inLanguage":"qt","@id":"https:\/\/qtmm.org\/qt\/#\/schema\/logo\/image\/","url":"https:\/\/qtmm.org\/wp-content\/uploads\/2024\/12\/ua-mejlis-logo-rgb.svg","contentUrl":"https:\/\/qtmm.org\/wp-content\/uploads\/2024\/12\/ua-mejlis-logo-rgb.svg","caption":"\u041c\u0435\u0434\u0436\u043b\u0456\u0441"},"image":{"@id":"https:\/\/qtmm.org\/qt\/#\/schema\/logo\/image\/"},"sameAs":["https:\/\/www.facebook.com\/qtmm.info\/"]},{"@type":"Person","@id":"https:\/\/qtmm.org\/qt\/#\/schema\/person\/de562469f971dec226ac06e60bbf74a7","name":"Developer","image":{"@type":"ImageObject","inLanguage":"qt","@id":"https:\/\/secure.gravatar.com\/avatar\/392b4cc8fbfeb00b39dfeeab4ee6edded39ffd48e25858637e4765810300227e?s=96&d=mm&r=g","url":"https:\/\/secure.gravatar.com\/avatar\/392b4cc8fbfeb00b39dfeeab4ee6edded39ffd48e25858637e4765810300227e?s=96&d=mm&r=g","contentUrl":"https:\/\/secure.gravatar.com\/avatar\/392b4cc8fbfeb00b39dfeeab4ee6edded39ffd48e25858637e4765810300227e?s=96&d=mm&r=g","caption":"Developer"},"url":"https:\/\/qtmm.org\/qt\/author\/Developer\/"}]}},"_links":{"self":[{"href":"https:\/\/qtmm.org\/qt\/wp-json\/wp\/v2\/posts\/34918","targetHints":{"allow":["GET"]}}],"collection":[{"href":"https:\/\/qtmm.org\/qt\/wp-json\/wp\/v2\/posts"}],"about":[{"href":"https:\/\/qtmm.org\/qt\/wp-json\/wp\/v2\/types\/post"}],"author":[{"embeddable":true,"href":"https:\/\/qtmm.org\/qt\/wp-json\/wp\/v2\/users\/1"}],"replies":[{"embeddable":true,"href":"https:\/\/qtmm.org\/qt\/wp-json\/wp\/v2\/comments?post=34918"}],"version-history":[{"count":1,"href":"https:\/\/qtmm.org\/qt\/wp-json\/wp\/v2\/posts\/34918\/revisions"}],"predecessor-version":[{"id":34943,"href":"https:\/\/qtmm.org\/qt\/wp-json\/wp\/v2\/posts\/34918\/revisions\/34943"}],"wp:featuredmedia":[{"embeddable":true,"href":"https:\/\/qtmm.org\/qt\/wp-json\/wp\/v2\/media\/34919"}],"wp:attachment":[{"href":"https:\/\/qtmm.org\/qt\/wp-json\/wp\/v2\/media?parent=34918"}],"wp:term":[{"taxonomy":"category","embeddable":true,"href":"https:\/\/qtmm.org\/qt\/wp-json\/wp\/v2\/categories?post=34918"},{"taxonomy":"post_tag","embeddable":true,"href":"https:\/\/qtmm.org\/qt\/wp-json\/wp\/v2\/tags?post=34918"}],"curies":[{"name":"wp","href":"https:\/\/api.w.org\/{rel}","templated":true}]}}