




{"id":34916,"date":"2012-10-25T14:11:00","date_gmt":"2012-10-25T11:11:00","guid":{"rendered":"http:\/\/qtmm.org\/?p=34916"},"modified":"2022-01-23T14:12:32","modified_gmt":"2022-01-23T11:12:32","slug":"qurban-bayraminiz-mubarek-olsun-2","status":"publish","type":"post","link":"https:\/\/qtmm.org\/qt\/qurban-bayraminiz-mubarek-olsun-2\/","title":{"rendered":"Qurban Bayram\u0131\u00f1\u0131z Mubarek olsun!"},"content":{"rendered":"\n<p class=\"has-text-align-center\"><strong>Aziz vatanda\u015flar, q\u0131ymetli Q\u0131r\u0131m musulmanlar\u0131!<br><br>Muqaddes Qurban bayram\u0131 yaramadam\u0131z\u011fa kelmekte. B\u00fcy\u00fck eyilik c\u00fcmlemizge hay\u0131rl\u0131 olsun!<\/strong><br><\/p>\n\n\n\n<p>Yapacaq ibadetleri\u00f1izni, \u00e7alacaq qurbanlar\u0131\u00f1\u0131zn\u0131 Alla Taal\u00e2 maqbul eylesin ve b\u00fct\u00fcn \u00fcmmetimizden raz\u0131 olsun!C\u00fcmle qorantalar\u0131m\u0131zda muabbetlik, sa\u011fl\u0131q, barl\u0131q, baht ve quvan\u00e7 \u00fck\u00fcm s\u00fcrsin, bol sofralar olsun!<\/p>\n\n\n\n<p>Vatan, milliylik duy\u011fular\u0131m\u0131z pekinmesine, birlik-beraberligimiz qaviyle\u015fmesine do\u011frulan\u011fan areketlerimiz ep ilerisin ve evl\u00e2tlar\u0131m\u0131z olarn\u0131\u00f1 neticesi \u2013 Q\u0131r\u0131mda saip olmam\u0131z ile tolus\u0131nen faydalans\u0131nlar.<\/p>\n\n\n\n<p>Yaq\u0131n arada olacaq s\u0131navlar \u2013 saylavlardan da muvafaqiyetli ke\u00e7mek q\u0131smet olsun. Bir \u00fcmmetke, bir milletke mens\u00fcpligimizni numay\u0131\u015f eteyik \u2013 Milliy Qurultayn\u0131\u00f1 muracaat\u0131na qol tutay\u0131q!<\/p>\n\n\n\n<p>Bayramlar\u0131m\u0131z, ayd\u0131n k\u00fcnlerimiz daima devam etip, halq\u0131m\u0131zn\u0131\u00f1 yaralar\u0131na \u015fifa olsun!<\/p>\n\n\n\n<p class=\"has-text-align-center\"><strong><em>Q\u0131r\u0131mtatar Milliy Meclisi<\/em><\/strong><\/p>\n","protected":false},"excerpt":{"rendered":"<p>Aziz vatanda\u015flar, q\u0131ymetli Q\u0131r\u0131m musulmanlar\u0131! Muqaddes Qurban bayram\u0131 yaramadam\u0131z\u011fa kelmekte. B\u00fcy\u00fck eyilik c\u00fcmlemizge hay\u0131rl\u0131 olsun! Yapacaq ibadetleri\u00f1izni, \u00e7alacaq qurbanlar\u0131\u00f1\u0131zn\u0131 Alla Taal\u00e2 maqbul eylesin ve b\u00fct\u00fcn \u00fcmmetimizden raz\u0131 olsun!C\u00fcmle qorantalar\u0131m\u0131zda muabbetlik, sa\u011fl\u0131q, barl\u0131q, baht ve quvan\u00e7 \u00fck\u00fcm s\u00fcrsin, bol sofralar olsun! Vatan, milliylik duy\u011fular\u0131m\u0131z pekinmesine, birlik-beraberligimiz qaviyle\u015fmesine do\u011frulan\u011fan areketlerimiz ep ilerisin ve evl\u00e2tlar\u0131m\u0131z olarn\u0131\u00f1 neticesi \u2013 [&hellip;]<\/p>\n","protected":false},"author":1,"featured_media":0,"comment_status":"open","ping_status":"open","sticky":false,"template":"","format":"standard","meta":{"inline_featured_image":false,"footnotes":""},"categories":[265],"tags":[],"class_list":["post-34916","post","type-post","status-publish","format-standard","hentry","category-haberler"],"acf":[],"yoast_head":"<!-- This site is optimized with the Yoast SEO plugin v27.4 - https:\/\/yoast.com\/product\/yoast-seo-wordpress\/ -->\n<title>Qurban Bayram\u0131\u00f1\u0131z Mubarek olsun! - \u041c\u0435\u0434\u0436\u043b\u0456\u0441<\/title>\n<meta name=\"robots\" content=\"index, follow, max-snippet:-1, max-image-preview:large, max-video-preview:-1\" \/>\n<link rel=\"canonical\" href=\"https:\/\/qtmm.org\/qt\/qurban-bayraminiz-mubarek-olsun-2\/\" \/>\n<meta property=\"og:locale\" content=\"en_US\" \/>\n<meta property=\"og:type\" content=\"article\" \/>\n<meta property=\"og:title\" content=\"Qurban Bayram\u0131\u00f1\u0131z Mubarek olsun! - \u041c\u0435\u0434\u0436\u043b\u0456\u0441\" \/>\n<meta property=\"og:description\" content=\"Aziz vatanda\u015flar, q\u0131ymetli Q\u0131r\u0131m musulmanlar\u0131! Muqaddes Qurban bayram\u0131 yaramadam\u0131z\u011fa kelmekte. B\u00fcy\u00fck eyilik c\u00fcmlemizge hay\u0131rl\u0131 olsun! Yapacaq ibadetleri\u00f1izni, \u00e7alacaq qurbanlar\u0131\u00f1\u0131zn\u0131 Alla Taal\u00e2 maqbul eylesin ve b\u00fct\u00fcn \u00fcmmetimizden raz\u0131 olsun!C\u00fcmle qorantalar\u0131m\u0131zda muabbetlik, sa\u011fl\u0131q, barl\u0131q, baht ve quvan\u00e7 \u00fck\u00fcm s\u00fcrsin, bol sofralar olsun! Vatan, milliylik duy\u011fular\u0131m\u0131z pekinmesine, birlik-beraberligimiz qaviyle\u015fmesine do\u011frulan\u011fan areketlerimiz ep ilerisin ve evl\u00e2tlar\u0131m\u0131z olarn\u0131\u00f1 neticesi \u2013 [&hellip;]\" \/>\n<meta property=\"og:url\" content=\"https:\/\/qtmm.org\/qt\/qurban-bayraminiz-mubarek-olsun-2\/\" \/>\n<meta property=\"og:site_name\" content=\"\u041c\u0435\u0434\u0436\u043b\u0456\u0441\" \/>\n<meta property=\"article:publisher\" content=\"https:\/\/www.facebook.com\/qtmm.info\/\" \/>\n<meta property=\"article:published_time\" content=\"2012-10-25T11:11:00+00:00\" \/>\n<meta property=\"article:modified_time\" content=\"2022-01-23T11:12:32+00:00\" \/>\n<meta name=\"author\" content=\"Developer\" \/>\n<meta name=\"twitter:card\" content=\"summary_large_image\" \/>\n<meta name=\"twitter:label1\" content=\"Written by\" \/>\n\t<meta name=\"twitter:data1\" content=\"Developer\" \/>\n\t<meta name=\"twitter:label2\" content=\"Est. reading time\" \/>\n\t<meta name=\"twitter:data2\" content=\"1 minute\" \/>\n<script type=\"application\/ld+json\" class=\"yoast-schema-graph\">{\"@context\":\"https:\\\/\\\/schema.org\",\"@graph\":[{\"@type\":\"Article\",\"@id\":\"https:\\\/\\\/qtmm.org\\\/qt\\\/qurban-bayraminiz-mubarek-olsun-2\\\/#article\",\"isPartOf\":{\"@id\":\"https:\\\/\\\/qtmm.org\\\/qt\\\/qurban-bayraminiz-mubarek-olsun-2\\\/\"},\"author\":{\"name\":\"Developer\",\"@id\":\"https:\\\/\\\/qtmm.org\\\/qt\\\/#\\\/schema\\\/person\\\/de562469f971dec226ac06e60bbf74a7\"},\"headline\":\"Qurban Bayram\u0131\u00f1\u0131z Mubarek olsun!\",\"datePublished\":\"2012-10-25T11:11:00+00:00\",\"dateModified\":\"2022-01-23T11:12:32+00:00\",\"mainEntityOfPage\":{\"@id\":\"https:\\\/\\\/qtmm.org\\\/qt\\\/qurban-bayraminiz-mubarek-olsun-2\\\/\"},\"wordCount\":153,\"commentCount\":0,\"publisher\":{\"@id\":\"https:\\\/\\\/qtmm.org\\\/qt\\\/#organization\"},\"articleSection\":[\"Haberler\"],\"inLanguage\":\"qt\",\"potentialAction\":[{\"@type\":\"CommentAction\",\"name\":\"Comment\",\"target\":[\"https:\\\/\\\/qtmm.org\\\/qt\\\/qurban-bayraminiz-mubarek-olsun-2\\\/#respond\"]}]},{\"@type\":\"WebPage\",\"@id\":\"https:\\\/\\\/qtmm.org\\\/qt\\\/qurban-bayraminiz-mubarek-olsun-2\\\/\",\"url\":\"https:\\\/\\\/qtmm.org\\\/qt\\\/qurban-bayraminiz-mubarek-olsun-2\\\/\",\"name\":\"Qurban Bayram\u0131\u00f1\u0131z Mubarek olsun! - \u041c\u0435\u0434\u0436\u043b\u0456\u0441\",\"isPartOf\":{\"@id\":\"https:\\\/\\\/qtmm.org\\\/qt\\\/#website\"},\"datePublished\":\"2012-10-25T11:11:00+00:00\",\"dateModified\":\"2022-01-23T11:12:32+00:00\",\"breadcrumb\":{\"@id\":\"https:\\\/\\\/qtmm.org\\\/qt\\\/qurban-bayraminiz-mubarek-olsun-2\\\/#breadcrumb\"},\"inLanguage\":\"qt\",\"potentialAction\":[{\"@type\":\"ReadAction\",\"target\":[\"https:\\\/\\\/qtmm.org\\\/qt\\\/qurban-bayraminiz-mubarek-olsun-2\\\/\"]}]},{\"@type\":\"BreadcrumbList\",\"@id\":\"https:\\\/\\\/qtmm.org\\\/qt\\\/qurban-bayraminiz-mubarek-olsun-2\\\/#breadcrumb\",\"itemListElement\":[{\"@type\":\"ListItem\",\"position\":1,\"name\":\"\u0413\u043e\u043b\u043e\u0432\u043d\u0430\",\"item\":\"https:\\\/\\\/qtmm.org\\\/qt\\\/\"},{\"@type\":\"ListItem\",\"position\":2,\"name\":\"Qurban Bayram\u0131\u00f1\u0131z Mubarek olsun!\"}]},{\"@type\":\"WebSite\",\"@id\":\"https:\\\/\\\/qtmm.org\\\/qt\\\/#website\",\"url\":\"https:\\\/\\\/qtmm.org\\\/qt\\\/\",\"name\":\"\u041c\u0435\u0434\u0436\u043b\u0456\u0441\",\"description\":\"\",\"publisher\":{\"@id\":\"https:\\\/\\\/qtmm.org\\\/qt\\\/#organization\"},\"potentialAction\":[{\"@type\":\"SearchAction\",\"target\":{\"@type\":\"EntryPoint\",\"urlTemplate\":\"https:\\\/\\\/qtmm.org\\\/qt\\\/?s={search_term_string}\"},\"query-input\":{\"@type\":\"PropertyValueSpecification\",\"valueRequired\":true,\"valueName\":\"search_term_string\"}}],\"inLanguage\":\"qt\"},{\"@type\":\"Organization\",\"@id\":\"https:\\\/\\\/qtmm.org\\\/qt\\\/#organization\",\"name\":\"\u041c\u0435\u0434\u0436\u043b\u0456\u0441\",\"url\":\"https:\\\/\\\/qtmm.org\\\/qt\\\/\",\"logo\":{\"@type\":\"ImageObject\",\"inLanguage\":\"qt\",\"@id\":\"https:\\\/\\\/qtmm.org\\\/qt\\\/#\\\/schema\\\/logo\\\/image\\\/\",\"url\":\"https:\\\/\\\/qtmm.org\\\/wp-content\\\/uploads\\\/2024\\\/12\\\/ua-mejlis-logo-rgb.svg\",\"contentUrl\":\"https:\\\/\\\/qtmm.org\\\/wp-content\\\/uploads\\\/2024\\\/12\\\/ua-mejlis-logo-rgb.svg\",\"caption\":\"\u041c\u0435\u0434\u0436\u043b\u0456\u0441\"},\"image\":{\"@id\":\"https:\\\/\\\/qtmm.org\\\/qt\\\/#\\\/schema\\\/logo\\\/image\\\/\"},\"sameAs\":[\"https:\\\/\\\/www.facebook.com\\\/qtmm.info\\\/\"]},{\"@type\":\"Person\",\"@id\":\"https:\\\/\\\/qtmm.org\\\/qt\\\/#\\\/schema\\\/person\\\/de562469f971dec226ac06e60bbf74a7\",\"name\":\"Developer\",\"image\":{\"@type\":\"ImageObject\",\"inLanguage\":\"qt\",\"@id\":\"https:\\\/\\\/secure.gravatar.com\\\/avatar\\\/392b4cc8fbfeb00b39dfeeab4ee6edded39ffd48e25858637e4765810300227e?s=96&d=mm&r=g\",\"url\":\"https:\\\/\\\/secure.gravatar.com\\\/avatar\\\/392b4cc8fbfeb00b39dfeeab4ee6edded39ffd48e25858637e4765810300227e?s=96&d=mm&r=g\",\"contentUrl\":\"https:\\\/\\\/secure.gravatar.com\\\/avatar\\\/392b4cc8fbfeb00b39dfeeab4ee6edded39ffd48e25858637e4765810300227e?s=96&d=mm&r=g\",\"caption\":\"Developer\"},\"url\":\"https:\\\/\\\/qtmm.org\\\/qt\\\/author\\\/Developer\\\/\"}]}<\/script>\n<!-- \/ Yoast SEO plugin. -->","yoast_head_json":{"title":"Qurban Bayram\u0131\u00f1\u0131z Mubarek olsun! - \u041c\u0435\u0434\u0436\u043b\u0456\u0441","robots":{"index":"index","follow":"follow","max-snippet":"max-snippet:-1","max-image-preview":"max-image-preview:large","max-video-preview":"max-video-preview:-1"},"canonical":"https:\/\/qtmm.org\/qt\/qurban-bayraminiz-mubarek-olsun-2\/","og_locale":"en_US","og_type":"article","og_title":"Qurban Bayram\u0131\u00f1\u0131z Mubarek olsun! - \u041c\u0435\u0434\u0436\u043b\u0456\u0441","og_description":"Aziz vatanda\u015flar, q\u0131ymetli Q\u0131r\u0131m musulmanlar\u0131! Muqaddes Qurban bayram\u0131 yaramadam\u0131z\u011fa kelmekte. B\u00fcy\u00fck eyilik c\u00fcmlemizge hay\u0131rl\u0131 olsun! Yapacaq ibadetleri\u00f1izni, \u00e7alacaq qurbanlar\u0131\u00f1\u0131zn\u0131 Alla Taal\u00e2 maqbul eylesin ve b\u00fct\u00fcn \u00fcmmetimizden raz\u0131 olsun!C\u00fcmle qorantalar\u0131m\u0131zda muabbetlik, sa\u011fl\u0131q, barl\u0131q, baht ve quvan\u00e7 \u00fck\u00fcm s\u00fcrsin, bol sofralar olsun! Vatan, milliylik duy\u011fular\u0131m\u0131z pekinmesine, birlik-beraberligimiz qaviyle\u015fmesine do\u011frulan\u011fan areketlerimiz ep ilerisin ve evl\u00e2tlar\u0131m\u0131z olarn\u0131\u00f1 neticesi \u2013 [&hellip;]","og_url":"https:\/\/qtmm.org\/qt\/qurban-bayraminiz-mubarek-olsun-2\/","og_site_name":"\u041c\u0435\u0434\u0436\u043b\u0456\u0441","article_publisher":"https:\/\/www.facebook.com\/qtmm.info\/","article_published_time":"2012-10-25T11:11:00+00:00","article_modified_time":"2022-01-23T11:12:32+00:00","author":"Developer","twitter_card":"summary_large_image","twitter_misc":{"Written by":"Developer","Est. reading time":"1 minute"},"schema":{"@context":"https:\/\/schema.org","@graph":[{"@type":"Article","@id":"https:\/\/qtmm.org\/qt\/qurban-bayraminiz-mubarek-olsun-2\/#article","isPartOf":{"@id":"https:\/\/qtmm.org\/qt\/qurban-bayraminiz-mubarek-olsun-2\/"},"author":{"name":"Developer","@id":"https:\/\/qtmm.org\/qt\/#\/schema\/person\/de562469f971dec226ac06e60bbf74a7"},"headline":"Qurban Bayram\u0131\u00f1\u0131z Mubarek olsun!","datePublished":"2012-10-25T11:11:00+00:00","dateModified":"2022-01-23T11:12:32+00:00","mainEntityOfPage":{"@id":"https:\/\/qtmm.org\/qt\/qurban-bayraminiz-mubarek-olsun-2\/"},"wordCount":153,"commentCount":0,"publisher":{"@id":"https:\/\/qtmm.org\/qt\/#organization"},"articleSection":["Haberler"],"inLanguage":"qt","potentialAction":[{"@type":"CommentAction","name":"Comment","target":["https:\/\/qtmm.org\/qt\/qurban-bayraminiz-mubarek-olsun-2\/#respond"]}]},{"@type":"WebPage","@id":"https:\/\/qtmm.org\/qt\/qurban-bayraminiz-mubarek-olsun-2\/","url":"https:\/\/qtmm.org\/qt\/qurban-bayraminiz-mubarek-olsun-2\/","name":"Qurban Bayram\u0131\u00f1\u0131z Mubarek olsun! - \u041c\u0435\u0434\u0436\u043b\u0456\u0441","isPartOf":{"@id":"https:\/\/qtmm.org\/qt\/#website"},"datePublished":"2012-10-25T11:11:00+00:00","dateModified":"2022-01-23T11:12:32+00:00","breadcrumb":{"@id":"https:\/\/qtmm.org\/qt\/qurban-bayraminiz-mubarek-olsun-2\/#breadcrumb"},"inLanguage":"qt","potentialAction":[{"@type":"ReadAction","target":["https:\/\/qtmm.org\/qt\/qurban-bayraminiz-mubarek-olsun-2\/"]}]},{"@type":"BreadcrumbList","@id":"https:\/\/qtmm.org\/qt\/qurban-bayraminiz-mubarek-olsun-2\/#breadcrumb","itemListElement":[{"@type":"ListItem","position":1,"name":"\u0413\u043e\u043b\u043e\u0432\u043d\u0430","item":"https:\/\/qtmm.org\/qt\/"},{"@type":"ListItem","position":2,"name":"Qurban Bayram\u0131\u00f1\u0131z Mubarek olsun!"}]},{"@type":"WebSite","@id":"https:\/\/qtmm.org\/qt\/#website","url":"https:\/\/qtmm.org\/qt\/","name":"\u041c\u0435\u0434\u0436\u043b\u0456\u0441","description":"","publisher":{"@id":"https:\/\/qtmm.org\/qt\/#organization"},"potentialAction":[{"@type":"SearchAction","target":{"@type":"EntryPoint","urlTemplate":"https:\/\/qtmm.org\/qt\/?s={search_term_string}"},"query-input":{"@type":"PropertyValueSpecification","valueRequired":true,"valueName":"search_term_string"}}],"inLanguage":"qt"},{"@type":"Organization","@id":"https:\/\/qtmm.org\/qt\/#organization","name":"\u041c\u0435\u0434\u0436\u043b\u0456\u0441","url":"https:\/\/qtmm.org\/qt\/","logo":{"@type":"ImageObject","inLanguage":"qt","@id":"https:\/\/qtmm.org\/qt\/#\/schema\/logo\/image\/","url":"https:\/\/qtmm.org\/wp-content\/uploads\/2024\/12\/ua-mejlis-logo-rgb.svg","contentUrl":"https:\/\/qtmm.org\/wp-content\/uploads\/2024\/12\/ua-mejlis-logo-rgb.svg","caption":"\u041c\u0435\u0434\u0436\u043b\u0456\u0441"},"image":{"@id":"https:\/\/qtmm.org\/qt\/#\/schema\/logo\/image\/"},"sameAs":["https:\/\/www.facebook.com\/qtmm.info\/"]},{"@type":"Person","@id":"https:\/\/qtmm.org\/qt\/#\/schema\/person\/de562469f971dec226ac06e60bbf74a7","name":"Developer","image":{"@type":"ImageObject","inLanguage":"qt","@id":"https:\/\/secure.gravatar.com\/avatar\/392b4cc8fbfeb00b39dfeeab4ee6edded39ffd48e25858637e4765810300227e?s=96&d=mm&r=g","url":"https:\/\/secure.gravatar.com\/avatar\/392b4cc8fbfeb00b39dfeeab4ee6edded39ffd48e25858637e4765810300227e?s=96&d=mm&r=g","contentUrl":"https:\/\/secure.gravatar.com\/avatar\/392b4cc8fbfeb00b39dfeeab4ee6edded39ffd48e25858637e4765810300227e?s=96&d=mm&r=g","caption":"Developer"},"url":"https:\/\/qtmm.org\/qt\/author\/Developer\/"}]}},"_links":{"self":[{"href":"https:\/\/qtmm.org\/qt\/wp-json\/wp\/v2\/posts\/34916","targetHints":{"allow":["GET"]}}],"collection":[{"href":"https:\/\/qtmm.org\/qt\/wp-json\/wp\/v2\/posts"}],"about":[{"href":"https:\/\/qtmm.org\/qt\/wp-json\/wp\/v2\/types\/post"}],"author":[{"embeddable":true,"href":"https:\/\/qtmm.org\/qt\/wp-json\/wp\/v2\/users\/1"}],"replies":[{"embeddable":true,"href":"https:\/\/qtmm.org\/qt\/wp-json\/wp\/v2\/comments?post=34916"}],"version-history":[{"count":1,"href":"https:\/\/qtmm.org\/qt\/wp-json\/wp\/v2\/posts\/34916\/revisions"}],"predecessor-version":[{"id":34917,"href":"https:\/\/qtmm.org\/qt\/wp-json\/wp\/v2\/posts\/34916\/revisions\/34917"}],"wp:attachment":[{"href":"https:\/\/qtmm.org\/qt\/wp-json\/wp\/v2\/media?parent=34916"}],"wp:term":[{"taxonomy":"category","embeddable":true,"href":"https:\/\/qtmm.org\/qt\/wp-json\/wp\/v2\/categories?post=34916"},{"taxonomy":"post_tag","embeddable":true,"href":"https:\/\/qtmm.org\/qt\/wp-json\/wp\/v2\/tags?post=34916"}],"curies":[{"name":"wp","href":"https:\/\/api.w.org\/{rel}","templated":true}]}}