




{"id":34901,"date":"2012-10-22T14:09:00","date_gmt":"2012-10-22T11:09:00","guid":{"rendered":"http:\/\/qtmm.org\/?p=34901"},"modified":"2022-01-23T14:10:22","modified_gmt":"2022-01-23T11:10:22","slug":"meclis-reisi-eski-qirim-ve-kefe-sakinlerinen-korusti","status":"publish","type":"post","link":"https:\/\/qtmm.org\/qt\/meclis-reisi-eski-qirim-ve-kefe-sakinlerinen-korusti\/","title":{"rendered":"Meclis reisi Eski Q\u0131r\u0131m ve Kefe sakinlerinen k\u00f6r\u00fc\u015fti"},"content":{"rendered":"\n<p>Regional ve yerli meclislerni\u00f1 faal qoltutuv\u0131nda \u00f6tkerilgen bu k\u00f6r\u00fc\u015f\u00fcvlerde Meclis reisi Mustafa Cemilev, on\u0131\u00f1 muavini, Q\u0131r\u0131m Yuqar\u0131 \u015euras\u0131nda &#8220;Qurultay-Ruh&#8221; fraktsiyas\u0131n\u0131\u00f1 ba\u015f\u0131 Refat \u00c7ubarov, Meclis reisini\u00f1 muavini Remzi \u0130lyasov, Ba\u011f\u00e7asaray regional meclis reisi, Ukraina halq deputatl\u0131\u011f\u0131na \u211610 saylav dairesinden namzet Ahtem \u00c7iygoz. Meclis azalar\u0131 ve &#8220;Batk\u0456v\u015f\u00e7ina&#8221; Birle\u015fken Muhalifet vekilleri i\u015ftirak eteler.<\/p>\n\n\n\n<p>2012 senesi okt\u00e2br 21-de Milliy Meclis reisi, Ukraina halq deputat\u0131 Mustafa Cemilev Eski Q\u0131r\u0131m ve Kefe sakinlerinen k\u00f6r\u00fc\u015fti. K\u00f6r\u00fc\u015f\u00fcvde Kefe regional meclis reisi \u0130braim Murasov, Eski Q\u0131r\u0131m \u015feer meclisini\u00f1 reisi Dil\u00e2ver \u0130smailov, bun\u0131\u00f1 kibi de Ukraina halq deputatl\u0131\u011f\u0131na \u21166 saylav dairesinden &#8220;Batk\u0456v\u015f\u00e7ina&#8221; Birle\u015fken Muhalifetten namzet P\u00f6tr \u00c7\u00f6rn\u0131y de bulund\u0131.<\/p>\n\n\n\n<p>Meclis ba\u015fqan\u0131 Mustafa Cemilev Ukraina halq deputatlar\u0131n\u0131 saylavlar\u0131na bir afta qal\u011fan\u0131 ve okt\u00e2br 28 k\u00fcn\u00fc Ukraina vatanda\u015flar\u0131 parlamentni\u00f1 ya\u00f1\u0131 erk\u00e2n\u0131 i\u00e7\u00fcn rey bereceklerini qayd etti. Semetde\u015flernen subetle\u015f\u00fcv devam\u0131nda Mustafa Cemilev Q\u0131r\u0131mtatar halq\u0131 5-nci \u00e7a\u011f\u0131r\u0131l\u0131\u015f qurultay\u0131n\u0131\u00f1 4-nci sessiyas\u0131nda Ukraina halq deputatlar\u0131n\u0131 saylavlar\u011fa dair Qurultay qarar\u0131n\u0131 tekrar hat\u0131rlatt\u0131. Bundan da \u011fayr\u0131 Mustafa Cemilev \u015fun\u0131 da qayd etti ki, Meclis ve Birle\u015fken muhalifet 2012 senesi iy\u00fcl 27-de Ukraina halq deputatlar\u0131n\u0131 saylavda i\u015ftirak et\u00fcv boyunca M\u00fc\u015fterek beyanat imzalad\u0131lar ve Yuqar\u0131 \u015eurada Birle\u015fken muhalifet cedveline Meclis taraf\u0131ndan kirsetilgen deputatlar vastas\u0131nen i\u015fbirlik aqq\u0131nda a\u00f1la\u015ft\u0131lar.<\/p>\n\n\n\n<p>Semetde\u015flerge h\u0131tap eterek, Meclis reisi \u00e7oq mandatl\u0131 ve bir mandatl\u0131 saylav dairelerinde &#8220;Batk\u0456v\u015f\u00e7ina&#8221; Birle\u015fken muhalifetten k\u00f6sterilgen namzetlerge qoltutuvda aktivlik ve birlikni k\u00f6stermege \u00e7a\u011f\u0131rd\u0131.<\/p>\n\n\n\n<figure class=\"wp-block-image size-full\"><img loading=\"lazy\" decoding=\"async\" width=\"800\" height=\"600\" src=\"http:\/\/qtmm.org\/wp-content\/uploads\/2022\/01\/img_0426.jpeg\" alt=\"\" class=\"wp-image-34906\" srcset=\"https:\/\/qtmm.org\/wp-content\/uploads\/2022\/01\/img_0426.jpeg 800w, https:\/\/qtmm.org\/wp-content\/uploads\/2022\/01\/img_0426-300x225.jpeg 300w, https:\/\/qtmm.org\/wp-content\/uploads\/2022\/01\/img_0426-768x576.jpeg 768w\" sizes=\"auto, (max-width: 800px) 100vw, 800px\" \/><\/figure>\n\n\n\n<p>\u015eun\u0131 qayd etmeli ki, saylavald\u0131 topla\u015fuvlarda insanlarn\u0131\u00f1 faalligi a\u015fa\u011f\u0131 seviyede ol\u011fan\u0131nda siyaset\u00e7ilerni\u00f1 kendileri de qabaatl\u0131lar, bu\u00f1a a\u011f\u0131mdaki siyasiy vaziyet de tesirini k\u00f6stermekte. L\u00e2kin topla\u015fuvlarda insan az ol\u011fan\u0131na baqmadan, semetde\u015flerimiz Meclis yolba\u015f\u00e7\u0131lar\u0131na \u00e7oqtan-\u00e7oq sualler bere ve siyasiy ceryan i\u015ftirak\u00e7ilerini\u00f1 programmas\u0131 ve maqsadlar\u0131nen meraqlanalar.<\/p>\n\n\n\n<p>\u0130nsanlarn\u0131 \u00e7oqus\u0131 i\u015fnen teminlev, ya\u015fay\u0131\u015f \u015faraitlerini yaratuv, kommunal h\u0131zmetleri i\u00e7\u00fcn fiyatlarn\u0131\u00f1 artmas\u0131, balalarn\u0131\u00f1 tasili, emekliler ya\u015f\u0131n\u0131\u00f1 artmas\u0131 kibi problemler raats\u0131zlay. \u0130nsanlar devletteki esas qanunlarn\u0131\u00f1 adiy vatanda\u015flar\u011fa nisbeten adaletsiz ol\u011fan\u0131na \u015fik\u00e2yetleneler.<\/p>\n\n\n\n<figure class=\"wp-block-image size-full\"><img loading=\"lazy\" decoding=\"async\" width=\"800\" height=\"600\" src=\"http:\/\/qtmm.org\/wp-content\/uploads\/2022\/01\/img_0434.jpeg\" alt=\"\" class=\"wp-image-34910\" srcset=\"https:\/\/qtmm.org\/wp-content\/uploads\/2022\/01\/img_0434.jpeg 800w, https:\/\/qtmm.org\/wp-content\/uploads\/2022\/01\/img_0434-300x225.jpeg 300w, https:\/\/qtmm.org\/wp-content\/uploads\/2022\/01\/img_0434-768x576.jpeg 768w\" sizes=\"auto, (max-width: 800px) 100vw, 800px\" \/><\/figure>\n","protected":false},"excerpt":{"rendered":"<p>Regional ve yerli meclislerni\u00f1 faal qoltutuv\u0131nda \u00f6tkerilgen bu k\u00f6r\u00fc\u015f\u00fcvlerde Meclis reisi Mustafa Cemilev, on\u0131\u00f1 muavini, Q\u0131r\u0131m Yuqar\u0131 \u015euras\u0131nda &#8220;Qurultay-Ruh&#8221; fraktsiyas\u0131n\u0131\u00f1 ba\u015f\u0131 Refat \u00c7ubarov, Meclis reisini\u00f1 muavini Remzi \u0130lyasov, Ba\u011f\u00e7asaray regional meclis reisi, Ukraina halq deputatl\u0131\u011f\u0131na \u211610 saylav dairesinden namzet Ahtem \u00c7iygoz. Meclis azalar\u0131 ve &#8220;Batk\u0456v\u015f\u00e7ina&#8221; Birle\u015fken Muhalifet vekilleri i\u015ftirak eteler. 2012 senesi okt\u00e2br 21-de Milliy [&hellip;]<\/p>\n","protected":false},"author":1,"featured_media":34902,"comment_status":"open","ping_status":"open","sticky":false,"template":"","format":"standard","meta":{"inline_featured_image":false,"footnotes":""},"categories":[265],"tags":[],"class_list":["post-34901","post","type-post","status-publish","format-standard","has-post-thumbnail","hentry","category-haberler"],"acf":[],"yoast_head":"<!-- This site is optimized with the Yoast SEO plugin v27.4 - https:\/\/yoast.com\/product\/yoast-seo-wordpress\/ -->\n<title>Meclis reisi Eski Q\u0131r\u0131m ve Kefe sakinlerinen k\u00f6r\u00fc\u015fti - \u041c\u0435\u0434\u0436\u043b\u0456\u0441<\/title>\n<meta name=\"robots\" content=\"index, follow, max-snippet:-1, max-image-preview:large, max-video-preview:-1\" \/>\n<link rel=\"canonical\" href=\"https:\/\/qtmm.org\/qt\/meclis-reisi-eski-qirim-ve-kefe-sakinlerinen-korusti\/\" \/>\n<meta property=\"og:locale\" content=\"en_US\" \/>\n<meta property=\"og:type\" content=\"article\" \/>\n<meta property=\"og:title\" content=\"Meclis reisi Eski Q\u0131r\u0131m ve Kefe sakinlerinen k\u00f6r\u00fc\u015fti - \u041c\u0435\u0434\u0436\u043b\u0456\u0441\" \/>\n<meta property=\"og:description\" content=\"Regional ve yerli meclislerni\u00f1 faal qoltutuv\u0131nda \u00f6tkerilgen bu k\u00f6r\u00fc\u015f\u00fcvlerde Meclis reisi Mustafa Cemilev, on\u0131\u00f1 muavini, Q\u0131r\u0131m Yuqar\u0131 \u015euras\u0131nda &#8220;Qurultay-Ruh&#8221; fraktsiyas\u0131n\u0131\u00f1 ba\u015f\u0131 Refat \u00c7ubarov, Meclis reisini\u00f1 muavini Remzi \u0130lyasov, Ba\u011f\u00e7asaray regional meclis reisi, Ukraina halq deputatl\u0131\u011f\u0131na \u211610 saylav dairesinden namzet Ahtem \u00c7iygoz. Meclis azalar\u0131 ve &#8220;Batk\u0456v\u015f\u00e7ina&#8221; Birle\u015fken Muhalifet vekilleri i\u015ftirak eteler. 2012 senesi okt\u00e2br 21-de Milliy [&hellip;]\" \/>\n<meta property=\"og:url\" content=\"https:\/\/qtmm.org\/qt\/meclis-reisi-eski-qirim-ve-kefe-sakinlerinen-korusti\/\" \/>\n<meta property=\"og:site_name\" content=\"\u041c\u0435\u0434\u0436\u043b\u0456\u0441\" \/>\n<meta property=\"article:publisher\" content=\"https:\/\/www.facebook.com\/qtmm.info\/\" \/>\n<meta property=\"article:published_time\" content=\"2012-10-22T11:09:00+00:00\" \/>\n<meta property=\"article:modified_time\" content=\"2022-01-23T11:10:22+00:00\" \/>\n<meta property=\"og:image\" content=\"https:\/\/qtmm.org\/wp-content\/uploads\/2022\/01\/img_0433.jpeg\" \/>\n\t<meta property=\"og:image:width\" content=\"800\" \/>\n\t<meta property=\"og:image:height\" content=\"600\" \/>\n\t<meta property=\"og:image:type\" content=\"image\/jpeg\" \/>\n<meta name=\"author\" content=\"Developer\" \/>\n<meta name=\"twitter:card\" content=\"summary_large_image\" \/>\n<meta name=\"twitter:label1\" content=\"Written by\" \/>\n\t<meta name=\"twitter:data1\" content=\"Developer\" \/>\n\t<meta name=\"twitter:label2\" content=\"Est. reading time\" \/>\n\t<meta name=\"twitter:data2\" content=\"2 minutes\" \/>\n<script type=\"application\/ld+json\" class=\"yoast-schema-graph\">{\"@context\":\"https:\\\/\\\/schema.org\",\"@graph\":[{\"@type\":\"Article\",\"@id\":\"https:\\\/\\\/qtmm.org\\\/qt\\\/meclis-reisi-eski-qirim-ve-kefe-sakinlerinen-korusti\\\/#article\",\"isPartOf\":{\"@id\":\"https:\\\/\\\/qtmm.org\\\/qt\\\/meclis-reisi-eski-qirim-ve-kefe-sakinlerinen-korusti\\\/\"},\"author\":{\"name\":\"Developer\",\"@id\":\"https:\\\/\\\/qtmm.org\\\/qt\\\/#\\\/schema\\\/person\\\/de562469f971dec226ac06e60bbf74a7\"},\"headline\":\"Meclis reisi Eski Q\u0131r\u0131m ve Kefe sakinlerinen k\u00f6r\u00fc\u015fti\",\"datePublished\":\"2012-10-22T11:09:00+00:00\",\"dateModified\":\"2022-01-23T11:10:22+00:00\",\"mainEntityOfPage\":{\"@id\":\"https:\\\/\\\/qtmm.org\\\/qt\\\/meclis-reisi-eski-qirim-ve-kefe-sakinlerinen-korusti\\\/\"},\"wordCount\":394,\"commentCount\":0,\"publisher\":{\"@id\":\"https:\\\/\\\/qtmm.org\\\/qt\\\/#organization\"},\"image\":{\"@id\":\"https:\\\/\\\/qtmm.org\\\/qt\\\/meclis-reisi-eski-qirim-ve-kefe-sakinlerinen-korusti\\\/#primaryimage\"},\"thumbnailUrl\":\"https:\\\/\\\/qtmm.org\\\/wp-content\\\/uploads\\\/2022\\\/01\\\/img_0433.jpeg\",\"articleSection\":[\"Haberler\"],\"inLanguage\":\"qt\",\"potentialAction\":[{\"@type\":\"CommentAction\",\"name\":\"Comment\",\"target\":[\"https:\\\/\\\/qtmm.org\\\/qt\\\/meclis-reisi-eski-qirim-ve-kefe-sakinlerinen-korusti\\\/#respond\"]}]},{\"@type\":\"WebPage\",\"@id\":\"https:\\\/\\\/qtmm.org\\\/qt\\\/meclis-reisi-eski-qirim-ve-kefe-sakinlerinen-korusti\\\/\",\"url\":\"https:\\\/\\\/qtmm.org\\\/qt\\\/meclis-reisi-eski-qirim-ve-kefe-sakinlerinen-korusti\\\/\",\"name\":\"Meclis reisi Eski Q\u0131r\u0131m ve Kefe sakinlerinen k\u00f6r\u00fc\u015fti - \u041c\u0435\u0434\u0436\u043b\u0456\u0441\",\"isPartOf\":{\"@id\":\"https:\\\/\\\/qtmm.org\\\/qt\\\/#website\"},\"primaryImageOfPage\":{\"@id\":\"https:\\\/\\\/qtmm.org\\\/qt\\\/meclis-reisi-eski-qirim-ve-kefe-sakinlerinen-korusti\\\/#primaryimage\"},\"image\":{\"@id\":\"https:\\\/\\\/qtmm.org\\\/qt\\\/meclis-reisi-eski-qirim-ve-kefe-sakinlerinen-korusti\\\/#primaryimage\"},\"thumbnailUrl\":\"https:\\\/\\\/qtmm.org\\\/wp-content\\\/uploads\\\/2022\\\/01\\\/img_0433.jpeg\",\"datePublished\":\"2012-10-22T11:09:00+00:00\",\"dateModified\":\"2022-01-23T11:10:22+00:00\",\"breadcrumb\":{\"@id\":\"https:\\\/\\\/qtmm.org\\\/qt\\\/meclis-reisi-eski-qirim-ve-kefe-sakinlerinen-korusti\\\/#breadcrumb\"},\"inLanguage\":\"qt\",\"potentialAction\":[{\"@type\":\"ReadAction\",\"target\":[\"https:\\\/\\\/qtmm.org\\\/qt\\\/meclis-reisi-eski-qirim-ve-kefe-sakinlerinen-korusti\\\/\"]}]},{\"@type\":\"ImageObject\",\"inLanguage\":\"qt\",\"@id\":\"https:\\\/\\\/qtmm.org\\\/qt\\\/meclis-reisi-eski-qirim-ve-kefe-sakinlerinen-korusti\\\/#primaryimage\",\"url\":\"https:\\\/\\\/qtmm.org\\\/wp-content\\\/uploads\\\/2022\\\/01\\\/img_0433.jpeg\",\"contentUrl\":\"https:\\\/\\\/qtmm.org\\\/wp-content\\\/uploads\\\/2022\\\/01\\\/img_0433.jpeg\",\"width\":800,\"height\":600},{\"@type\":\"BreadcrumbList\",\"@id\":\"https:\\\/\\\/qtmm.org\\\/qt\\\/meclis-reisi-eski-qirim-ve-kefe-sakinlerinen-korusti\\\/#breadcrumb\",\"itemListElement\":[{\"@type\":\"ListItem\",\"position\":1,\"name\":\"\u0413\u043e\u043b\u043e\u0432\u043d\u0430\",\"item\":\"https:\\\/\\\/qtmm.org\\\/qt\\\/\"},{\"@type\":\"ListItem\",\"position\":2,\"name\":\"Meclis reisi Eski Q\u0131r\u0131m ve Kefe sakinlerinen k\u00f6r\u00fc\u015fti\"}]},{\"@type\":\"WebSite\",\"@id\":\"https:\\\/\\\/qtmm.org\\\/qt\\\/#website\",\"url\":\"https:\\\/\\\/qtmm.org\\\/qt\\\/\",\"name\":\"\u041c\u0435\u0434\u0436\u043b\u0456\u0441\",\"description\":\"\",\"publisher\":{\"@id\":\"https:\\\/\\\/qtmm.org\\\/qt\\\/#organization\"},\"potentialAction\":[{\"@type\":\"SearchAction\",\"target\":{\"@type\":\"EntryPoint\",\"urlTemplate\":\"https:\\\/\\\/qtmm.org\\\/qt\\\/?s={search_term_string}\"},\"query-input\":{\"@type\":\"PropertyValueSpecification\",\"valueRequired\":true,\"valueName\":\"search_term_string\"}}],\"inLanguage\":\"qt\"},{\"@type\":\"Organization\",\"@id\":\"https:\\\/\\\/qtmm.org\\\/qt\\\/#organization\",\"name\":\"\u041c\u0435\u0434\u0436\u043b\u0456\u0441\",\"url\":\"https:\\\/\\\/qtmm.org\\\/qt\\\/\",\"logo\":{\"@type\":\"ImageObject\",\"inLanguage\":\"qt\",\"@id\":\"https:\\\/\\\/qtmm.org\\\/qt\\\/#\\\/schema\\\/logo\\\/image\\\/\",\"url\":\"https:\\\/\\\/qtmm.org\\\/wp-content\\\/uploads\\\/2024\\\/12\\\/ua-mejlis-logo-rgb.svg\",\"contentUrl\":\"https:\\\/\\\/qtmm.org\\\/wp-content\\\/uploads\\\/2024\\\/12\\\/ua-mejlis-logo-rgb.svg\",\"caption\":\"\u041c\u0435\u0434\u0436\u043b\u0456\u0441\"},\"image\":{\"@id\":\"https:\\\/\\\/qtmm.org\\\/qt\\\/#\\\/schema\\\/logo\\\/image\\\/\"},\"sameAs\":[\"https:\\\/\\\/www.facebook.com\\\/qtmm.info\\\/\"]},{\"@type\":\"Person\",\"@id\":\"https:\\\/\\\/qtmm.org\\\/qt\\\/#\\\/schema\\\/person\\\/de562469f971dec226ac06e60bbf74a7\",\"name\":\"Developer\",\"image\":{\"@type\":\"ImageObject\",\"inLanguage\":\"qt\",\"@id\":\"https:\\\/\\\/secure.gravatar.com\\\/avatar\\\/392b4cc8fbfeb00b39dfeeab4ee6edded39ffd48e25858637e4765810300227e?s=96&d=mm&r=g\",\"url\":\"https:\\\/\\\/secure.gravatar.com\\\/avatar\\\/392b4cc8fbfeb00b39dfeeab4ee6edded39ffd48e25858637e4765810300227e?s=96&d=mm&r=g\",\"contentUrl\":\"https:\\\/\\\/secure.gravatar.com\\\/avatar\\\/392b4cc8fbfeb00b39dfeeab4ee6edded39ffd48e25858637e4765810300227e?s=96&d=mm&r=g\",\"caption\":\"Developer\"},\"url\":\"https:\\\/\\\/qtmm.org\\\/qt\\\/author\\\/Developer\\\/\"}]}<\/script>\n<!-- \/ Yoast SEO plugin. -->","yoast_head_json":{"title":"Meclis reisi Eski Q\u0131r\u0131m ve Kefe sakinlerinen k\u00f6r\u00fc\u015fti - \u041c\u0435\u0434\u0436\u043b\u0456\u0441","robots":{"index":"index","follow":"follow","max-snippet":"max-snippet:-1","max-image-preview":"max-image-preview:large","max-video-preview":"max-video-preview:-1"},"canonical":"https:\/\/qtmm.org\/qt\/meclis-reisi-eski-qirim-ve-kefe-sakinlerinen-korusti\/","og_locale":"en_US","og_type":"article","og_title":"Meclis reisi Eski Q\u0131r\u0131m ve Kefe sakinlerinen k\u00f6r\u00fc\u015fti - \u041c\u0435\u0434\u0436\u043b\u0456\u0441","og_description":"Regional ve yerli meclislerni\u00f1 faal qoltutuv\u0131nda \u00f6tkerilgen bu k\u00f6r\u00fc\u015f\u00fcvlerde Meclis reisi Mustafa Cemilev, on\u0131\u00f1 muavini, Q\u0131r\u0131m Yuqar\u0131 \u015euras\u0131nda &#8220;Qurultay-Ruh&#8221; fraktsiyas\u0131n\u0131\u00f1 ba\u015f\u0131 Refat \u00c7ubarov, Meclis reisini\u00f1 muavini Remzi \u0130lyasov, Ba\u011f\u00e7asaray regional meclis reisi, Ukraina halq deputatl\u0131\u011f\u0131na \u211610 saylav dairesinden namzet Ahtem \u00c7iygoz. Meclis azalar\u0131 ve &#8220;Batk\u0456v\u015f\u00e7ina&#8221; Birle\u015fken Muhalifet vekilleri i\u015ftirak eteler. 2012 senesi okt\u00e2br 21-de Milliy [&hellip;]","og_url":"https:\/\/qtmm.org\/qt\/meclis-reisi-eski-qirim-ve-kefe-sakinlerinen-korusti\/","og_site_name":"\u041c\u0435\u0434\u0436\u043b\u0456\u0441","article_publisher":"https:\/\/www.facebook.com\/qtmm.info\/","article_published_time":"2012-10-22T11:09:00+00:00","article_modified_time":"2022-01-23T11:10:22+00:00","og_image":[{"width":800,"height":600,"url":"https:\/\/qtmm.org\/wp-content\/uploads\/2022\/01\/img_0433.jpeg","type":"image\/jpeg"}],"author":"Developer","twitter_card":"summary_large_image","twitter_misc":{"Written by":"Developer","Est. reading time":"2 minutes"},"schema":{"@context":"https:\/\/schema.org","@graph":[{"@type":"Article","@id":"https:\/\/qtmm.org\/qt\/meclis-reisi-eski-qirim-ve-kefe-sakinlerinen-korusti\/#article","isPartOf":{"@id":"https:\/\/qtmm.org\/qt\/meclis-reisi-eski-qirim-ve-kefe-sakinlerinen-korusti\/"},"author":{"name":"Developer","@id":"https:\/\/qtmm.org\/qt\/#\/schema\/person\/de562469f971dec226ac06e60bbf74a7"},"headline":"Meclis reisi Eski Q\u0131r\u0131m ve Kefe sakinlerinen k\u00f6r\u00fc\u015fti","datePublished":"2012-10-22T11:09:00+00:00","dateModified":"2022-01-23T11:10:22+00:00","mainEntityOfPage":{"@id":"https:\/\/qtmm.org\/qt\/meclis-reisi-eski-qirim-ve-kefe-sakinlerinen-korusti\/"},"wordCount":394,"commentCount":0,"publisher":{"@id":"https:\/\/qtmm.org\/qt\/#organization"},"image":{"@id":"https:\/\/qtmm.org\/qt\/meclis-reisi-eski-qirim-ve-kefe-sakinlerinen-korusti\/#primaryimage"},"thumbnailUrl":"https:\/\/qtmm.org\/wp-content\/uploads\/2022\/01\/img_0433.jpeg","articleSection":["Haberler"],"inLanguage":"qt","potentialAction":[{"@type":"CommentAction","name":"Comment","target":["https:\/\/qtmm.org\/qt\/meclis-reisi-eski-qirim-ve-kefe-sakinlerinen-korusti\/#respond"]}]},{"@type":"WebPage","@id":"https:\/\/qtmm.org\/qt\/meclis-reisi-eski-qirim-ve-kefe-sakinlerinen-korusti\/","url":"https:\/\/qtmm.org\/qt\/meclis-reisi-eski-qirim-ve-kefe-sakinlerinen-korusti\/","name":"Meclis reisi Eski Q\u0131r\u0131m ve Kefe sakinlerinen k\u00f6r\u00fc\u015fti - \u041c\u0435\u0434\u0436\u043b\u0456\u0441","isPartOf":{"@id":"https:\/\/qtmm.org\/qt\/#website"},"primaryImageOfPage":{"@id":"https:\/\/qtmm.org\/qt\/meclis-reisi-eski-qirim-ve-kefe-sakinlerinen-korusti\/#primaryimage"},"image":{"@id":"https:\/\/qtmm.org\/qt\/meclis-reisi-eski-qirim-ve-kefe-sakinlerinen-korusti\/#primaryimage"},"thumbnailUrl":"https:\/\/qtmm.org\/wp-content\/uploads\/2022\/01\/img_0433.jpeg","datePublished":"2012-10-22T11:09:00+00:00","dateModified":"2022-01-23T11:10:22+00:00","breadcrumb":{"@id":"https:\/\/qtmm.org\/qt\/meclis-reisi-eski-qirim-ve-kefe-sakinlerinen-korusti\/#breadcrumb"},"inLanguage":"qt","potentialAction":[{"@type":"ReadAction","target":["https:\/\/qtmm.org\/qt\/meclis-reisi-eski-qirim-ve-kefe-sakinlerinen-korusti\/"]}]},{"@type":"ImageObject","inLanguage":"qt","@id":"https:\/\/qtmm.org\/qt\/meclis-reisi-eski-qirim-ve-kefe-sakinlerinen-korusti\/#primaryimage","url":"https:\/\/qtmm.org\/wp-content\/uploads\/2022\/01\/img_0433.jpeg","contentUrl":"https:\/\/qtmm.org\/wp-content\/uploads\/2022\/01\/img_0433.jpeg","width":800,"height":600},{"@type":"BreadcrumbList","@id":"https:\/\/qtmm.org\/qt\/meclis-reisi-eski-qirim-ve-kefe-sakinlerinen-korusti\/#breadcrumb","itemListElement":[{"@type":"ListItem","position":1,"name":"\u0413\u043e\u043b\u043e\u0432\u043d\u0430","item":"https:\/\/qtmm.org\/qt\/"},{"@type":"ListItem","position":2,"name":"Meclis reisi Eski Q\u0131r\u0131m ve Kefe sakinlerinen k\u00f6r\u00fc\u015fti"}]},{"@type":"WebSite","@id":"https:\/\/qtmm.org\/qt\/#website","url":"https:\/\/qtmm.org\/qt\/","name":"\u041c\u0435\u0434\u0436\u043b\u0456\u0441","description":"","publisher":{"@id":"https:\/\/qtmm.org\/qt\/#organization"},"potentialAction":[{"@type":"SearchAction","target":{"@type":"EntryPoint","urlTemplate":"https:\/\/qtmm.org\/qt\/?s={search_term_string}"},"query-input":{"@type":"PropertyValueSpecification","valueRequired":true,"valueName":"search_term_string"}}],"inLanguage":"qt"},{"@type":"Organization","@id":"https:\/\/qtmm.org\/qt\/#organization","name":"\u041c\u0435\u0434\u0436\u043b\u0456\u0441","url":"https:\/\/qtmm.org\/qt\/","logo":{"@type":"ImageObject","inLanguage":"qt","@id":"https:\/\/qtmm.org\/qt\/#\/schema\/logo\/image\/","url":"https:\/\/qtmm.org\/wp-content\/uploads\/2024\/12\/ua-mejlis-logo-rgb.svg","contentUrl":"https:\/\/qtmm.org\/wp-content\/uploads\/2024\/12\/ua-mejlis-logo-rgb.svg","caption":"\u041c\u0435\u0434\u0436\u043b\u0456\u0441"},"image":{"@id":"https:\/\/qtmm.org\/qt\/#\/schema\/logo\/image\/"},"sameAs":["https:\/\/www.facebook.com\/qtmm.info\/"]},{"@type":"Person","@id":"https:\/\/qtmm.org\/qt\/#\/schema\/person\/de562469f971dec226ac06e60bbf74a7","name":"Developer","image":{"@type":"ImageObject","inLanguage":"qt","@id":"https:\/\/secure.gravatar.com\/avatar\/392b4cc8fbfeb00b39dfeeab4ee6edded39ffd48e25858637e4765810300227e?s=96&d=mm&r=g","url":"https:\/\/secure.gravatar.com\/avatar\/392b4cc8fbfeb00b39dfeeab4ee6edded39ffd48e25858637e4765810300227e?s=96&d=mm&r=g","contentUrl":"https:\/\/secure.gravatar.com\/avatar\/392b4cc8fbfeb00b39dfeeab4ee6edded39ffd48e25858637e4765810300227e?s=96&d=mm&r=g","caption":"Developer"},"url":"https:\/\/qtmm.org\/qt\/author\/Developer\/"}]}},"_links":{"self":[{"href":"https:\/\/qtmm.org\/qt\/wp-json\/wp\/v2\/posts\/34901","targetHints":{"allow":["GET"]}}],"collection":[{"href":"https:\/\/qtmm.org\/qt\/wp-json\/wp\/v2\/posts"}],"about":[{"href":"https:\/\/qtmm.org\/qt\/wp-json\/wp\/v2\/types\/post"}],"author":[{"embeddable":true,"href":"https:\/\/qtmm.org\/qt\/wp-json\/wp\/v2\/users\/1"}],"replies":[{"embeddable":true,"href":"https:\/\/qtmm.org\/qt\/wp-json\/wp\/v2\/comments?post=34901"}],"version-history":[{"count":1,"href":"https:\/\/qtmm.org\/qt\/wp-json\/wp\/v2\/posts\/34901\/revisions"}],"predecessor-version":[{"id":34914,"href":"https:\/\/qtmm.org\/qt\/wp-json\/wp\/v2\/posts\/34901\/revisions\/34914"}],"wp:featuredmedia":[{"embeddable":true,"href":"https:\/\/qtmm.org\/qt\/wp-json\/wp\/v2\/media\/34902"}],"wp:attachment":[{"href":"https:\/\/qtmm.org\/qt\/wp-json\/wp\/v2\/media?parent=34901"}],"wp:term":[{"taxonomy":"category","embeddable":true,"href":"https:\/\/qtmm.org\/qt\/wp-json\/wp\/v2\/categories?post=34901"},{"taxonomy":"post_tag","embeddable":true,"href":"https:\/\/qtmm.org\/qt\/wp-json\/wp\/v2\/tags?post=34901"}],"curies":[{"name":"wp","href":"https:\/\/api.w.org\/{rel}","templated":true}]}}