




{"id":34879,"date":"2012-10-22T14:07:00","date_gmt":"2012-10-22T11:07:00","guid":{"rendered":"http:\/\/qtmm.org\/?p=34879"},"modified":"2022-01-23T14:08:58","modified_gmt":"2022-01-23T11:08:58","slug":"mustafa-cemilev-cankoy-rayonininin-qalay-qasabasi-ve-cankoy-seerinde-yasagan-semetdeslerimiznen-korusti","status":"publish","type":"post","link":"https:\/\/qtmm.org\/qt\/mustafa-cemilev-cankoy-rayonininin-qalay-qasabasi-ve-cankoy-seerinde-yasagan-semetdeslerimiznen-korusti\/","title":{"rendered":"Mustafa Cemilev Cank\u00f6y rayon\u0131n\u0131n\u0131\u00f1 Qalay qasabas\u0131 ve Cank\u00f6y \u015feerinde ya\u015fa\u011fan semetde\u015flerimiznen k\u00f6r\u00fc\u015fti"},"content":{"rendered":"\n<p>2012 senesi okt\u00e2br 20 k\u00fcn\u00fc Q\u0131r\u0131mtatar halq\u0131 Meclisini\u00f1 reisi, Ukraina halq deputat\u0131 Mustafa Cemilev Cank\u00f6y rayon\u0131n\u0131\u00f1 Qalay qasabas\u0131nda ve Cank\u00f6y \u015feerinde ya\u015fa\u011fan semetde\u015flerimiznen k\u00f6r\u00fc\u015fti.<\/p>\n\n\n\n<p>Qalay qasabas\u0131nda Meclis reisi Mustafa Cemilevnen k\u00f6r\u00fc\u015f\u00fcvge 200-den ziyade adam topland\u0131, Cank\u00f6y \u015feerinde de Meclis yolba\u015f\u00e7\u0131lar\u0131n\u0131 r\u0131qnen tolu salon qar\u015f\u0131lad\u0131. . Qalay qasabas\u0131nda ve Cank\u00f6y \u015feerinde k\u00f6r\u00fc\u015f\u00fcvlerde \u21163 saylav dairesi boyunca Ukraina halq deputatl\u0131\u011f\u0131na mustaqil namzet Vladimir \u015ekl\u00e2r i\u015ftirak etti.<\/p>\n\n\n\n<figure class=\"wp-block-image size-full\"><img loading=\"lazy\" decoding=\"async\" width=\"800\" height=\"600\" src=\"http:\/\/qtmm.org\/wp-content\/uploads\/2022\/01\/2_75.jpeg\" alt=\"\" class=\"wp-image-34880\" srcset=\"https:\/\/qtmm.org\/wp-content\/uploads\/2022\/01\/2_75.jpeg 800w, https:\/\/qtmm.org\/wp-content\/uploads\/2022\/01\/2_75-300x225.jpeg 300w, https:\/\/qtmm.org\/wp-content\/uploads\/2022\/01\/2_75-768x576.jpeg 768w\" sizes=\"auto, (max-width: 800px) 100vw, 800px\" \/><\/figure>\n\n\n\n<p>Meclis reisi yerli sakinlerge okt\u00e2br 28-de Ukrainada halq deputatlar\u0131n\u0131 saylavlar olaca\u011f\u0131 ve olarn\u0131\u00f1 neticesine k\u00f6re devlet parlamentini\u00f1 ya\u00f1\u0131 erk\u00e2n\u0131 &#8211; Ukraina Yuqar\u0131 \u015euras\u0131 \u015fekillenecegini hat\u0131rlatt\u0131.<\/p>\n\n\n\n<figure class=\"wp-block-image size-full\"><img loading=\"lazy\" decoding=\"async\" width=\"800\" height=\"600\" src=\"http:\/\/qtmm.org\/wp-content\/uploads\/2022\/01\/1_71.jpeg\" alt=\"\" class=\"wp-image-34884\" srcset=\"https:\/\/qtmm.org\/wp-content\/uploads\/2022\/01\/1_71.jpeg 800w, https:\/\/qtmm.org\/wp-content\/uploads\/2022\/01\/1_71-300x225.jpeg 300w, https:\/\/qtmm.org\/wp-content\/uploads\/2022\/01\/1_71-768x576.jpeg 768w\" sizes=\"auto, (max-width: 800px) 100vw, 800px\" \/><\/figure>\n\n\n\n<p>&#8220;Bu munasebetnen 2012 senesi iy\u00fcl 21-22 k\u00fcnleri ol\u0131p ke\u00e7ken Q\u0131r\u0131mtatar halq\u0131 5-nci \u00e7a\u011f\u0131r\u0131l\u0131\u015f qurultay\u0131n\u0131\u00f1 4-nci sessiyas\u0131nda Qurultay delegatlar\u0131 &#8220;Ukraina halq deputatlar\u0131n\u0131 saylav ve q\u0131r\u0131mtatar halq\u0131 \u00f6z-\u00f6z\u00fcni idare et\u00fcv milliy organlar\u0131n\u0131\u00f1 vazifeleri aqq\u0131nda Qurultay qarar\u0131&#8221;n\u0131 qabul ettiler, &#8211; dedi Meclisni\u00f1 ba\u015f\u0131. \u2013 \u015eu qarar\u011fa binaen okt\u00e2br 28-deki saylavlarda q\u0131r\u0131mtatarlarn\u0131\u00f1 bir pozitsiyas\u0131 boyunca keli\u015filip, al\u0131n\u011fan qarar q\u0131r\u0131mtatar halq\u0131 \u00f6z-\u00f6z\u00fcni idare et\u00fcv milliy organlar\u0131n\u0131\u00f1 taraf\u0131ndan eda etilmesi belgilendi&#8221;.<\/p>\n\n\n\n<figure class=\"wp-block-image size-full\"><img loading=\"lazy\" decoding=\"async\" width=\"800\" height=\"600\" src=\"http:\/\/qtmm.org\/wp-content\/uploads\/2022\/01\/7_8.jpeg\" alt=\"\" class=\"wp-image-34888\" srcset=\"https:\/\/qtmm.org\/wp-content\/uploads\/2022\/01\/7_8.jpeg 800w, https:\/\/qtmm.org\/wp-content\/uploads\/2022\/01\/7_8-300x225.jpeg 300w, https:\/\/qtmm.org\/wp-content\/uploads\/2022\/01\/7_8-768x576.jpeg 768w\" sizes=\"auto, (max-width: 800px) 100vw, 800px\" \/><\/figure>\n\n\n\n<p>Bundan da \u011fayr\u0131, Mustafa Cemilev qayd etti ki, 2012 senesi iy\u00fcl 27-de &#8220;Batk\u0456v\u015f\u00e7ina&#8221; Birle\u015fken muhalifet ve Q\u0131r\u0131mtatar halq\u0131n\u0131\u00f1 Meclisi Yuqar\u0131 \u015eura\u011fa saylavlarda i\u015ftirak et\u00fcvge dair m\u00fc\u015fterek beyanatn\u0131 imzalap, 7-nci \u00e7a\u011f\u0131r\u0131l\u0131\u015f Ukraina Yuqar\u0131 \u015euras\u0131nda Birle\u015fken muhalifet cedvelinden saylan\u011fan deputatlar vastas\u0131nen i\u015fbirlik aqq\u0131nda a\u00f1la\u015ft\u0131lar. \u21163 saylav dairesi boyunca Ukraina halq deputatl\u0131\u011f\u0131na mustaqil namzet Vladimir \u015ekl\u00e2r aqq\u0131nda ayt\u0131rken Meclis ba\u015fqan\u0131 Mustafa Cemilev V. \u015ekl\u00e2rn\u0131\u00f1 Ukraina parlamentinde \u00e7al\u0131\u015fuv tecribesi ol\u011fan\u0131 ve \u00f6z\u00fcni namusl\u0131, mes\u00fclietli professional olaraq k\u00f6stergenini s\u00f6yledi. &#8220;2002 senesi o Q\u0131r\u0131mdaki \u21168 majoritar daire boyunca \u011falebe qazan\u0131p, Ukraina halq deputat\u0131 vazifesinde agrar siyaset ve topraq meselelerinen faal o\u011fra\u015ft\u0131&#8221;, &#8211; dep qayd etti M. Cemilev.<\/p>\n\n\n\n<figure class=\"wp-block-image size-full\"><img loading=\"lazy\" decoding=\"async\" width=\"800\" height=\"600\" src=\"http:\/\/qtmm.org\/wp-content\/uploads\/2022\/01\/9_4.jpeg\" alt=\"\" class=\"wp-image-34892\" srcset=\"https:\/\/qtmm.org\/wp-content\/uploads\/2022\/01\/9_4.jpeg 800w, https:\/\/qtmm.org\/wp-content\/uploads\/2022\/01\/9_4-300x225.jpeg 300w, https:\/\/qtmm.org\/wp-content\/uploads\/2022\/01\/9_4-768x576.jpeg 768w\" sizes=\"auto, (max-width: 800px) 100vw, 800px\" \/><\/figure>\n\n\n\n<p>&#8220;Bug\u00fcn Ukraina halq deputatl\u0131\u011f\u0131na mustaqil namzet Vladimir \u015ekl\u00e2r\u011fa qoltutar ekensi\u00f1iz, bir \u00e7oq m\u00fcim problemleri\u00f1izni\u00f1 \u00e7eziminde i\u015fan\u00e7l\u0131 yard\u0131mc\u0131n\u0131 peyda etersiz&#8221;, &#8211; dedi M. Cemilev semetde\u015flerimizge h\u0131tap eterek.<\/p>\n\n\n\n<p>So\u00f1ki devir i\u00e7inde Vladimir \u015ekl\u00e2r Qurman ve Cank\u00f6y rayon sakinlerinen ke\u00e7irgen 200-den ziyade k\u00f6r\u00fc\u015f\u00fcvlerde insanlar e\u00f1 \u00e7oq topraq ve i\u015fsizlik meseleleri boyunca muracaat ettiler.<\/p>\n\n\n\n<figure class=\"wp-block-image size-full\"><img loading=\"lazy\" decoding=\"async\" width=\"800\" height=\"600\" src=\"http:\/\/qtmm.org\/wp-content\/uploads\/2022\/01\/5_22.jpeg\" alt=\"\" class=\"wp-image-34896\" srcset=\"https:\/\/qtmm.org\/wp-content\/uploads\/2022\/01\/5_22.jpeg 800w, https:\/\/qtmm.org\/wp-content\/uploads\/2022\/01\/5_22-300x225.jpeg 300w, https:\/\/qtmm.org\/wp-content\/uploads\/2022\/01\/5_22-768x576.jpeg 768w\" sizes=\"auto, (max-width: 800px) 100vw, 800px\" \/><\/figure>\n\n\n\n<p>&#8220;Men ti\u015fli namzetim ve Ukraina akimiyetini\u00f1 qanun\u00e2rat\u0131c\u0131 organ\u0131nda tek \u00e7al\u0131\u015fmaq isteyim&#8221;, &#8211; dedi Vladimir \u015ekl\u00e2r Cank\u00f6y rayon sakinleri \u00f6g\u00fcnde yapqan \u00e7\u0131q\u0131\u015f\u0131nda. V. \u015ekl\u00e2rn\u0131\u00f1 aytqan\u0131na k\u00f6re o, parlamentni\u00f1 agrar komitetinde faaliyetini devam ettirmek, k\u00f6y hocal\u0131\u011f\u0131n\u0131 inki\u015faf ettirmek ve i\u015fsizlikni eksiltmek meselelerine ziyade diqqat ay\u0131rmaq niyetinde.<\/p>\n","protected":false},"excerpt":{"rendered":"<p>2012 senesi okt\u00e2br 20 k\u00fcn\u00fc Q\u0131r\u0131mtatar halq\u0131 Meclisini\u00f1 reisi, Ukraina halq deputat\u0131 Mustafa Cemilev Cank\u00f6y rayon\u0131n\u0131\u00f1 Qalay qasabas\u0131nda ve Cank\u00f6y \u015feerinde ya\u015fa\u011fan semetde\u015flerimiznen k\u00f6r\u00fc\u015fti. Qalay qasabas\u0131nda Meclis reisi Mustafa Cemilevnen k\u00f6r\u00fc\u015f\u00fcvge 200-den ziyade adam topland\u0131, Cank\u00f6y \u015feerinde de Meclis yolba\u015f\u00e7\u0131lar\u0131n\u0131 r\u0131qnen tolu salon qar\u015f\u0131lad\u0131. . Qalay qasabas\u0131nda ve Cank\u00f6y \u015feerinde k\u00f6r\u00fc\u015f\u00fcvlerde \u21163 saylav dairesi boyunca [&hellip;]<\/p>\n","protected":false},"author":1,"featured_media":0,"comment_status":"open","ping_status":"open","sticky":false,"template":"","format":"standard","meta":{"inline_featured_image":false,"footnotes":""},"categories":[265],"tags":[],"class_list":["post-34879","post","type-post","status-publish","format-standard","hentry","category-haberler"],"acf":[],"yoast_head":"<!-- This site is optimized with the Yoast SEO plugin v27.4 - https:\/\/yoast.com\/product\/yoast-seo-wordpress\/ -->\n<title>Mustafa Cemilev Cank\u00f6y rayon\u0131n\u0131n\u0131\u00f1 Qalay qasabas\u0131 ve Cank\u00f6y \u015feerinde ya\u015fa\u011fan semetde\u015flerimiznen k\u00f6r\u00fc\u015fti - \u041c\u0435\u0434\u0436\u043b\u0456\u0441<\/title>\n<meta name=\"robots\" content=\"index, follow, max-snippet:-1, max-image-preview:large, max-video-preview:-1\" \/>\n<link rel=\"canonical\" href=\"https:\/\/qtmm.org\/qt\/mustafa-cemilev-cankoy-rayonininin-qalay-qasabasi-ve-cankoy-seerinde-yasagan-semetdeslerimiznen-korusti\/\" \/>\n<meta property=\"og:locale\" content=\"en_US\" \/>\n<meta property=\"og:type\" content=\"article\" \/>\n<meta property=\"og:title\" content=\"Mustafa Cemilev Cank\u00f6y rayon\u0131n\u0131n\u0131\u00f1 Qalay qasabas\u0131 ve Cank\u00f6y \u015feerinde ya\u015fa\u011fan semetde\u015flerimiznen k\u00f6r\u00fc\u015fti - \u041c\u0435\u0434\u0436\u043b\u0456\u0441\" \/>\n<meta property=\"og:description\" content=\"2012 senesi okt\u00e2br 20 k\u00fcn\u00fc Q\u0131r\u0131mtatar halq\u0131 Meclisini\u00f1 reisi, Ukraina halq deputat\u0131 Mustafa Cemilev Cank\u00f6y rayon\u0131n\u0131\u00f1 Qalay qasabas\u0131nda ve Cank\u00f6y \u015feerinde ya\u015fa\u011fan semetde\u015flerimiznen k\u00f6r\u00fc\u015fti. Qalay qasabas\u0131nda Meclis reisi Mustafa Cemilevnen k\u00f6r\u00fc\u015f\u00fcvge 200-den ziyade adam topland\u0131, Cank\u00f6y \u015feerinde de Meclis yolba\u015f\u00e7\u0131lar\u0131n\u0131 r\u0131qnen tolu salon qar\u015f\u0131lad\u0131. . Qalay qasabas\u0131nda ve Cank\u00f6y \u015feerinde k\u00f6r\u00fc\u015f\u00fcvlerde \u21163 saylav dairesi boyunca [&hellip;]\" \/>\n<meta property=\"og:url\" content=\"https:\/\/qtmm.org\/qt\/mustafa-cemilev-cankoy-rayonininin-qalay-qasabasi-ve-cankoy-seerinde-yasagan-semetdeslerimiznen-korusti\/\" \/>\n<meta property=\"og:site_name\" content=\"\u041c\u0435\u0434\u0436\u043b\u0456\u0441\" \/>\n<meta property=\"article:publisher\" content=\"https:\/\/www.facebook.com\/qtmm.info\/\" \/>\n<meta property=\"article:published_time\" content=\"2012-10-22T11:07:00+00:00\" \/>\n<meta property=\"article:modified_time\" content=\"2022-01-23T11:08:58+00:00\" \/>\n<meta property=\"og:image\" content=\"https:\/\/qtmm.org\/wp-content\/uploads\/2022\/01\/2_75.jpeg\" \/>\n\t<meta property=\"og:image:width\" content=\"800\" \/>\n\t<meta property=\"og:image:height\" content=\"600\" \/>\n\t<meta property=\"og:image:type\" content=\"image\/jpeg\" \/>\n<meta name=\"author\" content=\"Developer\" \/>\n<meta name=\"twitter:card\" content=\"summary_large_image\" \/>\n<meta name=\"twitter:label1\" content=\"Written by\" \/>\n\t<meta name=\"twitter:data1\" content=\"Developer\" \/>\n\t<meta name=\"twitter:label2\" content=\"Est. reading time\" \/>\n\t<meta name=\"twitter:data2\" content=\"2 minutes\" \/>\n<script type=\"application\/ld+json\" class=\"yoast-schema-graph\">{\"@context\":\"https:\\\/\\\/schema.org\",\"@graph\":[{\"@type\":\"Article\",\"@id\":\"https:\\\/\\\/qtmm.org\\\/qt\\\/mustafa-cemilev-cankoy-rayonininin-qalay-qasabasi-ve-cankoy-seerinde-yasagan-semetdeslerimiznen-korusti\\\/#article\",\"isPartOf\":{\"@id\":\"https:\\\/\\\/qtmm.org\\\/qt\\\/mustafa-cemilev-cankoy-rayonininin-qalay-qasabasi-ve-cankoy-seerinde-yasagan-semetdeslerimiznen-korusti\\\/\"},\"author\":{\"name\":\"Developer\",\"@id\":\"https:\\\/\\\/qtmm.org\\\/qt\\\/#\\\/schema\\\/person\\\/de562469f971dec226ac06e60bbf74a7\"},\"headline\":\"Mustafa Cemilev Cank\u00f6y rayon\u0131n\u0131n\u0131\u00f1 Qalay qasabas\u0131 ve Cank\u00f6y \u015feerinde ya\u015fa\u011fan semetde\u015flerimiznen k\u00f6r\u00fc\u015fti\",\"datePublished\":\"2012-10-22T11:07:00+00:00\",\"dateModified\":\"2022-01-23T11:08:58+00:00\",\"mainEntityOfPage\":{\"@id\":\"https:\\\/\\\/qtmm.org\\\/qt\\\/mustafa-cemilev-cankoy-rayonininin-qalay-qasabasi-ve-cankoy-seerinde-yasagan-semetdeslerimiznen-korusti\\\/\"},\"wordCount\":503,\"commentCount\":0,\"publisher\":{\"@id\":\"https:\\\/\\\/qtmm.org\\\/qt\\\/#organization\"},\"image\":{\"@id\":\"https:\\\/\\\/qtmm.org\\\/qt\\\/mustafa-cemilev-cankoy-rayonininin-qalay-qasabasi-ve-cankoy-seerinde-yasagan-semetdeslerimiznen-korusti\\\/#primaryimage\"},\"thumbnailUrl\":\"http:\\\/\\\/qtmm.org\\\/wp-content\\\/uploads\\\/2022\\\/01\\\/2_75.jpeg\",\"articleSection\":[\"Haberler\"],\"inLanguage\":\"qt\",\"potentialAction\":[{\"@type\":\"CommentAction\",\"name\":\"Comment\",\"target\":[\"https:\\\/\\\/qtmm.org\\\/qt\\\/mustafa-cemilev-cankoy-rayonininin-qalay-qasabasi-ve-cankoy-seerinde-yasagan-semetdeslerimiznen-korusti\\\/#respond\"]}]},{\"@type\":\"WebPage\",\"@id\":\"https:\\\/\\\/qtmm.org\\\/qt\\\/mustafa-cemilev-cankoy-rayonininin-qalay-qasabasi-ve-cankoy-seerinde-yasagan-semetdeslerimiznen-korusti\\\/\",\"url\":\"https:\\\/\\\/qtmm.org\\\/qt\\\/mustafa-cemilev-cankoy-rayonininin-qalay-qasabasi-ve-cankoy-seerinde-yasagan-semetdeslerimiznen-korusti\\\/\",\"name\":\"Mustafa Cemilev Cank\u00f6y rayon\u0131n\u0131n\u0131\u00f1 Qalay qasabas\u0131 ve Cank\u00f6y \u015feerinde ya\u015fa\u011fan semetde\u015flerimiznen k\u00f6r\u00fc\u015fti - \u041c\u0435\u0434\u0436\u043b\u0456\u0441\",\"isPartOf\":{\"@id\":\"https:\\\/\\\/qtmm.org\\\/qt\\\/#website\"},\"primaryImageOfPage\":{\"@id\":\"https:\\\/\\\/qtmm.org\\\/qt\\\/mustafa-cemilev-cankoy-rayonininin-qalay-qasabasi-ve-cankoy-seerinde-yasagan-semetdeslerimiznen-korusti\\\/#primaryimage\"},\"image\":{\"@id\":\"https:\\\/\\\/qtmm.org\\\/qt\\\/mustafa-cemilev-cankoy-rayonininin-qalay-qasabasi-ve-cankoy-seerinde-yasagan-semetdeslerimiznen-korusti\\\/#primaryimage\"},\"thumbnailUrl\":\"http:\\\/\\\/qtmm.org\\\/wp-content\\\/uploads\\\/2022\\\/01\\\/2_75.jpeg\",\"datePublished\":\"2012-10-22T11:07:00+00:00\",\"dateModified\":\"2022-01-23T11:08:58+00:00\",\"breadcrumb\":{\"@id\":\"https:\\\/\\\/qtmm.org\\\/qt\\\/mustafa-cemilev-cankoy-rayonininin-qalay-qasabasi-ve-cankoy-seerinde-yasagan-semetdeslerimiznen-korusti\\\/#breadcrumb\"},\"inLanguage\":\"qt\",\"potentialAction\":[{\"@type\":\"ReadAction\",\"target\":[\"https:\\\/\\\/qtmm.org\\\/qt\\\/mustafa-cemilev-cankoy-rayonininin-qalay-qasabasi-ve-cankoy-seerinde-yasagan-semetdeslerimiznen-korusti\\\/\"]}]},{\"@type\":\"ImageObject\",\"inLanguage\":\"qt\",\"@id\":\"https:\\\/\\\/qtmm.org\\\/qt\\\/mustafa-cemilev-cankoy-rayonininin-qalay-qasabasi-ve-cankoy-seerinde-yasagan-semetdeslerimiznen-korusti\\\/#primaryimage\",\"url\":\"http:\\\/\\\/qtmm.org\\\/wp-content\\\/uploads\\\/2022\\\/01\\\/2_75.jpeg\",\"contentUrl\":\"http:\\\/\\\/qtmm.org\\\/wp-content\\\/uploads\\\/2022\\\/01\\\/2_75.jpeg\"},{\"@type\":\"BreadcrumbList\",\"@id\":\"https:\\\/\\\/qtmm.org\\\/qt\\\/mustafa-cemilev-cankoy-rayonininin-qalay-qasabasi-ve-cankoy-seerinde-yasagan-semetdeslerimiznen-korusti\\\/#breadcrumb\",\"itemListElement\":[{\"@type\":\"ListItem\",\"position\":1,\"name\":\"\u0413\u043e\u043b\u043e\u0432\u043d\u0430\",\"item\":\"https:\\\/\\\/qtmm.org\\\/qt\\\/\"},{\"@type\":\"ListItem\",\"position\":2,\"name\":\"Mustafa Cemilev Cank\u00f6y rayon\u0131n\u0131n\u0131\u00f1 Qalay qasabas\u0131 ve Cank\u00f6y \u015feerinde ya\u015fa\u011fan semetde\u015flerimiznen k\u00f6r\u00fc\u015fti\"}]},{\"@type\":\"WebSite\",\"@id\":\"https:\\\/\\\/qtmm.org\\\/qt\\\/#website\",\"url\":\"https:\\\/\\\/qtmm.org\\\/qt\\\/\",\"name\":\"\u041c\u0435\u0434\u0436\u043b\u0456\u0441\",\"description\":\"\",\"publisher\":{\"@id\":\"https:\\\/\\\/qtmm.org\\\/qt\\\/#organization\"},\"potentialAction\":[{\"@type\":\"SearchAction\",\"target\":{\"@type\":\"EntryPoint\",\"urlTemplate\":\"https:\\\/\\\/qtmm.org\\\/qt\\\/?s={search_term_string}\"},\"query-input\":{\"@type\":\"PropertyValueSpecification\",\"valueRequired\":true,\"valueName\":\"search_term_string\"}}],\"inLanguage\":\"qt\"},{\"@type\":\"Organization\",\"@id\":\"https:\\\/\\\/qtmm.org\\\/qt\\\/#organization\",\"name\":\"\u041c\u0435\u0434\u0436\u043b\u0456\u0441\",\"url\":\"https:\\\/\\\/qtmm.org\\\/qt\\\/\",\"logo\":{\"@type\":\"ImageObject\",\"inLanguage\":\"qt\",\"@id\":\"https:\\\/\\\/qtmm.org\\\/qt\\\/#\\\/schema\\\/logo\\\/image\\\/\",\"url\":\"https:\\\/\\\/qtmm.org\\\/wp-content\\\/uploads\\\/2024\\\/12\\\/ua-mejlis-logo-rgb.svg\",\"contentUrl\":\"https:\\\/\\\/qtmm.org\\\/wp-content\\\/uploads\\\/2024\\\/12\\\/ua-mejlis-logo-rgb.svg\",\"caption\":\"\u041c\u0435\u0434\u0436\u043b\u0456\u0441\"},\"image\":{\"@id\":\"https:\\\/\\\/qtmm.org\\\/qt\\\/#\\\/schema\\\/logo\\\/image\\\/\"},\"sameAs\":[\"https:\\\/\\\/www.facebook.com\\\/qtmm.info\\\/\"]},{\"@type\":\"Person\",\"@id\":\"https:\\\/\\\/qtmm.org\\\/qt\\\/#\\\/schema\\\/person\\\/de562469f971dec226ac06e60bbf74a7\",\"name\":\"Developer\",\"image\":{\"@type\":\"ImageObject\",\"inLanguage\":\"qt\",\"@id\":\"https:\\\/\\\/secure.gravatar.com\\\/avatar\\\/392b4cc8fbfeb00b39dfeeab4ee6edded39ffd48e25858637e4765810300227e?s=96&d=mm&r=g\",\"url\":\"https:\\\/\\\/secure.gravatar.com\\\/avatar\\\/392b4cc8fbfeb00b39dfeeab4ee6edded39ffd48e25858637e4765810300227e?s=96&d=mm&r=g\",\"contentUrl\":\"https:\\\/\\\/secure.gravatar.com\\\/avatar\\\/392b4cc8fbfeb00b39dfeeab4ee6edded39ffd48e25858637e4765810300227e?s=96&d=mm&r=g\",\"caption\":\"Developer\"},\"url\":\"https:\\\/\\\/qtmm.org\\\/qt\\\/author\\\/Developer\\\/\"}]}<\/script>\n<!-- \/ Yoast SEO plugin. -->","yoast_head_json":{"title":"Mustafa Cemilev Cank\u00f6y rayon\u0131n\u0131n\u0131\u00f1 Qalay qasabas\u0131 ve Cank\u00f6y \u015feerinde ya\u015fa\u011fan semetde\u015flerimiznen k\u00f6r\u00fc\u015fti - \u041c\u0435\u0434\u0436\u043b\u0456\u0441","robots":{"index":"index","follow":"follow","max-snippet":"max-snippet:-1","max-image-preview":"max-image-preview:large","max-video-preview":"max-video-preview:-1"},"canonical":"https:\/\/qtmm.org\/qt\/mustafa-cemilev-cankoy-rayonininin-qalay-qasabasi-ve-cankoy-seerinde-yasagan-semetdeslerimiznen-korusti\/","og_locale":"en_US","og_type":"article","og_title":"Mustafa Cemilev Cank\u00f6y rayon\u0131n\u0131n\u0131\u00f1 Qalay qasabas\u0131 ve Cank\u00f6y \u015feerinde ya\u015fa\u011fan semetde\u015flerimiznen k\u00f6r\u00fc\u015fti - \u041c\u0435\u0434\u0436\u043b\u0456\u0441","og_description":"2012 senesi okt\u00e2br 20 k\u00fcn\u00fc Q\u0131r\u0131mtatar halq\u0131 Meclisini\u00f1 reisi, Ukraina halq deputat\u0131 Mustafa Cemilev Cank\u00f6y rayon\u0131n\u0131\u00f1 Qalay qasabas\u0131nda ve Cank\u00f6y \u015feerinde ya\u015fa\u011fan semetde\u015flerimiznen k\u00f6r\u00fc\u015fti. Qalay qasabas\u0131nda Meclis reisi Mustafa Cemilevnen k\u00f6r\u00fc\u015f\u00fcvge 200-den ziyade adam topland\u0131, Cank\u00f6y \u015feerinde de Meclis yolba\u015f\u00e7\u0131lar\u0131n\u0131 r\u0131qnen tolu salon qar\u015f\u0131lad\u0131. . Qalay qasabas\u0131nda ve Cank\u00f6y \u015feerinde k\u00f6r\u00fc\u015f\u00fcvlerde \u21163 saylav dairesi boyunca [&hellip;]","og_url":"https:\/\/qtmm.org\/qt\/mustafa-cemilev-cankoy-rayonininin-qalay-qasabasi-ve-cankoy-seerinde-yasagan-semetdeslerimiznen-korusti\/","og_site_name":"\u041c\u0435\u0434\u0436\u043b\u0456\u0441","article_publisher":"https:\/\/www.facebook.com\/qtmm.info\/","article_published_time":"2012-10-22T11:07:00+00:00","article_modified_time":"2022-01-23T11:08:58+00:00","og_image":[{"width":800,"height":600,"url":"https:\/\/qtmm.org\/wp-content\/uploads\/2022\/01\/2_75.jpeg","type":"image\/jpeg"}],"author":"Developer","twitter_card":"summary_large_image","twitter_misc":{"Written by":"Developer","Est. reading time":"2 minutes"},"schema":{"@context":"https:\/\/schema.org","@graph":[{"@type":"Article","@id":"https:\/\/qtmm.org\/qt\/mustafa-cemilev-cankoy-rayonininin-qalay-qasabasi-ve-cankoy-seerinde-yasagan-semetdeslerimiznen-korusti\/#article","isPartOf":{"@id":"https:\/\/qtmm.org\/qt\/mustafa-cemilev-cankoy-rayonininin-qalay-qasabasi-ve-cankoy-seerinde-yasagan-semetdeslerimiznen-korusti\/"},"author":{"name":"Developer","@id":"https:\/\/qtmm.org\/qt\/#\/schema\/person\/de562469f971dec226ac06e60bbf74a7"},"headline":"Mustafa Cemilev Cank\u00f6y rayon\u0131n\u0131n\u0131\u00f1 Qalay qasabas\u0131 ve Cank\u00f6y \u015feerinde ya\u015fa\u011fan semetde\u015flerimiznen k\u00f6r\u00fc\u015fti","datePublished":"2012-10-22T11:07:00+00:00","dateModified":"2022-01-23T11:08:58+00:00","mainEntityOfPage":{"@id":"https:\/\/qtmm.org\/qt\/mustafa-cemilev-cankoy-rayonininin-qalay-qasabasi-ve-cankoy-seerinde-yasagan-semetdeslerimiznen-korusti\/"},"wordCount":503,"commentCount":0,"publisher":{"@id":"https:\/\/qtmm.org\/qt\/#organization"},"image":{"@id":"https:\/\/qtmm.org\/qt\/mustafa-cemilev-cankoy-rayonininin-qalay-qasabasi-ve-cankoy-seerinde-yasagan-semetdeslerimiznen-korusti\/#primaryimage"},"thumbnailUrl":"http:\/\/qtmm.org\/wp-content\/uploads\/2022\/01\/2_75.jpeg","articleSection":["Haberler"],"inLanguage":"qt","potentialAction":[{"@type":"CommentAction","name":"Comment","target":["https:\/\/qtmm.org\/qt\/mustafa-cemilev-cankoy-rayonininin-qalay-qasabasi-ve-cankoy-seerinde-yasagan-semetdeslerimiznen-korusti\/#respond"]}]},{"@type":"WebPage","@id":"https:\/\/qtmm.org\/qt\/mustafa-cemilev-cankoy-rayonininin-qalay-qasabasi-ve-cankoy-seerinde-yasagan-semetdeslerimiznen-korusti\/","url":"https:\/\/qtmm.org\/qt\/mustafa-cemilev-cankoy-rayonininin-qalay-qasabasi-ve-cankoy-seerinde-yasagan-semetdeslerimiznen-korusti\/","name":"Mustafa Cemilev Cank\u00f6y rayon\u0131n\u0131n\u0131\u00f1 Qalay qasabas\u0131 ve Cank\u00f6y \u015feerinde ya\u015fa\u011fan semetde\u015flerimiznen k\u00f6r\u00fc\u015fti - \u041c\u0435\u0434\u0436\u043b\u0456\u0441","isPartOf":{"@id":"https:\/\/qtmm.org\/qt\/#website"},"primaryImageOfPage":{"@id":"https:\/\/qtmm.org\/qt\/mustafa-cemilev-cankoy-rayonininin-qalay-qasabasi-ve-cankoy-seerinde-yasagan-semetdeslerimiznen-korusti\/#primaryimage"},"image":{"@id":"https:\/\/qtmm.org\/qt\/mustafa-cemilev-cankoy-rayonininin-qalay-qasabasi-ve-cankoy-seerinde-yasagan-semetdeslerimiznen-korusti\/#primaryimage"},"thumbnailUrl":"http:\/\/qtmm.org\/wp-content\/uploads\/2022\/01\/2_75.jpeg","datePublished":"2012-10-22T11:07:00+00:00","dateModified":"2022-01-23T11:08:58+00:00","breadcrumb":{"@id":"https:\/\/qtmm.org\/qt\/mustafa-cemilev-cankoy-rayonininin-qalay-qasabasi-ve-cankoy-seerinde-yasagan-semetdeslerimiznen-korusti\/#breadcrumb"},"inLanguage":"qt","potentialAction":[{"@type":"ReadAction","target":["https:\/\/qtmm.org\/qt\/mustafa-cemilev-cankoy-rayonininin-qalay-qasabasi-ve-cankoy-seerinde-yasagan-semetdeslerimiznen-korusti\/"]}]},{"@type":"ImageObject","inLanguage":"qt","@id":"https:\/\/qtmm.org\/qt\/mustafa-cemilev-cankoy-rayonininin-qalay-qasabasi-ve-cankoy-seerinde-yasagan-semetdeslerimiznen-korusti\/#primaryimage","url":"http:\/\/qtmm.org\/wp-content\/uploads\/2022\/01\/2_75.jpeg","contentUrl":"http:\/\/qtmm.org\/wp-content\/uploads\/2022\/01\/2_75.jpeg"},{"@type":"BreadcrumbList","@id":"https:\/\/qtmm.org\/qt\/mustafa-cemilev-cankoy-rayonininin-qalay-qasabasi-ve-cankoy-seerinde-yasagan-semetdeslerimiznen-korusti\/#breadcrumb","itemListElement":[{"@type":"ListItem","position":1,"name":"\u0413\u043e\u043b\u043e\u0432\u043d\u0430","item":"https:\/\/qtmm.org\/qt\/"},{"@type":"ListItem","position":2,"name":"Mustafa Cemilev Cank\u00f6y rayon\u0131n\u0131n\u0131\u00f1 Qalay qasabas\u0131 ve Cank\u00f6y \u015feerinde ya\u015fa\u011fan semetde\u015flerimiznen k\u00f6r\u00fc\u015fti"}]},{"@type":"WebSite","@id":"https:\/\/qtmm.org\/qt\/#website","url":"https:\/\/qtmm.org\/qt\/","name":"\u041c\u0435\u0434\u0436\u043b\u0456\u0441","description":"","publisher":{"@id":"https:\/\/qtmm.org\/qt\/#organization"},"potentialAction":[{"@type":"SearchAction","target":{"@type":"EntryPoint","urlTemplate":"https:\/\/qtmm.org\/qt\/?s={search_term_string}"},"query-input":{"@type":"PropertyValueSpecification","valueRequired":true,"valueName":"search_term_string"}}],"inLanguage":"qt"},{"@type":"Organization","@id":"https:\/\/qtmm.org\/qt\/#organization","name":"\u041c\u0435\u0434\u0436\u043b\u0456\u0441","url":"https:\/\/qtmm.org\/qt\/","logo":{"@type":"ImageObject","inLanguage":"qt","@id":"https:\/\/qtmm.org\/qt\/#\/schema\/logo\/image\/","url":"https:\/\/qtmm.org\/wp-content\/uploads\/2024\/12\/ua-mejlis-logo-rgb.svg","contentUrl":"https:\/\/qtmm.org\/wp-content\/uploads\/2024\/12\/ua-mejlis-logo-rgb.svg","caption":"\u041c\u0435\u0434\u0436\u043b\u0456\u0441"},"image":{"@id":"https:\/\/qtmm.org\/qt\/#\/schema\/logo\/image\/"},"sameAs":["https:\/\/www.facebook.com\/qtmm.info\/"]},{"@type":"Person","@id":"https:\/\/qtmm.org\/qt\/#\/schema\/person\/de562469f971dec226ac06e60bbf74a7","name":"Developer","image":{"@type":"ImageObject","inLanguage":"qt","@id":"https:\/\/secure.gravatar.com\/avatar\/392b4cc8fbfeb00b39dfeeab4ee6edded39ffd48e25858637e4765810300227e?s=96&d=mm&r=g","url":"https:\/\/secure.gravatar.com\/avatar\/392b4cc8fbfeb00b39dfeeab4ee6edded39ffd48e25858637e4765810300227e?s=96&d=mm&r=g","contentUrl":"https:\/\/secure.gravatar.com\/avatar\/392b4cc8fbfeb00b39dfeeab4ee6edded39ffd48e25858637e4765810300227e?s=96&d=mm&r=g","caption":"Developer"},"url":"https:\/\/qtmm.org\/qt\/author\/Developer\/"}]}},"_links":{"self":[{"href":"https:\/\/qtmm.org\/qt\/wp-json\/wp\/v2\/posts\/34879","targetHints":{"allow":["GET"]}}],"collection":[{"href":"https:\/\/qtmm.org\/qt\/wp-json\/wp\/v2\/posts"}],"about":[{"href":"https:\/\/qtmm.org\/qt\/wp-json\/wp\/v2\/types\/post"}],"author":[{"embeddable":true,"href":"https:\/\/qtmm.org\/qt\/wp-json\/wp\/v2\/users\/1"}],"replies":[{"embeddable":true,"href":"https:\/\/qtmm.org\/qt\/wp-json\/wp\/v2\/comments?post=34879"}],"version-history":[{"count":1,"href":"https:\/\/qtmm.org\/qt\/wp-json\/wp\/v2\/posts\/34879\/revisions"}],"predecessor-version":[{"id":34900,"href":"https:\/\/qtmm.org\/qt\/wp-json\/wp\/v2\/posts\/34879\/revisions\/34900"}],"wp:attachment":[{"href":"https:\/\/qtmm.org\/qt\/wp-json\/wp\/v2\/media?parent=34879"}],"wp:term":[{"taxonomy":"category","embeddable":true,"href":"https:\/\/qtmm.org\/qt\/wp-json\/wp\/v2\/categories?post=34879"},{"taxonomy":"post_tag","embeddable":true,"href":"https:\/\/qtmm.org\/qt\/wp-json\/wp\/v2\/tags?post=34879"}],"curies":[{"name":"wp","href":"https:\/\/api.w.org\/{rel}","templated":true}]}}