




{"id":34845,"date":"2012-10-22T14:05:00","date_gmt":"2012-10-22T11:05:00","guid":{"rendered":"http:\/\/qtmm.org\/?p=34845"},"modified":"2022-01-23T14:07:12","modified_gmt":"2022-01-23T11:07:12","slug":"meclis-reisi-mustafa-cemilev-qalay-medresesini-ziyaret-etti","status":"publish","type":"post","link":"https:\/\/qtmm.org\/qt\/meclis-reisi-mustafa-cemilev-qalay-medresesini-ziyaret-etti\/","title":{"rendered":"Meclis reisi Mustafa Cemilev Qalay medresesini ziyaret etti"},"content":{"rendered":"\n<p>2012 senesi okt\u00e2br 20 k\u00fcn\u00fc Meclis reisi, Ukraina halq deputat\u0131 Mustafa Cemilev Cank\u00f6y rayon\u0131 Qalay qasabas\u0131na i\u015f seferi \u00e7er\u00e7ivesinde semetde\u015flerimiznen k\u00f6r\u00fc\u015fti ve Qalay medresesini ziyaret etti.<\/p>\n\n\n\n<figure class=\"wp-block-image size-full\"><img loading=\"lazy\" decoding=\"async\" width=\"800\" height=\"600\" src=\"http:\/\/qtmm.org\/wp-content\/uploads\/2022\/01\/img_0390.jpeg\" alt=\"\" class=\"wp-image-34846\" srcset=\"https:\/\/qtmm.org\/wp-content\/uploads\/2022\/01\/img_0390.jpeg 800w, https:\/\/qtmm.org\/wp-content\/uploads\/2022\/01\/img_0390-300x225.jpeg 300w, https:\/\/qtmm.org\/wp-content\/uploads\/2022\/01\/img_0390-768x576.jpeg 768w\" sizes=\"auto, (max-width: 800px) 100vw, 800px\" \/><\/figure>\n\n\n\n<p>Medresede Mustafa Cemilev oquv ceryan\u0131 ile tan\u0131\u015f ol\u0131p, oca ve sohtalarnen subetle\u015fti. Milliy Meclis reisinen beraber medresede Meclis azas\u0131 Ruslan Qurtseitov, Cank\u00f6y regional meclis reisi Rustem Ennanov, Qalay yerli meclisni\u00f1 ba\u015f\u0131 Anvar Ahmadaliyev ve &#8220;QIRIM&#8221; FONDI&#8221; hayriye te\u015fkil\u00e2t\u0131n\u0131\u00f1 ba\u015f direktor\u0131 Riza \u015eevqiyev da bulund\u0131lar.<\/p>\n\n\n\n<figure class=\"wp-block-image size-full\"><img loading=\"lazy\" decoding=\"async\" width=\"800\" height=\"600\" src=\"http:\/\/qtmm.org\/wp-content\/uploads\/2022\/01\/img_0370.jpeg\" alt=\"\" class=\"wp-image-34850\" srcset=\"https:\/\/qtmm.org\/wp-content\/uploads\/2022\/01\/img_0370.jpeg 800w, https:\/\/qtmm.org\/wp-content\/uploads\/2022\/01\/img_0370-300x225.jpeg 300w, https:\/\/qtmm.org\/wp-content\/uploads\/2022\/01\/img_0370-768x576.jpeg 768w\" sizes=\"auto, (max-width: 800px) 100vw, 800px\" \/><\/figure>\n\n\n\n<p>Qalay medresesi direktor\u0131n\u0131\u00f1 muavini \u0130limdar Cambazovn\u0131\u00f1 bildirgenine k\u00f6re Qalaydaki erkekler medresesi 1998 senesi a\u00e7\u0131l\u0131p, onda diniy ve mektep fenleri \u00f6gretile.<\/p>\n\n\n\n<figure class=\"wp-block-image size-full\"><img loading=\"lazy\" decoding=\"async\" width=\"800\" height=\"600\" src=\"http:\/\/qtmm.org\/wp-content\/uploads\/2022\/01\/img_0371.jpeg\" alt=\"\" class=\"wp-image-34854\" srcset=\"https:\/\/qtmm.org\/wp-content\/uploads\/2022\/01\/img_0371.jpeg 800w, https:\/\/qtmm.org\/wp-content\/uploads\/2022\/01\/img_0371-300x225.jpeg 300w, https:\/\/qtmm.org\/wp-content\/uploads\/2022\/01\/img_0371-768x576.jpeg 768w\" sizes=\"auto, (max-width: 800px) 100vw, 800px\" \/><\/figure>\n\n\n\n<p>&#8220;Medresege subetle\u015f\u00fcv esas\u0131nda imtians\u0131z qabul etemiz. Qalay erkek ve qad\u0131nlar medresesine 8-nci s\u0131n\u0131fn\u0131 bitirgen ve bundan b\u00fcy\u00fck ya\u015fta ol\u011fan yigit ve q\u0131zlar qabul olunalar. Mektep fenlerinden qom\u015fu k\u00f6ydeki milliy mektep ocalar\u0131 ders bereler. Medresede oquv m\u00fcddeti ise 3 y\u0131l&#8221;, &#8211; dedi \u0130. Cambazov.<\/p>\n\n\n\n<figure class=\"wp-block-image size-full\"><img loading=\"lazy\" decoding=\"async\" width=\"800\" height=\"600\" src=\"http:\/\/qtmm.org\/wp-content\/uploads\/2022\/01\/img_0374.jpeg\" alt=\"\" class=\"wp-image-34858\" srcset=\"https:\/\/qtmm.org\/wp-content\/uploads\/2022\/01\/img_0374.jpeg 800w, https:\/\/qtmm.org\/wp-content\/uploads\/2022\/01\/img_0374-300x225.jpeg 300w, https:\/\/qtmm.org\/wp-content\/uploads\/2022\/01\/img_0374-768x576.jpeg 768w\" sizes=\"auto, (max-width: 800px) 100vw, 800px\" \/><\/figure>\n\n\n\n<p>Qalay medresesi direktor\u0131n\u0131\u00f1 muavini Meclis reisine medrese talebeleri ya\u015fa\u011fan 80 insan\u011fa qararla\u015ft\u0131r\u0131l\u011fan yataqhaneni k\u00f6sterdi. &#8220;Derslerni aliy diniy mal\u00fcmat saibi ol\u011fan ocalar al\u0131p baralar. S\u0131n\u0131f odalar\u0131nda b\u00fct\u00fcn \u015faraitler mevcut. Talebeler 3 kere a\u015f, \u015fu c\u00fcmleden milliy yemeklernen, temin etileler.<\/p>\n\n\n\n<figure class=\"wp-block-image size-full\"><img loading=\"lazy\" decoding=\"async\" width=\"800\" height=\"600\" src=\"http:\/\/qtmm.org\/wp-content\/uploads\/2022\/01\/img_0379.jpeg\" alt=\"\" class=\"wp-image-34862\" srcset=\"https:\/\/qtmm.org\/wp-content\/uploads\/2022\/01\/img_0379.jpeg 800w, https:\/\/qtmm.org\/wp-content\/uploads\/2022\/01\/img_0379-300x225.jpeg 300w, https:\/\/qtmm.org\/wp-content\/uploads\/2022\/01\/img_0379-768x576.jpeg 768w\" sizes=\"auto, (max-width: 800px) 100vw, 800px\" \/><\/figure>\n\n\n\n<p>Medresede oquv, yataqhanede ya\u015fav ve a\u015f bedava, &#8211; ik\u00e2ye etti \u0130. Cambazov. Medreseni kezingen Mustafa Cemilev bun\u0131\u00f1 kibi de oquv odalar\u0131nda, bilgisayar s\u0131n\u0131f\u0131nda bulun\u0131p, oquv ceryan\u0131n\u0131\u00f1 istiqballeri husus\u0131nda fikirlerinen payla\u015ft\u0131.<\/p>\n\n\n\n<figure class=\"wp-block-image size-full\"><img loading=\"lazy\" decoding=\"async\" width=\"800\" height=\"600\" src=\"http:\/\/qtmm.org\/wp-content\/uploads\/2022\/01\/img_0387.jpeg\" alt=\"\" class=\"wp-image-34866\" srcset=\"https:\/\/qtmm.org\/wp-content\/uploads\/2022\/01\/img_0387.jpeg 800w, https:\/\/qtmm.org\/wp-content\/uploads\/2022\/01\/img_0387-300x225.jpeg 300w, https:\/\/qtmm.org\/wp-content\/uploads\/2022\/01\/img_0387-768x576.jpeg 768w\" sizes=\"auto, (max-width: 800px) 100vw, 800px\" \/><\/figure>\n\n\n\n<p>Medrese yolba\u015f\u00e7\u0131lar\u0131n\u0131\u00f1 bergen mal\u00fcmatlar\u0131na k\u00f6re 1998-2011 seneleri zarf\u0131nda Medresege oquma\u011fa kirgen 2500 talebeden 182 neferi oquvn\u0131 muvafaqiyetli tamamlap, \u015eeadetnameler al\u011fanlar. Al-az\u0131rda Medrese mezunlar\u0131 Q\u0131r\u0131mn\u0131\u00f1 \u00e7e\u015fit k\u00f6y ve qasabalar\u0131nda imam olaraq \u00e7al\u0131\u015falar, 13 talebe ise T\u00fcrkiye universitetlerindeki \u0130l\u00e2hiyet fakultetlerinde oquvn\u0131 devam ettilereler.<\/p>\n\n\n\n<figure class=\"wp-block-image size-full\"><img loading=\"lazy\" decoding=\"async\" width=\"800\" height=\"600\" src=\"http:\/\/qtmm.org\/wp-content\/uploads\/2022\/01\/img_0386.jpeg\" alt=\"\" class=\"wp-image-34870\" srcset=\"https:\/\/qtmm.org\/wp-content\/uploads\/2022\/01\/img_0386.jpeg 800w, https:\/\/qtmm.org\/wp-content\/uploads\/2022\/01\/img_0386-300x225.jpeg 300w, https:\/\/qtmm.org\/wp-content\/uploads\/2022\/01\/img_0386-768x576.jpeg 768w\" sizes=\"auto, (max-width: 800px) 100vw, 800px\" \/><\/figure>\n\n\n\n<figure class=\"wp-block-image size-full\"><img loading=\"lazy\" decoding=\"async\" width=\"800\" height=\"600\" src=\"http:\/\/qtmm.org\/wp-content\/uploads\/2022\/01\/img_0391.jpeg\" alt=\"\" class=\"wp-image-34874\" srcset=\"https:\/\/qtmm.org\/wp-content\/uploads\/2022\/01\/img_0391.jpeg 800w, https:\/\/qtmm.org\/wp-content\/uploads\/2022\/01\/img_0391-300x225.jpeg 300w, https:\/\/qtmm.org\/wp-content\/uploads\/2022\/01\/img_0391-768x576.jpeg 768w\" sizes=\"auto, (max-width: 800px) 100vw, 800px\" \/><\/figure>\n","protected":false},"excerpt":{"rendered":"<p>2012 senesi okt\u00e2br 20 k\u00fcn\u00fc Meclis reisi, Ukraina halq deputat\u0131 Mustafa Cemilev Cank\u00f6y rayon\u0131 Qalay qasabas\u0131na i\u015f seferi \u00e7er\u00e7ivesinde semetde\u015flerimiznen k\u00f6r\u00fc\u015fti ve Qalay medresesini ziyaret etti. Medresede Mustafa Cemilev oquv ceryan\u0131 ile tan\u0131\u015f ol\u0131p, oca ve sohtalarnen subetle\u015fti. Milliy Meclis reisinen beraber medresede Meclis azas\u0131 Ruslan Qurtseitov, Cank\u00f6y regional meclis reisi Rustem Ennanov, Qalay yerli [&hellip;]<\/p>\n","protected":false},"author":1,"featured_media":0,"comment_status":"open","ping_status":"open","sticky":false,"template":"","format":"standard","meta":{"inline_featured_image":false,"footnotes":""},"categories":[265],"tags":[],"class_list":["post-34845","post","type-post","status-publish","format-standard","hentry","category-haberler"],"acf":[],"yoast_head":"<!-- This site is optimized with the Yoast SEO plugin v27.4 - https:\/\/yoast.com\/product\/yoast-seo-wordpress\/ -->\n<title>Meclis reisi Mustafa Cemilev Qalay medresesini ziyaret etti - \u041c\u0435\u0434\u0436\u043b\u0456\u0441<\/title>\n<meta name=\"robots\" content=\"index, follow, max-snippet:-1, max-image-preview:large, max-video-preview:-1\" \/>\n<link rel=\"canonical\" href=\"https:\/\/qtmm.org\/qt\/meclis-reisi-mustafa-cemilev-qalay-medresesini-ziyaret-etti\/\" \/>\n<meta property=\"og:locale\" content=\"en_US\" \/>\n<meta property=\"og:type\" content=\"article\" \/>\n<meta property=\"og:title\" content=\"Meclis reisi Mustafa Cemilev Qalay medresesini ziyaret etti - \u041c\u0435\u0434\u0436\u043b\u0456\u0441\" \/>\n<meta property=\"og:description\" content=\"2012 senesi okt\u00e2br 20 k\u00fcn\u00fc Meclis reisi, Ukraina halq deputat\u0131 Mustafa Cemilev Cank\u00f6y rayon\u0131 Qalay qasabas\u0131na i\u015f seferi \u00e7er\u00e7ivesinde semetde\u015flerimiznen k\u00f6r\u00fc\u015fti ve Qalay medresesini ziyaret etti. Medresede Mustafa Cemilev oquv ceryan\u0131 ile tan\u0131\u015f ol\u0131p, oca ve sohtalarnen subetle\u015fti. Milliy Meclis reisinen beraber medresede Meclis azas\u0131 Ruslan Qurtseitov, Cank\u00f6y regional meclis reisi Rustem Ennanov, Qalay yerli [&hellip;]\" \/>\n<meta property=\"og:url\" content=\"https:\/\/qtmm.org\/qt\/meclis-reisi-mustafa-cemilev-qalay-medresesini-ziyaret-etti\/\" \/>\n<meta property=\"og:site_name\" content=\"\u041c\u0435\u0434\u0436\u043b\u0456\u0441\" \/>\n<meta property=\"article:publisher\" content=\"https:\/\/www.facebook.com\/qtmm.info\/\" \/>\n<meta property=\"article:published_time\" content=\"2012-10-22T11:05:00+00:00\" \/>\n<meta property=\"article:modified_time\" content=\"2022-01-23T11:07:12+00:00\" \/>\n<meta property=\"og:image\" content=\"https:\/\/qtmm.org\/wp-content\/uploads\/2022\/01\/img_0390.jpeg\" \/>\n\t<meta property=\"og:image:width\" content=\"800\" \/>\n\t<meta property=\"og:image:height\" content=\"600\" \/>\n\t<meta property=\"og:image:type\" content=\"image\/jpeg\" \/>\n<meta name=\"author\" content=\"Developer\" \/>\n<meta name=\"twitter:card\" content=\"summary_large_image\" \/>\n<meta name=\"twitter:label1\" content=\"Written by\" \/>\n\t<meta name=\"twitter:data1\" content=\"Developer\" \/>\n\t<meta name=\"twitter:label2\" content=\"Est. reading time\" \/>\n\t<meta name=\"twitter:data2\" content=\"2 minutes\" \/>\n<script type=\"application\/ld+json\" class=\"yoast-schema-graph\">{\"@context\":\"https:\\\/\\\/schema.org\",\"@graph\":[{\"@type\":\"Article\",\"@id\":\"https:\\\/\\\/qtmm.org\\\/qt\\\/meclis-reisi-mustafa-cemilev-qalay-medresesini-ziyaret-etti\\\/#article\",\"isPartOf\":{\"@id\":\"https:\\\/\\\/qtmm.org\\\/qt\\\/meclis-reisi-mustafa-cemilev-qalay-medresesini-ziyaret-etti\\\/\"},\"author\":{\"name\":\"Developer\",\"@id\":\"https:\\\/\\\/qtmm.org\\\/qt\\\/#\\\/schema\\\/person\\\/de562469f971dec226ac06e60bbf74a7\"},\"headline\":\"Meclis reisi Mustafa Cemilev Qalay medresesini ziyaret etti\",\"datePublished\":\"2012-10-22T11:05:00+00:00\",\"dateModified\":\"2022-01-23T11:07:12+00:00\",\"mainEntityOfPage\":{\"@id\":\"https:\\\/\\\/qtmm.org\\\/qt\\\/meclis-reisi-mustafa-cemilev-qalay-medresesini-ziyaret-etti\\\/\"},\"wordCount\":318,\"commentCount\":0,\"publisher\":{\"@id\":\"https:\\\/\\\/qtmm.org\\\/qt\\\/#organization\"},\"image\":{\"@id\":\"https:\\\/\\\/qtmm.org\\\/qt\\\/meclis-reisi-mustafa-cemilev-qalay-medresesini-ziyaret-etti\\\/#primaryimage\"},\"thumbnailUrl\":\"http:\\\/\\\/qtmm.org\\\/wp-content\\\/uploads\\\/2022\\\/01\\\/img_0390.jpeg\",\"articleSection\":[\"Haberler\"],\"inLanguage\":\"qt\",\"potentialAction\":[{\"@type\":\"CommentAction\",\"name\":\"Comment\",\"target\":[\"https:\\\/\\\/qtmm.org\\\/qt\\\/meclis-reisi-mustafa-cemilev-qalay-medresesini-ziyaret-etti\\\/#respond\"]}]},{\"@type\":\"WebPage\",\"@id\":\"https:\\\/\\\/qtmm.org\\\/qt\\\/meclis-reisi-mustafa-cemilev-qalay-medresesini-ziyaret-etti\\\/\",\"url\":\"https:\\\/\\\/qtmm.org\\\/qt\\\/meclis-reisi-mustafa-cemilev-qalay-medresesini-ziyaret-etti\\\/\",\"name\":\"Meclis reisi Mustafa Cemilev Qalay medresesini ziyaret etti - \u041c\u0435\u0434\u0436\u043b\u0456\u0441\",\"isPartOf\":{\"@id\":\"https:\\\/\\\/qtmm.org\\\/qt\\\/#website\"},\"primaryImageOfPage\":{\"@id\":\"https:\\\/\\\/qtmm.org\\\/qt\\\/meclis-reisi-mustafa-cemilev-qalay-medresesini-ziyaret-etti\\\/#primaryimage\"},\"image\":{\"@id\":\"https:\\\/\\\/qtmm.org\\\/qt\\\/meclis-reisi-mustafa-cemilev-qalay-medresesini-ziyaret-etti\\\/#primaryimage\"},\"thumbnailUrl\":\"http:\\\/\\\/qtmm.org\\\/wp-content\\\/uploads\\\/2022\\\/01\\\/img_0390.jpeg\",\"datePublished\":\"2012-10-22T11:05:00+00:00\",\"dateModified\":\"2022-01-23T11:07:12+00:00\",\"breadcrumb\":{\"@id\":\"https:\\\/\\\/qtmm.org\\\/qt\\\/meclis-reisi-mustafa-cemilev-qalay-medresesini-ziyaret-etti\\\/#breadcrumb\"},\"inLanguage\":\"qt\",\"potentialAction\":[{\"@type\":\"ReadAction\",\"target\":[\"https:\\\/\\\/qtmm.org\\\/qt\\\/meclis-reisi-mustafa-cemilev-qalay-medresesini-ziyaret-etti\\\/\"]}]},{\"@type\":\"ImageObject\",\"inLanguage\":\"qt\",\"@id\":\"https:\\\/\\\/qtmm.org\\\/qt\\\/meclis-reisi-mustafa-cemilev-qalay-medresesini-ziyaret-etti\\\/#primaryimage\",\"url\":\"http:\\\/\\\/qtmm.org\\\/wp-content\\\/uploads\\\/2022\\\/01\\\/img_0390.jpeg\",\"contentUrl\":\"http:\\\/\\\/qtmm.org\\\/wp-content\\\/uploads\\\/2022\\\/01\\\/img_0390.jpeg\"},{\"@type\":\"BreadcrumbList\",\"@id\":\"https:\\\/\\\/qtmm.org\\\/qt\\\/meclis-reisi-mustafa-cemilev-qalay-medresesini-ziyaret-etti\\\/#breadcrumb\",\"itemListElement\":[{\"@type\":\"ListItem\",\"position\":1,\"name\":\"\u0413\u043e\u043b\u043e\u0432\u043d\u0430\",\"item\":\"https:\\\/\\\/qtmm.org\\\/qt\\\/\"},{\"@type\":\"ListItem\",\"position\":2,\"name\":\"Meclis reisi Mustafa Cemilev Qalay medresesini ziyaret etti\"}]},{\"@type\":\"WebSite\",\"@id\":\"https:\\\/\\\/qtmm.org\\\/qt\\\/#website\",\"url\":\"https:\\\/\\\/qtmm.org\\\/qt\\\/\",\"name\":\"\u041c\u0435\u0434\u0436\u043b\u0456\u0441\",\"description\":\"\",\"publisher\":{\"@id\":\"https:\\\/\\\/qtmm.org\\\/qt\\\/#organization\"},\"potentialAction\":[{\"@type\":\"SearchAction\",\"target\":{\"@type\":\"EntryPoint\",\"urlTemplate\":\"https:\\\/\\\/qtmm.org\\\/qt\\\/?s={search_term_string}\"},\"query-input\":{\"@type\":\"PropertyValueSpecification\",\"valueRequired\":true,\"valueName\":\"search_term_string\"}}],\"inLanguage\":\"qt\"},{\"@type\":\"Organization\",\"@id\":\"https:\\\/\\\/qtmm.org\\\/qt\\\/#organization\",\"name\":\"\u041c\u0435\u0434\u0436\u043b\u0456\u0441\",\"url\":\"https:\\\/\\\/qtmm.org\\\/qt\\\/\",\"logo\":{\"@type\":\"ImageObject\",\"inLanguage\":\"qt\",\"@id\":\"https:\\\/\\\/qtmm.org\\\/qt\\\/#\\\/schema\\\/logo\\\/image\\\/\",\"url\":\"https:\\\/\\\/qtmm.org\\\/wp-content\\\/uploads\\\/2024\\\/12\\\/ua-mejlis-logo-rgb.svg\",\"contentUrl\":\"https:\\\/\\\/qtmm.org\\\/wp-content\\\/uploads\\\/2024\\\/12\\\/ua-mejlis-logo-rgb.svg\",\"caption\":\"\u041c\u0435\u0434\u0436\u043b\u0456\u0441\"},\"image\":{\"@id\":\"https:\\\/\\\/qtmm.org\\\/qt\\\/#\\\/schema\\\/logo\\\/image\\\/\"},\"sameAs\":[\"https:\\\/\\\/www.facebook.com\\\/qtmm.info\\\/\"]},{\"@type\":\"Person\",\"@id\":\"https:\\\/\\\/qtmm.org\\\/qt\\\/#\\\/schema\\\/person\\\/de562469f971dec226ac06e60bbf74a7\",\"name\":\"Developer\",\"image\":{\"@type\":\"ImageObject\",\"inLanguage\":\"qt\",\"@id\":\"https:\\\/\\\/secure.gravatar.com\\\/avatar\\\/392b4cc8fbfeb00b39dfeeab4ee6edded39ffd48e25858637e4765810300227e?s=96&d=mm&r=g\",\"url\":\"https:\\\/\\\/secure.gravatar.com\\\/avatar\\\/392b4cc8fbfeb00b39dfeeab4ee6edded39ffd48e25858637e4765810300227e?s=96&d=mm&r=g\",\"contentUrl\":\"https:\\\/\\\/secure.gravatar.com\\\/avatar\\\/392b4cc8fbfeb00b39dfeeab4ee6edded39ffd48e25858637e4765810300227e?s=96&d=mm&r=g\",\"caption\":\"Developer\"},\"url\":\"https:\\\/\\\/qtmm.org\\\/qt\\\/author\\\/Developer\\\/\"}]}<\/script>\n<!-- \/ Yoast SEO plugin. -->","yoast_head_json":{"title":"Meclis reisi Mustafa Cemilev Qalay medresesini ziyaret etti - \u041c\u0435\u0434\u0436\u043b\u0456\u0441","robots":{"index":"index","follow":"follow","max-snippet":"max-snippet:-1","max-image-preview":"max-image-preview:large","max-video-preview":"max-video-preview:-1"},"canonical":"https:\/\/qtmm.org\/qt\/meclis-reisi-mustafa-cemilev-qalay-medresesini-ziyaret-etti\/","og_locale":"en_US","og_type":"article","og_title":"Meclis reisi Mustafa Cemilev Qalay medresesini ziyaret etti - \u041c\u0435\u0434\u0436\u043b\u0456\u0441","og_description":"2012 senesi okt\u00e2br 20 k\u00fcn\u00fc Meclis reisi, Ukraina halq deputat\u0131 Mustafa Cemilev Cank\u00f6y rayon\u0131 Qalay qasabas\u0131na i\u015f seferi \u00e7er\u00e7ivesinde semetde\u015flerimiznen k\u00f6r\u00fc\u015fti ve Qalay medresesini ziyaret etti. Medresede Mustafa Cemilev oquv ceryan\u0131 ile tan\u0131\u015f ol\u0131p, oca ve sohtalarnen subetle\u015fti. Milliy Meclis reisinen beraber medresede Meclis azas\u0131 Ruslan Qurtseitov, Cank\u00f6y regional meclis reisi Rustem Ennanov, Qalay yerli [&hellip;]","og_url":"https:\/\/qtmm.org\/qt\/meclis-reisi-mustafa-cemilev-qalay-medresesini-ziyaret-etti\/","og_site_name":"\u041c\u0435\u0434\u0436\u043b\u0456\u0441","article_publisher":"https:\/\/www.facebook.com\/qtmm.info\/","article_published_time":"2012-10-22T11:05:00+00:00","article_modified_time":"2022-01-23T11:07:12+00:00","og_image":[{"width":800,"height":600,"url":"https:\/\/qtmm.org\/wp-content\/uploads\/2022\/01\/img_0390.jpeg","type":"image\/jpeg"}],"author":"Developer","twitter_card":"summary_large_image","twitter_misc":{"Written by":"Developer","Est. reading time":"2 minutes"},"schema":{"@context":"https:\/\/schema.org","@graph":[{"@type":"Article","@id":"https:\/\/qtmm.org\/qt\/meclis-reisi-mustafa-cemilev-qalay-medresesini-ziyaret-etti\/#article","isPartOf":{"@id":"https:\/\/qtmm.org\/qt\/meclis-reisi-mustafa-cemilev-qalay-medresesini-ziyaret-etti\/"},"author":{"name":"Developer","@id":"https:\/\/qtmm.org\/qt\/#\/schema\/person\/de562469f971dec226ac06e60bbf74a7"},"headline":"Meclis reisi Mustafa Cemilev Qalay medresesini ziyaret etti","datePublished":"2012-10-22T11:05:00+00:00","dateModified":"2022-01-23T11:07:12+00:00","mainEntityOfPage":{"@id":"https:\/\/qtmm.org\/qt\/meclis-reisi-mustafa-cemilev-qalay-medresesini-ziyaret-etti\/"},"wordCount":318,"commentCount":0,"publisher":{"@id":"https:\/\/qtmm.org\/qt\/#organization"},"image":{"@id":"https:\/\/qtmm.org\/qt\/meclis-reisi-mustafa-cemilev-qalay-medresesini-ziyaret-etti\/#primaryimage"},"thumbnailUrl":"http:\/\/qtmm.org\/wp-content\/uploads\/2022\/01\/img_0390.jpeg","articleSection":["Haberler"],"inLanguage":"qt","potentialAction":[{"@type":"CommentAction","name":"Comment","target":["https:\/\/qtmm.org\/qt\/meclis-reisi-mustafa-cemilev-qalay-medresesini-ziyaret-etti\/#respond"]}]},{"@type":"WebPage","@id":"https:\/\/qtmm.org\/qt\/meclis-reisi-mustafa-cemilev-qalay-medresesini-ziyaret-etti\/","url":"https:\/\/qtmm.org\/qt\/meclis-reisi-mustafa-cemilev-qalay-medresesini-ziyaret-etti\/","name":"Meclis reisi Mustafa Cemilev Qalay medresesini ziyaret etti - \u041c\u0435\u0434\u0436\u043b\u0456\u0441","isPartOf":{"@id":"https:\/\/qtmm.org\/qt\/#website"},"primaryImageOfPage":{"@id":"https:\/\/qtmm.org\/qt\/meclis-reisi-mustafa-cemilev-qalay-medresesini-ziyaret-etti\/#primaryimage"},"image":{"@id":"https:\/\/qtmm.org\/qt\/meclis-reisi-mustafa-cemilev-qalay-medresesini-ziyaret-etti\/#primaryimage"},"thumbnailUrl":"http:\/\/qtmm.org\/wp-content\/uploads\/2022\/01\/img_0390.jpeg","datePublished":"2012-10-22T11:05:00+00:00","dateModified":"2022-01-23T11:07:12+00:00","breadcrumb":{"@id":"https:\/\/qtmm.org\/qt\/meclis-reisi-mustafa-cemilev-qalay-medresesini-ziyaret-etti\/#breadcrumb"},"inLanguage":"qt","potentialAction":[{"@type":"ReadAction","target":["https:\/\/qtmm.org\/qt\/meclis-reisi-mustafa-cemilev-qalay-medresesini-ziyaret-etti\/"]}]},{"@type":"ImageObject","inLanguage":"qt","@id":"https:\/\/qtmm.org\/qt\/meclis-reisi-mustafa-cemilev-qalay-medresesini-ziyaret-etti\/#primaryimage","url":"http:\/\/qtmm.org\/wp-content\/uploads\/2022\/01\/img_0390.jpeg","contentUrl":"http:\/\/qtmm.org\/wp-content\/uploads\/2022\/01\/img_0390.jpeg"},{"@type":"BreadcrumbList","@id":"https:\/\/qtmm.org\/qt\/meclis-reisi-mustafa-cemilev-qalay-medresesini-ziyaret-etti\/#breadcrumb","itemListElement":[{"@type":"ListItem","position":1,"name":"\u0413\u043e\u043b\u043e\u0432\u043d\u0430","item":"https:\/\/qtmm.org\/qt\/"},{"@type":"ListItem","position":2,"name":"Meclis reisi Mustafa Cemilev Qalay medresesini ziyaret etti"}]},{"@type":"WebSite","@id":"https:\/\/qtmm.org\/qt\/#website","url":"https:\/\/qtmm.org\/qt\/","name":"\u041c\u0435\u0434\u0436\u043b\u0456\u0441","description":"","publisher":{"@id":"https:\/\/qtmm.org\/qt\/#organization"},"potentialAction":[{"@type":"SearchAction","target":{"@type":"EntryPoint","urlTemplate":"https:\/\/qtmm.org\/qt\/?s={search_term_string}"},"query-input":{"@type":"PropertyValueSpecification","valueRequired":true,"valueName":"search_term_string"}}],"inLanguage":"qt"},{"@type":"Organization","@id":"https:\/\/qtmm.org\/qt\/#organization","name":"\u041c\u0435\u0434\u0436\u043b\u0456\u0441","url":"https:\/\/qtmm.org\/qt\/","logo":{"@type":"ImageObject","inLanguage":"qt","@id":"https:\/\/qtmm.org\/qt\/#\/schema\/logo\/image\/","url":"https:\/\/qtmm.org\/wp-content\/uploads\/2024\/12\/ua-mejlis-logo-rgb.svg","contentUrl":"https:\/\/qtmm.org\/wp-content\/uploads\/2024\/12\/ua-mejlis-logo-rgb.svg","caption":"\u041c\u0435\u0434\u0436\u043b\u0456\u0441"},"image":{"@id":"https:\/\/qtmm.org\/qt\/#\/schema\/logo\/image\/"},"sameAs":["https:\/\/www.facebook.com\/qtmm.info\/"]},{"@type":"Person","@id":"https:\/\/qtmm.org\/qt\/#\/schema\/person\/de562469f971dec226ac06e60bbf74a7","name":"Developer","image":{"@type":"ImageObject","inLanguage":"qt","@id":"https:\/\/secure.gravatar.com\/avatar\/392b4cc8fbfeb00b39dfeeab4ee6edded39ffd48e25858637e4765810300227e?s=96&d=mm&r=g","url":"https:\/\/secure.gravatar.com\/avatar\/392b4cc8fbfeb00b39dfeeab4ee6edded39ffd48e25858637e4765810300227e?s=96&d=mm&r=g","contentUrl":"https:\/\/secure.gravatar.com\/avatar\/392b4cc8fbfeb00b39dfeeab4ee6edded39ffd48e25858637e4765810300227e?s=96&d=mm&r=g","caption":"Developer"},"url":"https:\/\/qtmm.org\/qt\/author\/Developer\/"}]}},"_links":{"self":[{"href":"https:\/\/qtmm.org\/qt\/wp-json\/wp\/v2\/posts\/34845","targetHints":{"allow":["GET"]}}],"collection":[{"href":"https:\/\/qtmm.org\/qt\/wp-json\/wp\/v2\/posts"}],"about":[{"href":"https:\/\/qtmm.org\/qt\/wp-json\/wp\/v2\/types\/post"}],"author":[{"embeddable":true,"href":"https:\/\/qtmm.org\/qt\/wp-json\/wp\/v2\/users\/1"}],"replies":[{"embeddable":true,"href":"https:\/\/qtmm.org\/qt\/wp-json\/wp\/v2\/comments?post=34845"}],"version-history":[{"count":1,"href":"https:\/\/qtmm.org\/qt\/wp-json\/wp\/v2\/posts\/34845\/revisions"}],"predecessor-version":[{"id":34878,"href":"https:\/\/qtmm.org\/qt\/wp-json\/wp\/v2\/posts\/34845\/revisions\/34878"}],"wp:attachment":[{"href":"https:\/\/qtmm.org\/qt\/wp-json\/wp\/v2\/media?parent=34845"}],"wp:term":[{"taxonomy":"category","embeddable":true,"href":"https:\/\/qtmm.org\/qt\/wp-json\/wp\/v2\/categories?post=34845"},{"taxonomy":"post_tag","embeddable":true,"href":"https:\/\/qtmm.org\/qt\/wp-json\/wp\/v2\/tags?post=34845"}],"curies":[{"name":"wp","href":"https:\/\/api.w.org\/{rel}","templated":true}]}}