




{"id":34843,"date":"2012-10-19T14:04:00","date_gmt":"2012-10-19T11:04:00","guid":{"rendered":"http:\/\/qtmm.org\/?p=34843"},"modified":"2022-01-23T14:04:51","modified_gmt":"2022-01-23T11:04:51","slug":"mustafa-cemilev-azarov-bas-nazirliginin-sonki-ayinda-mantiqsiz-ve-manasiz-seylerni-soyleyebilir","status":"publish","type":"post","link":"https:\/\/qtmm.org\/qt\/mustafa-cemilev-azarov-bas-nazirliginin-sonki-ayinda-mantiqsiz-ve-manasiz-seylerni-soyleyebilir\/","title":{"rendered":"Mustafa Cemilev: \u00ab Azarov ba\u015f nazirligini\u00f1 so\u00f1ki ay\u0131nda mant\u0131qs\u0131z ve manas\u0131z \u015feylerni s\u00f6yleyebilir\u00bb"},"content":{"rendered":"\n<p>Q\u0131r\u0131mtatar halq\u0131 Meclisini\u00f1 reisi, Ukraina halq deputat\u0131 Mustafa Cemilev Nikolay Azarovn\u0131\u00f1 q\u0131r\u0131mtarlar\u011fa art\u0131q kendi\u00f1izni s\u00fcrg\u00fcn etilgen halq deme\u00f1iz, degen \u00e7a\u011f\u0131ruv\u0131n\u0131 saylavlar arfesinde Q\u0131r\u0131mdaki rus \u015fovinistleri \u00f6g\u00fcnde \u00f6z\u00fcni k\u00f6stermek i\u00e7\u00fcn yapt\u0131, dep saya. &#8220;Elbetteki, biz \u2013 q\u0131r\u0131mtatarlarm\u0131z, &#8211; bizim milletimizni\u00f1 ad\u0131 &#8220;s\u00fcrg\u00fcn etilgenler&#8221; degil.<\/p>\n\n\n\n<p>L\u00e2kin, Azarov imzala\u011fan b\u00fccette &#8220;s\u00fcrg\u00fcn etilgen \u015fah\u0131slarn\u0131\u00f1 yerle\u015ftirilmesinen ba\u011fl\u0131 masraflar&#8221; degen s\u0131ra bar. Ba\u015f nazir kendi imzala\u011fan vesiqalarn\u0131 diqqat ile oqumas\u0131 l\u00e2zim&#8221;, &#8211; dedi Mustafa Cemilev. &#8220;Amma mesele \u015funda ki, Azarov teatrde hususiy bir seyircilerni toplad\u0131. Saylavlar \u00f6g\u00fcnden \u00f6z\u00fcni begendirmek istedi.<\/p>\n\n\n\n<p>M\u0131ndaki saylavc\u0131larn\u0131\u00f1 ekseriyeti \u015fovinistlerce davran\u011fan kimseler old\u0131\u011f\u0131 i\u00e7\u00fcn on\u0131\u00f1 s\u00f6zleri el\u00e7\u0131rpmalar ile qar\u015f\u0131land\u0131. Zaten, Azarov ba\u015f nazir olaraq so\u00f1ki ay \u00e7al\u0131\u015fmaqta, \u015fun\u0131\u00f1 i\u00e7\u00fcn de \u015f\u00f6yle sa\u00e7ma-sapan s\u00f6zlerni s\u00f6yledi&#8221;, &#8211; qayd etti Meclis ba\u015fqan\u0131.<br><br><br><em>Hat\u0131rlatam\u0131z ki, 2012 senesi okt\u00e2br 18 k\u00fcn\u00fc Q\u0131r\u0131mda bulun\u011fan Ukraina Ba\u015f naziri Nikolay Azarov salonda otur\u011fanlardan birisini\u00f1 o\u00f1a berilgen s\u00fcrg\u00fcn etilgenlerni\u00f1 qaytmas\u0131 ve yerle\u015fmesi i\u00e7\u00fcn devlet programmas\u0131ndan ay\u0131r\u0131l\u011fan sermiyalar aqq\u0131ndaki sualge q\u0131r\u0131mtatarlar art\u0131q kendilerini s\u00fcrg\u00fcn etilgenler demesin, dedi.<\/em><\/p>\n\n\n\n<p><em>&#8220;Ayd\u0131\u00f1\u0131z, siz art\u0131q \u00f6z\u00fc\u00f1izni s\u00fcrg\u00fcn etilgenler deyberme\u00f1iz, &#8211; dedi ba\u015f nazir. \u2013 Siz bizim ealimiz i\u00e7ine si\u00f1ip, on\u0131\u00f1 bir q\u0131sm\u0131 oldu\u00f1\u0131z&#8221;. Teatr salon\u0131nda el\u00e7\u0131rpmalar ya\u00f1\u011f\u0131rad\u0131. Azarovn\u0131\u00f1 s\u00f6ylegenine k\u00f6re \u00fck\u00fcmet sovetler devrinde zarar k\u00f6rgen q\u0131r\u0131mtatarlarn\u0131\u00f1 ve diger halqlarn\u0131\u00f1 meselelerini \u00e7ezip keldi ve ileride de \u00e7ezecek.<\/em><\/p>\n","protected":false},"excerpt":{"rendered":"<p>Q\u0131r\u0131mtatar halq\u0131 Meclisini\u00f1 reisi, Ukraina halq deputat\u0131 Mustafa Cemilev Nikolay Azarovn\u0131\u00f1 q\u0131r\u0131mtarlar\u011fa art\u0131q kendi\u00f1izni s\u00fcrg\u00fcn etilgen halq deme\u00f1iz, degen \u00e7a\u011f\u0131ruv\u0131n\u0131 saylavlar arfesinde Q\u0131r\u0131mdaki rus \u015fovinistleri \u00f6g\u00fcnde \u00f6z\u00fcni k\u00f6stermek i\u00e7\u00fcn yapt\u0131, dep saya. &#8220;Elbetteki, biz \u2013 q\u0131r\u0131mtatarlarm\u0131z, &#8211; bizim milletimizni\u00f1 ad\u0131 &#8220;s\u00fcrg\u00fcn etilgenler&#8221; degil. L\u00e2kin, Azarov imzala\u011fan b\u00fccette &#8220;s\u00fcrg\u00fcn etilgen \u015fah\u0131slarn\u0131\u00f1 yerle\u015ftirilmesinen ba\u011fl\u0131 masraflar&#8221; degen s\u0131ra [&hellip;]<\/p>\n","protected":false},"author":1,"featured_media":0,"comment_status":"open","ping_status":"open","sticky":false,"template":"","format":"standard","meta":{"inline_featured_image":false,"footnotes":""},"categories":[265],"tags":[],"class_list":["post-34843","post","type-post","status-publish","format-standard","hentry","category-haberler"],"acf":[],"yoast_head":"<!-- This site is optimized with the Yoast SEO plugin v27.4 - https:\/\/yoast.com\/product\/yoast-seo-wordpress\/ -->\n<title>Mustafa Cemilev: \u00ab Azarov ba\u015f nazirligini\u00f1 so\u00f1ki ay\u0131nda mant\u0131qs\u0131z ve manas\u0131z \u015feylerni s\u00f6yleyebilir\u00bb - \u041c\u0435\u0434\u0436\u043b\u0456\u0441<\/title>\n<meta name=\"robots\" content=\"index, follow, max-snippet:-1, max-image-preview:large, max-video-preview:-1\" \/>\n<link rel=\"canonical\" href=\"https:\/\/qtmm.org\/qt\/mustafa-cemilev-azarov-bas-nazirliginin-sonki-ayinda-mantiqsiz-ve-manasiz-seylerni-soyleyebilir\/\" \/>\n<meta property=\"og:locale\" content=\"en_US\" \/>\n<meta property=\"og:type\" content=\"article\" \/>\n<meta property=\"og:title\" content=\"Mustafa Cemilev: \u00ab Azarov ba\u015f nazirligini\u00f1 so\u00f1ki ay\u0131nda mant\u0131qs\u0131z ve manas\u0131z \u015feylerni s\u00f6yleyebilir\u00bb - \u041c\u0435\u0434\u0436\u043b\u0456\u0441\" \/>\n<meta property=\"og:description\" content=\"Q\u0131r\u0131mtatar halq\u0131 Meclisini\u00f1 reisi, Ukraina halq deputat\u0131 Mustafa Cemilev Nikolay Azarovn\u0131\u00f1 q\u0131r\u0131mtarlar\u011fa art\u0131q kendi\u00f1izni s\u00fcrg\u00fcn etilgen halq deme\u00f1iz, degen \u00e7a\u011f\u0131ruv\u0131n\u0131 saylavlar arfesinde Q\u0131r\u0131mdaki rus \u015fovinistleri \u00f6g\u00fcnde \u00f6z\u00fcni k\u00f6stermek i\u00e7\u00fcn yapt\u0131, dep saya. &#8220;Elbetteki, biz \u2013 q\u0131r\u0131mtatarlarm\u0131z, &#8211; bizim milletimizni\u00f1 ad\u0131 &#8220;s\u00fcrg\u00fcn etilgenler&#8221; degil. L\u00e2kin, Azarov imzala\u011fan b\u00fccette &#8220;s\u00fcrg\u00fcn etilgen \u015fah\u0131slarn\u0131\u00f1 yerle\u015ftirilmesinen ba\u011fl\u0131 masraflar&#8221; degen s\u0131ra [&hellip;]\" \/>\n<meta property=\"og:url\" content=\"https:\/\/qtmm.org\/qt\/mustafa-cemilev-azarov-bas-nazirliginin-sonki-ayinda-mantiqsiz-ve-manasiz-seylerni-soyleyebilir\/\" \/>\n<meta property=\"og:site_name\" content=\"\u041c\u0435\u0434\u0436\u043b\u0456\u0441\" \/>\n<meta property=\"article:publisher\" content=\"https:\/\/www.facebook.com\/qtmm.info\/\" \/>\n<meta property=\"article:published_time\" content=\"2012-10-19T11:04:00+00:00\" \/>\n<meta property=\"article:modified_time\" content=\"2022-01-23T11:04:51+00:00\" \/>\n<meta name=\"author\" content=\"Developer\" \/>\n<meta name=\"twitter:card\" content=\"summary_large_image\" \/>\n<meta name=\"twitter:label1\" content=\"Written by\" \/>\n\t<meta name=\"twitter:data1\" content=\"Developer\" \/>\n\t<meta name=\"twitter:label2\" content=\"Est. reading time\" \/>\n\t<meta name=\"twitter:data2\" content=\"1 minute\" \/>\n<script type=\"application\/ld+json\" class=\"yoast-schema-graph\">{\"@context\":\"https:\\\/\\\/schema.org\",\"@graph\":[{\"@type\":\"Article\",\"@id\":\"https:\\\/\\\/qtmm.org\\\/qt\\\/mustafa-cemilev-azarov-bas-nazirliginin-sonki-ayinda-mantiqsiz-ve-manasiz-seylerni-soyleyebilir\\\/#article\",\"isPartOf\":{\"@id\":\"https:\\\/\\\/qtmm.org\\\/qt\\\/mustafa-cemilev-azarov-bas-nazirliginin-sonki-ayinda-mantiqsiz-ve-manasiz-seylerni-soyleyebilir\\\/\"},\"author\":{\"name\":\"Developer\",\"@id\":\"https:\\\/\\\/qtmm.org\\\/qt\\\/#\\\/schema\\\/person\\\/de562469f971dec226ac06e60bbf74a7\"},\"headline\":\"Mustafa Cemilev: \u00ab Azarov ba\u015f nazirligini\u00f1 so\u00f1ki ay\u0131nda mant\u0131qs\u0131z ve manas\u0131z \u015feylerni s\u00f6yleyebilir\u00bb\",\"datePublished\":\"2012-10-19T11:04:00+00:00\",\"dateModified\":\"2022-01-23T11:04:51+00:00\",\"mainEntityOfPage\":{\"@id\":\"https:\\\/\\\/qtmm.org\\\/qt\\\/mustafa-cemilev-azarov-bas-nazirliginin-sonki-ayinda-mantiqsiz-ve-manasiz-seylerni-soyleyebilir\\\/\"},\"wordCount\":305,\"commentCount\":0,\"publisher\":{\"@id\":\"https:\\\/\\\/qtmm.org\\\/qt\\\/#organization\"},\"articleSection\":[\"Haberler\"],\"inLanguage\":\"qt\",\"potentialAction\":[{\"@type\":\"CommentAction\",\"name\":\"Comment\",\"target\":[\"https:\\\/\\\/qtmm.org\\\/qt\\\/mustafa-cemilev-azarov-bas-nazirliginin-sonki-ayinda-mantiqsiz-ve-manasiz-seylerni-soyleyebilir\\\/#respond\"]}]},{\"@type\":\"WebPage\",\"@id\":\"https:\\\/\\\/qtmm.org\\\/qt\\\/mustafa-cemilev-azarov-bas-nazirliginin-sonki-ayinda-mantiqsiz-ve-manasiz-seylerni-soyleyebilir\\\/\",\"url\":\"https:\\\/\\\/qtmm.org\\\/qt\\\/mustafa-cemilev-azarov-bas-nazirliginin-sonki-ayinda-mantiqsiz-ve-manasiz-seylerni-soyleyebilir\\\/\",\"name\":\"Mustafa Cemilev: \u00ab Azarov ba\u015f nazirligini\u00f1 so\u00f1ki ay\u0131nda mant\u0131qs\u0131z ve manas\u0131z \u015feylerni s\u00f6yleyebilir\u00bb - \u041c\u0435\u0434\u0436\u043b\u0456\u0441\",\"isPartOf\":{\"@id\":\"https:\\\/\\\/qtmm.org\\\/qt\\\/#website\"},\"datePublished\":\"2012-10-19T11:04:00+00:00\",\"dateModified\":\"2022-01-23T11:04:51+00:00\",\"breadcrumb\":{\"@id\":\"https:\\\/\\\/qtmm.org\\\/qt\\\/mustafa-cemilev-azarov-bas-nazirliginin-sonki-ayinda-mantiqsiz-ve-manasiz-seylerni-soyleyebilir\\\/#breadcrumb\"},\"inLanguage\":\"qt\",\"potentialAction\":[{\"@type\":\"ReadAction\",\"target\":[\"https:\\\/\\\/qtmm.org\\\/qt\\\/mustafa-cemilev-azarov-bas-nazirliginin-sonki-ayinda-mantiqsiz-ve-manasiz-seylerni-soyleyebilir\\\/\"]}]},{\"@type\":\"BreadcrumbList\",\"@id\":\"https:\\\/\\\/qtmm.org\\\/qt\\\/mustafa-cemilev-azarov-bas-nazirliginin-sonki-ayinda-mantiqsiz-ve-manasiz-seylerni-soyleyebilir\\\/#breadcrumb\",\"itemListElement\":[{\"@type\":\"ListItem\",\"position\":1,\"name\":\"\u0413\u043e\u043b\u043e\u0432\u043d\u0430\",\"item\":\"https:\\\/\\\/qtmm.org\\\/qt\\\/\"},{\"@type\":\"ListItem\",\"position\":2,\"name\":\"Mustafa Cemilev: \u00ab Azarov ba\u015f nazirligini\u00f1 so\u00f1ki ay\u0131nda mant\u0131qs\u0131z ve manas\u0131z \u015feylerni s\u00f6yleyebilir\u00bb\"}]},{\"@type\":\"WebSite\",\"@id\":\"https:\\\/\\\/qtmm.org\\\/qt\\\/#website\",\"url\":\"https:\\\/\\\/qtmm.org\\\/qt\\\/\",\"name\":\"\u041c\u0435\u0434\u0436\u043b\u0456\u0441\",\"description\":\"\",\"publisher\":{\"@id\":\"https:\\\/\\\/qtmm.org\\\/qt\\\/#organization\"},\"potentialAction\":[{\"@type\":\"SearchAction\",\"target\":{\"@type\":\"EntryPoint\",\"urlTemplate\":\"https:\\\/\\\/qtmm.org\\\/qt\\\/?s={search_term_string}\"},\"query-input\":{\"@type\":\"PropertyValueSpecification\",\"valueRequired\":true,\"valueName\":\"search_term_string\"}}],\"inLanguage\":\"qt\"},{\"@type\":\"Organization\",\"@id\":\"https:\\\/\\\/qtmm.org\\\/qt\\\/#organization\",\"name\":\"\u041c\u0435\u0434\u0436\u043b\u0456\u0441\",\"url\":\"https:\\\/\\\/qtmm.org\\\/qt\\\/\",\"logo\":{\"@type\":\"ImageObject\",\"inLanguage\":\"qt\",\"@id\":\"https:\\\/\\\/qtmm.org\\\/qt\\\/#\\\/schema\\\/logo\\\/image\\\/\",\"url\":\"https:\\\/\\\/qtmm.org\\\/wp-content\\\/uploads\\\/2024\\\/12\\\/ua-mejlis-logo-rgb.svg\",\"contentUrl\":\"https:\\\/\\\/qtmm.org\\\/wp-content\\\/uploads\\\/2024\\\/12\\\/ua-mejlis-logo-rgb.svg\",\"caption\":\"\u041c\u0435\u0434\u0436\u043b\u0456\u0441\"},\"image\":{\"@id\":\"https:\\\/\\\/qtmm.org\\\/qt\\\/#\\\/schema\\\/logo\\\/image\\\/\"},\"sameAs\":[\"https:\\\/\\\/www.facebook.com\\\/qtmm.info\\\/\"]},{\"@type\":\"Person\",\"@id\":\"https:\\\/\\\/qtmm.org\\\/qt\\\/#\\\/schema\\\/person\\\/de562469f971dec226ac06e60bbf74a7\",\"name\":\"Developer\",\"image\":{\"@type\":\"ImageObject\",\"inLanguage\":\"qt\",\"@id\":\"https:\\\/\\\/secure.gravatar.com\\\/avatar\\\/392b4cc8fbfeb00b39dfeeab4ee6edded39ffd48e25858637e4765810300227e?s=96&d=mm&r=g\",\"url\":\"https:\\\/\\\/secure.gravatar.com\\\/avatar\\\/392b4cc8fbfeb00b39dfeeab4ee6edded39ffd48e25858637e4765810300227e?s=96&d=mm&r=g\",\"contentUrl\":\"https:\\\/\\\/secure.gravatar.com\\\/avatar\\\/392b4cc8fbfeb00b39dfeeab4ee6edded39ffd48e25858637e4765810300227e?s=96&d=mm&r=g\",\"caption\":\"Developer\"},\"url\":\"https:\\\/\\\/qtmm.org\\\/qt\\\/author\\\/Developer\\\/\"}]}<\/script>\n<!-- \/ Yoast SEO plugin. -->","yoast_head_json":{"title":"Mustafa Cemilev: \u00ab Azarov ba\u015f nazirligini\u00f1 so\u00f1ki ay\u0131nda mant\u0131qs\u0131z ve manas\u0131z \u015feylerni s\u00f6yleyebilir\u00bb - \u041c\u0435\u0434\u0436\u043b\u0456\u0441","robots":{"index":"index","follow":"follow","max-snippet":"max-snippet:-1","max-image-preview":"max-image-preview:large","max-video-preview":"max-video-preview:-1"},"canonical":"https:\/\/qtmm.org\/qt\/mustafa-cemilev-azarov-bas-nazirliginin-sonki-ayinda-mantiqsiz-ve-manasiz-seylerni-soyleyebilir\/","og_locale":"en_US","og_type":"article","og_title":"Mustafa Cemilev: \u00ab Azarov ba\u015f nazirligini\u00f1 so\u00f1ki ay\u0131nda mant\u0131qs\u0131z ve manas\u0131z \u015feylerni s\u00f6yleyebilir\u00bb - \u041c\u0435\u0434\u0436\u043b\u0456\u0441","og_description":"Q\u0131r\u0131mtatar halq\u0131 Meclisini\u00f1 reisi, Ukraina halq deputat\u0131 Mustafa Cemilev Nikolay Azarovn\u0131\u00f1 q\u0131r\u0131mtarlar\u011fa art\u0131q kendi\u00f1izni s\u00fcrg\u00fcn etilgen halq deme\u00f1iz, degen \u00e7a\u011f\u0131ruv\u0131n\u0131 saylavlar arfesinde Q\u0131r\u0131mdaki rus \u015fovinistleri \u00f6g\u00fcnde \u00f6z\u00fcni k\u00f6stermek i\u00e7\u00fcn yapt\u0131, dep saya. &#8220;Elbetteki, biz \u2013 q\u0131r\u0131mtatarlarm\u0131z, &#8211; bizim milletimizni\u00f1 ad\u0131 &#8220;s\u00fcrg\u00fcn etilgenler&#8221; degil. L\u00e2kin, Azarov imzala\u011fan b\u00fccette &#8220;s\u00fcrg\u00fcn etilgen \u015fah\u0131slarn\u0131\u00f1 yerle\u015ftirilmesinen ba\u011fl\u0131 masraflar&#8221; degen s\u0131ra [&hellip;]","og_url":"https:\/\/qtmm.org\/qt\/mustafa-cemilev-azarov-bas-nazirliginin-sonki-ayinda-mantiqsiz-ve-manasiz-seylerni-soyleyebilir\/","og_site_name":"\u041c\u0435\u0434\u0436\u043b\u0456\u0441","article_publisher":"https:\/\/www.facebook.com\/qtmm.info\/","article_published_time":"2012-10-19T11:04:00+00:00","article_modified_time":"2022-01-23T11:04:51+00:00","author":"Developer","twitter_card":"summary_large_image","twitter_misc":{"Written by":"Developer","Est. reading time":"1 minute"},"schema":{"@context":"https:\/\/schema.org","@graph":[{"@type":"Article","@id":"https:\/\/qtmm.org\/qt\/mustafa-cemilev-azarov-bas-nazirliginin-sonki-ayinda-mantiqsiz-ve-manasiz-seylerni-soyleyebilir\/#article","isPartOf":{"@id":"https:\/\/qtmm.org\/qt\/mustafa-cemilev-azarov-bas-nazirliginin-sonki-ayinda-mantiqsiz-ve-manasiz-seylerni-soyleyebilir\/"},"author":{"name":"Developer","@id":"https:\/\/qtmm.org\/qt\/#\/schema\/person\/de562469f971dec226ac06e60bbf74a7"},"headline":"Mustafa Cemilev: \u00ab Azarov ba\u015f nazirligini\u00f1 so\u00f1ki ay\u0131nda mant\u0131qs\u0131z ve manas\u0131z \u015feylerni s\u00f6yleyebilir\u00bb","datePublished":"2012-10-19T11:04:00+00:00","dateModified":"2022-01-23T11:04:51+00:00","mainEntityOfPage":{"@id":"https:\/\/qtmm.org\/qt\/mustafa-cemilev-azarov-bas-nazirliginin-sonki-ayinda-mantiqsiz-ve-manasiz-seylerni-soyleyebilir\/"},"wordCount":305,"commentCount":0,"publisher":{"@id":"https:\/\/qtmm.org\/qt\/#organization"},"articleSection":["Haberler"],"inLanguage":"qt","potentialAction":[{"@type":"CommentAction","name":"Comment","target":["https:\/\/qtmm.org\/qt\/mustafa-cemilev-azarov-bas-nazirliginin-sonki-ayinda-mantiqsiz-ve-manasiz-seylerni-soyleyebilir\/#respond"]}]},{"@type":"WebPage","@id":"https:\/\/qtmm.org\/qt\/mustafa-cemilev-azarov-bas-nazirliginin-sonki-ayinda-mantiqsiz-ve-manasiz-seylerni-soyleyebilir\/","url":"https:\/\/qtmm.org\/qt\/mustafa-cemilev-azarov-bas-nazirliginin-sonki-ayinda-mantiqsiz-ve-manasiz-seylerni-soyleyebilir\/","name":"Mustafa Cemilev: \u00ab Azarov ba\u015f nazirligini\u00f1 so\u00f1ki ay\u0131nda mant\u0131qs\u0131z ve manas\u0131z \u015feylerni s\u00f6yleyebilir\u00bb - \u041c\u0435\u0434\u0436\u043b\u0456\u0441","isPartOf":{"@id":"https:\/\/qtmm.org\/qt\/#website"},"datePublished":"2012-10-19T11:04:00+00:00","dateModified":"2022-01-23T11:04:51+00:00","breadcrumb":{"@id":"https:\/\/qtmm.org\/qt\/mustafa-cemilev-azarov-bas-nazirliginin-sonki-ayinda-mantiqsiz-ve-manasiz-seylerni-soyleyebilir\/#breadcrumb"},"inLanguage":"qt","potentialAction":[{"@type":"ReadAction","target":["https:\/\/qtmm.org\/qt\/mustafa-cemilev-azarov-bas-nazirliginin-sonki-ayinda-mantiqsiz-ve-manasiz-seylerni-soyleyebilir\/"]}]},{"@type":"BreadcrumbList","@id":"https:\/\/qtmm.org\/qt\/mustafa-cemilev-azarov-bas-nazirliginin-sonki-ayinda-mantiqsiz-ve-manasiz-seylerni-soyleyebilir\/#breadcrumb","itemListElement":[{"@type":"ListItem","position":1,"name":"\u0413\u043e\u043b\u043e\u0432\u043d\u0430","item":"https:\/\/qtmm.org\/qt\/"},{"@type":"ListItem","position":2,"name":"Mustafa Cemilev: \u00ab Azarov ba\u015f nazirligini\u00f1 so\u00f1ki ay\u0131nda mant\u0131qs\u0131z ve manas\u0131z \u015feylerni s\u00f6yleyebilir\u00bb"}]},{"@type":"WebSite","@id":"https:\/\/qtmm.org\/qt\/#website","url":"https:\/\/qtmm.org\/qt\/","name":"\u041c\u0435\u0434\u0436\u043b\u0456\u0441","description":"","publisher":{"@id":"https:\/\/qtmm.org\/qt\/#organization"},"potentialAction":[{"@type":"SearchAction","target":{"@type":"EntryPoint","urlTemplate":"https:\/\/qtmm.org\/qt\/?s={search_term_string}"},"query-input":{"@type":"PropertyValueSpecification","valueRequired":true,"valueName":"search_term_string"}}],"inLanguage":"qt"},{"@type":"Organization","@id":"https:\/\/qtmm.org\/qt\/#organization","name":"\u041c\u0435\u0434\u0436\u043b\u0456\u0441","url":"https:\/\/qtmm.org\/qt\/","logo":{"@type":"ImageObject","inLanguage":"qt","@id":"https:\/\/qtmm.org\/qt\/#\/schema\/logo\/image\/","url":"https:\/\/qtmm.org\/wp-content\/uploads\/2024\/12\/ua-mejlis-logo-rgb.svg","contentUrl":"https:\/\/qtmm.org\/wp-content\/uploads\/2024\/12\/ua-mejlis-logo-rgb.svg","caption":"\u041c\u0435\u0434\u0436\u043b\u0456\u0441"},"image":{"@id":"https:\/\/qtmm.org\/qt\/#\/schema\/logo\/image\/"},"sameAs":["https:\/\/www.facebook.com\/qtmm.info\/"]},{"@type":"Person","@id":"https:\/\/qtmm.org\/qt\/#\/schema\/person\/de562469f971dec226ac06e60bbf74a7","name":"Developer","image":{"@type":"ImageObject","inLanguage":"qt","@id":"https:\/\/secure.gravatar.com\/avatar\/392b4cc8fbfeb00b39dfeeab4ee6edded39ffd48e25858637e4765810300227e?s=96&d=mm&r=g","url":"https:\/\/secure.gravatar.com\/avatar\/392b4cc8fbfeb00b39dfeeab4ee6edded39ffd48e25858637e4765810300227e?s=96&d=mm&r=g","contentUrl":"https:\/\/secure.gravatar.com\/avatar\/392b4cc8fbfeb00b39dfeeab4ee6edded39ffd48e25858637e4765810300227e?s=96&d=mm&r=g","caption":"Developer"},"url":"https:\/\/qtmm.org\/qt\/author\/Developer\/"}]}},"_links":{"self":[{"href":"https:\/\/qtmm.org\/qt\/wp-json\/wp\/v2\/posts\/34843","targetHints":{"allow":["GET"]}}],"collection":[{"href":"https:\/\/qtmm.org\/qt\/wp-json\/wp\/v2\/posts"}],"about":[{"href":"https:\/\/qtmm.org\/qt\/wp-json\/wp\/v2\/types\/post"}],"author":[{"embeddable":true,"href":"https:\/\/qtmm.org\/qt\/wp-json\/wp\/v2\/users\/1"}],"replies":[{"embeddable":true,"href":"https:\/\/qtmm.org\/qt\/wp-json\/wp\/v2\/comments?post=34843"}],"version-history":[{"count":1,"href":"https:\/\/qtmm.org\/qt\/wp-json\/wp\/v2\/posts\/34843\/revisions"}],"predecessor-version":[{"id":34844,"href":"https:\/\/qtmm.org\/qt\/wp-json\/wp\/v2\/posts\/34843\/revisions\/34844"}],"wp:attachment":[{"href":"https:\/\/qtmm.org\/qt\/wp-json\/wp\/v2\/media?parent=34843"}],"wp:term":[{"taxonomy":"category","embeddable":true,"href":"https:\/\/qtmm.org\/qt\/wp-json\/wp\/v2\/categories?post=34843"},{"taxonomy":"post_tag","embeddable":true,"href":"https:\/\/qtmm.org\/qt\/wp-json\/wp\/v2\/tags?post=34843"}],"curies":[{"name":"wp","href":"https:\/\/api.w.org\/{rel}","templated":true}]}}