




{"id":34833,"date":"2012-10-17T14:03:00","date_gmt":"2012-10-17T11:03:00","guid":{"rendered":"http:\/\/qtmm.org\/?p=34833"},"modified":"2022-01-23T14:04:17","modified_gmt":"2022-01-23T11:04:17","slug":"meclis-prezidiumi-butun-saylavcilarni-oktabr-28-kunu-rey-beruvde-istirak-etmege-ve-batkivscina-birlesken-muhalifetke-qoltutmaga-cagirdi","status":"publish","type":"post","link":"https:\/\/qtmm.org\/qt\/meclis-prezidiumi-butun-saylavcilarni-oktabr-28-kunu-rey-beruvde-istirak-etmege-ve-batkivscina-birlesken-muhalifetke-qoltutmaga-cagirdi\/","title":{"rendered":"Meclis Prezidium\u0131 b\u00fct\u00fcn saylavc\u0131larn\u0131 okt\u00e2br 28 k\u00fcn\u00fc rey ber\u00fcvde i\u015ftirak etmege ve \u00abBatk\u0456v\u015f\u00e7ina\u00bb birle\u015fken muhalifetke qoltutma\u011fa \u00e7a\u011f\u0131rd\u0131"},"content":{"rendered":"\n<p>Bu aqta 2012 senesi okt\u00e2br 17 k\u00fcn\u00fc ke\u00e7irilgen &#8220;Q\u0131r\u0131mda saylavld\u0131 kampaniyas\u0131n\u0131\u00f1 yek\u00fcnleyici basq\u0131\u00e7\u0131 \u2013 birle\u015fken muhalifet bir mandatl\u0131 saylav dairelerinde bir namzet olaraq i\u015ftirak ete&#8221; mevzus\u0131nda matbuat konferentsiyas\u0131nda Q\u0131r\u0131mtatar halq\u0131 meclisi reisini\u00f1 birinci muavini, Ukraina halq deputatl\u0131\u011f\u0131na &#8220;Batk\u0456v\u015f\u00e7ina&#8221; birle\u015fken muhalifetten namzeti k\u00f6sterilgen Refat \u00c7ubarov aytt\u0131.<\/p>\n\n\n\n<p>&#8220;Saylav ceryan\u0131n\u0131\u00f1 yek\u00fcnleyici basq\u0131\u00e7\u0131 ba\u015fland\u0131, &#8211; dep ba\u015flad\u0131 \u00e7\u0131q\u0131\u015f\u0131n\u0131 Refat \u00c7ubarov. \u2013 11 k\u00fcnden so\u00f1 epimiz saylav noqtalar\u0131na bar\u0131p siyasiy partiyalar\u011fa ve bir mandatl\u0131 dairelerdeki namzetlerge \u00f6z munasebetimizni k\u00f6sterecekmiz&#8221;.<\/p>\n\n\n\n<p>Refat \u00c7ubarov 2012 senesi okt\u00e2br 13-te Meclisni\u00f1 Prezidium\u0131 al\u011fan qarar ve beyanat aqq\u0131nda bildirip, onda Q\u0131r\u0131mtatar halq\u0131 Qurultay\u0131n\u0131\u00f1 \u2116 2, \u2116 3 ve \u2116 10 bir mandatl\u0131 saylav dairelerinde k\u00f6sterilecek namzetler keli\u015filmesi aqq\u0131ndaki qararlar\u0131na esaslanaraq i\u015f tutqan Meclisni\u00f1 pozitsiyas\u0131 ba\u015fta siyasiy ortaqlar taraf\u0131ndan diqqatqa al\u0131nma\u011fan\u0131, so\u00f1ra 2012 senesi okt\u00e2br 15 k\u00fcn\u00fc ke\u00e7irilgen qurultayda esapqa al\u0131n\u011fan\u0131n\u0131 bildirdi.<\/p>\n\n\n\n<p>\u00c7ubarovn\u0131\u00f1 aytqan\u0131na k\u00f6re Meclis Prezidium\u0131 Birle\u015fken muhalifetni\u00f1 \u211610 saylav dairesinde Ahtem \u00c7iygozni\u00f1 namzetine qoltutma\u011fa az\u0131rl\u0131\u011f\u0131n\u0131 diqqatqa alaraq, \u21162 saylav dairesi boyunca namzetini k\u00f6stergen Nariman Cel\u00e2lov\u011fa \u00f6z namzetini qaytar\u0131p almaq ve saylavlardan \u00e7\u0131qmaqn\u0131 tevsiye etti.<br>&#8220;Saylav ceryan\u0131 ve saylavald\u0131 kampaniyas\u0131, siyasiy ortaqlar\u0131m\u0131znen a\u00f1la\u015fmalar devam\u0131nda biz bir qarar\u011fa keldik ve okt\u00e2br 13 k\u00fcn\u00fc Q\u0131r\u0131mtatar halq\u0131 Meclisini\u00f1 Prezidium\u0131 toplan\u0131p, Nariman Cel\u00e2lov\u011fa saylavdan \u00e7\u0131qmas\u0131n\u0131 tevsiye etmek qarar\u0131n\u0131 ald\u0131q. \u00d6z nevbetinde birle\u015fken muhalifet \u211610 saylav dairesinde namzeti k\u00f6sterilgen Leonid Pilunskiyge de b\u00f6yle tevsiyede bulun\u011fan. Bug\u00fcn \u015fun\u0131 ayta bilemiz ki, Pilunskiy ve Cel\u00e2lov tevsiyelerge seslenerek, Merkeziy saylav komissiyas\u0131na ait arizalarn\u0131 berdiler, &#8211; dedi Refat \u00c7ubarov.<\/p>\n\n\n\n<p>Meclis reisini\u00f1 birinci muavini jurnalistlerni\u00f1 diqqat\u0131n\u0131 \u015fu\u00f1a celp etti ki, Meclis saylavald\u0131 ceryan\u0131nda saylavc\u0131larn\u0131 Nariman Cel\u00e2lov ve Ahtem \u00c7iygoz namzetlerine qoltuma\u011fa \u00e7a\u011f\u0131r\u011fanlar\u0131ndan maqsad \u21162 ve \u211610 dairelerde Birle\u015fken muhalifet tarafdarlar\u0131n\u0131 daa ziyade birle\u015ftirmek edi. L\u00e2kin, Refat \u00c7ubarovn\u0131\u00f1 aytqan\u0131na k\u00f6re &#8220;qo\u015fumca a\u00f1la\u015famlar neticesinde biz Nariman Cel\u00e2lovn\u0131\u00f1 saylavdan \u00e7\u0131qmas\u0131na raz\u0131l\u0131q berirkenmiz, qal\u011fan vaq\u0131t i\u00e7inde bizge \u00f6z saylavc\u0131lar\u0131m\u0131z aras\u0131nda b\u00fcy\u00fck a\u00f1latuv i\u015flerini al\u0131p barmaq kerek olaca\u011f\u0131n\u0131 da a\u00f1laym\u0131z&#8221;. Refat \u00c7ubarov 16 okt\u00e2br k\u00fcn\u00fc Merkeziy saylav komissiyas\u0131n\u0131\u00f1 qarar\u0131 boyunca Pilunskiy Leonid ve Nariman Cel\u00e2lov ait dairelerde cedvelden \u00e7\u0131qar\u0131l\u011fanlar\u0131n\u0131 tasdiqlad\u0131. &#8220;\u015eun\u0131 da aytmaq isteyim ki, saylavald\u0131 areketler keti\u015fat\u0131n\u0131\u00f1 talili k\u00f6stere ki Ahtem \u00c7iygozni\u00f1 \u011falebege \u015fanslar\u0131 bar&#8221;, &#8211; dedi R. \u00c7ubarov.<\/p>\n\n\n\n<p>\u2116 2 saylav dairesine kelgende ise, Refat \u00c7ubarovn\u0131\u00f1 fikrince vaziyet biraz m\u00fcrekkep\u00e7e. \u00c7\u00fcnki Sidorova Abibe Q\u0131r\u0131mtatar halq\u0131 Meclisinen keli\u015fmegeni, bu dairege kirgen yerli ve regional meclislernen bu meseleni muzakere etmegeni alda namzetini k\u00f6sterdi. Bu vaziyetni t\u00fczetmek ve saylavc\u0131larn\u0131\u00f1 reylerini qazanmaq i\u00e7\u00fcn Abiba Sidorova\u011fa baya\u011f\u0131 \u00e7al\u0131\u015fmaq kerek olacaq.<br>Jurnalistlerni\u00f1 Ahtem \u00c7iygozni\u00f1 \u015fanslar\u0131 aqq\u0131nda suallerine cevap bererek Refat \u00c7ubarov b\u00f6yle dedi: &#8220;\u015eun\u0131 tam ayta bilem ki, \u211610 saylav dairesinde Ahtem \u00c7iygoz \u011falebeni teminleyebilecek qadar rey alabilir. \u00c7\u00fcnki akimiyetni\u00f1 bu daireden saylav\u011fa ketken namzeti k\u00fc\u00e7sizdir. Bizim vazifemiz \u2013 al\u0131n\u011fan reylerni qor\u00e7alamaqt\u0131r&#8221;.<\/p>\n\n\n\n<p>Ayn\u0131 zamanda Refat \u00c7ubarovn\u0131\u00f1 fikrince q\u0131r\u0131ml\u0131 siyaset\u015f\u0131naslarn\u0131\u00f1 tahminleri, &#8220;Q\u0131r\u0131m muhalifleri Meclisnen a\u00f1la\u015f\u0131p olamad\u0131&#8221;, saylavda reyler taraf-taraf darqalac\u0131\u011f\u0131 aqq\u0131ndaki s\u00f6zlerine baqmadan Meclis ve on\u0131\u00f1 ittifaqda\u015flar\u0131 bir qarar\u011fa keldiler. &#8220;Bu daa bir kere \u015fundan del\u00e2let bere ki, printsipial vazifeleri ve maqsadlar\u0131 bir ol\u011fan siyasiy k\u00fc\u00e7ler daima a\u00f1la\u015fabilirler&#8221;, dep qayd etti R. \u00c7ubarov.<\/p>\n\n\n\n<figure class=\"wp-block-image size-full\"><img loading=\"lazy\" decoding=\"async\" width=\"650\" height=\"400\" src=\"http:\/\/qtmm.org\/wp-content\/uploads\/2022\/01\/po_tekstu_1.jpeg\" alt=\"\" class=\"wp-image-34838\" srcset=\"https:\/\/qtmm.org\/wp-content\/uploads\/2022\/01\/po_tekstu_1.jpeg 650w, https:\/\/qtmm.org\/wp-content\/uploads\/2022\/01\/po_tekstu_1-300x185.jpeg 300w\" sizes=\"auto, (max-width: 650px) 100vw, 650px\" \/><\/figure>\n","protected":false},"excerpt":{"rendered":"<p>Bu aqta 2012 senesi okt\u00e2br 17 k\u00fcn\u00fc ke\u00e7irilgen &#8220;Q\u0131r\u0131mda saylavld\u0131 kampaniyas\u0131n\u0131\u00f1 yek\u00fcnleyici basq\u0131\u00e7\u0131 \u2013 birle\u015fken muhalifet bir mandatl\u0131 saylav dairelerinde bir namzet olaraq i\u015ftirak ete&#8221; mevzus\u0131nda matbuat konferentsiyas\u0131nda Q\u0131r\u0131mtatar halq\u0131 meclisi reisini\u00f1 birinci muavini, Ukraina halq deputatl\u0131\u011f\u0131na &#8220;Batk\u0456v\u015f\u00e7ina&#8221; birle\u015fken muhalifetten namzeti k\u00f6sterilgen Refat \u00c7ubarov aytt\u0131. &#8220;Saylav ceryan\u0131n\u0131\u00f1 yek\u00fcnleyici basq\u0131\u00e7\u0131 ba\u015fland\u0131, &#8211; dep ba\u015flad\u0131 \u00e7\u0131q\u0131\u015f\u0131n\u0131 Refat [&hellip;]<\/p>\n","protected":false},"author":1,"featured_media":34834,"comment_status":"open","ping_status":"open","sticky":false,"template":"","format":"standard","meta":{"inline_featured_image":false,"footnotes":""},"categories":[265],"tags":[],"class_list":["post-34833","post","type-post","status-publish","format-standard","has-post-thumbnail","hentry","category-haberler"],"acf":[],"yoast_head":"<!-- This site is optimized with the Yoast SEO plugin v27.4 - https:\/\/yoast.com\/product\/yoast-seo-wordpress\/ -->\n<title>Meclis Prezidium\u0131 b\u00fct\u00fcn saylavc\u0131larn\u0131 okt\u00e2br 28 k\u00fcn\u00fc rey ber\u00fcvde i\u015ftirak etmege ve \u00abBatk\u0456v\u015f\u00e7ina\u00bb birle\u015fken muhalifetke qoltutma\u011fa \u00e7a\u011f\u0131rd\u0131 - \u041c\u0435\u0434\u0436\u043b\u0456\u0441<\/title>\n<meta name=\"robots\" content=\"index, follow, max-snippet:-1, max-image-preview:large, max-video-preview:-1\" \/>\n<link rel=\"canonical\" href=\"https:\/\/qtmm.org\/qt\/meclis-prezidiumi-butun-saylavcilarni-oktabr-28-kunu-rey-beruvde-istirak-etmege-ve-batkivscina-birlesken-muhalifetke-qoltutmaga-cagirdi\/\" \/>\n<meta property=\"og:locale\" content=\"en_US\" \/>\n<meta property=\"og:type\" content=\"article\" \/>\n<meta property=\"og:title\" content=\"Meclis Prezidium\u0131 b\u00fct\u00fcn saylavc\u0131larn\u0131 okt\u00e2br 28 k\u00fcn\u00fc rey ber\u00fcvde i\u015ftirak etmege ve \u00abBatk\u0456v\u015f\u00e7ina\u00bb birle\u015fken muhalifetke qoltutma\u011fa \u00e7a\u011f\u0131rd\u0131 - \u041c\u0435\u0434\u0436\u043b\u0456\u0441\" \/>\n<meta property=\"og:description\" content=\"Bu aqta 2012 senesi okt\u00e2br 17 k\u00fcn\u00fc ke\u00e7irilgen &#8220;Q\u0131r\u0131mda saylavld\u0131 kampaniyas\u0131n\u0131\u00f1 yek\u00fcnleyici basq\u0131\u00e7\u0131 \u2013 birle\u015fken muhalifet bir mandatl\u0131 saylav dairelerinde bir namzet olaraq i\u015ftirak ete&#8221; mevzus\u0131nda matbuat konferentsiyas\u0131nda Q\u0131r\u0131mtatar halq\u0131 meclisi reisini\u00f1 birinci muavini, Ukraina halq deputatl\u0131\u011f\u0131na &#8220;Batk\u0456v\u015f\u00e7ina&#8221; birle\u015fken muhalifetten namzeti k\u00f6sterilgen Refat \u00c7ubarov aytt\u0131. &#8220;Saylav ceryan\u0131n\u0131\u00f1 yek\u00fcnleyici basq\u0131\u00e7\u0131 ba\u015fland\u0131, &#8211; dep ba\u015flad\u0131 \u00e7\u0131q\u0131\u015f\u0131n\u0131 Refat [&hellip;]\" \/>\n<meta property=\"og:url\" content=\"https:\/\/qtmm.org\/qt\/meclis-prezidiumi-butun-saylavcilarni-oktabr-28-kunu-rey-beruvde-istirak-etmege-ve-batkivscina-birlesken-muhalifetke-qoltutmaga-cagirdi\/\" \/>\n<meta property=\"og:site_name\" content=\"\u041c\u0435\u0434\u0436\u043b\u0456\u0441\" \/>\n<meta property=\"article:publisher\" content=\"https:\/\/www.facebook.com\/qtmm.info\/\" \/>\n<meta property=\"article:published_time\" content=\"2012-10-17T11:03:00+00:00\" \/>\n<meta property=\"article:modified_time\" content=\"2022-01-23T11:04:17+00:00\" \/>\n<meta property=\"og:image\" content=\"https:\/\/qtmm.org\/wp-content\/uploads\/2022\/01\/po_tekstu_2_1.jpeg\" \/>\n\t<meta property=\"og:image:width\" content=\"650\" \/>\n\t<meta property=\"og:image:height\" content=\"450\" \/>\n\t<meta property=\"og:image:type\" content=\"image\/jpeg\" \/>\n<meta name=\"author\" content=\"Developer\" \/>\n<meta name=\"twitter:card\" content=\"summary_large_image\" \/>\n<meta name=\"twitter:label1\" content=\"Written by\" \/>\n\t<meta name=\"twitter:data1\" content=\"Developer\" \/>\n\t<meta name=\"twitter:label2\" content=\"Est. reading time\" \/>\n\t<meta name=\"twitter:data2\" content=\"3 minutes\" \/>\n<script type=\"application\/ld+json\" class=\"yoast-schema-graph\">{\"@context\":\"https:\\\/\\\/schema.org\",\"@graph\":[{\"@type\":\"Article\",\"@id\":\"https:\\\/\\\/qtmm.org\\\/qt\\\/meclis-prezidiumi-butun-saylavcilarni-oktabr-28-kunu-rey-beruvde-istirak-etmege-ve-batkivscina-birlesken-muhalifetke-qoltutmaga-cagirdi\\\/#article\",\"isPartOf\":{\"@id\":\"https:\\\/\\\/qtmm.org\\\/qt\\\/meclis-prezidiumi-butun-saylavcilarni-oktabr-28-kunu-rey-beruvde-istirak-etmege-ve-batkivscina-birlesken-muhalifetke-qoltutmaga-cagirdi\\\/\"},\"author\":{\"name\":\"Developer\",\"@id\":\"https:\\\/\\\/qtmm.org\\\/qt\\\/#\\\/schema\\\/person\\\/de562469f971dec226ac06e60bbf74a7\"},\"headline\":\"Meclis Prezidium\u0131 b\u00fct\u00fcn saylavc\u0131larn\u0131 okt\u00e2br 28 k\u00fcn\u00fc rey ber\u00fcvde i\u015ftirak etmege ve \u00abBatk\u0456v\u015f\u00e7ina\u00bb birle\u015fken muhalifetke qoltutma\u011fa \u00e7a\u011f\u0131rd\u0131\",\"datePublished\":\"2012-10-17T11:03:00+00:00\",\"dateModified\":\"2022-01-23T11:04:17+00:00\",\"mainEntityOfPage\":{\"@id\":\"https:\\\/\\\/qtmm.org\\\/qt\\\/meclis-prezidiumi-butun-saylavcilarni-oktabr-28-kunu-rey-beruvde-istirak-etmege-ve-batkivscina-birlesken-muhalifetke-qoltutmaga-cagirdi\\\/\"},\"wordCount\":639,\"commentCount\":0,\"publisher\":{\"@id\":\"https:\\\/\\\/qtmm.org\\\/qt\\\/#organization\"},\"image\":{\"@id\":\"https:\\\/\\\/qtmm.org\\\/qt\\\/meclis-prezidiumi-butun-saylavcilarni-oktabr-28-kunu-rey-beruvde-istirak-etmege-ve-batkivscina-birlesken-muhalifetke-qoltutmaga-cagirdi\\\/#primaryimage\"},\"thumbnailUrl\":\"https:\\\/\\\/qtmm.org\\\/wp-content\\\/uploads\\\/2022\\\/01\\\/po_tekstu_2_1.jpeg\",\"articleSection\":[\"Haberler\"],\"inLanguage\":\"qt\",\"potentialAction\":[{\"@type\":\"CommentAction\",\"name\":\"Comment\",\"target\":[\"https:\\\/\\\/qtmm.org\\\/qt\\\/meclis-prezidiumi-butun-saylavcilarni-oktabr-28-kunu-rey-beruvde-istirak-etmege-ve-batkivscina-birlesken-muhalifetke-qoltutmaga-cagirdi\\\/#respond\"]}]},{\"@type\":\"WebPage\",\"@id\":\"https:\\\/\\\/qtmm.org\\\/qt\\\/meclis-prezidiumi-butun-saylavcilarni-oktabr-28-kunu-rey-beruvde-istirak-etmege-ve-batkivscina-birlesken-muhalifetke-qoltutmaga-cagirdi\\\/\",\"url\":\"https:\\\/\\\/qtmm.org\\\/qt\\\/meclis-prezidiumi-butun-saylavcilarni-oktabr-28-kunu-rey-beruvde-istirak-etmege-ve-batkivscina-birlesken-muhalifetke-qoltutmaga-cagirdi\\\/\",\"name\":\"Meclis Prezidium\u0131 b\u00fct\u00fcn saylavc\u0131larn\u0131 okt\u00e2br 28 k\u00fcn\u00fc rey ber\u00fcvde i\u015ftirak etmege ve \u00abBatk\u0456v\u015f\u00e7ina\u00bb birle\u015fken muhalifetke qoltutma\u011fa \u00e7a\u011f\u0131rd\u0131 - \u041c\u0435\u0434\u0436\u043b\u0456\u0441\",\"isPartOf\":{\"@id\":\"https:\\\/\\\/qtmm.org\\\/qt\\\/#website\"},\"primaryImageOfPage\":{\"@id\":\"https:\\\/\\\/qtmm.org\\\/qt\\\/meclis-prezidiumi-butun-saylavcilarni-oktabr-28-kunu-rey-beruvde-istirak-etmege-ve-batkivscina-birlesken-muhalifetke-qoltutmaga-cagirdi\\\/#primaryimage\"},\"image\":{\"@id\":\"https:\\\/\\\/qtmm.org\\\/qt\\\/meclis-prezidiumi-butun-saylavcilarni-oktabr-28-kunu-rey-beruvde-istirak-etmege-ve-batkivscina-birlesken-muhalifetke-qoltutmaga-cagirdi\\\/#primaryimage\"},\"thumbnailUrl\":\"https:\\\/\\\/qtmm.org\\\/wp-content\\\/uploads\\\/2022\\\/01\\\/po_tekstu_2_1.jpeg\",\"datePublished\":\"2012-10-17T11:03:00+00:00\",\"dateModified\":\"2022-01-23T11:04:17+00:00\",\"breadcrumb\":{\"@id\":\"https:\\\/\\\/qtmm.org\\\/qt\\\/meclis-prezidiumi-butun-saylavcilarni-oktabr-28-kunu-rey-beruvde-istirak-etmege-ve-batkivscina-birlesken-muhalifetke-qoltutmaga-cagirdi\\\/#breadcrumb\"},\"inLanguage\":\"qt\",\"potentialAction\":[{\"@type\":\"ReadAction\",\"target\":[\"https:\\\/\\\/qtmm.org\\\/qt\\\/meclis-prezidiumi-butun-saylavcilarni-oktabr-28-kunu-rey-beruvde-istirak-etmege-ve-batkivscina-birlesken-muhalifetke-qoltutmaga-cagirdi\\\/\"]}]},{\"@type\":\"ImageObject\",\"inLanguage\":\"qt\",\"@id\":\"https:\\\/\\\/qtmm.org\\\/qt\\\/meclis-prezidiumi-butun-saylavcilarni-oktabr-28-kunu-rey-beruvde-istirak-etmege-ve-batkivscina-birlesken-muhalifetke-qoltutmaga-cagirdi\\\/#primaryimage\",\"url\":\"https:\\\/\\\/qtmm.org\\\/wp-content\\\/uploads\\\/2022\\\/01\\\/po_tekstu_2_1.jpeg\",\"contentUrl\":\"https:\\\/\\\/qtmm.org\\\/wp-content\\\/uploads\\\/2022\\\/01\\\/po_tekstu_2_1.jpeg\",\"width\":650,\"height\":450},{\"@type\":\"BreadcrumbList\",\"@id\":\"https:\\\/\\\/qtmm.org\\\/qt\\\/meclis-prezidiumi-butun-saylavcilarni-oktabr-28-kunu-rey-beruvde-istirak-etmege-ve-batkivscina-birlesken-muhalifetke-qoltutmaga-cagirdi\\\/#breadcrumb\",\"itemListElement\":[{\"@type\":\"ListItem\",\"position\":1,\"name\":\"\u0413\u043e\u043b\u043e\u0432\u043d\u0430\",\"item\":\"https:\\\/\\\/qtmm.org\\\/qt\\\/\"},{\"@type\":\"ListItem\",\"position\":2,\"name\":\"Meclis Prezidium\u0131 b\u00fct\u00fcn saylavc\u0131larn\u0131 okt\u00e2br 28 k\u00fcn\u00fc rey ber\u00fcvde i\u015ftirak etmege ve \u00abBatk\u0456v\u015f\u00e7ina\u00bb birle\u015fken muhalifetke qoltutma\u011fa \u00e7a\u011f\u0131rd\u0131\"}]},{\"@type\":\"WebSite\",\"@id\":\"https:\\\/\\\/qtmm.org\\\/qt\\\/#website\",\"url\":\"https:\\\/\\\/qtmm.org\\\/qt\\\/\",\"name\":\"\u041c\u0435\u0434\u0436\u043b\u0456\u0441\",\"description\":\"\",\"publisher\":{\"@id\":\"https:\\\/\\\/qtmm.org\\\/qt\\\/#organization\"},\"potentialAction\":[{\"@type\":\"SearchAction\",\"target\":{\"@type\":\"EntryPoint\",\"urlTemplate\":\"https:\\\/\\\/qtmm.org\\\/qt\\\/?s={search_term_string}\"},\"query-input\":{\"@type\":\"PropertyValueSpecification\",\"valueRequired\":true,\"valueName\":\"search_term_string\"}}],\"inLanguage\":\"qt\"},{\"@type\":\"Organization\",\"@id\":\"https:\\\/\\\/qtmm.org\\\/qt\\\/#organization\",\"name\":\"\u041c\u0435\u0434\u0436\u043b\u0456\u0441\",\"url\":\"https:\\\/\\\/qtmm.org\\\/qt\\\/\",\"logo\":{\"@type\":\"ImageObject\",\"inLanguage\":\"qt\",\"@id\":\"https:\\\/\\\/qtmm.org\\\/qt\\\/#\\\/schema\\\/logo\\\/image\\\/\",\"url\":\"https:\\\/\\\/qtmm.org\\\/wp-content\\\/uploads\\\/2024\\\/12\\\/ua-mejlis-logo-rgb.svg\",\"contentUrl\":\"https:\\\/\\\/qtmm.org\\\/wp-content\\\/uploads\\\/2024\\\/12\\\/ua-mejlis-logo-rgb.svg\",\"caption\":\"\u041c\u0435\u0434\u0436\u043b\u0456\u0441\"},\"image\":{\"@id\":\"https:\\\/\\\/qtmm.org\\\/qt\\\/#\\\/schema\\\/logo\\\/image\\\/\"},\"sameAs\":[\"https:\\\/\\\/www.facebook.com\\\/qtmm.info\\\/\"]},{\"@type\":\"Person\",\"@id\":\"https:\\\/\\\/qtmm.org\\\/qt\\\/#\\\/schema\\\/person\\\/de562469f971dec226ac06e60bbf74a7\",\"name\":\"Developer\",\"image\":{\"@type\":\"ImageObject\",\"inLanguage\":\"qt\",\"@id\":\"https:\\\/\\\/secure.gravatar.com\\\/avatar\\\/392b4cc8fbfeb00b39dfeeab4ee6edded39ffd48e25858637e4765810300227e?s=96&d=mm&r=g\",\"url\":\"https:\\\/\\\/secure.gravatar.com\\\/avatar\\\/392b4cc8fbfeb00b39dfeeab4ee6edded39ffd48e25858637e4765810300227e?s=96&d=mm&r=g\",\"contentUrl\":\"https:\\\/\\\/secure.gravatar.com\\\/avatar\\\/392b4cc8fbfeb00b39dfeeab4ee6edded39ffd48e25858637e4765810300227e?s=96&d=mm&r=g\",\"caption\":\"Developer\"},\"url\":\"https:\\\/\\\/qtmm.org\\\/qt\\\/author\\\/Developer\\\/\"}]}<\/script>\n<!-- \/ Yoast SEO plugin. -->","yoast_head_json":{"title":"Meclis Prezidium\u0131 b\u00fct\u00fcn saylavc\u0131larn\u0131 okt\u00e2br 28 k\u00fcn\u00fc rey ber\u00fcvde i\u015ftirak etmege ve \u00abBatk\u0456v\u015f\u00e7ina\u00bb birle\u015fken muhalifetke qoltutma\u011fa \u00e7a\u011f\u0131rd\u0131 - \u041c\u0435\u0434\u0436\u043b\u0456\u0441","robots":{"index":"index","follow":"follow","max-snippet":"max-snippet:-1","max-image-preview":"max-image-preview:large","max-video-preview":"max-video-preview:-1"},"canonical":"https:\/\/qtmm.org\/qt\/meclis-prezidiumi-butun-saylavcilarni-oktabr-28-kunu-rey-beruvde-istirak-etmege-ve-batkivscina-birlesken-muhalifetke-qoltutmaga-cagirdi\/","og_locale":"en_US","og_type":"article","og_title":"Meclis Prezidium\u0131 b\u00fct\u00fcn saylavc\u0131larn\u0131 okt\u00e2br 28 k\u00fcn\u00fc rey ber\u00fcvde i\u015ftirak etmege ve \u00abBatk\u0456v\u015f\u00e7ina\u00bb birle\u015fken muhalifetke qoltutma\u011fa \u00e7a\u011f\u0131rd\u0131 - \u041c\u0435\u0434\u0436\u043b\u0456\u0441","og_description":"Bu aqta 2012 senesi okt\u00e2br 17 k\u00fcn\u00fc ke\u00e7irilgen &#8220;Q\u0131r\u0131mda saylavld\u0131 kampaniyas\u0131n\u0131\u00f1 yek\u00fcnleyici basq\u0131\u00e7\u0131 \u2013 birle\u015fken muhalifet bir mandatl\u0131 saylav dairelerinde bir namzet olaraq i\u015ftirak ete&#8221; mevzus\u0131nda matbuat konferentsiyas\u0131nda Q\u0131r\u0131mtatar halq\u0131 meclisi reisini\u00f1 birinci muavini, Ukraina halq deputatl\u0131\u011f\u0131na &#8220;Batk\u0456v\u015f\u00e7ina&#8221; birle\u015fken muhalifetten namzeti k\u00f6sterilgen Refat \u00c7ubarov aytt\u0131. &#8220;Saylav ceryan\u0131n\u0131\u00f1 yek\u00fcnleyici basq\u0131\u00e7\u0131 ba\u015fland\u0131, &#8211; dep ba\u015flad\u0131 \u00e7\u0131q\u0131\u015f\u0131n\u0131 Refat [&hellip;]","og_url":"https:\/\/qtmm.org\/qt\/meclis-prezidiumi-butun-saylavcilarni-oktabr-28-kunu-rey-beruvde-istirak-etmege-ve-batkivscina-birlesken-muhalifetke-qoltutmaga-cagirdi\/","og_site_name":"\u041c\u0435\u0434\u0436\u043b\u0456\u0441","article_publisher":"https:\/\/www.facebook.com\/qtmm.info\/","article_published_time":"2012-10-17T11:03:00+00:00","article_modified_time":"2022-01-23T11:04:17+00:00","og_image":[{"width":650,"height":450,"url":"https:\/\/qtmm.org\/wp-content\/uploads\/2022\/01\/po_tekstu_2_1.jpeg","type":"image\/jpeg"}],"author":"Developer","twitter_card":"summary_large_image","twitter_misc":{"Written by":"Developer","Est. reading time":"3 minutes"},"schema":{"@context":"https:\/\/schema.org","@graph":[{"@type":"Article","@id":"https:\/\/qtmm.org\/qt\/meclis-prezidiumi-butun-saylavcilarni-oktabr-28-kunu-rey-beruvde-istirak-etmege-ve-batkivscina-birlesken-muhalifetke-qoltutmaga-cagirdi\/#article","isPartOf":{"@id":"https:\/\/qtmm.org\/qt\/meclis-prezidiumi-butun-saylavcilarni-oktabr-28-kunu-rey-beruvde-istirak-etmege-ve-batkivscina-birlesken-muhalifetke-qoltutmaga-cagirdi\/"},"author":{"name":"Developer","@id":"https:\/\/qtmm.org\/qt\/#\/schema\/person\/de562469f971dec226ac06e60bbf74a7"},"headline":"Meclis Prezidium\u0131 b\u00fct\u00fcn saylavc\u0131larn\u0131 okt\u00e2br 28 k\u00fcn\u00fc rey ber\u00fcvde i\u015ftirak etmege ve \u00abBatk\u0456v\u015f\u00e7ina\u00bb birle\u015fken muhalifetke qoltutma\u011fa \u00e7a\u011f\u0131rd\u0131","datePublished":"2012-10-17T11:03:00+00:00","dateModified":"2022-01-23T11:04:17+00:00","mainEntityOfPage":{"@id":"https:\/\/qtmm.org\/qt\/meclis-prezidiumi-butun-saylavcilarni-oktabr-28-kunu-rey-beruvde-istirak-etmege-ve-batkivscina-birlesken-muhalifetke-qoltutmaga-cagirdi\/"},"wordCount":639,"commentCount":0,"publisher":{"@id":"https:\/\/qtmm.org\/qt\/#organization"},"image":{"@id":"https:\/\/qtmm.org\/qt\/meclis-prezidiumi-butun-saylavcilarni-oktabr-28-kunu-rey-beruvde-istirak-etmege-ve-batkivscina-birlesken-muhalifetke-qoltutmaga-cagirdi\/#primaryimage"},"thumbnailUrl":"https:\/\/qtmm.org\/wp-content\/uploads\/2022\/01\/po_tekstu_2_1.jpeg","articleSection":["Haberler"],"inLanguage":"qt","potentialAction":[{"@type":"CommentAction","name":"Comment","target":["https:\/\/qtmm.org\/qt\/meclis-prezidiumi-butun-saylavcilarni-oktabr-28-kunu-rey-beruvde-istirak-etmege-ve-batkivscina-birlesken-muhalifetke-qoltutmaga-cagirdi\/#respond"]}]},{"@type":"WebPage","@id":"https:\/\/qtmm.org\/qt\/meclis-prezidiumi-butun-saylavcilarni-oktabr-28-kunu-rey-beruvde-istirak-etmege-ve-batkivscina-birlesken-muhalifetke-qoltutmaga-cagirdi\/","url":"https:\/\/qtmm.org\/qt\/meclis-prezidiumi-butun-saylavcilarni-oktabr-28-kunu-rey-beruvde-istirak-etmege-ve-batkivscina-birlesken-muhalifetke-qoltutmaga-cagirdi\/","name":"Meclis Prezidium\u0131 b\u00fct\u00fcn saylavc\u0131larn\u0131 okt\u00e2br 28 k\u00fcn\u00fc rey ber\u00fcvde i\u015ftirak etmege ve \u00abBatk\u0456v\u015f\u00e7ina\u00bb birle\u015fken muhalifetke qoltutma\u011fa \u00e7a\u011f\u0131rd\u0131 - \u041c\u0435\u0434\u0436\u043b\u0456\u0441","isPartOf":{"@id":"https:\/\/qtmm.org\/qt\/#website"},"primaryImageOfPage":{"@id":"https:\/\/qtmm.org\/qt\/meclis-prezidiumi-butun-saylavcilarni-oktabr-28-kunu-rey-beruvde-istirak-etmege-ve-batkivscina-birlesken-muhalifetke-qoltutmaga-cagirdi\/#primaryimage"},"image":{"@id":"https:\/\/qtmm.org\/qt\/meclis-prezidiumi-butun-saylavcilarni-oktabr-28-kunu-rey-beruvde-istirak-etmege-ve-batkivscina-birlesken-muhalifetke-qoltutmaga-cagirdi\/#primaryimage"},"thumbnailUrl":"https:\/\/qtmm.org\/wp-content\/uploads\/2022\/01\/po_tekstu_2_1.jpeg","datePublished":"2012-10-17T11:03:00+00:00","dateModified":"2022-01-23T11:04:17+00:00","breadcrumb":{"@id":"https:\/\/qtmm.org\/qt\/meclis-prezidiumi-butun-saylavcilarni-oktabr-28-kunu-rey-beruvde-istirak-etmege-ve-batkivscina-birlesken-muhalifetke-qoltutmaga-cagirdi\/#breadcrumb"},"inLanguage":"qt","potentialAction":[{"@type":"ReadAction","target":["https:\/\/qtmm.org\/qt\/meclis-prezidiumi-butun-saylavcilarni-oktabr-28-kunu-rey-beruvde-istirak-etmege-ve-batkivscina-birlesken-muhalifetke-qoltutmaga-cagirdi\/"]}]},{"@type":"ImageObject","inLanguage":"qt","@id":"https:\/\/qtmm.org\/qt\/meclis-prezidiumi-butun-saylavcilarni-oktabr-28-kunu-rey-beruvde-istirak-etmege-ve-batkivscina-birlesken-muhalifetke-qoltutmaga-cagirdi\/#primaryimage","url":"https:\/\/qtmm.org\/wp-content\/uploads\/2022\/01\/po_tekstu_2_1.jpeg","contentUrl":"https:\/\/qtmm.org\/wp-content\/uploads\/2022\/01\/po_tekstu_2_1.jpeg","width":650,"height":450},{"@type":"BreadcrumbList","@id":"https:\/\/qtmm.org\/qt\/meclis-prezidiumi-butun-saylavcilarni-oktabr-28-kunu-rey-beruvde-istirak-etmege-ve-batkivscina-birlesken-muhalifetke-qoltutmaga-cagirdi\/#breadcrumb","itemListElement":[{"@type":"ListItem","position":1,"name":"\u0413\u043e\u043b\u043e\u0432\u043d\u0430","item":"https:\/\/qtmm.org\/qt\/"},{"@type":"ListItem","position":2,"name":"Meclis Prezidium\u0131 b\u00fct\u00fcn saylavc\u0131larn\u0131 okt\u00e2br 28 k\u00fcn\u00fc rey ber\u00fcvde i\u015ftirak etmege ve \u00abBatk\u0456v\u015f\u00e7ina\u00bb birle\u015fken muhalifetke qoltutma\u011fa \u00e7a\u011f\u0131rd\u0131"}]},{"@type":"WebSite","@id":"https:\/\/qtmm.org\/qt\/#website","url":"https:\/\/qtmm.org\/qt\/","name":"\u041c\u0435\u0434\u0436\u043b\u0456\u0441","description":"","publisher":{"@id":"https:\/\/qtmm.org\/qt\/#organization"},"potentialAction":[{"@type":"SearchAction","target":{"@type":"EntryPoint","urlTemplate":"https:\/\/qtmm.org\/qt\/?s={search_term_string}"},"query-input":{"@type":"PropertyValueSpecification","valueRequired":true,"valueName":"search_term_string"}}],"inLanguage":"qt"},{"@type":"Organization","@id":"https:\/\/qtmm.org\/qt\/#organization","name":"\u041c\u0435\u0434\u0436\u043b\u0456\u0441","url":"https:\/\/qtmm.org\/qt\/","logo":{"@type":"ImageObject","inLanguage":"qt","@id":"https:\/\/qtmm.org\/qt\/#\/schema\/logo\/image\/","url":"https:\/\/qtmm.org\/wp-content\/uploads\/2024\/12\/ua-mejlis-logo-rgb.svg","contentUrl":"https:\/\/qtmm.org\/wp-content\/uploads\/2024\/12\/ua-mejlis-logo-rgb.svg","caption":"\u041c\u0435\u0434\u0436\u043b\u0456\u0441"},"image":{"@id":"https:\/\/qtmm.org\/qt\/#\/schema\/logo\/image\/"},"sameAs":["https:\/\/www.facebook.com\/qtmm.info\/"]},{"@type":"Person","@id":"https:\/\/qtmm.org\/qt\/#\/schema\/person\/de562469f971dec226ac06e60bbf74a7","name":"Developer","image":{"@type":"ImageObject","inLanguage":"qt","@id":"https:\/\/secure.gravatar.com\/avatar\/392b4cc8fbfeb00b39dfeeab4ee6edded39ffd48e25858637e4765810300227e?s=96&d=mm&r=g","url":"https:\/\/secure.gravatar.com\/avatar\/392b4cc8fbfeb00b39dfeeab4ee6edded39ffd48e25858637e4765810300227e?s=96&d=mm&r=g","contentUrl":"https:\/\/secure.gravatar.com\/avatar\/392b4cc8fbfeb00b39dfeeab4ee6edded39ffd48e25858637e4765810300227e?s=96&d=mm&r=g","caption":"Developer"},"url":"https:\/\/qtmm.org\/qt\/author\/Developer\/"}]}},"_links":{"self":[{"href":"https:\/\/qtmm.org\/qt\/wp-json\/wp\/v2\/posts\/34833","targetHints":{"allow":["GET"]}}],"collection":[{"href":"https:\/\/qtmm.org\/qt\/wp-json\/wp\/v2\/posts"}],"about":[{"href":"https:\/\/qtmm.org\/qt\/wp-json\/wp\/v2\/types\/post"}],"author":[{"embeddable":true,"href":"https:\/\/qtmm.org\/qt\/wp-json\/wp\/v2\/users\/1"}],"replies":[{"embeddable":true,"href":"https:\/\/qtmm.org\/qt\/wp-json\/wp\/v2\/comments?post=34833"}],"version-history":[{"count":1,"href":"https:\/\/qtmm.org\/qt\/wp-json\/wp\/v2\/posts\/34833\/revisions"}],"predecessor-version":[{"id":34842,"href":"https:\/\/qtmm.org\/qt\/wp-json\/wp\/v2\/posts\/34833\/revisions\/34842"}],"wp:featuredmedia":[{"embeddable":true,"href":"https:\/\/qtmm.org\/qt\/wp-json\/wp\/v2\/media\/34834"}],"wp:attachment":[{"href":"https:\/\/qtmm.org\/qt\/wp-json\/wp\/v2\/media?parent=34833"}],"wp:term":[{"taxonomy":"category","embeddable":true,"href":"https:\/\/qtmm.org\/qt\/wp-json\/wp\/v2\/categories?post=34833"},{"taxonomy":"post_tag","embeddable":true,"href":"https:\/\/qtmm.org\/qt\/wp-json\/wp\/v2\/tags?post=34833"}],"curies":[{"name":"wp","href":"https:\/\/api.w.org\/{rel}","templated":true}]}}