




{"id":34831,"date":"2012-10-17T14:02:00","date_gmt":"2012-10-17T11:02:00","guid":{"rendered":"http:\/\/qtmm.org\/?p=34831"},"modified":"2022-01-23T14:03:15","modified_gmt":"2022-01-23T11:03:15","slug":"qirimtatar-halqi-meclisinin-beyanati","status":"publish","type":"post","link":"https:\/\/qtmm.org\/qt\/qirimtatar-halqi-meclisinin-beyanati\/","title":{"rendered":"Q\u0131r\u0131mtatar halq\u0131 Meclisini\u00f1 Beyanat\u0131"},"content":{"rendered":"\n<p>Q\u0131r\u0131mtatar halq\u0131 Meclisini\u00f1 Prezidium\u0131 &#8220;Batk\u0456v\u015f\u00e7ina&#8221; birle\u015fken muhalifet erk\u00e2n\u0131na kirgen siyasiy partiyalar ile bir mandatl\u0131 saylav dairelerdeki vaziyet boyunca s\u00f6yle\u015f\u00fcvler neticesine esaslanaraq Ukrainan\u0131\u00f1 milliy-demokratik k\u00fc\u00e7leri tarafdarlar\u0131 ol\u011fan saylavc\u0131larn\u0131 okt\u00e2br 28 k\u00fcn\u00fc Ukraina halq deputatlar\u0131n\u0131 saylav vaqt\u0131nda daa ziyade birle\u015ftirmek maqsad\u0131nda \u015fu aqta beyanat ete:<br><br>1. Olacaq saylavlar meselesinde Q\u0131r\u0131mtatar halq\u0131 Qurultay\u0131n\u0131\u00f1 qararlar\u0131na boysunaraq i\u015f tutqan Q\u0131r\u0131mtatar halq\u0131 Meclisini\u00f1 \u2116 2, \u2116 3 ve \u2116 10 bir mandatl\u0131 saylav dairelerde namzetler keli\u015filmesi boyunca bildirgen, l\u00e2kin siyasiy ortaqlar birinci basq\u0131\u00e7larda bu\u00f1a emiyet bermegen, pozitsiyas\u0131 olar taraf\u0131ndan 2012 senesi okt\u00e2br 15 k\u00fcn\u00fc Birle\u015fken muhalifet qurultay\u0131nda esapqa al\u0131nd\u0131.<br><br>2.\u00d6z saylavc\u0131lar\u0131 \u00f6g\u00fcnde mes\u00fclietini a\u00f1layaraq, bun\u0131\u00f1 kibi de &#8220;Batk\u0456v\u015f\u00e7ina&#8221; birle\u015fken muhalifetni\u00f1 \u211610 bir mandatl\u0131 saylav dairesinde Ahtem \u00c7iygozni\u00f1 namzetine qoltutma\u011fa az\u0131rl\u0131\u011f\u0131n\u0131 k\u00f6z \u00f6g\u00fcne alaraq, Q\u0131r\u0131mtatar halq\u0131 Meclisini\u00f1 prezidium\u0131 \u21162 bir mandatl\u0131 saylav dairesinde deputatl\u0131qqa namzeti cedvelge al\u0131n\u011fan Nariman Cel\u00e2lov\u011fa \u00f6z namzetini qaytar\u0131p almaq ve saylavlardan \u00e7\u0131qmaqn\u0131 tevsiye ete.<br><br>3. Q\u0131r\u0131mtatar halq\u0131 Meclisini\u00f1 Prezidium\u0131 Nariman Cel\u00e2lov\u011fa Qurultay ve Meclis qararlar\u0131na boysunaraq \u00e7al\u0131\u015fqan\u0131 ve olacaq saylavlardan \u00e7\u0131qma\u011fa raz\u0131l\u0131q bergeni i\u00e7\u00fcn te\u015fekk\u00fcr bildire.<br><br>4. Ayn\u0131 zamanda Meclis Prezidium\u0131 \u00f6z\u00fcni\u00f1 siyasiy ortaqlar\u0131n\u0131\u00f1, birinci nevbette &#8220;Batk\u0456v\u015f\u00e7ina&#8221; siyasiy partiyas\u0131n\u0131\u00f1 Q\u0131r\u0131m te\u015fkil\u00e2t\u0131 reberlerini\u00f1, diqqat\u0131n\u0131 saylav devam\u0131nda Birle\u015fken muhalifet tarafdarlar\u0131 ol\u011fan saylavc\u0131larn\u0131 \u015fa\u015fmalatqan bir tarafl\u0131, keli\u015filmegen areketlerni yapmamaq l\u00e2zimligine celp etti.<br><br>Q\u0131r\u0131mtatar halq\u0131 Meclisini\u00f1 Prezidium\u0131 b\u00fct\u00fcn saylavc\u0131larn\u0131 2012 senesi okt\u00e2\u00e7br 28-de olacaq saylavlarda faal i\u015ftirak etmege ve &#8220;Batk\u0456v\u015f\u00e7ina&#8221; birle\u015fken muhalifetke qoltutma\u011fa \u00e7a\u011f\u0131ra.<\/p>\n\n\n\n<p class=\"has-text-align-right\"><br><br><em>Q\u0131r\u0131mtatar halq\u0131 Meclisini\u00f1 Prezidium\u0131nda 13 okt\u00e2br k\u00fcn\u00fc qabul etildi<\/em><\/p>\n","protected":false},"excerpt":{"rendered":"<p>Q\u0131r\u0131mtatar halq\u0131 Meclisini\u00f1 Prezidium\u0131 &#8220;Batk\u0456v\u015f\u00e7ina&#8221; birle\u015fken muhalifet erk\u00e2n\u0131na kirgen siyasiy partiyalar ile bir mandatl\u0131 saylav dairelerdeki vaziyet boyunca s\u00f6yle\u015f\u00fcvler neticesine esaslanaraq Ukrainan\u0131\u00f1 milliy-demokratik k\u00fc\u00e7leri tarafdarlar\u0131 ol\u011fan saylavc\u0131larn\u0131 okt\u00e2br 28 k\u00fcn\u00fc Ukraina halq deputatlar\u0131n\u0131 saylav vaqt\u0131nda daa ziyade birle\u015ftirmek maqsad\u0131nda \u015fu aqta beyanat ete: 1. Olacaq saylavlar meselesinde Q\u0131r\u0131mtatar halq\u0131 Qurultay\u0131n\u0131\u00f1 qararlar\u0131na boysunaraq i\u015f tutqan Q\u0131r\u0131mtatar [&hellip;]<\/p>\n","protected":false},"author":1,"featured_media":0,"comment_status":"open","ping_status":"open","sticky":false,"template":"","format":"standard","meta":{"inline_featured_image":false,"footnotes":""},"categories":[265],"tags":[],"class_list":["post-34831","post","type-post","status-publish","format-standard","hentry","category-haberler"],"acf":[],"yoast_head":"<!-- This site is optimized with the Yoast SEO plugin v27.4 - https:\/\/yoast.com\/product\/yoast-seo-wordpress\/ -->\n<title>Q\u0131r\u0131mtatar halq\u0131 Meclisini\u00f1 Beyanat\u0131 - \u041c\u0435\u0434\u0436\u043b\u0456\u0441<\/title>\n<meta name=\"robots\" content=\"index, follow, max-snippet:-1, max-image-preview:large, max-video-preview:-1\" \/>\n<link rel=\"canonical\" href=\"https:\/\/qtmm.org\/qt\/qirimtatar-halqi-meclisinin-beyanati\/\" \/>\n<meta property=\"og:locale\" content=\"en_US\" \/>\n<meta property=\"og:type\" content=\"article\" \/>\n<meta property=\"og:title\" content=\"Q\u0131r\u0131mtatar halq\u0131 Meclisini\u00f1 Beyanat\u0131 - \u041c\u0435\u0434\u0436\u043b\u0456\u0441\" \/>\n<meta property=\"og:description\" content=\"Q\u0131r\u0131mtatar halq\u0131 Meclisini\u00f1 Prezidium\u0131 &#8220;Batk\u0456v\u015f\u00e7ina&#8221; birle\u015fken muhalifet erk\u00e2n\u0131na kirgen siyasiy partiyalar ile bir mandatl\u0131 saylav dairelerdeki vaziyet boyunca s\u00f6yle\u015f\u00fcvler neticesine esaslanaraq Ukrainan\u0131\u00f1 milliy-demokratik k\u00fc\u00e7leri tarafdarlar\u0131 ol\u011fan saylavc\u0131larn\u0131 okt\u00e2br 28 k\u00fcn\u00fc Ukraina halq deputatlar\u0131n\u0131 saylav vaqt\u0131nda daa ziyade birle\u015ftirmek maqsad\u0131nda \u015fu aqta beyanat ete: 1. Olacaq saylavlar meselesinde Q\u0131r\u0131mtatar halq\u0131 Qurultay\u0131n\u0131\u00f1 qararlar\u0131na boysunaraq i\u015f tutqan Q\u0131r\u0131mtatar [&hellip;]\" \/>\n<meta property=\"og:url\" content=\"https:\/\/qtmm.org\/qt\/qirimtatar-halqi-meclisinin-beyanati\/\" \/>\n<meta property=\"og:site_name\" content=\"\u041c\u0435\u0434\u0436\u043b\u0456\u0441\" \/>\n<meta property=\"article:publisher\" content=\"https:\/\/www.facebook.com\/qtmm.info\/\" \/>\n<meta property=\"article:published_time\" content=\"2012-10-17T11:02:00+00:00\" \/>\n<meta property=\"article:modified_time\" content=\"2022-01-23T11:03:15+00:00\" \/>\n<meta name=\"author\" content=\"Developer\" \/>\n<meta name=\"twitter:card\" content=\"summary_large_image\" \/>\n<meta name=\"twitter:label1\" content=\"Written by\" \/>\n\t<meta name=\"twitter:data1\" content=\"Developer\" \/>\n\t<meta name=\"twitter:label2\" content=\"Est. reading time\" \/>\n\t<meta name=\"twitter:data2\" content=\"2 minutes\" \/>\n<script type=\"application\/ld+json\" class=\"yoast-schema-graph\">{\"@context\":\"https:\\\/\\\/schema.org\",\"@graph\":[{\"@type\":\"Article\",\"@id\":\"https:\\\/\\\/qtmm.org\\\/qt\\\/qirimtatar-halqi-meclisinin-beyanati\\\/#article\",\"isPartOf\":{\"@id\":\"https:\\\/\\\/qtmm.org\\\/qt\\\/qirimtatar-halqi-meclisinin-beyanati\\\/\"},\"author\":{\"name\":\"Developer\",\"@id\":\"https:\\\/\\\/qtmm.org\\\/qt\\\/#\\\/schema\\\/person\\\/de562469f971dec226ac06e60bbf74a7\"},\"headline\":\"Q\u0131r\u0131mtatar halq\u0131 Meclisini\u00f1 Beyanat\u0131\",\"datePublished\":\"2012-10-17T11:02:00+00:00\",\"dateModified\":\"2022-01-23T11:03:15+00:00\",\"mainEntityOfPage\":{\"@id\":\"https:\\\/\\\/qtmm.org\\\/qt\\\/qirimtatar-halqi-meclisinin-beyanati\\\/\"},\"wordCount\":316,\"commentCount\":0,\"publisher\":{\"@id\":\"https:\\\/\\\/qtmm.org\\\/qt\\\/#organization\"},\"articleSection\":[\"Haberler\"],\"inLanguage\":\"qt\",\"potentialAction\":[{\"@type\":\"CommentAction\",\"name\":\"Comment\",\"target\":[\"https:\\\/\\\/qtmm.org\\\/qt\\\/qirimtatar-halqi-meclisinin-beyanati\\\/#respond\"]}]},{\"@type\":\"WebPage\",\"@id\":\"https:\\\/\\\/qtmm.org\\\/qt\\\/qirimtatar-halqi-meclisinin-beyanati\\\/\",\"url\":\"https:\\\/\\\/qtmm.org\\\/qt\\\/qirimtatar-halqi-meclisinin-beyanati\\\/\",\"name\":\"Q\u0131r\u0131mtatar halq\u0131 Meclisini\u00f1 Beyanat\u0131 - \u041c\u0435\u0434\u0436\u043b\u0456\u0441\",\"isPartOf\":{\"@id\":\"https:\\\/\\\/qtmm.org\\\/qt\\\/#website\"},\"datePublished\":\"2012-10-17T11:02:00+00:00\",\"dateModified\":\"2022-01-23T11:03:15+00:00\",\"breadcrumb\":{\"@id\":\"https:\\\/\\\/qtmm.org\\\/qt\\\/qirimtatar-halqi-meclisinin-beyanati\\\/#breadcrumb\"},\"inLanguage\":\"qt\",\"potentialAction\":[{\"@type\":\"ReadAction\",\"target\":[\"https:\\\/\\\/qtmm.org\\\/qt\\\/qirimtatar-halqi-meclisinin-beyanati\\\/\"]}]},{\"@type\":\"BreadcrumbList\",\"@id\":\"https:\\\/\\\/qtmm.org\\\/qt\\\/qirimtatar-halqi-meclisinin-beyanati\\\/#breadcrumb\",\"itemListElement\":[{\"@type\":\"ListItem\",\"position\":1,\"name\":\"\u0413\u043e\u043b\u043e\u0432\u043d\u0430\",\"item\":\"https:\\\/\\\/qtmm.org\\\/qt\\\/\"},{\"@type\":\"ListItem\",\"position\":2,\"name\":\"Q\u0131r\u0131mtatar halq\u0131 Meclisini\u00f1 Beyanat\u0131\"}]},{\"@type\":\"WebSite\",\"@id\":\"https:\\\/\\\/qtmm.org\\\/qt\\\/#website\",\"url\":\"https:\\\/\\\/qtmm.org\\\/qt\\\/\",\"name\":\"\u041c\u0435\u0434\u0436\u043b\u0456\u0441\",\"description\":\"\",\"publisher\":{\"@id\":\"https:\\\/\\\/qtmm.org\\\/qt\\\/#organization\"},\"potentialAction\":[{\"@type\":\"SearchAction\",\"target\":{\"@type\":\"EntryPoint\",\"urlTemplate\":\"https:\\\/\\\/qtmm.org\\\/qt\\\/?s={search_term_string}\"},\"query-input\":{\"@type\":\"PropertyValueSpecification\",\"valueRequired\":true,\"valueName\":\"search_term_string\"}}],\"inLanguage\":\"qt\"},{\"@type\":\"Organization\",\"@id\":\"https:\\\/\\\/qtmm.org\\\/qt\\\/#organization\",\"name\":\"\u041c\u0435\u0434\u0436\u043b\u0456\u0441\",\"url\":\"https:\\\/\\\/qtmm.org\\\/qt\\\/\",\"logo\":{\"@type\":\"ImageObject\",\"inLanguage\":\"qt\",\"@id\":\"https:\\\/\\\/qtmm.org\\\/qt\\\/#\\\/schema\\\/logo\\\/image\\\/\",\"url\":\"https:\\\/\\\/qtmm.org\\\/wp-content\\\/uploads\\\/2024\\\/12\\\/ua-mejlis-logo-rgb.svg\",\"contentUrl\":\"https:\\\/\\\/qtmm.org\\\/wp-content\\\/uploads\\\/2024\\\/12\\\/ua-mejlis-logo-rgb.svg\",\"caption\":\"\u041c\u0435\u0434\u0436\u043b\u0456\u0441\"},\"image\":{\"@id\":\"https:\\\/\\\/qtmm.org\\\/qt\\\/#\\\/schema\\\/logo\\\/image\\\/\"},\"sameAs\":[\"https:\\\/\\\/www.facebook.com\\\/qtmm.info\\\/\"]},{\"@type\":\"Person\",\"@id\":\"https:\\\/\\\/qtmm.org\\\/qt\\\/#\\\/schema\\\/person\\\/de562469f971dec226ac06e60bbf74a7\",\"name\":\"Developer\",\"image\":{\"@type\":\"ImageObject\",\"inLanguage\":\"qt\",\"@id\":\"https:\\\/\\\/secure.gravatar.com\\\/avatar\\\/392b4cc8fbfeb00b39dfeeab4ee6edded39ffd48e25858637e4765810300227e?s=96&d=mm&r=g\",\"url\":\"https:\\\/\\\/secure.gravatar.com\\\/avatar\\\/392b4cc8fbfeb00b39dfeeab4ee6edded39ffd48e25858637e4765810300227e?s=96&d=mm&r=g\",\"contentUrl\":\"https:\\\/\\\/secure.gravatar.com\\\/avatar\\\/392b4cc8fbfeb00b39dfeeab4ee6edded39ffd48e25858637e4765810300227e?s=96&d=mm&r=g\",\"caption\":\"Developer\"},\"url\":\"https:\\\/\\\/qtmm.org\\\/qt\\\/author\\\/Developer\\\/\"}]}<\/script>\n<!-- \/ Yoast SEO plugin. -->","yoast_head_json":{"title":"Q\u0131r\u0131mtatar halq\u0131 Meclisini\u00f1 Beyanat\u0131 - \u041c\u0435\u0434\u0436\u043b\u0456\u0441","robots":{"index":"index","follow":"follow","max-snippet":"max-snippet:-1","max-image-preview":"max-image-preview:large","max-video-preview":"max-video-preview:-1"},"canonical":"https:\/\/qtmm.org\/qt\/qirimtatar-halqi-meclisinin-beyanati\/","og_locale":"en_US","og_type":"article","og_title":"Q\u0131r\u0131mtatar halq\u0131 Meclisini\u00f1 Beyanat\u0131 - \u041c\u0435\u0434\u0436\u043b\u0456\u0441","og_description":"Q\u0131r\u0131mtatar halq\u0131 Meclisini\u00f1 Prezidium\u0131 &#8220;Batk\u0456v\u015f\u00e7ina&#8221; birle\u015fken muhalifet erk\u00e2n\u0131na kirgen siyasiy partiyalar ile bir mandatl\u0131 saylav dairelerdeki vaziyet boyunca s\u00f6yle\u015f\u00fcvler neticesine esaslanaraq Ukrainan\u0131\u00f1 milliy-demokratik k\u00fc\u00e7leri tarafdarlar\u0131 ol\u011fan saylavc\u0131larn\u0131 okt\u00e2br 28 k\u00fcn\u00fc Ukraina halq deputatlar\u0131n\u0131 saylav vaqt\u0131nda daa ziyade birle\u015ftirmek maqsad\u0131nda \u015fu aqta beyanat ete: 1. Olacaq saylavlar meselesinde Q\u0131r\u0131mtatar halq\u0131 Qurultay\u0131n\u0131\u00f1 qararlar\u0131na boysunaraq i\u015f tutqan Q\u0131r\u0131mtatar [&hellip;]","og_url":"https:\/\/qtmm.org\/qt\/qirimtatar-halqi-meclisinin-beyanati\/","og_site_name":"\u041c\u0435\u0434\u0436\u043b\u0456\u0441","article_publisher":"https:\/\/www.facebook.com\/qtmm.info\/","article_published_time":"2012-10-17T11:02:00+00:00","article_modified_time":"2022-01-23T11:03:15+00:00","author":"Developer","twitter_card":"summary_large_image","twitter_misc":{"Written by":"Developer","Est. reading time":"2 minutes"},"schema":{"@context":"https:\/\/schema.org","@graph":[{"@type":"Article","@id":"https:\/\/qtmm.org\/qt\/qirimtatar-halqi-meclisinin-beyanati\/#article","isPartOf":{"@id":"https:\/\/qtmm.org\/qt\/qirimtatar-halqi-meclisinin-beyanati\/"},"author":{"name":"Developer","@id":"https:\/\/qtmm.org\/qt\/#\/schema\/person\/de562469f971dec226ac06e60bbf74a7"},"headline":"Q\u0131r\u0131mtatar halq\u0131 Meclisini\u00f1 Beyanat\u0131","datePublished":"2012-10-17T11:02:00+00:00","dateModified":"2022-01-23T11:03:15+00:00","mainEntityOfPage":{"@id":"https:\/\/qtmm.org\/qt\/qirimtatar-halqi-meclisinin-beyanati\/"},"wordCount":316,"commentCount":0,"publisher":{"@id":"https:\/\/qtmm.org\/qt\/#organization"},"articleSection":["Haberler"],"inLanguage":"qt","potentialAction":[{"@type":"CommentAction","name":"Comment","target":["https:\/\/qtmm.org\/qt\/qirimtatar-halqi-meclisinin-beyanati\/#respond"]}]},{"@type":"WebPage","@id":"https:\/\/qtmm.org\/qt\/qirimtatar-halqi-meclisinin-beyanati\/","url":"https:\/\/qtmm.org\/qt\/qirimtatar-halqi-meclisinin-beyanati\/","name":"Q\u0131r\u0131mtatar halq\u0131 Meclisini\u00f1 Beyanat\u0131 - \u041c\u0435\u0434\u0436\u043b\u0456\u0441","isPartOf":{"@id":"https:\/\/qtmm.org\/qt\/#website"},"datePublished":"2012-10-17T11:02:00+00:00","dateModified":"2022-01-23T11:03:15+00:00","breadcrumb":{"@id":"https:\/\/qtmm.org\/qt\/qirimtatar-halqi-meclisinin-beyanati\/#breadcrumb"},"inLanguage":"qt","potentialAction":[{"@type":"ReadAction","target":["https:\/\/qtmm.org\/qt\/qirimtatar-halqi-meclisinin-beyanati\/"]}]},{"@type":"BreadcrumbList","@id":"https:\/\/qtmm.org\/qt\/qirimtatar-halqi-meclisinin-beyanati\/#breadcrumb","itemListElement":[{"@type":"ListItem","position":1,"name":"\u0413\u043e\u043b\u043e\u0432\u043d\u0430","item":"https:\/\/qtmm.org\/qt\/"},{"@type":"ListItem","position":2,"name":"Q\u0131r\u0131mtatar halq\u0131 Meclisini\u00f1 Beyanat\u0131"}]},{"@type":"WebSite","@id":"https:\/\/qtmm.org\/qt\/#website","url":"https:\/\/qtmm.org\/qt\/","name":"\u041c\u0435\u0434\u0436\u043b\u0456\u0441","description":"","publisher":{"@id":"https:\/\/qtmm.org\/qt\/#organization"},"potentialAction":[{"@type":"SearchAction","target":{"@type":"EntryPoint","urlTemplate":"https:\/\/qtmm.org\/qt\/?s={search_term_string}"},"query-input":{"@type":"PropertyValueSpecification","valueRequired":true,"valueName":"search_term_string"}}],"inLanguage":"qt"},{"@type":"Organization","@id":"https:\/\/qtmm.org\/qt\/#organization","name":"\u041c\u0435\u0434\u0436\u043b\u0456\u0441","url":"https:\/\/qtmm.org\/qt\/","logo":{"@type":"ImageObject","inLanguage":"qt","@id":"https:\/\/qtmm.org\/qt\/#\/schema\/logo\/image\/","url":"https:\/\/qtmm.org\/wp-content\/uploads\/2024\/12\/ua-mejlis-logo-rgb.svg","contentUrl":"https:\/\/qtmm.org\/wp-content\/uploads\/2024\/12\/ua-mejlis-logo-rgb.svg","caption":"\u041c\u0435\u0434\u0436\u043b\u0456\u0441"},"image":{"@id":"https:\/\/qtmm.org\/qt\/#\/schema\/logo\/image\/"},"sameAs":["https:\/\/www.facebook.com\/qtmm.info\/"]},{"@type":"Person","@id":"https:\/\/qtmm.org\/qt\/#\/schema\/person\/de562469f971dec226ac06e60bbf74a7","name":"Developer","image":{"@type":"ImageObject","inLanguage":"qt","@id":"https:\/\/secure.gravatar.com\/avatar\/392b4cc8fbfeb00b39dfeeab4ee6edded39ffd48e25858637e4765810300227e?s=96&d=mm&r=g","url":"https:\/\/secure.gravatar.com\/avatar\/392b4cc8fbfeb00b39dfeeab4ee6edded39ffd48e25858637e4765810300227e?s=96&d=mm&r=g","contentUrl":"https:\/\/secure.gravatar.com\/avatar\/392b4cc8fbfeb00b39dfeeab4ee6edded39ffd48e25858637e4765810300227e?s=96&d=mm&r=g","caption":"Developer"},"url":"https:\/\/qtmm.org\/qt\/author\/Developer\/"}]}},"_links":{"self":[{"href":"https:\/\/qtmm.org\/qt\/wp-json\/wp\/v2\/posts\/34831","targetHints":{"allow":["GET"]}}],"collection":[{"href":"https:\/\/qtmm.org\/qt\/wp-json\/wp\/v2\/posts"}],"about":[{"href":"https:\/\/qtmm.org\/qt\/wp-json\/wp\/v2\/types\/post"}],"author":[{"embeddable":true,"href":"https:\/\/qtmm.org\/qt\/wp-json\/wp\/v2\/users\/1"}],"replies":[{"embeddable":true,"href":"https:\/\/qtmm.org\/qt\/wp-json\/wp\/v2\/comments?post=34831"}],"version-history":[{"count":1,"href":"https:\/\/qtmm.org\/qt\/wp-json\/wp\/v2\/posts\/34831\/revisions"}],"predecessor-version":[{"id":34832,"href":"https:\/\/qtmm.org\/qt\/wp-json\/wp\/v2\/posts\/34831\/revisions\/34832"}],"wp:attachment":[{"href":"https:\/\/qtmm.org\/qt\/wp-json\/wp\/v2\/media?parent=34831"}],"wp:term":[{"taxonomy":"category","embeddable":true,"href":"https:\/\/qtmm.org\/qt\/wp-json\/wp\/v2\/categories?post=34831"},{"taxonomy":"post_tag","embeddable":true,"href":"https:\/\/qtmm.org\/qt\/wp-json\/wp\/v2\/tags?post=34831"}],"curies":[{"name":"wp","href":"https:\/\/api.w.org\/{rel}","templated":true}]}}