




{"id":34797,"date":"2012-10-16T14:01:00","date_gmt":"2012-10-16T11:01:00","guid":{"rendered":"http:\/\/qtmm.org\/?p=34797"},"modified":"2022-01-23T14:02:41","modified_gmt":"2022-01-23T11:02:41","slug":"aqmescitte-potr-grigorenkonin-105-yilligi-serefine-tedbirler-kecirildi","status":"publish","type":"post","link":"https:\/\/qtmm.org\/qt\/aqmescitte-potr-grigorenkonin-105-yilligi-serefine-tedbirler-kecirildi\/","title":{"rendered":"Aqmescitte P\u00f6tr Grigorenkon\u0131\u00f1 105 y\u0131ll\u0131\u011f\u0131 \u015ferefine tedbirler ke\u00e7irildi"},"content":{"rendered":"\n<p>16 okt\u00e2br kun. Aqmescitteki Vladimir ve \u00d6lga kilsesinde belli uquqqoruy\u0131c\u0131, dissident, general P\u00f6tr Grigorenkon\u0131\u00f1 ruhuna dua oquld\u0131.<\/p>\n\n\n\n<p>K\u00fcnd\u00fcz saat 12-de P\u00f6tr Grigorenkon\u0131\u00f1 ad\u0131na meydandaki eykelge \u00e7e\u00e7ekler qoyuld\u0131. G\u00fcl\u00e7emberler qoymaq i\u00e7\u00fcn Meclis reisini\u00f1 birinci muavini Refat \u00c7ubarov, &#8220;Q\u0131r\u0131m inki\u015faf\u0131 fond\u0131&#8221;n\u0131\u00f1 ba\u015f direktor\u0131 Aleksey Skorik, Meclis azalar\u0131 ve Q\u0131r\u0131m cemaat\u00e7\u0131l\u0131\u011f\u0131n\u0131\u00f1 vekilleri keldiler.<\/p>\n\n\n\n<p>&#8220;Bug\u00fcn bizim a\u011fam\u0131z, general\u0131m\u0131z do\u011f\u011fan\u0131na 105 y\u0131l told\u0131, &#8211; dedi Refat \u00c7ubarov. \u2013 Bizler \u00e7oqluq olmaq kerekmiz ve em de olurm\u0131z. Devletimiz ukrain vatanperverleri tasavur etkenleri kibi ol\u011fanda olurm\u0131z. Biz bug\u00fcn y\u00fcz bi\u00f1lernen, \u015fucumleden on\u0131 \u015fahsen bilgen-k\u00f6rgen ve i\u00e7 k\u00f6rmegen, amma on\u0131\u00f1 kibi azatl\u0131q i\u00e7\u00fcn k\u00fcre\u015fken insanlar ad\u0131ndan P\u00f6tr Grigorenkon\u0131\u00f1 ruhuna temenna ettik&#8221;.<br><br>\u015eun\u0131 qaye etmeli ki, P\u00f6tr Grigorenkon\u0131\u00f1 105 y\u0131ll\u0131\u011f\u0131 \u015ferefine tedbirler &#8220;Q\u0131r\u0131m inki\u015faf\u0131 fond\u0131&#8221;n\u0131\u00f1 te\u015febb\u00fcsi ile ke\u00e7irildi.<\/p>\n\n\n\n<figure class=\"wp-block-gallery columns-3 is-cropped wp-block-gallery-1 is-layout-flex wp-block-gallery-is-layout-flex\"><ul class=\"blocks-gallery-grid\"><li class=\"blocks-gallery-item\"><figure><a href=\"http:\/\/qtmm.org\/wp-content\/uploads\/2022\/01\/507f869a4fc8b.jpeg\"><img loading=\"lazy\" decoding=\"async\" width=\"640\" height=\"480\" src=\"http:\/\/qtmm.org\/wp-content\/uploads\/2022\/01\/507f869a4fc8b.jpeg\" alt=\"\" data-id=\"34798\" data-full-url=\"http:\/\/qtmm.org\/wp-content\/uploads\/2022\/01\/507f869a4fc8b.jpeg\" data-link=\"http:\/\/qtmm.org\/qt\/?attachment_id=34798\" class=\"wp-image-34798\" srcset=\"https:\/\/qtmm.org\/wp-content\/uploads\/2022\/01\/507f869a4fc8b.jpeg 640w, https:\/\/qtmm.org\/wp-content\/uploads\/2022\/01\/507f869a4fc8b-300x225.jpeg 300w\" sizes=\"auto, (max-width: 640px) 100vw, 640px\" \/><\/a><\/figure><\/li><li class=\"blocks-gallery-item\"><figure><a href=\"http:\/\/qtmm.org\/wp-content\/uploads\/2022\/01\/507f869abd69c.jpeg\"><img loading=\"lazy\" decoding=\"async\" width=\"640\" height=\"480\" src=\"http:\/\/qtmm.org\/wp-content\/uploads\/2022\/01\/507f869abd69c.jpeg\" alt=\"\" data-id=\"34802\" data-full-url=\"http:\/\/qtmm.org\/wp-content\/uploads\/2022\/01\/507f869abd69c.jpeg\" data-link=\"http:\/\/qtmm.org\/qt\/?attachment_id=34802\" class=\"wp-image-34802\" srcset=\"https:\/\/qtmm.org\/wp-content\/uploads\/2022\/01\/507f869abd69c.jpeg 640w, https:\/\/qtmm.org\/wp-content\/uploads\/2022\/01\/507f869abd69c-300x225.jpeg 300w\" sizes=\"auto, (max-width: 640px) 100vw, 640px\" \/><\/a><\/figure><\/li><li class=\"blocks-gallery-item\"><figure><a href=\"http:\/\/qtmm.org\/wp-content\/uploads\/2022\/01\/507f869b74e8a.jpeg\"><img loading=\"lazy\" decoding=\"async\" width=\"640\" height=\"480\" src=\"http:\/\/qtmm.org\/wp-content\/uploads\/2022\/01\/507f869b74e8a.jpeg\" alt=\"\" data-id=\"34806\" data-full-url=\"http:\/\/qtmm.org\/wp-content\/uploads\/2022\/01\/507f869b74e8a.jpeg\" data-link=\"http:\/\/qtmm.org\/qt\/?attachment_id=34806\" class=\"wp-image-34806\" srcset=\"https:\/\/qtmm.org\/wp-content\/uploads\/2022\/01\/507f869b74e8a.jpeg 640w, https:\/\/qtmm.org\/wp-content\/uploads\/2022\/01\/507f869b74e8a-300x225.jpeg 300w\" sizes=\"auto, (max-width: 640px) 100vw, 640px\" \/><\/a><\/figure><\/li><li class=\"blocks-gallery-item\"><figure><a href=\"http:\/\/qtmm.org\/wp-content\/uploads\/2022\/01\/507f869b2127d.jpeg\"><img loading=\"lazy\" decoding=\"async\" width=\"640\" height=\"480\" src=\"http:\/\/qtmm.org\/wp-content\/uploads\/2022\/01\/507f869b2127d.jpeg\" alt=\"\" data-id=\"34810\" data-full-url=\"http:\/\/qtmm.org\/wp-content\/uploads\/2022\/01\/507f869b2127d.jpeg\" data-link=\"http:\/\/qtmm.org\/qt\/?attachment_id=34810\" class=\"wp-image-34810\" srcset=\"https:\/\/qtmm.org\/wp-content\/uploads\/2022\/01\/507f869b2127d.jpeg 640w, https:\/\/qtmm.org\/wp-content\/uploads\/2022\/01\/507f869b2127d-300x225.jpeg 300w\" sizes=\"auto, (max-width: 640px) 100vw, 640px\" \/><\/a><\/figure><\/li><li class=\"blocks-gallery-item\"><figure><a href=\"http:\/\/qtmm.org\/wp-content\/uploads\/2022\/01\/507f869bc9dd7.jpeg\"><img loading=\"lazy\" decoding=\"async\" width=\"640\" height=\"480\" src=\"http:\/\/qtmm.org\/wp-content\/uploads\/2022\/01\/507f869bc9dd7.jpeg\" alt=\"\" data-id=\"34814\" data-full-url=\"http:\/\/qtmm.org\/wp-content\/uploads\/2022\/01\/507f869bc9dd7.jpeg\" data-link=\"http:\/\/qtmm.org\/qt\/?attachment_id=34814\" class=\"wp-image-34814\" srcset=\"https:\/\/qtmm.org\/wp-content\/uploads\/2022\/01\/507f869bc9dd7.jpeg 640w, https:\/\/qtmm.org\/wp-content\/uploads\/2022\/01\/507f869bc9dd7-300x225.jpeg 300w\" sizes=\"auto, (max-width: 640px) 100vw, 640px\" \/><\/a><\/figure><\/li><li class=\"blocks-gallery-item\"><figure><a href=\"http:\/\/qtmm.org\/wp-content\/uploads\/2022\/01\/507f869c2af1b.jpeg\"><img loading=\"lazy\" decoding=\"async\" width=\"640\" height=\"480\" src=\"http:\/\/qtmm.org\/wp-content\/uploads\/2022\/01\/507f869c2af1b.jpeg\" alt=\"\" data-id=\"34818\" data-full-url=\"http:\/\/qtmm.org\/wp-content\/uploads\/2022\/01\/507f869c2af1b.jpeg\" data-link=\"http:\/\/qtmm.org\/qt\/?attachment_id=34818\" class=\"wp-image-34818\" srcset=\"https:\/\/qtmm.org\/wp-content\/uploads\/2022\/01\/507f869c2af1b.jpeg 640w, https:\/\/qtmm.org\/wp-content\/uploads\/2022\/01\/507f869c2af1b-300x225.jpeg 300w\" sizes=\"auto, (max-width: 640px) 100vw, 640px\" \/><\/a><\/figure><\/li><li class=\"blocks-gallery-item\"><figure><a href=\"http:\/\/qtmm.org\/wp-content\/uploads\/2022\/01\/507f869c7eaab.jpeg\"><img loading=\"lazy\" decoding=\"async\" width=\"640\" height=\"480\" src=\"http:\/\/qtmm.org\/wp-content\/uploads\/2022\/01\/507f869c7eaab.jpeg\" alt=\"\" data-id=\"34822\" data-full-url=\"http:\/\/qtmm.org\/wp-content\/uploads\/2022\/01\/507f869c7eaab.jpeg\" data-link=\"http:\/\/qtmm.org\/qt\/?attachment_id=34822\" class=\"wp-image-34822\" srcset=\"https:\/\/qtmm.org\/wp-content\/uploads\/2022\/01\/507f869c7eaab.jpeg 640w, https:\/\/qtmm.org\/wp-content\/uploads\/2022\/01\/507f869c7eaab-300x225.jpeg 300w\" sizes=\"auto, (max-width: 640px) 100vw, 640px\" \/><\/a><\/figure><\/li><li class=\"blocks-gallery-item\"><figure><a href=\"http:\/\/qtmm.org\/wp-content\/uploads\/2022\/01\/507f869cd2a9b.jpeg\"><img loading=\"lazy\" decoding=\"async\" width=\"640\" height=\"480\" src=\"http:\/\/qtmm.org\/wp-content\/uploads\/2022\/01\/507f869cd2a9b.jpeg\" alt=\"\" data-id=\"34826\" data-full-url=\"http:\/\/qtmm.org\/wp-content\/uploads\/2022\/01\/507f869cd2a9b.jpeg\" data-link=\"http:\/\/qtmm.org\/qt\/?attachment_id=34826\" class=\"wp-image-34826\" srcset=\"https:\/\/qtmm.org\/wp-content\/uploads\/2022\/01\/507f869cd2a9b.jpeg 640w, https:\/\/qtmm.org\/wp-content\/uploads\/2022\/01\/507f869cd2a9b-300x225.jpeg 300w\" sizes=\"auto, (max-width: 640px) 100vw, 640px\" \/><\/a><\/figure><\/li><\/ul><\/figure>\n","protected":false},"excerpt":{"rendered":"<p>16 okt\u00e2br kun. Aqmescitteki Vladimir ve \u00d6lga kilsesinde belli uquqqoruy\u0131c\u0131, dissident, general P\u00f6tr Grigorenkon\u0131\u00f1 ruhuna dua oquld\u0131. K\u00fcnd\u00fcz saat 12-de P\u00f6tr Grigorenkon\u0131\u00f1 ad\u0131na meydandaki eykelge \u00e7e\u00e7ekler qoyuld\u0131. G\u00fcl\u00e7emberler qoymaq i\u00e7\u00fcn Meclis reisini\u00f1 birinci muavini Refat \u00c7ubarov, &#8220;Q\u0131r\u0131m inki\u015faf\u0131 fond\u0131&#8221;n\u0131\u00f1 ba\u015f direktor\u0131 Aleksey Skorik, Meclis azalar\u0131 ve Q\u0131r\u0131m cemaat\u00e7\u0131l\u0131\u011f\u0131n\u0131\u00f1 vekilleri keldiler. &#8220;Bug\u00fcn bizim a\u011fam\u0131z, general\u0131m\u0131z do\u011f\u011fan\u0131na [&hellip;]<\/p>\n","protected":false},"author":1,"featured_media":34798,"comment_status":"open","ping_status":"open","sticky":false,"template":"","format":"standard","meta":{"inline_featured_image":false,"footnotes":""},"categories":[265],"tags":[],"class_list":["post-34797","post","type-post","status-publish","format-standard","has-post-thumbnail","hentry","category-haberler"],"acf":[],"yoast_head":"<!-- This site is optimized with the Yoast SEO plugin v27.4 - https:\/\/yoast.com\/product\/yoast-seo-wordpress\/ -->\n<title>Aqmescitte P\u00f6tr Grigorenkon\u0131\u00f1 105 y\u0131ll\u0131\u011f\u0131 \u015ferefine tedbirler ke\u00e7irildi - \u041c\u0435\u0434\u0436\u043b\u0456\u0441<\/title>\n<meta name=\"robots\" content=\"index, follow, max-snippet:-1, max-image-preview:large, max-video-preview:-1\" \/>\n<link rel=\"canonical\" href=\"https:\/\/qtmm.org\/qt\/aqmescitte-potr-grigorenkonin-105-yilligi-serefine-tedbirler-kecirildi\/\" \/>\n<meta property=\"og:locale\" content=\"en_US\" \/>\n<meta property=\"og:type\" content=\"article\" \/>\n<meta property=\"og:title\" content=\"Aqmescitte P\u00f6tr Grigorenkon\u0131\u00f1 105 y\u0131ll\u0131\u011f\u0131 \u015ferefine tedbirler ke\u00e7irildi - \u041c\u0435\u0434\u0436\u043b\u0456\u0441\" \/>\n<meta property=\"og:description\" content=\"16 okt\u00e2br kun. Aqmescitteki Vladimir ve \u00d6lga kilsesinde belli uquqqoruy\u0131c\u0131, dissident, general P\u00f6tr Grigorenkon\u0131\u00f1 ruhuna dua oquld\u0131. K\u00fcnd\u00fcz saat 12-de P\u00f6tr Grigorenkon\u0131\u00f1 ad\u0131na meydandaki eykelge \u00e7e\u00e7ekler qoyuld\u0131. G\u00fcl\u00e7emberler qoymaq i\u00e7\u00fcn Meclis reisini\u00f1 birinci muavini Refat \u00c7ubarov, &#8220;Q\u0131r\u0131m inki\u015faf\u0131 fond\u0131&#8221;n\u0131\u00f1 ba\u015f direktor\u0131 Aleksey Skorik, Meclis azalar\u0131 ve Q\u0131r\u0131m cemaat\u00e7\u0131l\u0131\u011f\u0131n\u0131\u00f1 vekilleri keldiler. &#8220;Bug\u00fcn bizim a\u011fam\u0131z, general\u0131m\u0131z do\u011f\u011fan\u0131na [&hellip;]\" \/>\n<meta property=\"og:url\" content=\"https:\/\/qtmm.org\/qt\/aqmescitte-potr-grigorenkonin-105-yilligi-serefine-tedbirler-kecirildi\/\" \/>\n<meta property=\"og:site_name\" content=\"\u041c\u0435\u0434\u0436\u043b\u0456\u0441\" \/>\n<meta property=\"article:publisher\" content=\"https:\/\/www.facebook.com\/qtmm.info\/\" \/>\n<meta property=\"article:published_time\" content=\"2012-10-16T11:01:00+00:00\" \/>\n<meta property=\"article:modified_time\" content=\"2022-01-23T11:02:41+00:00\" \/>\n<meta property=\"og:image\" content=\"https:\/\/qtmm.org\/wp-content\/uploads\/2022\/01\/507f869a4fc8b.jpeg\" \/>\n\t<meta property=\"og:image:width\" content=\"640\" \/>\n\t<meta property=\"og:image:height\" content=\"480\" \/>\n\t<meta property=\"og:image:type\" content=\"image\/jpeg\" \/>\n<meta name=\"author\" content=\"Developer\" \/>\n<meta name=\"twitter:card\" content=\"summary_large_image\" \/>\n<meta name=\"twitter:label1\" content=\"Written by\" \/>\n\t<meta name=\"twitter:data1\" content=\"Developer\" \/>\n\t<meta name=\"twitter:label2\" content=\"Est. reading time\" \/>\n\t<meta name=\"twitter:data2\" content=\"1 minute\" \/>\n<script type=\"application\/ld+json\" class=\"yoast-schema-graph\">{\"@context\":\"https:\\\/\\\/schema.org\",\"@graph\":[{\"@type\":\"Article\",\"@id\":\"https:\\\/\\\/qtmm.org\\\/qt\\\/aqmescitte-potr-grigorenkonin-105-yilligi-serefine-tedbirler-kecirildi\\\/#article\",\"isPartOf\":{\"@id\":\"https:\\\/\\\/qtmm.org\\\/qt\\\/aqmescitte-potr-grigorenkonin-105-yilligi-serefine-tedbirler-kecirildi\\\/\"},\"author\":{\"name\":\"Developer\",\"@id\":\"https:\\\/\\\/qtmm.org\\\/qt\\\/#\\\/schema\\\/person\\\/de562469f971dec226ac06e60bbf74a7\"},\"headline\":\"Aqmescitte P\u00f6tr Grigorenkon\u0131\u00f1 105 y\u0131ll\u0131\u011f\u0131 \u015ferefine tedbirler ke\u00e7irildi\",\"datePublished\":\"2012-10-16T11:01:00+00:00\",\"dateModified\":\"2022-01-23T11:02:41+00:00\",\"mainEntityOfPage\":{\"@id\":\"https:\\\/\\\/qtmm.org\\\/qt\\\/aqmescitte-potr-grigorenkonin-105-yilligi-serefine-tedbirler-kecirildi\\\/\"},\"wordCount\":175,\"commentCount\":0,\"publisher\":{\"@id\":\"https:\\\/\\\/qtmm.org\\\/qt\\\/#organization\"},\"image\":{\"@id\":\"https:\\\/\\\/qtmm.org\\\/qt\\\/aqmescitte-potr-grigorenkonin-105-yilligi-serefine-tedbirler-kecirildi\\\/#primaryimage\"},\"thumbnailUrl\":\"https:\\\/\\\/qtmm.org\\\/wp-content\\\/uploads\\\/2022\\\/01\\\/507f869a4fc8b.jpeg\",\"articleSection\":[\"Haberler\"],\"inLanguage\":\"qt\",\"potentialAction\":[{\"@type\":\"CommentAction\",\"name\":\"Comment\",\"target\":[\"https:\\\/\\\/qtmm.org\\\/qt\\\/aqmescitte-potr-grigorenkonin-105-yilligi-serefine-tedbirler-kecirildi\\\/#respond\"]}]},{\"@type\":\"WebPage\",\"@id\":\"https:\\\/\\\/qtmm.org\\\/qt\\\/aqmescitte-potr-grigorenkonin-105-yilligi-serefine-tedbirler-kecirildi\\\/\",\"url\":\"https:\\\/\\\/qtmm.org\\\/qt\\\/aqmescitte-potr-grigorenkonin-105-yilligi-serefine-tedbirler-kecirildi\\\/\",\"name\":\"Aqmescitte P\u00f6tr Grigorenkon\u0131\u00f1 105 y\u0131ll\u0131\u011f\u0131 \u015ferefine tedbirler ke\u00e7irildi - \u041c\u0435\u0434\u0436\u043b\u0456\u0441\",\"isPartOf\":{\"@id\":\"https:\\\/\\\/qtmm.org\\\/qt\\\/#website\"},\"primaryImageOfPage\":{\"@id\":\"https:\\\/\\\/qtmm.org\\\/qt\\\/aqmescitte-potr-grigorenkonin-105-yilligi-serefine-tedbirler-kecirildi\\\/#primaryimage\"},\"image\":{\"@id\":\"https:\\\/\\\/qtmm.org\\\/qt\\\/aqmescitte-potr-grigorenkonin-105-yilligi-serefine-tedbirler-kecirildi\\\/#primaryimage\"},\"thumbnailUrl\":\"https:\\\/\\\/qtmm.org\\\/wp-content\\\/uploads\\\/2022\\\/01\\\/507f869a4fc8b.jpeg\",\"datePublished\":\"2012-10-16T11:01:00+00:00\",\"dateModified\":\"2022-01-23T11:02:41+00:00\",\"breadcrumb\":{\"@id\":\"https:\\\/\\\/qtmm.org\\\/qt\\\/aqmescitte-potr-grigorenkonin-105-yilligi-serefine-tedbirler-kecirildi\\\/#breadcrumb\"},\"inLanguage\":\"qt\",\"potentialAction\":[{\"@type\":\"ReadAction\",\"target\":[\"https:\\\/\\\/qtmm.org\\\/qt\\\/aqmescitte-potr-grigorenkonin-105-yilligi-serefine-tedbirler-kecirildi\\\/\"]}]},{\"@type\":\"ImageObject\",\"inLanguage\":\"qt\",\"@id\":\"https:\\\/\\\/qtmm.org\\\/qt\\\/aqmescitte-potr-grigorenkonin-105-yilligi-serefine-tedbirler-kecirildi\\\/#primaryimage\",\"url\":\"https:\\\/\\\/qtmm.org\\\/wp-content\\\/uploads\\\/2022\\\/01\\\/507f869a4fc8b.jpeg\",\"contentUrl\":\"https:\\\/\\\/qtmm.org\\\/wp-content\\\/uploads\\\/2022\\\/01\\\/507f869a4fc8b.jpeg\",\"width\":640,\"height\":480},{\"@type\":\"BreadcrumbList\",\"@id\":\"https:\\\/\\\/qtmm.org\\\/qt\\\/aqmescitte-potr-grigorenkonin-105-yilligi-serefine-tedbirler-kecirildi\\\/#breadcrumb\",\"itemListElement\":[{\"@type\":\"ListItem\",\"position\":1,\"name\":\"\u0413\u043e\u043b\u043e\u0432\u043d\u0430\",\"item\":\"https:\\\/\\\/qtmm.org\\\/qt\\\/\"},{\"@type\":\"ListItem\",\"position\":2,\"name\":\"Aqmescitte P\u00f6tr Grigorenkon\u0131\u00f1 105 y\u0131ll\u0131\u011f\u0131 \u015ferefine tedbirler ke\u00e7irildi\"}]},{\"@type\":\"WebSite\",\"@id\":\"https:\\\/\\\/qtmm.org\\\/qt\\\/#website\",\"url\":\"https:\\\/\\\/qtmm.org\\\/qt\\\/\",\"name\":\"\u041c\u0435\u0434\u0436\u043b\u0456\u0441\",\"description\":\"\",\"publisher\":{\"@id\":\"https:\\\/\\\/qtmm.org\\\/qt\\\/#organization\"},\"potentialAction\":[{\"@type\":\"SearchAction\",\"target\":{\"@type\":\"EntryPoint\",\"urlTemplate\":\"https:\\\/\\\/qtmm.org\\\/qt\\\/?s={search_term_string}\"},\"query-input\":{\"@type\":\"PropertyValueSpecification\",\"valueRequired\":true,\"valueName\":\"search_term_string\"}}],\"inLanguage\":\"qt\"},{\"@type\":\"Organization\",\"@id\":\"https:\\\/\\\/qtmm.org\\\/qt\\\/#organization\",\"name\":\"\u041c\u0435\u0434\u0436\u043b\u0456\u0441\",\"url\":\"https:\\\/\\\/qtmm.org\\\/qt\\\/\",\"logo\":{\"@type\":\"ImageObject\",\"inLanguage\":\"qt\",\"@id\":\"https:\\\/\\\/qtmm.org\\\/qt\\\/#\\\/schema\\\/logo\\\/image\\\/\",\"url\":\"https:\\\/\\\/qtmm.org\\\/wp-content\\\/uploads\\\/2024\\\/12\\\/ua-mejlis-logo-rgb.svg\",\"contentUrl\":\"https:\\\/\\\/qtmm.org\\\/wp-content\\\/uploads\\\/2024\\\/12\\\/ua-mejlis-logo-rgb.svg\",\"caption\":\"\u041c\u0435\u0434\u0436\u043b\u0456\u0441\"},\"image\":{\"@id\":\"https:\\\/\\\/qtmm.org\\\/qt\\\/#\\\/schema\\\/logo\\\/image\\\/\"},\"sameAs\":[\"https:\\\/\\\/www.facebook.com\\\/qtmm.info\\\/\"]},{\"@type\":\"Person\",\"@id\":\"https:\\\/\\\/qtmm.org\\\/qt\\\/#\\\/schema\\\/person\\\/de562469f971dec226ac06e60bbf74a7\",\"name\":\"Developer\",\"image\":{\"@type\":\"ImageObject\",\"inLanguage\":\"qt\",\"@id\":\"https:\\\/\\\/secure.gravatar.com\\\/avatar\\\/392b4cc8fbfeb00b39dfeeab4ee6edded39ffd48e25858637e4765810300227e?s=96&d=mm&r=g\",\"url\":\"https:\\\/\\\/secure.gravatar.com\\\/avatar\\\/392b4cc8fbfeb00b39dfeeab4ee6edded39ffd48e25858637e4765810300227e?s=96&d=mm&r=g\",\"contentUrl\":\"https:\\\/\\\/secure.gravatar.com\\\/avatar\\\/392b4cc8fbfeb00b39dfeeab4ee6edded39ffd48e25858637e4765810300227e?s=96&d=mm&r=g\",\"caption\":\"Developer\"},\"url\":\"https:\\\/\\\/qtmm.org\\\/qt\\\/author\\\/Developer\\\/\"}]}<\/script>\n<!-- \/ Yoast SEO plugin. -->","yoast_head_json":{"title":"Aqmescitte P\u00f6tr Grigorenkon\u0131\u00f1 105 y\u0131ll\u0131\u011f\u0131 \u015ferefine tedbirler ke\u00e7irildi - \u041c\u0435\u0434\u0436\u043b\u0456\u0441","robots":{"index":"index","follow":"follow","max-snippet":"max-snippet:-1","max-image-preview":"max-image-preview:large","max-video-preview":"max-video-preview:-1"},"canonical":"https:\/\/qtmm.org\/qt\/aqmescitte-potr-grigorenkonin-105-yilligi-serefine-tedbirler-kecirildi\/","og_locale":"en_US","og_type":"article","og_title":"Aqmescitte P\u00f6tr Grigorenkon\u0131\u00f1 105 y\u0131ll\u0131\u011f\u0131 \u015ferefine tedbirler ke\u00e7irildi - \u041c\u0435\u0434\u0436\u043b\u0456\u0441","og_description":"16 okt\u00e2br kun. Aqmescitteki Vladimir ve \u00d6lga kilsesinde belli uquqqoruy\u0131c\u0131, dissident, general P\u00f6tr Grigorenkon\u0131\u00f1 ruhuna dua oquld\u0131. K\u00fcnd\u00fcz saat 12-de P\u00f6tr Grigorenkon\u0131\u00f1 ad\u0131na meydandaki eykelge \u00e7e\u00e7ekler qoyuld\u0131. G\u00fcl\u00e7emberler qoymaq i\u00e7\u00fcn Meclis reisini\u00f1 birinci muavini Refat \u00c7ubarov, &#8220;Q\u0131r\u0131m inki\u015faf\u0131 fond\u0131&#8221;n\u0131\u00f1 ba\u015f direktor\u0131 Aleksey Skorik, Meclis azalar\u0131 ve Q\u0131r\u0131m cemaat\u00e7\u0131l\u0131\u011f\u0131n\u0131\u00f1 vekilleri keldiler. &#8220;Bug\u00fcn bizim a\u011fam\u0131z, general\u0131m\u0131z do\u011f\u011fan\u0131na [&hellip;]","og_url":"https:\/\/qtmm.org\/qt\/aqmescitte-potr-grigorenkonin-105-yilligi-serefine-tedbirler-kecirildi\/","og_site_name":"\u041c\u0435\u0434\u0436\u043b\u0456\u0441","article_publisher":"https:\/\/www.facebook.com\/qtmm.info\/","article_published_time":"2012-10-16T11:01:00+00:00","article_modified_time":"2022-01-23T11:02:41+00:00","og_image":[{"width":640,"height":480,"url":"https:\/\/qtmm.org\/wp-content\/uploads\/2022\/01\/507f869a4fc8b.jpeg","type":"image\/jpeg"}],"author":"Developer","twitter_card":"summary_large_image","twitter_misc":{"Written by":"Developer","Est. reading time":"1 minute"},"schema":{"@context":"https:\/\/schema.org","@graph":[{"@type":"Article","@id":"https:\/\/qtmm.org\/qt\/aqmescitte-potr-grigorenkonin-105-yilligi-serefine-tedbirler-kecirildi\/#article","isPartOf":{"@id":"https:\/\/qtmm.org\/qt\/aqmescitte-potr-grigorenkonin-105-yilligi-serefine-tedbirler-kecirildi\/"},"author":{"name":"Developer","@id":"https:\/\/qtmm.org\/qt\/#\/schema\/person\/de562469f971dec226ac06e60bbf74a7"},"headline":"Aqmescitte P\u00f6tr Grigorenkon\u0131\u00f1 105 y\u0131ll\u0131\u011f\u0131 \u015ferefine tedbirler ke\u00e7irildi","datePublished":"2012-10-16T11:01:00+00:00","dateModified":"2022-01-23T11:02:41+00:00","mainEntityOfPage":{"@id":"https:\/\/qtmm.org\/qt\/aqmescitte-potr-grigorenkonin-105-yilligi-serefine-tedbirler-kecirildi\/"},"wordCount":175,"commentCount":0,"publisher":{"@id":"https:\/\/qtmm.org\/qt\/#organization"},"image":{"@id":"https:\/\/qtmm.org\/qt\/aqmescitte-potr-grigorenkonin-105-yilligi-serefine-tedbirler-kecirildi\/#primaryimage"},"thumbnailUrl":"https:\/\/qtmm.org\/wp-content\/uploads\/2022\/01\/507f869a4fc8b.jpeg","articleSection":["Haberler"],"inLanguage":"qt","potentialAction":[{"@type":"CommentAction","name":"Comment","target":["https:\/\/qtmm.org\/qt\/aqmescitte-potr-grigorenkonin-105-yilligi-serefine-tedbirler-kecirildi\/#respond"]}]},{"@type":"WebPage","@id":"https:\/\/qtmm.org\/qt\/aqmescitte-potr-grigorenkonin-105-yilligi-serefine-tedbirler-kecirildi\/","url":"https:\/\/qtmm.org\/qt\/aqmescitte-potr-grigorenkonin-105-yilligi-serefine-tedbirler-kecirildi\/","name":"Aqmescitte P\u00f6tr Grigorenkon\u0131\u00f1 105 y\u0131ll\u0131\u011f\u0131 \u015ferefine tedbirler ke\u00e7irildi - \u041c\u0435\u0434\u0436\u043b\u0456\u0441","isPartOf":{"@id":"https:\/\/qtmm.org\/qt\/#website"},"primaryImageOfPage":{"@id":"https:\/\/qtmm.org\/qt\/aqmescitte-potr-grigorenkonin-105-yilligi-serefine-tedbirler-kecirildi\/#primaryimage"},"image":{"@id":"https:\/\/qtmm.org\/qt\/aqmescitte-potr-grigorenkonin-105-yilligi-serefine-tedbirler-kecirildi\/#primaryimage"},"thumbnailUrl":"https:\/\/qtmm.org\/wp-content\/uploads\/2022\/01\/507f869a4fc8b.jpeg","datePublished":"2012-10-16T11:01:00+00:00","dateModified":"2022-01-23T11:02:41+00:00","breadcrumb":{"@id":"https:\/\/qtmm.org\/qt\/aqmescitte-potr-grigorenkonin-105-yilligi-serefine-tedbirler-kecirildi\/#breadcrumb"},"inLanguage":"qt","potentialAction":[{"@type":"ReadAction","target":["https:\/\/qtmm.org\/qt\/aqmescitte-potr-grigorenkonin-105-yilligi-serefine-tedbirler-kecirildi\/"]}]},{"@type":"ImageObject","inLanguage":"qt","@id":"https:\/\/qtmm.org\/qt\/aqmescitte-potr-grigorenkonin-105-yilligi-serefine-tedbirler-kecirildi\/#primaryimage","url":"https:\/\/qtmm.org\/wp-content\/uploads\/2022\/01\/507f869a4fc8b.jpeg","contentUrl":"https:\/\/qtmm.org\/wp-content\/uploads\/2022\/01\/507f869a4fc8b.jpeg","width":640,"height":480},{"@type":"BreadcrumbList","@id":"https:\/\/qtmm.org\/qt\/aqmescitte-potr-grigorenkonin-105-yilligi-serefine-tedbirler-kecirildi\/#breadcrumb","itemListElement":[{"@type":"ListItem","position":1,"name":"\u0413\u043e\u043b\u043e\u0432\u043d\u0430","item":"https:\/\/qtmm.org\/qt\/"},{"@type":"ListItem","position":2,"name":"Aqmescitte P\u00f6tr Grigorenkon\u0131\u00f1 105 y\u0131ll\u0131\u011f\u0131 \u015ferefine tedbirler ke\u00e7irildi"}]},{"@type":"WebSite","@id":"https:\/\/qtmm.org\/qt\/#website","url":"https:\/\/qtmm.org\/qt\/","name":"\u041c\u0435\u0434\u0436\u043b\u0456\u0441","description":"","publisher":{"@id":"https:\/\/qtmm.org\/qt\/#organization"},"potentialAction":[{"@type":"SearchAction","target":{"@type":"EntryPoint","urlTemplate":"https:\/\/qtmm.org\/qt\/?s={search_term_string}"},"query-input":{"@type":"PropertyValueSpecification","valueRequired":true,"valueName":"search_term_string"}}],"inLanguage":"qt"},{"@type":"Organization","@id":"https:\/\/qtmm.org\/qt\/#organization","name":"\u041c\u0435\u0434\u0436\u043b\u0456\u0441","url":"https:\/\/qtmm.org\/qt\/","logo":{"@type":"ImageObject","inLanguage":"qt","@id":"https:\/\/qtmm.org\/qt\/#\/schema\/logo\/image\/","url":"https:\/\/qtmm.org\/wp-content\/uploads\/2024\/12\/ua-mejlis-logo-rgb.svg","contentUrl":"https:\/\/qtmm.org\/wp-content\/uploads\/2024\/12\/ua-mejlis-logo-rgb.svg","caption":"\u041c\u0435\u0434\u0436\u043b\u0456\u0441"},"image":{"@id":"https:\/\/qtmm.org\/qt\/#\/schema\/logo\/image\/"},"sameAs":["https:\/\/www.facebook.com\/qtmm.info\/"]},{"@type":"Person","@id":"https:\/\/qtmm.org\/qt\/#\/schema\/person\/de562469f971dec226ac06e60bbf74a7","name":"Developer","image":{"@type":"ImageObject","inLanguage":"qt","@id":"https:\/\/secure.gravatar.com\/avatar\/392b4cc8fbfeb00b39dfeeab4ee6edded39ffd48e25858637e4765810300227e?s=96&d=mm&r=g","url":"https:\/\/secure.gravatar.com\/avatar\/392b4cc8fbfeb00b39dfeeab4ee6edded39ffd48e25858637e4765810300227e?s=96&d=mm&r=g","contentUrl":"https:\/\/secure.gravatar.com\/avatar\/392b4cc8fbfeb00b39dfeeab4ee6edded39ffd48e25858637e4765810300227e?s=96&d=mm&r=g","caption":"Developer"},"url":"https:\/\/qtmm.org\/qt\/author\/Developer\/"}]}},"_links":{"self":[{"href":"https:\/\/qtmm.org\/qt\/wp-json\/wp\/v2\/posts\/34797","targetHints":{"allow":["GET"]}}],"collection":[{"href":"https:\/\/qtmm.org\/qt\/wp-json\/wp\/v2\/posts"}],"about":[{"href":"https:\/\/qtmm.org\/qt\/wp-json\/wp\/v2\/types\/post"}],"author":[{"embeddable":true,"href":"https:\/\/qtmm.org\/qt\/wp-json\/wp\/v2\/users\/1"}],"replies":[{"embeddable":true,"href":"https:\/\/qtmm.org\/qt\/wp-json\/wp\/v2\/comments?post=34797"}],"version-history":[{"count":1,"href":"https:\/\/qtmm.org\/qt\/wp-json\/wp\/v2\/posts\/34797\/revisions"}],"predecessor-version":[{"id":34830,"href":"https:\/\/qtmm.org\/qt\/wp-json\/wp\/v2\/posts\/34797\/revisions\/34830"}],"wp:featuredmedia":[{"embeddable":true,"href":"https:\/\/qtmm.org\/qt\/wp-json\/wp\/v2\/media\/34798"}],"wp:attachment":[{"href":"https:\/\/qtmm.org\/qt\/wp-json\/wp\/v2\/media?parent=34797"}],"wp:term":[{"taxonomy":"category","embeddable":true,"href":"https:\/\/qtmm.org\/qt\/wp-json\/wp\/v2\/categories?post=34797"},{"taxonomy":"post_tag","embeddable":true,"href":"https:\/\/qtmm.org\/qt\/wp-json\/wp\/v2\/tags?post=34797"}],"curies":[{"name":"wp","href":"https:\/\/api.w.org\/{rel}","templated":true}]}}