




{"id":34779,"date":"2012-10-15T13:59:00","date_gmt":"2012-10-15T10:59:00","guid":{"rendered":"http:\/\/qtmm.org\/?p=34779"},"modified":"2022-01-23T14:00:54","modified_gmt":"2022-01-23T11:00:54","slug":"bizim-bas-maqsadimiz-qirimtatar-halqi-meclisinen-isbirlik-qurmaq-ve-milliy-aqlarni-qorcalav-saasinda-onin-tecribesini-ogrenmektir","status":"publish","type":"post","link":"https:\/\/qtmm.org\/qt\/bizim-bas-maqsadimiz-qirimtatar-halqi-meclisinen-isbirlik-qurmaq-ve-milliy-aqlarni-qorcalav-saasinda-onin-tecribesini-ogrenmektir\/","title":{"rendered":"Bizim ba\u015f maqsad\u0131m\u0131z Q\u0131r\u0131mtatar halq\u0131 Meclisinen i\u015fbirlik qurmaq ve milliy aqlarn\u0131 qor\u00e7alav saas\u0131nda on\u0131\u00f1 tecribesini \u00f6grenmektir"},"content":{"rendered":"\n<p>Okt\u00e2br 15 k\u00fcn\u00fc Q\u0131r\u0131mtatar halq\u0131 Meclisini\u00f1 ofisinde&nbsp; Meclis reisi Mustafa Cemilev ahisqa t\u00fcrkler delegatsiyas\u0131nen k\u00f6r\u00fc\u015fti. Ahisqa t\u00fcrklerni\u00f1 &#8220;Vatan&#8221; halqara cemiyetini\u00f1 reisi Cavit Aliyev ve Amerikadaki Ahisqa t\u00fcrkleri cemaat merkezini\u00f1 prezidenti \u0130slam \u015eakhbandarov yolba\u015f\u00e7\u0131l\u0131q yapqan&nbsp; delegatsiyan\u0131\u00f1 erk\u00e2n\u0131na Kentukki \u015ftat\u0131ndaki ahisqal\u0131 t\u00fcrkler birle\u015fmesini\u00f1 ba\u015f\u0131 Ayd\u0131n Mamedov, bun\u0131\u00f1 kibi de Amerikadaki Ahisqa t\u00fcrkleri cemaat merkezi prezidentini\u00f1 yard\u0131mc\u0131lar\u0131 Sarvar \u0130smailov ve&nbsp; Halit Muradov kirdiler.<\/p>\n\n\n\n<p>Meclisni k\u00f6r\u00fc\u015f\u00fcvde\u00a0 q\u0131r\u0131mtatar halq\u0131 meclisi reisini\u00f1 birinci muavini\u00a0 Refat \u00c7ubarov ve meclis t\u0131\u015fq\u0131 al\u00e2qalar b\u00f6l\u00fcgini\u00f1 ba\u015f\u0131\u00a0 Ali Hamzin temsil ettiler.<\/p>\n\n\n\n<p>&#8220;Biz q\u0131r\u0131mtatar halq\u0131 ve ahisqal\u0131 t\u00fcrkler milliy areketlerini\u00f1 aras\u0131nda so\u00f1ki on be\u015f y\u0131l i\u00e7inde \u00fcz\u00fclgen ba\u011flarn\u0131 \u011fayr\u0131dan qurmaq i\u00e7\u00fcn keldik . 90-nc\u0131 y\u0131llarn\u0131\u00f1 ba\u015f\u0131nda\u00a0 Moskvada bizler ellerimizni tutu\u015f\u0131p beraber tur\u011fan edik, &#8211; dedi Cavid Aliyev. \u2013 Tarihiy Vatanlar\u0131m\u0131z\u011fa qaytarmalar\u0131n\u0131 beraber talap etik, nazirlik ve idarelerge birlikte qatnad\u0131q. Q\u0131r\u0131mtatarlarn\u0131\u00f1 milliy areketi e\u00f1 m\u00fcim strategik meselelerden birini \u00e7ezip old\u0131 ve halq\u0131n\u0131 Vatan\u011fa qaytard\u0131. Teess\u00fcf ki, biz bu vazifeni eda etip olamad\u0131q ve aqibette bug\u00fcn b\u00fct\u00fcn d\u00fcnya boylap tarqald\u0131q. L\u00e2kin bu\u00f1a baqamadan halq\u0131m\u0131z k\u00fcn kelip, G\u00fcrcistan\u011fa qaytaca\u011f\u0131m\u0131z\u011fa inana&#8221;.<\/p>\n\n\n\n<figure class=\"wp-block-image size-full\"><img loading=\"lazy\" decoding=\"async\" width=\"650\" height=\"400\" src=\"http:\/\/qtmm.org\/wp-content\/uploads\/2022\/01\/2_74.jpeg\" alt=\"\" class=\"wp-image-34784\" srcset=\"https:\/\/qtmm.org\/wp-content\/uploads\/2022\/01\/2_74.jpeg 650w, https:\/\/qtmm.org\/wp-content\/uploads\/2022\/01\/2_74-300x185.jpeg 300w\" sizes=\"auto, (max-width: 650px) 100vw, 650px\" \/><\/figure>\n\n\n\n<p>Amerikadaki Ahisqa t\u00fcrkleri cemaat merkezi delegatsiyas\u0131n\u0131\u00f1&nbsp; Q\u0131r\u0131m\u011fa kelmelerini\u00f1 esas maqsadlar\u0131ndan biri&nbsp; Milliy Meclis ve &#8220;Rusiye s\u00fcrg\u00fcn etilgen halqlar birligi&#8221; aras\u0131nda imzalan\u011fan memorandum boyunca 2013 senesi Q\u0131r\u0131mda ke\u00e7irilmesi planla\u015ft\u0131r\u0131l\u011fan&nbsp; SSSR s\u00fcrg\u00fcn etilgen halqlar\u0131 vekillerini\u00f1 qurultay\u0131nda i\u015ftirak etmek istegidir.&nbsp;<\/p>\n\n\n\n<p>Amerikadan kelgen musafirler&nbsp; \u015fun\u0131 qayd ettiler ki, bu qurultay bazas\u0131nda s\u00fcrg\u00fcn etilgen halqlarn\u0131\u00f1 aqlar\u0131n\u0131 qor\u00e7alav ve \u011fayr\u0131dan tiklev boyunca halqara te\u015fkil\u00e2tn\u0131 meydan\u011fa ketirip, on\u0131\u00f1 erk\u00e2n\u0131na&nbsp; q\u0131r\u0131mtatarlapr, ahisqal\u0131 t\u00fcrkler, qara\u00e7aylar, balqarlar, \u00e7e\u00e7enler, qalm\u0131qlar ve diger halqlar vekillerini kirsetmek teklifinen \u00e7\u0131qacaqlar. &#8220;Bizim ba\u015f maqsad\u0131m\u0131z Q\u0131r\u0131mtatar halq\u0131 Meclisinen i\u015fbirlik qurmaq ve milliy aqlarn\u0131 qor\u00e7alav saas\u0131nda&nbsp; on\u0131\u00f1 tecribesini \u00f6grenmektir&#8221;, &#8211; dediler delegatsiya azalar\u0131.<\/p>\n\n\n\n<p>Mustafa Cemilev\u00a0 k\u00f6r\u00fc\u015f\u00fcv devam\u0131nda\u00a0 Amerikda ya\u015fa\u011fan ahisqal\u0131 t\u00fcrklerni\u00f1 say\u0131s\u0131nen meraqland\u0131. \u0130slam \u015eakhbandarovn\u0131\u00f1 bergen mal\u00fcmat\u0131na k\u00f6re\u00a0 Amerika vatanda\u015fl\u0131\u011f\u0131n\u0131 endi\u00a0 17 000 ahisqal\u0131 t\u00fcrk al\u0131p, olar esasen \u00d6gayo, Kentukki ve Missuri \u015ftatlar\u0131nda ya\u015famaqtalar. On\u0131\u00f1 aytqan\u0131na k\u00f6re\u00a0 tez arada\u00a0 amelge ke\u00e7irilecek programmalar boyunca\u00a0 t\u00fcrkler say\u0131s\u0131n\u0131\u00f1 artmas\u0131\u00a0 6-7 bi\u00f1 insann\u0131 te\u015fkil etecek.<\/p>\n\n\n\n<figure class=\"wp-block-image size-full\"><img loading=\"lazy\" decoding=\"async\" width=\"650\" height=\"400\" src=\"http:\/\/qtmm.org\/wp-content\/uploads\/2022\/01\/3_47.jpeg\" alt=\"\" class=\"wp-image-34788\" srcset=\"https:\/\/qtmm.org\/wp-content\/uploads\/2022\/01\/3_47.jpeg 650w, https:\/\/qtmm.org\/wp-content\/uploads\/2022\/01\/3_47-300x185.jpeg 300w\" sizes=\"auto, (max-width: 650px) 100vw, 650px\" \/><\/figure>\n\n\n\n<p>\u0130slam \u015eakhbandanov&nbsp; Amerikada ahisqal\u0131 t\u00fcrklerge munasebet pek yah\u015f\u0131 ol\u011fan\u0131n\u0131 ve \u00fck\u00fcmet olarn\u0131\u00f1 inki\u015faf etmesi i\u00e7\u00fcn b\u00fct\u00fcn \u015faraitlerni yaratqan\u0131n\u0131 aytt\u0131.&nbsp; Bun\u0131\u00f1 kibi de o, T\u00fcrkiye ve ahisqal\u0131 t\u00fcrklerge qoltutqan siyaset\u00e7i ve kongress azalar\u0131nen \u00f6zara i\u015fan\u00e7 munasebetleri \u015fekillengenini&nbsp; qayd etti. \u0130slam \u015eakhbandanov so\u00f1ki vaq\u0131tta Amerikada musulman mezarl\u0131\u011f\u0131 a\u00e7\u0131l\u011fan\u0131 ve o\u00f1a&nbsp;&nbsp; Ahisqal\u0131 t\u00fcrkler cemiyeti baqqan\u0131, milliy tasil meseleleri \u00e7ezilgeni yani mektep ve mektepkece oquv m\u00fcessiseleri qurul\u011fan\u0131n\u0131 bildirdi.&nbsp;<\/p>\n\n\n\n<p>K\u00f6r\u00fc\u015f\u00fcv devam\u0131nda \u0130slom bey&nbsp; Q\u0131r\u0131mtatar halq\u0131 Meclisini\u00f1 yolba\u015f\u00e7\u0131lar\u0131n\u0131&nbsp; Amerikada okt\u00e2br 30-da olacaq tedbirge davet etti. O\u00f1a&nbsp; Amerikada ya\u015fa\u011fan t\u00fcrkiy halqlarn\u0131\u00f1 vekilleri ve yurt t\u0131\u015f\u0131ndan musafirler kelmesi beklenile.<\/p>\n\n\n\n<p>\u00d6z nevbetinde Refat \u00c7ubarov\u00a0 Meclis ad\u0131ndan musafirlerni\u00a0 Q\u0131r\u0131mtatar halq\u0131 Meclisini\u00f1 reisi Mustafa Cemilev ve q\u0131r\u0131mtatar halq\u0131n\u0131\u00f1 vatan\u011fa qaytuv k\u00fcre\u015fi aqq\u0131nda t\u00fcrkiyeli rejiss\u00f6rlar \u00e7\u0131qar\u011fan &#8220;Q\u0131r\u0131mo\u011flu. Bir halqn\u0131\u00f1 milliy k\u00fcre\u015fi&#8221; adl\u0131 vesiqal\u0131 filmni\u00f1 taqdimine davet etti.<\/p>\n\n\n\n<figure class=\"wp-block-image size-full\"><img loading=\"lazy\" decoding=\"async\" width=\"650\" height=\"400\" src=\"http:\/\/qtmm.org\/wp-content\/uploads\/2022\/01\/4_46.jpeg\" alt=\"\" class=\"wp-image-34792\" srcset=\"https:\/\/qtmm.org\/wp-content\/uploads\/2022\/01\/4_46.jpeg 650w, https:\/\/qtmm.org\/wp-content\/uploads\/2022\/01\/4_46-300x185.jpeg 300w\" sizes=\"auto, (max-width: 650px) 100vw, 650px\" \/><\/figure>\n","protected":false},"excerpt":{"rendered":"<p>Okt\u00e2br 15 k\u00fcn\u00fc Q\u0131r\u0131mtatar halq\u0131 Meclisini\u00f1 ofisinde&nbsp; Meclis reisi Mustafa Cemilev ahisqa t\u00fcrkler delegatsiyas\u0131nen k\u00f6r\u00fc\u015fti. Ahisqa t\u00fcrklerni\u00f1 &#8220;Vatan&#8221; halqara cemiyetini\u00f1 reisi Cavit Aliyev ve Amerikadaki Ahisqa t\u00fcrkleri cemaat merkezini\u00f1 prezidenti \u0130slam \u015eakhbandarov yolba\u015f\u00e7\u0131l\u0131q yapqan&nbsp; delegatsiyan\u0131\u00f1 erk\u00e2n\u0131na Kentukki \u015ftat\u0131ndaki ahisqal\u0131 t\u00fcrkler birle\u015fmesini\u00f1 ba\u015f\u0131 Ayd\u0131n Mamedov, bun\u0131\u00f1 kibi de Amerikadaki Ahisqa t\u00fcrkleri cemaat merkezi prezidentini\u00f1 yard\u0131mc\u0131lar\u0131 Sarvar [&hellip;]<\/p>\n","protected":false},"author":1,"featured_media":34780,"comment_status":"open","ping_status":"open","sticky":false,"template":"","format":"standard","meta":{"inline_featured_image":false,"footnotes":""},"categories":[265],"tags":[],"class_list":["post-34779","post","type-post","status-publish","format-standard","has-post-thumbnail","hentry","category-haberler"],"acf":[],"yoast_head":"<!-- This site is optimized with the Yoast SEO plugin v27.4 - https:\/\/yoast.com\/product\/yoast-seo-wordpress\/ -->\n<title>Bizim ba\u015f maqsad\u0131m\u0131z Q\u0131r\u0131mtatar halq\u0131 Meclisinen i\u015fbirlik qurmaq ve milliy aqlarn\u0131 qor\u00e7alav saas\u0131nda on\u0131\u00f1 tecribesini \u00f6grenmektir - \u041c\u0435\u0434\u0436\u043b\u0456\u0441<\/title>\n<meta name=\"robots\" content=\"index, follow, max-snippet:-1, max-image-preview:large, max-video-preview:-1\" \/>\n<link rel=\"canonical\" href=\"https:\/\/qtmm.org\/qt\/bizim-bas-maqsadimiz-qirimtatar-halqi-meclisinen-isbirlik-qurmaq-ve-milliy-aqlarni-qorcalav-saasinda-onin-tecribesini-ogrenmektir\/\" \/>\n<meta property=\"og:locale\" content=\"en_US\" \/>\n<meta property=\"og:type\" content=\"article\" \/>\n<meta property=\"og:title\" content=\"Bizim ba\u015f maqsad\u0131m\u0131z Q\u0131r\u0131mtatar halq\u0131 Meclisinen i\u015fbirlik qurmaq ve milliy aqlarn\u0131 qor\u00e7alav saas\u0131nda on\u0131\u00f1 tecribesini \u00f6grenmektir - \u041c\u0435\u0434\u0436\u043b\u0456\u0441\" \/>\n<meta property=\"og:description\" content=\"Okt\u00e2br 15 k\u00fcn\u00fc Q\u0131r\u0131mtatar halq\u0131 Meclisini\u00f1 ofisinde&nbsp; Meclis reisi Mustafa Cemilev ahisqa t\u00fcrkler delegatsiyas\u0131nen k\u00f6r\u00fc\u015fti. Ahisqa t\u00fcrklerni\u00f1 &#8220;Vatan&#8221; halqara cemiyetini\u00f1 reisi Cavit Aliyev ve Amerikadaki Ahisqa t\u00fcrkleri cemaat merkezini\u00f1 prezidenti \u0130slam \u015eakhbandarov yolba\u015f\u00e7\u0131l\u0131q yapqan&nbsp; delegatsiyan\u0131\u00f1 erk\u00e2n\u0131na Kentukki \u015ftat\u0131ndaki ahisqal\u0131 t\u00fcrkler birle\u015fmesini\u00f1 ba\u015f\u0131 Ayd\u0131n Mamedov, bun\u0131\u00f1 kibi de Amerikadaki Ahisqa t\u00fcrkleri cemaat merkezi prezidentini\u00f1 yard\u0131mc\u0131lar\u0131 Sarvar [&hellip;]\" \/>\n<meta property=\"og:url\" content=\"https:\/\/qtmm.org\/qt\/bizim-bas-maqsadimiz-qirimtatar-halqi-meclisinen-isbirlik-qurmaq-ve-milliy-aqlarni-qorcalav-saasinda-onin-tecribesini-ogrenmektir\/\" \/>\n<meta property=\"og:site_name\" content=\"\u041c\u0435\u0434\u0436\u043b\u0456\u0441\" \/>\n<meta property=\"article:publisher\" content=\"https:\/\/www.facebook.com\/qtmm.info\/\" \/>\n<meta property=\"article:published_time\" content=\"2012-10-15T10:59:00+00:00\" \/>\n<meta property=\"article:modified_time\" content=\"2022-01-23T11:00:54+00:00\" \/>\n<meta property=\"og:image\" content=\"https:\/\/qtmm.org\/wp-content\/uploads\/2022\/01\/1_70.jpeg\" \/>\n\t<meta property=\"og:image:width\" content=\"650\" \/>\n\t<meta property=\"og:image:height\" content=\"400\" \/>\n\t<meta property=\"og:image:type\" content=\"image\/jpeg\" \/>\n<meta name=\"author\" content=\"Developer\" \/>\n<meta name=\"twitter:card\" content=\"summary_large_image\" \/>\n<meta name=\"twitter:label1\" content=\"Written by\" \/>\n\t<meta name=\"twitter:data1\" content=\"Developer\" \/>\n\t<meta name=\"twitter:label2\" content=\"Est. reading time\" \/>\n\t<meta name=\"twitter:data2\" content=\"3 minutes\" \/>\n<script type=\"application\/ld+json\" class=\"yoast-schema-graph\">{\"@context\":\"https:\\\/\\\/schema.org\",\"@graph\":[{\"@type\":\"Article\",\"@id\":\"https:\\\/\\\/qtmm.org\\\/qt\\\/bizim-bas-maqsadimiz-qirimtatar-halqi-meclisinen-isbirlik-qurmaq-ve-milliy-aqlarni-qorcalav-saasinda-onin-tecribesini-ogrenmektir\\\/#article\",\"isPartOf\":{\"@id\":\"https:\\\/\\\/qtmm.org\\\/qt\\\/bizim-bas-maqsadimiz-qirimtatar-halqi-meclisinen-isbirlik-qurmaq-ve-milliy-aqlarni-qorcalav-saasinda-onin-tecribesini-ogrenmektir\\\/\"},\"author\":{\"name\":\"Developer\",\"@id\":\"https:\\\/\\\/qtmm.org\\\/qt\\\/#\\\/schema\\\/person\\\/de562469f971dec226ac06e60bbf74a7\"},\"headline\":\"Bizim ba\u015f maqsad\u0131m\u0131z Q\u0131r\u0131mtatar halq\u0131 Meclisinen i\u015fbirlik qurmaq ve milliy aqlarn\u0131 qor\u00e7alav saas\u0131nda on\u0131\u00f1 tecribesini \u00f6grenmektir\",\"datePublished\":\"2012-10-15T10:59:00+00:00\",\"dateModified\":\"2022-01-23T11:00:54+00:00\",\"mainEntityOfPage\":{\"@id\":\"https:\\\/\\\/qtmm.org\\\/qt\\\/bizim-bas-maqsadimiz-qirimtatar-halqi-meclisinen-isbirlik-qurmaq-ve-milliy-aqlarni-qorcalav-saasinda-onin-tecribesini-ogrenmektir\\\/\"},\"wordCount\":664,\"commentCount\":0,\"publisher\":{\"@id\":\"https:\\\/\\\/qtmm.org\\\/qt\\\/#organization\"},\"image\":{\"@id\":\"https:\\\/\\\/qtmm.org\\\/qt\\\/bizim-bas-maqsadimiz-qirimtatar-halqi-meclisinen-isbirlik-qurmaq-ve-milliy-aqlarni-qorcalav-saasinda-onin-tecribesini-ogrenmektir\\\/#primaryimage\"},\"thumbnailUrl\":\"https:\\\/\\\/qtmm.org\\\/wp-content\\\/uploads\\\/2022\\\/01\\\/1_70.jpeg\",\"articleSection\":[\"Haberler\"],\"inLanguage\":\"qt\",\"potentialAction\":[{\"@type\":\"CommentAction\",\"name\":\"Comment\",\"target\":[\"https:\\\/\\\/qtmm.org\\\/qt\\\/bizim-bas-maqsadimiz-qirimtatar-halqi-meclisinen-isbirlik-qurmaq-ve-milliy-aqlarni-qorcalav-saasinda-onin-tecribesini-ogrenmektir\\\/#respond\"]}]},{\"@type\":\"WebPage\",\"@id\":\"https:\\\/\\\/qtmm.org\\\/qt\\\/bizim-bas-maqsadimiz-qirimtatar-halqi-meclisinen-isbirlik-qurmaq-ve-milliy-aqlarni-qorcalav-saasinda-onin-tecribesini-ogrenmektir\\\/\",\"url\":\"https:\\\/\\\/qtmm.org\\\/qt\\\/bizim-bas-maqsadimiz-qirimtatar-halqi-meclisinen-isbirlik-qurmaq-ve-milliy-aqlarni-qorcalav-saasinda-onin-tecribesini-ogrenmektir\\\/\",\"name\":\"Bizim ba\u015f maqsad\u0131m\u0131z Q\u0131r\u0131mtatar halq\u0131 Meclisinen i\u015fbirlik qurmaq ve milliy aqlarn\u0131 qor\u00e7alav saas\u0131nda on\u0131\u00f1 tecribesini \u00f6grenmektir - \u041c\u0435\u0434\u0436\u043b\u0456\u0441\",\"isPartOf\":{\"@id\":\"https:\\\/\\\/qtmm.org\\\/qt\\\/#website\"},\"primaryImageOfPage\":{\"@id\":\"https:\\\/\\\/qtmm.org\\\/qt\\\/bizim-bas-maqsadimiz-qirimtatar-halqi-meclisinen-isbirlik-qurmaq-ve-milliy-aqlarni-qorcalav-saasinda-onin-tecribesini-ogrenmektir\\\/#primaryimage\"},\"image\":{\"@id\":\"https:\\\/\\\/qtmm.org\\\/qt\\\/bizim-bas-maqsadimiz-qirimtatar-halqi-meclisinen-isbirlik-qurmaq-ve-milliy-aqlarni-qorcalav-saasinda-onin-tecribesini-ogrenmektir\\\/#primaryimage\"},\"thumbnailUrl\":\"https:\\\/\\\/qtmm.org\\\/wp-content\\\/uploads\\\/2022\\\/01\\\/1_70.jpeg\",\"datePublished\":\"2012-10-15T10:59:00+00:00\",\"dateModified\":\"2022-01-23T11:00:54+00:00\",\"breadcrumb\":{\"@id\":\"https:\\\/\\\/qtmm.org\\\/qt\\\/bizim-bas-maqsadimiz-qirimtatar-halqi-meclisinen-isbirlik-qurmaq-ve-milliy-aqlarni-qorcalav-saasinda-onin-tecribesini-ogrenmektir\\\/#breadcrumb\"},\"inLanguage\":\"qt\",\"potentialAction\":[{\"@type\":\"ReadAction\",\"target\":[\"https:\\\/\\\/qtmm.org\\\/qt\\\/bizim-bas-maqsadimiz-qirimtatar-halqi-meclisinen-isbirlik-qurmaq-ve-milliy-aqlarni-qorcalav-saasinda-onin-tecribesini-ogrenmektir\\\/\"]}]},{\"@type\":\"ImageObject\",\"inLanguage\":\"qt\",\"@id\":\"https:\\\/\\\/qtmm.org\\\/qt\\\/bizim-bas-maqsadimiz-qirimtatar-halqi-meclisinen-isbirlik-qurmaq-ve-milliy-aqlarni-qorcalav-saasinda-onin-tecribesini-ogrenmektir\\\/#primaryimage\",\"url\":\"https:\\\/\\\/qtmm.org\\\/wp-content\\\/uploads\\\/2022\\\/01\\\/1_70.jpeg\",\"contentUrl\":\"https:\\\/\\\/qtmm.org\\\/wp-content\\\/uploads\\\/2022\\\/01\\\/1_70.jpeg\",\"width\":650,\"height\":400},{\"@type\":\"BreadcrumbList\",\"@id\":\"https:\\\/\\\/qtmm.org\\\/qt\\\/bizim-bas-maqsadimiz-qirimtatar-halqi-meclisinen-isbirlik-qurmaq-ve-milliy-aqlarni-qorcalav-saasinda-onin-tecribesini-ogrenmektir\\\/#breadcrumb\",\"itemListElement\":[{\"@type\":\"ListItem\",\"position\":1,\"name\":\"\u0413\u043e\u043b\u043e\u0432\u043d\u0430\",\"item\":\"https:\\\/\\\/qtmm.org\\\/qt\\\/\"},{\"@type\":\"ListItem\",\"position\":2,\"name\":\"Bizim ba\u015f maqsad\u0131m\u0131z Q\u0131r\u0131mtatar halq\u0131 Meclisinen i\u015fbirlik qurmaq ve milliy aqlarn\u0131 qor\u00e7alav saas\u0131nda on\u0131\u00f1 tecribesini \u00f6grenmektir\"}]},{\"@type\":\"WebSite\",\"@id\":\"https:\\\/\\\/qtmm.org\\\/qt\\\/#website\",\"url\":\"https:\\\/\\\/qtmm.org\\\/qt\\\/\",\"name\":\"\u041c\u0435\u0434\u0436\u043b\u0456\u0441\",\"description\":\"\",\"publisher\":{\"@id\":\"https:\\\/\\\/qtmm.org\\\/qt\\\/#organization\"},\"potentialAction\":[{\"@type\":\"SearchAction\",\"target\":{\"@type\":\"EntryPoint\",\"urlTemplate\":\"https:\\\/\\\/qtmm.org\\\/qt\\\/?s={search_term_string}\"},\"query-input\":{\"@type\":\"PropertyValueSpecification\",\"valueRequired\":true,\"valueName\":\"search_term_string\"}}],\"inLanguage\":\"qt\"},{\"@type\":\"Organization\",\"@id\":\"https:\\\/\\\/qtmm.org\\\/qt\\\/#organization\",\"name\":\"\u041c\u0435\u0434\u0436\u043b\u0456\u0441\",\"url\":\"https:\\\/\\\/qtmm.org\\\/qt\\\/\",\"logo\":{\"@type\":\"ImageObject\",\"inLanguage\":\"qt\",\"@id\":\"https:\\\/\\\/qtmm.org\\\/qt\\\/#\\\/schema\\\/logo\\\/image\\\/\",\"url\":\"https:\\\/\\\/qtmm.org\\\/wp-content\\\/uploads\\\/2024\\\/12\\\/ua-mejlis-logo-rgb.svg\",\"contentUrl\":\"https:\\\/\\\/qtmm.org\\\/wp-content\\\/uploads\\\/2024\\\/12\\\/ua-mejlis-logo-rgb.svg\",\"caption\":\"\u041c\u0435\u0434\u0436\u043b\u0456\u0441\"},\"image\":{\"@id\":\"https:\\\/\\\/qtmm.org\\\/qt\\\/#\\\/schema\\\/logo\\\/image\\\/\"},\"sameAs\":[\"https:\\\/\\\/www.facebook.com\\\/qtmm.info\\\/\"]},{\"@type\":\"Person\",\"@id\":\"https:\\\/\\\/qtmm.org\\\/qt\\\/#\\\/schema\\\/person\\\/de562469f971dec226ac06e60bbf74a7\",\"name\":\"Developer\",\"image\":{\"@type\":\"ImageObject\",\"inLanguage\":\"qt\",\"@id\":\"https:\\\/\\\/secure.gravatar.com\\\/avatar\\\/392b4cc8fbfeb00b39dfeeab4ee6edded39ffd48e25858637e4765810300227e?s=96&d=mm&r=g\",\"url\":\"https:\\\/\\\/secure.gravatar.com\\\/avatar\\\/392b4cc8fbfeb00b39dfeeab4ee6edded39ffd48e25858637e4765810300227e?s=96&d=mm&r=g\",\"contentUrl\":\"https:\\\/\\\/secure.gravatar.com\\\/avatar\\\/392b4cc8fbfeb00b39dfeeab4ee6edded39ffd48e25858637e4765810300227e?s=96&d=mm&r=g\",\"caption\":\"Developer\"},\"url\":\"https:\\\/\\\/qtmm.org\\\/qt\\\/author\\\/Developer\\\/\"}]}<\/script>\n<!-- \/ Yoast SEO plugin. -->","yoast_head_json":{"title":"Bizim ba\u015f maqsad\u0131m\u0131z Q\u0131r\u0131mtatar halq\u0131 Meclisinen i\u015fbirlik qurmaq ve milliy aqlarn\u0131 qor\u00e7alav saas\u0131nda on\u0131\u00f1 tecribesini \u00f6grenmektir - \u041c\u0435\u0434\u0436\u043b\u0456\u0441","robots":{"index":"index","follow":"follow","max-snippet":"max-snippet:-1","max-image-preview":"max-image-preview:large","max-video-preview":"max-video-preview:-1"},"canonical":"https:\/\/qtmm.org\/qt\/bizim-bas-maqsadimiz-qirimtatar-halqi-meclisinen-isbirlik-qurmaq-ve-milliy-aqlarni-qorcalav-saasinda-onin-tecribesini-ogrenmektir\/","og_locale":"en_US","og_type":"article","og_title":"Bizim ba\u015f maqsad\u0131m\u0131z Q\u0131r\u0131mtatar halq\u0131 Meclisinen i\u015fbirlik qurmaq ve milliy aqlarn\u0131 qor\u00e7alav saas\u0131nda on\u0131\u00f1 tecribesini \u00f6grenmektir - \u041c\u0435\u0434\u0436\u043b\u0456\u0441","og_description":"Okt\u00e2br 15 k\u00fcn\u00fc Q\u0131r\u0131mtatar halq\u0131 Meclisini\u00f1 ofisinde&nbsp; Meclis reisi Mustafa Cemilev ahisqa t\u00fcrkler delegatsiyas\u0131nen k\u00f6r\u00fc\u015fti. Ahisqa t\u00fcrklerni\u00f1 &#8220;Vatan&#8221; halqara cemiyetini\u00f1 reisi Cavit Aliyev ve Amerikadaki Ahisqa t\u00fcrkleri cemaat merkezini\u00f1 prezidenti \u0130slam \u015eakhbandarov yolba\u015f\u00e7\u0131l\u0131q yapqan&nbsp; delegatsiyan\u0131\u00f1 erk\u00e2n\u0131na Kentukki \u015ftat\u0131ndaki ahisqal\u0131 t\u00fcrkler birle\u015fmesini\u00f1 ba\u015f\u0131 Ayd\u0131n Mamedov, bun\u0131\u00f1 kibi de Amerikadaki Ahisqa t\u00fcrkleri cemaat merkezi prezidentini\u00f1 yard\u0131mc\u0131lar\u0131 Sarvar [&hellip;]","og_url":"https:\/\/qtmm.org\/qt\/bizim-bas-maqsadimiz-qirimtatar-halqi-meclisinen-isbirlik-qurmaq-ve-milliy-aqlarni-qorcalav-saasinda-onin-tecribesini-ogrenmektir\/","og_site_name":"\u041c\u0435\u0434\u0436\u043b\u0456\u0441","article_publisher":"https:\/\/www.facebook.com\/qtmm.info\/","article_published_time":"2012-10-15T10:59:00+00:00","article_modified_time":"2022-01-23T11:00:54+00:00","og_image":[{"width":650,"height":400,"url":"https:\/\/qtmm.org\/wp-content\/uploads\/2022\/01\/1_70.jpeg","type":"image\/jpeg"}],"author":"Developer","twitter_card":"summary_large_image","twitter_misc":{"Written by":"Developer","Est. reading time":"3 minutes"},"schema":{"@context":"https:\/\/schema.org","@graph":[{"@type":"Article","@id":"https:\/\/qtmm.org\/qt\/bizim-bas-maqsadimiz-qirimtatar-halqi-meclisinen-isbirlik-qurmaq-ve-milliy-aqlarni-qorcalav-saasinda-onin-tecribesini-ogrenmektir\/#article","isPartOf":{"@id":"https:\/\/qtmm.org\/qt\/bizim-bas-maqsadimiz-qirimtatar-halqi-meclisinen-isbirlik-qurmaq-ve-milliy-aqlarni-qorcalav-saasinda-onin-tecribesini-ogrenmektir\/"},"author":{"name":"Developer","@id":"https:\/\/qtmm.org\/qt\/#\/schema\/person\/de562469f971dec226ac06e60bbf74a7"},"headline":"Bizim ba\u015f maqsad\u0131m\u0131z Q\u0131r\u0131mtatar halq\u0131 Meclisinen i\u015fbirlik qurmaq ve milliy aqlarn\u0131 qor\u00e7alav saas\u0131nda on\u0131\u00f1 tecribesini \u00f6grenmektir","datePublished":"2012-10-15T10:59:00+00:00","dateModified":"2022-01-23T11:00:54+00:00","mainEntityOfPage":{"@id":"https:\/\/qtmm.org\/qt\/bizim-bas-maqsadimiz-qirimtatar-halqi-meclisinen-isbirlik-qurmaq-ve-milliy-aqlarni-qorcalav-saasinda-onin-tecribesini-ogrenmektir\/"},"wordCount":664,"commentCount":0,"publisher":{"@id":"https:\/\/qtmm.org\/qt\/#organization"},"image":{"@id":"https:\/\/qtmm.org\/qt\/bizim-bas-maqsadimiz-qirimtatar-halqi-meclisinen-isbirlik-qurmaq-ve-milliy-aqlarni-qorcalav-saasinda-onin-tecribesini-ogrenmektir\/#primaryimage"},"thumbnailUrl":"https:\/\/qtmm.org\/wp-content\/uploads\/2022\/01\/1_70.jpeg","articleSection":["Haberler"],"inLanguage":"qt","potentialAction":[{"@type":"CommentAction","name":"Comment","target":["https:\/\/qtmm.org\/qt\/bizim-bas-maqsadimiz-qirimtatar-halqi-meclisinen-isbirlik-qurmaq-ve-milliy-aqlarni-qorcalav-saasinda-onin-tecribesini-ogrenmektir\/#respond"]}]},{"@type":"WebPage","@id":"https:\/\/qtmm.org\/qt\/bizim-bas-maqsadimiz-qirimtatar-halqi-meclisinen-isbirlik-qurmaq-ve-milliy-aqlarni-qorcalav-saasinda-onin-tecribesini-ogrenmektir\/","url":"https:\/\/qtmm.org\/qt\/bizim-bas-maqsadimiz-qirimtatar-halqi-meclisinen-isbirlik-qurmaq-ve-milliy-aqlarni-qorcalav-saasinda-onin-tecribesini-ogrenmektir\/","name":"Bizim ba\u015f maqsad\u0131m\u0131z Q\u0131r\u0131mtatar halq\u0131 Meclisinen i\u015fbirlik qurmaq ve milliy aqlarn\u0131 qor\u00e7alav saas\u0131nda on\u0131\u00f1 tecribesini \u00f6grenmektir - \u041c\u0435\u0434\u0436\u043b\u0456\u0441","isPartOf":{"@id":"https:\/\/qtmm.org\/qt\/#website"},"primaryImageOfPage":{"@id":"https:\/\/qtmm.org\/qt\/bizim-bas-maqsadimiz-qirimtatar-halqi-meclisinen-isbirlik-qurmaq-ve-milliy-aqlarni-qorcalav-saasinda-onin-tecribesini-ogrenmektir\/#primaryimage"},"image":{"@id":"https:\/\/qtmm.org\/qt\/bizim-bas-maqsadimiz-qirimtatar-halqi-meclisinen-isbirlik-qurmaq-ve-milliy-aqlarni-qorcalav-saasinda-onin-tecribesini-ogrenmektir\/#primaryimage"},"thumbnailUrl":"https:\/\/qtmm.org\/wp-content\/uploads\/2022\/01\/1_70.jpeg","datePublished":"2012-10-15T10:59:00+00:00","dateModified":"2022-01-23T11:00:54+00:00","breadcrumb":{"@id":"https:\/\/qtmm.org\/qt\/bizim-bas-maqsadimiz-qirimtatar-halqi-meclisinen-isbirlik-qurmaq-ve-milliy-aqlarni-qorcalav-saasinda-onin-tecribesini-ogrenmektir\/#breadcrumb"},"inLanguage":"qt","potentialAction":[{"@type":"ReadAction","target":["https:\/\/qtmm.org\/qt\/bizim-bas-maqsadimiz-qirimtatar-halqi-meclisinen-isbirlik-qurmaq-ve-milliy-aqlarni-qorcalav-saasinda-onin-tecribesini-ogrenmektir\/"]}]},{"@type":"ImageObject","inLanguage":"qt","@id":"https:\/\/qtmm.org\/qt\/bizim-bas-maqsadimiz-qirimtatar-halqi-meclisinen-isbirlik-qurmaq-ve-milliy-aqlarni-qorcalav-saasinda-onin-tecribesini-ogrenmektir\/#primaryimage","url":"https:\/\/qtmm.org\/wp-content\/uploads\/2022\/01\/1_70.jpeg","contentUrl":"https:\/\/qtmm.org\/wp-content\/uploads\/2022\/01\/1_70.jpeg","width":650,"height":400},{"@type":"BreadcrumbList","@id":"https:\/\/qtmm.org\/qt\/bizim-bas-maqsadimiz-qirimtatar-halqi-meclisinen-isbirlik-qurmaq-ve-milliy-aqlarni-qorcalav-saasinda-onin-tecribesini-ogrenmektir\/#breadcrumb","itemListElement":[{"@type":"ListItem","position":1,"name":"\u0413\u043e\u043b\u043e\u0432\u043d\u0430","item":"https:\/\/qtmm.org\/qt\/"},{"@type":"ListItem","position":2,"name":"Bizim ba\u015f maqsad\u0131m\u0131z Q\u0131r\u0131mtatar halq\u0131 Meclisinen i\u015fbirlik qurmaq ve milliy aqlarn\u0131 qor\u00e7alav saas\u0131nda on\u0131\u00f1 tecribesini \u00f6grenmektir"}]},{"@type":"WebSite","@id":"https:\/\/qtmm.org\/qt\/#website","url":"https:\/\/qtmm.org\/qt\/","name":"\u041c\u0435\u0434\u0436\u043b\u0456\u0441","description":"","publisher":{"@id":"https:\/\/qtmm.org\/qt\/#organization"},"potentialAction":[{"@type":"SearchAction","target":{"@type":"EntryPoint","urlTemplate":"https:\/\/qtmm.org\/qt\/?s={search_term_string}"},"query-input":{"@type":"PropertyValueSpecification","valueRequired":true,"valueName":"search_term_string"}}],"inLanguage":"qt"},{"@type":"Organization","@id":"https:\/\/qtmm.org\/qt\/#organization","name":"\u041c\u0435\u0434\u0436\u043b\u0456\u0441","url":"https:\/\/qtmm.org\/qt\/","logo":{"@type":"ImageObject","inLanguage":"qt","@id":"https:\/\/qtmm.org\/qt\/#\/schema\/logo\/image\/","url":"https:\/\/qtmm.org\/wp-content\/uploads\/2024\/12\/ua-mejlis-logo-rgb.svg","contentUrl":"https:\/\/qtmm.org\/wp-content\/uploads\/2024\/12\/ua-mejlis-logo-rgb.svg","caption":"\u041c\u0435\u0434\u0436\u043b\u0456\u0441"},"image":{"@id":"https:\/\/qtmm.org\/qt\/#\/schema\/logo\/image\/"},"sameAs":["https:\/\/www.facebook.com\/qtmm.info\/"]},{"@type":"Person","@id":"https:\/\/qtmm.org\/qt\/#\/schema\/person\/de562469f971dec226ac06e60bbf74a7","name":"Developer","image":{"@type":"ImageObject","inLanguage":"qt","@id":"https:\/\/secure.gravatar.com\/avatar\/392b4cc8fbfeb00b39dfeeab4ee6edded39ffd48e25858637e4765810300227e?s=96&d=mm&r=g","url":"https:\/\/secure.gravatar.com\/avatar\/392b4cc8fbfeb00b39dfeeab4ee6edded39ffd48e25858637e4765810300227e?s=96&d=mm&r=g","contentUrl":"https:\/\/secure.gravatar.com\/avatar\/392b4cc8fbfeb00b39dfeeab4ee6edded39ffd48e25858637e4765810300227e?s=96&d=mm&r=g","caption":"Developer"},"url":"https:\/\/qtmm.org\/qt\/author\/Developer\/"}]}},"_links":{"self":[{"href":"https:\/\/qtmm.org\/qt\/wp-json\/wp\/v2\/posts\/34779","targetHints":{"allow":["GET"]}}],"collection":[{"href":"https:\/\/qtmm.org\/qt\/wp-json\/wp\/v2\/posts"}],"about":[{"href":"https:\/\/qtmm.org\/qt\/wp-json\/wp\/v2\/types\/post"}],"author":[{"embeddable":true,"href":"https:\/\/qtmm.org\/qt\/wp-json\/wp\/v2\/users\/1"}],"replies":[{"embeddable":true,"href":"https:\/\/qtmm.org\/qt\/wp-json\/wp\/v2\/comments?post=34779"}],"version-history":[{"count":1,"href":"https:\/\/qtmm.org\/qt\/wp-json\/wp\/v2\/posts\/34779\/revisions"}],"predecessor-version":[{"id":34796,"href":"https:\/\/qtmm.org\/qt\/wp-json\/wp\/v2\/posts\/34779\/revisions\/34796"}],"wp:featuredmedia":[{"embeddable":true,"href":"https:\/\/qtmm.org\/qt\/wp-json\/wp\/v2\/media\/34780"}],"wp:attachment":[{"href":"https:\/\/qtmm.org\/qt\/wp-json\/wp\/v2\/media?parent=34779"}],"wp:term":[{"taxonomy":"category","embeddable":true,"href":"https:\/\/qtmm.org\/qt\/wp-json\/wp\/v2\/categories?post=34779"},{"taxonomy":"post_tag","embeddable":true,"href":"https:\/\/qtmm.org\/qt\/wp-json\/wp\/v2\/tags?post=34779"}],"curies":[{"name":"wp","href":"https:\/\/api.w.org\/{rel}","templated":true}]}}