




{"id":34777,"date":"2012-10-15T13:58:00","date_gmt":"2012-10-15T10:58:00","guid":{"rendered":"http:\/\/qtmm.org\/?p=34777"},"modified":"2022-01-23T13:59:12","modified_gmt":"2022-01-23T10:59:12","slug":"qirim-muhtar-cumhuriyetinin-istinaf-mahkemesi-meclis-reisi-matbuat-katibinin-aqmescit-seeri-tsentralniy-rayon-mahkemesinin-qararina-acqan-istinaf-davasini-qanaatlendirip-enver-ametovnin-davasini-qabu","status":"publish","type":"post","link":"https:\/\/qtmm.org\/qt\/qirim-muhtar-cumhuriyetinin-istinaf-mahkemesi-meclis-reisi-matbuat-katibinin-aqmescit-seeri-tsentralniy-rayon-mahkemesinin-qararina-acqan-istinaf-davasini-qanaatlendirip-enver-ametovnin-davasini-qabu\/","title":{"rendered":"Q\u0131r\u0131m Muhtar Cumhuriyetini\u00f1 \u0130stinaf mahkemesi Meclis reisi matbuat k\u00e2tibini\u00f1 Aqmescit \u015feeri Tsentraln\u0131y rayon mahkemesini\u00f1 qarar\u0131na a\u00e7qan istinaf davas\u0131n\u0131 qanaatlendirip, Enver Ametovn\u0131\u00f1 davas\u0131n\u0131 qabul etmedi"},"content":{"rendered":"\n<p>2012 senesi okt\u00e2br 15 k\u00fcn\u00fc Q\u0131r\u0131m Muhtar Cumhuriyetini\u00f1 \u0130stinaf mahkemesi Meclis reisini\u00f1 k\u00e2tibi Liliya M\u00fcslimova ve on\u0131\u00f1 advokat\u0131<\/p>\n\n\n\n<p>Yekaterina Mamutovan\u0131\u00f1 istinaf davas\u0131n\u0131 baq\u0131p, Aqmescit \u015feeri Tsentraln\u0131y rayon mahkemesini\u00f1 2012 senesi avgust 21-de Enver Ametovn\u0131\u00f1 Liliya M\u00fcslimova\u011fa nisbeten degeri, namus\u0131n\u0131 qor\u00e7alav ve maneviy zarar \u00f6denilmesi aqq\u0131nda davas\u0131 boyunca al\u011fan qarar\u0131n\u0131 l\u00e2\u011fu etmek qarar\u0131n\u0131 \u00e7\u0131qard\u0131.<\/p>\n\n\n\n<p>Mahkemede reislik yapqan akem \u0130.\u0130. Bere\u015f\u00e7anskaya Liliya M\u00fcslimovan\u0131\u00f1 istinaf davas\u0131 boyunca qararn\u0131 seslendirerek, bun\u0131\u00f1 kibi Enver Ametovn\u0131\u00f1 davas\u0131 qanaatlendirilmegenini il\u00e2n etti<\/p>\n","protected":false},"excerpt":{"rendered":"<p>2012 senesi okt\u00e2br 15 k\u00fcn\u00fc Q\u0131r\u0131m Muhtar Cumhuriyetini\u00f1 \u0130stinaf mahkemesi Meclis reisini\u00f1 k\u00e2tibi Liliya M\u00fcslimova ve on\u0131\u00f1 advokat\u0131 Yekaterina Mamutovan\u0131\u00f1 istinaf davas\u0131n\u0131 baq\u0131p, Aqmescit \u015feeri Tsentraln\u0131y rayon mahkemesini\u00f1 2012 senesi avgust 21-de Enver Ametovn\u0131\u00f1 Liliya M\u00fcslimova\u011fa nisbeten degeri, namus\u0131n\u0131 qor\u00e7alav ve maneviy zarar \u00f6denilmesi aqq\u0131nda davas\u0131 boyunca al\u011fan qarar\u0131n\u0131 l\u00e2\u011fu etmek qarar\u0131n\u0131 \u00e7\u0131qard\u0131. Mahkemede reislik [&hellip;]<\/p>\n","protected":false},"author":1,"featured_media":0,"comment_status":"open","ping_status":"open","sticky":false,"template":"","format":"standard","meta":{"inline_featured_image":false,"footnotes":""},"categories":[265],"tags":[],"class_list":["post-34777","post","type-post","status-publish","format-standard","hentry","category-haberler"],"acf":[],"yoast_head":"<!-- This site is optimized with the Yoast SEO plugin v27.4 - https:\/\/yoast.com\/product\/yoast-seo-wordpress\/ -->\n<title>Q\u0131r\u0131m Muhtar Cumhuriyetini\u00f1 \u0130stinaf mahkemesi Meclis reisi matbuat k\u00e2tibini\u00f1 Aqmescit \u015feeri Tsentraln\u0131y rayon mahkemesini\u00f1 qarar\u0131na a\u00e7qan istinaf davas\u0131n\u0131 qanaatlendirip, Enver Ametovn\u0131\u00f1 davas\u0131n\u0131 qabul etmedi - \u041c\u0435\u0434\u0436\u043b\u0456\u0441<\/title>\n<meta name=\"robots\" content=\"index, follow, max-snippet:-1, max-image-preview:large, max-video-preview:-1\" \/>\n<link rel=\"canonical\" href=\"https:\/\/qtmm.org\/qt\/qirim-muhtar-cumhuriyetinin-istinaf-mahkemesi-meclis-reisi-matbuat-katibinin-aqmescit-seeri-tsentralniy-rayon-mahkemesinin-qararina-acqan-istinaf-davasini-qanaatlendirip-enver-ametovnin-davasini-qabu\/\" \/>\n<meta property=\"og:locale\" content=\"en_US\" \/>\n<meta property=\"og:type\" content=\"article\" \/>\n<meta property=\"og:title\" content=\"Q\u0131r\u0131m Muhtar Cumhuriyetini\u00f1 \u0130stinaf mahkemesi Meclis reisi matbuat k\u00e2tibini\u00f1 Aqmescit \u015feeri Tsentraln\u0131y rayon mahkemesini\u00f1 qarar\u0131na a\u00e7qan istinaf davas\u0131n\u0131 qanaatlendirip, Enver Ametovn\u0131\u00f1 davas\u0131n\u0131 qabul etmedi - \u041c\u0435\u0434\u0436\u043b\u0456\u0441\" \/>\n<meta property=\"og:description\" content=\"2012 senesi okt\u00e2br 15 k\u00fcn\u00fc Q\u0131r\u0131m Muhtar Cumhuriyetini\u00f1 \u0130stinaf mahkemesi Meclis reisini\u00f1 k\u00e2tibi Liliya M\u00fcslimova ve on\u0131\u00f1 advokat\u0131 Yekaterina Mamutovan\u0131\u00f1 istinaf davas\u0131n\u0131 baq\u0131p, Aqmescit \u015feeri Tsentraln\u0131y rayon mahkemesini\u00f1 2012 senesi avgust 21-de Enver Ametovn\u0131\u00f1 Liliya M\u00fcslimova\u011fa nisbeten degeri, namus\u0131n\u0131 qor\u00e7alav ve maneviy zarar \u00f6denilmesi aqq\u0131nda davas\u0131 boyunca al\u011fan qarar\u0131n\u0131 l\u00e2\u011fu etmek qarar\u0131n\u0131 \u00e7\u0131qard\u0131. Mahkemede reislik [&hellip;]\" \/>\n<meta property=\"og:url\" content=\"https:\/\/qtmm.org\/qt\/qirim-muhtar-cumhuriyetinin-istinaf-mahkemesi-meclis-reisi-matbuat-katibinin-aqmescit-seeri-tsentralniy-rayon-mahkemesinin-qararina-acqan-istinaf-davasini-qanaatlendirip-enver-ametovnin-davasini-qabu\/\" \/>\n<meta property=\"og:site_name\" content=\"\u041c\u0435\u0434\u0436\u043b\u0456\u0441\" \/>\n<meta property=\"article:publisher\" content=\"https:\/\/www.facebook.com\/qtmm.info\/\" \/>\n<meta property=\"article:published_time\" content=\"2012-10-15T10:58:00+00:00\" \/>\n<meta property=\"article:modified_time\" content=\"2022-01-23T10:59:12+00:00\" \/>\n<meta name=\"author\" content=\"Developer\" \/>\n<meta name=\"twitter:card\" content=\"summary_large_image\" \/>\n<meta name=\"twitter:label1\" content=\"Written by\" \/>\n\t<meta name=\"twitter:data1\" content=\"Developer\" \/>\n<script type=\"application\/ld+json\" class=\"yoast-schema-graph\">{\"@context\":\"https:\\\/\\\/schema.org\",\"@graph\":[{\"@type\":\"Article\",\"@id\":\"https:\\\/\\\/qtmm.org\\\/qt\\\/qirim-muhtar-cumhuriyetinin-istinaf-mahkemesi-meclis-reisi-matbuat-katibinin-aqmescit-seeri-tsentralniy-rayon-mahkemesinin-qararina-acqan-istinaf-davasini-qanaatlendirip-enver-ametovnin-davasini-qabu\\\/#article\",\"isPartOf\":{\"@id\":\"https:\\\/\\\/qtmm.org\\\/qt\\\/qirim-muhtar-cumhuriyetinin-istinaf-mahkemesi-meclis-reisi-matbuat-katibinin-aqmescit-seeri-tsentralniy-rayon-mahkemesinin-qararina-acqan-istinaf-davasini-qanaatlendirip-enver-ametovnin-davasini-qabu\\\/\"},\"author\":{\"name\":\"Developer\",\"@id\":\"https:\\\/\\\/qtmm.org\\\/qt\\\/#\\\/schema\\\/person\\\/de562469f971dec226ac06e60bbf74a7\"},\"headline\":\"Q\u0131r\u0131m Muhtar Cumhuriyetini\u00f1 \u0130stinaf mahkemesi Meclis reisi matbuat k\u00e2tibini\u00f1 Aqmescit \u015feeri Tsentraln\u0131y rayon mahkemesini\u00f1 qarar\u0131na a\u00e7qan istinaf davas\u0131n\u0131 qanaatlendirip, Enver Ametovn\u0131\u00f1 davas\u0131n\u0131 qabul etmedi\",\"datePublished\":\"2012-10-15T10:58:00+00:00\",\"dateModified\":\"2022-01-23T10:59:12+00:00\",\"mainEntityOfPage\":{\"@id\":\"https:\\\/\\\/qtmm.org\\\/qt\\\/qirim-muhtar-cumhuriyetinin-istinaf-mahkemesi-meclis-reisi-matbuat-katibinin-aqmescit-seeri-tsentralniy-rayon-mahkemesinin-qararina-acqan-istinaf-davasini-qanaatlendirip-enver-ametovnin-davasini-qabu\\\/\"},\"wordCount\":123,\"commentCount\":0,\"publisher\":{\"@id\":\"https:\\\/\\\/qtmm.org\\\/qt\\\/#organization\"},\"articleSection\":[\"Haberler\"],\"inLanguage\":\"qt\",\"potentialAction\":[{\"@type\":\"CommentAction\",\"name\":\"Comment\",\"target\":[\"https:\\\/\\\/qtmm.org\\\/qt\\\/qirim-muhtar-cumhuriyetinin-istinaf-mahkemesi-meclis-reisi-matbuat-katibinin-aqmescit-seeri-tsentralniy-rayon-mahkemesinin-qararina-acqan-istinaf-davasini-qanaatlendirip-enver-ametovnin-davasini-qabu\\\/#respond\"]}]},{\"@type\":\"WebPage\",\"@id\":\"https:\\\/\\\/qtmm.org\\\/qt\\\/qirim-muhtar-cumhuriyetinin-istinaf-mahkemesi-meclis-reisi-matbuat-katibinin-aqmescit-seeri-tsentralniy-rayon-mahkemesinin-qararina-acqan-istinaf-davasini-qanaatlendirip-enver-ametovnin-davasini-qabu\\\/\",\"url\":\"https:\\\/\\\/qtmm.org\\\/qt\\\/qirim-muhtar-cumhuriyetinin-istinaf-mahkemesi-meclis-reisi-matbuat-katibinin-aqmescit-seeri-tsentralniy-rayon-mahkemesinin-qararina-acqan-istinaf-davasini-qanaatlendirip-enver-ametovnin-davasini-qabu\\\/\",\"name\":\"Q\u0131r\u0131m Muhtar Cumhuriyetini\u00f1 \u0130stinaf mahkemesi Meclis reisi matbuat k\u00e2tibini\u00f1 Aqmescit \u015feeri Tsentraln\u0131y rayon mahkemesini\u00f1 qarar\u0131na a\u00e7qan istinaf davas\u0131n\u0131 qanaatlendirip, Enver Ametovn\u0131\u00f1 davas\u0131n\u0131 qabul etmedi - \u041c\u0435\u0434\u0436\u043b\u0456\u0441\",\"isPartOf\":{\"@id\":\"https:\\\/\\\/qtmm.org\\\/qt\\\/#website\"},\"datePublished\":\"2012-10-15T10:58:00+00:00\",\"dateModified\":\"2022-01-23T10:59:12+00:00\",\"breadcrumb\":{\"@id\":\"https:\\\/\\\/qtmm.org\\\/qt\\\/qirim-muhtar-cumhuriyetinin-istinaf-mahkemesi-meclis-reisi-matbuat-katibinin-aqmescit-seeri-tsentralniy-rayon-mahkemesinin-qararina-acqan-istinaf-davasini-qanaatlendirip-enver-ametovnin-davasini-qabu\\\/#breadcrumb\"},\"inLanguage\":\"qt\",\"potentialAction\":[{\"@type\":\"ReadAction\",\"target\":[\"https:\\\/\\\/qtmm.org\\\/qt\\\/qirim-muhtar-cumhuriyetinin-istinaf-mahkemesi-meclis-reisi-matbuat-katibinin-aqmescit-seeri-tsentralniy-rayon-mahkemesinin-qararina-acqan-istinaf-davasini-qanaatlendirip-enver-ametovnin-davasini-qabu\\\/\"]}]},{\"@type\":\"BreadcrumbList\",\"@id\":\"https:\\\/\\\/qtmm.org\\\/qt\\\/qirim-muhtar-cumhuriyetinin-istinaf-mahkemesi-meclis-reisi-matbuat-katibinin-aqmescit-seeri-tsentralniy-rayon-mahkemesinin-qararina-acqan-istinaf-davasini-qanaatlendirip-enver-ametovnin-davasini-qabu\\\/#breadcrumb\",\"itemListElement\":[{\"@type\":\"ListItem\",\"position\":1,\"name\":\"\u0413\u043e\u043b\u043e\u0432\u043d\u0430\",\"item\":\"https:\\\/\\\/qtmm.org\\\/qt\\\/\"},{\"@type\":\"ListItem\",\"position\":2,\"name\":\"Q\u0131r\u0131m Muhtar Cumhuriyetini\u00f1 \u0130stinaf mahkemesi Meclis reisi matbuat k\u00e2tibini\u00f1 Aqmescit \u015feeri Tsentraln\u0131y rayon mahkemesini\u00f1 qarar\u0131na a\u00e7qan istinaf davas\u0131n\u0131 qanaatlendirip, Enver Ametovn\u0131\u00f1 davas\u0131n\u0131 qabul etmedi\"}]},{\"@type\":\"WebSite\",\"@id\":\"https:\\\/\\\/qtmm.org\\\/qt\\\/#website\",\"url\":\"https:\\\/\\\/qtmm.org\\\/qt\\\/\",\"name\":\"\u041c\u0435\u0434\u0436\u043b\u0456\u0441\",\"description\":\"\",\"publisher\":{\"@id\":\"https:\\\/\\\/qtmm.org\\\/qt\\\/#organization\"},\"potentialAction\":[{\"@type\":\"SearchAction\",\"target\":{\"@type\":\"EntryPoint\",\"urlTemplate\":\"https:\\\/\\\/qtmm.org\\\/qt\\\/?s={search_term_string}\"},\"query-input\":{\"@type\":\"PropertyValueSpecification\",\"valueRequired\":true,\"valueName\":\"search_term_string\"}}],\"inLanguage\":\"qt\"},{\"@type\":\"Organization\",\"@id\":\"https:\\\/\\\/qtmm.org\\\/qt\\\/#organization\",\"name\":\"\u041c\u0435\u0434\u0436\u043b\u0456\u0441\",\"url\":\"https:\\\/\\\/qtmm.org\\\/qt\\\/\",\"logo\":{\"@type\":\"ImageObject\",\"inLanguage\":\"qt\",\"@id\":\"https:\\\/\\\/qtmm.org\\\/qt\\\/#\\\/schema\\\/logo\\\/image\\\/\",\"url\":\"https:\\\/\\\/qtmm.org\\\/wp-content\\\/uploads\\\/2024\\\/12\\\/ua-mejlis-logo-rgb.svg\",\"contentUrl\":\"https:\\\/\\\/qtmm.org\\\/wp-content\\\/uploads\\\/2024\\\/12\\\/ua-mejlis-logo-rgb.svg\",\"caption\":\"\u041c\u0435\u0434\u0436\u043b\u0456\u0441\"},\"image\":{\"@id\":\"https:\\\/\\\/qtmm.org\\\/qt\\\/#\\\/schema\\\/logo\\\/image\\\/\"},\"sameAs\":[\"https:\\\/\\\/www.facebook.com\\\/qtmm.info\\\/\"]},{\"@type\":\"Person\",\"@id\":\"https:\\\/\\\/qtmm.org\\\/qt\\\/#\\\/schema\\\/person\\\/de562469f971dec226ac06e60bbf74a7\",\"name\":\"Developer\",\"image\":{\"@type\":\"ImageObject\",\"inLanguage\":\"qt\",\"@id\":\"https:\\\/\\\/secure.gravatar.com\\\/avatar\\\/392b4cc8fbfeb00b39dfeeab4ee6edded39ffd48e25858637e4765810300227e?s=96&d=mm&r=g\",\"url\":\"https:\\\/\\\/secure.gravatar.com\\\/avatar\\\/392b4cc8fbfeb00b39dfeeab4ee6edded39ffd48e25858637e4765810300227e?s=96&d=mm&r=g\",\"contentUrl\":\"https:\\\/\\\/secure.gravatar.com\\\/avatar\\\/392b4cc8fbfeb00b39dfeeab4ee6edded39ffd48e25858637e4765810300227e?s=96&d=mm&r=g\",\"caption\":\"Developer\"},\"url\":\"https:\\\/\\\/qtmm.org\\\/qt\\\/author\\\/Developer\\\/\"}]}<\/script>\n<!-- \/ Yoast SEO plugin. -->","yoast_head_json":{"title":"Q\u0131r\u0131m Muhtar Cumhuriyetini\u00f1 \u0130stinaf mahkemesi Meclis reisi matbuat k\u00e2tibini\u00f1 Aqmescit \u015feeri Tsentraln\u0131y rayon mahkemesini\u00f1 qarar\u0131na a\u00e7qan istinaf davas\u0131n\u0131 qanaatlendirip, Enver Ametovn\u0131\u00f1 davas\u0131n\u0131 qabul etmedi - \u041c\u0435\u0434\u0436\u043b\u0456\u0441","robots":{"index":"index","follow":"follow","max-snippet":"max-snippet:-1","max-image-preview":"max-image-preview:large","max-video-preview":"max-video-preview:-1"},"canonical":"https:\/\/qtmm.org\/qt\/qirim-muhtar-cumhuriyetinin-istinaf-mahkemesi-meclis-reisi-matbuat-katibinin-aqmescit-seeri-tsentralniy-rayon-mahkemesinin-qararina-acqan-istinaf-davasini-qanaatlendirip-enver-ametovnin-davasini-qabu\/","og_locale":"en_US","og_type":"article","og_title":"Q\u0131r\u0131m Muhtar Cumhuriyetini\u00f1 \u0130stinaf mahkemesi Meclis reisi matbuat k\u00e2tibini\u00f1 Aqmescit \u015feeri Tsentraln\u0131y rayon mahkemesini\u00f1 qarar\u0131na a\u00e7qan istinaf davas\u0131n\u0131 qanaatlendirip, Enver Ametovn\u0131\u00f1 davas\u0131n\u0131 qabul etmedi - \u041c\u0435\u0434\u0436\u043b\u0456\u0441","og_description":"2012 senesi okt\u00e2br 15 k\u00fcn\u00fc Q\u0131r\u0131m Muhtar Cumhuriyetini\u00f1 \u0130stinaf mahkemesi Meclis reisini\u00f1 k\u00e2tibi Liliya M\u00fcslimova ve on\u0131\u00f1 advokat\u0131 Yekaterina Mamutovan\u0131\u00f1 istinaf davas\u0131n\u0131 baq\u0131p, Aqmescit \u015feeri Tsentraln\u0131y rayon mahkemesini\u00f1 2012 senesi avgust 21-de Enver Ametovn\u0131\u00f1 Liliya M\u00fcslimova\u011fa nisbeten degeri, namus\u0131n\u0131 qor\u00e7alav ve maneviy zarar \u00f6denilmesi aqq\u0131nda davas\u0131 boyunca al\u011fan qarar\u0131n\u0131 l\u00e2\u011fu etmek qarar\u0131n\u0131 \u00e7\u0131qard\u0131. Mahkemede reislik [&hellip;]","og_url":"https:\/\/qtmm.org\/qt\/qirim-muhtar-cumhuriyetinin-istinaf-mahkemesi-meclis-reisi-matbuat-katibinin-aqmescit-seeri-tsentralniy-rayon-mahkemesinin-qararina-acqan-istinaf-davasini-qanaatlendirip-enver-ametovnin-davasini-qabu\/","og_site_name":"\u041c\u0435\u0434\u0436\u043b\u0456\u0441","article_publisher":"https:\/\/www.facebook.com\/qtmm.info\/","article_published_time":"2012-10-15T10:58:00+00:00","article_modified_time":"2022-01-23T10:59:12+00:00","author":"Developer","twitter_card":"summary_large_image","twitter_misc":{"Written by":"Developer"},"schema":{"@context":"https:\/\/schema.org","@graph":[{"@type":"Article","@id":"https:\/\/qtmm.org\/qt\/qirim-muhtar-cumhuriyetinin-istinaf-mahkemesi-meclis-reisi-matbuat-katibinin-aqmescit-seeri-tsentralniy-rayon-mahkemesinin-qararina-acqan-istinaf-davasini-qanaatlendirip-enver-ametovnin-davasini-qabu\/#article","isPartOf":{"@id":"https:\/\/qtmm.org\/qt\/qirim-muhtar-cumhuriyetinin-istinaf-mahkemesi-meclis-reisi-matbuat-katibinin-aqmescit-seeri-tsentralniy-rayon-mahkemesinin-qararina-acqan-istinaf-davasini-qanaatlendirip-enver-ametovnin-davasini-qabu\/"},"author":{"name":"Developer","@id":"https:\/\/qtmm.org\/qt\/#\/schema\/person\/de562469f971dec226ac06e60bbf74a7"},"headline":"Q\u0131r\u0131m Muhtar Cumhuriyetini\u00f1 \u0130stinaf mahkemesi Meclis reisi matbuat k\u00e2tibini\u00f1 Aqmescit \u015feeri Tsentraln\u0131y rayon mahkemesini\u00f1 qarar\u0131na a\u00e7qan istinaf davas\u0131n\u0131 qanaatlendirip, Enver Ametovn\u0131\u00f1 davas\u0131n\u0131 qabul etmedi","datePublished":"2012-10-15T10:58:00+00:00","dateModified":"2022-01-23T10:59:12+00:00","mainEntityOfPage":{"@id":"https:\/\/qtmm.org\/qt\/qirim-muhtar-cumhuriyetinin-istinaf-mahkemesi-meclis-reisi-matbuat-katibinin-aqmescit-seeri-tsentralniy-rayon-mahkemesinin-qararina-acqan-istinaf-davasini-qanaatlendirip-enver-ametovnin-davasini-qabu\/"},"wordCount":123,"commentCount":0,"publisher":{"@id":"https:\/\/qtmm.org\/qt\/#organization"},"articleSection":["Haberler"],"inLanguage":"qt","potentialAction":[{"@type":"CommentAction","name":"Comment","target":["https:\/\/qtmm.org\/qt\/qirim-muhtar-cumhuriyetinin-istinaf-mahkemesi-meclis-reisi-matbuat-katibinin-aqmescit-seeri-tsentralniy-rayon-mahkemesinin-qararina-acqan-istinaf-davasini-qanaatlendirip-enver-ametovnin-davasini-qabu\/#respond"]}]},{"@type":"WebPage","@id":"https:\/\/qtmm.org\/qt\/qirim-muhtar-cumhuriyetinin-istinaf-mahkemesi-meclis-reisi-matbuat-katibinin-aqmescit-seeri-tsentralniy-rayon-mahkemesinin-qararina-acqan-istinaf-davasini-qanaatlendirip-enver-ametovnin-davasini-qabu\/","url":"https:\/\/qtmm.org\/qt\/qirim-muhtar-cumhuriyetinin-istinaf-mahkemesi-meclis-reisi-matbuat-katibinin-aqmescit-seeri-tsentralniy-rayon-mahkemesinin-qararina-acqan-istinaf-davasini-qanaatlendirip-enver-ametovnin-davasini-qabu\/","name":"Q\u0131r\u0131m Muhtar Cumhuriyetini\u00f1 \u0130stinaf mahkemesi Meclis reisi matbuat k\u00e2tibini\u00f1 Aqmescit \u015feeri Tsentraln\u0131y rayon mahkemesini\u00f1 qarar\u0131na a\u00e7qan istinaf davas\u0131n\u0131 qanaatlendirip, Enver Ametovn\u0131\u00f1 davas\u0131n\u0131 qabul etmedi - \u041c\u0435\u0434\u0436\u043b\u0456\u0441","isPartOf":{"@id":"https:\/\/qtmm.org\/qt\/#website"},"datePublished":"2012-10-15T10:58:00+00:00","dateModified":"2022-01-23T10:59:12+00:00","breadcrumb":{"@id":"https:\/\/qtmm.org\/qt\/qirim-muhtar-cumhuriyetinin-istinaf-mahkemesi-meclis-reisi-matbuat-katibinin-aqmescit-seeri-tsentralniy-rayon-mahkemesinin-qararina-acqan-istinaf-davasini-qanaatlendirip-enver-ametovnin-davasini-qabu\/#breadcrumb"},"inLanguage":"qt","potentialAction":[{"@type":"ReadAction","target":["https:\/\/qtmm.org\/qt\/qirim-muhtar-cumhuriyetinin-istinaf-mahkemesi-meclis-reisi-matbuat-katibinin-aqmescit-seeri-tsentralniy-rayon-mahkemesinin-qararina-acqan-istinaf-davasini-qanaatlendirip-enver-ametovnin-davasini-qabu\/"]}]},{"@type":"BreadcrumbList","@id":"https:\/\/qtmm.org\/qt\/qirim-muhtar-cumhuriyetinin-istinaf-mahkemesi-meclis-reisi-matbuat-katibinin-aqmescit-seeri-tsentralniy-rayon-mahkemesinin-qararina-acqan-istinaf-davasini-qanaatlendirip-enver-ametovnin-davasini-qabu\/#breadcrumb","itemListElement":[{"@type":"ListItem","position":1,"name":"\u0413\u043e\u043b\u043e\u0432\u043d\u0430","item":"https:\/\/qtmm.org\/qt\/"},{"@type":"ListItem","position":2,"name":"Q\u0131r\u0131m Muhtar Cumhuriyetini\u00f1 \u0130stinaf mahkemesi Meclis reisi matbuat k\u00e2tibini\u00f1 Aqmescit \u015feeri Tsentraln\u0131y rayon mahkemesini\u00f1 qarar\u0131na a\u00e7qan istinaf davas\u0131n\u0131 qanaatlendirip, Enver Ametovn\u0131\u00f1 davas\u0131n\u0131 qabul etmedi"}]},{"@type":"WebSite","@id":"https:\/\/qtmm.org\/qt\/#website","url":"https:\/\/qtmm.org\/qt\/","name":"\u041c\u0435\u0434\u0436\u043b\u0456\u0441","description":"","publisher":{"@id":"https:\/\/qtmm.org\/qt\/#organization"},"potentialAction":[{"@type":"SearchAction","target":{"@type":"EntryPoint","urlTemplate":"https:\/\/qtmm.org\/qt\/?s={search_term_string}"},"query-input":{"@type":"PropertyValueSpecification","valueRequired":true,"valueName":"search_term_string"}}],"inLanguage":"qt"},{"@type":"Organization","@id":"https:\/\/qtmm.org\/qt\/#organization","name":"\u041c\u0435\u0434\u0436\u043b\u0456\u0441","url":"https:\/\/qtmm.org\/qt\/","logo":{"@type":"ImageObject","inLanguage":"qt","@id":"https:\/\/qtmm.org\/qt\/#\/schema\/logo\/image\/","url":"https:\/\/qtmm.org\/wp-content\/uploads\/2024\/12\/ua-mejlis-logo-rgb.svg","contentUrl":"https:\/\/qtmm.org\/wp-content\/uploads\/2024\/12\/ua-mejlis-logo-rgb.svg","caption":"\u041c\u0435\u0434\u0436\u043b\u0456\u0441"},"image":{"@id":"https:\/\/qtmm.org\/qt\/#\/schema\/logo\/image\/"},"sameAs":["https:\/\/www.facebook.com\/qtmm.info\/"]},{"@type":"Person","@id":"https:\/\/qtmm.org\/qt\/#\/schema\/person\/de562469f971dec226ac06e60bbf74a7","name":"Developer","image":{"@type":"ImageObject","inLanguage":"qt","@id":"https:\/\/secure.gravatar.com\/avatar\/392b4cc8fbfeb00b39dfeeab4ee6edded39ffd48e25858637e4765810300227e?s=96&d=mm&r=g","url":"https:\/\/secure.gravatar.com\/avatar\/392b4cc8fbfeb00b39dfeeab4ee6edded39ffd48e25858637e4765810300227e?s=96&d=mm&r=g","contentUrl":"https:\/\/secure.gravatar.com\/avatar\/392b4cc8fbfeb00b39dfeeab4ee6edded39ffd48e25858637e4765810300227e?s=96&d=mm&r=g","caption":"Developer"},"url":"https:\/\/qtmm.org\/qt\/author\/Developer\/"}]}},"_links":{"self":[{"href":"https:\/\/qtmm.org\/qt\/wp-json\/wp\/v2\/posts\/34777","targetHints":{"allow":["GET"]}}],"collection":[{"href":"https:\/\/qtmm.org\/qt\/wp-json\/wp\/v2\/posts"}],"about":[{"href":"https:\/\/qtmm.org\/qt\/wp-json\/wp\/v2\/types\/post"}],"author":[{"embeddable":true,"href":"https:\/\/qtmm.org\/qt\/wp-json\/wp\/v2\/users\/1"}],"replies":[{"embeddable":true,"href":"https:\/\/qtmm.org\/qt\/wp-json\/wp\/v2\/comments?post=34777"}],"version-history":[{"count":1,"href":"https:\/\/qtmm.org\/qt\/wp-json\/wp\/v2\/posts\/34777\/revisions"}],"predecessor-version":[{"id":34778,"href":"https:\/\/qtmm.org\/qt\/wp-json\/wp\/v2\/posts\/34777\/revisions\/34778"}],"wp:attachment":[{"href":"https:\/\/qtmm.org\/qt\/wp-json\/wp\/v2\/media?parent=34777"}],"wp:term":[{"taxonomy":"category","embeddable":true,"href":"https:\/\/qtmm.org\/qt\/wp-json\/wp\/v2\/categories?post=34777"},{"taxonomy":"post_tag","embeddable":true,"href":"https:\/\/qtmm.org\/qt\/wp-json\/wp\/v2\/tags?post=34777"}],"curies":[{"name":"wp","href":"https:\/\/api.w.org\/{rel}","templated":true}]}}