




{"id":34759,"date":"2012-10-12T13:57:00","date_gmt":"2012-10-12T10:57:00","guid":{"rendered":"http:\/\/qtmm.org\/?p=34759"},"modified":"2022-01-23T13:58:38","modified_gmt":"2022-01-23T10:58:38","slug":"alma-tarhan-koy-mektebine-samil-aladinnin-adina-berilecek","status":"publish","type":"post","link":"https:\/\/qtmm.org\/qt\/alma-tarhan-koy-mektebine-samil-aladinnin-adina-berilecek\/","title":{"rendered":"Alma Tarhan k\u00f6y mektebine \u015eamil Al\u00e2dinni\u00f1 ad\u0131na berilecek"},"content":{"rendered":"\n<p>12 okt\u00e2br k\u00fcn\u00fc Q\u0131r\u0131mtatar akademik muz\u0131kal\u0131 drama teatrinde belli q\u0131r\u0131mtatar yaz\u0131c\u0131s\u0131 ve cemaat erbab\u0131 \u015eamil Al\u00e2dinni\u00f1 100 y\u0131ll\u0131q yubileyine ba\u011f\u0131\u015flan\u011fan aq\u015fam \u00f6tkerildi.<\/p>\n\n\n\n<p>\u015eamil Al\u00e2din aqq\u0131nda samimiy s\u00f6zlernen Ba\u011f\u00e7asaray rayon devlet memuriyetini\u00f1 ba\u015f\u0131, Meclis azas\u0131 \u0130lmiy \u00dcmerov, Q\u0131r\u0131m Yuqar\u0131 \u015euras\u0131 medeniyet boyunca daimiy komissiyan\u0131\u00f1 ba\u015f\u0131 Sergey Tsekov, Q\u0131r\u0131m m\u00fcendislik-pedagogika universitetini\u00f1 rektor\u0131 Fevzi Yaqubov, Q\u0131r\u0131m Nazirler \u015euras\u0131 reisini\u00f1 muavini Aziz Abdullayev, Ukraina Prezidentini\u00f1 Q\u0131r\u0131mdaki daimiy temsilcisini\u00f1 muavini \u0130braim Mamutov, Tavriya milliy universitetini\u00f1 professor\u0131 Ayder Memetov, bun\u0131\u00f1 kibi de Q\u0131r\u0131mtatar yaz\u0131c\u0131lar birligini\u00f1 reisi Riza Faz\u0131l \u00e7\u0131q\u0131\u015fta bulund\u0131lar.<\/p>\n\n\n\n<figure class=\"wp-block-image size-full\"><img loading=\"lazy\" decoding=\"async\" width=\"650\" height=\"400\" src=\"http:\/\/qtmm.org\/wp-content\/uploads\/2022\/01\/2_73.jpeg\" alt=\"\" class=\"wp-image-34764\" srcset=\"https:\/\/qtmm.org\/wp-content\/uploads\/2022\/01\/2_73.jpeg 650w, https:\/\/qtmm.org\/wp-content\/uploads\/2022\/01\/2_73-300x185.jpeg 300w\" sizes=\"auto, (max-width: 650px) 100vw, 650px\" \/><\/figure>\n\n\n\n<p>\u0130lmiy \u00dcmerov \u00f6z \u00e7\u0131q\u0131\u015f\u0131nda Ba\u011f\u00e7asarayda q\u0131r\u0131mtatar tilinde tasil berilgen \u00fc\u00e7 mektep ol\u011fan\u0131n\u0131 ayt\u0131p, &#8220;Olardan birisi Alma Tarhan k\u00f6y\u00fcnde ve \u015fu mektepke \u015eamil Al\u00e2dinni\u00f1 ad\u0131 berilecek. Yaq\u0131n arada bu mesele baq\u0131lacaq&#8221;, dedi.<\/p>\n\n\n\n<figure class=\"wp-block-image size-full\"><img loading=\"lazy\" decoding=\"async\" width=\"650\" height=\"400\" src=\"http:\/\/qtmm.org\/wp-content\/uploads\/2022\/01\/4_45.jpeg\" alt=\"\" class=\"wp-image-34768\" srcset=\"https:\/\/qtmm.org\/wp-content\/uploads\/2022\/01\/4_45.jpeg 650w, https:\/\/qtmm.org\/wp-content\/uploads\/2022\/01\/4_45-300x185.jpeg 300w\" sizes=\"auto, (max-width: 650px) 100vw, 650px\" \/><\/figure>\n\n\n\n<p>\u015eun\u0131 hat\u0131rlatam\u0131z ki, 2012 senesi iy\u00fcl 12-de Aqmescitte belli q\u0131r\u0131mtatar yaz\u0131c\u0131s\u0131 ve cemaat erbab\u0131 \u015eamil Al\u00e2din ya\u015fa\u011fan Jukovskiy ad\u0131na soqaqtaki 20-nci evde hat\u0131ra tahtas\u0131 qoyuld\u0131.<\/p>\n\n\n\n<figure class=\"wp-block-image size-full\"><img loading=\"lazy\" decoding=\"async\" width=\"650\" height=\"400\" src=\"http:\/\/qtmm.org\/wp-content\/uploads\/2022\/01\/6_18.jpeg\" alt=\"\" class=\"wp-image-34772\" srcset=\"https:\/\/qtmm.org\/wp-content\/uploads\/2022\/01\/6_18.jpeg 650w, https:\/\/qtmm.org\/wp-content\/uploads\/2022\/01\/6_18-300x185.jpeg 300w\" sizes=\"auto, (max-width: 650px) 100vw, 650px\" \/><\/figure>\n","protected":false},"excerpt":{"rendered":"<p>12 okt\u00e2br k\u00fcn\u00fc Q\u0131r\u0131mtatar akademik muz\u0131kal\u0131 drama teatrinde belli q\u0131r\u0131mtatar yaz\u0131c\u0131s\u0131 ve cemaat erbab\u0131 \u015eamil Al\u00e2dinni\u00f1 100 y\u0131ll\u0131q yubileyine ba\u011f\u0131\u015flan\u011fan aq\u015fam \u00f6tkerildi. \u015eamil Al\u00e2din aqq\u0131nda samimiy s\u00f6zlernen Ba\u011f\u00e7asaray rayon devlet memuriyetini\u00f1 ba\u015f\u0131, Meclis azas\u0131 \u0130lmiy \u00dcmerov, Q\u0131r\u0131m Yuqar\u0131 \u015euras\u0131 medeniyet boyunca daimiy komissiyan\u0131\u00f1 ba\u015f\u0131 Sergey Tsekov, Q\u0131r\u0131m m\u00fcendislik-pedagogika universitetini\u00f1 rektor\u0131 Fevzi Yaqubov, Q\u0131r\u0131m Nazirler \u015euras\u0131 [&hellip;]<\/p>\n","protected":false},"author":1,"featured_media":34760,"comment_status":"open","ping_status":"open","sticky":false,"template":"","format":"standard","meta":{"inline_featured_image":false,"footnotes":""},"categories":[265],"tags":[],"class_list":["post-34759","post","type-post","status-publish","format-standard","has-post-thumbnail","hentry","category-haberler"],"acf":[],"yoast_head":"<!-- This site is optimized with the Yoast SEO plugin v27.4 - https:\/\/yoast.com\/product\/yoast-seo-wordpress\/ -->\n<title>Alma Tarhan k\u00f6y mektebine \u015eamil Al\u00e2dinni\u00f1 ad\u0131na berilecek - \u041c\u0435\u0434\u0436\u043b\u0456\u0441<\/title>\n<meta name=\"robots\" content=\"index, follow, max-snippet:-1, max-image-preview:large, max-video-preview:-1\" \/>\n<link rel=\"canonical\" href=\"https:\/\/qtmm.org\/qt\/alma-tarhan-koy-mektebine-samil-aladinnin-adina-berilecek\/\" \/>\n<meta property=\"og:locale\" content=\"en_US\" \/>\n<meta property=\"og:type\" content=\"article\" \/>\n<meta property=\"og:title\" content=\"Alma Tarhan k\u00f6y mektebine \u015eamil Al\u00e2dinni\u00f1 ad\u0131na berilecek - \u041c\u0435\u0434\u0436\u043b\u0456\u0441\" \/>\n<meta property=\"og:description\" content=\"12 okt\u00e2br k\u00fcn\u00fc Q\u0131r\u0131mtatar akademik muz\u0131kal\u0131 drama teatrinde belli q\u0131r\u0131mtatar yaz\u0131c\u0131s\u0131 ve cemaat erbab\u0131 \u015eamil Al\u00e2dinni\u00f1 100 y\u0131ll\u0131q yubileyine ba\u011f\u0131\u015flan\u011fan aq\u015fam \u00f6tkerildi. \u015eamil Al\u00e2din aqq\u0131nda samimiy s\u00f6zlernen Ba\u011f\u00e7asaray rayon devlet memuriyetini\u00f1 ba\u015f\u0131, Meclis azas\u0131 \u0130lmiy \u00dcmerov, Q\u0131r\u0131m Yuqar\u0131 \u015euras\u0131 medeniyet boyunca daimiy komissiyan\u0131\u00f1 ba\u015f\u0131 Sergey Tsekov, Q\u0131r\u0131m m\u00fcendislik-pedagogika universitetini\u00f1 rektor\u0131 Fevzi Yaqubov, Q\u0131r\u0131m Nazirler \u015euras\u0131 [&hellip;]\" \/>\n<meta property=\"og:url\" content=\"https:\/\/qtmm.org\/qt\/alma-tarhan-koy-mektebine-samil-aladinnin-adina-berilecek\/\" \/>\n<meta property=\"og:site_name\" content=\"\u041c\u0435\u0434\u0436\u043b\u0456\u0441\" \/>\n<meta property=\"article:publisher\" content=\"https:\/\/www.facebook.com\/qtmm.info\/\" \/>\n<meta property=\"article:published_time\" content=\"2012-10-12T10:57:00+00:00\" \/>\n<meta property=\"article:modified_time\" content=\"2022-01-23T10:58:38+00:00\" \/>\n<meta property=\"og:image\" content=\"https:\/\/qtmm.org\/wp-content\/uploads\/2022\/01\/1_69.jpeg\" \/>\n\t<meta property=\"og:image:width\" content=\"650\" \/>\n\t<meta property=\"og:image:height\" content=\"400\" \/>\n\t<meta property=\"og:image:type\" content=\"image\/jpeg\" \/>\n<meta name=\"author\" content=\"Developer\" \/>\n<meta name=\"twitter:card\" content=\"summary_large_image\" \/>\n<meta name=\"twitter:label1\" content=\"Written by\" \/>\n\t<meta name=\"twitter:data1\" content=\"Developer\" \/>\n\t<meta name=\"twitter:label2\" content=\"Est. reading time\" \/>\n\t<meta name=\"twitter:data2\" content=\"1 minute\" \/>\n<script type=\"application\/ld+json\" class=\"yoast-schema-graph\">{\"@context\":\"https:\\\/\\\/schema.org\",\"@graph\":[{\"@type\":\"Article\",\"@id\":\"https:\\\/\\\/qtmm.org\\\/qt\\\/alma-tarhan-koy-mektebine-samil-aladinnin-adina-berilecek\\\/#article\",\"isPartOf\":{\"@id\":\"https:\\\/\\\/qtmm.org\\\/qt\\\/alma-tarhan-koy-mektebine-samil-aladinnin-adina-berilecek\\\/\"},\"author\":{\"name\":\"Developer\",\"@id\":\"https:\\\/\\\/qtmm.org\\\/qt\\\/#\\\/schema\\\/person\\\/de562469f971dec226ac06e60bbf74a7\"},\"headline\":\"Alma Tarhan k\u00f6y mektebine \u015eamil Al\u00e2dinni\u00f1 ad\u0131na berilecek\",\"datePublished\":\"2012-10-12T10:57:00+00:00\",\"dateModified\":\"2022-01-23T10:58:38+00:00\",\"mainEntityOfPage\":{\"@id\":\"https:\\\/\\\/qtmm.org\\\/qt\\\/alma-tarhan-koy-mektebine-samil-aladinnin-adina-berilecek\\\/\"},\"wordCount\":206,\"commentCount\":0,\"publisher\":{\"@id\":\"https:\\\/\\\/qtmm.org\\\/qt\\\/#organization\"},\"image\":{\"@id\":\"https:\\\/\\\/qtmm.org\\\/qt\\\/alma-tarhan-koy-mektebine-samil-aladinnin-adina-berilecek\\\/#primaryimage\"},\"thumbnailUrl\":\"https:\\\/\\\/qtmm.org\\\/wp-content\\\/uploads\\\/2022\\\/01\\\/1_69.jpeg\",\"articleSection\":[\"Haberler\"],\"inLanguage\":\"qt\",\"potentialAction\":[{\"@type\":\"CommentAction\",\"name\":\"Comment\",\"target\":[\"https:\\\/\\\/qtmm.org\\\/qt\\\/alma-tarhan-koy-mektebine-samil-aladinnin-adina-berilecek\\\/#respond\"]}]},{\"@type\":\"WebPage\",\"@id\":\"https:\\\/\\\/qtmm.org\\\/qt\\\/alma-tarhan-koy-mektebine-samil-aladinnin-adina-berilecek\\\/\",\"url\":\"https:\\\/\\\/qtmm.org\\\/qt\\\/alma-tarhan-koy-mektebine-samil-aladinnin-adina-berilecek\\\/\",\"name\":\"Alma Tarhan k\u00f6y mektebine \u015eamil Al\u00e2dinni\u00f1 ad\u0131na berilecek - \u041c\u0435\u0434\u0436\u043b\u0456\u0441\",\"isPartOf\":{\"@id\":\"https:\\\/\\\/qtmm.org\\\/qt\\\/#website\"},\"primaryImageOfPage\":{\"@id\":\"https:\\\/\\\/qtmm.org\\\/qt\\\/alma-tarhan-koy-mektebine-samil-aladinnin-adina-berilecek\\\/#primaryimage\"},\"image\":{\"@id\":\"https:\\\/\\\/qtmm.org\\\/qt\\\/alma-tarhan-koy-mektebine-samil-aladinnin-adina-berilecek\\\/#primaryimage\"},\"thumbnailUrl\":\"https:\\\/\\\/qtmm.org\\\/wp-content\\\/uploads\\\/2022\\\/01\\\/1_69.jpeg\",\"datePublished\":\"2012-10-12T10:57:00+00:00\",\"dateModified\":\"2022-01-23T10:58:38+00:00\",\"breadcrumb\":{\"@id\":\"https:\\\/\\\/qtmm.org\\\/qt\\\/alma-tarhan-koy-mektebine-samil-aladinnin-adina-berilecek\\\/#breadcrumb\"},\"inLanguage\":\"qt\",\"potentialAction\":[{\"@type\":\"ReadAction\",\"target\":[\"https:\\\/\\\/qtmm.org\\\/qt\\\/alma-tarhan-koy-mektebine-samil-aladinnin-adina-berilecek\\\/\"]}]},{\"@type\":\"ImageObject\",\"inLanguage\":\"qt\",\"@id\":\"https:\\\/\\\/qtmm.org\\\/qt\\\/alma-tarhan-koy-mektebine-samil-aladinnin-adina-berilecek\\\/#primaryimage\",\"url\":\"https:\\\/\\\/qtmm.org\\\/wp-content\\\/uploads\\\/2022\\\/01\\\/1_69.jpeg\",\"contentUrl\":\"https:\\\/\\\/qtmm.org\\\/wp-content\\\/uploads\\\/2022\\\/01\\\/1_69.jpeg\",\"width\":650,\"height\":400},{\"@type\":\"BreadcrumbList\",\"@id\":\"https:\\\/\\\/qtmm.org\\\/qt\\\/alma-tarhan-koy-mektebine-samil-aladinnin-adina-berilecek\\\/#breadcrumb\",\"itemListElement\":[{\"@type\":\"ListItem\",\"position\":1,\"name\":\"\u0413\u043e\u043b\u043e\u0432\u043d\u0430\",\"item\":\"https:\\\/\\\/qtmm.org\\\/qt\\\/\"},{\"@type\":\"ListItem\",\"position\":2,\"name\":\"Alma Tarhan k\u00f6y mektebine \u015eamil Al\u00e2dinni\u00f1 ad\u0131na berilecek\"}]},{\"@type\":\"WebSite\",\"@id\":\"https:\\\/\\\/qtmm.org\\\/qt\\\/#website\",\"url\":\"https:\\\/\\\/qtmm.org\\\/qt\\\/\",\"name\":\"\u041c\u0435\u0434\u0436\u043b\u0456\u0441\",\"description\":\"\",\"publisher\":{\"@id\":\"https:\\\/\\\/qtmm.org\\\/qt\\\/#organization\"},\"potentialAction\":[{\"@type\":\"SearchAction\",\"target\":{\"@type\":\"EntryPoint\",\"urlTemplate\":\"https:\\\/\\\/qtmm.org\\\/qt\\\/?s={search_term_string}\"},\"query-input\":{\"@type\":\"PropertyValueSpecification\",\"valueRequired\":true,\"valueName\":\"search_term_string\"}}],\"inLanguage\":\"qt\"},{\"@type\":\"Organization\",\"@id\":\"https:\\\/\\\/qtmm.org\\\/qt\\\/#organization\",\"name\":\"\u041c\u0435\u0434\u0436\u043b\u0456\u0441\",\"url\":\"https:\\\/\\\/qtmm.org\\\/qt\\\/\",\"logo\":{\"@type\":\"ImageObject\",\"inLanguage\":\"qt\",\"@id\":\"https:\\\/\\\/qtmm.org\\\/qt\\\/#\\\/schema\\\/logo\\\/image\\\/\",\"url\":\"https:\\\/\\\/qtmm.org\\\/wp-content\\\/uploads\\\/2024\\\/12\\\/ua-mejlis-logo-rgb.svg\",\"contentUrl\":\"https:\\\/\\\/qtmm.org\\\/wp-content\\\/uploads\\\/2024\\\/12\\\/ua-mejlis-logo-rgb.svg\",\"caption\":\"\u041c\u0435\u0434\u0436\u043b\u0456\u0441\"},\"image\":{\"@id\":\"https:\\\/\\\/qtmm.org\\\/qt\\\/#\\\/schema\\\/logo\\\/image\\\/\"},\"sameAs\":[\"https:\\\/\\\/www.facebook.com\\\/qtmm.info\\\/\"]},{\"@type\":\"Person\",\"@id\":\"https:\\\/\\\/qtmm.org\\\/qt\\\/#\\\/schema\\\/person\\\/de562469f971dec226ac06e60bbf74a7\",\"name\":\"Developer\",\"image\":{\"@type\":\"ImageObject\",\"inLanguage\":\"qt\",\"@id\":\"https:\\\/\\\/secure.gravatar.com\\\/avatar\\\/392b4cc8fbfeb00b39dfeeab4ee6edded39ffd48e25858637e4765810300227e?s=96&d=mm&r=g\",\"url\":\"https:\\\/\\\/secure.gravatar.com\\\/avatar\\\/392b4cc8fbfeb00b39dfeeab4ee6edded39ffd48e25858637e4765810300227e?s=96&d=mm&r=g\",\"contentUrl\":\"https:\\\/\\\/secure.gravatar.com\\\/avatar\\\/392b4cc8fbfeb00b39dfeeab4ee6edded39ffd48e25858637e4765810300227e?s=96&d=mm&r=g\",\"caption\":\"Developer\"},\"url\":\"https:\\\/\\\/qtmm.org\\\/qt\\\/author\\\/Developer\\\/\"}]}<\/script>\n<!-- \/ Yoast SEO plugin. -->","yoast_head_json":{"title":"Alma Tarhan k\u00f6y mektebine \u015eamil Al\u00e2dinni\u00f1 ad\u0131na berilecek - \u041c\u0435\u0434\u0436\u043b\u0456\u0441","robots":{"index":"index","follow":"follow","max-snippet":"max-snippet:-1","max-image-preview":"max-image-preview:large","max-video-preview":"max-video-preview:-1"},"canonical":"https:\/\/qtmm.org\/qt\/alma-tarhan-koy-mektebine-samil-aladinnin-adina-berilecek\/","og_locale":"en_US","og_type":"article","og_title":"Alma Tarhan k\u00f6y mektebine \u015eamil Al\u00e2dinni\u00f1 ad\u0131na berilecek - \u041c\u0435\u0434\u0436\u043b\u0456\u0441","og_description":"12 okt\u00e2br k\u00fcn\u00fc Q\u0131r\u0131mtatar akademik muz\u0131kal\u0131 drama teatrinde belli q\u0131r\u0131mtatar yaz\u0131c\u0131s\u0131 ve cemaat erbab\u0131 \u015eamil Al\u00e2dinni\u00f1 100 y\u0131ll\u0131q yubileyine ba\u011f\u0131\u015flan\u011fan aq\u015fam \u00f6tkerildi. \u015eamil Al\u00e2din aqq\u0131nda samimiy s\u00f6zlernen Ba\u011f\u00e7asaray rayon devlet memuriyetini\u00f1 ba\u015f\u0131, Meclis azas\u0131 \u0130lmiy \u00dcmerov, Q\u0131r\u0131m Yuqar\u0131 \u015euras\u0131 medeniyet boyunca daimiy komissiyan\u0131\u00f1 ba\u015f\u0131 Sergey Tsekov, Q\u0131r\u0131m m\u00fcendislik-pedagogika universitetini\u00f1 rektor\u0131 Fevzi Yaqubov, Q\u0131r\u0131m Nazirler \u015euras\u0131 [&hellip;]","og_url":"https:\/\/qtmm.org\/qt\/alma-tarhan-koy-mektebine-samil-aladinnin-adina-berilecek\/","og_site_name":"\u041c\u0435\u0434\u0436\u043b\u0456\u0441","article_publisher":"https:\/\/www.facebook.com\/qtmm.info\/","article_published_time":"2012-10-12T10:57:00+00:00","article_modified_time":"2022-01-23T10:58:38+00:00","og_image":[{"width":650,"height":400,"url":"https:\/\/qtmm.org\/wp-content\/uploads\/2022\/01\/1_69.jpeg","type":"image\/jpeg"}],"author":"Developer","twitter_card":"summary_large_image","twitter_misc":{"Written by":"Developer","Est. reading time":"1 minute"},"schema":{"@context":"https:\/\/schema.org","@graph":[{"@type":"Article","@id":"https:\/\/qtmm.org\/qt\/alma-tarhan-koy-mektebine-samil-aladinnin-adina-berilecek\/#article","isPartOf":{"@id":"https:\/\/qtmm.org\/qt\/alma-tarhan-koy-mektebine-samil-aladinnin-adina-berilecek\/"},"author":{"name":"Developer","@id":"https:\/\/qtmm.org\/qt\/#\/schema\/person\/de562469f971dec226ac06e60bbf74a7"},"headline":"Alma Tarhan k\u00f6y mektebine \u015eamil Al\u00e2dinni\u00f1 ad\u0131na berilecek","datePublished":"2012-10-12T10:57:00+00:00","dateModified":"2022-01-23T10:58:38+00:00","mainEntityOfPage":{"@id":"https:\/\/qtmm.org\/qt\/alma-tarhan-koy-mektebine-samil-aladinnin-adina-berilecek\/"},"wordCount":206,"commentCount":0,"publisher":{"@id":"https:\/\/qtmm.org\/qt\/#organization"},"image":{"@id":"https:\/\/qtmm.org\/qt\/alma-tarhan-koy-mektebine-samil-aladinnin-adina-berilecek\/#primaryimage"},"thumbnailUrl":"https:\/\/qtmm.org\/wp-content\/uploads\/2022\/01\/1_69.jpeg","articleSection":["Haberler"],"inLanguage":"qt","potentialAction":[{"@type":"CommentAction","name":"Comment","target":["https:\/\/qtmm.org\/qt\/alma-tarhan-koy-mektebine-samil-aladinnin-adina-berilecek\/#respond"]}]},{"@type":"WebPage","@id":"https:\/\/qtmm.org\/qt\/alma-tarhan-koy-mektebine-samil-aladinnin-adina-berilecek\/","url":"https:\/\/qtmm.org\/qt\/alma-tarhan-koy-mektebine-samil-aladinnin-adina-berilecek\/","name":"Alma Tarhan k\u00f6y mektebine \u015eamil Al\u00e2dinni\u00f1 ad\u0131na berilecek - \u041c\u0435\u0434\u0436\u043b\u0456\u0441","isPartOf":{"@id":"https:\/\/qtmm.org\/qt\/#website"},"primaryImageOfPage":{"@id":"https:\/\/qtmm.org\/qt\/alma-tarhan-koy-mektebine-samil-aladinnin-adina-berilecek\/#primaryimage"},"image":{"@id":"https:\/\/qtmm.org\/qt\/alma-tarhan-koy-mektebine-samil-aladinnin-adina-berilecek\/#primaryimage"},"thumbnailUrl":"https:\/\/qtmm.org\/wp-content\/uploads\/2022\/01\/1_69.jpeg","datePublished":"2012-10-12T10:57:00+00:00","dateModified":"2022-01-23T10:58:38+00:00","breadcrumb":{"@id":"https:\/\/qtmm.org\/qt\/alma-tarhan-koy-mektebine-samil-aladinnin-adina-berilecek\/#breadcrumb"},"inLanguage":"qt","potentialAction":[{"@type":"ReadAction","target":["https:\/\/qtmm.org\/qt\/alma-tarhan-koy-mektebine-samil-aladinnin-adina-berilecek\/"]}]},{"@type":"ImageObject","inLanguage":"qt","@id":"https:\/\/qtmm.org\/qt\/alma-tarhan-koy-mektebine-samil-aladinnin-adina-berilecek\/#primaryimage","url":"https:\/\/qtmm.org\/wp-content\/uploads\/2022\/01\/1_69.jpeg","contentUrl":"https:\/\/qtmm.org\/wp-content\/uploads\/2022\/01\/1_69.jpeg","width":650,"height":400},{"@type":"BreadcrumbList","@id":"https:\/\/qtmm.org\/qt\/alma-tarhan-koy-mektebine-samil-aladinnin-adina-berilecek\/#breadcrumb","itemListElement":[{"@type":"ListItem","position":1,"name":"\u0413\u043e\u043b\u043e\u0432\u043d\u0430","item":"https:\/\/qtmm.org\/qt\/"},{"@type":"ListItem","position":2,"name":"Alma Tarhan k\u00f6y mektebine \u015eamil Al\u00e2dinni\u00f1 ad\u0131na berilecek"}]},{"@type":"WebSite","@id":"https:\/\/qtmm.org\/qt\/#website","url":"https:\/\/qtmm.org\/qt\/","name":"\u041c\u0435\u0434\u0436\u043b\u0456\u0441","description":"","publisher":{"@id":"https:\/\/qtmm.org\/qt\/#organization"},"potentialAction":[{"@type":"SearchAction","target":{"@type":"EntryPoint","urlTemplate":"https:\/\/qtmm.org\/qt\/?s={search_term_string}"},"query-input":{"@type":"PropertyValueSpecification","valueRequired":true,"valueName":"search_term_string"}}],"inLanguage":"qt"},{"@type":"Organization","@id":"https:\/\/qtmm.org\/qt\/#organization","name":"\u041c\u0435\u0434\u0436\u043b\u0456\u0441","url":"https:\/\/qtmm.org\/qt\/","logo":{"@type":"ImageObject","inLanguage":"qt","@id":"https:\/\/qtmm.org\/qt\/#\/schema\/logo\/image\/","url":"https:\/\/qtmm.org\/wp-content\/uploads\/2024\/12\/ua-mejlis-logo-rgb.svg","contentUrl":"https:\/\/qtmm.org\/wp-content\/uploads\/2024\/12\/ua-mejlis-logo-rgb.svg","caption":"\u041c\u0435\u0434\u0436\u043b\u0456\u0441"},"image":{"@id":"https:\/\/qtmm.org\/qt\/#\/schema\/logo\/image\/"},"sameAs":["https:\/\/www.facebook.com\/qtmm.info\/"]},{"@type":"Person","@id":"https:\/\/qtmm.org\/qt\/#\/schema\/person\/de562469f971dec226ac06e60bbf74a7","name":"Developer","image":{"@type":"ImageObject","inLanguage":"qt","@id":"https:\/\/secure.gravatar.com\/avatar\/392b4cc8fbfeb00b39dfeeab4ee6edded39ffd48e25858637e4765810300227e?s=96&d=mm&r=g","url":"https:\/\/secure.gravatar.com\/avatar\/392b4cc8fbfeb00b39dfeeab4ee6edded39ffd48e25858637e4765810300227e?s=96&d=mm&r=g","contentUrl":"https:\/\/secure.gravatar.com\/avatar\/392b4cc8fbfeb00b39dfeeab4ee6edded39ffd48e25858637e4765810300227e?s=96&d=mm&r=g","caption":"Developer"},"url":"https:\/\/qtmm.org\/qt\/author\/Developer\/"}]}},"_links":{"self":[{"href":"https:\/\/qtmm.org\/qt\/wp-json\/wp\/v2\/posts\/34759","targetHints":{"allow":["GET"]}}],"collection":[{"href":"https:\/\/qtmm.org\/qt\/wp-json\/wp\/v2\/posts"}],"about":[{"href":"https:\/\/qtmm.org\/qt\/wp-json\/wp\/v2\/types\/post"}],"author":[{"embeddable":true,"href":"https:\/\/qtmm.org\/qt\/wp-json\/wp\/v2\/users\/1"}],"replies":[{"embeddable":true,"href":"https:\/\/qtmm.org\/qt\/wp-json\/wp\/v2\/comments?post=34759"}],"version-history":[{"count":1,"href":"https:\/\/qtmm.org\/qt\/wp-json\/wp\/v2\/posts\/34759\/revisions"}],"predecessor-version":[{"id":34776,"href":"https:\/\/qtmm.org\/qt\/wp-json\/wp\/v2\/posts\/34759\/revisions\/34776"}],"wp:featuredmedia":[{"embeddable":true,"href":"https:\/\/qtmm.org\/qt\/wp-json\/wp\/v2\/media\/34760"}],"wp:attachment":[{"href":"https:\/\/qtmm.org\/qt\/wp-json\/wp\/v2\/media?parent=34759"}],"wp:term":[{"taxonomy":"category","embeddable":true,"href":"https:\/\/qtmm.org\/qt\/wp-json\/wp\/v2\/categories?post=34759"},{"taxonomy":"post_tag","embeddable":true,"href":"https:\/\/qtmm.org\/qt\/wp-json\/wp\/v2\/tags?post=34759"}],"curies":[{"name":"wp","href":"https:\/\/api.w.org\/{rel}","templated":true}]}}