




{"id":34753,"date":"2012-10-12T13:55:00","date_gmt":"2012-10-12T10:55:00","guid":{"rendered":"http:\/\/qtmm.org\/?p=34753"},"modified":"2022-01-23T13:57:00","modified_gmt":"2022-01-23T10:57:00","slug":"qirim-yuqari-surasinin-deputatlari-remzi-ilyasov-safure-kacametova-ve-qirimtatar-ziyalilari-muhtariyet-yolbascilarina-muracaat-ettiler","status":"publish","type":"post","link":"https:\/\/qtmm.org\/qt\/qirim-yuqari-surasinin-deputatlari-remzi-ilyasov-safure-kacametova-ve-qirimtatar-ziyalilari-muhtariyet-yolbascilarina-muracaat-ettiler\/","title":{"rendered":"Q\u0131r\u0131m Yuqar\u0131 \u015euras\u0131n\u0131\u00f1 deputatlar\u0131 Remzi \u0130lyasov, Safure Kacametova ve q\u0131r\u0131mtatar ziyal\u0131lar\u0131 muhtariyet yolba\u015f\u00e7\u0131lar\u0131na muracaat ettiler"},"content":{"rendered":"\n<p><em>Q\u0131r\u0131m Yuqar\u0131 \u015euras\u0131n\u0131\u00f1 deputatlar\u0131 Remzi \u0130lyasov, Safure Kacametova Q\u0131r\u0131m Yuqar\u0131 \u015euras\u0131n\u0131\u00f1 reisi V. Konstantinov\u011fa, Q\u0131r\u0131m Nazirler \u015furas\u0131n\u0131\u00f1 reisi A. Mogil\u00f6v ve Ukraina Prezidentini\u00f1 Q\u0131r\u0131mdaki daimiy temsilcisi V. Plakida\u011fa Ukrainan\u0131\u00f1 &#8220;Devlet til siyasetini\u00f1 esaslar\u0131 aqq\u0131nda&#8221; Qanun \u00e7er\u00e7ivesinde Q\u0131r\u0131m Muhtar Cumhuriyetinde q\u0131r\u0131mtatar tilini\u00f1 musaviy qullanmas\u0131na dair beyanatnen muracaatta bulund\u0131lar.<\/em><\/p>\n\n\n\n<p><em>Ukrainan\u0131\u00f1 &#8220;Devlet til siyasetini\u00f1 esaslar\u0131 aqq\u0131nda&#8221; Qanun \u00e7er\u00e7ivesinde Q\u0131r\u0131m Muhtar Cumhuriyetinde q\u0131r\u0131mtatar tilini\u00f1 musaviy qullanmas\u0131 ve serbest inki\u015faf etmesini teminlev aqq\u0131nda&#8221; Muracaatn\u0131 Q\u0131r\u0131mtatar yaz\u0131c\u0131lar\u0131 birligini\u00f1 reisi Riza Faz\u0131l, &#8220;Y\u0131ld\u0131z&#8221; mecmuas\u0131n\u0131\u00f1 ba\u015f muarriri Dil\u00e2ver Osmanov, &#8220;Q\u0131r\u0131m&#8221; gazetas\u0131n\u0131\u00f1 ba\u015f muarriri Bekir Mamutov, &#8220;Maarif\u00e7i&#8221; birle\u015fmesi ke\u00f1e\u015fini\u00f1 ba\u015f\u0131 Seyran \u00dcseinov, Tavriya Milliy universiteti q\u0131r\u0131mtatar edebiyat\u0131 kafedras\u0131n\u0131\u00f1 dotsenti \u015eevket Yunusov, B. \u00c7oban-zade fond\u0131n\u0131\u00f1 direktor\u0131 Ayder Emirov, \u0130. Gasprinskiy ad\u0131na q\u0131r\u0131mtatar k\u00fct\u00fcphanesini\u00f1 direktor\u0131 G\u00fclnara Ya\u011fyayeva, Q\u0131r\u0131mtatar akademik muz\u0131kal\u0131 drama teatrini\u00f1 direktor\u0131 Bil\u00e2l Bil\u00e2lov, Q\u0131r\u0131mtatar sanatlar m\u00fczeyini\u00f1 direktor\u0131 Safiye Eminova ve Q\u0131r\u0131mtatar medeniyeti fond\u0131n\u0131\u00f1 reisi Ridvan Ayedinov imzalad\u0131lar.<\/em><\/p>\n\n\n\n<p class=\"has-text-align-center\"><strong>Ukrainan\u0131\u00f1 &#8220;Devlet til siyasetini\u00f1 esaslar\u0131 aqq\u0131nda&#8221; Qanun \u00e7er\u00e7ivesinde Q\u0131r\u0131m Muhtar Cumhuriyetinde q\u0131r\u0131mtatar tilini\u00f1 musaviy qullanmas\u0131 ve serbest inki\u015faf etmesini teminlev aqq\u0131nda&#8221;<\/strong><\/p>\n\n\n\n<p>Bir qa\u00e7 as\u0131r devam\u0131nda Q\u0131r\u0131mda q\u0131r\u0131mtatar tili i\u00e7timaiy-siyasiy ayatn\u0131\u00f1 epsi saalar\u0131nda qullan\u0131l\u011fand\u0131r. 1921 senesinden 1944 senesi devrinde q\u0131r\u0131mtatar tili rus tilinen bir s\u0131rada devlet tili status\u0131na malik edi.<\/p>\n\n\n\n<p>Mezk\u00fcr statustan mahrum etilgen q\u0131r\u0131mtatar tili muhtariyet \u011fayr\u0131dan tiklenilgen so\u00f1 evelki status\u0131na qaytar\u0131lmad\u0131.<br><br>Q\u0131r\u0131mtatar halq\u0131n\u0131\u00f1 gumanitar saada aqlar\u0131 kerek derecede temin etilmey.<\/p>\n\n\n\n<p>Q\u0131r\u0131mtatar tilini\u00f1 status\u0131n\u0131 ve q\u0131r\u0131mtatar tilinde tasil sistemas\u0131n\u0131 \u011fayr\u0131dan tiklemek talab\u0131 uquqiy demokratik devlet normalar\u0131na cevap bergeni alda esasl\u0131 ve qanuniydir.<\/p>\n\n\n\n<p>Q\u0131r\u0131mtatarlar q\u0131r\u0131mtatar tili status\u0131n\u0131\u00f1 \u011fayr\u0131dan tiklenilmesi q\u0131r\u0131mtatar halq\u0131 aqlar\u0131n\u0131\u00f1 \u011fayr\u0131dan tiklenilmesi \u00e7er\u00e7ivesinde amelge ke\u00e7irilmek kerek, dep sayalar.<\/p>\n\n\n\n<p>Bun\u0131\u00f1nen birlikte Ukrainan\u0131\u00f1 &#8220;Devlet til siyasetini\u00f1 esaslar\u0131 aqq\u0131nda&#8221; Qanun\u0131n\u0131\u00f1 qabul etilmesi munasebetinen meydan\u011fa kelgen vaziyet q\u0131r\u0131mtatarlarn\u0131 ellerinde ol\u011fan b\u00fct\u00fcn \u00e7arelernen q\u0131r\u0131mtatar tili status\u0131n\u0131 tiklemek ve on\u0131\u00f1 Q\u0131r\u0131mda serbest inki\u015faf etmesini teminlemekni talap etmege mecbur eteler.<\/p>\n\n\n\n<p>\u015eu sene avgust 10-da Ukrainan\u0131\u00f1 &#8220;Devlet til siyasetini\u00f1 esaslar\u0131 aqq\u0131nda&#8221; Qanun\u0131n\u0131\u00f1 k\u00fc\u00e7ke kirmesi munasebetinen ve 2001 senesi dekabr ay\u0131nda B\u00fct\u00fcnukrain ealini cedvelge aluv neticelerine esaslan\u011fan\u0131m\u0131z, mezk\u00fcr Qanunn\u0131 Q\u0131r\u0131mda \u00f6m\u00fcrge ke\u00e7ir\u00fcv boyunca Q\u0131r\u0131m Nazirler \u015euras\u0131 tasdiqala\u011fan tedbirler plan\u0131n\u0131 \u00f6grengenimiz alda a\u015fa\u011f\u0131daki t\u00fczet\u00fcv ve tekliflerimizni kirsetemiz ve \u00fcm\u00fct etemiz ki, bu, em devlet tili ol\u011fan ukrain tili, em de regional tiller ve milliy azl\u0131qlarn\u0131\u00f1 tillerini\u00f1 er tarafl\u0131 inki\u015faf\u0131 ve qullan\u0131lmas\u0131 saas\u0131nda cemaat munasebetlerini tertipke ketirir.<br><br>&nbsp;<\/p>\n\n\n\n<p class=\"has-text-align-center\"><strong>1. Ukrainan\u0131\u00f1 &#8220;Devlet til siyasetini\u00f1 esaslar\u0131 aqq\u0131nda&#8221; Qanun\u0131n\u0131\u00f1 Q\u0131r\u0131m Muhtar Cumhuriyetinde amelge ke\u00e7irilmesini temin etecek tedbirler plan\u0131na kirsetilmesi kerek T\u00dcZET\u00dcVLER:<\/strong><\/p>\n\n\n\n<p><br><em><strong>1-nci madde a\u015fa\u011f\u0131daki kibi berilsin:<\/strong><\/em><\/p>\n\n\n\n<p>1. Ukrainan\u0131\u00f1 &#8220;Devlet til siyasetini\u00f1 esaslar\u0131 aqq\u0131nda&#8221; Qanun\u0131nda k\u00f6zde tutul\u011fan regional q\u0131r\u0131mtatar, rus ve azl\u0131qlarn\u0131\u00f1 tillerini inki\u015faf ettir\u00fcv, qor\u00e7alav ve qullan\u0131luv\u011fa do\u011frul\u0131tl\u011fan \u00e7arelerni\u00f1 k\u00f6r\u00fclmesi.<\/p>\n\n\n\n<p><em><strong>2-nci madde a\u015fa\u011f\u0131daki kibi berilsin:<\/strong><\/em><br><br>2. regional q\u0131r\u0131mtatar, rus ve azl\u0131qlarn\u0131\u00f1 tillerini\u00f1 i\u015fte qullan\u0131lmas\u0131, \u00f6grenilmesi, devlet ve oquv yurtlar\u0131nda qullan\u0131lmas\u0131n\u0131\u00f1 \u00f6gretilmesi, bun\u0131\u00f1 kibi de Ukrainan\u0131\u00f1 &#8220;Devlet til siyasetini\u00f1 esaslar\u0131 aqq\u0131nda&#8221; Qanun\u0131nda belgilengeni kibi i\u00e7timaiy \u00f6m\u00fcr saalar\u0131nda qullan\u0131lmas\u0131na do\u011frult\u0131l\u011fan \u00e7arelerni\u00f1 k\u00f6r\u00fclmesi<\/p>\n\n\n\n<p><em><strong>4-nci madde a\u015fa\u011f\u0131daki kibi berilsin:<\/strong><\/em><br><br>4. Devlet tili ya da regional q\u0131r\u0131mtatar ve rus tillerini\u00f1 Ukrainan\u0131\u00f1 &#8220;Devlet til siyasetini\u00f1 esaslar\u0131 aqq\u0131nda&#8221; Qanun\u0131na mvaf\u0131q i\u015fte ve vesiqalarn\u0131 tolduruvda, aliy devlet organlar\u0131nen yaz\u0131\u015fuvlarda qullan\u0131lmas\u0131n\u0131 teminlev.<\/p>\n\n\n\n<p><em><strong>8-nci madde a\u015fa\u011f\u0131daki kibi berilsin:<\/strong><\/em><br><br>8. b\u00fct\u00fcn saalarn\u0131\u00f1 hadimleri taraf\u0131ndan regional tillerni \u00f6grenmelerini, Ukrainan\u0131\u00f1 &#8220;Devlet til siyasetini\u00f1 esaslar\u0131 aqq\u0131nda&#8221; Qanun\u0131nda pekitilgen aq-uquqlar\u0131n\u0131 amelge ke\u00e7irmek maqsad\u0131nda olarn\u0131\u00f1 ihtisas\u0131 y\u00fckseltilmesini teminlev.<br><br><br><em><strong>10-nc\u0131 madde a\u015fa\u011f\u0131daki kibi berilsin:<\/strong><\/em><br>10. B\u00fct\u00fcn saalarn\u0131\u00f1 hadimleri ve eali aras\u0131nda Ukrainan\u0131\u00f1 &#8220;Devlet til siyasetini\u00f1 esaslar\u0131 aqq\u0131nda&#8221; Qanun\u0131n\u0131\u00f1 esas nizamlar\u0131 ve ondan qullanmaq qaideleri aqq\u0131nda a\u00f1latuv i\u015fini al\u0131p baruv.<\/p>\n\n\n\n<p><strong><em>13-nci madde a\u015fa\u011f\u0131daki kibi berilsin:<\/em><\/strong><br><br>13. Regional tillerden qullan\u011fan \u015fah\u0131slarn\u0131\u00f1 a\u011fzaki ve yazma arizalarnen muracaat etmek ve olar\u011fa regional tillerde cevap almaq aqq\u0131n\u0131\u00f1 teminlenmesi boyunca \u00e7areler k\u00f6rmek.<\/p>\n\n\n\n<p><strong><em>22-nci madde a\u015fa\u011f\u0131daki kibi berilsin:<\/em><\/strong><br><br>22. Ukrainan\u0131\u00f1 &#8220;Devlet til siyasetini\u00f1 esaslar\u0131 aqq\u0131nda&#8221; Qanun\u0131n\u0131\u00f1 20-nci maddesini\u00f1 ekinci q\u0131sm\u0131nda qayd etilgenine k\u00f6re devlet tili ve regional tillerde tasil almaq aqq\u0131 20-nci maddedeki talaplar\u011fa k\u00f6re amelge ke\u00e7irilmesini teminleycek \u00e7arelerni k\u00f6rmek<\/p>\n\n\n\n<p><strong>34-nci madde a\u015fa\u011f\u0131daki kibi berilsin:<\/strong><br><br>34. Ukrainan\u0131\u00f1 &#8220;Devlet til siyasetini\u00f1 esaslar\u0131 aqq\u0131nda&#8221; Qanun\u0131n\u0131\u00f1 26-nc\u0131 maddesi \u00fc\u00e7\u00fcnci q\u0131sm\u0131nda mallarn\u0131\u00f1 markas\u0131, olardan qullanmaq boyunca k\u00f6steri\u015flerni\u00f1 devlet ve regional tillerde olmas\u0131na dair nizamlarn\u0131\u00f1 amelge ke\u00e7irilmesine do\u011frult\u0131l\u011fan \u00e7arelerni k\u00f6rmek<\/p>\n\n\n\n<p class=\"has-text-align-center\"><br><br><strong>II. Ukrainan\u0131\u00f1 &#8220;Devlet til siyasetini\u00f1 esaslar\u0131 aqq\u0131nda&#8221; Qanun\u0131n\u0131\u00f1 Q\u0131r\u0131m Muhtar Cumhuriyetinde q\u0131r\u0131mtatar tiline dair tedbirlerni\u00f1 amelge ke\u00e7irilmesini teminlev boyunca TEKL\u0130FLER<\/strong><\/p>\n\n\n\n<ul class=\"wp-block-list\"><li>Q\u0131r\u0131m Muhtar Cumhuriyeti Nazirler \u015euras\u0131na Q\u0131r\u0131m Yuqar\u0131 \u015euras\u0131n\u0131\u00f1 20.10.2010s.. \u21161915-5\/10 al\u0131n\u011fan &#8220;Q\u0131r\u0131m Muhtar Cumhuriretinde q\u0131r\u0131mtatar tilinde tasil k\u00f6ntseptsiyas\u0131 aqq\u0131nda&#8221; qararn\u0131 eda eterek 2013 senesi iy\u00fcl 1-ne qadar Q\u0131r\u0131mda q\u0131r\u0131mtatar tilinde tasil devlet maqsadl\u0131 programmas\u0131n\u0131 i\u015flemek ve Ukraina Nazirler Kabineti taraf\u0131ndan qabul etilmesini teminlemek;<\/li><li>2015 senesine qadar Q\u0131r\u0131m Muhtar Cumhuriyetindeki oquv yurtlar\u0131 i\u00e7\u00fcn b\u00fct\u00fcn fenler boyunca oquv qullanmalar\u0131 ve dersliklerni i\u015flev ve ne\u015firini tolus\u0131nen so\u00f1una yetkizmek;<\/li><li>Q\u0131r\u0131m Muhtar Cumhuriyeti Tasil ve ilim, gen\u00e7lik ve sport nazirligindeki q\u0131r\u0131mtatar tili sektor\u0131n\u0131\u00f1 evelki &#8220;Q\u0131r\u0131mtatar tilinde tasil idaresi&#8221; status\u0131 tiklenilip, \u015ftattaki hadimlerini\u00f1 say\u0131s\u0131n\u0131 q\u0131r\u0131mtatar tilinde ba\u015flan\u011f\u0131\u00e7, orta, aliy tasilni ve rus em de ukrain tillerinde oqut\u0131l\u011fan mekteplerde q\u0131r\u0131mtatar tilini\u00f1 \u00f6gretilmesini nezaret etken hadimlerni\u00f1 say\u0131s\u0131n\u0131 5 m\u00fctehass\u0131sqa artt\u0131rmaq;<\/li><li>Q\u0131r\u0131m Cumhuriyeti Diplomdan so\u00f1 pedagogik tasilni\u00f1 q\u0131r\u0131mtatar filologiyas\u0131 b\u00f6l\u00fcgine evelki &#8220;Q\u0131r\u0131mtatar tilinde tasilni inki\u015faf ettir\u00fcv laboratoriyas\u0131&#8221; status\u0131n\u0131 qaytarmaq ve \u015ftattaki hadimlerini\u00f1 say\u0131s\u0131n\u0131 q\u0131r\u0131mtatar tilinde ba\u015flan\u011f\u0131\u00e7, orta, aliy tasilni ve rus em de ukrain tillerinde oqut\u0131l\u011fan mekteplerde q\u0131r\u0131mtatar tilini\u00f1 \u00f6gretilmesini nezaret etken 4 m\u00fctehass\u0131sqa artt\u0131rmaq;<\/li><li>q\u0131r\u0131mtatar tili ve edebiyat\u0131 usulc\u0131lar\u0131n\u0131 q\u0131sqartqan rayon ve \u015feer tasil b\u00f6l\u00fcklerine rus ve ukrain tilinde oqut\u0131l\u011fan oquv yurtlar\u0131nda q\u0131r\u0131mtatar tilini\u00f1 \u00f6gretilmesini idare etken ba\u015f m\u00fctehass\u0131slarn\u0131 \u015ftatqa kirsetmekni avale etmek;<\/li><li>q\u0131r\u0131mtatar tili ve edebiyat\u0131 usulc\u0131lar\u0131n\u0131 q\u0131sqartqan rayon ve \u015feer usul kabinetlerinde tasil b\u00f6l\u00fcklerine q\u0131r\u0131mtatar tilinde oqutuv-terbiyelev ceryan\u0131n\u0131 idare etken ba\u015f m\u00fctehass\u0131slarn\u0131 \u015ftatqa kirsetmekni avale etmek;<\/li><li>Q\u0131r\u0131m Tasil ve ilim, gen\u00e7lik ve sport nazirligi, rayon devlet memuriyetleri ve \u015feer \u015furalar\u0131na q\u0131r\u0131mtatarlar\u011fa ana tilini \u00f6gren\u00fcv ve tasil aluv aqq\u0131n\u0131 amelge ke\u00e7irmek i\u00e7\u00fcn \u015farait yaratmaq, bun\u0131\u00f1 kibi de q\u0131r\u0131mtatar tilinde tasil sistemas\u0131nda oqutuv-terbiyelev ceryan\u0131n\u0131\u00f1 hususiyetleri esapqa al\u0131n\u011fan\u0131 alda q\u0131r\u0131mtatar tilinde oqut\u0131l\u011fan oquv yurtlar\u0131n\u0131\u00f1 m\u00fcdirligine bu saada professional az\u0131rl\u0131\u011f\u0131 ve tecribesi olma\u011fan kadrlarn\u0131\u00f1 tayinlenmesine yol bermemek i avale etmek;<\/li><li>mektepkece ve ba\u015flan\u011f\u0131\u00e7 tasil saas\u0131 i\u00e7\u00fcn m\u00fctehass\u0131slarn\u0131, bun\u0131\u00f1 kibi de q\u0131r\u0131mtatar tilinde fen ocalar\u0131n\u0131 az\u0131rlamaq maqsad\u0131nda ihtisasla\u015ft\u0131r\u0131l\u011fan kafedralarn\u0131, b\u00f6l\u00fcklerni a\u00e7maq, studentlerni\u00f1 say\u0131s\u0131n\u0131 artt\u0131rmaq i\u00e7\u00fcn QMPU maddiy-tehnikiy bazas\u0131n\u0131 pekitmek;<\/li><li>Q\u0131r\u0131m Muhtar Cumhuriyeti Nazirler \u015euras\u0131na ukrain ve rus tilinden q\u0131r\u0131mtatar tiline ve q\u0131r\u0131mtatar tilinde ukrain ve rus tillerine tercimanlarn\u0131 az\u0131rlavn\u0131 teminlemekni avale etmek;<\/li><li>&#8220;Kr\u0131m&#8221; devlet teleradiokompaniyas\u0131nda q\u0131r\u0131mtatar ve rus tillerini\u00f1 musaviy qullan\u0131lmas\u0131n\u0131 teminlemek i\u00e7\u00fcn q\u0131r\u0131mtatar tilinde radio ve televizion yay\u0131nlarn\u0131\u00f1 vaqt\u0131n\u0131 artt\u0131rmaq;<\/li><li>Q\u0131r\u0131mtatar tilinde ne\u015fir etilgen &#8220;Q\u0131r\u0131m&#8221;, &#8220;Maarif i\u015fleri&#8221; gazetalar\u0131 ve &#8220;Tasil&#8221; mecmuas\u0131n\u0131\u00f1 finansirlenmesini teminlemek, &#8220;Ya\u00f1\u0131 d\u00fcnya&#8221; gazetas\u0131 ve &#8220;Y\u0131ld\u0131z&#8221; mecmuas\u0131n\u0131\u00f1 devriyligini artt\u0131rmaq;<\/li><li>&#8220;Y\u0131ld\u0131z\u00e7\u0131q&#8221; balalar ve &#8220;Ha-ha-ha&#8221; mizahiy mecmuan\u0131\u00f1 ne\u015fir etilmesini \u011fayr\u0131dan tiklemek;<\/li><li>&#8220;Q\u0131r\u0131mdevletoquvpedne\u015fir&#8221; ihtisasla\u015ft\u0131r\u0131l\u011fan ne\u015friyatn\u0131\u00f1 maddiy-tehnikiy bazas\u0131 pekitilsin ve &#8220;Tavriya&#8221; ne\u015friyat\u0131 yan\u0131nda q\u0131r\u0131mtatar bediiy edebiyat muarririyetini \u011fayr\u0131dan tiklemek;<\/li><li>Q\u0131r\u0131m Muhtar Cumhuriyeti Nazirler \u015euras\u0131na \u0130. Gasprinskiy ad\u0131na k\u00fct\u00fcphane ve Q\u0131r\u0131mtatar akademik muz\u0131kal\u0131 drama teatrini\u00f1 rekonstruktsiyas\u0131na sermiya tapmaqn\u0131 avale etmek;<\/li><li>\u0130. Gasprinskiy ad\u0131na q\u0131r\u0131mtatar k\u00fct\u00fcphanesi, Q\u0131r\u0131mtatar akademik muz\u0131kal\u0131 drama teatri, Q\u0131r\u0131mtatar sanat m\u00fczeyi, &#8220;Q\u0131r\u0131m&#8221; ve &#8220;Qaytarma&#8221; q\u0131r\u0131mtatar ansambllerni\u00f1 maddiy-tehnikiy bazas\u0131n\u0131 pekitmek ve maliyeviy yard\u0131m k\u00f6stermek;<\/li><li>\u00f6seyatqan ya\u015f nesilde canl\u0131 q\u0131r\u0131mtatar tilini a\u015flamaq, q\u0131r\u0131mtatar tilini inki\u015faf ettir\u00fcv i\u015fine celp etmek maqsad\u0131nda Q\u0131r\u0131m Nazirler \u015euras\u0131 2014 senesine qadar Q\u0131r\u0131mtatar akademik muz\u0131kal\u0131-drama teatri yan\u0131nda Ya\u015f seyirci teatrini a\u00e7maq i\u00e7\u00fcn zarur sermiyalarn\u0131 esapqa almaq;<\/li><li>Q\u0131r\u0131m Nazirler \u015euras\u0131na 2013 senesine qadar \u015fimdi Aqmsecit \u015feeri Kr\u0131lov soqa\u011f\u0131 37 adresi boyunca yerle\u015fken binan\u0131 &#8220;Q\u0131r\u0131m&#8221; folklor ansamblini\u00f1 balans\u0131na ke\u00e7irmek teklif etile.<\/li><\/ul>\n","protected":false},"excerpt":{"rendered":"<p>Q\u0131r\u0131m Yuqar\u0131 \u015euras\u0131n\u0131\u00f1 deputatlar\u0131 Remzi \u0130lyasov, Safure Kacametova Q\u0131r\u0131m Yuqar\u0131 \u015euras\u0131n\u0131\u00f1 reisi V. Konstantinov\u011fa, Q\u0131r\u0131m Nazirler \u015furas\u0131n\u0131\u00f1 reisi A. Mogil\u00f6v ve Ukraina Prezidentini\u00f1 Q\u0131r\u0131mdaki daimiy temsilcisi V. Plakida\u011fa Ukrainan\u0131\u00f1 &#8220;Devlet til siyasetini\u00f1 esaslar\u0131 aqq\u0131nda&#8221; Qanun \u00e7er\u00e7ivesinde Q\u0131r\u0131m Muhtar Cumhuriyetinde q\u0131r\u0131mtatar tilini\u00f1 musaviy qullanmas\u0131na dair beyanatnen muracaatta bulund\u0131lar. Ukrainan\u0131\u00f1 &#8220;Devlet til siyasetini\u00f1 esaslar\u0131 aqq\u0131nda&#8221; Qanun \u00e7er\u00e7ivesinde [&hellip;]<\/p>\n","protected":false},"author":1,"featured_media":34754,"comment_status":"open","ping_status":"open","sticky":false,"template":"","format":"standard","meta":{"inline_featured_image":false,"footnotes":""},"categories":[265],"tags":[],"class_list":["post-34753","post","type-post","status-publish","format-standard","has-post-thumbnail","hentry","category-haberler"],"acf":[],"yoast_head":"<!-- This site is optimized with the Yoast SEO plugin v27.4 - https:\/\/yoast.com\/product\/yoast-seo-wordpress\/ -->\n<title>Q\u0131r\u0131m Yuqar\u0131 \u015euras\u0131n\u0131\u00f1 deputatlar\u0131 Remzi \u0130lyasov, Safure Kacametova ve q\u0131r\u0131mtatar ziyal\u0131lar\u0131 muhtariyet yolba\u015f\u00e7\u0131lar\u0131na muracaat ettiler - \u041c\u0435\u0434\u0436\u043b\u0456\u0441<\/title>\n<meta name=\"robots\" content=\"index, follow, max-snippet:-1, max-image-preview:large, max-video-preview:-1\" \/>\n<link rel=\"canonical\" href=\"https:\/\/qtmm.org\/qt\/qirim-yuqari-surasinin-deputatlari-remzi-ilyasov-safure-kacametova-ve-qirimtatar-ziyalilari-muhtariyet-yolbascilarina-muracaat-ettiler\/\" \/>\n<meta property=\"og:locale\" content=\"en_US\" \/>\n<meta property=\"og:type\" content=\"article\" \/>\n<meta property=\"og:title\" content=\"Q\u0131r\u0131m Yuqar\u0131 \u015euras\u0131n\u0131\u00f1 deputatlar\u0131 Remzi \u0130lyasov, Safure Kacametova ve q\u0131r\u0131mtatar ziyal\u0131lar\u0131 muhtariyet yolba\u015f\u00e7\u0131lar\u0131na muracaat ettiler - \u041c\u0435\u0434\u0436\u043b\u0456\u0441\" \/>\n<meta property=\"og:description\" content=\"Q\u0131r\u0131m Yuqar\u0131 \u015euras\u0131n\u0131\u00f1 deputatlar\u0131 Remzi \u0130lyasov, Safure Kacametova Q\u0131r\u0131m Yuqar\u0131 \u015euras\u0131n\u0131\u00f1 reisi V. Konstantinov\u011fa, Q\u0131r\u0131m Nazirler \u015furas\u0131n\u0131\u00f1 reisi A. Mogil\u00f6v ve Ukraina Prezidentini\u00f1 Q\u0131r\u0131mdaki daimiy temsilcisi V. Plakida\u011fa Ukrainan\u0131\u00f1 &#8220;Devlet til siyasetini\u00f1 esaslar\u0131 aqq\u0131nda&#8221; Qanun \u00e7er\u00e7ivesinde Q\u0131r\u0131m Muhtar Cumhuriyetinde q\u0131r\u0131mtatar tilini\u00f1 musaviy qullanmas\u0131na dair beyanatnen muracaatta bulund\u0131lar. Ukrainan\u0131\u00f1 &#8220;Devlet til siyasetini\u00f1 esaslar\u0131 aqq\u0131nda&#8221; Qanun \u00e7er\u00e7ivesinde [&hellip;]\" \/>\n<meta property=\"og:url\" content=\"https:\/\/qtmm.org\/qt\/qirim-yuqari-surasinin-deputatlari-remzi-ilyasov-safure-kacametova-ve-qirimtatar-ziyalilari-muhtariyet-yolbascilarina-muracaat-ettiler\/\" \/>\n<meta property=\"og:site_name\" content=\"\u041c\u0435\u0434\u0436\u043b\u0456\u0441\" \/>\n<meta property=\"article:publisher\" content=\"https:\/\/www.facebook.com\/qtmm.info\/\" \/>\n<meta property=\"article:published_time\" content=\"2012-10-12T10:55:00+00:00\" \/>\n<meta property=\"article:modified_time\" content=\"2022-01-23T10:57:00+00:00\" \/>\n<meta property=\"og:image\" content=\"https:\/\/qtmm.org\/wp-content\/uploads\/2022\/01\/po_tekstu_2-1.jpeg\" \/>\n\t<meta property=\"og:image:width\" content=\"650\" \/>\n\t<meta property=\"og:image:height\" content=\"350\" \/>\n\t<meta property=\"og:image:type\" content=\"image\/jpeg\" \/>\n<meta name=\"author\" content=\"Developer\" \/>\n<meta name=\"twitter:card\" content=\"summary_large_image\" \/>\n<meta name=\"twitter:label1\" content=\"Written by\" \/>\n\t<meta name=\"twitter:data1\" content=\"Developer\" \/>\n\t<meta name=\"twitter:label2\" content=\"Est. reading time\" \/>\n\t<meta name=\"twitter:data2\" content=\"8 minutes\" \/>\n<script type=\"application\/ld+json\" class=\"yoast-schema-graph\">{\"@context\":\"https:\\\/\\\/schema.org\",\"@graph\":[{\"@type\":\"Article\",\"@id\":\"https:\\\/\\\/qtmm.org\\\/qt\\\/qirim-yuqari-surasinin-deputatlari-remzi-ilyasov-safure-kacametova-ve-qirimtatar-ziyalilari-muhtariyet-yolbascilarina-muracaat-ettiler\\\/#article\",\"isPartOf\":{\"@id\":\"https:\\\/\\\/qtmm.org\\\/qt\\\/qirim-yuqari-surasinin-deputatlari-remzi-ilyasov-safure-kacametova-ve-qirimtatar-ziyalilari-muhtariyet-yolbascilarina-muracaat-ettiler\\\/\"},\"author\":{\"name\":\"Developer\",\"@id\":\"https:\\\/\\\/qtmm.org\\\/qt\\\/#\\\/schema\\\/person\\\/de562469f971dec226ac06e60bbf74a7\"},\"headline\":\"Q\u0131r\u0131m Yuqar\u0131 \u015euras\u0131n\u0131\u00f1 deputatlar\u0131 Remzi \u0130lyasov, Safure Kacametova ve q\u0131r\u0131mtatar ziyal\u0131lar\u0131 muhtariyet yolba\u015f\u00e7\u0131lar\u0131na muracaat ettiler\",\"datePublished\":\"2012-10-12T10:55:00+00:00\",\"dateModified\":\"2022-01-23T10:57:00+00:00\",\"mainEntityOfPage\":{\"@id\":\"https:\\\/\\\/qtmm.org\\\/qt\\\/qirim-yuqari-surasinin-deputatlari-remzi-ilyasov-safure-kacametova-ve-qirimtatar-ziyalilari-muhtariyet-yolbascilarina-muracaat-ettiler\\\/\"},\"wordCount\":1689,\"commentCount\":0,\"publisher\":{\"@id\":\"https:\\\/\\\/qtmm.org\\\/qt\\\/#organization\"},\"image\":{\"@id\":\"https:\\\/\\\/qtmm.org\\\/qt\\\/qirim-yuqari-surasinin-deputatlari-remzi-ilyasov-safure-kacametova-ve-qirimtatar-ziyalilari-muhtariyet-yolbascilarina-muracaat-ettiler\\\/#primaryimage\"},\"thumbnailUrl\":\"https:\\\/\\\/qtmm.org\\\/wp-content\\\/uploads\\\/2022\\\/01\\\/po_tekstu_2-1.jpeg\",\"articleSection\":[\"Haberler\"],\"inLanguage\":\"qt\",\"potentialAction\":[{\"@type\":\"CommentAction\",\"name\":\"Comment\",\"target\":[\"https:\\\/\\\/qtmm.org\\\/qt\\\/qirim-yuqari-surasinin-deputatlari-remzi-ilyasov-safure-kacametova-ve-qirimtatar-ziyalilari-muhtariyet-yolbascilarina-muracaat-ettiler\\\/#respond\"]}]},{\"@type\":\"WebPage\",\"@id\":\"https:\\\/\\\/qtmm.org\\\/qt\\\/qirim-yuqari-surasinin-deputatlari-remzi-ilyasov-safure-kacametova-ve-qirimtatar-ziyalilari-muhtariyet-yolbascilarina-muracaat-ettiler\\\/\",\"url\":\"https:\\\/\\\/qtmm.org\\\/qt\\\/qirim-yuqari-surasinin-deputatlari-remzi-ilyasov-safure-kacametova-ve-qirimtatar-ziyalilari-muhtariyet-yolbascilarina-muracaat-ettiler\\\/\",\"name\":\"Q\u0131r\u0131m Yuqar\u0131 \u015euras\u0131n\u0131\u00f1 deputatlar\u0131 Remzi \u0130lyasov, Safure Kacametova ve q\u0131r\u0131mtatar ziyal\u0131lar\u0131 muhtariyet yolba\u015f\u00e7\u0131lar\u0131na muracaat ettiler - \u041c\u0435\u0434\u0436\u043b\u0456\u0441\",\"isPartOf\":{\"@id\":\"https:\\\/\\\/qtmm.org\\\/qt\\\/#website\"},\"primaryImageOfPage\":{\"@id\":\"https:\\\/\\\/qtmm.org\\\/qt\\\/qirim-yuqari-surasinin-deputatlari-remzi-ilyasov-safure-kacametova-ve-qirimtatar-ziyalilari-muhtariyet-yolbascilarina-muracaat-ettiler\\\/#primaryimage\"},\"image\":{\"@id\":\"https:\\\/\\\/qtmm.org\\\/qt\\\/qirim-yuqari-surasinin-deputatlari-remzi-ilyasov-safure-kacametova-ve-qirimtatar-ziyalilari-muhtariyet-yolbascilarina-muracaat-ettiler\\\/#primaryimage\"},\"thumbnailUrl\":\"https:\\\/\\\/qtmm.org\\\/wp-content\\\/uploads\\\/2022\\\/01\\\/po_tekstu_2-1.jpeg\",\"datePublished\":\"2012-10-12T10:55:00+00:00\",\"dateModified\":\"2022-01-23T10:57:00+00:00\",\"breadcrumb\":{\"@id\":\"https:\\\/\\\/qtmm.org\\\/qt\\\/qirim-yuqari-surasinin-deputatlari-remzi-ilyasov-safure-kacametova-ve-qirimtatar-ziyalilari-muhtariyet-yolbascilarina-muracaat-ettiler\\\/#breadcrumb\"},\"inLanguage\":\"qt\",\"potentialAction\":[{\"@type\":\"ReadAction\",\"target\":[\"https:\\\/\\\/qtmm.org\\\/qt\\\/qirim-yuqari-surasinin-deputatlari-remzi-ilyasov-safure-kacametova-ve-qirimtatar-ziyalilari-muhtariyet-yolbascilarina-muracaat-ettiler\\\/\"]}]},{\"@type\":\"ImageObject\",\"inLanguage\":\"qt\",\"@id\":\"https:\\\/\\\/qtmm.org\\\/qt\\\/qirim-yuqari-surasinin-deputatlari-remzi-ilyasov-safure-kacametova-ve-qirimtatar-ziyalilari-muhtariyet-yolbascilarina-muracaat-ettiler\\\/#primaryimage\",\"url\":\"https:\\\/\\\/qtmm.org\\\/wp-content\\\/uploads\\\/2022\\\/01\\\/po_tekstu_2-1.jpeg\",\"contentUrl\":\"https:\\\/\\\/qtmm.org\\\/wp-content\\\/uploads\\\/2022\\\/01\\\/po_tekstu_2-1.jpeg\",\"width\":650,\"height\":350},{\"@type\":\"BreadcrumbList\",\"@id\":\"https:\\\/\\\/qtmm.org\\\/qt\\\/qirim-yuqari-surasinin-deputatlari-remzi-ilyasov-safure-kacametova-ve-qirimtatar-ziyalilari-muhtariyet-yolbascilarina-muracaat-ettiler\\\/#breadcrumb\",\"itemListElement\":[{\"@type\":\"ListItem\",\"position\":1,\"name\":\"\u0413\u043e\u043b\u043e\u0432\u043d\u0430\",\"item\":\"https:\\\/\\\/qtmm.org\\\/qt\\\/\"},{\"@type\":\"ListItem\",\"position\":2,\"name\":\"Q\u0131r\u0131m Yuqar\u0131 \u015euras\u0131n\u0131\u00f1 deputatlar\u0131 Remzi \u0130lyasov, Safure Kacametova ve q\u0131r\u0131mtatar ziyal\u0131lar\u0131 muhtariyet yolba\u015f\u00e7\u0131lar\u0131na muracaat ettiler\"}]},{\"@type\":\"WebSite\",\"@id\":\"https:\\\/\\\/qtmm.org\\\/qt\\\/#website\",\"url\":\"https:\\\/\\\/qtmm.org\\\/qt\\\/\",\"name\":\"\u041c\u0435\u0434\u0436\u043b\u0456\u0441\",\"description\":\"\",\"publisher\":{\"@id\":\"https:\\\/\\\/qtmm.org\\\/qt\\\/#organization\"},\"potentialAction\":[{\"@type\":\"SearchAction\",\"target\":{\"@type\":\"EntryPoint\",\"urlTemplate\":\"https:\\\/\\\/qtmm.org\\\/qt\\\/?s={search_term_string}\"},\"query-input\":{\"@type\":\"PropertyValueSpecification\",\"valueRequired\":true,\"valueName\":\"search_term_string\"}}],\"inLanguage\":\"qt\"},{\"@type\":\"Organization\",\"@id\":\"https:\\\/\\\/qtmm.org\\\/qt\\\/#organization\",\"name\":\"\u041c\u0435\u0434\u0436\u043b\u0456\u0441\",\"url\":\"https:\\\/\\\/qtmm.org\\\/qt\\\/\",\"logo\":{\"@type\":\"ImageObject\",\"inLanguage\":\"qt\",\"@id\":\"https:\\\/\\\/qtmm.org\\\/qt\\\/#\\\/schema\\\/logo\\\/image\\\/\",\"url\":\"https:\\\/\\\/qtmm.org\\\/wp-content\\\/uploads\\\/2024\\\/12\\\/ua-mejlis-logo-rgb.svg\",\"contentUrl\":\"https:\\\/\\\/qtmm.org\\\/wp-content\\\/uploads\\\/2024\\\/12\\\/ua-mejlis-logo-rgb.svg\",\"caption\":\"\u041c\u0435\u0434\u0436\u043b\u0456\u0441\"},\"image\":{\"@id\":\"https:\\\/\\\/qtmm.org\\\/qt\\\/#\\\/schema\\\/logo\\\/image\\\/\"},\"sameAs\":[\"https:\\\/\\\/www.facebook.com\\\/qtmm.info\\\/\"]},{\"@type\":\"Person\",\"@id\":\"https:\\\/\\\/qtmm.org\\\/qt\\\/#\\\/schema\\\/person\\\/de562469f971dec226ac06e60bbf74a7\",\"name\":\"Developer\",\"image\":{\"@type\":\"ImageObject\",\"inLanguage\":\"qt\",\"@id\":\"https:\\\/\\\/secure.gravatar.com\\\/avatar\\\/392b4cc8fbfeb00b39dfeeab4ee6edded39ffd48e25858637e4765810300227e?s=96&d=mm&r=g\",\"url\":\"https:\\\/\\\/secure.gravatar.com\\\/avatar\\\/392b4cc8fbfeb00b39dfeeab4ee6edded39ffd48e25858637e4765810300227e?s=96&d=mm&r=g\",\"contentUrl\":\"https:\\\/\\\/secure.gravatar.com\\\/avatar\\\/392b4cc8fbfeb00b39dfeeab4ee6edded39ffd48e25858637e4765810300227e?s=96&d=mm&r=g\",\"caption\":\"Developer\"},\"url\":\"https:\\\/\\\/qtmm.org\\\/qt\\\/author\\\/Developer\\\/\"}]}<\/script>\n<!-- \/ Yoast SEO plugin. -->","yoast_head_json":{"title":"Q\u0131r\u0131m Yuqar\u0131 \u015euras\u0131n\u0131\u00f1 deputatlar\u0131 Remzi \u0130lyasov, Safure Kacametova ve q\u0131r\u0131mtatar ziyal\u0131lar\u0131 muhtariyet yolba\u015f\u00e7\u0131lar\u0131na muracaat ettiler - \u041c\u0435\u0434\u0436\u043b\u0456\u0441","robots":{"index":"index","follow":"follow","max-snippet":"max-snippet:-1","max-image-preview":"max-image-preview:large","max-video-preview":"max-video-preview:-1"},"canonical":"https:\/\/qtmm.org\/qt\/qirim-yuqari-surasinin-deputatlari-remzi-ilyasov-safure-kacametova-ve-qirimtatar-ziyalilari-muhtariyet-yolbascilarina-muracaat-ettiler\/","og_locale":"en_US","og_type":"article","og_title":"Q\u0131r\u0131m Yuqar\u0131 \u015euras\u0131n\u0131\u00f1 deputatlar\u0131 Remzi \u0130lyasov, Safure Kacametova ve q\u0131r\u0131mtatar ziyal\u0131lar\u0131 muhtariyet yolba\u015f\u00e7\u0131lar\u0131na muracaat ettiler - \u041c\u0435\u0434\u0436\u043b\u0456\u0441","og_description":"Q\u0131r\u0131m Yuqar\u0131 \u015euras\u0131n\u0131\u00f1 deputatlar\u0131 Remzi \u0130lyasov, Safure Kacametova Q\u0131r\u0131m Yuqar\u0131 \u015euras\u0131n\u0131\u00f1 reisi V. Konstantinov\u011fa, Q\u0131r\u0131m Nazirler \u015furas\u0131n\u0131\u00f1 reisi A. Mogil\u00f6v ve Ukraina Prezidentini\u00f1 Q\u0131r\u0131mdaki daimiy temsilcisi V. Plakida\u011fa Ukrainan\u0131\u00f1 &#8220;Devlet til siyasetini\u00f1 esaslar\u0131 aqq\u0131nda&#8221; Qanun \u00e7er\u00e7ivesinde Q\u0131r\u0131m Muhtar Cumhuriyetinde q\u0131r\u0131mtatar tilini\u00f1 musaviy qullanmas\u0131na dair beyanatnen muracaatta bulund\u0131lar. Ukrainan\u0131\u00f1 &#8220;Devlet til siyasetini\u00f1 esaslar\u0131 aqq\u0131nda&#8221; Qanun \u00e7er\u00e7ivesinde [&hellip;]","og_url":"https:\/\/qtmm.org\/qt\/qirim-yuqari-surasinin-deputatlari-remzi-ilyasov-safure-kacametova-ve-qirimtatar-ziyalilari-muhtariyet-yolbascilarina-muracaat-ettiler\/","og_site_name":"\u041c\u0435\u0434\u0436\u043b\u0456\u0441","article_publisher":"https:\/\/www.facebook.com\/qtmm.info\/","article_published_time":"2012-10-12T10:55:00+00:00","article_modified_time":"2022-01-23T10:57:00+00:00","og_image":[{"width":650,"height":350,"url":"https:\/\/qtmm.org\/wp-content\/uploads\/2022\/01\/po_tekstu_2-1.jpeg","type":"image\/jpeg"}],"author":"Developer","twitter_card":"summary_large_image","twitter_misc":{"Written by":"Developer","Est. reading time":"8 minutes"},"schema":{"@context":"https:\/\/schema.org","@graph":[{"@type":"Article","@id":"https:\/\/qtmm.org\/qt\/qirim-yuqari-surasinin-deputatlari-remzi-ilyasov-safure-kacametova-ve-qirimtatar-ziyalilari-muhtariyet-yolbascilarina-muracaat-ettiler\/#article","isPartOf":{"@id":"https:\/\/qtmm.org\/qt\/qirim-yuqari-surasinin-deputatlari-remzi-ilyasov-safure-kacametova-ve-qirimtatar-ziyalilari-muhtariyet-yolbascilarina-muracaat-ettiler\/"},"author":{"name":"Developer","@id":"https:\/\/qtmm.org\/qt\/#\/schema\/person\/de562469f971dec226ac06e60bbf74a7"},"headline":"Q\u0131r\u0131m Yuqar\u0131 \u015euras\u0131n\u0131\u00f1 deputatlar\u0131 Remzi \u0130lyasov, Safure Kacametova ve q\u0131r\u0131mtatar ziyal\u0131lar\u0131 muhtariyet yolba\u015f\u00e7\u0131lar\u0131na muracaat ettiler","datePublished":"2012-10-12T10:55:00+00:00","dateModified":"2022-01-23T10:57:00+00:00","mainEntityOfPage":{"@id":"https:\/\/qtmm.org\/qt\/qirim-yuqari-surasinin-deputatlari-remzi-ilyasov-safure-kacametova-ve-qirimtatar-ziyalilari-muhtariyet-yolbascilarina-muracaat-ettiler\/"},"wordCount":1689,"commentCount":0,"publisher":{"@id":"https:\/\/qtmm.org\/qt\/#organization"},"image":{"@id":"https:\/\/qtmm.org\/qt\/qirim-yuqari-surasinin-deputatlari-remzi-ilyasov-safure-kacametova-ve-qirimtatar-ziyalilari-muhtariyet-yolbascilarina-muracaat-ettiler\/#primaryimage"},"thumbnailUrl":"https:\/\/qtmm.org\/wp-content\/uploads\/2022\/01\/po_tekstu_2-1.jpeg","articleSection":["Haberler"],"inLanguage":"qt","potentialAction":[{"@type":"CommentAction","name":"Comment","target":["https:\/\/qtmm.org\/qt\/qirim-yuqari-surasinin-deputatlari-remzi-ilyasov-safure-kacametova-ve-qirimtatar-ziyalilari-muhtariyet-yolbascilarina-muracaat-ettiler\/#respond"]}]},{"@type":"WebPage","@id":"https:\/\/qtmm.org\/qt\/qirim-yuqari-surasinin-deputatlari-remzi-ilyasov-safure-kacametova-ve-qirimtatar-ziyalilari-muhtariyet-yolbascilarina-muracaat-ettiler\/","url":"https:\/\/qtmm.org\/qt\/qirim-yuqari-surasinin-deputatlari-remzi-ilyasov-safure-kacametova-ve-qirimtatar-ziyalilari-muhtariyet-yolbascilarina-muracaat-ettiler\/","name":"Q\u0131r\u0131m Yuqar\u0131 \u015euras\u0131n\u0131\u00f1 deputatlar\u0131 Remzi \u0130lyasov, Safure Kacametova ve q\u0131r\u0131mtatar ziyal\u0131lar\u0131 muhtariyet yolba\u015f\u00e7\u0131lar\u0131na muracaat ettiler - \u041c\u0435\u0434\u0436\u043b\u0456\u0441","isPartOf":{"@id":"https:\/\/qtmm.org\/qt\/#website"},"primaryImageOfPage":{"@id":"https:\/\/qtmm.org\/qt\/qirim-yuqari-surasinin-deputatlari-remzi-ilyasov-safure-kacametova-ve-qirimtatar-ziyalilari-muhtariyet-yolbascilarina-muracaat-ettiler\/#primaryimage"},"image":{"@id":"https:\/\/qtmm.org\/qt\/qirim-yuqari-surasinin-deputatlari-remzi-ilyasov-safure-kacametova-ve-qirimtatar-ziyalilari-muhtariyet-yolbascilarina-muracaat-ettiler\/#primaryimage"},"thumbnailUrl":"https:\/\/qtmm.org\/wp-content\/uploads\/2022\/01\/po_tekstu_2-1.jpeg","datePublished":"2012-10-12T10:55:00+00:00","dateModified":"2022-01-23T10:57:00+00:00","breadcrumb":{"@id":"https:\/\/qtmm.org\/qt\/qirim-yuqari-surasinin-deputatlari-remzi-ilyasov-safure-kacametova-ve-qirimtatar-ziyalilari-muhtariyet-yolbascilarina-muracaat-ettiler\/#breadcrumb"},"inLanguage":"qt","potentialAction":[{"@type":"ReadAction","target":["https:\/\/qtmm.org\/qt\/qirim-yuqari-surasinin-deputatlari-remzi-ilyasov-safure-kacametova-ve-qirimtatar-ziyalilari-muhtariyet-yolbascilarina-muracaat-ettiler\/"]}]},{"@type":"ImageObject","inLanguage":"qt","@id":"https:\/\/qtmm.org\/qt\/qirim-yuqari-surasinin-deputatlari-remzi-ilyasov-safure-kacametova-ve-qirimtatar-ziyalilari-muhtariyet-yolbascilarina-muracaat-ettiler\/#primaryimage","url":"https:\/\/qtmm.org\/wp-content\/uploads\/2022\/01\/po_tekstu_2-1.jpeg","contentUrl":"https:\/\/qtmm.org\/wp-content\/uploads\/2022\/01\/po_tekstu_2-1.jpeg","width":650,"height":350},{"@type":"BreadcrumbList","@id":"https:\/\/qtmm.org\/qt\/qirim-yuqari-surasinin-deputatlari-remzi-ilyasov-safure-kacametova-ve-qirimtatar-ziyalilari-muhtariyet-yolbascilarina-muracaat-ettiler\/#breadcrumb","itemListElement":[{"@type":"ListItem","position":1,"name":"\u0413\u043e\u043b\u043e\u0432\u043d\u0430","item":"https:\/\/qtmm.org\/qt\/"},{"@type":"ListItem","position":2,"name":"Q\u0131r\u0131m Yuqar\u0131 \u015euras\u0131n\u0131\u00f1 deputatlar\u0131 Remzi \u0130lyasov, Safure Kacametova ve q\u0131r\u0131mtatar ziyal\u0131lar\u0131 muhtariyet yolba\u015f\u00e7\u0131lar\u0131na muracaat ettiler"}]},{"@type":"WebSite","@id":"https:\/\/qtmm.org\/qt\/#website","url":"https:\/\/qtmm.org\/qt\/","name":"\u041c\u0435\u0434\u0436\u043b\u0456\u0441","description":"","publisher":{"@id":"https:\/\/qtmm.org\/qt\/#organization"},"potentialAction":[{"@type":"SearchAction","target":{"@type":"EntryPoint","urlTemplate":"https:\/\/qtmm.org\/qt\/?s={search_term_string}"},"query-input":{"@type":"PropertyValueSpecification","valueRequired":true,"valueName":"search_term_string"}}],"inLanguage":"qt"},{"@type":"Organization","@id":"https:\/\/qtmm.org\/qt\/#organization","name":"\u041c\u0435\u0434\u0436\u043b\u0456\u0441","url":"https:\/\/qtmm.org\/qt\/","logo":{"@type":"ImageObject","inLanguage":"qt","@id":"https:\/\/qtmm.org\/qt\/#\/schema\/logo\/image\/","url":"https:\/\/qtmm.org\/wp-content\/uploads\/2024\/12\/ua-mejlis-logo-rgb.svg","contentUrl":"https:\/\/qtmm.org\/wp-content\/uploads\/2024\/12\/ua-mejlis-logo-rgb.svg","caption":"\u041c\u0435\u0434\u0436\u043b\u0456\u0441"},"image":{"@id":"https:\/\/qtmm.org\/qt\/#\/schema\/logo\/image\/"},"sameAs":["https:\/\/www.facebook.com\/qtmm.info\/"]},{"@type":"Person","@id":"https:\/\/qtmm.org\/qt\/#\/schema\/person\/de562469f971dec226ac06e60bbf74a7","name":"Developer","image":{"@type":"ImageObject","inLanguage":"qt","@id":"https:\/\/secure.gravatar.com\/avatar\/392b4cc8fbfeb00b39dfeeab4ee6edded39ffd48e25858637e4765810300227e?s=96&d=mm&r=g","url":"https:\/\/secure.gravatar.com\/avatar\/392b4cc8fbfeb00b39dfeeab4ee6edded39ffd48e25858637e4765810300227e?s=96&d=mm&r=g","contentUrl":"https:\/\/secure.gravatar.com\/avatar\/392b4cc8fbfeb00b39dfeeab4ee6edded39ffd48e25858637e4765810300227e?s=96&d=mm&r=g","caption":"Developer"},"url":"https:\/\/qtmm.org\/qt\/author\/Developer\/"}]}},"_links":{"self":[{"href":"https:\/\/qtmm.org\/qt\/wp-json\/wp\/v2\/posts\/34753","targetHints":{"allow":["GET"]}}],"collection":[{"href":"https:\/\/qtmm.org\/qt\/wp-json\/wp\/v2\/posts"}],"about":[{"href":"https:\/\/qtmm.org\/qt\/wp-json\/wp\/v2\/types\/post"}],"author":[{"embeddable":true,"href":"https:\/\/qtmm.org\/qt\/wp-json\/wp\/v2\/users\/1"}],"replies":[{"embeddable":true,"href":"https:\/\/qtmm.org\/qt\/wp-json\/wp\/v2\/comments?post=34753"}],"version-history":[{"count":1,"href":"https:\/\/qtmm.org\/qt\/wp-json\/wp\/v2\/posts\/34753\/revisions"}],"predecessor-version":[{"id":34758,"href":"https:\/\/qtmm.org\/qt\/wp-json\/wp\/v2\/posts\/34753\/revisions\/34758"}],"wp:featuredmedia":[{"embeddable":true,"href":"https:\/\/qtmm.org\/qt\/wp-json\/wp\/v2\/media\/34754"}],"wp:attachment":[{"href":"https:\/\/qtmm.org\/qt\/wp-json\/wp\/v2\/media?parent=34753"}],"wp:term":[{"taxonomy":"category","embeddable":true,"href":"https:\/\/qtmm.org\/qt\/wp-json\/wp\/v2\/categories?post=34753"},{"taxonomy":"post_tag","embeddable":true,"href":"https:\/\/qtmm.org\/qt\/wp-json\/wp\/v2\/tags?post=34753"}],"curies":[{"name":"wp","href":"https:\/\/api.w.org\/{rel}","templated":true}]}}