




{"id":34713,"date":"2012-10-10T13:51:00","date_gmt":"2012-10-10T10:51:00","guid":{"rendered":"http:\/\/qtmm.org\/?p=34713"},"modified":"2022-01-23T13:53:02","modified_gmt":"2022-01-23T10:53:02","slug":"meclis-reisi-yani-sarabuz-ukromnoye-koyunde-yangindan-zararlangan-aileni-ziyaret-etti","status":"publish","type":"post","link":"https:\/\/qtmm.org\/qt\/meclis-reisi-yani-sarabuz-ukromnoye-koyunde-yangindan-zararlangan-aileni-ziyaret-etti\/","title":{"rendered":"Meclis reisi Ya\u00f1\u0131 Sarabuz (Ukromnoye) k\u00f6y\u00fcnde yan\u011f\u0131ndan zararlan\u011fan aileni ziyaret etti"},"content":{"rendered":"\n<p>Q\u0131r\u0131mtatar halq\u0131 Meclisine Ya\u00f1\u0131 Sarabuz (Ukromnoye) k\u00f6y\u00fcnde 2012 senesi okt\u00e2br 6-dan 7-ge ke\u00e7er gecesi Edem Seytumerovn\u0131\u00f1 evi yan\u011fan\u0131 ve aqibette eV yan\u0131ndaki qo\u015fumca qurulmalar da ate\u015ften \u011fay\u0131p ol\u011fan\u0131 aqq\u0131nda haber keldi. 200 kvadrat metr mesken eV i\u00e7indeki b\u00fct\u00fcn e\u015fyalar ile beraber ate\u015f i\u00e7inde qald\u0131. Yan\u011f\u0131n ba\u015flan\u011fanda aile azalar\u0131 yuqlay ediler, amma bahtqa qar\u015f\u0131 er kes sa\u011f qald\u0131.<\/p>\n\n\n\n<p>Okt\u00e2br 10 k\u00fcn\u00fc Q\u0131r\u0131mtatar halq\u0131 Meclisini\u00f1 reisi Mustafa Cemilev Aqmescit regional meclis reisi Lemmar Yunusov, Ya\u00f1\u0131 Sarabuz k\u00f6y meclisini\u00f1 reisi Rustem Refatov, &#8220;Q\u0131r\u0131m&#8221; Fond\u0131&#8221; hayriye te\u015fkil\u00e2t\u0131n\u0131\u00f1 ba\u015f m\u00fcdiri Riza \u015eevqiyev ve milliy areket veteranlar\u0131nen beraber fel\u00e2ket y\u00fcz bergen yerge keldi.<\/p>\n\n\n\n<p>&#8220;Gece saat 2-lerde men ate\u015f yan\u011fan\u0131n\u0131 k\u00f6rdim, &#8211; tarif ete adiseni eV saibi Edem Seytumerov. \u2013 Yan\u011f\u0131n hocal\u0131q qurulmalar\u0131ndan \u00e7\u0131qt\u0131. Biz evden at\u0131l\u0131p t\u0131\u015far\u0131 \u00e7\u0131qt\u0131q, ate\u015fni s\u00f6nd\u00fcrecek ol\u0131p t\u0131r\u0131\u015ft\u0131q, amma k\u00fc\u00e7\u00fcmiz yetmedi&#8221;. E. Seytmuyerovn\u0131\u00f1 aytqan\u0131na k\u00f6re o, ate\u015f s\u00f6nd\u00fcricilerni, vefqulade h\u0131zmet hadimlerini \u00e7a\u011f\u0131r\u011fan, l\u00e2kin olarn\u0131\u00f1 arabalar\u0131nda ate\u015fni s\u00f6nd\u00fcrmek i\u00e7\u00fcn suv bile yoq eken. &#8220;Suv ketirmelerini beklegence ate\u015f evimizni tolus\u0131nen yoq etti&#8221;, &#8211; dey Seytumerov.<\/p>\n\n\n\n<figure class=\"wp-block-image size-full\"><img loading=\"lazy\" decoding=\"async\" width=\"650\" height=\"400\" src=\"http:\/\/qtmm.org\/wp-content\/uploads\/2022\/01\/img_0219.jpeg\" alt=\"\" class=\"wp-image-34718\" srcset=\"https:\/\/qtmm.org\/wp-content\/uploads\/2022\/01\/img_0219.jpeg 650w, https:\/\/qtmm.org\/wp-content\/uploads\/2022\/01\/img_0219-300x185.jpeg 300w\" sizes=\"auto, (max-width: 650px) 100vw, 650px\" \/><\/figure>\n\n\n\n<p>B\u00fct\u00fcn bar-yoqun\u0131 quruc\u0131l\u0131qqa sarf etken Ev saibi bu i\u015f mahsus yap\u0131l\u011fan\u0131 ve qabaat qom\u015fus\u0131nda ol\u011fan\u0131n\u0131 tahmin ete. Zarar k\u00f6rgen eV saibini\u00f1 aytqan\u0131na k\u00f6re qom\u015fus\u0131 i\u00e7kicilikke qarardan ziyade berilip, evinde \u00f6z\u00fc kibi i\u00e7kicilernen birlikte daima &#8220;alkogol otur\u0131\u015flar\u0131&#8221; ke\u00e7ire eken. &#8220;Men on\u0131 defalarca tertip-nizam\u011fa \u00e7ekmege t\u0131r\u0131\u015ft\u0131m, l\u00e2kin faydas\u0131 olmad\u0131.<\/p>\n\n\n\n<p>Men eminim ki, qom\u015fumn\u0131\u00f1 areketleri neticesinde evim yand\u0131, ailem de az qald\u0131 \u00f6leyazd\u0131&#8221;, &#8211; bildirdi Edem Seytumerov. Ve \u015fun\u0131 da il\u00e2ve etti ki, yan\u011f\u0131n s\u00f6nd\u00fcr\u00fcv h\u0131zmetini\u00f1 hadimleri eV esalet yaq\u0131l\u011fan\u0131n\u0131 isbat etmekni\u00f1 \u00e7aresi yoqt\u0131r, bun\u0131\u00f1 i\u00e7\u00fcn pek paal\u0131 ekspertiza kerek.<\/p>\n\n\n\n<figure class=\"wp-block-image size-full\"><img loading=\"lazy\" decoding=\"async\" width=\"650\" height=\"400\" src=\"http:\/\/qtmm.org\/wp-content\/uploads\/2022\/01\/img_0214.jpeg\" alt=\"\" class=\"wp-image-34722\" srcset=\"https:\/\/qtmm.org\/wp-content\/uploads\/2022\/01\/img_0214.jpeg 650w, https:\/\/qtmm.org\/wp-content\/uploads\/2022\/01\/img_0214-300x185.jpeg 300w\" sizes=\"auto, (max-width: 650px) 100vw, 650px\" \/><\/figure>\n\n\n\n<p>Neticede, E. Seytumerovn\u0131\u00f1 s\u00f6zlerine k\u00f6re, yan\u011f\u0131nc\u0131lar yan\u011f\u0131nn\u0131\u00f1 sebebi elektrik a\u011flar\u0131nen ba\u011fl\u0131, degen hul\u00e2san\u0131 \u00e7\u0131qard\u0131lar.<\/p>\n\n\n\n<p>Ya\u00f1\u0131 Sarabuz k\u00f6y\u00fcni\u00f1 cemaat\u0131 k\u00f6yde\u015flerine yard\u0131m qolun\u0131 uzatt\u0131lar. Yerli meclis ve k\u00f6y faallerini\u00f1 areketi sayesinde 15 bi\u00f1 grivn\u00e2 para topland\u0131. Aqraba ve dostlar\u0131 ise evni\u00f1 dam\u0131n\u0131 qapat\u0131p, ya\u00f1\u0131 quruc\u0131l\u0131qn\u0131 ba\u015flad\u0131lar.<\/p>\n\n\n\n<figure class=\"wp-block-image size-full\"><img loading=\"lazy\" decoding=\"async\" width=\"650\" height=\"400\" src=\"http:\/\/qtmm.org\/wp-content\/uploads\/2022\/01\/img_0226.jpeg\" alt=\"\" class=\"wp-image-34726\" srcset=\"https:\/\/qtmm.org\/wp-content\/uploads\/2022\/01\/img_0226.jpeg 650w, https:\/\/qtmm.org\/wp-content\/uploads\/2022\/01\/img_0226-300x185.jpeg 300w\" sizes=\"auto, (max-width: 650px) 100vw, 650px\" \/><\/figure>\n\n\n\n<p>Meclis reisinen subet devam\u0131nda Edem Seytumerov Mustafa Cemilevden ait h\u0131zmetlerge muracaat etip, evni\u00f1 bir q\u0131sm\u0131n\u0131 gaznen teminlev meselesini \u00e7ez\u00fcvde yard\u0131m bermesini rica etti. &#8220;Ki\u00e7kene bala\u00e7\u0131qlar\u0131m\u0131z bar, olar i\u00e7\u00fcn suv q\u0131zd\u0131rmaq ve a\u015f pi\u015firmekni\u00f1 imk\u00e2n\u0131 yoqt\u0131r&#8221;, &#8211; dep a\u00f1latt\u0131 ricas\u0131n\u0131 E. Seytumerov. Meclis reisi bu meseleni \u00f6z nezareti alt\u0131na al\u0131p, m\u00fcsbet \u00e7ezilmesine t\u0131r\u0131\u015faca\u011f\u0131n\u0131 i\u015fand\u0131rd\u0131.<\/p>\n\n\n\n<p>Milliy areket veteranlar\u0131 ev yan\u011fan azbarda dua oqud\u0131lar ve Seytumerovlarn\u0131\u00f1 ailesine e\u00f1 zarur erzaqlarn\u0131 berdiler. \u00d6z taraf\u0131ndan &#8220;Q\u0131r\u0131m&#8221; Fond\u0131&#8221; hayriye te\u015fkil\u00e2t\u0131n\u0131\u00f1 ba\u015f m\u00fcdiri Riza \u015eevqiyev de ailege maddiy yard\u0131m berdi.<\/p>\n\n\n\n<figure class=\"wp-block-image size-full\"><img loading=\"lazy\" decoding=\"async\" width=\"650\" height=\"400\" src=\"http:\/\/qtmm.org\/wp-content\/uploads\/2022\/01\/img_0230.jpeg\" alt=\"\" class=\"wp-image-34730\" srcset=\"https:\/\/qtmm.org\/wp-content\/uploads\/2022\/01\/img_0230.jpeg 650w, https:\/\/qtmm.org\/wp-content\/uploads\/2022\/01\/img_0230-300x185.jpeg 300w\" sizes=\"auto, (max-width: 650px) 100vw, 650px\" \/><\/figure>\n","protected":false},"excerpt":{"rendered":"<p>Q\u0131r\u0131mtatar halq\u0131 Meclisine Ya\u00f1\u0131 Sarabuz (Ukromnoye) k\u00f6y\u00fcnde 2012 senesi okt\u00e2br 6-dan 7-ge ke\u00e7er gecesi Edem Seytumerovn\u0131\u00f1 evi yan\u011fan\u0131 ve aqibette eV yan\u0131ndaki qo\u015fumca qurulmalar da ate\u015ften \u011fay\u0131p ol\u011fan\u0131 aqq\u0131nda haber keldi. 200 kvadrat metr mesken eV i\u00e7indeki b\u00fct\u00fcn e\u015fyalar ile beraber ate\u015f i\u00e7inde qald\u0131. Yan\u011f\u0131n ba\u015flan\u011fanda aile azalar\u0131 yuqlay ediler, amma bahtqa qar\u015f\u0131 er kes [&hellip;]<\/p>\n","protected":false},"author":1,"featured_media":34714,"comment_status":"open","ping_status":"open","sticky":false,"template":"","format":"standard","meta":{"inline_featured_image":false,"footnotes":""},"categories":[265],"tags":[],"class_list":["post-34713","post","type-post","status-publish","format-standard","has-post-thumbnail","hentry","category-haberler"],"acf":[],"yoast_head":"<!-- This site is optimized with the Yoast SEO plugin v27.4 - https:\/\/yoast.com\/product\/yoast-seo-wordpress\/ -->\n<title>Meclis reisi Ya\u00f1\u0131 Sarabuz (Ukromnoye) k\u00f6y\u00fcnde yan\u011f\u0131ndan zararlan\u011fan aileni ziyaret etti - \u041c\u0435\u0434\u0436\u043b\u0456\u0441<\/title>\n<meta name=\"robots\" content=\"index, follow, max-snippet:-1, max-image-preview:large, max-video-preview:-1\" \/>\n<link rel=\"canonical\" href=\"https:\/\/qtmm.org\/qt\/meclis-reisi-yani-sarabuz-ukromnoye-koyunde-yangindan-zararlangan-aileni-ziyaret-etti\/\" \/>\n<meta property=\"og:locale\" content=\"en_US\" \/>\n<meta property=\"og:type\" content=\"article\" \/>\n<meta property=\"og:title\" content=\"Meclis reisi Ya\u00f1\u0131 Sarabuz (Ukromnoye) k\u00f6y\u00fcnde yan\u011f\u0131ndan zararlan\u011fan aileni ziyaret etti - \u041c\u0435\u0434\u0436\u043b\u0456\u0441\" \/>\n<meta property=\"og:description\" content=\"Q\u0131r\u0131mtatar halq\u0131 Meclisine Ya\u00f1\u0131 Sarabuz (Ukromnoye) k\u00f6y\u00fcnde 2012 senesi okt\u00e2br 6-dan 7-ge ke\u00e7er gecesi Edem Seytumerovn\u0131\u00f1 evi yan\u011fan\u0131 ve aqibette eV yan\u0131ndaki qo\u015fumca qurulmalar da ate\u015ften \u011fay\u0131p ol\u011fan\u0131 aqq\u0131nda haber keldi. 200 kvadrat metr mesken eV i\u00e7indeki b\u00fct\u00fcn e\u015fyalar ile beraber ate\u015f i\u00e7inde qald\u0131. Yan\u011f\u0131n ba\u015flan\u011fanda aile azalar\u0131 yuqlay ediler, amma bahtqa qar\u015f\u0131 er kes [&hellip;]\" \/>\n<meta property=\"og:url\" content=\"https:\/\/qtmm.org\/qt\/meclis-reisi-yani-sarabuz-ukromnoye-koyunde-yangindan-zararlangan-aileni-ziyaret-etti\/\" \/>\n<meta property=\"og:site_name\" content=\"\u041c\u0435\u0434\u0436\u043b\u0456\u0441\" \/>\n<meta property=\"article:publisher\" content=\"https:\/\/www.facebook.com\/qtmm.info\/\" \/>\n<meta property=\"article:published_time\" content=\"2012-10-10T10:51:00+00:00\" \/>\n<meta property=\"article:modified_time\" content=\"2022-01-23T10:53:02+00:00\" \/>\n<meta property=\"og:image\" content=\"https:\/\/qtmm.org\/wp-content\/uploads\/2022\/01\/img_0210.jpeg\" \/>\n\t<meta property=\"og:image:width\" content=\"650\" \/>\n\t<meta property=\"og:image:height\" content=\"400\" \/>\n\t<meta property=\"og:image:type\" content=\"image\/jpeg\" \/>\n<meta name=\"author\" content=\"Developer\" \/>\n<meta name=\"twitter:card\" content=\"summary_large_image\" \/>\n<meta name=\"twitter:label1\" content=\"Written by\" \/>\n\t<meta name=\"twitter:data1\" content=\"Developer\" \/>\n\t<meta name=\"twitter:label2\" content=\"Est. reading time\" \/>\n\t<meta name=\"twitter:data2\" content=\"3 minutes\" \/>\n<script type=\"application\/ld+json\" class=\"yoast-schema-graph\">{\"@context\":\"https:\\\/\\\/schema.org\",\"@graph\":[{\"@type\":\"Article\",\"@id\":\"https:\\\/\\\/qtmm.org\\\/qt\\\/meclis-reisi-yani-sarabuz-ukromnoye-koyunde-yangindan-zararlangan-aileni-ziyaret-etti\\\/#article\",\"isPartOf\":{\"@id\":\"https:\\\/\\\/qtmm.org\\\/qt\\\/meclis-reisi-yani-sarabuz-ukromnoye-koyunde-yangindan-zararlangan-aileni-ziyaret-etti\\\/\"},\"author\":{\"name\":\"Developer\",\"@id\":\"https:\\\/\\\/qtmm.org\\\/qt\\\/#\\\/schema\\\/person\\\/de562469f971dec226ac06e60bbf74a7\"},\"headline\":\"Meclis reisi Ya\u00f1\u0131 Sarabuz (Ukromnoye) k\u00f6y\u00fcnde yan\u011f\u0131ndan zararlan\u011fan aileni ziyaret etti\",\"datePublished\":\"2012-10-10T10:51:00+00:00\",\"dateModified\":\"2022-01-23T10:53:02+00:00\",\"mainEntityOfPage\":{\"@id\":\"https:\\\/\\\/qtmm.org\\\/qt\\\/meclis-reisi-yani-sarabuz-ukromnoye-koyunde-yangindan-zararlangan-aileni-ziyaret-etti\\\/\"},\"wordCount\":546,\"commentCount\":0,\"publisher\":{\"@id\":\"https:\\\/\\\/qtmm.org\\\/qt\\\/#organization\"},\"image\":{\"@id\":\"https:\\\/\\\/qtmm.org\\\/qt\\\/meclis-reisi-yani-sarabuz-ukromnoye-koyunde-yangindan-zararlangan-aileni-ziyaret-etti\\\/#primaryimage\"},\"thumbnailUrl\":\"https:\\\/\\\/qtmm.org\\\/wp-content\\\/uploads\\\/2022\\\/01\\\/img_0210.jpeg\",\"articleSection\":[\"Haberler\"],\"inLanguage\":\"qt\",\"potentialAction\":[{\"@type\":\"CommentAction\",\"name\":\"Comment\",\"target\":[\"https:\\\/\\\/qtmm.org\\\/qt\\\/meclis-reisi-yani-sarabuz-ukromnoye-koyunde-yangindan-zararlangan-aileni-ziyaret-etti\\\/#respond\"]}]},{\"@type\":\"WebPage\",\"@id\":\"https:\\\/\\\/qtmm.org\\\/qt\\\/meclis-reisi-yani-sarabuz-ukromnoye-koyunde-yangindan-zararlangan-aileni-ziyaret-etti\\\/\",\"url\":\"https:\\\/\\\/qtmm.org\\\/qt\\\/meclis-reisi-yani-sarabuz-ukromnoye-koyunde-yangindan-zararlangan-aileni-ziyaret-etti\\\/\",\"name\":\"Meclis reisi Ya\u00f1\u0131 Sarabuz (Ukromnoye) k\u00f6y\u00fcnde yan\u011f\u0131ndan zararlan\u011fan aileni ziyaret etti - \u041c\u0435\u0434\u0436\u043b\u0456\u0441\",\"isPartOf\":{\"@id\":\"https:\\\/\\\/qtmm.org\\\/qt\\\/#website\"},\"primaryImageOfPage\":{\"@id\":\"https:\\\/\\\/qtmm.org\\\/qt\\\/meclis-reisi-yani-sarabuz-ukromnoye-koyunde-yangindan-zararlangan-aileni-ziyaret-etti\\\/#primaryimage\"},\"image\":{\"@id\":\"https:\\\/\\\/qtmm.org\\\/qt\\\/meclis-reisi-yani-sarabuz-ukromnoye-koyunde-yangindan-zararlangan-aileni-ziyaret-etti\\\/#primaryimage\"},\"thumbnailUrl\":\"https:\\\/\\\/qtmm.org\\\/wp-content\\\/uploads\\\/2022\\\/01\\\/img_0210.jpeg\",\"datePublished\":\"2012-10-10T10:51:00+00:00\",\"dateModified\":\"2022-01-23T10:53:02+00:00\",\"breadcrumb\":{\"@id\":\"https:\\\/\\\/qtmm.org\\\/qt\\\/meclis-reisi-yani-sarabuz-ukromnoye-koyunde-yangindan-zararlangan-aileni-ziyaret-etti\\\/#breadcrumb\"},\"inLanguage\":\"qt\",\"potentialAction\":[{\"@type\":\"ReadAction\",\"target\":[\"https:\\\/\\\/qtmm.org\\\/qt\\\/meclis-reisi-yani-sarabuz-ukromnoye-koyunde-yangindan-zararlangan-aileni-ziyaret-etti\\\/\"]}]},{\"@type\":\"ImageObject\",\"inLanguage\":\"qt\",\"@id\":\"https:\\\/\\\/qtmm.org\\\/qt\\\/meclis-reisi-yani-sarabuz-ukromnoye-koyunde-yangindan-zararlangan-aileni-ziyaret-etti\\\/#primaryimage\",\"url\":\"https:\\\/\\\/qtmm.org\\\/wp-content\\\/uploads\\\/2022\\\/01\\\/img_0210.jpeg\",\"contentUrl\":\"https:\\\/\\\/qtmm.org\\\/wp-content\\\/uploads\\\/2022\\\/01\\\/img_0210.jpeg\",\"width\":650,\"height\":400},{\"@type\":\"BreadcrumbList\",\"@id\":\"https:\\\/\\\/qtmm.org\\\/qt\\\/meclis-reisi-yani-sarabuz-ukromnoye-koyunde-yangindan-zararlangan-aileni-ziyaret-etti\\\/#breadcrumb\",\"itemListElement\":[{\"@type\":\"ListItem\",\"position\":1,\"name\":\"\u0413\u043e\u043b\u043e\u0432\u043d\u0430\",\"item\":\"https:\\\/\\\/qtmm.org\\\/qt\\\/\"},{\"@type\":\"ListItem\",\"position\":2,\"name\":\"Meclis reisi Ya\u00f1\u0131 Sarabuz (Ukromnoye) k\u00f6y\u00fcnde yan\u011f\u0131ndan zararlan\u011fan aileni ziyaret etti\"}]},{\"@type\":\"WebSite\",\"@id\":\"https:\\\/\\\/qtmm.org\\\/qt\\\/#website\",\"url\":\"https:\\\/\\\/qtmm.org\\\/qt\\\/\",\"name\":\"\u041c\u0435\u0434\u0436\u043b\u0456\u0441\",\"description\":\"\",\"publisher\":{\"@id\":\"https:\\\/\\\/qtmm.org\\\/qt\\\/#organization\"},\"potentialAction\":[{\"@type\":\"SearchAction\",\"target\":{\"@type\":\"EntryPoint\",\"urlTemplate\":\"https:\\\/\\\/qtmm.org\\\/qt\\\/?s={search_term_string}\"},\"query-input\":{\"@type\":\"PropertyValueSpecification\",\"valueRequired\":true,\"valueName\":\"search_term_string\"}}],\"inLanguage\":\"qt\"},{\"@type\":\"Organization\",\"@id\":\"https:\\\/\\\/qtmm.org\\\/qt\\\/#organization\",\"name\":\"\u041c\u0435\u0434\u0436\u043b\u0456\u0441\",\"url\":\"https:\\\/\\\/qtmm.org\\\/qt\\\/\",\"logo\":{\"@type\":\"ImageObject\",\"inLanguage\":\"qt\",\"@id\":\"https:\\\/\\\/qtmm.org\\\/qt\\\/#\\\/schema\\\/logo\\\/image\\\/\",\"url\":\"https:\\\/\\\/qtmm.org\\\/wp-content\\\/uploads\\\/2024\\\/12\\\/ua-mejlis-logo-rgb.svg\",\"contentUrl\":\"https:\\\/\\\/qtmm.org\\\/wp-content\\\/uploads\\\/2024\\\/12\\\/ua-mejlis-logo-rgb.svg\",\"caption\":\"\u041c\u0435\u0434\u0436\u043b\u0456\u0441\"},\"image\":{\"@id\":\"https:\\\/\\\/qtmm.org\\\/qt\\\/#\\\/schema\\\/logo\\\/image\\\/\"},\"sameAs\":[\"https:\\\/\\\/www.facebook.com\\\/qtmm.info\\\/\"]},{\"@type\":\"Person\",\"@id\":\"https:\\\/\\\/qtmm.org\\\/qt\\\/#\\\/schema\\\/person\\\/de562469f971dec226ac06e60bbf74a7\",\"name\":\"Developer\",\"image\":{\"@type\":\"ImageObject\",\"inLanguage\":\"qt\",\"@id\":\"https:\\\/\\\/secure.gravatar.com\\\/avatar\\\/392b4cc8fbfeb00b39dfeeab4ee6edded39ffd48e25858637e4765810300227e?s=96&d=mm&r=g\",\"url\":\"https:\\\/\\\/secure.gravatar.com\\\/avatar\\\/392b4cc8fbfeb00b39dfeeab4ee6edded39ffd48e25858637e4765810300227e?s=96&d=mm&r=g\",\"contentUrl\":\"https:\\\/\\\/secure.gravatar.com\\\/avatar\\\/392b4cc8fbfeb00b39dfeeab4ee6edded39ffd48e25858637e4765810300227e?s=96&d=mm&r=g\",\"caption\":\"Developer\"},\"url\":\"https:\\\/\\\/qtmm.org\\\/qt\\\/author\\\/Developer\\\/\"}]}<\/script>\n<!-- \/ Yoast SEO plugin. -->","yoast_head_json":{"title":"Meclis reisi Ya\u00f1\u0131 Sarabuz (Ukromnoye) k\u00f6y\u00fcnde yan\u011f\u0131ndan zararlan\u011fan aileni ziyaret etti - \u041c\u0435\u0434\u0436\u043b\u0456\u0441","robots":{"index":"index","follow":"follow","max-snippet":"max-snippet:-1","max-image-preview":"max-image-preview:large","max-video-preview":"max-video-preview:-1"},"canonical":"https:\/\/qtmm.org\/qt\/meclis-reisi-yani-sarabuz-ukromnoye-koyunde-yangindan-zararlangan-aileni-ziyaret-etti\/","og_locale":"en_US","og_type":"article","og_title":"Meclis reisi Ya\u00f1\u0131 Sarabuz (Ukromnoye) k\u00f6y\u00fcnde yan\u011f\u0131ndan zararlan\u011fan aileni ziyaret etti - \u041c\u0435\u0434\u0436\u043b\u0456\u0441","og_description":"Q\u0131r\u0131mtatar halq\u0131 Meclisine Ya\u00f1\u0131 Sarabuz (Ukromnoye) k\u00f6y\u00fcnde 2012 senesi okt\u00e2br 6-dan 7-ge ke\u00e7er gecesi Edem Seytumerovn\u0131\u00f1 evi yan\u011fan\u0131 ve aqibette eV yan\u0131ndaki qo\u015fumca qurulmalar da ate\u015ften \u011fay\u0131p ol\u011fan\u0131 aqq\u0131nda haber keldi. 200 kvadrat metr mesken eV i\u00e7indeki b\u00fct\u00fcn e\u015fyalar ile beraber ate\u015f i\u00e7inde qald\u0131. Yan\u011f\u0131n ba\u015flan\u011fanda aile azalar\u0131 yuqlay ediler, amma bahtqa qar\u015f\u0131 er kes [&hellip;]","og_url":"https:\/\/qtmm.org\/qt\/meclis-reisi-yani-sarabuz-ukromnoye-koyunde-yangindan-zararlangan-aileni-ziyaret-etti\/","og_site_name":"\u041c\u0435\u0434\u0436\u043b\u0456\u0441","article_publisher":"https:\/\/www.facebook.com\/qtmm.info\/","article_published_time":"2012-10-10T10:51:00+00:00","article_modified_time":"2022-01-23T10:53:02+00:00","og_image":[{"width":650,"height":400,"url":"https:\/\/qtmm.org\/wp-content\/uploads\/2022\/01\/img_0210.jpeg","type":"image\/jpeg"}],"author":"Developer","twitter_card":"summary_large_image","twitter_misc":{"Written by":"Developer","Est. reading time":"3 minutes"},"schema":{"@context":"https:\/\/schema.org","@graph":[{"@type":"Article","@id":"https:\/\/qtmm.org\/qt\/meclis-reisi-yani-sarabuz-ukromnoye-koyunde-yangindan-zararlangan-aileni-ziyaret-etti\/#article","isPartOf":{"@id":"https:\/\/qtmm.org\/qt\/meclis-reisi-yani-sarabuz-ukromnoye-koyunde-yangindan-zararlangan-aileni-ziyaret-etti\/"},"author":{"name":"Developer","@id":"https:\/\/qtmm.org\/qt\/#\/schema\/person\/de562469f971dec226ac06e60bbf74a7"},"headline":"Meclis reisi Ya\u00f1\u0131 Sarabuz (Ukromnoye) k\u00f6y\u00fcnde yan\u011f\u0131ndan zararlan\u011fan aileni ziyaret etti","datePublished":"2012-10-10T10:51:00+00:00","dateModified":"2022-01-23T10:53:02+00:00","mainEntityOfPage":{"@id":"https:\/\/qtmm.org\/qt\/meclis-reisi-yani-sarabuz-ukromnoye-koyunde-yangindan-zararlangan-aileni-ziyaret-etti\/"},"wordCount":546,"commentCount":0,"publisher":{"@id":"https:\/\/qtmm.org\/qt\/#organization"},"image":{"@id":"https:\/\/qtmm.org\/qt\/meclis-reisi-yani-sarabuz-ukromnoye-koyunde-yangindan-zararlangan-aileni-ziyaret-etti\/#primaryimage"},"thumbnailUrl":"https:\/\/qtmm.org\/wp-content\/uploads\/2022\/01\/img_0210.jpeg","articleSection":["Haberler"],"inLanguage":"qt","potentialAction":[{"@type":"CommentAction","name":"Comment","target":["https:\/\/qtmm.org\/qt\/meclis-reisi-yani-sarabuz-ukromnoye-koyunde-yangindan-zararlangan-aileni-ziyaret-etti\/#respond"]}]},{"@type":"WebPage","@id":"https:\/\/qtmm.org\/qt\/meclis-reisi-yani-sarabuz-ukromnoye-koyunde-yangindan-zararlangan-aileni-ziyaret-etti\/","url":"https:\/\/qtmm.org\/qt\/meclis-reisi-yani-sarabuz-ukromnoye-koyunde-yangindan-zararlangan-aileni-ziyaret-etti\/","name":"Meclis reisi Ya\u00f1\u0131 Sarabuz (Ukromnoye) k\u00f6y\u00fcnde yan\u011f\u0131ndan zararlan\u011fan aileni ziyaret etti - \u041c\u0435\u0434\u0436\u043b\u0456\u0441","isPartOf":{"@id":"https:\/\/qtmm.org\/qt\/#website"},"primaryImageOfPage":{"@id":"https:\/\/qtmm.org\/qt\/meclis-reisi-yani-sarabuz-ukromnoye-koyunde-yangindan-zararlangan-aileni-ziyaret-etti\/#primaryimage"},"image":{"@id":"https:\/\/qtmm.org\/qt\/meclis-reisi-yani-sarabuz-ukromnoye-koyunde-yangindan-zararlangan-aileni-ziyaret-etti\/#primaryimage"},"thumbnailUrl":"https:\/\/qtmm.org\/wp-content\/uploads\/2022\/01\/img_0210.jpeg","datePublished":"2012-10-10T10:51:00+00:00","dateModified":"2022-01-23T10:53:02+00:00","breadcrumb":{"@id":"https:\/\/qtmm.org\/qt\/meclis-reisi-yani-sarabuz-ukromnoye-koyunde-yangindan-zararlangan-aileni-ziyaret-etti\/#breadcrumb"},"inLanguage":"qt","potentialAction":[{"@type":"ReadAction","target":["https:\/\/qtmm.org\/qt\/meclis-reisi-yani-sarabuz-ukromnoye-koyunde-yangindan-zararlangan-aileni-ziyaret-etti\/"]}]},{"@type":"ImageObject","inLanguage":"qt","@id":"https:\/\/qtmm.org\/qt\/meclis-reisi-yani-sarabuz-ukromnoye-koyunde-yangindan-zararlangan-aileni-ziyaret-etti\/#primaryimage","url":"https:\/\/qtmm.org\/wp-content\/uploads\/2022\/01\/img_0210.jpeg","contentUrl":"https:\/\/qtmm.org\/wp-content\/uploads\/2022\/01\/img_0210.jpeg","width":650,"height":400},{"@type":"BreadcrumbList","@id":"https:\/\/qtmm.org\/qt\/meclis-reisi-yani-sarabuz-ukromnoye-koyunde-yangindan-zararlangan-aileni-ziyaret-etti\/#breadcrumb","itemListElement":[{"@type":"ListItem","position":1,"name":"\u0413\u043e\u043b\u043e\u0432\u043d\u0430","item":"https:\/\/qtmm.org\/qt\/"},{"@type":"ListItem","position":2,"name":"Meclis reisi Ya\u00f1\u0131 Sarabuz (Ukromnoye) k\u00f6y\u00fcnde yan\u011f\u0131ndan zararlan\u011fan aileni ziyaret etti"}]},{"@type":"WebSite","@id":"https:\/\/qtmm.org\/qt\/#website","url":"https:\/\/qtmm.org\/qt\/","name":"\u041c\u0435\u0434\u0436\u043b\u0456\u0441","description":"","publisher":{"@id":"https:\/\/qtmm.org\/qt\/#organization"},"potentialAction":[{"@type":"SearchAction","target":{"@type":"EntryPoint","urlTemplate":"https:\/\/qtmm.org\/qt\/?s={search_term_string}"},"query-input":{"@type":"PropertyValueSpecification","valueRequired":true,"valueName":"search_term_string"}}],"inLanguage":"qt"},{"@type":"Organization","@id":"https:\/\/qtmm.org\/qt\/#organization","name":"\u041c\u0435\u0434\u0436\u043b\u0456\u0441","url":"https:\/\/qtmm.org\/qt\/","logo":{"@type":"ImageObject","inLanguage":"qt","@id":"https:\/\/qtmm.org\/qt\/#\/schema\/logo\/image\/","url":"https:\/\/qtmm.org\/wp-content\/uploads\/2024\/12\/ua-mejlis-logo-rgb.svg","contentUrl":"https:\/\/qtmm.org\/wp-content\/uploads\/2024\/12\/ua-mejlis-logo-rgb.svg","caption":"\u041c\u0435\u0434\u0436\u043b\u0456\u0441"},"image":{"@id":"https:\/\/qtmm.org\/qt\/#\/schema\/logo\/image\/"},"sameAs":["https:\/\/www.facebook.com\/qtmm.info\/"]},{"@type":"Person","@id":"https:\/\/qtmm.org\/qt\/#\/schema\/person\/de562469f971dec226ac06e60bbf74a7","name":"Developer","image":{"@type":"ImageObject","inLanguage":"qt","@id":"https:\/\/secure.gravatar.com\/avatar\/392b4cc8fbfeb00b39dfeeab4ee6edded39ffd48e25858637e4765810300227e?s=96&d=mm&r=g","url":"https:\/\/secure.gravatar.com\/avatar\/392b4cc8fbfeb00b39dfeeab4ee6edded39ffd48e25858637e4765810300227e?s=96&d=mm&r=g","contentUrl":"https:\/\/secure.gravatar.com\/avatar\/392b4cc8fbfeb00b39dfeeab4ee6edded39ffd48e25858637e4765810300227e?s=96&d=mm&r=g","caption":"Developer"},"url":"https:\/\/qtmm.org\/qt\/author\/Developer\/"}]}},"_links":{"self":[{"href":"https:\/\/qtmm.org\/qt\/wp-json\/wp\/v2\/posts\/34713","targetHints":{"allow":["GET"]}}],"collection":[{"href":"https:\/\/qtmm.org\/qt\/wp-json\/wp\/v2\/posts"}],"about":[{"href":"https:\/\/qtmm.org\/qt\/wp-json\/wp\/v2\/types\/post"}],"author":[{"embeddable":true,"href":"https:\/\/qtmm.org\/qt\/wp-json\/wp\/v2\/users\/1"}],"replies":[{"embeddable":true,"href":"https:\/\/qtmm.org\/qt\/wp-json\/wp\/v2\/comments?post=34713"}],"version-history":[{"count":1,"href":"https:\/\/qtmm.org\/qt\/wp-json\/wp\/v2\/posts\/34713\/revisions"}],"predecessor-version":[{"id":34734,"href":"https:\/\/qtmm.org\/qt\/wp-json\/wp\/v2\/posts\/34713\/revisions\/34734"}],"wp:featuredmedia":[{"embeddable":true,"href":"https:\/\/qtmm.org\/qt\/wp-json\/wp\/v2\/media\/34714"}],"wp:attachment":[{"href":"https:\/\/qtmm.org\/qt\/wp-json\/wp\/v2\/media?parent=34713"}],"wp:term":[{"taxonomy":"category","embeddable":true,"href":"https:\/\/qtmm.org\/qt\/wp-json\/wp\/v2\/categories?post=34713"},{"taxonomy":"post_tag","embeddable":true,"href":"https:\/\/qtmm.org\/qt\/wp-json\/wp\/v2\/tags?post=34713"}],"curies":[{"name":"wp","href":"https:\/\/api.w.org\/{rel}","templated":true}]}}