




{"id":34703,"date":"2012-10-09T13:46:00","date_gmt":"2012-10-09T10:46:00","guid":{"rendered":"http:\/\/qtmm.org\/?p=34703"},"modified":"2022-01-23T13:49:04","modified_gmt":"2022-01-23T10:49:04","slug":"meclis-reisi-mustafa-cemilev-anqara-derneginde-toplangan-paralarni-yasmin-mamutova-ve-sevil-ahmedovanin-tedaviylenmesine-berdi","status":"publish","type":"post","link":"https:\/\/qtmm.org\/qt\/meclis-reisi-mustafa-cemilev-anqara-derneginde-toplangan-paralarni-yasmin-mamutova-ve-sevil-ahmedovanin-tedaviylenmesine-berdi\/","title":{"rendered":"Meclis reisi Mustafa Cemilev Anqara derneginde toplan\u011fan paralarn\u0131 Yasmin Mamutova ve Sevil Ahmedovan\u0131\u00f1 tedaviylenmesine berdi"},"content":{"rendered":"\n<p>Okt\u00e2br 9 k\u00fcn\u00fc Meclis reisi Mustafa Cemilev eki a\u011f\u0131r hasta bala\u00e7\u0131qlar Yasmin Mamutova ve Sevil Ahmedovan\u0131\u00f1 ana-babalar\u0131na Q\u0131r\u0131mtatarlar yard\u0131mla\u015fma ve medeniyet derneklerini\u00f1 umumiy merkezi (Anqara) taraf\u0131ndan toplan\u011fan paralarn\u0131 berdi. Ke\u00e7ken ayn\u0131\u00f1 so\u00f1unda umumiy merkezde te\u015fkil\u00e2tland\u0131r\u0131l\u011fan hayriye aktsiyas\u0131 devam\u0131nda toplan\u011fan paralar Q\u0131r\u0131m\u011fa yollan\u0131ld\u0131. Q\u0131r\u0131mtatarlar yard\u0131mla\u015fma ve medeniyet derneklerini\u00f1 umumiy merkezi (Anqara) ba\u015f\u0131 Tuncer Qalqayn\u0131\u00f1 ricas\u0131 boyunca eki sabiy\u00e7ikni\u00f1 ameliyat\u0131na toplan\u011fan maddiy yard\u0131mn\u0131 Q\u0131r\u0131mtatar halq\u0131 Meclisini\u00f1 reisi Mustafa Cemilev taqdim etti.<\/p>\n\n\n\n<p>Alt\u0131 ayl\u0131q Yasmin Mamutovan\u0131\u00f1 babas\u0131 Ervin Mamutov 4.940 amerikan dollar\u0131 miqdar\u0131nda yard\u0131m ald\u0131. Yasmina Mamutova\u011fa ameliyat Bel\u00e7ikada yap\u0131lacaq. Balan\u0131\u00f1 babas\u0131 aytqan\u0131na k\u00f6re aile Bel\u00e7ika klinikas\u0131na davetnameni ald\u0131. Ameliyat \u015fu y\u0131ln\u0131\u00f1 okt\u00e2br 15-nde yap\u0131lacaq. Bug\u00fcnde-bug\u00fcn balan\u0131\u00f1 ana-babas\u0131 Bel\u00e7ika\u011fa y\u00f6nemek i\u00e7\u00fcn vesiqalar\u0131n\u0131 az\u0131rlamaqtalar. Q\u0131z\u00e7\u0131qn\u0131\u00f1 anas\u0131 ve babas\u0131 ameliyat yah\u015f\u0131 ke\u00e7ecegine \u00fcm\u00fct etip, olar\u011fa yard\u0131mda bulun\u011fanlarn\u0131\u00f1 episine samimiy minnetdarl\u0131\u011f\u0131n\u0131 bildirdiler.<\/p>\n\n\n\n<figure class=\"wp-block-image size-full\"><img loading=\"lazy\" decoding=\"async\" width=\"800\" height=\"600\" src=\"http:\/\/qtmm.org\/wp-content\/uploads\/2022\/01\/img_0201_1.jpeg\" alt=\"\" class=\"wp-image-34708\" srcset=\"https:\/\/qtmm.org\/wp-content\/uploads\/2022\/01\/img_0201_1.jpeg 800w, https:\/\/qtmm.org\/wp-content\/uploads\/2022\/01\/img_0201_1-300x225.jpeg 300w, https:\/\/qtmm.org\/wp-content\/uploads\/2022\/01\/img_0201_1-768x576.jpeg 768w\" sizes=\"auto, (max-width: 800px) 100vw, 800px\" \/><\/figure>\n\n\n\n<p>Be\u015f ayl\u0131q Sevil Ahmedovan\u0131\u00f1 ana-babas\u0131 \u00f6zleri kelip olamad\u0131lar, \u00e7\u00fcnki bu k\u00fcnlerde olar ameliyattan ke\u00e7ken balanen beraber Kiyevde \u015ealimov ad\u0131na klinikada bulunalar. Sevil Ahmedovan\u0131\u00f1 tizesi Zarife \u00c7obanovan\u0131\u00f1 haber etkenine k\u00f6re Sevilge anas\u0131n\u0131\u00f1 cigeri qoyuld\u0131.<\/p>\n\n\n\n<p>&#8220;Ameliyat bir qa\u00e7 k\u00fcn evelsi yap\u0131l\u0131p, bala pnevmoniya\u011fa o\u011frad\u0131. Bug\u00fcn Sevilni\u00f1 s\u0131ca\u011f\u0131 norma\u011fa kelgen. \u0130n\u015falla, balam\u0131z t\u00fczelir&#8221;, &#8211; dep ik\u00e2ye ete Zarife \u00c7obanova.<\/p>\n\n\n\n<p>Sevil Ahmedova i\u00e7\u00fcn T\u00fcrkiyeli semetde\u015flerimiz 2000 amerikan dollar\u0131 berip yibergenler. Zarife \u00c7obanova q\u0131z\u00e7\u0131qn\u0131\u00f1 ana-babas\u0131 ad\u0131ndan er keske minnetdarl\u0131\u011f\u0131n\u0131 bildirdi: &#8220;Alla er kesten raz\u0131 olsun, yard\u0131m bergen er bir insan\u011fa sa\u011fl\u0131q tileyim&#8221;, dedi Zarife han\u0131m Meclis reisi Mustafa Cemilevnen subetle\u015fkende.<br><br>Meclis reisi Mustafa Cemilev tez arada Sevil Ahmedova ve Yasmin Mamutovanen tan\u0131\u015f olmaq niyetinen payla\u015ft\u0131, \u00e7\u00fcnki balalarn\u0131\u00f1 sa\u011fl\u0131\u011f\u0131 t\u00fczelecegine emin. Bun\u0131\u00f1 kibi de reis b\u00f6yle hayriye aktsiyalar\u0131 devam etecegi, \u015fu c\u00fcmleden e\u00f1 \u00e7oq say\u0131l\u0131 q\u0131r\u0131mtatar diasporas\u0131 ya\u015fa\u011fan T\u00fcrkiyede de olaca\u011f\u0131n\u0131 aytt\u0131.<br><br>Meclis reisini\u00f1 s\u00f6zlerine T\u00fcrkiyeden hayriye yard\u0131m berilgen vaq\u0131tta yan\u0131nda bulun\u011fan on\u0131\u00f1 T\u00fcrkiye meseleleri boyunca mesleat\u00e7\u0131s\u0131 \u0130smet Y\u00fcksel de qo\u015fuld\u0131.<\/p>\n","protected":false},"excerpt":{"rendered":"<p>Okt\u00e2br 9 k\u00fcn\u00fc Meclis reisi Mustafa Cemilev eki a\u011f\u0131r hasta bala\u00e7\u0131qlar Yasmin Mamutova ve Sevil Ahmedovan\u0131\u00f1 ana-babalar\u0131na Q\u0131r\u0131mtatarlar yard\u0131mla\u015fma ve medeniyet derneklerini\u00f1 umumiy merkezi (Anqara) taraf\u0131ndan toplan\u011fan paralarn\u0131 berdi. Ke\u00e7ken ayn\u0131\u00f1 so\u00f1unda umumiy merkezde te\u015fkil\u00e2tland\u0131r\u0131l\u011fan hayriye aktsiyas\u0131 devam\u0131nda toplan\u011fan paralar Q\u0131r\u0131m\u011fa yollan\u0131ld\u0131. Q\u0131r\u0131mtatarlar yard\u0131mla\u015fma ve medeniyet derneklerini\u00f1 umumiy merkezi (Anqara) ba\u015f\u0131 Tuncer Qalqayn\u0131\u00f1 ricas\u0131 boyunca [&hellip;]<\/p>\n","protected":false},"author":1,"featured_media":34704,"comment_status":"open","ping_status":"open","sticky":false,"template":"","format":"standard","meta":{"inline_featured_image":false,"footnotes":""},"categories":[265],"tags":[],"class_list":["post-34703","post","type-post","status-publish","format-standard","has-post-thumbnail","hentry","category-haberler"],"acf":[],"yoast_head":"<!-- This site is optimized with the Yoast SEO plugin v27.4 - https:\/\/yoast.com\/product\/yoast-seo-wordpress\/ -->\n<title>Meclis reisi Mustafa Cemilev Anqara derneginde toplan\u011fan paralarn\u0131 Yasmin Mamutova ve Sevil Ahmedovan\u0131\u00f1 tedaviylenmesine berdi - \u041c\u0435\u0434\u0436\u043b\u0456\u0441<\/title>\n<meta name=\"robots\" content=\"index, follow, max-snippet:-1, max-image-preview:large, max-video-preview:-1\" \/>\n<link rel=\"canonical\" href=\"https:\/\/qtmm.org\/qt\/meclis-reisi-mustafa-cemilev-anqara-derneginde-toplangan-paralarni-yasmin-mamutova-ve-sevil-ahmedovanin-tedaviylenmesine-berdi\/\" \/>\n<meta property=\"og:locale\" content=\"en_US\" \/>\n<meta property=\"og:type\" content=\"article\" \/>\n<meta property=\"og:title\" content=\"Meclis reisi Mustafa Cemilev Anqara derneginde toplan\u011fan paralarn\u0131 Yasmin Mamutova ve Sevil Ahmedovan\u0131\u00f1 tedaviylenmesine berdi - \u041c\u0435\u0434\u0436\u043b\u0456\u0441\" \/>\n<meta property=\"og:description\" content=\"Okt\u00e2br 9 k\u00fcn\u00fc Meclis reisi Mustafa Cemilev eki a\u011f\u0131r hasta bala\u00e7\u0131qlar Yasmin Mamutova ve Sevil Ahmedovan\u0131\u00f1 ana-babalar\u0131na Q\u0131r\u0131mtatarlar yard\u0131mla\u015fma ve medeniyet derneklerini\u00f1 umumiy merkezi (Anqara) taraf\u0131ndan toplan\u011fan paralarn\u0131 berdi. Ke\u00e7ken ayn\u0131\u00f1 so\u00f1unda umumiy merkezde te\u015fkil\u00e2tland\u0131r\u0131l\u011fan hayriye aktsiyas\u0131 devam\u0131nda toplan\u011fan paralar Q\u0131r\u0131m\u011fa yollan\u0131ld\u0131. Q\u0131r\u0131mtatarlar yard\u0131mla\u015fma ve medeniyet derneklerini\u00f1 umumiy merkezi (Anqara) ba\u015f\u0131 Tuncer Qalqayn\u0131\u00f1 ricas\u0131 boyunca [&hellip;]\" \/>\n<meta property=\"og:url\" content=\"https:\/\/qtmm.org\/qt\/meclis-reisi-mustafa-cemilev-anqara-derneginde-toplangan-paralarni-yasmin-mamutova-ve-sevil-ahmedovanin-tedaviylenmesine-berdi\/\" \/>\n<meta property=\"og:site_name\" content=\"\u041c\u0435\u0434\u0436\u043b\u0456\u0441\" \/>\n<meta property=\"article:publisher\" content=\"https:\/\/www.facebook.com\/qtmm.info\/\" \/>\n<meta property=\"article:published_time\" content=\"2012-10-09T10:46:00+00:00\" \/>\n<meta property=\"article:modified_time\" content=\"2022-01-23T10:49:04+00:00\" \/>\n<meta property=\"og:image\" content=\"https:\/\/qtmm.org\/wp-content\/uploads\/2022\/01\/img_0203_3.jpeg\" \/>\n\t<meta property=\"og:image:width\" content=\"800\" \/>\n\t<meta property=\"og:image:height\" content=\"600\" \/>\n\t<meta property=\"og:image:type\" content=\"image\/jpeg\" \/>\n<meta name=\"author\" content=\"Developer\" \/>\n<meta name=\"twitter:card\" content=\"summary_large_image\" \/>\n<meta name=\"twitter:label1\" content=\"Written by\" \/>\n\t<meta name=\"twitter:data1\" content=\"Developer\" \/>\n\t<meta name=\"twitter:label2\" content=\"Est. reading time\" \/>\n\t<meta name=\"twitter:data2\" content=\"2 minutes\" \/>\n<script type=\"application\/ld+json\" class=\"yoast-schema-graph\">{\"@context\":\"https:\\\/\\\/schema.org\",\"@graph\":[{\"@type\":\"Article\",\"@id\":\"https:\\\/\\\/qtmm.org\\\/qt\\\/meclis-reisi-mustafa-cemilev-anqara-derneginde-toplangan-paralarni-yasmin-mamutova-ve-sevil-ahmedovanin-tedaviylenmesine-berdi\\\/#article\",\"isPartOf\":{\"@id\":\"https:\\\/\\\/qtmm.org\\\/qt\\\/meclis-reisi-mustafa-cemilev-anqara-derneginde-toplangan-paralarni-yasmin-mamutova-ve-sevil-ahmedovanin-tedaviylenmesine-berdi\\\/\"},\"author\":{\"name\":\"Developer\",\"@id\":\"https:\\\/\\\/qtmm.org\\\/qt\\\/#\\\/schema\\\/person\\\/de562469f971dec226ac06e60bbf74a7\"},\"headline\":\"Meclis reisi Mustafa Cemilev Anqara derneginde toplan\u011fan paralarn\u0131 Yasmin Mamutova ve Sevil Ahmedovan\u0131\u00f1 tedaviylenmesine berdi\",\"datePublished\":\"2012-10-09T10:46:00+00:00\",\"dateModified\":\"2022-01-23T10:49:04+00:00\",\"mainEntityOfPage\":{\"@id\":\"https:\\\/\\\/qtmm.org\\\/qt\\\/meclis-reisi-mustafa-cemilev-anqara-derneginde-toplangan-paralarni-yasmin-mamutova-ve-sevil-ahmedovanin-tedaviylenmesine-berdi\\\/\"},\"wordCount\":411,\"commentCount\":0,\"publisher\":{\"@id\":\"https:\\\/\\\/qtmm.org\\\/qt\\\/#organization\"},\"image\":{\"@id\":\"https:\\\/\\\/qtmm.org\\\/qt\\\/meclis-reisi-mustafa-cemilev-anqara-derneginde-toplangan-paralarni-yasmin-mamutova-ve-sevil-ahmedovanin-tedaviylenmesine-berdi\\\/#primaryimage\"},\"thumbnailUrl\":\"https:\\\/\\\/qtmm.org\\\/wp-content\\\/uploads\\\/2022\\\/01\\\/img_0203_3.jpeg\",\"articleSection\":[\"Haberler\"],\"inLanguage\":\"qt\",\"potentialAction\":[{\"@type\":\"CommentAction\",\"name\":\"Comment\",\"target\":[\"https:\\\/\\\/qtmm.org\\\/qt\\\/meclis-reisi-mustafa-cemilev-anqara-derneginde-toplangan-paralarni-yasmin-mamutova-ve-sevil-ahmedovanin-tedaviylenmesine-berdi\\\/#respond\"]}]},{\"@type\":\"WebPage\",\"@id\":\"https:\\\/\\\/qtmm.org\\\/qt\\\/meclis-reisi-mustafa-cemilev-anqara-derneginde-toplangan-paralarni-yasmin-mamutova-ve-sevil-ahmedovanin-tedaviylenmesine-berdi\\\/\",\"url\":\"https:\\\/\\\/qtmm.org\\\/qt\\\/meclis-reisi-mustafa-cemilev-anqara-derneginde-toplangan-paralarni-yasmin-mamutova-ve-sevil-ahmedovanin-tedaviylenmesine-berdi\\\/\",\"name\":\"Meclis reisi Mustafa Cemilev Anqara derneginde toplan\u011fan paralarn\u0131 Yasmin Mamutova ve Sevil Ahmedovan\u0131\u00f1 tedaviylenmesine berdi - \u041c\u0435\u0434\u0436\u043b\u0456\u0441\",\"isPartOf\":{\"@id\":\"https:\\\/\\\/qtmm.org\\\/qt\\\/#website\"},\"primaryImageOfPage\":{\"@id\":\"https:\\\/\\\/qtmm.org\\\/qt\\\/meclis-reisi-mustafa-cemilev-anqara-derneginde-toplangan-paralarni-yasmin-mamutova-ve-sevil-ahmedovanin-tedaviylenmesine-berdi\\\/#primaryimage\"},\"image\":{\"@id\":\"https:\\\/\\\/qtmm.org\\\/qt\\\/meclis-reisi-mustafa-cemilev-anqara-derneginde-toplangan-paralarni-yasmin-mamutova-ve-sevil-ahmedovanin-tedaviylenmesine-berdi\\\/#primaryimage\"},\"thumbnailUrl\":\"https:\\\/\\\/qtmm.org\\\/wp-content\\\/uploads\\\/2022\\\/01\\\/img_0203_3.jpeg\",\"datePublished\":\"2012-10-09T10:46:00+00:00\",\"dateModified\":\"2022-01-23T10:49:04+00:00\",\"breadcrumb\":{\"@id\":\"https:\\\/\\\/qtmm.org\\\/qt\\\/meclis-reisi-mustafa-cemilev-anqara-derneginde-toplangan-paralarni-yasmin-mamutova-ve-sevil-ahmedovanin-tedaviylenmesine-berdi\\\/#breadcrumb\"},\"inLanguage\":\"qt\",\"potentialAction\":[{\"@type\":\"ReadAction\",\"target\":[\"https:\\\/\\\/qtmm.org\\\/qt\\\/meclis-reisi-mustafa-cemilev-anqara-derneginde-toplangan-paralarni-yasmin-mamutova-ve-sevil-ahmedovanin-tedaviylenmesine-berdi\\\/\"]}]},{\"@type\":\"ImageObject\",\"inLanguage\":\"qt\",\"@id\":\"https:\\\/\\\/qtmm.org\\\/qt\\\/meclis-reisi-mustafa-cemilev-anqara-derneginde-toplangan-paralarni-yasmin-mamutova-ve-sevil-ahmedovanin-tedaviylenmesine-berdi\\\/#primaryimage\",\"url\":\"https:\\\/\\\/qtmm.org\\\/wp-content\\\/uploads\\\/2022\\\/01\\\/img_0203_3.jpeg\",\"contentUrl\":\"https:\\\/\\\/qtmm.org\\\/wp-content\\\/uploads\\\/2022\\\/01\\\/img_0203_3.jpeg\",\"width\":800,\"height\":600},{\"@type\":\"BreadcrumbList\",\"@id\":\"https:\\\/\\\/qtmm.org\\\/qt\\\/meclis-reisi-mustafa-cemilev-anqara-derneginde-toplangan-paralarni-yasmin-mamutova-ve-sevil-ahmedovanin-tedaviylenmesine-berdi\\\/#breadcrumb\",\"itemListElement\":[{\"@type\":\"ListItem\",\"position\":1,\"name\":\"\u0413\u043e\u043b\u043e\u0432\u043d\u0430\",\"item\":\"https:\\\/\\\/qtmm.org\\\/qt\\\/\"},{\"@type\":\"ListItem\",\"position\":2,\"name\":\"Meclis reisi Mustafa Cemilev Anqara derneginde toplan\u011fan paralarn\u0131 Yasmin Mamutova ve Sevil Ahmedovan\u0131\u00f1 tedaviylenmesine berdi\"}]},{\"@type\":\"WebSite\",\"@id\":\"https:\\\/\\\/qtmm.org\\\/qt\\\/#website\",\"url\":\"https:\\\/\\\/qtmm.org\\\/qt\\\/\",\"name\":\"\u041c\u0435\u0434\u0436\u043b\u0456\u0441\",\"description\":\"\",\"publisher\":{\"@id\":\"https:\\\/\\\/qtmm.org\\\/qt\\\/#organization\"},\"potentialAction\":[{\"@type\":\"SearchAction\",\"target\":{\"@type\":\"EntryPoint\",\"urlTemplate\":\"https:\\\/\\\/qtmm.org\\\/qt\\\/?s={search_term_string}\"},\"query-input\":{\"@type\":\"PropertyValueSpecification\",\"valueRequired\":true,\"valueName\":\"search_term_string\"}}],\"inLanguage\":\"qt\"},{\"@type\":\"Organization\",\"@id\":\"https:\\\/\\\/qtmm.org\\\/qt\\\/#organization\",\"name\":\"\u041c\u0435\u0434\u0436\u043b\u0456\u0441\",\"url\":\"https:\\\/\\\/qtmm.org\\\/qt\\\/\",\"logo\":{\"@type\":\"ImageObject\",\"inLanguage\":\"qt\",\"@id\":\"https:\\\/\\\/qtmm.org\\\/qt\\\/#\\\/schema\\\/logo\\\/image\\\/\",\"url\":\"https:\\\/\\\/qtmm.org\\\/wp-content\\\/uploads\\\/2024\\\/12\\\/ua-mejlis-logo-rgb.svg\",\"contentUrl\":\"https:\\\/\\\/qtmm.org\\\/wp-content\\\/uploads\\\/2024\\\/12\\\/ua-mejlis-logo-rgb.svg\",\"caption\":\"\u041c\u0435\u0434\u0436\u043b\u0456\u0441\"},\"image\":{\"@id\":\"https:\\\/\\\/qtmm.org\\\/qt\\\/#\\\/schema\\\/logo\\\/image\\\/\"},\"sameAs\":[\"https:\\\/\\\/www.facebook.com\\\/qtmm.info\\\/\"]},{\"@type\":\"Person\",\"@id\":\"https:\\\/\\\/qtmm.org\\\/qt\\\/#\\\/schema\\\/person\\\/de562469f971dec226ac06e60bbf74a7\",\"name\":\"Developer\",\"image\":{\"@type\":\"ImageObject\",\"inLanguage\":\"qt\",\"@id\":\"https:\\\/\\\/secure.gravatar.com\\\/avatar\\\/392b4cc8fbfeb00b39dfeeab4ee6edded39ffd48e25858637e4765810300227e?s=96&d=mm&r=g\",\"url\":\"https:\\\/\\\/secure.gravatar.com\\\/avatar\\\/392b4cc8fbfeb00b39dfeeab4ee6edded39ffd48e25858637e4765810300227e?s=96&d=mm&r=g\",\"contentUrl\":\"https:\\\/\\\/secure.gravatar.com\\\/avatar\\\/392b4cc8fbfeb00b39dfeeab4ee6edded39ffd48e25858637e4765810300227e?s=96&d=mm&r=g\",\"caption\":\"Developer\"},\"url\":\"https:\\\/\\\/qtmm.org\\\/qt\\\/author\\\/Developer\\\/\"}]}<\/script>\n<!-- \/ Yoast SEO plugin. -->","yoast_head_json":{"title":"Meclis reisi Mustafa Cemilev Anqara derneginde toplan\u011fan paralarn\u0131 Yasmin Mamutova ve Sevil Ahmedovan\u0131\u00f1 tedaviylenmesine berdi - \u041c\u0435\u0434\u0436\u043b\u0456\u0441","robots":{"index":"index","follow":"follow","max-snippet":"max-snippet:-1","max-image-preview":"max-image-preview:large","max-video-preview":"max-video-preview:-1"},"canonical":"https:\/\/qtmm.org\/qt\/meclis-reisi-mustafa-cemilev-anqara-derneginde-toplangan-paralarni-yasmin-mamutova-ve-sevil-ahmedovanin-tedaviylenmesine-berdi\/","og_locale":"en_US","og_type":"article","og_title":"Meclis reisi Mustafa Cemilev Anqara derneginde toplan\u011fan paralarn\u0131 Yasmin Mamutova ve Sevil Ahmedovan\u0131\u00f1 tedaviylenmesine berdi - \u041c\u0435\u0434\u0436\u043b\u0456\u0441","og_description":"Okt\u00e2br 9 k\u00fcn\u00fc Meclis reisi Mustafa Cemilev eki a\u011f\u0131r hasta bala\u00e7\u0131qlar Yasmin Mamutova ve Sevil Ahmedovan\u0131\u00f1 ana-babalar\u0131na Q\u0131r\u0131mtatarlar yard\u0131mla\u015fma ve medeniyet derneklerini\u00f1 umumiy merkezi (Anqara) taraf\u0131ndan toplan\u011fan paralarn\u0131 berdi. Ke\u00e7ken ayn\u0131\u00f1 so\u00f1unda umumiy merkezde te\u015fkil\u00e2tland\u0131r\u0131l\u011fan hayriye aktsiyas\u0131 devam\u0131nda toplan\u011fan paralar Q\u0131r\u0131m\u011fa yollan\u0131ld\u0131. Q\u0131r\u0131mtatarlar yard\u0131mla\u015fma ve medeniyet derneklerini\u00f1 umumiy merkezi (Anqara) ba\u015f\u0131 Tuncer Qalqayn\u0131\u00f1 ricas\u0131 boyunca [&hellip;]","og_url":"https:\/\/qtmm.org\/qt\/meclis-reisi-mustafa-cemilev-anqara-derneginde-toplangan-paralarni-yasmin-mamutova-ve-sevil-ahmedovanin-tedaviylenmesine-berdi\/","og_site_name":"\u041c\u0435\u0434\u0436\u043b\u0456\u0441","article_publisher":"https:\/\/www.facebook.com\/qtmm.info\/","article_published_time":"2012-10-09T10:46:00+00:00","article_modified_time":"2022-01-23T10:49:04+00:00","og_image":[{"width":800,"height":600,"url":"https:\/\/qtmm.org\/wp-content\/uploads\/2022\/01\/img_0203_3.jpeg","type":"image\/jpeg"}],"author":"Developer","twitter_card":"summary_large_image","twitter_misc":{"Written by":"Developer","Est. reading time":"2 minutes"},"schema":{"@context":"https:\/\/schema.org","@graph":[{"@type":"Article","@id":"https:\/\/qtmm.org\/qt\/meclis-reisi-mustafa-cemilev-anqara-derneginde-toplangan-paralarni-yasmin-mamutova-ve-sevil-ahmedovanin-tedaviylenmesine-berdi\/#article","isPartOf":{"@id":"https:\/\/qtmm.org\/qt\/meclis-reisi-mustafa-cemilev-anqara-derneginde-toplangan-paralarni-yasmin-mamutova-ve-sevil-ahmedovanin-tedaviylenmesine-berdi\/"},"author":{"name":"Developer","@id":"https:\/\/qtmm.org\/qt\/#\/schema\/person\/de562469f971dec226ac06e60bbf74a7"},"headline":"Meclis reisi Mustafa Cemilev Anqara derneginde toplan\u011fan paralarn\u0131 Yasmin Mamutova ve Sevil Ahmedovan\u0131\u00f1 tedaviylenmesine berdi","datePublished":"2012-10-09T10:46:00+00:00","dateModified":"2022-01-23T10:49:04+00:00","mainEntityOfPage":{"@id":"https:\/\/qtmm.org\/qt\/meclis-reisi-mustafa-cemilev-anqara-derneginde-toplangan-paralarni-yasmin-mamutova-ve-sevil-ahmedovanin-tedaviylenmesine-berdi\/"},"wordCount":411,"commentCount":0,"publisher":{"@id":"https:\/\/qtmm.org\/qt\/#organization"},"image":{"@id":"https:\/\/qtmm.org\/qt\/meclis-reisi-mustafa-cemilev-anqara-derneginde-toplangan-paralarni-yasmin-mamutova-ve-sevil-ahmedovanin-tedaviylenmesine-berdi\/#primaryimage"},"thumbnailUrl":"https:\/\/qtmm.org\/wp-content\/uploads\/2022\/01\/img_0203_3.jpeg","articleSection":["Haberler"],"inLanguage":"qt","potentialAction":[{"@type":"CommentAction","name":"Comment","target":["https:\/\/qtmm.org\/qt\/meclis-reisi-mustafa-cemilev-anqara-derneginde-toplangan-paralarni-yasmin-mamutova-ve-sevil-ahmedovanin-tedaviylenmesine-berdi\/#respond"]}]},{"@type":"WebPage","@id":"https:\/\/qtmm.org\/qt\/meclis-reisi-mustafa-cemilev-anqara-derneginde-toplangan-paralarni-yasmin-mamutova-ve-sevil-ahmedovanin-tedaviylenmesine-berdi\/","url":"https:\/\/qtmm.org\/qt\/meclis-reisi-mustafa-cemilev-anqara-derneginde-toplangan-paralarni-yasmin-mamutova-ve-sevil-ahmedovanin-tedaviylenmesine-berdi\/","name":"Meclis reisi Mustafa Cemilev Anqara derneginde toplan\u011fan paralarn\u0131 Yasmin Mamutova ve Sevil Ahmedovan\u0131\u00f1 tedaviylenmesine berdi - \u041c\u0435\u0434\u0436\u043b\u0456\u0441","isPartOf":{"@id":"https:\/\/qtmm.org\/qt\/#website"},"primaryImageOfPage":{"@id":"https:\/\/qtmm.org\/qt\/meclis-reisi-mustafa-cemilev-anqara-derneginde-toplangan-paralarni-yasmin-mamutova-ve-sevil-ahmedovanin-tedaviylenmesine-berdi\/#primaryimage"},"image":{"@id":"https:\/\/qtmm.org\/qt\/meclis-reisi-mustafa-cemilev-anqara-derneginde-toplangan-paralarni-yasmin-mamutova-ve-sevil-ahmedovanin-tedaviylenmesine-berdi\/#primaryimage"},"thumbnailUrl":"https:\/\/qtmm.org\/wp-content\/uploads\/2022\/01\/img_0203_3.jpeg","datePublished":"2012-10-09T10:46:00+00:00","dateModified":"2022-01-23T10:49:04+00:00","breadcrumb":{"@id":"https:\/\/qtmm.org\/qt\/meclis-reisi-mustafa-cemilev-anqara-derneginde-toplangan-paralarni-yasmin-mamutova-ve-sevil-ahmedovanin-tedaviylenmesine-berdi\/#breadcrumb"},"inLanguage":"qt","potentialAction":[{"@type":"ReadAction","target":["https:\/\/qtmm.org\/qt\/meclis-reisi-mustafa-cemilev-anqara-derneginde-toplangan-paralarni-yasmin-mamutova-ve-sevil-ahmedovanin-tedaviylenmesine-berdi\/"]}]},{"@type":"ImageObject","inLanguage":"qt","@id":"https:\/\/qtmm.org\/qt\/meclis-reisi-mustafa-cemilev-anqara-derneginde-toplangan-paralarni-yasmin-mamutova-ve-sevil-ahmedovanin-tedaviylenmesine-berdi\/#primaryimage","url":"https:\/\/qtmm.org\/wp-content\/uploads\/2022\/01\/img_0203_3.jpeg","contentUrl":"https:\/\/qtmm.org\/wp-content\/uploads\/2022\/01\/img_0203_3.jpeg","width":800,"height":600},{"@type":"BreadcrumbList","@id":"https:\/\/qtmm.org\/qt\/meclis-reisi-mustafa-cemilev-anqara-derneginde-toplangan-paralarni-yasmin-mamutova-ve-sevil-ahmedovanin-tedaviylenmesine-berdi\/#breadcrumb","itemListElement":[{"@type":"ListItem","position":1,"name":"\u0413\u043e\u043b\u043e\u0432\u043d\u0430","item":"https:\/\/qtmm.org\/qt\/"},{"@type":"ListItem","position":2,"name":"Meclis reisi Mustafa Cemilev Anqara derneginde toplan\u011fan paralarn\u0131 Yasmin Mamutova ve Sevil Ahmedovan\u0131\u00f1 tedaviylenmesine berdi"}]},{"@type":"WebSite","@id":"https:\/\/qtmm.org\/qt\/#website","url":"https:\/\/qtmm.org\/qt\/","name":"\u041c\u0435\u0434\u0436\u043b\u0456\u0441","description":"","publisher":{"@id":"https:\/\/qtmm.org\/qt\/#organization"},"potentialAction":[{"@type":"SearchAction","target":{"@type":"EntryPoint","urlTemplate":"https:\/\/qtmm.org\/qt\/?s={search_term_string}"},"query-input":{"@type":"PropertyValueSpecification","valueRequired":true,"valueName":"search_term_string"}}],"inLanguage":"qt"},{"@type":"Organization","@id":"https:\/\/qtmm.org\/qt\/#organization","name":"\u041c\u0435\u0434\u0436\u043b\u0456\u0441","url":"https:\/\/qtmm.org\/qt\/","logo":{"@type":"ImageObject","inLanguage":"qt","@id":"https:\/\/qtmm.org\/qt\/#\/schema\/logo\/image\/","url":"https:\/\/qtmm.org\/wp-content\/uploads\/2024\/12\/ua-mejlis-logo-rgb.svg","contentUrl":"https:\/\/qtmm.org\/wp-content\/uploads\/2024\/12\/ua-mejlis-logo-rgb.svg","caption":"\u041c\u0435\u0434\u0436\u043b\u0456\u0441"},"image":{"@id":"https:\/\/qtmm.org\/qt\/#\/schema\/logo\/image\/"},"sameAs":["https:\/\/www.facebook.com\/qtmm.info\/"]},{"@type":"Person","@id":"https:\/\/qtmm.org\/qt\/#\/schema\/person\/de562469f971dec226ac06e60bbf74a7","name":"Developer","image":{"@type":"ImageObject","inLanguage":"qt","@id":"https:\/\/secure.gravatar.com\/avatar\/392b4cc8fbfeb00b39dfeeab4ee6edded39ffd48e25858637e4765810300227e?s=96&d=mm&r=g","url":"https:\/\/secure.gravatar.com\/avatar\/392b4cc8fbfeb00b39dfeeab4ee6edded39ffd48e25858637e4765810300227e?s=96&d=mm&r=g","contentUrl":"https:\/\/secure.gravatar.com\/avatar\/392b4cc8fbfeb00b39dfeeab4ee6edded39ffd48e25858637e4765810300227e?s=96&d=mm&r=g","caption":"Developer"},"url":"https:\/\/qtmm.org\/qt\/author\/Developer\/"}]}},"_links":{"self":[{"href":"https:\/\/qtmm.org\/qt\/wp-json\/wp\/v2\/posts\/34703","targetHints":{"allow":["GET"]}}],"collection":[{"href":"https:\/\/qtmm.org\/qt\/wp-json\/wp\/v2\/posts"}],"about":[{"href":"https:\/\/qtmm.org\/qt\/wp-json\/wp\/v2\/types\/post"}],"author":[{"embeddable":true,"href":"https:\/\/qtmm.org\/qt\/wp-json\/wp\/v2\/users\/1"}],"replies":[{"embeddable":true,"href":"https:\/\/qtmm.org\/qt\/wp-json\/wp\/v2\/comments?post=34703"}],"version-history":[{"count":1,"href":"https:\/\/qtmm.org\/qt\/wp-json\/wp\/v2\/posts\/34703\/revisions"}],"predecessor-version":[{"id":34712,"href":"https:\/\/qtmm.org\/qt\/wp-json\/wp\/v2\/posts\/34703\/revisions\/34712"}],"wp:featuredmedia":[{"embeddable":true,"href":"https:\/\/qtmm.org\/qt\/wp-json\/wp\/v2\/media\/34704"}],"wp:attachment":[{"href":"https:\/\/qtmm.org\/qt\/wp-json\/wp\/v2\/media?parent=34703"}],"wp:term":[{"taxonomy":"category","embeddable":true,"href":"https:\/\/qtmm.org\/qt\/wp-json\/wp\/v2\/categories?post=34703"},{"taxonomy":"post_tag","embeddable":true,"href":"https:\/\/qtmm.org\/qt\/wp-json\/wp\/v2\/tags?post=34703"}],"curies":[{"name":"wp","href":"https:\/\/api.w.org\/{rel}","templated":true}]}}