




{"id":34675,"date":"2012-10-08T13:40:00","date_gmt":"2012-10-08T10:40:00","guid":{"rendered":"http:\/\/qtmm.org\/?p=34675"},"modified":"2022-01-23T13:41:13","modified_gmt":"2022-01-23T10:41:13","slug":"2012-senesi-oktabr-18-kunu-aqmescitte-qirimoglu-bir-milletnin-kuresi-adli-vesiqali-filmi-taqdim-etilecek","status":"publish","type":"post","link":"https:\/\/qtmm.org\/qt\/2012-senesi-oktabr-18-kunu-aqmescitte-qirimoglu-bir-milletnin-kuresi-adli-vesiqali-filmi-taqdim-etilecek\/","title":{"rendered":"2012 senesi okt\u00e2br 18 k\u00fcn\u00fc Aqmescitte \u00abQ\u0131r\u0131mo\u011flu. Bir milletni\u00f1 k\u00fcre\u015fi\u00bb adl\u0131 vesiqal\u0131 filmi taqdim etilecek"},"content":{"rendered":"\n<p>&#8220;Q\u0131r\u0131mo\u011flu\u2026Bir milletni\u00f1 k\u00fcre\u015fi&#8221; filmini\u00f1 m\u00fcellifleri TRT kanal\u0131nda bir s\u0131ra vesiqal\u0131 filmler yaratqan belli rejiss\u00f6rlar Ne\u015fe Sar\u0131soy Qaratay ve Zafer Qaratay.<br><br>Film m\u00fcellifleri haber etkenine k\u00f6re, taqdim merasiminde T\u00fcrkiye Cumhuriyeti Ba\u015f nazirini\u00f1 muavini B\u00fclent Ar\u0131n\u00e7n\u0131\u00f1 i\u015ftirak etmesi k\u00f6zde tutula.<br><br>&#8220;Q\u0131r\u0131mo\u011flu\u2026Bir milletni\u00f1 k\u00fcre\u015fi&#8221; filmi 1944 senesi may\u0131s 18-de Vatan\u0131ndan quvul\u011fan q\u0131r\u0131mtatar halq\u0131n\u0131\u00f1 s\u00fcrg\u00fcnligi aqq\u0131nda, milletni\u00f1 Vatan\u011fa qaytuv o\u011frundaki zorbal\u0131qs\u0131z k\u00fcre\u015fi, bun\u0131\u00f1 kibi de siyasiy mahb\u00fcs, uquqqoruy\u0131c\u0131, al-az\u0131rda Q\u0131r\u0131mtatar halq\u0131 Meclisini\u00f1 reisi ol\u011fan Mustafa Cemilevni\u00f1 \u00f6m\u00fcr yolu aqq\u0131nda ik\u00e2ye ete. T\u00fcrkiyeni\u00f1 devlet televizion kanal\u0131nda film okt\u00e2br ay\u0131nda numay\u0131\u015f etilecek.<\/p>\n\n\n\n<p>Aqmescitte ise filmni\u00f1 premyeras\u0131 2012 senesi okt\u00e2br 18 k\u00fcn\u00fc saat 19-da Kiyevskaya soqa\u011f\u0131, 115 adresi boyunca yerle\u015fken Profsoyuzlar medeniyet saray\u0131nda olacaq.<\/p>\n\n\n\n<p>Filmni\u00f1 prod\u00fcseri ve metinini\u00f1 m\u00fcellifi Zafer Qaratayn\u0131\u00f1 bildirgenine k\u00f6re, q\u0131r\u0131mtatarlar aqq\u0131nda film T\u00fcrkiyeni\u00f1 TRT devlet kanal\u0131 taraf\u0131ndan \u00e7\u0131qar\u0131l\u0131p, 270 daqqadan ibarettir. &#8220;Film 30 daqqal\u0131q 9 q\u0131s\u0131mdan ibaret. Bu vesiqal\u0131 filmni az\u0131rlav, arhivlerde \u00e7al\u0131\u015fuv ve redaktirlevge eki bu\u00e7uq y\u0131l sarf etildi&#8221;, &#8211; dey Z. Qaratay.<\/p>\n\n\n\n<figure class=\"wp-block-image size-full\"><img loading=\"lazy\" decoding=\"async\" width=\"800\" height=\"392\" src=\"http:\/\/qtmm.org\/wp-content\/uploads\/2022\/01\/413342_285664384866872_495828803_o.jpeg\" alt=\"\" class=\"wp-image-34676\" srcset=\"https:\/\/qtmm.org\/wp-content\/uploads\/2022\/01\/413342_285664384866872_495828803_o.jpeg 800w, https:\/\/qtmm.org\/wp-content\/uploads\/2022\/01\/413342_285664384866872_495828803_o-300x147.jpeg 300w, https:\/\/qtmm.org\/wp-content\/uploads\/2022\/01\/413342_285664384866872_495828803_o-768x376.jpeg 768w\" sizes=\"auto, (max-width: 800px) 100vw, 800px\" \/><\/figure>\n\n\n\n<p>Film \u00e7ekimleri Q\u0131r\u0131m, Ukraina, AQ\u015e, T\u00fcrkiye, Bel\u00e7ika ve bun\u0131\u00f1 kibi de Rusiyede yap\u0131ld\u0131. \u00c7ekimler devam\u0131nda d\u00fcnyaca belli uquqqoruy\u0131c\u0131lar Vladimir Bukovskiy, Sergey Kovalev, L\u00fcdmila Alekseyeva, Yevgeniy Sverst\u00fck, Aleksandr Podrabinek, Miroslav Marinovi\u00e7, Yuriy Orlov, Pavel Litvinov, Andrey Grigorenko, Semen Gluzman, ve bun\u0131\u00f1 kibi de q\u0131r\u0131mtatar milliy areket i\u015ftirak\u00e7ilerinen subetler yaz\u0131p al\u0131nd\u0131.<\/p>\n\n\n\n<p>Filmde q\u0131r\u0131mtatarlarn\u0131\u00f1 feciy taqdiri ve bug\u00fcnki vaziyeti husus\u0131nda fikirlerinen Ukraina Prezidenti Viktor Yanukovi\u00e7, Ukrainan\u0131\u00f1 sab\u0131q Prezidenti (1991-1994 gg) Leonid Krav\u00e7uk, T\u00fcrkiye Prezidenti (1993-2000 gg) Suleyman Demirel, Ba\u015f naziri Turtsii Recep Tayip Erdo\u011fan, T\u0131\u015f i\u015flerini\u00f1 naziri Ahmet Davuto\u011flu kibi siyaset\u00e7iler payla\u015falar.<br><br>TRT kanal\u0131n\u0131\u00f1 belli rejiss\u00f6rlar\u0131 Ne\u015fe Sar\u0131soy Qaratay ve Zafer Qaratay \u00e7oq y\u0131llardan berli vesiqal\u0131 filmler \u00e7\u0131qar\u0131p, \u00f6z i\u015fleri i\u00e7\u00fcn nufuzl\u0131 muk\u00e2fatlarnen taqdirlendiler.<br><br>Film m\u00fcellifleri&nbsp;<a href=\"https:\/\/www.facebook.com\/pages\/Mustafa-KIRIMO%C4%9ELU-Bir-Halk%C4%B1n-m%C3%BCcadelesi\/285105328256111\" target=\"_blank\" rel=\"noreferrer noopener\">Facebook sotsial a\u011f\u0131nda mahsus saife<\/a>&nbsp;a\u00e7t\u0131lar ve er bir istekli film aqq\u0131nda keni\u015f\u00e7e mal\u00fcmat alabilir.<\/p>\n","protected":false},"excerpt":{"rendered":"<p>&#8220;Q\u0131r\u0131mo\u011flu\u2026Bir milletni\u00f1 k\u00fcre\u015fi&#8221; filmini\u00f1 m\u00fcellifleri TRT kanal\u0131nda bir s\u0131ra vesiqal\u0131 filmler yaratqan belli rejiss\u00f6rlar Ne\u015fe Sar\u0131soy Qaratay ve Zafer Qaratay. Film m\u00fcellifleri haber etkenine k\u00f6re, taqdim merasiminde T\u00fcrkiye Cumhuriyeti Ba\u015f nazirini\u00f1 muavini B\u00fclent Ar\u0131n\u00e7n\u0131\u00f1 i\u015ftirak etmesi k\u00f6zde tutula. &#8220;Q\u0131r\u0131mo\u011flu\u2026Bir milletni\u00f1 k\u00fcre\u015fi&#8221; filmi 1944 senesi may\u0131s 18-de Vatan\u0131ndan quvul\u011fan q\u0131r\u0131mtatar halq\u0131n\u0131\u00f1 s\u00fcrg\u00fcnligi aqq\u0131nda, milletni\u00f1 Vatan\u011fa qaytuv [&hellip;]<\/p>\n","protected":false},"author":1,"featured_media":0,"comment_status":"open","ping_status":"open","sticky":false,"template":"","format":"standard","meta":{"inline_featured_image":false,"footnotes":""},"categories":[265],"tags":[],"class_list":["post-34675","post","type-post","status-publish","format-standard","hentry","category-haberler"],"acf":[],"yoast_head":"<!-- This site is optimized with the Yoast SEO plugin v27.4 - https:\/\/yoast.com\/product\/yoast-seo-wordpress\/ -->\n<title>2012 senesi okt\u00e2br 18 k\u00fcn\u00fc Aqmescitte \u00abQ\u0131r\u0131mo\u011flu. Bir milletni\u00f1 k\u00fcre\u015fi\u00bb adl\u0131 vesiqal\u0131 filmi taqdim etilecek - \u041c\u0435\u0434\u0436\u043b\u0456\u0441<\/title>\n<meta name=\"robots\" content=\"index, follow, max-snippet:-1, max-image-preview:large, max-video-preview:-1\" \/>\n<link rel=\"canonical\" href=\"https:\/\/qtmm.org\/qt\/2012-senesi-oktabr-18-kunu-aqmescitte-qirimoglu-bir-milletnin-kuresi-adli-vesiqali-filmi-taqdim-etilecek\/\" \/>\n<meta property=\"og:locale\" content=\"en_US\" \/>\n<meta property=\"og:type\" content=\"article\" \/>\n<meta property=\"og:title\" content=\"2012 senesi okt\u00e2br 18 k\u00fcn\u00fc Aqmescitte \u00abQ\u0131r\u0131mo\u011flu. Bir milletni\u00f1 k\u00fcre\u015fi\u00bb adl\u0131 vesiqal\u0131 filmi taqdim etilecek - \u041c\u0435\u0434\u0436\u043b\u0456\u0441\" \/>\n<meta property=\"og:description\" content=\"&#8220;Q\u0131r\u0131mo\u011flu\u2026Bir milletni\u00f1 k\u00fcre\u015fi&#8221; filmini\u00f1 m\u00fcellifleri TRT kanal\u0131nda bir s\u0131ra vesiqal\u0131 filmler yaratqan belli rejiss\u00f6rlar Ne\u015fe Sar\u0131soy Qaratay ve Zafer Qaratay. Film m\u00fcellifleri haber etkenine k\u00f6re, taqdim merasiminde T\u00fcrkiye Cumhuriyeti Ba\u015f nazirini\u00f1 muavini B\u00fclent Ar\u0131n\u00e7n\u0131\u00f1 i\u015ftirak etmesi k\u00f6zde tutula. &#8220;Q\u0131r\u0131mo\u011flu\u2026Bir milletni\u00f1 k\u00fcre\u015fi&#8221; filmi 1944 senesi may\u0131s 18-de Vatan\u0131ndan quvul\u011fan q\u0131r\u0131mtatar halq\u0131n\u0131\u00f1 s\u00fcrg\u00fcnligi aqq\u0131nda, milletni\u00f1 Vatan\u011fa qaytuv [&hellip;]\" \/>\n<meta property=\"og:url\" content=\"https:\/\/qtmm.org\/qt\/2012-senesi-oktabr-18-kunu-aqmescitte-qirimoglu-bir-milletnin-kuresi-adli-vesiqali-filmi-taqdim-etilecek\/\" \/>\n<meta property=\"og:site_name\" content=\"\u041c\u0435\u0434\u0436\u043b\u0456\u0441\" \/>\n<meta property=\"article:publisher\" content=\"https:\/\/www.facebook.com\/qtmm.info\/\" \/>\n<meta property=\"article:published_time\" content=\"2012-10-08T10:40:00+00:00\" \/>\n<meta property=\"article:modified_time\" content=\"2022-01-23T10:41:13+00:00\" \/>\n<meta property=\"og:image\" content=\"https:\/\/qtmm.org\/wp-content\/uploads\/2022\/01\/413342_285664384866872_495828803_o.jpeg\" \/>\n\t<meta property=\"og:image:width\" content=\"800\" \/>\n\t<meta property=\"og:image:height\" content=\"392\" \/>\n\t<meta property=\"og:image:type\" content=\"image\/jpeg\" \/>\n<meta name=\"author\" content=\"Developer\" \/>\n<meta name=\"twitter:card\" content=\"summary_large_image\" \/>\n<meta name=\"twitter:label1\" content=\"Written by\" \/>\n\t<meta name=\"twitter:data1\" content=\"Developer\" \/>\n\t<meta name=\"twitter:label2\" content=\"Est. reading time\" \/>\n\t<meta name=\"twitter:data2\" content=\"2 minutes\" \/>\n<script type=\"application\/ld+json\" class=\"yoast-schema-graph\">{\"@context\":\"https:\\\/\\\/schema.org\",\"@graph\":[{\"@type\":\"Article\",\"@id\":\"https:\\\/\\\/qtmm.org\\\/qt\\\/2012-senesi-oktabr-18-kunu-aqmescitte-qirimoglu-bir-milletnin-kuresi-adli-vesiqali-filmi-taqdim-etilecek\\\/#article\",\"isPartOf\":{\"@id\":\"https:\\\/\\\/qtmm.org\\\/qt\\\/2012-senesi-oktabr-18-kunu-aqmescitte-qirimoglu-bir-milletnin-kuresi-adli-vesiqali-filmi-taqdim-etilecek\\\/\"},\"author\":{\"name\":\"Developer\",\"@id\":\"https:\\\/\\\/qtmm.org\\\/qt\\\/#\\\/schema\\\/person\\\/de562469f971dec226ac06e60bbf74a7\"},\"headline\":\"2012 senesi okt\u00e2br 18 k\u00fcn\u00fc Aqmescitte \u00abQ\u0131r\u0131mo\u011flu. Bir milletni\u00f1 k\u00fcre\u015fi\u00bb adl\u0131 vesiqal\u0131 filmi taqdim etilecek\",\"datePublished\":\"2012-10-08T10:40:00+00:00\",\"dateModified\":\"2022-01-23T10:41:13+00:00\",\"mainEntityOfPage\":{\"@id\":\"https:\\\/\\\/qtmm.org\\\/qt\\\/2012-senesi-oktabr-18-kunu-aqmescitte-qirimoglu-bir-milletnin-kuresi-adli-vesiqali-filmi-taqdim-etilecek\\\/\"},\"wordCount\":414,\"commentCount\":0,\"publisher\":{\"@id\":\"https:\\\/\\\/qtmm.org\\\/qt\\\/#organization\"},\"image\":{\"@id\":\"https:\\\/\\\/qtmm.org\\\/qt\\\/2012-senesi-oktabr-18-kunu-aqmescitte-qirimoglu-bir-milletnin-kuresi-adli-vesiqali-filmi-taqdim-etilecek\\\/#primaryimage\"},\"thumbnailUrl\":\"http:\\\/\\\/qtmm.org\\\/wp-content\\\/uploads\\\/2022\\\/01\\\/413342_285664384866872_495828803_o.jpeg\",\"articleSection\":[\"Haberler\"],\"inLanguage\":\"qt\",\"potentialAction\":[{\"@type\":\"CommentAction\",\"name\":\"Comment\",\"target\":[\"https:\\\/\\\/qtmm.org\\\/qt\\\/2012-senesi-oktabr-18-kunu-aqmescitte-qirimoglu-bir-milletnin-kuresi-adli-vesiqali-filmi-taqdim-etilecek\\\/#respond\"]}]},{\"@type\":\"WebPage\",\"@id\":\"https:\\\/\\\/qtmm.org\\\/qt\\\/2012-senesi-oktabr-18-kunu-aqmescitte-qirimoglu-bir-milletnin-kuresi-adli-vesiqali-filmi-taqdim-etilecek\\\/\",\"url\":\"https:\\\/\\\/qtmm.org\\\/qt\\\/2012-senesi-oktabr-18-kunu-aqmescitte-qirimoglu-bir-milletnin-kuresi-adli-vesiqali-filmi-taqdim-etilecek\\\/\",\"name\":\"2012 senesi okt\u00e2br 18 k\u00fcn\u00fc Aqmescitte \u00abQ\u0131r\u0131mo\u011flu. Bir milletni\u00f1 k\u00fcre\u015fi\u00bb adl\u0131 vesiqal\u0131 filmi taqdim etilecek - \u041c\u0435\u0434\u0436\u043b\u0456\u0441\",\"isPartOf\":{\"@id\":\"https:\\\/\\\/qtmm.org\\\/qt\\\/#website\"},\"primaryImageOfPage\":{\"@id\":\"https:\\\/\\\/qtmm.org\\\/qt\\\/2012-senesi-oktabr-18-kunu-aqmescitte-qirimoglu-bir-milletnin-kuresi-adli-vesiqali-filmi-taqdim-etilecek\\\/#primaryimage\"},\"image\":{\"@id\":\"https:\\\/\\\/qtmm.org\\\/qt\\\/2012-senesi-oktabr-18-kunu-aqmescitte-qirimoglu-bir-milletnin-kuresi-adli-vesiqali-filmi-taqdim-etilecek\\\/#primaryimage\"},\"thumbnailUrl\":\"http:\\\/\\\/qtmm.org\\\/wp-content\\\/uploads\\\/2022\\\/01\\\/413342_285664384866872_495828803_o.jpeg\",\"datePublished\":\"2012-10-08T10:40:00+00:00\",\"dateModified\":\"2022-01-23T10:41:13+00:00\",\"breadcrumb\":{\"@id\":\"https:\\\/\\\/qtmm.org\\\/qt\\\/2012-senesi-oktabr-18-kunu-aqmescitte-qirimoglu-bir-milletnin-kuresi-adli-vesiqali-filmi-taqdim-etilecek\\\/#breadcrumb\"},\"inLanguage\":\"qt\",\"potentialAction\":[{\"@type\":\"ReadAction\",\"target\":[\"https:\\\/\\\/qtmm.org\\\/qt\\\/2012-senesi-oktabr-18-kunu-aqmescitte-qirimoglu-bir-milletnin-kuresi-adli-vesiqali-filmi-taqdim-etilecek\\\/\"]}]},{\"@type\":\"ImageObject\",\"inLanguage\":\"qt\",\"@id\":\"https:\\\/\\\/qtmm.org\\\/qt\\\/2012-senesi-oktabr-18-kunu-aqmescitte-qirimoglu-bir-milletnin-kuresi-adli-vesiqali-filmi-taqdim-etilecek\\\/#primaryimage\",\"url\":\"http:\\\/\\\/qtmm.org\\\/wp-content\\\/uploads\\\/2022\\\/01\\\/413342_285664384866872_495828803_o.jpeg\",\"contentUrl\":\"http:\\\/\\\/qtmm.org\\\/wp-content\\\/uploads\\\/2022\\\/01\\\/413342_285664384866872_495828803_o.jpeg\"},{\"@type\":\"BreadcrumbList\",\"@id\":\"https:\\\/\\\/qtmm.org\\\/qt\\\/2012-senesi-oktabr-18-kunu-aqmescitte-qirimoglu-bir-milletnin-kuresi-adli-vesiqali-filmi-taqdim-etilecek\\\/#breadcrumb\",\"itemListElement\":[{\"@type\":\"ListItem\",\"position\":1,\"name\":\"\u0413\u043e\u043b\u043e\u0432\u043d\u0430\",\"item\":\"https:\\\/\\\/qtmm.org\\\/qt\\\/\"},{\"@type\":\"ListItem\",\"position\":2,\"name\":\"2012 senesi okt\u00e2br 18 k\u00fcn\u00fc Aqmescitte \u00abQ\u0131r\u0131mo\u011flu. Bir milletni\u00f1 k\u00fcre\u015fi\u00bb adl\u0131 vesiqal\u0131 filmi taqdim etilecek\"}]},{\"@type\":\"WebSite\",\"@id\":\"https:\\\/\\\/qtmm.org\\\/qt\\\/#website\",\"url\":\"https:\\\/\\\/qtmm.org\\\/qt\\\/\",\"name\":\"\u041c\u0435\u0434\u0436\u043b\u0456\u0441\",\"description\":\"\",\"publisher\":{\"@id\":\"https:\\\/\\\/qtmm.org\\\/qt\\\/#organization\"},\"potentialAction\":[{\"@type\":\"SearchAction\",\"target\":{\"@type\":\"EntryPoint\",\"urlTemplate\":\"https:\\\/\\\/qtmm.org\\\/qt\\\/?s={search_term_string}\"},\"query-input\":{\"@type\":\"PropertyValueSpecification\",\"valueRequired\":true,\"valueName\":\"search_term_string\"}}],\"inLanguage\":\"qt\"},{\"@type\":\"Organization\",\"@id\":\"https:\\\/\\\/qtmm.org\\\/qt\\\/#organization\",\"name\":\"\u041c\u0435\u0434\u0436\u043b\u0456\u0441\",\"url\":\"https:\\\/\\\/qtmm.org\\\/qt\\\/\",\"logo\":{\"@type\":\"ImageObject\",\"inLanguage\":\"qt\",\"@id\":\"https:\\\/\\\/qtmm.org\\\/qt\\\/#\\\/schema\\\/logo\\\/image\\\/\",\"url\":\"https:\\\/\\\/qtmm.org\\\/wp-content\\\/uploads\\\/2024\\\/12\\\/ua-mejlis-logo-rgb.svg\",\"contentUrl\":\"https:\\\/\\\/qtmm.org\\\/wp-content\\\/uploads\\\/2024\\\/12\\\/ua-mejlis-logo-rgb.svg\",\"caption\":\"\u041c\u0435\u0434\u0436\u043b\u0456\u0441\"},\"image\":{\"@id\":\"https:\\\/\\\/qtmm.org\\\/qt\\\/#\\\/schema\\\/logo\\\/image\\\/\"},\"sameAs\":[\"https:\\\/\\\/www.facebook.com\\\/qtmm.info\\\/\"]},{\"@type\":\"Person\",\"@id\":\"https:\\\/\\\/qtmm.org\\\/qt\\\/#\\\/schema\\\/person\\\/de562469f971dec226ac06e60bbf74a7\",\"name\":\"Developer\",\"image\":{\"@type\":\"ImageObject\",\"inLanguage\":\"qt\",\"@id\":\"https:\\\/\\\/secure.gravatar.com\\\/avatar\\\/392b4cc8fbfeb00b39dfeeab4ee6edded39ffd48e25858637e4765810300227e?s=96&d=mm&r=g\",\"url\":\"https:\\\/\\\/secure.gravatar.com\\\/avatar\\\/392b4cc8fbfeb00b39dfeeab4ee6edded39ffd48e25858637e4765810300227e?s=96&d=mm&r=g\",\"contentUrl\":\"https:\\\/\\\/secure.gravatar.com\\\/avatar\\\/392b4cc8fbfeb00b39dfeeab4ee6edded39ffd48e25858637e4765810300227e?s=96&d=mm&r=g\",\"caption\":\"Developer\"},\"url\":\"https:\\\/\\\/qtmm.org\\\/qt\\\/author\\\/Developer\\\/\"}]}<\/script>\n<!-- \/ Yoast SEO plugin. -->","yoast_head_json":{"title":"2012 senesi okt\u00e2br 18 k\u00fcn\u00fc Aqmescitte \u00abQ\u0131r\u0131mo\u011flu. Bir milletni\u00f1 k\u00fcre\u015fi\u00bb adl\u0131 vesiqal\u0131 filmi taqdim etilecek - \u041c\u0435\u0434\u0436\u043b\u0456\u0441","robots":{"index":"index","follow":"follow","max-snippet":"max-snippet:-1","max-image-preview":"max-image-preview:large","max-video-preview":"max-video-preview:-1"},"canonical":"https:\/\/qtmm.org\/qt\/2012-senesi-oktabr-18-kunu-aqmescitte-qirimoglu-bir-milletnin-kuresi-adli-vesiqali-filmi-taqdim-etilecek\/","og_locale":"en_US","og_type":"article","og_title":"2012 senesi okt\u00e2br 18 k\u00fcn\u00fc Aqmescitte \u00abQ\u0131r\u0131mo\u011flu. Bir milletni\u00f1 k\u00fcre\u015fi\u00bb adl\u0131 vesiqal\u0131 filmi taqdim etilecek - \u041c\u0435\u0434\u0436\u043b\u0456\u0441","og_description":"&#8220;Q\u0131r\u0131mo\u011flu\u2026Bir milletni\u00f1 k\u00fcre\u015fi&#8221; filmini\u00f1 m\u00fcellifleri TRT kanal\u0131nda bir s\u0131ra vesiqal\u0131 filmler yaratqan belli rejiss\u00f6rlar Ne\u015fe Sar\u0131soy Qaratay ve Zafer Qaratay. Film m\u00fcellifleri haber etkenine k\u00f6re, taqdim merasiminde T\u00fcrkiye Cumhuriyeti Ba\u015f nazirini\u00f1 muavini B\u00fclent Ar\u0131n\u00e7n\u0131\u00f1 i\u015ftirak etmesi k\u00f6zde tutula. &#8220;Q\u0131r\u0131mo\u011flu\u2026Bir milletni\u00f1 k\u00fcre\u015fi&#8221; filmi 1944 senesi may\u0131s 18-de Vatan\u0131ndan quvul\u011fan q\u0131r\u0131mtatar halq\u0131n\u0131\u00f1 s\u00fcrg\u00fcnligi aqq\u0131nda, milletni\u00f1 Vatan\u011fa qaytuv [&hellip;]","og_url":"https:\/\/qtmm.org\/qt\/2012-senesi-oktabr-18-kunu-aqmescitte-qirimoglu-bir-milletnin-kuresi-adli-vesiqali-filmi-taqdim-etilecek\/","og_site_name":"\u041c\u0435\u0434\u0436\u043b\u0456\u0441","article_publisher":"https:\/\/www.facebook.com\/qtmm.info\/","article_published_time":"2012-10-08T10:40:00+00:00","article_modified_time":"2022-01-23T10:41:13+00:00","og_image":[{"width":800,"height":392,"url":"https:\/\/qtmm.org\/wp-content\/uploads\/2022\/01\/413342_285664384866872_495828803_o.jpeg","type":"image\/jpeg"}],"author":"Developer","twitter_card":"summary_large_image","twitter_misc":{"Written by":"Developer","Est. reading time":"2 minutes"},"schema":{"@context":"https:\/\/schema.org","@graph":[{"@type":"Article","@id":"https:\/\/qtmm.org\/qt\/2012-senesi-oktabr-18-kunu-aqmescitte-qirimoglu-bir-milletnin-kuresi-adli-vesiqali-filmi-taqdim-etilecek\/#article","isPartOf":{"@id":"https:\/\/qtmm.org\/qt\/2012-senesi-oktabr-18-kunu-aqmescitte-qirimoglu-bir-milletnin-kuresi-adli-vesiqali-filmi-taqdim-etilecek\/"},"author":{"name":"Developer","@id":"https:\/\/qtmm.org\/qt\/#\/schema\/person\/de562469f971dec226ac06e60bbf74a7"},"headline":"2012 senesi okt\u00e2br 18 k\u00fcn\u00fc Aqmescitte \u00abQ\u0131r\u0131mo\u011flu. Bir milletni\u00f1 k\u00fcre\u015fi\u00bb adl\u0131 vesiqal\u0131 filmi taqdim etilecek","datePublished":"2012-10-08T10:40:00+00:00","dateModified":"2022-01-23T10:41:13+00:00","mainEntityOfPage":{"@id":"https:\/\/qtmm.org\/qt\/2012-senesi-oktabr-18-kunu-aqmescitte-qirimoglu-bir-milletnin-kuresi-adli-vesiqali-filmi-taqdim-etilecek\/"},"wordCount":414,"commentCount":0,"publisher":{"@id":"https:\/\/qtmm.org\/qt\/#organization"},"image":{"@id":"https:\/\/qtmm.org\/qt\/2012-senesi-oktabr-18-kunu-aqmescitte-qirimoglu-bir-milletnin-kuresi-adli-vesiqali-filmi-taqdim-etilecek\/#primaryimage"},"thumbnailUrl":"http:\/\/qtmm.org\/wp-content\/uploads\/2022\/01\/413342_285664384866872_495828803_o.jpeg","articleSection":["Haberler"],"inLanguage":"qt","potentialAction":[{"@type":"CommentAction","name":"Comment","target":["https:\/\/qtmm.org\/qt\/2012-senesi-oktabr-18-kunu-aqmescitte-qirimoglu-bir-milletnin-kuresi-adli-vesiqali-filmi-taqdim-etilecek\/#respond"]}]},{"@type":"WebPage","@id":"https:\/\/qtmm.org\/qt\/2012-senesi-oktabr-18-kunu-aqmescitte-qirimoglu-bir-milletnin-kuresi-adli-vesiqali-filmi-taqdim-etilecek\/","url":"https:\/\/qtmm.org\/qt\/2012-senesi-oktabr-18-kunu-aqmescitte-qirimoglu-bir-milletnin-kuresi-adli-vesiqali-filmi-taqdim-etilecek\/","name":"2012 senesi okt\u00e2br 18 k\u00fcn\u00fc Aqmescitte \u00abQ\u0131r\u0131mo\u011flu. Bir milletni\u00f1 k\u00fcre\u015fi\u00bb adl\u0131 vesiqal\u0131 filmi taqdim etilecek - \u041c\u0435\u0434\u0436\u043b\u0456\u0441","isPartOf":{"@id":"https:\/\/qtmm.org\/qt\/#website"},"primaryImageOfPage":{"@id":"https:\/\/qtmm.org\/qt\/2012-senesi-oktabr-18-kunu-aqmescitte-qirimoglu-bir-milletnin-kuresi-adli-vesiqali-filmi-taqdim-etilecek\/#primaryimage"},"image":{"@id":"https:\/\/qtmm.org\/qt\/2012-senesi-oktabr-18-kunu-aqmescitte-qirimoglu-bir-milletnin-kuresi-adli-vesiqali-filmi-taqdim-etilecek\/#primaryimage"},"thumbnailUrl":"http:\/\/qtmm.org\/wp-content\/uploads\/2022\/01\/413342_285664384866872_495828803_o.jpeg","datePublished":"2012-10-08T10:40:00+00:00","dateModified":"2022-01-23T10:41:13+00:00","breadcrumb":{"@id":"https:\/\/qtmm.org\/qt\/2012-senesi-oktabr-18-kunu-aqmescitte-qirimoglu-bir-milletnin-kuresi-adli-vesiqali-filmi-taqdim-etilecek\/#breadcrumb"},"inLanguage":"qt","potentialAction":[{"@type":"ReadAction","target":["https:\/\/qtmm.org\/qt\/2012-senesi-oktabr-18-kunu-aqmescitte-qirimoglu-bir-milletnin-kuresi-adli-vesiqali-filmi-taqdim-etilecek\/"]}]},{"@type":"ImageObject","inLanguage":"qt","@id":"https:\/\/qtmm.org\/qt\/2012-senesi-oktabr-18-kunu-aqmescitte-qirimoglu-bir-milletnin-kuresi-adli-vesiqali-filmi-taqdim-etilecek\/#primaryimage","url":"http:\/\/qtmm.org\/wp-content\/uploads\/2022\/01\/413342_285664384866872_495828803_o.jpeg","contentUrl":"http:\/\/qtmm.org\/wp-content\/uploads\/2022\/01\/413342_285664384866872_495828803_o.jpeg"},{"@type":"BreadcrumbList","@id":"https:\/\/qtmm.org\/qt\/2012-senesi-oktabr-18-kunu-aqmescitte-qirimoglu-bir-milletnin-kuresi-adli-vesiqali-filmi-taqdim-etilecek\/#breadcrumb","itemListElement":[{"@type":"ListItem","position":1,"name":"\u0413\u043e\u043b\u043e\u0432\u043d\u0430","item":"https:\/\/qtmm.org\/qt\/"},{"@type":"ListItem","position":2,"name":"2012 senesi okt\u00e2br 18 k\u00fcn\u00fc Aqmescitte \u00abQ\u0131r\u0131mo\u011flu. Bir milletni\u00f1 k\u00fcre\u015fi\u00bb adl\u0131 vesiqal\u0131 filmi taqdim etilecek"}]},{"@type":"WebSite","@id":"https:\/\/qtmm.org\/qt\/#website","url":"https:\/\/qtmm.org\/qt\/","name":"\u041c\u0435\u0434\u0436\u043b\u0456\u0441","description":"","publisher":{"@id":"https:\/\/qtmm.org\/qt\/#organization"},"potentialAction":[{"@type":"SearchAction","target":{"@type":"EntryPoint","urlTemplate":"https:\/\/qtmm.org\/qt\/?s={search_term_string}"},"query-input":{"@type":"PropertyValueSpecification","valueRequired":true,"valueName":"search_term_string"}}],"inLanguage":"qt"},{"@type":"Organization","@id":"https:\/\/qtmm.org\/qt\/#organization","name":"\u041c\u0435\u0434\u0436\u043b\u0456\u0441","url":"https:\/\/qtmm.org\/qt\/","logo":{"@type":"ImageObject","inLanguage":"qt","@id":"https:\/\/qtmm.org\/qt\/#\/schema\/logo\/image\/","url":"https:\/\/qtmm.org\/wp-content\/uploads\/2024\/12\/ua-mejlis-logo-rgb.svg","contentUrl":"https:\/\/qtmm.org\/wp-content\/uploads\/2024\/12\/ua-mejlis-logo-rgb.svg","caption":"\u041c\u0435\u0434\u0436\u043b\u0456\u0441"},"image":{"@id":"https:\/\/qtmm.org\/qt\/#\/schema\/logo\/image\/"},"sameAs":["https:\/\/www.facebook.com\/qtmm.info\/"]},{"@type":"Person","@id":"https:\/\/qtmm.org\/qt\/#\/schema\/person\/de562469f971dec226ac06e60bbf74a7","name":"Developer","image":{"@type":"ImageObject","inLanguage":"qt","@id":"https:\/\/secure.gravatar.com\/avatar\/392b4cc8fbfeb00b39dfeeab4ee6edded39ffd48e25858637e4765810300227e?s=96&d=mm&r=g","url":"https:\/\/secure.gravatar.com\/avatar\/392b4cc8fbfeb00b39dfeeab4ee6edded39ffd48e25858637e4765810300227e?s=96&d=mm&r=g","contentUrl":"https:\/\/secure.gravatar.com\/avatar\/392b4cc8fbfeb00b39dfeeab4ee6edded39ffd48e25858637e4765810300227e?s=96&d=mm&r=g","caption":"Developer"},"url":"https:\/\/qtmm.org\/qt\/author\/Developer\/"}]}},"_links":{"self":[{"href":"https:\/\/qtmm.org\/qt\/wp-json\/wp\/v2\/posts\/34675","targetHints":{"allow":["GET"]}}],"collection":[{"href":"https:\/\/qtmm.org\/qt\/wp-json\/wp\/v2\/posts"}],"about":[{"href":"https:\/\/qtmm.org\/qt\/wp-json\/wp\/v2\/types\/post"}],"author":[{"embeddable":true,"href":"https:\/\/qtmm.org\/qt\/wp-json\/wp\/v2\/users\/1"}],"replies":[{"embeddable":true,"href":"https:\/\/qtmm.org\/qt\/wp-json\/wp\/v2\/comments?post=34675"}],"version-history":[{"count":1,"href":"https:\/\/qtmm.org\/qt\/wp-json\/wp\/v2\/posts\/34675\/revisions"}],"predecessor-version":[{"id":34680,"href":"https:\/\/qtmm.org\/qt\/wp-json\/wp\/v2\/posts\/34675\/revisions\/34680"}],"wp:attachment":[{"href":"https:\/\/qtmm.org\/qt\/wp-json\/wp\/v2\/media?parent=34675"}],"wp:term":[{"taxonomy":"category","embeddable":true,"href":"https:\/\/qtmm.org\/qt\/wp-json\/wp\/v2\/categories?post=34675"},{"taxonomy":"post_tag","embeddable":true,"href":"https:\/\/qtmm.org\/qt\/wp-json\/wp\/v2\/tags?post=34675"}],"curies":[{"name":"wp","href":"https:\/\/api.w.org\/{rel}","templated":true}]}}