




{"id":34595,"date":"2012-10-04T13:37:00","date_gmt":"2012-10-04T10:37:00","guid":{"rendered":"http:\/\/qtmm.org\/?p=34595"},"modified":"2022-01-23T13:39:37","modified_gmt":"2022-01-23T10:39:37","slug":"i-gasprinskiy-adina-qirimtatar-kutuphanesinin-yani-binasi-turkiye-cumhuriyetinin-yardiminda-qurulacaq","status":"publish","type":"post","link":"https:\/\/qtmm.org\/qt\/i-gasprinskiy-adina-qirimtatar-kutuphanesinin-yani-binasi-turkiye-cumhuriyetinin-yardiminda-qurulacaq\/","title":{"rendered":"\u0130. Gasprinskiy ad\u0131na q\u0131r\u0131mtatar k\u00fct\u00fcphanesini\u00f1 ya\u00f1\u0131 binas\u0131 T\u00fcrkiye Cumhuriyetini\u00f1 yard\u0131m\u0131nda qurulacaq"},"content":{"rendered":"\n<p>2012 senesi okt\u00e2br 4-te T\u00fcrkiye Cumhuriyetini\u00f1 Medeniyet naziri Ertugrul G\u00fcnay i\u015f ziyaretinen Q\u0131r\u0131m\u011fa keldi.<br><br>Ava liman\u0131nda Nazir Q\u0131r\u0131mtatar halq\u0131 Meclisini\u00f1 reisi Mustafa Cemilev, T\u00fcrkiyeni\u00f1 Ukrainadaki El\u00e7isi Mehmet Samsar, T\u00fcrkiye Cumhuriyetini\u00f1 \u00d6desssadaki Ba\u015f konsul\u0131 Huseyn Ergani ile beraber d\u00fcnyada yek\u00e2ne \u0130. Gasprinskiy ad\u0131na k\u00fct\u00fcphanege yol ald\u0131lar.<\/p>\n\n\n\n<p>K\u00fct\u00fcphane m\u00fcdiri G\u00fclnara Ya\u011fyayeva ve on\u0131\u00f1 muavini Leyl\u00e2 Qad\u0131rova Nazirge k\u00fct\u00fcphaneni k\u00f6sterip, k\u00fct\u00fcphaneni\u00f1 a\u00e7\u0131l\u0131\u015f tarih\u0131, milliy ne\u015firlernen teminlen\u00fcv, arhiv ve elyazma malzemeler b\u00f6l\u00fcgini\u00f1 i\u015fi aqq\u0131nda ik\u00e2ye etip, k\u00fct\u00fcphane \u00f6g\u00fcnde tur\u011fan m\u00fcim meseleler, c\u00fcmleden oquv, topla\u015fuv ve simpoziumlar salon\u0131 i\u00e7\u00fcn ya\u00f1\u0131 binan\u0131\u00f1 zarurl\u0131\u011f\u0131n\u0131 da tilge ald\u0131lar.<\/p>\n\n\n\n<p>Meclis reisi ve k\u00fct\u00fcphane yolb\u015fa\u00e7\u0131lar\u0131nen qonu\u015fuv devam\u0131nda T\u00fcrkiye Cumhuriyetini\u00f1 Medeniyet naziri Ertugrul G\u00fcnay \u0130. Gasprinskiyts ad\u0131na q\u0131r\u0131mtatar k\u00fct\u00fcphanesini\u00f1 ya\u00f1\u0131 binas\u0131n\u0131\u00f1 quruc\u0131l\u0131\u011f\u0131 aqq\u0131nda \u015fahsen te\u015febb\u00fcsnen \u00e7\u0131qaca\u011f\u0131n\u0131 i\u015fand\u0131rd\u0131. Bun\u0131\u00f1 kibi de Nazir k\u00fct\u00fcphane fondlar\u0131n\u0131 t\u00fcrk d\u00fcnyas\u0131na ait ne\u015firlernen teminleycegine de s\u00f6z berdi.<\/p>\n\n\n\n<p>T\u00fcrkiye Cumhuriyetini\u00f1 Medeniyet naziri Ertugrul G\u00fcnay Q\u0131r\u0131mtatar qad\u0131nlar\u0131 birle\u015fmesini\u00f1 ofisini de ziyaret etip, Birle\u015fme reisi Safinar Cemileva ve cemiyet azalar\u0131nen subetle\u015fti. Birle\u015fme azalar\u0131 musafirni qavenen s\u0131ylad\u0131lar.<\/p>\n\n\n\n<hr class=\"wp-block-separator\"\/>\n\n\n\n<p>Q\u0131r\u0131m Medeniyet nazirligi hadimini\u00f1 teklifinen T\u00fcrkiye Medeniyet naziri Ertugrul G\u00fcnay Q\u0131r\u0131m etnografiya m\u00fczeyinde de bulun\u0131p, &#8220;Q\u0131r\u0131m halqlar\u0131 medeniyetlerini\u00f1 mozaikas\u0131&#8221; daimiy ekspozitsiyanen tan\u0131\u015f old\u0131.<\/p>\n\n\n\n<p>T\u00fcrkiye Cumhuriyetini\u00f1 Medeniyet naziri Ertugrul G\u00fcnayn\u0131\u00f1 111 Qarade\u00f1iz iqtisat\u00e7\u0131lar\u0131 forum\u0131nda i\u015ftirak etmek i\u00e7\u00fcn Yalta\u011fa ketmesinden evel musafirler Kebir Camini de ziyaret ettiler.<\/p>\n\n\n\n<figure class=\"wp-block-gallery columns-3 is-cropped wp-block-gallery-1 is-layout-flex wp-block-gallery-is-layout-flex\"><ul class=\"blocks-gallery-grid\"><li class=\"blocks-gallery-item\"><figure><a href=\"http:\/\/qtmm.org\/wp-content\/uploads\/2022\/01\/506e950a920e6.jpeg\"><img loading=\"lazy\" decoding=\"async\" width=\"640\" height=\"480\" src=\"http:\/\/qtmm.org\/wp-content\/uploads\/2022\/01\/506e950a920e6.jpeg\" alt=\"\" data-id=\"34596\" data-full-url=\"http:\/\/qtmm.org\/wp-content\/uploads\/2022\/01\/506e950a920e6.jpeg\" data-link=\"http:\/\/qtmm.org\/qt\/?attachment_id=34596\" class=\"wp-image-34596\" srcset=\"https:\/\/qtmm.org\/wp-content\/uploads\/2022\/01\/506e950a920e6.jpeg 640w, https:\/\/qtmm.org\/wp-content\/uploads\/2022\/01\/506e950a920e6-300x225.jpeg 300w\" sizes=\"auto, (max-width: 640px) 100vw, 640px\" \/><\/a><\/figure><\/li><li class=\"blocks-gallery-item\"><figure><a href=\"http:\/\/qtmm.org\/wp-content\/uploads\/2022\/01\/506e950aed9da.jpeg\"><img loading=\"lazy\" decoding=\"async\" width=\"640\" height=\"480\" src=\"http:\/\/qtmm.org\/wp-content\/uploads\/2022\/01\/506e950aed9da.jpeg\" alt=\"\" data-id=\"34600\" data-full-url=\"http:\/\/qtmm.org\/wp-content\/uploads\/2022\/01\/506e950aed9da.jpeg\" data-link=\"http:\/\/qtmm.org\/qt\/?attachment_id=34600\" class=\"wp-image-34600\" srcset=\"https:\/\/qtmm.org\/wp-content\/uploads\/2022\/01\/506e950aed9da.jpeg 640w, https:\/\/qtmm.org\/wp-content\/uploads\/2022\/01\/506e950aed9da-300x225.jpeg 300w\" sizes=\"auto, (max-width: 640px) 100vw, 640px\" \/><\/a><\/figure><\/li><li class=\"blocks-gallery-item\"><figure><a href=\"http:\/\/qtmm.org\/wp-content\/uploads\/2022\/01\/506e950b4eadb.jpeg\"><img loading=\"lazy\" decoding=\"async\" width=\"640\" height=\"480\" src=\"http:\/\/qtmm.org\/wp-content\/uploads\/2022\/01\/506e950b4eadb.jpeg\" alt=\"\" data-id=\"34604\" data-full-url=\"http:\/\/qtmm.org\/wp-content\/uploads\/2022\/01\/506e950b4eadb.jpeg\" data-link=\"http:\/\/qtmm.org\/qt\/?attachment_id=34604\" class=\"wp-image-34604\" srcset=\"https:\/\/qtmm.org\/wp-content\/uploads\/2022\/01\/506e950b4eadb.jpeg 640w, https:\/\/qtmm.org\/wp-content\/uploads\/2022\/01\/506e950b4eadb-300x225.jpeg 300w\" sizes=\"auto, (max-width: 640px) 100vw, 640px\" \/><\/a><\/figure><\/li><li class=\"blocks-gallery-item\"><figure><a href=\"http:\/\/qtmm.org\/wp-content\/uploads\/2022\/01\/506e950ba0b55.jpeg\"><img loading=\"lazy\" decoding=\"async\" width=\"640\" height=\"480\" src=\"http:\/\/qtmm.org\/wp-content\/uploads\/2022\/01\/506e950ba0b55.jpeg\" alt=\"\" data-id=\"34608\" data-full-url=\"http:\/\/qtmm.org\/wp-content\/uploads\/2022\/01\/506e950ba0b55.jpeg\" data-link=\"http:\/\/qtmm.org\/qt\/?attachment_id=34608\" class=\"wp-image-34608\" srcset=\"https:\/\/qtmm.org\/wp-content\/uploads\/2022\/01\/506e950ba0b55.jpeg 640w, https:\/\/qtmm.org\/wp-content\/uploads\/2022\/01\/506e950ba0b55-300x225.jpeg 300w\" sizes=\"auto, (max-width: 640px) 100vw, 640px\" \/><\/a><\/figure><\/li><li class=\"blocks-gallery-item\"><figure><a href=\"http:\/\/qtmm.org\/wp-content\/uploads\/2022\/01\/506e950c010a2.jpeg\"><img loading=\"lazy\" decoding=\"async\" width=\"640\" height=\"480\" src=\"http:\/\/qtmm.org\/wp-content\/uploads\/2022\/01\/506e950c010a2.jpeg\" alt=\"\" data-id=\"34612\" data-full-url=\"http:\/\/qtmm.org\/wp-content\/uploads\/2022\/01\/506e950c010a2.jpeg\" data-link=\"http:\/\/qtmm.org\/qt\/?attachment_id=34612\" class=\"wp-image-34612\" srcset=\"https:\/\/qtmm.org\/wp-content\/uploads\/2022\/01\/506e950c010a2.jpeg 640w, https:\/\/qtmm.org\/wp-content\/uploads\/2022\/01\/506e950c010a2-300x225.jpeg 300w\" sizes=\"auto, (max-width: 640px) 100vw, 640px\" \/><\/a><\/figure><\/li><li class=\"blocks-gallery-item\"><figure><a href=\"http:\/\/qtmm.org\/wp-content\/uploads\/2022\/01\/506e950c55c16.jpeg\"><img loading=\"lazy\" decoding=\"async\" width=\"640\" height=\"480\" src=\"http:\/\/qtmm.org\/wp-content\/uploads\/2022\/01\/506e950c55c16.jpeg\" alt=\"\" data-id=\"34616\" data-full-url=\"http:\/\/qtmm.org\/wp-content\/uploads\/2022\/01\/506e950c55c16.jpeg\" data-link=\"http:\/\/qtmm.org\/qt\/?attachment_id=34616\" class=\"wp-image-34616\" srcset=\"https:\/\/qtmm.org\/wp-content\/uploads\/2022\/01\/506e950c55c16.jpeg 640w, https:\/\/qtmm.org\/wp-content\/uploads\/2022\/01\/506e950c55c16-300x225.jpeg 300w\" sizes=\"auto, (max-width: 640px) 100vw, 640px\" \/><\/a><\/figure><\/li><li class=\"blocks-gallery-item\"><figure><a href=\"http:\/\/qtmm.org\/wp-content\/uploads\/2022\/01\/506e950ca8c32.jpeg\"><img loading=\"lazy\" decoding=\"async\" width=\"640\" height=\"480\" src=\"http:\/\/qtmm.org\/wp-content\/uploads\/2022\/01\/506e950ca8c32.jpeg\" alt=\"\" data-id=\"34620\" data-full-url=\"http:\/\/qtmm.org\/wp-content\/uploads\/2022\/01\/506e950ca8c32.jpeg\" data-link=\"http:\/\/qtmm.org\/qt\/?attachment_id=34620\" class=\"wp-image-34620\" srcset=\"https:\/\/qtmm.org\/wp-content\/uploads\/2022\/01\/506e950ca8c32.jpeg 640w, https:\/\/qtmm.org\/wp-content\/uploads\/2022\/01\/506e950ca8c32-300x225.jpeg 300w\" sizes=\"auto, (max-width: 640px) 100vw, 640px\" \/><\/a><\/figure><\/li><li class=\"blocks-gallery-item\"><figure><a href=\"http:\/\/qtmm.org\/wp-content\/uploads\/2022\/01\/506e950d592b6.jpeg\"><img loading=\"lazy\" decoding=\"async\" width=\"640\" height=\"480\" src=\"http:\/\/qtmm.org\/wp-content\/uploads\/2022\/01\/506e950d592b6.jpeg\" alt=\"\" data-id=\"34624\" data-full-url=\"http:\/\/qtmm.org\/wp-content\/uploads\/2022\/01\/506e950d592b6.jpeg\" data-link=\"http:\/\/qtmm.org\/qt\/?attachment_id=34624\" class=\"wp-image-34624\" srcset=\"https:\/\/qtmm.org\/wp-content\/uploads\/2022\/01\/506e950d592b6.jpeg 640w, https:\/\/qtmm.org\/wp-content\/uploads\/2022\/01\/506e950d592b6-300x225.jpeg 300w\" sizes=\"auto, (max-width: 640px) 100vw, 640px\" \/><\/a><\/figure><\/li><li class=\"blocks-gallery-item\"><figure><a href=\"http:\/\/qtmm.org\/wp-content\/uploads\/2022\/01\/506e950d0994c.jpeg\"><img loading=\"lazy\" decoding=\"async\" width=\"640\" height=\"480\" src=\"http:\/\/qtmm.org\/wp-content\/uploads\/2022\/01\/506e950d0994c.jpeg\" alt=\"\" data-id=\"34628\" data-full-url=\"http:\/\/qtmm.org\/wp-content\/uploads\/2022\/01\/506e950d0994c.jpeg\" data-link=\"http:\/\/qtmm.org\/qt\/?attachment_id=34628\" class=\"wp-image-34628\" srcset=\"https:\/\/qtmm.org\/wp-content\/uploads\/2022\/01\/506e950d0994c.jpeg 640w, https:\/\/qtmm.org\/wp-content\/uploads\/2022\/01\/506e950d0994c-300x225.jpeg 300w\" sizes=\"auto, (max-width: 640px) 100vw, 640px\" \/><\/a><\/figure><\/li><li class=\"blocks-gallery-item\"><figure><a href=\"http:\/\/qtmm.org\/wp-content\/uploads\/2022\/01\/506e950daf599.jpeg\"><img loading=\"lazy\" decoding=\"async\" width=\"640\" height=\"480\" src=\"http:\/\/qtmm.org\/wp-content\/uploads\/2022\/01\/506e950daf599.jpeg\" alt=\"\" data-id=\"34632\" data-full-url=\"http:\/\/qtmm.org\/wp-content\/uploads\/2022\/01\/506e950daf599.jpeg\" data-link=\"http:\/\/qtmm.org\/qt\/?attachment_id=34632\" class=\"wp-image-34632\" srcset=\"https:\/\/qtmm.org\/wp-content\/uploads\/2022\/01\/506e950daf599.jpeg 640w, https:\/\/qtmm.org\/wp-content\/uploads\/2022\/01\/506e950daf599-300x225.jpeg 300w\" sizes=\"auto, (max-width: 640px) 100vw, 640px\" \/><\/a><\/figure><\/li><li class=\"blocks-gallery-item\"><figure><a href=\"http:\/\/qtmm.org\/wp-content\/uploads\/2022\/01\/506e950e64a40.jpeg\"><img loading=\"lazy\" decoding=\"async\" width=\"640\" height=\"480\" src=\"http:\/\/qtmm.org\/wp-content\/uploads\/2022\/01\/506e950e64a40.jpeg\" alt=\"\" data-id=\"34636\" data-full-url=\"http:\/\/qtmm.org\/wp-content\/uploads\/2022\/01\/506e950e64a40.jpeg\" data-link=\"http:\/\/qtmm.org\/qt\/?attachment_id=34636\" class=\"wp-image-34636\" srcset=\"https:\/\/qtmm.org\/wp-content\/uploads\/2022\/01\/506e950e64a40.jpeg 640w, https:\/\/qtmm.org\/wp-content\/uploads\/2022\/01\/506e950e64a40-300x225.jpeg 300w\" sizes=\"auto, (max-width: 640px) 100vw, 640px\" \/><\/a><\/figure><\/li><li class=\"blocks-gallery-item\"><figure><a href=\"http:\/\/qtmm.org\/wp-content\/uploads\/2022\/01\/506e950e158a3.jpeg\"><img loading=\"lazy\" decoding=\"async\" width=\"640\" height=\"480\" src=\"http:\/\/qtmm.org\/wp-content\/uploads\/2022\/01\/506e950e158a3.jpeg\" alt=\"\" data-id=\"34640\" data-full-url=\"http:\/\/qtmm.org\/wp-content\/uploads\/2022\/01\/506e950e158a3.jpeg\" data-link=\"http:\/\/qtmm.org\/qt\/?attachment_id=34640\" class=\"wp-image-34640\" srcset=\"https:\/\/qtmm.org\/wp-content\/uploads\/2022\/01\/506e950e158a3.jpeg 640w, https:\/\/qtmm.org\/wp-content\/uploads\/2022\/01\/506e950e158a3-300x225.jpeg 300w\" sizes=\"auto, (max-width: 640px) 100vw, 640px\" \/><\/a><\/figure><\/li><li class=\"blocks-gallery-item\"><figure><a href=\"http:\/\/qtmm.org\/wp-content\/uploads\/2022\/01\/506e950eb5731.jpeg\"><img loading=\"lazy\" decoding=\"async\" width=\"640\" height=\"480\" src=\"http:\/\/qtmm.org\/wp-content\/uploads\/2022\/01\/506e950eb5731.jpeg\" alt=\"\" data-id=\"34644\" data-full-url=\"http:\/\/qtmm.org\/wp-content\/uploads\/2022\/01\/506e950eb5731.jpeg\" data-link=\"http:\/\/qtmm.org\/qt\/?attachment_id=34644\" class=\"wp-image-34644\" srcset=\"https:\/\/qtmm.org\/wp-content\/uploads\/2022\/01\/506e950eb5731.jpeg 640w, https:\/\/qtmm.org\/wp-content\/uploads\/2022\/01\/506e950eb5731-300x225.jpeg 300w\" sizes=\"auto, (max-width: 640px) 100vw, 640px\" \/><\/a><\/figure><\/li><li class=\"blocks-gallery-item\"><figure><a href=\"http:\/\/qtmm.org\/wp-content\/uploads\/2022\/01\/506e950f5fbf7.jpeg\"><img loading=\"lazy\" decoding=\"async\" width=\"640\" height=\"480\" src=\"http:\/\/qtmm.org\/wp-content\/uploads\/2022\/01\/506e950f5fbf7.jpeg\" alt=\"\" data-id=\"34648\" data-full-url=\"http:\/\/qtmm.org\/wp-content\/uploads\/2022\/01\/506e950f5fbf7.jpeg\" data-link=\"http:\/\/qtmm.org\/qt\/?attachment_id=34648\" class=\"wp-image-34648\" srcset=\"https:\/\/qtmm.org\/wp-content\/uploads\/2022\/01\/506e950f5fbf7.jpeg 640w, https:\/\/qtmm.org\/wp-content\/uploads\/2022\/01\/506e950f5fbf7-300x225.jpeg 300w\" sizes=\"auto, (max-width: 640px) 100vw, 640px\" \/><\/a><\/figure><\/li><li class=\"blocks-gallery-item\"><figure><a href=\"http:\/\/qtmm.org\/wp-content\/uploads\/2022\/01\/506e950f10a5d.jpeg\"><img loading=\"lazy\" decoding=\"async\" width=\"640\" height=\"480\" src=\"http:\/\/qtmm.org\/wp-content\/uploads\/2022\/01\/506e950f10a5d.jpeg\" alt=\"\" data-id=\"34652\" data-full-url=\"http:\/\/qtmm.org\/wp-content\/uploads\/2022\/01\/506e950f10a5d.jpeg\" data-link=\"http:\/\/qtmm.org\/qt\/?attachment_id=34652\" class=\"wp-image-34652\" srcset=\"https:\/\/qtmm.org\/wp-content\/uploads\/2022\/01\/506e950f10a5d.jpeg 640w, https:\/\/qtmm.org\/wp-content\/uploads\/2022\/01\/506e950f10a5d-300x225.jpeg 300w\" sizes=\"auto, (max-width: 640px) 100vw, 640px\" \/><\/a><\/figure><\/li><li class=\"blocks-gallery-item\"><figure><a href=\"http:\/\/qtmm.org\/wp-content\/uploads\/2022\/01\/506e950fad23b.jpeg\"><img loading=\"lazy\" decoding=\"async\" width=\"640\" height=\"480\" src=\"http:\/\/qtmm.org\/wp-content\/uploads\/2022\/01\/506e950fad23b.jpeg\" alt=\"\" data-id=\"34656\" data-full-url=\"http:\/\/qtmm.org\/wp-content\/uploads\/2022\/01\/506e950fad23b.jpeg\" data-link=\"http:\/\/qtmm.org\/qt\/?attachment_id=34656\" class=\"wp-image-34656\" srcset=\"https:\/\/qtmm.org\/wp-content\/uploads\/2022\/01\/506e950fad23b.jpeg 640w, https:\/\/qtmm.org\/wp-content\/uploads\/2022\/01\/506e950fad23b-300x225.jpeg 300w\" sizes=\"auto, (max-width: 640px) 100vw, 640px\" \/><\/a><\/figure><\/li><li class=\"blocks-gallery-item\"><figure><a href=\"http:\/\/qtmm.org\/wp-content\/uploads\/2022\/01\/506e9510c4554.jpeg\"><img loading=\"lazy\" decoding=\"async\" width=\"640\" height=\"480\" src=\"http:\/\/qtmm.org\/wp-content\/uploads\/2022\/01\/506e9510c4554.jpeg\" alt=\"\" data-id=\"34660\" data-full-url=\"http:\/\/qtmm.org\/wp-content\/uploads\/2022\/01\/506e9510c4554.jpeg\" data-link=\"http:\/\/qtmm.org\/qt\/?attachment_id=34660\" class=\"wp-image-34660\" srcset=\"https:\/\/qtmm.org\/wp-content\/uploads\/2022\/01\/506e9510c4554.jpeg 640w, https:\/\/qtmm.org\/wp-content\/uploads\/2022\/01\/506e9510c4554-300x225.jpeg 300w\" sizes=\"auto, (max-width: 640px) 100vw, 640px\" \/><\/a><\/figure><\/li><li class=\"blocks-gallery-item\"><figure><a href=\"http:\/\/qtmm.org\/wp-content\/uploads\/2022\/01\/506e95100a4ce.jpeg\"><img loading=\"lazy\" decoding=\"async\" width=\"640\" height=\"480\" src=\"http:\/\/qtmm.org\/wp-content\/uploads\/2022\/01\/506e95100a4ce.jpeg\" alt=\"\" data-id=\"34664\" data-full-url=\"http:\/\/qtmm.org\/wp-content\/uploads\/2022\/01\/506e95100a4ce.jpeg\" data-link=\"http:\/\/qtmm.org\/qt\/?attachment_id=34664\" class=\"wp-image-34664\" srcset=\"https:\/\/qtmm.org\/wp-content\/uploads\/2022\/01\/506e95100a4ce.jpeg 640w, https:\/\/qtmm.org\/wp-content\/uploads\/2022\/01\/506e95100a4ce-300x225.jpeg 300w\" sizes=\"auto, (max-width: 640px) 100vw, 640px\" \/><\/a><\/figure><\/li><li class=\"blocks-gallery-item\"><figure><a href=\"http:\/\/qtmm.org\/wp-content\/uploads\/2022\/01\/506e951058a9f.jpeg\"><img loading=\"lazy\" decoding=\"async\" width=\"640\" height=\"480\" src=\"http:\/\/qtmm.org\/wp-content\/uploads\/2022\/01\/506e951058a9f.jpeg\" alt=\"\" data-id=\"34668\" data-full-url=\"http:\/\/qtmm.org\/wp-content\/uploads\/2022\/01\/506e951058a9f.jpeg\" data-link=\"http:\/\/qtmm.org\/qt\/?attachment_id=34668\" class=\"wp-image-34668\" srcset=\"https:\/\/qtmm.org\/wp-content\/uploads\/2022\/01\/506e951058a9f.jpeg 640w, https:\/\/qtmm.org\/wp-content\/uploads\/2022\/01\/506e951058a9f-300x225.jpeg 300w\" sizes=\"auto, (max-width: 640px) 100vw, 640px\" \/><\/a><\/figure><\/li><\/ul><\/figure>\n","protected":false},"excerpt":{"rendered":"<p>2012 senesi okt\u00e2br 4-te T\u00fcrkiye Cumhuriyetini\u00f1 Medeniyet naziri Ertugrul G\u00fcnay i\u015f ziyaretinen Q\u0131r\u0131m\u011fa keldi. Ava liman\u0131nda Nazir Q\u0131r\u0131mtatar halq\u0131 Meclisini\u00f1 reisi Mustafa Cemilev, T\u00fcrkiyeni\u00f1 Ukrainadaki El\u00e7isi Mehmet Samsar, T\u00fcrkiye Cumhuriyetini\u00f1 \u00d6desssadaki Ba\u015f konsul\u0131 Huseyn Ergani ile beraber d\u00fcnyada yek\u00e2ne \u0130. Gasprinskiy ad\u0131na k\u00fct\u00fcphanege yol ald\u0131lar. K\u00fct\u00fcphane m\u00fcdiri G\u00fclnara Ya\u011fyayeva ve on\u0131\u00f1 muavini Leyl\u00e2 Qad\u0131rova Nazirge [&hellip;]<\/p>\n","protected":false},"author":1,"featured_media":34616,"comment_status":"open","ping_status":"open","sticky":false,"template":"","format":"standard","meta":{"inline_featured_image":false,"footnotes":""},"categories":[265],"tags":[],"class_list":["post-34595","post","type-post","status-publish","format-standard","has-post-thumbnail","hentry","category-haberler"],"acf":[],"yoast_head":"<!-- This site is optimized with the Yoast SEO plugin v27.4 - https:\/\/yoast.com\/product\/yoast-seo-wordpress\/ -->\n<title>\u0130. Gasprinskiy ad\u0131na q\u0131r\u0131mtatar k\u00fct\u00fcphanesini\u00f1 ya\u00f1\u0131 binas\u0131 T\u00fcrkiye Cumhuriyetini\u00f1 yard\u0131m\u0131nda qurulacaq - \u041c\u0435\u0434\u0436\u043b\u0456\u0441<\/title>\n<meta name=\"robots\" content=\"index, follow, max-snippet:-1, max-image-preview:large, max-video-preview:-1\" \/>\n<link rel=\"canonical\" href=\"https:\/\/qtmm.org\/qt\/i-gasprinskiy-adina-qirimtatar-kutuphanesinin-yani-binasi-turkiye-cumhuriyetinin-yardiminda-qurulacaq\/\" \/>\n<meta property=\"og:locale\" content=\"en_US\" \/>\n<meta property=\"og:type\" content=\"article\" \/>\n<meta property=\"og:title\" content=\"\u0130. Gasprinskiy ad\u0131na q\u0131r\u0131mtatar k\u00fct\u00fcphanesini\u00f1 ya\u00f1\u0131 binas\u0131 T\u00fcrkiye Cumhuriyetini\u00f1 yard\u0131m\u0131nda qurulacaq - \u041c\u0435\u0434\u0436\u043b\u0456\u0441\" \/>\n<meta property=\"og:description\" content=\"2012 senesi okt\u00e2br 4-te T\u00fcrkiye Cumhuriyetini\u00f1 Medeniyet naziri Ertugrul G\u00fcnay i\u015f ziyaretinen Q\u0131r\u0131m\u011fa keldi. Ava liman\u0131nda Nazir Q\u0131r\u0131mtatar halq\u0131 Meclisini\u00f1 reisi Mustafa Cemilev, T\u00fcrkiyeni\u00f1 Ukrainadaki El\u00e7isi Mehmet Samsar, T\u00fcrkiye Cumhuriyetini\u00f1 \u00d6desssadaki Ba\u015f konsul\u0131 Huseyn Ergani ile beraber d\u00fcnyada yek\u00e2ne \u0130. Gasprinskiy ad\u0131na k\u00fct\u00fcphanege yol ald\u0131lar. K\u00fct\u00fcphane m\u00fcdiri G\u00fclnara Ya\u011fyayeva ve on\u0131\u00f1 muavini Leyl\u00e2 Qad\u0131rova Nazirge [&hellip;]\" \/>\n<meta property=\"og:url\" content=\"https:\/\/qtmm.org\/qt\/i-gasprinskiy-adina-qirimtatar-kutuphanesinin-yani-binasi-turkiye-cumhuriyetinin-yardiminda-qurulacaq\/\" \/>\n<meta property=\"og:site_name\" content=\"\u041c\u0435\u0434\u0436\u043b\u0456\u0441\" \/>\n<meta property=\"article:publisher\" content=\"https:\/\/www.facebook.com\/qtmm.info\/\" \/>\n<meta property=\"article:published_time\" content=\"2012-10-04T10:37:00+00:00\" \/>\n<meta property=\"article:modified_time\" content=\"2022-01-23T10:39:37+00:00\" \/>\n<meta property=\"og:image\" content=\"https:\/\/qtmm.org\/wp-content\/uploads\/2022\/01\/506e950c55c16.jpeg\" \/>\n\t<meta property=\"og:image:width\" content=\"640\" \/>\n\t<meta property=\"og:image:height\" content=\"480\" \/>\n\t<meta property=\"og:image:type\" content=\"image\/jpeg\" \/>\n<meta name=\"author\" content=\"Developer\" \/>\n<meta name=\"twitter:card\" content=\"summary_large_image\" \/>\n<meta name=\"twitter:label1\" content=\"Written by\" \/>\n\t<meta name=\"twitter:data1\" content=\"Developer\" \/>\n\t<meta name=\"twitter:label2\" content=\"Est. reading time\" \/>\n\t<meta name=\"twitter:data2\" content=\"2 minutes\" \/>\n<script type=\"application\/ld+json\" class=\"yoast-schema-graph\">{\"@context\":\"https:\\\/\\\/schema.org\",\"@graph\":[{\"@type\":\"Article\",\"@id\":\"https:\\\/\\\/qtmm.org\\\/qt\\\/i-gasprinskiy-adina-qirimtatar-kutuphanesinin-yani-binasi-turkiye-cumhuriyetinin-yardiminda-qurulacaq\\\/#article\",\"isPartOf\":{\"@id\":\"https:\\\/\\\/qtmm.org\\\/qt\\\/i-gasprinskiy-adina-qirimtatar-kutuphanesinin-yani-binasi-turkiye-cumhuriyetinin-yardiminda-qurulacaq\\\/\"},\"author\":{\"name\":\"Developer\",\"@id\":\"https:\\\/\\\/qtmm.org\\\/qt\\\/#\\\/schema\\\/person\\\/de562469f971dec226ac06e60bbf74a7\"},\"headline\":\"\u0130. Gasprinskiy ad\u0131na q\u0131r\u0131mtatar k\u00fct\u00fcphanesini\u00f1 ya\u00f1\u0131 binas\u0131 T\u00fcrkiye Cumhuriyetini\u00f1 yard\u0131m\u0131nda qurulacaq\",\"datePublished\":\"2012-10-04T10:37:00+00:00\",\"dateModified\":\"2022-01-23T10:39:37+00:00\",\"mainEntityOfPage\":{\"@id\":\"https:\\\/\\\/qtmm.org\\\/qt\\\/i-gasprinskiy-adina-qirimtatar-kutuphanesinin-yani-binasi-turkiye-cumhuriyetinin-yardiminda-qurulacaq\\\/\"},\"wordCount\":322,\"commentCount\":0,\"publisher\":{\"@id\":\"https:\\\/\\\/qtmm.org\\\/qt\\\/#organization\"},\"image\":{\"@id\":\"https:\\\/\\\/qtmm.org\\\/qt\\\/i-gasprinskiy-adina-qirimtatar-kutuphanesinin-yani-binasi-turkiye-cumhuriyetinin-yardiminda-qurulacaq\\\/#primaryimage\"},\"thumbnailUrl\":\"https:\\\/\\\/qtmm.org\\\/wp-content\\\/uploads\\\/2022\\\/01\\\/506e950c55c16.jpeg\",\"articleSection\":[\"Haberler\"],\"inLanguage\":\"qt\",\"potentialAction\":[{\"@type\":\"CommentAction\",\"name\":\"Comment\",\"target\":[\"https:\\\/\\\/qtmm.org\\\/qt\\\/i-gasprinskiy-adina-qirimtatar-kutuphanesinin-yani-binasi-turkiye-cumhuriyetinin-yardiminda-qurulacaq\\\/#respond\"]}]},{\"@type\":\"WebPage\",\"@id\":\"https:\\\/\\\/qtmm.org\\\/qt\\\/i-gasprinskiy-adina-qirimtatar-kutuphanesinin-yani-binasi-turkiye-cumhuriyetinin-yardiminda-qurulacaq\\\/\",\"url\":\"https:\\\/\\\/qtmm.org\\\/qt\\\/i-gasprinskiy-adina-qirimtatar-kutuphanesinin-yani-binasi-turkiye-cumhuriyetinin-yardiminda-qurulacaq\\\/\",\"name\":\"\u0130. Gasprinskiy ad\u0131na q\u0131r\u0131mtatar k\u00fct\u00fcphanesini\u00f1 ya\u00f1\u0131 binas\u0131 T\u00fcrkiye Cumhuriyetini\u00f1 yard\u0131m\u0131nda qurulacaq - \u041c\u0435\u0434\u0436\u043b\u0456\u0441\",\"isPartOf\":{\"@id\":\"https:\\\/\\\/qtmm.org\\\/qt\\\/#website\"},\"primaryImageOfPage\":{\"@id\":\"https:\\\/\\\/qtmm.org\\\/qt\\\/i-gasprinskiy-adina-qirimtatar-kutuphanesinin-yani-binasi-turkiye-cumhuriyetinin-yardiminda-qurulacaq\\\/#primaryimage\"},\"image\":{\"@id\":\"https:\\\/\\\/qtmm.org\\\/qt\\\/i-gasprinskiy-adina-qirimtatar-kutuphanesinin-yani-binasi-turkiye-cumhuriyetinin-yardiminda-qurulacaq\\\/#primaryimage\"},\"thumbnailUrl\":\"https:\\\/\\\/qtmm.org\\\/wp-content\\\/uploads\\\/2022\\\/01\\\/506e950c55c16.jpeg\",\"datePublished\":\"2012-10-04T10:37:00+00:00\",\"dateModified\":\"2022-01-23T10:39:37+00:00\",\"breadcrumb\":{\"@id\":\"https:\\\/\\\/qtmm.org\\\/qt\\\/i-gasprinskiy-adina-qirimtatar-kutuphanesinin-yani-binasi-turkiye-cumhuriyetinin-yardiminda-qurulacaq\\\/#breadcrumb\"},\"inLanguage\":\"qt\",\"potentialAction\":[{\"@type\":\"ReadAction\",\"target\":[\"https:\\\/\\\/qtmm.org\\\/qt\\\/i-gasprinskiy-adina-qirimtatar-kutuphanesinin-yani-binasi-turkiye-cumhuriyetinin-yardiminda-qurulacaq\\\/\"]}]},{\"@type\":\"ImageObject\",\"inLanguage\":\"qt\",\"@id\":\"https:\\\/\\\/qtmm.org\\\/qt\\\/i-gasprinskiy-adina-qirimtatar-kutuphanesinin-yani-binasi-turkiye-cumhuriyetinin-yardiminda-qurulacaq\\\/#primaryimage\",\"url\":\"https:\\\/\\\/qtmm.org\\\/wp-content\\\/uploads\\\/2022\\\/01\\\/506e950c55c16.jpeg\",\"contentUrl\":\"https:\\\/\\\/qtmm.org\\\/wp-content\\\/uploads\\\/2022\\\/01\\\/506e950c55c16.jpeg\",\"width\":640,\"height\":480},{\"@type\":\"BreadcrumbList\",\"@id\":\"https:\\\/\\\/qtmm.org\\\/qt\\\/i-gasprinskiy-adina-qirimtatar-kutuphanesinin-yani-binasi-turkiye-cumhuriyetinin-yardiminda-qurulacaq\\\/#breadcrumb\",\"itemListElement\":[{\"@type\":\"ListItem\",\"position\":1,\"name\":\"\u0413\u043e\u043b\u043e\u0432\u043d\u0430\",\"item\":\"https:\\\/\\\/qtmm.org\\\/qt\\\/\"},{\"@type\":\"ListItem\",\"position\":2,\"name\":\"\u0130. Gasprinskiy ad\u0131na q\u0131r\u0131mtatar k\u00fct\u00fcphanesini\u00f1 ya\u00f1\u0131 binas\u0131 T\u00fcrkiye Cumhuriyetini\u00f1 yard\u0131m\u0131nda qurulacaq\"}]},{\"@type\":\"WebSite\",\"@id\":\"https:\\\/\\\/qtmm.org\\\/qt\\\/#website\",\"url\":\"https:\\\/\\\/qtmm.org\\\/qt\\\/\",\"name\":\"\u041c\u0435\u0434\u0436\u043b\u0456\u0441\",\"description\":\"\",\"publisher\":{\"@id\":\"https:\\\/\\\/qtmm.org\\\/qt\\\/#organization\"},\"potentialAction\":[{\"@type\":\"SearchAction\",\"target\":{\"@type\":\"EntryPoint\",\"urlTemplate\":\"https:\\\/\\\/qtmm.org\\\/qt\\\/?s={search_term_string}\"},\"query-input\":{\"@type\":\"PropertyValueSpecification\",\"valueRequired\":true,\"valueName\":\"search_term_string\"}}],\"inLanguage\":\"qt\"},{\"@type\":\"Organization\",\"@id\":\"https:\\\/\\\/qtmm.org\\\/qt\\\/#organization\",\"name\":\"\u041c\u0435\u0434\u0436\u043b\u0456\u0441\",\"url\":\"https:\\\/\\\/qtmm.org\\\/qt\\\/\",\"logo\":{\"@type\":\"ImageObject\",\"inLanguage\":\"qt\",\"@id\":\"https:\\\/\\\/qtmm.org\\\/qt\\\/#\\\/schema\\\/logo\\\/image\\\/\",\"url\":\"https:\\\/\\\/qtmm.org\\\/wp-content\\\/uploads\\\/2024\\\/12\\\/ua-mejlis-logo-rgb.svg\",\"contentUrl\":\"https:\\\/\\\/qtmm.org\\\/wp-content\\\/uploads\\\/2024\\\/12\\\/ua-mejlis-logo-rgb.svg\",\"caption\":\"\u041c\u0435\u0434\u0436\u043b\u0456\u0441\"},\"image\":{\"@id\":\"https:\\\/\\\/qtmm.org\\\/qt\\\/#\\\/schema\\\/logo\\\/image\\\/\"},\"sameAs\":[\"https:\\\/\\\/www.facebook.com\\\/qtmm.info\\\/\"]},{\"@type\":\"Person\",\"@id\":\"https:\\\/\\\/qtmm.org\\\/qt\\\/#\\\/schema\\\/person\\\/de562469f971dec226ac06e60bbf74a7\",\"name\":\"Developer\",\"image\":{\"@type\":\"ImageObject\",\"inLanguage\":\"qt\",\"@id\":\"https:\\\/\\\/secure.gravatar.com\\\/avatar\\\/392b4cc8fbfeb00b39dfeeab4ee6edded39ffd48e25858637e4765810300227e?s=96&d=mm&r=g\",\"url\":\"https:\\\/\\\/secure.gravatar.com\\\/avatar\\\/392b4cc8fbfeb00b39dfeeab4ee6edded39ffd48e25858637e4765810300227e?s=96&d=mm&r=g\",\"contentUrl\":\"https:\\\/\\\/secure.gravatar.com\\\/avatar\\\/392b4cc8fbfeb00b39dfeeab4ee6edded39ffd48e25858637e4765810300227e?s=96&d=mm&r=g\",\"caption\":\"Developer\"},\"url\":\"https:\\\/\\\/qtmm.org\\\/qt\\\/author\\\/Developer\\\/\"}]}<\/script>\n<!-- \/ Yoast SEO plugin. -->","yoast_head_json":{"title":"\u0130. Gasprinskiy ad\u0131na q\u0131r\u0131mtatar k\u00fct\u00fcphanesini\u00f1 ya\u00f1\u0131 binas\u0131 T\u00fcrkiye Cumhuriyetini\u00f1 yard\u0131m\u0131nda qurulacaq - \u041c\u0435\u0434\u0436\u043b\u0456\u0441","robots":{"index":"index","follow":"follow","max-snippet":"max-snippet:-1","max-image-preview":"max-image-preview:large","max-video-preview":"max-video-preview:-1"},"canonical":"https:\/\/qtmm.org\/qt\/i-gasprinskiy-adina-qirimtatar-kutuphanesinin-yani-binasi-turkiye-cumhuriyetinin-yardiminda-qurulacaq\/","og_locale":"en_US","og_type":"article","og_title":"\u0130. Gasprinskiy ad\u0131na q\u0131r\u0131mtatar k\u00fct\u00fcphanesini\u00f1 ya\u00f1\u0131 binas\u0131 T\u00fcrkiye Cumhuriyetini\u00f1 yard\u0131m\u0131nda qurulacaq - \u041c\u0435\u0434\u0436\u043b\u0456\u0441","og_description":"2012 senesi okt\u00e2br 4-te T\u00fcrkiye Cumhuriyetini\u00f1 Medeniyet naziri Ertugrul G\u00fcnay i\u015f ziyaretinen Q\u0131r\u0131m\u011fa keldi. Ava liman\u0131nda Nazir Q\u0131r\u0131mtatar halq\u0131 Meclisini\u00f1 reisi Mustafa Cemilev, T\u00fcrkiyeni\u00f1 Ukrainadaki El\u00e7isi Mehmet Samsar, T\u00fcrkiye Cumhuriyetini\u00f1 \u00d6desssadaki Ba\u015f konsul\u0131 Huseyn Ergani ile beraber d\u00fcnyada yek\u00e2ne \u0130. Gasprinskiy ad\u0131na k\u00fct\u00fcphanege yol ald\u0131lar. K\u00fct\u00fcphane m\u00fcdiri G\u00fclnara Ya\u011fyayeva ve on\u0131\u00f1 muavini Leyl\u00e2 Qad\u0131rova Nazirge [&hellip;]","og_url":"https:\/\/qtmm.org\/qt\/i-gasprinskiy-adina-qirimtatar-kutuphanesinin-yani-binasi-turkiye-cumhuriyetinin-yardiminda-qurulacaq\/","og_site_name":"\u041c\u0435\u0434\u0436\u043b\u0456\u0441","article_publisher":"https:\/\/www.facebook.com\/qtmm.info\/","article_published_time":"2012-10-04T10:37:00+00:00","article_modified_time":"2022-01-23T10:39:37+00:00","og_image":[{"width":640,"height":480,"url":"https:\/\/qtmm.org\/wp-content\/uploads\/2022\/01\/506e950c55c16.jpeg","type":"image\/jpeg"}],"author":"Developer","twitter_card":"summary_large_image","twitter_misc":{"Written by":"Developer","Est. reading time":"2 minutes"},"schema":{"@context":"https:\/\/schema.org","@graph":[{"@type":"Article","@id":"https:\/\/qtmm.org\/qt\/i-gasprinskiy-adina-qirimtatar-kutuphanesinin-yani-binasi-turkiye-cumhuriyetinin-yardiminda-qurulacaq\/#article","isPartOf":{"@id":"https:\/\/qtmm.org\/qt\/i-gasprinskiy-adina-qirimtatar-kutuphanesinin-yani-binasi-turkiye-cumhuriyetinin-yardiminda-qurulacaq\/"},"author":{"name":"Developer","@id":"https:\/\/qtmm.org\/qt\/#\/schema\/person\/de562469f971dec226ac06e60bbf74a7"},"headline":"\u0130. Gasprinskiy ad\u0131na q\u0131r\u0131mtatar k\u00fct\u00fcphanesini\u00f1 ya\u00f1\u0131 binas\u0131 T\u00fcrkiye Cumhuriyetini\u00f1 yard\u0131m\u0131nda qurulacaq","datePublished":"2012-10-04T10:37:00+00:00","dateModified":"2022-01-23T10:39:37+00:00","mainEntityOfPage":{"@id":"https:\/\/qtmm.org\/qt\/i-gasprinskiy-adina-qirimtatar-kutuphanesinin-yani-binasi-turkiye-cumhuriyetinin-yardiminda-qurulacaq\/"},"wordCount":322,"commentCount":0,"publisher":{"@id":"https:\/\/qtmm.org\/qt\/#organization"},"image":{"@id":"https:\/\/qtmm.org\/qt\/i-gasprinskiy-adina-qirimtatar-kutuphanesinin-yani-binasi-turkiye-cumhuriyetinin-yardiminda-qurulacaq\/#primaryimage"},"thumbnailUrl":"https:\/\/qtmm.org\/wp-content\/uploads\/2022\/01\/506e950c55c16.jpeg","articleSection":["Haberler"],"inLanguage":"qt","potentialAction":[{"@type":"CommentAction","name":"Comment","target":["https:\/\/qtmm.org\/qt\/i-gasprinskiy-adina-qirimtatar-kutuphanesinin-yani-binasi-turkiye-cumhuriyetinin-yardiminda-qurulacaq\/#respond"]}]},{"@type":"WebPage","@id":"https:\/\/qtmm.org\/qt\/i-gasprinskiy-adina-qirimtatar-kutuphanesinin-yani-binasi-turkiye-cumhuriyetinin-yardiminda-qurulacaq\/","url":"https:\/\/qtmm.org\/qt\/i-gasprinskiy-adina-qirimtatar-kutuphanesinin-yani-binasi-turkiye-cumhuriyetinin-yardiminda-qurulacaq\/","name":"\u0130. Gasprinskiy ad\u0131na q\u0131r\u0131mtatar k\u00fct\u00fcphanesini\u00f1 ya\u00f1\u0131 binas\u0131 T\u00fcrkiye Cumhuriyetini\u00f1 yard\u0131m\u0131nda qurulacaq - \u041c\u0435\u0434\u0436\u043b\u0456\u0441","isPartOf":{"@id":"https:\/\/qtmm.org\/qt\/#website"},"primaryImageOfPage":{"@id":"https:\/\/qtmm.org\/qt\/i-gasprinskiy-adina-qirimtatar-kutuphanesinin-yani-binasi-turkiye-cumhuriyetinin-yardiminda-qurulacaq\/#primaryimage"},"image":{"@id":"https:\/\/qtmm.org\/qt\/i-gasprinskiy-adina-qirimtatar-kutuphanesinin-yani-binasi-turkiye-cumhuriyetinin-yardiminda-qurulacaq\/#primaryimage"},"thumbnailUrl":"https:\/\/qtmm.org\/wp-content\/uploads\/2022\/01\/506e950c55c16.jpeg","datePublished":"2012-10-04T10:37:00+00:00","dateModified":"2022-01-23T10:39:37+00:00","breadcrumb":{"@id":"https:\/\/qtmm.org\/qt\/i-gasprinskiy-adina-qirimtatar-kutuphanesinin-yani-binasi-turkiye-cumhuriyetinin-yardiminda-qurulacaq\/#breadcrumb"},"inLanguage":"qt","potentialAction":[{"@type":"ReadAction","target":["https:\/\/qtmm.org\/qt\/i-gasprinskiy-adina-qirimtatar-kutuphanesinin-yani-binasi-turkiye-cumhuriyetinin-yardiminda-qurulacaq\/"]}]},{"@type":"ImageObject","inLanguage":"qt","@id":"https:\/\/qtmm.org\/qt\/i-gasprinskiy-adina-qirimtatar-kutuphanesinin-yani-binasi-turkiye-cumhuriyetinin-yardiminda-qurulacaq\/#primaryimage","url":"https:\/\/qtmm.org\/wp-content\/uploads\/2022\/01\/506e950c55c16.jpeg","contentUrl":"https:\/\/qtmm.org\/wp-content\/uploads\/2022\/01\/506e950c55c16.jpeg","width":640,"height":480},{"@type":"BreadcrumbList","@id":"https:\/\/qtmm.org\/qt\/i-gasprinskiy-adina-qirimtatar-kutuphanesinin-yani-binasi-turkiye-cumhuriyetinin-yardiminda-qurulacaq\/#breadcrumb","itemListElement":[{"@type":"ListItem","position":1,"name":"\u0413\u043e\u043b\u043e\u0432\u043d\u0430","item":"https:\/\/qtmm.org\/qt\/"},{"@type":"ListItem","position":2,"name":"\u0130. Gasprinskiy ad\u0131na q\u0131r\u0131mtatar k\u00fct\u00fcphanesini\u00f1 ya\u00f1\u0131 binas\u0131 T\u00fcrkiye Cumhuriyetini\u00f1 yard\u0131m\u0131nda qurulacaq"}]},{"@type":"WebSite","@id":"https:\/\/qtmm.org\/qt\/#website","url":"https:\/\/qtmm.org\/qt\/","name":"\u041c\u0435\u0434\u0436\u043b\u0456\u0441","description":"","publisher":{"@id":"https:\/\/qtmm.org\/qt\/#organization"},"potentialAction":[{"@type":"SearchAction","target":{"@type":"EntryPoint","urlTemplate":"https:\/\/qtmm.org\/qt\/?s={search_term_string}"},"query-input":{"@type":"PropertyValueSpecification","valueRequired":true,"valueName":"search_term_string"}}],"inLanguage":"qt"},{"@type":"Organization","@id":"https:\/\/qtmm.org\/qt\/#organization","name":"\u041c\u0435\u0434\u0436\u043b\u0456\u0441","url":"https:\/\/qtmm.org\/qt\/","logo":{"@type":"ImageObject","inLanguage":"qt","@id":"https:\/\/qtmm.org\/qt\/#\/schema\/logo\/image\/","url":"https:\/\/qtmm.org\/wp-content\/uploads\/2024\/12\/ua-mejlis-logo-rgb.svg","contentUrl":"https:\/\/qtmm.org\/wp-content\/uploads\/2024\/12\/ua-mejlis-logo-rgb.svg","caption":"\u041c\u0435\u0434\u0436\u043b\u0456\u0441"},"image":{"@id":"https:\/\/qtmm.org\/qt\/#\/schema\/logo\/image\/"},"sameAs":["https:\/\/www.facebook.com\/qtmm.info\/"]},{"@type":"Person","@id":"https:\/\/qtmm.org\/qt\/#\/schema\/person\/de562469f971dec226ac06e60bbf74a7","name":"Developer","image":{"@type":"ImageObject","inLanguage":"qt","@id":"https:\/\/secure.gravatar.com\/avatar\/392b4cc8fbfeb00b39dfeeab4ee6edded39ffd48e25858637e4765810300227e?s=96&d=mm&r=g","url":"https:\/\/secure.gravatar.com\/avatar\/392b4cc8fbfeb00b39dfeeab4ee6edded39ffd48e25858637e4765810300227e?s=96&d=mm&r=g","contentUrl":"https:\/\/secure.gravatar.com\/avatar\/392b4cc8fbfeb00b39dfeeab4ee6edded39ffd48e25858637e4765810300227e?s=96&d=mm&r=g","caption":"Developer"},"url":"https:\/\/qtmm.org\/qt\/author\/Developer\/"}]}},"_links":{"self":[{"href":"https:\/\/qtmm.org\/qt\/wp-json\/wp\/v2\/posts\/34595","targetHints":{"allow":["GET"]}}],"collection":[{"href":"https:\/\/qtmm.org\/qt\/wp-json\/wp\/v2\/posts"}],"about":[{"href":"https:\/\/qtmm.org\/qt\/wp-json\/wp\/v2\/types\/post"}],"author":[{"embeddable":true,"href":"https:\/\/qtmm.org\/qt\/wp-json\/wp\/v2\/users\/1"}],"replies":[{"embeddable":true,"href":"https:\/\/qtmm.org\/qt\/wp-json\/wp\/v2\/comments?post=34595"}],"version-history":[{"count":1,"href":"https:\/\/qtmm.org\/qt\/wp-json\/wp\/v2\/posts\/34595\/revisions"}],"predecessor-version":[{"id":34672,"href":"https:\/\/qtmm.org\/qt\/wp-json\/wp\/v2\/posts\/34595\/revisions\/34672"}],"wp:featuredmedia":[{"embeddable":true,"href":"https:\/\/qtmm.org\/qt\/wp-json\/wp\/v2\/media\/34616"}],"wp:attachment":[{"href":"https:\/\/qtmm.org\/qt\/wp-json\/wp\/v2\/media?parent=34595"}],"wp:term":[{"taxonomy":"category","embeddable":true,"href":"https:\/\/qtmm.org\/qt\/wp-json\/wp\/v2\/categories?post=34595"},{"taxonomy":"post_tag","embeddable":true,"href":"https:\/\/qtmm.org\/qt\/wp-json\/wp\/v2\/tags?post=34595"}],"curies":[{"name":"wp","href":"https:\/\/api.w.org\/{rel}","templated":true}]}}