




{"id":34573,"date":"2012-10-04T13:34:00","date_gmt":"2012-10-04T10:34:00","guid":{"rendered":"http:\/\/qtmm.org\/?p=34573"},"modified":"2022-01-23T13:37:03","modified_gmt":"2022-01-23T10:37:03","slug":"refat-cubarov-qirimtatar-halqinin-tarihinda-ilk-defa-1944-senesi-faciasi-aqqinda-bediiy-film-ciqarila","status":"publish","type":"post","link":"https:\/\/qtmm.org\/qt\/refat-cubarov-qirimtatar-halqinin-tarihinda-ilk-defa-1944-senesi-faciasi-aqqinda-bediiy-film-ciqarila\/","title":{"rendered":"Refat \u00c7ubarov: \u00abQ\u0131r\u0131mtatar halq\u0131n\u0131\u00f1 tarih\u0131nda ilk defa 1944 senesi facias\u0131 aqq\u0131nda bediiy film \u00e7\u0131qar\u0131la\u00bb"},"content":{"rendered":"\n<p>Belli ki, okt\u00e2brni\u00f1 ba\u015f\u0131nda Ba\u011f\u00e7asarayda mustaqil Ukrainan\u0131\u00f1 tarih\u0131nda birinci kere &#8220;Haytarma&#8221; adl\u0131 q\u0131r\u0131mtatar filmini\u00f1 \u00e7ekimi ba\u015fland\u0131. Film efsaneviy u\u00e7uc\u0131 \u2013 Sovetler Birligini\u00f1 Eki defa Qaraman\u0131 Amethan Sultann\u0131\u00f1 ayat\u0131 ve q\u0131r\u0131mtatar halq\u0131n\u0131\u00f1 tarihiy Vatan\u0131 Q\u0131r\u0131mdan s\u00fcrg\u00fcn etilgeni aqq\u0131nda ik\u00e2ye ete.<\/p>\n\n\n\n<p>Filmni\u00f1 ba\u015f rejiss\u00f6r\u0131 Ukrainada belli akt\u00f6r ve rejiss\u00f6r Ahtem Seitablayev 90 daqqal\u0131 filmni bir aydan az m\u00fcddet i\u00e7inde \u00e7\u0131qarmaq niyetinde.<\/p>\n\n\n\n<p>2012 senesi okt\u00e2br 3 k\u00fcn\u00fc filmni\u00f1 \u00e7ekim meydan\u00e7\u0131\u011f\u0131n\u0131 Q\u0131r\u0131mtatar halq\u0131 Meclisini\u00f1 reisi Mustafa Cemilev, on\u0131\u00f1 birinci muavini Refat \u00c7ubarov,\u00a0birinci q\u0131r\u0131mtatar televizion kanal\u0131 ATRni\u00f1\u00a0tesis\u00e7isi Lenur \u0130sl\u00e2mov(film on\u0131\u00f1 paras\u0131na \u00e7\u0131qar\u0131la), &#8220;Atlant-SV&#8221; televizion kanal\u0131n\u0131\u00f1 ba\u015f direktor\u0131 Elzara \u0130sl\u00e2mova, filmni\u00f1 tarihiy konsultant\u0131, ATR telekanal\u0131nda\u00a0<a rel=\"noreferrer noopener\" href=\"https:\/\/www.facebook.com\/pages\/%D0%A2%D0%B0%D1%80%D0%B8%D1%85-%D1%81%D0%B5%D0%B4%D0%B0%D1%81%D1%8B-%D1%81-%D0%93%D1%83%D0%BB%D1%8C%D0%BD%D0%B0%D1%80%D0%BE%D0%B9-%D0%91%D0%B5%D0%BA%D0%B8%D1%80%D0%BE%D0%B2%D0%BE%D0%B9\/102120663241774?fref=ts\" target=\"_blank\">&#8220;Tarih sedas\u0131&#8221;<\/a>\u00a0yay\u0131n\u0131n\u0131\u00f1 m\u00fcellifi ve al\u0131p bar\u0131c\u0131s\u0131 G\u00fclnara Bekirova ziyaret ettiler.<\/p>\n\n\n\n<figure class=\"wp-block-image size-full\"><img loading=\"lazy\" decoding=\"async\" width=\"800\" height=\"533\" src=\"http:\/\/qtmm.org\/wp-content\/uploads\/2022\/01\/process.jpeg\" alt=\"\" class=\"wp-image-34578\" srcset=\"https:\/\/qtmm.org\/wp-content\/uploads\/2022\/01\/process.jpeg 800w, https:\/\/qtmm.org\/wp-content\/uploads\/2022\/01\/process-300x200.jpeg 300w, https:\/\/qtmm.org\/wp-content\/uploads\/2022\/01\/process-768x512.jpeg 768w\" sizes=\"auto, (max-width: 800px) 100vw, 800px\" \/><\/figure>\n\n\n\n<p>\u201cQ\u0131r\u0131mtatar halq\u0131n\u0131\u00f1 tarih\u0131nda birinci kere 1944 senesi facias\u0131 aqq\u0131nda bediiy film \u00e7\u0131qarmaq areketleri yap\u0131lmaqta&#8221; &#8211; dey film aqq\u0131nda Refat \u00c7ubarov. \u2013 M\u00fcimi \u015funda ki, metin m\u00fcellifleri ve b\u00fct\u00fcn icadiy taq\u0131m q\u0131r\u0131mtatar halq\u0131n\u0131\u00f1 e\u00f1 parlaq s\u0131mas\u0131n\u0131\u00f1 taqdiri arqal\u0131 b\u00fct\u00fcn q\u0131r\u0131mtatar halq\u0131n\u0131\u00f1 facias\u0131n\u0131 k\u00f6stermek ve \u00f6z tuv\u011fan topra\u011f\u0131na misilsiz sevgisini numay\u0131\u015f etmege t\u0131r\u0131\u015falar&#8221;.<\/p>\n\n\n\n<figure class=\"wp-block-image size-full\"><img loading=\"lazy\" decoding=\"async\" width=\"800\" height=\"533\" src=\"http:\/\/qtmm.org\/wp-content\/uploads\/2022\/01\/gulya.jpeg\" alt=\"\" class=\"wp-image-34582\" srcset=\"https:\/\/qtmm.org\/wp-content\/uploads\/2022\/01\/gulya.jpeg 800w, https:\/\/qtmm.org\/wp-content\/uploads\/2022\/01\/gulya-300x200.jpeg 300w, https:\/\/qtmm.org\/wp-content\/uploads\/2022\/01\/gulya-768x512.jpeg 768w\" sizes=\"auto, (max-width: 800px) 100vw, 800px\" \/><\/figure>\n\n\n\n<p>&#8220;K\u00f6zlerimizni\u00f1 \u00f6g\u00fcnde tarih yap\u0131la&#8221; &#8211; payla\u015fa film \u00e7ekimini\u00f1 ba\u015flanmas\u0131 aqq\u0131nda fikirlerinen G\u00fclnara Bekirova. Film tarihiy konsultant\u0131n\u0131\u00f1 aytqan\u0131na k\u00f6re me\u015fur ve ces\u00fcr q\u0131r\u0131mtatar\u0131 Amethan Sultann\u0131\u00f1 ayat\u0131nda b\u00fct\u00fcn bir halqn\u0131\u00f1 facias\u0131 k\u00f6sterilecek.<\/p>\n\n\n\n<p>Filmni\u00f1 ba\u015f rejiss\u00f6r\u0131 ve ba\u015f qaraman rol\u00fcni\u00f1 icrac\u0131s\u0131 Ahtem Seytablayev \u00e7ekim i\u015ftirak\u00e7ilerini\u00f1 episine birinci q\u0131r\u0131mtatar bediiy filmini \u00e7\u0131qaruvda i\u015ftiraki i\u00e7\u00fcn te\u015fekk\u00fcr bildirdi.<\/p>\n\n\n\n<figure class=\"wp-block-image size-full\"><img loading=\"lazy\" decoding=\"async\" width=\"800\" height=\"533\" src=\"http:\/\/qtmm.org\/wp-content\/uploads\/2022\/01\/dream.jpeg\" alt=\"\" class=\"wp-image-34586\" srcset=\"https:\/\/qtmm.org\/wp-content\/uploads\/2022\/01\/dream.jpeg 800w, https:\/\/qtmm.org\/wp-content\/uploads\/2022\/01\/dream-300x200.jpeg 300w, https:\/\/qtmm.org\/wp-content\/uploads\/2022\/01\/dream-768x512.jpeg 768w\" sizes=\"auto, (max-width: 800px) 100vw, 800px\" \/><\/figure>\n\n\n\n<p>Rejiss\u00f6rn\u0131\u00f1 bildirgenine k\u00f6re \u2013 bu on\u0131\u00f1 e\u00f1 b\u00fcy\u00fck arzus\u0131 edi. Filmde i\u015ftirak etmege istegenlerni\u00f1 episini davet etip, \u00e7ekimler gece olaca\u011f\u0131n\u0131 aytt\u0131.<\/p>\n\n\n\n<p>&#8220;Biz er kesni\u00f1 i\u015ftirakine muhtacm\u0131z ve bu filmni az\u0131rlavda b\u00fcy\u00fck bir yard\u0131m olur. Em ba\u015fta bir bu tarihiy vaqialarn\u0131 canland\u0131ruvda kendi-kendine etilgen yard\u0131m olur&#8221; , dep saya A. Seytablayev.<\/p>\n\n\n\n<figure class=\"wp-block-image size-full\"><img loading=\"lazy\" decoding=\"async\" width=\"800\" height=\"533\" src=\"http:\/\/qtmm.org\/wp-content\/uploads\/2022\/01\/decoracii.jpeg\" alt=\"\" class=\"wp-image-34590\" srcset=\"https:\/\/qtmm.org\/wp-content\/uploads\/2022\/01\/decoracii.jpeg 800w, https:\/\/qtmm.org\/wp-content\/uploads\/2022\/01\/decoracii-300x200.jpeg 300w, https:\/\/qtmm.org\/wp-content\/uploads\/2022\/01\/decoracii-768x512.jpeg 768w\" sizes=\"auto, (max-width: 800px) 100vw, 800px\" \/><\/figure>\n\n\n\n<p>Film i\u00e7\u00fcn arbiy tehnika mahsus Aqyardan ketirildi. Bu \u2013 1941 senesine ait mototsikl ve cenk yollar\u0131n\u0131 ke\u00e7ken Z\u0130S-5 ma\u015finas\u0131d\u0131r. Qaraman u\u00e7a\u011f\u0131n\u0131\u00f1 tam taqlidi demir ve faneradan yasal\u0131p, a\u011f\u0131rl\u0131\u011f\u0131 ol\u011fan\u0131-olaca\u011f\u0131 1 tonna.<\/p>\n\n\n\n<p><br><em>Mal\u00fcmat i\u00e7\u00fcn:<\/em>&nbsp;filmdeki vaqialar ekinci cian cenki vaqt\u0131nda ol\u0131p ke\u00e7e. Film m\u00fcelliflerini\u00f1 \u011fayesi boyunca q\u0131r\u0131mtatar halq\u0131n\u0131\u00f1 s\u00fcrg\u00fcnligi k\u00f6sterilecek. Ba\u015f qaraman \u2013 Sovetler Birligini\u00f1 eki defa Qaraman\u0131 Amethan Sultan. Bu rolni filmni\u00f1 ba\u015f rejiss\u00f6r\u0131 Ahtem Seytablayev icra ete.<\/p>\n\n\n\n<p>Film \u00fczerinden esasen Kiyevden kelgen m\u00fctehass\u0131slar \u00e7al\u0131\u015falar. Filmni eki ya\u015f, l\u00e2kin endi tecribeli operatorlar \u00e7\u0131qaralar. Olardan biri \u2013 Vladimir \u0130vanov q\u0131sqa metrajl\u0131 filmi i\u00e7\u00fcn Kann\u0131 festivalini\u00f1 e\u00f1 nufuzl\u0131 muk\u00e2fat\u0131n\u0131 qazand\u0131.<br>&nbsp;<\/p>\n\n\n\n<p><em>Fotolarn\u0131\u00f1 m\u00fcellifi: G\u00fclnara Bekirova<br><br>http:\/\/crimeantatars.org\/\u00a0saifesini\u00f1 mal\u00fcmatlar\u0131ndan faydalan\u0131ld\u0131<\/em><\/p>\n","protected":false},"excerpt":{"rendered":"<p>Belli ki, okt\u00e2brni\u00f1 ba\u015f\u0131nda Ba\u011f\u00e7asarayda mustaqil Ukrainan\u0131\u00f1 tarih\u0131nda birinci kere &#8220;Haytarma&#8221; adl\u0131 q\u0131r\u0131mtatar filmini\u00f1 \u00e7ekimi ba\u015fland\u0131. Film efsaneviy u\u00e7uc\u0131 \u2013 Sovetler Birligini\u00f1 Eki defa Qaraman\u0131 Amethan Sultann\u0131\u00f1 ayat\u0131 ve q\u0131r\u0131mtatar halq\u0131n\u0131\u00f1 tarihiy Vatan\u0131 Q\u0131r\u0131mdan s\u00fcrg\u00fcn etilgeni aqq\u0131nda ik\u00e2ye ete. Filmni\u00f1 ba\u015f rejiss\u00f6r\u0131 Ukrainada belli akt\u00f6r ve rejiss\u00f6r Ahtem Seitablayev 90 daqqal\u0131 filmni bir aydan az [&hellip;]<\/p>\n","protected":false},"author":1,"featured_media":34574,"comment_status":"open","ping_status":"open","sticky":false,"template":"","format":"standard","meta":{"inline_featured_image":false,"footnotes":""},"categories":[265],"tags":[],"class_list":["post-34573","post","type-post","status-publish","format-standard","has-post-thumbnail","hentry","category-haberler"],"acf":[],"yoast_head":"<!-- This site is optimized with the Yoast SEO plugin v27.4 - https:\/\/yoast.com\/product\/yoast-seo-wordpress\/ -->\n<title>Refat \u00c7ubarov: \u00abQ\u0131r\u0131mtatar halq\u0131n\u0131\u00f1 tarih\u0131nda ilk defa 1944 senesi facias\u0131 aqq\u0131nda bediiy film \u00e7\u0131qar\u0131la\u00bb - \u041c\u0435\u0434\u0436\u043b\u0456\u0441<\/title>\n<meta name=\"robots\" content=\"index, follow, max-snippet:-1, max-image-preview:large, max-video-preview:-1\" \/>\n<link rel=\"canonical\" href=\"https:\/\/qtmm.org\/qt\/refat-cubarov-qirimtatar-halqinin-tarihinda-ilk-defa-1944-senesi-faciasi-aqqinda-bediiy-film-ciqarila\/\" \/>\n<meta property=\"og:locale\" content=\"en_US\" \/>\n<meta property=\"og:type\" content=\"article\" \/>\n<meta property=\"og:title\" content=\"Refat \u00c7ubarov: \u00abQ\u0131r\u0131mtatar halq\u0131n\u0131\u00f1 tarih\u0131nda ilk defa 1944 senesi facias\u0131 aqq\u0131nda bediiy film \u00e7\u0131qar\u0131la\u00bb - \u041c\u0435\u0434\u0436\u043b\u0456\u0441\" \/>\n<meta property=\"og:description\" content=\"Belli ki, okt\u00e2brni\u00f1 ba\u015f\u0131nda Ba\u011f\u00e7asarayda mustaqil Ukrainan\u0131\u00f1 tarih\u0131nda birinci kere &#8220;Haytarma&#8221; adl\u0131 q\u0131r\u0131mtatar filmini\u00f1 \u00e7ekimi ba\u015fland\u0131. Film efsaneviy u\u00e7uc\u0131 \u2013 Sovetler Birligini\u00f1 Eki defa Qaraman\u0131 Amethan Sultann\u0131\u00f1 ayat\u0131 ve q\u0131r\u0131mtatar halq\u0131n\u0131\u00f1 tarihiy Vatan\u0131 Q\u0131r\u0131mdan s\u00fcrg\u00fcn etilgeni aqq\u0131nda ik\u00e2ye ete. Filmni\u00f1 ba\u015f rejiss\u00f6r\u0131 Ukrainada belli akt\u00f6r ve rejiss\u00f6r Ahtem Seitablayev 90 daqqal\u0131 filmni bir aydan az [&hellip;]\" \/>\n<meta property=\"og:url\" content=\"https:\/\/qtmm.org\/qt\/refat-cubarov-qirimtatar-halqinin-tarihinda-ilk-defa-1944-senesi-faciasi-aqqinda-bediiy-film-ciqarila\/\" \/>\n<meta property=\"og:site_name\" content=\"\u041c\u0435\u0434\u0436\u043b\u0456\u0441\" \/>\n<meta property=\"article:publisher\" content=\"https:\/\/www.facebook.com\/qtmm.info\/\" \/>\n<meta property=\"article:published_time\" content=\"2012-10-04T10:34:00+00:00\" \/>\n<meta property=\"article:modified_time\" content=\"2022-01-23T10:37:03+00:00\" \/>\n<meta property=\"og:image\" content=\"https:\/\/qtmm.org\/wp-content\/uploads\/2022\/01\/all.jpeg\" \/>\n\t<meta property=\"og:image:width\" content=\"800\" \/>\n\t<meta property=\"og:image:height\" content=\"533\" \/>\n\t<meta property=\"og:image:type\" content=\"image\/jpeg\" \/>\n<meta name=\"author\" content=\"Developer\" \/>\n<meta name=\"twitter:card\" content=\"summary_large_image\" \/>\n<meta name=\"twitter:label1\" content=\"Written by\" \/>\n\t<meta name=\"twitter:data1\" content=\"Developer\" \/>\n\t<meta name=\"twitter:label2\" content=\"Est. reading time\" \/>\n\t<meta name=\"twitter:data2\" content=\"3 minutes\" \/>\n<script type=\"application\/ld+json\" class=\"yoast-schema-graph\">{\"@context\":\"https:\\\/\\\/schema.org\",\"@graph\":[{\"@type\":\"Article\",\"@id\":\"https:\\\/\\\/qtmm.org\\\/qt\\\/refat-cubarov-qirimtatar-halqinin-tarihinda-ilk-defa-1944-senesi-faciasi-aqqinda-bediiy-film-ciqarila\\\/#article\",\"isPartOf\":{\"@id\":\"https:\\\/\\\/qtmm.org\\\/qt\\\/refat-cubarov-qirimtatar-halqinin-tarihinda-ilk-defa-1944-senesi-faciasi-aqqinda-bediiy-film-ciqarila\\\/\"},\"author\":{\"name\":\"Developer\",\"@id\":\"https:\\\/\\\/qtmm.org\\\/qt\\\/#\\\/schema\\\/person\\\/de562469f971dec226ac06e60bbf74a7\"},\"headline\":\"Refat \u00c7ubarov: \u00abQ\u0131r\u0131mtatar halq\u0131n\u0131\u00f1 tarih\u0131nda ilk defa 1944 senesi facias\u0131 aqq\u0131nda bediiy film \u00e7\u0131qar\u0131la\u00bb\",\"datePublished\":\"2012-10-04T10:34:00+00:00\",\"dateModified\":\"2022-01-23T10:37:03+00:00\",\"mainEntityOfPage\":{\"@id\":\"https:\\\/\\\/qtmm.org\\\/qt\\\/refat-cubarov-qirimtatar-halqinin-tarihinda-ilk-defa-1944-senesi-faciasi-aqqinda-bediiy-film-ciqarila\\\/\"},\"wordCount\":536,\"commentCount\":0,\"publisher\":{\"@id\":\"https:\\\/\\\/qtmm.org\\\/qt\\\/#organization\"},\"image\":{\"@id\":\"https:\\\/\\\/qtmm.org\\\/qt\\\/refat-cubarov-qirimtatar-halqinin-tarihinda-ilk-defa-1944-senesi-faciasi-aqqinda-bediiy-film-ciqarila\\\/#primaryimage\"},\"thumbnailUrl\":\"https:\\\/\\\/qtmm.org\\\/wp-content\\\/uploads\\\/2022\\\/01\\\/all.jpeg\",\"articleSection\":[\"Haberler\"],\"inLanguage\":\"qt\",\"potentialAction\":[{\"@type\":\"CommentAction\",\"name\":\"Comment\",\"target\":[\"https:\\\/\\\/qtmm.org\\\/qt\\\/refat-cubarov-qirimtatar-halqinin-tarihinda-ilk-defa-1944-senesi-faciasi-aqqinda-bediiy-film-ciqarila\\\/#respond\"]}]},{\"@type\":\"WebPage\",\"@id\":\"https:\\\/\\\/qtmm.org\\\/qt\\\/refat-cubarov-qirimtatar-halqinin-tarihinda-ilk-defa-1944-senesi-faciasi-aqqinda-bediiy-film-ciqarila\\\/\",\"url\":\"https:\\\/\\\/qtmm.org\\\/qt\\\/refat-cubarov-qirimtatar-halqinin-tarihinda-ilk-defa-1944-senesi-faciasi-aqqinda-bediiy-film-ciqarila\\\/\",\"name\":\"Refat \u00c7ubarov: \u00abQ\u0131r\u0131mtatar halq\u0131n\u0131\u00f1 tarih\u0131nda ilk defa 1944 senesi facias\u0131 aqq\u0131nda bediiy film \u00e7\u0131qar\u0131la\u00bb - \u041c\u0435\u0434\u0436\u043b\u0456\u0441\",\"isPartOf\":{\"@id\":\"https:\\\/\\\/qtmm.org\\\/qt\\\/#website\"},\"primaryImageOfPage\":{\"@id\":\"https:\\\/\\\/qtmm.org\\\/qt\\\/refat-cubarov-qirimtatar-halqinin-tarihinda-ilk-defa-1944-senesi-faciasi-aqqinda-bediiy-film-ciqarila\\\/#primaryimage\"},\"image\":{\"@id\":\"https:\\\/\\\/qtmm.org\\\/qt\\\/refat-cubarov-qirimtatar-halqinin-tarihinda-ilk-defa-1944-senesi-faciasi-aqqinda-bediiy-film-ciqarila\\\/#primaryimage\"},\"thumbnailUrl\":\"https:\\\/\\\/qtmm.org\\\/wp-content\\\/uploads\\\/2022\\\/01\\\/all.jpeg\",\"datePublished\":\"2012-10-04T10:34:00+00:00\",\"dateModified\":\"2022-01-23T10:37:03+00:00\",\"breadcrumb\":{\"@id\":\"https:\\\/\\\/qtmm.org\\\/qt\\\/refat-cubarov-qirimtatar-halqinin-tarihinda-ilk-defa-1944-senesi-faciasi-aqqinda-bediiy-film-ciqarila\\\/#breadcrumb\"},\"inLanguage\":\"qt\",\"potentialAction\":[{\"@type\":\"ReadAction\",\"target\":[\"https:\\\/\\\/qtmm.org\\\/qt\\\/refat-cubarov-qirimtatar-halqinin-tarihinda-ilk-defa-1944-senesi-faciasi-aqqinda-bediiy-film-ciqarila\\\/\"]}]},{\"@type\":\"ImageObject\",\"inLanguage\":\"qt\",\"@id\":\"https:\\\/\\\/qtmm.org\\\/qt\\\/refat-cubarov-qirimtatar-halqinin-tarihinda-ilk-defa-1944-senesi-faciasi-aqqinda-bediiy-film-ciqarila\\\/#primaryimage\",\"url\":\"https:\\\/\\\/qtmm.org\\\/wp-content\\\/uploads\\\/2022\\\/01\\\/all.jpeg\",\"contentUrl\":\"https:\\\/\\\/qtmm.org\\\/wp-content\\\/uploads\\\/2022\\\/01\\\/all.jpeg\",\"width\":800,\"height\":533},{\"@type\":\"BreadcrumbList\",\"@id\":\"https:\\\/\\\/qtmm.org\\\/qt\\\/refat-cubarov-qirimtatar-halqinin-tarihinda-ilk-defa-1944-senesi-faciasi-aqqinda-bediiy-film-ciqarila\\\/#breadcrumb\",\"itemListElement\":[{\"@type\":\"ListItem\",\"position\":1,\"name\":\"\u0413\u043e\u043b\u043e\u0432\u043d\u0430\",\"item\":\"https:\\\/\\\/qtmm.org\\\/qt\\\/\"},{\"@type\":\"ListItem\",\"position\":2,\"name\":\"Refat \u00c7ubarov: \u00abQ\u0131r\u0131mtatar halq\u0131n\u0131\u00f1 tarih\u0131nda ilk defa 1944 senesi facias\u0131 aqq\u0131nda bediiy film \u00e7\u0131qar\u0131la\u00bb\"}]},{\"@type\":\"WebSite\",\"@id\":\"https:\\\/\\\/qtmm.org\\\/qt\\\/#website\",\"url\":\"https:\\\/\\\/qtmm.org\\\/qt\\\/\",\"name\":\"\u041c\u0435\u0434\u0436\u043b\u0456\u0441\",\"description\":\"\",\"publisher\":{\"@id\":\"https:\\\/\\\/qtmm.org\\\/qt\\\/#organization\"},\"potentialAction\":[{\"@type\":\"SearchAction\",\"target\":{\"@type\":\"EntryPoint\",\"urlTemplate\":\"https:\\\/\\\/qtmm.org\\\/qt\\\/?s={search_term_string}\"},\"query-input\":{\"@type\":\"PropertyValueSpecification\",\"valueRequired\":true,\"valueName\":\"search_term_string\"}}],\"inLanguage\":\"qt\"},{\"@type\":\"Organization\",\"@id\":\"https:\\\/\\\/qtmm.org\\\/qt\\\/#organization\",\"name\":\"\u041c\u0435\u0434\u0436\u043b\u0456\u0441\",\"url\":\"https:\\\/\\\/qtmm.org\\\/qt\\\/\",\"logo\":{\"@type\":\"ImageObject\",\"inLanguage\":\"qt\",\"@id\":\"https:\\\/\\\/qtmm.org\\\/qt\\\/#\\\/schema\\\/logo\\\/image\\\/\",\"url\":\"https:\\\/\\\/qtmm.org\\\/wp-content\\\/uploads\\\/2024\\\/12\\\/ua-mejlis-logo-rgb.svg\",\"contentUrl\":\"https:\\\/\\\/qtmm.org\\\/wp-content\\\/uploads\\\/2024\\\/12\\\/ua-mejlis-logo-rgb.svg\",\"caption\":\"\u041c\u0435\u0434\u0436\u043b\u0456\u0441\"},\"image\":{\"@id\":\"https:\\\/\\\/qtmm.org\\\/qt\\\/#\\\/schema\\\/logo\\\/image\\\/\"},\"sameAs\":[\"https:\\\/\\\/www.facebook.com\\\/qtmm.info\\\/\"]},{\"@type\":\"Person\",\"@id\":\"https:\\\/\\\/qtmm.org\\\/qt\\\/#\\\/schema\\\/person\\\/de562469f971dec226ac06e60bbf74a7\",\"name\":\"Developer\",\"image\":{\"@type\":\"ImageObject\",\"inLanguage\":\"qt\",\"@id\":\"https:\\\/\\\/secure.gravatar.com\\\/avatar\\\/392b4cc8fbfeb00b39dfeeab4ee6edded39ffd48e25858637e4765810300227e?s=96&d=mm&r=g\",\"url\":\"https:\\\/\\\/secure.gravatar.com\\\/avatar\\\/392b4cc8fbfeb00b39dfeeab4ee6edded39ffd48e25858637e4765810300227e?s=96&d=mm&r=g\",\"contentUrl\":\"https:\\\/\\\/secure.gravatar.com\\\/avatar\\\/392b4cc8fbfeb00b39dfeeab4ee6edded39ffd48e25858637e4765810300227e?s=96&d=mm&r=g\",\"caption\":\"Developer\"},\"url\":\"https:\\\/\\\/qtmm.org\\\/qt\\\/author\\\/Developer\\\/\"}]}<\/script>\n<!-- \/ Yoast SEO plugin. -->","yoast_head_json":{"title":"Refat \u00c7ubarov: \u00abQ\u0131r\u0131mtatar halq\u0131n\u0131\u00f1 tarih\u0131nda ilk defa 1944 senesi facias\u0131 aqq\u0131nda bediiy film \u00e7\u0131qar\u0131la\u00bb - \u041c\u0435\u0434\u0436\u043b\u0456\u0441","robots":{"index":"index","follow":"follow","max-snippet":"max-snippet:-1","max-image-preview":"max-image-preview:large","max-video-preview":"max-video-preview:-1"},"canonical":"https:\/\/qtmm.org\/qt\/refat-cubarov-qirimtatar-halqinin-tarihinda-ilk-defa-1944-senesi-faciasi-aqqinda-bediiy-film-ciqarila\/","og_locale":"en_US","og_type":"article","og_title":"Refat \u00c7ubarov: \u00abQ\u0131r\u0131mtatar halq\u0131n\u0131\u00f1 tarih\u0131nda ilk defa 1944 senesi facias\u0131 aqq\u0131nda bediiy film \u00e7\u0131qar\u0131la\u00bb - \u041c\u0435\u0434\u0436\u043b\u0456\u0441","og_description":"Belli ki, okt\u00e2brni\u00f1 ba\u015f\u0131nda Ba\u011f\u00e7asarayda mustaqil Ukrainan\u0131\u00f1 tarih\u0131nda birinci kere &#8220;Haytarma&#8221; adl\u0131 q\u0131r\u0131mtatar filmini\u00f1 \u00e7ekimi ba\u015fland\u0131. Film efsaneviy u\u00e7uc\u0131 \u2013 Sovetler Birligini\u00f1 Eki defa Qaraman\u0131 Amethan Sultann\u0131\u00f1 ayat\u0131 ve q\u0131r\u0131mtatar halq\u0131n\u0131\u00f1 tarihiy Vatan\u0131 Q\u0131r\u0131mdan s\u00fcrg\u00fcn etilgeni aqq\u0131nda ik\u00e2ye ete. Filmni\u00f1 ba\u015f rejiss\u00f6r\u0131 Ukrainada belli akt\u00f6r ve rejiss\u00f6r Ahtem Seitablayev 90 daqqal\u0131 filmni bir aydan az [&hellip;]","og_url":"https:\/\/qtmm.org\/qt\/refat-cubarov-qirimtatar-halqinin-tarihinda-ilk-defa-1944-senesi-faciasi-aqqinda-bediiy-film-ciqarila\/","og_site_name":"\u041c\u0435\u0434\u0436\u043b\u0456\u0441","article_publisher":"https:\/\/www.facebook.com\/qtmm.info\/","article_published_time":"2012-10-04T10:34:00+00:00","article_modified_time":"2022-01-23T10:37:03+00:00","og_image":[{"width":800,"height":533,"url":"https:\/\/qtmm.org\/wp-content\/uploads\/2022\/01\/all.jpeg","type":"image\/jpeg"}],"author":"Developer","twitter_card":"summary_large_image","twitter_misc":{"Written by":"Developer","Est. reading time":"3 minutes"},"schema":{"@context":"https:\/\/schema.org","@graph":[{"@type":"Article","@id":"https:\/\/qtmm.org\/qt\/refat-cubarov-qirimtatar-halqinin-tarihinda-ilk-defa-1944-senesi-faciasi-aqqinda-bediiy-film-ciqarila\/#article","isPartOf":{"@id":"https:\/\/qtmm.org\/qt\/refat-cubarov-qirimtatar-halqinin-tarihinda-ilk-defa-1944-senesi-faciasi-aqqinda-bediiy-film-ciqarila\/"},"author":{"name":"Developer","@id":"https:\/\/qtmm.org\/qt\/#\/schema\/person\/de562469f971dec226ac06e60bbf74a7"},"headline":"Refat \u00c7ubarov: \u00abQ\u0131r\u0131mtatar halq\u0131n\u0131\u00f1 tarih\u0131nda ilk defa 1944 senesi facias\u0131 aqq\u0131nda bediiy film \u00e7\u0131qar\u0131la\u00bb","datePublished":"2012-10-04T10:34:00+00:00","dateModified":"2022-01-23T10:37:03+00:00","mainEntityOfPage":{"@id":"https:\/\/qtmm.org\/qt\/refat-cubarov-qirimtatar-halqinin-tarihinda-ilk-defa-1944-senesi-faciasi-aqqinda-bediiy-film-ciqarila\/"},"wordCount":536,"commentCount":0,"publisher":{"@id":"https:\/\/qtmm.org\/qt\/#organization"},"image":{"@id":"https:\/\/qtmm.org\/qt\/refat-cubarov-qirimtatar-halqinin-tarihinda-ilk-defa-1944-senesi-faciasi-aqqinda-bediiy-film-ciqarila\/#primaryimage"},"thumbnailUrl":"https:\/\/qtmm.org\/wp-content\/uploads\/2022\/01\/all.jpeg","articleSection":["Haberler"],"inLanguage":"qt","potentialAction":[{"@type":"CommentAction","name":"Comment","target":["https:\/\/qtmm.org\/qt\/refat-cubarov-qirimtatar-halqinin-tarihinda-ilk-defa-1944-senesi-faciasi-aqqinda-bediiy-film-ciqarila\/#respond"]}]},{"@type":"WebPage","@id":"https:\/\/qtmm.org\/qt\/refat-cubarov-qirimtatar-halqinin-tarihinda-ilk-defa-1944-senesi-faciasi-aqqinda-bediiy-film-ciqarila\/","url":"https:\/\/qtmm.org\/qt\/refat-cubarov-qirimtatar-halqinin-tarihinda-ilk-defa-1944-senesi-faciasi-aqqinda-bediiy-film-ciqarila\/","name":"Refat \u00c7ubarov: \u00abQ\u0131r\u0131mtatar halq\u0131n\u0131\u00f1 tarih\u0131nda ilk defa 1944 senesi facias\u0131 aqq\u0131nda bediiy film \u00e7\u0131qar\u0131la\u00bb - \u041c\u0435\u0434\u0436\u043b\u0456\u0441","isPartOf":{"@id":"https:\/\/qtmm.org\/qt\/#website"},"primaryImageOfPage":{"@id":"https:\/\/qtmm.org\/qt\/refat-cubarov-qirimtatar-halqinin-tarihinda-ilk-defa-1944-senesi-faciasi-aqqinda-bediiy-film-ciqarila\/#primaryimage"},"image":{"@id":"https:\/\/qtmm.org\/qt\/refat-cubarov-qirimtatar-halqinin-tarihinda-ilk-defa-1944-senesi-faciasi-aqqinda-bediiy-film-ciqarila\/#primaryimage"},"thumbnailUrl":"https:\/\/qtmm.org\/wp-content\/uploads\/2022\/01\/all.jpeg","datePublished":"2012-10-04T10:34:00+00:00","dateModified":"2022-01-23T10:37:03+00:00","breadcrumb":{"@id":"https:\/\/qtmm.org\/qt\/refat-cubarov-qirimtatar-halqinin-tarihinda-ilk-defa-1944-senesi-faciasi-aqqinda-bediiy-film-ciqarila\/#breadcrumb"},"inLanguage":"qt","potentialAction":[{"@type":"ReadAction","target":["https:\/\/qtmm.org\/qt\/refat-cubarov-qirimtatar-halqinin-tarihinda-ilk-defa-1944-senesi-faciasi-aqqinda-bediiy-film-ciqarila\/"]}]},{"@type":"ImageObject","inLanguage":"qt","@id":"https:\/\/qtmm.org\/qt\/refat-cubarov-qirimtatar-halqinin-tarihinda-ilk-defa-1944-senesi-faciasi-aqqinda-bediiy-film-ciqarila\/#primaryimage","url":"https:\/\/qtmm.org\/wp-content\/uploads\/2022\/01\/all.jpeg","contentUrl":"https:\/\/qtmm.org\/wp-content\/uploads\/2022\/01\/all.jpeg","width":800,"height":533},{"@type":"BreadcrumbList","@id":"https:\/\/qtmm.org\/qt\/refat-cubarov-qirimtatar-halqinin-tarihinda-ilk-defa-1944-senesi-faciasi-aqqinda-bediiy-film-ciqarila\/#breadcrumb","itemListElement":[{"@type":"ListItem","position":1,"name":"\u0413\u043e\u043b\u043e\u0432\u043d\u0430","item":"https:\/\/qtmm.org\/qt\/"},{"@type":"ListItem","position":2,"name":"Refat \u00c7ubarov: \u00abQ\u0131r\u0131mtatar halq\u0131n\u0131\u00f1 tarih\u0131nda ilk defa 1944 senesi facias\u0131 aqq\u0131nda bediiy film \u00e7\u0131qar\u0131la\u00bb"}]},{"@type":"WebSite","@id":"https:\/\/qtmm.org\/qt\/#website","url":"https:\/\/qtmm.org\/qt\/","name":"\u041c\u0435\u0434\u0436\u043b\u0456\u0441","description":"","publisher":{"@id":"https:\/\/qtmm.org\/qt\/#organization"},"potentialAction":[{"@type":"SearchAction","target":{"@type":"EntryPoint","urlTemplate":"https:\/\/qtmm.org\/qt\/?s={search_term_string}"},"query-input":{"@type":"PropertyValueSpecification","valueRequired":true,"valueName":"search_term_string"}}],"inLanguage":"qt"},{"@type":"Organization","@id":"https:\/\/qtmm.org\/qt\/#organization","name":"\u041c\u0435\u0434\u0436\u043b\u0456\u0441","url":"https:\/\/qtmm.org\/qt\/","logo":{"@type":"ImageObject","inLanguage":"qt","@id":"https:\/\/qtmm.org\/qt\/#\/schema\/logo\/image\/","url":"https:\/\/qtmm.org\/wp-content\/uploads\/2024\/12\/ua-mejlis-logo-rgb.svg","contentUrl":"https:\/\/qtmm.org\/wp-content\/uploads\/2024\/12\/ua-mejlis-logo-rgb.svg","caption":"\u041c\u0435\u0434\u0436\u043b\u0456\u0441"},"image":{"@id":"https:\/\/qtmm.org\/qt\/#\/schema\/logo\/image\/"},"sameAs":["https:\/\/www.facebook.com\/qtmm.info\/"]},{"@type":"Person","@id":"https:\/\/qtmm.org\/qt\/#\/schema\/person\/de562469f971dec226ac06e60bbf74a7","name":"Developer","image":{"@type":"ImageObject","inLanguage":"qt","@id":"https:\/\/secure.gravatar.com\/avatar\/392b4cc8fbfeb00b39dfeeab4ee6edded39ffd48e25858637e4765810300227e?s=96&d=mm&r=g","url":"https:\/\/secure.gravatar.com\/avatar\/392b4cc8fbfeb00b39dfeeab4ee6edded39ffd48e25858637e4765810300227e?s=96&d=mm&r=g","contentUrl":"https:\/\/secure.gravatar.com\/avatar\/392b4cc8fbfeb00b39dfeeab4ee6edded39ffd48e25858637e4765810300227e?s=96&d=mm&r=g","caption":"Developer"},"url":"https:\/\/qtmm.org\/qt\/author\/Developer\/"}]}},"_links":{"self":[{"href":"https:\/\/qtmm.org\/qt\/wp-json\/wp\/v2\/posts\/34573","targetHints":{"allow":["GET"]}}],"collection":[{"href":"https:\/\/qtmm.org\/qt\/wp-json\/wp\/v2\/posts"}],"about":[{"href":"https:\/\/qtmm.org\/qt\/wp-json\/wp\/v2\/types\/post"}],"author":[{"embeddable":true,"href":"https:\/\/qtmm.org\/qt\/wp-json\/wp\/v2\/users\/1"}],"replies":[{"embeddable":true,"href":"https:\/\/qtmm.org\/qt\/wp-json\/wp\/v2\/comments?post=34573"}],"version-history":[{"count":1,"href":"https:\/\/qtmm.org\/qt\/wp-json\/wp\/v2\/posts\/34573\/revisions"}],"predecessor-version":[{"id":34594,"href":"https:\/\/qtmm.org\/qt\/wp-json\/wp\/v2\/posts\/34573\/revisions\/34594"}],"wp:featuredmedia":[{"embeddable":true,"href":"https:\/\/qtmm.org\/qt\/wp-json\/wp\/v2\/media\/34574"}],"wp:attachment":[{"href":"https:\/\/qtmm.org\/qt\/wp-json\/wp\/v2\/media?parent=34573"}],"wp:term":[{"taxonomy":"category","embeddable":true,"href":"https:\/\/qtmm.org\/qt\/wp-json\/wp\/v2\/categories?post=34573"},{"taxonomy":"post_tag","embeddable":true,"href":"https:\/\/qtmm.org\/qt\/wp-json\/wp\/v2\/tags?post=34573"}],"curies":[{"name":"wp","href":"https:\/\/api.w.org\/{rel}","templated":true}]}}