




{"id":34567,"date":"2012-10-02T13:33:00","date_gmt":"2012-10-02T10:33:00","guid":{"rendered":"http:\/\/qtmm.org\/?p=34567"},"modified":"2022-01-23T13:34:28","modified_gmt":"2022-01-23T10:34:28","slug":"kiyevde-ukraina-tis-isler-naziri-konstantin-griscenko-turkiye-cumhuriyeti-tis-isleri-naziri-ahmet-davutoglu-qirim-bas-naziri-anatoliy-mogilov-ve-qirimtatar-halqi-meclisinin-reisi-mustafa-cemilev-kor","status":"publish","type":"post","link":"https:\/\/qtmm.org\/qt\/kiyevde-ukraina-tis-isler-naziri-konstantin-griscenko-turkiye-cumhuriyeti-tis-isleri-naziri-ahmet-davutoglu-qirim-bas-naziri-anatoliy-mogilov-ve-qirimtatar-halqi-meclisinin-reisi-mustafa-cemilev-kor\/","title":{"rendered":"Kiyevde Ukraina T\u0131\u015f i\u015fler naziri Konstantin Gri\u015f\u00e7enko, T\u00fcrkiye Cumhuriyeti T\u0131\u015f i\u015fleri naziri Ahmet Davuto\u011flu, Q\u0131r\u0131m Ba\u015f naziri Anatoliy Mogil\u00f6v ve Q\u0131r\u0131mtatar halq\u0131 Meclisini\u00f1 reisi Mustafa Cemilev k\u00f6r\u00fc\u015ftiler."},"content":{"rendered":"\n<p>2012 senesi okt\u00e2br 2 k\u00fcn\u00fc Kiyevde Ukraina T\u0131\u015f i\u015fler naziri Konstantin Gri\u015f\u00e7enko, T\u00fcrkiye Cumhuriyeti T\u0131\u015f i\u015fleri naziri Ahmet Davuto\u011flu, Q\u0131r\u0131m Ba\u015f naziri Anatoliy Mogil\u00f6v ve Q\u0131r\u0131mtatar halq\u0131 Meclisini\u00f1 reisi Mustafa Cemilev k\u00f6r\u00fc\u015ftiler.<br><br>Taraflar q\u0131r\u0131mtatar halq\u0131 \u00f6g\u00fcnde tur\u011fan esas problemlerni \u00e7ez\u00fcv yollar\u0131n\u0131 muzakere ettiler.<br><br>K\u00f6r\u00fc\u015f\u00fcvde T\u00fcrkiyeni\u00f1 Ukrainadaki Vefqulade ve Toluvek\u00e2letli El\u00e7isi Mehmet Samsar da i\u015ftirak etti.<\/p>\n\n\n\n<p>Muzakereni ba\u015fla\u011fan Konstantin Gri\u015f\u00e7enko bu k\u00f6r\u00fc\u015f\u00fcv ke\u00e7enlerde Ukraina Prezidenti Viktor Yanukovi\u00e7 ve T\u00fcrkiye Cumhuriyetini\u00f1 Ba\u015f naziri Recep Tayyip Erdo\u011fan \u00f6z vatanlar\u0131na qaytayatqan q\u0131r\u0131mtatarlarn\u0131\u00f1 problemlerini \u00e7ezmek i\u00e7\u00fcn birlikte yap\u0131lacaq areketler boyunca a\u00f1la\u015fmalar\u0131 \u00e7er\u00e7ivesinde ke\u00e7irilgenini aytt\u0131. Ukraina t\u0131\u015f i\u015fleri naziri Prezident Viktor Yanukovi\u00e7 q\u0131r\u0131mtatar halq\u0131n\u0131\u00f1 yetek\u00e7ilerini pek \u00fcrmet etkeni ve olarnen i\u015fbirlikke az\u0131r ol\u011fan\u0131n\u0131 bildirdi.<\/p>\n\n\n\n<p>Ukraina parlamentine olacaq saylavlarda Meclis muhalifet k\u00fc\u00e7lerinen birlikte i\u015ftirak etse de, Konstantin Gri\u015f\u00e7enkon\u0131\u00f1 fikrince Ukraina Prezidenti saylavlardan so\u00f1 da q\u0131r\u0131mtatarlarn\u0131\u00f1 liderlerinen daa s\u0131q\u0131 ba\u011f tutmaq qarar\u0131ndad\u0131r.<\/p>\n\n\n\n<p>Ayn\u0131 zamanda Ukraina t\u0131\u015f i\u015fleri naziri T\u00fcrkiye Cumhuriyetini\u00f1 ba\u015f naziri Recep Tayyip Erdo\u011fan\u011fa ve meslekde\u015fi, T\u00fcrkiye t\u0131\u015f i\u015fler naziri Ahmet Davuto\u011fluna halqn\u0131\u00f1 problemlerini \u00e7ezmek i\u00e7\u00fcn q\u0131r\u0131mtatarlar ve olarn\u0131\u00f1 vek\u00e2letli organ\u0131 Ukraina yolba\u015f\u00e7\u0131lar\u0131 ve akimiyet organlar\u0131nen s\u0131q\u0131 i\u015fbirlikte bulunmaq kerekligi boyunca a\u00e7\u0131q pozitsiyas\u0131 i\u00e7\u00fcn te\u015fekk\u00fcr bildirdi.<br><br>T\u00fcrkiye t\u0131\u015f i\u015fler naziri Ahmet Davuto\u011flu q\u0131r\u0131mtatarlarn\u0131\u00f1 Vatan\u011fa qaytar\u0131lmas\u0131 ve yerle\u015ftirilmesi boyunca Ukraina taraf\u0131ndan k\u00f6sterilgen destekke, bun\u0131\u00f1 kibi de Ukrainan\u0131\u00f1 bu saada elde etken neticelerine y\u00fcksek q\u0131ymet kesti.<\/p>\n\n\n\n<p>So\u00f1ra T\u00fcrkiye T\u0131\u015f i\u015fleri naziri T\u00fcrkiye Ba\u015f naziri Recep Tayyip Erdo\u011fan ve Ukraina Prezidenti Viktor Yanukovi\u00e7ni\u00f1 2012 senesi sent\u00e2br 14-te Yaltada ol\u0131p ke\u00e7ken k\u00f6r\u00fc\u015f\u00fcvi devam\u0131nda qayd etilgenden be\u015f meseleni\u00f1 m\u00fcndericesini a\u00f1latt\u0131. O zaman yuqar\u0131da tilge al\u0131n\u011fan meseleler eki devletni\u00f1 t\u0131\u015f i\u015fleri nazirlikleri seviyesinde Q\u0131r\u0131m Nazirler \u015euras\u0131 ve Q\u0131r\u0131mtatar halq\u0131 Meclisi reberlerini\u00f1 i\u015ftirakinde daa da tafsil\u00e2tl\u0131ca muzakere etilmesi keli\u015fildi. C\u00fcmleden, meselelerni\u00f1 m\u00fcndericesi b\u00f6yle:<\/p>\n\n\n\n<p>&#8211; Ukraina Yuqar\u0131 \u015euras\u0131 sovet rejimi taraf\u0131ndan s\u00fcrg\u00fcn etilgen q\u0131r\u0131mtatarlar ve diger milletlerni\u00f1 aqlar\u0131n\u0131 \u011fayr\u0131dan tiklev boyunca Ukraina Qanun\u0131n\u0131 qabul etmesi;<\/p>\n\n\n\n<p>&#8211; Q\u0131r\u0131m hudud\u0131nda q\u0131r\u0131mtatar tilini\u00f1 resmiy tillerden biri olaraq status\u0131n\u0131\u00f1 \u011fayr\u0131dan tiklenilmesi;<\/p>\n\n\n\n<p>&#8211; Q\u0131r\u0131mtatar halq\u0131 ve Ukrainada ya\u015fa\u011fan diger milletlerni\u00f1 aqlar\u0131n\u0131 tiklev ve i\u00e7timaiy meselelerini \u00e7ez\u00fcv meselesi boyunca Halqara forumn\u0131\u00f1 ke\u00e7irilmesi;<\/p>\n\n\n\n<p>&#8211; Ukraina Prezidentini\u00f1 Q\u0131r\u0131mtatar halq\u0131 vek\u00e2letli organ\u0131nen daimiy dialog\u0131n\u0131\u00f1 tiklenmesi;<\/p>\n\n\n\n<p>&#8211; Q\u0131r\u0131m Muhtar Cumhuriyetini\u00f1 icra akimiyeti organlar\u0131nda vek\u00e2letligini\u00f1 teminlenmesi;<\/p>\n\n\n\n<p>T\u00fcrkiye T\u0131\u015f i\u015fler naziri Ahmet Davuto\u011flu \u015fun\u0131 qayd etti ki, q\u0131r\u0131mtatarlarn\u0131\u00f1 b\u00fct\u00fcn aqlar\u0131n\u0131\u00f1 acele s\u00fcrette \u011fayr\u0131dan tiklenmesi ve e\u00f1 kergin meselelerni\u00f1 \u00e7ezilmesi eki devlet aras\u0131nda eyi qom\u015ful\u0131q ve dostane munasebutlerni\u00f1 pekinmesine, i\u015fbirlikni\u00f1 inki\u015faf\u0131na siltem olur. Ayn\u0131 zamanda nazir emin ki, Q\u0131r\u0131mtatar halq\u0131 Meclisi teklif etken ve Kiyevde akkreditatsiya etilgen Avropa, Amerika ve Kanada el\u00e7ileri taraf\u0131ndan maqullengen Q\u0131r\u0131mtatar halq\u0131 ve diger s\u00fcrg\u00fcn etilgen milletlerni\u00f1 aqlar\u0131n\u0131 \u011fayr\u0131dan tiklev meselesi boyunca halqara forumn\u0131\u00f1 ke\u00e7irilmesi Ukraina\u011fa ke\u00e7mi\u015ften qal\u011fan facial\u0131 asabal\u0131qn\u0131\u00f1 aqibetlerini ye\u00f1mege yard\u0131m eter.<\/p>\n\n\n\n<p>Ahmet Davuto\u011flu T\u00fcrkiye \u00fck\u00fcmeti de bu te\u015febb\u00fcske qoltutqan\u0131 ve Forumn\u0131\u00f1 i\u015finde faal i\u015ftirak etecegini tasdiqlad\u0131. On\u0131\u00f1 fikrince Halqara forumn\u0131 kelecek 2013 senesi yani Ukraina OSCEde reislik yapqan y\u0131lda ke\u00e7irilmesi daa da do\u011fru olur edi.<br><br>Q\u0131r\u0131mtatar tilini\u00f1 qullan\u0131lmas\u0131 meselesine dair Ahmet Davuto\u011flu ke\u00e7enlerde Ukrainada tiller boyunca qabul etilgen qanun\u011fa k\u00f6re Q\u0131r\u0131mda q\u0131r\u0131mtatarlarn\u0131\u00f1 say\u0131s\u0131 bu tilni regional tillerden biri olaraq qabul olunmas\u0131na imk\u00e2n bere. Bundan da \u011fayr\u0131 Ukraina Prezidenti Viktor Yanukovi\u00e7 yaq\u0131nda T\u00fcrkiye Ba\u015f naziri Recep Tayyiyep Erdo\u011fan ile k\u00f6r\u00fc\u015f\u00fcvinde ayn\u0131 \u015f\u00f6yle fikirni ifade etken edi.<\/p>\n\n\n\n<p>Q\u0131r\u0131m Ba\u015f naziri Anatoliy Mogil\u00f6v \u00f6z \u00e7\u0131q\u0131\u015f\u0131nda Q\u0131r\u0131mtatar halq\u0131n\u0131\u00f1 aqlar\u0131n\u0131 \u011fayr\u0131dan tiklev meselesi boyunca halqara forum\u011fa, eger bu sadece bir munaqa\u015fa degil de, s\u00fcrg\u00fcn etilgenlerni\u00f1 problemlerini \u00e7ez\u00fcvde ker\u00e7ekten de yard\u0131m k\u00f6stercek bir tedbir olsa, qoltutma\u011fa az\u0131r ol\u011fan\u0131n\u0131 qayd etti. Bun\u0131\u00f1 i\u00e7\u00fcn ise, A. Mogil\u00f6vn\u0131\u00f1 fikrince ba\u015fta Forumn\u0131\u00f1 halqara cemaat\u00e7\u0131l\u0131qn\u0131\u00f1 konkret meseleler \u00e7eziminde i\u015ftirakini k\u00f6zde tutqan ba\u015f y\u00f6neli\u015flerini i\u015flemek zarur. Tiller husus\u0131nda Anatoliy Mogil\u00f6v q\u0131r\u0131mtatar tili Q\u0131r\u0131mda regional til olaraq tan\u0131lmas\u0131na da qoltutqan\u0131n\u0131 seslendirdi.<br><br>Q\u0131r\u0131mtatar halq\u0131 Meclisini\u00f1 reisi Mustafa Cemilev subetde\u015flerini &#8220;Milliy mens\u00fcpligi boyunca s\u00fcrg\u00fcn etilgen \u015fah\u0131slarn\u0131\u00f1 aqlar\u0131n\u0131 \u011fayr\u0131dan tiklev aqq\u0131nda&#8221; Ukraina Qanun\u0131 birinci oquvda qabul etilgeni ve Halqara forum\u011fa az\u0131rl\u0131qn\u0131\u00f1 keti\u015fat\u0131nen tan\u0131\u015f etti.<br><br>Bun\u0131\u00f1nen bir s\u0131rada Mustafa Cemilev mezk\u00fcr qanun Ukraina Yuqar\u0131 \u015euras\u0131 taraf\u0131ndan ekinci oquvda qabul etilgen so\u00f1 bile Prezident &#8220;veto&#8221; aqq\u0131n\u0131 qullan\u0131r, diye \u015f\u00fcbelendi. \u00c7\u00fcnki Prezident memuriyetinde ta Leonid Ku\u00e7ma zaman\u0131nda qanunn\u0131\u00f1 esas maddelerine qar\u015f\u0131 \u00e7\u0131q\u0131p, Ukraina Prezidentini &#8220;veto&#8221; aqq\u0131n\u0131 qullanma\u011fa mecbur etken ekspertlerni\u00f1 bir q\u0131sm\u0131 bug\u00fcnge qadar \u00e7al\u0131\u015fmaqtalar. \u015eun\u0131\u00f1 i\u00e7\u00fcn, Mustafa Cemilevni\u00f1 fikrince Ukraina Prezidenti Viktor Yanukovi\u00e7ni\u00f1 pozitsiyas\u0131 \u011fayet m\u00fcimdir.<\/p>\n\n\n\n<p>Halqara forum munasebetinen Mustafa Cemilev \u015fun\u0131 bildirdi ki, forumn\u0131\u00f1 esas y\u00f6neli\u015flerini OSCE Aliy komissar\u0131 Prezidentni\u00f1 Memuriyetine berdi, on\u0131\u00f1 rus\u00e7a metinini \u015fimdi Anatoliy Mogil\u00f6v\u011fa da berilecek. \u0130nglizce as\u0131l nushalar\u0131 ise T\u00fcrkiye ve Ukraina T\u0131\u015f i\u015fleri nazirliklerine yollan\u0131lacaq. Bundan da \u011fayr\u0131, Mustafa Cemilevni\u00f1 aytqanlar\u0131na k\u00f6re a\u011f\u0131mdaki y\u0131ln\u0131\u00f1 so\u00f1una qadar OSCE Aliy komissar\u0131 imayesinde s\u00fcrg\u00fcn etilgen halqlarn\u0131\u00f1 esas meseleleri boyunca belli halqara ekspertler al\u0131p bar\u011fan mahsus tedqiqatlar so\u00f1una yetkizilecek. Ara\u015ft\u0131rma neticeleri ve praktik tevsiyelerni\u00f1 taqdimi 2013 senesi fevral ay\u0131nda Kiyev ve Aqmescitte \u00f6tkerilmesi planla\u015ft\u0131r\u0131la.<\/p>\n\n\n\n<p>Forumn\u0131\u00f1 2013 senesi yani Ukraina OSCEde reislik yapqan y\u0131lda ke\u00e7irmek teklifine Mustafa Cemilev de qoltutt\u0131.<\/p>\n\n\n\n<p>Q\u0131r\u0131mda q\u0131r\u0131mtatar tilini\u00f1 status\u0131 boyunca meselege kelgende Mustafa Cemilev Ukrainada tiller aqq\u0131nda qabul etilgen qanun esas\u0131nda q\u0131r\u0131mtatar tili regional tillerni\u00f1 biri olaraq qabul etilmesine Meclis i\u00e7 bir zaman itiraz etmedi, dedi. L\u00e2kin, on\u0131\u00f1 fikrince, bu meseleni q\u0131r\u0131mtatarlarn\u0131\u00f1 \u00f6z vatan\u0131nda say\u0131s\u0131nen ba\u011flamaq ya\u00f1l\u0131\u015ft\u0131r.<\/p>\n\n\n\n<p>Meclisni\u00f1 ba\u015f\u0131, Q\u0131r\u0131mda bir ve bir qa\u00e7 milletni\u00f1 say\u0131s\u0131n\u0131 suniy \u015fekilde artt\u0131r\u0131p da, neticede q\u0131r\u0131mtatarlar umumiy ealige nisbeten 10 fay\u0131zdan da az k\u00f6sterile bilir, so\u00f1ra kimdir q\u0131r\u0131mtatar tilini resmiy tiller s\u0131ras\u0131ndan \u00e7\u0131qarma\u011fa ister, dep tahmin etti. On\u0131\u00f1 fikrince bu meseleni Q\u0131r\u0131m Anayasas\u0131n\u0131\u00f1 ait maddesine Q\u0131r\u0131m tam\u0131r halq\u0131n\u0131\u00f1 tili devlet ukrain tilinen bir s\u0131rada muhtariyat hudud\u0131nda resmiy tildir, degen de\u00f1i\u015fme kirset\u00fcv yolunen \u00e7ezmek m\u00fcmk\u00fcn. B\u00f6yle qararn\u0131 Aqyar boyunca da qabul etmek kerek, \u00e7\u00fcnki bu \u015feer \u015fimdi muhtariyat terkibinde degil.<\/p>\n\n\n\n<p>\u00d6z nevbetinde Anatoliy Mogil\u00f6v q\u0131r\u0131mtatar tili q\u0131r\u0131mtatarlarn\u0131\u00f1 say\u0131s\u0131 Q\u0131r\u0131m ealisine nisbeten az ol\u011fan\u0131 sebebinden regional tiller s\u0131ras\u0131ndan \u00e7\u0131qar\u0131lmaz, dedi. \u015eun\u0131\u00f1 i\u00e7\u00fcn de mezk\u00fcr problemni Ukrainan\u0131\u00f1 tiller aqq\u0131nda ya\u00f1\u0131 qanun\u0131 esas\u0131nda \u00e7ezmek m\u00fcmk\u00fcn.<\/p>\n\n\n\n<p>So\u00f1ki eki mesele &#8211; Ukraina yolba\u015f\u00e7\u0131lar\u0131n\u0131\u00f1 Q\u0131r\u0131mtatar halq\u0131 Meclisinen dialogn\u0131 \u011fayr\u0131dan tiklev ve Q\u0131r\u0131mn\u0131\u00f1 akimiyet organlar\u0131ndan q\u0131r\u0131mtatarlarn\u0131\u00f1 vek\u00e2letligini teminlev ise e\u00f1 q\u0131z\u011f\u0131n munaqa\u015fan\u0131 qoz\u011fad\u0131.<\/p>\n\n\n\n<p>Mustafa Cemilev \u00f6z \u00e7\u0131q\u0131\u015f\u0131nda \u015fun\u0131 hat\u0131rlatt\u0131 ki, 1999 senesi may\u0131s ay\u0131nda Prezident L. Ku\u00e7ma ferman\u0131 ile &#8220;Ukraina Prezidenti yan\u0131nda q\u0131r\u0131mtatar halq\u0131 vekillerini\u00f1 ke\u00f1e\u015fi&#8221;ni meydan\u011fa ketirip, on\u0131\u00f1 erk\u00e2n\u0131na q\u0131r\u0131mtatarlarn\u0131\u00f1 kendileri Qurultayda sayla\u011fan \u015fah\u0131slar, yani Meclis azalar\u0131 kirsetilgen edi. L\u00e2kin 2010 senesi Prezident saylavlar\u0131ndan so\u00f1 &#8220;Ukraina Prezidenti yan\u0131nda q\u0131r\u0131mtatar halq\u0131 vekillerini\u00f1 ke\u00f1e\u015fi&#8221; aqq\u0131nda ya\u00f1\u0131 ferman imzalan\u0131p, o\u00f1a k\u00f6re ke\u00f1e\u015f azalar\u0131n\u0131\u00f1 say\u0131s\u0131 33-ten 19 adam\u011fa qadar eksiltilip, olarn\u0131\u00f1 c\u00fcmlesinden 11 insan ise i\u00e7 bir kimse taraf\u0131ndan saylanma\u011fan ve i\u00e7 kimseni temsil etmegen \u015fah\u0131slard\u0131r.<\/p>\n\n\n\n<p>&#8220;Biz al\u00e2 bug\u00fcngece Prezidentni\u00f1 itibar\u0131n\u0131 t\u00fc\u015f\u00fcrgen bu provokatsiyan\u0131 kim t\u00fc\u015f\u00fcnip \u00e7\u0131qar\u011fan\u0131n\u0131 tam ayt\u0131p olamam\u0131z. \u00c7\u00fcnki halq vekilleri ferman boyunca tayinlenmegenini, olarn\u0131 tek halq sayla\u011fan\u0131n\u0131 er kes bile. \u00c7oq vaq\u0131tqace biz bun\u0131 Nazirler \u015furas\u0131n\u0131\u00f1 ya\u00f1\u0131 reisi Vasiliy Cart\u0131n\u0131\u00f1 i\u015fi dep belledik. 50 millionl\u0131 devletni\u00f1 yolb\u015fa\u00e7\u0131s\u0131 &#8220;vekiller ke\u00f1e\u015fine&#8221; kirsetilgen insanlarn\u0131 qaydan bilsin ki. L\u00e2kin \u00f6lmezden evel Vasiliy Cart\u0131 bu &#8220;ke\u00f1e\u015f&#8221; erk\u00e2n\u0131n\u0131\u00f1 de\u00f1i\u015ftirilmesinen al\u0131p berecegi olma\u011fan\u0131 ve bu insanlarnen q\u0131r\u0131mtatarlarn\u0131\u00f1 meselesini muzakere etmek niyeti olma\u011fan\u0131nda i\u015fand\u0131rd\u0131. Biz Vasiliy Cart\u0131\u011fa inand\u0131q, \u00e7\u00fcnki o \u00f6m\u00fcrini\u00f1 so\u00f1ki k\u00fcnlerine qadar q\u0131r\u0131mtatarlarn\u0131\u00f1 problemlerini faqat Meclis yolba\u015f\u00e7\u0131lar\u0131nen muzakere etip, yuqar\u0131dan z\u0131qarla\u011fanlar\u0131na baqmadan &#8220;temsilciler ke\u00f1e\u015fi&#8221;nen i\u00e7 bir kere k\u00f6r\u00fc\u015fmedi. Albu ki, ke\u00f1e\u015fni boykot etken Meclisni\u00f1 8 azas\u0131 olmasa da, ke\u00f1e\u015fteki qal\u011fan 11 vekilnen topla\u015fuv ke\u00e7irmek m\u00fcmk\u00fcn edi.<br><br>Amma ke\u00e7ken i\u015fke salavat. \u015eimdi qabaatl\u0131larn\u0131 q\u0131d\u0131rmaqtan fayda yoq, kergin vaziyetten \u00e7\u0131quv yollar\u0131n\u0131 tapmaq l\u00e2zim. Bizim fikrimizce Prezident &#8220;Q\u0131r\u0131mtatar halq\u0131 vekillerini\u00f1 ke\u00f1e\u015fi&#8221; aqq\u0131nda ya\u00f1\u0131 ferman imzalap, evelki ke\u00f1e\u015fni \u011fayr\u0131dan tiklemek, yani Ke\u00f1e\u015fke Qurultay taraf\u0131ndan saylan\u011fan vekillerni kirsetmek do\u011fru olur edi, dedi Mustafa Cemilev.<br><br>Anatoliy Mogilev bu hususta dedi ki, Meclisni\u00f1 q\u0131r\u0131mtatarlar aras\u0131nda y\u00fcksek itibar\u0131 ol\u011fan\u0131nda kimse \u015f\u00fcbelenmey, amma qanun boyunca Meclis Adliye nazirliginde cemaat te\u015fkil\u00e2t\u0131 ya da q\u0131r\u0131mtatarlarn\u0131\u00f1 vek\u00e2letli organ\u0131 olaraq qayd etilmesi kerek. \u0130\u015fte, o zaman Anatoliy Mogilevn\u0131\u00f1 fikrince akimiyet organlar\u0131n\u0131\u00f1 Meclisnen i\u015f tutma\u011fa esas yarat\u0131l\u0131r.<\/p>\n\n\n\n<p>Mustafa Cemilev cevab\u0131nda qayd etti ki, Ukraina qanunlar\u0131 boyunca er angi bir gruppa \u00f6z\u00fc begengen adn\u0131 se\u00e7ip, cedvelge al\u0131nma\u011fa aqq\u0131 bar. \u015eun\u0131\u00f1 i\u00e7\u00fcn daa onlarnen te\u015fkil\u00e2t q\u0131r\u0131mtatar halq\u0131n\u0131 Ukrainada, belki b\u00fct\u00fcn d\u00fcnyada temsil etemiz, dep il\u00e2n etmeleri m\u00fcmk\u00fcn. Meclis reisi Q\u0131r\u0131mtatar halq\u0131 meclisini\u00f1 cemaat te\u015fkil\u00e2t\u0131 olaraq cedvelge al\u0131nmas\u0131na qatiyen qar\u015f\u0131d\u0131r, \u00e7\u00fcnki bu \u2014 Q\u0131r\u0131mn\u0131\u00f1 \u00f6z\u00fcnde say\u0131s\u0131 bi\u00f1lernen insandan artqan meslekde\u015flerni birle\u015ftirgen bir te\u015fkil\u00e2t degil de, q\u0131r\u0131mtatar halq\u0131n\u0131\u00f1 vek\u00e2letli organ\u0131d\u0131r.<\/p>\n\n\n\n<p>Ahmet Davuto\u011flu Meclis status\u0131 boyunca norman\u0131 \u015fimdi baq\u0131lmaqta ol\u011fan S\u00fcrg\u00fcn etilgenlerni\u00f1 aqlar\u0131n\u0131 \u011fayr\u0131dan tiklev aqq\u0131nda qanun leyhas\u0131 kirsetmek m\u00fcmk\u00fcnmi degen sualine Mustafa Cemilev bun\u0131\u00f1 imk\u00e2ns\u0131z ol\u011fan\u0131n\u0131 a\u00f1latt\u0131. \u00c7\u00fcnki bu qanun s\u00fcrg\u00fcn etilgenlerni\u00f1 tek sotsial meselelerine toquna, bundan da \u011fayr\u0131 qanun endi esas olaraq qabul etilip, ekinci oquvda ya\u00f1\u0131l\u0131qlar kirsetilmey. Meclis reisi dedi ki, Meclis, Qurultay akqq\u0131nda norma &#8220;Ukrainada q\u0131r\u0131mtatar halq\u0131n\u0131\u00f1 status\u0131 aqq\u0131nda&#8221; endi bar, l\u00e2kin bu qanunn\u0131\u00f1 Ukraina Yuqar\u0131 \u015euras\u0131 taraf\u0131ndan qabul etilmesine i\u015fan\u00e7 az. \u00c7\u00fcnki Ukraina Yuqar\u0131 \u015euras\u0131n\u0131\u00f1 Ba\u015f ilmiy-ekpert idaresi bu qanun leyhas\u0131na menfiy hul\u00e2sas\u0131n\u0131 bildirdi. L\u00e2kin er alda Mustafa Cemilev bu leyhan\u0131 daa biraz i\u015flep, parlament muzakeresine tekrar yollamaq m\u00fcmk\u00fcnligini de bildirdi.<\/p>\n\n\n\n<p>Ahmet Davutoglu muvaqqat ve kompromiss \u00e7are s\u0131fat\u0131nda Ukraina Prezidentine Ukraina ve Q\u0131r\u0131m halq deputatlar\u0131ndan ibaret q\u0131r\u0131mtatarlar delegatsiyas\u0131nen muntazam k\u00f6r\u00fc\u015fmekni teklif etti. Mustafa Cemilev dedi ki, k\u00f6r\u00fc\u015f\u00fcvlerni\u00f1 b\u00f6yle \u015fekili \u00e7oqtan teklif etilgen edi, l\u00e2kin cevap daa al\u0131nmad\u0131<br>K\u00fcn tertibindeki so\u00f1ki mesele yani muhtariyat icra akimiyeti organlar\u0131nda q\u0131r\u0131mtatarlarn\u0131\u00f1 vek\u00e2letligi boyunca meselege kelgende Ahmet Davuto\u011flu dedi ki, Mustafa Cemilevni\u00f1 bildirgenine k\u00f6re yar\u0131mada ealisini\u00f1 13 fay\u0131z\u0131n\u0131 te\u015fkil etken q\u0131r\u0131mtatarlarn\u0131\u00f1 akimiyet organlar\u0131nda say\u0131s\u0131 ol\u011fan\u0131-olaca\u011f\u0131 3 fay\u0131zd\u0131r. Anatoliy Mogil\u00f6v ise 12 fay\u0131z dep ayta. Bu meseleni terence ve tafsil\u00e2tl\u0131ca \u00f6grenmek ve tam mal\u00fcmatn\u0131 elde etmek kerek.<\/p>\n\n\n\n<p>Anatoliy Mogil\u00f6v Q\u0131r\u0131mda milliy mens\u00fcplik boyunca aqs\u0131mlav\u011fa yol berilmegeni, q\u0131r\u0131mtatarlarn\u0131\u00f1 akimiyet organlar\u0131ndan vek\u00e2letligi cumhuriyet ealisine nisbeten fay\u0131z\u0131na k\u00f6re ol\u011fan\u0131n\u0131 tekrar s\u00f6yledi.<\/p>\n\n\n\n<p>Mustafa Cemilev ise \u00f6z nevbetinde \u015fun\u0131 bildirdi ki, biraz evelce seslendirdigi 3 fay\u0131z raqam\u0131 endi biraz eskirdi, so\u00f1ki eki y\u0131l i\u00e7inde akimiyet organlar\u0131nda temizlik yap\u0131l\u0131p, q\u0131r\u0131mtatarlarn\u0131\u00f1 say\u0131s\u0131 daa da eksildi. &#8220;Men sizge so\u00f1ki eki y\u0131l i\u00e7inde i\u015ften bo\u015fat\u0131l\u011fan 19 insann\u0131\u00f1 cedvelini berem, olarn\u0131\u00f1 episi muhtariyatn\u0131\u00f1 akimiyet organlar\u0131nda y\u00fcksek vazifelerde \u00e7al\u0131\u015fa ediler. Olar\u011fa &#8220;ya\u00f1\u0131 komanda\u011fa keli\u015fmegenleri&#8221; aqq\u0131nda ayt\u0131l\u0131p, olarn\u0131\u00f1 yerine ba\u015fqa millet vekilleri ya da Mecliske muhalifet k\u00fc\u00e7ler aras\u0131ndan q\u0131r\u0131mtatarlar tayinlendi&#8221;, &#8211; dedi Mustafa Cemilev. O, \u015fun\u0131 da il\u00e2ve etti ki, eger idare saas\u0131nda vaziyet ba\u015fqa ol\u011fan\u0131n\u0131 isbatla\u011fan deliller ketirilse \u00fc\u00e7 fay\u0131z aqq\u0131nda s\u00f6ylediklerini a\u00e7\u0131qtan-a\u00e7\u0131q qaytar\u0131p alma\u011fa az\u0131r.<\/p>\n\n\n\n<p>Muzakereni\u00f1 neticelerine yek\u00fcn \u00e7ekken Ahmet Davuto\u011flu \u015fun\u0131 qayd etti ki, \u00fc\u00e7 mesele boyunca a\u00f1la\u015fma elde etildi, l\u00e2kin so\u00f1ki eki mesele boyunca taraflarn\u0131\u00f1 a\u00f1lamas\u0131na iri\u015filip, bu y\u00f6neli\u015fte daa \u00e7al\u0131\u015fmaq zarur.<\/p>\n\n\n\n<p>K\u00f6r\u00fc\u015f\u00fcvni\u00f1 so\u00f1unda Anatoliy Mogil\u00f6v ve Mustafa Cemilev yaq\u0131n vaq\u0131tta birlikte Ay-Petri da\u011f\u0131n\u0131\u00f1 t\u00f6pesinde bulun\u0131p, anda \u00e7al\u0131\u015fqan q\u0131r\u0131mtatar i\u015fhanelerni\u00f1 faaliyetini tertipke ketir\u00fcv meselelerini baqacaqlar\u0131n\u0131 a\u00f1la\u015ft\u0131lar.<\/p>\n","protected":false},"excerpt":{"rendered":"<p>2012 senesi okt\u00e2br 2 k\u00fcn\u00fc Kiyevde Ukraina T\u0131\u015f i\u015fler naziri Konstantin Gri\u015f\u00e7enko, T\u00fcrkiye Cumhuriyeti T\u0131\u015f i\u015fleri naziri Ahmet Davuto\u011flu, Q\u0131r\u0131m Ba\u015f naziri Anatoliy Mogil\u00f6v ve Q\u0131r\u0131mtatar halq\u0131 Meclisini\u00f1 reisi Mustafa Cemilev k\u00f6r\u00fc\u015ftiler. Taraflar q\u0131r\u0131mtatar halq\u0131 \u00f6g\u00fcnde tur\u011fan esas problemlerni \u00e7ez\u00fcv yollar\u0131n\u0131 muzakere ettiler. K\u00f6r\u00fc\u015f\u00fcvde T\u00fcrkiyeni\u00f1 Ukrainadaki Vefqulade ve Toluvek\u00e2letli El\u00e7isi Mehmet Samsar da i\u015ftirak etti. [&hellip;]<\/p>\n","protected":false},"author":1,"featured_media":34568,"comment_status":"open","ping_status":"open","sticky":false,"template":"","format":"standard","meta":{"inline_featured_image":false,"footnotes":""},"categories":[265],"tags":[],"class_list":["post-34567","post","type-post","status-publish","format-standard","has-post-thumbnail","hentry","category-haberler"],"acf":[],"yoast_head":"<!-- This site is optimized with the Yoast SEO plugin v27.4 - https:\/\/yoast.com\/product\/yoast-seo-wordpress\/ -->\n<title>Kiyevde Ukraina T\u0131\u015f i\u015fler naziri Konstantin Gri\u015f\u00e7enko, T\u00fcrkiye Cumhuriyeti T\u0131\u015f i\u015fleri naziri Ahmet Davuto\u011flu, Q\u0131r\u0131m Ba\u015f naziri Anatoliy Mogil\u00f6v ve Q\u0131r\u0131mtatar halq\u0131 Meclisini\u00f1 reisi Mustafa Cemilev k\u00f6r\u00fc\u015ftiler. - \u041c\u0435\u0434\u0436\u043b\u0456\u0441<\/title>\n<meta name=\"robots\" content=\"index, follow, max-snippet:-1, max-image-preview:large, max-video-preview:-1\" \/>\n<link rel=\"canonical\" href=\"https:\/\/qtmm.org\/qt\/kiyevde-ukraina-tis-isler-naziri-konstantin-griscenko-turkiye-cumhuriyeti-tis-isleri-naziri-ahmet-davutoglu-qirim-bas-naziri-anatoliy-mogilov-ve-qirimtatar-halqi-meclisinin-reisi-mustafa-cemilev-kor\/\" \/>\n<meta property=\"og:locale\" content=\"en_US\" \/>\n<meta property=\"og:type\" content=\"article\" \/>\n<meta property=\"og:title\" content=\"Kiyevde Ukraina T\u0131\u015f i\u015fler naziri Konstantin Gri\u015f\u00e7enko, T\u00fcrkiye Cumhuriyeti T\u0131\u015f i\u015fleri naziri Ahmet Davuto\u011flu, Q\u0131r\u0131m Ba\u015f naziri Anatoliy Mogil\u00f6v ve Q\u0131r\u0131mtatar halq\u0131 Meclisini\u00f1 reisi Mustafa Cemilev k\u00f6r\u00fc\u015ftiler. - \u041c\u0435\u0434\u0436\u043b\u0456\u0441\" \/>\n<meta property=\"og:description\" content=\"2012 senesi okt\u00e2br 2 k\u00fcn\u00fc Kiyevde Ukraina T\u0131\u015f i\u015fler naziri Konstantin Gri\u015f\u00e7enko, T\u00fcrkiye Cumhuriyeti T\u0131\u015f i\u015fleri naziri Ahmet Davuto\u011flu, Q\u0131r\u0131m Ba\u015f naziri Anatoliy Mogil\u00f6v ve Q\u0131r\u0131mtatar halq\u0131 Meclisini\u00f1 reisi Mustafa Cemilev k\u00f6r\u00fc\u015ftiler. Taraflar q\u0131r\u0131mtatar halq\u0131 \u00f6g\u00fcnde tur\u011fan esas problemlerni \u00e7ez\u00fcv yollar\u0131n\u0131 muzakere ettiler. K\u00f6r\u00fc\u015f\u00fcvde T\u00fcrkiyeni\u00f1 Ukrainadaki Vefqulade ve Toluvek\u00e2letli El\u00e7isi Mehmet Samsar da i\u015ftirak etti. [&hellip;]\" \/>\n<meta property=\"og:url\" content=\"https:\/\/qtmm.org\/qt\/kiyevde-ukraina-tis-isler-naziri-konstantin-griscenko-turkiye-cumhuriyeti-tis-isleri-naziri-ahmet-davutoglu-qirim-bas-naziri-anatoliy-mogilov-ve-qirimtatar-halqi-meclisinin-reisi-mustafa-cemilev-kor\/\" \/>\n<meta property=\"og:site_name\" content=\"\u041c\u0435\u0434\u0436\u043b\u0456\u0441\" \/>\n<meta property=\"article:publisher\" content=\"https:\/\/www.facebook.com\/qtmm.info\/\" \/>\n<meta property=\"article:published_time\" content=\"2012-10-02T10:33:00+00:00\" \/>\n<meta property=\"article:modified_time\" content=\"2022-01-23T10:34:28+00:00\" \/>\n<meta property=\"og:image\" content=\"https:\/\/qtmm.org\/wp-content\/uploads\/2022\/01\/hhgg4801.jpeg\" \/>\n\t<meta property=\"og:image:width\" content=\"800\" \/>\n\t<meta property=\"og:image:height\" content=\"397\" \/>\n\t<meta property=\"og:image:type\" content=\"image\/jpeg\" \/>\n<meta name=\"author\" content=\"Developer\" \/>\n<meta name=\"twitter:card\" content=\"summary_large_image\" \/>\n<meta name=\"twitter:label1\" content=\"Written by\" \/>\n\t<meta name=\"twitter:data1\" content=\"Developer\" \/>\n\t<meta name=\"twitter:label2\" content=\"Est. reading time\" \/>\n\t<meta name=\"twitter:data2\" content=\"12 minutes\" \/>\n<script type=\"application\/ld+json\" class=\"yoast-schema-graph\">{\"@context\":\"https:\\\/\\\/schema.org\",\"@graph\":[{\"@type\":\"Article\",\"@id\":\"https:\\\/\\\/qtmm.org\\\/qt\\\/kiyevde-ukraina-tis-isler-naziri-konstantin-griscenko-turkiye-cumhuriyeti-tis-isleri-naziri-ahmet-davutoglu-qirim-bas-naziri-anatoliy-mogilov-ve-qirimtatar-halqi-meclisinin-reisi-mustafa-cemilev-kor\\\/#article\",\"isPartOf\":{\"@id\":\"https:\\\/\\\/qtmm.org\\\/qt\\\/kiyevde-ukraina-tis-isler-naziri-konstantin-griscenko-turkiye-cumhuriyeti-tis-isleri-naziri-ahmet-davutoglu-qirim-bas-naziri-anatoliy-mogilov-ve-qirimtatar-halqi-meclisinin-reisi-mustafa-cemilev-kor\\\/\"},\"author\":{\"name\":\"Developer\",\"@id\":\"https:\\\/\\\/qtmm.org\\\/qt\\\/#\\\/schema\\\/person\\\/de562469f971dec226ac06e60bbf74a7\"},\"headline\":\"Kiyevde Ukraina T\u0131\u015f i\u015fler naziri Konstantin Gri\u015f\u00e7enko, T\u00fcrkiye Cumhuriyeti T\u0131\u015f i\u015fleri naziri Ahmet Davuto\u011flu, Q\u0131r\u0131m Ba\u015f naziri Anatoliy Mogil\u00f6v ve Q\u0131r\u0131mtatar halq\u0131 Meclisini\u00f1 reisi Mustafa Cemilev k\u00f6r\u00fc\u015ftiler.\",\"datePublished\":\"2012-10-02T10:33:00+00:00\",\"dateModified\":\"2022-01-23T10:34:28+00:00\",\"mainEntityOfPage\":{\"@id\":\"https:\\\/\\\/qtmm.org\\\/qt\\\/kiyevde-ukraina-tis-isler-naziri-konstantin-griscenko-turkiye-cumhuriyeti-tis-isleri-naziri-ahmet-davutoglu-qirim-bas-naziri-anatoliy-mogilov-ve-qirimtatar-halqi-meclisinin-reisi-mustafa-cemilev-kor\\\/\"},\"wordCount\":2410,\"commentCount\":0,\"publisher\":{\"@id\":\"https:\\\/\\\/qtmm.org\\\/qt\\\/#organization\"},\"image\":{\"@id\":\"https:\\\/\\\/qtmm.org\\\/qt\\\/kiyevde-ukraina-tis-isler-naziri-konstantin-griscenko-turkiye-cumhuriyeti-tis-isleri-naziri-ahmet-davutoglu-qirim-bas-naziri-anatoliy-mogilov-ve-qirimtatar-halqi-meclisinin-reisi-mustafa-cemilev-kor\\\/#primaryimage\"},\"thumbnailUrl\":\"https:\\\/\\\/qtmm.org\\\/wp-content\\\/uploads\\\/2022\\\/01\\\/hhgg4801.jpeg\",\"articleSection\":[\"Haberler\"],\"inLanguage\":\"qt\",\"potentialAction\":[{\"@type\":\"CommentAction\",\"name\":\"Comment\",\"target\":[\"https:\\\/\\\/qtmm.org\\\/qt\\\/kiyevde-ukraina-tis-isler-naziri-konstantin-griscenko-turkiye-cumhuriyeti-tis-isleri-naziri-ahmet-davutoglu-qirim-bas-naziri-anatoliy-mogilov-ve-qirimtatar-halqi-meclisinin-reisi-mustafa-cemilev-kor\\\/#respond\"]}]},{\"@type\":\"WebPage\",\"@id\":\"https:\\\/\\\/qtmm.org\\\/qt\\\/kiyevde-ukraina-tis-isler-naziri-konstantin-griscenko-turkiye-cumhuriyeti-tis-isleri-naziri-ahmet-davutoglu-qirim-bas-naziri-anatoliy-mogilov-ve-qirimtatar-halqi-meclisinin-reisi-mustafa-cemilev-kor\\\/\",\"url\":\"https:\\\/\\\/qtmm.org\\\/qt\\\/kiyevde-ukraina-tis-isler-naziri-konstantin-griscenko-turkiye-cumhuriyeti-tis-isleri-naziri-ahmet-davutoglu-qirim-bas-naziri-anatoliy-mogilov-ve-qirimtatar-halqi-meclisinin-reisi-mustafa-cemilev-kor\\\/\",\"name\":\"Kiyevde Ukraina T\u0131\u015f i\u015fler naziri Konstantin Gri\u015f\u00e7enko, T\u00fcrkiye Cumhuriyeti T\u0131\u015f i\u015fleri naziri Ahmet Davuto\u011flu, Q\u0131r\u0131m Ba\u015f naziri Anatoliy Mogil\u00f6v ve Q\u0131r\u0131mtatar halq\u0131 Meclisini\u00f1 reisi Mustafa Cemilev k\u00f6r\u00fc\u015ftiler. - \u041c\u0435\u0434\u0436\u043b\u0456\u0441\",\"isPartOf\":{\"@id\":\"https:\\\/\\\/qtmm.org\\\/qt\\\/#website\"},\"primaryImageOfPage\":{\"@id\":\"https:\\\/\\\/qtmm.org\\\/qt\\\/kiyevde-ukraina-tis-isler-naziri-konstantin-griscenko-turkiye-cumhuriyeti-tis-isleri-naziri-ahmet-davutoglu-qirim-bas-naziri-anatoliy-mogilov-ve-qirimtatar-halqi-meclisinin-reisi-mustafa-cemilev-kor\\\/#primaryimage\"},\"image\":{\"@id\":\"https:\\\/\\\/qtmm.org\\\/qt\\\/kiyevde-ukraina-tis-isler-naziri-konstantin-griscenko-turkiye-cumhuriyeti-tis-isleri-naziri-ahmet-davutoglu-qirim-bas-naziri-anatoliy-mogilov-ve-qirimtatar-halqi-meclisinin-reisi-mustafa-cemilev-kor\\\/#primaryimage\"},\"thumbnailUrl\":\"https:\\\/\\\/qtmm.org\\\/wp-content\\\/uploads\\\/2022\\\/01\\\/hhgg4801.jpeg\",\"datePublished\":\"2012-10-02T10:33:00+00:00\",\"dateModified\":\"2022-01-23T10:34:28+00:00\",\"breadcrumb\":{\"@id\":\"https:\\\/\\\/qtmm.org\\\/qt\\\/kiyevde-ukraina-tis-isler-naziri-konstantin-griscenko-turkiye-cumhuriyeti-tis-isleri-naziri-ahmet-davutoglu-qirim-bas-naziri-anatoliy-mogilov-ve-qirimtatar-halqi-meclisinin-reisi-mustafa-cemilev-kor\\\/#breadcrumb\"},\"inLanguage\":\"qt\",\"potentialAction\":[{\"@type\":\"ReadAction\",\"target\":[\"https:\\\/\\\/qtmm.org\\\/qt\\\/kiyevde-ukraina-tis-isler-naziri-konstantin-griscenko-turkiye-cumhuriyeti-tis-isleri-naziri-ahmet-davutoglu-qirim-bas-naziri-anatoliy-mogilov-ve-qirimtatar-halqi-meclisinin-reisi-mustafa-cemilev-kor\\\/\"]}]},{\"@type\":\"ImageObject\",\"inLanguage\":\"qt\",\"@id\":\"https:\\\/\\\/qtmm.org\\\/qt\\\/kiyevde-ukraina-tis-isler-naziri-konstantin-griscenko-turkiye-cumhuriyeti-tis-isleri-naziri-ahmet-davutoglu-qirim-bas-naziri-anatoliy-mogilov-ve-qirimtatar-halqi-meclisinin-reisi-mustafa-cemilev-kor\\\/#primaryimage\",\"url\":\"https:\\\/\\\/qtmm.org\\\/wp-content\\\/uploads\\\/2022\\\/01\\\/hhgg4801.jpeg\",\"contentUrl\":\"https:\\\/\\\/qtmm.org\\\/wp-content\\\/uploads\\\/2022\\\/01\\\/hhgg4801.jpeg\",\"width\":800,\"height\":397},{\"@type\":\"BreadcrumbList\",\"@id\":\"https:\\\/\\\/qtmm.org\\\/qt\\\/kiyevde-ukraina-tis-isler-naziri-konstantin-griscenko-turkiye-cumhuriyeti-tis-isleri-naziri-ahmet-davutoglu-qirim-bas-naziri-anatoliy-mogilov-ve-qirimtatar-halqi-meclisinin-reisi-mustafa-cemilev-kor\\\/#breadcrumb\",\"itemListElement\":[{\"@type\":\"ListItem\",\"position\":1,\"name\":\"\u0413\u043e\u043b\u043e\u0432\u043d\u0430\",\"item\":\"https:\\\/\\\/qtmm.org\\\/qt\\\/\"},{\"@type\":\"ListItem\",\"position\":2,\"name\":\"Kiyevde Ukraina T\u0131\u015f i\u015fler naziri Konstantin Gri\u015f\u00e7enko, T\u00fcrkiye Cumhuriyeti T\u0131\u015f i\u015fleri naziri Ahmet Davuto\u011flu, Q\u0131r\u0131m Ba\u015f naziri Anatoliy Mogil\u00f6v ve Q\u0131r\u0131mtatar halq\u0131 Meclisini\u00f1 reisi Mustafa Cemilev k\u00f6r\u00fc\u015ftiler.\"}]},{\"@type\":\"WebSite\",\"@id\":\"https:\\\/\\\/qtmm.org\\\/qt\\\/#website\",\"url\":\"https:\\\/\\\/qtmm.org\\\/qt\\\/\",\"name\":\"\u041c\u0435\u0434\u0436\u043b\u0456\u0441\",\"description\":\"\",\"publisher\":{\"@id\":\"https:\\\/\\\/qtmm.org\\\/qt\\\/#organization\"},\"potentialAction\":[{\"@type\":\"SearchAction\",\"target\":{\"@type\":\"EntryPoint\",\"urlTemplate\":\"https:\\\/\\\/qtmm.org\\\/qt\\\/?s={search_term_string}\"},\"query-input\":{\"@type\":\"PropertyValueSpecification\",\"valueRequired\":true,\"valueName\":\"search_term_string\"}}],\"inLanguage\":\"qt\"},{\"@type\":\"Organization\",\"@id\":\"https:\\\/\\\/qtmm.org\\\/qt\\\/#organization\",\"name\":\"\u041c\u0435\u0434\u0436\u043b\u0456\u0441\",\"url\":\"https:\\\/\\\/qtmm.org\\\/qt\\\/\",\"logo\":{\"@type\":\"ImageObject\",\"inLanguage\":\"qt\",\"@id\":\"https:\\\/\\\/qtmm.org\\\/qt\\\/#\\\/schema\\\/logo\\\/image\\\/\",\"url\":\"https:\\\/\\\/qtmm.org\\\/wp-content\\\/uploads\\\/2024\\\/12\\\/ua-mejlis-logo-rgb.svg\",\"contentUrl\":\"https:\\\/\\\/qtmm.org\\\/wp-content\\\/uploads\\\/2024\\\/12\\\/ua-mejlis-logo-rgb.svg\",\"caption\":\"\u041c\u0435\u0434\u0436\u043b\u0456\u0441\"},\"image\":{\"@id\":\"https:\\\/\\\/qtmm.org\\\/qt\\\/#\\\/schema\\\/logo\\\/image\\\/\"},\"sameAs\":[\"https:\\\/\\\/www.facebook.com\\\/qtmm.info\\\/\"]},{\"@type\":\"Person\",\"@id\":\"https:\\\/\\\/qtmm.org\\\/qt\\\/#\\\/schema\\\/person\\\/de562469f971dec226ac06e60bbf74a7\",\"name\":\"Developer\",\"image\":{\"@type\":\"ImageObject\",\"inLanguage\":\"qt\",\"@id\":\"https:\\\/\\\/secure.gravatar.com\\\/avatar\\\/392b4cc8fbfeb00b39dfeeab4ee6edded39ffd48e25858637e4765810300227e?s=96&d=mm&r=g\",\"url\":\"https:\\\/\\\/secure.gravatar.com\\\/avatar\\\/392b4cc8fbfeb00b39dfeeab4ee6edded39ffd48e25858637e4765810300227e?s=96&d=mm&r=g\",\"contentUrl\":\"https:\\\/\\\/secure.gravatar.com\\\/avatar\\\/392b4cc8fbfeb00b39dfeeab4ee6edded39ffd48e25858637e4765810300227e?s=96&d=mm&r=g\",\"caption\":\"Developer\"},\"url\":\"https:\\\/\\\/qtmm.org\\\/qt\\\/author\\\/Developer\\\/\"}]}<\/script>\n<!-- \/ Yoast SEO plugin. -->","yoast_head_json":{"title":"Kiyevde Ukraina T\u0131\u015f i\u015fler naziri Konstantin Gri\u015f\u00e7enko, T\u00fcrkiye Cumhuriyeti T\u0131\u015f i\u015fleri naziri Ahmet Davuto\u011flu, Q\u0131r\u0131m Ba\u015f naziri Anatoliy Mogil\u00f6v ve Q\u0131r\u0131mtatar halq\u0131 Meclisini\u00f1 reisi Mustafa Cemilev k\u00f6r\u00fc\u015ftiler. - \u041c\u0435\u0434\u0436\u043b\u0456\u0441","robots":{"index":"index","follow":"follow","max-snippet":"max-snippet:-1","max-image-preview":"max-image-preview:large","max-video-preview":"max-video-preview:-1"},"canonical":"https:\/\/qtmm.org\/qt\/kiyevde-ukraina-tis-isler-naziri-konstantin-griscenko-turkiye-cumhuriyeti-tis-isleri-naziri-ahmet-davutoglu-qirim-bas-naziri-anatoliy-mogilov-ve-qirimtatar-halqi-meclisinin-reisi-mustafa-cemilev-kor\/","og_locale":"en_US","og_type":"article","og_title":"Kiyevde Ukraina T\u0131\u015f i\u015fler naziri Konstantin Gri\u015f\u00e7enko, T\u00fcrkiye Cumhuriyeti T\u0131\u015f i\u015fleri naziri Ahmet Davuto\u011flu, Q\u0131r\u0131m Ba\u015f naziri Anatoliy Mogil\u00f6v ve Q\u0131r\u0131mtatar halq\u0131 Meclisini\u00f1 reisi Mustafa Cemilev k\u00f6r\u00fc\u015ftiler. - \u041c\u0435\u0434\u0436\u043b\u0456\u0441","og_description":"2012 senesi okt\u00e2br 2 k\u00fcn\u00fc Kiyevde Ukraina T\u0131\u015f i\u015fler naziri Konstantin Gri\u015f\u00e7enko, T\u00fcrkiye Cumhuriyeti T\u0131\u015f i\u015fleri naziri Ahmet Davuto\u011flu, Q\u0131r\u0131m Ba\u015f naziri Anatoliy Mogil\u00f6v ve Q\u0131r\u0131mtatar halq\u0131 Meclisini\u00f1 reisi Mustafa Cemilev k\u00f6r\u00fc\u015ftiler. Taraflar q\u0131r\u0131mtatar halq\u0131 \u00f6g\u00fcnde tur\u011fan esas problemlerni \u00e7ez\u00fcv yollar\u0131n\u0131 muzakere ettiler. K\u00f6r\u00fc\u015f\u00fcvde T\u00fcrkiyeni\u00f1 Ukrainadaki Vefqulade ve Toluvek\u00e2letli El\u00e7isi Mehmet Samsar da i\u015ftirak etti. [&hellip;]","og_url":"https:\/\/qtmm.org\/qt\/kiyevde-ukraina-tis-isler-naziri-konstantin-griscenko-turkiye-cumhuriyeti-tis-isleri-naziri-ahmet-davutoglu-qirim-bas-naziri-anatoliy-mogilov-ve-qirimtatar-halqi-meclisinin-reisi-mustafa-cemilev-kor\/","og_site_name":"\u041c\u0435\u0434\u0436\u043b\u0456\u0441","article_publisher":"https:\/\/www.facebook.com\/qtmm.info\/","article_published_time":"2012-10-02T10:33:00+00:00","article_modified_time":"2022-01-23T10:34:28+00:00","og_image":[{"width":800,"height":397,"url":"https:\/\/qtmm.org\/wp-content\/uploads\/2022\/01\/hhgg4801.jpeg","type":"image\/jpeg"}],"author":"Developer","twitter_card":"summary_large_image","twitter_misc":{"Written by":"Developer","Est. reading time":"12 minutes"},"schema":{"@context":"https:\/\/schema.org","@graph":[{"@type":"Article","@id":"https:\/\/qtmm.org\/qt\/kiyevde-ukraina-tis-isler-naziri-konstantin-griscenko-turkiye-cumhuriyeti-tis-isleri-naziri-ahmet-davutoglu-qirim-bas-naziri-anatoliy-mogilov-ve-qirimtatar-halqi-meclisinin-reisi-mustafa-cemilev-kor\/#article","isPartOf":{"@id":"https:\/\/qtmm.org\/qt\/kiyevde-ukraina-tis-isler-naziri-konstantin-griscenko-turkiye-cumhuriyeti-tis-isleri-naziri-ahmet-davutoglu-qirim-bas-naziri-anatoliy-mogilov-ve-qirimtatar-halqi-meclisinin-reisi-mustafa-cemilev-kor\/"},"author":{"name":"Developer","@id":"https:\/\/qtmm.org\/qt\/#\/schema\/person\/de562469f971dec226ac06e60bbf74a7"},"headline":"Kiyevde Ukraina T\u0131\u015f i\u015fler naziri Konstantin Gri\u015f\u00e7enko, T\u00fcrkiye Cumhuriyeti T\u0131\u015f i\u015fleri naziri Ahmet Davuto\u011flu, Q\u0131r\u0131m Ba\u015f naziri Anatoliy Mogil\u00f6v ve Q\u0131r\u0131mtatar halq\u0131 Meclisini\u00f1 reisi Mustafa Cemilev k\u00f6r\u00fc\u015ftiler.","datePublished":"2012-10-02T10:33:00+00:00","dateModified":"2022-01-23T10:34:28+00:00","mainEntityOfPage":{"@id":"https:\/\/qtmm.org\/qt\/kiyevde-ukraina-tis-isler-naziri-konstantin-griscenko-turkiye-cumhuriyeti-tis-isleri-naziri-ahmet-davutoglu-qirim-bas-naziri-anatoliy-mogilov-ve-qirimtatar-halqi-meclisinin-reisi-mustafa-cemilev-kor\/"},"wordCount":2410,"commentCount":0,"publisher":{"@id":"https:\/\/qtmm.org\/qt\/#organization"},"image":{"@id":"https:\/\/qtmm.org\/qt\/kiyevde-ukraina-tis-isler-naziri-konstantin-griscenko-turkiye-cumhuriyeti-tis-isleri-naziri-ahmet-davutoglu-qirim-bas-naziri-anatoliy-mogilov-ve-qirimtatar-halqi-meclisinin-reisi-mustafa-cemilev-kor\/#primaryimage"},"thumbnailUrl":"https:\/\/qtmm.org\/wp-content\/uploads\/2022\/01\/hhgg4801.jpeg","articleSection":["Haberler"],"inLanguage":"qt","potentialAction":[{"@type":"CommentAction","name":"Comment","target":["https:\/\/qtmm.org\/qt\/kiyevde-ukraina-tis-isler-naziri-konstantin-griscenko-turkiye-cumhuriyeti-tis-isleri-naziri-ahmet-davutoglu-qirim-bas-naziri-anatoliy-mogilov-ve-qirimtatar-halqi-meclisinin-reisi-mustafa-cemilev-kor\/#respond"]}]},{"@type":"WebPage","@id":"https:\/\/qtmm.org\/qt\/kiyevde-ukraina-tis-isler-naziri-konstantin-griscenko-turkiye-cumhuriyeti-tis-isleri-naziri-ahmet-davutoglu-qirim-bas-naziri-anatoliy-mogilov-ve-qirimtatar-halqi-meclisinin-reisi-mustafa-cemilev-kor\/","url":"https:\/\/qtmm.org\/qt\/kiyevde-ukraina-tis-isler-naziri-konstantin-griscenko-turkiye-cumhuriyeti-tis-isleri-naziri-ahmet-davutoglu-qirim-bas-naziri-anatoliy-mogilov-ve-qirimtatar-halqi-meclisinin-reisi-mustafa-cemilev-kor\/","name":"Kiyevde Ukraina T\u0131\u015f i\u015fler naziri Konstantin Gri\u015f\u00e7enko, T\u00fcrkiye Cumhuriyeti T\u0131\u015f i\u015fleri naziri Ahmet Davuto\u011flu, Q\u0131r\u0131m Ba\u015f naziri Anatoliy Mogil\u00f6v ve Q\u0131r\u0131mtatar halq\u0131 Meclisini\u00f1 reisi Mustafa Cemilev k\u00f6r\u00fc\u015ftiler. - \u041c\u0435\u0434\u0436\u043b\u0456\u0441","isPartOf":{"@id":"https:\/\/qtmm.org\/qt\/#website"},"primaryImageOfPage":{"@id":"https:\/\/qtmm.org\/qt\/kiyevde-ukraina-tis-isler-naziri-konstantin-griscenko-turkiye-cumhuriyeti-tis-isleri-naziri-ahmet-davutoglu-qirim-bas-naziri-anatoliy-mogilov-ve-qirimtatar-halqi-meclisinin-reisi-mustafa-cemilev-kor\/#primaryimage"},"image":{"@id":"https:\/\/qtmm.org\/qt\/kiyevde-ukraina-tis-isler-naziri-konstantin-griscenko-turkiye-cumhuriyeti-tis-isleri-naziri-ahmet-davutoglu-qirim-bas-naziri-anatoliy-mogilov-ve-qirimtatar-halqi-meclisinin-reisi-mustafa-cemilev-kor\/#primaryimage"},"thumbnailUrl":"https:\/\/qtmm.org\/wp-content\/uploads\/2022\/01\/hhgg4801.jpeg","datePublished":"2012-10-02T10:33:00+00:00","dateModified":"2022-01-23T10:34:28+00:00","breadcrumb":{"@id":"https:\/\/qtmm.org\/qt\/kiyevde-ukraina-tis-isler-naziri-konstantin-griscenko-turkiye-cumhuriyeti-tis-isleri-naziri-ahmet-davutoglu-qirim-bas-naziri-anatoliy-mogilov-ve-qirimtatar-halqi-meclisinin-reisi-mustafa-cemilev-kor\/#breadcrumb"},"inLanguage":"qt","potentialAction":[{"@type":"ReadAction","target":["https:\/\/qtmm.org\/qt\/kiyevde-ukraina-tis-isler-naziri-konstantin-griscenko-turkiye-cumhuriyeti-tis-isleri-naziri-ahmet-davutoglu-qirim-bas-naziri-anatoliy-mogilov-ve-qirimtatar-halqi-meclisinin-reisi-mustafa-cemilev-kor\/"]}]},{"@type":"ImageObject","inLanguage":"qt","@id":"https:\/\/qtmm.org\/qt\/kiyevde-ukraina-tis-isler-naziri-konstantin-griscenko-turkiye-cumhuriyeti-tis-isleri-naziri-ahmet-davutoglu-qirim-bas-naziri-anatoliy-mogilov-ve-qirimtatar-halqi-meclisinin-reisi-mustafa-cemilev-kor\/#primaryimage","url":"https:\/\/qtmm.org\/wp-content\/uploads\/2022\/01\/hhgg4801.jpeg","contentUrl":"https:\/\/qtmm.org\/wp-content\/uploads\/2022\/01\/hhgg4801.jpeg","width":800,"height":397},{"@type":"BreadcrumbList","@id":"https:\/\/qtmm.org\/qt\/kiyevde-ukraina-tis-isler-naziri-konstantin-griscenko-turkiye-cumhuriyeti-tis-isleri-naziri-ahmet-davutoglu-qirim-bas-naziri-anatoliy-mogilov-ve-qirimtatar-halqi-meclisinin-reisi-mustafa-cemilev-kor\/#breadcrumb","itemListElement":[{"@type":"ListItem","position":1,"name":"\u0413\u043e\u043b\u043e\u0432\u043d\u0430","item":"https:\/\/qtmm.org\/qt\/"},{"@type":"ListItem","position":2,"name":"Kiyevde Ukraina T\u0131\u015f i\u015fler naziri Konstantin Gri\u015f\u00e7enko, T\u00fcrkiye Cumhuriyeti T\u0131\u015f i\u015fleri naziri Ahmet Davuto\u011flu, Q\u0131r\u0131m Ba\u015f naziri Anatoliy Mogil\u00f6v ve Q\u0131r\u0131mtatar halq\u0131 Meclisini\u00f1 reisi Mustafa Cemilev k\u00f6r\u00fc\u015ftiler."}]},{"@type":"WebSite","@id":"https:\/\/qtmm.org\/qt\/#website","url":"https:\/\/qtmm.org\/qt\/","name":"\u041c\u0435\u0434\u0436\u043b\u0456\u0441","description":"","publisher":{"@id":"https:\/\/qtmm.org\/qt\/#organization"},"potentialAction":[{"@type":"SearchAction","target":{"@type":"EntryPoint","urlTemplate":"https:\/\/qtmm.org\/qt\/?s={search_term_string}"},"query-input":{"@type":"PropertyValueSpecification","valueRequired":true,"valueName":"search_term_string"}}],"inLanguage":"qt"},{"@type":"Organization","@id":"https:\/\/qtmm.org\/qt\/#organization","name":"\u041c\u0435\u0434\u0436\u043b\u0456\u0441","url":"https:\/\/qtmm.org\/qt\/","logo":{"@type":"ImageObject","inLanguage":"qt","@id":"https:\/\/qtmm.org\/qt\/#\/schema\/logo\/image\/","url":"https:\/\/qtmm.org\/wp-content\/uploads\/2024\/12\/ua-mejlis-logo-rgb.svg","contentUrl":"https:\/\/qtmm.org\/wp-content\/uploads\/2024\/12\/ua-mejlis-logo-rgb.svg","caption":"\u041c\u0435\u0434\u0436\u043b\u0456\u0441"},"image":{"@id":"https:\/\/qtmm.org\/qt\/#\/schema\/logo\/image\/"},"sameAs":["https:\/\/www.facebook.com\/qtmm.info\/"]},{"@type":"Person","@id":"https:\/\/qtmm.org\/qt\/#\/schema\/person\/de562469f971dec226ac06e60bbf74a7","name":"Developer","image":{"@type":"ImageObject","inLanguage":"qt","@id":"https:\/\/secure.gravatar.com\/avatar\/392b4cc8fbfeb00b39dfeeab4ee6edded39ffd48e25858637e4765810300227e?s=96&d=mm&r=g","url":"https:\/\/secure.gravatar.com\/avatar\/392b4cc8fbfeb00b39dfeeab4ee6edded39ffd48e25858637e4765810300227e?s=96&d=mm&r=g","contentUrl":"https:\/\/secure.gravatar.com\/avatar\/392b4cc8fbfeb00b39dfeeab4ee6edded39ffd48e25858637e4765810300227e?s=96&d=mm&r=g","caption":"Developer"},"url":"https:\/\/qtmm.org\/qt\/author\/Developer\/"}]}},"_links":{"self":[{"href":"https:\/\/qtmm.org\/qt\/wp-json\/wp\/v2\/posts\/34567","targetHints":{"allow":["GET"]}}],"collection":[{"href":"https:\/\/qtmm.org\/qt\/wp-json\/wp\/v2\/posts"}],"about":[{"href":"https:\/\/qtmm.org\/qt\/wp-json\/wp\/v2\/types\/post"}],"author":[{"embeddable":true,"href":"https:\/\/qtmm.org\/qt\/wp-json\/wp\/v2\/users\/1"}],"replies":[{"embeddable":true,"href":"https:\/\/qtmm.org\/qt\/wp-json\/wp\/v2\/comments?post=34567"}],"version-history":[{"count":1,"href":"https:\/\/qtmm.org\/qt\/wp-json\/wp\/v2\/posts\/34567\/revisions"}],"predecessor-version":[{"id":34572,"href":"https:\/\/qtmm.org\/qt\/wp-json\/wp\/v2\/posts\/34567\/revisions\/34572"}],"wp:featuredmedia":[{"embeddable":true,"href":"https:\/\/qtmm.org\/qt\/wp-json\/wp\/v2\/media\/34568"}],"wp:attachment":[{"href":"https:\/\/qtmm.org\/qt\/wp-json\/wp\/v2\/media?parent=34567"}],"wp:term":[{"taxonomy":"category","embeddable":true,"href":"https:\/\/qtmm.org\/qt\/wp-json\/wp\/v2\/categories?post=34567"},{"taxonomy":"post_tag","embeddable":true,"href":"https:\/\/qtmm.org\/qt\/wp-json\/wp\/v2\/tags?post=34567"}],"curies":[{"name":"wp","href":"https:\/\/api.w.org\/{rel}","templated":true}]}}