




{"id":34519,"date":"2012-10-01T13:28:00","date_gmt":"2012-10-01T10:28:00","guid":{"rendered":"http:\/\/qtmm.org\/?p=34519"},"modified":"2022-01-23T13:30:45","modified_gmt":"2022-01-23T10:30:45","slug":"meclis-reisi-mustafa-cemilev-turkiye-cumhuriyetnin-adalet-ve-inkisaf-partiyasinin-akparti-4-nci-qurultayinda-istirak-etti","status":"publish","type":"post","link":"https:\/\/qtmm.org\/qt\/meclis-reisi-mustafa-cemilev-turkiye-cumhuriyetnin-adalet-ve-inkisaf-partiyasinin-akparti-4-nci-qurultayinda-istirak-etti\/","title":{"rendered":"Meclis reisi Mustafa Cemilev T\u00fcrkiye Cumhuriyetni\u00f1 Adalet ve inki\u015faf partiyas\u0131n\u0131\u00f1 (Akparti) 4-nci qurultay\u0131nda i\u015ftirak etti"},"content":{"rendered":"\n<p>Q\u0131r\u0131mtatar halq\u0131 Meclisini\u00f1 reisi, Ukraina halq deputat\u0131 Mustafa Cemilev T\u00fcrkiye Cumhuriyetni\u00f1 Adalet ve inki\u015faf partiyas\u0131n\u0131\u00f1 (Akparti) 2012 senesi sent\u00e2br 30-da \u00f6tkerilgen 4-nci qurultay\u0131nda fahriy musafir olaraq i\u015ftirak etti<\/p>\n\n\n\n<p>&#8220;B\u00fcy\u00fck millet, b\u00fcy\u00fck quvet \u2013 2023 senesine maqsad\u0131m\u0131z&#8221; &#8211; T\u00fcrkiye Cumhuriyetindeki e\u00f1 b\u00fcy\u00fck partiyan\u0131\u00f1 4-nci qurultay\u0131 b\u00f6yle \u015fiar alt\u0131nda ke\u00e7ti. 2023 senesi tesadufen a\u00f1\u0131lmay, o y\u0131l\u0131 T\u00fcrkiye Cumhuriyeti qurul\u011fan\u0131n\u0131\u00f1 100 y\u0131ll\u0131\u011f\u0131n\u0131 qayd etecek.<\/p>\n\n\n\n<figure class=\"wp-block-image size-full\"><img loading=\"lazy\" decoding=\"async\" width=\"900\" height=\"502\" src=\"http:\/\/qtmm.org\/wp-content\/uploads\/2022\/01\/20120930_1.100546_ank027_1913494__large.jpg\" alt=\"\" class=\"wp-image-34524\" srcset=\"https:\/\/qtmm.org\/wp-content\/uploads\/2022\/01\/20120930_1.100546_ank027_1913494__large.jpg 900w, https:\/\/qtmm.org\/wp-content\/uploads\/2022\/01\/20120930_1.100546_ank027_1913494__large-300x167.jpg 300w, https:\/\/qtmm.org\/wp-content\/uploads\/2022\/01\/20120930_1.100546_ank027_1913494__large-768x428.jpg 768w\" sizes=\"auto, (max-width: 900px) 100vw, 900px\" \/><\/figure>\n\n\n\n<p>Q\u0131r\u0131mtatar halq\u0131 Meclisini\u00f1 reisi, Ukraina halq deputat\u0131 Mustafa Cemilev ile beraber qurultayda Q\u0131r\u0131m Halqara biznes birle\u015fmesi idaresini\u00f1 ba\u015f\u0131. Kiyevdeki q\u0131r\u0131mtatar cemiyetini\u00f1 ba\u015f\u0131 Aslan \u00dcmerov da bulund\u0131.<\/p>\n\n\n\n<figure class=\"wp-block-image size-full\"><img loading=\"lazy\" decoding=\"async\" width=\"900\" height=\"611\" src=\"http:\/\/qtmm.org\/wp-content\/uploads\/2022\/01\/20120930.094342_ank021_1913488__large.jpg\" alt=\"\" class=\"wp-image-34528\" srcset=\"https:\/\/qtmm.org\/wp-content\/uploads\/2022\/01\/20120930.094342_ank021_1913488__large.jpg 900w, https:\/\/qtmm.org\/wp-content\/uploads\/2022\/01\/20120930.094342_ank021_1913488__large-300x204.jpg 300w, https:\/\/qtmm.org\/wp-content\/uploads\/2022\/01\/20120930.094342_ank021_1913488__large-768x521.jpg 768w\" sizes=\"auto, (max-width: 900px) 100vw, 900px\" \/><\/figure>\n\n\n\n<p>T\u00fcrkiye Cumhuriyetni\u00f1 Adalet ve inki\u015faf partiyas\u0131 (Akparti) 4-nci qurultay\u0131n\u0131\u00f1 delegatlar\u0131 partiyan\u0131\u00f1 ba\u015f k\u00e2tibi olaraq T\u00fcrkiye ba\u015f naziri Recep Tayip Erdo\u011fann\u0131 saylad\u0131lar.<\/p>\n\n\n\n<p>Recep Tayip Erdogan 2001 senesi kendisi te\u015fkil etken ve 2002 senesi parlament se\u00e7imlerinde \u011falebe qazan\u0131p \u015fundan itibaren akimiyet ba\u015f\u0131nda tur\u011fan partiya\u011fa endi \u00fc\u00e7\u00fcnci kere yolba\u015f\u00e7\u0131 olaraq sayland\u0131.<\/p>\n\n\n\n<figure class=\"wp-block-image size-full\"><img loading=\"lazy\" decoding=\"async\" width=\"900\" height=\"591\" src=\"http:\/\/qtmm.org\/wp-content\/uploads\/2022\/01\/20120930.112822_ank054_1913522__large.jpg\" alt=\"\" class=\"wp-image-34532\" srcset=\"https:\/\/qtmm.org\/wp-content\/uploads\/2022\/01\/20120930.112822_ank054_1913522__large.jpg 900w, https:\/\/qtmm.org\/wp-content\/uploads\/2022\/01\/20120930.112822_ank054_1913522__large-300x197.jpg 300w, https:\/\/qtmm.org\/wp-content\/uploads\/2022\/01\/20120930.112822_ank054_1913522__large-768x504.jpg 768w\" sizes=\"auto, (max-width: 900px) 100vw, 900px\" \/><\/figure>\n\n\n\n<p>T\u00fcrkiye \u00fck\u00fcmetini\u00f1 ba\u015f\u0131 \u00f6z\u00fcni\u00f1 aman-aman \u00fc\u00e7 saatlik \u00e7\u0131q\u0131\u015f\u0131nda siyaset ile bir s\u0131rada iqtisadiy meselelerge de toqun\u0131p, T\u00fcrkiye Cumhuriyeti halqara inq\u0131raz \u015faraitinde bile ayaqta qala bilgeni ve &#8220;i\u015fan\u00e7 ve stabillik&#8221; devleti ol\u011fan\u0131n\u0131 k\u00f6stere bilgenini qayd etti.\u00a0<\/p>\n\n\n\n<p class=\"has-text-align-right\"><em>fotolar:&nbsp;<a href=\"http:\/\/www.akparti.org.tr\/\" target=\"_blank\" rel=\"noreferrer noopener\">http:\/\/www.akparti.org.tr<\/a><\/em><\/p>\n","protected":false},"excerpt":{"rendered":"<p>Q\u0131r\u0131mtatar halq\u0131 Meclisini\u00f1 reisi, Ukraina halq deputat\u0131 Mustafa Cemilev T\u00fcrkiye Cumhuriyetni\u00f1 Adalet ve inki\u015faf partiyas\u0131n\u0131\u00f1 (Akparti) 2012 senesi sent\u00e2br 30-da \u00f6tkerilgen 4-nci qurultay\u0131nda fahriy musafir olaraq i\u015ftirak etti &#8220;B\u00fcy\u00fck millet, b\u00fcy\u00fck quvet \u2013 2023 senesine maqsad\u0131m\u0131z&#8221; &#8211; T\u00fcrkiye Cumhuriyetindeki e\u00f1 b\u00fcy\u00fck partiyan\u0131\u00f1 4-nci qurultay\u0131 b\u00f6yle \u015fiar alt\u0131nda ke\u00e7ti. 2023 senesi tesadufen a\u00f1\u0131lmay, o y\u0131l\u0131 T\u00fcrkiye [&hellip;]<\/p>\n","protected":false},"author":1,"featured_media":34520,"comment_status":"open","ping_status":"open","sticky":false,"template":"","format":"standard","meta":{"inline_featured_image":false,"footnotes":""},"categories":[265],"tags":[],"class_list":["post-34519","post","type-post","status-publish","format-standard","has-post-thumbnail","hentry","category-haberler"],"acf":[],"yoast_head":"<!-- This site is optimized with the Yoast SEO plugin v27.4 - https:\/\/yoast.com\/product\/yoast-seo-wordpress\/ -->\n<title>Meclis reisi Mustafa Cemilev T\u00fcrkiye Cumhuriyetni\u00f1 Adalet ve inki\u015faf partiyas\u0131n\u0131\u00f1 (Akparti) 4-nci qurultay\u0131nda i\u015ftirak etti - \u041c\u0435\u0434\u0436\u043b\u0456\u0441<\/title>\n<meta name=\"robots\" content=\"index, follow, max-snippet:-1, max-image-preview:large, max-video-preview:-1\" \/>\n<link rel=\"canonical\" href=\"https:\/\/qtmm.org\/qt\/meclis-reisi-mustafa-cemilev-turkiye-cumhuriyetnin-adalet-ve-inkisaf-partiyasinin-akparti-4-nci-qurultayinda-istirak-etti\/\" \/>\n<meta property=\"og:locale\" content=\"en_US\" \/>\n<meta property=\"og:type\" content=\"article\" \/>\n<meta property=\"og:title\" content=\"Meclis reisi Mustafa Cemilev T\u00fcrkiye Cumhuriyetni\u00f1 Adalet ve inki\u015faf partiyas\u0131n\u0131\u00f1 (Akparti) 4-nci qurultay\u0131nda i\u015ftirak etti - \u041c\u0435\u0434\u0436\u043b\u0456\u0441\" \/>\n<meta property=\"og:description\" content=\"Q\u0131r\u0131mtatar halq\u0131 Meclisini\u00f1 reisi, Ukraina halq deputat\u0131 Mustafa Cemilev T\u00fcrkiye Cumhuriyetni\u00f1 Adalet ve inki\u015faf partiyas\u0131n\u0131\u00f1 (Akparti) 2012 senesi sent\u00e2br 30-da \u00f6tkerilgen 4-nci qurultay\u0131nda fahriy musafir olaraq i\u015ftirak etti &#8220;B\u00fcy\u00fck millet, b\u00fcy\u00fck quvet \u2013 2023 senesine maqsad\u0131m\u0131z&#8221; &#8211; T\u00fcrkiye Cumhuriyetindeki e\u00f1 b\u00fcy\u00fck partiyan\u0131\u00f1 4-nci qurultay\u0131 b\u00f6yle \u015fiar alt\u0131nda ke\u00e7ti. 2023 senesi tesadufen a\u00f1\u0131lmay, o y\u0131l\u0131 T\u00fcrkiye [&hellip;]\" \/>\n<meta property=\"og:url\" content=\"https:\/\/qtmm.org\/qt\/meclis-reisi-mustafa-cemilev-turkiye-cumhuriyetnin-adalet-ve-inkisaf-partiyasinin-akparti-4-nci-qurultayinda-istirak-etti\/\" \/>\n<meta property=\"og:site_name\" content=\"\u041c\u0435\u0434\u0436\u043b\u0456\u0441\" \/>\n<meta property=\"article:publisher\" content=\"https:\/\/www.facebook.com\/qtmm.info\/\" \/>\n<meta property=\"article:published_time\" content=\"2012-10-01T10:28:00+00:00\" \/>\n<meta property=\"article:modified_time\" content=\"2022-01-23T10:30:45+00:00\" \/>\n<meta property=\"og:image\" content=\"https:\/\/qtmm.org\/wp-content\/uploads\/2022\/01\/20120930.094943_ank023_1913490__large.jpg\" \/>\n\t<meta property=\"og:image:width\" content=\"900\" \/>\n\t<meta property=\"og:image:height\" content=\"534\" \/>\n\t<meta property=\"og:image:type\" content=\"image\/jpeg\" \/>\n<meta name=\"author\" content=\"Developer\" \/>\n<meta name=\"twitter:card\" content=\"summary_large_image\" \/>\n<meta name=\"twitter:label1\" content=\"Written by\" \/>\n\t<meta name=\"twitter:data1\" content=\"Developer\" \/>\n\t<meta name=\"twitter:label2\" content=\"Est. reading time\" \/>\n\t<meta name=\"twitter:data2\" content=\"1 minute\" \/>\n<script type=\"application\/ld+json\" class=\"yoast-schema-graph\">{\"@context\":\"https:\\\/\\\/schema.org\",\"@graph\":[{\"@type\":\"Article\",\"@id\":\"https:\\\/\\\/qtmm.org\\\/qt\\\/meclis-reisi-mustafa-cemilev-turkiye-cumhuriyetnin-adalet-ve-inkisaf-partiyasinin-akparti-4-nci-qurultayinda-istirak-etti\\\/#article\",\"isPartOf\":{\"@id\":\"https:\\\/\\\/qtmm.org\\\/qt\\\/meclis-reisi-mustafa-cemilev-turkiye-cumhuriyetnin-adalet-ve-inkisaf-partiyasinin-akparti-4-nci-qurultayinda-istirak-etti\\\/\"},\"author\":{\"name\":\"Developer\",\"@id\":\"https:\\\/\\\/qtmm.org\\\/qt\\\/#\\\/schema\\\/person\\\/de562469f971dec226ac06e60bbf74a7\"},\"headline\":\"Meclis reisi Mustafa Cemilev T\u00fcrkiye Cumhuriyetni\u00f1 Adalet ve inki\u015faf partiyas\u0131n\u0131\u00f1 (Akparti) 4-nci qurultay\u0131nda i\u015ftirak etti\",\"datePublished\":\"2012-10-01T10:28:00+00:00\",\"dateModified\":\"2022-01-23T10:30:45+00:00\",\"mainEntityOfPage\":{\"@id\":\"https:\\\/\\\/qtmm.org\\\/qt\\\/meclis-reisi-mustafa-cemilev-turkiye-cumhuriyetnin-adalet-ve-inkisaf-partiyasinin-akparti-4-nci-qurultayinda-istirak-etti\\\/\"},\"wordCount\":248,\"commentCount\":0,\"publisher\":{\"@id\":\"https:\\\/\\\/qtmm.org\\\/qt\\\/#organization\"},\"image\":{\"@id\":\"https:\\\/\\\/qtmm.org\\\/qt\\\/meclis-reisi-mustafa-cemilev-turkiye-cumhuriyetnin-adalet-ve-inkisaf-partiyasinin-akparti-4-nci-qurultayinda-istirak-etti\\\/#primaryimage\"},\"thumbnailUrl\":\"https:\\\/\\\/qtmm.org\\\/wp-content\\\/uploads\\\/2022\\\/01\\\/20120930.094943_ank023_1913490__large.jpg\",\"articleSection\":[\"Haberler\"],\"inLanguage\":\"qt\",\"potentialAction\":[{\"@type\":\"CommentAction\",\"name\":\"Comment\",\"target\":[\"https:\\\/\\\/qtmm.org\\\/qt\\\/meclis-reisi-mustafa-cemilev-turkiye-cumhuriyetnin-adalet-ve-inkisaf-partiyasinin-akparti-4-nci-qurultayinda-istirak-etti\\\/#respond\"]}]},{\"@type\":\"WebPage\",\"@id\":\"https:\\\/\\\/qtmm.org\\\/qt\\\/meclis-reisi-mustafa-cemilev-turkiye-cumhuriyetnin-adalet-ve-inkisaf-partiyasinin-akparti-4-nci-qurultayinda-istirak-etti\\\/\",\"url\":\"https:\\\/\\\/qtmm.org\\\/qt\\\/meclis-reisi-mustafa-cemilev-turkiye-cumhuriyetnin-adalet-ve-inkisaf-partiyasinin-akparti-4-nci-qurultayinda-istirak-etti\\\/\",\"name\":\"Meclis reisi Mustafa Cemilev T\u00fcrkiye Cumhuriyetni\u00f1 Adalet ve inki\u015faf partiyas\u0131n\u0131\u00f1 (Akparti) 4-nci qurultay\u0131nda i\u015ftirak etti - \u041c\u0435\u0434\u0436\u043b\u0456\u0441\",\"isPartOf\":{\"@id\":\"https:\\\/\\\/qtmm.org\\\/qt\\\/#website\"},\"primaryImageOfPage\":{\"@id\":\"https:\\\/\\\/qtmm.org\\\/qt\\\/meclis-reisi-mustafa-cemilev-turkiye-cumhuriyetnin-adalet-ve-inkisaf-partiyasinin-akparti-4-nci-qurultayinda-istirak-etti\\\/#primaryimage\"},\"image\":{\"@id\":\"https:\\\/\\\/qtmm.org\\\/qt\\\/meclis-reisi-mustafa-cemilev-turkiye-cumhuriyetnin-adalet-ve-inkisaf-partiyasinin-akparti-4-nci-qurultayinda-istirak-etti\\\/#primaryimage\"},\"thumbnailUrl\":\"https:\\\/\\\/qtmm.org\\\/wp-content\\\/uploads\\\/2022\\\/01\\\/20120930.094943_ank023_1913490__large.jpg\",\"datePublished\":\"2012-10-01T10:28:00+00:00\",\"dateModified\":\"2022-01-23T10:30:45+00:00\",\"breadcrumb\":{\"@id\":\"https:\\\/\\\/qtmm.org\\\/qt\\\/meclis-reisi-mustafa-cemilev-turkiye-cumhuriyetnin-adalet-ve-inkisaf-partiyasinin-akparti-4-nci-qurultayinda-istirak-etti\\\/#breadcrumb\"},\"inLanguage\":\"qt\",\"potentialAction\":[{\"@type\":\"ReadAction\",\"target\":[\"https:\\\/\\\/qtmm.org\\\/qt\\\/meclis-reisi-mustafa-cemilev-turkiye-cumhuriyetnin-adalet-ve-inkisaf-partiyasinin-akparti-4-nci-qurultayinda-istirak-etti\\\/\"]}]},{\"@type\":\"ImageObject\",\"inLanguage\":\"qt\",\"@id\":\"https:\\\/\\\/qtmm.org\\\/qt\\\/meclis-reisi-mustafa-cemilev-turkiye-cumhuriyetnin-adalet-ve-inkisaf-partiyasinin-akparti-4-nci-qurultayinda-istirak-etti\\\/#primaryimage\",\"url\":\"https:\\\/\\\/qtmm.org\\\/wp-content\\\/uploads\\\/2022\\\/01\\\/20120930.094943_ank023_1913490__large.jpg\",\"contentUrl\":\"https:\\\/\\\/qtmm.org\\\/wp-content\\\/uploads\\\/2022\\\/01\\\/20120930.094943_ank023_1913490__large.jpg\",\"width\":900,\"height\":534},{\"@type\":\"BreadcrumbList\",\"@id\":\"https:\\\/\\\/qtmm.org\\\/qt\\\/meclis-reisi-mustafa-cemilev-turkiye-cumhuriyetnin-adalet-ve-inkisaf-partiyasinin-akparti-4-nci-qurultayinda-istirak-etti\\\/#breadcrumb\",\"itemListElement\":[{\"@type\":\"ListItem\",\"position\":1,\"name\":\"\u0413\u043e\u043b\u043e\u0432\u043d\u0430\",\"item\":\"https:\\\/\\\/qtmm.org\\\/qt\\\/\"},{\"@type\":\"ListItem\",\"position\":2,\"name\":\"Meclis reisi Mustafa Cemilev T\u00fcrkiye Cumhuriyetni\u00f1 Adalet ve inki\u015faf partiyas\u0131n\u0131\u00f1 (Akparti) 4-nci qurultay\u0131nda i\u015ftirak etti\"}]},{\"@type\":\"WebSite\",\"@id\":\"https:\\\/\\\/qtmm.org\\\/qt\\\/#website\",\"url\":\"https:\\\/\\\/qtmm.org\\\/qt\\\/\",\"name\":\"\u041c\u0435\u0434\u0436\u043b\u0456\u0441\",\"description\":\"\",\"publisher\":{\"@id\":\"https:\\\/\\\/qtmm.org\\\/qt\\\/#organization\"},\"potentialAction\":[{\"@type\":\"SearchAction\",\"target\":{\"@type\":\"EntryPoint\",\"urlTemplate\":\"https:\\\/\\\/qtmm.org\\\/qt\\\/?s={search_term_string}\"},\"query-input\":{\"@type\":\"PropertyValueSpecification\",\"valueRequired\":true,\"valueName\":\"search_term_string\"}}],\"inLanguage\":\"qt\"},{\"@type\":\"Organization\",\"@id\":\"https:\\\/\\\/qtmm.org\\\/qt\\\/#organization\",\"name\":\"\u041c\u0435\u0434\u0436\u043b\u0456\u0441\",\"url\":\"https:\\\/\\\/qtmm.org\\\/qt\\\/\",\"logo\":{\"@type\":\"ImageObject\",\"inLanguage\":\"qt\",\"@id\":\"https:\\\/\\\/qtmm.org\\\/qt\\\/#\\\/schema\\\/logo\\\/image\\\/\",\"url\":\"https:\\\/\\\/qtmm.org\\\/wp-content\\\/uploads\\\/2024\\\/12\\\/ua-mejlis-logo-rgb.svg\",\"contentUrl\":\"https:\\\/\\\/qtmm.org\\\/wp-content\\\/uploads\\\/2024\\\/12\\\/ua-mejlis-logo-rgb.svg\",\"caption\":\"\u041c\u0435\u0434\u0436\u043b\u0456\u0441\"},\"image\":{\"@id\":\"https:\\\/\\\/qtmm.org\\\/qt\\\/#\\\/schema\\\/logo\\\/image\\\/\"},\"sameAs\":[\"https:\\\/\\\/www.facebook.com\\\/qtmm.info\\\/\"]},{\"@type\":\"Person\",\"@id\":\"https:\\\/\\\/qtmm.org\\\/qt\\\/#\\\/schema\\\/person\\\/de562469f971dec226ac06e60bbf74a7\",\"name\":\"Developer\",\"image\":{\"@type\":\"ImageObject\",\"inLanguage\":\"qt\",\"@id\":\"https:\\\/\\\/secure.gravatar.com\\\/avatar\\\/392b4cc8fbfeb00b39dfeeab4ee6edded39ffd48e25858637e4765810300227e?s=96&d=mm&r=g\",\"url\":\"https:\\\/\\\/secure.gravatar.com\\\/avatar\\\/392b4cc8fbfeb00b39dfeeab4ee6edded39ffd48e25858637e4765810300227e?s=96&d=mm&r=g\",\"contentUrl\":\"https:\\\/\\\/secure.gravatar.com\\\/avatar\\\/392b4cc8fbfeb00b39dfeeab4ee6edded39ffd48e25858637e4765810300227e?s=96&d=mm&r=g\",\"caption\":\"Developer\"},\"url\":\"https:\\\/\\\/qtmm.org\\\/qt\\\/author\\\/Developer\\\/\"}]}<\/script>\n<!-- \/ Yoast SEO plugin. -->","yoast_head_json":{"title":"Meclis reisi Mustafa Cemilev T\u00fcrkiye Cumhuriyetni\u00f1 Adalet ve inki\u015faf partiyas\u0131n\u0131\u00f1 (Akparti) 4-nci qurultay\u0131nda i\u015ftirak etti - \u041c\u0435\u0434\u0436\u043b\u0456\u0441","robots":{"index":"index","follow":"follow","max-snippet":"max-snippet:-1","max-image-preview":"max-image-preview:large","max-video-preview":"max-video-preview:-1"},"canonical":"https:\/\/qtmm.org\/qt\/meclis-reisi-mustafa-cemilev-turkiye-cumhuriyetnin-adalet-ve-inkisaf-partiyasinin-akparti-4-nci-qurultayinda-istirak-etti\/","og_locale":"en_US","og_type":"article","og_title":"Meclis reisi Mustafa Cemilev T\u00fcrkiye Cumhuriyetni\u00f1 Adalet ve inki\u015faf partiyas\u0131n\u0131\u00f1 (Akparti) 4-nci qurultay\u0131nda i\u015ftirak etti - \u041c\u0435\u0434\u0436\u043b\u0456\u0441","og_description":"Q\u0131r\u0131mtatar halq\u0131 Meclisini\u00f1 reisi, Ukraina halq deputat\u0131 Mustafa Cemilev T\u00fcrkiye Cumhuriyetni\u00f1 Adalet ve inki\u015faf partiyas\u0131n\u0131\u00f1 (Akparti) 2012 senesi sent\u00e2br 30-da \u00f6tkerilgen 4-nci qurultay\u0131nda fahriy musafir olaraq i\u015ftirak etti &#8220;B\u00fcy\u00fck millet, b\u00fcy\u00fck quvet \u2013 2023 senesine maqsad\u0131m\u0131z&#8221; &#8211; T\u00fcrkiye Cumhuriyetindeki e\u00f1 b\u00fcy\u00fck partiyan\u0131\u00f1 4-nci qurultay\u0131 b\u00f6yle \u015fiar alt\u0131nda ke\u00e7ti. 2023 senesi tesadufen a\u00f1\u0131lmay, o y\u0131l\u0131 T\u00fcrkiye [&hellip;]","og_url":"https:\/\/qtmm.org\/qt\/meclis-reisi-mustafa-cemilev-turkiye-cumhuriyetnin-adalet-ve-inkisaf-partiyasinin-akparti-4-nci-qurultayinda-istirak-etti\/","og_site_name":"\u041c\u0435\u0434\u0436\u043b\u0456\u0441","article_publisher":"https:\/\/www.facebook.com\/qtmm.info\/","article_published_time":"2012-10-01T10:28:00+00:00","article_modified_time":"2022-01-23T10:30:45+00:00","og_image":[{"width":900,"height":534,"url":"https:\/\/qtmm.org\/wp-content\/uploads\/2022\/01\/20120930.094943_ank023_1913490__large.jpg","type":"image\/jpeg"}],"author":"Developer","twitter_card":"summary_large_image","twitter_misc":{"Written by":"Developer","Est. reading time":"1 minute"},"schema":{"@context":"https:\/\/schema.org","@graph":[{"@type":"Article","@id":"https:\/\/qtmm.org\/qt\/meclis-reisi-mustafa-cemilev-turkiye-cumhuriyetnin-adalet-ve-inkisaf-partiyasinin-akparti-4-nci-qurultayinda-istirak-etti\/#article","isPartOf":{"@id":"https:\/\/qtmm.org\/qt\/meclis-reisi-mustafa-cemilev-turkiye-cumhuriyetnin-adalet-ve-inkisaf-partiyasinin-akparti-4-nci-qurultayinda-istirak-etti\/"},"author":{"name":"Developer","@id":"https:\/\/qtmm.org\/qt\/#\/schema\/person\/de562469f971dec226ac06e60bbf74a7"},"headline":"Meclis reisi Mustafa Cemilev T\u00fcrkiye Cumhuriyetni\u00f1 Adalet ve inki\u015faf partiyas\u0131n\u0131\u00f1 (Akparti) 4-nci qurultay\u0131nda i\u015ftirak etti","datePublished":"2012-10-01T10:28:00+00:00","dateModified":"2022-01-23T10:30:45+00:00","mainEntityOfPage":{"@id":"https:\/\/qtmm.org\/qt\/meclis-reisi-mustafa-cemilev-turkiye-cumhuriyetnin-adalet-ve-inkisaf-partiyasinin-akparti-4-nci-qurultayinda-istirak-etti\/"},"wordCount":248,"commentCount":0,"publisher":{"@id":"https:\/\/qtmm.org\/qt\/#organization"},"image":{"@id":"https:\/\/qtmm.org\/qt\/meclis-reisi-mustafa-cemilev-turkiye-cumhuriyetnin-adalet-ve-inkisaf-partiyasinin-akparti-4-nci-qurultayinda-istirak-etti\/#primaryimage"},"thumbnailUrl":"https:\/\/qtmm.org\/wp-content\/uploads\/2022\/01\/20120930.094943_ank023_1913490__large.jpg","articleSection":["Haberler"],"inLanguage":"qt","potentialAction":[{"@type":"CommentAction","name":"Comment","target":["https:\/\/qtmm.org\/qt\/meclis-reisi-mustafa-cemilev-turkiye-cumhuriyetnin-adalet-ve-inkisaf-partiyasinin-akparti-4-nci-qurultayinda-istirak-etti\/#respond"]}]},{"@type":"WebPage","@id":"https:\/\/qtmm.org\/qt\/meclis-reisi-mustafa-cemilev-turkiye-cumhuriyetnin-adalet-ve-inkisaf-partiyasinin-akparti-4-nci-qurultayinda-istirak-etti\/","url":"https:\/\/qtmm.org\/qt\/meclis-reisi-mustafa-cemilev-turkiye-cumhuriyetnin-adalet-ve-inkisaf-partiyasinin-akparti-4-nci-qurultayinda-istirak-etti\/","name":"Meclis reisi Mustafa Cemilev T\u00fcrkiye Cumhuriyetni\u00f1 Adalet ve inki\u015faf partiyas\u0131n\u0131\u00f1 (Akparti) 4-nci qurultay\u0131nda i\u015ftirak etti - \u041c\u0435\u0434\u0436\u043b\u0456\u0441","isPartOf":{"@id":"https:\/\/qtmm.org\/qt\/#website"},"primaryImageOfPage":{"@id":"https:\/\/qtmm.org\/qt\/meclis-reisi-mustafa-cemilev-turkiye-cumhuriyetnin-adalet-ve-inkisaf-partiyasinin-akparti-4-nci-qurultayinda-istirak-etti\/#primaryimage"},"image":{"@id":"https:\/\/qtmm.org\/qt\/meclis-reisi-mustafa-cemilev-turkiye-cumhuriyetnin-adalet-ve-inkisaf-partiyasinin-akparti-4-nci-qurultayinda-istirak-etti\/#primaryimage"},"thumbnailUrl":"https:\/\/qtmm.org\/wp-content\/uploads\/2022\/01\/20120930.094943_ank023_1913490__large.jpg","datePublished":"2012-10-01T10:28:00+00:00","dateModified":"2022-01-23T10:30:45+00:00","breadcrumb":{"@id":"https:\/\/qtmm.org\/qt\/meclis-reisi-mustafa-cemilev-turkiye-cumhuriyetnin-adalet-ve-inkisaf-partiyasinin-akparti-4-nci-qurultayinda-istirak-etti\/#breadcrumb"},"inLanguage":"qt","potentialAction":[{"@type":"ReadAction","target":["https:\/\/qtmm.org\/qt\/meclis-reisi-mustafa-cemilev-turkiye-cumhuriyetnin-adalet-ve-inkisaf-partiyasinin-akparti-4-nci-qurultayinda-istirak-etti\/"]}]},{"@type":"ImageObject","inLanguage":"qt","@id":"https:\/\/qtmm.org\/qt\/meclis-reisi-mustafa-cemilev-turkiye-cumhuriyetnin-adalet-ve-inkisaf-partiyasinin-akparti-4-nci-qurultayinda-istirak-etti\/#primaryimage","url":"https:\/\/qtmm.org\/wp-content\/uploads\/2022\/01\/20120930.094943_ank023_1913490__large.jpg","contentUrl":"https:\/\/qtmm.org\/wp-content\/uploads\/2022\/01\/20120930.094943_ank023_1913490__large.jpg","width":900,"height":534},{"@type":"BreadcrumbList","@id":"https:\/\/qtmm.org\/qt\/meclis-reisi-mustafa-cemilev-turkiye-cumhuriyetnin-adalet-ve-inkisaf-partiyasinin-akparti-4-nci-qurultayinda-istirak-etti\/#breadcrumb","itemListElement":[{"@type":"ListItem","position":1,"name":"\u0413\u043e\u043b\u043e\u0432\u043d\u0430","item":"https:\/\/qtmm.org\/qt\/"},{"@type":"ListItem","position":2,"name":"Meclis reisi Mustafa Cemilev T\u00fcrkiye Cumhuriyetni\u00f1 Adalet ve inki\u015faf partiyas\u0131n\u0131\u00f1 (Akparti) 4-nci qurultay\u0131nda i\u015ftirak etti"}]},{"@type":"WebSite","@id":"https:\/\/qtmm.org\/qt\/#website","url":"https:\/\/qtmm.org\/qt\/","name":"\u041c\u0435\u0434\u0436\u043b\u0456\u0441","description":"","publisher":{"@id":"https:\/\/qtmm.org\/qt\/#organization"},"potentialAction":[{"@type":"SearchAction","target":{"@type":"EntryPoint","urlTemplate":"https:\/\/qtmm.org\/qt\/?s={search_term_string}"},"query-input":{"@type":"PropertyValueSpecification","valueRequired":true,"valueName":"search_term_string"}}],"inLanguage":"qt"},{"@type":"Organization","@id":"https:\/\/qtmm.org\/qt\/#organization","name":"\u041c\u0435\u0434\u0436\u043b\u0456\u0441","url":"https:\/\/qtmm.org\/qt\/","logo":{"@type":"ImageObject","inLanguage":"qt","@id":"https:\/\/qtmm.org\/qt\/#\/schema\/logo\/image\/","url":"https:\/\/qtmm.org\/wp-content\/uploads\/2024\/12\/ua-mejlis-logo-rgb.svg","contentUrl":"https:\/\/qtmm.org\/wp-content\/uploads\/2024\/12\/ua-mejlis-logo-rgb.svg","caption":"\u041c\u0435\u0434\u0436\u043b\u0456\u0441"},"image":{"@id":"https:\/\/qtmm.org\/qt\/#\/schema\/logo\/image\/"},"sameAs":["https:\/\/www.facebook.com\/qtmm.info\/"]},{"@type":"Person","@id":"https:\/\/qtmm.org\/qt\/#\/schema\/person\/de562469f971dec226ac06e60bbf74a7","name":"Developer","image":{"@type":"ImageObject","inLanguage":"qt","@id":"https:\/\/secure.gravatar.com\/avatar\/392b4cc8fbfeb00b39dfeeab4ee6edded39ffd48e25858637e4765810300227e?s=96&d=mm&r=g","url":"https:\/\/secure.gravatar.com\/avatar\/392b4cc8fbfeb00b39dfeeab4ee6edded39ffd48e25858637e4765810300227e?s=96&d=mm&r=g","contentUrl":"https:\/\/secure.gravatar.com\/avatar\/392b4cc8fbfeb00b39dfeeab4ee6edded39ffd48e25858637e4765810300227e?s=96&d=mm&r=g","caption":"Developer"},"url":"https:\/\/qtmm.org\/qt\/author\/Developer\/"}]}},"_links":{"self":[{"href":"https:\/\/qtmm.org\/qt\/wp-json\/wp\/v2\/posts\/34519","targetHints":{"allow":["GET"]}}],"collection":[{"href":"https:\/\/qtmm.org\/qt\/wp-json\/wp\/v2\/posts"}],"about":[{"href":"https:\/\/qtmm.org\/qt\/wp-json\/wp\/v2\/types\/post"}],"author":[{"embeddable":true,"href":"https:\/\/qtmm.org\/qt\/wp-json\/wp\/v2\/users\/1"}],"replies":[{"embeddable":true,"href":"https:\/\/qtmm.org\/qt\/wp-json\/wp\/v2\/comments?post=34519"}],"version-history":[{"count":1,"href":"https:\/\/qtmm.org\/qt\/wp-json\/wp\/v2\/posts\/34519\/revisions"}],"predecessor-version":[{"id":34536,"href":"https:\/\/qtmm.org\/qt\/wp-json\/wp\/v2\/posts\/34519\/revisions\/34536"}],"wp:featuredmedia":[{"embeddable":true,"href":"https:\/\/qtmm.org\/qt\/wp-json\/wp\/v2\/media\/34520"}],"wp:attachment":[{"href":"https:\/\/qtmm.org\/qt\/wp-json\/wp\/v2\/media?parent=34519"}],"wp:term":[{"taxonomy":"category","embeddable":true,"href":"https:\/\/qtmm.org\/qt\/wp-json\/wp\/v2\/categories?post=34519"},{"taxonomy":"post_tag","embeddable":true,"href":"https:\/\/qtmm.org\/qt\/wp-json\/wp\/v2\/tags?post=34519"}],"curies":[{"name":"wp","href":"https:\/\/api.w.org\/{rel}","templated":true}]}}