




{"id":34513,"date":"2012-09-26T13:27:00","date_gmt":"2012-09-26T10:27:00","guid":{"rendered":"http:\/\/qtmm.org\/?p=34513"},"modified":"2022-01-23T13:28:24","modified_gmt":"2022-01-23T10:28:24","slug":"refat-cubarov-qirim-yuqari-surasinin-minberinden-ana-tilinde-ciqista-bulundi","status":"publish","type":"post","link":"https:\/\/qtmm.org\/qt\/refat-cubarov-qirim-yuqari-surasinin-minberinden-ana-tilinde-ciqista-bulundi\/","title":{"rendered":"Refat \u00c7ubarov Q\u0131r\u0131m Yuqar\u0131 \u015euras\u0131n\u0131\u00f1 minberinden ana tilinde \u00e7\u0131q\u0131\u015fta bulund\u0131"},"content":{"rendered":"\n<p>2012 senesi sent\u00e2br 26 k\u00fcn\u00fc Q\u0131r\u0131m parlamentini\u00f1 sessiyas\u0131nda &#8220;Kr\u0131m&#8221; Devlet teleradiokompaniyas\u0131n\u0131\u00f1 direktor\u0131 vazifesine Stepan G\u00fclevat\u0131yn\u0131\u00f1 namzeti muzakere etilgen vaq\u0131tta Q\u0131r\u0131mtatar halq\u0131 meclisi reisini\u00f1 birinci muavini, Q\u0131r\u0131m Yuqar\u0131 \u015euras\u0131n\u0131\u00f1 &#8220;Qurultay-Ruh&#8221; fraktsiyas\u0131 ba\u015f\u0131 Refat \u00c7ubarov mezk\u00fcr mesele boyunca fikirini q\u0131r\u0131mtatar tilinde ifade etti.<\/p>\n\n\n\n<p>Ve b\u00f6yleliknen 2012 senesi avgust 15-te Q\u0131r\u0131m parlamenti sessiyas\u0131nda bergen s\u00f6z\u00fcni tutt\u0131. Q\u0131r\u0131m Yuqar\u0131 \u015euras\u0131 reisi Vladimir Konstantinovn\u0131\u00f1 ricas\u0131na binaen terciman davet etildi, l\u00e2kin terciman deputat R. \u00c7ubarovn\u0131\u00f1 \u00e7\u0131q\u0131\u015f\u0131n\u0131 keregi kibi \u00e7evirip olamad\u0131. \u015eu sebepten Refat \u00c7ubarov \u00f6z s\u00f6zlerini kendisi tercime etecegini s\u00f6yledi.<\/p>\n\n\n\n<p>Ukrain ve q\u0131r\u0131mtatar tilinde teleyay\u0131nlar vaqt\u0131 pek s\u0131\u00f1\u0131rl\u0131 ol\u011fan\u0131n\u0131 R. \u00c7ubarov endi ukrain tilinde aytt\u0131. Belli ki, &#8220;Kr\u0131m&#8221; devlet teleradiokompaniyas\u0131nda q\u0131r\u0131mtatar tilinde yay\u0131nlar\u0131n\u0131\u00f1 k\u00f6lemi k\u00fcnde 26 daqqan\u0131 te\u015fkil ete. Demek, Refat \u00c7ubarov q\u0131r\u0131mtatarlarn\u0131\u00f1 yar\u0131mada ealisine nisbeten fay\u0131z\u0131n\u0131 qayd etkenine k\u00f6re yay\u0131nlar vaqt\u0131 aftada 21 saatke artmaq kerektir.<\/p>\n\n\n\n<p>Parlament sessiyas\u0131n\u0131\u00f1 i\u015fi devam\u0131nda Refat \u00c7ubarov daa bir qa\u00e7 kere \u00f6z fikirlerini yerinden tur\u0131p deputat meslekde\u015flerine devlet ve q\u0131r\u0131mtatar tillerinde ifade etti.<\/p>\n\n\n\n<p>Hat\u0131rlatam\u0131z ki, 2012 senesi avgust 15 k\u00fcn\u00fc &#8220;Q\u0131r\u0131m Muhtar Cumhuriyetinde Ukrainan\u0131\u00f1 &#8220;Devlet til siyasetini\u00f1 esaslar\u0131 aqq\u0131nda&#8221; qanun\u0131n\u0131\u00f1 amelge ke\u00e7irilmesi boyunca birinci dereceli \u00e7areler aqq\u0131nda&#8221; qarar muzakeresini\u00f1 devam\u0131nda Q\u0131r\u0131mtatar halq\u0131 meclisi reisini\u00f1 birinci muavini, Q\u0131r\u0131m Yuqar\u0131 \u015euras\u0131n\u0131\u00f1 &#8220;Qurultay-Ruh&#8221; fraktsiyas\u0131 ba\u015f\u0131 Refat \u00c7ubarov Q\u0131r\u0131m parlamenti minberinden kelecekte parlament topla\u015fuvlar\u0131nda q\u0131r\u0131mtatar tilinde qonu\u015faca\u011f\u0131n\u0131 bildirgen edi.<\/p>\n\n\n\n<p>&#8220;Diqqat\u0131\u00f1\u0131zn\u0131 \u015fu\u00f1a celp etmek isteyim ki, Q\u0131r\u0131m Yuqar\u0131 \u015euras\u0131n\u0131\u00f1 kelecek sessiyas\u0131ndan ba\u015flap \u00fc\u00e7 tilde \u00e7\u0131q\u0131\u015f yapacam. Q\u0131r\u0131mtatar ve belki de ukrain tilini bilmegen zenaatda\u015flar\u0131m ve jurnalistler i\u00e7\u00fcn tercimanlarn\u0131 az\u0131rlama\u00f1\u0131zn\u0131 rica etem. Menim \u00f6z aqq\u0131mdan qullanmaq meram\u0131ndam&#8221;, &#8211; dedi Refat \u00c7ubarov.<\/p>\n\n\n\n<figure class=\"wp-block-embed is-type-video is-provider-youtube wp-block-embed-youtube wp-embed-aspect-16-9 wp-has-aspect-ratio\"><div class=\"wp-block-embed__wrapper\">\n<iframe loading=\"lazy\" title=\"\u0420\u0435\u0444\u0430\u0442 \u0427\u0443\u0431\u0430\u0440\u043e\u0432 \u043d\u0430 \u043a\u0440\u044b\u043c\u0441\u043a\u043e\u0442\u0430\u0442\u0430\u0440\u0441\u043a\u043e\u043c \u044f\u0437\u044b\u043a\u0435 \u0432 \u0412\u0420\" width=\"640\" height=\"360\" src=\"https:\/\/www.youtube.com\/embed\/vwGr9kVT8b8?feature=oembed\" frameborder=\"0\" allow=\"accelerometer; autoplay; clipboard-write; encrypted-media; gyroscope; picture-in-picture; web-share\" referrerpolicy=\"strict-origin-when-cross-origin\" allowfullscreen><\/iframe>\n<\/div><\/figure>\n","protected":false},"excerpt":{"rendered":"<p>2012 senesi sent\u00e2br 26 k\u00fcn\u00fc Q\u0131r\u0131m parlamentini\u00f1 sessiyas\u0131nda &#8220;Kr\u0131m&#8221; Devlet teleradiokompaniyas\u0131n\u0131\u00f1 direktor\u0131 vazifesine Stepan G\u00fclevat\u0131yn\u0131\u00f1 namzeti muzakere etilgen vaq\u0131tta Q\u0131r\u0131mtatar halq\u0131 meclisi reisini\u00f1 birinci muavini, Q\u0131r\u0131m Yuqar\u0131 \u015euras\u0131n\u0131\u00f1 &#8220;Qurultay-Ruh&#8221; fraktsiyas\u0131 ba\u015f\u0131 Refat \u00c7ubarov mezk\u00fcr mesele boyunca fikirini q\u0131r\u0131mtatar tilinde ifade etti. Ve b\u00f6yleliknen 2012 senesi avgust 15-te Q\u0131r\u0131m parlamenti sessiyas\u0131nda bergen s\u00f6z\u00fcni tutt\u0131. Q\u0131r\u0131m Yuqar\u0131 [&hellip;]<\/p>\n","protected":false},"author":1,"featured_media":34514,"comment_status":"open","ping_status":"open","sticky":false,"template":"","format":"standard","meta":{"inline_featured_image":false,"footnotes":""},"categories":[265],"tags":[],"class_list":["post-34513","post","type-post","status-publish","format-standard","has-post-thumbnail","hentry","category-haberler"],"acf":[],"yoast_head":"<!-- This site is optimized with the Yoast SEO plugin v27.4 - https:\/\/yoast.com\/product\/yoast-seo-wordpress\/ -->\n<title>Refat \u00c7ubarov Q\u0131r\u0131m Yuqar\u0131 \u015euras\u0131n\u0131\u00f1 minberinden ana tilinde \u00e7\u0131q\u0131\u015fta bulund\u0131 - \u041c\u0435\u0434\u0436\u043b\u0456\u0441<\/title>\n<meta name=\"robots\" content=\"index, follow, max-snippet:-1, max-image-preview:large, max-video-preview:-1\" \/>\n<link rel=\"canonical\" href=\"https:\/\/qtmm.org\/qt\/refat-cubarov-qirim-yuqari-surasinin-minberinden-ana-tilinde-ciqista-bulundi\/\" \/>\n<meta property=\"og:locale\" content=\"en_US\" \/>\n<meta property=\"og:type\" content=\"article\" \/>\n<meta property=\"og:title\" content=\"Refat \u00c7ubarov Q\u0131r\u0131m Yuqar\u0131 \u015euras\u0131n\u0131\u00f1 minberinden ana tilinde \u00e7\u0131q\u0131\u015fta bulund\u0131 - \u041c\u0435\u0434\u0436\u043b\u0456\u0441\" \/>\n<meta property=\"og:description\" content=\"2012 senesi sent\u00e2br 26 k\u00fcn\u00fc Q\u0131r\u0131m parlamentini\u00f1 sessiyas\u0131nda &#8220;Kr\u0131m&#8221; Devlet teleradiokompaniyas\u0131n\u0131\u00f1 direktor\u0131 vazifesine Stepan G\u00fclevat\u0131yn\u0131\u00f1 namzeti muzakere etilgen vaq\u0131tta Q\u0131r\u0131mtatar halq\u0131 meclisi reisini\u00f1 birinci muavini, Q\u0131r\u0131m Yuqar\u0131 \u015euras\u0131n\u0131\u00f1 &#8220;Qurultay-Ruh&#8221; fraktsiyas\u0131 ba\u015f\u0131 Refat \u00c7ubarov mezk\u00fcr mesele boyunca fikirini q\u0131r\u0131mtatar tilinde ifade etti. Ve b\u00f6yleliknen 2012 senesi avgust 15-te Q\u0131r\u0131m parlamenti sessiyas\u0131nda bergen s\u00f6z\u00fcni tutt\u0131. Q\u0131r\u0131m Yuqar\u0131 [&hellip;]\" \/>\n<meta property=\"og:url\" content=\"https:\/\/qtmm.org\/qt\/refat-cubarov-qirim-yuqari-surasinin-minberinden-ana-tilinde-ciqista-bulundi\/\" \/>\n<meta property=\"og:site_name\" content=\"\u041c\u0435\u0434\u0436\u043b\u0456\u0441\" \/>\n<meta property=\"article:publisher\" content=\"https:\/\/www.facebook.com\/qtmm.info\/\" \/>\n<meta property=\"article:published_time\" content=\"2012-09-26T10:27:00+00:00\" \/>\n<meta property=\"article:modified_time\" content=\"2022-01-23T10:28:24+00:00\" \/>\n<meta property=\"og:image\" content=\"https:\/\/qtmm.org\/wp-content\/uploads\/2022\/01\/refat_chubarov_vr_ark_2_1.jpeg\" \/>\n\t<meta property=\"og:image:width\" content=\"650\" \/>\n\t<meta property=\"og:image:height\" content=\"390\" \/>\n\t<meta property=\"og:image:type\" content=\"image\/jpeg\" \/>\n<meta name=\"author\" content=\"Developer\" \/>\n<meta name=\"twitter:card\" content=\"summary_large_image\" \/>\n<meta name=\"twitter:label1\" content=\"Written by\" \/>\n\t<meta name=\"twitter:data1\" content=\"Developer\" \/>\n\t<meta name=\"twitter:label2\" content=\"Est. reading time\" \/>\n\t<meta name=\"twitter:data2\" content=\"2 minutes\" \/>\n<script type=\"application\/ld+json\" class=\"yoast-schema-graph\">{\"@context\":\"https:\\\/\\\/schema.org\",\"@graph\":[{\"@type\":\"Article\",\"@id\":\"https:\\\/\\\/qtmm.org\\\/qt\\\/refat-cubarov-qirim-yuqari-surasinin-minberinden-ana-tilinde-ciqista-bulundi\\\/#article\",\"isPartOf\":{\"@id\":\"https:\\\/\\\/qtmm.org\\\/qt\\\/refat-cubarov-qirim-yuqari-surasinin-minberinden-ana-tilinde-ciqista-bulundi\\\/\"},\"author\":{\"name\":\"Developer\",\"@id\":\"https:\\\/\\\/qtmm.org\\\/qt\\\/#\\\/schema\\\/person\\\/de562469f971dec226ac06e60bbf74a7\"},\"headline\":\"Refat \u00c7ubarov Q\u0131r\u0131m Yuqar\u0131 \u015euras\u0131n\u0131\u00f1 minberinden ana tilinde \u00e7\u0131q\u0131\u015fta bulund\u0131\",\"datePublished\":\"2012-09-26T10:27:00+00:00\",\"dateModified\":\"2022-01-23T10:28:24+00:00\",\"mainEntityOfPage\":{\"@id\":\"https:\\\/\\\/qtmm.org\\\/qt\\\/refat-cubarov-qirim-yuqari-surasinin-minberinden-ana-tilinde-ciqista-bulundi\\\/\"},\"wordCount\":356,\"commentCount\":0,\"publisher\":{\"@id\":\"https:\\\/\\\/qtmm.org\\\/qt\\\/#organization\"},\"image\":{\"@id\":\"https:\\\/\\\/qtmm.org\\\/qt\\\/refat-cubarov-qirim-yuqari-surasinin-minberinden-ana-tilinde-ciqista-bulundi\\\/#primaryimage\"},\"thumbnailUrl\":\"https:\\\/\\\/qtmm.org\\\/wp-content\\\/uploads\\\/2022\\\/01\\\/refat_chubarov_vr_ark_2_1.jpeg\",\"articleSection\":[\"Haberler\"],\"inLanguage\":\"qt\",\"potentialAction\":[{\"@type\":\"CommentAction\",\"name\":\"Comment\",\"target\":[\"https:\\\/\\\/qtmm.org\\\/qt\\\/refat-cubarov-qirim-yuqari-surasinin-minberinden-ana-tilinde-ciqista-bulundi\\\/#respond\"]}]},{\"@type\":\"WebPage\",\"@id\":\"https:\\\/\\\/qtmm.org\\\/qt\\\/refat-cubarov-qirim-yuqari-surasinin-minberinden-ana-tilinde-ciqista-bulundi\\\/\",\"url\":\"https:\\\/\\\/qtmm.org\\\/qt\\\/refat-cubarov-qirim-yuqari-surasinin-minberinden-ana-tilinde-ciqista-bulundi\\\/\",\"name\":\"Refat \u00c7ubarov Q\u0131r\u0131m Yuqar\u0131 \u015euras\u0131n\u0131\u00f1 minberinden ana tilinde \u00e7\u0131q\u0131\u015fta bulund\u0131 - \u041c\u0435\u0434\u0436\u043b\u0456\u0441\",\"isPartOf\":{\"@id\":\"https:\\\/\\\/qtmm.org\\\/qt\\\/#website\"},\"primaryImageOfPage\":{\"@id\":\"https:\\\/\\\/qtmm.org\\\/qt\\\/refat-cubarov-qirim-yuqari-surasinin-minberinden-ana-tilinde-ciqista-bulundi\\\/#primaryimage\"},\"image\":{\"@id\":\"https:\\\/\\\/qtmm.org\\\/qt\\\/refat-cubarov-qirim-yuqari-surasinin-minberinden-ana-tilinde-ciqista-bulundi\\\/#primaryimage\"},\"thumbnailUrl\":\"https:\\\/\\\/qtmm.org\\\/wp-content\\\/uploads\\\/2022\\\/01\\\/refat_chubarov_vr_ark_2_1.jpeg\",\"datePublished\":\"2012-09-26T10:27:00+00:00\",\"dateModified\":\"2022-01-23T10:28:24+00:00\",\"breadcrumb\":{\"@id\":\"https:\\\/\\\/qtmm.org\\\/qt\\\/refat-cubarov-qirim-yuqari-surasinin-minberinden-ana-tilinde-ciqista-bulundi\\\/#breadcrumb\"},\"inLanguage\":\"qt\",\"potentialAction\":[{\"@type\":\"ReadAction\",\"target\":[\"https:\\\/\\\/qtmm.org\\\/qt\\\/refat-cubarov-qirim-yuqari-surasinin-minberinden-ana-tilinde-ciqista-bulundi\\\/\"]}]},{\"@type\":\"ImageObject\",\"inLanguage\":\"qt\",\"@id\":\"https:\\\/\\\/qtmm.org\\\/qt\\\/refat-cubarov-qirim-yuqari-surasinin-minberinden-ana-tilinde-ciqista-bulundi\\\/#primaryimage\",\"url\":\"https:\\\/\\\/qtmm.org\\\/wp-content\\\/uploads\\\/2022\\\/01\\\/refat_chubarov_vr_ark_2_1.jpeg\",\"contentUrl\":\"https:\\\/\\\/qtmm.org\\\/wp-content\\\/uploads\\\/2022\\\/01\\\/refat_chubarov_vr_ark_2_1.jpeg\",\"width\":650,\"height\":390},{\"@type\":\"BreadcrumbList\",\"@id\":\"https:\\\/\\\/qtmm.org\\\/qt\\\/refat-cubarov-qirim-yuqari-surasinin-minberinden-ana-tilinde-ciqista-bulundi\\\/#breadcrumb\",\"itemListElement\":[{\"@type\":\"ListItem\",\"position\":1,\"name\":\"\u0413\u043e\u043b\u043e\u0432\u043d\u0430\",\"item\":\"https:\\\/\\\/qtmm.org\\\/qt\\\/\"},{\"@type\":\"ListItem\",\"position\":2,\"name\":\"Refat \u00c7ubarov Q\u0131r\u0131m Yuqar\u0131 \u015euras\u0131n\u0131\u00f1 minberinden ana tilinde \u00e7\u0131q\u0131\u015fta bulund\u0131\"}]},{\"@type\":\"WebSite\",\"@id\":\"https:\\\/\\\/qtmm.org\\\/qt\\\/#website\",\"url\":\"https:\\\/\\\/qtmm.org\\\/qt\\\/\",\"name\":\"\u041c\u0435\u0434\u0436\u043b\u0456\u0441\",\"description\":\"\",\"publisher\":{\"@id\":\"https:\\\/\\\/qtmm.org\\\/qt\\\/#organization\"},\"potentialAction\":[{\"@type\":\"SearchAction\",\"target\":{\"@type\":\"EntryPoint\",\"urlTemplate\":\"https:\\\/\\\/qtmm.org\\\/qt\\\/?s={search_term_string}\"},\"query-input\":{\"@type\":\"PropertyValueSpecification\",\"valueRequired\":true,\"valueName\":\"search_term_string\"}}],\"inLanguage\":\"qt\"},{\"@type\":\"Organization\",\"@id\":\"https:\\\/\\\/qtmm.org\\\/qt\\\/#organization\",\"name\":\"\u041c\u0435\u0434\u0436\u043b\u0456\u0441\",\"url\":\"https:\\\/\\\/qtmm.org\\\/qt\\\/\",\"logo\":{\"@type\":\"ImageObject\",\"inLanguage\":\"qt\",\"@id\":\"https:\\\/\\\/qtmm.org\\\/qt\\\/#\\\/schema\\\/logo\\\/image\\\/\",\"url\":\"https:\\\/\\\/qtmm.org\\\/wp-content\\\/uploads\\\/2024\\\/12\\\/ua-mejlis-logo-rgb.svg\",\"contentUrl\":\"https:\\\/\\\/qtmm.org\\\/wp-content\\\/uploads\\\/2024\\\/12\\\/ua-mejlis-logo-rgb.svg\",\"caption\":\"\u041c\u0435\u0434\u0436\u043b\u0456\u0441\"},\"image\":{\"@id\":\"https:\\\/\\\/qtmm.org\\\/qt\\\/#\\\/schema\\\/logo\\\/image\\\/\"},\"sameAs\":[\"https:\\\/\\\/www.facebook.com\\\/qtmm.info\\\/\"]},{\"@type\":\"Person\",\"@id\":\"https:\\\/\\\/qtmm.org\\\/qt\\\/#\\\/schema\\\/person\\\/de562469f971dec226ac06e60bbf74a7\",\"name\":\"Developer\",\"image\":{\"@type\":\"ImageObject\",\"inLanguage\":\"qt\",\"@id\":\"https:\\\/\\\/secure.gravatar.com\\\/avatar\\\/392b4cc8fbfeb00b39dfeeab4ee6edded39ffd48e25858637e4765810300227e?s=96&d=mm&r=g\",\"url\":\"https:\\\/\\\/secure.gravatar.com\\\/avatar\\\/392b4cc8fbfeb00b39dfeeab4ee6edded39ffd48e25858637e4765810300227e?s=96&d=mm&r=g\",\"contentUrl\":\"https:\\\/\\\/secure.gravatar.com\\\/avatar\\\/392b4cc8fbfeb00b39dfeeab4ee6edded39ffd48e25858637e4765810300227e?s=96&d=mm&r=g\",\"caption\":\"Developer\"},\"url\":\"https:\\\/\\\/qtmm.org\\\/qt\\\/author\\\/Developer\\\/\"}]}<\/script>\n<!-- \/ Yoast SEO plugin. -->","yoast_head_json":{"title":"Refat \u00c7ubarov Q\u0131r\u0131m Yuqar\u0131 \u015euras\u0131n\u0131\u00f1 minberinden ana tilinde \u00e7\u0131q\u0131\u015fta bulund\u0131 - \u041c\u0435\u0434\u0436\u043b\u0456\u0441","robots":{"index":"index","follow":"follow","max-snippet":"max-snippet:-1","max-image-preview":"max-image-preview:large","max-video-preview":"max-video-preview:-1"},"canonical":"https:\/\/qtmm.org\/qt\/refat-cubarov-qirim-yuqari-surasinin-minberinden-ana-tilinde-ciqista-bulundi\/","og_locale":"en_US","og_type":"article","og_title":"Refat \u00c7ubarov Q\u0131r\u0131m Yuqar\u0131 \u015euras\u0131n\u0131\u00f1 minberinden ana tilinde \u00e7\u0131q\u0131\u015fta bulund\u0131 - \u041c\u0435\u0434\u0436\u043b\u0456\u0441","og_description":"2012 senesi sent\u00e2br 26 k\u00fcn\u00fc Q\u0131r\u0131m parlamentini\u00f1 sessiyas\u0131nda &#8220;Kr\u0131m&#8221; Devlet teleradiokompaniyas\u0131n\u0131\u00f1 direktor\u0131 vazifesine Stepan G\u00fclevat\u0131yn\u0131\u00f1 namzeti muzakere etilgen vaq\u0131tta Q\u0131r\u0131mtatar halq\u0131 meclisi reisini\u00f1 birinci muavini, Q\u0131r\u0131m Yuqar\u0131 \u015euras\u0131n\u0131\u00f1 &#8220;Qurultay-Ruh&#8221; fraktsiyas\u0131 ba\u015f\u0131 Refat \u00c7ubarov mezk\u00fcr mesele boyunca fikirini q\u0131r\u0131mtatar tilinde ifade etti. Ve b\u00f6yleliknen 2012 senesi avgust 15-te Q\u0131r\u0131m parlamenti sessiyas\u0131nda bergen s\u00f6z\u00fcni tutt\u0131. Q\u0131r\u0131m Yuqar\u0131 [&hellip;]","og_url":"https:\/\/qtmm.org\/qt\/refat-cubarov-qirim-yuqari-surasinin-minberinden-ana-tilinde-ciqista-bulundi\/","og_site_name":"\u041c\u0435\u0434\u0436\u043b\u0456\u0441","article_publisher":"https:\/\/www.facebook.com\/qtmm.info\/","article_published_time":"2012-09-26T10:27:00+00:00","article_modified_time":"2022-01-23T10:28:24+00:00","og_image":[{"width":650,"height":390,"url":"https:\/\/qtmm.org\/wp-content\/uploads\/2022\/01\/refat_chubarov_vr_ark_2_1.jpeg","type":"image\/jpeg"}],"author":"Developer","twitter_card":"summary_large_image","twitter_misc":{"Written by":"Developer","Est. reading time":"2 minutes"},"schema":{"@context":"https:\/\/schema.org","@graph":[{"@type":"Article","@id":"https:\/\/qtmm.org\/qt\/refat-cubarov-qirim-yuqari-surasinin-minberinden-ana-tilinde-ciqista-bulundi\/#article","isPartOf":{"@id":"https:\/\/qtmm.org\/qt\/refat-cubarov-qirim-yuqari-surasinin-minberinden-ana-tilinde-ciqista-bulundi\/"},"author":{"name":"Developer","@id":"https:\/\/qtmm.org\/qt\/#\/schema\/person\/de562469f971dec226ac06e60bbf74a7"},"headline":"Refat \u00c7ubarov Q\u0131r\u0131m Yuqar\u0131 \u015euras\u0131n\u0131\u00f1 minberinden ana tilinde \u00e7\u0131q\u0131\u015fta bulund\u0131","datePublished":"2012-09-26T10:27:00+00:00","dateModified":"2022-01-23T10:28:24+00:00","mainEntityOfPage":{"@id":"https:\/\/qtmm.org\/qt\/refat-cubarov-qirim-yuqari-surasinin-minberinden-ana-tilinde-ciqista-bulundi\/"},"wordCount":356,"commentCount":0,"publisher":{"@id":"https:\/\/qtmm.org\/qt\/#organization"},"image":{"@id":"https:\/\/qtmm.org\/qt\/refat-cubarov-qirim-yuqari-surasinin-minberinden-ana-tilinde-ciqista-bulundi\/#primaryimage"},"thumbnailUrl":"https:\/\/qtmm.org\/wp-content\/uploads\/2022\/01\/refat_chubarov_vr_ark_2_1.jpeg","articleSection":["Haberler"],"inLanguage":"qt","potentialAction":[{"@type":"CommentAction","name":"Comment","target":["https:\/\/qtmm.org\/qt\/refat-cubarov-qirim-yuqari-surasinin-minberinden-ana-tilinde-ciqista-bulundi\/#respond"]}]},{"@type":"WebPage","@id":"https:\/\/qtmm.org\/qt\/refat-cubarov-qirim-yuqari-surasinin-minberinden-ana-tilinde-ciqista-bulundi\/","url":"https:\/\/qtmm.org\/qt\/refat-cubarov-qirim-yuqari-surasinin-minberinden-ana-tilinde-ciqista-bulundi\/","name":"Refat \u00c7ubarov Q\u0131r\u0131m Yuqar\u0131 \u015euras\u0131n\u0131\u00f1 minberinden ana tilinde \u00e7\u0131q\u0131\u015fta bulund\u0131 - \u041c\u0435\u0434\u0436\u043b\u0456\u0441","isPartOf":{"@id":"https:\/\/qtmm.org\/qt\/#website"},"primaryImageOfPage":{"@id":"https:\/\/qtmm.org\/qt\/refat-cubarov-qirim-yuqari-surasinin-minberinden-ana-tilinde-ciqista-bulundi\/#primaryimage"},"image":{"@id":"https:\/\/qtmm.org\/qt\/refat-cubarov-qirim-yuqari-surasinin-minberinden-ana-tilinde-ciqista-bulundi\/#primaryimage"},"thumbnailUrl":"https:\/\/qtmm.org\/wp-content\/uploads\/2022\/01\/refat_chubarov_vr_ark_2_1.jpeg","datePublished":"2012-09-26T10:27:00+00:00","dateModified":"2022-01-23T10:28:24+00:00","breadcrumb":{"@id":"https:\/\/qtmm.org\/qt\/refat-cubarov-qirim-yuqari-surasinin-minberinden-ana-tilinde-ciqista-bulundi\/#breadcrumb"},"inLanguage":"qt","potentialAction":[{"@type":"ReadAction","target":["https:\/\/qtmm.org\/qt\/refat-cubarov-qirim-yuqari-surasinin-minberinden-ana-tilinde-ciqista-bulundi\/"]}]},{"@type":"ImageObject","inLanguage":"qt","@id":"https:\/\/qtmm.org\/qt\/refat-cubarov-qirim-yuqari-surasinin-minberinden-ana-tilinde-ciqista-bulundi\/#primaryimage","url":"https:\/\/qtmm.org\/wp-content\/uploads\/2022\/01\/refat_chubarov_vr_ark_2_1.jpeg","contentUrl":"https:\/\/qtmm.org\/wp-content\/uploads\/2022\/01\/refat_chubarov_vr_ark_2_1.jpeg","width":650,"height":390},{"@type":"BreadcrumbList","@id":"https:\/\/qtmm.org\/qt\/refat-cubarov-qirim-yuqari-surasinin-minberinden-ana-tilinde-ciqista-bulundi\/#breadcrumb","itemListElement":[{"@type":"ListItem","position":1,"name":"\u0413\u043e\u043b\u043e\u0432\u043d\u0430","item":"https:\/\/qtmm.org\/qt\/"},{"@type":"ListItem","position":2,"name":"Refat \u00c7ubarov Q\u0131r\u0131m Yuqar\u0131 \u015euras\u0131n\u0131\u00f1 minberinden ana tilinde \u00e7\u0131q\u0131\u015fta bulund\u0131"}]},{"@type":"WebSite","@id":"https:\/\/qtmm.org\/qt\/#website","url":"https:\/\/qtmm.org\/qt\/","name":"\u041c\u0435\u0434\u0436\u043b\u0456\u0441","description":"","publisher":{"@id":"https:\/\/qtmm.org\/qt\/#organization"},"potentialAction":[{"@type":"SearchAction","target":{"@type":"EntryPoint","urlTemplate":"https:\/\/qtmm.org\/qt\/?s={search_term_string}"},"query-input":{"@type":"PropertyValueSpecification","valueRequired":true,"valueName":"search_term_string"}}],"inLanguage":"qt"},{"@type":"Organization","@id":"https:\/\/qtmm.org\/qt\/#organization","name":"\u041c\u0435\u0434\u0436\u043b\u0456\u0441","url":"https:\/\/qtmm.org\/qt\/","logo":{"@type":"ImageObject","inLanguage":"qt","@id":"https:\/\/qtmm.org\/qt\/#\/schema\/logo\/image\/","url":"https:\/\/qtmm.org\/wp-content\/uploads\/2024\/12\/ua-mejlis-logo-rgb.svg","contentUrl":"https:\/\/qtmm.org\/wp-content\/uploads\/2024\/12\/ua-mejlis-logo-rgb.svg","caption":"\u041c\u0435\u0434\u0436\u043b\u0456\u0441"},"image":{"@id":"https:\/\/qtmm.org\/qt\/#\/schema\/logo\/image\/"},"sameAs":["https:\/\/www.facebook.com\/qtmm.info\/"]},{"@type":"Person","@id":"https:\/\/qtmm.org\/qt\/#\/schema\/person\/de562469f971dec226ac06e60bbf74a7","name":"Developer","image":{"@type":"ImageObject","inLanguage":"qt","@id":"https:\/\/secure.gravatar.com\/avatar\/392b4cc8fbfeb00b39dfeeab4ee6edded39ffd48e25858637e4765810300227e?s=96&d=mm&r=g","url":"https:\/\/secure.gravatar.com\/avatar\/392b4cc8fbfeb00b39dfeeab4ee6edded39ffd48e25858637e4765810300227e?s=96&d=mm&r=g","contentUrl":"https:\/\/secure.gravatar.com\/avatar\/392b4cc8fbfeb00b39dfeeab4ee6edded39ffd48e25858637e4765810300227e?s=96&d=mm&r=g","caption":"Developer"},"url":"https:\/\/qtmm.org\/qt\/author\/Developer\/"}]}},"_links":{"self":[{"href":"https:\/\/qtmm.org\/qt\/wp-json\/wp\/v2\/posts\/34513","targetHints":{"allow":["GET"]}}],"collection":[{"href":"https:\/\/qtmm.org\/qt\/wp-json\/wp\/v2\/posts"}],"about":[{"href":"https:\/\/qtmm.org\/qt\/wp-json\/wp\/v2\/types\/post"}],"author":[{"embeddable":true,"href":"https:\/\/qtmm.org\/qt\/wp-json\/wp\/v2\/users\/1"}],"replies":[{"embeddable":true,"href":"https:\/\/qtmm.org\/qt\/wp-json\/wp\/v2\/comments?post=34513"}],"version-history":[{"count":1,"href":"https:\/\/qtmm.org\/qt\/wp-json\/wp\/v2\/posts\/34513\/revisions"}],"predecessor-version":[{"id":34518,"href":"https:\/\/qtmm.org\/qt\/wp-json\/wp\/v2\/posts\/34513\/revisions\/34518"}],"wp:featuredmedia":[{"embeddable":true,"href":"https:\/\/qtmm.org\/qt\/wp-json\/wp\/v2\/media\/34514"}],"wp:attachment":[{"href":"https:\/\/qtmm.org\/qt\/wp-json\/wp\/v2\/media?parent=34513"}],"wp:term":[{"taxonomy":"category","embeddable":true,"href":"https:\/\/qtmm.org\/qt\/wp-json\/wp\/v2\/categories?post=34513"},{"taxonomy":"post_tag","embeddable":true,"href":"https:\/\/qtmm.org\/qt\/wp-json\/wp\/v2\/tags?post=34513"}],"curies":[{"name":"wp","href":"https:\/\/api.w.org\/{rel}","templated":true}]}}