




{"id":34495,"date":"2012-09-26T13:25:00","date_gmt":"2012-09-26T10:25:00","guid":{"rendered":"http:\/\/qtmm.org\/?p=34495"},"modified":"2022-01-23T13:27:14","modified_gmt":"2022-01-23T10:27:14","slug":"bagcasaray-tarihiy-medeniy-qoruq-ilk-kere-bagcasaray-tarihi-yanimizda-aqsam-programmasini-taqdim-etti","status":"publish","type":"post","link":"https:\/\/qtmm.org\/qt\/bagcasaray-tarihiy-medeniy-qoruq-ilk-kere-bagcasaray-tarihi-yanimizda-aqsam-programmasini-taqdim-etti\/","title":{"rendered":"Ba\u011f\u00e7asaray tarihiy-medeniy qoruq ilk kere \u00abBa\u011f\u00e7asaray. Tarih\u0131 yan\u0131m\u0131zda\u00bb aq\u015fam programmas\u0131n\u0131 taqdim etti"},"content":{"rendered":"\n<p>Sent\u00e2br 25 k\u00fcn\u00fc saat 18.30-da Hansaray \u00f6z qap\u0131lar\u0131n\u0131 a\u00e7t\u0131. \u00c7oqtan-\u00e7oq musafirlerni sarayn\u0131\u00f1 azbar\u0131nda qoruqn\u0131\u00f1 ba\u015f direktor\u0131 Valeriy Naumenko ve &#8220;Hansaray&#8221; Q\u0131r\u0131mtatarlar tarih\u0131 ve medeniyeti m\u00fczeyi m\u00fcdirini\u00f1 muavini Lenara \u00c7ubuq\u00e7iyeva qar\u015f\u0131lad\u0131lar.<\/p>\n\n\n\n<p>Ekskursiya ba\u015flamazdan evel musafirlerni qoqul\u0131 qave ve tatl\u0131larnen s\u0131ylad\u0131lar. \u015eeer \u00fczerine qaran\u0131q \u00e7\u00f6kip ba\u015fla\u011fanda saray boylap aq\u015fam kezintisi ba\u015fland\u0131.<\/p>\n\n\n\n<p>Kezintini bestek\u00e2r Elvira Emirni\u00f1 t\u0131ls\u0131ml\u0131 muz\u0131kas\u0131, hanlar, A.S. Pu\u015fkin, A. Mitskevi\u00e7, L. Ukrainka \u015fiirlerini\u00f1 icra etilmesi yara\u015ft\u0131rd\u0131. Sarayn\u0131\u00f1 gece \u0131\u015f\u0131qlar\u0131ncan ayd\u0131nlan\u011fan o ya da bu k\u00f6\u015fesi sanki masaldakisi kibi meft\u00fcn etti. Musafirler sarayn\u0131 kendileri i\u00e7\u00fcn ya\u00f1\u0131dan a\u00e7\u0131p, hanlar devrindeki zaman\u011fa d\u00f6ngen kibi old\u0131lar.<\/p>\n\n\n\n<figure class=\"wp-block-image size-full\"><img loading=\"lazy\" decoding=\"async\" width=\"800\" height=\"529\" src=\"http:\/\/qtmm.org\/wp-content\/uploads\/2022\/01\/445_575x_4_3.jpeg\" alt=\"\" class=\"wp-image-34500\" srcset=\"https:\/\/qtmm.org\/wp-content\/uploads\/2022\/01\/445_575x_4_3.jpeg 800w, https:\/\/qtmm.org\/wp-content\/uploads\/2022\/01\/445_575x_4_3-300x198.jpeg 300w, https:\/\/qtmm.org\/wp-content\/uploads\/2022\/01\/445_575x_4_3-768x508.jpeg 768w\" sizes=\"auto, (max-width: 800px) 100vw, 800px\" \/><\/figure>\n\n\n\n<p>Kezintini\u00f1 so\u00f1unda ise er kesni s\u00fcrpriz beklemekte edi \u2013 Han cami qar\u015f\u0131s\u0131ndaki meydanda &#8220;Q\u0131r\u0131m&#8221; ansamblini\u00f1 usta sanat\u00e7\u0131lar\u0131 Asiye Saale, Dil\u00e2ver Osmanov, Mayye Anafiyeva ve Elvira Veli\u015fayeva eski y\u0131r ve oyunlarn\u0131 icra ettiler.<\/p>\n\n\n\n<p>Hansarayda b\u00f6yle tedbir birinci kere \u00f6tkerildi. Te\u015fkil\u00e2t\u00e7\u0131lar e\u00f1 samimiy al\u011f\u0131\u015flar\u011fa malik old\u0131lar. Kelecekte Ba\u011f\u00e7asaray. Tarih\u0131 yan\u0131m\u0131zda&#8221; aq\u015fam programmas\u0131 tek Q\u0131r\u0131m sakinleri i\u00e7\u00fcn degil de, yar\u0131mada musafirleri i\u00e7\u00fcn de te\u015fkil\u00e2tland\u0131r\u0131lacaq.<\/p>\n\n\n\n<figure class=\"wp-block-image size-full\"><img loading=\"lazy\" decoding=\"async\" width=\"800\" height=\"529\" src=\"http:\/\/qtmm.org\/wp-content\/uploads\/2022\/01\/447_575x_6_1.jpeg\" alt=\"\" class=\"wp-image-34504\" srcset=\"https:\/\/qtmm.org\/wp-content\/uploads\/2022\/01\/447_575x_6_1.jpeg 800w, https:\/\/qtmm.org\/wp-content\/uploads\/2022\/01\/447_575x_6_1-300x198.jpeg 300w, https:\/\/qtmm.org\/wp-content\/uploads\/2022\/01\/447_575x_6_1-768x508.jpeg 768w\" sizes=\"auto, (max-width: 800px) 100vw, 800px\" \/><\/figure>\n\n\n\n<p>\u015eun\u0131 da qayd etmek ekskursiyan\u0131\u00f1 kontsert q\u0131sm\u0131 farql\u0131-farql\u0131 olacaq, er sefer ya\u00f1\u0131 sanat\u00e7\u0131lar ya\u00f1\u0131 programmalar\u0131n\u0131 taqdim etecekler.<\/p>\n\n\n\n<figure class=\"wp-block-image size-full\"><img loading=\"lazy\" decoding=\"async\" width=\"800\" height=\"529\" src=\"http:\/\/qtmm.org\/wp-content\/uploads\/2022\/01\/449_575x_8_0.jpeg\" alt=\"\" class=\"wp-image-34508\" srcset=\"https:\/\/qtmm.org\/wp-content\/uploads\/2022\/01\/449_575x_8_0.jpeg 800w, https:\/\/qtmm.org\/wp-content\/uploads\/2022\/01\/449_575x_8_0-300x198.jpeg 300w, https:\/\/qtmm.org\/wp-content\/uploads\/2022\/01\/449_575x_8_0-768x508.jpeg 768w\" sizes=\"auto, (max-width: 800px) 100vw, 800px\" \/><\/figure>\n","protected":false},"excerpt":{"rendered":"<p>Sent\u00e2br 25 k\u00fcn\u00fc saat 18.30-da Hansaray \u00f6z qap\u0131lar\u0131n\u0131 a\u00e7t\u0131. \u00c7oqtan-\u00e7oq musafirlerni sarayn\u0131\u00f1 azbar\u0131nda qoruqn\u0131\u00f1 ba\u015f direktor\u0131 Valeriy Naumenko ve &#8220;Hansaray&#8221; Q\u0131r\u0131mtatarlar tarih\u0131 ve medeniyeti m\u00fczeyi m\u00fcdirini\u00f1 muavini Lenara \u00c7ubuq\u00e7iyeva qar\u015f\u0131lad\u0131lar. Ekskursiya ba\u015flamazdan evel musafirlerni qoqul\u0131 qave ve tatl\u0131larnen s\u0131ylad\u0131lar. \u015eeer \u00fczerine qaran\u0131q \u00e7\u00f6kip ba\u015fla\u011fanda saray boylap aq\u015fam kezintisi ba\u015fland\u0131. Kezintini bestek\u00e2r Elvira Emirni\u00f1 t\u0131ls\u0131ml\u0131 muz\u0131kas\u0131, [&hellip;]<\/p>\n","protected":false},"author":1,"featured_media":34496,"comment_status":"open","ping_status":"open","sticky":false,"template":"","format":"standard","meta":{"inline_featured_image":false,"footnotes":""},"categories":[265],"tags":[],"class_list":["post-34495","post","type-post","status-publish","format-standard","has-post-thumbnail","hentry","category-haberler"],"acf":[],"yoast_head":"<!-- This site is optimized with the Yoast SEO plugin v27.4 - https:\/\/yoast.com\/product\/yoast-seo-wordpress\/ -->\n<title>Ba\u011f\u00e7asaray tarihiy-medeniy qoruq ilk kere \u00abBa\u011f\u00e7asaray. Tarih\u0131 yan\u0131m\u0131zda\u00bb aq\u015fam programmas\u0131n\u0131 taqdim etti - \u041c\u0435\u0434\u0436\u043b\u0456\u0441<\/title>\n<meta name=\"robots\" content=\"index, follow, max-snippet:-1, max-image-preview:large, max-video-preview:-1\" \/>\n<link rel=\"canonical\" href=\"https:\/\/qtmm.org\/qt\/bagcasaray-tarihiy-medeniy-qoruq-ilk-kere-bagcasaray-tarihi-yanimizda-aqsam-programmasini-taqdim-etti\/\" \/>\n<meta property=\"og:locale\" content=\"en_US\" \/>\n<meta property=\"og:type\" content=\"article\" \/>\n<meta property=\"og:title\" content=\"Ba\u011f\u00e7asaray tarihiy-medeniy qoruq ilk kere \u00abBa\u011f\u00e7asaray. Tarih\u0131 yan\u0131m\u0131zda\u00bb aq\u015fam programmas\u0131n\u0131 taqdim etti - \u041c\u0435\u0434\u0436\u043b\u0456\u0441\" \/>\n<meta property=\"og:description\" content=\"Sent\u00e2br 25 k\u00fcn\u00fc saat 18.30-da Hansaray \u00f6z qap\u0131lar\u0131n\u0131 a\u00e7t\u0131. \u00c7oqtan-\u00e7oq musafirlerni sarayn\u0131\u00f1 azbar\u0131nda qoruqn\u0131\u00f1 ba\u015f direktor\u0131 Valeriy Naumenko ve &#8220;Hansaray&#8221; Q\u0131r\u0131mtatarlar tarih\u0131 ve medeniyeti m\u00fczeyi m\u00fcdirini\u00f1 muavini Lenara \u00c7ubuq\u00e7iyeva qar\u015f\u0131lad\u0131lar. Ekskursiya ba\u015flamazdan evel musafirlerni qoqul\u0131 qave ve tatl\u0131larnen s\u0131ylad\u0131lar. \u015eeer \u00fczerine qaran\u0131q \u00e7\u00f6kip ba\u015fla\u011fanda saray boylap aq\u015fam kezintisi ba\u015fland\u0131. Kezintini bestek\u00e2r Elvira Emirni\u00f1 t\u0131ls\u0131ml\u0131 muz\u0131kas\u0131, [&hellip;]\" \/>\n<meta property=\"og:url\" content=\"https:\/\/qtmm.org\/qt\/bagcasaray-tarihiy-medeniy-qoruq-ilk-kere-bagcasaray-tarihi-yanimizda-aqsam-programmasini-taqdim-etti\/\" \/>\n<meta property=\"og:site_name\" content=\"\u041c\u0435\u0434\u0436\u043b\u0456\u0441\" \/>\n<meta property=\"article:publisher\" content=\"https:\/\/www.facebook.com\/qtmm.info\/\" \/>\n<meta property=\"article:published_time\" content=\"2012-09-26T10:25:00+00:00\" \/>\n<meta property=\"article:modified_time\" content=\"2022-01-23T10:27:14+00:00\" \/>\n<meta property=\"og:image\" content=\"https:\/\/qtmm.org\/wp-content\/uploads\/2022\/01\/442_575x_1_7.jpeg\" \/>\n\t<meta property=\"og:image:width\" content=\"800\" \/>\n\t<meta property=\"og:image:height\" content=\"529\" \/>\n\t<meta property=\"og:image:type\" content=\"image\/jpeg\" \/>\n<meta name=\"author\" content=\"Developer\" \/>\n<meta name=\"twitter:card\" content=\"summary_large_image\" \/>\n<meta name=\"twitter:label1\" content=\"Written by\" \/>\n\t<meta name=\"twitter:data1\" content=\"Developer\" \/>\n\t<meta name=\"twitter:label2\" content=\"Est. reading time\" \/>\n\t<meta name=\"twitter:data2\" content=\"1 minute\" \/>\n<script type=\"application\/ld+json\" class=\"yoast-schema-graph\">{\"@context\":\"https:\\\/\\\/schema.org\",\"@graph\":[{\"@type\":\"Article\",\"@id\":\"https:\\\/\\\/qtmm.org\\\/qt\\\/bagcasaray-tarihiy-medeniy-qoruq-ilk-kere-bagcasaray-tarihi-yanimizda-aqsam-programmasini-taqdim-etti\\\/#article\",\"isPartOf\":{\"@id\":\"https:\\\/\\\/qtmm.org\\\/qt\\\/bagcasaray-tarihiy-medeniy-qoruq-ilk-kere-bagcasaray-tarihi-yanimizda-aqsam-programmasini-taqdim-etti\\\/\"},\"author\":{\"name\":\"Developer\",\"@id\":\"https:\\\/\\\/qtmm.org\\\/qt\\\/#\\\/schema\\\/person\\\/de562469f971dec226ac06e60bbf74a7\"},\"headline\":\"Ba\u011f\u00e7asaray tarihiy-medeniy qoruq ilk kere \u00abBa\u011f\u00e7asaray. Tarih\u0131 yan\u0131m\u0131zda\u00bb aq\u015fam programmas\u0131n\u0131 taqdim etti\",\"datePublished\":\"2012-09-26T10:25:00+00:00\",\"dateModified\":\"2022-01-23T10:27:14+00:00\",\"mainEntityOfPage\":{\"@id\":\"https:\\\/\\\/qtmm.org\\\/qt\\\/bagcasaray-tarihiy-medeniy-qoruq-ilk-kere-bagcasaray-tarihi-yanimizda-aqsam-programmasini-taqdim-etti\\\/\"},\"wordCount\":262,\"commentCount\":0,\"publisher\":{\"@id\":\"https:\\\/\\\/qtmm.org\\\/qt\\\/#organization\"},\"image\":{\"@id\":\"https:\\\/\\\/qtmm.org\\\/qt\\\/bagcasaray-tarihiy-medeniy-qoruq-ilk-kere-bagcasaray-tarihi-yanimizda-aqsam-programmasini-taqdim-etti\\\/#primaryimage\"},\"thumbnailUrl\":\"https:\\\/\\\/qtmm.org\\\/wp-content\\\/uploads\\\/2022\\\/01\\\/442_575x_1_7.jpeg\",\"articleSection\":[\"Haberler\"],\"inLanguage\":\"qt\",\"potentialAction\":[{\"@type\":\"CommentAction\",\"name\":\"Comment\",\"target\":[\"https:\\\/\\\/qtmm.org\\\/qt\\\/bagcasaray-tarihiy-medeniy-qoruq-ilk-kere-bagcasaray-tarihi-yanimizda-aqsam-programmasini-taqdim-etti\\\/#respond\"]}]},{\"@type\":\"WebPage\",\"@id\":\"https:\\\/\\\/qtmm.org\\\/qt\\\/bagcasaray-tarihiy-medeniy-qoruq-ilk-kere-bagcasaray-tarihi-yanimizda-aqsam-programmasini-taqdim-etti\\\/\",\"url\":\"https:\\\/\\\/qtmm.org\\\/qt\\\/bagcasaray-tarihiy-medeniy-qoruq-ilk-kere-bagcasaray-tarihi-yanimizda-aqsam-programmasini-taqdim-etti\\\/\",\"name\":\"Ba\u011f\u00e7asaray tarihiy-medeniy qoruq ilk kere \u00abBa\u011f\u00e7asaray. Tarih\u0131 yan\u0131m\u0131zda\u00bb aq\u015fam programmas\u0131n\u0131 taqdim etti - \u041c\u0435\u0434\u0436\u043b\u0456\u0441\",\"isPartOf\":{\"@id\":\"https:\\\/\\\/qtmm.org\\\/qt\\\/#website\"},\"primaryImageOfPage\":{\"@id\":\"https:\\\/\\\/qtmm.org\\\/qt\\\/bagcasaray-tarihiy-medeniy-qoruq-ilk-kere-bagcasaray-tarihi-yanimizda-aqsam-programmasini-taqdim-etti\\\/#primaryimage\"},\"image\":{\"@id\":\"https:\\\/\\\/qtmm.org\\\/qt\\\/bagcasaray-tarihiy-medeniy-qoruq-ilk-kere-bagcasaray-tarihi-yanimizda-aqsam-programmasini-taqdim-etti\\\/#primaryimage\"},\"thumbnailUrl\":\"https:\\\/\\\/qtmm.org\\\/wp-content\\\/uploads\\\/2022\\\/01\\\/442_575x_1_7.jpeg\",\"datePublished\":\"2012-09-26T10:25:00+00:00\",\"dateModified\":\"2022-01-23T10:27:14+00:00\",\"breadcrumb\":{\"@id\":\"https:\\\/\\\/qtmm.org\\\/qt\\\/bagcasaray-tarihiy-medeniy-qoruq-ilk-kere-bagcasaray-tarihi-yanimizda-aqsam-programmasini-taqdim-etti\\\/#breadcrumb\"},\"inLanguage\":\"qt\",\"potentialAction\":[{\"@type\":\"ReadAction\",\"target\":[\"https:\\\/\\\/qtmm.org\\\/qt\\\/bagcasaray-tarihiy-medeniy-qoruq-ilk-kere-bagcasaray-tarihi-yanimizda-aqsam-programmasini-taqdim-etti\\\/\"]}]},{\"@type\":\"ImageObject\",\"inLanguage\":\"qt\",\"@id\":\"https:\\\/\\\/qtmm.org\\\/qt\\\/bagcasaray-tarihiy-medeniy-qoruq-ilk-kere-bagcasaray-tarihi-yanimizda-aqsam-programmasini-taqdim-etti\\\/#primaryimage\",\"url\":\"https:\\\/\\\/qtmm.org\\\/wp-content\\\/uploads\\\/2022\\\/01\\\/442_575x_1_7.jpeg\",\"contentUrl\":\"https:\\\/\\\/qtmm.org\\\/wp-content\\\/uploads\\\/2022\\\/01\\\/442_575x_1_7.jpeg\",\"width\":800,\"height\":529},{\"@type\":\"BreadcrumbList\",\"@id\":\"https:\\\/\\\/qtmm.org\\\/qt\\\/bagcasaray-tarihiy-medeniy-qoruq-ilk-kere-bagcasaray-tarihi-yanimizda-aqsam-programmasini-taqdim-etti\\\/#breadcrumb\",\"itemListElement\":[{\"@type\":\"ListItem\",\"position\":1,\"name\":\"\u0413\u043e\u043b\u043e\u0432\u043d\u0430\",\"item\":\"https:\\\/\\\/qtmm.org\\\/qt\\\/\"},{\"@type\":\"ListItem\",\"position\":2,\"name\":\"Ba\u011f\u00e7asaray tarihiy-medeniy qoruq ilk kere \u00abBa\u011f\u00e7asaray. Tarih\u0131 yan\u0131m\u0131zda\u00bb aq\u015fam programmas\u0131n\u0131 taqdim etti\"}]},{\"@type\":\"WebSite\",\"@id\":\"https:\\\/\\\/qtmm.org\\\/qt\\\/#website\",\"url\":\"https:\\\/\\\/qtmm.org\\\/qt\\\/\",\"name\":\"\u041c\u0435\u0434\u0436\u043b\u0456\u0441\",\"description\":\"\",\"publisher\":{\"@id\":\"https:\\\/\\\/qtmm.org\\\/qt\\\/#organization\"},\"potentialAction\":[{\"@type\":\"SearchAction\",\"target\":{\"@type\":\"EntryPoint\",\"urlTemplate\":\"https:\\\/\\\/qtmm.org\\\/qt\\\/?s={search_term_string}\"},\"query-input\":{\"@type\":\"PropertyValueSpecification\",\"valueRequired\":true,\"valueName\":\"search_term_string\"}}],\"inLanguage\":\"qt\"},{\"@type\":\"Organization\",\"@id\":\"https:\\\/\\\/qtmm.org\\\/qt\\\/#organization\",\"name\":\"\u041c\u0435\u0434\u0436\u043b\u0456\u0441\",\"url\":\"https:\\\/\\\/qtmm.org\\\/qt\\\/\",\"logo\":{\"@type\":\"ImageObject\",\"inLanguage\":\"qt\",\"@id\":\"https:\\\/\\\/qtmm.org\\\/qt\\\/#\\\/schema\\\/logo\\\/image\\\/\",\"url\":\"https:\\\/\\\/qtmm.org\\\/wp-content\\\/uploads\\\/2024\\\/12\\\/ua-mejlis-logo-rgb.svg\",\"contentUrl\":\"https:\\\/\\\/qtmm.org\\\/wp-content\\\/uploads\\\/2024\\\/12\\\/ua-mejlis-logo-rgb.svg\",\"caption\":\"\u041c\u0435\u0434\u0436\u043b\u0456\u0441\"},\"image\":{\"@id\":\"https:\\\/\\\/qtmm.org\\\/qt\\\/#\\\/schema\\\/logo\\\/image\\\/\"},\"sameAs\":[\"https:\\\/\\\/www.facebook.com\\\/qtmm.info\\\/\"]},{\"@type\":\"Person\",\"@id\":\"https:\\\/\\\/qtmm.org\\\/qt\\\/#\\\/schema\\\/person\\\/de562469f971dec226ac06e60bbf74a7\",\"name\":\"Developer\",\"image\":{\"@type\":\"ImageObject\",\"inLanguage\":\"qt\",\"@id\":\"https:\\\/\\\/secure.gravatar.com\\\/avatar\\\/392b4cc8fbfeb00b39dfeeab4ee6edded39ffd48e25858637e4765810300227e?s=96&d=mm&r=g\",\"url\":\"https:\\\/\\\/secure.gravatar.com\\\/avatar\\\/392b4cc8fbfeb00b39dfeeab4ee6edded39ffd48e25858637e4765810300227e?s=96&d=mm&r=g\",\"contentUrl\":\"https:\\\/\\\/secure.gravatar.com\\\/avatar\\\/392b4cc8fbfeb00b39dfeeab4ee6edded39ffd48e25858637e4765810300227e?s=96&d=mm&r=g\",\"caption\":\"Developer\"},\"url\":\"https:\\\/\\\/qtmm.org\\\/qt\\\/author\\\/Developer\\\/\"}]}<\/script>\n<!-- \/ Yoast SEO plugin. -->","yoast_head_json":{"title":"Ba\u011f\u00e7asaray tarihiy-medeniy qoruq ilk kere \u00abBa\u011f\u00e7asaray. Tarih\u0131 yan\u0131m\u0131zda\u00bb aq\u015fam programmas\u0131n\u0131 taqdim etti - \u041c\u0435\u0434\u0436\u043b\u0456\u0441","robots":{"index":"index","follow":"follow","max-snippet":"max-snippet:-1","max-image-preview":"max-image-preview:large","max-video-preview":"max-video-preview:-1"},"canonical":"https:\/\/qtmm.org\/qt\/bagcasaray-tarihiy-medeniy-qoruq-ilk-kere-bagcasaray-tarihi-yanimizda-aqsam-programmasini-taqdim-etti\/","og_locale":"en_US","og_type":"article","og_title":"Ba\u011f\u00e7asaray tarihiy-medeniy qoruq ilk kere \u00abBa\u011f\u00e7asaray. Tarih\u0131 yan\u0131m\u0131zda\u00bb aq\u015fam programmas\u0131n\u0131 taqdim etti - \u041c\u0435\u0434\u0436\u043b\u0456\u0441","og_description":"Sent\u00e2br 25 k\u00fcn\u00fc saat 18.30-da Hansaray \u00f6z qap\u0131lar\u0131n\u0131 a\u00e7t\u0131. \u00c7oqtan-\u00e7oq musafirlerni sarayn\u0131\u00f1 azbar\u0131nda qoruqn\u0131\u00f1 ba\u015f direktor\u0131 Valeriy Naumenko ve &#8220;Hansaray&#8221; Q\u0131r\u0131mtatarlar tarih\u0131 ve medeniyeti m\u00fczeyi m\u00fcdirini\u00f1 muavini Lenara \u00c7ubuq\u00e7iyeva qar\u015f\u0131lad\u0131lar. Ekskursiya ba\u015flamazdan evel musafirlerni qoqul\u0131 qave ve tatl\u0131larnen s\u0131ylad\u0131lar. \u015eeer \u00fczerine qaran\u0131q \u00e7\u00f6kip ba\u015fla\u011fanda saray boylap aq\u015fam kezintisi ba\u015fland\u0131. Kezintini bestek\u00e2r Elvira Emirni\u00f1 t\u0131ls\u0131ml\u0131 muz\u0131kas\u0131, [&hellip;]","og_url":"https:\/\/qtmm.org\/qt\/bagcasaray-tarihiy-medeniy-qoruq-ilk-kere-bagcasaray-tarihi-yanimizda-aqsam-programmasini-taqdim-etti\/","og_site_name":"\u041c\u0435\u0434\u0436\u043b\u0456\u0441","article_publisher":"https:\/\/www.facebook.com\/qtmm.info\/","article_published_time":"2012-09-26T10:25:00+00:00","article_modified_time":"2022-01-23T10:27:14+00:00","og_image":[{"width":800,"height":529,"url":"https:\/\/qtmm.org\/wp-content\/uploads\/2022\/01\/442_575x_1_7.jpeg","type":"image\/jpeg"}],"author":"Developer","twitter_card":"summary_large_image","twitter_misc":{"Written by":"Developer","Est. reading time":"1 minute"},"schema":{"@context":"https:\/\/schema.org","@graph":[{"@type":"Article","@id":"https:\/\/qtmm.org\/qt\/bagcasaray-tarihiy-medeniy-qoruq-ilk-kere-bagcasaray-tarihi-yanimizda-aqsam-programmasini-taqdim-etti\/#article","isPartOf":{"@id":"https:\/\/qtmm.org\/qt\/bagcasaray-tarihiy-medeniy-qoruq-ilk-kere-bagcasaray-tarihi-yanimizda-aqsam-programmasini-taqdim-etti\/"},"author":{"name":"Developer","@id":"https:\/\/qtmm.org\/qt\/#\/schema\/person\/de562469f971dec226ac06e60bbf74a7"},"headline":"Ba\u011f\u00e7asaray tarihiy-medeniy qoruq ilk kere \u00abBa\u011f\u00e7asaray. Tarih\u0131 yan\u0131m\u0131zda\u00bb aq\u015fam programmas\u0131n\u0131 taqdim etti","datePublished":"2012-09-26T10:25:00+00:00","dateModified":"2022-01-23T10:27:14+00:00","mainEntityOfPage":{"@id":"https:\/\/qtmm.org\/qt\/bagcasaray-tarihiy-medeniy-qoruq-ilk-kere-bagcasaray-tarihi-yanimizda-aqsam-programmasini-taqdim-etti\/"},"wordCount":262,"commentCount":0,"publisher":{"@id":"https:\/\/qtmm.org\/qt\/#organization"},"image":{"@id":"https:\/\/qtmm.org\/qt\/bagcasaray-tarihiy-medeniy-qoruq-ilk-kere-bagcasaray-tarihi-yanimizda-aqsam-programmasini-taqdim-etti\/#primaryimage"},"thumbnailUrl":"https:\/\/qtmm.org\/wp-content\/uploads\/2022\/01\/442_575x_1_7.jpeg","articleSection":["Haberler"],"inLanguage":"qt","potentialAction":[{"@type":"CommentAction","name":"Comment","target":["https:\/\/qtmm.org\/qt\/bagcasaray-tarihiy-medeniy-qoruq-ilk-kere-bagcasaray-tarihi-yanimizda-aqsam-programmasini-taqdim-etti\/#respond"]}]},{"@type":"WebPage","@id":"https:\/\/qtmm.org\/qt\/bagcasaray-tarihiy-medeniy-qoruq-ilk-kere-bagcasaray-tarihi-yanimizda-aqsam-programmasini-taqdim-etti\/","url":"https:\/\/qtmm.org\/qt\/bagcasaray-tarihiy-medeniy-qoruq-ilk-kere-bagcasaray-tarihi-yanimizda-aqsam-programmasini-taqdim-etti\/","name":"Ba\u011f\u00e7asaray tarihiy-medeniy qoruq ilk kere \u00abBa\u011f\u00e7asaray. Tarih\u0131 yan\u0131m\u0131zda\u00bb aq\u015fam programmas\u0131n\u0131 taqdim etti - \u041c\u0435\u0434\u0436\u043b\u0456\u0441","isPartOf":{"@id":"https:\/\/qtmm.org\/qt\/#website"},"primaryImageOfPage":{"@id":"https:\/\/qtmm.org\/qt\/bagcasaray-tarihiy-medeniy-qoruq-ilk-kere-bagcasaray-tarihi-yanimizda-aqsam-programmasini-taqdim-etti\/#primaryimage"},"image":{"@id":"https:\/\/qtmm.org\/qt\/bagcasaray-tarihiy-medeniy-qoruq-ilk-kere-bagcasaray-tarihi-yanimizda-aqsam-programmasini-taqdim-etti\/#primaryimage"},"thumbnailUrl":"https:\/\/qtmm.org\/wp-content\/uploads\/2022\/01\/442_575x_1_7.jpeg","datePublished":"2012-09-26T10:25:00+00:00","dateModified":"2022-01-23T10:27:14+00:00","breadcrumb":{"@id":"https:\/\/qtmm.org\/qt\/bagcasaray-tarihiy-medeniy-qoruq-ilk-kere-bagcasaray-tarihi-yanimizda-aqsam-programmasini-taqdim-etti\/#breadcrumb"},"inLanguage":"qt","potentialAction":[{"@type":"ReadAction","target":["https:\/\/qtmm.org\/qt\/bagcasaray-tarihiy-medeniy-qoruq-ilk-kere-bagcasaray-tarihi-yanimizda-aqsam-programmasini-taqdim-etti\/"]}]},{"@type":"ImageObject","inLanguage":"qt","@id":"https:\/\/qtmm.org\/qt\/bagcasaray-tarihiy-medeniy-qoruq-ilk-kere-bagcasaray-tarihi-yanimizda-aqsam-programmasini-taqdim-etti\/#primaryimage","url":"https:\/\/qtmm.org\/wp-content\/uploads\/2022\/01\/442_575x_1_7.jpeg","contentUrl":"https:\/\/qtmm.org\/wp-content\/uploads\/2022\/01\/442_575x_1_7.jpeg","width":800,"height":529},{"@type":"BreadcrumbList","@id":"https:\/\/qtmm.org\/qt\/bagcasaray-tarihiy-medeniy-qoruq-ilk-kere-bagcasaray-tarihi-yanimizda-aqsam-programmasini-taqdim-etti\/#breadcrumb","itemListElement":[{"@type":"ListItem","position":1,"name":"\u0413\u043e\u043b\u043e\u0432\u043d\u0430","item":"https:\/\/qtmm.org\/qt\/"},{"@type":"ListItem","position":2,"name":"Ba\u011f\u00e7asaray tarihiy-medeniy qoruq ilk kere \u00abBa\u011f\u00e7asaray. Tarih\u0131 yan\u0131m\u0131zda\u00bb aq\u015fam programmas\u0131n\u0131 taqdim etti"}]},{"@type":"WebSite","@id":"https:\/\/qtmm.org\/qt\/#website","url":"https:\/\/qtmm.org\/qt\/","name":"\u041c\u0435\u0434\u0436\u043b\u0456\u0441","description":"","publisher":{"@id":"https:\/\/qtmm.org\/qt\/#organization"},"potentialAction":[{"@type":"SearchAction","target":{"@type":"EntryPoint","urlTemplate":"https:\/\/qtmm.org\/qt\/?s={search_term_string}"},"query-input":{"@type":"PropertyValueSpecification","valueRequired":true,"valueName":"search_term_string"}}],"inLanguage":"qt"},{"@type":"Organization","@id":"https:\/\/qtmm.org\/qt\/#organization","name":"\u041c\u0435\u0434\u0436\u043b\u0456\u0441","url":"https:\/\/qtmm.org\/qt\/","logo":{"@type":"ImageObject","inLanguage":"qt","@id":"https:\/\/qtmm.org\/qt\/#\/schema\/logo\/image\/","url":"https:\/\/qtmm.org\/wp-content\/uploads\/2024\/12\/ua-mejlis-logo-rgb.svg","contentUrl":"https:\/\/qtmm.org\/wp-content\/uploads\/2024\/12\/ua-mejlis-logo-rgb.svg","caption":"\u041c\u0435\u0434\u0436\u043b\u0456\u0441"},"image":{"@id":"https:\/\/qtmm.org\/qt\/#\/schema\/logo\/image\/"},"sameAs":["https:\/\/www.facebook.com\/qtmm.info\/"]},{"@type":"Person","@id":"https:\/\/qtmm.org\/qt\/#\/schema\/person\/de562469f971dec226ac06e60bbf74a7","name":"Developer","image":{"@type":"ImageObject","inLanguage":"qt","@id":"https:\/\/secure.gravatar.com\/avatar\/392b4cc8fbfeb00b39dfeeab4ee6edded39ffd48e25858637e4765810300227e?s=96&d=mm&r=g","url":"https:\/\/secure.gravatar.com\/avatar\/392b4cc8fbfeb00b39dfeeab4ee6edded39ffd48e25858637e4765810300227e?s=96&d=mm&r=g","contentUrl":"https:\/\/secure.gravatar.com\/avatar\/392b4cc8fbfeb00b39dfeeab4ee6edded39ffd48e25858637e4765810300227e?s=96&d=mm&r=g","caption":"Developer"},"url":"https:\/\/qtmm.org\/qt\/author\/Developer\/"}]}},"_links":{"self":[{"href":"https:\/\/qtmm.org\/qt\/wp-json\/wp\/v2\/posts\/34495","targetHints":{"allow":["GET"]}}],"collection":[{"href":"https:\/\/qtmm.org\/qt\/wp-json\/wp\/v2\/posts"}],"about":[{"href":"https:\/\/qtmm.org\/qt\/wp-json\/wp\/v2\/types\/post"}],"author":[{"embeddable":true,"href":"https:\/\/qtmm.org\/qt\/wp-json\/wp\/v2\/users\/1"}],"replies":[{"embeddable":true,"href":"https:\/\/qtmm.org\/qt\/wp-json\/wp\/v2\/comments?post=34495"}],"version-history":[{"count":1,"href":"https:\/\/qtmm.org\/qt\/wp-json\/wp\/v2\/posts\/34495\/revisions"}],"predecessor-version":[{"id":34512,"href":"https:\/\/qtmm.org\/qt\/wp-json\/wp\/v2\/posts\/34495\/revisions\/34512"}],"wp:featuredmedia":[{"embeddable":true,"href":"https:\/\/qtmm.org\/qt\/wp-json\/wp\/v2\/media\/34496"}],"wp:attachment":[{"href":"https:\/\/qtmm.org\/qt\/wp-json\/wp\/v2\/media?parent=34495"}],"wp:term":[{"taxonomy":"category","embeddable":true,"href":"https:\/\/qtmm.org\/qt\/wp-json\/wp\/v2\/categories?post=34495"},{"taxonomy":"post_tag","embeddable":true,"href":"https:\/\/qtmm.org\/qt\/wp-json\/wp\/v2\/tags?post=34495"}],"curies":[{"name":"wp","href":"https:\/\/api.w.org\/{rel}","templated":true}]}}