




{"id":34465,"date":"2012-09-25T13:22:00","date_gmt":"2012-09-25T10:22:00","guid":{"rendered":"http:\/\/qtmm.org\/?p=34465"},"modified":"2022-01-23T13:25:36","modified_gmt":"2022-01-23T10:25:36","slug":"qalay-milliy-mektebi-15-yasinda","status":"publish","type":"post","link":"https:\/\/qtmm.org\/qt\/qalay-milliy-mektebi-15-yasinda\/","title":{"rendered":"Qalay Milliy Mektebi 15 ya\u015finda!"},"content":{"rendered":"\n<p>1997 senesi sent\u00e2br 1-de Cank\u00f6y rayon\u0131ndaki Qalay k\u00f6y\u00fcnde oqutuv q\u0131r\u0131mtatar tilinde al\u0131p bar\u0131l\u011fan mektep a\u00e7\u0131ld\u0131. Ke\u00e7ken y\u0131llar i\u00e7inde mezk\u00fcr mektep mezunlar\u0131 Q\u0131r\u0131m, Ukraina, T\u00fcrkiye, Poloniya universitetlerinde tasil al\u0131p, oca, ekim, adliyeci ve diger zenaat saipleri ol\u0131p, Vatan\u0131m\u0131zn\u0131\u00f1 inki\u015faf\u0131na \u00f6z isseleri qo\u015falar.<\/p>\n\n\n\n<p>\u0130lk ad\u0131mlar\u0131n\u0131 pencere, qap\u0131s\u0131z, harabe bir alda ba\u015fla\u011fan mektep bug\u00fcnde-bug\u00fcn rayon boyunca birinciler s\u0131ras\u0131na ke\u00e7ken mektep 15 y\u0131ll\u0131q yubileyini qayd ete.\u00a0<\/p>\n\n\n\n<figure class=\"wp-block-image size-full\"><img loading=\"lazy\" decoding=\"async\" width=\"650\" height=\"350\" src=\"http:\/\/qtmm.org\/wp-content\/uploads\/2022\/01\/p9200018.jpeg\" alt=\"\" class=\"wp-image-34470\" srcset=\"https:\/\/qtmm.org\/wp-content\/uploads\/2022\/01\/p9200018.jpeg 650w, https:\/\/qtmm.org\/wp-content\/uploads\/2022\/01\/p9200018-300x162.jpeg 300w\" sizes=\"auto, (max-width: 650px) 100vw, 650px\" \/><\/figure>\n\n\n\n<p>1997 senesi Cank\u00f6y rayon\u0131nda ya\u015fa\u011fan q\u0131r\u0131mtatarlar\u00a0 Qalay (Mayskoye) k\u00f6y\u00fcnde harabe alda tur\u011fan bala ba\u011f\u00e7as\u0131n\u0131\u00f1 binas\u0131n\u0131 milliy mektepke bermek ricas\u0131nen yerli\u00a0 memurlar\u011fa muraacat ettiler.\u00a0 Amma yerli akimiyet ve Q\u0131r\u0131m yolba\u015f\u00e7\u0131lar\u0131 bu\u00f1a qar\u015f\u0131 \u00e7\u0131qt\u0131lar. B\u00f6yle munasebetni k\u00f6rgen\u00a0 ana-babalar bala ba\u011f\u00e7as\u0131n\u0131\u00f1 binas\u0131n\u0131 zapt etmege mecbur old\u0131lar. Ve sent\u00e2br 1 k\u00fcn\u00fc\u00a0 Qalay milliy mektebini\u00f1 tantanal\u0131 a\u00e7\u0131l\u0131\u015f merasimi old\u0131.<\/p>\n\n\n\n<figure class=\"wp-block-image size-full\"><img loading=\"lazy\" decoding=\"async\" width=\"650\" height=\"350\" src=\"http:\/\/qtmm.org\/wp-content\/uploads\/2022\/01\/p9200035.jpeg\" alt=\"\" class=\"wp-image-34474\" srcset=\"https:\/\/qtmm.org\/wp-content\/uploads\/2022\/01\/p9200035.jpeg 650w, https:\/\/qtmm.org\/wp-content\/uploads\/2022\/01\/p9200035-300x162.jpeg 300w\" sizes=\"auto, (max-width: 650px) 100vw, 650px\" \/><\/figure>\n\n\n\n<p>Al-az\u0131rda mektepte 192 talebe oquy. Aq\u015famki b\u00f6l\u00fcginde Qalay medresesini\u00f1 100 talebesi tasil ala. Bilgi oca\u011f\u0131n\u0131\u00f1 15 y\u0131ll\u0131q yubileyi b\u00fcy\u00fck bayram\u011fa \u00e7evirildi. Bayramda mektepni\u00f1 oca ve talebeler kollektivleri, olarn\u0131\u00f1 ana-babalar\u0131, k\u00f6y cemaat\u00e7\u0131l\u0131\u011f\u0131ndan \u011fayr\u0131, resmiy musafirler de i\u015ftirak etti.<\/p>\n\n\n\n<figure class=\"wp-block-image size-full\"><img loading=\"lazy\" decoding=\"async\" width=\"650\" height=\"350\" src=\"http:\/\/qtmm.org\/wp-content\/uploads\/2022\/01\/p9200048.jpeg\" alt=\"\" class=\"wp-image-34478\" srcset=\"https:\/\/qtmm.org\/wp-content\/uploads\/2022\/01\/p9200048.jpeg 650w, https:\/\/qtmm.org\/wp-content\/uploads\/2022\/01\/p9200048-300x162.jpeg 300w\" sizes=\"auto, (max-width: 650px) 100vw, 650px\" \/><\/figure>\n\n\n\n<p>Yubiley merasiminde bulun\u011fan Q\u0131r\u0131m Tasil ve ilim, ya\u015flar ve sport nazirligini\u00f1 hadimi Zarema Suleymanova, nazir Vitalina Dzos imzala\u011fan hay\u0131rlavn\u0131 mektep m\u00fcdirine taqdim etti. M\u00fcdir, oca ve mektepteki \u00e7e\u015fit h\u0131zmetlerni\u00f1 hadimlerine Fahriy yarl\u0131qlarn\u0131 Cank\u00f6y rayon devlet memuriyeti yan\u0131ndaki tasil b\u00f6l\u00fcgini\u00f1 m\u00fcdiri Viktor P\u00e2tnikovskiy, q\u0131r\u0131mtatar tili ve edebiyat usulc\u0131s\u0131 Maire Suleymanova, Cank\u00f6y rayon \u015furas\u0131n\u0131\u00f1 reisi Al\u00f6na\u00a0 \u00c7ernikova taqdim etip, te\u015fekk\u00fcr s\u00f6zlerini aytt\u0131lar.<\/p>\n\n\n\n<figure class=\"wp-block-image size-full\"><img loading=\"lazy\" decoding=\"async\" width=\"650\" height=\"350\" src=\"http:\/\/qtmm.org\/wp-content\/uploads\/2022\/01\/p9200053.jpeg\" alt=\"\" class=\"wp-image-34482\" srcset=\"https:\/\/qtmm.org\/wp-content\/uploads\/2022\/01\/p9200053.jpeg 650w, https:\/\/qtmm.org\/wp-content\/uploads\/2022\/01\/p9200053-300x162.jpeg 300w\" sizes=\"auto, (max-width: 650px) 100vw, 650px\" \/><\/figure>\n\n\n\n<p>Tebrik s\u00f6zlerinen birlikte, mektepke qy\u0131metli bah\u015f\u0131\u015flar da taqdim etildi. Kseroks, yaz kezintisi i\u00e7\u00fcn \u00e7ad\u0131r, futbol toplar\u0131 ve ba\u015fqa bah\u015f\u0131\u015flar balalarn\u0131 pek quvand\u0131rd\u0131. Q\u0131ymetli bah\u015f\u0131\u015flar aras\u0131nda &#8220;K\u00fcre\u015f&#8221; federatsiyas\u0131n\u0131\u00f1 reisi Lenur \u0130sl\u00e2mov federatsiyan\u0131\u00f1 k\u00e2tibi Enver \u00dcseinovnen yolla\u011fan k\u00fcre\u015f kilimi i\u00e7\u00fcn sertifikat ta bar edi. Cank\u00f6y region meclisi, qom\u015fu Qamaci (Zare\u00e7noye) ve Qurman milliy mekteplerni\u00f1 m\u00fcdir\u00a0 ve ocalar\u0131 \u00f6z hay\u0131rlavlar\u0131n\u0131 bildirdiler.<\/p>\n\n\n\n<figure class=\"wp-block-image size-full\"><img loading=\"lazy\" decoding=\"async\" width=\"650\" height=\"350\" src=\"http:\/\/qtmm.org\/wp-content\/uploads\/2022\/01\/p9200067.jpeg\" alt=\"\" class=\"wp-image-34486\" srcset=\"https:\/\/qtmm.org\/wp-content\/uploads\/2022\/01\/p9200067.jpeg 650w, https:\/\/qtmm.org\/wp-content\/uploads\/2022\/01\/p9200067-300x162.jpeg 300w\" sizes=\"auto, (max-width: 650px) 100vw, 650px\" \/><\/figure>\n\n\n\n<p>15 y\u0131l evel mezk\u00fcr mektepni a\u00e7qanlardan biri QYU\u015e deputat\u0131, &#8220;Maarif\u00e7i&#8221; birle\u015fmesini\u00f1 reisi Safure Kacametova tebrik \u00e7\u0131q\u0131\u015f\u0131nda, mektepni\u00f1 maddiy-tehnikiy inki\u015faf\u0131na yapqan h\u0131zmetimizni ileride de devam etecekmiz, dep s\u00f6z berdi.<\/p>\n\n\n\n<p>Bayram m\u00fcitinde ke\u00e7ken yubileyde istidatl\u0131 talebelerni\u00f1 \u00e7\u0131q\u0131\u015flar\u0131 b\u00fct\u00fcn i\u015ftirak\u00e7ilerni eyecanland\u0131rd\u0131. Olarn\u0131\u00f1 icras\u0131ndaki y\u0131r ve oyunlar\u00a0 devaml\u0131 al\u011f\u0131\u015flar\u011fa nail old\u0131. Ana-babalarn\u0131\u00f1\u00a0 te\u015fekk\u00fcrleri so\u00f1s\u0131z edi.<\/p>\n\n\n\n<figure class=\"wp-block-image size-full\"><img loading=\"lazy\" decoding=\"async\" width=\"650\" height=\"350\" src=\"http:\/\/qtmm.org\/wp-content\/uploads\/2022\/01\/p9200069.jpeg\" alt=\"\" class=\"wp-image-34490\" srcset=\"https:\/\/qtmm.org\/wp-content\/uploads\/2022\/01\/p9200069.jpeg 650w, https:\/\/qtmm.org\/wp-content\/uploads\/2022\/01\/p9200069-300x162.jpeg 300w\" sizes=\"auto, (max-width: 650px) 100vw, 650px\" \/><\/figure>\n","protected":false},"excerpt":{"rendered":"<p>1997 senesi sent\u00e2br 1-de Cank\u00f6y rayon\u0131ndaki Qalay k\u00f6y\u00fcnde oqutuv q\u0131r\u0131mtatar tilinde al\u0131p bar\u0131l\u011fan mektep a\u00e7\u0131ld\u0131. Ke\u00e7ken y\u0131llar i\u00e7inde mezk\u00fcr mektep mezunlar\u0131 Q\u0131r\u0131m, Ukraina, T\u00fcrkiye, Poloniya universitetlerinde tasil al\u0131p, oca, ekim, adliyeci ve diger zenaat saipleri ol\u0131p, Vatan\u0131m\u0131zn\u0131\u00f1 inki\u015faf\u0131na \u00f6z isseleri qo\u015falar. \u0130lk ad\u0131mlar\u0131n\u0131 pencere, qap\u0131s\u0131z, harabe bir alda ba\u015fla\u011fan mektep bug\u00fcnde-bug\u00fcn rayon boyunca birinciler s\u0131ras\u0131na [&hellip;]<\/p>\n","protected":false},"author":1,"featured_media":34466,"comment_status":"open","ping_status":"open","sticky":false,"template":"","format":"standard","meta":{"inline_featured_image":false,"footnotes":""},"categories":[265],"tags":[],"class_list":["post-34465","post","type-post","status-publish","format-standard","has-post-thumbnail","hentry","category-haberler"],"acf":[],"yoast_head":"<!-- This site is optimized with the Yoast SEO plugin v27.4 - https:\/\/yoast.com\/product\/yoast-seo-wordpress\/ -->\n<title>Qalay Milliy Mektebi 15 ya\u015finda! - \u041c\u0435\u0434\u0436\u043b\u0456\u0441<\/title>\n<meta name=\"robots\" content=\"index, follow, max-snippet:-1, max-image-preview:large, max-video-preview:-1\" \/>\n<link rel=\"canonical\" href=\"https:\/\/qtmm.org\/qt\/qalay-milliy-mektebi-15-yasinda\/\" \/>\n<meta property=\"og:locale\" content=\"en_US\" \/>\n<meta property=\"og:type\" content=\"article\" \/>\n<meta property=\"og:title\" content=\"Qalay Milliy Mektebi 15 ya\u015finda! - \u041c\u0435\u0434\u0436\u043b\u0456\u0441\" \/>\n<meta property=\"og:description\" content=\"1997 senesi sent\u00e2br 1-de Cank\u00f6y rayon\u0131ndaki Qalay k\u00f6y\u00fcnde oqutuv q\u0131r\u0131mtatar tilinde al\u0131p bar\u0131l\u011fan mektep a\u00e7\u0131ld\u0131. Ke\u00e7ken y\u0131llar i\u00e7inde mezk\u00fcr mektep mezunlar\u0131 Q\u0131r\u0131m, Ukraina, T\u00fcrkiye, Poloniya universitetlerinde tasil al\u0131p, oca, ekim, adliyeci ve diger zenaat saipleri ol\u0131p, Vatan\u0131m\u0131zn\u0131\u00f1 inki\u015faf\u0131na \u00f6z isseleri qo\u015falar. \u0130lk ad\u0131mlar\u0131n\u0131 pencere, qap\u0131s\u0131z, harabe bir alda ba\u015fla\u011fan mektep bug\u00fcnde-bug\u00fcn rayon boyunca birinciler s\u0131ras\u0131na [&hellip;]\" \/>\n<meta property=\"og:url\" content=\"https:\/\/qtmm.org\/qt\/qalay-milliy-mektebi-15-yasinda\/\" \/>\n<meta property=\"og:site_name\" content=\"\u041c\u0435\u0434\u0436\u043b\u0456\u0441\" \/>\n<meta property=\"article:publisher\" content=\"https:\/\/www.facebook.com\/qtmm.info\/\" \/>\n<meta property=\"article:published_time\" content=\"2012-09-25T10:22:00+00:00\" \/>\n<meta property=\"article:modified_time\" content=\"2022-01-23T10:25:36+00:00\" \/>\n<meta property=\"og:image\" content=\"https:\/\/qtmm.org\/wp-content\/uploads\/2022\/01\/p9200016.jpeg\" \/>\n\t<meta property=\"og:image:width\" content=\"650\" \/>\n\t<meta property=\"og:image:height\" content=\"350\" \/>\n\t<meta property=\"og:image:type\" content=\"image\/jpeg\" \/>\n<meta name=\"author\" content=\"Developer\" \/>\n<meta name=\"twitter:card\" content=\"summary_large_image\" \/>\n<meta name=\"twitter:label1\" content=\"Written by\" \/>\n\t<meta name=\"twitter:data1\" content=\"Developer\" \/>\n\t<meta name=\"twitter:label2\" content=\"Est. reading time\" \/>\n\t<meta name=\"twitter:data2\" content=\"2 minutes\" \/>\n<script type=\"application\/ld+json\" class=\"yoast-schema-graph\">{\"@context\":\"https:\\\/\\\/schema.org\",\"@graph\":[{\"@type\":\"Article\",\"@id\":\"https:\\\/\\\/qtmm.org\\\/qt\\\/qalay-milliy-mektebi-15-yasinda\\\/#article\",\"isPartOf\":{\"@id\":\"https:\\\/\\\/qtmm.org\\\/qt\\\/qalay-milliy-mektebi-15-yasinda\\\/\"},\"author\":{\"name\":\"Developer\",\"@id\":\"https:\\\/\\\/qtmm.org\\\/qt\\\/#\\\/schema\\\/person\\\/de562469f971dec226ac06e60bbf74a7\"},\"headline\":\"Qalay Milliy Mektebi 15 ya\u015finda!\",\"datePublished\":\"2012-09-25T10:22:00+00:00\",\"dateModified\":\"2022-01-23T10:25:36+00:00\",\"mainEntityOfPage\":{\"@id\":\"https:\\\/\\\/qtmm.org\\\/qt\\\/qalay-milliy-mektebi-15-yasinda\\\/\"},\"wordCount\":476,\"commentCount\":0,\"publisher\":{\"@id\":\"https:\\\/\\\/qtmm.org\\\/qt\\\/#organization\"},\"image\":{\"@id\":\"https:\\\/\\\/qtmm.org\\\/qt\\\/qalay-milliy-mektebi-15-yasinda\\\/#primaryimage\"},\"thumbnailUrl\":\"https:\\\/\\\/qtmm.org\\\/wp-content\\\/uploads\\\/2022\\\/01\\\/p9200016.jpeg\",\"articleSection\":[\"Haberler\"],\"inLanguage\":\"qt\",\"potentialAction\":[{\"@type\":\"CommentAction\",\"name\":\"Comment\",\"target\":[\"https:\\\/\\\/qtmm.org\\\/qt\\\/qalay-milliy-mektebi-15-yasinda\\\/#respond\"]}]},{\"@type\":\"WebPage\",\"@id\":\"https:\\\/\\\/qtmm.org\\\/qt\\\/qalay-milliy-mektebi-15-yasinda\\\/\",\"url\":\"https:\\\/\\\/qtmm.org\\\/qt\\\/qalay-milliy-mektebi-15-yasinda\\\/\",\"name\":\"Qalay Milliy Mektebi 15 ya\u015finda! - \u041c\u0435\u0434\u0436\u043b\u0456\u0441\",\"isPartOf\":{\"@id\":\"https:\\\/\\\/qtmm.org\\\/qt\\\/#website\"},\"primaryImageOfPage\":{\"@id\":\"https:\\\/\\\/qtmm.org\\\/qt\\\/qalay-milliy-mektebi-15-yasinda\\\/#primaryimage\"},\"image\":{\"@id\":\"https:\\\/\\\/qtmm.org\\\/qt\\\/qalay-milliy-mektebi-15-yasinda\\\/#primaryimage\"},\"thumbnailUrl\":\"https:\\\/\\\/qtmm.org\\\/wp-content\\\/uploads\\\/2022\\\/01\\\/p9200016.jpeg\",\"datePublished\":\"2012-09-25T10:22:00+00:00\",\"dateModified\":\"2022-01-23T10:25:36+00:00\",\"breadcrumb\":{\"@id\":\"https:\\\/\\\/qtmm.org\\\/qt\\\/qalay-milliy-mektebi-15-yasinda\\\/#breadcrumb\"},\"inLanguage\":\"qt\",\"potentialAction\":[{\"@type\":\"ReadAction\",\"target\":[\"https:\\\/\\\/qtmm.org\\\/qt\\\/qalay-milliy-mektebi-15-yasinda\\\/\"]}]},{\"@type\":\"ImageObject\",\"inLanguage\":\"qt\",\"@id\":\"https:\\\/\\\/qtmm.org\\\/qt\\\/qalay-milliy-mektebi-15-yasinda\\\/#primaryimage\",\"url\":\"https:\\\/\\\/qtmm.org\\\/wp-content\\\/uploads\\\/2022\\\/01\\\/p9200016.jpeg\",\"contentUrl\":\"https:\\\/\\\/qtmm.org\\\/wp-content\\\/uploads\\\/2022\\\/01\\\/p9200016.jpeg\",\"width\":650,\"height\":350},{\"@type\":\"BreadcrumbList\",\"@id\":\"https:\\\/\\\/qtmm.org\\\/qt\\\/qalay-milliy-mektebi-15-yasinda\\\/#breadcrumb\",\"itemListElement\":[{\"@type\":\"ListItem\",\"position\":1,\"name\":\"\u0413\u043e\u043b\u043e\u0432\u043d\u0430\",\"item\":\"https:\\\/\\\/qtmm.org\\\/qt\\\/\"},{\"@type\":\"ListItem\",\"position\":2,\"name\":\"Qalay Milliy Mektebi 15 ya\u015finda!\"}]},{\"@type\":\"WebSite\",\"@id\":\"https:\\\/\\\/qtmm.org\\\/qt\\\/#website\",\"url\":\"https:\\\/\\\/qtmm.org\\\/qt\\\/\",\"name\":\"\u041c\u0435\u0434\u0436\u043b\u0456\u0441\",\"description\":\"\",\"publisher\":{\"@id\":\"https:\\\/\\\/qtmm.org\\\/qt\\\/#organization\"},\"potentialAction\":[{\"@type\":\"SearchAction\",\"target\":{\"@type\":\"EntryPoint\",\"urlTemplate\":\"https:\\\/\\\/qtmm.org\\\/qt\\\/?s={search_term_string}\"},\"query-input\":{\"@type\":\"PropertyValueSpecification\",\"valueRequired\":true,\"valueName\":\"search_term_string\"}}],\"inLanguage\":\"qt\"},{\"@type\":\"Organization\",\"@id\":\"https:\\\/\\\/qtmm.org\\\/qt\\\/#organization\",\"name\":\"\u041c\u0435\u0434\u0436\u043b\u0456\u0441\",\"url\":\"https:\\\/\\\/qtmm.org\\\/qt\\\/\",\"logo\":{\"@type\":\"ImageObject\",\"inLanguage\":\"qt\",\"@id\":\"https:\\\/\\\/qtmm.org\\\/qt\\\/#\\\/schema\\\/logo\\\/image\\\/\",\"url\":\"https:\\\/\\\/qtmm.org\\\/wp-content\\\/uploads\\\/2024\\\/12\\\/ua-mejlis-logo-rgb.svg\",\"contentUrl\":\"https:\\\/\\\/qtmm.org\\\/wp-content\\\/uploads\\\/2024\\\/12\\\/ua-mejlis-logo-rgb.svg\",\"caption\":\"\u041c\u0435\u0434\u0436\u043b\u0456\u0441\"},\"image\":{\"@id\":\"https:\\\/\\\/qtmm.org\\\/qt\\\/#\\\/schema\\\/logo\\\/image\\\/\"},\"sameAs\":[\"https:\\\/\\\/www.facebook.com\\\/qtmm.info\\\/\"]},{\"@type\":\"Person\",\"@id\":\"https:\\\/\\\/qtmm.org\\\/qt\\\/#\\\/schema\\\/person\\\/de562469f971dec226ac06e60bbf74a7\",\"name\":\"Developer\",\"image\":{\"@type\":\"ImageObject\",\"inLanguage\":\"qt\",\"@id\":\"https:\\\/\\\/secure.gravatar.com\\\/avatar\\\/392b4cc8fbfeb00b39dfeeab4ee6edded39ffd48e25858637e4765810300227e?s=96&d=mm&r=g\",\"url\":\"https:\\\/\\\/secure.gravatar.com\\\/avatar\\\/392b4cc8fbfeb00b39dfeeab4ee6edded39ffd48e25858637e4765810300227e?s=96&d=mm&r=g\",\"contentUrl\":\"https:\\\/\\\/secure.gravatar.com\\\/avatar\\\/392b4cc8fbfeb00b39dfeeab4ee6edded39ffd48e25858637e4765810300227e?s=96&d=mm&r=g\",\"caption\":\"Developer\"},\"url\":\"https:\\\/\\\/qtmm.org\\\/qt\\\/author\\\/Developer\\\/\"}]}<\/script>\n<!-- \/ Yoast SEO plugin. -->","yoast_head_json":{"title":"Qalay Milliy Mektebi 15 ya\u015finda! - \u041c\u0435\u0434\u0436\u043b\u0456\u0441","robots":{"index":"index","follow":"follow","max-snippet":"max-snippet:-1","max-image-preview":"max-image-preview:large","max-video-preview":"max-video-preview:-1"},"canonical":"https:\/\/qtmm.org\/qt\/qalay-milliy-mektebi-15-yasinda\/","og_locale":"en_US","og_type":"article","og_title":"Qalay Milliy Mektebi 15 ya\u015finda! - \u041c\u0435\u0434\u0436\u043b\u0456\u0441","og_description":"1997 senesi sent\u00e2br 1-de Cank\u00f6y rayon\u0131ndaki Qalay k\u00f6y\u00fcnde oqutuv q\u0131r\u0131mtatar tilinde al\u0131p bar\u0131l\u011fan mektep a\u00e7\u0131ld\u0131. Ke\u00e7ken y\u0131llar i\u00e7inde mezk\u00fcr mektep mezunlar\u0131 Q\u0131r\u0131m, Ukraina, T\u00fcrkiye, Poloniya universitetlerinde tasil al\u0131p, oca, ekim, adliyeci ve diger zenaat saipleri ol\u0131p, Vatan\u0131m\u0131zn\u0131\u00f1 inki\u015faf\u0131na \u00f6z isseleri qo\u015falar. \u0130lk ad\u0131mlar\u0131n\u0131 pencere, qap\u0131s\u0131z, harabe bir alda ba\u015fla\u011fan mektep bug\u00fcnde-bug\u00fcn rayon boyunca birinciler s\u0131ras\u0131na [&hellip;]","og_url":"https:\/\/qtmm.org\/qt\/qalay-milliy-mektebi-15-yasinda\/","og_site_name":"\u041c\u0435\u0434\u0436\u043b\u0456\u0441","article_publisher":"https:\/\/www.facebook.com\/qtmm.info\/","article_published_time":"2012-09-25T10:22:00+00:00","article_modified_time":"2022-01-23T10:25:36+00:00","og_image":[{"width":650,"height":350,"url":"https:\/\/qtmm.org\/wp-content\/uploads\/2022\/01\/p9200016.jpeg","type":"image\/jpeg"}],"author":"Developer","twitter_card":"summary_large_image","twitter_misc":{"Written by":"Developer","Est. reading time":"2 minutes"},"schema":{"@context":"https:\/\/schema.org","@graph":[{"@type":"Article","@id":"https:\/\/qtmm.org\/qt\/qalay-milliy-mektebi-15-yasinda\/#article","isPartOf":{"@id":"https:\/\/qtmm.org\/qt\/qalay-milliy-mektebi-15-yasinda\/"},"author":{"name":"Developer","@id":"https:\/\/qtmm.org\/qt\/#\/schema\/person\/de562469f971dec226ac06e60bbf74a7"},"headline":"Qalay Milliy Mektebi 15 ya\u015finda!","datePublished":"2012-09-25T10:22:00+00:00","dateModified":"2022-01-23T10:25:36+00:00","mainEntityOfPage":{"@id":"https:\/\/qtmm.org\/qt\/qalay-milliy-mektebi-15-yasinda\/"},"wordCount":476,"commentCount":0,"publisher":{"@id":"https:\/\/qtmm.org\/qt\/#organization"},"image":{"@id":"https:\/\/qtmm.org\/qt\/qalay-milliy-mektebi-15-yasinda\/#primaryimage"},"thumbnailUrl":"https:\/\/qtmm.org\/wp-content\/uploads\/2022\/01\/p9200016.jpeg","articleSection":["Haberler"],"inLanguage":"qt","potentialAction":[{"@type":"CommentAction","name":"Comment","target":["https:\/\/qtmm.org\/qt\/qalay-milliy-mektebi-15-yasinda\/#respond"]}]},{"@type":"WebPage","@id":"https:\/\/qtmm.org\/qt\/qalay-milliy-mektebi-15-yasinda\/","url":"https:\/\/qtmm.org\/qt\/qalay-milliy-mektebi-15-yasinda\/","name":"Qalay Milliy Mektebi 15 ya\u015finda! - \u041c\u0435\u0434\u0436\u043b\u0456\u0441","isPartOf":{"@id":"https:\/\/qtmm.org\/qt\/#website"},"primaryImageOfPage":{"@id":"https:\/\/qtmm.org\/qt\/qalay-milliy-mektebi-15-yasinda\/#primaryimage"},"image":{"@id":"https:\/\/qtmm.org\/qt\/qalay-milliy-mektebi-15-yasinda\/#primaryimage"},"thumbnailUrl":"https:\/\/qtmm.org\/wp-content\/uploads\/2022\/01\/p9200016.jpeg","datePublished":"2012-09-25T10:22:00+00:00","dateModified":"2022-01-23T10:25:36+00:00","breadcrumb":{"@id":"https:\/\/qtmm.org\/qt\/qalay-milliy-mektebi-15-yasinda\/#breadcrumb"},"inLanguage":"qt","potentialAction":[{"@type":"ReadAction","target":["https:\/\/qtmm.org\/qt\/qalay-milliy-mektebi-15-yasinda\/"]}]},{"@type":"ImageObject","inLanguage":"qt","@id":"https:\/\/qtmm.org\/qt\/qalay-milliy-mektebi-15-yasinda\/#primaryimage","url":"https:\/\/qtmm.org\/wp-content\/uploads\/2022\/01\/p9200016.jpeg","contentUrl":"https:\/\/qtmm.org\/wp-content\/uploads\/2022\/01\/p9200016.jpeg","width":650,"height":350},{"@type":"BreadcrumbList","@id":"https:\/\/qtmm.org\/qt\/qalay-milliy-mektebi-15-yasinda\/#breadcrumb","itemListElement":[{"@type":"ListItem","position":1,"name":"\u0413\u043e\u043b\u043e\u0432\u043d\u0430","item":"https:\/\/qtmm.org\/qt\/"},{"@type":"ListItem","position":2,"name":"Qalay Milliy Mektebi 15 ya\u015finda!"}]},{"@type":"WebSite","@id":"https:\/\/qtmm.org\/qt\/#website","url":"https:\/\/qtmm.org\/qt\/","name":"\u041c\u0435\u0434\u0436\u043b\u0456\u0441","description":"","publisher":{"@id":"https:\/\/qtmm.org\/qt\/#organization"},"potentialAction":[{"@type":"SearchAction","target":{"@type":"EntryPoint","urlTemplate":"https:\/\/qtmm.org\/qt\/?s={search_term_string}"},"query-input":{"@type":"PropertyValueSpecification","valueRequired":true,"valueName":"search_term_string"}}],"inLanguage":"qt"},{"@type":"Organization","@id":"https:\/\/qtmm.org\/qt\/#organization","name":"\u041c\u0435\u0434\u0436\u043b\u0456\u0441","url":"https:\/\/qtmm.org\/qt\/","logo":{"@type":"ImageObject","inLanguage":"qt","@id":"https:\/\/qtmm.org\/qt\/#\/schema\/logo\/image\/","url":"https:\/\/qtmm.org\/wp-content\/uploads\/2024\/12\/ua-mejlis-logo-rgb.svg","contentUrl":"https:\/\/qtmm.org\/wp-content\/uploads\/2024\/12\/ua-mejlis-logo-rgb.svg","caption":"\u041c\u0435\u0434\u0436\u043b\u0456\u0441"},"image":{"@id":"https:\/\/qtmm.org\/qt\/#\/schema\/logo\/image\/"},"sameAs":["https:\/\/www.facebook.com\/qtmm.info\/"]},{"@type":"Person","@id":"https:\/\/qtmm.org\/qt\/#\/schema\/person\/de562469f971dec226ac06e60bbf74a7","name":"Developer","image":{"@type":"ImageObject","inLanguage":"qt","@id":"https:\/\/secure.gravatar.com\/avatar\/392b4cc8fbfeb00b39dfeeab4ee6edded39ffd48e25858637e4765810300227e?s=96&d=mm&r=g","url":"https:\/\/secure.gravatar.com\/avatar\/392b4cc8fbfeb00b39dfeeab4ee6edded39ffd48e25858637e4765810300227e?s=96&d=mm&r=g","contentUrl":"https:\/\/secure.gravatar.com\/avatar\/392b4cc8fbfeb00b39dfeeab4ee6edded39ffd48e25858637e4765810300227e?s=96&d=mm&r=g","caption":"Developer"},"url":"https:\/\/qtmm.org\/qt\/author\/Developer\/"}]}},"_links":{"self":[{"href":"https:\/\/qtmm.org\/qt\/wp-json\/wp\/v2\/posts\/34465","targetHints":{"allow":["GET"]}}],"collection":[{"href":"https:\/\/qtmm.org\/qt\/wp-json\/wp\/v2\/posts"}],"about":[{"href":"https:\/\/qtmm.org\/qt\/wp-json\/wp\/v2\/types\/post"}],"author":[{"embeddable":true,"href":"https:\/\/qtmm.org\/qt\/wp-json\/wp\/v2\/users\/1"}],"replies":[{"embeddable":true,"href":"https:\/\/qtmm.org\/qt\/wp-json\/wp\/v2\/comments?post=34465"}],"version-history":[{"count":1,"href":"https:\/\/qtmm.org\/qt\/wp-json\/wp\/v2\/posts\/34465\/revisions"}],"predecessor-version":[{"id":34494,"href":"https:\/\/qtmm.org\/qt\/wp-json\/wp\/v2\/posts\/34465\/revisions\/34494"}],"wp:featuredmedia":[{"embeddable":true,"href":"https:\/\/qtmm.org\/qt\/wp-json\/wp\/v2\/media\/34466"}],"wp:attachment":[{"href":"https:\/\/qtmm.org\/qt\/wp-json\/wp\/v2\/media?parent=34465"}],"wp:term":[{"taxonomy":"category","embeddable":true,"href":"https:\/\/qtmm.org\/qt\/wp-json\/wp\/v2\/categories?post=34465"},{"taxonomy":"post_tag","embeddable":true,"href":"https:\/\/qtmm.org\/qt\/wp-json\/wp\/v2\/tags?post=34465"}],"curies":[{"name":"wp","href":"https:\/\/api.w.org\/{rel}","templated":true}]}}