




{"id":34455,"date":"2012-09-21T13:21:00","date_gmt":"2012-09-21T10:21:00","guid":{"rendered":"http:\/\/qtmm.org\/?p=34455"},"modified":"2022-01-23T13:22:42","modified_gmt":"2022-01-23T10:22:42","slug":"ispaniyanin-ukrainadaki-elcisi-qirimtatar-halqi-meclisini-ziyaret-etti","status":"publish","type":"post","link":"https:\/\/qtmm.org\/qt\/ispaniyanin-ukrainadaki-elcisi-qirimtatar-halqi-meclisini-ziyaret-etti\/","title":{"rendered":"\u0130spaniyan\u0131\u00f1 Ukrainadaki El\u00e7isi Q\u0131r\u0131mtatar halq\u0131 Meclisini ziyaret etti"},"content":{"rendered":"\n<p>2012 senesi sent\u00e2br 21 k\u00fcn\u00fc Meclis reisi Mustafa Cemilev \u0130spaniyan\u0131\u00f1 Ukraindaki Vefqulade ve Toluvek\u00e2letli El\u00e7isi Hose Rodriges Moyano ile Meclis ofisinde ol\u0131p ke\u00e7ken k\u00f6r\u00fc\u015f\u00fcvinde Meclis reisini\u00f1 birinci muavini, B\u00fct\u00fcnd\u00fcnya q\u0131r\u0131mtatarlar kongressini\u00f1 prezidenti Refat \u00c7ubarov, Meclisni\u00f1 t\u0131\u015fq\u0131 al\u00e2qalar b\u00f6l\u00fcgini\u00f1 ba\u015f\u0131 Ali Hamzin ve Ba\u011f\u00e7asaray rayon devlet memuriyetini\u00f1 ba\u015f\u0131 \u0130lmiy \u00dcmerov i\u015ftirak ettiler.<\/p>\n\n\n\n<p>\u0130spaniya El\u00e7isini\u00f1 yan\u0131nda \u0130spaniyan\u0131\u00f1 Ukraindaki el\u00e7ihasnesini\u00f1 k\u00e2tibi \u00d6riol Eskalas Noyya ve \u0130spaniyan\u0131\u00f1 Q\u0131r\u0131m Muhtar Cumhuriyetinde fahriy konsul\u0131 Aleksandr Balhovitin bulund\u0131lar.<br><br>&#8220;Ukraina ispan\u015f\u0131naslar 111 kongressi&#8221;ni ke\u00e7irdigimiz Ukrainan\u0131\u00f1 e\u00f1 g\u00fczel yeri ol\u011fan Q\u0131r\u0131m\u011fa ziyaretimni\u00f1 ba\u015f maqsad\u0131 yar\u0131mada halqlar\u0131n\u0131\u00f1 tarih\u0131 ve medeniyetinen tan\u0131\u015f olmaq, \u0130spaniya ve Q\u0131r\u0131mn\u0131\u00f1 i\u015fbirligi istiqballerini \u00f6grenmek, bun\u0131\u00f1 kibi de q\u0131r\u0131mtatar halq\u0131n\u0131\u00f1 vaziyetini yaq\u0131ndan k\u00f6rmek edi, &#8211; dedi \u0130spaniyan\u0131\u00f1 Ukraindaki Vefqulade ve Toluvek\u00e2letli El\u00e7isi Hose Rodriges Moyano.<\/p>\n\n\n\n<p>Meclis reisine h\u0131tap eterek, \u0130spaniya El\u00e7isi 2012 senesi sent\u00e2br 18 k\u00fcn\u00fc Kiyevde Meclisni\u00f1 el\u00e7ilikler ve Ukrainada akkreditatsiya etilgen halqara te\u015fkil\u00e2t yolba\u015f\u00e7\u0131lar\u0131nen ke\u00e7irgen 2-nci k\u00f6r\u00fc\u015f\u00fcvinde \u015fahsen i\u015ftirak etmek imk\u00e2n\u0131n\u0131 bergeni i\u00e7\u00fcn te\u015fekk\u00fcr bildirdi.<\/p>\n\n\n\n<p>&#8220;\u00dcm\u00fct etem ki, 2013 senesi Avropada tel\u00fckesizlik ve i\u015fbirlik boyunca te\u015fkil\u00e2tta reislik yapacaq Ukraina k\u00fcn tertibindeki e\u00f1 m\u00fcim meseleler s\u0131ras\u0131na Q\u0131r\u0131mtatar halq\u0131n\u0131\u00f1 \u00f6z yurtunda aqlar\u0131n\u0131 \u011fayr\u0131dan tiklev, Ukrainada on\u0131\u00f1 tel\u00fckesizligi ve inki\u015faf\u0131n\u0131 teminlev boyunca halqara forum ke\u00e7irilmesi meselesini qoymal\u0131, &#8211; dep qayd etti \u0130spaniyan\u0131\u00f1 Ukraindaki Vefqulade ve Toluvek\u00e2letli El\u00e7isi Hose Rodriges Moyano<\/p>\n\n\n\n<figure class=\"wp-block-image size-full\"><img loading=\"lazy\" decoding=\"async\" width=\"650\" height=\"290\" src=\"http:\/\/qtmm.org\/wp-content\/uploads\/2022\/01\/po_tekstu_2.jpeg\" alt=\"\" class=\"wp-image-34460\" srcset=\"https:\/\/qtmm.org\/wp-content\/uploads\/2022\/01\/po_tekstu_2.jpeg 650w, https:\/\/qtmm.org\/wp-content\/uploads\/2022\/01\/po_tekstu_2-300x134.jpeg 300w\" sizes=\"auto, (max-width: 650px) 100vw, 650px\" \/><\/figure>\n\n\n\n<p>\u00d6tkerilecek halqara forum perspektivalar\u0131, on\u0131\u00f1 ba\u015f y\u00f6neli\u015fleri ve format\u0131 aqq\u0131nda ayt\u0131rken Meclis reisi ve on\u0131\u00f1 birinci muavini el\u00e7ilikler ve halqara te\u015fkil\u00e2t yolba\u015f\u00e7\u0131lar\u0131nen k\u00f6r\u00fc\u015f\u00fcvni\u00f1 neticeleri halqara cemaat\u00e7\u0131l\u0131q Q\u0131r\u0131mtatar halq\u0131n\u0131\u00f1 aqlar\u0131n\u0131 tiklev boyunca Halqara forumn\u0131 ke\u00e7ir\u00fcv \u011fayesine tolus\u0131nen qoltutqanlar\u0131n\u0131 k\u00f6stere, dep qayd ettiler.<\/p>\n\n\n\n<p>&#8220;L\u00e2kin siyasiy irade yoqlu\u011f\u0131 ve ukrain siyaset alan\u0131n\u0131\u00f1 i\u00e7ersindeki qapa-qar\u015f\u0131l\u0131qlar Ukraina yolba\u015f\u00e7\u0131lar\u0131n\u0131\u00f1 Halqara forumda i\u015ftirakine dair tam munasebetini k\u00f6rmek imk\u00e2n\u0131n\u0131 bermey, &#8211; dep yek\u00fcn \u00e7ekti Mustafa Cemilev.<\/p>\n\n\n\n<p>Refat \u00c7ubarovn\u0131\u00f1 s\u00f6ylegenine k\u00f6re, Halqara forum meselesinde &#8220;Ukraina akimiyetini\u00f1 indemegeni&#8221;ni b\u00f6yle bir fakt da k\u00f6stere. Yani 2012 senesini\u00f1 ta fevral ay\u0131nda OSCE Milliy azl\u0131qlar boyunca aliy komissar apparat\u0131 hadimleri taraf\u0131ndan i\u015flengen Halqara forum k\u00f6ntseptsiyas\u0131 Prezident Memuriyetinde yata ve al\u00e2 bu k\u00fcnge qadar Knut Vollebek ofisini\u00f1 tekliflerine i\u00e7 bir t\u00fcrl\u00fc seslen\u00fcv olmad\u0131&#8221;.<\/p>\n\n\n\n<p>Subetni\u00f1 devam\u0131nda Meclis ofisinde ilk defa bulun\u011fan \u0130spaniya El\u00e7isini\u00f1 ricas\u0131 boyunca o, q\u0131r\u0131mtatarlarn\u0131\u00f1 \u00f6z-\u00f6z\u00fcni idare et\u00fcv milliy organlar\u0131n\u0131\u00f1 faaliyetinen tan\u0131\u015f etildi.<\/p>\n\n\n\n<p>&#8220;Q\u0131r\u0131mtatar halq\u0131n\u0131\u00f1 Qurultay ve Meclisi \u2013 q\u0131r\u0131mtatarlarn\u0131\u00f1 birligi saqlap qalma\u011fa imk\u00e2n bergen sistemad\u0131r, &#8211; dedi Refat \u00c7ubarov. \u2013 Bu &#8211; siyasiy ortaqlar\u0131m\u0131zn\u0131\u00f1 diqqat\u0131n\u0131 \u00e7eke, l\u00e2kin mezk\u00fcr sisteman\u0131 Ukraina akimiyet organlar\u0131na parallel qurul\u0131\u015f dep bilgen siyasiy muhaliflerimizni si\u00f1irlendire&#8221;.<\/p>\n\n\n\n<p>Ukraina ve Q\u0131r\u0131mdaki i\u00e7timaiy-siyasiy vaziyetni talil et\u00fcv \u00e7er\u00e7ivesinde \u0130spaniya El\u00e7isi Avropa Birligine kirmege \u0131nt\u0131l\u011fan Ukraina devletine Avropa ve cian cemaat\u00e7\u0131l\u0131\u011f\u0131n\u0131\u00f1 e\u00f1 esas talaplar\u0131ndan birini yerine ketirmek \u2013 yani topraqlar\u0131nda ya\u00e7\u015fa\u011fan milliy azl\u0131qlarn\u0131\u00f1 aqlar\u0131n\u0131 qor\u00e7alamaq borclud\u0131r, degen fikirni bildirdi.<\/p>\n","protected":false},"excerpt":{"rendered":"<p>2012 senesi sent\u00e2br 21 k\u00fcn\u00fc Meclis reisi Mustafa Cemilev \u0130spaniyan\u0131\u00f1 Ukraindaki Vefqulade ve Toluvek\u00e2letli El\u00e7isi Hose Rodriges Moyano ile Meclis ofisinde ol\u0131p ke\u00e7ken k\u00f6r\u00fc\u015f\u00fcvinde Meclis reisini\u00f1 birinci muavini, B\u00fct\u00fcnd\u00fcnya q\u0131r\u0131mtatarlar kongressini\u00f1 prezidenti Refat \u00c7ubarov, Meclisni\u00f1 t\u0131\u015fq\u0131 al\u00e2qalar b\u00f6l\u00fcgini\u00f1 ba\u015f\u0131 Ali Hamzin ve Ba\u011f\u00e7asaray rayon devlet memuriyetini\u00f1 ba\u015f\u0131 \u0130lmiy \u00dcmerov i\u015ftirak ettiler. \u0130spaniya El\u00e7isini\u00f1 yan\u0131nda \u0130spaniyan\u0131\u00f1 [&hellip;]<\/p>\n","protected":false},"author":1,"featured_media":34456,"comment_status":"open","ping_status":"open","sticky":false,"template":"","format":"standard","meta":{"inline_featured_image":false,"footnotes":""},"categories":[265],"tags":[],"class_list":["post-34455","post","type-post","status-publish","format-standard","has-post-thumbnail","hentry","category-haberler"],"acf":[],"yoast_head":"<!-- This site is optimized with the Yoast SEO plugin v27.4 - https:\/\/yoast.com\/product\/yoast-seo-wordpress\/ -->\n<title>\u0130spaniyan\u0131\u00f1 Ukrainadaki El\u00e7isi Q\u0131r\u0131mtatar halq\u0131 Meclisini ziyaret etti - \u041c\u0435\u0434\u0436\u043b\u0456\u0441<\/title>\n<meta name=\"robots\" content=\"index, follow, max-snippet:-1, max-image-preview:large, max-video-preview:-1\" \/>\n<link rel=\"canonical\" href=\"https:\/\/qtmm.org\/qt\/ispaniyanin-ukrainadaki-elcisi-qirimtatar-halqi-meclisini-ziyaret-etti\/\" \/>\n<meta property=\"og:locale\" content=\"en_US\" \/>\n<meta property=\"og:type\" content=\"article\" \/>\n<meta property=\"og:title\" content=\"\u0130spaniyan\u0131\u00f1 Ukrainadaki El\u00e7isi Q\u0131r\u0131mtatar halq\u0131 Meclisini ziyaret etti - \u041c\u0435\u0434\u0436\u043b\u0456\u0441\" \/>\n<meta property=\"og:description\" content=\"2012 senesi sent\u00e2br 21 k\u00fcn\u00fc Meclis reisi Mustafa Cemilev \u0130spaniyan\u0131\u00f1 Ukraindaki Vefqulade ve Toluvek\u00e2letli El\u00e7isi Hose Rodriges Moyano ile Meclis ofisinde ol\u0131p ke\u00e7ken k\u00f6r\u00fc\u015f\u00fcvinde Meclis reisini\u00f1 birinci muavini, B\u00fct\u00fcnd\u00fcnya q\u0131r\u0131mtatarlar kongressini\u00f1 prezidenti Refat \u00c7ubarov, Meclisni\u00f1 t\u0131\u015fq\u0131 al\u00e2qalar b\u00f6l\u00fcgini\u00f1 ba\u015f\u0131 Ali Hamzin ve Ba\u011f\u00e7asaray rayon devlet memuriyetini\u00f1 ba\u015f\u0131 \u0130lmiy \u00dcmerov i\u015ftirak ettiler. \u0130spaniya El\u00e7isini\u00f1 yan\u0131nda \u0130spaniyan\u0131\u00f1 [&hellip;]\" \/>\n<meta property=\"og:url\" content=\"https:\/\/qtmm.org\/qt\/ispaniyanin-ukrainadaki-elcisi-qirimtatar-halqi-meclisini-ziyaret-etti\/\" \/>\n<meta property=\"og:site_name\" content=\"\u041c\u0435\u0434\u0436\u043b\u0456\u0441\" \/>\n<meta property=\"article:publisher\" content=\"https:\/\/www.facebook.com\/qtmm.info\/\" \/>\n<meta property=\"article:published_time\" content=\"2012-09-21T10:21:00+00:00\" \/>\n<meta property=\"article:modified_time\" content=\"2022-01-23T10:22:42+00:00\" \/>\n<meta property=\"og:image\" content=\"https:\/\/qtmm.org\/wp-content\/uploads\/2022\/01\/po_tekstu1.jpeg\" \/>\n\t<meta property=\"og:image:width\" content=\"650\" \/>\n\t<meta property=\"og:image:height\" content=\"390\" \/>\n\t<meta property=\"og:image:type\" content=\"image\/jpeg\" \/>\n<meta name=\"author\" content=\"Developer\" \/>\n<meta name=\"twitter:card\" content=\"summary_large_image\" \/>\n<meta name=\"twitter:label1\" content=\"Written by\" \/>\n\t<meta name=\"twitter:data1\" content=\"Developer\" \/>\n\t<meta name=\"twitter:label2\" content=\"Est. reading time\" \/>\n\t<meta name=\"twitter:data2\" content=\"3 minutes\" \/>\n<script type=\"application\/ld+json\" class=\"yoast-schema-graph\">{\"@context\":\"https:\\\/\\\/schema.org\",\"@graph\":[{\"@type\":\"Article\",\"@id\":\"https:\\\/\\\/qtmm.org\\\/qt\\\/ispaniyanin-ukrainadaki-elcisi-qirimtatar-halqi-meclisini-ziyaret-etti\\\/#article\",\"isPartOf\":{\"@id\":\"https:\\\/\\\/qtmm.org\\\/qt\\\/ispaniyanin-ukrainadaki-elcisi-qirimtatar-halqi-meclisini-ziyaret-etti\\\/\"},\"author\":{\"name\":\"Developer\",\"@id\":\"https:\\\/\\\/qtmm.org\\\/qt\\\/#\\\/schema\\\/person\\\/de562469f971dec226ac06e60bbf74a7\"},\"headline\":\"\u0130spaniyan\u0131\u00f1 Ukrainadaki El\u00e7isi Q\u0131r\u0131mtatar halq\u0131 Meclisini ziyaret etti\",\"datePublished\":\"2012-09-21T10:21:00+00:00\",\"dateModified\":\"2022-01-23T10:22:42+00:00\",\"mainEntityOfPage\":{\"@id\":\"https:\\\/\\\/qtmm.org\\\/qt\\\/ispaniyanin-ukrainadaki-elcisi-qirimtatar-halqi-meclisini-ziyaret-etti\\\/\"},\"wordCount\":591,\"commentCount\":0,\"publisher\":{\"@id\":\"https:\\\/\\\/qtmm.org\\\/qt\\\/#organization\"},\"image\":{\"@id\":\"https:\\\/\\\/qtmm.org\\\/qt\\\/ispaniyanin-ukrainadaki-elcisi-qirimtatar-halqi-meclisini-ziyaret-etti\\\/#primaryimage\"},\"thumbnailUrl\":\"https:\\\/\\\/qtmm.org\\\/wp-content\\\/uploads\\\/2022\\\/01\\\/po_tekstu1.jpeg\",\"articleSection\":[\"Haberler\"],\"inLanguage\":\"qt\",\"potentialAction\":[{\"@type\":\"CommentAction\",\"name\":\"Comment\",\"target\":[\"https:\\\/\\\/qtmm.org\\\/qt\\\/ispaniyanin-ukrainadaki-elcisi-qirimtatar-halqi-meclisini-ziyaret-etti\\\/#respond\"]}]},{\"@type\":\"WebPage\",\"@id\":\"https:\\\/\\\/qtmm.org\\\/qt\\\/ispaniyanin-ukrainadaki-elcisi-qirimtatar-halqi-meclisini-ziyaret-etti\\\/\",\"url\":\"https:\\\/\\\/qtmm.org\\\/qt\\\/ispaniyanin-ukrainadaki-elcisi-qirimtatar-halqi-meclisini-ziyaret-etti\\\/\",\"name\":\"\u0130spaniyan\u0131\u00f1 Ukrainadaki El\u00e7isi Q\u0131r\u0131mtatar halq\u0131 Meclisini ziyaret etti - \u041c\u0435\u0434\u0436\u043b\u0456\u0441\",\"isPartOf\":{\"@id\":\"https:\\\/\\\/qtmm.org\\\/qt\\\/#website\"},\"primaryImageOfPage\":{\"@id\":\"https:\\\/\\\/qtmm.org\\\/qt\\\/ispaniyanin-ukrainadaki-elcisi-qirimtatar-halqi-meclisini-ziyaret-etti\\\/#primaryimage\"},\"image\":{\"@id\":\"https:\\\/\\\/qtmm.org\\\/qt\\\/ispaniyanin-ukrainadaki-elcisi-qirimtatar-halqi-meclisini-ziyaret-etti\\\/#primaryimage\"},\"thumbnailUrl\":\"https:\\\/\\\/qtmm.org\\\/wp-content\\\/uploads\\\/2022\\\/01\\\/po_tekstu1.jpeg\",\"datePublished\":\"2012-09-21T10:21:00+00:00\",\"dateModified\":\"2022-01-23T10:22:42+00:00\",\"breadcrumb\":{\"@id\":\"https:\\\/\\\/qtmm.org\\\/qt\\\/ispaniyanin-ukrainadaki-elcisi-qirimtatar-halqi-meclisini-ziyaret-etti\\\/#breadcrumb\"},\"inLanguage\":\"qt\",\"potentialAction\":[{\"@type\":\"ReadAction\",\"target\":[\"https:\\\/\\\/qtmm.org\\\/qt\\\/ispaniyanin-ukrainadaki-elcisi-qirimtatar-halqi-meclisini-ziyaret-etti\\\/\"]}]},{\"@type\":\"ImageObject\",\"inLanguage\":\"qt\",\"@id\":\"https:\\\/\\\/qtmm.org\\\/qt\\\/ispaniyanin-ukrainadaki-elcisi-qirimtatar-halqi-meclisini-ziyaret-etti\\\/#primaryimage\",\"url\":\"https:\\\/\\\/qtmm.org\\\/wp-content\\\/uploads\\\/2022\\\/01\\\/po_tekstu1.jpeg\",\"contentUrl\":\"https:\\\/\\\/qtmm.org\\\/wp-content\\\/uploads\\\/2022\\\/01\\\/po_tekstu1.jpeg\",\"width\":650,\"height\":390},{\"@type\":\"BreadcrumbList\",\"@id\":\"https:\\\/\\\/qtmm.org\\\/qt\\\/ispaniyanin-ukrainadaki-elcisi-qirimtatar-halqi-meclisini-ziyaret-etti\\\/#breadcrumb\",\"itemListElement\":[{\"@type\":\"ListItem\",\"position\":1,\"name\":\"\u0413\u043e\u043b\u043e\u0432\u043d\u0430\",\"item\":\"https:\\\/\\\/qtmm.org\\\/qt\\\/\"},{\"@type\":\"ListItem\",\"position\":2,\"name\":\"\u0130spaniyan\u0131\u00f1 Ukrainadaki El\u00e7isi Q\u0131r\u0131mtatar halq\u0131 Meclisini ziyaret etti\"}]},{\"@type\":\"WebSite\",\"@id\":\"https:\\\/\\\/qtmm.org\\\/qt\\\/#website\",\"url\":\"https:\\\/\\\/qtmm.org\\\/qt\\\/\",\"name\":\"\u041c\u0435\u0434\u0436\u043b\u0456\u0441\",\"description\":\"\",\"publisher\":{\"@id\":\"https:\\\/\\\/qtmm.org\\\/qt\\\/#organization\"},\"potentialAction\":[{\"@type\":\"SearchAction\",\"target\":{\"@type\":\"EntryPoint\",\"urlTemplate\":\"https:\\\/\\\/qtmm.org\\\/qt\\\/?s={search_term_string}\"},\"query-input\":{\"@type\":\"PropertyValueSpecification\",\"valueRequired\":true,\"valueName\":\"search_term_string\"}}],\"inLanguage\":\"qt\"},{\"@type\":\"Organization\",\"@id\":\"https:\\\/\\\/qtmm.org\\\/qt\\\/#organization\",\"name\":\"\u041c\u0435\u0434\u0436\u043b\u0456\u0441\",\"url\":\"https:\\\/\\\/qtmm.org\\\/qt\\\/\",\"logo\":{\"@type\":\"ImageObject\",\"inLanguage\":\"qt\",\"@id\":\"https:\\\/\\\/qtmm.org\\\/qt\\\/#\\\/schema\\\/logo\\\/image\\\/\",\"url\":\"https:\\\/\\\/qtmm.org\\\/wp-content\\\/uploads\\\/2024\\\/12\\\/ua-mejlis-logo-rgb.svg\",\"contentUrl\":\"https:\\\/\\\/qtmm.org\\\/wp-content\\\/uploads\\\/2024\\\/12\\\/ua-mejlis-logo-rgb.svg\",\"caption\":\"\u041c\u0435\u0434\u0436\u043b\u0456\u0441\"},\"image\":{\"@id\":\"https:\\\/\\\/qtmm.org\\\/qt\\\/#\\\/schema\\\/logo\\\/image\\\/\"},\"sameAs\":[\"https:\\\/\\\/www.facebook.com\\\/qtmm.info\\\/\"]},{\"@type\":\"Person\",\"@id\":\"https:\\\/\\\/qtmm.org\\\/qt\\\/#\\\/schema\\\/person\\\/de562469f971dec226ac06e60bbf74a7\",\"name\":\"Developer\",\"image\":{\"@type\":\"ImageObject\",\"inLanguage\":\"qt\",\"@id\":\"https:\\\/\\\/secure.gravatar.com\\\/avatar\\\/392b4cc8fbfeb00b39dfeeab4ee6edded39ffd48e25858637e4765810300227e?s=96&d=mm&r=g\",\"url\":\"https:\\\/\\\/secure.gravatar.com\\\/avatar\\\/392b4cc8fbfeb00b39dfeeab4ee6edded39ffd48e25858637e4765810300227e?s=96&d=mm&r=g\",\"contentUrl\":\"https:\\\/\\\/secure.gravatar.com\\\/avatar\\\/392b4cc8fbfeb00b39dfeeab4ee6edded39ffd48e25858637e4765810300227e?s=96&d=mm&r=g\",\"caption\":\"Developer\"},\"url\":\"https:\\\/\\\/qtmm.org\\\/qt\\\/author\\\/Developer\\\/\"}]}<\/script>\n<!-- \/ Yoast SEO plugin. -->","yoast_head_json":{"title":"\u0130spaniyan\u0131\u00f1 Ukrainadaki El\u00e7isi Q\u0131r\u0131mtatar halq\u0131 Meclisini ziyaret etti - \u041c\u0435\u0434\u0436\u043b\u0456\u0441","robots":{"index":"index","follow":"follow","max-snippet":"max-snippet:-1","max-image-preview":"max-image-preview:large","max-video-preview":"max-video-preview:-1"},"canonical":"https:\/\/qtmm.org\/qt\/ispaniyanin-ukrainadaki-elcisi-qirimtatar-halqi-meclisini-ziyaret-etti\/","og_locale":"en_US","og_type":"article","og_title":"\u0130spaniyan\u0131\u00f1 Ukrainadaki El\u00e7isi Q\u0131r\u0131mtatar halq\u0131 Meclisini ziyaret etti - \u041c\u0435\u0434\u0436\u043b\u0456\u0441","og_description":"2012 senesi sent\u00e2br 21 k\u00fcn\u00fc Meclis reisi Mustafa Cemilev \u0130spaniyan\u0131\u00f1 Ukraindaki Vefqulade ve Toluvek\u00e2letli El\u00e7isi Hose Rodriges Moyano ile Meclis ofisinde ol\u0131p ke\u00e7ken k\u00f6r\u00fc\u015f\u00fcvinde Meclis reisini\u00f1 birinci muavini, B\u00fct\u00fcnd\u00fcnya q\u0131r\u0131mtatarlar kongressini\u00f1 prezidenti Refat \u00c7ubarov, Meclisni\u00f1 t\u0131\u015fq\u0131 al\u00e2qalar b\u00f6l\u00fcgini\u00f1 ba\u015f\u0131 Ali Hamzin ve Ba\u011f\u00e7asaray rayon devlet memuriyetini\u00f1 ba\u015f\u0131 \u0130lmiy \u00dcmerov i\u015ftirak ettiler. \u0130spaniya El\u00e7isini\u00f1 yan\u0131nda \u0130spaniyan\u0131\u00f1 [&hellip;]","og_url":"https:\/\/qtmm.org\/qt\/ispaniyanin-ukrainadaki-elcisi-qirimtatar-halqi-meclisini-ziyaret-etti\/","og_site_name":"\u041c\u0435\u0434\u0436\u043b\u0456\u0441","article_publisher":"https:\/\/www.facebook.com\/qtmm.info\/","article_published_time":"2012-09-21T10:21:00+00:00","article_modified_time":"2022-01-23T10:22:42+00:00","og_image":[{"width":650,"height":390,"url":"https:\/\/qtmm.org\/wp-content\/uploads\/2022\/01\/po_tekstu1.jpeg","type":"image\/jpeg"}],"author":"Developer","twitter_card":"summary_large_image","twitter_misc":{"Written by":"Developer","Est. reading time":"3 minutes"},"schema":{"@context":"https:\/\/schema.org","@graph":[{"@type":"Article","@id":"https:\/\/qtmm.org\/qt\/ispaniyanin-ukrainadaki-elcisi-qirimtatar-halqi-meclisini-ziyaret-etti\/#article","isPartOf":{"@id":"https:\/\/qtmm.org\/qt\/ispaniyanin-ukrainadaki-elcisi-qirimtatar-halqi-meclisini-ziyaret-etti\/"},"author":{"name":"Developer","@id":"https:\/\/qtmm.org\/qt\/#\/schema\/person\/de562469f971dec226ac06e60bbf74a7"},"headline":"\u0130spaniyan\u0131\u00f1 Ukrainadaki El\u00e7isi Q\u0131r\u0131mtatar halq\u0131 Meclisini ziyaret etti","datePublished":"2012-09-21T10:21:00+00:00","dateModified":"2022-01-23T10:22:42+00:00","mainEntityOfPage":{"@id":"https:\/\/qtmm.org\/qt\/ispaniyanin-ukrainadaki-elcisi-qirimtatar-halqi-meclisini-ziyaret-etti\/"},"wordCount":591,"commentCount":0,"publisher":{"@id":"https:\/\/qtmm.org\/qt\/#organization"},"image":{"@id":"https:\/\/qtmm.org\/qt\/ispaniyanin-ukrainadaki-elcisi-qirimtatar-halqi-meclisini-ziyaret-etti\/#primaryimage"},"thumbnailUrl":"https:\/\/qtmm.org\/wp-content\/uploads\/2022\/01\/po_tekstu1.jpeg","articleSection":["Haberler"],"inLanguage":"qt","potentialAction":[{"@type":"CommentAction","name":"Comment","target":["https:\/\/qtmm.org\/qt\/ispaniyanin-ukrainadaki-elcisi-qirimtatar-halqi-meclisini-ziyaret-etti\/#respond"]}]},{"@type":"WebPage","@id":"https:\/\/qtmm.org\/qt\/ispaniyanin-ukrainadaki-elcisi-qirimtatar-halqi-meclisini-ziyaret-etti\/","url":"https:\/\/qtmm.org\/qt\/ispaniyanin-ukrainadaki-elcisi-qirimtatar-halqi-meclisini-ziyaret-etti\/","name":"\u0130spaniyan\u0131\u00f1 Ukrainadaki El\u00e7isi Q\u0131r\u0131mtatar halq\u0131 Meclisini ziyaret etti - \u041c\u0435\u0434\u0436\u043b\u0456\u0441","isPartOf":{"@id":"https:\/\/qtmm.org\/qt\/#website"},"primaryImageOfPage":{"@id":"https:\/\/qtmm.org\/qt\/ispaniyanin-ukrainadaki-elcisi-qirimtatar-halqi-meclisini-ziyaret-etti\/#primaryimage"},"image":{"@id":"https:\/\/qtmm.org\/qt\/ispaniyanin-ukrainadaki-elcisi-qirimtatar-halqi-meclisini-ziyaret-etti\/#primaryimage"},"thumbnailUrl":"https:\/\/qtmm.org\/wp-content\/uploads\/2022\/01\/po_tekstu1.jpeg","datePublished":"2012-09-21T10:21:00+00:00","dateModified":"2022-01-23T10:22:42+00:00","breadcrumb":{"@id":"https:\/\/qtmm.org\/qt\/ispaniyanin-ukrainadaki-elcisi-qirimtatar-halqi-meclisini-ziyaret-etti\/#breadcrumb"},"inLanguage":"qt","potentialAction":[{"@type":"ReadAction","target":["https:\/\/qtmm.org\/qt\/ispaniyanin-ukrainadaki-elcisi-qirimtatar-halqi-meclisini-ziyaret-etti\/"]}]},{"@type":"ImageObject","inLanguage":"qt","@id":"https:\/\/qtmm.org\/qt\/ispaniyanin-ukrainadaki-elcisi-qirimtatar-halqi-meclisini-ziyaret-etti\/#primaryimage","url":"https:\/\/qtmm.org\/wp-content\/uploads\/2022\/01\/po_tekstu1.jpeg","contentUrl":"https:\/\/qtmm.org\/wp-content\/uploads\/2022\/01\/po_tekstu1.jpeg","width":650,"height":390},{"@type":"BreadcrumbList","@id":"https:\/\/qtmm.org\/qt\/ispaniyanin-ukrainadaki-elcisi-qirimtatar-halqi-meclisini-ziyaret-etti\/#breadcrumb","itemListElement":[{"@type":"ListItem","position":1,"name":"\u0413\u043e\u043b\u043e\u0432\u043d\u0430","item":"https:\/\/qtmm.org\/qt\/"},{"@type":"ListItem","position":2,"name":"\u0130spaniyan\u0131\u00f1 Ukrainadaki El\u00e7isi Q\u0131r\u0131mtatar halq\u0131 Meclisini ziyaret etti"}]},{"@type":"WebSite","@id":"https:\/\/qtmm.org\/qt\/#website","url":"https:\/\/qtmm.org\/qt\/","name":"\u041c\u0435\u0434\u0436\u043b\u0456\u0441","description":"","publisher":{"@id":"https:\/\/qtmm.org\/qt\/#organization"},"potentialAction":[{"@type":"SearchAction","target":{"@type":"EntryPoint","urlTemplate":"https:\/\/qtmm.org\/qt\/?s={search_term_string}"},"query-input":{"@type":"PropertyValueSpecification","valueRequired":true,"valueName":"search_term_string"}}],"inLanguage":"qt"},{"@type":"Organization","@id":"https:\/\/qtmm.org\/qt\/#organization","name":"\u041c\u0435\u0434\u0436\u043b\u0456\u0441","url":"https:\/\/qtmm.org\/qt\/","logo":{"@type":"ImageObject","inLanguage":"qt","@id":"https:\/\/qtmm.org\/qt\/#\/schema\/logo\/image\/","url":"https:\/\/qtmm.org\/wp-content\/uploads\/2024\/12\/ua-mejlis-logo-rgb.svg","contentUrl":"https:\/\/qtmm.org\/wp-content\/uploads\/2024\/12\/ua-mejlis-logo-rgb.svg","caption":"\u041c\u0435\u0434\u0436\u043b\u0456\u0441"},"image":{"@id":"https:\/\/qtmm.org\/qt\/#\/schema\/logo\/image\/"},"sameAs":["https:\/\/www.facebook.com\/qtmm.info\/"]},{"@type":"Person","@id":"https:\/\/qtmm.org\/qt\/#\/schema\/person\/de562469f971dec226ac06e60bbf74a7","name":"Developer","image":{"@type":"ImageObject","inLanguage":"qt","@id":"https:\/\/secure.gravatar.com\/avatar\/392b4cc8fbfeb00b39dfeeab4ee6edded39ffd48e25858637e4765810300227e?s=96&d=mm&r=g","url":"https:\/\/secure.gravatar.com\/avatar\/392b4cc8fbfeb00b39dfeeab4ee6edded39ffd48e25858637e4765810300227e?s=96&d=mm&r=g","contentUrl":"https:\/\/secure.gravatar.com\/avatar\/392b4cc8fbfeb00b39dfeeab4ee6edded39ffd48e25858637e4765810300227e?s=96&d=mm&r=g","caption":"Developer"},"url":"https:\/\/qtmm.org\/qt\/author\/Developer\/"}]}},"_links":{"self":[{"href":"https:\/\/qtmm.org\/qt\/wp-json\/wp\/v2\/posts\/34455","targetHints":{"allow":["GET"]}}],"collection":[{"href":"https:\/\/qtmm.org\/qt\/wp-json\/wp\/v2\/posts"}],"about":[{"href":"https:\/\/qtmm.org\/qt\/wp-json\/wp\/v2\/types\/post"}],"author":[{"embeddable":true,"href":"https:\/\/qtmm.org\/qt\/wp-json\/wp\/v2\/users\/1"}],"replies":[{"embeddable":true,"href":"https:\/\/qtmm.org\/qt\/wp-json\/wp\/v2\/comments?post=34455"}],"version-history":[{"count":1,"href":"https:\/\/qtmm.org\/qt\/wp-json\/wp\/v2\/posts\/34455\/revisions"}],"predecessor-version":[{"id":34464,"href":"https:\/\/qtmm.org\/qt\/wp-json\/wp\/v2\/posts\/34455\/revisions\/34464"}],"wp:featuredmedia":[{"embeddable":true,"href":"https:\/\/qtmm.org\/qt\/wp-json\/wp\/v2\/media\/34456"}],"wp:attachment":[{"href":"https:\/\/qtmm.org\/qt\/wp-json\/wp\/v2\/media?parent=34455"}],"wp:term":[{"taxonomy":"category","embeddable":true,"href":"https:\/\/qtmm.org\/qt\/wp-json\/wp\/v2\/categories?post=34455"},{"taxonomy":"post_tag","embeddable":true,"href":"https:\/\/qtmm.org\/qt\/wp-json\/wp\/v2\/tags?post=34455"}],"curies":[{"name":"wp","href":"https:\/\/api.w.org\/{rel}","templated":true}]}}