




{"id":34437,"date":"2012-09-20T13:20:00","date_gmt":"2012-09-20T10:20:00","guid":{"rendered":"http:\/\/qtmm.org\/?p=34437"},"modified":"2022-01-23T13:21:29","modified_gmt":"2022-01-23T10:21:29","slug":"meclis-reisi-mustafa-cemilev-almaniyanin-ukrainadaki-elcisi-kristof-vayl-ile-korusti","status":"publish","type":"post","link":"https:\/\/qtmm.org\/qt\/meclis-reisi-mustafa-cemilev-almaniyanin-ukrainadaki-elcisi-kristof-vayl-ile-korusti\/","title":{"rendered":"Meclis reisi Mustafa Cemilev Almaniyan\u0131\u00f1 Ukrainadaki El\u00e7isi Kristof Vayl ile k\u00f6r\u00fc\u015fti"},"content":{"rendered":"\n<p>2012 senesi sent\u00e2br 20 k\u00fcn\u00fc Meclis reisi, Ukraina halq deputat\u0131 Mustafa Cemilev Almaniyan\u0131\u00f1 Ukrainadaki Vefqulade ve Toluvek\u00e2letli El\u00e7isi Kristof Vayl ile k\u00f6r\u00fc\u015fti. Q\u0131r\u0131mtatar halq\u0131n\u0131\u00f1 Q\u0131r\u0131mda bug\u00fcnki al\u0131, yar\u0131mada tam\u0131r halq\u0131n\u0131\u00f1 milliy \u00f6zg\u00fcnligini saqlav, milliy tasil inki\u015faf\u0131, Aqmescitte Cuma camisini\u00f1 quruc\u0131l\u0131\u011f\u0131, Ukraina ve Q\u0131r\u0131mda i\u00e7timaiy-siyasiy vaziyet Mustafa Cemilev ve Kristof Vayl subetini\u00f1 ba\u015f mevzular\u0131 old\u0131.<\/p>\n\n\n\n<p>Cenap el\u00e7i Meclis yolba\u015f\u00e7\u0131lar\u0131 Kiyevde sent\u00e2br 18 k\u00fcn\u00fc ke\u00e7irgen k\u00f6r\u00fc\u015f\u00fcvde \u015fahsen i\u015ftirak etip olama\u011fan\u0131n\u0131 teess\u00fcf ile bildirip, \u015fularn\u0131 qayd etti: &#8220;Eminim ki, Q\u0131r\u0131mtatar halq\u0131n\u0131\u00f1 aqlar\u0131n\u0131 \u011fayr\u0131dan tiklev meseleleri boyunca halqara forum ke\u00e7irilmesi husus\u0131nda fikir payla\u015fuv qoyul\u011fan maqsadn\u0131\u00f1 ker\u00e7ekle\u015fmesi yolunda daa bir ad\u0131m olur&#8221;.<\/p>\n\n\n\n<figure class=\"wp-block-image size-full\"><img loading=\"lazy\" decoding=\"async\" width=\"650\" height=\"252\" src=\"http:\/\/qtmm.org\/wp-content\/uploads\/2022\/01\/2_72.jpeg\" alt=\"\" class=\"wp-image-34442\" srcset=\"https:\/\/qtmm.org\/wp-content\/uploads\/2022\/01\/2_72.jpeg 650w, https:\/\/qtmm.org\/wp-content\/uploads\/2022\/01\/2_72-300x116.jpeg 300w\" sizes=\"auto, (max-width: 650px) 100vw, 650px\" \/><\/figure>\n\n\n\n<p>Subet devam\u0131nda taraflar bun\u0131\u00f1 kibi de Ukrainan\u0131\u00f1 &#8220;Milliy mens\u00fcpligi boyunca s\u00fcrg\u00fcn etilgen \u015fah\u0131slarn\u0131\u00f1 aqlar\u0131n\u0131 \u011fayr\u0131dan tiklev aqq\u0131nda&#8221; qanun\u0131n\u0131 ekinci oquvda qabul et\u00fcv istiqballerini muzakere ettiler. Belli ki mezk\u00fcr qanun leyhas\u0131n\u0131\u00f1 m\u00fcellifi Meclis reisi, Ukraina halq deputat\u0131 Mustafa Cemilevdir. Meclis reisini\u00f1 fikrince qanun kesen-kes tek parlament se\u00e7imlerinden so\u00f1 Ukraina Yuqar\u0131 \u015euras\u0131n\u0131\u00f1 ya\u00f1\u0131 erk\u00e2n\u0131 \u015fekillengende qabul etilir.<\/p>\n\n\n\n<figure class=\"wp-block-image size-full\"><img loading=\"lazy\" decoding=\"async\" width=\"650\" height=\"297\" src=\"http:\/\/qtmm.org\/wp-content\/uploads\/2022\/01\/1_68.jpeg\" alt=\"\" class=\"wp-image-34446\" srcset=\"https:\/\/qtmm.org\/wp-content\/uploads\/2022\/01\/1_68.jpeg 650w, https:\/\/qtmm.org\/wp-content\/uploads\/2022\/01\/1_68-300x137.jpeg 300w\" sizes=\"auto, (max-width: 650px) 100vw, 650px\" \/><\/figure>\n\n\n\n<p>Q\u0131r\u0131mtatar halq\u0131 inki\u015faf\u0131n\u0131\u00f1 kelecegi aqq\u0131nda ayt\u0131rken Mustafa Cemilev \u015fun\u0131 da qayd etti ki, q\u0131r\u0131mtatarlar kendilerini tek mustaqil ve b\u00fct\u00fcn ukrain devleti i\u00e7ersinde k\u00f6rmekteler.<\/p>\n\n\n\n<p>\u00d6z nevbetinde Kristof Vayl q\u0131r\u0131mtatar halq\u0131 ve umumen Ukraina vatanda\u015flar\u0131 \u00f6z milliy \u00f6zg\u00fcnliklerini saqlayabileceklerine \u00fcm\u00fct ete.<\/p>\n\n\n\n<p>K\u00f6r\u00fc\u015f\u00fcvde Meclis reisini\u00f1 yard\u0131mc\u0131s\u0131 Aleksey Skorik de i\u015ftirak etti.<\/p>\n\n\n\n<figure class=\"wp-block-image size-full\"><img loading=\"lazy\" decoding=\"async\" width=\"650\" height=\"400\" src=\"http:\/\/qtmm.org\/wp-content\/uploads\/2022\/01\/4_44.jpeg\" alt=\"\" class=\"wp-image-34450\" srcset=\"https:\/\/qtmm.org\/wp-content\/uploads\/2022\/01\/4_44.jpeg 650w, https:\/\/qtmm.org\/wp-content\/uploads\/2022\/01\/4_44-300x185.jpeg 300w\" sizes=\"auto, (max-width: 650px) 100vw, 650px\" \/><\/figure>\n","protected":false},"excerpt":{"rendered":"<p>2012 senesi sent\u00e2br 20 k\u00fcn\u00fc Meclis reisi, Ukraina halq deputat\u0131 Mustafa Cemilev Almaniyan\u0131\u00f1 Ukrainadaki Vefqulade ve Toluvek\u00e2letli El\u00e7isi Kristof Vayl ile k\u00f6r\u00fc\u015fti. Q\u0131r\u0131mtatar halq\u0131n\u0131\u00f1 Q\u0131r\u0131mda bug\u00fcnki al\u0131, yar\u0131mada tam\u0131r halq\u0131n\u0131\u00f1 milliy \u00f6zg\u00fcnligini saqlav, milliy tasil inki\u015faf\u0131, Aqmescitte Cuma camisini\u00f1 quruc\u0131l\u0131\u011f\u0131, Ukraina ve Q\u0131r\u0131mda i\u00e7timaiy-siyasiy vaziyet Mustafa Cemilev ve Kristof Vayl subetini\u00f1 ba\u015f mevzular\u0131 old\u0131. Cenap [&hellip;]<\/p>\n","protected":false},"author":1,"featured_media":34438,"comment_status":"open","ping_status":"open","sticky":false,"template":"","format":"standard","meta":{"inline_featured_image":false,"footnotes":""},"categories":[265],"tags":[],"class_list":["post-34437","post","type-post","status-publish","format-standard","has-post-thumbnail","hentry","category-haberler"],"acf":[],"yoast_head":"<!-- This site is optimized with the Yoast SEO plugin v27.4 - https:\/\/yoast.com\/product\/yoast-seo-wordpress\/ -->\n<title>Meclis reisi Mustafa Cemilev Almaniyan\u0131\u00f1 Ukrainadaki El\u00e7isi Kristof Vayl ile k\u00f6r\u00fc\u015fti - \u041c\u0435\u0434\u0436\u043b\u0456\u0441<\/title>\n<meta name=\"robots\" content=\"index, follow, max-snippet:-1, max-image-preview:large, max-video-preview:-1\" \/>\n<link rel=\"canonical\" href=\"https:\/\/qtmm.org\/qt\/meclis-reisi-mustafa-cemilev-almaniyanin-ukrainadaki-elcisi-kristof-vayl-ile-korusti\/\" \/>\n<meta property=\"og:locale\" content=\"en_US\" \/>\n<meta property=\"og:type\" content=\"article\" \/>\n<meta property=\"og:title\" content=\"Meclis reisi Mustafa Cemilev Almaniyan\u0131\u00f1 Ukrainadaki El\u00e7isi Kristof Vayl ile k\u00f6r\u00fc\u015fti - \u041c\u0435\u0434\u0436\u043b\u0456\u0441\" \/>\n<meta property=\"og:description\" content=\"2012 senesi sent\u00e2br 20 k\u00fcn\u00fc Meclis reisi, Ukraina halq deputat\u0131 Mustafa Cemilev Almaniyan\u0131\u00f1 Ukrainadaki Vefqulade ve Toluvek\u00e2letli El\u00e7isi Kristof Vayl ile k\u00f6r\u00fc\u015fti. Q\u0131r\u0131mtatar halq\u0131n\u0131\u00f1 Q\u0131r\u0131mda bug\u00fcnki al\u0131, yar\u0131mada tam\u0131r halq\u0131n\u0131\u00f1 milliy \u00f6zg\u00fcnligini saqlav, milliy tasil inki\u015faf\u0131, Aqmescitte Cuma camisini\u00f1 quruc\u0131l\u0131\u011f\u0131, Ukraina ve Q\u0131r\u0131mda i\u00e7timaiy-siyasiy vaziyet Mustafa Cemilev ve Kristof Vayl subetini\u00f1 ba\u015f mevzular\u0131 old\u0131. Cenap [&hellip;]\" \/>\n<meta property=\"og:url\" content=\"https:\/\/qtmm.org\/qt\/meclis-reisi-mustafa-cemilev-almaniyanin-ukrainadaki-elcisi-kristof-vayl-ile-korusti\/\" \/>\n<meta property=\"og:site_name\" content=\"\u041c\u0435\u0434\u0436\u043b\u0456\u0441\" \/>\n<meta property=\"article:publisher\" content=\"https:\/\/www.facebook.com\/qtmm.info\/\" \/>\n<meta property=\"article:published_time\" content=\"2012-09-20T10:20:00+00:00\" \/>\n<meta property=\"article:modified_time\" content=\"2022-01-23T10:21:29+00:00\" \/>\n<meta property=\"og:image\" content=\"https:\/\/qtmm.org\/wp-content\/uploads\/2022\/01\/3_45.jpeg\" \/>\n\t<meta property=\"og:image:width\" content=\"650\" \/>\n\t<meta property=\"og:image:height\" content=\"439\" \/>\n\t<meta property=\"og:image:type\" content=\"image\/jpeg\" \/>\n<meta name=\"author\" content=\"Developer\" \/>\n<meta name=\"twitter:card\" content=\"summary_large_image\" \/>\n<meta name=\"twitter:label1\" content=\"Written by\" \/>\n\t<meta name=\"twitter:data1\" content=\"Developer\" \/>\n\t<meta name=\"twitter:label2\" content=\"Est. reading time\" \/>\n\t<meta name=\"twitter:data2\" content=\"1 minute\" \/>\n<script type=\"application\/ld+json\" class=\"yoast-schema-graph\">{\"@context\":\"https:\\\/\\\/schema.org\",\"@graph\":[{\"@type\":\"Article\",\"@id\":\"https:\\\/\\\/qtmm.org\\\/qt\\\/meclis-reisi-mustafa-cemilev-almaniyanin-ukrainadaki-elcisi-kristof-vayl-ile-korusti\\\/#article\",\"isPartOf\":{\"@id\":\"https:\\\/\\\/qtmm.org\\\/qt\\\/meclis-reisi-mustafa-cemilev-almaniyanin-ukrainadaki-elcisi-kristof-vayl-ile-korusti\\\/\"},\"author\":{\"name\":\"Developer\",\"@id\":\"https:\\\/\\\/qtmm.org\\\/qt\\\/#\\\/schema\\\/person\\\/de562469f971dec226ac06e60bbf74a7\"},\"headline\":\"Meclis reisi Mustafa Cemilev Almaniyan\u0131\u00f1 Ukrainadaki El\u00e7isi Kristof Vayl ile k\u00f6r\u00fc\u015fti\",\"datePublished\":\"2012-09-20T10:20:00+00:00\",\"dateModified\":\"2022-01-23T10:21:29+00:00\",\"mainEntityOfPage\":{\"@id\":\"https:\\\/\\\/qtmm.org\\\/qt\\\/meclis-reisi-mustafa-cemilev-almaniyanin-ukrainadaki-elcisi-kristof-vayl-ile-korusti\\\/\"},\"wordCount\":293,\"commentCount\":0,\"publisher\":{\"@id\":\"https:\\\/\\\/qtmm.org\\\/qt\\\/#organization\"},\"image\":{\"@id\":\"https:\\\/\\\/qtmm.org\\\/qt\\\/meclis-reisi-mustafa-cemilev-almaniyanin-ukrainadaki-elcisi-kristof-vayl-ile-korusti\\\/#primaryimage\"},\"thumbnailUrl\":\"https:\\\/\\\/qtmm.org\\\/wp-content\\\/uploads\\\/2022\\\/01\\\/3_45.jpeg\",\"articleSection\":[\"Haberler\"],\"inLanguage\":\"qt\",\"potentialAction\":[{\"@type\":\"CommentAction\",\"name\":\"Comment\",\"target\":[\"https:\\\/\\\/qtmm.org\\\/qt\\\/meclis-reisi-mustafa-cemilev-almaniyanin-ukrainadaki-elcisi-kristof-vayl-ile-korusti\\\/#respond\"]}]},{\"@type\":\"WebPage\",\"@id\":\"https:\\\/\\\/qtmm.org\\\/qt\\\/meclis-reisi-mustafa-cemilev-almaniyanin-ukrainadaki-elcisi-kristof-vayl-ile-korusti\\\/\",\"url\":\"https:\\\/\\\/qtmm.org\\\/qt\\\/meclis-reisi-mustafa-cemilev-almaniyanin-ukrainadaki-elcisi-kristof-vayl-ile-korusti\\\/\",\"name\":\"Meclis reisi Mustafa Cemilev Almaniyan\u0131\u00f1 Ukrainadaki El\u00e7isi Kristof Vayl ile k\u00f6r\u00fc\u015fti - \u041c\u0435\u0434\u0436\u043b\u0456\u0441\",\"isPartOf\":{\"@id\":\"https:\\\/\\\/qtmm.org\\\/qt\\\/#website\"},\"primaryImageOfPage\":{\"@id\":\"https:\\\/\\\/qtmm.org\\\/qt\\\/meclis-reisi-mustafa-cemilev-almaniyanin-ukrainadaki-elcisi-kristof-vayl-ile-korusti\\\/#primaryimage\"},\"image\":{\"@id\":\"https:\\\/\\\/qtmm.org\\\/qt\\\/meclis-reisi-mustafa-cemilev-almaniyanin-ukrainadaki-elcisi-kristof-vayl-ile-korusti\\\/#primaryimage\"},\"thumbnailUrl\":\"https:\\\/\\\/qtmm.org\\\/wp-content\\\/uploads\\\/2022\\\/01\\\/3_45.jpeg\",\"datePublished\":\"2012-09-20T10:20:00+00:00\",\"dateModified\":\"2022-01-23T10:21:29+00:00\",\"breadcrumb\":{\"@id\":\"https:\\\/\\\/qtmm.org\\\/qt\\\/meclis-reisi-mustafa-cemilev-almaniyanin-ukrainadaki-elcisi-kristof-vayl-ile-korusti\\\/#breadcrumb\"},\"inLanguage\":\"qt\",\"potentialAction\":[{\"@type\":\"ReadAction\",\"target\":[\"https:\\\/\\\/qtmm.org\\\/qt\\\/meclis-reisi-mustafa-cemilev-almaniyanin-ukrainadaki-elcisi-kristof-vayl-ile-korusti\\\/\"]}]},{\"@type\":\"ImageObject\",\"inLanguage\":\"qt\",\"@id\":\"https:\\\/\\\/qtmm.org\\\/qt\\\/meclis-reisi-mustafa-cemilev-almaniyanin-ukrainadaki-elcisi-kristof-vayl-ile-korusti\\\/#primaryimage\",\"url\":\"https:\\\/\\\/qtmm.org\\\/wp-content\\\/uploads\\\/2022\\\/01\\\/3_45.jpeg\",\"contentUrl\":\"https:\\\/\\\/qtmm.org\\\/wp-content\\\/uploads\\\/2022\\\/01\\\/3_45.jpeg\",\"width\":650,\"height\":439},{\"@type\":\"BreadcrumbList\",\"@id\":\"https:\\\/\\\/qtmm.org\\\/qt\\\/meclis-reisi-mustafa-cemilev-almaniyanin-ukrainadaki-elcisi-kristof-vayl-ile-korusti\\\/#breadcrumb\",\"itemListElement\":[{\"@type\":\"ListItem\",\"position\":1,\"name\":\"\u0413\u043e\u043b\u043e\u0432\u043d\u0430\",\"item\":\"https:\\\/\\\/qtmm.org\\\/qt\\\/\"},{\"@type\":\"ListItem\",\"position\":2,\"name\":\"Meclis reisi Mustafa Cemilev Almaniyan\u0131\u00f1 Ukrainadaki El\u00e7isi Kristof Vayl ile k\u00f6r\u00fc\u015fti\"}]},{\"@type\":\"WebSite\",\"@id\":\"https:\\\/\\\/qtmm.org\\\/qt\\\/#website\",\"url\":\"https:\\\/\\\/qtmm.org\\\/qt\\\/\",\"name\":\"\u041c\u0435\u0434\u0436\u043b\u0456\u0441\",\"description\":\"\",\"publisher\":{\"@id\":\"https:\\\/\\\/qtmm.org\\\/qt\\\/#organization\"},\"potentialAction\":[{\"@type\":\"SearchAction\",\"target\":{\"@type\":\"EntryPoint\",\"urlTemplate\":\"https:\\\/\\\/qtmm.org\\\/qt\\\/?s={search_term_string}\"},\"query-input\":{\"@type\":\"PropertyValueSpecification\",\"valueRequired\":true,\"valueName\":\"search_term_string\"}}],\"inLanguage\":\"qt\"},{\"@type\":\"Organization\",\"@id\":\"https:\\\/\\\/qtmm.org\\\/qt\\\/#organization\",\"name\":\"\u041c\u0435\u0434\u0436\u043b\u0456\u0441\",\"url\":\"https:\\\/\\\/qtmm.org\\\/qt\\\/\",\"logo\":{\"@type\":\"ImageObject\",\"inLanguage\":\"qt\",\"@id\":\"https:\\\/\\\/qtmm.org\\\/qt\\\/#\\\/schema\\\/logo\\\/image\\\/\",\"url\":\"https:\\\/\\\/qtmm.org\\\/wp-content\\\/uploads\\\/2024\\\/12\\\/ua-mejlis-logo-rgb.svg\",\"contentUrl\":\"https:\\\/\\\/qtmm.org\\\/wp-content\\\/uploads\\\/2024\\\/12\\\/ua-mejlis-logo-rgb.svg\",\"caption\":\"\u041c\u0435\u0434\u0436\u043b\u0456\u0441\"},\"image\":{\"@id\":\"https:\\\/\\\/qtmm.org\\\/qt\\\/#\\\/schema\\\/logo\\\/image\\\/\"},\"sameAs\":[\"https:\\\/\\\/www.facebook.com\\\/qtmm.info\\\/\"]},{\"@type\":\"Person\",\"@id\":\"https:\\\/\\\/qtmm.org\\\/qt\\\/#\\\/schema\\\/person\\\/de562469f971dec226ac06e60bbf74a7\",\"name\":\"Developer\",\"image\":{\"@type\":\"ImageObject\",\"inLanguage\":\"qt\",\"@id\":\"https:\\\/\\\/secure.gravatar.com\\\/avatar\\\/392b4cc8fbfeb00b39dfeeab4ee6edded39ffd48e25858637e4765810300227e?s=96&d=mm&r=g\",\"url\":\"https:\\\/\\\/secure.gravatar.com\\\/avatar\\\/392b4cc8fbfeb00b39dfeeab4ee6edded39ffd48e25858637e4765810300227e?s=96&d=mm&r=g\",\"contentUrl\":\"https:\\\/\\\/secure.gravatar.com\\\/avatar\\\/392b4cc8fbfeb00b39dfeeab4ee6edded39ffd48e25858637e4765810300227e?s=96&d=mm&r=g\",\"caption\":\"Developer\"},\"url\":\"https:\\\/\\\/qtmm.org\\\/qt\\\/author\\\/Developer\\\/\"}]}<\/script>\n<!-- \/ Yoast SEO plugin. -->","yoast_head_json":{"title":"Meclis reisi Mustafa Cemilev Almaniyan\u0131\u00f1 Ukrainadaki El\u00e7isi Kristof Vayl ile k\u00f6r\u00fc\u015fti - \u041c\u0435\u0434\u0436\u043b\u0456\u0441","robots":{"index":"index","follow":"follow","max-snippet":"max-snippet:-1","max-image-preview":"max-image-preview:large","max-video-preview":"max-video-preview:-1"},"canonical":"https:\/\/qtmm.org\/qt\/meclis-reisi-mustafa-cemilev-almaniyanin-ukrainadaki-elcisi-kristof-vayl-ile-korusti\/","og_locale":"en_US","og_type":"article","og_title":"Meclis reisi Mustafa Cemilev Almaniyan\u0131\u00f1 Ukrainadaki El\u00e7isi Kristof Vayl ile k\u00f6r\u00fc\u015fti - \u041c\u0435\u0434\u0436\u043b\u0456\u0441","og_description":"2012 senesi sent\u00e2br 20 k\u00fcn\u00fc Meclis reisi, Ukraina halq deputat\u0131 Mustafa Cemilev Almaniyan\u0131\u00f1 Ukrainadaki Vefqulade ve Toluvek\u00e2letli El\u00e7isi Kristof Vayl ile k\u00f6r\u00fc\u015fti. Q\u0131r\u0131mtatar halq\u0131n\u0131\u00f1 Q\u0131r\u0131mda bug\u00fcnki al\u0131, yar\u0131mada tam\u0131r halq\u0131n\u0131\u00f1 milliy \u00f6zg\u00fcnligini saqlav, milliy tasil inki\u015faf\u0131, Aqmescitte Cuma camisini\u00f1 quruc\u0131l\u0131\u011f\u0131, Ukraina ve Q\u0131r\u0131mda i\u00e7timaiy-siyasiy vaziyet Mustafa Cemilev ve Kristof Vayl subetini\u00f1 ba\u015f mevzular\u0131 old\u0131. Cenap [&hellip;]","og_url":"https:\/\/qtmm.org\/qt\/meclis-reisi-mustafa-cemilev-almaniyanin-ukrainadaki-elcisi-kristof-vayl-ile-korusti\/","og_site_name":"\u041c\u0435\u0434\u0436\u043b\u0456\u0441","article_publisher":"https:\/\/www.facebook.com\/qtmm.info\/","article_published_time":"2012-09-20T10:20:00+00:00","article_modified_time":"2022-01-23T10:21:29+00:00","og_image":[{"width":650,"height":439,"url":"https:\/\/qtmm.org\/wp-content\/uploads\/2022\/01\/3_45.jpeg","type":"image\/jpeg"}],"author":"Developer","twitter_card":"summary_large_image","twitter_misc":{"Written by":"Developer","Est. reading time":"1 minute"},"schema":{"@context":"https:\/\/schema.org","@graph":[{"@type":"Article","@id":"https:\/\/qtmm.org\/qt\/meclis-reisi-mustafa-cemilev-almaniyanin-ukrainadaki-elcisi-kristof-vayl-ile-korusti\/#article","isPartOf":{"@id":"https:\/\/qtmm.org\/qt\/meclis-reisi-mustafa-cemilev-almaniyanin-ukrainadaki-elcisi-kristof-vayl-ile-korusti\/"},"author":{"name":"Developer","@id":"https:\/\/qtmm.org\/qt\/#\/schema\/person\/de562469f971dec226ac06e60bbf74a7"},"headline":"Meclis reisi Mustafa Cemilev Almaniyan\u0131\u00f1 Ukrainadaki El\u00e7isi Kristof Vayl ile k\u00f6r\u00fc\u015fti","datePublished":"2012-09-20T10:20:00+00:00","dateModified":"2022-01-23T10:21:29+00:00","mainEntityOfPage":{"@id":"https:\/\/qtmm.org\/qt\/meclis-reisi-mustafa-cemilev-almaniyanin-ukrainadaki-elcisi-kristof-vayl-ile-korusti\/"},"wordCount":293,"commentCount":0,"publisher":{"@id":"https:\/\/qtmm.org\/qt\/#organization"},"image":{"@id":"https:\/\/qtmm.org\/qt\/meclis-reisi-mustafa-cemilev-almaniyanin-ukrainadaki-elcisi-kristof-vayl-ile-korusti\/#primaryimage"},"thumbnailUrl":"https:\/\/qtmm.org\/wp-content\/uploads\/2022\/01\/3_45.jpeg","articleSection":["Haberler"],"inLanguage":"qt","potentialAction":[{"@type":"CommentAction","name":"Comment","target":["https:\/\/qtmm.org\/qt\/meclis-reisi-mustafa-cemilev-almaniyanin-ukrainadaki-elcisi-kristof-vayl-ile-korusti\/#respond"]}]},{"@type":"WebPage","@id":"https:\/\/qtmm.org\/qt\/meclis-reisi-mustafa-cemilev-almaniyanin-ukrainadaki-elcisi-kristof-vayl-ile-korusti\/","url":"https:\/\/qtmm.org\/qt\/meclis-reisi-mustafa-cemilev-almaniyanin-ukrainadaki-elcisi-kristof-vayl-ile-korusti\/","name":"Meclis reisi Mustafa Cemilev Almaniyan\u0131\u00f1 Ukrainadaki El\u00e7isi Kristof Vayl ile k\u00f6r\u00fc\u015fti - \u041c\u0435\u0434\u0436\u043b\u0456\u0441","isPartOf":{"@id":"https:\/\/qtmm.org\/qt\/#website"},"primaryImageOfPage":{"@id":"https:\/\/qtmm.org\/qt\/meclis-reisi-mustafa-cemilev-almaniyanin-ukrainadaki-elcisi-kristof-vayl-ile-korusti\/#primaryimage"},"image":{"@id":"https:\/\/qtmm.org\/qt\/meclis-reisi-mustafa-cemilev-almaniyanin-ukrainadaki-elcisi-kristof-vayl-ile-korusti\/#primaryimage"},"thumbnailUrl":"https:\/\/qtmm.org\/wp-content\/uploads\/2022\/01\/3_45.jpeg","datePublished":"2012-09-20T10:20:00+00:00","dateModified":"2022-01-23T10:21:29+00:00","breadcrumb":{"@id":"https:\/\/qtmm.org\/qt\/meclis-reisi-mustafa-cemilev-almaniyanin-ukrainadaki-elcisi-kristof-vayl-ile-korusti\/#breadcrumb"},"inLanguage":"qt","potentialAction":[{"@type":"ReadAction","target":["https:\/\/qtmm.org\/qt\/meclis-reisi-mustafa-cemilev-almaniyanin-ukrainadaki-elcisi-kristof-vayl-ile-korusti\/"]}]},{"@type":"ImageObject","inLanguage":"qt","@id":"https:\/\/qtmm.org\/qt\/meclis-reisi-mustafa-cemilev-almaniyanin-ukrainadaki-elcisi-kristof-vayl-ile-korusti\/#primaryimage","url":"https:\/\/qtmm.org\/wp-content\/uploads\/2022\/01\/3_45.jpeg","contentUrl":"https:\/\/qtmm.org\/wp-content\/uploads\/2022\/01\/3_45.jpeg","width":650,"height":439},{"@type":"BreadcrumbList","@id":"https:\/\/qtmm.org\/qt\/meclis-reisi-mustafa-cemilev-almaniyanin-ukrainadaki-elcisi-kristof-vayl-ile-korusti\/#breadcrumb","itemListElement":[{"@type":"ListItem","position":1,"name":"\u0413\u043e\u043b\u043e\u0432\u043d\u0430","item":"https:\/\/qtmm.org\/qt\/"},{"@type":"ListItem","position":2,"name":"Meclis reisi Mustafa Cemilev Almaniyan\u0131\u00f1 Ukrainadaki El\u00e7isi Kristof Vayl ile k\u00f6r\u00fc\u015fti"}]},{"@type":"WebSite","@id":"https:\/\/qtmm.org\/qt\/#website","url":"https:\/\/qtmm.org\/qt\/","name":"\u041c\u0435\u0434\u0436\u043b\u0456\u0441","description":"","publisher":{"@id":"https:\/\/qtmm.org\/qt\/#organization"},"potentialAction":[{"@type":"SearchAction","target":{"@type":"EntryPoint","urlTemplate":"https:\/\/qtmm.org\/qt\/?s={search_term_string}"},"query-input":{"@type":"PropertyValueSpecification","valueRequired":true,"valueName":"search_term_string"}}],"inLanguage":"qt"},{"@type":"Organization","@id":"https:\/\/qtmm.org\/qt\/#organization","name":"\u041c\u0435\u0434\u0436\u043b\u0456\u0441","url":"https:\/\/qtmm.org\/qt\/","logo":{"@type":"ImageObject","inLanguage":"qt","@id":"https:\/\/qtmm.org\/qt\/#\/schema\/logo\/image\/","url":"https:\/\/qtmm.org\/wp-content\/uploads\/2024\/12\/ua-mejlis-logo-rgb.svg","contentUrl":"https:\/\/qtmm.org\/wp-content\/uploads\/2024\/12\/ua-mejlis-logo-rgb.svg","caption":"\u041c\u0435\u0434\u0436\u043b\u0456\u0441"},"image":{"@id":"https:\/\/qtmm.org\/qt\/#\/schema\/logo\/image\/"},"sameAs":["https:\/\/www.facebook.com\/qtmm.info\/"]},{"@type":"Person","@id":"https:\/\/qtmm.org\/qt\/#\/schema\/person\/de562469f971dec226ac06e60bbf74a7","name":"Developer","image":{"@type":"ImageObject","inLanguage":"qt","@id":"https:\/\/secure.gravatar.com\/avatar\/392b4cc8fbfeb00b39dfeeab4ee6edded39ffd48e25858637e4765810300227e?s=96&d=mm&r=g","url":"https:\/\/secure.gravatar.com\/avatar\/392b4cc8fbfeb00b39dfeeab4ee6edded39ffd48e25858637e4765810300227e?s=96&d=mm&r=g","contentUrl":"https:\/\/secure.gravatar.com\/avatar\/392b4cc8fbfeb00b39dfeeab4ee6edded39ffd48e25858637e4765810300227e?s=96&d=mm&r=g","caption":"Developer"},"url":"https:\/\/qtmm.org\/qt\/author\/Developer\/"}]}},"_links":{"self":[{"href":"https:\/\/qtmm.org\/qt\/wp-json\/wp\/v2\/posts\/34437","targetHints":{"allow":["GET"]}}],"collection":[{"href":"https:\/\/qtmm.org\/qt\/wp-json\/wp\/v2\/posts"}],"about":[{"href":"https:\/\/qtmm.org\/qt\/wp-json\/wp\/v2\/types\/post"}],"author":[{"embeddable":true,"href":"https:\/\/qtmm.org\/qt\/wp-json\/wp\/v2\/users\/1"}],"replies":[{"embeddable":true,"href":"https:\/\/qtmm.org\/qt\/wp-json\/wp\/v2\/comments?post=34437"}],"version-history":[{"count":1,"href":"https:\/\/qtmm.org\/qt\/wp-json\/wp\/v2\/posts\/34437\/revisions"}],"predecessor-version":[{"id":34454,"href":"https:\/\/qtmm.org\/qt\/wp-json\/wp\/v2\/posts\/34437\/revisions\/34454"}],"wp:featuredmedia":[{"embeddable":true,"href":"https:\/\/qtmm.org\/qt\/wp-json\/wp\/v2\/media\/34438"}],"wp:attachment":[{"href":"https:\/\/qtmm.org\/qt\/wp-json\/wp\/v2\/media?parent=34437"}],"wp:term":[{"taxonomy":"category","embeddable":true,"href":"https:\/\/qtmm.org\/qt\/wp-json\/wp\/v2\/categories?post=34437"},{"taxonomy":"post_tag","embeddable":true,"href":"https:\/\/qtmm.org\/qt\/wp-json\/wp\/v2\/tags?post=34437"}],"curies":[{"name":"wp","href":"https:\/\/api.w.org\/{rel}","templated":true}]}}