




{"id":34317,"date":"2012-09-19T13:16:00","date_gmt":"2012-09-19T10:16:00","guid":{"rendered":"http:\/\/qtmm.org\/?p=34317"},"modified":"2022-01-23T13:16:45","modified_gmt":"2022-01-23T10:16:45","slug":"bmt-aliy-komissari-idaresinin-beyaz-rusiye-moldova-ve-ukrainadaki-regional-temsilcisi-oldrih-andrisek-halqara-forum-kecirilmesine-keder-etecek-sebeplerni-kormey","status":"publish","type":"post","link":"https:\/\/qtmm.org\/qt\/bmt-aliy-komissari-idaresinin-beyaz-rusiye-moldova-ve-ukrainadaki-regional-temsilcisi-oldrih-andrisek-halqara-forum-kecirilmesine-keder-etecek-sebeplerni-kormey\/","title":{"rendered":"BMT Aliy Komissar\u0131 \u0130daresini\u00f1 Beyaz Rusiye, Moldova ve Ukrainadaki regional temsilcisi Oldrih Andr\u0131sek Halqara forum ke\u00e7irilmesine keder etecek sebeplerni k\u00f6rmey"},"content":{"rendered":"\n<p>Cenap Oldrih Andr\u0131sekni\u00f1 fikrince, zarur protsedura ve tehnikiy meseleler m\u00fcsbet \u00e7ezildi ve demek, Halqara forum \u00e7a\u011f\u0131r\u0131lmas\u0131 halqara seviyede ve Ukraina \u00fck\u00fcmeti seviyesinde k\u00fc\u00e7lerni birle\u015ftirmek imk\u00e2n\u0131n\u0131 berir.<\/p>\n\n\n\n<p>&#8220;Uzun y\u0131llar devam\u0131nda yerinden q\u0131b\u0131rdama\u011fan meselelerge qaytmaq imk\u00e2n\u0131n\u0131 bergen b\u00f6yle tedbirni\u00f1 vaqt\u0131 \u00e7oqtan keldi, dep sayam, &#8211; dey eminliknen BMT Aliy Komissar\u0131 \u0130daresini\u00f1 Beyaz Rusiye, Moldova ve Ukrainada regional temsilcisi Oldrih Andr\u0131sek.<\/p>\n\n\n\n<p>2012 senesi sent\u00e2br 18 k\u00fcn\u00fc Kiyevdeki &#8220;Hyatt&#8221; \u00f6telinde Q\u0131r\u0131mtatar halq\u0131 Meclisini\u00f1 yolba\u015f\u00e7\u0131lar\u0131 Ukrainadaki el\u00e7ilikler ve akkreditatsiya etilgen halqara te\u015fkil\u00e2tlar\u0131n\u0131\u00f1 reberlerinen k\u00f6r\u00fc\u015ftiler.<\/p>\n\n\n\n<p>Esas maruzalarnen Q\u0131r\u0131mtatar halq\u0131 Meclisi yolba\u015f\u00e7\u0131lar\u0131n\u0131\u00f1 Ukrainadaki el\u00e7ilikler ve akkreditatsiya etilgen halqara te\u015fkil\u00e2tlar\u0131n\u0131\u00f1 reberlerinen k\u00f6r\u00fc\u015f\u00fcvinde Meclis reisi, Ukraina halq deputat\u0131 Mustafa Cemilev, B\u00fct\u00fcnd\u00fcnya q\u0131r\u0131mtatarlar kongressini\u00f1 prezidenti, Q\u0131r\u0131m Yuqar\u0131 \u015euras\u0131n\u0131\u00f1 deputat\u0131 Refat \u00c7ubarov, Q\u0131r\u0131m Nazirler \u015euras\u0131n\u0131\u00f1 reisi Anatoliy Mogil\u00f6v, &#8220;Q\u0131r\u0131m inki\u015faf\u0131 vaquf\u0131&#8221; hayriye te\u015fkil\u00e2t\u0131n\u0131\u00f1 prezidenti Rustem \u00dcmerov, OSCE Aliy Komissar\u0131n\u0131\u00f1 mesleat\u00e7\u0131s\u0131 Aleksandr Vinnikov, Halqara Forum\u011fa az\u0131rl\u0131q \u00e7er\u00e7ivesinde Q\u0131r\u0131mdaki vaziyet aqq\u0131nda esabat az\u0131rlav boyunca mustaqil ekspertler gruppas\u0131n\u0131\u00f1 halqara koordinator\u0131 Endr\u00fc Vilson \u00e7\u0131q\u0131\u015fta bulund\u0131lar.<\/p>\n\n\n\n<p>K\u00f6r\u00fc\u015f\u00fcvge bun\u0131\u00f1 kibi de Ukraina Prezidenti Memuriyetini\u00f1 vekilleri, Prezitentni\u00f1 Q\u0131r\u0131mdaki daimiy temsilcisi Viktor Plakida, Ukraina t\u0131\u015fq\u0131 i\u015fler nazirligi hadimleri ve Ukraina i\u00e7timaiy siyaset naziri davet etildiler. K\u00f6r\u00fc\u015f\u00fcv &#8220;Q\u0131r\u0131m inki\u015faf\u0131 vaquf\u0131&#8221; hayriye te\u015fkil\u00e2t\u0131n\u0131\u00f1 qoltutuv\u0131nda ke\u00e7irildi<\/p>\n","protected":false},"excerpt":{"rendered":"<p>Cenap Oldrih Andr\u0131sekni\u00f1 fikrince, zarur protsedura ve tehnikiy meseleler m\u00fcsbet \u00e7ezildi ve demek, Halqara forum \u00e7a\u011f\u0131r\u0131lmas\u0131 halqara seviyede ve Ukraina \u00fck\u00fcmeti seviyesinde k\u00fc\u00e7lerni birle\u015ftirmek imk\u00e2n\u0131n\u0131 berir. &#8220;Uzun y\u0131llar devam\u0131nda yerinden q\u0131b\u0131rdama\u011fan meselelerge qaytmaq imk\u00e2n\u0131n\u0131 bergen b\u00f6yle tedbirni\u00f1 vaqt\u0131 \u00e7oqtan keldi, dep sayam, &#8211; dey eminliknen BMT Aliy Komissar\u0131 \u0130daresini\u00f1 Beyaz Rusiye, Moldova ve Ukrainada regional [&hellip;]<\/p>\n","protected":false},"author":1,"featured_media":34318,"comment_status":"open","ping_status":"open","sticky":false,"template":"","format":"standard","meta":{"inline_featured_image":false,"footnotes":""},"categories":[265],"tags":[],"class_list":["post-34317","post","type-post","status-publish","format-standard","has-post-thumbnail","hentry","category-haberler"],"acf":[],"yoast_head":"<!-- This site is optimized with the Yoast SEO plugin v27.4 - https:\/\/yoast.com\/product\/yoast-seo-wordpress\/ -->\n<title>BMT Aliy Komissar\u0131 \u0130daresini\u00f1 Beyaz Rusiye, Moldova ve Ukrainadaki regional temsilcisi Oldrih Andr\u0131sek Halqara forum ke\u00e7irilmesine keder etecek sebeplerni k\u00f6rmey - \u041c\u0435\u0434\u0436\u043b\u0456\u0441<\/title>\n<meta name=\"robots\" content=\"index, follow, max-snippet:-1, max-image-preview:large, max-video-preview:-1\" \/>\n<link rel=\"canonical\" href=\"https:\/\/qtmm.org\/qt\/bmt-aliy-komissari-idaresinin-beyaz-rusiye-moldova-ve-ukrainadaki-regional-temsilcisi-oldrih-andrisek-halqara-forum-kecirilmesine-keder-etecek-sebeplerni-kormey\/\" \/>\n<meta property=\"og:locale\" content=\"en_US\" \/>\n<meta property=\"og:type\" content=\"article\" \/>\n<meta property=\"og:title\" content=\"BMT Aliy Komissar\u0131 \u0130daresini\u00f1 Beyaz Rusiye, Moldova ve Ukrainadaki regional temsilcisi Oldrih Andr\u0131sek Halqara forum ke\u00e7irilmesine keder etecek sebeplerni k\u00f6rmey - \u041c\u0435\u0434\u0436\u043b\u0456\u0441\" \/>\n<meta property=\"og:description\" content=\"Cenap Oldrih Andr\u0131sekni\u00f1 fikrince, zarur protsedura ve tehnikiy meseleler m\u00fcsbet \u00e7ezildi ve demek, Halqara forum \u00e7a\u011f\u0131r\u0131lmas\u0131 halqara seviyede ve Ukraina \u00fck\u00fcmeti seviyesinde k\u00fc\u00e7lerni birle\u015ftirmek imk\u00e2n\u0131n\u0131 berir. &#8220;Uzun y\u0131llar devam\u0131nda yerinden q\u0131b\u0131rdama\u011fan meselelerge qaytmaq imk\u00e2n\u0131n\u0131 bergen b\u00f6yle tedbirni\u00f1 vaqt\u0131 \u00e7oqtan keldi, dep sayam, &#8211; dey eminliknen BMT Aliy Komissar\u0131 \u0130daresini\u00f1 Beyaz Rusiye, Moldova ve Ukrainada regional [&hellip;]\" \/>\n<meta property=\"og:url\" content=\"https:\/\/qtmm.org\/qt\/bmt-aliy-komissari-idaresinin-beyaz-rusiye-moldova-ve-ukrainadaki-regional-temsilcisi-oldrih-andrisek-halqara-forum-kecirilmesine-keder-etecek-sebeplerni-kormey\/\" \/>\n<meta property=\"og:site_name\" content=\"\u041c\u0435\u0434\u0436\u043b\u0456\u0441\" \/>\n<meta property=\"article:publisher\" content=\"https:\/\/www.facebook.com\/qtmm.info\/\" \/>\n<meta property=\"article:published_time\" content=\"2012-09-19T10:16:00+00:00\" \/>\n<meta property=\"article:modified_time\" content=\"2022-01-23T10:16:45+00:00\" \/>\n<meta property=\"og:image\" content=\"https:\/\/qtmm.org\/wp-content\/uploads\/2022\/01\/wss_5090.jpeg\" \/>\n\t<meta property=\"og:image:width\" content=\"650\" \/>\n\t<meta property=\"og:image:height\" content=\"340\" \/>\n\t<meta property=\"og:image:type\" content=\"image\/jpeg\" \/>\n<meta name=\"author\" content=\"Developer\" \/>\n<meta name=\"twitter:card\" content=\"summary_large_image\" \/>\n<meta name=\"twitter:label1\" content=\"Written by\" \/>\n\t<meta name=\"twitter:data1\" content=\"Developer\" \/>\n\t<meta name=\"twitter:label2\" content=\"Est. reading time\" \/>\n\t<meta name=\"twitter:data2\" content=\"1 minute\" \/>\n<script type=\"application\/ld+json\" class=\"yoast-schema-graph\">{\"@context\":\"https:\\\/\\\/schema.org\",\"@graph\":[{\"@type\":\"Article\",\"@id\":\"https:\\\/\\\/qtmm.org\\\/qt\\\/bmt-aliy-komissari-idaresinin-beyaz-rusiye-moldova-ve-ukrainadaki-regional-temsilcisi-oldrih-andrisek-halqara-forum-kecirilmesine-keder-etecek-sebeplerni-kormey\\\/#article\",\"isPartOf\":{\"@id\":\"https:\\\/\\\/qtmm.org\\\/qt\\\/bmt-aliy-komissari-idaresinin-beyaz-rusiye-moldova-ve-ukrainadaki-regional-temsilcisi-oldrih-andrisek-halqara-forum-kecirilmesine-keder-etecek-sebeplerni-kormey\\\/\"},\"author\":{\"name\":\"Developer\",\"@id\":\"https:\\\/\\\/qtmm.org\\\/qt\\\/#\\\/schema\\\/person\\\/de562469f971dec226ac06e60bbf74a7\"},\"headline\":\"BMT Aliy Komissar\u0131 \u0130daresini\u00f1 Beyaz Rusiye, Moldova ve Ukrainadaki regional temsilcisi Oldrih Andr\u0131sek Halqara forum ke\u00e7irilmesine keder etecek sebeplerni k\u00f6rmey\",\"datePublished\":\"2012-09-19T10:16:00+00:00\",\"dateModified\":\"2022-01-23T10:16:45+00:00\",\"mainEntityOfPage\":{\"@id\":\"https:\\\/\\\/qtmm.org\\\/qt\\\/bmt-aliy-komissari-idaresinin-beyaz-rusiye-moldova-ve-ukrainadaki-regional-temsilcisi-oldrih-andrisek-halqara-forum-kecirilmesine-keder-etecek-sebeplerni-kormey\\\/\"},\"wordCount\":292,\"commentCount\":0,\"publisher\":{\"@id\":\"https:\\\/\\\/qtmm.org\\\/qt\\\/#organization\"},\"image\":{\"@id\":\"https:\\\/\\\/qtmm.org\\\/qt\\\/bmt-aliy-komissari-idaresinin-beyaz-rusiye-moldova-ve-ukrainadaki-regional-temsilcisi-oldrih-andrisek-halqara-forum-kecirilmesine-keder-etecek-sebeplerni-kormey\\\/#primaryimage\"},\"thumbnailUrl\":\"https:\\\/\\\/qtmm.org\\\/wp-content\\\/uploads\\\/2022\\\/01\\\/wss_5090.jpeg\",\"articleSection\":[\"Haberler\"],\"inLanguage\":\"qt\",\"potentialAction\":[{\"@type\":\"CommentAction\",\"name\":\"Comment\",\"target\":[\"https:\\\/\\\/qtmm.org\\\/qt\\\/bmt-aliy-komissari-idaresinin-beyaz-rusiye-moldova-ve-ukrainadaki-regional-temsilcisi-oldrih-andrisek-halqara-forum-kecirilmesine-keder-etecek-sebeplerni-kormey\\\/#respond\"]}]},{\"@type\":\"WebPage\",\"@id\":\"https:\\\/\\\/qtmm.org\\\/qt\\\/bmt-aliy-komissari-idaresinin-beyaz-rusiye-moldova-ve-ukrainadaki-regional-temsilcisi-oldrih-andrisek-halqara-forum-kecirilmesine-keder-etecek-sebeplerni-kormey\\\/\",\"url\":\"https:\\\/\\\/qtmm.org\\\/qt\\\/bmt-aliy-komissari-idaresinin-beyaz-rusiye-moldova-ve-ukrainadaki-regional-temsilcisi-oldrih-andrisek-halqara-forum-kecirilmesine-keder-etecek-sebeplerni-kormey\\\/\",\"name\":\"BMT Aliy Komissar\u0131 \u0130daresini\u00f1 Beyaz Rusiye, Moldova ve Ukrainadaki regional temsilcisi Oldrih Andr\u0131sek Halqara forum ke\u00e7irilmesine keder etecek sebeplerni k\u00f6rmey - \u041c\u0435\u0434\u0436\u043b\u0456\u0441\",\"isPartOf\":{\"@id\":\"https:\\\/\\\/qtmm.org\\\/qt\\\/#website\"},\"primaryImageOfPage\":{\"@id\":\"https:\\\/\\\/qtmm.org\\\/qt\\\/bmt-aliy-komissari-idaresinin-beyaz-rusiye-moldova-ve-ukrainadaki-regional-temsilcisi-oldrih-andrisek-halqara-forum-kecirilmesine-keder-etecek-sebeplerni-kormey\\\/#primaryimage\"},\"image\":{\"@id\":\"https:\\\/\\\/qtmm.org\\\/qt\\\/bmt-aliy-komissari-idaresinin-beyaz-rusiye-moldova-ve-ukrainadaki-regional-temsilcisi-oldrih-andrisek-halqara-forum-kecirilmesine-keder-etecek-sebeplerni-kormey\\\/#primaryimage\"},\"thumbnailUrl\":\"https:\\\/\\\/qtmm.org\\\/wp-content\\\/uploads\\\/2022\\\/01\\\/wss_5090.jpeg\",\"datePublished\":\"2012-09-19T10:16:00+00:00\",\"dateModified\":\"2022-01-23T10:16:45+00:00\",\"breadcrumb\":{\"@id\":\"https:\\\/\\\/qtmm.org\\\/qt\\\/bmt-aliy-komissari-idaresinin-beyaz-rusiye-moldova-ve-ukrainadaki-regional-temsilcisi-oldrih-andrisek-halqara-forum-kecirilmesine-keder-etecek-sebeplerni-kormey\\\/#breadcrumb\"},\"inLanguage\":\"qt\",\"potentialAction\":[{\"@type\":\"ReadAction\",\"target\":[\"https:\\\/\\\/qtmm.org\\\/qt\\\/bmt-aliy-komissari-idaresinin-beyaz-rusiye-moldova-ve-ukrainadaki-regional-temsilcisi-oldrih-andrisek-halqara-forum-kecirilmesine-keder-etecek-sebeplerni-kormey\\\/\"]}]},{\"@type\":\"ImageObject\",\"inLanguage\":\"qt\",\"@id\":\"https:\\\/\\\/qtmm.org\\\/qt\\\/bmt-aliy-komissari-idaresinin-beyaz-rusiye-moldova-ve-ukrainadaki-regional-temsilcisi-oldrih-andrisek-halqara-forum-kecirilmesine-keder-etecek-sebeplerni-kormey\\\/#primaryimage\",\"url\":\"https:\\\/\\\/qtmm.org\\\/wp-content\\\/uploads\\\/2022\\\/01\\\/wss_5090.jpeg\",\"contentUrl\":\"https:\\\/\\\/qtmm.org\\\/wp-content\\\/uploads\\\/2022\\\/01\\\/wss_5090.jpeg\",\"width\":650,\"height\":340},{\"@type\":\"BreadcrumbList\",\"@id\":\"https:\\\/\\\/qtmm.org\\\/qt\\\/bmt-aliy-komissari-idaresinin-beyaz-rusiye-moldova-ve-ukrainadaki-regional-temsilcisi-oldrih-andrisek-halqara-forum-kecirilmesine-keder-etecek-sebeplerni-kormey\\\/#breadcrumb\",\"itemListElement\":[{\"@type\":\"ListItem\",\"position\":1,\"name\":\"\u0413\u043e\u043b\u043e\u0432\u043d\u0430\",\"item\":\"https:\\\/\\\/qtmm.org\\\/qt\\\/\"},{\"@type\":\"ListItem\",\"position\":2,\"name\":\"BMT Aliy Komissar\u0131 \u0130daresini\u00f1 Beyaz Rusiye, Moldova ve Ukrainadaki regional temsilcisi Oldrih Andr\u0131sek Halqara forum ke\u00e7irilmesine keder etecek sebeplerni k\u00f6rmey\"}]},{\"@type\":\"WebSite\",\"@id\":\"https:\\\/\\\/qtmm.org\\\/qt\\\/#website\",\"url\":\"https:\\\/\\\/qtmm.org\\\/qt\\\/\",\"name\":\"\u041c\u0435\u0434\u0436\u043b\u0456\u0441\",\"description\":\"\",\"publisher\":{\"@id\":\"https:\\\/\\\/qtmm.org\\\/qt\\\/#organization\"},\"potentialAction\":[{\"@type\":\"SearchAction\",\"target\":{\"@type\":\"EntryPoint\",\"urlTemplate\":\"https:\\\/\\\/qtmm.org\\\/qt\\\/?s={search_term_string}\"},\"query-input\":{\"@type\":\"PropertyValueSpecification\",\"valueRequired\":true,\"valueName\":\"search_term_string\"}}],\"inLanguage\":\"qt\"},{\"@type\":\"Organization\",\"@id\":\"https:\\\/\\\/qtmm.org\\\/qt\\\/#organization\",\"name\":\"\u041c\u0435\u0434\u0436\u043b\u0456\u0441\",\"url\":\"https:\\\/\\\/qtmm.org\\\/qt\\\/\",\"logo\":{\"@type\":\"ImageObject\",\"inLanguage\":\"qt\",\"@id\":\"https:\\\/\\\/qtmm.org\\\/qt\\\/#\\\/schema\\\/logo\\\/image\\\/\",\"url\":\"https:\\\/\\\/qtmm.org\\\/wp-content\\\/uploads\\\/2024\\\/12\\\/ua-mejlis-logo-rgb.svg\",\"contentUrl\":\"https:\\\/\\\/qtmm.org\\\/wp-content\\\/uploads\\\/2024\\\/12\\\/ua-mejlis-logo-rgb.svg\",\"caption\":\"\u041c\u0435\u0434\u0436\u043b\u0456\u0441\"},\"image\":{\"@id\":\"https:\\\/\\\/qtmm.org\\\/qt\\\/#\\\/schema\\\/logo\\\/image\\\/\"},\"sameAs\":[\"https:\\\/\\\/www.facebook.com\\\/qtmm.info\\\/\"]},{\"@type\":\"Person\",\"@id\":\"https:\\\/\\\/qtmm.org\\\/qt\\\/#\\\/schema\\\/person\\\/de562469f971dec226ac06e60bbf74a7\",\"name\":\"Developer\",\"image\":{\"@type\":\"ImageObject\",\"inLanguage\":\"qt\",\"@id\":\"https:\\\/\\\/secure.gravatar.com\\\/avatar\\\/392b4cc8fbfeb00b39dfeeab4ee6edded39ffd48e25858637e4765810300227e?s=96&d=mm&r=g\",\"url\":\"https:\\\/\\\/secure.gravatar.com\\\/avatar\\\/392b4cc8fbfeb00b39dfeeab4ee6edded39ffd48e25858637e4765810300227e?s=96&d=mm&r=g\",\"contentUrl\":\"https:\\\/\\\/secure.gravatar.com\\\/avatar\\\/392b4cc8fbfeb00b39dfeeab4ee6edded39ffd48e25858637e4765810300227e?s=96&d=mm&r=g\",\"caption\":\"Developer\"},\"url\":\"https:\\\/\\\/qtmm.org\\\/qt\\\/author\\\/Developer\\\/\"}]}<\/script>\n<!-- \/ Yoast SEO plugin. -->","yoast_head_json":{"title":"BMT Aliy Komissar\u0131 \u0130daresini\u00f1 Beyaz Rusiye, Moldova ve Ukrainadaki regional temsilcisi Oldrih Andr\u0131sek Halqara forum ke\u00e7irilmesine keder etecek sebeplerni k\u00f6rmey - \u041c\u0435\u0434\u0436\u043b\u0456\u0441","robots":{"index":"index","follow":"follow","max-snippet":"max-snippet:-1","max-image-preview":"max-image-preview:large","max-video-preview":"max-video-preview:-1"},"canonical":"https:\/\/qtmm.org\/qt\/bmt-aliy-komissari-idaresinin-beyaz-rusiye-moldova-ve-ukrainadaki-regional-temsilcisi-oldrih-andrisek-halqara-forum-kecirilmesine-keder-etecek-sebeplerni-kormey\/","og_locale":"en_US","og_type":"article","og_title":"BMT Aliy Komissar\u0131 \u0130daresini\u00f1 Beyaz Rusiye, Moldova ve Ukrainadaki regional temsilcisi Oldrih Andr\u0131sek Halqara forum ke\u00e7irilmesine keder etecek sebeplerni k\u00f6rmey - \u041c\u0435\u0434\u0436\u043b\u0456\u0441","og_description":"Cenap Oldrih Andr\u0131sekni\u00f1 fikrince, zarur protsedura ve tehnikiy meseleler m\u00fcsbet \u00e7ezildi ve demek, Halqara forum \u00e7a\u011f\u0131r\u0131lmas\u0131 halqara seviyede ve Ukraina \u00fck\u00fcmeti seviyesinde k\u00fc\u00e7lerni birle\u015ftirmek imk\u00e2n\u0131n\u0131 berir. &#8220;Uzun y\u0131llar devam\u0131nda yerinden q\u0131b\u0131rdama\u011fan meselelerge qaytmaq imk\u00e2n\u0131n\u0131 bergen b\u00f6yle tedbirni\u00f1 vaqt\u0131 \u00e7oqtan keldi, dep sayam, &#8211; dey eminliknen BMT Aliy Komissar\u0131 \u0130daresini\u00f1 Beyaz Rusiye, Moldova ve Ukrainada regional [&hellip;]","og_url":"https:\/\/qtmm.org\/qt\/bmt-aliy-komissari-idaresinin-beyaz-rusiye-moldova-ve-ukrainadaki-regional-temsilcisi-oldrih-andrisek-halqara-forum-kecirilmesine-keder-etecek-sebeplerni-kormey\/","og_site_name":"\u041c\u0435\u0434\u0436\u043b\u0456\u0441","article_publisher":"https:\/\/www.facebook.com\/qtmm.info\/","article_published_time":"2012-09-19T10:16:00+00:00","article_modified_time":"2022-01-23T10:16:45+00:00","og_image":[{"width":650,"height":340,"url":"https:\/\/qtmm.org\/wp-content\/uploads\/2022\/01\/wss_5090.jpeg","type":"image\/jpeg"}],"author":"Developer","twitter_card":"summary_large_image","twitter_misc":{"Written by":"Developer","Est. reading time":"1 minute"},"schema":{"@context":"https:\/\/schema.org","@graph":[{"@type":"Article","@id":"https:\/\/qtmm.org\/qt\/bmt-aliy-komissari-idaresinin-beyaz-rusiye-moldova-ve-ukrainadaki-regional-temsilcisi-oldrih-andrisek-halqara-forum-kecirilmesine-keder-etecek-sebeplerni-kormey\/#article","isPartOf":{"@id":"https:\/\/qtmm.org\/qt\/bmt-aliy-komissari-idaresinin-beyaz-rusiye-moldova-ve-ukrainadaki-regional-temsilcisi-oldrih-andrisek-halqara-forum-kecirilmesine-keder-etecek-sebeplerni-kormey\/"},"author":{"name":"Developer","@id":"https:\/\/qtmm.org\/qt\/#\/schema\/person\/de562469f971dec226ac06e60bbf74a7"},"headline":"BMT Aliy Komissar\u0131 \u0130daresini\u00f1 Beyaz Rusiye, Moldova ve Ukrainadaki regional temsilcisi Oldrih Andr\u0131sek Halqara forum ke\u00e7irilmesine keder etecek sebeplerni k\u00f6rmey","datePublished":"2012-09-19T10:16:00+00:00","dateModified":"2022-01-23T10:16:45+00:00","mainEntityOfPage":{"@id":"https:\/\/qtmm.org\/qt\/bmt-aliy-komissari-idaresinin-beyaz-rusiye-moldova-ve-ukrainadaki-regional-temsilcisi-oldrih-andrisek-halqara-forum-kecirilmesine-keder-etecek-sebeplerni-kormey\/"},"wordCount":292,"commentCount":0,"publisher":{"@id":"https:\/\/qtmm.org\/qt\/#organization"},"image":{"@id":"https:\/\/qtmm.org\/qt\/bmt-aliy-komissari-idaresinin-beyaz-rusiye-moldova-ve-ukrainadaki-regional-temsilcisi-oldrih-andrisek-halqara-forum-kecirilmesine-keder-etecek-sebeplerni-kormey\/#primaryimage"},"thumbnailUrl":"https:\/\/qtmm.org\/wp-content\/uploads\/2022\/01\/wss_5090.jpeg","articleSection":["Haberler"],"inLanguage":"qt","potentialAction":[{"@type":"CommentAction","name":"Comment","target":["https:\/\/qtmm.org\/qt\/bmt-aliy-komissari-idaresinin-beyaz-rusiye-moldova-ve-ukrainadaki-regional-temsilcisi-oldrih-andrisek-halqara-forum-kecirilmesine-keder-etecek-sebeplerni-kormey\/#respond"]}]},{"@type":"WebPage","@id":"https:\/\/qtmm.org\/qt\/bmt-aliy-komissari-idaresinin-beyaz-rusiye-moldova-ve-ukrainadaki-regional-temsilcisi-oldrih-andrisek-halqara-forum-kecirilmesine-keder-etecek-sebeplerni-kormey\/","url":"https:\/\/qtmm.org\/qt\/bmt-aliy-komissari-idaresinin-beyaz-rusiye-moldova-ve-ukrainadaki-regional-temsilcisi-oldrih-andrisek-halqara-forum-kecirilmesine-keder-etecek-sebeplerni-kormey\/","name":"BMT Aliy Komissar\u0131 \u0130daresini\u00f1 Beyaz Rusiye, Moldova ve Ukrainadaki regional temsilcisi Oldrih Andr\u0131sek Halqara forum ke\u00e7irilmesine keder etecek sebeplerni k\u00f6rmey - \u041c\u0435\u0434\u0436\u043b\u0456\u0441","isPartOf":{"@id":"https:\/\/qtmm.org\/qt\/#website"},"primaryImageOfPage":{"@id":"https:\/\/qtmm.org\/qt\/bmt-aliy-komissari-idaresinin-beyaz-rusiye-moldova-ve-ukrainadaki-regional-temsilcisi-oldrih-andrisek-halqara-forum-kecirilmesine-keder-etecek-sebeplerni-kormey\/#primaryimage"},"image":{"@id":"https:\/\/qtmm.org\/qt\/bmt-aliy-komissari-idaresinin-beyaz-rusiye-moldova-ve-ukrainadaki-regional-temsilcisi-oldrih-andrisek-halqara-forum-kecirilmesine-keder-etecek-sebeplerni-kormey\/#primaryimage"},"thumbnailUrl":"https:\/\/qtmm.org\/wp-content\/uploads\/2022\/01\/wss_5090.jpeg","datePublished":"2012-09-19T10:16:00+00:00","dateModified":"2022-01-23T10:16:45+00:00","breadcrumb":{"@id":"https:\/\/qtmm.org\/qt\/bmt-aliy-komissari-idaresinin-beyaz-rusiye-moldova-ve-ukrainadaki-regional-temsilcisi-oldrih-andrisek-halqara-forum-kecirilmesine-keder-etecek-sebeplerni-kormey\/#breadcrumb"},"inLanguage":"qt","potentialAction":[{"@type":"ReadAction","target":["https:\/\/qtmm.org\/qt\/bmt-aliy-komissari-idaresinin-beyaz-rusiye-moldova-ve-ukrainadaki-regional-temsilcisi-oldrih-andrisek-halqara-forum-kecirilmesine-keder-etecek-sebeplerni-kormey\/"]}]},{"@type":"ImageObject","inLanguage":"qt","@id":"https:\/\/qtmm.org\/qt\/bmt-aliy-komissari-idaresinin-beyaz-rusiye-moldova-ve-ukrainadaki-regional-temsilcisi-oldrih-andrisek-halqara-forum-kecirilmesine-keder-etecek-sebeplerni-kormey\/#primaryimage","url":"https:\/\/qtmm.org\/wp-content\/uploads\/2022\/01\/wss_5090.jpeg","contentUrl":"https:\/\/qtmm.org\/wp-content\/uploads\/2022\/01\/wss_5090.jpeg","width":650,"height":340},{"@type":"BreadcrumbList","@id":"https:\/\/qtmm.org\/qt\/bmt-aliy-komissari-idaresinin-beyaz-rusiye-moldova-ve-ukrainadaki-regional-temsilcisi-oldrih-andrisek-halqara-forum-kecirilmesine-keder-etecek-sebeplerni-kormey\/#breadcrumb","itemListElement":[{"@type":"ListItem","position":1,"name":"\u0413\u043e\u043b\u043e\u0432\u043d\u0430","item":"https:\/\/qtmm.org\/qt\/"},{"@type":"ListItem","position":2,"name":"BMT Aliy Komissar\u0131 \u0130daresini\u00f1 Beyaz Rusiye, Moldova ve Ukrainadaki regional temsilcisi Oldrih Andr\u0131sek Halqara forum ke\u00e7irilmesine keder etecek sebeplerni k\u00f6rmey"}]},{"@type":"WebSite","@id":"https:\/\/qtmm.org\/qt\/#website","url":"https:\/\/qtmm.org\/qt\/","name":"\u041c\u0435\u0434\u0436\u043b\u0456\u0441","description":"","publisher":{"@id":"https:\/\/qtmm.org\/qt\/#organization"},"potentialAction":[{"@type":"SearchAction","target":{"@type":"EntryPoint","urlTemplate":"https:\/\/qtmm.org\/qt\/?s={search_term_string}"},"query-input":{"@type":"PropertyValueSpecification","valueRequired":true,"valueName":"search_term_string"}}],"inLanguage":"qt"},{"@type":"Organization","@id":"https:\/\/qtmm.org\/qt\/#organization","name":"\u041c\u0435\u0434\u0436\u043b\u0456\u0441","url":"https:\/\/qtmm.org\/qt\/","logo":{"@type":"ImageObject","inLanguage":"qt","@id":"https:\/\/qtmm.org\/qt\/#\/schema\/logo\/image\/","url":"https:\/\/qtmm.org\/wp-content\/uploads\/2024\/12\/ua-mejlis-logo-rgb.svg","contentUrl":"https:\/\/qtmm.org\/wp-content\/uploads\/2024\/12\/ua-mejlis-logo-rgb.svg","caption":"\u041c\u0435\u0434\u0436\u043b\u0456\u0441"},"image":{"@id":"https:\/\/qtmm.org\/qt\/#\/schema\/logo\/image\/"},"sameAs":["https:\/\/www.facebook.com\/qtmm.info\/"]},{"@type":"Person","@id":"https:\/\/qtmm.org\/qt\/#\/schema\/person\/de562469f971dec226ac06e60bbf74a7","name":"Developer","image":{"@type":"ImageObject","inLanguage":"qt","@id":"https:\/\/secure.gravatar.com\/avatar\/392b4cc8fbfeb00b39dfeeab4ee6edded39ffd48e25858637e4765810300227e?s=96&d=mm&r=g","url":"https:\/\/secure.gravatar.com\/avatar\/392b4cc8fbfeb00b39dfeeab4ee6edded39ffd48e25858637e4765810300227e?s=96&d=mm&r=g","contentUrl":"https:\/\/secure.gravatar.com\/avatar\/392b4cc8fbfeb00b39dfeeab4ee6edded39ffd48e25858637e4765810300227e?s=96&d=mm&r=g","caption":"Developer"},"url":"https:\/\/qtmm.org\/qt\/author\/Developer\/"}]}},"_links":{"self":[{"href":"https:\/\/qtmm.org\/qt\/wp-json\/wp\/v2\/posts\/34317","targetHints":{"allow":["GET"]}}],"collection":[{"href":"https:\/\/qtmm.org\/qt\/wp-json\/wp\/v2\/posts"}],"about":[{"href":"https:\/\/qtmm.org\/qt\/wp-json\/wp\/v2\/types\/post"}],"author":[{"embeddable":true,"href":"https:\/\/qtmm.org\/qt\/wp-json\/wp\/v2\/users\/1"}],"replies":[{"embeddable":true,"href":"https:\/\/qtmm.org\/qt\/wp-json\/wp\/v2\/comments?post=34317"}],"version-history":[{"count":1,"href":"https:\/\/qtmm.org\/qt\/wp-json\/wp\/v2\/posts\/34317\/revisions"}],"predecessor-version":[{"id":34322,"href":"https:\/\/qtmm.org\/qt\/wp-json\/wp\/v2\/posts\/34317\/revisions\/34322"}],"wp:featuredmedia":[{"embeddable":true,"href":"https:\/\/qtmm.org\/qt\/wp-json\/wp\/v2\/media\/34318"}],"wp:attachment":[{"href":"https:\/\/qtmm.org\/qt\/wp-json\/wp\/v2\/media?parent=34317"}],"wp:term":[{"taxonomy":"category","embeddable":true,"href":"https:\/\/qtmm.org\/qt\/wp-json\/wp\/v2\/categories?post=34317"},{"taxonomy":"post_tag","embeddable":true,"href":"https:\/\/qtmm.org\/qt\/wp-json\/wp\/v2\/tags?post=34317"}],"curies":[{"name":"wp","href":"https:\/\/api.w.org\/{rel}","templated":true}]}}