




{"id":34311,"date":"2012-09-19T13:14:00","date_gmt":"2012-09-19T10:14:00","guid":{"rendered":"http:\/\/qtmm.org\/?p=34311"},"modified":"2022-01-23T13:15:50","modified_gmt":"2022-01-23T10:15:50","slug":"turkiyenin-ukrainadaki-elcisi-mehmet-samsar-akimiyet-vekilleri-ve-qirimtatar-halqi-arasinda-dialog-da-ozara-munasebetleri-kibi-ep-mukemllesecegine-inanamiz","status":"publish","type":"post","link":"https:\/\/qtmm.org\/qt\/turkiyenin-ukrainadaki-elcisi-mehmet-samsar-akimiyet-vekilleri-ve-qirimtatar-halqi-arasinda-dialog-da-ozara-munasebetleri-kibi-ep-mukemllesecegine-inanamiz\/","title":{"rendered":"T\u00fcrkiyeni\u00f1 Ukrainadaki El\u00e7isi Mehmet Samsar: \u00abAkimiyet vekilleri ve q\u0131r\u0131mtatar halq\u0131 aras\u0131nda dialog da \u00f6zara munasebetleri kibi ep m\u00fckemlle\u015fecegine inanam\u0131z\u00bb"},"content":{"rendered":"\n<p>T\u00fcrkiye Cumhuriyetini\u00f1 Ukrainadaki Vefqulade ve Toluvek\u00e2letli el\u00e7isi Mehmet Samsar Meclis yolba\u015f\u00e7\u0131lar\u0131n\u0131\u00f1 el\u00e7ilikler ve halqara te\u015fkil\u00e2tlarn\u0131\u00f1 vekillerinen k\u00f6r\u00fc\u015f\u00fcvleri olar\u011fa q\u0131r\u0131mtatar halq\u0131n\u0131\u00f1 Ukrainadaki vaziyetini a\u00f1lamalar\u0131 i\u00e7\u00fcn \u011fayet m\u00fcim emiyetke maliktir, dep saya.&nbsp; Bu aqta o, Meclis yolba\u015f\u00e7\u0131lar\u0131n\u0131\u00f1 el\u00e7ilikler ve halqara te\u015fkil\u00e2tlarn\u0131\u00f1 vekillerinen Kiyevde sent\u00e2br 18 k\u00fcn\u00fc ol\u0131p ke\u00e7ken er y\u0131ll\u0131q 2-nci k\u00f6r\u00fc\u015f\u00fcvinde \u00e7\u0131q\u0131\u015f\u0131nda s\u00f6yledi.<\/p>\n\n\n\n<p>&#8220;Biz q\u0131r\u0131mtatar halq\u0131n\u0131\u00f1 qaytmas\u0131 ve Vatanda yerle\u015fmesine yard\u0131m etken ukrain \u00fck\u00fcmetini\u00f1 i\u015fini taqdir etemiz&#8221;, &#8211; dedi T\u00fcrkiyeni\u00f1 Ukrainadaki el\u00e7isi ve q\u0131r\u0131mtatar halq\u0131n\u0131\u00f1 aqlar\u0131 tolus\u0131nen tiklenilgenini, regionda iqtisadiy, medeniy ve sotsial \u00f6m\u00fcrni\u00f1 inki\u015faf etkenini de k\u00f6rmek istegenlerini de qo\u015ft\u0131.<br><br>El\u00e7i cenaplar\u0131 qayd etti ki, 260 bi\u00f1 q\u0131r\u0131mtatar\u0131 endi Q\u0131r\u0131m\u011fa qaytt\u0131, l\u00e2kin daa pek \u00e7oq meseleler \u00f6z \u00e7ezimini beklemekteler. Bu munasebetnen Q\u0131r\u0131m akimiyeti q\u0131r\u0131mtatar halq\u0131n\u0131\u00f1 sotsial ve medeniy problemlerini al et\u00fcvde emin areketlerni yapmal\u0131, halqn\u0131\u00f1 stabilligi ve ilerilemesini teminlemeli.<\/p>\n\n\n\n<figure class=\"wp-block-image size-full\"><img loading=\"lazy\" decoding=\"async\" width=\"650\" height=\"693\" src=\"http:\/\/qtmm.org\/wp-content\/uploads\/2022\/01\/wss_5007.jpeg\" alt=\"\" class=\"wp-image-34312\" srcset=\"https:\/\/qtmm.org\/wp-content\/uploads\/2022\/01\/wss_5007.jpeg 650w, https:\/\/qtmm.org\/wp-content\/uploads\/2022\/01\/wss_5007-281x300.jpeg 281w\" sizes=\"auto, (max-width: 650px) 100vw, 650px\" \/><\/figure>\n\n\n\n<p>&#8220;Biz Ukraina \u00fck\u00fcmetine q\u0131r\u0131mtatar halq\u0131n\u0131 meskennen teminlev i\u015finde qoltutma\u011fa az\u0131r ol\u011fan\u0131m\u0131z alda, Ukrainan\u0131\u00f1 &#8220;Milliy mens\u00fcpligi boyunca s\u00fcrg\u00fcn etilgen \u015fah\u0131slarn\u0131\u00f1 aqlar\u0131n\u0131 \u011fayr\u0131dan tiklev aqq\u0131nda&#8221; Qanun\u0131 birinci oquvda qabul etilmesini maqulleymiz ve Ukraina yolba\u015f\u00e7\u0131lar\u0131 kelecekte \u015fu qanunn\u0131\u00f1 qabul etilmesini teminler, dep \u00fcm\u00fct etemiz&#8221;, &#8211; dedi T\u00fcrkiyeni\u00f1 Ukrainadaki El\u00e7isi M. Samsar.<\/p>\n\n\n\n<p>Mehmet Samsar emin ki, topraq meselesi k\u00f6y hocal\u0131\u011f\u0131n\u0131\u00f1 ve mesken qurudc\u0131l\u0131\u011f\u0131 inki\u015faf\u0131nda pek m\u00fcim ve aktualdir, mezk\u00fcr problemni\u00f1 \u00e7ezimi i\u00e7\u00fcn Q\u0131r\u0131m \u00fck\u00fcmeti ait komissiyan\u0131 qurd\u0131..<\/p>\n\n\n\n<p>&#8220;T\u00fcrkiye Q\u0131r\u0131m \u00fck\u00fcmetine \u015fu komissiya i\u015fine ve q\u0131r\u0131mtatar halq\u0131n\u0131\u00f1 mesken meselesini \u00e7ezmesine qoltutma\u011fa az\u0131rd\u0131r, &#8211; dedi Mehmet Samsar. \u2013 \u00dcm\u00fct etemiz ki, demokratiya bir \u00e7oq y\u00f6neli\u015flerde inki\u015faf eter ve akimiyet vekilleri ve q\u0131r\u0131mtatar halq\u0131 aras\u0131nda dialog da \u00f6zara munasebetleri kibi ep m\u00fckemlle\u015fecegine inanam\u0131z&#8221;<\/p>\n\n\n\n<p>\u00d6z \u00e7\u0131q\u0131\u015f\u0131nda T\u00fcrkiyeni\u00f1 Ukrainadaki El\u00e7isi ukrain akimiyetini q\u0131r\u0131mtatar halq\u0131n\u0131\u00f1 medeniy \u00f6zg\u00fcnligi meselelesine parmaq aras\u0131ndan baqmama\u011fa \u00e7a\u011f\u0131rd\u0131.<\/p>\n\n\n\n<p>&#8220;Zan\u0131m\u0131zca b\u00fccetten ay\u0131r\u0131l\u011fan paralar bu y\u00f6neli\u015fke qoltutuvn\u0131 teminler. Biz ukrain \u00fck\u00fcmetini bu m\u00fcim meselelerni\u00f1 \u00e7ezilmesi i\u00e7\u00fcn er \u015feyni yapmalar\u0131na \u00e7a\u011f\u0131ram\u0131z&#8221;, &#8211; dedi Samsar.<br><br>Maruzas\u0131n\u0131\u00f1 so\u00f1unda Mehmet Samsar dedi ki, T\u00fcrkiye Ukrainanen birlikte sadece problem meselelerni degil de, kelecekni\u00f1 keyfiyetli inki\u015faf\u0131n\u0131 teminlemek i\u00e7\u00fcn imk\u00e2nlarn\u0131 aramal\u0131d\u0131r.<br><br>&#8220;\u00dcm\u00fct etemiz ki, q\u0131r\u0131mtatar halq\u0131 problemini\u00f1 \u00e7ezilmesi, \u015fu c\u00fcmleden Halqara forum ke\u00e7irilmesine qoltutuv umumiy strategiya olur&#8221;, &#8211; dedi so\u00f1unda Mehmet Samsar ve Ukrainada \u00e7etel yat\u0131r\u0131mlar\u0131 i\u00e7\u00fcn o\u00f1aytl\u0131 \u015faraitler yarat\u0131laca\u011f\u0131na \u00fcm\u00fct bildirdi.<\/p>\n\n\n\n<hr class=\"wp-block-separator\"\/>\n\n\n\n<p>Hat\u0131rlatam\u0131z ki, sent\u00e2br 18 k\u00fcn\u00fc Kiyevde Meclis yolba\u015f\u00e7\u0131lar\u0131n\u0131\u00f1 el\u00e7ilikler ve Ukrainada akkreditatsiya etilgen halqara te\u015fkil\u00e2t vekillerinen er y\u0131ll\u0131q 2-nci k\u00f6r\u00fc\u015f\u00fcvi ol\u0131p ke\u00e7ti.<\/p>\n\n\n\n<p>Mezk\u00fcr k\u00f6r\u00fc\u015f\u00fcvde 20-den ziyade \u00e7etel devletlerni\u00f1 el\u00e7ilikleri i\u015ftirak ettiler.<\/p>\n\n\n\n<p>K\u00f6r\u00fc\u015f\u00fcvden bun\u0131\u00f1 kibi de Ukraina Prezidentini\u00f1 Q\u0131r\u0131mdaki daimiy temsilcisi Viktor Plakida, Ukraina T\u0131\u015fq\u0131 i\u015fler nazirligi ve Ukraina sotsial siyaset nazirligini\u00f1 vekilleri de bulund\u0131lar.<br><br>K\u00f6r\u00fc\u015f\u00fcv &#8220;Q\u0131r\u0131m inki\u015faf\u0131 vaquf\u0131&#8221; Hayriye te\u015fkil\u00e2t\u0131n\u0131\u00f1 qoltutuv\u0131nda ke\u00e7irildi.<\/p>\n\n\n\n<figure class=\"wp-block-image size-full\"><img loading=\"lazy\" decoding=\"async\" width=\"650\" height=\"350\" src=\"http:\/\/qtmm.org\/wp-content\/uploads\/2022\/01\/obchaya.jpeg\" alt=\"\" class=\"wp-image-34290\" srcset=\"https:\/\/qtmm.org\/wp-content\/uploads\/2022\/01\/obchaya.jpeg 650w, https:\/\/qtmm.org\/wp-content\/uploads\/2022\/01\/obchaya-300x162.jpeg 300w\" sizes=\"auto, (max-width: 650px) 100vw, 650px\" \/><\/figure>\n","protected":false},"excerpt":{"rendered":"<p>T\u00fcrkiye Cumhuriyetini\u00f1 Ukrainadaki Vefqulade ve Toluvek\u00e2letli el\u00e7isi Mehmet Samsar Meclis yolba\u015f\u00e7\u0131lar\u0131n\u0131\u00f1 el\u00e7ilikler ve halqara te\u015fkil\u00e2tlarn\u0131\u00f1 vekillerinen k\u00f6r\u00fc\u015f\u00fcvleri olar\u011fa q\u0131r\u0131mtatar halq\u0131n\u0131\u00f1 Ukrainadaki vaziyetini a\u00f1lamalar\u0131 i\u00e7\u00fcn \u011fayet m\u00fcim emiyetke maliktir, dep saya.&nbsp; Bu aqta o, Meclis yolba\u015f\u00e7\u0131lar\u0131n\u0131\u00f1 el\u00e7ilikler ve halqara te\u015fkil\u00e2tlarn\u0131\u00f1 vekillerinen Kiyevde sent\u00e2br 18 k\u00fcn\u00fc ol\u0131p ke\u00e7ken er y\u0131ll\u0131q 2-nci k\u00f6r\u00fc\u015f\u00fcvinde \u00e7\u0131q\u0131\u015f\u0131nda s\u00f6yledi. &#8220;Biz q\u0131r\u0131mtatar halq\u0131n\u0131\u00f1 [&hellip;]<\/p>\n","protected":false},"author":1,"featured_media":0,"comment_status":"open","ping_status":"open","sticky":false,"template":"","format":"standard","meta":{"inline_featured_image":false,"footnotes":""},"categories":[265],"tags":[],"class_list":["post-34311","post","type-post","status-publish","format-standard","hentry","category-haberler"],"acf":[],"yoast_head":"<!-- This site is optimized with the Yoast SEO plugin v27.4 - https:\/\/yoast.com\/product\/yoast-seo-wordpress\/ -->\n<title>T\u00fcrkiyeni\u00f1 Ukrainadaki El\u00e7isi Mehmet Samsar: \u00abAkimiyet vekilleri ve q\u0131r\u0131mtatar halq\u0131 aras\u0131nda dialog da \u00f6zara munasebetleri kibi ep m\u00fckemlle\u015fecegine inanam\u0131z\u00bb - \u041c\u0435\u0434\u0436\u043b\u0456\u0441<\/title>\n<meta name=\"robots\" content=\"index, follow, max-snippet:-1, max-image-preview:large, max-video-preview:-1\" \/>\n<link rel=\"canonical\" href=\"https:\/\/qtmm.org\/qt\/turkiyenin-ukrainadaki-elcisi-mehmet-samsar-akimiyet-vekilleri-ve-qirimtatar-halqi-arasinda-dialog-da-ozara-munasebetleri-kibi-ep-mukemllesecegine-inanamiz\/\" \/>\n<meta property=\"og:locale\" content=\"en_US\" \/>\n<meta property=\"og:type\" content=\"article\" \/>\n<meta property=\"og:title\" content=\"T\u00fcrkiyeni\u00f1 Ukrainadaki El\u00e7isi Mehmet Samsar: \u00abAkimiyet vekilleri ve q\u0131r\u0131mtatar halq\u0131 aras\u0131nda dialog da \u00f6zara munasebetleri kibi ep m\u00fckemlle\u015fecegine inanam\u0131z\u00bb - \u041c\u0435\u0434\u0436\u043b\u0456\u0441\" \/>\n<meta property=\"og:description\" content=\"T\u00fcrkiye Cumhuriyetini\u00f1 Ukrainadaki Vefqulade ve Toluvek\u00e2letli el\u00e7isi Mehmet Samsar Meclis yolba\u015f\u00e7\u0131lar\u0131n\u0131\u00f1 el\u00e7ilikler ve halqara te\u015fkil\u00e2tlarn\u0131\u00f1 vekillerinen k\u00f6r\u00fc\u015f\u00fcvleri olar\u011fa q\u0131r\u0131mtatar halq\u0131n\u0131\u00f1 Ukrainadaki vaziyetini a\u00f1lamalar\u0131 i\u00e7\u00fcn \u011fayet m\u00fcim emiyetke maliktir, dep saya.&nbsp; Bu aqta o, Meclis yolba\u015f\u00e7\u0131lar\u0131n\u0131\u00f1 el\u00e7ilikler ve halqara te\u015fkil\u00e2tlarn\u0131\u00f1 vekillerinen Kiyevde sent\u00e2br 18 k\u00fcn\u00fc ol\u0131p ke\u00e7ken er y\u0131ll\u0131q 2-nci k\u00f6r\u00fc\u015f\u00fcvinde \u00e7\u0131q\u0131\u015f\u0131nda s\u00f6yledi. &#8220;Biz q\u0131r\u0131mtatar halq\u0131n\u0131\u00f1 [&hellip;]\" \/>\n<meta property=\"og:url\" content=\"https:\/\/qtmm.org\/qt\/turkiyenin-ukrainadaki-elcisi-mehmet-samsar-akimiyet-vekilleri-ve-qirimtatar-halqi-arasinda-dialog-da-ozara-munasebetleri-kibi-ep-mukemllesecegine-inanamiz\/\" \/>\n<meta property=\"og:site_name\" content=\"\u041c\u0435\u0434\u0436\u043b\u0456\u0441\" \/>\n<meta property=\"article:publisher\" content=\"https:\/\/www.facebook.com\/qtmm.info\/\" \/>\n<meta property=\"article:published_time\" content=\"2012-09-19T10:14:00+00:00\" \/>\n<meta property=\"article:modified_time\" content=\"2022-01-23T10:15:50+00:00\" \/>\n<meta property=\"og:image\" content=\"https:\/\/qtmm.org\/wp-content\/uploads\/2022\/01\/wss_5007.jpeg\" \/>\n\t<meta property=\"og:image:width\" content=\"650\" \/>\n\t<meta property=\"og:image:height\" content=\"693\" \/>\n\t<meta property=\"og:image:type\" content=\"image\/jpeg\" \/>\n<meta name=\"author\" content=\"Developer\" \/>\n<meta name=\"twitter:card\" content=\"summary_large_image\" \/>\n<meta name=\"twitter:label1\" content=\"Written by\" \/>\n\t<meta name=\"twitter:data1\" content=\"Developer\" \/>\n\t<meta name=\"twitter:label2\" content=\"Est. reading time\" \/>\n\t<meta name=\"twitter:data2\" content=\"3 minutes\" \/>\n<script type=\"application\/ld+json\" class=\"yoast-schema-graph\">{\"@context\":\"https:\\\/\\\/schema.org\",\"@graph\":[{\"@type\":\"Article\",\"@id\":\"https:\\\/\\\/qtmm.org\\\/qt\\\/turkiyenin-ukrainadaki-elcisi-mehmet-samsar-akimiyet-vekilleri-ve-qirimtatar-halqi-arasinda-dialog-da-ozara-munasebetleri-kibi-ep-mukemllesecegine-inanamiz\\\/#article\",\"isPartOf\":{\"@id\":\"https:\\\/\\\/qtmm.org\\\/qt\\\/turkiyenin-ukrainadaki-elcisi-mehmet-samsar-akimiyet-vekilleri-ve-qirimtatar-halqi-arasinda-dialog-da-ozara-munasebetleri-kibi-ep-mukemllesecegine-inanamiz\\\/\"},\"author\":{\"name\":\"Developer\",\"@id\":\"https:\\\/\\\/qtmm.org\\\/qt\\\/#\\\/schema\\\/person\\\/de562469f971dec226ac06e60bbf74a7\"},\"headline\":\"T\u00fcrkiyeni\u00f1 Ukrainadaki El\u00e7isi Mehmet Samsar: \u00abAkimiyet vekilleri ve q\u0131r\u0131mtatar halq\u0131 aras\u0131nda dialog da \u00f6zara munasebetleri kibi ep m\u00fckemlle\u015fecegine inanam\u0131z\u00bb\",\"datePublished\":\"2012-09-19T10:14:00+00:00\",\"dateModified\":\"2022-01-23T10:15:50+00:00\",\"mainEntityOfPage\":{\"@id\":\"https:\\\/\\\/qtmm.org\\\/qt\\\/turkiyenin-ukrainadaki-elcisi-mehmet-samsar-akimiyet-vekilleri-ve-qirimtatar-halqi-arasinda-dialog-da-ozara-munasebetleri-kibi-ep-mukemllesecegine-inanamiz\\\/\"},\"wordCount\":620,\"commentCount\":0,\"publisher\":{\"@id\":\"https:\\\/\\\/qtmm.org\\\/qt\\\/#organization\"},\"image\":{\"@id\":\"https:\\\/\\\/qtmm.org\\\/qt\\\/turkiyenin-ukrainadaki-elcisi-mehmet-samsar-akimiyet-vekilleri-ve-qirimtatar-halqi-arasinda-dialog-da-ozara-munasebetleri-kibi-ep-mukemllesecegine-inanamiz\\\/#primaryimage\"},\"thumbnailUrl\":\"http:\\\/\\\/qtmm.org\\\/wp-content\\\/uploads\\\/2022\\\/01\\\/wss_5007.jpeg\",\"articleSection\":[\"Haberler\"],\"inLanguage\":\"qt\",\"potentialAction\":[{\"@type\":\"CommentAction\",\"name\":\"Comment\",\"target\":[\"https:\\\/\\\/qtmm.org\\\/qt\\\/turkiyenin-ukrainadaki-elcisi-mehmet-samsar-akimiyet-vekilleri-ve-qirimtatar-halqi-arasinda-dialog-da-ozara-munasebetleri-kibi-ep-mukemllesecegine-inanamiz\\\/#respond\"]}]},{\"@type\":\"WebPage\",\"@id\":\"https:\\\/\\\/qtmm.org\\\/qt\\\/turkiyenin-ukrainadaki-elcisi-mehmet-samsar-akimiyet-vekilleri-ve-qirimtatar-halqi-arasinda-dialog-da-ozara-munasebetleri-kibi-ep-mukemllesecegine-inanamiz\\\/\",\"url\":\"https:\\\/\\\/qtmm.org\\\/qt\\\/turkiyenin-ukrainadaki-elcisi-mehmet-samsar-akimiyet-vekilleri-ve-qirimtatar-halqi-arasinda-dialog-da-ozara-munasebetleri-kibi-ep-mukemllesecegine-inanamiz\\\/\",\"name\":\"T\u00fcrkiyeni\u00f1 Ukrainadaki El\u00e7isi Mehmet Samsar: \u00abAkimiyet vekilleri ve q\u0131r\u0131mtatar halq\u0131 aras\u0131nda dialog da \u00f6zara munasebetleri kibi ep m\u00fckemlle\u015fecegine inanam\u0131z\u00bb - \u041c\u0435\u0434\u0436\u043b\u0456\u0441\",\"isPartOf\":{\"@id\":\"https:\\\/\\\/qtmm.org\\\/qt\\\/#website\"},\"primaryImageOfPage\":{\"@id\":\"https:\\\/\\\/qtmm.org\\\/qt\\\/turkiyenin-ukrainadaki-elcisi-mehmet-samsar-akimiyet-vekilleri-ve-qirimtatar-halqi-arasinda-dialog-da-ozara-munasebetleri-kibi-ep-mukemllesecegine-inanamiz\\\/#primaryimage\"},\"image\":{\"@id\":\"https:\\\/\\\/qtmm.org\\\/qt\\\/turkiyenin-ukrainadaki-elcisi-mehmet-samsar-akimiyet-vekilleri-ve-qirimtatar-halqi-arasinda-dialog-da-ozara-munasebetleri-kibi-ep-mukemllesecegine-inanamiz\\\/#primaryimage\"},\"thumbnailUrl\":\"http:\\\/\\\/qtmm.org\\\/wp-content\\\/uploads\\\/2022\\\/01\\\/wss_5007.jpeg\",\"datePublished\":\"2012-09-19T10:14:00+00:00\",\"dateModified\":\"2022-01-23T10:15:50+00:00\",\"breadcrumb\":{\"@id\":\"https:\\\/\\\/qtmm.org\\\/qt\\\/turkiyenin-ukrainadaki-elcisi-mehmet-samsar-akimiyet-vekilleri-ve-qirimtatar-halqi-arasinda-dialog-da-ozara-munasebetleri-kibi-ep-mukemllesecegine-inanamiz\\\/#breadcrumb\"},\"inLanguage\":\"qt\",\"potentialAction\":[{\"@type\":\"ReadAction\",\"target\":[\"https:\\\/\\\/qtmm.org\\\/qt\\\/turkiyenin-ukrainadaki-elcisi-mehmet-samsar-akimiyet-vekilleri-ve-qirimtatar-halqi-arasinda-dialog-da-ozara-munasebetleri-kibi-ep-mukemllesecegine-inanamiz\\\/\"]}]},{\"@type\":\"ImageObject\",\"inLanguage\":\"qt\",\"@id\":\"https:\\\/\\\/qtmm.org\\\/qt\\\/turkiyenin-ukrainadaki-elcisi-mehmet-samsar-akimiyet-vekilleri-ve-qirimtatar-halqi-arasinda-dialog-da-ozara-munasebetleri-kibi-ep-mukemllesecegine-inanamiz\\\/#primaryimage\",\"url\":\"http:\\\/\\\/qtmm.org\\\/wp-content\\\/uploads\\\/2022\\\/01\\\/wss_5007.jpeg\",\"contentUrl\":\"http:\\\/\\\/qtmm.org\\\/wp-content\\\/uploads\\\/2022\\\/01\\\/wss_5007.jpeg\"},{\"@type\":\"BreadcrumbList\",\"@id\":\"https:\\\/\\\/qtmm.org\\\/qt\\\/turkiyenin-ukrainadaki-elcisi-mehmet-samsar-akimiyet-vekilleri-ve-qirimtatar-halqi-arasinda-dialog-da-ozara-munasebetleri-kibi-ep-mukemllesecegine-inanamiz\\\/#breadcrumb\",\"itemListElement\":[{\"@type\":\"ListItem\",\"position\":1,\"name\":\"\u0413\u043e\u043b\u043e\u0432\u043d\u0430\",\"item\":\"https:\\\/\\\/qtmm.org\\\/qt\\\/\"},{\"@type\":\"ListItem\",\"position\":2,\"name\":\"T\u00fcrkiyeni\u00f1 Ukrainadaki El\u00e7isi Mehmet Samsar: \u00abAkimiyet vekilleri ve q\u0131r\u0131mtatar halq\u0131 aras\u0131nda dialog da \u00f6zara munasebetleri kibi ep m\u00fckemlle\u015fecegine inanam\u0131z\u00bb\"}]},{\"@type\":\"WebSite\",\"@id\":\"https:\\\/\\\/qtmm.org\\\/qt\\\/#website\",\"url\":\"https:\\\/\\\/qtmm.org\\\/qt\\\/\",\"name\":\"\u041c\u0435\u0434\u0436\u043b\u0456\u0441\",\"description\":\"\",\"publisher\":{\"@id\":\"https:\\\/\\\/qtmm.org\\\/qt\\\/#organization\"},\"potentialAction\":[{\"@type\":\"SearchAction\",\"target\":{\"@type\":\"EntryPoint\",\"urlTemplate\":\"https:\\\/\\\/qtmm.org\\\/qt\\\/?s={search_term_string}\"},\"query-input\":{\"@type\":\"PropertyValueSpecification\",\"valueRequired\":true,\"valueName\":\"search_term_string\"}}],\"inLanguage\":\"qt\"},{\"@type\":\"Organization\",\"@id\":\"https:\\\/\\\/qtmm.org\\\/qt\\\/#organization\",\"name\":\"\u041c\u0435\u0434\u0436\u043b\u0456\u0441\",\"url\":\"https:\\\/\\\/qtmm.org\\\/qt\\\/\",\"logo\":{\"@type\":\"ImageObject\",\"inLanguage\":\"qt\",\"@id\":\"https:\\\/\\\/qtmm.org\\\/qt\\\/#\\\/schema\\\/logo\\\/image\\\/\",\"url\":\"https:\\\/\\\/qtmm.org\\\/wp-content\\\/uploads\\\/2024\\\/12\\\/ua-mejlis-logo-rgb.svg\",\"contentUrl\":\"https:\\\/\\\/qtmm.org\\\/wp-content\\\/uploads\\\/2024\\\/12\\\/ua-mejlis-logo-rgb.svg\",\"caption\":\"\u041c\u0435\u0434\u0436\u043b\u0456\u0441\"},\"image\":{\"@id\":\"https:\\\/\\\/qtmm.org\\\/qt\\\/#\\\/schema\\\/logo\\\/image\\\/\"},\"sameAs\":[\"https:\\\/\\\/www.facebook.com\\\/qtmm.info\\\/\"]},{\"@type\":\"Person\",\"@id\":\"https:\\\/\\\/qtmm.org\\\/qt\\\/#\\\/schema\\\/person\\\/de562469f971dec226ac06e60bbf74a7\",\"name\":\"Developer\",\"image\":{\"@type\":\"ImageObject\",\"inLanguage\":\"qt\",\"@id\":\"https:\\\/\\\/secure.gravatar.com\\\/avatar\\\/392b4cc8fbfeb00b39dfeeab4ee6edded39ffd48e25858637e4765810300227e?s=96&d=mm&r=g\",\"url\":\"https:\\\/\\\/secure.gravatar.com\\\/avatar\\\/392b4cc8fbfeb00b39dfeeab4ee6edded39ffd48e25858637e4765810300227e?s=96&d=mm&r=g\",\"contentUrl\":\"https:\\\/\\\/secure.gravatar.com\\\/avatar\\\/392b4cc8fbfeb00b39dfeeab4ee6edded39ffd48e25858637e4765810300227e?s=96&d=mm&r=g\",\"caption\":\"Developer\"},\"url\":\"https:\\\/\\\/qtmm.org\\\/qt\\\/author\\\/Developer\\\/\"}]}<\/script>\n<!-- \/ Yoast SEO plugin. -->","yoast_head_json":{"title":"T\u00fcrkiyeni\u00f1 Ukrainadaki El\u00e7isi Mehmet Samsar: \u00abAkimiyet vekilleri ve q\u0131r\u0131mtatar halq\u0131 aras\u0131nda dialog da \u00f6zara munasebetleri kibi ep m\u00fckemlle\u015fecegine inanam\u0131z\u00bb - \u041c\u0435\u0434\u0436\u043b\u0456\u0441","robots":{"index":"index","follow":"follow","max-snippet":"max-snippet:-1","max-image-preview":"max-image-preview:large","max-video-preview":"max-video-preview:-1"},"canonical":"https:\/\/qtmm.org\/qt\/turkiyenin-ukrainadaki-elcisi-mehmet-samsar-akimiyet-vekilleri-ve-qirimtatar-halqi-arasinda-dialog-da-ozara-munasebetleri-kibi-ep-mukemllesecegine-inanamiz\/","og_locale":"en_US","og_type":"article","og_title":"T\u00fcrkiyeni\u00f1 Ukrainadaki El\u00e7isi Mehmet Samsar: \u00abAkimiyet vekilleri ve q\u0131r\u0131mtatar halq\u0131 aras\u0131nda dialog da \u00f6zara munasebetleri kibi ep m\u00fckemlle\u015fecegine inanam\u0131z\u00bb - \u041c\u0435\u0434\u0436\u043b\u0456\u0441","og_description":"T\u00fcrkiye Cumhuriyetini\u00f1 Ukrainadaki Vefqulade ve Toluvek\u00e2letli el\u00e7isi Mehmet Samsar Meclis yolba\u015f\u00e7\u0131lar\u0131n\u0131\u00f1 el\u00e7ilikler ve halqara te\u015fkil\u00e2tlarn\u0131\u00f1 vekillerinen k\u00f6r\u00fc\u015f\u00fcvleri olar\u011fa q\u0131r\u0131mtatar halq\u0131n\u0131\u00f1 Ukrainadaki vaziyetini a\u00f1lamalar\u0131 i\u00e7\u00fcn \u011fayet m\u00fcim emiyetke maliktir, dep saya.&nbsp; Bu aqta o, Meclis yolba\u015f\u00e7\u0131lar\u0131n\u0131\u00f1 el\u00e7ilikler ve halqara te\u015fkil\u00e2tlarn\u0131\u00f1 vekillerinen Kiyevde sent\u00e2br 18 k\u00fcn\u00fc ol\u0131p ke\u00e7ken er y\u0131ll\u0131q 2-nci k\u00f6r\u00fc\u015f\u00fcvinde \u00e7\u0131q\u0131\u015f\u0131nda s\u00f6yledi. &#8220;Biz q\u0131r\u0131mtatar halq\u0131n\u0131\u00f1 [&hellip;]","og_url":"https:\/\/qtmm.org\/qt\/turkiyenin-ukrainadaki-elcisi-mehmet-samsar-akimiyet-vekilleri-ve-qirimtatar-halqi-arasinda-dialog-da-ozara-munasebetleri-kibi-ep-mukemllesecegine-inanamiz\/","og_site_name":"\u041c\u0435\u0434\u0436\u043b\u0456\u0441","article_publisher":"https:\/\/www.facebook.com\/qtmm.info\/","article_published_time":"2012-09-19T10:14:00+00:00","article_modified_time":"2022-01-23T10:15:50+00:00","og_image":[{"width":650,"height":693,"url":"https:\/\/qtmm.org\/wp-content\/uploads\/2022\/01\/wss_5007.jpeg","type":"image\/jpeg"}],"author":"Developer","twitter_card":"summary_large_image","twitter_misc":{"Written by":"Developer","Est. reading time":"3 minutes"},"schema":{"@context":"https:\/\/schema.org","@graph":[{"@type":"Article","@id":"https:\/\/qtmm.org\/qt\/turkiyenin-ukrainadaki-elcisi-mehmet-samsar-akimiyet-vekilleri-ve-qirimtatar-halqi-arasinda-dialog-da-ozara-munasebetleri-kibi-ep-mukemllesecegine-inanamiz\/#article","isPartOf":{"@id":"https:\/\/qtmm.org\/qt\/turkiyenin-ukrainadaki-elcisi-mehmet-samsar-akimiyet-vekilleri-ve-qirimtatar-halqi-arasinda-dialog-da-ozara-munasebetleri-kibi-ep-mukemllesecegine-inanamiz\/"},"author":{"name":"Developer","@id":"https:\/\/qtmm.org\/qt\/#\/schema\/person\/de562469f971dec226ac06e60bbf74a7"},"headline":"T\u00fcrkiyeni\u00f1 Ukrainadaki El\u00e7isi Mehmet Samsar: \u00abAkimiyet vekilleri ve q\u0131r\u0131mtatar halq\u0131 aras\u0131nda dialog da \u00f6zara munasebetleri kibi ep m\u00fckemlle\u015fecegine inanam\u0131z\u00bb","datePublished":"2012-09-19T10:14:00+00:00","dateModified":"2022-01-23T10:15:50+00:00","mainEntityOfPage":{"@id":"https:\/\/qtmm.org\/qt\/turkiyenin-ukrainadaki-elcisi-mehmet-samsar-akimiyet-vekilleri-ve-qirimtatar-halqi-arasinda-dialog-da-ozara-munasebetleri-kibi-ep-mukemllesecegine-inanamiz\/"},"wordCount":620,"commentCount":0,"publisher":{"@id":"https:\/\/qtmm.org\/qt\/#organization"},"image":{"@id":"https:\/\/qtmm.org\/qt\/turkiyenin-ukrainadaki-elcisi-mehmet-samsar-akimiyet-vekilleri-ve-qirimtatar-halqi-arasinda-dialog-da-ozara-munasebetleri-kibi-ep-mukemllesecegine-inanamiz\/#primaryimage"},"thumbnailUrl":"http:\/\/qtmm.org\/wp-content\/uploads\/2022\/01\/wss_5007.jpeg","articleSection":["Haberler"],"inLanguage":"qt","potentialAction":[{"@type":"CommentAction","name":"Comment","target":["https:\/\/qtmm.org\/qt\/turkiyenin-ukrainadaki-elcisi-mehmet-samsar-akimiyet-vekilleri-ve-qirimtatar-halqi-arasinda-dialog-da-ozara-munasebetleri-kibi-ep-mukemllesecegine-inanamiz\/#respond"]}]},{"@type":"WebPage","@id":"https:\/\/qtmm.org\/qt\/turkiyenin-ukrainadaki-elcisi-mehmet-samsar-akimiyet-vekilleri-ve-qirimtatar-halqi-arasinda-dialog-da-ozara-munasebetleri-kibi-ep-mukemllesecegine-inanamiz\/","url":"https:\/\/qtmm.org\/qt\/turkiyenin-ukrainadaki-elcisi-mehmet-samsar-akimiyet-vekilleri-ve-qirimtatar-halqi-arasinda-dialog-da-ozara-munasebetleri-kibi-ep-mukemllesecegine-inanamiz\/","name":"T\u00fcrkiyeni\u00f1 Ukrainadaki El\u00e7isi Mehmet Samsar: \u00abAkimiyet vekilleri ve q\u0131r\u0131mtatar halq\u0131 aras\u0131nda dialog da \u00f6zara munasebetleri kibi ep m\u00fckemlle\u015fecegine inanam\u0131z\u00bb - \u041c\u0435\u0434\u0436\u043b\u0456\u0441","isPartOf":{"@id":"https:\/\/qtmm.org\/qt\/#website"},"primaryImageOfPage":{"@id":"https:\/\/qtmm.org\/qt\/turkiyenin-ukrainadaki-elcisi-mehmet-samsar-akimiyet-vekilleri-ve-qirimtatar-halqi-arasinda-dialog-da-ozara-munasebetleri-kibi-ep-mukemllesecegine-inanamiz\/#primaryimage"},"image":{"@id":"https:\/\/qtmm.org\/qt\/turkiyenin-ukrainadaki-elcisi-mehmet-samsar-akimiyet-vekilleri-ve-qirimtatar-halqi-arasinda-dialog-da-ozara-munasebetleri-kibi-ep-mukemllesecegine-inanamiz\/#primaryimage"},"thumbnailUrl":"http:\/\/qtmm.org\/wp-content\/uploads\/2022\/01\/wss_5007.jpeg","datePublished":"2012-09-19T10:14:00+00:00","dateModified":"2022-01-23T10:15:50+00:00","breadcrumb":{"@id":"https:\/\/qtmm.org\/qt\/turkiyenin-ukrainadaki-elcisi-mehmet-samsar-akimiyet-vekilleri-ve-qirimtatar-halqi-arasinda-dialog-da-ozara-munasebetleri-kibi-ep-mukemllesecegine-inanamiz\/#breadcrumb"},"inLanguage":"qt","potentialAction":[{"@type":"ReadAction","target":["https:\/\/qtmm.org\/qt\/turkiyenin-ukrainadaki-elcisi-mehmet-samsar-akimiyet-vekilleri-ve-qirimtatar-halqi-arasinda-dialog-da-ozara-munasebetleri-kibi-ep-mukemllesecegine-inanamiz\/"]}]},{"@type":"ImageObject","inLanguage":"qt","@id":"https:\/\/qtmm.org\/qt\/turkiyenin-ukrainadaki-elcisi-mehmet-samsar-akimiyet-vekilleri-ve-qirimtatar-halqi-arasinda-dialog-da-ozara-munasebetleri-kibi-ep-mukemllesecegine-inanamiz\/#primaryimage","url":"http:\/\/qtmm.org\/wp-content\/uploads\/2022\/01\/wss_5007.jpeg","contentUrl":"http:\/\/qtmm.org\/wp-content\/uploads\/2022\/01\/wss_5007.jpeg"},{"@type":"BreadcrumbList","@id":"https:\/\/qtmm.org\/qt\/turkiyenin-ukrainadaki-elcisi-mehmet-samsar-akimiyet-vekilleri-ve-qirimtatar-halqi-arasinda-dialog-da-ozara-munasebetleri-kibi-ep-mukemllesecegine-inanamiz\/#breadcrumb","itemListElement":[{"@type":"ListItem","position":1,"name":"\u0413\u043e\u043b\u043e\u0432\u043d\u0430","item":"https:\/\/qtmm.org\/qt\/"},{"@type":"ListItem","position":2,"name":"T\u00fcrkiyeni\u00f1 Ukrainadaki El\u00e7isi Mehmet Samsar: \u00abAkimiyet vekilleri ve q\u0131r\u0131mtatar halq\u0131 aras\u0131nda dialog da \u00f6zara munasebetleri kibi ep m\u00fckemlle\u015fecegine inanam\u0131z\u00bb"}]},{"@type":"WebSite","@id":"https:\/\/qtmm.org\/qt\/#website","url":"https:\/\/qtmm.org\/qt\/","name":"\u041c\u0435\u0434\u0436\u043b\u0456\u0441","description":"","publisher":{"@id":"https:\/\/qtmm.org\/qt\/#organization"},"potentialAction":[{"@type":"SearchAction","target":{"@type":"EntryPoint","urlTemplate":"https:\/\/qtmm.org\/qt\/?s={search_term_string}"},"query-input":{"@type":"PropertyValueSpecification","valueRequired":true,"valueName":"search_term_string"}}],"inLanguage":"qt"},{"@type":"Organization","@id":"https:\/\/qtmm.org\/qt\/#organization","name":"\u041c\u0435\u0434\u0436\u043b\u0456\u0441","url":"https:\/\/qtmm.org\/qt\/","logo":{"@type":"ImageObject","inLanguage":"qt","@id":"https:\/\/qtmm.org\/qt\/#\/schema\/logo\/image\/","url":"https:\/\/qtmm.org\/wp-content\/uploads\/2024\/12\/ua-mejlis-logo-rgb.svg","contentUrl":"https:\/\/qtmm.org\/wp-content\/uploads\/2024\/12\/ua-mejlis-logo-rgb.svg","caption":"\u041c\u0435\u0434\u0436\u043b\u0456\u0441"},"image":{"@id":"https:\/\/qtmm.org\/qt\/#\/schema\/logo\/image\/"},"sameAs":["https:\/\/www.facebook.com\/qtmm.info\/"]},{"@type":"Person","@id":"https:\/\/qtmm.org\/qt\/#\/schema\/person\/de562469f971dec226ac06e60bbf74a7","name":"Developer","image":{"@type":"ImageObject","inLanguage":"qt","@id":"https:\/\/secure.gravatar.com\/avatar\/392b4cc8fbfeb00b39dfeeab4ee6edded39ffd48e25858637e4765810300227e?s=96&d=mm&r=g","url":"https:\/\/secure.gravatar.com\/avatar\/392b4cc8fbfeb00b39dfeeab4ee6edded39ffd48e25858637e4765810300227e?s=96&d=mm&r=g","contentUrl":"https:\/\/secure.gravatar.com\/avatar\/392b4cc8fbfeb00b39dfeeab4ee6edded39ffd48e25858637e4765810300227e?s=96&d=mm&r=g","caption":"Developer"},"url":"https:\/\/qtmm.org\/qt\/author\/Developer\/"}]}},"_links":{"self":[{"href":"https:\/\/qtmm.org\/qt\/wp-json\/wp\/v2\/posts\/34311","targetHints":{"allow":["GET"]}}],"collection":[{"href":"https:\/\/qtmm.org\/qt\/wp-json\/wp\/v2\/posts"}],"about":[{"href":"https:\/\/qtmm.org\/qt\/wp-json\/wp\/v2\/types\/post"}],"author":[{"embeddable":true,"href":"https:\/\/qtmm.org\/qt\/wp-json\/wp\/v2\/users\/1"}],"replies":[{"embeddable":true,"href":"https:\/\/qtmm.org\/qt\/wp-json\/wp\/v2\/comments?post=34311"}],"version-history":[{"count":1,"href":"https:\/\/qtmm.org\/qt\/wp-json\/wp\/v2\/posts\/34311\/revisions"}],"predecessor-version":[{"id":34316,"href":"https:\/\/qtmm.org\/qt\/wp-json\/wp\/v2\/posts\/34311\/revisions\/34316"}],"wp:attachment":[{"href":"https:\/\/qtmm.org\/qt\/wp-json\/wp\/v2\/media?parent=34311"}],"wp:term":[{"taxonomy":"category","embeddable":true,"href":"https:\/\/qtmm.org\/qt\/wp-json\/wp\/v2\/categories?post=34311"},{"taxonomy":"post_tag","embeddable":true,"href":"https:\/\/qtmm.org\/qt\/wp-json\/wp\/v2\/tags?post=34311"}],"curies":[{"name":"wp","href":"https:\/\/api.w.org\/{rel}","templated":true}]}}