




{"id":34301,"date":"2012-09-19T13:13:00","date_gmt":"2012-09-19T10:13:00","guid":{"rendered":"http:\/\/qtmm.org\/?p=34301"},"modified":"2022-01-23T13:14:40","modified_gmt":"2022-01-23T10:14:40","slug":"aqsnin-ukrainadaki-elcisi-con-tefft-aqs-halqara-forum-kecirilmesine-qoltuta","status":"publish","type":"post","link":"https:\/\/qtmm.org\/qt\/aqsnin-ukrainadaki-elcisi-con-tefft-aqs-halqara-forum-kecirilmesine-qoltuta\/","title":{"rendered":"AQ\u015en\u0131\u00f1 Ukrainadaki El\u00e7isi Con Tefft AQ\u015e halqara forum ke\u00e7irilmesine qoltuta"},"content":{"rendered":"\n<p>&#8220;Q\u0131ymetli meslekde\u015flerim, men \u015fu masa ba\u015f\u0131nda epimiz qoltutt\u0131\u011f\u0131m\u0131z maqsadlarn\u0131 tam ifade etken T\u00fcrkiye El\u00e7isini al\u011f\u0131\u015flay\u0131m, &#8211; dedi AQ\u015en\u0131\u00f1 Ukrainadaki Vefqulade ve Toluvek\u00e2letli El\u00e7isi Con Tefft Meclis yolba\u015f\u00e7\u0131lar\u0131n\u0131\u00f1 el\u00e7ilikler veUkrainada akkreditatsiya etilgen halqara te\u015fkil\u00e2t reberlerinen k\u00f6r\u00fc\u015f\u00fcvde.<\/p>\n\n\n\n<figure class=\"wp-block-image size-full\"><img loading=\"lazy\" decoding=\"async\" width=\"650\" height=\"580\" src=\"http:\/\/qtmm.org\/wp-content\/uploads\/2022\/01\/tefft.jpeg\" alt=\"\" class=\"wp-image-34302\" srcset=\"https:\/\/qtmm.org\/wp-content\/uploads\/2022\/01\/tefft.jpeg 650w, https:\/\/qtmm.org\/wp-content\/uploads\/2022\/01\/tefft-300x268.jpeg 300w\" sizes=\"auto, (max-width: 650px) 100vw, 650px\" \/><\/figure>\n\n\n\n<p>AQ\u015e El\u00e7isi q\u0131r\u0131mtatar halq\u0131na qoltutuvda T\u00fcrkiye ve diger ortaqlarn\u0131\u00f1 rol\u00fcne y\u00fcksek q\u0131ymet keskenini bildirdi. Halqara forum meselesini muzakere et\u00fcv q\u0131sm\u0131nda Con Tefftni\u00f1 aytqan\u0131na k\u00f6re AQ\u015en\u0131\u00f1 diplomatik k\u00fc\u00e7leri Halqara forum \u011fayesine qoltutqanlar\u0131 ve art\u0131q on\u0131\u00f1 maqsadlar\u0131 ve vazifelerini\u00f1 konkret muzakeresine ke\u00e7mege ister ediler.<\/p>\n\n\n\n<p>&#8220;Tekrar \u015fun\u0131 aytmaq isterdim ki, bug\u00fcnki k\u00f6r\u00fc\u015f\u00fcvde ayt\u0131l\u011fanlarn\u0131 pek m\u00fcim, dep sayam. \u00c7\u00fcnki bu q\u0131r\u0131mtatar halq\u0131n\u0131\u00f1 medeniy ananelerini saqlav ve on\u0131\u00f1 siyasiy problemlerini \u00e7ez\u00fcv i\u015fini k\u00f6zde tuta&#8221;, &#8211; dedi Amerika El\u00e7isi ve \u015fun\u0131 da qayd etti ki, AQ\u015e diplomatik misssiyas\u0131 q\u0131r\u0131mtatar halq\u0131n\u0131\u00f1 zengin medeniy ananalerine qoltutma\u011fa az\u0131r ve b\u00f6yle imk\u00e2n ileride de peyda olur&#8221;.<\/p>\n\n\n\n<p>2012 senesi sent\u00e2br 18 k\u00fcn\u00fc Kiyevdeki &#8220;Hyatt&#8221; \u00f6telinde Q\u0131r\u0131mtatar halq\u0131 Meclisini\u00f1 yolba\u015f\u00e7\u0131lar\u0131 Ukrainadaki el\u00e7ilikler ve akkreditatsiya etilgen halqara te\u015fkil\u00e2tlar\u0131n\u0131\u00f1 reberlerinen k\u00f6r\u00fc\u015ftiler.<br><br>Esas maruzalarnen Q\u0131r\u0131mtatar halq\u0131 Meclisi yolba\u015f\u00e7\u0131lar\u0131n\u0131\u00f1 Ukrainadaki el\u00e7ilikler ve akkreditatsiya etilgen halqara te\u015fkil\u00e2tlar\u0131n\u0131\u00f1 reberlerinen k\u00f6r\u00fc\u015f\u00fcvinde Meclis reisi, Ukraina halq deputat\u0131 Mustafa Cemilev, B\u00fct\u00fcnd\u00fcnya q\u0131r\u0131mtatarlar kongressini\u00f1 prezidenti, Q\u0131r\u0131m Yuqar\u0131 \u015euras\u0131n\u0131\u00f1 deputat\u0131 Refat \u00c7ubarov, Q\u0131r\u0131m Nazirler \u015euras\u0131n\u0131\u00f1 reisi Anatoliy Mogil\u00f6v, &#8220;Q\u0131r\u0131m inki\u015faf\u0131 vaquf\u0131&#8221; hayriye te\u015fkil\u00e2t\u0131n\u0131\u00f1 prezidenti Rustem \u00dcmerov, OSCE Aliy Komissar\u0131n\u0131\u00f1 mesleat\u00e7\u0131s\u0131 Aleksandr Vinnikov, Halqara Forum\u011fa az\u0131rl\u0131q \u00e7er\u00e7ivesinde Q\u0131r\u0131mdaki vaziyet aqq\u0131nda esabat az\u0131rlav boyunca mustaqil ekspertler gruppas\u0131n\u0131\u00f1 halqara koordinator\u0131 Endr\u00fc Vilson \u00e7\u0131q\u0131\u015fta bulund\u0131lar.<br><br>K\u00f6r\u00fc\u015f\u00fcvge bun\u0131\u00f1 kibi de Ukraina Prezidenti Memuriyetini\u00f1 vekilleri, Prezitentni\u00f1 Q\u0131r\u0131mdaki daimiy temsilcisi Viktor Plakida, Ukraina t\u0131\u015fq\u0131 i\u015fler nazirligi hadimleri ve Ukraina i\u00e7timaiy siyaset naziri davet etildiler.<\/p>\n\n\n\n<p>K\u00f6r\u00fc\u015f\u00fcv &#8220;Q\u0131r\u0131m inki\u015faf\u0131 vaquf\u0131&#8221; hayriye te\u015fkil\u00e2t\u0131n\u0131\u00f1 qoltutuv\u0131nda ke\u00e7irildi<\/p>\n\n\n\n<figure class=\"wp-block-image size-full\"><img loading=\"lazy\" decoding=\"async\" width=\"650\" height=\"350\" src=\"http:\/\/qtmm.org\/wp-content\/uploads\/2022\/01\/obchaya.jpeg\" alt=\"\" class=\"wp-image-34290\" srcset=\"https:\/\/qtmm.org\/wp-content\/uploads\/2022\/01\/obchaya.jpeg 650w, https:\/\/qtmm.org\/wp-content\/uploads\/2022\/01\/obchaya-300x162.jpeg 300w\" sizes=\"auto, (max-width: 650px) 100vw, 650px\" \/><\/figure>\n","protected":false},"excerpt":{"rendered":"<p>&#8220;Q\u0131ymetli meslekde\u015flerim, men \u015fu masa ba\u015f\u0131nda epimiz qoltutt\u0131\u011f\u0131m\u0131z maqsadlarn\u0131 tam ifade etken T\u00fcrkiye El\u00e7isini al\u011f\u0131\u015flay\u0131m, &#8211; dedi AQ\u015en\u0131\u00f1 Ukrainadaki Vefqulade ve Toluvek\u00e2letli El\u00e7isi Con Tefft Meclis yolba\u015f\u00e7\u0131lar\u0131n\u0131\u00f1 el\u00e7ilikler veUkrainada akkreditatsiya etilgen halqara te\u015fkil\u00e2t reberlerinen k\u00f6r\u00fc\u015f\u00fcvde. AQ\u015e El\u00e7isi q\u0131r\u0131mtatar halq\u0131na qoltutuvda T\u00fcrkiye ve diger ortaqlarn\u0131\u00f1 rol\u00fcne y\u00fcksek q\u0131ymet keskenini bildirdi. Halqara forum meselesini muzakere et\u00fcv q\u0131sm\u0131nda [&hellip;]<\/p>\n","protected":false},"author":1,"featured_media":34306,"comment_status":"open","ping_status":"open","sticky":false,"template":"","format":"standard","meta":{"inline_featured_image":false,"footnotes":""},"categories":[265],"tags":[],"class_list":["post-34301","post","type-post","status-publish","format-standard","has-post-thumbnail","hentry","category-haberler"],"acf":[],"yoast_head":"<!-- This site is optimized with the Yoast SEO plugin v27.4 - https:\/\/yoast.com\/product\/yoast-seo-wordpress\/ -->\n<title>AQ\u015en\u0131\u00f1 Ukrainadaki El\u00e7isi Con Tefft AQ\u015e halqara forum ke\u00e7irilmesine qoltuta - \u041c\u0435\u0434\u0436\u043b\u0456\u0441<\/title>\n<meta name=\"robots\" content=\"index, follow, max-snippet:-1, max-image-preview:large, max-video-preview:-1\" \/>\n<link rel=\"canonical\" href=\"https:\/\/qtmm.org\/qt\/aqsnin-ukrainadaki-elcisi-con-tefft-aqs-halqara-forum-kecirilmesine-qoltuta\/\" \/>\n<meta property=\"og:locale\" content=\"en_US\" \/>\n<meta property=\"og:type\" content=\"article\" \/>\n<meta property=\"og:title\" content=\"AQ\u015en\u0131\u00f1 Ukrainadaki El\u00e7isi Con Tefft AQ\u015e halqara forum ke\u00e7irilmesine qoltuta - \u041c\u0435\u0434\u0436\u043b\u0456\u0441\" \/>\n<meta property=\"og:description\" content=\"&#8220;Q\u0131ymetli meslekde\u015flerim, men \u015fu masa ba\u015f\u0131nda epimiz qoltutt\u0131\u011f\u0131m\u0131z maqsadlarn\u0131 tam ifade etken T\u00fcrkiye El\u00e7isini al\u011f\u0131\u015flay\u0131m, &#8211; dedi AQ\u015en\u0131\u00f1 Ukrainadaki Vefqulade ve Toluvek\u00e2letli El\u00e7isi Con Tefft Meclis yolba\u015f\u00e7\u0131lar\u0131n\u0131\u00f1 el\u00e7ilikler veUkrainada akkreditatsiya etilgen halqara te\u015fkil\u00e2t reberlerinen k\u00f6r\u00fc\u015f\u00fcvde. AQ\u015e El\u00e7isi q\u0131r\u0131mtatar halq\u0131na qoltutuvda T\u00fcrkiye ve diger ortaqlarn\u0131\u00f1 rol\u00fcne y\u00fcksek q\u0131ymet keskenini bildirdi. Halqara forum meselesini muzakere et\u00fcv q\u0131sm\u0131nda [&hellip;]\" \/>\n<meta property=\"og:url\" content=\"https:\/\/qtmm.org\/qt\/aqsnin-ukrainadaki-elcisi-con-tefft-aqs-halqara-forum-kecirilmesine-qoltuta\/\" \/>\n<meta property=\"og:site_name\" content=\"\u041c\u0435\u0434\u0436\u043b\u0456\u0441\" \/>\n<meta property=\"article:publisher\" content=\"https:\/\/www.facebook.com\/qtmm.info\/\" \/>\n<meta property=\"article:published_time\" content=\"2012-09-19T10:13:00+00:00\" \/>\n<meta property=\"article:modified_time\" content=\"2022-01-23T10:14:40+00:00\" \/>\n<meta property=\"og:image\" content=\"https:\/\/qtmm.org\/wp-content\/uploads\/2022\/01\/tefft_i_dzhemilev.jpeg\" \/>\n\t<meta property=\"og:image:width\" content=\"650\" \/>\n\t<meta property=\"og:image:height\" content=\"400\" \/>\n\t<meta property=\"og:image:type\" content=\"image\/jpeg\" \/>\n<meta name=\"author\" content=\"Developer\" \/>\n<meta name=\"twitter:card\" content=\"summary_large_image\" \/>\n<meta name=\"twitter:label1\" content=\"Written by\" \/>\n\t<meta name=\"twitter:data1\" content=\"Developer\" \/>\n\t<meta name=\"twitter:label2\" content=\"Est. reading time\" \/>\n\t<meta name=\"twitter:data2\" content=\"2 minutes\" \/>\n<script type=\"application\/ld+json\" class=\"yoast-schema-graph\">{\"@context\":\"https:\\\/\\\/schema.org\",\"@graph\":[{\"@type\":\"Article\",\"@id\":\"https:\\\/\\\/qtmm.org\\\/qt\\\/aqsnin-ukrainadaki-elcisi-con-tefft-aqs-halqara-forum-kecirilmesine-qoltuta\\\/#article\",\"isPartOf\":{\"@id\":\"https:\\\/\\\/qtmm.org\\\/qt\\\/aqsnin-ukrainadaki-elcisi-con-tefft-aqs-halqara-forum-kecirilmesine-qoltuta\\\/\"},\"author\":{\"name\":\"Developer\",\"@id\":\"https:\\\/\\\/qtmm.org\\\/qt\\\/#\\\/schema\\\/person\\\/de562469f971dec226ac06e60bbf74a7\"},\"headline\":\"AQ\u015en\u0131\u00f1 Ukrainadaki El\u00e7isi Con Tefft AQ\u015e halqara forum ke\u00e7irilmesine qoltuta\",\"datePublished\":\"2012-09-19T10:13:00+00:00\",\"dateModified\":\"2022-01-23T10:14:40+00:00\",\"mainEntityOfPage\":{\"@id\":\"https:\\\/\\\/qtmm.org\\\/qt\\\/aqsnin-ukrainadaki-elcisi-con-tefft-aqs-halqara-forum-kecirilmesine-qoltuta\\\/\"},\"wordCount\":393,\"commentCount\":0,\"publisher\":{\"@id\":\"https:\\\/\\\/qtmm.org\\\/qt\\\/#organization\"},\"image\":{\"@id\":\"https:\\\/\\\/qtmm.org\\\/qt\\\/aqsnin-ukrainadaki-elcisi-con-tefft-aqs-halqara-forum-kecirilmesine-qoltuta\\\/#primaryimage\"},\"thumbnailUrl\":\"https:\\\/\\\/qtmm.org\\\/wp-content\\\/uploads\\\/2022\\\/01\\\/tefft_i_dzhemilev.jpeg\",\"articleSection\":[\"Haberler\"],\"inLanguage\":\"qt\",\"potentialAction\":[{\"@type\":\"CommentAction\",\"name\":\"Comment\",\"target\":[\"https:\\\/\\\/qtmm.org\\\/qt\\\/aqsnin-ukrainadaki-elcisi-con-tefft-aqs-halqara-forum-kecirilmesine-qoltuta\\\/#respond\"]}]},{\"@type\":\"WebPage\",\"@id\":\"https:\\\/\\\/qtmm.org\\\/qt\\\/aqsnin-ukrainadaki-elcisi-con-tefft-aqs-halqara-forum-kecirilmesine-qoltuta\\\/\",\"url\":\"https:\\\/\\\/qtmm.org\\\/qt\\\/aqsnin-ukrainadaki-elcisi-con-tefft-aqs-halqara-forum-kecirilmesine-qoltuta\\\/\",\"name\":\"AQ\u015en\u0131\u00f1 Ukrainadaki El\u00e7isi Con Tefft AQ\u015e halqara forum ke\u00e7irilmesine qoltuta - \u041c\u0435\u0434\u0436\u043b\u0456\u0441\",\"isPartOf\":{\"@id\":\"https:\\\/\\\/qtmm.org\\\/qt\\\/#website\"},\"primaryImageOfPage\":{\"@id\":\"https:\\\/\\\/qtmm.org\\\/qt\\\/aqsnin-ukrainadaki-elcisi-con-tefft-aqs-halqara-forum-kecirilmesine-qoltuta\\\/#primaryimage\"},\"image\":{\"@id\":\"https:\\\/\\\/qtmm.org\\\/qt\\\/aqsnin-ukrainadaki-elcisi-con-tefft-aqs-halqara-forum-kecirilmesine-qoltuta\\\/#primaryimage\"},\"thumbnailUrl\":\"https:\\\/\\\/qtmm.org\\\/wp-content\\\/uploads\\\/2022\\\/01\\\/tefft_i_dzhemilev.jpeg\",\"datePublished\":\"2012-09-19T10:13:00+00:00\",\"dateModified\":\"2022-01-23T10:14:40+00:00\",\"breadcrumb\":{\"@id\":\"https:\\\/\\\/qtmm.org\\\/qt\\\/aqsnin-ukrainadaki-elcisi-con-tefft-aqs-halqara-forum-kecirilmesine-qoltuta\\\/#breadcrumb\"},\"inLanguage\":\"qt\",\"potentialAction\":[{\"@type\":\"ReadAction\",\"target\":[\"https:\\\/\\\/qtmm.org\\\/qt\\\/aqsnin-ukrainadaki-elcisi-con-tefft-aqs-halqara-forum-kecirilmesine-qoltuta\\\/\"]}]},{\"@type\":\"ImageObject\",\"inLanguage\":\"qt\",\"@id\":\"https:\\\/\\\/qtmm.org\\\/qt\\\/aqsnin-ukrainadaki-elcisi-con-tefft-aqs-halqara-forum-kecirilmesine-qoltuta\\\/#primaryimage\",\"url\":\"https:\\\/\\\/qtmm.org\\\/wp-content\\\/uploads\\\/2022\\\/01\\\/tefft_i_dzhemilev.jpeg\",\"contentUrl\":\"https:\\\/\\\/qtmm.org\\\/wp-content\\\/uploads\\\/2022\\\/01\\\/tefft_i_dzhemilev.jpeg\",\"width\":650,\"height\":400},{\"@type\":\"BreadcrumbList\",\"@id\":\"https:\\\/\\\/qtmm.org\\\/qt\\\/aqsnin-ukrainadaki-elcisi-con-tefft-aqs-halqara-forum-kecirilmesine-qoltuta\\\/#breadcrumb\",\"itemListElement\":[{\"@type\":\"ListItem\",\"position\":1,\"name\":\"\u0413\u043e\u043b\u043e\u0432\u043d\u0430\",\"item\":\"https:\\\/\\\/qtmm.org\\\/qt\\\/\"},{\"@type\":\"ListItem\",\"position\":2,\"name\":\"AQ\u015en\u0131\u00f1 Ukrainadaki El\u00e7isi Con Tefft AQ\u015e halqara forum ke\u00e7irilmesine qoltuta\"}]},{\"@type\":\"WebSite\",\"@id\":\"https:\\\/\\\/qtmm.org\\\/qt\\\/#website\",\"url\":\"https:\\\/\\\/qtmm.org\\\/qt\\\/\",\"name\":\"\u041c\u0435\u0434\u0436\u043b\u0456\u0441\",\"description\":\"\",\"publisher\":{\"@id\":\"https:\\\/\\\/qtmm.org\\\/qt\\\/#organization\"},\"potentialAction\":[{\"@type\":\"SearchAction\",\"target\":{\"@type\":\"EntryPoint\",\"urlTemplate\":\"https:\\\/\\\/qtmm.org\\\/qt\\\/?s={search_term_string}\"},\"query-input\":{\"@type\":\"PropertyValueSpecification\",\"valueRequired\":true,\"valueName\":\"search_term_string\"}}],\"inLanguage\":\"qt\"},{\"@type\":\"Organization\",\"@id\":\"https:\\\/\\\/qtmm.org\\\/qt\\\/#organization\",\"name\":\"\u041c\u0435\u0434\u0436\u043b\u0456\u0441\",\"url\":\"https:\\\/\\\/qtmm.org\\\/qt\\\/\",\"logo\":{\"@type\":\"ImageObject\",\"inLanguage\":\"qt\",\"@id\":\"https:\\\/\\\/qtmm.org\\\/qt\\\/#\\\/schema\\\/logo\\\/image\\\/\",\"url\":\"https:\\\/\\\/qtmm.org\\\/wp-content\\\/uploads\\\/2024\\\/12\\\/ua-mejlis-logo-rgb.svg\",\"contentUrl\":\"https:\\\/\\\/qtmm.org\\\/wp-content\\\/uploads\\\/2024\\\/12\\\/ua-mejlis-logo-rgb.svg\",\"caption\":\"\u041c\u0435\u0434\u0436\u043b\u0456\u0441\"},\"image\":{\"@id\":\"https:\\\/\\\/qtmm.org\\\/qt\\\/#\\\/schema\\\/logo\\\/image\\\/\"},\"sameAs\":[\"https:\\\/\\\/www.facebook.com\\\/qtmm.info\\\/\"]},{\"@type\":\"Person\",\"@id\":\"https:\\\/\\\/qtmm.org\\\/qt\\\/#\\\/schema\\\/person\\\/de562469f971dec226ac06e60bbf74a7\",\"name\":\"Developer\",\"image\":{\"@type\":\"ImageObject\",\"inLanguage\":\"qt\",\"@id\":\"https:\\\/\\\/secure.gravatar.com\\\/avatar\\\/392b4cc8fbfeb00b39dfeeab4ee6edded39ffd48e25858637e4765810300227e?s=96&d=mm&r=g\",\"url\":\"https:\\\/\\\/secure.gravatar.com\\\/avatar\\\/392b4cc8fbfeb00b39dfeeab4ee6edded39ffd48e25858637e4765810300227e?s=96&d=mm&r=g\",\"contentUrl\":\"https:\\\/\\\/secure.gravatar.com\\\/avatar\\\/392b4cc8fbfeb00b39dfeeab4ee6edded39ffd48e25858637e4765810300227e?s=96&d=mm&r=g\",\"caption\":\"Developer\"},\"url\":\"https:\\\/\\\/qtmm.org\\\/qt\\\/author\\\/Developer\\\/\"}]}<\/script>\n<!-- \/ Yoast SEO plugin. -->","yoast_head_json":{"title":"AQ\u015en\u0131\u00f1 Ukrainadaki El\u00e7isi Con Tefft AQ\u015e halqara forum ke\u00e7irilmesine qoltuta - \u041c\u0435\u0434\u0436\u043b\u0456\u0441","robots":{"index":"index","follow":"follow","max-snippet":"max-snippet:-1","max-image-preview":"max-image-preview:large","max-video-preview":"max-video-preview:-1"},"canonical":"https:\/\/qtmm.org\/qt\/aqsnin-ukrainadaki-elcisi-con-tefft-aqs-halqara-forum-kecirilmesine-qoltuta\/","og_locale":"en_US","og_type":"article","og_title":"AQ\u015en\u0131\u00f1 Ukrainadaki El\u00e7isi Con Tefft AQ\u015e halqara forum ke\u00e7irilmesine qoltuta - \u041c\u0435\u0434\u0436\u043b\u0456\u0441","og_description":"&#8220;Q\u0131ymetli meslekde\u015flerim, men \u015fu masa ba\u015f\u0131nda epimiz qoltutt\u0131\u011f\u0131m\u0131z maqsadlarn\u0131 tam ifade etken T\u00fcrkiye El\u00e7isini al\u011f\u0131\u015flay\u0131m, &#8211; dedi AQ\u015en\u0131\u00f1 Ukrainadaki Vefqulade ve Toluvek\u00e2letli El\u00e7isi Con Tefft Meclis yolba\u015f\u00e7\u0131lar\u0131n\u0131\u00f1 el\u00e7ilikler veUkrainada akkreditatsiya etilgen halqara te\u015fkil\u00e2t reberlerinen k\u00f6r\u00fc\u015f\u00fcvde. AQ\u015e El\u00e7isi q\u0131r\u0131mtatar halq\u0131na qoltutuvda T\u00fcrkiye ve diger ortaqlarn\u0131\u00f1 rol\u00fcne y\u00fcksek q\u0131ymet keskenini bildirdi. Halqara forum meselesini muzakere et\u00fcv q\u0131sm\u0131nda [&hellip;]","og_url":"https:\/\/qtmm.org\/qt\/aqsnin-ukrainadaki-elcisi-con-tefft-aqs-halqara-forum-kecirilmesine-qoltuta\/","og_site_name":"\u041c\u0435\u0434\u0436\u043b\u0456\u0441","article_publisher":"https:\/\/www.facebook.com\/qtmm.info\/","article_published_time":"2012-09-19T10:13:00+00:00","article_modified_time":"2022-01-23T10:14:40+00:00","og_image":[{"width":650,"height":400,"url":"https:\/\/qtmm.org\/wp-content\/uploads\/2022\/01\/tefft_i_dzhemilev.jpeg","type":"image\/jpeg"}],"author":"Developer","twitter_card":"summary_large_image","twitter_misc":{"Written by":"Developer","Est. reading time":"2 minutes"},"schema":{"@context":"https:\/\/schema.org","@graph":[{"@type":"Article","@id":"https:\/\/qtmm.org\/qt\/aqsnin-ukrainadaki-elcisi-con-tefft-aqs-halqara-forum-kecirilmesine-qoltuta\/#article","isPartOf":{"@id":"https:\/\/qtmm.org\/qt\/aqsnin-ukrainadaki-elcisi-con-tefft-aqs-halqara-forum-kecirilmesine-qoltuta\/"},"author":{"name":"Developer","@id":"https:\/\/qtmm.org\/qt\/#\/schema\/person\/de562469f971dec226ac06e60bbf74a7"},"headline":"AQ\u015en\u0131\u00f1 Ukrainadaki El\u00e7isi Con Tefft AQ\u015e halqara forum ke\u00e7irilmesine qoltuta","datePublished":"2012-09-19T10:13:00+00:00","dateModified":"2022-01-23T10:14:40+00:00","mainEntityOfPage":{"@id":"https:\/\/qtmm.org\/qt\/aqsnin-ukrainadaki-elcisi-con-tefft-aqs-halqara-forum-kecirilmesine-qoltuta\/"},"wordCount":393,"commentCount":0,"publisher":{"@id":"https:\/\/qtmm.org\/qt\/#organization"},"image":{"@id":"https:\/\/qtmm.org\/qt\/aqsnin-ukrainadaki-elcisi-con-tefft-aqs-halqara-forum-kecirilmesine-qoltuta\/#primaryimage"},"thumbnailUrl":"https:\/\/qtmm.org\/wp-content\/uploads\/2022\/01\/tefft_i_dzhemilev.jpeg","articleSection":["Haberler"],"inLanguage":"qt","potentialAction":[{"@type":"CommentAction","name":"Comment","target":["https:\/\/qtmm.org\/qt\/aqsnin-ukrainadaki-elcisi-con-tefft-aqs-halqara-forum-kecirilmesine-qoltuta\/#respond"]}]},{"@type":"WebPage","@id":"https:\/\/qtmm.org\/qt\/aqsnin-ukrainadaki-elcisi-con-tefft-aqs-halqara-forum-kecirilmesine-qoltuta\/","url":"https:\/\/qtmm.org\/qt\/aqsnin-ukrainadaki-elcisi-con-tefft-aqs-halqara-forum-kecirilmesine-qoltuta\/","name":"AQ\u015en\u0131\u00f1 Ukrainadaki El\u00e7isi Con Tefft AQ\u015e halqara forum ke\u00e7irilmesine qoltuta - \u041c\u0435\u0434\u0436\u043b\u0456\u0441","isPartOf":{"@id":"https:\/\/qtmm.org\/qt\/#website"},"primaryImageOfPage":{"@id":"https:\/\/qtmm.org\/qt\/aqsnin-ukrainadaki-elcisi-con-tefft-aqs-halqara-forum-kecirilmesine-qoltuta\/#primaryimage"},"image":{"@id":"https:\/\/qtmm.org\/qt\/aqsnin-ukrainadaki-elcisi-con-tefft-aqs-halqara-forum-kecirilmesine-qoltuta\/#primaryimage"},"thumbnailUrl":"https:\/\/qtmm.org\/wp-content\/uploads\/2022\/01\/tefft_i_dzhemilev.jpeg","datePublished":"2012-09-19T10:13:00+00:00","dateModified":"2022-01-23T10:14:40+00:00","breadcrumb":{"@id":"https:\/\/qtmm.org\/qt\/aqsnin-ukrainadaki-elcisi-con-tefft-aqs-halqara-forum-kecirilmesine-qoltuta\/#breadcrumb"},"inLanguage":"qt","potentialAction":[{"@type":"ReadAction","target":["https:\/\/qtmm.org\/qt\/aqsnin-ukrainadaki-elcisi-con-tefft-aqs-halqara-forum-kecirilmesine-qoltuta\/"]}]},{"@type":"ImageObject","inLanguage":"qt","@id":"https:\/\/qtmm.org\/qt\/aqsnin-ukrainadaki-elcisi-con-tefft-aqs-halqara-forum-kecirilmesine-qoltuta\/#primaryimage","url":"https:\/\/qtmm.org\/wp-content\/uploads\/2022\/01\/tefft_i_dzhemilev.jpeg","contentUrl":"https:\/\/qtmm.org\/wp-content\/uploads\/2022\/01\/tefft_i_dzhemilev.jpeg","width":650,"height":400},{"@type":"BreadcrumbList","@id":"https:\/\/qtmm.org\/qt\/aqsnin-ukrainadaki-elcisi-con-tefft-aqs-halqara-forum-kecirilmesine-qoltuta\/#breadcrumb","itemListElement":[{"@type":"ListItem","position":1,"name":"\u0413\u043e\u043b\u043e\u0432\u043d\u0430","item":"https:\/\/qtmm.org\/qt\/"},{"@type":"ListItem","position":2,"name":"AQ\u015en\u0131\u00f1 Ukrainadaki El\u00e7isi Con Tefft AQ\u015e halqara forum ke\u00e7irilmesine qoltuta"}]},{"@type":"WebSite","@id":"https:\/\/qtmm.org\/qt\/#website","url":"https:\/\/qtmm.org\/qt\/","name":"\u041c\u0435\u0434\u0436\u043b\u0456\u0441","description":"","publisher":{"@id":"https:\/\/qtmm.org\/qt\/#organization"},"potentialAction":[{"@type":"SearchAction","target":{"@type":"EntryPoint","urlTemplate":"https:\/\/qtmm.org\/qt\/?s={search_term_string}"},"query-input":{"@type":"PropertyValueSpecification","valueRequired":true,"valueName":"search_term_string"}}],"inLanguage":"qt"},{"@type":"Organization","@id":"https:\/\/qtmm.org\/qt\/#organization","name":"\u041c\u0435\u0434\u0436\u043b\u0456\u0441","url":"https:\/\/qtmm.org\/qt\/","logo":{"@type":"ImageObject","inLanguage":"qt","@id":"https:\/\/qtmm.org\/qt\/#\/schema\/logo\/image\/","url":"https:\/\/qtmm.org\/wp-content\/uploads\/2024\/12\/ua-mejlis-logo-rgb.svg","contentUrl":"https:\/\/qtmm.org\/wp-content\/uploads\/2024\/12\/ua-mejlis-logo-rgb.svg","caption":"\u041c\u0435\u0434\u0436\u043b\u0456\u0441"},"image":{"@id":"https:\/\/qtmm.org\/qt\/#\/schema\/logo\/image\/"},"sameAs":["https:\/\/www.facebook.com\/qtmm.info\/"]},{"@type":"Person","@id":"https:\/\/qtmm.org\/qt\/#\/schema\/person\/de562469f971dec226ac06e60bbf74a7","name":"Developer","image":{"@type":"ImageObject","inLanguage":"qt","@id":"https:\/\/secure.gravatar.com\/avatar\/392b4cc8fbfeb00b39dfeeab4ee6edded39ffd48e25858637e4765810300227e?s=96&d=mm&r=g","url":"https:\/\/secure.gravatar.com\/avatar\/392b4cc8fbfeb00b39dfeeab4ee6edded39ffd48e25858637e4765810300227e?s=96&d=mm&r=g","contentUrl":"https:\/\/secure.gravatar.com\/avatar\/392b4cc8fbfeb00b39dfeeab4ee6edded39ffd48e25858637e4765810300227e?s=96&d=mm&r=g","caption":"Developer"},"url":"https:\/\/qtmm.org\/qt\/author\/Developer\/"}]}},"_links":{"self":[{"href":"https:\/\/qtmm.org\/qt\/wp-json\/wp\/v2\/posts\/34301","targetHints":{"allow":["GET"]}}],"collection":[{"href":"https:\/\/qtmm.org\/qt\/wp-json\/wp\/v2\/posts"}],"about":[{"href":"https:\/\/qtmm.org\/qt\/wp-json\/wp\/v2\/types\/post"}],"author":[{"embeddable":true,"href":"https:\/\/qtmm.org\/qt\/wp-json\/wp\/v2\/users\/1"}],"replies":[{"embeddable":true,"href":"https:\/\/qtmm.org\/qt\/wp-json\/wp\/v2\/comments?post=34301"}],"version-history":[{"count":1,"href":"https:\/\/qtmm.org\/qt\/wp-json\/wp\/v2\/posts\/34301\/revisions"}],"predecessor-version":[{"id":34310,"href":"https:\/\/qtmm.org\/qt\/wp-json\/wp\/v2\/posts\/34301\/revisions\/34310"}],"wp:featuredmedia":[{"embeddable":true,"href":"https:\/\/qtmm.org\/qt\/wp-json\/wp\/v2\/media\/34306"}],"wp:attachment":[{"href":"https:\/\/qtmm.org\/qt\/wp-json\/wp\/v2\/media?parent=34301"}],"wp:term":[{"taxonomy":"category","embeddable":true,"href":"https:\/\/qtmm.org\/qt\/wp-json\/wp\/v2\/categories?post=34301"},{"taxonomy":"post_tag","embeddable":true,"href":"https:\/\/qtmm.org\/qt\/wp-json\/wp\/v2\/tags?post=34301"}],"curies":[{"name":"wp","href":"https:\/\/api.w.org\/{rel}","templated":true}]}}