




{"id":34295,"date":"2012-09-19T17:15:00","date_gmt":"2012-09-19T14:15:00","guid":{"rendered":"http:\/\/qtmm.org\/?p=34295"},"modified":"2022-01-23T13:13:12","modified_gmt":"2022-01-23T10:13:12","slug":"qirim-nazirler-surasinin-reisi-anatoliy-mogilev-qirimtatar-halqinin-oz-vataninda-aqlarini-gayridan-tiklev-meseleleri-boyunca-halqara-forumnin-kecirilmesine-qoltutti","status":"publish","type":"post","link":"https:\/\/qtmm.org\/qt\/qirim-nazirler-surasinin-reisi-anatoliy-mogilev-qirimtatar-halqinin-oz-vataninda-aqlarini-gayridan-tiklev-meseleleri-boyunca-halqara-forumnin-kecirilmesine-qoltutti\/","title":{"rendered":"Q\u0131r\u0131m Nazirler \u015euras\u0131n\u0131\u00f1 reisi Anatoliy Mogilev Q\u0131r\u0131mtatar halq\u0131n\u0131\u00f1 \u00f6z vatan\u0131nda aqlar\u0131n\u0131 \u011fayr\u0131dan tiklev meseleleri boyunca halqara forumn\u0131\u00f1 ke\u00e7irilmesine qoltutt\u0131"},"content":{"rendered":"\n<p>&#8220;Bu forumn\u0131 ke\u00e7irmek kerek, dep sayam, l\u00e2kin ba\u015fta on\u0131\u00f1 format\u0131n\u0131 belgilemek l\u00e2zim&#8221;, &#8211; dedi Q\u0131r\u0131m Nazirler \u015euras\u0131n\u0131\u00f1 reisi Anatoliy Mogilev Q\u0131r\u0131mtatar halq\u0131 Meclis yolba\u015f\u00e7\u0131lar\u0131n\u0131\u00f1 el\u00e7ilikler ve Ukrainada akkreditatsiya etilgen halqara te\u015fkil\u00e2t reberlerinen Kiyevde sent\u00e2br 18 k\u00fcn\u00fc \u00f6tkerilgen k\u00f6r\u00fc\u015f\u00fcvde \u00e7\u0131q\u0131\u015fta bulun\u0131rken.<\/p>\n\n\n\n<p>Anatoliy Mogilev Halqara forumn\u0131\u00f1 format\u0131n\u0131 ve onda baq\u0131lacaq meselelerni belgilemekni teklif etti. &#8220;Biz Forum\u011fa qoltutma\u011fa ve atta on\u0131 Q\u0131r\u0131mda ke\u00e7irmege az\u0131rm\u0131z&#8221;, &#8211; dedi Mogil\u00f6v.<\/p>\n\n\n\n<figure class=\"wp-block-image size-full\"><img loading=\"lazy\" decoding=\"async\" width=\"650\" height=\"632\" src=\"http:\/\/qtmm.org\/wp-content\/uploads\/2022\/01\/mogilev.jpeg\" alt=\"\" class=\"wp-image-34296\" srcset=\"https:\/\/qtmm.org\/wp-content\/uploads\/2022\/01\/mogilev.jpeg 650w, https:\/\/qtmm.org\/wp-content\/uploads\/2022\/01\/mogilev-300x292.jpeg 300w\" sizes=\"auto, (max-width: 650px) 100vw, 650px\" \/><\/figure>\n\n\n\n<p>Q\u0131r\u0131m region\u0131n\u0131\u00f1 inki\u015faf\u0131 ve s\u00fcrg\u00fcnlikten qaytayatqan q\u0131r\u0131mtatarlarn\u0131 yerle\u015ftir\u00fcv programmas\u0131n\u0131\u00f1 amelge ke\u00e7irilmesi husus\u0131nda ayt\u0131rken, Q\u0131r\u0131m \u00fck\u00fcmetini\u00f1 ba\u015f\u0131 Q\u0131r\u0131m Halqara Biznes Birligini\u00f1 Q\u0131r\u0131m ve sakinleri menfaat\u0131 o\u011fruna regional i\u015f adamlar\u0131n\u0131\u00f1 iqtisadiy i\u015fbirligi aqq\u0131nda a\u00e7\u0131q dialog ba\u015flamaq te\u015febb\u00fcsini maqulledi.<br><br>&#8220;Biz bu meselede a\u00f1la\u015f\u0131rm\u0131z ve Q\u0131r\u0131mn\u0131\u00f1 ealisi, \u015fu c\u00fcmleden q\u0131r\u0131mtatarlar i\u00e7\u00fcn de, normal i\u015f yerlerini a\u00e7acaq biznes leyhalarn\u0131 amelge ke\u00e7ir\u00fcvde yard\u0131m etmege az\u0131rm\u0131z&#8221;, &#8211; dep qayd etti Mogil\u00f6v.<\/p>\n\n\n\n<hr class=\"wp-block-separator\"\/>\n\n\n\n<p>2012 senesi sent\u00e2br 18 k\u00fcn\u00fc Kiyevdeki &#8220;Hyatt&#8221; \u00f6telinde Q\u0131r\u0131mtatar halq\u0131 Meclisini\u00f1 yolba\u015f\u00e7\u0131lar\u0131 Ukrainadaki el\u00e7ilikler ve akkreditatsiya etilgen halqara te\u015fkil\u00e2tlar\u0131n\u0131\u00f1 reberlerinen k\u00f6r\u00fc\u015ftiler.<\/p>\n\n\n\n<p>Esas maruzalarnen Q\u0131r\u0131mtatar halq\u0131 Meclisi yolba\u015f\u00e7\u0131lar\u0131n\u0131\u00f1 Ukrainadaki el\u00e7ilikler ve akkreditatsiya etilgen halqara te\u015fkil\u00e2tlar\u0131n\u0131\u00f1 reberlerinen k\u00f6r\u00fc\u015f\u00fcvinde Meclis reisi, Ukraina halq deputat\u0131 Mustafa Cemilev, B\u00fct\u00fcnd\u00fcnya q\u0131r\u0131mtatarlar kongressini\u00f1 prezidenti, Q\u0131r\u0131m Yuqar\u0131 \u015euras\u0131n\u0131\u00f1 deputat\u0131 Refat \u00c7ubarov, Q\u0131r\u0131m Nazirler \u015euras\u0131n\u0131\u00f1 reisi Anatoliy Mogil\u00f6v, &#8220;Q\u0131r\u0131m inki\u015faf\u0131 vaquf\u0131&#8221; hayriye te\u015fkil\u00e2t\u0131n\u0131\u00f1 prezidenti Rustem \u00dcmerov, OSCE Aliy Komissar\u0131n\u0131\u00f1 mesleat\u00e7\u0131s\u0131 Aleksandr Vinnikov, Halqara Forum\u011fa az\u0131rl\u0131q \u00e7er\u00e7ivesinde Q\u0131r\u0131mdaki vaziyet aqq\u0131nda esabat az\u0131rlav boyunca mustaqil ekspertler gruppas\u0131n\u0131\u00f1 halqara koordinator\u0131 Endr\u00fc Vilson \u00e7\u0131q\u0131\u015fta bulund\u0131lar.<\/p>\n\n\n\n<p>K\u00f6r\u00fc\u015f\u00fcvge bun\u0131\u00f1 kibi de Ukraina Prezidenti Memuriyetini\u00f1 vekilleri, Prezitentni\u00f1 Q\u0131r\u0131mdaki daimiy temsilcisi Viktor Plakida, Ukraina t\u0131\u015fq\u0131 i\u015fler nazirligi hadimleri ve Ukraina i\u00e7timaiy siyaset naziri davet etildiler.<\/p>\n\n\n\n<p>K\u00f6r\u00fc\u015f\u00fcv &#8220;Q\u0131r\u0131m inki\u015faf\u0131 vaquf\u0131&#8221; hayriye te\u015fkil\u00e2t\u0131n\u0131\u00f1 qoltutuv\u0131nda ke\u00e7irildi<\/p>\n\n\n\n<figure class=\"wp-block-image size-full\"><img loading=\"lazy\" decoding=\"async\" width=\"650\" height=\"350\" src=\"http:\/\/qtmm.org\/wp-content\/uploads\/2022\/01\/obchaya.jpeg\" alt=\"\" class=\"wp-image-34290\" srcset=\"https:\/\/qtmm.org\/wp-content\/uploads\/2022\/01\/obchaya.jpeg 650w, https:\/\/qtmm.org\/wp-content\/uploads\/2022\/01\/obchaya-300x162.jpeg 300w\" sizes=\"auto, (max-width: 650px) 100vw, 650px\" \/><\/figure>\n","protected":false},"excerpt":{"rendered":"<p>&#8220;Bu forumn\u0131 ke\u00e7irmek kerek, dep sayam, l\u00e2kin ba\u015fta on\u0131\u00f1 format\u0131n\u0131 belgilemek l\u00e2zim&#8221;, &#8211; dedi Q\u0131r\u0131m Nazirler \u015euras\u0131n\u0131\u00f1 reisi Anatoliy Mogilev Q\u0131r\u0131mtatar halq\u0131 Meclis yolba\u015f\u00e7\u0131lar\u0131n\u0131\u00f1 el\u00e7ilikler ve Ukrainada akkreditatsiya etilgen halqara te\u015fkil\u00e2t reberlerinen Kiyevde sent\u00e2br 18 k\u00fcn\u00fc \u00f6tkerilgen k\u00f6r\u00fc\u015f\u00fcvde \u00e7\u0131q\u0131\u015fta bulun\u0131rken. Anatoliy Mogilev Halqara forumn\u0131\u00f1 format\u0131n\u0131 ve onda baq\u0131lacaq meselelerni belgilemekni teklif etti. &#8220;Biz Forum\u011fa qoltutma\u011fa [&hellip;]<\/p>\n","protected":false},"author":1,"featured_media":0,"comment_status":"open","ping_status":"open","sticky":false,"template":"","format":"standard","meta":{"inline_featured_image":false,"footnotes":""},"categories":[265],"tags":[],"class_list":["post-34295","post","type-post","status-publish","format-standard","hentry","category-haberler"],"acf":[],"yoast_head":"<!-- This site is optimized with the Yoast SEO plugin v27.4 - https:\/\/yoast.com\/product\/yoast-seo-wordpress\/ -->\n<title>Q\u0131r\u0131m Nazirler \u015euras\u0131n\u0131\u00f1 reisi Anatoliy Mogilev Q\u0131r\u0131mtatar halq\u0131n\u0131\u00f1 \u00f6z vatan\u0131nda aqlar\u0131n\u0131 \u011fayr\u0131dan tiklev meseleleri boyunca halqara forumn\u0131\u00f1 ke\u00e7irilmesine qoltutt\u0131 - \u041c\u0435\u0434\u0436\u043b\u0456\u0441<\/title>\n<meta name=\"robots\" content=\"index, follow, max-snippet:-1, max-image-preview:large, max-video-preview:-1\" \/>\n<link rel=\"canonical\" href=\"https:\/\/qtmm.org\/qt\/qirim-nazirler-surasinin-reisi-anatoliy-mogilev-qirimtatar-halqinin-oz-vataninda-aqlarini-gayridan-tiklev-meseleleri-boyunca-halqara-forumnin-kecirilmesine-qoltutti\/\" \/>\n<meta property=\"og:locale\" content=\"en_US\" \/>\n<meta property=\"og:type\" content=\"article\" \/>\n<meta property=\"og:title\" content=\"Q\u0131r\u0131m Nazirler \u015euras\u0131n\u0131\u00f1 reisi Anatoliy Mogilev Q\u0131r\u0131mtatar halq\u0131n\u0131\u00f1 \u00f6z vatan\u0131nda aqlar\u0131n\u0131 \u011fayr\u0131dan tiklev meseleleri boyunca halqara forumn\u0131\u00f1 ke\u00e7irilmesine qoltutt\u0131 - \u041c\u0435\u0434\u0436\u043b\u0456\u0441\" \/>\n<meta property=\"og:description\" content=\"&#8220;Bu forumn\u0131 ke\u00e7irmek kerek, dep sayam, l\u00e2kin ba\u015fta on\u0131\u00f1 format\u0131n\u0131 belgilemek l\u00e2zim&#8221;, &#8211; dedi Q\u0131r\u0131m Nazirler \u015euras\u0131n\u0131\u00f1 reisi Anatoliy Mogilev Q\u0131r\u0131mtatar halq\u0131 Meclis yolba\u015f\u00e7\u0131lar\u0131n\u0131\u00f1 el\u00e7ilikler ve Ukrainada akkreditatsiya etilgen halqara te\u015fkil\u00e2t reberlerinen Kiyevde sent\u00e2br 18 k\u00fcn\u00fc \u00f6tkerilgen k\u00f6r\u00fc\u015f\u00fcvde \u00e7\u0131q\u0131\u015fta bulun\u0131rken. Anatoliy Mogilev Halqara forumn\u0131\u00f1 format\u0131n\u0131 ve onda baq\u0131lacaq meselelerni belgilemekni teklif etti. &#8220;Biz Forum\u011fa qoltutma\u011fa [&hellip;]\" \/>\n<meta property=\"og:url\" content=\"https:\/\/qtmm.org\/qt\/qirim-nazirler-surasinin-reisi-anatoliy-mogilev-qirimtatar-halqinin-oz-vataninda-aqlarini-gayridan-tiklev-meseleleri-boyunca-halqara-forumnin-kecirilmesine-qoltutti\/\" \/>\n<meta property=\"og:site_name\" content=\"\u041c\u0435\u0434\u0436\u043b\u0456\u0441\" \/>\n<meta property=\"article:publisher\" content=\"https:\/\/www.facebook.com\/qtmm.info\/\" \/>\n<meta property=\"article:published_time\" content=\"2012-09-19T14:15:00+00:00\" \/>\n<meta property=\"article:modified_time\" content=\"2022-01-23T10:13:12+00:00\" \/>\n<meta property=\"og:image\" content=\"https:\/\/qtmm.org\/wp-content\/uploads\/2022\/01\/mogilev.jpeg\" \/>\n\t<meta property=\"og:image:width\" content=\"650\" \/>\n\t<meta property=\"og:image:height\" content=\"632\" \/>\n\t<meta property=\"og:image:type\" content=\"image\/jpeg\" \/>\n<meta name=\"author\" content=\"Developer\" \/>\n<meta name=\"twitter:card\" content=\"summary_large_image\" \/>\n<meta name=\"twitter:label1\" content=\"Written by\" \/>\n\t<meta name=\"twitter:data1\" content=\"Developer\" \/>\n\t<meta name=\"twitter:label2\" content=\"Est. reading time\" \/>\n\t<meta name=\"twitter:data2\" content=\"2 minutes\" \/>\n<script type=\"application\/ld+json\" class=\"yoast-schema-graph\">{\"@context\":\"https:\\\/\\\/schema.org\",\"@graph\":[{\"@type\":\"Article\",\"@id\":\"https:\\\/\\\/qtmm.org\\\/qt\\\/qirim-nazirler-surasinin-reisi-anatoliy-mogilev-qirimtatar-halqinin-oz-vataninda-aqlarini-gayridan-tiklev-meseleleri-boyunca-halqara-forumnin-kecirilmesine-qoltutti\\\/#article\",\"isPartOf\":{\"@id\":\"https:\\\/\\\/qtmm.org\\\/qt\\\/qirim-nazirler-surasinin-reisi-anatoliy-mogilev-qirimtatar-halqinin-oz-vataninda-aqlarini-gayridan-tiklev-meseleleri-boyunca-halqara-forumnin-kecirilmesine-qoltutti\\\/\"},\"author\":{\"name\":\"Developer\",\"@id\":\"https:\\\/\\\/qtmm.org\\\/qt\\\/#\\\/schema\\\/person\\\/de562469f971dec226ac06e60bbf74a7\"},\"headline\":\"Q\u0131r\u0131m Nazirler \u015euras\u0131n\u0131\u00f1 reisi Anatoliy Mogilev Q\u0131r\u0131mtatar halq\u0131n\u0131\u00f1 \u00f6z vatan\u0131nda aqlar\u0131n\u0131 \u011fayr\u0131dan tiklev meseleleri boyunca halqara forumn\u0131\u00f1 ke\u00e7irilmesine qoltutt\u0131\",\"datePublished\":\"2012-09-19T14:15:00+00:00\",\"dateModified\":\"2022-01-23T10:13:12+00:00\",\"mainEntityOfPage\":{\"@id\":\"https:\\\/\\\/qtmm.org\\\/qt\\\/qirim-nazirler-surasinin-reisi-anatoliy-mogilev-qirimtatar-halqinin-oz-vataninda-aqlarini-gayridan-tiklev-meseleleri-boyunca-halqara-forumnin-kecirilmesine-qoltutti\\\/\"},\"wordCount\":425,\"commentCount\":0,\"publisher\":{\"@id\":\"https:\\\/\\\/qtmm.org\\\/qt\\\/#organization\"},\"image\":{\"@id\":\"https:\\\/\\\/qtmm.org\\\/qt\\\/qirim-nazirler-surasinin-reisi-anatoliy-mogilev-qirimtatar-halqinin-oz-vataninda-aqlarini-gayridan-tiklev-meseleleri-boyunca-halqara-forumnin-kecirilmesine-qoltutti\\\/#primaryimage\"},\"thumbnailUrl\":\"http:\\\/\\\/qtmm.org\\\/wp-content\\\/uploads\\\/2022\\\/01\\\/mogilev.jpeg\",\"articleSection\":[\"Haberler\"],\"inLanguage\":\"qt\",\"potentialAction\":[{\"@type\":\"CommentAction\",\"name\":\"Comment\",\"target\":[\"https:\\\/\\\/qtmm.org\\\/qt\\\/qirim-nazirler-surasinin-reisi-anatoliy-mogilev-qirimtatar-halqinin-oz-vataninda-aqlarini-gayridan-tiklev-meseleleri-boyunca-halqara-forumnin-kecirilmesine-qoltutti\\\/#respond\"]}]},{\"@type\":\"WebPage\",\"@id\":\"https:\\\/\\\/qtmm.org\\\/qt\\\/qirim-nazirler-surasinin-reisi-anatoliy-mogilev-qirimtatar-halqinin-oz-vataninda-aqlarini-gayridan-tiklev-meseleleri-boyunca-halqara-forumnin-kecirilmesine-qoltutti\\\/\",\"url\":\"https:\\\/\\\/qtmm.org\\\/qt\\\/qirim-nazirler-surasinin-reisi-anatoliy-mogilev-qirimtatar-halqinin-oz-vataninda-aqlarini-gayridan-tiklev-meseleleri-boyunca-halqara-forumnin-kecirilmesine-qoltutti\\\/\",\"name\":\"Q\u0131r\u0131m Nazirler \u015euras\u0131n\u0131\u00f1 reisi Anatoliy Mogilev Q\u0131r\u0131mtatar halq\u0131n\u0131\u00f1 \u00f6z vatan\u0131nda aqlar\u0131n\u0131 \u011fayr\u0131dan tiklev meseleleri boyunca halqara forumn\u0131\u00f1 ke\u00e7irilmesine qoltutt\u0131 - \u041c\u0435\u0434\u0436\u043b\u0456\u0441\",\"isPartOf\":{\"@id\":\"https:\\\/\\\/qtmm.org\\\/qt\\\/#website\"},\"primaryImageOfPage\":{\"@id\":\"https:\\\/\\\/qtmm.org\\\/qt\\\/qirim-nazirler-surasinin-reisi-anatoliy-mogilev-qirimtatar-halqinin-oz-vataninda-aqlarini-gayridan-tiklev-meseleleri-boyunca-halqara-forumnin-kecirilmesine-qoltutti\\\/#primaryimage\"},\"image\":{\"@id\":\"https:\\\/\\\/qtmm.org\\\/qt\\\/qirim-nazirler-surasinin-reisi-anatoliy-mogilev-qirimtatar-halqinin-oz-vataninda-aqlarini-gayridan-tiklev-meseleleri-boyunca-halqara-forumnin-kecirilmesine-qoltutti\\\/#primaryimage\"},\"thumbnailUrl\":\"http:\\\/\\\/qtmm.org\\\/wp-content\\\/uploads\\\/2022\\\/01\\\/mogilev.jpeg\",\"datePublished\":\"2012-09-19T14:15:00+00:00\",\"dateModified\":\"2022-01-23T10:13:12+00:00\",\"breadcrumb\":{\"@id\":\"https:\\\/\\\/qtmm.org\\\/qt\\\/qirim-nazirler-surasinin-reisi-anatoliy-mogilev-qirimtatar-halqinin-oz-vataninda-aqlarini-gayridan-tiklev-meseleleri-boyunca-halqara-forumnin-kecirilmesine-qoltutti\\\/#breadcrumb\"},\"inLanguage\":\"qt\",\"potentialAction\":[{\"@type\":\"ReadAction\",\"target\":[\"https:\\\/\\\/qtmm.org\\\/qt\\\/qirim-nazirler-surasinin-reisi-anatoliy-mogilev-qirimtatar-halqinin-oz-vataninda-aqlarini-gayridan-tiklev-meseleleri-boyunca-halqara-forumnin-kecirilmesine-qoltutti\\\/\"]}]},{\"@type\":\"ImageObject\",\"inLanguage\":\"qt\",\"@id\":\"https:\\\/\\\/qtmm.org\\\/qt\\\/qirim-nazirler-surasinin-reisi-anatoliy-mogilev-qirimtatar-halqinin-oz-vataninda-aqlarini-gayridan-tiklev-meseleleri-boyunca-halqara-forumnin-kecirilmesine-qoltutti\\\/#primaryimage\",\"url\":\"http:\\\/\\\/qtmm.org\\\/wp-content\\\/uploads\\\/2022\\\/01\\\/mogilev.jpeg\",\"contentUrl\":\"http:\\\/\\\/qtmm.org\\\/wp-content\\\/uploads\\\/2022\\\/01\\\/mogilev.jpeg\"},{\"@type\":\"BreadcrumbList\",\"@id\":\"https:\\\/\\\/qtmm.org\\\/qt\\\/qirim-nazirler-surasinin-reisi-anatoliy-mogilev-qirimtatar-halqinin-oz-vataninda-aqlarini-gayridan-tiklev-meseleleri-boyunca-halqara-forumnin-kecirilmesine-qoltutti\\\/#breadcrumb\",\"itemListElement\":[{\"@type\":\"ListItem\",\"position\":1,\"name\":\"\u0413\u043e\u043b\u043e\u0432\u043d\u0430\",\"item\":\"https:\\\/\\\/qtmm.org\\\/qt\\\/\"},{\"@type\":\"ListItem\",\"position\":2,\"name\":\"Q\u0131r\u0131m Nazirler \u015euras\u0131n\u0131\u00f1 reisi Anatoliy Mogilev Q\u0131r\u0131mtatar halq\u0131n\u0131\u00f1 \u00f6z vatan\u0131nda aqlar\u0131n\u0131 \u011fayr\u0131dan tiklev meseleleri boyunca halqara forumn\u0131\u00f1 ke\u00e7irilmesine qoltutt\u0131\"}]},{\"@type\":\"WebSite\",\"@id\":\"https:\\\/\\\/qtmm.org\\\/qt\\\/#website\",\"url\":\"https:\\\/\\\/qtmm.org\\\/qt\\\/\",\"name\":\"\u041c\u0435\u0434\u0436\u043b\u0456\u0441\",\"description\":\"\",\"publisher\":{\"@id\":\"https:\\\/\\\/qtmm.org\\\/qt\\\/#organization\"},\"potentialAction\":[{\"@type\":\"SearchAction\",\"target\":{\"@type\":\"EntryPoint\",\"urlTemplate\":\"https:\\\/\\\/qtmm.org\\\/qt\\\/?s={search_term_string}\"},\"query-input\":{\"@type\":\"PropertyValueSpecification\",\"valueRequired\":true,\"valueName\":\"search_term_string\"}}],\"inLanguage\":\"qt\"},{\"@type\":\"Organization\",\"@id\":\"https:\\\/\\\/qtmm.org\\\/qt\\\/#organization\",\"name\":\"\u041c\u0435\u0434\u0436\u043b\u0456\u0441\",\"url\":\"https:\\\/\\\/qtmm.org\\\/qt\\\/\",\"logo\":{\"@type\":\"ImageObject\",\"inLanguage\":\"qt\",\"@id\":\"https:\\\/\\\/qtmm.org\\\/qt\\\/#\\\/schema\\\/logo\\\/image\\\/\",\"url\":\"https:\\\/\\\/qtmm.org\\\/wp-content\\\/uploads\\\/2024\\\/12\\\/ua-mejlis-logo-rgb.svg\",\"contentUrl\":\"https:\\\/\\\/qtmm.org\\\/wp-content\\\/uploads\\\/2024\\\/12\\\/ua-mejlis-logo-rgb.svg\",\"caption\":\"\u041c\u0435\u0434\u0436\u043b\u0456\u0441\"},\"image\":{\"@id\":\"https:\\\/\\\/qtmm.org\\\/qt\\\/#\\\/schema\\\/logo\\\/image\\\/\"},\"sameAs\":[\"https:\\\/\\\/www.facebook.com\\\/qtmm.info\\\/\"]},{\"@type\":\"Person\",\"@id\":\"https:\\\/\\\/qtmm.org\\\/qt\\\/#\\\/schema\\\/person\\\/de562469f971dec226ac06e60bbf74a7\",\"name\":\"Developer\",\"image\":{\"@type\":\"ImageObject\",\"inLanguage\":\"qt\",\"@id\":\"https:\\\/\\\/secure.gravatar.com\\\/avatar\\\/392b4cc8fbfeb00b39dfeeab4ee6edded39ffd48e25858637e4765810300227e?s=96&d=mm&r=g\",\"url\":\"https:\\\/\\\/secure.gravatar.com\\\/avatar\\\/392b4cc8fbfeb00b39dfeeab4ee6edded39ffd48e25858637e4765810300227e?s=96&d=mm&r=g\",\"contentUrl\":\"https:\\\/\\\/secure.gravatar.com\\\/avatar\\\/392b4cc8fbfeb00b39dfeeab4ee6edded39ffd48e25858637e4765810300227e?s=96&d=mm&r=g\",\"caption\":\"Developer\"},\"url\":\"https:\\\/\\\/qtmm.org\\\/qt\\\/author\\\/Developer\\\/\"}]}<\/script>\n<!-- \/ Yoast SEO plugin. -->","yoast_head_json":{"title":"Q\u0131r\u0131m Nazirler \u015euras\u0131n\u0131\u00f1 reisi Anatoliy Mogilev Q\u0131r\u0131mtatar halq\u0131n\u0131\u00f1 \u00f6z vatan\u0131nda aqlar\u0131n\u0131 \u011fayr\u0131dan tiklev meseleleri boyunca halqara forumn\u0131\u00f1 ke\u00e7irilmesine qoltutt\u0131 - \u041c\u0435\u0434\u0436\u043b\u0456\u0441","robots":{"index":"index","follow":"follow","max-snippet":"max-snippet:-1","max-image-preview":"max-image-preview:large","max-video-preview":"max-video-preview:-1"},"canonical":"https:\/\/qtmm.org\/qt\/qirim-nazirler-surasinin-reisi-anatoliy-mogilev-qirimtatar-halqinin-oz-vataninda-aqlarini-gayridan-tiklev-meseleleri-boyunca-halqara-forumnin-kecirilmesine-qoltutti\/","og_locale":"en_US","og_type":"article","og_title":"Q\u0131r\u0131m Nazirler \u015euras\u0131n\u0131\u00f1 reisi Anatoliy Mogilev Q\u0131r\u0131mtatar halq\u0131n\u0131\u00f1 \u00f6z vatan\u0131nda aqlar\u0131n\u0131 \u011fayr\u0131dan tiklev meseleleri boyunca halqara forumn\u0131\u00f1 ke\u00e7irilmesine qoltutt\u0131 - \u041c\u0435\u0434\u0436\u043b\u0456\u0441","og_description":"&#8220;Bu forumn\u0131 ke\u00e7irmek kerek, dep sayam, l\u00e2kin ba\u015fta on\u0131\u00f1 format\u0131n\u0131 belgilemek l\u00e2zim&#8221;, &#8211; dedi Q\u0131r\u0131m Nazirler \u015euras\u0131n\u0131\u00f1 reisi Anatoliy Mogilev Q\u0131r\u0131mtatar halq\u0131 Meclis yolba\u015f\u00e7\u0131lar\u0131n\u0131\u00f1 el\u00e7ilikler ve Ukrainada akkreditatsiya etilgen halqara te\u015fkil\u00e2t reberlerinen Kiyevde sent\u00e2br 18 k\u00fcn\u00fc \u00f6tkerilgen k\u00f6r\u00fc\u015f\u00fcvde \u00e7\u0131q\u0131\u015fta bulun\u0131rken. Anatoliy Mogilev Halqara forumn\u0131\u00f1 format\u0131n\u0131 ve onda baq\u0131lacaq meselelerni belgilemekni teklif etti. &#8220;Biz Forum\u011fa qoltutma\u011fa [&hellip;]","og_url":"https:\/\/qtmm.org\/qt\/qirim-nazirler-surasinin-reisi-anatoliy-mogilev-qirimtatar-halqinin-oz-vataninda-aqlarini-gayridan-tiklev-meseleleri-boyunca-halqara-forumnin-kecirilmesine-qoltutti\/","og_site_name":"\u041c\u0435\u0434\u0436\u043b\u0456\u0441","article_publisher":"https:\/\/www.facebook.com\/qtmm.info\/","article_published_time":"2012-09-19T14:15:00+00:00","article_modified_time":"2022-01-23T10:13:12+00:00","og_image":[{"width":650,"height":632,"url":"https:\/\/qtmm.org\/wp-content\/uploads\/2022\/01\/mogilev.jpeg","type":"image\/jpeg"}],"author":"Developer","twitter_card":"summary_large_image","twitter_misc":{"Written by":"Developer","Est. reading time":"2 minutes"},"schema":{"@context":"https:\/\/schema.org","@graph":[{"@type":"Article","@id":"https:\/\/qtmm.org\/qt\/qirim-nazirler-surasinin-reisi-anatoliy-mogilev-qirimtatar-halqinin-oz-vataninda-aqlarini-gayridan-tiklev-meseleleri-boyunca-halqara-forumnin-kecirilmesine-qoltutti\/#article","isPartOf":{"@id":"https:\/\/qtmm.org\/qt\/qirim-nazirler-surasinin-reisi-anatoliy-mogilev-qirimtatar-halqinin-oz-vataninda-aqlarini-gayridan-tiklev-meseleleri-boyunca-halqara-forumnin-kecirilmesine-qoltutti\/"},"author":{"name":"Developer","@id":"https:\/\/qtmm.org\/qt\/#\/schema\/person\/de562469f971dec226ac06e60bbf74a7"},"headline":"Q\u0131r\u0131m Nazirler \u015euras\u0131n\u0131\u00f1 reisi Anatoliy Mogilev Q\u0131r\u0131mtatar halq\u0131n\u0131\u00f1 \u00f6z vatan\u0131nda aqlar\u0131n\u0131 \u011fayr\u0131dan tiklev meseleleri boyunca halqara forumn\u0131\u00f1 ke\u00e7irilmesine qoltutt\u0131","datePublished":"2012-09-19T14:15:00+00:00","dateModified":"2022-01-23T10:13:12+00:00","mainEntityOfPage":{"@id":"https:\/\/qtmm.org\/qt\/qirim-nazirler-surasinin-reisi-anatoliy-mogilev-qirimtatar-halqinin-oz-vataninda-aqlarini-gayridan-tiklev-meseleleri-boyunca-halqara-forumnin-kecirilmesine-qoltutti\/"},"wordCount":425,"commentCount":0,"publisher":{"@id":"https:\/\/qtmm.org\/qt\/#organization"},"image":{"@id":"https:\/\/qtmm.org\/qt\/qirim-nazirler-surasinin-reisi-anatoliy-mogilev-qirimtatar-halqinin-oz-vataninda-aqlarini-gayridan-tiklev-meseleleri-boyunca-halqara-forumnin-kecirilmesine-qoltutti\/#primaryimage"},"thumbnailUrl":"http:\/\/qtmm.org\/wp-content\/uploads\/2022\/01\/mogilev.jpeg","articleSection":["Haberler"],"inLanguage":"qt","potentialAction":[{"@type":"CommentAction","name":"Comment","target":["https:\/\/qtmm.org\/qt\/qirim-nazirler-surasinin-reisi-anatoliy-mogilev-qirimtatar-halqinin-oz-vataninda-aqlarini-gayridan-tiklev-meseleleri-boyunca-halqara-forumnin-kecirilmesine-qoltutti\/#respond"]}]},{"@type":"WebPage","@id":"https:\/\/qtmm.org\/qt\/qirim-nazirler-surasinin-reisi-anatoliy-mogilev-qirimtatar-halqinin-oz-vataninda-aqlarini-gayridan-tiklev-meseleleri-boyunca-halqara-forumnin-kecirilmesine-qoltutti\/","url":"https:\/\/qtmm.org\/qt\/qirim-nazirler-surasinin-reisi-anatoliy-mogilev-qirimtatar-halqinin-oz-vataninda-aqlarini-gayridan-tiklev-meseleleri-boyunca-halqara-forumnin-kecirilmesine-qoltutti\/","name":"Q\u0131r\u0131m Nazirler \u015euras\u0131n\u0131\u00f1 reisi Anatoliy Mogilev Q\u0131r\u0131mtatar halq\u0131n\u0131\u00f1 \u00f6z vatan\u0131nda aqlar\u0131n\u0131 \u011fayr\u0131dan tiklev meseleleri boyunca halqara forumn\u0131\u00f1 ke\u00e7irilmesine qoltutt\u0131 - \u041c\u0435\u0434\u0436\u043b\u0456\u0441","isPartOf":{"@id":"https:\/\/qtmm.org\/qt\/#website"},"primaryImageOfPage":{"@id":"https:\/\/qtmm.org\/qt\/qirim-nazirler-surasinin-reisi-anatoliy-mogilev-qirimtatar-halqinin-oz-vataninda-aqlarini-gayridan-tiklev-meseleleri-boyunca-halqara-forumnin-kecirilmesine-qoltutti\/#primaryimage"},"image":{"@id":"https:\/\/qtmm.org\/qt\/qirim-nazirler-surasinin-reisi-anatoliy-mogilev-qirimtatar-halqinin-oz-vataninda-aqlarini-gayridan-tiklev-meseleleri-boyunca-halqara-forumnin-kecirilmesine-qoltutti\/#primaryimage"},"thumbnailUrl":"http:\/\/qtmm.org\/wp-content\/uploads\/2022\/01\/mogilev.jpeg","datePublished":"2012-09-19T14:15:00+00:00","dateModified":"2022-01-23T10:13:12+00:00","breadcrumb":{"@id":"https:\/\/qtmm.org\/qt\/qirim-nazirler-surasinin-reisi-anatoliy-mogilev-qirimtatar-halqinin-oz-vataninda-aqlarini-gayridan-tiklev-meseleleri-boyunca-halqara-forumnin-kecirilmesine-qoltutti\/#breadcrumb"},"inLanguage":"qt","potentialAction":[{"@type":"ReadAction","target":["https:\/\/qtmm.org\/qt\/qirim-nazirler-surasinin-reisi-anatoliy-mogilev-qirimtatar-halqinin-oz-vataninda-aqlarini-gayridan-tiklev-meseleleri-boyunca-halqara-forumnin-kecirilmesine-qoltutti\/"]}]},{"@type":"ImageObject","inLanguage":"qt","@id":"https:\/\/qtmm.org\/qt\/qirim-nazirler-surasinin-reisi-anatoliy-mogilev-qirimtatar-halqinin-oz-vataninda-aqlarini-gayridan-tiklev-meseleleri-boyunca-halqara-forumnin-kecirilmesine-qoltutti\/#primaryimage","url":"http:\/\/qtmm.org\/wp-content\/uploads\/2022\/01\/mogilev.jpeg","contentUrl":"http:\/\/qtmm.org\/wp-content\/uploads\/2022\/01\/mogilev.jpeg"},{"@type":"BreadcrumbList","@id":"https:\/\/qtmm.org\/qt\/qirim-nazirler-surasinin-reisi-anatoliy-mogilev-qirimtatar-halqinin-oz-vataninda-aqlarini-gayridan-tiklev-meseleleri-boyunca-halqara-forumnin-kecirilmesine-qoltutti\/#breadcrumb","itemListElement":[{"@type":"ListItem","position":1,"name":"\u0413\u043e\u043b\u043e\u0432\u043d\u0430","item":"https:\/\/qtmm.org\/qt\/"},{"@type":"ListItem","position":2,"name":"Q\u0131r\u0131m Nazirler \u015euras\u0131n\u0131\u00f1 reisi Anatoliy Mogilev Q\u0131r\u0131mtatar halq\u0131n\u0131\u00f1 \u00f6z vatan\u0131nda aqlar\u0131n\u0131 \u011fayr\u0131dan tiklev meseleleri boyunca halqara forumn\u0131\u00f1 ke\u00e7irilmesine qoltutt\u0131"}]},{"@type":"WebSite","@id":"https:\/\/qtmm.org\/qt\/#website","url":"https:\/\/qtmm.org\/qt\/","name":"\u041c\u0435\u0434\u0436\u043b\u0456\u0441","description":"","publisher":{"@id":"https:\/\/qtmm.org\/qt\/#organization"},"potentialAction":[{"@type":"SearchAction","target":{"@type":"EntryPoint","urlTemplate":"https:\/\/qtmm.org\/qt\/?s={search_term_string}"},"query-input":{"@type":"PropertyValueSpecification","valueRequired":true,"valueName":"search_term_string"}}],"inLanguage":"qt"},{"@type":"Organization","@id":"https:\/\/qtmm.org\/qt\/#organization","name":"\u041c\u0435\u0434\u0436\u043b\u0456\u0441","url":"https:\/\/qtmm.org\/qt\/","logo":{"@type":"ImageObject","inLanguage":"qt","@id":"https:\/\/qtmm.org\/qt\/#\/schema\/logo\/image\/","url":"https:\/\/qtmm.org\/wp-content\/uploads\/2024\/12\/ua-mejlis-logo-rgb.svg","contentUrl":"https:\/\/qtmm.org\/wp-content\/uploads\/2024\/12\/ua-mejlis-logo-rgb.svg","caption":"\u041c\u0435\u0434\u0436\u043b\u0456\u0441"},"image":{"@id":"https:\/\/qtmm.org\/qt\/#\/schema\/logo\/image\/"},"sameAs":["https:\/\/www.facebook.com\/qtmm.info\/"]},{"@type":"Person","@id":"https:\/\/qtmm.org\/qt\/#\/schema\/person\/de562469f971dec226ac06e60bbf74a7","name":"Developer","image":{"@type":"ImageObject","inLanguage":"qt","@id":"https:\/\/secure.gravatar.com\/avatar\/392b4cc8fbfeb00b39dfeeab4ee6edded39ffd48e25858637e4765810300227e?s=96&d=mm&r=g","url":"https:\/\/secure.gravatar.com\/avatar\/392b4cc8fbfeb00b39dfeeab4ee6edded39ffd48e25858637e4765810300227e?s=96&d=mm&r=g","contentUrl":"https:\/\/secure.gravatar.com\/avatar\/392b4cc8fbfeb00b39dfeeab4ee6edded39ffd48e25858637e4765810300227e?s=96&d=mm&r=g","caption":"Developer"},"url":"https:\/\/qtmm.org\/qt\/author\/Developer\/"}]}},"_links":{"self":[{"href":"https:\/\/qtmm.org\/qt\/wp-json\/wp\/v2\/posts\/34295","targetHints":{"allow":["GET"]}}],"collection":[{"href":"https:\/\/qtmm.org\/qt\/wp-json\/wp\/v2\/posts"}],"about":[{"href":"https:\/\/qtmm.org\/qt\/wp-json\/wp\/v2\/types\/post"}],"author":[{"embeddable":true,"href":"https:\/\/qtmm.org\/qt\/wp-json\/wp\/v2\/users\/1"}],"replies":[{"embeddable":true,"href":"https:\/\/qtmm.org\/qt\/wp-json\/wp\/v2\/comments?post=34295"}],"version-history":[{"count":1,"href":"https:\/\/qtmm.org\/qt\/wp-json\/wp\/v2\/posts\/34295\/revisions"}],"predecessor-version":[{"id":34300,"href":"https:\/\/qtmm.org\/qt\/wp-json\/wp\/v2\/posts\/34295\/revisions\/34300"}],"wp:attachment":[{"href":"https:\/\/qtmm.org\/qt\/wp-json\/wp\/v2\/media?parent=34295"}],"wp:term":[{"taxonomy":"category","embeddable":true,"href":"https:\/\/qtmm.org\/qt\/wp-json\/wp\/v2\/categories?post=34295"},{"taxonomy":"post_tag","embeddable":true,"href":"https:\/\/qtmm.org\/qt\/wp-json\/wp\/v2\/tags?post=34295"}],"curies":[{"name":"wp","href":"https:\/\/api.w.org\/{rel}","templated":true}]}}