




{"id":34285,"date":"2012-09-19T17:14:00","date_gmt":"2012-09-19T14:14:00","guid":{"rendered":"http:\/\/qtmm.org\/?p=34285"},"modified":"2022-01-22T17:15:42","modified_gmt":"2022-01-22T14:15:42","slug":"aleksandr-vinnikov-osce-aliy-komissari-knut-vollebek-halqara-forum-2013-senesi-kecirilmek-kerekliginde-emin","status":"publish","type":"post","link":"https:\/\/qtmm.org\/qt\/aleksandr-vinnikov-osce-aliy-komissari-knut-vollebek-halqara-forum-2013-senesi-kecirilmek-kerekliginde-emin\/","title":{"rendered":"Aleksandr Vinnikov: OSCE Aliy komissar\u0131 Knut Vollebek Halqara forum 2013 senesi ke\u00e7irilmek kerekliginde emin"},"content":{"rendered":"\n<p>OSCE Milliy azl\u0131qlar boyunca Aliy komissar\u0131n\u0131\u00f1 mesleat\u00e7\u0131s\u0131 Aleksandr Vinnikov Sent\u00e2br 18 k\u00fcn\u00fc Kiyevde Meclis yolba\u015f\u00e7\u0131lar\u0131n\u0131 Ukrainadaki el\u00e7ilikler ve halqara te\u015fkil\u00e2t reberlerinen er y\u0131ll\u0131q 2-nci k\u00f6r\u00fc\u015f\u00fcvinde \u00e7\u0131q\u0131\u015fta bulun\u0131rken \u015fun\u0131 qayd etti ki, OSCE Aliy komissar\u0131 Knut Vollebek Halqara forum vazifelerini amelge ke\u00e7irmek i\u00e7\u00fcn birinci nevbette Ukraina resmiy akimiyet organlar\u0131n\u0131\u00f1 i\u015ftiraki zarur, dep saya.<\/p>\n\n\n\n<figure class=\"wp-block-image size-full\"><img loading=\"lazy\" decoding=\"async\" width=\"650\" height=\"710\" src=\"http:\/\/qtmm.org\/wp-content\/uploads\/2022\/01\/vinnikov.jpeg\" alt=\"\" class=\"wp-image-34286\" srcset=\"https:\/\/qtmm.org\/wp-content\/uploads\/2022\/01\/vinnikov.jpeg 650w, https:\/\/qtmm.org\/wp-content\/uploads\/2022\/01\/vinnikov-275x300.jpeg 275w\" sizes=\"auto, (max-width: 650px) 100vw, 650px\" \/><\/figure>\n\n\n\n<p>&#8220;Knut Vollebekni\u00f1 2012 senesi iy\u00fcl ay\u0131nda Ukraina\u011fa ziyareti devam\u0131nda o Ukraina akimiyet organlar\u0131na Halqara forum 2013 senesi ke\u00e7irilmek kerekligine dair tevsiyelerini berdi, &#8211; dedi OSCE Milliy azl\u0131qlar boyunca Aliy komissar\u0131n\u0131\u00f1 \u00fcyken mesleat\u00e7\u0131s\u0131 Aleksandr Vinnikov. &#8211; Aliy komissar Halqara forum ke\u00e7irilmesine 2013 senesi OSCEde reislik yapqan\u0131 siltem olaca\u011f\u0131na inana.<br><br>Aleksandr Vinnikovn\u0131\u00f1 aytqan\u0131na k\u00f6re, OSCE Milliy azl\u0131qlar boyunca Aliy komissar\u0131 Halqara forumn\u0131\u00f1 ke\u00e7irilmesi i\u00e7\u00fcn Ukraina \u00fck\u00fcmeti mes\u00fcldir, dep saya. &#8220;B\u00f6yleliknen halqara qoltutuv Ukraina i\u015fini\u00f1 neticelerini y\u00fckseltir. Kergin meseleler tur\u011fan regionlarda \u011fayet muqaytl\u0131qnen ve tantiminen \u00e7al\u0131\u015fmaq kerek, &#8211; dey Vinnikov, Aliy komissarn\u0131\u00f1 fikirini ifade eterek.<\/p>\n\n\n\n<p>Mal-m\u00fclk, topraq, til ve medeniyet, akimiyet organlar\u0131nda vek\u00e2letlik, tasil ve avdet meseleleri kibi \u00e7ezimini beklegen problemlerni \u00f6gren\u00fcvni\u00f1 mustaqil neticeleri ukrain akimlerge Q\u0131r\u0131m cemiyetini\u00f1 stabilligi ve qat\u0131luv\u0131na yard\u0131m eter&#8221;.<br><br>Aleksandr Vinnikov \u015fun\u0131 da haber etti ki, 2013 senesi mart ay\u0131nda Knut Vollebek Kiyev ve Aqmescitte ke\u00e7irilmesi planla\u015ft\u0131r\u0131l\u011fan eki tedbirde &#8211; mustaqil ekspertler esabat\u0131 ve olacaq Forum i\u015ftirak\u00e7ilerine tevsiyelerni\u00f1 resmiy taqdiminde i\u015ftirak etecek.<\/p>\n\n\n\n<hr class=\"wp-block-separator\"\/>\n\n\n\n<p>2012 senesi sent\u00e2br 18 k\u00fcn\u00fc Kiyevdeki &#8220;Hyatt&#8221; \u00f6telinde Q\u0131r\u0131mtatar halq\u0131 Meclisini\u00f1 yolba\u015f\u00e7\u0131lar\u0131 Ukrainadaki el\u00e7ilikler ve akkreditatsiya etilgen halqara te\u015fkil\u00e2tlar\u0131n\u0131\u00f1 reberlerinen k\u00f6r\u00fc\u015ftiler.<\/p>\n\n\n\n<p>Esas maruzalarnen Q\u0131r\u0131mtatar halq\u0131 Meclisi yolba\u015f\u00e7\u0131lar\u0131n\u0131\u00f1 Ukrainadaki el\u00e7ilikler ve akkreditatsiya etilgen halqara te\u015fkil\u00e2tlar\u0131n\u0131\u00f1 reberlerinen k\u00f6r\u00fc\u015f\u00fcvinde Meclis reisi, Ukraina halq deputat\u0131 Mustafa Cemilev, B\u00fct\u00fcnd\u00fcnya q\u0131r\u0131mtatarlar kongressini\u00f1 prezidenti, Q\u0131r\u0131m Yuqar\u0131 \u015euras\u0131n\u0131\u00f1 deputat\u0131 Refat \u00c7ubarov, Q\u0131r\u0131m Nazirler \u015euras\u0131n\u0131\u00f1 reisi Anatoliy Mogil\u00f6v, &#8220;Q\u0131r\u0131m inki\u015faf\u0131 vaquf\u0131&#8221; hayriye te\u015fkil\u00e2t\u0131n\u0131\u00f1 prezidenti Rustem \u00dcmerov, OSCE Aliy Komissar\u0131n\u0131\u00f1 mesleat\u00e7\u0131s\u0131 Aleksandr Vinnikov, Halqara Forum\u011fa az\u0131rl\u0131q \u00e7er\u00e7ivesinde Q\u0131r\u0131mdaki vaziyet aqq\u0131nda esabat az\u0131rlav boyunca mustaqil ekspertler gruppas\u0131n\u0131\u00f1 halqara koordinator\u0131 Endr\u00fc Vilson \u00e7\u0131q\u0131\u015fta bulund\u0131lar.<\/p>\n\n\n\n<p>K\u00f6r\u00fc\u015f\u00fcvge bun\u0131\u00f1 kibi de Ukraina Prezidenti Memuriyetini\u00f1 vekilleri, Prezitentni\u00f1 Q\u0131r\u0131mdaki daimiy temsilcisi Viktor Plakida, Ukraina t\u0131\u015fq\u0131 i\u015fler nazirligi hadimleri ve Ukraina i\u00e7timaiy siyaset naziri davet etildiler.<\/p>\n\n\n\n<p>K\u00f6r\u00fc\u015f\u00fcv &#8220;Q\u0131r\u0131m inki\u015faf\u0131 vaquf\u0131&#8221; hayriye te\u015fkil\u00e2t\u0131n\u0131\u00f1 qoltutuv\u0131nda ke\u00e7irildi<\/p>\n\n\n\n<p><\/p>\n","protected":false},"excerpt":{"rendered":"<p>OSCE Milliy azl\u0131qlar boyunca Aliy komissar\u0131n\u0131\u00f1 mesleat\u00e7\u0131s\u0131 Aleksandr Vinnikov Sent\u00e2br 18 k\u00fcn\u00fc Kiyevde Meclis yolba\u015f\u00e7\u0131lar\u0131n\u0131 Ukrainadaki el\u00e7ilikler ve halqara te\u015fkil\u00e2t reberlerinen er y\u0131ll\u0131q 2-nci k\u00f6r\u00fc\u015f\u00fcvinde \u00e7\u0131q\u0131\u015fta bulun\u0131rken \u015fun\u0131 qayd etti ki, OSCE Aliy komissar\u0131 Knut Vollebek Halqara forum vazifelerini amelge ke\u00e7irmek i\u00e7\u00fcn birinci nevbette Ukraina resmiy akimiyet organlar\u0131n\u0131\u00f1 i\u015ftiraki zarur, dep saya. &#8220;Knut Vollebekni\u00f1 2012 [&hellip;]<\/p>\n","protected":false},"author":1,"featured_media":34290,"comment_status":"open","ping_status":"open","sticky":false,"template":"","format":"standard","meta":{"inline_featured_image":false,"footnotes":""},"categories":[265],"tags":[],"class_list":["post-34285","post","type-post","status-publish","format-standard","has-post-thumbnail","hentry","category-haberler"],"acf":[],"yoast_head":"<!-- This site is optimized with the Yoast SEO plugin v27.4 - https:\/\/yoast.com\/product\/yoast-seo-wordpress\/ -->\n<title>Aleksandr Vinnikov: OSCE Aliy komissar\u0131 Knut Vollebek Halqara forum 2013 senesi ke\u00e7irilmek kerekliginde emin - \u041c\u0435\u0434\u0436\u043b\u0456\u0441<\/title>\n<meta name=\"robots\" content=\"index, follow, max-snippet:-1, max-image-preview:large, max-video-preview:-1\" \/>\n<link rel=\"canonical\" href=\"https:\/\/qtmm.org\/qt\/aleksandr-vinnikov-osce-aliy-komissari-knut-vollebek-halqara-forum-2013-senesi-kecirilmek-kerekliginde-emin\/\" \/>\n<meta property=\"og:locale\" content=\"en_US\" \/>\n<meta property=\"og:type\" content=\"article\" \/>\n<meta property=\"og:title\" content=\"Aleksandr Vinnikov: OSCE Aliy komissar\u0131 Knut Vollebek Halqara forum 2013 senesi ke\u00e7irilmek kerekliginde emin - \u041c\u0435\u0434\u0436\u043b\u0456\u0441\" \/>\n<meta property=\"og:description\" content=\"OSCE Milliy azl\u0131qlar boyunca Aliy komissar\u0131n\u0131\u00f1 mesleat\u00e7\u0131s\u0131 Aleksandr Vinnikov Sent\u00e2br 18 k\u00fcn\u00fc Kiyevde Meclis yolba\u015f\u00e7\u0131lar\u0131n\u0131 Ukrainadaki el\u00e7ilikler ve halqara te\u015fkil\u00e2t reberlerinen er y\u0131ll\u0131q 2-nci k\u00f6r\u00fc\u015f\u00fcvinde \u00e7\u0131q\u0131\u015fta bulun\u0131rken \u015fun\u0131 qayd etti ki, OSCE Aliy komissar\u0131 Knut Vollebek Halqara forum vazifelerini amelge ke\u00e7irmek i\u00e7\u00fcn birinci nevbette Ukraina resmiy akimiyet organlar\u0131n\u0131\u00f1 i\u015ftiraki zarur, dep saya. &#8220;Knut Vollebekni\u00f1 2012 [&hellip;]\" \/>\n<meta property=\"og:url\" content=\"https:\/\/qtmm.org\/qt\/aleksandr-vinnikov-osce-aliy-komissari-knut-vollebek-halqara-forum-2013-senesi-kecirilmek-kerekliginde-emin\/\" \/>\n<meta property=\"og:site_name\" content=\"\u041c\u0435\u0434\u0436\u043b\u0456\u0441\" \/>\n<meta property=\"article:publisher\" content=\"https:\/\/www.facebook.com\/qtmm.info\/\" \/>\n<meta property=\"article:published_time\" content=\"2012-09-19T14:14:00+00:00\" \/>\n<meta property=\"article:modified_time\" content=\"2022-01-22T14:15:42+00:00\" \/>\n<meta property=\"og:image\" content=\"https:\/\/qtmm.org\/wp-content\/uploads\/2022\/01\/obchaya.jpeg\" \/>\n\t<meta property=\"og:image:width\" content=\"650\" \/>\n\t<meta property=\"og:image:height\" content=\"350\" \/>\n\t<meta property=\"og:image:type\" content=\"image\/jpeg\" \/>\n<meta name=\"author\" content=\"Developer\" \/>\n<meta name=\"twitter:card\" content=\"summary_large_image\" \/>\n<meta name=\"twitter:label1\" content=\"Written by\" \/>\n\t<meta name=\"twitter:data1\" content=\"Developer\" \/>\n\t<meta name=\"twitter:label2\" content=\"Est. reading time\" \/>\n\t<meta name=\"twitter:data2\" content=\"2 minutes\" \/>\n<script type=\"application\/ld+json\" class=\"yoast-schema-graph\">{\"@context\":\"https:\\\/\\\/schema.org\",\"@graph\":[{\"@type\":\"Article\",\"@id\":\"https:\\\/\\\/qtmm.org\\\/qt\\\/aleksandr-vinnikov-osce-aliy-komissari-knut-vollebek-halqara-forum-2013-senesi-kecirilmek-kerekliginde-emin\\\/#article\",\"isPartOf\":{\"@id\":\"https:\\\/\\\/qtmm.org\\\/qt\\\/aleksandr-vinnikov-osce-aliy-komissari-knut-vollebek-halqara-forum-2013-senesi-kecirilmek-kerekliginde-emin\\\/\"},\"author\":{\"name\":\"Developer\",\"@id\":\"https:\\\/\\\/qtmm.org\\\/qt\\\/#\\\/schema\\\/person\\\/de562469f971dec226ac06e60bbf74a7\"},\"headline\":\"Aleksandr Vinnikov: OSCE Aliy komissar\u0131 Knut Vollebek Halqara forum 2013 senesi ke\u00e7irilmek kerekliginde emin\",\"datePublished\":\"2012-09-19T14:14:00+00:00\",\"dateModified\":\"2022-01-22T14:15:42+00:00\",\"mainEntityOfPage\":{\"@id\":\"https:\\\/\\\/qtmm.org\\\/qt\\\/aleksandr-vinnikov-osce-aliy-komissari-knut-vollebek-halqara-forum-2013-senesi-kecirilmek-kerekliginde-emin\\\/\"},\"wordCount\":469,\"commentCount\":0,\"publisher\":{\"@id\":\"https:\\\/\\\/qtmm.org\\\/qt\\\/#organization\"},\"image\":{\"@id\":\"https:\\\/\\\/qtmm.org\\\/qt\\\/aleksandr-vinnikov-osce-aliy-komissari-knut-vollebek-halqara-forum-2013-senesi-kecirilmek-kerekliginde-emin\\\/#primaryimage\"},\"thumbnailUrl\":\"https:\\\/\\\/qtmm.org\\\/wp-content\\\/uploads\\\/2022\\\/01\\\/obchaya.jpeg\",\"articleSection\":[\"Haberler\"],\"inLanguage\":\"qt\",\"potentialAction\":[{\"@type\":\"CommentAction\",\"name\":\"Comment\",\"target\":[\"https:\\\/\\\/qtmm.org\\\/qt\\\/aleksandr-vinnikov-osce-aliy-komissari-knut-vollebek-halqara-forum-2013-senesi-kecirilmek-kerekliginde-emin\\\/#respond\"]}]},{\"@type\":\"WebPage\",\"@id\":\"https:\\\/\\\/qtmm.org\\\/qt\\\/aleksandr-vinnikov-osce-aliy-komissari-knut-vollebek-halqara-forum-2013-senesi-kecirilmek-kerekliginde-emin\\\/\",\"url\":\"https:\\\/\\\/qtmm.org\\\/qt\\\/aleksandr-vinnikov-osce-aliy-komissari-knut-vollebek-halqara-forum-2013-senesi-kecirilmek-kerekliginde-emin\\\/\",\"name\":\"Aleksandr Vinnikov: OSCE Aliy komissar\u0131 Knut Vollebek Halqara forum 2013 senesi ke\u00e7irilmek kerekliginde emin - \u041c\u0435\u0434\u0436\u043b\u0456\u0441\",\"isPartOf\":{\"@id\":\"https:\\\/\\\/qtmm.org\\\/qt\\\/#website\"},\"primaryImageOfPage\":{\"@id\":\"https:\\\/\\\/qtmm.org\\\/qt\\\/aleksandr-vinnikov-osce-aliy-komissari-knut-vollebek-halqara-forum-2013-senesi-kecirilmek-kerekliginde-emin\\\/#primaryimage\"},\"image\":{\"@id\":\"https:\\\/\\\/qtmm.org\\\/qt\\\/aleksandr-vinnikov-osce-aliy-komissari-knut-vollebek-halqara-forum-2013-senesi-kecirilmek-kerekliginde-emin\\\/#primaryimage\"},\"thumbnailUrl\":\"https:\\\/\\\/qtmm.org\\\/wp-content\\\/uploads\\\/2022\\\/01\\\/obchaya.jpeg\",\"datePublished\":\"2012-09-19T14:14:00+00:00\",\"dateModified\":\"2022-01-22T14:15:42+00:00\",\"breadcrumb\":{\"@id\":\"https:\\\/\\\/qtmm.org\\\/qt\\\/aleksandr-vinnikov-osce-aliy-komissari-knut-vollebek-halqara-forum-2013-senesi-kecirilmek-kerekliginde-emin\\\/#breadcrumb\"},\"inLanguage\":\"qt\",\"potentialAction\":[{\"@type\":\"ReadAction\",\"target\":[\"https:\\\/\\\/qtmm.org\\\/qt\\\/aleksandr-vinnikov-osce-aliy-komissari-knut-vollebek-halqara-forum-2013-senesi-kecirilmek-kerekliginde-emin\\\/\"]}]},{\"@type\":\"ImageObject\",\"inLanguage\":\"qt\",\"@id\":\"https:\\\/\\\/qtmm.org\\\/qt\\\/aleksandr-vinnikov-osce-aliy-komissari-knut-vollebek-halqara-forum-2013-senesi-kecirilmek-kerekliginde-emin\\\/#primaryimage\",\"url\":\"https:\\\/\\\/qtmm.org\\\/wp-content\\\/uploads\\\/2022\\\/01\\\/obchaya.jpeg\",\"contentUrl\":\"https:\\\/\\\/qtmm.org\\\/wp-content\\\/uploads\\\/2022\\\/01\\\/obchaya.jpeg\",\"width\":650,\"height\":350},{\"@type\":\"BreadcrumbList\",\"@id\":\"https:\\\/\\\/qtmm.org\\\/qt\\\/aleksandr-vinnikov-osce-aliy-komissari-knut-vollebek-halqara-forum-2013-senesi-kecirilmek-kerekliginde-emin\\\/#breadcrumb\",\"itemListElement\":[{\"@type\":\"ListItem\",\"position\":1,\"name\":\"\u0413\u043e\u043b\u043e\u0432\u043d\u0430\",\"item\":\"https:\\\/\\\/qtmm.org\\\/qt\\\/\"},{\"@type\":\"ListItem\",\"position\":2,\"name\":\"Aleksandr Vinnikov: OSCE Aliy komissar\u0131 Knut Vollebek Halqara forum 2013 senesi ke\u00e7irilmek kerekliginde emin\"}]},{\"@type\":\"WebSite\",\"@id\":\"https:\\\/\\\/qtmm.org\\\/qt\\\/#website\",\"url\":\"https:\\\/\\\/qtmm.org\\\/qt\\\/\",\"name\":\"\u041c\u0435\u0434\u0436\u043b\u0456\u0441\",\"description\":\"\",\"publisher\":{\"@id\":\"https:\\\/\\\/qtmm.org\\\/qt\\\/#organization\"},\"potentialAction\":[{\"@type\":\"SearchAction\",\"target\":{\"@type\":\"EntryPoint\",\"urlTemplate\":\"https:\\\/\\\/qtmm.org\\\/qt\\\/?s={search_term_string}\"},\"query-input\":{\"@type\":\"PropertyValueSpecification\",\"valueRequired\":true,\"valueName\":\"search_term_string\"}}],\"inLanguage\":\"qt\"},{\"@type\":\"Organization\",\"@id\":\"https:\\\/\\\/qtmm.org\\\/qt\\\/#organization\",\"name\":\"\u041c\u0435\u0434\u0436\u043b\u0456\u0441\",\"url\":\"https:\\\/\\\/qtmm.org\\\/qt\\\/\",\"logo\":{\"@type\":\"ImageObject\",\"inLanguage\":\"qt\",\"@id\":\"https:\\\/\\\/qtmm.org\\\/qt\\\/#\\\/schema\\\/logo\\\/image\\\/\",\"url\":\"https:\\\/\\\/qtmm.org\\\/wp-content\\\/uploads\\\/2024\\\/12\\\/ua-mejlis-logo-rgb.svg\",\"contentUrl\":\"https:\\\/\\\/qtmm.org\\\/wp-content\\\/uploads\\\/2024\\\/12\\\/ua-mejlis-logo-rgb.svg\",\"caption\":\"\u041c\u0435\u0434\u0436\u043b\u0456\u0441\"},\"image\":{\"@id\":\"https:\\\/\\\/qtmm.org\\\/qt\\\/#\\\/schema\\\/logo\\\/image\\\/\"},\"sameAs\":[\"https:\\\/\\\/www.facebook.com\\\/qtmm.info\\\/\"]},{\"@type\":\"Person\",\"@id\":\"https:\\\/\\\/qtmm.org\\\/qt\\\/#\\\/schema\\\/person\\\/de562469f971dec226ac06e60bbf74a7\",\"name\":\"Developer\",\"image\":{\"@type\":\"ImageObject\",\"inLanguage\":\"qt\",\"@id\":\"https:\\\/\\\/secure.gravatar.com\\\/avatar\\\/392b4cc8fbfeb00b39dfeeab4ee6edded39ffd48e25858637e4765810300227e?s=96&d=mm&r=g\",\"url\":\"https:\\\/\\\/secure.gravatar.com\\\/avatar\\\/392b4cc8fbfeb00b39dfeeab4ee6edded39ffd48e25858637e4765810300227e?s=96&d=mm&r=g\",\"contentUrl\":\"https:\\\/\\\/secure.gravatar.com\\\/avatar\\\/392b4cc8fbfeb00b39dfeeab4ee6edded39ffd48e25858637e4765810300227e?s=96&d=mm&r=g\",\"caption\":\"Developer\"},\"url\":\"https:\\\/\\\/qtmm.org\\\/qt\\\/author\\\/Developer\\\/\"}]}<\/script>\n<!-- \/ Yoast SEO plugin. -->","yoast_head_json":{"title":"Aleksandr Vinnikov: OSCE Aliy komissar\u0131 Knut Vollebek Halqara forum 2013 senesi ke\u00e7irilmek kerekliginde emin - \u041c\u0435\u0434\u0436\u043b\u0456\u0441","robots":{"index":"index","follow":"follow","max-snippet":"max-snippet:-1","max-image-preview":"max-image-preview:large","max-video-preview":"max-video-preview:-1"},"canonical":"https:\/\/qtmm.org\/qt\/aleksandr-vinnikov-osce-aliy-komissari-knut-vollebek-halqara-forum-2013-senesi-kecirilmek-kerekliginde-emin\/","og_locale":"en_US","og_type":"article","og_title":"Aleksandr Vinnikov: OSCE Aliy komissar\u0131 Knut Vollebek Halqara forum 2013 senesi ke\u00e7irilmek kerekliginde emin - \u041c\u0435\u0434\u0436\u043b\u0456\u0441","og_description":"OSCE Milliy azl\u0131qlar boyunca Aliy komissar\u0131n\u0131\u00f1 mesleat\u00e7\u0131s\u0131 Aleksandr Vinnikov Sent\u00e2br 18 k\u00fcn\u00fc Kiyevde Meclis yolba\u015f\u00e7\u0131lar\u0131n\u0131 Ukrainadaki el\u00e7ilikler ve halqara te\u015fkil\u00e2t reberlerinen er y\u0131ll\u0131q 2-nci k\u00f6r\u00fc\u015f\u00fcvinde \u00e7\u0131q\u0131\u015fta bulun\u0131rken \u015fun\u0131 qayd etti ki, OSCE Aliy komissar\u0131 Knut Vollebek Halqara forum vazifelerini amelge ke\u00e7irmek i\u00e7\u00fcn birinci nevbette Ukraina resmiy akimiyet organlar\u0131n\u0131\u00f1 i\u015ftiraki zarur, dep saya. &#8220;Knut Vollebekni\u00f1 2012 [&hellip;]","og_url":"https:\/\/qtmm.org\/qt\/aleksandr-vinnikov-osce-aliy-komissari-knut-vollebek-halqara-forum-2013-senesi-kecirilmek-kerekliginde-emin\/","og_site_name":"\u041c\u0435\u0434\u0436\u043b\u0456\u0441","article_publisher":"https:\/\/www.facebook.com\/qtmm.info\/","article_published_time":"2012-09-19T14:14:00+00:00","article_modified_time":"2022-01-22T14:15:42+00:00","og_image":[{"width":650,"height":350,"url":"https:\/\/qtmm.org\/wp-content\/uploads\/2022\/01\/obchaya.jpeg","type":"image\/jpeg"}],"author":"Developer","twitter_card":"summary_large_image","twitter_misc":{"Written by":"Developer","Est. reading time":"2 minutes"},"schema":{"@context":"https:\/\/schema.org","@graph":[{"@type":"Article","@id":"https:\/\/qtmm.org\/qt\/aleksandr-vinnikov-osce-aliy-komissari-knut-vollebek-halqara-forum-2013-senesi-kecirilmek-kerekliginde-emin\/#article","isPartOf":{"@id":"https:\/\/qtmm.org\/qt\/aleksandr-vinnikov-osce-aliy-komissari-knut-vollebek-halqara-forum-2013-senesi-kecirilmek-kerekliginde-emin\/"},"author":{"name":"Developer","@id":"https:\/\/qtmm.org\/qt\/#\/schema\/person\/de562469f971dec226ac06e60bbf74a7"},"headline":"Aleksandr Vinnikov: OSCE Aliy komissar\u0131 Knut Vollebek Halqara forum 2013 senesi ke\u00e7irilmek kerekliginde emin","datePublished":"2012-09-19T14:14:00+00:00","dateModified":"2022-01-22T14:15:42+00:00","mainEntityOfPage":{"@id":"https:\/\/qtmm.org\/qt\/aleksandr-vinnikov-osce-aliy-komissari-knut-vollebek-halqara-forum-2013-senesi-kecirilmek-kerekliginde-emin\/"},"wordCount":469,"commentCount":0,"publisher":{"@id":"https:\/\/qtmm.org\/qt\/#organization"},"image":{"@id":"https:\/\/qtmm.org\/qt\/aleksandr-vinnikov-osce-aliy-komissari-knut-vollebek-halqara-forum-2013-senesi-kecirilmek-kerekliginde-emin\/#primaryimage"},"thumbnailUrl":"https:\/\/qtmm.org\/wp-content\/uploads\/2022\/01\/obchaya.jpeg","articleSection":["Haberler"],"inLanguage":"qt","potentialAction":[{"@type":"CommentAction","name":"Comment","target":["https:\/\/qtmm.org\/qt\/aleksandr-vinnikov-osce-aliy-komissari-knut-vollebek-halqara-forum-2013-senesi-kecirilmek-kerekliginde-emin\/#respond"]}]},{"@type":"WebPage","@id":"https:\/\/qtmm.org\/qt\/aleksandr-vinnikov-osce-aliy-komissari-knut-vollebek-halqara-forum-2013-senesi-kecirilmek-kerekliginde-emin\/","url":"https:\/\/qtmm.org\/qt\/aleksandr-vinnikov-osce-aliy-komissari-knut-vollebek-halqara-forum-2013-senesi-kecirilmek-kerekliginde-emin\/","name":"Aleksandr Vinnikov: OSCE Aliy komissar\u0131 Knut Vollebek Halqara forum 2013 senesi ke\u00e7irilmek kerekliginde emin - \u041c\u0435\u0434\u0436\u043b\u0456\u0441","isPartOf":{"@id":"https:\/\/qtmm.org\/qt\/#website"},"primaryImageOfPage":{"@id":"https:\/\/qtmm.org\/qt\/aleksandr-vinnikov-osce-aliy-komissari-knut-vollebek-halqara-forum-2013-senesi-kecirilmek-kerekliginde-emin\/#primaryimage"},"image":{"@id":"https:\/\/qtmm.org\/qt\/aleksandr-vinnikov-osce-aliy-komissari-knut-vollebek-halqara-forum-2013-senesi-kecirilmek-kerekliginde-emin\/#primaryimage"},"thumbnailUrl":"https:\/\/qtmm.org\/wp-content\/uploads\/2022\/01\/obchaya.jpeg","datePublished":"2012-09-19T14:14:00+00:00","dateModified":"2022-01-22T14:15:42+00:00","breadcrumb":{"@id":"https:\/\/qtmm.org\/qt\/aleksandr-vinnikov-osce-aliy-komissari-knut-vollebek-halqara-forum-2013-senesi-kecirilmek-kerekliginde-emin\/#breadcrumb"},"inLanguage":"qt","potentialAction":[{"@type":"ReadAction","target":["https:\/\/qtmm.org\/qt\/aleksandr-vinnikov-osce-aliy-komissari-knut-vollebek-halqara-forum-2013-senesi-kecirilmek-kerekliginde-emin\/"]}]},{"@type":"ImageObject","inLanguage":"qt","@id":"https:\/\/qtmm.org\/qt\/aleksandr-vinnikov-osce-aliy-komissari-knut-vollebek-halqara-forum-2013-senesi-kecirilmek-kerekliginde-emin\/#primaryimage","url":"https:\/\/qtmm.org\/wp-content\/uploads\/2022\/01\/obchaya.jpeg","contentUrl":"https:\/\/qtmm.org\/wp-content\/uploads\/2022\/01\/obchaya.jpeg","width":650,"height":350},{"@type":"BreadcrumbList","@id":"https:\/\/qtmm.org\/qt\/aleksandr-vinnikov-osce-aliy-komissari-knut-vollebek-halqara-forum-2013-senesi-kecirilmek-kerekliginde-emin\/#breadcrumb","itemListElement":[{"@type":"ListItem","position":1,"name":"\u0413\u043e\u043b\u043e\u0432\u043d\u0430","item":"https:\/\/qtmm.org\/qt\/"},{"@type":"ListItem","position":2,"name":"Aleksandr Vinnikov: OSCE Aliy komissar\u0131 Knut Vollebek Halqara forum 2013 senesi ke\u00e7irilmek kerekliginde emin"}]},{"@type":"WebSite","@id":"https:\/\/qtmm.org\/qt\/#website","url":"https:\/\/qtmm.org\/qt\/","name":"\u041c\u0435\u0434\u0436\u043b\u0456\u0441","description":"","publisher":{"@id":"https:\/\/qtmm.org\/qt\/#organization"},"potentialAction":[{"@type":"SearchAction","target":{"@type":"EntryPoint","urlTemplate":"https:\/\/qtmm.org\/qt\/?s={search_term_string}"},"query-input":{"@type":"PropertyValueSpecification","valueRequired":true,"valueName":"search_term_string"}}],"inLanguage":"qt"},{"@type":"Organization","@id":"https:\/\/qtmm.org\/qt\/#organization","name":"\u041c\u0435\u0434\u0436\u043b\u0456\u0441","url":"https:\/\/qtmm.org\/qt\/","logo":{"@type":"ImageObject","inLanguage":"qt","@id":"https:\/\/qtmm.org\/qt\/#\/schema\/logo\/image\/","url":"https:\/\/qtmm.org\/wp-content\/uploads\/2024\/12\/ua-mejlis-logo-rgb.svg","contentUrl":"https:\/\/qtmm.org\/wp-content\/uploads\/2024\/12\/ua-mejlis-logo-rgb.svg","caption":"\u041c\u0435\u0434\u0436\u043b\u0456\u0441"},"image":{"@id":"https:\/\/qtmm.org\/qt\/#\/schema\/logo\/image\/"},"sameAs":["https:\/\/www.facebook.com\/qtmm.info\/"]},{"@type":"Person","@id":"https:\/\/qtmm.org\/qt\/#\/schema\/person\/de562469f971dec226ac06e60bbf74a7","name":"Developer","image":{"@type":"ImageObject","inLanguage":"qt","@id":"https:\/\/secure.gravatar.com\/avatar\/392b4cc8fbfeb00b39dfeeab4ee6edded39ffd48e25858637e4765810300227e?s=96&d=mm&r=g","url":"https:\/\/secure.gravatar.com\/avatar\/392b4cc8fbfeb00b39dfeeab4ee6edded39ffd48e25858637e4765810300227e?s=96&d=mm&r=g","contentUrl":"https:\/\/secure.gravatar.com\/avatar\/392b4cc8fbfeb00b39dfeeab4ee6edded39ffd48e25858637e4765810300227e?s=96&d=mm&r=g","caption":"Developer"},"url":"https:\/\/qtmm.org\/qt\/author\/Developer\/"}]}},"_links":{"self":[{"href":"https:\/\/qtmm.org\/qt\/wp-json\/wp\/v2\/posts\/34285","targetHints":{"allow":["GET"]}}],"collection":[{"href":"https:\/\/qtmm.org\/qt\/wp-json\/wp\/v2\/posts"}],"about":[{"href":"https:\/\/qtmm.org\/qt\/wp-json\/wp\/v2\/types\/post"}],"author":[{"embeddable":true,"href":"https:\/\/qtmm.org\/qt\/wp-json\/wp\/v2\/users\/1"}],"replies":[{"embeddable":true,"href":"https:\/\/qtmm.org\/qt\/wp-json\/wp\/v2\/comments?post=34285"}],"version-history":[{"count":1,"href":"https:\/\/qtmm.org\/qt\/wp-json\/wp\/v2\/posts\/34285\/revisions"}],"predecessor-version":[{"id":34294,"href":"https:\/\/qtmm.org\/qt\/wp-json\/wp\/v2\/posts\/34285\/revisions\/34294"}],"wp:featuredmedia":[{"embeddable":true,"href":"https:\/\/qtmm.org\/qt\/wp-json\/wp\/v2\/media\/34290"}],"wp:attachment":[{"href":"https:\/\/qtmm.org\/qt\/wp-json\/wp\/v2\/media?parent=34285"}],"wp:term":[{"taxonomy":"category","embeddable":true,"href":"https:\/\/qtmm.org\/qt\/wp-json\/wp\/v2\/categories?post=34285"},{"taxonomy":"post_tag","embeddable":true,"href":"https:\/\/qtmm.org\/qt\/wp-json\/wp\/v2\/tags?post=34285"}],"curies":[{"name":"wp","href":"https:\/\/api.w.org\/{rel}","templated":true}]}}