




{"id":34278,"date":"2012-09-19T17:12:00","date_gmt":"2012-09-19T14:12:00","guid":{"rendered":"http:\/\/qtmm.org\/?p=34278"},"modified":"2022-01-22T17:14:05","modified_gmt":"2022-01-22T14:14:05","slug":"avtochernetka","status":"publish","type":"post","link":"https:\/\/qtmm.org\/qt\/avtochernetka\/","title":{"rendered":"\u00abBizim ba\u015f vazifemiz olacaq Halqara forum i\u015ftirak\u00e7ileri i\u00e7\u00fcn tevsiyeler az\u0131rlamaqt\u0131r\u00bb, &#8211; dedi Endr\u00fc Vilson"},"content":{"rendered":"\n<p>Sent\u00e2br 18 k\u00fcn\u00fc Kiyevde Meclis yolba\u015f\u00e7\u0131laor\u0131n\u0131 Ukrainadaki el\u00e7ilikler ve halqara te\u015fkil\u00e2t reberlerinen er y\u0131ll\u0131q 2-nci k\u00f6r\u00fc\u015f\u00fcvi ol\u0131p ke\u00e7ti<br><br>K\u00f6r\u00fc\u015f\u00fcvde \u00e7\u0131q\u0131\u015fta bulun\u011fan Halqara forum\u011fa az\u0131rl\u0131q \u00e7er\u00e7isevinde Q\u0131r\u0131mdaki vaziyet boyunca mustaqil esabat az\u0131rla\u011fan ekspertler gruppas\u0131n\u0131\u00f1 halqara koordinator\u0131 Endr\u00fc Vilson \u015fun\u0131 qayd etti ki, so\u00f1ki 20 y\u0131l i\u00e7inde Ukraina q\u0131r\u0131mtatar halq\u0131na yard\u0131m etmek i\u00e7\u00fcn elinden kelgeni qadar t\u0131r\u0131\u015ft\u0131.<br><br>&#8220;OSCE Aliy komissar\u0131 ofisini\u00f1 te\u015febb\u00fcsi boyunca 7 mustaqil ekspertten ibaret gruppa yap\u0131l\u011fan i\u015flerge q\u0131ymet keserek, Ukrainada halqara yard\u0131mn\u0131 artt\u0131rmaq ve Vatan\u0131na qaytayatqan q\u0131r\u0131mtatar halq\u0131n\u0131\u00f1 yerle\u015fmesine qoltutuv meselelerini \u00e7ezmekni\u00f1 usullar\u0131n\u0131 ara\u015ft\u0131ruvda tevsiyeler bermek maqsad\u0131ndad\u0131r&#8221;, &#8211; dedi Endr\u00fc Vilson.<br><br>Endr\u00fc Vilsonn\u0131\u00f1 s\u00f6zlerine k\u00f6re, sent\u00e2br ay\u0131n\u0131\u00f1 ba\u015f\u0131nda Gaagada ekpertlerni\u00f1 birinci teesis k\u00f6r\u00fc\u015f\u00fcvi ke\u00e7irilip, onda yap\u0131latqan tedqiqatlarn\u0131\u00f1 esas printsipleri, maqsad ve vazifeleri i\u015flendi.<\/p>\n\n\n\n<p>&#8220;Esabatn\u0131\u00f1 inglizce versiyas\u0131 \u015fu seneni\u00f1 dekabrine qadar az\u0131r olacaq, &#8211; dep qo\u015ft\u0131 Endr\u00fc Vilson. \u2013 Biz \u00fcm\u00fct etemiz ki, bu esabat halqara cemaat\u00e7\u0131l\u0131q vekillerinden ibaret k\u00f6ntseptual gruppan\u0131\u00f1 tizilmesine esas olur&#8221;.<\/p>\n\n\n\n<figure class=\"wp-block-image size-full\"><img loading=\"lazy\" decoding=\"async\" width=\"650\" height=\"735\" src=\"http:\/\/qtmm.org\/wp-content\/uploads\/2022\/01\/vilson.jpg\" alt=\"\" class=\"wp-image-34279\" srcset=\"https:\/\/qtmm.org\/wp-content\/uploads\/2022\/01\/vilson.jpg 650w, https:\/\/qtmm.org\/wp-content\/uploads\/2022\/01\/vilson-265x300.jpg 265w\" sizes=\"auto, (max-width: 650px) 100vw, 650px\" \/><\/figure>\n","protected":false},"excerpt":{"rendered":"<p>Sent\u00e2br 18 k\u00fcn\u00fc Kiyevde Meclis yolba\u015f\u00e7\u0131laor\u0131n\u0131 Ukrainadaki el\u00e7ilikler ve halqara te\u015fkil\u00e2t reberlerinen er y\u0131ll\u0131q 2-nci k\u00f6r\u00fc\u015f\u00fcvi ol\u0131p ke\u00e7ti K\u00f6r\u00fc\u015f\u00fcvde \u00e7\u0131q\u0131\u015fta bulun\u011fan Halqara forum\u011fa az\u0131rl\u0131q \u00e7er\u00e7isevinde Q\u0131r\u0131mdaki vaziyet boyunca mustaqil esabat az\u0131rla\u011fan ekspertler gruppas\u0131n\u0131\u00f1 halqara koordinator\u0131 Endr\u00fc Vilson \u015fun\u0131 qayd etti ki, so\u00f1ki 20 y\u0131l i\u00e7inde Ukraina q\u0131r\u0131mtatar halq\u0131na yard\u0131m etmek i\u00e7\u00fcn elinden kelgeni qadar t\u0131r\u0131\u015ft\u0131. [&hellip;]<\/p>\n","protected":false},"author":1,"featured_media":0,"comment_status":"open","ping_status":"open","sticky":false,"template":"","format":"standard","meta":{"inline_featured_image":false,"footnotes":""},"categories":[265],"tags":[],"class_list":["post-34278","post","type-post","status-publish","format-standard","hentry","category-haberler"],"acf":[],"yoast_head":"<!-- This site is optimized with the Yoast SEO plugin v27.4 - https:\/\/yoast.com\/product\/yoast-seo-wordpress\/ -->\n<title>\u00abBizim ba\u015f vazifemiz olacaq Halqara forum i\u015ftirak\u00e7ileri i\u00e7\u00fcn tevsiyeler az\u0131rlamaqt\u0131r\u00bb, - dedi Endr\u00fc Vilson - \u041c\u0435\u0434\u0436\u043b\u0456\u0441<\/title>\n<meta name=\"robots\" content=\"index, follow, max-snippet:-1, max-image-preview:large, max-video-preview:-1\" \/>\n<link rel=\"canonical\" href=\"https:\/\/qtmm.org\/qt\/avtochernetka\/\" \/>\n<meta property=\"og:locale\" content=\"en_US\" \/>\n<meta property=\"og:type\" content=\"article\" \/>\n<meta property=\"og:title\" content=\"\u00abBizim ba\u015f vazifemiz olacaq Halqara forum i\u015ftirak\u00e7ileri i\u00e7\u00fcn tevsiyeler az\u0131rlamaqt\u0131r\u00bb, - dedi Endr\u00fc Vilson - \u041c\u0435\u0434\u0436\u043b\u0456\u0441\" \/>\n<meta property=\"og:description\" content=\"Sent\u00e2br 18 k\u00fcn\u00fc Kiyevde Meclis yolba\u015f\u00e7\u0131laor\u0131n\u0131 Ukrainadaki el\u00e7ilikler ve halqara te\u015fkil\u00e2t reberlerinen er y\u0131ll\u0131q 2-nci k\u00f6r\u00fc\u015f\u00fcvi ol\u0131p ke\u00e7ti K\u00f6r\u00fc\u015f\u00fcvde \u00e7\u0131q\u0131\u015fta bulun\u011fan Halqara forum\u011fa az\u0131rl\u0131q \u00e7er\u00e7isevinde Q\u0131r\u0131mdaki vaziyet boyunca mustaqil esabat az\u0131rla\u011fan ekspertler gruppas\u0131n\u0131\u00f1 halqara koordinator\u0131 Endr\u00fc Vilson \u015fun\u0131 qayd etti ki, so\u00f1ki 20 y\u0131l i\u00e7inde Ukraina q\u0131r\u0131mtatar halq\u0131na yard\u0131m etmek i\u00e7\u00fcn elinden kelgeni qadar t\u0131r\u0131\u015ft\u0131. [&hellip;]\" \/>\n<meta property=\"og:url\" content=\"https:\/\/qtmm.org\/qt\/avtochernetka\/\" \/>\n<meta property=\"og:site_name\" content=\"\u041c\u0435\u0434\u0436\u043b\u0456\u0441\" \/>\n<meta property=\"article:publisher\" content=\"https:\/\/www.facebook.com\/qtmm.info\/\" \/>\n<meta property=\"article:published_time\" content=\"2012-09-19T14:12:00+00:00\" \/>\n<meta property=\"article:modified_time\" content=\"2022-01-22T14:14:05+00:00\" \/>\n<meta property=\"og:image\" content=\"https:\/\/qtmm.org\/wp-content\/uploads\/2022\/01\/vilson.jpg\" \/>\n\t<meta property=\"og:image:width\" content=\"650\" \/>\n\t<meta property=\"og:image:height\" content=\"735\" \/>\n\t<meta property=\"og:image:type\" content=\"image\/jpeg\" \/>\n<meta name=\"author\" content=\"Developer\" \/>\n<meta name=\"twitter:card\" content=\"summary_large_image\" \/>\n<meta name=\"twitter:label1\" content=\"Written by\" \/>\n\t<meta name=\"twitter:data1\" content=\"Developer\" \/>\n\t<meta name=\"twitter:label2\" content=\"Est. reading time\" \/>\n\t<meta name=\"twitter:data2\" content=\"1 minute\" \/>\n<script type=\"application\/ld+json\" class=\"yoast-schema-graph\">{\"@context\":\"https:\\\/\\\/schema.org\",\"@graph\":[{\"@type\":\"Article\",\"@id\":\"https:\\\/\\\/qtmm.org\\\/qt\\\/avtochernetka\\\/#article\",\"isPartOf\":{\"@id\":\"https:\\\/\\\/qtmm.org\\\/qt\\\/avtochernetka\\\/\"},\"author\":{\"name\":\"Developer\",\"@id\":\"https:\\\/\\\/qtmm.org\\\/qt\\\/#\\\/schema\\\/person\\\/de562469f971dec226ac06e60bbf74a7\"},\"headline\":\"\u00abBizim ba\u015f vazifemiz olacaq Halqara forum i\u015ftirak\u00e7ileri i\u00e7\u00fcn tevsiyeler az\u0131rlamaqt\u0131r\u00bb, &#8211; dedi Endr\u00fc Vilson\",\"datePublished\":\"2012-09-19T14:12:00+00:00\",\"dateModified\":\"2022-01-22T14:14:05+00:00\",\"mainEntityOfPage\":{\"@id\":\"https:\\\/\\\/qtmm.org\\\/qt\\\/avtochernetka\\\/\"},\"wordCount\":229,\"commentCount\":0,\"publisher\":{\"@id\":\"https:\\\/\\\/qtmm.org\\\/qt\\\/#organization\"},\"image\":{\"@id\":\"https:\\\/\\\/qtmm.org\\\/qt\\\/avtochernetka\\\/#primaryimage\"},\"thumbnailUrl\":\"http:\\\/\\\/qtmm.org\\\/wp-content\\\/uploads\\\/2022\\\/01\\\/vilson.jpg\",\"articleSection\":[\"Haberler\"],\"inLanguage\":\"qt\",\"potentialAction\":[{\"@type\":\"CommentAction\",\"name\":\"Comment\",\"target\":[\"https:\\\/\\\/qtmm.org\\\/qt\\\/avtochernetka\\\/#respond\"]}]},{\"@type\":\"WebPage\",\"@id\":\"https:\\\/\\\/qtmm.org\\\/qt\\\/avtochernetka\\\/\",\"url\":\"https:\\\/\\\/qtmm.org\\\/qt\\\/avtochernetka\\\/\",\"name\":\"\u00abBizim ba\u015f vazifemiz olacaq Halqara forum i\u015ftirak\u00e7ileri i\u00e7\u00fcn tevsiyeler az\u0131rlamaqt\u0131r\u00bb, - dedi Endr\u00fc Vilson - \u041c\u0435\u0434\u0436\u043b\u0456\u0441\",\"isPartOf\":{\"@id\":\"https:\\\/\\\/qtmm.org\\\/qt\\\/#website\"},\"primaryImageOfPage\":{\"@id\":\"https:\\\/\\\/qtmm.org\\\/qt\\\/avtochernetka\\\/#primaryimage\"},\"image\":{\"@id\":\"https:\\\/\\\/qtmm.org\\\/qt\\\/avtochernetka\\\/#primaryimage\"},\"thumbnailUrl\":\"http:\\\/\\\/qtmm.org\\\/wp-content\\\/uploads\\\/2022\\\/01\\\/vilson.jpg\",\"datePublished\":\"2012-09-19T14:12:00+00:00\",\"dateModified\":\"2022-01-22T14:14:05+00:00\",\"breadcrumb\":{\"@id\":\"https:\\\/\\\/qtmm.org\\\/qt\\\/avtochernetka\\\/#breadcrumb\"},\"inLanguage\":\"qt\",\"potentialAction\":[{\"@type\":\"ReadAction\",\"target\":[\"https:\\\/\\\/qtmm.org\\\/qt\\\/avtochernetka\\\/\"]}]},{\"@type\":\"ImageObject\",\"inLanguage\":\"qt\",\"@id\":\"https:\\\/\\\/qtmm.org\\\/qt\\\/avtochernetka\\\/#primaryimage\",\"url\":\"http:\\\/\\\/qtmm.org\\\/wp-content\\\/uploads\\\/2022\\\/01\\\/vilson.jpg\",\"contentUrl\":\"http:\\\/\\\/qtmm.org\\\/wp-content\\\/uploads\\\/2022\\\/01\\\/vilson.jpg\"},{\"@type\":\"BreadcrumbList\",\"@id\":\"https:\\\/\\\/qtmm.org\\\/qt\\\/avtochernetka\\\/#breadcrumb\",\"itemListElement\":[{\"@type\":\"ListItem\",\"position\":1,\"name\":\"\u0413\u043e\u043b\u043e\u0432\u043d\u0430\",\"item\":\"https:\\\/\\\/qtmm.org\\\/qt\\\/\"},{\"@type\":\"ListItem\",\"position\":2,\"name\":\"\u00abBizim ba\u015f vazifemiz olacaq Halqara forum i\u015ftirak\u00e7ileri i\u00e7\u00fcn tevsiyeler az\u0131rlamaqt\u0131r\u00bb, &#8211; dedi Endr\u00fc Vilson\"}]},{\"@type\":\"WebSite\",\"@id\":\"https:\\\/\\\/qtmm.org\\\/qt\\\/#website\",\"url\":\"https:\\\/\\\/qtmm.org\\\/qt\\\/\",\"name\":\"\u041c\u0435\u0434\u0436\u043b\u0456\u0441\",\"description\":\"\",\"publisher\":{\"@id\":\"https:\\\/\\\/qtmm.org\\\/qt\\\/#organization\"},\"potentialAction\":[{\"@type\":\"SearchAction\",\"target\":{\"@type\":\"EntryPoint\",\"urlTemplate\":\"https:\\\/\\\/qtmm.org\\\/qt\\\/?s={search_term_string}\"},\"query-input\":{\"@type\":\"PropertyValueSpecification\",\"valueRequired\":true,\"valueName\":\"search_term_string\"}}],\"inLanguage\":\"qt\"},{\"@type\":\"Organization\",\"@id\":\"https:\\\/\\\/qtmm.org\\\/qt\\\/#organization\",\"name\":\"\u041c\u0435\u0434\u0436\u043b\u0456\u0441\",\"url\":\"https:\\\/\\\/qtmm.org\\\/qt\\\/\",\"logo\":{\"@type\":\"ImageObject\",\"inLanguage\":\"qt\",\"@id\":\"https:\\\/\\\/qtmm.org\\\/qt\\\/#\\\/schema\\\/logo\\\/image\\\/\",\"url\":\"https:\\\/\\\/qtmm.org\\\/wp-content\\\/uploads\\\/2024\\\/12\\\/ua-mejlis-logo-rgb.svg\",\"contentUrl\":\"https:\\\/\\\/qtmm.org\\\/wp-content\\\/uploads\\\/2024\\\/12\\\/ua-mejlis-logo-rgb.svg\",\"caption\":\"\u041c\u0435\u0434\u0436\u043b\u0456\u0441\"},\"image\":{\"@id\":\"https:\\\/\\\/qtmm.org\\\/qt\\\/#\\\/schema\\\/logo\\\/image\\\/\"},\"sameAs\":[\"https:\\\/\\\/www.facebook.com\\\/qtmm.info\\\/\"]},{\"@type\":\"Person\",\"@id\":\"https:\\\/\\\/qtmm.org\\\/qt\\\/#\\\/schema\\\/person\\\/de562469f971dec226ac06e60bbf74a7\",\"name\":\"Developer\",\"image\":{\"@type\":\"ImageObject\",\"inLanguage\":\"qt\",\"@id\":\"https:\\\/\\\/secure.gravatar.com\\\/avatar\\\/392b4cc8fbfeb00b39dfeeab4ee6edded39ffd48e25858637e4765810300227e?s=96&d=mm&r=g\",\"url\":\"https:\\\/\\\/secure.gravatar.com\\\/avatar\\\/392b4cc8fbfeb00b39dfeeab4ee6edded39ffd48e25858637e4765810300227e?s=96&d=mm&r=g\",\"contentUrl\":\"https:\\\/\\\/secure.gravatar.com\\\/avatar\\\/392b4cc8fbfeb00b39dfeeab4ee6edded39ffd48e25858637e4765810300227e?s=96&d=mm&r=g\",\"caption\":\"Developer\"},\"url\":\"https:\\\/\\\/qtmm.org\\\/qt\\\/author\\\/Developer\\\/\"}]}<\/script>\n<!-- \/ Yoast SEO plugin. -->","yoast_head_json":{"title":"\u00abBizim ba\u015f vazifemiz olacaq Halqara forum i\u015ftirak\u00e7ileri i\u00e7\u00fcn tevsiyeler az\u0131rlamaqt\u0131r\u00bb, - dedi Endr\u00fc Vilson - \u041c\u0435\u0434\u0436\u043b\u0456\u0441","robots":{"index":"index","follow":"follow","max-snippet":"max-snippet:-1","max-image-preview":"max-image-preview:large","max-video-preview":"max-video-preview:-1"},"canonical":"https:\/\/qtmm.org\/qt\/avtochernetka\/","og_locale":"en_US","og_type":"article","og_title":"\u00abBizim ba\u015f vazifemiz olacaq Halqara forum i\u015ftirak\u00e7ileri i\u00e7\u00fcn tevsiyeler az\u0131rlamaqt\u0131r\u00bb, - dedi Endr\u00fc Vilson - \u041c\u0435\u0434\u0436\u043b\u0456\u0441","og_description":"Sent\u00e2br 18 k\u00fcn\u00fc Kiyevde Meclis yolba\u015f\u00e7\u0131laor\u0131n\u0131 Ukrainadaki el\u00e7ilikler ve halqara te\u015fkil\u00e2t reberlerinen er y\u0131ll\u0131q 2-nci k\u00f6r\u00fc\u015f\u00fcvi ol\u0131p ke\u00e7ti K\u00f6r\u00fc\u015f\u00fcvde \u00e7\u0131q\u0131\u015fta bulun\u011fan Halqara forum\u011fa az\u0131rl\u0131q \u00e7er\u00e7isevinde Q\u0131r\u0131mdaki vaziyet boyunca mustaqil esabat az\u0131rla\u011fan ekspertler gruppas\u0131n\u0131\u00f1 halqara koordinator\u0131 Endr\u00fc Vilson \u015fun\u0131 qayd etti ki, so\u00f1ki 20 y\u0131l i\u00e7inde Ukraina q\u0131r\u0131mtatar halq\u0131na yard\u0131m etmek i\u00e7\u00fcn elinden kelgeni qadar t\u0131r\u0131\u015ft\u0131. [&hellip;]","og_url":"https:\/\/qtmm.org\/qt\/avtochernetka\/","og_site_name":"\u041c\u0435\u0434\u0436\u043b\u0456\u0441","article_publisher":"https:\/\/www.facebook.com\/qtmm.info\/","article_published_time":"2012-09-19T14:12:00+00:00","article_modified_time":"2022-01-22T14:14:05+00:00","og_image":[{"width":650,"height":735,"url":"https:\/\/qtmm.org\/wp-content\/uploads\/2022\/01\/vilson.jpg","type":"image\/jpeg"}],"author":"Developer","twitter_card":"summary_large_image","twitter_misc":{"Written by":"Developer","Est. reading time":"1 minute"},"schema":{"@context":"https:\/\/schema.org","@graph":[{"@type":"Article","@id":"https:\/\/qtmm.org\/qt\/avtochernetka\/#article","isPartOf":{"@id":"https:\/\/qtmm.org\/qt\/avtochernetka\/"},"author":{"name":"Developer","@id":"https:\/\/qtmm.org\/qt\/#\/schema\/person\/de562469f971dec226ac06e60bbf74a7"},"headline":"\u00abBizim ba\u015f vazifemiz olacaq Halqara forum i\u015ftirak\u00e7ileri i\u00e7\u00fcn tevsiyeler az\u0131rlamaqt\u0131r\u00bb, &#8211; dedi Endr\u00fc Vilson","datePublished":"2012-09-19T14:12:00+00:00","dateModified":"2022-01-22T14:14:05+00:00","mainEntityOfPage":{"@id":"https:\/\/qtmm.org\/qt\/avtochernetka\/"},"wordCount":229,"commentCount":0,"publisher":{"@id":"https:\/\/qtmm.org\/qt\/#organization"},"image":{"@id":"https:\/\/qtmm.org\/qt\/avtochernetka\/#primaryimage"},"thumbnailUrl":"http:\/\/qtmm.org\/wp-content\/uploads\/2022\/01\/vilson.jpg","articleSection":["Haberler"],"inLanguage":"qt","potentialAction":[{"@type":"CommentAction","name":"Comment","target":["https:\/\/qtmm.org\/qt\/avtochernetka\/#respond"]}]},{"@type":"WebPage","@id":"https:\/\/qtmm.org\/qt\/avtochernetka\/","url":"https:\/\/qtmm.org\/qt\/avtochernetka\/","name":"\u00abBizim ba\u015f vazifemiz olacaq Halqara forum i\u015ftirak\u00e7ileri i\u00e7\u00fcn tevsiyeler az\u0131rlamaqt\u0131r\u00bb, - dedi Endr\u00fc Vilson - \u041c\u0435\u0434\u0436\u043b\u0456\u0441","isPartOf":{"@id":"https:\/\/qtmm.org\/qt\/#website"},"primaryImageOfPage":{"@id":"https:\/\/qtmm.org\/qt\/avtochernetka\/#primaryimage"},"image":{"@id":"https:\/\/qtmm.org\/qt\/avtochernetka\/#primaryimage"},"thumbnailUrl":"http:\/\/qtmm.org\/wp-content\/uploads\/2022\/01\/vilson.jpg","datePublished":"2012-09-19T14:12:00+00:00","dateModified":"2022-01-22T14:14:05+00:00","breadcrumb":{"@id":"https:\/\/qtmm.org\/qt\/avtochernetka\/#breadcrumb"},"inLanguage":"qt","potentialAction":[{"@type":"ReadAction","target":["https:\/\/qtmm.org\/qt\/avtochernetka\/"]}]},{"@type":"ImageObject","inLanguage":"qt","@id":"https:\/\/qtmm.org\/qt\/avtochernetka\/#primaryimage","url":"http:\/\/qtmm.org\/wp-content\/uploads\/2022\/01\/vilson.jpg","contentUrl":"http:\/\/qtmm.org\/wp-content\/uploads\/2022\/01\/vilson.jpg"},{"@type":"BreadcrumbList","@id":"https:\/\/qtmm.org\/qt\/avtochernetka\/#breadcrumb","itemListElement":[{"@type":"ListItem","position":1,"name":"\u0413\u043e\u043b\u043e\u0432\u043d\u0430","item":"https:\/\/qtmm.org\/qt\/"},{"@type":"ListItem","position":2,"name":"\u00abBizim ba\u015f vazifemiz olacaq Halqara forum i\u015ftirak\u00e7ileri i\u00e7\u00fcn tevsiyeler az\u0131rlamaqt\u0131r\u00bb, &#8211; dedi Endr\u00fc Vilson"}]},{"@type":"WebSite","@id":"https:\/\/qtmm.org\/qt\/#website","url":"https:\/\/qtmm.org\/qt\/","name":"\u041c\u0435\u0434\u0436\u043b\u0456\u0441","description":"","publisher":{"@id":"https:\/\/qtmm.org\/qt\/#organization"},"potentialAction":[{"@type":"SearchAction","target":{"@type":"EntryPoint","urlTemplate":"https:\/\/qtmm.org\/qt\/?s={search_term_string}"},"query-input":{"@type":"PropertyValueSpecification","valueRequired":true,"valueName":"search_term_string"}}],"inLanguage":"qt"},{"@type":"Organization","@id":"https:\/\/qtmm.org\/qt\/#organization","name":"\u041c\u0435\u0434\u0436\u043b\u0456\u0441","url":"https:\/\/qtmm.org\/qt\/","logo":{"@type":"ImageObject","inLanguage":"qt","@id":"https:\/\/qtmm.org\/qt\/#\/schema\/logo\/image\/","url":"https:\/\/qtmm.org\/wp-content\/uploads\/2024\/12\/ua-mejlis-logo-rgb.svg","contentUrl":"https:\/\/qtmm.org\/wp-content\/uploads\/2024\/12\/ua-mejlis-logo-rgb.svg","caption":"\u041c\u0435\u0434\u0436\u043b\u0456\u0441"},"image":{"@id":"https:\/\/qtmm.org\/qt\/#\/schema\/logo\/image\/"},"sameAs":["https:\/\/www.facebook.com\/qtmm.info\/"]},{"@type":"Person","@id":"https:\/\/qtmm.org\/qt\/#\/schema\/person\/de562469f971dec226ac06e60bbf74a7","name":"Developer","image":{"@type":"ImageObject","inLanguage":"qt","@id":"https:\/\/secure.gravatar.com\/avatar\/392b4cc8fbfeb00b39dfeeab4ee6edded39ffd48e25858637e4765810300227e?s=96&d=mm&r=g","url":"https:\/\/secure.gravatar.com\/avatar\/392b4cc8fbfeb00b39dfeeab4ee6edded39ffd48e25858637e4765810300227e?s=96&d=mm&r=g","contentUrl":"https:\/\/secure.gravatar.com\/avatar\/392b4cc8fbfeb00b39dfeeab4ee6edded39ffd48e25858637e4765810300227e?s=96&d=mm&r=g","caption":"Developer"},"url":"https:\/\/qtmm.org\/qt\/author\/Developer\/"}]}},"_links":{"self":[{"href":"https:\/\/qtmm.org\/qt\/wp-json\/wp\/v2\/posts\/34278","targetHints":{"allow":["GET"]}}],"collection":[{"href":"https:\/\/qtmm.org\/qt\/wp-json\/wp\/v2\/posts"}],"about":[{"href":"https:\/\/qtmm.org\/qt\/wp-json\/wp\/v2\/types\/post"}],"author":[{"embeddable":true,"href":"https:\/\/qtmm.org\/qt\/wp-json\/wp\/v2\/users\/1"}],"replies":[{"embeddable":true,"href":"https:\/\/qtmm.org\/qt\/wp-json\/wp\/v2\/comments?post=34278"}],"version-history":[{"count":2,"href":"https:\/\/qtmm.org\/qt\/wp-json\/wp\/v2\/posts\/34278\/revisions"}],"predecessor-version":[{"id":34284,"href":"https:\/\/qtmm.org\/qt\/wp-json\/wp\/v2\/posts\/34278\/revisions\/34284"}],"wp:attachment":[{"href":"https:\/\/qtmm.org\/qt\/wp-json\/wp\/v2\/media?parent=34278"}],"wp:term":[{"taxonomy":"category","embeddable":true,"href":"https:\/\/qtmm.org\/qt\/wp-json\/wp\/v2\/categories?post=34278"},{"taxonomy":"post_tag","embeddable":true,"href":"https:\/\/qtmm.org\/qt\/wp-json\/wp\/v2\/tags?post=34278"}],"curies":[{"name":"wp","href":"https:\/\/api.w.org\/{rel}","templated":true}]}}