




{"id":34264,"date":"2012-09-18T17:11:00","date_gmt":"2012-09-18T14:11:00","guid":{"rendered":"http:\/\/qtmm.org\/?p=34264"},"modified":"2022-01-22T17:12:22","modified_gmt":"2022-01-22T14:12:22","slug":"meclis-yolbascilari-ukrainadaki-elcilikler-ve-akkreditatsiya-etilgen-halqara-teskilatlarinin-reberlerinen-korustiler","status":"publish","type":"post","link":"https:\/\/qtmm.org\/qt\/meclis-yolbascilari-ukrainadaki-elcilikler-ve-akkreditatsiya-etilgen-halqara-teskilatlarinin-reberlerinen-korustiler\/","title":{"rendered":"Meclis yolba\u015f\u00e7\u0131lar\u0131 Ukrainadaki el\u00e7ilikler ve akkreditatsiya etilgen halqara te\u015fkil\u00e2tlar\u0131n\u0131\u00f1 reberlerinen k\u00f6r\u00fc\u015ftiler"},"content":{"rendered":"\n<p>2012 senesi sent\u00e2br 18 k\u00fcn\u00fc Kiyevdeki &#8220;Hyatt&#8221; \u00f6telinde Q\u0131r\u0131mtatar halq\u0131 Meclisini\u00f1 yolba\u015f\u00e7\u0131lar\u0131 Ukrainadaki el\u00e7ilikler ve akkreditatsiya etilgen halqara te\u015fkil\u00e2tlar\u0131n\u0131\u00f1 reberlerinen k\u00f6r\u00fc\u015ftiler.<\/p>\n\n\n\n<p>Meclis reisi Mustafa Cemilevni\u00f1 bildirgenine k\u00f6re, er y\u0131l\u0131 ke\u00e7irilgen k\u00f6r\u00fc\u015f\u00fcvni\u00f1 ba\u015f maqsad\u0131 q\u0131r\u0131mtatar halq\u0131 ve milliy mens\u00fcpligine k\u00f6re s\u00fcrg\u00fcn etilgen diger milletlerni\u00f1 aqlar\u0131n\u0131 tiklev meselesinde Ukraina\u011fa yard\u0131m et\u00fcv boyunca halqara cemaat\u00e7\u0131l\u0131qn\u0131\u00f1 diqqat\u0131n\u0131 celp etmektir.<\/p>\n\n\n\n<p>&#8220;K\u00f6r\u00fc\u015f\u00fcvde muzakere etilgen esas mesele Q\u0131r\u0131mtatar halq\u0131n\u0131\u00f1 \u00f6z vatan\u0131nda aqlar\u0131n\u0131 \u011fayr\u0131dan tiklev, Ukrainada on\u0131\u00f1 tel\u00fckesizligi ve inki\u015faf\u0131n\u0131 teminlev boyunca halqara forum ke\u00e7irilmesini\u00f1 \u011fayesi old\u0131&#8221;, &#8211; dedi M. Cemilev ve Meclisni\u00f1 el\u00e7ilikler ve halqara te\u015fkil\u00e2t yolba\u015f\u00e7\u0131lar\u0131nen birinci k\u00f6r\u00fc\u015f\u00fcv ke\u00e7ken seneni\u00f1 okt\u00e2br 5-nde ol\u0131p ke\u00e7kenini hat\u0131rlatt\u0131.<\/p>\n\n\n\n<figure class=\"wp-block-image size-full\"><img loading=\"lazy\" decoding=\"async\" width=\"650\" height=\"828\" src=\"http:\/\/qtmm.org\/wp-content\/uploads\/2022\/01\/wss_4559.jpeg\" alt=\"\" class=\"wp-image-34269\" srcset=\"https:\/\/qtmm.org\/wp-content\/uploads\/2022\/01\/wss_4559.jpeg 650w, https:\/\/qtmm.org\/wp-content\/uploads\/2022\/01\/wss_4559-236x300.jpeg 236w\" sizes=\"auto, (max-width: 650px) 100vw, 650px\" \/><\/figure>\n\n\n\n<p>Q\u0131r\u0131mtatar halq\u0131 Meclisi yolba\u015f\u00e7\u0131lar\u0131n\u0131\u00f1 Ukrainadaki el\u00e7ilikler ve akkreditatsiya etilgen halqara te\u015fkil\u00e2tlar\u0131n\u0131\u00f1 reberlerinen k\u00f6r\u00fc\u015f\u00fcvinde Meclis reisi, Ukraina halq deputat\u0131 Mustafa Cemilev, B\u00fct\u00fcnd\u00fcnya q\u0131r\u0131mtatarlar kongressini\u00f1 prezidenti, Q\u0131r\u0131m Yuqar\u0131 \u015euras\u0131n\u0131\u00f1 deputat\u0131 Refat \u00c7ubarov, Q\u0131r\u0131m Nazirler \u015euras\u0131n\u0131\u00f1 reisi Anatoliy Mogil\u00f6v, &#8220;Q\u0131r\u0131m inki\u015faf\u0131 vaquf\u0131&#8221; hayriye te\u015fkil\u00e2t\u0131n\u0131\u00f1 prezidenti Rustem \u00dcmerov, OSCE Aliy Komissar\u0131n\u0131\u00f1 mesleat\u00e7\u0131s\u0131 Aleksandr Vinnikov, Halqara Forum\u011fa az\u0131rl\u0131q \u00e7er\u00e7ivesinde Q\u0131r\u0131mdaki vaziyet aqq\u0131nda esabat az\u0131rlav boyunca mustaqil ekspertler gruppas\u0131n\u0131\u00f1 halqara koordinator\u0131 Endr\u00fc Vilson \u00e7\u0131q\u0131\u015fta bulund\u0131lar.<\/p>\n\n\n\n<p>18 sent\u00e2br k\u00f6r\u00fc\u015f\u00fcvine bun\u0131\u00f1 kibi de Ukraina Prezidenti Memuriyetini\u00f1 vekilleri, Prezitentni\u00f1 Q\u0131r\u0131mdaki daimiy temsilcisi Viktor Plakida, Ukraina t\u0131\u015fq\u0131 i\u015fler nazirligi hadimleri ve Ukraina i\u00e7timaiy siyaset naziri davet etildiler.<\/p>\n\n\n\n<p>K\u00f6r\u00fc\u015f\u00fcv &#8220;Q\u0131r\u0131m inki\u015faf\u0131 vaquf\u0131&#8221; hayriye te\u015fkil\u00e2t\u0131n\u0131\u00f1 qoltutuv\u0131nda ke\u00e7irildi.<\/p>\n\n\n\n<figure class=\"wp-block-image size-full\"><img loading=\"lazy\" decoding=\"async\" width=\"648\" height=\"334\" src=\"http:\/\/qtmm.org\/wp-content\/uploads\/2022\/01\/wss_4621.jpeg\" alt=\"\" class=\"wp-image-34273\" srcset=\"https:\/\/qtmm.org\/wp-content\/uploads\/2022\/01\/wss_4621.jpeg 648w, https:\/\/qtmm.org\/wp-content\/uploads\/2022\/01\/wss_4621-300x155.jpeg 300w\" sizes=\"auto, (max-width: 648px) 100vw, 648px\" \/><\/figure>\n","protected":false},"excerpt":{"rendered":"<p>2012 senesi sent\u00e2br 18 k\u00fcn\u00fc Kiyevdeki &#8220;Hyatt&#8221; \u00f6telinde Q\u0131r\u0131mtatar halq\u0131 Meclisini\u00f1 yolba\u015f\u00e7\u0131lar\u0131 Ukrainadaki el\u00e7ilikler ve akkreditatsiya etilgen halqara te\u015fkil\u00e2tlar\u0131n\u0131\u00f1 reberlerinen k\u00f6r\u00fc\u015ftiler. Meclis reisi Mustafa Cemilevni\u00f1 bildirgenine k\u00f6re, er y\u0131l\u0131 ke\u00e7irilgen k\u00f6r\u00fc\u015f\u00fcvni\u00f1 ba\u015f maqsad\u0131 q\u0131r\u0131mtatar halq\u0131 ve milliy mens\u00fcpligine k\u00f6re s\u00fcrg\u00fcn etilgen diger milletlerni\u00f1 aqlar\u0131n\u0131 tiklev meselesinde Ukraina\u011fa yard\u0131m et\u00fcv boyunca halqara cemaat\u00e7\u0131l\u0131qn\u0131\u00f1 diqqat\u0131n\u0131 celp etmektir. [&hellip;]<\/p>\n","protected":false},"author":1,"featured_media":34265,"comment_status":"open","ping_status":"open","sticky":false,"template":"","format":"standard","meta":{"inline_featured_image":false,"footnotes":""},"categories":[265],"tags":[],"class_list":["post-34264","post","type-post","status-publish","format-standard","has-post-thumbnail","hentry","category-haberler"],"acf":[],"yoast_head":"<!-- This site is optimized with the Yoast SEO plugin v27.4 - https:\/\/yoast.com\/product\/yoast-seo-wordpress\/ -->\n<title>Meclis yolba\u015f\u00e7\u0131lar\u0131 Ukrainadaki el\u00e7ilikler ve akkreditatsiya etilgen halqara te\u015fkil\u00e2tlar\u0131n\u0131\u00f1 reberlerinen k\u00f6r\u00fc\u015ftiler - \u041c\u0435\u0434\u0436\u043b\u0456\u0441<\/title>\n<meta name=\"robots\" content=\"index, follow, max-snippet:-1, max-image-preview:large, max-video-preview:-1\" \/>\n<link rel=\"canonical\" href=\"https:\/\/qtmm.org\/qt\/meclis-yolbascilari-ukrainadaki-elcilikler-ve-akkreditatsiya-etilgen-halqara-teskilatlarinin-reberlerinen-korustiler\/\" \/>\n<meta property=\"og:locale\" content=\"en_US\" \/>\n<meta property=\"og:type\" content=\"article\" \/>\n<meta property=\"og:title\" content=\"Meclis yolba\u015f\u00e7\u0131lar\u0131 Ukrainadaki el\u00e7ilikler ve akkreditatsiya etilgen halqara te\u015fkil\u00e2tlar\u0131n\u0131\u00f1 reberlerinen k\u00f6r\u00fc\u015ftiler - \u041c\u0435\u0434\u0436\u043b\u0456\u0441\" \/>\n<meta property=\"og:description\" content=\"2012 senesi sent\u00e2br 18 k\u00fcn\u00fc Kiyevdeki &#8220;Hyatt&#8221; \u00f6telinde Q\u0131r\u0131mtatar halq\u0131 Meclisini\u00f1 yolba\u015f\u00e7\u0131lar\u0131 Ukrainadaki el\u00e7ilikler ve akkreditatsiya etilgen halqara te\u015fkil\u00e2tlar\u0131n\u0131\u00f1 reberlerinen k\u00f6r\u00fc\u015ftiler. Meclis reisi Mustafa Cemilevni\u00f1 bildirgenine k\u00f6re, er y\u0131l\u0131 ke\u00e7irilgen k\u00f6r\u00fc\u015f\u00fcvni\u00f1 ba\u015f maqsad\u0131 q\u0131r\u0131mtatar halq\u0131 ve milliy mens\u00fcpligine k\u00f6re s\u00fcrg\u00fcn etilgen diger milletlerni\u00f1 aqlar\u0131n\u0131 tiklev meselesinde Ukraina\u011fa yard\u0131m et\u00fcv boyunca halqara cemaat\u00e7\u0131l\u0131qn\u0131\u00f1 diqqat\u0131n\u0131 celp etmektir. [&hellip;]\" \/>\n<meta property=\"og:url\" content=\"https:\/\/qtmm.org\/qt\/meclis-yolbascilari-ukrainadaki-elcilikler-ve-akkreditatsiya-etilgen-halqara-teskilatlarinin-reberlerinen-korustiler\/\" \/>\n<meta property=\"og:site_name\" content=\"\u041c\u0435\u0434\u0436\u043b\u0456\u0441\" \/>\n<meta property=\"article:publisher\" content=\"https:\/\/www.facebook.com\/qtmm.info\/\" \/>\n<meta property=\"article:published_time\" content=\"2012-09-18T14:11:00+00:00\" \/>\n<meta property=\"article:modified_time\" content=\"2022-01-22T14:12:22+00:00\" \/>\n<meta property=\"og:image\" content=\"https:\/\/qtmm.org\/wp-content\/uploads\/2022\/01\/topnews_itogovaya_info_po_vstreche.jpeg\" \/>\n\t<meta property=\"og:image:width\" content=\"670\" \/>\n\t<meta property=\"og:image:height\" content=\"310\" \/>\n\t<meta property=\"og:image:type\" content=\"image\/jpeg\" \/>\n<meta name=\"author\" content=\"Developer\" \/>\n<meta name=\"twitter:card\" content=\"summary_large_image\" \/>\n<meta name=\"twitter:label1\" content=\"Written by\" \/>\n\t<meta name=\"twitter:data1\" content=\"Developer\" \/>\n\t<meta name=\"twitter:label2\" content=\"Est. reading time\" \/>\n\t<meta name=\"twitter:data2\" content=\"2 minutes\" \/>\n<script type=\"application\/ld+json\" class=\"yoast-schema-graph\">{\"@context\":\"https:\\\/\\\/schema.org\",\"@graph\":[{\"@type\":\"Article\",\"@id\":\"https:\\\/\\\/qtmm.org\\\/qt\\\/meclis-yolbascilari-ukrainadaki-elcilikler-ve-akkreditatsiya-etilgen-halqara-teskilatlarinin-reberlerinen-korustiler\\\/#article\",\"isPartOf\":{\"@id\":\"https:\\\/\\\/qtmm.org\\\/qt\\\/meclis-yolbascilari-ukrainadaki-elcilikler-ve-akkreditatsiya-etilgen-halqara-teskilatlarinin-reberlerinen-korustiler\\\/\"},\"author\":{\"name\":\"Developer\",\"@id\":\"https:\\\/\\\/qtmm.org\\\/qt\\\/#\\\/schema\\\/person\\\/de562469f971dec226ac06e60bbf74a7\"},\"headline\":\"Meclis yolba\u015f\u00e7\u0131lar\u0131 Ukrainadaki el\u00e7ilikler ve akkreditatsiya etilgen halqara te\u015fkil\u00e2tlar\u0131n\u0131\u00f1 reberlerinen k\u00f6r\u00fc\u015ftiler\",\"datePublished\":\"2012-09-18T14:11:00+00:00\",\"dateModified\":\"2022-01-22T14:12:22+00:00\",\"mainEntityOfPage\":{\"@id\":\"https:\\\/\\\/qtmm.org\\\/qt\\\/meclis-yolbascilari-ukrainadaki-elcilikler-ve-akkreditatsiya-etilgen-halqara-teskilatlarinin-reberlerinen-korustiler\\\/\"},\"wordCount\":331,\"commentCount\":0,\"publisher\":{\"@id\":\"https:\\\/\\\/qtmm.org\\\/qt\\\/#organization\"},\"image\":{\"@id\":\"https:\\\/\\\/qtmm.org\\\/qt\\\/meclis-yolbascilari-ukrainadaki-elcilikler-ve-akkreditatsiya-etilgen-halqara-teskilatlarinin-reberlerinen-korustiler\\\/#primaryimage\"},\"thumbnailUrl\":\"https:\\\/\\\/qtmm.org\\\/wp-content\\\/uploads\\\/2022\\\/01\\\/topnews_itogovaya_info_po_vstreche.jpeg\",\"articleSection\":[\"Haberler\"],\"inLanguage\":\"qt\",\"potentialAction\":[{\"@type\":\"CommentAction\",\"name\":\"Comment\",\"target\":[\"https:\\\/\\\/qtmm.org\\\/qt\\\/meclis-yolbascilari-ukrainadaki-elcilikler-ve-akkreditatsiya-etilgen-halqara-teskilatlarinin-reberlerinen-korustiler\\\/#respond\"]}]},{\"@type\":\"WebPage\",\"@id\":\"https:\\\/\\\/qtmm.org\\\/qt\\\/meclis-yolbascilari-ukrainadaki-elcilikler-ve-akkreditatsiya-etilgen-halqara-teskilatlarinin-reberlerinen-korustiler\\\/\",\"url\":\"https:\\\/\\\/qtmm.org\\\/qt\\\/meclis-yolbascilari-ukrainadaki-elcilikler-ve-akkreditatsiya-etilgen-halqara-teskilatlarinin-reberlerinen-korustiler\\\/\",\"name\":\"Meclis yolba\u015f\u00e7\u0131lar\u0131 Ukrainadaki el\u00e7ilikler ve akkreditatsiya etilgen halqara te\u015fkil\u00e2tlar\u0131n\u0131\u00f1 reberlerinen k\u00f6r\u00fc\u015ftiler - \u041c\u0435\u0434\u0436\u043b\u0456\u0441\",\"isPartOf\":{\"@id\":\"https:\\\/\\\/qtmm.org\\\/qt\\\/#website\"},\"primaryImageOfPage\":{\"@id\":\"https:\\\/\\\/qtmm.org\\\/qt\\\/meclis-yolbascilari-ukrainadaki-elcilikler-ve-akkreditatsiya-etilgen-halqara-teskilatlarinin-reberlerinen-korustiler\\\/#primaryimage\"},\"image\":{\"@id\":\"https:\\\/\\\/qtmm.org\\\/qt\\\/meclis-yolbascilari-ukrainadaki-elcilikler-ve-akkreditatsiya-etilgen-halqara-teskilatlarinin-reberlerinen-korustiler\\\/#primaryimage\"},\"thumbnailUrl\":\"https:\\\/\\\/qtmm.org\\\/wp-content\\\/uploads\\\/2022\\\/01\\\/topnews_itogovaya_info_po_vstreche.jpeg\",\"datePublished\":\"2012-09-18T14:11:00+00:00\",\"dateModified\":\"2022-01-22T14:12:22+00:00\",\"breadcrumb\":{\"@id\":\"https:\\\/\\\/qtmm.org\\\/qt\\\/meclis-yolbascilari-ukrainadaki-elcilikler-ve-akkreditatsiya-etilgen-halqara-teskilatlarinin-reberlerinen-korustiler\\\/#breadcrumb\"},\"inLanguage\":\"qt\",\"potentialAction\":[{\"@type\":\"ReadAction\",\"target\":[\"https:\\\/\\\/qtmm.org\\\/qt\\\/meclis-yolbascilari-ukrainadaki-elcilikler-ve-akkreditatsiya-etilgen-halqara-teskilatlarinin-reberlerinen-korustiler\\\/\"]}]},{\"@type\":\"ImageObject\",\"inLanguage\":\"qt\",\"@id\":\"https:\\\/\\\/qtmm.org\\\/qt\\\/meclis-yolbascilari-ukrainadaki-elcilikler-ve-akkreditatsiya-etilgen-halqara-teskilatlarinin-reberlerinen-korustiler\\\/#primaryimage\",\"url\":\"https:\\\/\\\/qtmm.org\\\/wp-content\\\/uploads\\\/2022\\\/01\\\/topnews_itogovaya_info_po_vstreche.jpeg\",\"contentUrl\":\"https:\\\/\\\/qtmm.org\\\/wp-content\\\/uploads\\\/2022\\\/01\\\/topnews_itogovaya_info_po_vstreche.jpeg\",\"width\":670,\"height\":310},{\"@type\":\"BreadcrumbList\",\"@id\":\"https:\\\/\\\/qtmm.org\\\/qt\\\/meclis-yolbascilari-ukrainadaki-elcilikler-ve-akkreditatsiya-etilgen-halqara-teskilatlarinin-reberlerinen-korustiler\\\/#breadcrumb\",\"itemListElement\":[{\"@type\":\"ListItem\",\"position\":1,\"name\":\"\u0413\u043e\u043b\u043e\u0432\u043d\u0430\",\"item\":\"https:\\\/\\\/qtmm.org\\\/qt\\\/\"},{\"@type\":\"ListItem\",\"position\":2,\"name\":\"Meclis yolba\u015f\u00e7\u0131lar\u0131 Ukrainadaki el\u00e7ilikler ve akkreditatsiya etilgen halqara te\u015fkil\u00e2tlar\u0131n\u0131\u00f1 reberlerinen k\u00f6r\u00fc\u015ftiler\"}]},{\"@type\":\"WebSite\",\"@id\":\"https:\\\/\\\/qtmm.org\\\/qt\\\/#website\",\"url\":\"https:\\\/\\\/qtmm.org\\\/qt\\\/\",\"name\":\"\u041c\u0435\u0434\u0436\u043b\u0456\u0441\",\"description\":\"\",\"publisher\":{\"@id\":\"https:\\\/\\\/qtmm.org\\\/qt\\\/#organization\"},\"potentialAction\":[{\"@type\":\"SearchAction\",\"target\":{\"@type\":\"EntryPoint\",\"urlTemplate\":\"https:\\\/\\\/qtmm.org\\\/qt\\\/?s={search_term_string}\"},\"query-input\":{\"@type\":\"PropertyValueSpecification\",\"valueRequired\":true,\"valueName\":\"search_term_string\"}}],\"inLanguage\":\"qt\"},{\"@type\":\"Organization\",\"@id\":\"https:\\\/\\\/qtmm.org\\\/qt\\\/#organization\",\"name\":\"\u041c\u0435\u0434\u0436\u043b\u0456\u0441\",\"url\":\"https:\\\/\\\/qtmm.org\\\/qt\\\/\",\"logo\":{\"@type\":\"ImageObject\",\"inLanguage\":\"qt\",\"@id\":\"https:\\\/\\\/qtmm.org\\\/qt\\\/#\\\/schema\\\/logo\\\/image\\\/\",\"url\":\"https:\\\/\\\/qtmm.org\\\/wp-content\\\/uploads\\\/2024\\\/12\\\/ua-mejlis-logo-rgb.svg\",\"contentUrl\":\"https:\\\/\\\/qtmm.org\\\/wp-content\\\/uploads\\\/2024\\\/12\\\/ua-mejlis-logo-rgb.svg\",\"caption\":\"\u041c\u0435\u0434\u0436\u043b\u0456\u0441\"},\"image\":{\"@id\":\"https:\\\/\\\/qtmm.org\\\/qt\\\/#\\\/schema\\\/logo\\\/image\\\/\"},\"sameAs\":[\"https:\\\/\\\/www.facebook.com\\\/qtmm.info\\\/\"]},{\"@type\":\"Person\",\"@id\":\"https:\\\/\\\/qtmm.org\\\/qt\\\/#\\\/schema\\\/person\\\/de562469f971dec226ac06e60bbf74a7\",\"name\":\"Developer\",\"image\":{\"@type\":\"ImageObject\",\"inLanguage\":\"qt\",\"@id\":\"https:\\\/\\\/secure.gravatar.com\\\/avatar\\\/392b4cc8fbfeb00b39dfeeab4ee6edded39ffd48e25858637e4765810300227e?s=96&d=mm&r=g\",\"url\":\"https:\\\/\\\/secure.gravatar.com\\\/avatar\\\/392b4cc8fbfeb00b39dfeeab4ee6edded39ffd48e25858637e4765810300227e?s=96&d=mm&r=g\",\"contentUrl\":\"https:\\\/\\\/secure.gravatar.com\\\/avatar\\\/392b4cc8fbfeb00b39dfeeab4ee6edded39ffd48e25858637e4765810300227e?s=96&d=mm&r=g\",\"caption\":\"Developer\"},\"url\":\"https:\\\/\\\/qtmm.org\\\/qt\\\/author\\\/Developer\\\/\"}]}<\/script>\n<!-- \/ Yoast SEO plugin. -->","yoast_head_json":{"title":"Meclis yolba\u015f\u00e7\u0131lar\u0131 Ukrainadaki el\u00e7ilikler ve akkreditatsiya etilgen halqara te\u015fkil\u00e2tlar\u0131n\u0131\u00f1 reberlerinen k\u00f6r\u00fc\u015ftiler - \u041c\u0435\u0434\u0436\u043b\u0456\u0441","robots":{"index":"index","follow":"follow","max-snippet":"max-snippet:-1","max-image-preview":"max-image-preview:large","max-video-preview":"max-video-preview:-1"},"canonical":"https:\/\/qtmm.org\/qt\/meclis-yolbascilari-ukrainadaki-elcilikler-ve-akkreditatsiya-etilgen-halqara-teskilatlarinin-reberlerinen-korustiler\/","og_locale":"en_US","og_type":"article","og_title":"Meclis yolba\u015f\u00e7\u0131lar\u0131 Ukrainadaki el\u00e7ilikler ve akkreditatsiya etilgen halqara te\u015fkil\u00e2tlar\u0131n\u0131\u00f1 reberlerinen k\u00f6r\u00fc\u015ftiler - \u041c\u0435\u0434\u0436\u043b\u0456\u0441","og_description":"2012 senesi sent\u00e2br 18 k\u00fcn\u00fc Kiyevdeki &#8220;Hyatt&#8221; \u00f6telinde Q\u0131r\u0131mtatar halq\u0131 Meclisini\u00f1 yolba\u015f\u00e7\u0131lar\u0131 Ukrainadaki el\u00e7ilikler ve akkreditatsiya etilgen halqara te\u015fkil\u00e2tlar\u0131n\u0131\u00f1 reberlerinen k\u00f6r\u00fc\u015ftiler. Meclis reisi Mustafa Cemilevni\u00f1 bildirgenine k\u00f6re, er y\u0131l\u0131 ke\u00e7irilgen k\u00f6r\u00fc\u015f\u00fcvni\u00f1 ba\u015f maqsad\u0131 q\u0131r\u0131mtatar halq\u0131 ve milliy mens\u00fcpligine k\u00f6re s\u00fcrg\u00fcn etilgen diger milletlerni\u00f1 aqlar\u0131n\u0131 tiklev meselesinde Ukraina\u011fa yard\u0131m et\u00fcv boyunca halqara cemaat\u00e7\u0131l\u0131qn\u0131\u00f1 diqqat\u0131n\u0131 celp etmektir. [&hellip;]","og_url":"https:\/\/qtmm.org\/qt\/meclis-yolbascilari-ukrainadaki-elcilikler-ve-akkreditatsiya-etilgen-halqara-teskilatlarinin-reberlerinen-korustiler\/","og_site_name":"\u041c\u0435\u0434\u0436\u043b\u0456\u0441","article_publisher":"https:\/\/www.facebook.com\/qtmm.info\/","article_published_time":"2012-09-18T14:11:00+00:00","article_modified_time":"2022-01-22T14:12:22+00:00","og_image":[{"width":670,"height":310,"url":"https:\/\/qtmm.org\/wp-content\/uploads\/2022\/01\/topnews_itogovaya_info_po_vstreche.jpeg","type":"image\/jpeg"}],"author":"Developer","twitter_card":"summary_large_image","twitter_misc":{"Written by":"Developer","Est. reading time":"2 minutes"},"schema":{"@context":"https:\/\/schema.org","@graph":[{"@type":"Article","@id":"https:\/\/qtmm.org\/qt\/meclis-yolbascilari-ukrainadaki-elcilikler-ve-akkreditatsiya-etilgen-halqara-teskilatlarinin-reberlerinen-korustiler\/#article","isPartOf":{"@id":"https:\/\/qtmm.org\/qt\/meclis-yolbascilari-ukrainadaki-elcilikler-ve-akkreditatsiya-etilgen-halqara-teskilatlarinin-reberlerinen-korustiler\/"},"author":{"name":"Developer","@id":"https:\/\/qtmm.org\/qt\/#\/schema\/person\/de562469f971dec226ac06e60bbf74a7"},"headline":"Meclis yolba\u015f\u00e7\u0131lar\u0131 Ukrainadaki el\u00e7ilikler ve akkreditatsiya etilgen halqara te\u015fkil\u00e2tlar\u0131n\u0131\u00f1 reberlerinen k\u00f6r\u00fc\u015ftiler","datePublished":"2012-09-18T14:11:00+00:00","dateModified":"2022-01-22T14:12:22+00:00","mainEntityOfPage":{"@id":"https:\/\/qtmm.org\/qt\/meclis-yolbascilari-ukrainadaki-elcilikler-ve-akkreditatsiya-etilgen-halqara-teskilatlarinin-reberlerinen-korustiler\/"},"wordCount":331,"commentCount":0,"publisher":{"@id":"https:\/\/qtmm.org\/qt\/#organization"},"image":{"@id":"https:\/\/qtmm.org\/qt\/meclis-yolbascilari-ukrainadaki-elcilikler-ve-akkreditatsiya-etilgen-halqara-teskilatlarinin-reberlerinen-korustiler\/#primaryimage"},"thumbnailUrl":"https:\/\/qtmm.org\/wp-content\/uploads\/2022\/01\/topnews_itogovaya_info_po_vstreche.jpeg","articleSection":["Haberler"],"inLanguage":"qt","potentialAction":[{"@type":"CommentAction","name":"Comment","target":["https:\/\/qtmm.org\/qt\/meclis-yolbascilari-ukrainadaki-elcilikler-ve-akkreditatsiya-etilgen-halqara-teskilatlarinin-reberlerinen-korustiler\/#respond"]}]},{"@type":"WebPage","@id":"https:\/\/qtmm.org\/qt\/meclis-yolbascilari-ukrainadaki-elcilikler-ve-akkreditatsiya-etilgen-halqara-teskilatlarinin-reberlerinen-korustiler\/","url":"https:\/\/qtmm.org\/qt\/meclis-yolbascilari-ukrainadaki-elcilikler-ve-akkreditatsiya-etilgen-halqara-teskilatlarinin-reberlerinen-korustiler\/","name":"Meclis yolba\u015f\u00e7\u0131lar\u0131 Ukrainadaki el\u00e7ilikler ve akkreditatsiya etilgen halqara te\u015fkil\u00e2tlar\u0131n\u0131\u00f1 reberlerinen k\u00f6r\u00fc\u015ftiler - \u041c\u0435\u0434\u0436\u043b\u0456\u0441","isPartOf":{"@id":"https:\/\/qtmm.org\/qt\/#website"},"primaryImageOfPage":{"@id":"https:\/\/qtmm.org\/qt\/meclis-yolbascilari-ukrainadaki-elcilikler-ve-akkreditatsiya-etilgen-halqara-teskilatlarinin-reberlerinen-korustiler\/#primaryimage"},"image":{"@id":"https:\/\/qtmm.org\/qt\/meclis-yolbascilari-ukrainadaki-elcilikler-ve-akkreditatsiya-etilgen-halqara-teskilatlarinin-reberlerinen-korustiler\/#primaryimage"},"thumbnailUrl":"https:\/\/qtmm.org\/wp-content\/uploads\/2022\/01\/topnews_itogovaya_info_po_vstreche.jpeg","datePublished":"2012-09-18T14:11:00+00:00","dateModified":"2022-01-22T14:12:22+00:00","breadcrumb":{"@id":"https:\/\/qtmm.org\/qt\/meclis-yolbascilari-ukrainadaki-elcilikler-ve-akkreditatsiya-etilgen-halqara-teskilatlarinin-reberlerinen-korustiler\/#breadcrumb"},"inLanguage":"qt","potentialAction":[{"@type":"ReadAction","target":["https:\/\/qtmm.org\/qt\/meclis-yolbascilari-ukrainadaki-elcilikler-ve-akkreditatsiya-etilgen-halqara-teskilatlarinin-reberlerinen-korustiler\/"]}]},{"@type":"ImageObject","inLanguage":"qt","@id":"https:\/\/qtmm.org\/qt\/meclis-yolbascilari-ukrainadaki-elcilikler-ve-akkreditatsiya-etilgen-halqara-teskilatlarinin-reberlerinen-korustiler\/#primaryimage","url":"https:\/\/qtmm.org\/wp-content\/uploads\/2022\/01\/topnews_itogovaya_info_po_vstreche.jpeg","contentUrl":"https:\/\/qtmm.org\/wp-content\/uploads\/2022\/01\/topnews_itogovaya_info_po_vstreche.jpeg","width":670,"height":310},{"@type":"BreadcrumbList","@id":"https:\/\/qtmm.org\/qt\/meclis-yolbascilari-ukrainadaki-elcilikler-ve-akkreditatsiya-etilgen-halqara-teskilatlarinin-reberlerinen-korustiler\/#breadcrumb","itemListElement":[{"@type":"ListItem","position":1,"name":"\u0413\u043e\u043b\u043e\u0432\u043d\u0430","item":"https:\/\/qtmm.org\/qt\/"},{"@type":"ListItem","position":2,"name":"Meclis yolba\u015f\u00e7\u0131lar\u0131 Ukrainadaki el\u00e7ilikler ve akkreditatsiya etilgen halqara te\u015fkil\u00e2tlar\u0131n\u0131\u00f1 reberlerinen k\u00f6r\u00fc\u015ftiler"}]},{"@type":"WebSite","@id":"https:\/\/qtmm.org\/qt\/#website","url":"https:\/\/qtmm.org\/qt\/","name":"\u041c\u0435\u0434\u0436\u043b\u0456\u0441","description":"","publisher":{"@id":"https:\/\/qtmm.org\/qt\/#organization"},"potentialAction":[{"@type":"SearchAction","target":{"@type":"EntryPoint","urlTemplate":"https:\/\/qtmm.org\/qt\/?s={search_term_string}"},"query-input":{"@type":"PropertyValueSpecification","valueRequired":true,"valueName":"search_term_string"}}],"inLanguage":"qt"},{"@type":"Organization","@id":"https:\/\/qtmm.org\/qt\/#organization","name":"\u041c\u0435\u0434\u0436\u043b\u0456\u0441","url":"https:\/\/qtmm.org\/qt\/","logo":{"@type":"ImageObject","inLanguage":"qt","@id":"https:\/\/qtmm.org\/qt\/#\/schema\/logo\/image\/","url":"https:\/\/qtmm.org\/wp-content\/uploads\/2024\/12\/ua-mejlis-logo-rgb.svg","contentUrl":"https:\/\/qtmm.org\/wp-content\/uploads\/2024\/12\/ua-mejlis-logo-rgb.svg","caption":"\u041c\u0435\u0434\u0436\u043b\u0456\u0441"},"image":{"@id":"https:\/\/qtmm.org\/qt\/#\/schema\/logo\/image\/"},"sameAs":["https:\/\/www.facebook.com\/qtmm.info\/"]},{"@type":"Person","@id":"https:\/\/qtmm.org\/qt\/#\/schema\/person\/de562469f971dec226ac06e60bbf74a7","name":"Developer","image":{"@type":"ImageObject","inLanguage":"qt","@id":"https:\/\/secure.gravatar.com\/avatar\/392b4cc8fbfeb00b39dfeeab4ee6edded39ffd48e25858637e4765810300227e?s=96&d=mm&r=g","url":"https:\/\/secure.gravatar.com\/avatar\/392b4cc8fbfeb00b39dfeeab4ee6edded39ffd48e25858637e4765810300227e?s=96&d=mm&r=g","contentUrl":"https:\/\/secure.gravatar.com\/avatar\/392b4cc8fbfeb00b39dfeeab4ee6edded39ffd48e25858637e4765810300227e?s=96&d=mm&r=g","caption":"Developer"},"url":"https:\/\/qtmm.org\/qt\/author\/Developer\/"}]}},"_links":{"self":[{"href":"https:\/\/qtmm.org\/qt\/wp-json\/wp\/v2\/posts\/34264","targetHints":{"allow":["GET"]}}],"collection":[{"href":"https:\/\/qtmm.org\/qt\/wp-json\/wp\/v2\/posts"}],"about":[{"href":"https:\/\/qtmm.org\/qt\/wp-json\/wp\/v2\/types\/post"}],"author":[{"embeddable":true,"href":"https:\/\/qtmm.org\/qt\/wp-json\/wp\/v2\/users\/1"}],"replies":[{"embeddable":true,"href":"https:\/\/qtmm.org\/qt\/wp-json\/wp\/v2\/comments?post=34264"}],"version-history":[{"count":1,"href":"https:\/\/qtmm.org\/qt\/wp-json\/wp\/v2\/posts\/34264\/revisions"}],"predecessor-version":[{"id":34277,"href":"https:\/\/qtmm.org\/qt\/wp-json\/wp\/v2\/posts\/34264\/revisions\/34277"}],"wp:featuredmedia":[{"embeddable":true,"href":"https:\/\/qtmm.org\/qt\/wp-json\/wp\/v2\/media\/34265"}],"wp:attachment":[{"href":"https:\/\/qtmm.org\/qt\/wp-json\/wp\/v2\/media?parent=34264"}],"wp:term":[{"taxonomy":"category","embeddable":true,"href":"https:\/\/qtmm.org\/qt\/wp-json\/wp\/v2\/categories?post=34264"},{"taxonomy":"post_tag","embeddable":true,"href":"https:\/\/qtmm.org\/qt\/wp-json\/wp\/v2\/tags?post=34264"}],"curies":[{"name":"wp","href":"https:\/\/api.w.org\/{rel}","templated":true}]}}