




{"id":34254,"date":"2012-09-18T17:09:00","date_gmt":"2012-09-18T14:09:00","guid":{"rendered":"http:\/\/qtmm.org\/?p=34254"},"modified":"2022-01-22T17:10:45","modified_gmt":"2022-01-22T14:10:45","slug":"meclis-reisi-m-cemilevnin-kiyevde-akkreditatsiya-etilgen-diplomatlarnen-korusuvde-ciqisi","status":"publish","type":"post","link":"https:\/\/qtmm.org\/qt\/meclis-reisi-m-cemilevnin-kiyevde-akkreditatsiya-etilgen-diplomatlarnen-korusuvde-ciqisi\/","title":{"rendered":"Meclis reisi M.Cemilevni\u00f1 Kiyevde akkreditatsiya etilgen diplomatlarnen k\u00f6r\u00fc\u015f\u00fcvde \u00e7\u0131q\u0131\u015f\u0131"},"content":{"rendered":"\n<p class=\"has-text-align-center\"><strong>Bizim devletimizde akkreditatsiya etilgen diplomatik missiya ve halqara te\u015fkil\u00e2tlarn\u0131\u00f1 \u00e7oqsay\u0131\u011f\u0131l\u0131 yolba\u015f\u00e7\u0131lar\u0131 ve temsilcileri!<\/strong><\/p>\n\n\n\n<p class=\"has-text-align-center\"><strong>Cenaplar ve han\u0131mlar!<\/strong><\/p>\n\n\n\n<p>Bundan tamam bir y\u0131l evelsi 2011 senesi okt\u00e2br ay\u0131n\u0131\u00f1 ba\u015f\u0131nda ayn\u0131 \u015fu binada biz Kiyevde akkreditatsiya etilgen Avropan\u0131\u00f1 yetek\u00e7i devletleri, Amerika ve Kanadan\u0131\u00f1 Ukrainadaki el\u00e7ilikleri, ve sovet rejimi taraf\u0131ndan \u00f6z yurtlar\u0131ndan marum etilgen halqlarn\u0131\u00f1 meselelerini \u00e7ez\u00fcv ve cinaiy s\u00fcrg\u00fcnlikni\u00f1 aqibetlerini yoq et\u00fcv i\u015fine celp etilgen halqara te\u015fkil\u00e2tlar\u0131n\u0131\u00f1 vekillerinen k\u00f6r\u00fc\u015fken edik.<\/p>\n\n\n\n<p>\u015eun\u0131 memn\u00fcnliknen qayd etmek isterdim ki, o k\u00f6r\u00fc\u015f\u00fcvde OSCE imayesinde q\u0131r\u0131mtatar halq\u0131 ve Ukraina topraqlar\u0131ndan ekinci d\u00fcnya cenki devrinde s\u00fcrg\u00fcn etilgen milliy gruppalarn\u0131\u00f1 qanuniy aqlar\u0131n\u0131 \u011fayr\u0131dan tiklevde Ukraina\u011fa yard\u0131m etmek maqsad\u0131nen halqara forum ke\u00e7ir\u00fcv \u011fayesine tolus\u0131nen qoltut\u0131l\u011fan edi. K\u00f6r\u00fc\u015f\u00fcv i\u015ftirak\u00e7ileri taraf\u0131ndan Halqara forum\u011fa az\u0131rl\u0131q ve ke\u00e7ir\u00fcv i\u015fini OSCE milliy azl\u0131qlarn\u0131\u00f1 i\u015fleri boyunca Aliy komissar\u0131 koordinirlemesi husus\u0131nda istek bildirildi.<\/p>\n\n\n\n<p>OSCE Aliy komissar\u0131 cenap Knut Vollebekke b\u00f6yle bir mes\u00fclienti boynuna al\u011fan\u0131 ve \u015fu munasebetnen olacaq forumn\u0131\u00f1 esas y\u00f6neli\u015flerini i\u015flevde salmaql\u0131 areketlerni yapqan\u0131 i\u00e7\u00fcn minnetdarm\u0131z. \u00dcm\u00fct etem ki, bug\u00fcnki k\u00f6r\u00fc\u015f\u00fcvde OSCE Aliy komissar\u0131n\u0131\u00f1 temsilcileri bizni forum\u011fa az\u0131rl\u0131qn\u0131\u00f1 keti\u015fat\u0131nen tan\u0131\u015f etip, bun\u0131\u00f1 kibi de OSCE Aliy komissar\u0131n\u0131\u00f1 Ukraina yolba\u015f\u00e7\u0131lar\u0131 ve diger resmiy \u015fah\u0131slarnen i\u015fbirlikleri aqq\u0131nda mal\u00fcmat berirler.<\/p>\n\n\n\n<p><em><strong>Men ise sizlerge \u015fularn\u0131 bildirmek isteyim:<\/strong><\/em><\/p>\n\n\n\n<p>Ke\u00e7ken sene b\u00f6yle ciddiy qoltutuv\u011fa malik olaraq, Halqara forum \u011fayesini, ba\u015fta bir Ukraina \u00fck\u00fcmeti aliy organlar\u0131n\u0131 da o\u00f1a az\u0131rl\u0131qqa celp etmek maqsad\u0131nda, a\u00f1latuv i\u015flerini al\u0131p bard\u0131q. Ukraina Prezidenti Memuriyetini\u00f1 vazifedar \u015fah\u0131slar\u0131nen bir qa\u00e7 k\u00f6r\u00fc\u015f\u00fcv ke\u00e7irdik, T\u0131\u015fq\u0131 i\u015fler nazirligi ve bir s\u0131ra yetek\u00e7i nazirlikler em de idarelerge mekt\u00fcpler yollad\u0131q. Mezk\u00fcr mesele Ukraina Yuqar\u0131 \u015euras\u0131n\u0131\u00f1 \u0130nsan aqlar\u0131 ve milletlerara munasebetler boyunca komitette de muzakere etilip, maqullendi.<\/p>\n\n\n\n<p>Ve niayet, 2012 senesi iy\u00fcl 3-te Ukraina Prezidenti Viktor Yanukovi\u00e7ni\u00f1 i\u015ftirakinde Cemaat Gumanitar Ke\u00f1e\u015fni\u00f1 topla\u015fuv\u0131nda men Halqara forum ke\u00e7irilmesi \u011fayesine Ukraina \u00fck\u00fcmeti organlar\u0131 taraf\u0131ndan &#8220;suvuq&#8221; baq\u0131l\u011fan\u0131ndan raats\u0131zlan\u011fan\u0131mn\u0131 ifade etip, devlet yolba\u015f\u00e7\u0131s\u0131na mezk\u00fcr meseleni \u00f6z nezareti alt\u0131na almas\u0131n\u0131 ve Cemaat Gumanitar Ke\u00f1e\u015fke Ukraina Prezidentini\u00f1 ait qarar\u0131n\u0131\u00f1 leyhas\u0131n\u0131 az\u0131rlamaqn\u0131 avale etmesini rica ettim. L\u00e2kin, teess\u00fcf ki, Ukraina yolba\u015f\u00e7\u0131lar\u0131 taraf\u0131ndan bu \u011fayege al\u00e2 da keregi kibi diqqat ay\u0131r\u0131lmad\u0131.<\/p>\n\n\n\n<p>Ker\u00e7ek, forum ke\u00e7irilmesini kimse yasaqlamay, amma bizler muracaatta bulund\u0131\u011f\u0131m\u0131z nazirlik ve idarelerden al\u011fan cevaplar\u0131m\u0131zda ba\u015fta s\u00fcrg\u00fcn olun\u011fanlarn\u0131\u00f1 aqlaran\u0131 tiklev aqq\u0131nda qanun ve olarn\u0131\u00f1 sotsial meselelerini \u00e7ezmek i\u00e7\u00fcn finansirlev programmas\u0131n\u0131 qabul etmek kerek edi, denile. Albu ki bularn\u0131\u00f1 birisi digerine i\u00e7 keder etken yeri yoqt\u0131r.<\/p>\n\n\n\n<p>Bizge mal\u00fcm old\u0131 ki, baz\u0131 idareler Forumn\u0131 ke\u00e7ir\u00fcv te\u015febb\u00fcsi \u011farp devletlerine Ukrainan\u0131\u00f1 i\u00e7ki i\u015flerine qar\u0131\u015fmaq yolunen Ukraina yolba\u015f\u00e7\u0131lar\u0131na basq\u0131 yapmaq maqsad\u0131ndan kelip \u00e7\u0131qa, deger fikirler de bildirile eken. Mahsus h\u0131zmetlerimizni\u00f1 bu\u00f1a be\u00f1zer hul\u00e2salar\u0131n\u0131 oqurkenmiz, kendimizni g\u00fcya Sovetler Birliginde kibi is etip ba\u015flaym\u0131z. Onda da bizim aqlar\u0131m\u0131zn\u0131 talap etkenimiz er angi muracaat ve beyanatlar\u0131m\u0131z\u011fa sovetler birligini\u00f1 &#8220;temiz&#8221; qurum\u0131na iftira ve \u011earpqa yaltaql\u0131q kibi q\u0131ymet kesilir, muracaat etkenler ise apshane ve lagerlerge qapat\u0131l\u0131r edi. Do\u011fru, Ukrainada daa bu\u00f1a bar\u0131p \u00e7\u0131qmad\u0131.<\/p>\n\n\n\n<p>Bizim \u00e7oqtan-\u00e7oq muracaatlar\u0131m\u0131zn\u0131\u00f1 neticesinde niayet bu seneni\u00f1 iy\u00fcn 6-s\u0131nda Ukraina nazirler kabineti taraf\u0131ndan s\u00fcrg\u00fcnlik yerlerinden vatan\u011fa qaytqanlarn\u0131 yerle\u015ftirmek programmas\u0131n\u0131\u00f1 devam etilmesine iri\u015ftik. L\u00e2kin bu programmada k\u00f6zde tutulu\u011fan finansirlev raqamlar\u0131 aqiqiy itiyaclar\u0131m\u0131zn\u0131 i\u00e7 qanaatlendirip olamaz. Mesel\u00e2, s\u00fcrg\u00fcn etilgenlerni yerle\u015ftir\u00fcvge 2013 senesine b\u00fccet sermiyalar\u0131ndan ol\u011fan\u0131-olaca\u011f\u0131 50 million grivn\u00e2 (5 million dollardan az) ay\u0131r\u0131lmas\u0131 k\u00f6zde tutula. Bu para ise bir orta mektep binas\u0131n\u0131\u00f1 quruc\u0131l\u0131\u011f\u0131na bile yeti\u015fmey.<\/p>\n\n\n\n<p><em><strong>Demek, on bi\u00f1lernen q\u0131r\u0131mtatar aileleri \u00f6z k\u00fc\u00e7lerinen yerle\u015fmekte ol\u011fan bir \u00e7oq qasabalar yaq\u0131n kelecekte \u00f6yle de yol, gaz, suvs\u0131z, bala ba\u011f\u00e7alar\u0131s\u0131z, mektep ve tibbiyat m\u00fcessiselerisiz qalacaqlar.<\/strong><\/em><\/p>\n\n\n\n<p>Q\u0131r\u0131mtatarlarn\u0131\u00f1 sotsial meselelesine b\u00f6yle az diqqat ay\u0131r\u0131l\u011fanda q\u0131r\u0131mtatarlarn\u0131\u00f1 inki\u015faf etmesini teminlegen ve maliye zarur ol\u011fan diger meseleler yani q\u0131r\u0131mtatar tilinde oqut\u0131l\u011fan mektepler i\u00e7\u00fcn dersliklerni az\u0131rlav ve ne\u015fir et\u00fcv, q\u0131r\u0131mtatar tilinde matbuat vastalar\u0131n\u0131 inki\u015faf ettir\u00fcv, tarih ve medeniyet abidelerini qor\u00e7alav ve saqlap qaluv meseleleri daa ziyade kerginle\u015fir.<\/p>\n\n\n\n<p>S\u00fcrg\u00fcn etilgenlerni\u00f1 aqlar\u0131n\u0131 tiklev aqq\u0131nda qanun meselesine kelsek vaziyet bellisiz qalmaqta. Mezk\u00fcr qanunn\u0131\u00f1 leyhas\u0131 bu sene sessiya muzakeresine eki kere \u2013 may\u0131s 16 k\u00fcn\u00fc ve bir aydan so\u00f1 iy\u00fcn 20-de qoyuld\u0131.<\/p>\n\n\n\n<p>Birinci keresinde akimlik etken koalitsion \u00e7oqluq qanun leyhas\u0131na qoltutmaq degil de, atta \u015fu \u00e7oqluqqa kirgen kommunist partiyas\u0131n\u0131\u00f1 lideri q\u0131r\u0131mtatar halq\u0131 ad\u0131na pis laflarn\u0131 s\u00f6yledi. Leyha i\u00e7\u00fcn rey bermege istemegenini o \u015f\u00f6yle a\u00f1latt\u0131, g\u00fcya Stalin q\u0131r\u0131mtatarlarn\u0131 s\u00fcrg\u00fcn etip adaletli i\u015f yapqan. Teess\u00fcf ki, devletni\u00f1 yolba\u015f\u00e7\u0131lar\u0131 b\u00f6yle fa\u015f\u00e7ist\u00e7esine \u00e7\u0131q\u0131\u015flar\u011fa asl\u0131 da keregi kibi seslenmedi.<\/p>\n\n\n\n<p>Leyha kene i\u015flenmek i\u00e7\u00fcn qaytar\u0131ld\u0131, iy\u00fcn 20 k\u00fcn\u00fc tekrar muzakere vaqt\u0131nda ise \u00e7oqluqn\u0131\u00f1 rey bermesi sayesinde birinci oquvda qabul etildi. Albu ki, o\u00f1a emiyetli bir de\u00f1i\u015fme kirsetilmegen edi. Ne i\u00e7\u00fcn b\u00f6yle ol\u011fan\u0131 husus\u0131nda \u00e7e\u015fit tahminlerni ketirmek m\u00fcmk\u00fcn. A\u00e7\u0131q k\u00f6r\u00fcle ki, bu mesele Prezident qar\u0131\u015fqan so\u00f1 yerinden q\u0131b\u0131rdad\u0131, \u00e7\u00fcnki o, daa eki y\u0131l evelsi bu qanunn\u0131\u00f1 qabul etilmek kerekligi aqq\u0131nda fikir bildirgen edi. Amma elbette ki baz\u0131 halqara te\u015fkil\u00e2tlar, \u015fu c\u00fcmleden parlamentke bu qanun leyhas\u0131na halqara ekspertlerni\u00f1 hul\u00e2sas\u0131n\u0131 taqdim etken OSCE Milliy azl\u0131qlar boyunca Aliy komissar ve \u015fahsen Knut Vollebekni\u00f1 areketleri m\u00fcim rolni oynad\u0131.<\/p>\n\n\n\n<figure class=\"wp-block-image size-full\"><img loading=\"lazy\" decoding=\"async\" width=\"650\" height=\"435\" src=\"http:\/\/qtmm.org\/wp-content\/uploads\/2022\/01\/wss_4704.jpeg\" alt=\"\" class=\"wp-image-34259\" srcset=\"https:\/\/qtmm.org\/wp-content\/uploads\/2022\/01\/wss_4704.jpeg 650w, https:\/\/qtmm.org\/wp-content\/uploads\/2022\/01\/wss_4704-300x201.jpeg 300w\" sizes=\"auto, (max-width: 650px) 100vw, 650px\" \/><\/figure>\n\n\n\n<p>Ukraina Yuqar\u0131 \u015euras\u0131n\u0131\u00f1 \u015fimdiki erk\u00e2n\u0131n\u0131\u00f1 m\u00fcddeti yek\u00fcnlenmesine qadar qanunn\u0131 ekinci oquvda ve umumen qabul etilmesi planla\u015ft\u0131r\u0131la. \u00c7e\u015fit fraktsiyalarn\u0131\u00f1 deputatlar\u0131 taraf\u0131ndan 60-qa yaq\u0131n t\u00fczet\u00fcv ve qo\u015fumca kirsetildi. Baz\u0131lar\u0131 konstruktiv harakter ta\u015f\u0131y ve tabiiy ki, esapqa al\u0131n\u0131r, amma olarn\u0131\u00f1 aras\u0131nda qanun leyhas\u0131n\u0131\u00f1 manas\u0131n\u0131 bozma\u011fa ve bo\u015ftan-bo\u015f bir deklaratsiya\u011fa \u00e7evirmege do\u011frult\u0131l\u011fan soylar\u0131 da bar. Ebet, biz \u00fcm\u00fct etemiz ki qanun \u015fimdiki variant\u0131ndan pek o qadar farq etmegeni alda qabul olun\u0131r.<\/p>\n\n\n\n<p>Bun\u0131\u00f1 i\u00e7\u00fcn ise Prezidentni\u00f1 a\u00e7\u0131qtan-a\u00e7\u0131q fikir bildirmesi l\u00e2zim ve biz on\u0131\u00f1 qoltutmas\u0131na muhtacm\u0131z. Bun\u0131\u00f1 kibi de, fursattan faydalanaraq, men siz, han\u0131m ve cenaplardan bizim \u00fcm\u00fct ve isteklerimizni k\u00f6r\u00fc\u015f\u00fcvleri\u00f1izde ukrain siyaset\u00e7ilerine yetkizme\u00f1izni rica etem.<\/p>\n\n\n\n<p>Ukrainada Q\u0131r\u0131mtatar halq\u0131n\u0131\u00f1 bug\u00fcni ve kelecegine diqqat ay\u0131r\u011fan\u0131\u00f1\u0131z i\u00e7\u00fcn epi\u00f1izge ve er biri\u00f1izge ayr\u0131ca te\u015fekk\u00fcr bildiremiz.<br>Siz temsil etken devletler ve halqara te\u015fkil\u00e2tlar\u011fa da cemi halqlarn\u0131\u00f1 medeniyetler, tiller, dinlerni\u00f1 \u00e7e\u015fitligini tan\u0131\u011fan ve qabul etkeni alda t\u0131n\u00e7 kelecegini teminlev yolunda yapqan areketleri i\u00e7\u00fcn minnetdarl\u0131\u011f\u0131m\u0131zn\u0131 yetkizi\u00f1iz.<\/p>\n\n\n\n<p>Bir y\u0131l evel ol\u011fan\u0131 kibi men Q\u0131r\u0131mtatar halq\u0131n\u0131\u00f1 Meclisi ad\u0131ndan sizi\u00f1 \u00fck\u00fcmet ve temsil ettigi\u00f1iz halqara te\u015fkil\u00e2tlar\u011fa muracaatta bulun\u0131rkenim, HH as\u0131rda q\u0131r\u0131mtatar halq\u0131na nisbeten yap\u0131l\u011fan cinayetlerni\u00f1 aqibetlerini yoq etmege do\u011frult\u0131l\u011fan konkret areketlerni Ukraina devletinen birlikte yapma\u00f1\u0131z\u011fa \u00e7a\u011f\u0131ram.<\/p>\n\n\n\n<p>Biz \u00f6z devletimiz ve ilk-evel\u00e2 Ukraina Prezidenti ve Ukraina \u00fck\u00fcmetinden Q\u0131r\u0131mtatar halq\u0131n\u0131\u00f1 \u00f6z vatan\u0131nda aqlar\u0131n\u0131 \u011fayr\u0131dan tiklev, Ukrainada on\u0131\u00f1 tel\u00fckesizligini teminlev boyunca halqara Forumn\u0131 ke\u00e7ir\u00fcv te\u015febb\u00fcsimizge qoltutmas\u0131n\u0131 bekleymiz.<\/p>\n\n\n\n<p>D\u00f6rt k\u00fcn evelsi Yaltada 9-nci kere \u00f6tkerilgen k\u00f6r\u00fc\u015f\u00fcvde Avropa Birliginen a\u00f1la\u015fma imzalavn\u0131\u00f1 istiqballeri aqq\u0131nda ayt\u0131rken, Ukraina Prezidenti Viktor Yanukovi\u00e7 b\u00f6yle dedi: &#8220;Al-az\u0131rda bizim ortaqlar\u0131m\u0131zn\u0131\u00f1 Ukraina\u011fa belli bir qo\u015fumca sualleri peyda old\u0131. L\u00e2kin men eminim ki, olacaq parlament se\u00e7imlerinden so\u00f1 qaydlar\u011fa s\u0131ra qalmaz ve Ukraina ve AB birle\u015fmesi meydan\u011fa ketirilir&#8221;.<\/p>\n\n\n\n<p>Demek, Avropada tel\u00fckesizlik ve i\u015fbirlik boyunca te\u015fkil\u00e2tqa Ukraina reislik yapqan 2013 senesi belgileyici bir y\u0131l olacaq. \u00dcm\u00fct etemiz ki, Ukraina\u011fa unikal bir \u015fans berile \u2013 OSCE de reislik yapqanda e\u00f1 m\u00fcim meseleler s\u0131ras\u0131na Q\u0131r\u0131mtatar halq\u0131n\u0131\u00f1 \u00f6z vatan\u0131nda aqlar\u0131n\u0131 \u011fayr\u0131dan tiklev, Ukrainada on\u0131\u00f1 tel\u00fckesizligini teminlev boyunca halqara Forumn\u0131 ke\u00e7ir\u00fcv meselesini de kirsetir.<\/p>\n\n\n\n<p class=\"has-text-align-center\"><strong>Diqqat\u0131\u00f1\u0131z i\u00e7\u00fcn te\u015fekk\u00fcr!<\/strong><\/p>\n\n\n\n<hr class=\"wp-block-separator\"\/>\n\n\n\n<p>2012 senesi sent\u00e2br 18 k\u00fcn\u00fc Kiyevdeki &#8220;Hyatt&#8221; \u00f6telinde Q\u0131r\u0131mtatar halq\u0131 Meclisini\u00f1 yolba\u015f\u00e7\u0131lar\u0131 Ukrainadaki el\u00e7ilikler ve akkreditatsiya etilgen halqara te\u015fkil\u00e2tlar\u0131n\u0131\u00f1 reberlerinen k\u00f6r\u00fc\u015ftiler.<\/p>\n\n\n\n<p>Esas maruzalarnen Q\u0131r\u0131mtatar halq\u0131 Meclisi yolba\u015f\u00e7\u0131lar\u0131n\u0131\u00f1 Ukrainadaki el\u00e7ilikler ve akkreditatsiya etilgen halqara te\u015fkil\u00e2tlar\u0131n\u0131\u00f1 reberlerinen k\u00f6r\u00fc\u015f\u00fcvinde Meclis reisi, Ukraina halq deputat\u0131 Mustafa Cemilev, B\u00fct\u00fcnd\u00fcnya q\u0131r\u0131mtatarlar kongressini\u00f1 prezidenti, Q\u0131r\u0131m Yuqar\u0131 \u015euras\u0131n\u0131\u00f1 deputat\u0131 Refat \u00c7ubarov, Q\u0131r\u0131m Nazirler \u015euras\u0131n\u0131\u00f1 reisi Anatoliy Mogil\u00f6v, &#8220;Q\u0131r\u0131m inki\u015faf\u0131 vaquf\u0131&#8221; hayriye te\u015fkil\u00e2t\u0131n\u0131\u00f1 prezidenti Rustem \u00dcmerov, OSCE Aliy Komissar\u0131n\u0131\u00f1 mesleat\u00e7\u0131s\u0131 Aleksandr Vinnikov, Halqara Forum\u011fa az\u0131rl\u0131q \u00e7er\u00e7ivesinde Q\u0131r\u0131mdaki vaziyet aqq\u0131nda esabat az\u0131rlav boyunca mustaqil ekspertler gruppas\u0131n\u0131\u00f1 halqara koordinator\u0131 Endr\u00fc Vilson \u00e7\u0131q\u0131\u015fta bulund\u0131lar.<\/p>\n\n\n\n<p>K\u00f6r\u00fc\u015f\u00fcvge bun\u0131\u00f1 kibi de Ukraina Prezidenti Memuriyetini\u00f1 vekilleri, Prezitentni\u00f1 Q\u0131r\u0131mdaki daimiy temsilcisi Viktor Plakida, Ukraina t\u0131\u015fq\u0131 i\u015fler nazirligi hadimleri ve Ukraina i\u00e7timaiy siyaset naziri davet etildiler.<\/p>\n\n\n\n<p>K\u00f6r\u00fc\u015f\u00fcv &#8220;Q\u0131r\u0131m inki\u015faf\u0131 vaquf\u0131&#8221; hayriye te\u015fkil\u00e2t\u0131n\u0131\u00f1 qoltutuv\u0131nda ke\u00e7irildi\/\\.<\/p>\n","protected":false},"excerpt":{"rendered":"<p>Bizim devletimizde akkreditatsiya etilgen diplomatik missiya ve halqara te\u015fkil\u00e2tlarn\u0131\u00f1 \u00e7oqsay\u0131\u011f\u0131l\u0131 yolba\u015f\u00e7\u0131lar\u0131 ve temsilcileri! Cenaplar ve han\u0131mlar! Bundan tamam bir y\u0131l evelsi 2011 senesi okt\u00e2br ay\u0131n\u0131\u00f1 ba\u015f\u0131nda ayn\u0131 \u015fu binada biz Kiyevde akkreditatsiya etilgen Avropan\u0131\u00f1 yetek\u00e7i devletleri, Amerika ve Kanadan\u0131\u00f1 Ukrainadaki el\u00e7ilikleri, ve sovet rejimi taraf\u0131ndan \u00f6z yurtlar\u0131ndan marum etilgen halqlarn\u0131\u00f1 meselelerini \u00e7ez\u00fcv ve cinaiy s\u00fcrg\u00fcnlikni\u00f1 [&hellip;]<\/p>\n","protected":false},"author":1,"featured_media":34255,"comment_status":"open","ping_status":"open","sticky":false,"template":"","format":"standard","meta":{"inline_featured_image":false,"footnotes":""},"categories":[265],"tags":[],"class_list":["post-34254","post","type-post","status-publish","format-standard","has-post-thumbnail","hentry","category-haberler"],"acf":[],"yoast_head":"<!-- This site is optimized with the Yoast SEO plugin v27.4 - https:\/\/yoast.com\/product\/yoast-seo-wordpress\/ -->\n<title>Meclis reisi M.Cemilevni\u00f1 Kiyevde akkreditatsiya etilgen diplomatlarnen k\u00f6r\u00fc\u015f\u00fcvde \u00e7\u0131q\u0131\u015f\u0131 - \u041c\u0435\u0434\u0436\u043b\u0456\u0441<\/title>\n<meta name=\"robots\" content=\"index, follow, max-snippet:-1, max-image-preview:large, max-video-preview:-1\" \/>\n<link rel=\"canonical\" href=\"https:\/\/qtmm.org\/qt\/meclis-reisi-m-cemilevnin-kiyevde-akkreditatsiya-etilgen-diplomatlarnen-korusuvde-ciqisi\/\" \/>\n<meta property=\"og:locale\" content=\"en_US\" \/>\n<meta property=\"og:type\" content=\"article\" \/>\n<meta property=\"og:title\" content=\"Meclis reisi M.Cemilevni\u00f1 Kiyevde akkreditatsiya etilgen diplomatlarnen k\u00f6r\u00fc\u015f\u00fcvde \u00e7\u0131q\u0131\u015f\u0131 - \u041c\u0435\u0434\u0436\u043b\u0456\u0441\" \/>\n<meta property=\"og:description\" content=\"Bizim devletimizde akkreditatsiya etilgen diplomatik missiya ve halqara te\u015fkil\u00e2tlarn\u0131\u00f1 \u00e7oqsay\u0131\u011f\u0131l\u0131 yolba\u015f\u00e7\u0131lar\u0131 ve temsilcileri! Cenaplar ve han\u0131mlar! Bundan tamam bir y\u0131l evelsi 2011 senesi okt\u00e2br ay\u0131n\u0131\u00f1 ba\u015f\u0131nda ayn\u0131 \u015fu binada biz Kiyevde akkreditatsiya etilgen Avropan\u0131\u00f1 yetek\u00e7i devletleri, Amerika ve Kanadan\u0131\u00f1 Ukrainadaki el\u00e7ilikleri, ve sovet rejimi taraf\u0131ndan \u00f6z yurtlar\u0131ndan marum etilgen halqlarn\u0131\u00f1 meselelerini \u00e7ez\u00fcv ve cinaiy s\u00fcrg\u00fcnlikni\u00f1 [&hellip;]\" \/>\n<meta property=\"og:url\" content=\"https:\/\/qtmm.org\/qt\/meclis-reisi-m-cemilevnin-kiyevde-akkreditatsiya-etilgen-diplomatlarnen-korusuvde-ciqisi\/\" \/>\n<meta property=\"og:site_name\" content=\"\u041c\u0435\u0434\u0436\u043b\u0456\u0441\" \/>\n<meta property=\"article:publisher\" content=\"https:\/\/www.facebook.com\/qtmm.info\/\" \/>\n<meta property=\"article:published_time\" content=\"2012-09-18T14:09:00+00:00\" \/>\n<meta property=\"article:modified_time\" content=\"2022-01-22T14:10:45+00:00\" \/>\n<meta property=\"og:image\" content=\"https:\/\/qtmm.org\/wp-content\/uploads\/2022\/01\/wss_5194.jpeg\" \/>\n\t<meta property=\"og:image:width\" content=\"650\" \/>\n\t<meta property=\"og:image:height\" content=\"435\" \/>\n\t<meta property=\"og:image:type\" content=\"image\/jpeg\" \/>\n<meta name=\"author\" content=\"Developer\" \/>\n<meta name=\"twitter:card\" content=\"summary_large_image\" \/>\n<meta name=\"twitter:label1\" content=\"Written by\" \/>\n\t<meta name=\"twitter:data1\" content=\"Developer\" \/>\n\t<meta name=\"twitter:label2\" content=\"Est. reading time\" \/>\n\t<meta name=\"twitter:data2\" content=\"9 minutes\" \/>\n<script type=\"application\/ld+json\" class=\"yoast-schema-graph\">{\"@context\":\"https:\\\/\\\/schema.org\",\"@graph\":[{\"@type\":\"Article\",\"@id\":\"https:\\\/\\\/qtmm.org\\\/qt\\\/meclis-reisi-m-cemilevnin-kiyevde-akkreditatsiya-etilgen-diplomatlarnen-korusuvde-ciqisi\\\/#article\",\"isPartOf\":{\"@id\":\"https:\\\/\\\/qtmm.org\\\/qt\\\/meclis-reisi-m-cemilevnin-kiyevde-akkreditatsiya-etilgen-diplomatlarnen-korusuvde-ciqisi\\\/\"},\"author\":{\"name\":\"Developer\",\"@id\":\"https:\\\/\\\/qtmm.org\\\/qt\\\/#\\\/schema\\\/person\\\/de562469f971dec226ac06e60bbf74a7\"},\"headline\":\"Meclis reisi M.Cemilevni\u00f1 Kiyevde akkreditatsiya etilgen diplomatlarnen k\u00f6r\u00fc\u015f\u00fcvde \u00e7\u0131q\u0131\u015f\u0131\",\"datePublished\":\"2012-09-18T14:09:00+00:00\",\"dateModified\":\"2022-01-22T14:10:45+00:00\",\"mainEntityOfPage\":{\"@id\":\"https:\\\/\\\/qtmm.org\\\/qt\\\/meclis-reisi-m-cemilevnin-kiyevde-akkreditatsiya-etilgen-diplomatlarnen-korusuvde-ciqisi\\\/\"},\"wordCount\":1715,\"commentCount\":0,\"publisher\":{\"@id\":\"https:\\\/\\\/qtmm.org\\\/qt\\\/#organization\"},\"image\":{\"@id\":\"https:\\\/\\\/qtmm.org\\\/qt\\\/meclis-reisi-m-cemilevnin-kiyevde-akkreditatsiya-etilgen-diplomatlarnen-korusuvde-ciqisi\\\/#primaryimage\"},\"thumbnailUrl\":\"https:\\\/\\\/qtmm.org\\\/wp-content\\\/uploads\\\/2022\\\/01\\\/wss_5194.jpeg\",\"articleSection\":[\"Haberler\"],\"inLanguage\":\"qt\",\"potentialAction\":[{\"@type\":\"CommentAction\",\"name\":\"Comment\",\"target\":[\"https:\\\/\\\/qtmm.org\\\/qt\\\/meclis-reisi-m-cemilevnin-kiyevde-akkreditatsiya-etilgen-diplomatlarnen-korusuvde-ciqisi\\\/#respond\"]}]},{\"@type\":\"WebPage\",\"@id\":\"https:\\\/\\\/qtmm.org\\\/qt\\\/meclis-reisi-m-cemilevnin-kiyevde-akkreditatsiya-etilgen-diplomatlarnen-korusuvde-ciqisi\\\/\",\"url\":\"https:\\\/\\\/qtmm.org\\\/qt\\\/meclis-reisi-m-cemilevnin-kiyevde-akkreditatsiya-etilgen-diplomatlarnen-korusuvde-ciqisi\\\/\",\"name\":\"Meclis reisi M.Cemilevni\u00f1 Kiyevde akkreditatsiya etilgen diplomatlarnen k\u00f6r\u00fc\u015f\u00fcvde \u00e7\u0131q\u0131\u015f\u0131 - \u041c\u0435\u0434\u0436\u043b\u0456\u0441\",\"isPartOf\":{\"@id\":\"https:\\\/\\\/qtmm.org\\\/qt\\\/#website\"},\"primaryImageOfPage\":{\"@id\":\"https:\\\/\\\/qtmm.org\\\/qt\\\/meclis-reisi-m-cemilevnin-kiyevde-akkreditatsiya-etilgen-diplomatlarnen-korusuvde-ciqisi\\\/#primaryimage\"},\"image\":{\"@id\":\"https:\\\/\\\/qtmm.org\\\/qt\\\/meclis-reisi-m-cemilevnin-kiyevde-akkreditatsiya-etilgen-diplomatlarnen-korusuvde-ciqisi\\\/#primaryimage\"},\"thumbnailUrl\":\"https:\\\/\\\/qtmm.org\\\/wp-content\\\/uploads\\\/2022\\\/01\\\/wss_5194.jpeg\",\"datePublished\":\"2012-09-18T14:09:00+00:00\",\"dateModified\":\"2022-01-22T14:10:45+00:00\",\"breadcrumb\":{\"@id\":\"https:\\\/\\\/qtmm.org\\\/qt\\\/meclis-reisi-m-cemilevnin-kiyevde-akkreditatsiya-etilgen-diplomatlarnen-korusuvde-ciqisi\\\/#breadcrumb\"},\"inLanguage\":\"qt\",\"potentialAction\":[{\"@type\":\"ReadAction\",\"target\":[\"https:\\\/\\\/qtmm.org\\\/qt\\\/meclis-reisi-m-cemilevnin-kiyevde-akkreditatsiya-etilgen-diplomatlarnen-korusuvde-ciqisi\\\/\"]}]},{\"@type\":\"ImageObject\",\"inLanguage\":\"qt\",\"@id\":\"https:\\\/\\\/qtmm.org\\\/qt\\\/meclis-reisi-m-cemilevnin-kiyevde-akkreditatsiya-etilgen-diplomatlarnen-korusuvde-ciqisi\\\/#primaryimage\",\"url\":\"https:\\\/\\\/qtmm.org\\\/wp-content\\\/uploads\\\/2022\\\/01\\\/wss_5194.jpeg\",\"contentUrl\":\"https:\\\/\\\/qtmm.org\\\/wp-content\\\/uploads\\\/2022\\\/01\\\/wss_5194.jpeg\",\"width\":650,\"height\":435},{\"@type\":\"BreadcrumbList\",\"@id\":\"https:\\\/\\\/qtmm.org\\\/qt\\\/meclis-reisi-m-cemilevnin-kiyevde-akkreditatsiya-etilgen-diplomatlarnen-korusuvde-ciqisi\\\/#breadcrumb\",\"itemListElement\":[{\"@type\":\"ListItem\",\"position\":1,\"name\":\"\u0413\u043e\u043b\u043e\u0432\u043d\u0430\",\"item\":\"https:\\\/\\\/qtmm.org\\\/qt\\\/\"},{\"@type\":\"ListItem\",\"position\":2,\"name\":\"Meclis reisi M.Cemilevni\u00f1 Kiyevde akkreditatsiya etilgen diplomatlarnen k\u00f6r\u00fc\u015f\u00fcvde \u00e7\u0131q\u0131\u015f\u0131\"}]},{\"@type\":\"WebSite\",\"@id\":\"https:\\\/\\\/qtmm.org\\\/qt\\\/#website\",\"url\":\"https:\\\/\\\/qtmm.org\\\/qt\\\/\",\"name\":\"\u041c\u0435\u0434\u0436\u043b\u0456\u0441\",\"description\":\"\",\"publisher\":{\"@id\":\"https:\\\/\\\/qtmm.org\\\/qt\\\/#organization\"},\"potentialAction\":[{\"@type\":\"SearchAction\",\"target\":{\"@type\":\"EntryPoint\",\"urlTemplate\":\"https:\\\/\\\/qtmm.org\\\/qt\\\/?s={search_term_string}\"},\"query-input\":{\"@type\":\"PropertyValueSpecification\",\"valueRequired\":true,\"valueName\":\"search_term_string\"}}],\"inLanguage\":\"qt\"},{\"@type\":\"Organization\",\"@id\":\"https:\\\/\\\/qtmm.org\\\/qt\\\/#organization\",\"name\":\"\u041c\u0435\u0434\u0436\u043b\u0456\u0441\",\"url\":\"https:\\\/\\\/qtmm.org\\\/qt\\\/\",\"logo\":{\"@type\":\"ImageObject\",\"inLanguage\":\"qt\",\"@id\":\"https:\\\/\\\/qtmm.org\\\/qt\\\/#\\\/schema\\\/logo\\\/image\\\/\",\"url\":\"https:\\\/\\\/qtmm.org\\\/wp-content\\\/uploads\\\/2024\\\/12\\\/ua-mejlis-logo-rgb.svg\",\"contentUrl\":\"https:\\\/\\\/qtmm.org\\\/wp-content\\\/uploads\\\/2024\\\/12\\\/ua-mejlis-logo-rgb.svg\",\"caption\":\"\u041c\u0435\u0434\u0436\u043b\u0456\u0441\"},\"image\":{\"@id\":\"https:\\\/\\\/qtmm.org\\\/qt\\\/#\\\/schema\\\/logo\\\/image\\\/\"},\"sameAs\":[\"https:\\\/\\\/www.facebook.com\\\/qtmm.info\\\/\"]},{\"@type\":\"Person\",\"@id\":\"https:\\\/\\\/qtmm.org\\\/qt\\\/#\\\/schema\\\/person\\\/de562469f971dec226ac06e60bbf74a7\",\"name\":\"Developer\",\"image\":{\"@type\":\"ImageObject\",\"inLanguage\":\"qt\",\"@id\":\"https:\\\/\\\/secure.gravatar.com\\\/avatar\\\/392b4cc8fbfeb00b39dfeeab4ee6edded39ffd48e25858637e4765810300227e?s=96&d=mm&r=g\",\"url\":\"https:\\\/\\\/secure.gravatar.com\\\/avatar\\\/392b4cc8fbfeb00b39dfeeab4ee6edded39ffd48e25858637e4765810300227e?s=96&d=mm&r=g\",\"contentUrl\":\"https:\\\/\\\/secure.gravatar.com\\\/avatar\\\/392b4cc8fbfeb00b39dfeeab4ee6edded39ffd48e25858637e4765810300227e?s=96&d=mm&r=g\",\"caption\":\"Developer\"},\"url\":\"https:\\\/\\\/qtmm.org\\\/qt\\\/author\\\/Developer\\\/\"}]}<\/script>\n<!-- \/ Yoast SEO plugin. -->","yoast_head_json":{"title":"Meclis reisi M.Cemilevni\u00f1 Kiyevde akkreditatsiya etilgen diplomatlarnen k\u00f6r\u00fc\u015f\u00fcvde \u00e7\u0131q\u0131\u015f\u0131 - \u041c\u0435\u0434\u0436\u043b\u0456\u0441","robots":{"index":"index","follow":"follow","max-snippet":"max-snippet:-1","max-image-preview":"max-image-preview:large","max-video-preview":"max-video-preview:-1"},"canonical":"https:\/\/qtmm.org\/qt\/meclis-reisi-m-cemilevnin-kiyevde-akkreditatsiya-etilgen-diplomatlarnen-korusuvde-ciqisi\/","og_locale":"en_US","og_type":"article","og_title":"Meclis reisi M.Cemilevni\u00f1 Kiyevde akkreditatsiya etilgen diplomatlarnen k\u00f6r\u00fc\u015f\u00fcvde \u00e7\u0131q\u0131\u015f\u0131 - \u041c\u0435\u0434\u0436\u043b\u0456\u0441","og_description":"Bizim devletimizde akkreditatsiya etilgen diplomatik missiya ve halqara te\u015fkil\u00e2tlarn\u0131\u00f1 \u00e7oqsay\u0131\u011f\u0131l\u0131 yolba\u015f\u00e7\u0131lar\u0131 ve temsilcileri! Cenaplar ve han\u0131mlar! Bundan tamam bir y\u0131l evelsi 2011 senesi okt\u00e2br ay\u0131n\u0131\u00f1 ba\u015f\u0131nda ayn\u0131 \u015fu binada biz Kiyevde akkreditatsiya etilgen Avropan\u0131\u00f1 yetek\u00e7i devletleri, Amerika ve Kanadan\u0131\u00f1 Ukrainadaki el\u00e7ilikleri, ve sovet rejimi taraf\u0131ndan \u00f6z yurtlar\u0131ndan marum etilgen halqlarn\u0131\u00f1 meselelerini \u00e7ez\u00fcv ve cinaiy s\u00fcrg\u00fcnlikni\u00f1 [&hellip;]","og_url":"https:\/\/qtmm.org\/qt\/meclis-reisi-m-cemilevnin-kiyevde-akkreditatsiya-etilgen-diplomatlarnen-korusuvde-ciqisi\/","og_site_name":"\u041c\u0435\u0434\u0436\u043b\u0456\u0441","article_publisher":"https:\/\/www.facebook.com\/qtmm.info\/","article_published_time":"2012-09-18T14:09:00+00:00","article_modified_time":"2022-01-22T14:10:45+00:00","og_image":[{"width":650,"height":435,"url":"https:\/\/qtmm.org\/wp-content\/uploads\/2022\/01\/wss_5194.jpeg","type":"image\/jpeg"}],"author":"Developer","twitter_card":"summary_large_image","twitter_misc":{"Written by":"Developer","Est. reading time":"9 minutes"},"schema":{"@context":"https:\/\/schema.org","@graph":[{"@type":"Article","@id":"https:\/\/qtmm.org\/qt\/meclis-reisi-m-cemilevnin-kiyevde-akkreditatsiya-etilgen-diplomatlarnen-korusuvde-ciqisi\/#article","isPartOf":{"@id":"https:\/\/qtmm.org\/qt\/meclis-reisi-m-cemilevnin-kiyevde-akkreditatsiya-etilgen-diplomatlarnen-korusuvde-ciqisi\/"},"author":{"name":"Developer","@id":"https:\/\/qtmm.org\/qt\/#\/schema\/person\/de562469f971dec226ac06e60bbf74a7"},"headline":"Meclis reisi M.Cemilevni\u00f1 Kiyevde akkreditatsiya etilgen diplomatlarnen k\u00f6r\u00fc\u015f\u00fcvde \u00e7\u0131q\u0131\u015f\u0131","datePublished":"2012-09-18T14:09:00+00:00","dateModified":"2022-01-22T14:10:45+00:00","mainEntityOfPage":{"@id":"https:\/\/qtmm.org\/qt\/meclis-reisi-m-cemilevnin-kiyevde-akkreditatsiya-etilgen-diplomatlarnen-korusuvde-ciqisi\/"},"wordCount":1715,"commentCount":0,"publisher":{"@id":"https:\/\/qtmm.org\/qt\/#organization"},"image":{"@id":"https:\/\/qtmm.org\/qt\/meclis-reisi-m-cemilevnin-kiyevde-akkreditatsiya-etilgen-diplomatlarnen-korusuvde-ciqisi\/#primaryimage"},"thumbnailUrl":"https:\/\/qtmm.org\/wp-content\/uploads\/2022\/01\/wss_5194.jpeg","articleSection":["Haberler"],"inLanguage":"qt","potentialAction":[{"@type":"CommentAction","name":"Comment","target":["https:\/\/qtmm.org\/qt\/meclis-reisi-m-cemilevnin-kiyevde-akkreditatsiya-etilgen-diplomatlarnen-korusuvde-ciqisi\/#respond"]}]},{"@type":"WebPage","@id":"https:\/\/qtmm.org\/qt\/meclis-reisi-m-cemilevnin-kiyevde-akkreditatsiya-etilgen-diplomatlarnen-korusuvde-ciqisi\/","url":"https:\/\/qtmm.org\/qt\/meclis-reisi-m-cemilevnin-kiyevde-akkreditatsiya-etilgen-diplomatlarnen-korusuvde-ciqisi\/","name":"Meclis reisi M.Cemilevni\u00f1 Kiyevde akkreditatsiya etilgen diplomatlarnen k\u00f6r\u00fc\u015f\u00fcvde \u00e7\u0131q\u0131\u015f\u0131 - \u041c\u0435\u0434\u0436\u043b\u0456\u0441","isPartOf":{"@id":"https:\/\/qtmm.org\/qt\/#website"},"primaryImageOfPage":{"@id":"https:\/\/qtmm.org\/qt\/meclis-reisi-m-cemilevnin-kiyevde-akkreditatsiya-etilgen-diplomatlarnen-korusuvde-ciqisi\/#primaryimage"},"image":{"@id":"https:\/\/qtmm.org\/qt\/meclis-reisi-m-cemilevnin-kiyevde-akkreditatsiya-etilgen-diplomatlarnen-korusuvde-ciqisi\/#primaryimage"},"thumbnailUrl":"https:\/\/qtmm.org\/wp-content\/uploads\/2022\/01\/wss_5194.jpeg","datePublished":"2012-09-18T14:09:00+00:00","dateModified":"2022-01-22T14:10:45+00:00","breadcrumb":{"@id":"https:\/\/qtmm.org\/qt\/meclis-reisi-m-cemilevnin-kiyevde-akkreditatsiya-etilgen-diplomatlarnen-korusuvde-ciqisi\/#breadcrumb"},"inLanguage":"qt","potentialAction":[{"@type":"ReadAction","target":["https:\/\/qtmm.org\/qt\/meclis-reisi-m-cemilevnin-kiyevde-akkreditatsiya-etilgen-diplomatlarnen-korusuvde-ciqisi\/"]}]},{"@type":"ImageObject","inLanguage":"qt","@id":"https:\/\/qtmm.org\/qt\/meclis-reisi-m-cemilevnin-kiyevde-akkreditatsiya-etilgen-diplomatlarnen-korusuvde-ciqisi\/#primaryimage","url":"https:\/\/qtmm.org\/wp-content\/uploads\/2022\/01\/wss_5194.jpeg","contentUrl":"https:\/\/qtmm.org\/wp-content\/uploads\/2022\/01\/wss_5194.jpeg","width":650,"height":435},{"@type":"BreadcrumbList","@id":"https:\/\/qtmm.org\/qt\/meclis-reisi-m-cemilevnin-kiyevde-akkreditatsiya-etilgen-diplomatlarnen-korusuvde-ciqisi\/#breadcrumb","itemListElement":[{"@type":"ListItem","position":1,"name":"\u0413\u043e\u043b\u043e\u0432\u043d\u0430","item":"https:\/\/qtmm.org\/qt\/"},{"@type":"ListItem","position":2,"name":"Meclis reisi M.Cemilevni\u00f1 Kiyevde akkreditatsiya etilgen diplomatlarnen k\u00f6r\u00fc\u015f\u00fcvde \u00e7\u0131q\u0131\u015f\u0131"}]},{"@type":"WebSite","@id":"https:\/\/qtmm.org\/qt\/#website","url":"https:\/\/qtmm.org\/qt\/","name":"\u041c\u0435\u0434\u0436\u043b\u0456\u0441","description":"","publisher":{"@id":"https:\/\/qtmm.org\/qt\/#organization"},"potentialAction":[{"@type":"SearchAction","target":{"@type":"EntryPoint","urlTemplate":"https:\/\/qtmm.org\/qt\/?s={search_term_string}"},"query-input":{"@type":"PropertyValueSpecification","valueRequired":true,"valueName":"search_term_string"}}],"inLanguage":"qt"},{"@type":"Organization","@id":"https:\/\/qtmm.org\/qt\/#organization","name":"\u041c\u0435\u0434\u0436\u043b\u0456\u0441","url":"https:\/\/qtmm.org\/qt\/","logo":{"@type":"ImageObject","inLanguage":"qt","@id":"https:\/\/qtmm.org\/qt\/#\/schema\/logo\/image\/","url":"https:\/\/qtmm.org\/wp-content\/uploads\/2024\/12\/ua-mejlis-logo-rgb.svg","contentUrl":"https:\/\/qtmm.org\/wp-content\/uploads\/2024\/12\/ua-mejlis-logo-rgb.svg","caption":"\u041c\u0435\u0434\u0436\u043b\u0456\u0441"},"image":{"@id":"https:\/\/qtmm.org\/qt\/#\/schema\/logo\/image\/"},"sameAs":["https:\/\/www.facebook.com\/qtmm.info\/"]},{"@type":"Person","@id":"https:\/\/qtmm.org\/qt\/#\/schema\/person\/de562469f971dec226ac06e60bbf74a7","name":"Developer","image":{"@type":"ImageObject","inLanguage":"qt","@id":"https:\/\/secure.gravatar.com\/avatar\/392b4cc8fbfeb00b39dfeeab4ee6edded39ffd48e25858637e4765810300227e?s=96&d=mm&r=g","url":"https:\/\/secure.gravatar.com\/avatar\/392b4cc8fbfeb00b39dfeeab4ee6edded39ffd48e25858637e4765810300227e?s=96&d=mm&r=g","contentUrl":"https:\/\/secure.gravatar.com\/avatar\/392b4cc8fbfeb00b39dfeeab4ee6edded39ffd48e25858637e4765810300227e?s=96&d=mm&r=g","caption":"Developer"},"url":"https:\/\/qtmm.org\/qt\/author\/Developer\/"}]}},"_links":{"self":[{"href":"https:\/\/qtmm.org\/qt\/wp-json\/wp\/v2\/posts\/34254","targetHints":{"allow":["GET"]}}],"collection":[{"href":"https:\/\/qtmm.org\/qt\/wp-json\/wp\/v2\/posts"}],"about":[{"href":"https:\/\/qtmm.org\/qt\/wp-json\/wp\/v2\/types\/post"}],"author":[{"embeddable":true,"href":"https:\/\/qtmm.org\/qt\/wp-json\/wp\/v2\/users\/1"}],"replies":[{"embeddable":true,"href":"https:\/\/qtmm.org\/qt\/wp-json\/wp\/v2\/comments?post=34254"}],"version-history":[{"count":1,"href":"https:\/\/qtmm.org\/qt\/wp-json\/wp\/v2\/posts\/34254\/revisions"}],"predecessor-version":[{"id":34263,"href":"https:\/\/qtmm.org\/qt\/wp-json\/wp\/v2\/posts\/34254\/revisions\/34263"}],"wp:featuredmedia":[{"embeddable":true,"href":"https:\/\/qtmm.org\/qt\/wp-json\/wp\/v2\/media\/34255"}],"wp:attachment":[{"href":"https:\/\/qtmm.org\/qt\/wp-json\/wp\/v2\/media?parent=34254"}],"wp:term":[{"taxonomy":"category","embeddable":true,"href":"https:\/\/qtmm.org\/qt\/wp-json\/wp\/v2\/categories?post=34254"},{"taxonomy":"post_tag","embeddable":true,"href":"https:\/\/qtmm.org\/qt\/wp-json\/wp\/v2\/tags?post=34254"}],"curies":[{"name":"wp","href":"https:\/\/api.w.org\/{rel}","templated":true}]}}