




{"id":34244,"date":"2012-09-18T17:07:00","date_gmt":"2012-09-18T14:07:00","guid":{"rendered":"http:\/\/qtmm.org\/?p=34244"},"modified":"2022-01-22T17:09:18","modified_gmt":"2022-01-22T14:09:18","slug":"rustem-umerov-qirim-halqara-biznes-birligi-meclis-ve-elciliklernin-qoltutuvinda-qirimnin-iqtisadiy-inkisafi-aqqinda-aciq-dialogni-baslamaqni-teklif-ete","status":"publish","type":"post","link":"https:\/\/qtmm.org\/qt\/rustem-umerov-qirim-halqara-biznes-birligi-meclis-ve-elciliklernin-qoltutuvinda-qirimnin-iqtisadiy-inkisafi-aqqinda-aciq-dialogni-baslamaqni-teklif-ete\/","title":{"rendered":"Rustem \u00dcmerov: Q\u0131r\u0131m Halqara Biznes birligi Meclis ve el\u00e7iliklerni\u00f1 qoltutuv\u0131nda Q\u0131r\u0131mn\u0131\u00f1 iqtisadiy inki\u015faf\u0131 aqq\u0131nda a\u00e7\u0131q dialogn\u0131 ba\u015flamaqn\u0131 teklif ete"},"content":{"rendered":"\n<p class=\"has-text-align-center\"><strong>Say\u011f\u0131l\u0131 Meclis reisi!<br>Aliy cenaplar, han\u0131mlar ve beyefendiler!<\/strong><\/p>\n\n\n\n<p>M\u0131na endi ekinci kere Q\u0131r\u0131mtatar halq\u0131 Meclisi yolba\u015f\u00e7\u0131lar\u0131n\u0131\u00f1 Ukrainadaki el\u00e7ihaneler ve akkreditatsiya etilgen halqara te\u015fkil\u00e2t reberlerinen k\u00f6r\u00fc\u015f\u00fcvini\u00f1 ortaq te\u015fkil\u00e2t\u00e7\u0131s\u0131 ol\u011fan &#8220;Q\u0131r\u0131m inki\u015faf\u0131 vaquf\u0131&#8221; hayriye te\u015fkil\u00e2t\u0131 ad\u0131ndan b\u00f6yle aliy topla\u015fuvda \u00e7\u0131q\u0131\u015f yapmaq imk\u00e2n\u0131 berilgeni i\u00e7\u00fcn te\u015fekk\u00fcr bildirem.<\/p>\n\n\n\n<p>\u0130lerilegen memleketlerni\u00f1 tecribesi qaviy, semereli, i\u00e7timaiy mes\u00fcl ve te\u015febb\u00fcs\u00e7en i\u015f adamlar\u0131 s\u0131n\u0131f\u0131n\u0131 \u015fekillendirmek zarurl\u0131\u011f\u0131ndan del\u00e2let bere.<\/p>\n\n\n\n<p>\u015eu munasebetnen Q\u0131r\u0131m Halqara Biznes birligi ile beraber i\u015flegen ve \u00f6g\u00fcne ya\u00f1\u0131 kommunikatsion platforman\u0131 meydan\u011fa ketir\u00fcv vazifesini qoy\u011fan te\u015febb\u00fcsni q\u0131sqadan tarif etmege musaade\u00f1izni isteyim.<\/p>\n\n\n\n<figure class=\"wp-block-image size-full\"><img loading=\"lazy\" decoding=\"async\" width=\"650\" height=\"633\" src=\"http:\/\/qtmm.org\/wp-content\/uploads\/2022\/01\/1_67.jpeg\" alt=\"\" class=\"wp-image-34245\" srcset=\"https:\/\/qtmm.org\/wp-content\/uploads\/2022\/01\/1_67.jpeg 650w, https:\/\/qtmm.org\/wp-content\/uploads\/2022\/01\/1_67-300x292.jpeg 300w\" sizes=\"auto, (max-width: 650px) 100vw, 650px\" \/><\/figure>\n\n\n\n<p>Bu platforma esas\u0131nda regional, \u015fu c\u00fcmleden q\u0131r\u0131mtatar i\u015f adamlar\u0131n\u0131\u00f1 Q\u0131r\u0131m ve sakinleri menfaat\u0131 o\u011frunda semereli \u00e7al\u0131\u015fmalar\u0131 m\u00fcmk\u00fcn olacaq.<\/p>\n\n\n\n<p>Strategiya tiz\u00fcv boyunca ekspertler, \u00e7e\u015fit saalarn\u0131 inki\u015faf ettir\u00fcv m\u00fctehass\u0131slar\u0131, funktsional uzmanlar, i\u00e7timaiy yat\u0131r\u0131m agentlikleri, halqara cemaat\u00e7\u0131l\u0131q Ukraina ve Q\u0131r\u0131m \u00fck\u00fcmetlerinen birlikte, Q\u0131r\u0131mtatar halq\u0131 Meclisini\u00f1 i\u015ftirakinde q\u0131r\u0131mtatarlarn\u0131\u00f1 vatan\u011fa qaytmaqta ol\u011fan\u0131 \u015faraitinde biz Q\u0131r\u0131mn\u0131 inki\u015faf ettirmek i\u00e7\u00fcn tevsiyeler i\u015flemege areket etecekmiz.<\/p>\n\n\n\n<p>B\u00f6yle yana\u015fuv b\u00fct\u00fcn Q\u0131r\u0131m cemaat\u0131n\u0131\u00f1 menfaatlar\u0131na da elveri\u015fli ol\u011fan\u0131nda eminmiz. Bu i\u015fni\u00f1 maqsad\u0131 olaraq biz milliy ve regional iqtisadiy leyhalarn\u0131\u00f1 \u00f6gge s\u00fcr\u00fclmesi, Q\u0131r\u0131m sakinlerini\u00f1 ya\u015fay\u0131\u015f seviyesini y\u00fckseltilmesini belgileymiz. Teklif olun\u011fan m\u00fc\u015fterek te\u015febb\u00fcs i\u00e7ten ve t\u0131\u015ftan qoltutuvn\u0131 talap ete.<\/p>\n\n\n\n<p>Halqara eki taraflama elveri\u015fli i\u015fbirlik ve m\u00fctehass\u0131slar aras\u0131nda tecribe alma\u015fuv Q\u0131r\u0131m i\u015f adamlar\u0131 aras\u0131nda i\u00e7timaiy mes\u00fcliet meselelerini\u00f1 emiyetini k\u00f6terir, bun\u0131\u00f1 kibi de biznes adamlar\u0131na \u00f6z i\u015flerini inki\u015faf ettirilmesine do\u011frult\u0131l\u011fan leyhalarn\u0131 ker\u00e7ekle\u015ftirmek imk\u00e2n\u0131n\u0131 berir.<\/p>\n\n\n\n<p>Q\u0131r\u0131m Halqara Biznes Birligi Q\u0131r\u0131mtatar halq\u0131n\u0131\u00f1 Meclisi, ticaret m\u00fctehass\u0131slar\u0131 ve iqtisadiy b\u00f6l\u00fck m\u00fcdirleri y\u00fcz\u00fcnde diplomatik temsilciliklerni\u00f1 qoltutuv\u0131nda \u00f6z platformas\u0131 esas\u0131nda \u015fu seneni\u00f1 \u00f6z\u00fcnde Q\u0131r\u0131mn\u0131\u00f1 iqtisadiy inki\u015faf\u0131 aqq\u0131nda a\u00e7\u0131q dialogn\u0131 ba\u015flamaqn\u0131 teklif ete ki, regionda eki taraflama k\u00e2rl\u0131 leyhalarn\u0131\u00f1 amelge ke\u00e7irilmesi ise bu dialogn\u0131\u00f1 neticesi olur.<\/p>\n\n\n\n<p>\u00c7\u0131q\u0131\u015f\u0131mn\u0131\u00f1 so\u00f1unda sizlerge yuqar\u0131da qayd etilgen Q\u0131r\u0131mda b\u00f6yle k\u00f6r\u00fc\u015f\u00fcvni te\u015fkil\u00e2tland\u0131rmaq te\u015febb\u00fcsini baq\u0131p \u00e7\u0131q\u0131p, onda i\u015ftirak etecek \u015fah\u0131slar dairesini belgilemekni teklif etem.<\/p>\n\n\n\n<p class=\"has-text-align-center\">Diqqat\u0131\u00f1\u0131z i\u00e7\u00fcn sa\u011f olu\u00f1\u0131z.<\/p>\n\n\n\n<hr class=\"wp-block-separator\"\/>\n\n\n\n<p>2012 senesi sent\u00e2br 18 k\u00fcn\u00fc Kiyevdeki &#8220;Hyatt&#8221; \u00f6telinde Q\u0131r\u0131mtatar halq\u0131 Meclisini\u00f1 yolba\u015f\u00e7\u0131lar\u0131 Ukrainadaki el\u00e7ilikler ve akkreditatsiya etilgen halqara te\u015fkil\u00e2tlar\u0131n\u0131\u00f1 reberlerinen k\u00f6r\u00fc\u015ftiler.<br><br>Esas maruzalarnen Q\u0131r\u0131mtatar halq\u0131 Meclisi yolba\u015f\u00e7\u0131lar\u0131n\u0131\u00f1 Ukrainadaki el\u00e7ilikler ve akkreditatsiya etilgen halqara te\u015fkil\u00e2tlar\u0131n\u0131\u00f1 reberlerinen k\u00f6r\u00fc\u015f\u00fcvinde Meclis reisi, Ukraina halq deputat\u0131 Mustafa Cemilev, B\u00fct\u00fcnd\u00fcnya q\u0131r\u0131mtatarlar kongressini\u00f1 prezidenti, Q\u0131r\u0131m Yuqar\u0131 \u015euras\u0131n\u0131\u00f1 deputat\u0131 Refat \u00c7ubarov, Q\u0131r\u0131m Nazirler \u015euras\u0131n\u0131\u00f1 reisi Anatoliy Mogil\u00f6v, &#8220;Q\u0131r\u0131m inki\u015faf\u0131 vaquf\u0131&#8221; hayriye te\u015fkil\u00e2t\u0131n\u0131\u00f1 prezidenti Rustem \u00dcmerov, OSCE Aliy Komissar\u0131n\u0131\u00f1 mesleat\u00e7\u0131s\u0131 Aleksandr Vinnikov, Halqara Forum\u011fa az\u0131rl\u0131q \u00e7er\u00e7ivesinde Q\u0131r\u0131mdaki vaziyet aqq\u0131nda esabat az\u0131rlav boyunca mustaqil ekspertler gruppas\u0131n\u0131\u00f1 halqara koordinator\u0131 Endr\u00fc Vilson \u00e7\u0131q\u0131\u015fta bulund\u0131lar.<br><br>K\u00f6r\u00fc\u015f\u00fcvge bun\u0131\u00f1 kibi de Ukraina Prezidenti Memuriyetini\u00f1 vekilleri, Prezitentni\u00f1 Q\u0131r\u0131mdaki daimiy temsilcisi Viktor Plakida, Ukraina t\u0131\u015fq\u0131 i\u015fler nazirligi hadimleri ve Ukraina i\u00e7timaiy siyaset naziri davet etildiler.<\/p>\n\n\n\n<p>K\u00f6r\u00fc\u015f\u00fcv &#8220;Q\u0131r\u0131m inki\u015faf\u0131 vaquf\u0131&#8221; hayriye te\u015fkil\u00e2t\u0131n\u0131\u00f1 qoltutuv\u0131nda ke\u00e7irildi<\/p>\n","protected":false},"excerpt":{"rendered":"<p>Say\u011f\u0131l\u0131 Meclis reisi!Aliy cenaplar, han\u0131mlar ve beyefendiler! M\u0131na endi ekinci kere Q\u0131r\u0131mtatar halq\u0131 Meclisi yolba\u015f\u00e7\u0131lar\u0131n\u0131\u00f1 Ukrainadaki el\u00e7ihaneler ve akkreditatsiya etilgen halqara te\u015fkil\u00e2t reberlerinen k\u00f6r\u00fc\u015f\u00fcvini\u00f1 ortaq te\u015fkil\u00e2t\u00e7\u0131s\u0131 ol\u011fan &#8220;Q\u0131r\u0131m inki\u015faf\u0131 vaquf\u0131&#8221; hayriye te\u015fkil\u00e2t\u0131 ad\u0131ndan b\u00f6yle aliy topla\u015fuvda \u00e7\u0131q\u0131\u015f yapmaq imk\u00e2n\u0131 berilgeni i\u00e7\u00fcn te\u015fekk\u00fcr bildirem. \u0130lerilegen memleketlerni\u00f1 tecribesi qaviy, semereli, i\u00e7timaiy mes\u00fcl ve te\u015febb\u00fcs\u00e7en i\u015f adamlar\u0131 s\u0131n\u0131f\u0131n\u0131 [&hellip;]<\/p>\n","protected":false},"author":1,"featured_media":34249,"comment_status":"open","ping_status":"open","sticky":false,"template":"","format":"standard","meta":{"inline_featured_image":false,"footnotes":""},"categories":[265],"tags":[],"class_list":["post-34244","post","type-post","status-publish","format-standard","has-post-thumbnail","hentry","category-haberler"],"acf":[],"yoast_head":"<!-- This site is optimized with the Yoast SEO plugin v27.4 - https:\/\/yoast.com\/product\/yoast-seo-wordpress\/ -->\n<title>Rustem \u00dcmerov: Q\u0131r\u0131m Halqara Biznes birligi Meclis ve el\u00e7iliklerni\u00f1 qoltutuv\u0131nda Q\u0131r\u0131mn\u0131\u00f1 iqtisadiy inki\u015faf\u0131 aqq\u0131nda a\u00e7\u0131q dialogn\u0131 ba\u015flamaqn\u0131 teklif ete - \u041c\u0435\u0434\u0436\u043b\u0456\u0441<\/title>\n<meta name=\"robots\" content=\"index, follow, max-snippet:-1, max-image-preview:large, max-video-preview:-1\" \/>\n<link rel=\"canonical\" href=\"https:\/\/qtmm.org\/qt\/rustem-umerov-qirim-halqara-biznes-birligi-meclis-ve-elciliklernin-qoltutuvinda-qirimnin-iqtisadiy-inkisafi-aqqinda-aciq-dialogni-baslamaqni-teklif-ete\/\" \/>\n<meta property=\"og:locale\" content=\"en_US\" \/>\n<meta property=\"og:type\" content=\"article\" \/>\n<meta property=\"og:title\" content=\"Rustem \u00dcmerov: Q\u0131r\u0131m Halqara Biznes birligi Meclis ve el\u00e7iliklerni\u00f1 qoltutuv\u0131nda Q\u0131r\u0131mn\u0131\u00f1 iqtisadiy inki\u015faf\u0131 aqq\u0131nda a\u00e7\u0131q dialogn\u0131 ba\u015flamaqn\u0131 teklif ete - \u041c\u0435\u0434\u0436\u043b\u0456\u0441\" \/>\n<meta property=\"og:description\" content=\"Say\u011f\u0131l\u0131 Meclis reisi!Aliy cenaplar, han\u0131mlar ve beyefendiler! M\u0131na endi ekinci kere Q\u0131r\u0131mtatar halq\u0131 Meclisi yolba\u015f\u00e7\u0131lar\u0131n\u0131\u00f1 Ukrainadaki el\u00e7ihaneler ve akkreditatsiya etilgen halqara te\u015fkil\u00e2t reberlerinen k\u00f6r\u00fc\u015f\u00fcvini\u00f1 ortaq te\u015fkil\u00e2t\u00e7\u0131s\u0131 ol\u011fan &#8220;Q\u0131r\u0131m inki\u015faf\u0131 vaquf\u0131&#8221; hayriye te\u015fkil\u00e2t\u0131 ad\u0131ndan b\u00f6yle aliy topla\u015fuvda \u00e7\u0131q\u0131\u015f yapmaq imk\u00e2n\u0131 berilgeni i\u00e7\u00fcn te\u015fekk\u00fcr bildirem. \u0130lerilegen memleketlerni\u00f1 tecribesi qaviy, semereli, i\u00e7timaiy mes\u00fcl ve te\u015febb\u00fcs\u00e7en i\u015f adamlar\u0131 s\u0131n\u0131f\u0131n\u0131 [&hellip;]\" \/>\n<meta property=\"og:url\" content=\"https:\/\/qtmm.org\/qt\/rustem-umerov-qirim-halqara-biznes-birligi-meclis-ve-elciliklernin-qoltutuvinda-qirimnin-iqtisadiy-inkisafi-aqqinda-aciq-dialogni-baslamaqni-teklif-ete\/\" \/>\n<meta property=\"og:site_name\" content=\"\u041c\u0435\u0434\u0436\u043b\u0456\u0441\" \/>\n<meta property=\"article:publisher\" content=\"https:\/\/www.facebook.com\/qtmm.info\/\" \/>\n<meta property=\"article:published_time\" content=\"2012-09-18T14:07:00+00:00\" \/>\n<meta property=\"article:modified_time\" content=\"2022-01-22T14:09:18+00:00\" \/>\n<meta property=\"og:image\" content=\"https:\/\/qtmm.org\/wp-content\/uploads\/2022\/01\/2_71.jpeg\" \/>\n\t<meta property=\"og:image:width\" content=\"650\" \/>\n\t<meta property=\"og:image:height\" content=\"428\" \/>\n\t<meta property=\"og:image:type\" content=\"image\/jpeg\" \/>\n<meta name=\"author\" content=\"Developer\" \/>\n<meta name=\"twitter:card\" content=\"summary_large_image\" \/>\n<meta name=\"twitter:label1\" content=\"Written by\" \/>\n\t<meta name=\"twitter:data1\" content=\"Developer\" \/>\n\t<meta name=\"twitter:label2\" content=\"Est. reading time\" \/>\n\t<meta name=\"twitter:data2\" content=\"3 minutes\" \/>\n<script type=\"application\/ld+json\" class=\"yoast-schema-graph\">{\"@context\":\"https:\\\/\\\/schema.org\",\"@graph\":[{\"@type\":\"Article\",\"@id\":\"https:\\\/\\\/qtmm.org\\\/qt\\\/rustem-umerov-qirim-halqara-biznes-birligi-meclis-ve-elciliklernin-qoltutuvinda-qirimnin-iqtisadiy-inkisafi-aqqinda-aciq-dialogni-baslamaqni-teklif-ete\\\/#article\",\"isPartOf\":{\"@id\":\"https:\\\/\\\/qtmm.org\\\/qt\\\/rustem-umerov-qirim-halqara-biznes-birligi-meclis-ve-elciliklernin-qoltutuvinda-qirimnin-iqtisadiy-inkisafi-aqqinda-aciq-dialogni-baslamaqni-teklif-ete\\\/\"},\"author\":{\"name\":\"Developer\",\"@id\":\"https:\\\/\\\/qtmm.org\\\/qt\\\/#\\\/schema\\\/person\\\/de562469f971dec226ac06e60bbf74a7\"},\"headline\":\"Rustem \u00dcmerov: Q\u0131r\u0131m Halqara Biznes birligi Meclis ve el\u00e7iliklerni\u00f1 qoltutuv\u0131nda Q\u0131r\u0131mn\u0131\u00f1 iqtisadiy inki\u015faf\u0131 aqq\u0131nda a\u00e7\u0131q dialogn\u0131 ba\u015flamaqn\u0131 teklif ete\",\"datePublished\":\"2012-09-18T14:07:00+00:00\",\"dateModified\":\"2022-01-22T14:09:18+00:00\",\"mainEntityOfPage\":{\"@id\":\"https:\\\/\\\/qtmm.org\\\/qt\\\/rustem-umerov-qirim-halqara-biznes-birligi-meclis-ve-elciliklernin-qoltutuvinda-qirimnin-iqtisadiy-inkisafi-aqqinda-aciq-dialogni-baslamaqni-teklif-ete\\\/\"},\"wordCount\":679,\"commentCount\":0,\"publisher\":{\"@id\":\"https:\\\/\\\/qtmm.org\\\/qt\\\/#organization\"},\"image\":{\"@id\":\"https:\\\/\\\/qtmm.org\\\/qt\\\/rustem-umerov-qirim-halqara-biznes-birligi-meclis-ve-elciliklernin-qoltutuvinda-qirimnin-iqtisadiy-inkisafi-aqqinda-aciq-dialogni-baslamaqni-teklif-ete\\\/#primaryimage\"},\"thumbnailUrl\":\"https:\\\/\\\/qtmm.org\\\/wp-content\\\/uploads\\\/2022\\\/01\\\/2_71.jpeg\",\"articleSection\":[\"Haberler\"],\"inLanguage\":\"qt\",\"potentialAction\":[{\"@type\":\"CommentAction\",\"name\":\"Comment\",\"target\":[\"https:\\\/\\\/qtmm.org\\\/qt\\\/rustem-umerov-qirim-halqara-biznes-birligi-meclis-ve-elciliklernin-qoltutuvinda-qirimnin-iqtisadiy-inkisafi-aqqinda-aciq-dialogni-baslamaqni-teklif-ete\\\/#respond\"]}]},{\"@type\":\"WebPage\",\"@id\":\"https:\\\/\\\/qtmm.org\\\/qt\\\/rustem-umerov-qirim-halqara-biznes-birligi-meclis-ve-elciliklernin-qoltutuvinda-qirimnin-iqtisadiy-inkisafi-aqqinda-aciq-dialogni-baslamaqni-teklif-ete\\\/\",\"url\":\"https:\\\/\\\/qtmm.org\\\/qt\\\/rustem-umerov-qirim-halqara-biznes-birligi-meclis-ve-elciliklernin-qoltutuvinda-qirimnin-iqtisadiy-inkisafi-aqqinda-aciq-dialogni-baslamaqni-teklif-ete\\\/\",\"name\":\"Rustem \u00dcmerov: Q\u0131r\u0131m Halqara Biznes birligi Meclis ve el\u00e7iliklerni\u00f1 qoltutuv\u0131nda Q\u0131r\u0131mn\u0131\u00f1 iqtisadiy inki\u015faf\u0131 aqq\u0131nda a\u00e7\u0131q dialogn\u0131 ba\u015flamaqn\u0131 teklif ete - \u041c\u0435\u0434\u0436\u043b\u0456\u0441\",\"isPartOf\":{\"@id\":\"https:\\\/\\\/qtmm.org\\\/qt\\\/#website\"},\"primaryImageOfPage\":{\"@id\":\"https:\\\/\\\/qtmm.org\\\/qt\\\/rustem-umerov-qirim-halqara-biznes-birligi-meclis-ve-elciliklernin-qoltutuvinda-qirimnin-iqtisadiy-inkisafi-aqqinda-aciq-dialogni-baslamaqni-teklif-ete\\\/#primaryimage\"},\"image\":{\"@id\":\"https:\\\/\\\/qtmm.org\\\/qt\\\/rustem-umerov-qirim-halqara-biznes-birligi-meclis-ve-elciliklernin-qoltutuvinda-qirimnin-iqtisadiy-inkisafi-aqqinda-aciq-dialogni-baslamaqni-teklif-ete\\\/#primaryimage\"},\"thumbnailUrl\":\"https:\\\/\\\/qtmm.org\\\/wp-content\\\/uploads\\\/2022\\\/01\\\/2_71.jpeg\",\"datePublished\":\"2012-09-18T14:07:00+00:00\",\"dateModified\":\"2022-01-22T14:09:18+00:00\",\"breadcrumb\":{\"@id\":\"https:\\\/\\\/qtmm.org\\\/qt\\\/rustem-umerov-qirim-halqara-biznes-birligi-meclis-ve-elciliklernin-qoltutuvinda-qirimnin-iqtisadiy-inkisafi-aqqinda-aciq-dialogni-baslamaqni-teklif-ete\\\/#breadcrumb\"},\"inLanguage\":\"qt\",\"potentialAction\":[{\"@type\":\"ReadAction\",\"target\":[\"https:\\\/\\\/qtmm.org\\\/qt\\\/rustem-umerov-qirim-halqara-biznes-birligi-meclis-ve-elciliklernin-qoltutuvinda-qirimnin-iqtisadiy-inkisafi-aqqinda-aciq-dialogni-baslamaqni-teklif-ete\\\/\"]}]},{\"@type\":\"ImageObject\",\"inLanguage\":\"qt\",\"@id\":\"https:\\\/\\\/qtmm.org\\\/qt\\\/rustem-umerov-qirim-halqara-biznes-birligi-meclis-ve-elciliklernin-qoltutuvinda-qirimnin-iqtisadiy-inkisafi-aqqinda-aciq-dialogni-baslamaqni-teklif-ete\\\/#primaryimage\",\"url\":\"https:\\\/\\\/qtmm.org\\\/wp-content\\\/uploads\\\/2022\\\/01\\\/2_71.jpeg\",\"contentUrl\":\"https:\\\/\\\/qtmm.org\\\/wp-content\\\/uploads\\\/2022\\\/01\\\/2_71.jpeg\",\"width\":650,\"height\":428},{\"@type\":\"BreadcrumbList\",\"@id\":\"https:\\\/\\\/qtmm.org\\\/qt\\\/rustem-umerov-qirim-halqara-biznes-birligi-meclis-ve-elciliklernin-qoltutuvinda-qirimnin-iqtisadiy-inkisafi-aqqinda-aciq-dialogni-baslamaqni-teklif-ete\\\/#breadcrumb\",\"itemListElement\":[{\"@type\":\"ListItem\",\"position\":1,\"name\":\"\u0413\u043e\u043b\u043e\u0432\u043d\u0430\",\"item\":\"https:\\\/\\\/qtmm.org\\\/qt\\\/\"},{\"@type\":\"ListItem\",\"position\":2,\"name\":\"Rustem \u00dcmerov: Q\u0131r\u0131m Halqara Biznes birligi Meclis ve el\u00e7iliklerni\u00f1 qoltutuv\u0131nda Q\u0131r\u0131mn\u0131\u00f1 iqtisadiy inki\u015faf\u0131 aqq\u0131nda a\u00e7\u0131q dialogn\u0131 ba\u015flamaqn\u0131 teklif ete\"}]},{\"@type\":\"WebSite\",\"@id\":\"https:\\\/\\\/qtmm.org\\\/qt\\\/#website\",\"url\":\"https:\\\/\\\/qtmm.org\\\/qt\\\/\",\"name\":\"\u041c\u0435\u0434\u0436\u043b\u0456\u0441\",\"description\":\"\",\"publisher\":{\"@id\":\"https:\\\/\\\/qtmm.org\\\/qt\\\/#organization\"},\"potentialAction\":[{\"@type\":\"SearchAction\",\"target\":{\"@type\":\"EntryPoint\",\"urlTemplate\":\"https:\\\/\\\/qtmm.org\\\/qt\\\/?s={search_term_string}\"},\"query-input\":{\"@type\":\"PropertyValueSpecification\",\"valueRequired\":true,\"valueName\":\"search_term_string\"}}],\"inLanguage\":\"qt\"},{\"@type\":\"Organization\",\"@id\":\"https:\\\/\\\/qtmm.org\\\/qt\\\/#organization\",\"name\":\"\u041c\u0435\u0434\u0436\u043b\u0456\u0441\",\"url\":\"https:\\\/\\\/qtmm.org\\\/qt\\\/\",\"logo\":{\"@type\":\"ImageObject\",\"inLanguage\":\"qt\",\"@id\":\"https:\\\/\\\/qtmm.org\\\/qt\\\/#\\\/schema\\\/logo\\\/image\\\/\",\"url\":\"https:\\\/\\\/qtmm.org\\\/wp-content\\\/uploads\\\/2024\\\/12\\\/ua-mejlis-logo-rgb.svg\",\"contentUrl\":\"https:\\\/\\\/qtmm.org\\\/wp-content\\\/uploads\\\/2024\\\/12\\\/ua-mejlis-logo-rgb.svg\",\"caption\":\"\u041c\u0435\u0434\u0436\u043b\u0456\u0441\"},\"image\":{\"@id\":\"https:\\\/\\\/qtmm.org\\\/qt\\\/#\\\/schema\\\/logo\\\/image\\\/\"},\"sameAs\":[\"https:\\\/\\\/www.facebook.com\\\/qtmm.info\\\/\"]},{\"@type\":\"Person\",\"@id\":\"https:\\\/\\\/qtmm.org\\\/qt\\\/#\\\/schema\\\/person\\\/de562469f971dec226ac06e60bbf74a7\",\"name\":\"Developer\",\"image\":{\"@type\":\"ImageObject\",\"inLanguage\":\"qt\",\"@id\":\"https:\\\/\\\/secure.gravatar.com\\\/avatar\\\/392b4cc8fbfeb00b39dfeeab4ee6edded39ffd48e25858637e4765810300227e?s=96&d=mm&r=g\",\"url\":\"https:\\\/\\\/secure.gravatar.com\\\/avatar\\\/392b4cc8fbfeb00b39dfeeab4ee6edded39ffd48e25858637e4765810300227e?s=96&d=mm&r=g\",\"contentUrl\":\"https:\\\/\\\/secure.gravatar.com\\\/avatar\\\/392b4cc8fbfeb00b39dfeeab4ee6edded39ffd48e25858637e4765810300227e?s=96&d=mm&r=g\",\"caption\":\"Developer\"},\"url\":\"https:\\\/\\\/qtmm.org\\\/qt\\\/author\\\/Developer\\\/\"}]}<\/script>\n<!-- \/ Yoast SEO plugin. -->","yoast_head_json":{"title":"Rustem \u00dcmerov: Q\u0131r\u0131m Halqara Biznes birligi Meclis ve el\u00e7iliklerni\u00f1 qoltutuv\u0131nda Q\u0131r\u0131mn\u0131\u00f1 iqtisadiy inki\u015faf\u0131 aqq\u0131nda a\u00e7\u0131q dialogn\u0131 ba\u015flamaqn\u0131 teklif ete - \u041c\u0435\u0434\u0436\u043b\u0456\u0441","robots":{"index":"index","follow":"follow","max-snippet":"max-snippet:-1","max-image-preview":"max-image-preview:large","max-video-preview":"max-video-preview:-1"},"canonical":"https:\/\/qtmm.org\/qt\/rustem-umerov-qirim-halqara-biznes-birligi-meclis-ve-elciliklernin-qoltutuvinda-qirimnin-iqtisadiy-inkisafi-aqqinda-aciq-dialogni-baslamaqni-teklif-ete\/","og_locale":"en_US","og_type":"article","og_title":"Rustem \u00dcmerov: Q\u0131r\u0131m Halqara Biznes birligi Meclis ve el\u00e7iliklerni\u00f1 qoltutuv\u0131nda Q\u0131r\u0131mn\u0131\u00f1 iqtisadiy inki\u015faf\u0131 aqq\u0131nda a\u00e7\u0131q dialogn\u0131 ba\u015flamaqn\u0131 teklif ete - \u041c\u0435\u0434\u0436\u043b\u0456\u0441","og_description":"Say\u011f\u0131l\u0131 Meclis reisi!Aliy cenaplar, han\u0131mlar ve beyefendiler! M\u0131na endi ekinci kere Q\u0131r\u0131mtatar halq\u0131 Meclisi yolba\u015f\u00e7\u0131lar\u0131n\u0131\u00f1 Ukrainadaki el\u00e7ihaneler ve akkreditatsiya etilgen halqara te\u015fkil\u00e2t reberlerinen k\u00f6r\u00fc\u015f\u00fcvini\u00f1 ortaq te\u015fkil\u00e2t\u00e7\u0131s\u0131 ol\u011fan &#8220;Q\u0131r\u0131m inki\u015faf\u0131 vaquf\u0131&#8221; hayriye te\u015fkil\u00e2t\u0131 ad\u0131ndan b\u00f6yle aliy topla\u015fuvda \u00e7\u0131q\u0131\u015f yapmaq imk\u00e2n\u0131 berilgeni i\u00e7\u00fcn te\u015fekk\u00fcr bildirem. \u0130lerilegen memleketlerni\u00f1 tecribesi qaviy, semereli, i\u00e7timaiy mes\u00fcl ve te\u015febb\u00fcs\u00e7en i\u015f adamlar\u0131 s\u0131n\u0131f\u0131n\u0131 [&hellip;]","og_url":"https:\/\/qtmm.org\/qt\/rustem-umerov-qirim-halqara-biznes-birligi-meclis-ve-elciliklernin-qoltutuvinda-qirimnin-iqtisadiy-inkisafi-aqqinda-aciq-dialogni-baslamaqni-teklif-ete\/","og_site_name":"\u041c\u0435\u0434\u0436\u043b\u0456\u0441","article_publisher":"https:\/\/www.facebook.com\/qtmm.info\/","article_published_time":"2012-09-18T14:07:00+00:00","article_modified_time":"2022-01-22T14:09:18+00:00","og_image":[{"width":650,"height":428,"url":"https:\/\/qtmm.org\/wp-content\/uploads\/2022\/01\/2_71.jpeg","type":"image\/jpeg"}],"author":"Developer","twitter_card":"summary_large_image","twitter_misc":{"Written by":"Developer","Est. reading time":"3 minutes"},"schema":{"@context":"https:\/\/schema.org","@graph":[{"@type":"Article","@id":"https:\/\/qtmm.org\/qt\/rustem-umerov-qirim-halqara-biznes-birligi-meclis-ve-elciliklernin-qoltutuvinda-qirimnin-iqtisadiy-inkisafi-aqqinda-aciq-dialogni-baslamaqni-teklif-ete\/#article","isPartOf":{"@id":"https:\/\/qtmm.org\/qt\/rustem-umerov-qirim-halqara-biznes-birligi-meclis-ve-elciliklernin-qoltutuvinda-qirimnin-iqtisadiy-inkisafi-aqqinda-aciq-dialogni-baslamaqni-teklif-ete\/"},"author":{"name":"Developer","@id":"https:\/\/qtmm.org\/qt\/#\/schema\/person\/de562469f971dec226ac06e60bbf74a7"},"headline":"Rustem \u00dcmerov: Q\u0131r\u0131m Halqara Biznes birligi Meclis ve el\u00e7iliklerni\u00f1 qoltutuv\u0131nda Q\u0131r\u0131mn\u0131\u00f1 iqtisadiy inki\u015faf\u0131 aqq\u0131nda a\u00e7\u0131q dialogn\u0131 ba\u015flamaqn\u0131 teklif ete","datePublished":"2012-09-18T14:07:00+00:00","dateModified":"2022-01-22T14:09:18+00:00","mainEntityOfPage":{"@id":"https:\/\/qtmm.org\/qt\/rustem-umerov-qirim-halqara-biznes-birligi-meclis-ve-elciliklernin-qoltutuvinda-qirimnin-iqtisadiy-inkisafi-aqqinda-aciq-dialogni-baslamaqni-teklif-ete\/"},"wordCount":679,"commentCount":0,"publisher":{"@id":"https:\/\/qtmm.org\/qt\/#organization"},"image":{"@id":"https:\/\/qtmm.org\/qt\/rustem-umerov-qirim-halqara-biznes-birligi-meclis-ve-elciliklernin-qoltutuvinda-qirimnin-iqtisadiy-inkisafi-aqqinda-aciq-dialogni-baslamaqni-teklif-ete\/#primaryimage"},"thumbnailUrl":"https:\/\/qtmm.org\/wp-content\/uploads\/2022\/01\/2_71.jpeg","articleSection":["Haberler"],"inLanguage":"qt","potentialAction":[{"@type":"CommentAction","name":"Comment","target":["https:\/\/qtmm.org\/qt\/rustem-umerov-qirim-halqara-biznes-birligi-meclis-ve-elciliklernin-qoltutuvinda-qirimnin-iqtisadiy-inkisafi-aqqinda-aciq-dialogni-baslamaqni-teklif-ete\/#respond"]}]},{"@type":"WebPage","@id":"https:\/\/qtmm.org\/qt\/rustem-umerov-qirim-halqara-biznes-birligi-meclis-ve-elciliklernin-qoltutuvinda-qirimnin-iqtisadiy-inkisafi-aqqinda-aciq-dialogni-baslamaqni-teklif-ete\/","url":"https:\/\/qtmm.org\/qt\/rustem-umerov-qirim-halqara-biznes-birligi-meclis-ve-elciliklernin-qoltutuvinda-qirimnin-iqtisadiy-inkisafi-aqqinda-aciq-dialogni-baslamaqni-teklif-ete\/","name":"Rustem \u00dcmerov: Q\u0131r\u0131m Halqara Biznes birligi Meclis ve el\u00e7iliklerni\u00f1 qoltutuv\u0131nda Q\u0131r\u0131mn\u0131\u00f1 iqtisadiy inki\u015faf\u0131 aqq\u0131nda a\u00e7\u0131q dialogn\u0131 ba\u015flamaqn\u0131 teklif ete - \u041c\u0435\u0434\u0436\u043b\u0456\u0441","isPartOf":{"@id":"https:\/\/qtmm.org\/qt\/#website"},"primaryImageOfPage":{"@id":"https:\/\/qtmm.org\/qt\/rustem-umerov-qirim-halqara-biznes-birligi-meclis-ve-elciliklernin-qoltutuvinda-qirimnin-iqtisadiy-inkisafi-aqqinda-aciq-dialogni-baslamaqni-teklif-ete\/#primaryimage"},"image":{"@id":"https:\/\/qtmm.org\/qt\/rustem-umerov-qirim-halqara-biznes-birligi-meclis-ve-elciliklernin-qoltutuvinda-qirimnin-iqtisadiy-inkisafi-aqqinda-aciq-dialogni-baslamaqni-teklif-ete\/#primaryimage"},"thumbnailUrl":"https:\/\/qtmm.org\/wp-content\/uploads\/2022\/01\/2_71.jpeg","datePublished":"2012-09-18T14:07:00+00:00","dateModified":"2022-01-22T14:09:18+00:00","breadcrumb":{"@id":"https:\/\/qtmm.org\/qt\/rustem-umerov-qirim-halqara-biznes-birligi-meclis-ve-elciliklernin-qoltutuvinda-qirimnin-iqtisadiy-inkisafi-aqqinda-aciq-dialogni-baslamaqni-teklif-ete\/#breadcrumb"},"inLanguage":"qt","potentialAction":[{"@type":"ReadAction","target":["https:\/\/qtmm.org\/qt\/rustem-umerov-qirim-halqara-biznes-birligi-meclis-ve-elciliklernin-qoltutuvinda-qirimnin-iqtisadiy-inkisafi-aqqinda-aciq-dialogni-baslamaqni-teklif-ete\/"]}]},{"@type":"ImageObject","inLanguage":"qt","@id":"https:\/\/qtmm.org\/qt\/rustem-umerov-qirim-halqara-biznes-birligi-meclis-ve-elciliklernin-qoltutuvinda-qirimnin-iqtisadiy-inkisafi-aqqinda-aciq-dialogni-baslamaqni-teklif-ete\/#primaryimage","url":"https:\/\/qtmm.org\/wp-content\/uploads\/2022\/01\/2_71.jpeg","contentUrl":"https:\/\/qtmm.org\/wp-content\/uploads\/2022\/01\/2_71.jpeg","width":650,"height":428},{"@type":"BreadcrumbList","@id":"https:\/\/qtmm.org\/qt\/rustem-umerov-qirim-halqara-biznes-birligi-meclis-ve-elciliklernin-qoltutuvinda-qirimnin-iqtisadiy-inkisafi-aqqinda-aciq-dialogni-baslamaqni-teklif-ete\/#breadcrumb","itemListElement":[{"@type":"ListItem","position":1,"name":"\u0413\u043e\u043b\u043e\u0432\u043d\u0430","item":"https:\/\/qtmm.org\/qt\/"},{"@type":"ListItem","position":2,"name":"Rustem \u00dcmerov: Q\u0131r\u0131m Halqara Biznes birligi Meclis ve el\u00e7iliklerni\u00f1 qoltutuv\u0131nda Q\u0131r\u0131mn\u0131\u00f1 iqtisadiy inki\u015faf\u0131 aqq\u0131nda a\u00e7\u0131q dialogn\u0131 ba\u015flamaqn\u0131 teklif ete"}]},{"@type":"WebSite","@id":"https:\/\/qtmm.org\/qt\/#website","url":"https:\/\/qtmm.org\/qt\/","name":"\u041c\u0435\u0434\u0436\u043b\u0456\u0441","description":"","publisher":{"@id":"https:\/\/qtmm.org\/qt\/#organization"},"potentialAction":[{"@type":"SearchAction","target":{"@type":"EntryPoint","urlTemplate":"https:\/\/qtmm.org\/qt\/?s={search_term_string}"},"query-input":{"@type":"PropertyValueSpecification","valueRequired":true,"valueName":"search_term_string"}}],"inLanguage":"qt"},{"@type":"Organization","@id":"https:\/\/qtmm.org\/qt\/#organization","name":"\u041c\u0435\u0434\u0436\u043b\u0456\u0441","url":"https:\/\/qtmm.org\/qt\/","logo":{"@type":"ImageObject","inLanguage":"qt","@id":"https:\/\/qtmm.org\/qt\/#\/schema\/logo\/image\/","url":"https:\/\/qtmm.org\/wp-content\/uploads\/2024\/12\/ua-mejlis-logo-rgb.svg","contentUrl":"https:\/\/qtmm.org\/wp-content\/uploads\/2024\/12\/ua-mejlis-logo-rgb.svg","caption":"\u041c\u0435\u0434\u0436\u043b\u0456\u0441"},"image":{"@id":"https:\/\/qtmm.org\/qt\/#\/schema\/logo\/image\/"},"sameAs":["https:\/\/www.facebook.com\/qtmm.info\/"]},{"@type":"Person","@id":"https:\/\/qtmm.org\/qt\/#\/schema\/person\/de562469f971dec226ac06e60bbf74a7","name":"Developer","image":{"@type":"ImageObject","inLanguage":"qt","@id":"https:\/\/secure.gravatar.com\/avatar\/392b4cc8fbfeb00b39dfeeab4ee6edded39ffd48e25858637e4765810300227e?s=96&d=mm&r=g","url":"https:\/\/secure.gravatar.com\/avatar\/392b4cc8fbfeb00b39dfeeab4ee6edded39ffd48e25858637e4765810300227e?s=96&d=mm&r=g","contentUrl":"https:\/\/secure.gravatar.com\/avatar\/392b4cc8fbfeb00b39dfeeab4ee6edded39ffd48e25858637e4765810300227e?s=96&d=mm&r=g","caption":"Developer"},"url":"https:\/\/qtmm.org\/qt\/author\/Developer\/"}]}},"_links":{"self":[{"href":"https:\/\/qtmm.org\/qt\/wp-json\/wp\/v2\/posts\/34244","targetHints":{"allow":["GET"]}}],"collection":[{"href":"https:\/\/qtmm.org\/qt\/wp-json\/wp\/v2\/posts"}],"about":[{"href":"https:\/\/qtmm.org\/qt\/wp-json\/wp\/v2\/types\/post"}],"author":[{"embeddable":true,"href":"https:\/\/qtmm.org\/qt\/wp-json\/wp\/v2\/users\/1"}],"replies":[{"embeddable":true,"href":"https:\/\/qtmm.org\/qt\/wp-json\/wp\/v2\/comments?post=34244"}],"version-history":[{"count":1,"href":"https:\/\/qtmm.org\/qt\/wp-json\/wp\/v2\/posts\/34244\/revisions"}],"predecessor-version":[{"id":34253,"href":"https:\/\/qtmm.org\/qt\/wp-json\/wp\/v2\/posts\/34244\/revisions\/34253"}],"wp:featuredmedia":[{"embeddable":true,"href":"https:\/\/qtmm.org\/qt\/wp-json\/wp\/v2\/media\/34249"}],"wp:attachment":[{"href":"https:\/\/qtmm.org\/qt\/wp-json\/wp\/v2\/media?parent=34244"}],"wp:term":[{"taxonomy":"category","embeddable":true,"href":"https:\/\/qtmm.org\/qt\/wp-json\/wp\/v2\/categories?post=34244"},{"taxonomy":"post_tag","embeddable":true,"href":"https:\/\/qtmm.org\/qt\/wp-json\/wp\/v2\/tags?post=34244"}],"curies":[{"name":"wp","href":"https:\/\/api.w.org\/{rel}","templated":true}]}}