




{"id":34226,"date":"2012-09-17T17:05:00","date_gmt":"2012-09-17T14:05:00","guid":{"rendered":"http:\/\/qtmm.org\/?p=34226"},"modified":"2022-01-22T17:07:46","modified_gmt":"2022-01-22T14:07:46","slug":"2012-senesi-sentabr-17-kunu-gdanskte-avropa-hatirasi-halqara-tarihiy-simpoizum-olip-kecti","status":"publish","type":"post","link":"https:\/\/qtmm.org\/qt\/2012-senesi-sentabr-17-kunu-gdanskte-avropa-hatirasi-halqara-tarihiy-simpoizum-olip-kecti\/","title":{"rendered":"2012 senesi sent\u00e2br 17 k\u00fcn\u00fc Gdanskte \u00abAvropa hat\u0131ras\u0131\u00bb halqara tarihiy simpoizum ol\u0131p ke\u00e7ti"},"content":{"rendered":"\n<p>Sent\u00e2br 13-16 k\u00fcnleri Poloniyan\u0131\u00f1 Gdansk \u015feerinde &#8220;Avropa hat\u0131ras\u0131. HH as\u0131r tarih\u0131n\u0131 tedqiq etken Avropa te\u015fkil\u00e2tlan\u0131n\u0131\u00f1 1-nci simpozium\u0131&#8221; adl\u0131 halqara konferentsiya ke\u00e7irildi.<\/p>\n\n\n\n<p>Tedbir te\u015fkil\u00e2t\u00e7\u0131lar\u0131n\u0131\u00f1 maqsad\u0131 ke\u00e7ken as\u0131rda Avropa totalitar rejimini\u00f1 tarih\u0131n\u0131 \u00f6gren\u00fcv saas\u0131 m\u00fctehass\u0131slar\u0131n\u0131\u00f1 a\u00e7\u0131qtan-a\u00e7\u0131q \u00e7\u0131q\u0131\u015flar\u0131n\u0131 te\u015fkil etmektir.<\/p>\n\n\n\n<figure class=\"wp-block-image size-full\"><img loading=\"lazy\" decoding=\"async\" width=\"650\" height=\"300\" src=\"http:\/\/qtmm.org\/wp-content\/uploads\/2022\/01\/1_66.jpeg\" alt=\"\" class=\"wp-image-34227\" srcset=\"https:\/\/qtmm.org\/wp-content\/uploads\/2022\/01\/1_66.jpeg 650w, https:\/\/qtmm.org\/wp-content\/uploads\/2022\/01\/1_66-300x138.jpeg 300w\" sizes=\"auto, (max-width: 650px) 100vw, 650px\" \/><\/figure>\n\n\n\n<p>Gdansk \u015feerine eki k\u00fcnge \u0130taliya, Frantsiya, Macaristan, Romaniya, \u0130srail, Ukraina ve ba\u015fqa devletlerni\u00f1 m\u00fczey, ara\u015ft\u0131rma merkezleri ve cemaat te\u015fkil\u00e2tlar\u0131ndan 100-ge yaq\u0131n vekilleri toplan\u0131p, Avropada &#8220;acquis historique communautaire&#8221; mevcutl\u0131\u011f\u0131 husus\u0131nda fikir payla\u015ft\u0131lar.<br><br>Ukrainan\u0131 \u0130nsan aqlar\u0131 boyunca Harkov Helsinki birligini\u00f1 ba\u015f\u0131 Yevgeniy Zaharov ve Meclisni\u00f1 t\u0131\u015fq\u0131 al\u00e2qalar b\u00f6l\u00fcgini\u00f1 ba\u015f\u0131 Ali Hamzin temsil ettiler. Munaqa\u015fa devam\u0131nda eki kere \u00e7\u0131q\u0131\u015fta bulun\u011fan ali Hamzin HH as\u0131rdaki eki totalitar rejimni\u00f1 aqibetleri ve qurbanlar\u0131n\u0131 \u00f6gren\u00fcv devam\u0131nda b\u00fct\u00fcn bir halqlarn\u0131\u00f1 quvulmas\u0131n\u0131 insanl\u0131qqa qar\u015f\u0131 yap\u0131l\u011fan cinayet yani s\u00fcrg\u00fcnlik kibi ayr\u0131ca tedqiq etilmek kerekligini qayd etti.<\/p>\n\n\n\n<figure class=\"wp-block-image size-full\"><img loading=\"lazy\" decoding=\"async\" width=\"650\" height=\"300\" src=\"http:\/\/qtmm.org\/wp-content\/uploads\/2022\/01\/2_70.jpeg\" alt=\"\" class=\"wp-image-34231\" srcset=\"https:\/\/qtmm.org\/wp-content\/uploads\/2022\/01\/2_70.jpeg 650w, https:\/\/qtmm.org\/wp-content\/uploads\/2022\/01\/2_70-300x138.jpeg 300w\" sizes=\"auto, (max-width: 650px) 100vw, 650px\" \/><\/figure>\n\n\n\n<p>&#8220;Q\u0131r\u0131mtatar halq\u0131 yal\u0131\u00f1\u0131z on\u0131 s\u00fcrg\u00fcn etken ve \u015fu aqibette s\u00fcrg\u00fcnlikte ealisini\u00f1 46,2 fay\u0131z\u0131n\u0131 yoq etken SSSR kommunist rejiminden zarar k\u00f6rmeyip, ayn\u0131 zamanda almanlar basq\u0131s\u0131ndan da \u00e7eki\u015fti. Almanlarn\u0131\u00f1 arbiy idaresini\u00f1 emiri ile Q\u0131r\u0131mda 100-den ziyade q\u0131r\u0131mtatar k\u00f6yleri, 80 mektep, onlarnen tarihiy ve medeniy yadik\u00e2rl\u0131qlar yaq\u0131ld\u0131&#8221;, &#8211; dedi Ali Hamzin. Forum i\u015ftirak\u00e7ilerine muracaat eterek.<\/p>\n\n\n\n<p>Bun\u0131\u00f1 kibi de o belli sovet dissidentleri ve uquqqoruy\u0131c\u0131lar\u0131 taraf\u0131ndan Q\u0131r\u0131m Forum\u0131n\u0131\u00f1 tesis etilgeni aqq\u0131nda haber etip, olarn\u0131\u00f1 b\u00fcy\u00fck tecribe ve issesinden faydalanmaqn\u0131 teklif etti. Gdansk simpozium\u0131 Avropa munaqa\u015fa forum\u0131n\u0131 te\u015fkil et\u00fcv yolunda ilk ad\u0131m old\u0131.<\/p>\n\n\n\n<figure class=\"wp-block-image size-full\"><img loading=\"lazy\" decoding=\"async\" width=\"650\" height=\"433\" src=\"http:\/\/qtmm.org\/wp-content\/uploads\/2022\/01\/3_44.jpeg\" alt=\"\" class=\"wp-image-34235\" srcset=\"https:\/\/qtmm.org\/wp-content\/uploads\/2022\/01\/3_44.jpeg 650w, https:\/\/qtmm.org\/wp-content\/uploads\/2022\/01\/3_44-300x200.jpeg 300w\" sizes=\"auto, (max-width: 650px) 100vw, 650px\" \/><\/figure>\n\n\n\n<p>Mezk\u00fcr seminarda ilmiy-tarihiy ve siyasiy-i\u00e7timaiy alanda alman i\u00e7timaiy-demokratik siyaset\u00e7i, B\u00fcndestag azas\u0131, Alamniya ve Pologniya munasebetleri i\u00e7\u00fcyen mes\u00fcl Markus Mekel, italiyal\u0131 jurnalist, Radio3mondo radios\u0131 hadimi Luici Spinola, Macaristan ilimleri akademiyas\u0131 prezidium\u0131n\u0131\u00f1 azas\u0131, professor Atilla Pok, Lipsk universitetinden professor Stefan Trebst, Avropa G\u00f6\u00f1\u00fclde\u015flik Merkezini\u00f1 direktor\u0131 Bazil Kerskiyni\u00f1 i\u015ftirak etmesi mevzun\u0131\u00f1 m\u00fcimligi ve emiyetini tasdiqlad\u0131.<\/p>\n\n\n\n<p>Probleman\u0131\u00f1 ne derecede m\u00fcim ol\u011fan\u0131n\u0131 tedbir i\u015ftirak\u00e7ilerini\u00f1 \u00e7\u0131q\u0131\u015flar\u0131 ve k\u00fctleviy matbuat vastalar\u0131n\u0131\u00f1 haberleri daa bir kere isbat ettiler.<br>Simpoziumn\u0131 Avropa G\u00f6\u00f1\u00fclde\u015flik merkezi (<a href=\"http:\/\/www.ecs.gda.pl\/\" target=\"_blank\" rel=\"noreferrer noopener\">www.ecs.gda.pl<\/a>), Hat\u0131ra ve G\u00f6\u00f1\u00fclde\u015flik Avropa a\u011flar\u0131 (<a href=\"http:\/\/www.enrs.eu\/\" target=\"_blank\" rel=\"noreferrer noopener\">www.enrs.eu<\/a>) ve Diktaturan\u0131 tedqiq et\u00fcv fond\u0131 (<a href=\"http:\/\/www.stiftung-aufarbeitung.de\/\" target=\"_blank\" rel=\"noreferrer noopener\">www.stiftung-aufarbeitung.de<\/a>) Robert Havemann cemiyetinen (<a href=\"http:\/\/www.havemann-gesellschaft.de\/\" target=\"_blank\" rel=\"noreferrer noopener\">www.havemann-gesellschaft.de<\/a>) ve Ekinci cian cenki m\u00fczeyinen birlikte (<a href=\"http:\/\/www.muzeum1939.pl\/\" target=\"_blank\" rel=\"noreferrer noopener\">www.muzeum1939.pl<\/a>) te\u015fkil\u00e2tland\u0131rd\u0131lar.<\/p>\n\n\n\n<p>Simpozium\u011fa maddiy destekni Almaniya \u00fck\u00fcmeti Medeniyet ve K\u00fctleviy matbuat vastalar\u0131 boyunca Federal komissar k\u00f6sterdi<\/p>\n\n\n\n<figure class=\"wp-block-image size-full\"><img loading=\"lazy\" decoding=\"async\" width=\"650\" height=\"300\" src=\"http:\/\/qtmm.org\/wp-content\/uploads\/2022\/01\/4_43.jpeg\" alt=\"\" class=\"wp-image-34239\" srcset=\"https:\/\/qtmm.org\/wp-content\/uploads\/2022\/01\/4_43.jpeg 650w, https:\/\/qtmm.org\/wp-content\/uploads\/2022\/01\/4_43-300x138.jpeg 300w\" sizes=\"auto, (max-width: 650px) 100vw, 650px\" \/><\/figure>\n","protected":false},"excerpt":{"rendered":"<p>Sent\u00e2br 13-16 k\u00fcnleri Poloniyan\u0131\u00f1 Gdansk \u015feerinde &#8220;Avropa hat\u0131ras\u0131. HH as\u0131r tarih\u0131n\u0131 tedqiq etken Avropa te\u015fkil\u00e2tlan\u0131n\u0131\u00f1 1-nci simpozium\u0131&#8221; adl\u0131 halqara konferentsiya ke\u00e7irildi. Tedbir te\u015fkil\u00e2t\u00e7\u0131lar\u0131n\u0131\u00f1 maqsad\u0131 ke\u00e7ken as\u0131rda Avropa totalitar rejimini\u00f1 tarih\u0131n\u0131 \u00f6gren\u00fcv saas\u0131 m\u00fctehass\u0131slar\u0131n\u0131\u00f1 a\u00e7\u0131qtan-a\u00e7\u0131q \u00e7\u0131q\u0131\u015flar\u0131n\u0131 te\u015fkil etmektir. Gdansk \u015feerine eki k\u00fcnge \u0130taliya, Frantsiya, Macaristan, Romaniya, \u0130srail, Ukraina ve ba\u015fqa devletlerni\u00f1 m\u00fczey, ara\u015ft\u0131rma merkezleri ve cemaat [&hellip;]<\/p>\n","protected":false},"author":1,"featured_media":0,"comment_status":"open","ping_status":"open","sticky":false,"template":"","format":"standard","meta":{"inline_featured_image":false,"footnotes":""},"categories":[265],"tags":[],"class_list":["post-34226","post","type-post","status-publish","format-standard","hentry","category-haberler"],"acf":[],"yoast_head":"<!-- This site is optimized with the Yoast SEO plugin v27.4 - https:\/\/yoast.com\/product\/yoast-seo-wordpress\/ -->\n<title>2012 senesi sent\u00e2br 17 k\u00fcn\u00fc Gdanskte \u00abAvropa hat\u0131ras\u0131\u00bb halqara tarihiy simpoizum ol\u0131p ke\u00e7ti - \u041c\u0435\u0434\u0436\u043b\u0456\u0441<\/title>\n<meta name=\"robots\" content=\"index, follow, max-snippet:-1, max-image-preview:large, max-video-preview:-1\" \/>\n<link rel=\"canonical\" href=\"https:\/\/qtmm.org\/qt\/2012-senesi-sentabr-17-kunu-gdanskte-avropa-hatirasi-halqara-tarihiy-simpoizum-olip-kecti\/\" \/>\n<meta property=\"og:locale\" content=\"en_US\" \/>\n<meta property=\"og:type\" content=\"article\" \/>\n<meta property=\"og:title\" content=\"2012 senesi sent\u00e2br 17 k\u00fcn\u00fc Gdanskte \u00abAvropa hat\u0131ras\u0131\u00bb halqara tarihiy simpoizum ol\u0131p ke\u00e7ti - \u041c\u0435\u0434\u0436\u043b\u0456\u0441\" \/>\n<meta property=\"og:description\" content=\"Sent\u00e2br 13-16 k\u00fcnleri Poloniyan\u0131\u00f1 Gdansk \u015feerinde &#8220;Avropa hat\u0131ras\u0131. HH as\u0131r tarih\u0131n\u0131 tedqiq etken Avropa te\u015fkil\u00e2tlan\u0131n\u0131\u00f1 1-nci simpozium\u0131&#8221; adl\u0131 halqara konferentsiya ke\u00e7irildi. Tedbir te\u015fkil\u00e2t\u00e7\u0131lar\u0131n\u0131\u00f1 maqsad\u0131 ke\u00e7ken as\u0131rda Avropa totalitar rejimini\u00f1 tarih\u0131n\u0131 \u00f6gren\u00fcv saas\u0131 m\u00fctehass\u0131slar\u0131n\u0131\u00f1 a\u00e7\u0131qtan-a\u00e7\u0131q \u00e7\u0131q\u0131\u015flar\u0131n\u0131 te\u015fkil etmektir. Gdansk \u015feerine eki k\u00fcnge \u0130taliya, Frantsiya, Macaristan, Romaniya, \u0130srail, Ukraina ve ba\u015fqa devletlerni\u00f1 m\u00fczey, ara\u015ft\u0131rma merkezleri ve cemaat [&hellip;]\" \/>\n<meta property=\"og:url\" content=\"https:\/\/qtmm.org\/qt\/2012-senesi-sentabr-17-kunu-gdanskte-avropa-hatirasi-halqara-tarihiy-simpoizum-olip-kecti\/\" \/>\n<meta property=\"og:site_name\" content=\"\u041c\u0435\u0434\u0436\u043b\u0456\u0441\" \/>\n<meta property=\"article:publisher\" content=\"https:\/\/www.facebook.com\/qtmm.info\/\" \/>\n<meta property=\"article:published_time\" content=\"2012-09-17T14:05:00+00:00\" \/>\n<meta property=\"article:modified_time\" content=\"2022-01-22T14:07:46+00:00\" \/>\n<meta property=\"og:image\" content=\"https:\/\/qtmm.org\/wp-content\/uploads\/2022\/01\/1_66.jpeg\" \/>\n\t<meta property=\"og:image:width\" content=\"650\" \/>\n\t<meta property=\"og:image:height\" content=\"300\" \/>\n\t<meta property=\"og:image:type\" content=\"image\/jpeg\" \/>\n<meta name=\"author\" content=\"Developer\" \/>\n<meta name=\"twitter:card\" content=\"summary_large_image\" \/>\n<meta name=\"twitter:label1\" content=\"Written by\" \/>\n\t<meta name=\"twitter:data1\" content=\"Developer\" \/>\n\t<meta name=\"twitter:label2\" content=\"Est. reading time\" \/>\n\t<meta name=\"twitter:data2\" content=\"2 minutes\" \/>\n<script type=\"application\/ld+json\" class=\"yoast-schema-graph\">{\"@context\":\"https:\\\/\\\/schema.org\",\"@graph\":[{\"@type\":\"Article\",\"@id\":\"https:\\\/\\\/qtmm.org\\\/qt\\\/2012-senesi-sentabr-17-kunu-gdanskte-avropa-hatirasi-halqara-tarihiy-simpoizum-olip-kecti\\\/#article\",\"isPartOf\":{\"@id\":\"https:\\\/\\\/qtmm.org\\\/qt\\\/2012-senesi-sentabr-17-kunu-gdanskte-avropa-hatirasi-halqara-tarihiy-simpoizum-olip-kecti\\\/\"},\"author\":{\"name\":\"Developer\",\"@id\":\"https:\\\/\\\/qtmm.org\\\/qt\\\/#\\\/schema\\\/person\\\/de562469f971dec226ac06e60bbf74a7\"},\"headline\":\"2012 senesi sent\u00e2br 17 k\u00fcn\u00fc Gdanskte \u00abAvropa hat\u0131ras\u0131\u00bb halqara tarihiy simpoizum ol\u0131p ke\u00e7ti\",\"datePublished\":\"2012-09-17T14:05:00+00:00\",\"dateModified\":\"2022-01-22T14:07:46+00:00\",\"mainEntityOfPage\":{\"@id\":\"https:\\\/\\\/qtmm.org\\\/qt\\\/2012-senesi-sentabr-17-kunu-gdanskte-avropa-hatirasi-halqara-tarihiy-simpoizum-olip-kecti\\\/\"},\"wordCount\":482,\"commentCount\":0,\"publisher\":{\"@id\":\"https:\\\/\\\/qtmm.org\\\/qt\\\/#organization\"},\"image\":{\"@id\":\"https:\\\/\\\/qtmm.org\\\/qt\\\/2012-senesi-sentabr-17-kunu-gdanskte-avropa-hatirasi-halqara-tarihiy-simpoizum-olip-kecti\\\/#primaryimage\"},\"thumbnailUrl\":\"http:\\\/\\\/qtmm.org\\\/wp-content\\\/uploads\\\/2022\\\/01\\\/1_66.jpeg\",\"articleSection\":[\"Haberler\"],\"inLanguage\":\"qt\",\"potentialAction\":[{\"@type\":\"CommentAction\",\"name\":\"Comment\",\"target\":[\"https:\\\/\\\/qtmm.org\\\/qt\\\/2012-senesi-sentabr-17-kunu-gdanskte-avropa-hatirasi-halqara-tarihiy-simpoizum-olip-kecti\\\/#respond\"]}]},{\"@type\":\"WebPage\",\"@id\":\"https:\\\/\\\/qtmm.org\\\/qt\\\/2012-senesi-sentabr-17-kunu-gdanskte-avropa-hatirasi-halqara-tarihiy-simpoizum-olip-kecti\\\/\",\"url\":\"https:\\\/\\\/qtmm.org\\\/qt\\\/2012-senesi-sentabr-17-kunu-gdanskte-avropa-hatirasi-halqara-tarihiy-simpoizum-olip-kecti\\\/\",\"name\":\"2012 senesi sent\u00e2br 17 k\u00fcn\u00fc Gdanskte \u00abAvropa hat\u0131ras\u0131\u00bb halqara tarihiy simpoizum ol\u0131p ke\u00e7ti - \u041c\u0435\u0434\u0436\u043b\u0456\u0441\",\"isPartOf\":{\"@id\":\"https:\\\/\\\/qtmm.org\\\/qt\\\/#website\"},\"primaryImageOfPage\":{\"@id\":\"https:\\\/\\\/qtmm.org\\\/qt\\\/2012-senesi-sentabr-17-kunu-gdanskte-avropa-hatirasi-halqara-tarihiy-simpoizum-olip-kecti\\\/#primaryimage\"},\"image\":{\"@id\":\"https:\\\/\\\/qtmm.org\\\/qt\\\/2012-senesi-sentabr-17-kunu-gdanskte-avropa-hatirasi-halqara-tarihiy-simpoizum-olip-kecti\\\/#primaryimage\"},\"thumbnailUrl\":\"http:\\\/\\\/qtmm.org\\\/wp-content\\\/uploads\\\/2022\\\/01\\\/1_66.jpeg\",\"datePublished\":\"2012-09-17T14:05:00+00:00\",\"dateModified\":\"2022-01-22T14:07:46+00:00\",\"breadcrumb\":{\"@id\":\"https:\\\/\\\/qtmm.org\\\/qt\\\/2012-senesi-sentabr-17-kunu-gdanskte-avropa-hatirasi-halqara-tarihiy-simpoizum-olip-kecti\\\/#breadcrumb\"},\"inLanguage\":\"qt\",\"potentialAction\":[{\"@type\":\"ReadAction\",\"target\":[\"https:\\\/\\\/qtmm.org\\\/qt\\\/2012-senesi-sentabr-17-kunu-gdanskte-avropa-hatirasi-halqara-tarihiy-simpoizum-olip-kecti\\\/\"]}]},{\"@type\":\"ImageObject\",\"inLanguage\":\"qt\",\"@id\":\"https:\\\/\\\/qtmm.org\\\/qt\\\/2012-senesi-sentabr-17-kunu-gdanskte-avropa-hatirasi-halqara-tarihiy-simpoizum-olip-kecti\\\/#primaryimage\",\"url\":\"http:\\\/\\\/qtmm.org\\\/wp-content\\\/uploads\\\/2022\\\/01\\\/1_66.jpeg\",\"contentUrl\":\"http:\\\/\\\/qtmm.org\\\/wp-content\\\/uploads\\\/2022\\\/01\\\/1_66.jpeg\"},{\"@type\":\"BreadcrumbList\",\"@id\":\"https:\\\/\\\/qtmm.org\\\/qt\\\/2012-senesi-sentabr-17-kunu-gdanskte-avropa-hatirasi-halqara-tarihiy-simpoizum-olip-kecti\\\/#breadcrumb\",\"itemListElement\":[{\"@type\":\"ListItem\",\"position\":1,\"name\":\"\u0413\u043e\u043b\u043e\u0432\u043d\u0430\",\"item\":\"https:\\\/\\\/qtmm.org\\\/qt\\\/\"},{\"@type\":\"ListItem\",\"position\":2,\"name\":\"2012 senesi sent\u00e2br 17 k\u00fcn\u00fc Gdanskte \u00abAvropa hat\u0131ras\u0131\u00bb halqara tarihiy simpoizum ol\u0131p ke\u00e7ti\"}]},{\"@type\":\"WebSite\",\"@id\":\"https:\\\/\\\/qtmm.org\\\/qt\\\/#website\",\"url\":\"https:\\\/\\\/qtmm.org\\\/qt\\\/\",\"name\":\"\u041c\u0435\u0434\u0436\u043b\u0456\u0441\",\"description\":\"\",\"publisher\":{\"@id\":\"https:\\\/\\\/qtmm.org\\\/qt\\\/#organization\"},\"potentialAction\":[{\"@type\":\"SearchAction\",\"target\":{\"@type\":\"EntryPoint\",\"urlTemplate\":\"https:\\\/\\\/qtmm.org\\\/qt\\\/?s={search_term_string}\"},\"query-input\":{\"@type\":\"PropertyValueSpecification\",\"valueRequired\":true,\"valueName\":\"search_term_string\"}}],\"inLanguage\":\"qt\"},{\"@type\":\"Organization\",\"@id\":\"https:\\\/\\\/qtmm.org\\\/qt\\\/#organization\",\"name\":\"\u041c\u0435\u0434\u0436\u043b\u0456\u0441\",\"url\":\"https:\\\/\\\/qtmm.org\\\/qt\\\/\",\"logo\":{\"@type\":\"ImageObject\",\"inLanguage\":\"qt\",\"@id\":\"https:\\\/\\\/qtmm.org\\\/qt\\\/#\\\/schema\\\/logo\\\/image\\\/\",\"url\":\"https:\\\/\\\/qtmm.org\\\/wp-content\\\/uploads\\\/2024\\\/12\\\/ua-mejlis-logo-rgb.svg\",\"contentUrl\":\"https:\\\/\\\/qtmm.org\\\/wp-content\\\/uploads\\\/2024\\\/12\\\/ua-mejlis-logo-rgb.svg\",\"caption\":\"\u041c\u0435\u0434\u0436\u043b\u0456\u0441\"},\"image\":{\"@id\":\"https:\\\/\\\/qtmm.org\\\/qt\\\/#\\\/schema\\\/logo\\\/image\\\/\"},\"sameAs\":[\"https:\\\/\\\/www.facebook.com\\\/qtmm.info\\\/\"]},{\"@type\":\"Person\",\"@id\":\"https:\\\/\\\/qtmm.org\\\/qt\\\/#\\\/schema\\\/person\\\/de562469f971dec226ac06e60bbf74a7\",\"name\":\"Developer\",\"image\":{\"@type\":\"ImageObject\",\"inLanguage\":\"qt\",\"@id\":\"https:\\\/\\\/secure.gravatar.com\\\/avatar\\\/392b4cc8fbfeb00b39dfeeab4ee6edded39ffd48e25858637e4765810300227e?s=96&d=mm&r=g\",\"url\":\"https:\\\/\\\/secure.gravatar.com\\\/avatar\\\/392b4cc8fbfeb00b39dfeeab4ee6edded39ffd48e25858637e4765810300227e?s=96&d=mm&r=g\",\"contentUrl\":\"https:\\\/\\\/secure.gravatar.com\\\/avatar\\\/392b4cc8fbfeb00b39dfeeab4ee6edded39ffd48e25858637e4765810300227e?s=96&d=mm&r=g\",\"caption\":\"Developer\"},\"url\":\"https:\\\/\\\/qtmm.org\\\/qt\\\/author\\\/Developer\\\/\"}]}<\/script>\n<!-- \/ Yoast SEO plugin. -->","yoast_head_json":{"title":"2012 senesi sent\u00e2br 17 k\u00fcn\u00fc Gdanskte \u00abAvropa hat\u0131ras\u0131\u00bb halqara tarihiy simpoizum ol\u0131p ke\u00e7ti - \u041c\u0435\u0434\u0436\u043b\u0456\u0441","robots":{"index":"index","follow":"follow","max-snippet":"max-snippet:-1","max-image-preview":"max-image-preview:large","max-video-preview":"max-video-preview:-1"},"canonical":"https:\/\/qtmm.org\/qt\/2012-senesi-sentabr-17-kunu-gdanskte-avropa-hatirasi-halqara-tarihiy-simpoizum-olip-kecti\/","og_locale":"en_US","og_type":"article","og_title":"2012 senesi sent\u00e2br 17 k\u00fcn\u00fc Gdanskte \u00abAvropa hat\u0131ras\u0131\u00bb halqara tarihiy simpoizum ol\u0131p ke\u00e7ti - \u041c\u0435\u0434\u0436\u043b\u0456\u0441","og_description":"Sent\u00e2br 13-16 k\u00fcnleri Poloniyan\u0131\u00f1 Gdansk \u015feerinde &#8220;Avropa hat\u0131ras\u0131. HH as\u0131r tarih\u0131n\u0131 tedqiq etken Avropa te\u015fkil\u00e2tlan\u0131n\u0131\u00f1 1-nci simpozium\u0131&#8221; adl\u0131 halqara konferentsiya ke\u00e7irildi. Tedbir te\u015fkil\u00e2t\u00e7\u0131lar\u0131n\u0131\u00f1 maqsad\u0131 ke\u00e7ken as\u0131rda Avropa totalitar rejimini\u00f1 tarih\u0131n\u0131 \u00f6gren\u00fcv saas\u0131 m\u00fctehass\u0131slar\u0131n\u0131\u00f1 a\u00e7\u0131qtan-a\u00e7\u0131q \u00e7\u0131q\u0131\u015flar\u0131n\u0131 te\u015fkil etmektir. Gdansk \u015feerine eki k\u00fcnge \u0130taliya, Frantsiya, Macaristan, Romaniya, \u0130srail, Ukraina ve ba\u015fqa devletlerni\u00f1 m\u00fczey, ara\u015ft\u0131rma merkezleri ve cemaat [&hellip;]","og_url":"https:\/\/qtmm.org\/qt\/2012-senesi-sentabr-17-kunu-gdanskte-avropa-hatirasi-halqara-tarihiy-simpoizum-olip-kecti\/","og_site_name":"\u041c\u0435\u0434\u0436\u043b\u0456\u0441","article_publisher":"https:\/\/www.facebook.com\/qtmm.info\/","article_published_time":"2012-09-17T14:05:00+00:00","article_modified_time":"2022-01-22T14:07:46+00:00","og_image":[{"width":650,"height":300,"url":"https:\/\/qtmm.org\/wp-content\/uploads\/2022\/01\/1_66.jpeg","type":"image\/jpeg"}],"author":"Developer","twitter_card":"summary_large_image","twitter_misc":{"Written by":"Developer","Est. reading time":"2 minutes"},"schema":{"@context":"https:\/\/schema.org","@graph":[{"@type":"Article","@id":"https:\/\/qtmm.org\/qt\/2012-senesi-sentabr-17-kunu-gdanskte-avropa-hatirasi-halqara-tarihiy-simpoizum-olip-kecti\/#article","isPartOf":{"@id":"https:\/\/qtmm.org\/qt\/2012-senesi-sentabr-17-kunu-gdanskte-avropa-hatirasi-halqara-tarihiy-simpoizum-olip-kecti\/"},"author":{"name":"Developer","@id":"https:\/\/qtmm.org\/qt\/#\/schema\/person\/de562469f971dec226ac06e60bbf74a7"},"headline":"2012 senesi sent\u00e2br 17 k\u00fcn\u00fc Gdanskte \u00abAvropa hat\u0131ras\u0131\u00bb halqara tarihiy simpoizum ol\u0131p ke\u00e7ti","datePublished":"2012-09-17T14:05:00+00:00","dateModified":"2022-01-22T14:07:46+00:00","mainEntityOfPage":{"@id":"https:\/\/qtmm.org\/qt\/2012-senesi-sentabr-17-kunu-gdanskte-avropa-hatirasi-halqara-tarihiy-simpoizum-olip-kecti\/"},"wordCount":482,"commentCount":0,"publisher":{"@id":"https:\/\/qtmm.org\/qt\/#organization"},"image":{"@id":"https:\/\/qtmm.org\/qt\/2012-senesi-sentabr-17-kunu-gdanskte-avropa-hatirasi-halqara-tarihiy-simpoizum-olip-kecti\/#primaryimage"},"thumbnailUrl":"http:\/\/qtmm.org\/wp-content\/uploads\/2022\/01\/1_66.jpeg","articleSection":["Haberler"],"inLanguage":"qt","potentialAction":[{"@type":"CommentAction","name":"Comment","target":["https:\/\/qtmm.org\/qt\/2012-senesi-sentabr-17-kunu-gdanskte-avropa-hatirasi-halqara-tarihiy-simpoizum-olip-kecti\/#respond"]}]},{"@type":"WebPage","@id":"https:\/\/qtmm.org\/qt\/2012-senesi-sentabr-17-kunu-gdanskte-avropa-hatirasi-halqara-tarihiy-simpoizum-olip-kecti\/","url":"https:\/\/qtmm.org\/qt\/2012-senesi-sentabr-17-kunu-gdanskte-avropa-hatirasi-halqara-tarihiy-simpoizum-olip-kecti\/","name":"2012 senesi sent\u00e2br 17 k\u00fcn\u00fc Gdanskte \u00abAvropa hat\u0131ras\u0131\u00bb halqara tarihiy simpoizum ol\u0131p ke\u00e7ti - \u041c\u0435\u0434\u0436\u043b\u0456\u0441","isPartOf":{"@id":"https:\/\/qtmm.org\/qt\/#website"},"primaryImageOfPage":{"@id":"https:\/\/qtmm.org\/qt\/2012-senesi-sentabr-17-kunu-gdanskte-avropa-hatirasi-halqara-tarihiy-simpoizum-olip-kecti\/#primaryimage"},"image":{"@id":"https:\/\/qtmm.org\/qt\/2012-senesi-sentabr-17-kunu-gdanskte-avropa-hatirasi-halqara-tarihiy-simpoizum-olip-kecti\/#primaryimage"},"thumbnailUrl":"http:\/\/qtmm.org\/wp-content\/uploads\/2022\/01\/1_66.jpeg","datePublished":"2012-09-17T14:05:00+00:00","dateModified":"2022-01-22T14:07:46+00:00","breadcrumb":{"@id":"https:\/\/qtmm.org\/qt\/2012-senesi-sentabr-17-kunu-gdanskte-avropa-hatirasi-halqara-tarihiy-simpoizum-olip-kecti\/#breadcrumb"},"inLanguage":"qt","potentialAction":[{"@type":"ReadAction","target":["https:\/\/qtmm.org\/qt\/2012-senesi-sentabr-17-kunu-gdanskte-avropa-hatirasi-halqara-tarihiy-simpoizum-olip-kecti\/"]}]},{"@type":"ImageObject","inLanguage":"qt","@id":"https:\/\/qtmm.org\/qt\/2012-senesi-sentabr-17-kunu-gdanskte-avropa-hatirasi-halqara-tarihiy-simpoizum-olip-kecti\/#primaryimage","url":"http:\/\/qtmm.org\/wp-content\/uploads\/2022\/01\/1_66.jpeg","contentUrl":"http:\/\/qtmm.org\/wp-content\/uploads\/2022\/01\/1_66.jpeg"},{"@type":"BreadcrumbList","@id":"https:\/\/qtmm.org\/qt\/2012-senesi-sentabr-17-kunu-gdanskte-avropa-hatirasi-halqara-tarihiy-simpoizum-olip-kecti\/#breadcrumb","itemListElement":[{"@type":"ListItem","position":1,"name":"\u0413\u043e\u043b\u043e\u0432\u043d\u0430","item":"https:\/\/qtmm.org\/qt\/"},{"@type":"ListItem","position":2,"name":"2012 senesi sent\u00e2br 17 k\u00fcn\u00fc Gdanskte \u00abAvropa hat\u0131ras\u0131\u00bb halqara tarihiy simpoizum ol\u0131p ke\u00e7ti"}]},{"@type":"WebSite","@id":"https:\/\/qtmm.org\/qt\/#website","url":"https:\/\/qtmm.org\/qt\/","name":"\u041c\u0435\u0434\u0436\u043b\u0456\u0441","description":"","publisher":{"@id":"https:\/\/qtmm.org\/qt\/#organization"},"potentialAction":[{"@type":"SearchAction","target":{"@type":"EntryPoint","urlTemplate":"https:\/\/qtmm.org\/qt\/?s={search_term_string}"},"query-input":{"@type":"PropertyValueSpecification","valueRequired":true,"valueName":"search_term_string"}}],"inLanguage":"qt"},{"@type":"Organization","@id":"https:\/\/qtmm.org\/qt\/#organization","name":"\u041c\u0435\u0434\u0436\u043b\u0456\u0441","url":"https:\/\/qtmm.org\/qt\/","logo":{"@type":"ImageObject","inLanguage":"qt","@id":"https:\/\/qtmm.org\/qt\/#\/schema\/logo\/image\/","url":"https:\/\/qtmm.org\/wp-content\/uploads\/2024\/12\/ua-mejlis-logo-rgb.svg","contentUrl":"https:\/\/qtmm.org\/wp-content\/uploads\/2024\/12\/ua-mejlis-logo-rgb.svg","caption":"\u041c\u0435\u0434\u0436\u043b\u0456\u0441"},"image":{"@id":"https:\/\/qtmm.org\/qt\/#\/schema\/logo\/image\/"},"sameAs":["https:\/\/www.facebook.com\/qtmm.info\/"]},{"@type":"Person","@id":"https:\/\/qtmm.org\/qt\/#\/schema\/person\/de562469f971dec226ac06e60bbf74a7","name":"Developer","image":{"@type":"ImageObject","inLanguage":"qt","@id":"https:\/\/secure.gravatar.com\/avatar\/392b4cc8fbfeb00b39dfeeab4ee6edded39ffd48e25858637e4765810300227e?s=96&d=mm&r=g","url":"https:\/\/secure.gravatar.com\/avatar\/392b4cc8fbfeb00b39dfeeab4ee6edded39ffd48e25858637e4765810300227e?s=96&d=mm&r=g","contentUrl":"https:\/\/secure.gravatar.com\/avatar\/392b4cc8fbfeb00b39dfeeab4ee6edded39ffd48e25858637e4765810300227e?s=96&d=mm&r=g","caption":"Developer"},"url":"https:\/\/qtmm.org\/qt\/author\/Developer\/"}]}},"_links":{"self":[{"href":"https:\/\/qtmm.org\/qt\/wp-json\/wp\/v2\/posts\/34226","targetHints":{"allow":["GET"]}}],"collection":[{"href":"https:\/\/qtmm.org\/qt\/wp-json\/wp\/v2\/posts"}],"about":[{"href":"https:\/\/qtmm.org\/qt\/wp-json\/wp\/v2\/types\/post"}],"author":[{"embeddable":true,"href":"https:\/\/qtmm.org\/qt\/wp-json\/wp\/v2\/users\/1"}],"replies":[{"embeddable":true,"href":"https:\/\/qtmm.org\/qt\/wp-json\/wp\/v2\/comments?post=34226"}],"version-history":[{"count":1,"href":"https:\/\/qtmm.org\/qt\/wp-json\/wp\/v2\/posts\/34226\/revisions"}],"predecessor-version":[{"id":34243,"href":"https:\/\/qtmm.org\/qt\/wp-json\/wp\/v2\/posts\/34226\/revisions\/34243"}],"wp:attachment":[{"href":"https:\/\/qtmm.org\/qt\/wp-json\/wp\/v2\/media?parent=34226"}],"wp:term":[{"taxonomy":"category","embeddable":true,"href":"https:\/\/qtmm.org\/qt\/wp-json\/wp\/v2\/categories?post=34226"},{"taxonomy":"post_tag","embeddable":true,"href":"https:\/\/qtmm.org\/qt\/wp-json\/wp\/v2\/tags?post=34226"}],"curies":[{"name":"wp","href":"https:\/\/api.w.org\/{rel}","templated":true}]}}