




{"id":34184,"date":"2012-09-16T17:02:00","date_gmt":"2012-09-16T14:02:00","guid":{"rendered":"http:\/\/qtmm.org\/?p=34184"},"modified":"2022-01-22T17:05:41","modified_gmt":"2022-01-22T14:05:41","slug":"bagcasaray-meclisnin-futbol-boyunca-kubok-saibi-oldi","status":"publish","type":"post","link":"https:\/\/qtmm.org\/qt\/bagcasaray-meclisnin-futbol-boyunca-kubok-saibi-oldi\/","title":{"rendered":"Ba\u011f\u00e7asaray Meclisni\u00f1 futbol boyunca kubok saibi old\u0131"},"content":{"rendered":"\n<p>Sent\u00e2br 16-da Ba\u011f\u00e7asaray \u015feerindeki &#8220;Drujba&#8221; stadion\u0131nda Meclisni\u00f1 futbol boyunca kubog\u0131 i\u00e7\u00fcn Ba\u011f\u00e7asaray ve Lenin(Yedi quyu) rayon\u0131 taq\u0131mlar\u0131 aras\u0131nda final oyun\u0131 ol\u0131p ke\u00e7ti.<\/p>\n\n\n\n<figure class=\"wp-block-image size-full\"><img loading=\"lazy\" decoding=\"async\" width=\"650\" height=\"220\" src=\"http:\/\/qtmm.org\/wp-content\/uploads\/2022\/01\/1_65.jpeg\" alt=\"\" class=\"wp-image-34185\" srcset=\"https:\/\/qtmm.org\/wp-content\/uploads\/2022\/01\/1_65.jpeg 650w, https:\/\/qtmm.org\/wp-content\/uploads\/2022\/01\/1_65-300x102.jpeg 300w\" sizes=\"auto, (max-width: 650px) 100vw, 650px\" \/><\/figure>\n\n\n\n<p>Yar\u0131\u015fn\u0131 seyir etmek i\u00e7\u00fcn stadionda 200-den ziyade futbol m\u00fchlisleri topland\u0131.<\/p>\n\n\n\n<p>Mat\u00e7 ba\u015flanmazdan evel a\u00e7\u0131l\u0131\u015f merasiminde Q\u0131r\u0131mtatar halq\u0131 Meclisi reisini\u00f1 muavinleri Remzi \u0130lyasov ve Ahtem \u00c7iygoz, \u0130lmiy \u00dcmerov, Ba\u011f\u00e7asaray rayon devlet memuriyeti ba\u015f\u0131n\u0131\u00f1 muavini Galina Pahar \u00e7\u0131q\u0131\u015fta bulund\u0131lar, &#8220;Emine&#8221; ansamblini\u00f1 artistleri ise yar\u0131\u015f i\u015ftirak\u00e7ileri ve seyircilerge q\u0131r\u0131mtatar halq oyun ve y\u0131rlar\u0131n\u0131 ba\u011f\u0131\u015flad\u0131lar.<\/p>\n\n\n\n<figure class=\"wp-block-image size-full\"><img loading=\"lazy\" decoding=\"async\" width=\"650\" height=\"300\" src=\"http:\/\/qtmm.org\/wp-content\/uploads\/2022\/01\/2_69.jpeg\" alt=\"\" class=\"wp-image-34189\" srcset=\"https:\/\/qtmm.org\/wp-content\/uploads\/2022\/01\/2_69.jpeg 650w, https:\/\/qtmm.org\/wp-content\/uploads\/2022\/01\/2_69-300x138.jpeg 300w\" sizes=\"auto, (max-width: 650px) 100vw, 650px\" \/><\/figure>\n\n\n\n<p>&#8220;Q\u0131ymetli futbolc\u0131lar&#8221;, sizlerni bu bayram yani futbol bayram\u0131 ile hay\u0131rlamaq ister edim. Aq\u0131l\u0131\u00f1\u0131zdam\u0131, bu yar\u0131\u015flarn\u0131\u00f1 ba\u015f\u0131nda 17 futbol taq\u0131m\u0131 ol\u0131p, olarn\u0131 yedi zona\u011fa b\u00f6lgen edik, &#8211; dedi \u00f6z \u00e7\u0131q\u0131\u015f\u0131nda Remzi \u0130lyasov. \u2013 Olardan tek Ba\u011f\u00e7asaray ve Lenin rayon\u0131 taq\u0131mlar\u0131 final\u011fa \u00e7\u0131qt\u0131lar.<\/p>\n\n\n\n<figure class=\"wp-block-image size-full\"><img loading=\"lazy\" decoding=\"async\" width=\"650\" height=\"274\" src=\"http:\/\/qtmm.org\/wp-content\/uploads\/2022\/01\/3_43.jpeg\" alt=\"\" class=\"wp-image-34193\" srcset=\"https:\/\/qtmm.org\/wp-content\/uploads\/2022\/01\/3_43.jpeg 650w, https:\/\/qtmm.org\/wp-content\/uploads\/2022\/01\/3_43-300x126.jpeg 300w\" sizes=\"auto, (max-width: 650px) 100vw, 650px\" \/><\/figure>\n\n\n\n<p>Ba\u011f\u00e7asaray taq\u0131m\u0131n\u0131\u00f1 professional ve k\u00fc\u00e7l\u00fc ol\u011fan\u0131n\u0131 bile edik, l\u00e2kin Lenin (Yedi quyu) rayon\u0131n\u0131\u00f1 taq\u0131m\u0131 bizler i\u00e7\u00fcn s\u00fcrpriz old\u0131&#8221;.<\/p>\n\n\n\n<figure class=\"wp-block-image size-full\"><img loading=\"lazy\" decoding=\"async\" width=\"650\" height=\"274\" src=\"http:\/\/qtmm.org\/wp-content\/uploads\/2022\/01\/4_42.jpeg\" alt=\"\" class=\"wp-image-34197\" srcset=\"https:\/\/qtmm.org\/wp-content\/uploads\/2022\/01\/4_42.jpeg 650w, https:\/\/qtmm.org\/wp-content\/uploads\/2022\/01\/4_42-300x126.jpeg 300w\" sizes=\"auto, (max-width: 650px) 100vw, 650px\" \/><\/figure>\n\n\n\n<p>S\u00f6z\u00fcni\u00f1 so\u00f1unda Remzi \u0130lyasov mat\u00e7 yek\u00fcnlengende em e\u00f1 yah\u015f\u0131 oyunc\u0131lar, em trenerler muk\u00e2fatlanaca\u011f\u0131n\u0131 s\u00f6yledi.<\/p>\n\n\n\n<p>Oyunn\u0131\u00f1 ilk daqqalar\u0131ndan te\u015febb\u00fcsni elge al\u011fan Ba\u011f\u00e7asaray taq\u0131m\u0131n\u0131\u00f1 oyunc\u0131lar\u0131 ard\u0131-s\u0131ra 2 gol kirsetip, raqiplerini \u015fa\u015fmalatt\u0131lar ve birinci taymda 5:0 esapnen ye\u00f1diler. Ekinci taymda Lenin rayon\u0131 taq\u0131m\u0131n\u0131\u00f1 futbolc\u0131lar\u0131 emin areketke ke\u00e7tiler, l\u00e2kin esapn\u0131 te\u00f1 etip olamad\u0131lar. Neticede Ba\u011f\u00e7asaray 8:2 esapnen \u011falebe qazand\u0131.<\/p>\n\n\n\n<figure class=\"wp-block-image size-full\"><img loading=\"lazy\" decoding=\"async\" width=\"650\" height=\"364\" src=\"http:\/\/qtmm.org\/wp-content\/uploads\/2022\/01\/5_20.jpeg\" alt=\"\" class=\"wp-image-34201\" srcset=\"https:\/\/qtmm.org\/wp-content\/uploads\/2022\/01\/5_20.jpeg 650w, https:\/\/qtmm.org\/wp-content\/uploads\/2022\/01\/5_20-300x168.jpeg 300w\" sizes=\"auto, (max-width: 650px) 100vw, 650px\" \/><\/figure>\n\n\n\n<figure class=\"wp-block-image size-full\"><img loading=\"lazy\" decoding=\"async\" width=\"650\" height=\"302\" src=\"http:\/\/qtmm.org\/wp-content\/uploads\/2022\/01\/6_17.jpeg\" alt=\"\" class=\"wp-image-34205\" srcset=\"https:\/\/qtmm.org\/wp-content\/uploads\/2022\/01\/6_17.jpeg 650w, https:\/\/qtmm.org\/wp-content\/uploads\/2022\/01\/6_17-300x139.jpeg 300w\" sizes=\"auto, (max-width: 650px) 100vw, 650px\" \/><\/figure>\n\n\n\n<p>Gollarn\u0131 Arsen Mustafayev -3, Stanislav Yusupov \u2013 2, Amet Tohtarov, \u0130smail Ramazanov, Halil Hayredinov ve Rav\u015fan Seydametov 1-yer gol urd\u0131lar.<\/p>\n\n\n\n<p>Yar\u0131\u015f \u011falipleri ve i\u015ftirak\u00e7ilerini muk\u00e2fatlamaq i\u00e7\u00fcn stadion\u011fa Meclis reisi, Ukraina halq deputat\u0131 Mustafa Cemilev keldi. Oyunc\u0131 ve trenerlerni samimiy hay\u0131rlap, ileride daa da b\u00fcy\u00fck \u011falebelerni elde etmekni tiledi. Ma\u011fl\u00fcp ol\u011fan taq\u0131m\u011fa ise kederlenmemekni tevsiye etti, \u00e7\u00fcnki \u00f6gde daa \u00e7oq oyun ve yutuqlar bekley.<\/p>\n\n\n\n<figure class=\"wp-block-image size-full\"><img loading=\"lazy\" decoding=\"async\" width=\"650\" height=\"456\" src=\"http:\/\/qtmm.org\/wp-content\/uploads\/2022\/01\/7_7.jpeg\" alt=\"\" class=\"wp-image-34209\" srcset=\"https:\/\/qtmm.org\/wp-content\/uploads\/2022\/01\/7_7.jpeg 650w, https:\/\/qtmm.org\/wp-content\/uploads\/2022\/01\/7_7-300x210.jpeg 300w\" sizes=\"auto, (max-width: 650px) 100vw, 650px\" \/><\/figure>\n\n\n\n<p>Meclis reisi kubokn\u0131 Ba\u011f\u00e7asaray taq\u0131m\u0131n\u0131\u00f1 kapitan\u0131na berdi. Baz\u0131 oyunc\u0131lar hususiy muk\u00e2fatlar ald\u0131lar.<\/p>\n\n\n\n<figure class=\"wp-block-image size-full\"><img loading=\"lazy\" decoding=\"async\" width=\"650\" height=\"364\" src=\"http:\/\/qtmm.org\/wp-content\/uploads\/2022\/01\/8_7.jpeg\" alt=\"\" class=\"wp-image-34213\" srcset=\"https:\/\/qtmm.org\/wp-content\/uploads\/2022\/01\/8_7.jpeg 650w, https:\/\/qtmm.org\/wp-content\/uploads\/2022\/01\/8_7-300x168.jpeg 300w\" sizes=\"auto, (max-width: 650px) 100vw, 650px\" \/><\/figure>\n\n\n\n<p>Edem Seytibragimov (Ba\u011f\u00e7asaray) ve Memet \u0130smailov (Yedi-Quyu) e\u00f1 yah\u015f\u0131 trenerler dep tan\u0131ld\u0131lar.<\/p>\n\n\n\n<p>E\u00f1 yah\u015f\u0131 g\u00f6lkiper dep Rustem \u0130bragimov (Ba\u011f\u00e7asaray), e\u00f1 yah\u015f\u0131 imayeci \u2013 Enver Seydamet (Ba\u011f\u00e7asaray), e\u00f1 yah\u015f\u0131 yar\u0131 imayeci \u2013 Vladimir Sinitskiy (Yedi-Quyu), e\u00f1 yah\u015f\u0131 forvard dep Arsen Mustafayev (Ba\u011f\u00e7asaray) tan\u0131ld\u0131lar.<\/p>\n\n\n\n<figure class=\"wp-block-image size-full\"><img loading=\"lazy\" decoding=\"async\" width=\"650\" height=\"290\" src=\"http:\/\/qtmm.org\/wp-content\/uploads\/2022\/01\/9_3.jpeg\" alt=\"\" class=\"wp-image-34217\" srcset=\"https:\/\/qtmm.org\/wp-content\/uploads\/2022\/01\/9_3.jpeg 650w, https:\/\/qtmm.org\/wp-content\/uploads\/2022\/01\/9_3-300x134.jpeg 300w\" sizes=\"auto, (max-width: 650px) 100vw, 650px\" \/><\/figure>\n\n\n\n<p>Mukf\u00e2atlar taqdim etilgen so\u00f1 Ahtem \u00c7iygoz Q\u0131r\u0131m futbol federatsiyas\u0131n\u0131\u00f1 reisi Cafer Bekirov\u011fa s\u00f6z berdi. O ise \u00f6z nevbetinde Q\u0131r\u0131m futbol federatsiyas\u0131 ad\u0131ndan Mustafa Cemilev ve Remzi \u0130lyasovn\u0131 &#8220;Q\u0131r\u0131m Muhtar Cumhuriyetinde futboln\u0131 inki\u015faf ettir\u00fcv ve k\u00fctleviyle\u015ftir\u00fcvde elde etken muvafaqiyetleri i\u00e7\u00fcn&#8221; medal ve yarl\u0131qlarnen taqdirledi.<\/p>\n\n\n\n<figure class=\"wp-block-image size-full\"><img loading=\"lazy\" decoding=\"async\" width=\"650\" height=\"365\" src=\"http:\/\/qtmm.org\/wp-content\/uploads\/2022\/01\/10_2.jpeg\" alt=\"\" class=\"wp-image-34221\" srcset=\"https:\/\/qtmm.org\/wp-content\/uploads\/2022\/01\/10_2.jpeg 650w, https:\/\/qtmm.org\/wp-content\/uploads\/2022\/01\/10_2-300x168.jpeg 300w\" sizes=\"auto, (max-width: 650px) 100vw, 650px\" \/><\/figure>\n","protected":false},"excerpt":{"rendered":"<p>Sent\u00e2br 16-da Ba\u011f\u00e7asaray \u015feerindeki &#8220;Drujba&#8221; stadion\u0131nda Meclisni\u00f1 futbol boyunca kubog\u0131 i\u00e7\u00fcn Ba\u011f\u00e7asaray ve Lenin(Yedi quyu) rayon\u0131 taq\u0131mlar\u0131 aras\u0131nda final oyun\u0131 ol\u0131p ke\u00e7ti. Yar\u0131\u015fn\u0131 seyir etmek i\u00e7\u00fcn stadionda 200-den ziyade futbol m\u00fchlisleri topland\u0131. Mat\u00e7 ba\u015flanmazdan evel a\u00e7\u0131l\u0131\u015f merasiminde Q\u0131r\u0131mtatar halq\u0131 Meclisi reisini\u00f1 muavinleri Remzi \u0130lyasov ve Ahtem \u00c7iygoz, \u0130lmiy \u00dcmerov, Ba\u011f\u00e7asaray rayon devlet memuriyeti ba\u015f\u0131n\u0131\u00f1 muavini [&hellip;]<\/p>\n","protected":false},"author":1,"featured_media":34221,"comment_status":"open","ping_status":"open","sticky":false,"template":"","format":"standard","meta":{"inline_featured_image":false,"footnotes":""},"categories":[265],"tags":[],"class_list":["post-34184","post","type-post","status-publish","format-standard","has-post-thumbnail","hentry","category-haberler"],"acf":[],"yoast_head":"<!-- This site is optimized with the Yoast SEO plugin v27.4 - https:\/\/yoast.com\/product\/yoast-seo-wordpress\/ -->\n<title>Ba\u011f\u00e7asaray Meclisni\u00f1 futbol boyunca kubok saibi old\u0131 - \u041c\u0435\u0434\u0436\u043b\u0456\u0441<\/title>\n<meta name=\"robots\" content=\"index, follow, max-snippet:-1, max-image-preview:large, max-video-preview:-1\" \/>\n<link rel=\"canonical\" href=\"https:\/\/qtmm.org\/qt\/bagcasaray-meclisnin-futbol-boyunca-kubok-saibi-oldi\/\" \/>\n<meta property=\"og:locale\" content=\"en_US\" \/>\n<meta property=\"og:type\" content=\"article\" \/>\n<meta property=\"og:title\" content=\"Ba\u011f\u00e7asaray Meclisni\u00f1 futbol boyunca kubok saibi old\u0131 - \u041c\u0435\u0434\u0436\u043b\u0456\u0441\" \/>\n<meta property=\"og:description\" content=\"Sent\u00e2br 16-da Ba\u011f\u00e7asaray \u015feerindeki &#8220;Drujba&#8221; stadion\u0131nda Meclisni\u00f1 futbol boyunca kubog\u0131 i\u00e7\u00fcn Ba\u011f\u00e7asaray ve Lenin(Yedi quyu) rayon\u0131 taq\u0131mlar\u0131 aras\u0131nda final oyun\u0131 ol\u0131p ke\u00e7ti. Yar\u0131\u015fn\u0131 seyir etmek i\u00e7\u00fcn stadionda 200-den ziyade futbol m\u00fchlisleri topland\u0131. Mat\u00e7 ba\u015flanmazdan evel a\u00e7\u0131l\u0131\u015f merasiminde Q\u0131r\u0131mtatar halq\u0131 Meclisi reisini\u00f1 muavinleri Remzi \u0130lyasov ve Ahtem \u00c7iygoz, \u0130lmiy \u00dcmerov, Ba\u011f\u00e7asaray rayon devlet memuriyeti ba\u015f\u0131n\u0131\u00f1 muavini [&hellip;]\" \/>\n<meta property=\"og:url\" content=\"https:\/\/qtmm.org\/qt\/bagcasaray-meclisnin-futbol-boyunca-kubok-saibi-oldi\/\" \/>\n<meta property=\"og:site_name\" content=\"\u041c\u0435\u0434\u0436\u043b\u0456\u0441\" \/>\n<meta property=\"article:publisher\" content=\"https:\/\/www.facebook.com\/qtmm.info\/\" \/>\n<meta property=\"article:published_time\" content=\"2012-09-16T14:02:00+00:00\" \/>\n<meta property=\"article:modified_time\" content=\"2022-01-22T14:05:41+00:00\" \/>\n<meta property=\"og:image\" content=\"https:\/\/qtmm.org\/wp-content\/uploads\/2022\/01\/10_2.jpeg\" \/>\n\t<meta property=\"og:image:width\" content=\"650\" \/>\n\t<meta property=\"og:image:height\" content=\"365\" \/>\n\t<meta property=\"og:image:type\" content=\"image\/jpeg\" \/>\n<meta name=\"author\" content=\"Developer\" \/>\n<meta name=\"twitter:card\" content=\"summary_large_image\" \/>\n<meta name=\"twitter:label1\" content=\"Written by\" \/>\n\t<meta name=\"twitter:data1\" content=\"Developer\" \/>\n\t<meta name=\"twitter:label2\" content=\"Est. reading time\" \/>\n\t<meta name=\"twitter:data2\" content=\"2 minutes\" \/>\n<script type=\"application\/ld+json\" class=\"yoast-schema-graph\">{\"@context\":\"https:\\\/\\\/schema.org\",\"@graph\":[{\"@type\":\"Article\",\"@id\":\"https:\\\/\\\/qtmm.org\\\/qt\\\/bagcasaray-meclisnin-futbol-boyunca-kubok-saibi-oldi\\\/#article\",\"isPartOf\":{\"@id\":\"https:\\\/\\\/qtmm.org\\\/qt\\\/bagcasaray-meclisnin-futbol-boyunca-kubok-saibi-oldi\\\/\"},\"author\":{\"name\":\"Developer\",\"@id\":\"https:\\\/\\\/qtmm.org\\\/qt\\\/#\\\/schema\\\/person\\\/de562469f971dec226ac06e60bbf74a7\"},\"headline\":\"Ba\u011f\u00e7asaray Meclisni\u00f1 futbol boyunca kubok saibi old\u0131\",\"datePublished\":\"2012-09-16T14:02:00+00:00\",\"dateModified\":\"2022-01-22T14:05:41+00:00\",\"mainEntityOfPage\":{\"@id\":\"https:\\\/\\\/qtmm.org\\\/qt\\\/bagcasaray-meclisnin-futbol-boyunca-kubok-saibi-oldi\\\/\"},\"wordCount\":479,\"commentCount\":0,\"publisher\":{\"@id\":\"https:\\\/\\\/qtmm.org\\\/qt\\\/#organization\"},\"image\":{\"@id\":\"https:\\\/\\\/qtmm.org\\\/qt\\\/bagcasaray-meclisnin-futbol-boyunca-kubok-saibi-oldi\\\/#primaryimage\"},\"thumbnailUrl\":\"https:\\\/\\\/qtmm.org\\\/wp-content\\\/uploads\\\/2022\\\/01\\\/10_2.jpeg\",\"articleSection\":[\"Haberler\"],\"inLanguage\":\"qt\",\"potentialAction\":[{\"@type\":\"CommentAction\",\"name\":\"Comment\",\"target\":[\"https:\\\/\\\/qtmm.org\\\/qt\\\/bagcasaray-meclisnin-futbol-boyunca-kubok-saibi-oldi\\\/#respond\"]}]},{\"@type\":\"WebPage\",\"@id\":\"https:\\\/\\\/qtmm.org\\\/qt\\\/bagcasaray-meclisnin-futbol-boyunca-kubok-saibi-oldi\\\/\",\"url\":\"https:\\\/\\\/qtmm.org\\\/qt\\\/bagcasaray-meclisnin-futbol-boyunca-kubok-saibi-oldi\\\/\",\"name\":\"Ba\u011f\u00e7asaray Meclisni\u00f1 futbol boyunca kubok saibi old\u0131 - \u041c\u0435\u0434\u0436\u043b\u0456\u0441\",\"isPartOf\":{\"@id\":\"https:\\\/\\\/qtmm.org\\\/qt\\\/#website\"},\"primaryImageOfPage\":{\"@id\":\"https:\\\/\\\/qtmm.org\\\/qt\\\/bagcasaray-meclisnin-futbol-boyunca-kubok-saibi-oldi\\\/#primaryimage\"},\"image\":{\"@id\":\"https:\\\/\\\/qtmm.org\\\/qt\\\/bagcasaray-meclisnin-futbol-boyunca-kubok-saibi-oldi\\\/#primaryimage\"},\"thumbnailUrl\":\"https:\\\/\\\/qtmm.org\\\/wp-content\\\/uploads\\\/2022\\\/01\\\/10_2.jpeg\",\"datePublished\":\"2012-09-16T14:02:00+00:00\",\"dateModified\":\"2022-01-22T14:05:41+00:00\",\"breadcrumb\":{\"@id\":\"https:\\\/\\\/qtmm.org\\\/qt\\\/bagcasaray-meclisnin-futbol-boyunca-kubok-saibi-oldi\\\/#breadcrumb\"},\"inLanguage\":\"qt\",\"potentialAction\":[{\"@type\":\"ReadAction\",\"target\":[\"https:\\\/\\\/qtmm.org\\\/qt\\\/bagcasaray-meclisnin-futbol-boyunca-kubok-saibi-oldi\\\/\"]}]},{\"@type\":\"ImageObject\",\"inLanguage\":\"qt\",\"@id\":\"https:\\\/\\\/qtmm.org\\\/qt\\\/bagcasaray-meclisnin-futbol-boyunca-kubok-saibi-oldi\\\/#primaryimage\",\"url\":\"https:\\\/\\\/qtmm.org\\\/wp-content\\\/uploads\\\/2022\\\/01\\\/10_2.jpeg\",\"contentUrl\":\"https:\\\/\\\/qtmm.org\\\/wp-content\\\/uploads\\\/2022\\\/01\\\/10_2.jpeg\",\"width\":650,\"height\":365},{\"@type\":\"BreadcrumbList\",\"@id\":\"https:\\\/\\\/qtmm.org\\\/qt\\\/bagcasaray-meclisnin-futbol-boyunca-kubok-saibi-oldi\\\/#breadcrumb\",\"itemListElement\":[{\"@type\":\"ListItem\",\"position\":1,\"name\":\"\u0413\u043e\u043b\u043e\u0432\u043d\u0430\",\"item\":\"https:\\\/\\\/qtmm.org\\\/qt\\\/\"},{\"@type\":\"ListItem\",\"position\":2,\"name\":\"Ba\u011f\u00e7asaray Meclisni\u00f1 futbol boyunca kubok saibi old\u0131\"}]},{\"@type\":\"WebSite\",\"@id\":\"https:\\\/\\\/qtmm.org\\\/qt\\\/#website\",\"url\":\"https:\\\/\\\/qtmm.org\\\/qt\\\/\",\"name\":\"\u041c\u0435\u0434\u0436\u043b\u0456\u0441\",\"description\":\"\",\"publisher\":{\"@id\":\"https:\\\/\\\/qtmm.org\\\/qt\\\/#organization\"},\"potentialAction\":[{\"@type\":\"SearchAction\",\"target\":{\"@type\":\"EntryPoint\",\"urlTemplate\":\"https:\\\/\\\/qtmm.org\\\/qt\\\/?s={search_term_string}\"},\"query-input\":{\"@type\":\"PropertyValueSpecification\",\"valueRequired\":true,\"valueName\":\"search_term_string\"}}],\"inLanguage\":\"qt\"},{\"@type\":\"Organization\",\"@id\":\"https:\\\/\\\/qtmm.org\\\/qt\\\/#organization\",\"name\":\"\u041c\u0435\u0434\u0436\u043b\u0456\u0441\",\"url\":\"https:\\\/\\\/qtmm.org\\\/qt\\\/\",\"logo\":{\"@type\":\"ImageObject\",\"inLanguage\":\"qt\",\"@id\":\"https:\\\/\\\/qtmm.org\\\/qt\\\/#\\\/schema\\\/logo\\\/image\\\/\",\"url\":\"https:\\\/\\\/qtmm.org\\\/wp-content\\\/uploads\\\/2024\\\/12\\\/ua-mejlis-logo-rgb.svg\",\"contentUrl\":\"https:\\\/\\\/qtmm.org\\\/wp-content\\\/uploads\\\/2024\\\/12\\\/ua-mejlis-logo-rgb.svg\",\"caption\":\"\u041c\u0435\u0434\u0436\u043b\u0456\u0441\"},\"image\":{\"@id\":\"https:\\\/\\\/qtmm.org\\\/qt\\\/#\\\/schema\\\/logo\\\/image\\\/\"},\"sameAs\":[\"https:\\\/\\\/www.facebook.com\\\/qtmm.info\\\/\"]},{\"@type\":\"Person\",\"@id\":\"https:\\\/\\\/qtmm.org\\\/qt\\\/#\\\/schema\\\/person\\\/de562469f971dec226ac06e60bbf74a7\",\"name\":\"Developer\",\"image\":{\"@type\":\"ImageObject\",\"inLanguage\":\"qt\",\"@id\":\"https:\\\/\\\/secure.gravatar.com\\\/avatar\\\/392b4cc8fbfeb00b39dfeeab4ee6edded39ffd48e25858637e4765810300227e?s=96&d=mm&r=g\",\"url\":\"https:\\\/\\\/secure.gravatar.com\\\/avatar\\\/392b4cc8fbfeb00b39dfeeab4ee6edded39ffd48e25858637e4765810300227e?s=96&d=mm&r=g\",\"contentUrl\":\"https:\\\/\\\/secure.gravatar.com\\\/avatar\\\/392b4cc8fbfeb00b39dfeeab4ee6edded39ffd48e25858637e4765810300227e?s=96&d=mm&r=g\",\"caption\":\"Developer\"},\"url\":\"https:\\\/\\\/qtmm.org\\\/qt\\\/author\\\/Developer\\\/\"}]}<\/script>\n<!-- \/ Yoast SEO plugin. -->","yoast_head_json":{"title":"Ba\u011f\u00e7asaray Meclisni\u00f1 futbol boyunca kubok saibi old\u0131 - \u041c\u0435\u0434\u0436\u043b\u0456\u0441","robots":{"index":"index","follow":"follow","max-snippet":"max-snippet:-1","max-image-preview":"max-image-preview:large","max-video-preview":"max-video-preview:-1"},"canonical":"https:\/\/qtmm.org\/qt\/bagcasaray-meclisnin-futbol-boyunca-kubok-saibi-oldi\/","og_locale":"en_US","og_type":"article","og_title":"Ba\u011f\u00e7asaray Meclisni\u00f1 futbol boyunca kubok saibi old\u0131 - \u041c\u0435\u0434\u0436\u043b\u0456\u0441","og_description":"Sent\u00e2br 16-da Ba\u011f\u00e7asaray \u015feerindeki &#8220;Drujba&#8221; stadion\u0131nda Meclisni\u00f1 futbol boyunca kubog\u0131 i\u00e7\u00fcn Ba\u011f\u00e7asaray ve Lenin(Yedi quyu) rayon\u0131 taq\u0131mlar\u0131 aras\u0131nda final oyun\u0131 ol\u0131p ke\u00e7ti. Yar\u0131\u015fn\u0131 seyir etmek i\u00e7\u00fcn stadionda 200-den ziyade futbol m\u00fchlisleri topland\u0131. Mat\u00e7 ba\u015flanmazdan evel a\u00e7\u0131l\u0131\u015f merasiminde Q\u0131r\u0131mtatar halq\u0131 Meclisi reisini\u00f1 muavinleri Remzi \u0130lyasov ve Ahtem \u00c7iygoz, \u0130lmiy \u00dcmerov, Ba\u011f\u00e7asaray rayon devlet memuriyeti ba\u015f\u0131n\u0131\u00f1 muavini [&hellip;]","og_url":"https:\/\/qtmm.org\/qt\/bagcasaray-meclisnin-futbol-boyunca-kubok-saibi-oldi\/","og_site_name":"\u041c\u0435\u0434\u0436\u043b\u0456\u0441","article_publisher":"https:\/\/www.facebook.com\/qtmm.info\/","article_published_time":"2012-09-16T14:02:00+00:00","article_modified_time":"2022-01-22T14:05:41+00:00","og_image":[{"width":650,"height":365,"url":"https:\/\/qtmm.org\/wp-content\/uploads\/2022\/01\/10_2.jpeg","type":"image\/jpeg"}],"author":"Developer","twitter_card":"summary_large_image","twitter_misc":{"Written by":"Developer","Est. reading time":"2 minutes"},"schema":{"@context":"https:\/\/schema.org","@graph":[{"@type":"Article","@id":"https:\/\/qtmm.org\/qt\/bagcasaray-meclisnin-futbol-boyunca-kubok-saibi-oldi\/#article","isPartOf":{"@id":"https:\/\/qtmm.org\/qt\/bagcasaray-meclisnin-futbol-boyunca-kubok-saibi-oldi\/"},"author":{"name":"Developer","@id":"https:\/\/qtmm.org\/qt\/#\/schema\/person\/de562469f971dec226ac06e60bbf74a7"},"headline":"Ba\u011f\u00e7asaray Meclisni\u00f1 futbol boyunca kubok saibi old\u0131","datePublished":"2012-09-16T14:02:00+00:00","dateModified":"2022-01-22T14:05:41+00:00","mainEntityOfPage":{"@id":"https:\/\/qtmm.org\/qt\/bagcasaray-meclisnin-futbol-boyunca-kubok-saibi-oldi\/"},"wordCount":479,"commentCount":0,"publisher":{"@id":"https:\/\/qtmm.org\/qt\/#organization"},"image":{"@id":"https:\/\/qtmm.org\/qt\/bagcasaray-meclisnin-futbol-boyunca-kubok-saibi-oldi\/#primaryimage"},"thumbnailUrl":"https:\/\/qtmm.org\/wp-content\/uploads\/2022\/01\/10_2.jpeg","articleSection":["Haberler"],"inLanguage":"qt","potentialAction":[{"@type":"CommentAction","name":"Comment","target":["https:\/\/qtmm.org\/qt\/bagcasaray-meclisnin-futbol-boyunca-kubok-saibi-oldi\/#respond"]}]},{"@type":"WebPage","@id":"https:\/\/qtmm.org\/qt\/bagcasaray-meclisnin-futbol-boyunca-kubok-saibi-oldi\/","url":"https:\/\/qtmm.org\/qt\/bagcasaray-meclisnin-futbol-boyunca-kubok-saibi-oldi\/","name":"Ba\u011f\u00e7asaray Meclisni\u00f1 futbol boyunca kubok saibi old\u0131 - \u041c\u0435\u0434\u0436\u043b\u0456\u0441","isPartOf":{"@id":"https:\/\/qtmm.org\/qt\/#website"},"primaryImageOfPage":{"@id":"https:\/\/qtmm.org\/qt\/bagcasaray-meclisnin-futbol-boyunca-kubok-saibi-oldi\/#primaryimage"},"image":{"@id":"https:\/\/qtmm.org\/qt\/bagcasaray-meclisnin-futbol-boyunca-kubok-saibi-oldi\/#primaryimage"},"thumbnailUrl":"https:\/\/qtmm.org\/wp-content\/uploads\/2022\/01\/10_2.jpeg","datePublished":"2012-09-16T14:02:00+00:00","dateModified":"2022-01-22T14:05:41+00:00","breadcrumb":{"@id":"https:\/\/qtmm.org\/qt\/bagcasaray-meclisnin-futbol-boyunca-kubok-saibi-oldi\/#breadcrumb"},"inLanguage":"qt","potentialAction":[{"@type":"ReadAction","target":["https:\/\/qtmm.org\/qt\/bagcasaray-meclisnin-futbol-boyunca-kubok-saibi-oldi\/"]}]},{"@type":"ImageObject","inLanguage":"qt","@id":"https:\/\/qtmm.org\/qt\/bagcasaray-meclisnin-futbol-boyunca-kubok-saibi-oldi\/#primaryimage","url":"https:\/\/qtmm.org\/wp-content\/uploads\/2022\/01\/10_2.jpeg","contentUrl":"https:\/\/qtmm.org\/wp-content\/uploads\/2022\/01\/10_2.jpeg","width":650,"height":365},{"@type":"BreadcrumbList","@id":"https:\/\/qtmm.org\/qt\/bagcasaray-meclisnin-futbol-boyunca-kubok-saibi-oldi\/#breadcrumb","itemListElement":[{"@type":"ListItem","position":1,"name":"\u0413\u043e\u043b\u043e\u0432\u043d\u0430","item":"https:\/\/qtmm.org\/qt\/"},{"@type":"ListItem","position":2,"name":"Ba\u011f\u00e7asaray Meclisni\u00f1 futbol boyunca kubok saibi old\u0131"}]},{"@type":"WebSite","@id":"https:\/\/qtmm.org\/qt\/#website","url":"https:\/\/qtmm.org\/qt\/","name":"\u041c\u0435\u0434\u0436\u043b\u0456\u0441","description":"","publisher":{"@id":"https:\/\/qtmm.org\/qt\/#organization"},"potentialAction":[{"@type":"SearchAction","target":{"@type":"EntryPoint","urlTemplate":"https:\/\/qtmm.org\/qt\/?s={search_term_string}"},"query-input":{"@type":"PropertyValueSpecification","valueRequired":true,"valueName":"search_term_string"}}],"inLanguage":"qt"},{"@type":"Organization","@id":"https:\/\/qtmm.org\/qt\/#organization","name":"\u041c\u0435\u0434\u0436\u043b\u0456\u0441","url":"https:\/\/qtmm.org\/qt\/","logo":{"@type":"ImageObject","inLanguage":"qt","@id":"https:\/\/qtmm.org\/qt\/#\/schema\/logo\/image\/","url":"https:\/\/qtmm.org\/wp-content\/uploads\/2024\/12\/ua-mejlis-logo-rgb.svg","contentUrl":"https:\/\/qtmm.org\/wp-content\/uploads\/2024\/12\/ua-mejlis-logo-rgb.svg","caption":"\u041c\u0435\u0434\u0436\u043b\u0456\u0441"},"image":{"@id":"https:\/\/qtmm.org\/qt\/#\/schema\/logo\/image\/"},"sameAs":["https:\/\/www.facebook.com\/qtmm.info\/"]},{"@type":"Person","@id":"https:\/\/qtmm.org\/qt\/#\/schema\/person\/de562469f971dec226ac06e60bbf74a7","name":"Developer","image":{"@type":"ImageObject","inLanguage":"qt","@id":"https:\/\/secure.gravatar.com\/avatar\/392b4cc8fbfeb00b39dfeeab4ee6edded39ffd48e25858637e4765810300227e?s=96&d=mm&r=g","url":"https:\/\/secure.gravatar.com\/avatar\/392b4cc8fbfeb00b39dfeeab4ee6edded39ffd48e25858637e4765810300227e?s=96&d=mm&r=g","contentUrl":"https:\/\/secure.gravatar.com\/avatar\/392b4cc8fbfeb00b39dfeeab4ee6edded39ffd48e25858637e4765810300227e?s=96&d=mm&r=g","caption":"Developer"},"url":"https:\/\/qtmm.org\/qt\/author\/Developer\/"}]}},"_links":{"self":[{"href":"https:\/\/qtmm.org\/qt\/wp-json\/wp\/v2\/posts\/34184","targetHints":{"allow":["GET"]}}],"collection":[{"href":"https:\/\/qtmm.org\/qt\/wp-json\/wp\/v2\/posts"}],"about":[{"href":"https:\/\/qtmm.org\/qt\/wp-json\/wp\/v2\/types\/post"}],"author":[{"embeddable":true,"href":"https:\/\/qtmm.org\/qt\/wp-json\/wp\/v2\/users\/1"}],"replies":[{"embeddable":true,"href":"https:\/\/qtmm.org\/qt\/wp-json\/wp\/v2\/comments?post=34184"}],"version-history":[{"count":1,"href":"https:\/\/qtmm.org\/qt\/wp-json\/wp\/v2\/posts\/34184\/revisions"}],"predecessor-version":[{"id":34225,"href":"https:\/\/qtmm.org\/qt\/wp-json\/wp\/v2\/posts\/34184\/revisions\/34225"}],"wp:featuredmedia":[{"embeddable":true,"href":"https:\/\/qtmm.org\/qt\/wp-json\/wp\/v2\/media\/34221"}],"wp:attachment":[{"href":"https:\/\/qtmm.org\/qt\/wp-json\/wp\/v2\/media?parent=34184"}],"wp:term":[{"taxonomy":"category","embeddable":true,"href":"https:\/\/qtmm.org\/qt\/wp-json\/wp\/v2\/categories?post=34184"},{"taxonomy":"post_tag","embeddable":true,"href":"https:\/\/qtmm.org\/qt\/wp-json\/wp\/v2\/tags?post=34184"}],"curies":[{"name":"wp","href":"https:\/\/api.w.org\/{rel}","templated":true}]}}