




{"id":34174,"date":"2012-09-14T17:01:00","date_gmt":"2012-09-14T14:01:00","guid":{"rendered":"http:\/\/qtmm.org\/?p=34174"},"modified":"2022-01-22T17:02:15","modified_gmt":"2022-01-22T14:02:15","slug":"qirimtatar-qadinlar-birliginin-reisi-safinar-cemileva-turkiye-bas-nazirinin-refiqasi-emine-erdoganni-qirim-topraginda-selamlad","status":"publish","type":"post","link":"https:\/\/qtmm.org\/qt\/qirimtatar-qadinlar-birliginin-reisi-safinar-cemileva-turkiye-bas-nazirinin-refiqasi-emine-erdoganni-qirim-topraginda-selamlad\/","title":{"rendered":"Q\u0131r\u0131mtatar qad\u0131nlar birligini\u00f1 reisi Safinar Cemileva T\u00fcrkiye ba\u015f nazirini\u00f1 refiqas\u0131 Emine Erdo\u011fann\u0131 Q\u0131r\u0131m topra\u011f\u0131nda sel\u00e2mlad"},"content":{"rendered":"\n<p>2012 senesi sent\u00e2br 14-te T\u00fcrkiye Cumhuriyeti Recep Tayip Erdo\u011fan i\u015ftirak etken Yalta Avropa Strategiyas\u0131 (YES) 9-nc\u0131 forum\u0131n\u0131\u00f1 birinci k\u00fcn\u00fc Q\u0131r\u0131mtatar qad\u0131nlar birligini\u00f1 reisi Safinar Cemileva T\u00fcrkiye ba\u015f nazirini\u00f1 refiqas\u0131 Emine Erdo\u011fannen k\u00f6r\u00fc\u015fti.<\/p>\n\n\n\n<p>Ukraina Prezidenti Viktor Yanukovi\u00e7 ve T\u00fcrkiye Cumhuriyetini\u00f1 ba\u015f naziri Recep Tayip Erdo\u011fann\u0131\u00f1 sel\u00e2mlavlar\u0131ndan, bun\u0131\u00f1 kibi de Ukraina ve d\u00fcnyadaki siyasiy ve iqtisadiy vaziyetke dair ilk munaqa\u015fadan so\u00f1 Poloniyan\u0131\u00f1 sab\u0131q prezidenti Aleksandr Kvasnevskiy Ukraina Prezidenti Viktor Yanukovi\u00e7 ve T\u00fcrkiye Cumhuriyetini\u00f1 ba\u015f naziri Recep Tayip Erdo\u011fan aras\u0131nda fikir payla\u015fuv moderator\u0131 olaraq Ukrainan\u0131\u00f1 Avropa Birligine kirmesi meselelerinde de toqtald\u0131.<\/p>\n\n\n\n<p>Forum a\u00e7\u0131l\u0131\u015f\u0131n\u0131\u00f1 Livadiya saray\u0131nda ke\u00e7ken birinci q\u0131sm\u0131 yek\u00fcnlengen so\u00f1 Safinar han\u0131m Cemileva T\u00fcrkiye ba\u015f nazirini\u00f1 refiqas\u0131 Emine Erdo\u011fan ve q\u0131z\u0131 S\u00fcmeyyye Erdo\u011fann\u0131 Q\u0131r\u0131m topra\u011f\u0131nda sel\u00e2mlad\u0131. Q\u0131r\u0131mtatar qad\u0131nlar birligini\u00f1 reisi Safinar Cemilevanen beraber Q\u0131r\u0131mtatar qad\u0131nlar birligini\u00f1 azas\u0131 Zarema Menseitova ve Q\u0131r\u0131mtatar halq\u0131 Meclisi reisini\u00f1 yard\u0131mc\u0131s\u0131 Liliya M\u00fcslimova bulund\u0131lar.<\/p>\n\n\n\n<p>Belli ki, 2003 senesi T\u00fcrkiye Cumhuriyetini\u00f1 Ba\u015f naziri Recep Tayip Erdo\u011fann\u0131\u00f1 Q\u0131r\u0131m\u011fa resmiy ziyareti \u00e7er\u00e7ivesinde Safinar han\u0131m Cemileva T\u00fcrkiye Cumhuriyetini\u00f1 Ba\u015f naziri Recep Tayip Erdo\u011fann\u0131\u00f1 refiqas\u0131 i\u00e7\u00fcn Q\u0131r\u0131mnen medeniy-tan\u0131\u015ft\u0131ruv programmas\u0131 te\u015fkil etken edi.<\/p>\n\n\n\n<p>Emine han\u0131m Erdo\u011fan Safinar han\u0131m Cemilevan\u0131\u00f1 refaqatl\u0131\u011f\u0131nda Q\u0131r\u0131mn\u0131\u00f1 seyir etmege l\u00e2y\u0131q degerliklerini, tarihiy yadik\u00e2rl\u0131qlar\u0131n\u0131 ziyaret etip, Q\u0131r\u0131mtatar qad\u0131nlar birligini\u00f1 ofisinde de bulun\u011fan edi.<\/p>\n\n\n\n<figure class=\"wp-block-image size-full\"><img loading=\"lazy\" decoding=\"async\" width=\"650\" height=\"400\" src=\"http:\/\/qtmm.org\/wp-content\/uploads\/2022\/01\/img_0709.jpeg\" alt=\"\" class=\"wp-image-34179\" srcset=\"https:\/\/qtmm.org\/wp-content\/uploads\/2022\/01\/img_0709.jpeg 650w, https:\/\/qtmm.org\/wp-content\/uploads\/2022\/01\/img_0709-300x185.jpeg 300w\" sizes=\"auto, (max-width: 650px) 100vw, 650px\" \/><\/figure>\n","protected":false},"excerpt":{"rendered":"<p>2012 senesi sent\u00e2br 14-te T\u00fcrkiye Cumhuriyeti Recep Tayip Erdo\u011fan i\u015ftirak etken Yalta Avropa Strategiyas\u0131 (YES) 9-nc\u0131 forum\u0131n\u0131\u00f1 birinci k\u00fcn\u00fc Q\u0131r\u0131mtatar qad\u0131nlar birligini\u00f1 reisi Safinar Cemileva T\u00fcrkiye ba\u015f nazirini\u00f1 refiqas\u0131 Emine Erdo\u011fannen k\u00f6r\u00fc\u015fti. Ukraina Prezidenti Viktor Yanukovi\u00e7 ve T\u00fcrkiye Cumhuriyetini\u00f1 ba\u015f naziri Recep Tayip Erdo\u011fann\u0131\u00f1 sel\u00e2mlavlar\u0131ndan, bun\u0131\u00f1 kibi de Ukraina ve d\u00fcnyadaki siyasiy ve iqtisadiy vaziyetke [&hellip;]<\/p>\n","protected":false},"author":1,"featured_media":34175,"comment_status":"open","ping_status":"open","sticky":false,"template":"","format":"standard","meta":{"inline_featured_image":false,"footnotes":""},"categories":[265],"tags":[],"class_list":["post-34174","post","type-post","status-publish","format-standard","has-post-thumbnail","hentry","category-haberler"],"acf":[],"yoast_head":"<!-- This site is optimized with the Yoast SEO plugin v27.4 - https:\/\/yoast.com\/product\/yoast-seo-wordpress\/ -->\n<title>Q\u0131r\u0131mtatar qad\u0131nlar birligini\u00f1 reisi Safinar Cemileva T\u00fcrkiye ba\u015f nazirini\u00f1 refiqas\u0131 Emine Erdo\u011fann\u0131 Q\u0131r\u0131m topra\u011f\u0131nda sel\u00e2mlad - \u041c\u0435\u0434\u0436\u043b\u0456\u0441<\/title>\n<meta name=\"robots\" content=\"index, follow, max-snippet:-1, max-image-preview:large, max-video-preview:-1\" \/>\n<link rel=\"canonical\" href=\"https:\/\/qtmm.org\/qt\/qirimtatar-qadinlar-birliginin-reisi-safinar-cemileva-turkiye-bas-nazirinin-refiqasi-emine-erdoganni-qirim-topraginda-selamlad\/\" \/>\n<meta property=\"og:locale\" content=\"en_US\" \/>\n<meta property=\"og:type\" content=\"article\" \/>\n<meta property=\"og:title\" content=\"Q\u0131r\u0131mtatar qad\u0131nlar birligini\u00f1 reisi Safinar Cemileva T\u00fcrkiye ba\u015f nazirini\u00f1 refiqas\u0131 Emine Erdo\u011fann\u0131 Q\u0131r\u0131m topra\u011f\u0131nda sel\u00e2mlad - \u041c\u0435\u0434\u0436\u043b\u0456\u0441\" \/>\n<meta property=\"og:description\" content=\"2012 senesi sent\u00e2br 14-te T\u00fcrkiye Cumhuriyeti Recep Tayip Erdo\u011fan i\u015ftirak etken Yalta Avropa Strategiyas\u0131 (YES) 9-nc\u0131 forum\u0131n\u0131\u00f1 birinci k\u00fcn\u00fc Q\u0131r\u0131mtatar qad\u0131nlar birligini\u00f1 reisi Safinar Cemileva T\u00fcrkiye ba\u015f nazirini\u00f1 refiqas\u0131 Emine Erdo\u011fannen k\u00f6r\u00fc\u015fti. Ukraina Prezidenti Viktor Yanukovi\u00e7 ve T\u00fcrkiye Cumhuriyetini\u00f1 ba\u015f naziri Recep Tayip Erdo\u011fann\u0131\u00f1 sel\u00e2mlavlar\u0131ndan, bun\u0131\u00f1 kibi de Ukraina ve d\u00fcnyadaki siyasiy ve iqtisadiy vaziyetke [&hellip;]\" \/>\n<meta property=\"og:url\" content=\"https:\/\/qtmm.org\/qt\/qirimtatar-qadinlar-birliginin-reisi-safinar-cemileva-turkiye-bas-nazirinin-refiqasi-emine-erdoganni-qirim-topraginda-selamlad\/\" \/>\n<meta property=\"og:site_name\" content=\"\u041c\u0435\u0434\u0436\u043b\u0456\u0441\" \/>\n<meta property=\"article:publisher\" content=\"https:\/\/www.facebook.com\/qtmm.info\/\" \/>\n<meta property=\"article:published_time\" content=\"2012-09-14T14:01:00+00:00\" \/>\n<meta property=\"article:modified_time\" content=\"2022-01-22T14:02:15+00:00\" \/>\n<meta property=\"og:image\" content=\"https:\/\/qtmm.org\/wp-content\/uploads\/2022\/01\/img_0700.jpeg\" \/>\n\t<meta property=\"og:image:width\" content=\"650\" \/>\n\t<meta property=\"og:image:height\" content=\"400\" \/>\n\t<meta property=\"og:image:type\" content=\"image\/jpeg\" \/>\n<meta name=\"author\" content=\"Developer\" \/>\n<meta name=\"twitter:card\" content=\"summary_large_image\" \/>\n<meta name=\"twitter:label1\" content=\"Written by\" \/>\n\t<meta name=\"twitter:data1\" content=\"Developer\" \/>\n\t<meta name=\"twitter:label2\" content=\"Est. reading time\" \/>\n\t<meta name=\"twitter:data2\" content=\"1 minute\" \/>\n<script type=\"application\/ld+json\" class=\"yoast-schema-graph\">{\"@context\":\"https:\\\/\\\/schema.org\",\"@graph\":[{\"@type\":\"Article\",\"@id\":\"https:\\\/\\\/qtmm.org\\\/qt\\\/qirimtatar-qadinlar-birliginin-reisi-safinar-cemileva-turkiye-bas-nazirinin-refiqasi-emine-erdoganni-qirim-topraginda-selamlad\\\/#article\",\"isPartOf\":{\"@id\":\"https:\\\/\\\/qtmm.org\\\/qt\\\/qirimtatar-qadinlar-birliginin-reisi-safinar-cemileva-turkiye-bas-nazirinin-refiqasi-emine-erdoganni-qirim-topraginda-selamlad\\\/\"},\"author\":{\"name\":\"Developer\",\"@id\":\"https:\\\/\\\/qtmm.org\\\/qt\\\/#\\\/schema\\\/person\\\/de562469f971dec226ac06e60bbf74a7\"},\"headline\":\"Q\u0131r\u0131mtatar qad\u0131nlar birligini\u00f1 reisi Safinar Cemileva T\u00fcrkiye ba\u015f nazirini\u00f1 refiqas\u0131 Emine Erdo\u011fann\u0131 Q\u0131r\u0131m topra\u011f\u0131nda sel\u00e2mlad\",\"datePublished\":\"2012-09-14T14:01:00+00:00\",\"dateModified\":\"2022-01-22T14:02:15+00:00\",\"mainEntityOfPage\":{\"@id\":\"https:\\\/\\\/qtmm.org\\\/qt\\\/qirimtatar-qadinlar-birliginin-reisi-safinar-cemileva-turkiye-bas-nazirinin-refiqasi-emine-erdoganni-qirim-topraginda-selamlad\\\/\"},\"wordCount\":295,\"commentCount\":0,\"publisher\":{\"@id\":\"https:\\\/\\\/qtmm.org\\\/qt\\\/#organization\"},\"image\":{\"@id\":\"https:\\\/\\\/qtmm.org\\\/qt\\\/qirimtatar-qadinlar-birliginin-reisi-safinar-cemileva-turkiye-bas-nazirinin-refiqasi-emine-erdoganni-qirim-topraginda-selamlad\\\/#primaryimage\"},\"thumbnailUrl\":\"https:\\\/\\\/qtmm.org\\\/wp-content\\\/uploads\\\/2022\\\/01\\\/img_0700.jpeg\",\"articleSection\":[\"Haberler\"],\"inLanguage\":\"qt\",\"potentialAction\":[{\"@type\":\"CommentAction\",\"name\":\"Comment\",\"target\":[\"https:\\\/\\\/qtmm.org\\\/qt\\\/qirimtatar-qadinlar-birliginin-reisi-safinar-cemileva-turkiye-bas-nazirinin-refiqasi-emine-erdoganni-qirim-topraginda-selamlad\\\/#respond\"]}]},{\"@type\":\"WebPage\",\"@id\":\"https:\\\/\\\/qtmm.org\\\/qt\\\/qirimtatar-qadinlar-birliginin-reisi-safinar-cemileva-turkiye-bas-nazirinin-refiqasi-emine-erdoganni-qirim-topraginda-selamlad\\\/\",\"url\":\"https:\\\/\\\/qtmm.org\\\/qt\\\/qirimtatar-qadinlar-birliginin-reisi-safinar-cemileva-turkiye-bas-nazirinin-refiqasi-emine-erdoganni-qirim-topraginda-selamlad\\\/\",\"name\":\"Q\u0131r\u0131mtatar qad\u0131nlar birligini\u00f1 reisi Safinar Cemileva T\u00fcrkiye ba\u015f nazirini\u00f1 refiqas\u0131 Emine Erdo\u011fann\u0131 Q\u0131r\u0131m topra\u011f\u0131nda sel\u00e2mlad - \u041c\u0435\u0434\u0436\u043b\u0456\u0441\",\"isPartOf\":{\"@id\":\"https:\\\/\\\/qtmm.org\\\/qt\\\/#website\"},\"primaryImageOfPage\":{\"@id\":\"https:\\\/\\\/qtmm.org\\\/qt\\\/qirimtatar-qadinlar-birliginin-reisi-safinar-cemileva-turkiye-bas-nazirinin-refiqasi-emine-erdoganni-qirim-topraginda-selamlad\\\/#primaryimage\"},\"image\":{\"@id\":\"https:\\\/\\\/qtmm.org\\\/qt\\\/qirimtatar-qadinlar-birliginin-reisi-safinar-cemileva-turkiye-bas-nazirinin-refiqasi-emine-erdoganni-qirim-topraginda-selamlad\\\/#primaryimage\"},\"thumbnailUrl\":\"https:\\\/\\\/qtmm.org\\\/wp-content\\\/uploads\\\/2022\\\/01\\\/img_0700.jpeg\",\"datePublished\":\"2012-09-14T14:01:00+00:00\",\"dateModified\":\"2022-01-22T14:02:15+00:00\",\"breadcrumb\":{\"@id\":\"https:\\\/\\\/qtmm.org\\\/qt\\\/qirimtatar-qadinlar-birliginin-reisi-safinar-cemileva-turkiye-bas-nazirinin-refiqasi-emine-erdoganni-qirim-topraginda-selamlad\\\/#breadcrumb\"},\"inLanguage\":\"qt\",\"potentialAction\":[{\"@type\":\"ReadAction\",\"target\":[\"https:\\\/\\\/qtmm.org\\\/qt\\\/qirimtatar-qadinlar-birliginin-reisi-safinar-cemileva-turkiye-bas-nazirinin-refiqasi-emine-erdoganni-qirim-topraginda-selamlad\\\/\"]}]},{\"@type\":\"ImageObject\",\"inLanguage\":\"qt\",\"@id\":\"https:\\\/\\\/qtmm.org\\\/qt\\\/qirimtatar-qadinlar-birliginin-reisi-safinar-cemileva-turkiye-bas-nazirinin-refiqasi-emine-erdoganni-qirim-topraginda-selamlad\\\/#primaryimage\",\"url\":\"https:\\\/\\\/qtmm.org\\\/wp-content\\\/uploads\\\/2022\\\/01\\\/img_0700.jpeg\",\"contentUrl\":\"https:\\\/\\\/qtmm.org\\\/wp-content\\\/uploads\\\/2022\\\/01\\\/img_0700.jpeg\",\"width\":650,\"height\":400},{\"@type\":\"BreadcrumbList\",\"@id\":\"https:\\\/\\\/qtmm.org\\\/qt\\\/qirimtatar-qadinlar-birliginin-reisi-safinar-cemileva-turkiye-bas-nazirinin-refiqasi-emine-erdoganni-qirim-topraginda-selamlad\\\/#breadcrumb\",\"itemListElement\":[{\"@type\":\"ListItem\",\"position\":1,\"name\":\"\u0413\u043e\u043b\u043e\u0432\u043d\u0430\",\"item\":\"https:\\\/\\\/qtmm.org\\\/qt\\\/\"},{\"@type\":\"ListItem\",\"position\":2,\"name\":\"Q\u0131r\u0131mtatar qad\u0131nlar birligini\u00f1 reisi Safinar Cemileva T\u00fcrkiye ba\u015f nazirini\u00f1 refiqas\u0131 Emine Erdo\u011fann\u0131 Q\u0131r\u0131m topra\u011f\u0131nda sel\u00e2mlad\"}]},{\"@type\":\"WebSite\",\"@id\":\"https:\\\/\\\/qtmm.org\\\/qt\\\/#website\",\"url\":\"https:\\\/\\\/qtmm.org\\\/qt\\\/\",\"name\":\"\u041c\u0435\u0434\u0436\u043b\u0456\u0441\",\"description\":\"\",\"publisher\":{\"@id\":\"https:\\\/\\\/qtmm.org\\\/qt\\\/#organization\"},\"potentialAction\":[{\"@type\":\"SearchAction\",\"target\":{\"@type\":\"EntryPoint\",\"urlTemplate\":\"https:\\\/\\\/qtmm.org\\\/qt\\\/?s={search_term_string}\"},\"query-input\":{\"@type\":\"PropertyValueSpecification\",\"valueRequired\":true,\"valueName\":\"search_term_string\"}}],\"inLanguage\":\"qt\"},{\"@type\":\"Organization\",\"@id\":\"https:\\\/\\\/qtmm.org\\\/qt\\\/#organization\",\"name\":\"\u041c\u0435\u0434\u0436\u043b\u0456\u0441\",\"url\":\"https:\\\/\\\/qtmm.org\\\/qt\\\/\",\"logo\":{\"@type\":\"ImageObject\",\"inLanguage\":\"qt\",\"@id\":\"https:\\\/\\\/qtmm.org\\\/qt\\\/#\\\/schema\\\/logo\\\/image\\\/\",\"url\":\"https:\\\/\\\/qtmm.org\\\/wp-content\\\/uploads\\\/2024\\\/12\\\/ua-mejlis-logo-rgb.svg\",\"contentUrl\":\"https:\\\/\\\/qtmm.org\\\/wp-content\\\/uploads\\\/2024\\\/12\\\/ua-mejlis-logo-rgb.svg\",\"caption\":\"\u041c\u0435\u0434\u0436\u043b\u0456\u0441\"},\"image\":{\"@id\":\"https:\\\/\\\/qtmm.org\\\/qt\\\/#\\\/schema\\\/logo\\\/image\\\/\"},\"sameAs\":[\"https:\\\/\\\/www.facebook.com\\\/qtmm.info\\\/\"]},{\"@type\":\"Person\",\"@id\":\"https:\\\/\\\/qtmm.org\\\/qt\\\/#\\\/schema\\\/person\\\/de562469f971dec226ac06e60bbf74a7\",\"name\":\"Developer\",\"image\":{\"@type\":\"ImageObject\",\"inLanguage\":\"qt\",\"@id\":\"https:\\\/\\\/secure.gravatar.com\\\/avatar\\\/392b4cc8fbfeb00b39dfeeab4ee6edded39ffd48e25858637e4765810300227e?s=96&d=mm&r=g\",\"url\":\"https:\\\/\\\/secure.gravatar.com\\\/avatar\\\/392b4cc8fbfeb00b39dfeeab4ee6edded39ffd48e25858637e4765810300227e?s=96&d=mm&r=g\",\"contentUrl\":\"https:\\\/\\\/secure.gravatar.com\\\/avatar\\\/392b4cc8fbfeb00b39dfeeab4ee6edded39ffd48e25858637e4765810300227e?s=96&d=mm&r=g\",\"caption\":\"Developer\"},\"url\":\"https:\\\/\\\/qtmm.org\\\/qt\\\/author\\\/Developer\\\/\"}]}<\/script>\n<!-- \/ Yoast SEO plugin. -->","yoast_head_json":{"title":"Q\u0131r\u0131mtatar qad\u0131nlar birligini\u00f1 reisi Safinar Cemileva T\u00fcrkiye ba\u015f nazirini\u00f1 refiqas\u0131 Emine Erdo\u011fann\u0131 Q\u0131r\u0131m topra\u011f\u0131nda sel\u00e2mlad - \u041c\u0435\u0434\u0436\u043b\u0456\u0441","robots":{"index":"index","follow":"follow","max-snippet":"max-snippet:-1","max-image-preview":"max-image-preview:large","max-video-preview":"max-video-preview:-1"},"canonical":"https:\/\/qtmm.org\/qt\/qirimtatar-qadinlar-birliginin-reisi-safinar-cemileva-turkiye-bas-nazirinin-refiqasi-emine-erdoganni-qirim-topraginda-selamlad\/","og_locale":"en_US","og_type":"article","og_title":"Q\u0131r\u0131mtatar qad\u0131nlar birligini\u00f1 reisi Safinar Cemileva T\u00fcrkiye ba\u015f nazirini\u00f1 refiqas\u0131 Emine Erdo\u011fann\u0131 Q\u0131r\u0131m topra\u011f\u0131nda sel\u00e2mlad - \u041c\u0435\u0434\u0436\u043b\u0456\u0441","og_description":"2012 senesi sent\u00e2br 14-te T\u00fcrkiye Cumhuriyeti Recep Tayip Erdo\u011fan i\u015ftirak etken Yalta Avropa Strategiyas\u0131 (YES) 9-nc\u0131 forum\u0131n\u0131\u00f1 birinci k\u00fcn\u00fc Q\u0131r\u0131mtatar qad\u0131nlar birligini\u00f1 reisi Safinar Cemileva T\u00fcrkiye ba\u015f nazirini\u00f1 refiqas\u0131 Emine Erdo\u011fannen k\u00f6r\u00fc\u015fti. Ukraina Prezidenti Viktor Yanukovi\u00e7 ve T\u00fcrkiye Cumhuriyetini\u00f1 ba\u015f naziri Recep Tayip Erdo\u011fann\u0131\u00f1 sel\u00e2mlavlar\u0131ndan, bun\u0131\u00f1 kibi de Ukraina ve d\u00fcnyadaki siyasiy ve iqtisadiy vaziyetke [&hellip;]","og_url":"https:\/\/qtmm.org\/qt\/qirimtatar-qadinlar-birliginin-reisi-safinar-cemileva-turkiye-bas-nazirinin-refiqasi-emine-erdoganni-qirim-topraginda-selamlad\/","og_site_name":"\u041c\u0435\u0434\u0436\u043b\u0456\u0441","article_publisher":"https:\/\/www.facebook.com\/qtmm.info\/","article_published_time":"2012-09-14T14:01:00+00:00","article_modified_time":"2022-01-22T14:02:15+00:00","og_image":[{"width":650,"height":400,"url":"https:\/\/qtmm.org\/wp-content\/uploads\/2022\/01\/img_0700.jpeg","type":"image\/jpeg"}],"author":"Developer","twitter_card":"summary_large_image","twitter_misc":{"Written by":"Developer","Est. reading time":"1 minute"},"schema":{"@context":"https:\/\/schema.org","@graph":[{"@type":"Article","@id":"https:\/\/qtmm.org\/qt\/qirimtatar-qadinlar-birliginin-reisi-safinar-cemileva-turkiye-bas-nazirinin-refiqasi-emine-erdoganni-qirim-topraginda-selamlad\/#article","isPartOf":{"@id":"https:\/\/qtmm.org\/qt\/qirimtatar-qadinlar-birliginin-reisi-safinar-cemileva-turkiye-bas-nazirinin-refiqasi-emine-erdoganni-qirim-topraginda-selamlad\/"},"author":{"name":"Developer","@id":"https:\/\/qtmm.org\/qt\/#\/schema\/person\/de562469f971dec226ac06e60bbf74a7"},"headline":"Q\u0131r\u0131mtatar qad\u0131nlar birligini\u00f1 reisi Safinar Cemileva T\u00fcrkiye ba\u015f nazirini\u00f1 refiqas\u0131 Emine Erdo\u011fann\u0131 Q\u0131r\u0131m topra\u011f\u0131nda sel\u00e2mlad","datePublished":"2012-09-14T14:01:00+00:00","dateModified":"2022-01-22T14:02:15+00:00","mainEntityOfPage":{"@id":"https:\/\/qtmm.org\/qt\/qirimtatar-qadinlar-birliginin-reisi-safinar-cemileva-turkiye-bas-nazirinin-refiqasi-emine-erdoganni-qirim-topraginda-selamlad\/"},"wordCount":295,"commentCount":0,"publisher":{"@id":"https:\/\/qtmm.org\/qt\/#organization"},"image":{"@id":"https:\/\/qtmm.org\/qt\/qirimtatar-qadinlar-birliginin-reisi-safinar-cemileva-turkiye-bas-nazirinin-refiqasi-emine-erdoganni-qirim-topraginda-selamlad\/#primaryimage"},"thumbnailUrl":"https:\/\/qtmm.org\/wp-content\/uploads\/2022\/01\/img_0700.jpeg","articleSection":["Haberler"],"inLanguage":"qt","potentialAction":[{"@type":"CommentAction","name":"Comment","target":["https:\/\/qtmm.org\/qt\/qirimtatar-qadinlar-birliginin-reisi-safinar-cemileva-turkiye-bas-nazirinin-refiqasi-emine-erdoganni-qirim-topraginda-selamlad\/#respond"]}]},{"@type":"WebPage","@id":"https:\/\/qtmm.org\/qt\/qirimtatar-qadinlar-birliginin-reisi-safinar-cemileva-turkiye-bas-nazirinin-refiqasi-emine-erdoganni-qirim-topraginda-selamlad\/","url":"https:\/\/qtmm.org\/qt\/qirimtatar-qadinlar-birliginin-reisi-safinar-cemileva-turkiye-bas-nazirinin-refiqasi-emine-erdoganni-qirim-topraginda-selamlad\/","name":"Q\u0131r\u0131mtatar qad\u0131nlar birligini\u00f1 reisi Safinar Cemileva T\u00fcrkiye ba\u015f nazirini\u00f1 refiqas\u0131 Emine Erdo\u011fann\u0131 Q\u0131r\u0131m topra\u011f\u0131nda sel\u00e2mlad - \u041c\u0435\u0434\u0436\u043b\u0456\u0441","isPartOf":{"@id":"https:\/\/qtmm.org\/qt\/#website"},"primaryImageOfPage":{"@id":"https:\/\/qtmm.org\/qt\/qirimtatar-qadinlar-birliginin-reisi-safinar-cemileva-turkiye-bas-nazirinin-refiqasi-emine-erdoganni-qirim-topraginda-selamlad\/#primaryimage"},"image":{"@id":"https:\/\/qtmm.org\/qt\/qirimtatar-qadinlar-birliginin-reisi-safinar-cemileva-turkiye-bas-nazirinin-refiqasi-emine-erdoganni-qirim-topraginda-selamlad\/#primaryimage"},"thumbnailUrl":"https:\/\/qtmm.org\/wp-content\/uploads\/2022\/01\/img_0700.jpeg","datePublished":"2012-09-14T14:01:00+00:00","dateModified":"2022-01-22T14:02:15+00:00","breadcrumb":{"@id":"https:\/\/qtmm.org\/qt\/qirimtatar-qadinlar-birliginin-reisi-safinar-cemileva-turkiye-bas-nazirinin-refiqasi-emine-erdoganni-qirim-topraginda-selamlad\/#breadcrumb"},"inLanguage":"qt","potentialAction":[{"@type":"ReadAction","target":["https:\/\/qtmm.org\/qt\/qirimtatar-qadinlar-birliginin-reisi-safinar-cemileva-turkiye-bas-nazirinin-refiqasi-emine-erdoganni-qirim-topraginda-selamlad\/"]}]},{"@type":"ImageObject","inLanguage":"qt","@id":"https:\/\/qtmm.org\/qt\/qirimtatar-qadinlar-birliginin-reisi-safinar-cemileva-turkiye-bas-nazirinin-refiqasi-emine-erdoganni-qirim-topraginda-selamlad\/#primaryimage","url":"https:\/\/qtmm.org\/wp-content\/uploads\/2022\/01\/img_0700.jpeg","contentUrl":"https:\/\/qtmm.org\/wp-content\/uploads\/2022\/01\/img_0700.jpeg","width":650,"height":400},{"@type":"BreadcrumbList","@id":"https:\/\/qtmm.org\/qt\/qirimtatar-qadinlar-birliginin-reisi-safinar-cemileva-turkiye-bas-nazirinin-refiqasi-emine-erdoganni-qirim-topraginda-selamlad\/#breadcrumb","itemListElement":[{"@type":"ListItem","position":1,"name":"\u0413\u043e\u043b\u043e\u0432\u043d\u0430","item":"https:\/\/qtmm.org\/qt\/"},{"@type":"ListItem","position":2,"name":"Q\u0131r\u0131mtatar qad\u0131nlar birligini\u00f1 reisi Safinar Cemileva T\u00fcrkiye ba\u015f nazirini\u00f1 refiqas\u0131 Emine Erdo\u011fann\u0131 Q\u0131r\u0131m topra\u011f\u0131nda sel\u00e2mlad"}]},{"@type":"WebSite","@id":"https:\/\/qtmm.org\/qt\/#website","url":"https:\/\/qtmm.org\/qt\/","name":"\u041c\u0435\u0434\u0436\u043b\u0456\u0441","description":"","publisher":{"@id":"https:\/\/qtmm.org\/qt\/#organization"},"potentialAction":[{"@type":"SearchAction","target":{"@type":"EntryPoint","urlTemplate":"https:\/\/qtmm.org\/qt\/?s={search_term_string}"},"query-input":{"@type":"PropertyValueSpecification","valueRequired":true,"valueName":"search_term_string"}}],"inLanguage":"qt"},{"@type":"Organization","@id":"https:\/\/qtmm.org\/qt\/#organization","name":"\u041c\u0435\u0434\u0436\u043b\u0456\u0441","url":"https:\/\/qtmm.org\/qt\/","logo":{"@type":"ImageObject","inLanguage":"qt","@id":"https:\/\/qtmm.org\/qt\/#\/schema\/logo\/image\/","url":"https:\/\/qtmm.org\/wp-content\/uploads\/2024\/12\/ua-mejlis-logo-rgb.svg","contentUrl":"https:\/\/qtmm.org\/wp-content\/uploads\/2024\/12\/ua-mejlis-logo-rgb.svg","caption":"\u041c\u0435\u0434\u0436\u043b\u0456\u0441"},"image":{"@id":"https:\/\/qtmm.org\/qt\/#\/schema\/logo\/image\/"},"sameAs":["https:\/\/www.facebook.com\/qtmm.info\/"]},{"@type":"Person","@id":"https:\/\/qtmm.org\/qt\/#\/schema\/person\/de562469f971dec226ac06e60bbf74a7","name":"Developer","image":{"@type":"ImageObject","inLanguage":"qt","@id":"https:\/\/secure.gravatar.com\/avatar\/392b4cc8fbfeb00b39dfeeab4ee6edded39ffd48e25858637e4765810300227e?s=96&d=mm&r=g","url":"https:\/\/secure.gravatar.com\/avatar\/392b4cc8fbfeb00b39dfeeab4ee6edded39ffd48e25858637e4765810300227e?s=96&d=mm&r=g","contentUrl":"https:\/\/secure.gravatar.com\/avatar\/392b4cc8fbfeb00b39dfeeab4ee6edded39ffd48e25858637e4765810300227e?s=96&d=mm&r=g","caption":"Developer"},"url":"https:\/\/qtmm.org\/qt\/author\/Developer\/"}]}},"_links":{"self":[{"href":"https:\/\/qtmm.org\/qt\/wp-json\/wp\/v2\/posts\/34174","targetHints":{"allow":["GET"]}}],"collection":[{"href":"https:\/\/qtmm.org\/qt\/wp-json\/wp\/v2\/posts"}],"about":[{"href":"https:\/\/qtmm.org\/qt\/wp-json\/wp\/v2\/types\/post"}],"author":[{"embeddable":true,"href":"https:\/\/qtmm.org\/qt\/wp-json\/wp\/v2\/users\/1"}],"replies":[{"embeddable":true,"href":"https:\/\/qtmm.org\/qt\/wp-json\/wp\/v2\/comments?post=34174"}],"version-history":[{"count":1,"href":"https:\/\/qtmm.org\/qt\/wp-json\/wp\/v2\/posts\/34174\/revisions"}],"predecessor-version":[{"id":34183,"href":"https:\/\/qtmm.org\/qt\/wp-json\/wp\/v2\/posts\/34174\/revisions\/34183"}],"wp:featuredmedia":[{"embeddable":true,"href":"https:\/\/qtmm.org\/qt\/wp-json\/wp\/v2\/media\/34175"}],"wp:attachment":[{"href":"https:\/\/qtmm.org\/qt\/wp-json\/wp\/v2\/media?parent=34174"}],"wp:term":[{"taxonomy":"category","embeddable":true,"href":"https:\/\/qtmm.org\/qt\/wp-json\/wp\/v2\/categories?post=34174"},{"taxonomy":"post_tag","embeddable":true,"href":"https:\/\/qtmm.org\/qt\/wp-json\/wp\/v2\/tags?post=34174"}],"curies":[{"name":"wp","href":"https:\/\/api.w.org\/{rel}","templated":true}]}}