




{"id":34072,"date":"2012-09-14T16:58:00","date_gmt":"2012-09-14T13:58:00","guid":{"rendered":"http:\/\/qtmm.org\/?p=34072"},"modified":"2022-01-22T17:01:06","modified_gmt":"2022-01-22T14:01:06","slug":"turkiye-cumhuriyetinin-bas-naziri-recep-tayip-erdogan-qirimtatar-halqi-meclisinin-reisi-mustafa-cemilev-ile-korusti","status":"publish","type":"post","link":"https:\/\/qtmm.org\/qt\/turkiye-cumhuriyetinin-bas-naziri-recep-tayip-erdogan-qirimtatar-halqi-meclisinin-reisi-mustafa-cemilev-ile-korusti\/","title":{"rendered":"T\u00fcrkiye Cumhuriyetini\u00f1 Ba\u015f naziri Recep Tayip Erdo\u011fan Q\u0131r\u0131mtatar halq\u0131 Meclisini\u00f1 reisi Mustafa Cemilev ile k\u00f6r\u00fc\u015fti"},"content":{"rendered":"\n<p>Ukraina\u011fa resmiy ziyaretnen te\u015frif buyur\u011fan T\u00fcrkiye Cumhuriyetini\u00f1 Ba\u015f naziri Recep Tayip Erdo\u011fan 2012 senesi sent\u00e2br 13 k\u00fcn\u00fc aq\u015fam Q\u0131r\u0131m\u011fa keldi. \u015eu k\u00fcn\u00fc Kiyevde Ukraina Prezidenti Viktor Yanukovi\u00e7 ve T\u00fcrkiye Cumhuriyetini\u00f1 ba\u015f naziri Recep Tayip Erdo\u011fann\u0131\u00f1 k\u00f6r\u00fc\u015f\u00fcvi, bun\u0131\u00f1 kibi de Ukraina-T\u00fcrkiyeni\u00f1 aliy derecedeki Strategik ke\u00f1e\u015fini\u00f1 topla\u015fuv\u0131 ol\u0131p ke\u00e7ti.<\/p>\n\n\n\n<p>T\u00fcrkiye Cumhuriyetini\u00f1 ba\u015f naziri Recep Tayip Erdo\u011fan ve on\u0131\u00f1 refiqas\u0131 Emine han\u0131mn\u0131, Ba\u015f nazir muavini Bekir Bozda\u011f, T\u0131\u015fq\u0131 i\u015fler naziri Ahmet Davuto\u011flu, Mudafaa naziri \u0130smet Y\u0131lmaz, Transport ve al\u00e2qa naziri Binali Y\u0131ld\u0131r\u0131m, Energetika ve tabiiy resurslar naziri Taner Y\u0131ld\u0131z, T\u0131\u015fq\u0131 iqtisadiy al\u00e2qalar naziri Zafer \u00c7a\u011flayan, diger resmiy \u015fah\u0131slarn\u0131 Q\u0131r\u0131mda Belbek ava liman\u0131nda Milliy Meclis reisi Mustafa Cemilev ve on\u0131\u00f1 birinci muavini, B\u00fct\u00fcnd\u00fcnya q\u0131r\u0131mtatar kongressini\u00f1 prezidenti Refat \u00c7ubarov qar\u015f\u0131lap ald\u0131lar. Qar\u015f\u0131la\u011fanlar aras\u0131nda T\u00fcrkiyeni\u00f1 Q\u0131r\u0131mdaki fahriy konsul\u0131 Seyran Osmanov, QMPU rektor\u0131 Fevzi Yakubov, Meclis reisini\u00f1 mesleat\u00e7\u0131s\u0131 \u0130smet Y\u00fcksel, Meclisni\u00f1 T\u00fcrkiyedeki temsilcisi Zafer Qaratay, ATR birinci mustaqil q\u0131r\u0131mtatar televizion kanal\u0131n\u0131\u00f1 esas\u00e7\u0131s\u0131 Lenur \u0130sl\u00e2mov, Q\u0131r\u0131m Halqara biznes birligi idaresini\u00f1 ba\u015f\u0131 Aslan \u00dcmerov ve &#8220;Q\u0131r\u0131m inki\u015faf\u0131 vaquf\u0131&#8221; hayriye te\u015fkil\u00e2t\u0131n\u0131\u00f1 prezidenti Rustem \u00dcmerov de bar ediler.<\/p>\n\n\n\n<p>Ava liman\u0131nda eken T\u00fcrkiye Ba\u015f naziri ve Q\u0131r\u0131mtatar halq\u0131 Meclisi reisi aras\u0131nda q\u0131sqa dialog ol\u0131p ke\u00e7ti. Meclis reisini sel\u00e2mla\u011fan T\u00fcrkiye Cumhuriyetini\u00f1 Ba\u015f naziri Mustafa Cemilevge nisbeten b\u00fcy\u00fck say\u0131\u011f\u0131s\u0131n\u0131 numay\u0131\u015f eterek, subetni devam ettirmek i\u00e7\u00fcn on\u0131 ve Q\u0131r\u0131m delegatsiyas\u0131n\u0131\u00f1 azalar\u0131n\u0131 \u00f6z qona\u011f\u0131na davet etti.<\/p>\n\n\n\n<p>T\u00fcrkiye \u00fck\u00fcmetini\u00f1 ba\u015f\u0131 ile beraber Q\u0131r\u0131m\u011fa T\u00fcrkiyeni\u00f1 Ukrainadaki Vefqulade ve Toluvek\u00e2letli El\u00e7isi Mehmet Samsar, Ukrainan\u0131\u00f1 T\u00fcrkiyedeki Vefqulade ve Toluvek\u00e2letli El\u00e7isi Sergey Korsunskiy, bun\u0131\u00f1 kibi de T\u00fcrkiye Cumhuriyetini\u00f1 Odessadaki Ba\u015f konsul\u0131 Husein Ergan T\u00fcrkiye Cumhuriyetini\u00f1 Ba\u015f naziri Recep Tayip Erdo\u011fan Q\u0131r\u0131mtatar halq\u0131 Meclisini\u00f1 reisi Mustafa Cemilev ile resmiy k\u00f6r\u00fc\u015f\u00fcvi Gaspra qasabas\u0131n\u0131\u00f1 T\u00fcrkiye delegatsiyas\u0131 yerle\u015fken &#8220;Sosnovaya ro\u015f\u00e7a&#8221; (\u00c7aml\u0131q) \u00f6telinde ol\u0131p ke\u00e7ti.<\/p>\n\n\n\n<figure class=\"wp-block-image size-full\"><img loading=\"lazy\" decoding=\"async\" width=\"650\" height=\"350\" src=\"http:\/\/qtmm.org\/wp-content\/uploads\/2022\/01\/img_4877.jpeg\" alt=\"\" class=\"wp-image-34077\" srcset=\"https:\/\/qtmm.org\/wp-content\/uploads\/2022\/01\/img_4877.jpeg 650w, https:\/\/qtmm.org\/wp-content\/uploads\/2022\/01\/img_4877-300x162.jpeg 300w\" sizes=\"auto, (max-width: 650px) 100vw, 650px\" \/><\/figure>\n\n\n\n<p>T\u00fcrkiye Ba\u015f nazirini\u00f1 muavini Bekir Bozda\u011f, T\u0131\u015fq\u0131 i\u015fler naziri Ahmet Davuto\u011flu, bun\u0131\u00f1 kibi de Meclis reisini\u00f1 muavini, B\u00fct\u00fcnd\u00fcnya q\u0131r\u0131mtatarlar kongressini\u00f1 prezidenti Refat \u00c7ubarov ve QMPU rektor\u0131 Fevzi Yakubov i\u015ftirak etken k\u00f6r\u00fc\u015f\u00fcvde Q\u0131r\u0131mda bir s\u0131ra medeniy ve i\u00e7timaiy programmalarn\u0131\u00f1, \u015fu c\u00fcmleden mektep quruc\u0131l\u0131\u011f\u0131, QMPU maddiy-tehnikiy bazas\u0131n\u0131\u00f1 keni\u015fletilmesi, Aqmescitte B\u00fcy\u00fck Cuma cami quruc\u0131l\u0131\u011f\u0131n\u0131 amelge ke\u00e7ir\u00fcvnen ba\u011fl\u0131 meseleler muzakere etildi.<\/p>\n\n\n\n<p>T\u00fcrkiye Cumhuriyetini\u00f1 Ba\u015f naziri Recep Tayip Erdo\u011fan ve Q\u0131r\u0131mtatar halq\u0131 Meclisini\u00f1 reisi Mustafa Cemilevni\u00f1 qonu\u015fmas\u0131na q\u0131r\u0131mtatar resmiy delegatsiyas\u0131n\u0131\u00f1 azalar\u0131 Meclis reisini\u00f1 mesleat\u00e7\u0131s\u0131 \u0130smet Y\u00fcksel, Meclisni\u00f1 T\u00fcrkiyedeki temsilcisi Zafer Qaratay, ATR birinci mustaqil q\u0131r\u0131mtatar televizion kanal\u0131n\u0131\u00f1 esas\u00e7\u0131s\u0131 Lenur \u0130sl\u00e2mov, Q\u0131r\u0131m Halqara biznes birligi idaresini\u00f1 ba\u015f\u0131 Aslan \u00dcmerov ve &#8220;Q\u0131r\u0131m inki\u015faf\u0131 vaquf\u0131&#8221; hayriye te\u015fkil\u00e2t\u0131n\u0131\u00f1 prezidenti Rustem \u00dcmerov de qo\u015fuld\u0131lar.<\/p>\n\n\n\n<p>Yar\u0131m saatten ziyade devam etken k\u00f6r\u00fc\u015f\u00fcvni\u00f1 so\u00f1unda on\u0131\u00f1 i\u015ftirak\u00e7ileri Ukraina ve T\u00fcrkiye aras\u0131nda eyiqom\u015ful\u0131q munasebetleri pekitilmesini\u00f1 m\u00fcimligini qayd etip, bu munasebetler Vatan\u0131na qaytmaqta ol\u011fan q\u0131r\u0131mtatar halq\u0131n\u0131\u00f1 \u011fayr\u0131dan tiklenmesi ve inki\u015faf etmesinen ba\u011fl\u0131 meselelerni\u00f1 \u00e7ezilmesine de siltem olaca\u011f\u0131na eminligini bildirdiler.<\/p>\n\n\n\n<figure class=\"wp-block-gallery columns-3 is-cropped wp-block-gallery-1 is-layout-flex wp-block-gallery-is-layout-flex\"><ul class=\"blocks-gallery-grid\"><li class=\"blocks-gallery-item\"><figure><a href=\"http:\/\/qtmm.org\/wp-content\/uploads\/2022\/01\/505382c8d9840.jpeg\"><img loading=\"lazy\" decoding=\"async\" width=\"640\" height=\"480\" src=\"http:\/\/qtmm.org\/wp-content\/uploads\/2022\/01\/505382c8d9840.jpeg\" alt=\"\" data-id=\"34081\" data-full-url=\"http:\/\/qtmm.org\/wp-content\/uploads\/2022\/01\/505382c8d9840.jpeg\" data-link=\"http:\/\/qtmm.org\/qt\/?attachment_id=34081\" class=\"wp-image-34081\" srcset=\"https:\/\/qtmm.org\/wp-content\/uploads\/2022\/01\/505382c8d9840.jpeg 640w, https:\/\/qtmm.org\/wp-content\/uploads\/2022\/01\/505382c8d9840-300x225.jpeg 300w\" sizes=\"auto, (max-width: 640px) 100vw, 640px\" \/><\/a><\/figure><\/li><li class=\"blocks-gallery-item\"><figure><a href=\"http:\/\/qtmm.org\/wp-content\/uploads\/2022\/01\/505382c9d03c1.jpeg\"><img loading=\"lazy\" decoding=\"async\" width=\"640\" height=\"480\" src=\"http:\/\/qtmm.org\/wp-content\/uploads\/2022\/01\/505382c9d03c1.jpeg\" alt=\"\" data-id=\"34085\" data-full-url=\"http:\/\/qtmm.org\/wp-content\/uploads\/2022\/01\/505382c9d03c1.jpeg\" data-link=\"http:\/\/qtmm.org\/qt\/?attachment_id=34085\" class=\"wp-image-34085\" srcset=\"https:\/\/qtmm.org\/wp-content\/uploads\/2022\/01\/505382c9d03c1.jpeg 640w, https:\/\/qtmm.org\/wp-content\/uploads\/2022\/01\/505382c9d03c1-300x225.jpeg 300w\" sizes=\"auto, (max-width: 640px) 100vw, 640px\" \/><\/a><\/figure><\/li><li class=\"blocks-gallery-item\"><figure><a href=\"http:\/\/qtmm.org\/wp-content\/uploads\/2022\/01\/505382c8333e9.jpeg\"><img loading=\"lazy\" decoding=\"async\" width=\"640\" height=\"480\" src=\"http:\/\/qtmm.org\/wp-content\/uploads\/2022\/01\/505382c8333e9.jpeg\" alt=\"\" data-id=\"34089\" data-full-url=\"http:\/\/qtmm.org\/wp-content\/uploads\/2022\/01\/505382c8333e9.jpeg\" data-link=\"http:\/\/qtmm.org\/qt\/?attachment_id=34089\" class=\"wp-image-34089\" srcset=\"https:\/\/qtmm.org\/wp-content\/uploads\/2022\/01\/505382c8333e9.jpeg 640w, https:\/\/qtmm.org\/wp-content\/uploads\/2022\/01\/505382c8333e9-300x225.jpeg 300w\" sizes=\"auto, (max-width: 640px) 100vw, 640px\" \/><\/a><\/figure><\/li><li class=\"blocks-gallery-item\"><figure><a href=\"http:\/\/qtmm.org\/wp-content\/uploads\/2022\/01\/505382c8844fe.jpeg\"><img loading=\"lazy\" decoding=\"async\" width=\"640\" height=\"480\" src=\"http:\/\/qtmm.org\/wp-content\/uploads\/2022\/01\/505382c8844fe.jpeg\" alt=\"\" data-id=\"34093\" data-full-url=\"http:\/\/qtmm.org\/wp-content\/uploads\/2022\/01\/505382c8844fe.jpeg\" data-link=\"http:\/\/qtmm.org\/qt\/?attachment_id=34093\" class=\"wp-image-34093\" srcset=\"https:\/\/qtmm.org\/wp-content\/uploads\/2022\/01\/505382c8844fe.jpeg 640w, https:\/\/qtmm.org\/wp-content\/uploads\/2022\/01\/505382c8844fe-300x225.jpeg 300w\" sizes=\"auto, (max-width: 640px) 100vw, 640px\" \/><\/a><\/figure><\/li><li class=\"blocks-gallery-item\"><figure><a href=\"http:\/\/qtmm.org\/wp-content\/uploads\/2022\/01\/505382c9848d5.jpeg\"><img loading=\"lazy\" decoding=\"async\" width=\"640\" height=\"480\" src=\"http:\/\/qtmm.org\/wp-content\/uploads\/2022\/01\/505382c9848d5.jpeg\" alt=\"\" data-id=\"34097\" data-full-url=\"http:\/\/qtmm.org\/wp-content\/uploads\/2022\/01\/505382c9848d5.jpeg\" data-link=\"http:\/\/qtmm.org\/qt\/?attachment_id=34097\" class=\"wp-image-34097\" srcset=\"https:\/\/qtmm.org\/wp-content\/uploads\/2022\/01\/505382c9848d5.jpeg 640w, https:\/\/qtmm.org\/wp-content\/uploads\/2022\/01\/505382c9848d5-300x225.jpeg 300w\" sizes=\"auto, (max-width: 640px) 100vw, 640px\" \/><\/a><\/figure><\/li><li class=\"blocks-gallery-item\"><figure><a href=\"http:\/\/qtmm.org\/wp-content\/uploads\/2022\/01\/505382c935353.jpeg\"><img loading=\"lazy\" decoding=\"async\" width=\"640\" height=\"480\" src=\"http:\/\/qtmm.org\/wp-content\/uploads\/2022\/01\/505382c935353.jpeg\" alt=\"\" data-id=\"34101\" data-full-url=\"http:\/\/qtmm.org\/wp-content\/uploads\/2022\/01\/505382c935353.jpeg\" data-link=\"http:\/\/qtmm.org\/qt\/?attachment_id=34101\" class=\"wp-image-34101\" srcset=\"https:\/\/qtmm.org\/wp-content\/uploads\/2022\/01\/505382c935353.jpeg 640w, https:\/\/qtmm.org\/wp-content\/uploads\/2022\/01\/505382c935353-300x225.jpeg 300w\" sizes=\"auto, (max-width: 640px) 100vw, 640px\" \/><\/a><\/figure><\/li><li class=\"blocks-gallery-item\"><figure><a href=\"http:\/\/qtmm.org\/wp-content\/uploads\/2022\/01\/505382ca2ab4c.jpeg\"><img loading=\"lazy\" decoding=\"async\" width=\"640\" height=\"480\" src=\"http:\/\/qtmm.org\/wp-content\/uploads\/2022\/01\/505382ca2ab4c.jpeg\" alt=\"\" data-id=\"34105\" data-full-url=\"http:\/\/qtmm.org\/wp-content\/uploads\/2022\/01\/505382ca2ab4c.jpeg\" data-link=\"http:\/\/qtmm.org\/qt\/?attachment_id=34105\" class=\"wp-image-34105\" srcset=\"https:\/\/qtmm.org\/wp-content\/uploads\/2022\/01\/505382ca2ab4c.jpeg 640w, https:\/\/qtmm.org\/wp-content\/uploads\/2022\/01\/505382ca2ab4c-300x225.jpeg 300w\" sizes=\"auto, (max-width: 640px) 100vw, 640px\" \/><\/a><\/figure><\/li><li class=\"blocks-gallery-item\"><figure><a href=\"http:\/\/qtmm.org\/wp-content\/uploads\/2022\/01\/505382ca78190.jpeg\"><img loading=\"lazy\" decoding=\"async\" width=\"640\" height=\"480\" src=\"http:\/\/qtmm.org\/wp-content\/uploads\/2022\/01\/505382ca78190.jpeg\" alt=\"\" data-id=\"34109\" data-full-url=\"http:\/\/qtmm.org\/wp-content\/uploads\/2022\/01\/505382ca78190.jpeg\" data-link=\"http:\/\/qtmm.org\/qt\/?attachment_id=34109\" class=\"wp-image-34109\" srcset=\"https:\/\/qtmm.org\/wp-content\/uploads\/2022\/01\/505382ca78190.jpeg 640w, https:\/\/qtmm.org\/wp-content\/uploads\/2022\/01\/505382ca78190-300x225.jpeg 300w\" sizes=\"auto, (max-width: 640px) 100vw, 640px\" \/><\/a><\/figure><\/li><li class=\"blocks-gallery-item\"><figure><a href=\"http:\/\/qtmm.org\/wp-content\/uploads\/2022\/01\/505382cac5fa5.jpeg\"><img loading=\"lazy\" decoding=\"async\" width=\"640\" height=\"480\" src=\"http:\/\/qtmm.org\/wp-content\/uploads\/2022\/01\/505382cac5fa5.jpeg\" alt=\"\" data-id=\"34113\" data-full-url=\"http:\/\/qtmm.org\/wp-content\/uploads\/2022\/01\/505382cac5fa5.jpeg\" data-link=\"http:\/\/qtmm.org\/qt\/?attachment_id=34113\" class=\"wp-image-34113\" srcset=\"https:\/\/qtmm.org\/wp-content\/uploads\/2022\/01\/505382cac5fa5.jpeg 640w, https:\/\/qtmm.org\/wp-content\/uploads\/2022\/01\/505382cac5fa5-300x225.jpeg 300w\" sizes=\"auto, (max-width: 640px) 100vw, 640px\" \/><\/a><\/figure><\/li><li class=\"blocks-gallery-item\"><figure><a href=\"http:\/\/qtmm.org\/wp-content\/uploads\/2022\/01\/505382cb1d850.jpeg\"><img loading=\"lazy\" decoding=\"async\" width=\"640\" height=\"480\" src=\"http:\/\/qtmm.org\/wp-content\/uploads\/2022\/01\/505382cb1d850.jpeg\" alt=\"\" data-id=\"34117\" data-full-url=\"http:\/\/qtmm.org\/wp-content\/uploads\/2022\/01\/505382cb1d850.jpeg\" data-link=\"http:\/\/qtmm.org\/qt\/?attachment_id=34117\" class=\"wp-image-34117\" srcset=\"https:\/\/qtmm.org\/wp-content\/uploads\/2022\/01\/505382cb1d850.jpeg 640w, https:\/\/qtmm.org\/wp-content\/uploads\/2022\/01\/505382cb1d850-300x225.jpeg 300w\" sizes=\"auto, (max-width: 640px) 100vw, 640px\" \/><\/a><\/figure><\/li><li class=\"blocks-gallery-item\"><figure><a href=\"http:\/\/qtmm.org\/wp-content\/uploads\/2022\/01\/505382cb68f55.jpeg\"><img loading=\"lazy\" decoding=\"async\" width=\"640\" height=\"480\" src=\"http:\/\/qtmm.org\/wp-content\/uploads\/2022\/01\/505382cb68f55.jpeg\" alt=\"\" data-id=\"34121\" data-full-url=\"http:\/\/qtmm.org\/wp-content\/uploads\/2022\/01\/505382cb68f55.jpeg\" data-link=\"http:\/\/qtmm.org\/qt\/?attachment_id=34121\" class=\"wp-image-34121\" srcset=\"https:\/\/qtmm.org\/wp-content\/uploads\/2022\/01\/505382cb68f55.jpeg 640w, https:\/\/qtmm.org\/wp-content\/uploads\/2022\/01\/505382cb68f55-300x225.jpeg 300w\" sizes=\"auto, (max-width: 640px) 100vw, 640px\" \/><\/a><\/figure><\/li><li class=\"blocks-gallery-item\"><figure><a href=\"http:\/\/qtmm.org\/wp-content\/uploads\/2022\/01\/505382cbb7d06.jpeg\"><img loading=\"lazy\" decoding=\"async\" width=\"640\" height=\"480\" src=\"http:\/\/qtmm.org\/wp-content\/uploads\/2022\/01\/505382cbb7d06.jpeg\" alt=\"\" data-id=\"34125\" data-full-url=\"http:\/\/qtmm.org\/wp-content\/uploads\/2022\/01\/505382cbb7d06.jpeg\" data-link=\"http:\/\/qtmm.org\/qt\/?attachment_id=34125\" class=\"wp-image-34125\" srcset=\"https:\/\/qtmm.org\/wp-content\/uploads\/2022\/01\/505382cbb7d06.jpeg 640w, https:\/\/qtmm.org\/wp-content\/uploads\/2022\/01\/505382cbb7d06-300x225.jpeg 300w\" sizes=\"auto, (max-width: 640px) 100vw, 640px\" \/><\/a><\/figure><\/li><li class=\"blocks-gallery-item\"><figure><a href=\"http:\/\/qtmm.org\/wp-content\/uploads\/2022\/01\/505382cc6068a.jpeg\"><img loading=\"lazy\" decoding=\"async\" width=\"640\" height=\"480\" src=\"http:\/\/qtmm.org\/wp-content\/uploads\/2022\/01\/505382cc6068a.jpeg\" alt=\"\" data-id=\"34129\" data-full-url=\"http:\/\/qtmm.org\/wp-content\/uploads\/2022\/01\/505382cc6068a.jpeg\" data-link=\"http:\/\/qtmm.org\/qt\/?attachment_id=34129\" class=\"wp-image-34129\" srcset=\"https:\/\/qtmm.org\/wp-content\/uploads\/2022\/01\/505382cc6068a.jpeg 640w, https:\/\/qtmm.org\/wp-content\/uploads\/2022\/01\/505382cc6068a-300x225.jpeg 300w\" sizes=\"auto, (max-width: 640px) 100vw, 640px\" \/><\/a><\/figure><\/li><li class=\"blocks-gallery-item\"><figure><a href=\"http:\/\/qtmm.org\/wp-content\/uploads\/2022\/01\/505382cc13819.jpeg\"><img loading=\"lazy\" decoding=\"async\" width=\"640\" height=\"480\" src=\"http:\/\/qtmm.org\/wp-content\/uploads\/2022\/01\/505382cc13819.jpeg\" alt=\"\" data-id=\"34133\" data-full-url=\"http:\/\/qtmm.org\/wp-content\/uploads\/2022\/01\/505382cc13819.jpeg\" data-link=\"http:\/\/qtmm.org\/qt\/?attachment_id=34133\" class=\"wp-image-34133\" srcset=\"https:\/\/qtmm.org\/wp-content\/uploads\/2022\/01\/505382cc13819.jpeg 640w, https:\/\/qtmm.org\/wp-content\/uploads\/2022\/01\/505382cc13819-300x225.jpeg 300w\" sizes=\"auto, (max-width: 640px) 100vw, 640px\" \/><\/a><\/figure><\/li><li class=\"blocks-gallery-item\"><figure><a href=\"http:\/\/qtmm.org\/wp-content\/uploads\/2022\/01\/505382ccaaa07.jpeg\"><img loading=\"lazy\" decoding=\"async\" width=\"640\" height=\"480\" src=\"http:\/\/qtmm.org\/wp-content\/uploads\/2022\/01\/505382ccaaa07.jpeg\" alt=\"\" data-id=\"34137\" data-full-url=\"http:\/\/qtmm.org\/wp-content\/uploads\/2022\/01\/505382ccaaa07.jpeg\" data-link=\"http:\/\/qtmm.org\/qt\/?attachment_id=34137\" class=\"wp-image-34137\" srcset=\"https:\/\/qtmm.org\/wp-content\/uploads\/2022\/01\/505382ccaaa07.jpeg 640w, https:\/\/qtmm.org\/wp-content\/uploads\/2022\/01\/505382ccaaa07-300x225.jpeg 300w\" sizes=\"auto, (max-width: 640px) 100vw, 640px\" \/><\/a><\/figure><\/li><li class=\"blocks-gallery-item\"><figure><a href=\"http:\/\/qtmm.org\/wp-content\/uploads\/2022\/01\/505382cd02e77.jpeg\"><img loading=\"lazy\" decoding=\"async\" width=\"640\" height=\"480\" src=\"http:\/\/qtmm.org\/wp-content\/uploads\/2022\/01\/505382cd02e77.jpeg\" alt=\"\" data-id=\"34141\" data-full-url=\"http:\/\/qtmm.org\/wp-content\/uploads\/2022\/01\/505382cd02e77.jpeg\" data-link=\"http:\/\/qtmm.org\/qt\/?attachment_id=34141\" class=\"wp-image-34141\" srcset=\"https:\/\/qtmm.org\/wp-content\/uploads\/2022\/01\/505382cd02e77.jpeg 640w, https:\/\/qtmm.org\/wp-content\/uploads\/2022\/01\/505382cd02e77-300x225.jpeg 300w\" sizes=\"auto, (max-width: 640px) 100vw, 640px\" \/><\/a><\/figure><\/li><li class=\"blocks-gallery-item\"><figure><a href=\"http:\/\/qtmm.org\/wp-content\/uploads\/2022\/01\/505382cd51c1e.jpeg\"><img loading=\"lazy\" decoding=\"async\" width=\"640\" height=\"480\" src=\"http:\/\/qtmm.org\/wp-content\/uploads\/2022\/01\/505382cd51c1e.jpeg\" alt=\"\" data-id=\"34145\" data-full-url=\"http:\/\/qtmm.org\/wp-content\/uploads\/2022\/01\/505382cd51c1e.jpeg\" data-link=\"http:\/\/qtmm.org\/qt\/?attachment_id=34145\" class=\"wp-image-34145\" srcset=\"https:\/\/qtmm.org\/wp-content\/uploads\/2022\/01\/505382cd51c1e.jpeg 640w, https:\/\/qtmm.org\/wp-content\/uploads\/2022\/01\/505382cd51c1e-300x225.jpeg 300w\" sizes=\"auto, (max-width: 640px) 100vw, 640px\" \/><\/a><\/figure><\/li><li class=\"blocks-gallery-item\"><figure><a href=\"http:\/\/qtmm.org\/wp-content\/uploads\/2022\/01\/505382cdad8da.jpeg\"><img loading=\"lazy\" decoding=\"async\" width=\"640\" height=\"480\" src=\"http:\/\/qtmm.org\/wp-content\/uploads\/2022\/01\/505382cdad8da.jpeg\" alt=\"\" data-id=\"34149\" data-full-url=\"http:\/\/qtmm.org\/wp-content\/uploads\/2022\/01\/505382cdad8da.jpeg\" data-link=\"http:\/\/qtmm.org\/qt\/?attachment_id=34149\" class=\"wp-image-34149\" srcset=\"https:\/\/qtmm.org\/wp-content\/uploads\/2022\/01\/505382cdad8da.jpeg 640w, https:\/\/qtmm.org\/wp-content\/uploads\/2022\/01\/505382cdad8da-300x225.jpeg 300w\" sizes=\"auto, (max-width: 640px) 100vw, 640px\" \/><\/a><\/figure><\/li><li class=\"blocks-gallery-item\"><figure><a href=\"http:\/\/qtmm.org\/wp-content\/uploads\/2022\/01\/505382ce0b711.jpeg\"><img loading=\"lazy\" decoding=\"async\" width=\"640\" height=\"480\" src=\"http:\/\/qtmm.org\/wp-content\/uploads\/2022\/01\/505382ce0b711.jpeg\" alt=\"\" data-id=\"34153\" data-full-url=\"http:\/\/qtmm.org\/wp-content\/uploads\/2022\/01\/505382ce0b711.jpeg\" data-link=\"http:\/\/qtmm.org\/qt\/?attachment_id=34153\" class=\"wp-image-34153\" srcset=\"https:\/\/qtmm.org\/wp-content\/uploads\/2022\/01\/505382ce0b711.jpeg 640w, https:\/\/qtmm.org\/wp-content\/uploads\/2022\/01\/505382ce0b711-300x225.jpeg 300w\" sizes=\"auto, (max-width: 640px) 100vw, 640px\" \/><\/a><\/figure><\/li><li class=\"blocks-gallery-item\"><figure><a href=\"http:\/\/qtmm.org\/wp-content\/uploads\/2022\/01\/505382ce5cbd3.jpeg\"><img loading=\"lazy\" decoding=\"async\" width=\"640\" height=\"480\" src=\"http:\/\/qtmm.org\/wp-content\/uploads\/2022\/01\/505382ce5cbd3.jpeg\" alt=\"\" data-id=\"34157\" data-full-url=\"http:\/\/qtmm.org\/wp-content\/uploads\/2022\/01\/505382ce5cbd3.jpeg\" data-link=\"http:\/\/qtmm.org\/qt\/?attachment_id=34157\" class=\"wp-image-34157\" srcset=\"https:\/\/qtmm.org\/wp-content\/uploads\/2022\/01\/505382ce5cbd3.jpeg 640w, https:\/\/qtmm.org\/wp-content\/uploads\/2022\/01\/505382ce5cbd3-300x225.jpeg 300w\" sizes=\"auto, (max-width: 640px) 100vw, 640px\" \/><\/a><\/figure><\/li><li class=\"blocks-gallery-item\"><figure><a href=\"http:\/\/qtmm.org\/wp-content\/uploads\/2022\/01\/505382ceaf805.jpeg\"><img loading=\"lazy\" decoding=\"async\" width=\"640\" height=\"480\" src=\"http:\/\/qtmm.org\/wp-content\/uploads\/2022\/01\/505382ceaf805.jpeg\" alt=\"\" data-id=\"34161\" data-full-url=\"http:\/\/qtmm.org\/wp-content\/uploads\/2022\/01\/505382ceaf805.jpeg\" data-link=\"http:\/\/qtmm.org\/qt\/?attachment_id=34161\" class=\"wp-image-34161\" srcset=\"https:\/\/qtmm.org\/wp-content\/uploads\/2022\/01\/505382ceaf805.jpeg 640w, https:\/\/qtmm.org\/wp-content\/uploads\/2022\/01\/505382ceaf805-300x225.jpeg 300w\" sizes=\"auto, (max-width: 640px) 100vw, 640px\" \/><\/a><\/figure><\/li><li class=\"blocks-gallery-item\"><figure><a href=\"http:\/\/qtmm.org\/wp-content\/uploads\/2022\/01\/505382cf06cc9.jpeg\"><img loading=\"lazy\" decoding=\"async\" width=\"640\" height=\"480\" src=\"http:\/\/qtmm.org\/wp-content\/uploads\/2022\/01\/505382cf06cc9.jpeg\" alt=\"\" data-id=\"34165\" data-full-url=\"http:\/\/qtmm.org\/wp-content\/uploads\/2022\/01\/505382cf06cc9.jpeg\" data-link=\"http:\/\/qtmm.org\/qt\/?attachment_id=34165\" class=\"wp-image-34165\" srcset=\"https:\/\/qtmm.org\/wp-content\/uploads\/2022\/01\/505382cf06cc9.jpeg 640w, https:\/\/qtmm.org\/wp-content\/uploads\/2022\/01\/505382cf06cc9-300x225.jpeg 300w\" sizes=\"auto, (max-width: 640px) 100vw, 640px\" \/><\/a><\/figure><\/li><li class=\"blocks-gallery-item\"><figure><a href=\"http:\/\/qtmm.org\/wp-content\/uploads\/2022\/01\/505382cf5048e.jpeg\"><img loading=\"lazy\" decoding=\"async\" width=\"640\" height=\"480\" src=\"http:\/\/qtmm.org\/wp-content\/uploads\/2022\/01\/505382cf5048e.jpeg\" alt=\"\" data-id=\"34169\" data-full-url=\"http:\/\/qtmm.org\/wp-content\/uploads\/2022\/01\/505382cf5048e.jpeg\" data-link=\"http:\/\/qtmm.org\/qt\/?attachment_id=34169\" class=\"wp-image-34169\" srcset=\"https:\/\/qtmm.org\/wp-content\/uploads\/2022\/01\/505382cf5048e.jpeg 640w, https:\/\/qtmm.org\/wp-content\/uploads\/2022\/01\/505382cf5048e-300x225.jpeg 300w\" sizes=\"auto, (max-width: 640px) 100vw, 640px\" \/><\/a><\/figure><\/li><\/ul><\/figure>\n","protected":false},"excerpt":{"rendered":"<p>Ukraina\u011fa resmiy ziyaretnen te\u015frif buyur\u011fan T\u00fcrkiye Cumhuriyetini\u00f1 Ba\u015f naziri Recep Tayip Erdo\u011fan 2012 senesi sent\u00e2br 13 k\u00fcn\u00fc aq\u015fam Q\u0131r\u0131m\u011fa keldi. \u015eu k\u00fcn\u00fc Kiyevde Ukraina Prezidenti Viktor Yanukovi\u00e7 ve T\u00fcrkiye Cumhuriyetini\u00f1 ba\u015f naziri Recep Tayip Erdo\u011fann\u0131\u00f1 k\u00f6r\u00fc\u015f\u00fcvi, bun\u0131\u00f1 kibi de Ukraina-T\u00fcrkiyeni\u00f1 aliy derecedeki Strategik ke\u00f1e\u015fini\u00f1 topla\u015fuv\u0131 ol\u0131p ke\u00e7ti. T\u00fcrkiye Cumhuriyetini\u00f1 ba\u015f naziri Recep Tayip Erdo\u011fan ve [&hellip;]<\/p>\n","protected":false},"author":1,"featured_media":34073,"comment_status":"open","ping_status":"open","sticky":false,"template":"","format":"standard","meta":{"inline_featured_image":false,"footnotes":""},"categories":[265],"tags":[],"class_list":["post-34072","post","type-post","status-publish","format-standard","has-post-thumbnail","hentry","category-haberler"],"acf":[],"yoast_head":"<!-- This site is optimized with the Yoast SEO plugin v27.4 - https:\/\/yoast.com\/product\/yoast-seo-wordpress\/ -->\n<title>T\u00fcrkiye Cumhuriyetini\u00f1 Ba\u015f naziri Recep Tayip Erdo\u011fan Q\u0131r\u0131mtatar halq\u0131 Meclisini\u00f1 reisi Mustafa Cemilev ile k\u00f6r\u00fc\u015fti - \u041c\u0435\u0434\u0436\u043b\u0456\u0441<\/title>\n<meta name=\"robots\" content=\"index, follow, max-snippet:-1, max-image-preview:large, max-video-preview:-1\" \/>\n<link rel=\"canonical\" href=\"https:\/\/qtmm.org\/qt\/turkiye-cumhuriyetinin-bas-naziri-recep-tayip-erdogan-qirimtatar-halqi-meclisinin-reisi-mustafa-cemilev-ile-korusti\/\" \/>\n<meta property=\"og:locale\" content=\"en_US\" \/>\n<meta property=\"og:type\" content=\"article\" \/>\n<meta property=\"og:title\" content=\"T\u00fcrkiye Cumhuriyetini\u00f1 Ba\u015f naziri Recep Tayip Erdo\u011fan Q\u0131r\u0131mtatar halq\u0131 Meclisini\u00f1 reisi Mustafa Cemilev ile k\u00f6r\u00fc\u015fti - \u041c\u0435\u0434\u0436\u043b\u0456\u0441\" \/>\n<meta property=\"og:description\" content=\"Ukraina\u011fa resmiy ziyaretnen te\u015frif buyur\u011fan T\u00fcrkiye Cumhuriyetini\u00f1 Ba\u015f naziri Recep Tayip Erdo\u011fan 2012 senesi sent\u00e2br 13 k\u00fcn\u00fc aq\u015fam Q\u0131r\u0131m\u011fa keldi. \u015eu k\u00fcn\u00fc Kiyevde Ukraina Prezidenti Viktor Yanukovi\u00e7 ve T\u00fcrkiye Cumhuriyetini\u00f1 ba\u015f naziri Recep Tayip Erdo\u011fann\u0131\u00f1 k\u00f6r\u00fc\u015f\u00fcvi, bun\u0131\u00f1 kibi de Ukraina-T\u00fcrkiyeni\u00f1 aliy derecedeki Strategik ke\u00f1e\u015fini\u00f1 topla\u015fuv\u0131 ol\u0131p ke\u00e7ti. T\u00fcrkiye Cumhuriyetini\u00f1 ba\u015f naziri Recep Tayip Erdo\u011fan ve [&hellip;]\" \/>\n<meta property=\"og:url\" content=\"https:\/\/qtmm.org\/qt\/turkiye-cumhuriyetinin-bas-naziri-recep-tayip-erdogan-qirimtatar-halqi-meclisinin-reisi-mustafa-cemilev-ile-korusti\/\" \/>\n<meta property=\"og:site_name\" content=\"\u041c\u0435\u0434\u0436\u043b\u0456\u0441\" \/>\n<meta property=\"article:publisher\" content=\"https:\/\/www.facebook.com\/qtmm.info\/\" \/>\n<meta property=\"article:published_time\" content=\"2012-09-14T13:58:00+00:00\" \/>\n<meta property=\"article:modified_time\" content=\"2022-01-22T14:01:06+00:00\" \/>\n<meta property=\"og:image\" content=\"https:\/\/qtmm.org\/wp-content\/uploads\/2022\/01\/img_4798.jpeg\" \/>\n\t<meta property=\"og:image:width\" content=\"650\" \/>\n\t<meta property=\"og:image:height\" content=\"350\" \/>\n\t<meta property=\"og:image:type\" content=\"image\/jpeg\" \/>\n<meta name=\"author\" content=\"Developer\" \/>\n<meta name=\"twitter:card\" content=\"summary_large_image\" \/>\n<meta name=\"twitter:label1\" content=\"Written by\" \/>\n\t<meta name=\"twitter:data1\" content=\"Developer\" \/>\n\t<meta name=\"twitter:label2\" content=\"Est. reading time\" \/>\n\t<meta name=\"twitter:data2\" content=\"3 minutes\" \/>\n<script type=\"application\/ld+json\" class=\"yoast-schema-graph\">{\"@context\":\"https:\\\/\\\/schema.org\",\"@graph\":[{\"@type\":\"Article\",\"@id\":\"https:\\\/\\\/qtmm.org\\\/qt\\\/turkiye-cumhuriyetinin-bas-naziri-recep-tayip-erdogan-qirimtatar-halqi-meclisinin-reisi-mustafa-cemilev-ile-korusti\\\/#article\",\"isPartOf\":{\"@id\":\"https:\\\/\\\/qtmm.org\\\/qt\\\/turkiye-cumhuriyetinin-bas-naziri-recep-tayip-erdogan-qirimtatar-halqi-meclisinin-reisi-mustafa-cemilev-ile-korusti\\\/\"},\"author\":{\"name\":\"Developer\",\"@id\":\"https:\\\/\\\/qtmm.org\\\/qt\\\/#\\\/schema\\\/person\\\/de562469f971dec226ac06e60bbf74a7\"},\"headline\":\"T\u00fcrkiye Cumhuriyetini\u00f1 Ba\u015f naziri Recep Tayip Erdo\u011fan Q\u0131r\u0131mtatar halq\u0131 Meclisini\u00f1 reisi Mustafa Cemilev ile k\u00f6r\u00fc\u015fti\",\"datePublished\":\"2012-09-14T13:58:00+00:00\",\"dateModified\":\"2022-01-22T14:01:06+00:00\",\"mainEntityOfPage\":{\"@id\":\"https:\\\/\\\/qtmm.org\\\/qt\\\/turkiye-cumhuriyetinin-bas-naziri-recep-tayip-erdogan-qirimtatar-halqi-meclisinin-reisi-mustafa-cemilev-ile-korusti\\\/\"},\"wordCount\":632,\"commentCount\":0,\"publisher\":{\"@id\":\"https:\\\/\\\/qtmm.org\\\/qt\\\/#organization\"},\"image\":{\"@id\":\"https:\\\/\\\/qtmm.org\\\/qt\\\/turkiye-cumhuriyetinin-bas-naziri-recep-tayip-erdogan-qirimtatar-halqi-meclisinin-reisi-mustafa-cemilev-ile-korusti\\\/#primaryimage\"},\"thumbnailUrl\":\"https:\\\/\\\/qtmm.org\\\/wp-content\\\/uploads\\\/2022\\\/01\\\/img_4798.jpeg\",\"articleSection\":[\"Haberler\"],\"inLanguage\":\"qt\",\"potentialAction\":[{\"@type\":\"CommentAction\",\"name\":\"Comment\",\"target\":[\"https:\\\/\\\/qtmm.org\\\/qt\\\/turkiye-cumhuriyetinin-bas-naziri-recep-tayip-erdogan-qirimtatar-halqi-meclisinin-reisi-mustafa-cemilev-ile-korusti\\\/#respond\"]}]},{\"@type\":\"WebPage\",\"@id\":\"https:\\\/\\\/qtmm.org\\\/qt\\\/turkiye-cumhuriyetinin-bas-naziri-recep-tayip-erdogan-qirimtatar-halqi-meclisinin-reisi-mustafa-cemilev-ile-korusti\\\/\",\"url\":\"https:\\\/\\\/qtmm.org\\\/qt\\\/turkiye-cumhuriyetinin-bas-naziri-recep-tayip-erdogan-qirimtatar-halqi-meclisinin-reisi-mustafa-cemilev-ile-korusti\\\/\",\"name\":\"T\u00fcrkiye Cumhuriyetini\u00f1 Ba\u015f naziri Recep Tayip Erdo\u011fan Q\u0131r\u0131mtatar halq\u0131 Meclisini\u00f1 reisi Mustafa Cemilev ile k\u00f6r\u00fc\u015fti - \u041c\u0435\u0434\u0436\u043b\u0456\u0441\",\"isPartOf\":{\"@id\":\"https:\\\/\\\/qtmm.org\\\/qt\\\/#website\"},\"primaryImageOfPage\":{\"@id\":\"https:\\\/\\\/qtmm.org\\\/qt\\\/turkiye-cumhuriyetinin-bas-naziri-recep-tayip-erdogan-qirimtatar-halqi-meclisinin-reisi-mustafa-cemilev-ile-korusti\\\/#primaryimage\"},\"image\":{\"@id\":\"https:\\\/\\\/qtmm.org\\\/qt\\\/turkiye-cumhuriyetinin-bas-naziri-recep-tayip-erdogan-qirimtatar-halqi-meclisinin-reisi-mustafa-cemilev-ile-korusti\\\/#primaryimage\"},\"thumbnailUrl\":\"https:\\\/\\\/qtmm.org\\\/wp-content\\\/uploads\\\/2022\\\/01\\\/img_4798.jpeg\",\"datePublished\":\"2012-09-14T13:58:00+00:00\",\"dateModified\":\"2022-01-22T14:01:06+00:00\",\"breadcrumb\":{\"@id\":\"https:\\\/\\\/qtmm.org\\\/qt\\\/turkiye-cumhuriyetinin-bas-naziri-recep-tayip-erdogan-qirimtatar-halqi-meclisinin-reisi-mustafa-cemilev-ile-korusti\\\/#breadcrumb\"},\"inLanguage\":\"qt\",\"potentialAction\":[{\"@type\":\"ReadAction\",\"target\":[\"https:\\\/\\\/qtmm.org\\\/qt\\\/turkiye-cumhuriyetinin-bas-naziri-recep-tayip-erdogan-qirimtatar-halqi-meclisinin-reisi-mustafa-cemilev-ile-korusti\\\/\"]}]},{\"@type\":\"ImageObject\",\"inLanguage\":\"qt\",\"@id\":\"https:\\\/\\\/qtmm.org\\\/qt\\\/turkiye-cumhuriyetinin-bas-naziri-recep-tayip-erdogan-qirimtatar-halqi-meclisinin-reisi-mustafa-cemilev-ile-korusti\\\/#primaryimage\",\"url\":\"https:\\\/\\\/qtmm.org\\\/wp-content\\\/uploads\\\/2022\\\/01\\\/img_4798.jpeg\",\"contentUrl\":\"https:\\\/\\\/qtmm.org\\\/wp-content\\\/uploads\\\/2022\\\/01\\\/img_4798.jpeg\",\"width\":650,\"height\":350},{\"@type\":\"BreadcrumbList\",\"@id\":\"https:\\\/\\\/qtmm.org\\\/qt\\\/turkiye-cumhuriyetinin-bas-naziri-recep-tayip-erdogan-qirimtatar-halqi-meclisinin-reisi-mustafa-cemilev-ile-korusti\\\/#breadcrumb\",\"itemListElement\":[{\"@type\":\"ListItem\",\"position\":1,\"name\":\"\u0413\u043e\u043b\u043e\u0432\u043d\u0430\",\"item\":\"https:\\\/\\\/qtmm.org\\\/qt\\\/\"},{\"@type\":\"ListItem\",\"position\":2,\"name\":\"T\u00fcrkiye Cumhuriyetini\u00f1 Ba\u015f naziri Recep Tayip Erdo\u011fan Q\u0131r\u0131mtatar halq\u0131 Meclisini\u00f1 reisi Mustafa Cemilev ile k\u00f6r\u00fc\u015fti\"}]},{\"@type\":\"WebSite\",\"@id\":\"https:\\\/\\\/qtmm.org\\\/qt\\\/#website\",\"url\":\"https:\\\/\\\/qtmm.org\\\/qt\\\/\",\"name\":\"\u041c\u0435\u0434\u0436\u043b\u0456\u0441\",\"description\":\"\",\"publisher\":{\"@id\":\"https:\\\/\\\/qtmm.org\\\/qt\\\/#organization\"},\"potentialAction\":[{\"@type\":\"SearchAction\",\"target\":{\"@type\":\"EntryPoint\",\"urlTemplate\":\"https:\\\/\\\/qtmm.org\\\/qt\\\/?s={search_term_string}\"},\"query-input\":{\"@type\":\"PropertyValueSpecification\",\"valueRequired\":true,\"valueName\":\"search_term_string\"}}],\"inLanguage\":\"qt\"},{\"@type\":\"Organization\",\"@id\":\"https:\\\/\\\/qtmm.org\\\/qt\\\/#organization\",\"name\":\"\u041c\u0435\u0434\u0436\u043b\u0456\u0441\",\"url\":\"https:\\\/\\\/qtmm.org\\\/qt\\\/\",\"logo\":{\"@type\":\"ImageObject\",\"inLanguage\":\"qt\",\"@id\":\"https:\\\/\\\/qtmm.org\\\/qt\\\/#\\\/schema\\\/logo\\\/image\\\/\",\"url\":\"https:\\\/\\\/qtmm.org\\\/wp-content\\\/uploads\\\/2024\\\/12\\\/ua-mejlis-logo-rgb.svg\",\"contentUrl\":\"https:\\\/\\\/qtmm.org\\\/wp-content\\\/uploads\\\/2024\\\/12\\\/ua-mejlis-logo-rgb.svg\",\"caption\":\"\u041c\u0435\u0434\u0436\u043b\u0456\u0441\"},\"image\":{\"@id\":\"https:\\\/\\\/qtmm.org\\\/qt\\\/#\\\/schema\\\/logo\\\/image\\\/\"},\"sameAs\":[\"https:\\\/\\\/www.facebook.com\\\/qtmm.info\\\/\"]},{\"@type\":\"Person\",\"@id\":\"https:\\\/\\\/qtmm.org\\\/qt\\\/#\\\/schema\\\/person\\\/de562469f971dec226ac06e60bbf74a7\",\"name\":\"Developer\",\"image\":{\"@type\":\"ImageObject\",\"inLanguage\":\"qt\",\"@id\":\"https:\\\/\\\/secure.gravatar.com\\\/avatar\\\/392b4cc8fbfeb00b39dfeeab4ee6edded39ffd48e25858637e4765810300227e?s=96&d=mm&r=g\",\"url\":\"https:\\\/\\\/secure.gravatar.com\\\/avatar\\\/392b4cc8fbfeb00b39dfeeab4ee6edded39ffd48e25858637e4765810300227e?s=96&d=mm&r=g\",\"contentUrl\":\"https:\\\/\\\/secure.gravatar.com\\\/avatar\\\/392b4cc8fbfeb00b39dfeeab4ee6edded39ffd48e25858637e4765810300227e?s=96&d=mm&r=g\",\"caption\":\"Developer\"},\"url\":\"https:\\\/\\\/qtmm.org\\\/qt\\\/author\\\/Developer\\\/\"}]}<\/script>\n<!-- \/ Yoast SEO plugin. -->","yoast_head_json":{"title":"T\u00fcrkiye Cumhuriyetini\u00f1 Ba\u015f naziri Recep Tayip Erdo\u011fan Q\u0131r\u0131mtatar halq\u0131 Meclisini\u00f1 reisi Mustafa Cemilev ile k\u00f6r\u00fc\u015fti - \u041c\u0435\u0434\u0436\u043b\u0456\u0441","robots":{"index":"index","follow":"follow","max-snippet":"max-snippet:-1","max-image-preview":"max-image-preview:large","max-video-preview":"max-video-preview:-1"},"canonical":"https:\/\/qtmm.org\/qt\/turkiye-cumhuriyetinin-bas-naziri-recep-tayip-erdogan-qirimtatar-halqi-meclisinin-reisi-mustafa-cemilev-ile-korusti\/","og_locale":"en_US","og_type":"article","og_title":"T\u00fcrkiye Cumhuriyetini\u00f1 Ba\u015f naziri Recep Tayip Erdo\u011fan Q\u0131r\u0131mtatar halq\u0131 Meclisini\u00f1 reisi Mustafa Cemilev ile k\u00f6r\u00fc\u015fti - \u041c\u0435\u0434\u0436\u043b\u0456\u0441","og_description":"Ukraina\u011fa resmiy ziyaretnen te\u015frif buyur\u011fan T\u00fcrkiye Cumhuriyetini\u00f1 Ba\u015f naziri Recep Tayip Erdo\u011fan 2012 senesi sent\u00e2br 13 k\u00fcn\u00fc aq\u015fam Q\u0131r\u0131m\u011fa keldi. \u015eu k\u00fcn\u00fc Kiyevde Ukraina Prezidenti Viktor Yanukovi\u00e7 ve T\u00fcrkiye Cumhuriyetini\u00f1 ba\u015f naziri Recep Tayip Erdo\u011fann\u0131\u00f1 k\u00f6r\u00fc\u015f\u00fcvi, bun\u0131\u00f1 kibi de Ukraina-T\u00fcrkiyeni\u00f1 aliy derecedeki Strategik ke\u00f1e\u015fini\u00f1 topla\u015fuv\u0131 ol\u0131p ke\u00e7ti. T\u00fcrkiye Cumhuriyetini\u00f1 ba\u015f naziri Recep Tayip Erdo\u011fan ve [&hellip;]","og_url":"https:\/\/qtmm.org\/qt\/turkiye-cumhuriyetinin-bas-naziri-recep-tayip-erdogan-qirimtatar-halqi-meclisinin-reisi-mustafa-cemilev-ile-korusti\/","og_site_name":"\u041c\u0435\u0434\u0436\u043b\u0456\u0441","article_publisher":"https:\/\/www.facebook.com\/qtmm.info\/","article_published_time":"2012-09-14T13:58:00+00:00","article_modified_time":"2022-01-22T14:01:06+00:00","og_image":[{"width":650,"height":350,"url":"https:\/\/qtmm.org\/wp-content\/uploads\/2022\/01\/img_4798.jpeg","type":"image\/jpeg"}],"author":"Developer","twitter_card":"summary_large_image","twitter_misc":{"Written by":"Developer","Est. reading time":"3 minutes"},"schema":{"@context":"https:\/\/schema.org","@graph":[{"@type":"Article","@id":"https:\/\/qtmm.org\/qt\/turkiye-cumhuriyetinin-bas-naziri-recep-tayip-erdogan-qirimtatar-halqi-meclisinin-reisi-mustafa-cemilev-ile-korusti\/#article","isPartOf":{"@id":"https:\/\/qtmm.org\/qt\/turkiye-cumhuriyetinin-bas-naziri-recep-tayip-erdogan-qirimtatar-halqi-meclisinin-reisi-mustafa-cemilev-ile-korusti\/"},"author":{"name":"Developer","@id":"https:\/\/qtmm.org\/qt\/#\/schema\/person\/de562469f971dec226ac06e60bbf74a7"},"headline":"T\u00fcrkiye Cumhuriyetini\u00f1 Ba\u015f naziri Recep Tayip Erdo\u011fan Q\u0131r\u0131mtatar halq\u0131 Meclisini\u00f1 reisi Mustafa Cemilev ile k\u00f6r\u00fc\u015fti","datePublished":"2012-09-14T13:58:00+00:00","dateModified":"2022-01-22T14:01:06+00:00","mainEntityOfPage":{"@id":"https:\/\/qtmm.org\/qt\/turkiye-cumhuriyetinin-bas-naziri-recep-tayip-erdogan-qirimtatar-halqi-meclisinin-reisi-mustafa-cemilev-ile-korusti\/"},"wordCount":632,"commentCount":0,"publisher":{"@id":"https:\/\/qtmm.org\/qt\/#organization"},"image":{"@id":"https:\/\/qtmm.org\/qt\/turkiye-cumhuriyetinin-bas-naziri-recep-tayip-erdogan-qirimtatar-halqi-meclisinin-reisi-mustafa-cemilev-ile-korusti\/#primaryimage"},"thumbnailUrl":"https:\/\/qtmm.org\/wp-content\/uploads\/2022\/01\/img_4798.jpeg","articleSection":["Haberler"],"inLanguage":"qt","potentialAction":[{"@type":"CommentAction","name":"Comment","target":["https:\/\/qtmm.org\/qt\/turkiye-cumhuriyetinin-bas-naziri-recep-tayip-erdogan-qirimtatar-halqi-meclisinin-reisi-mustafa-cemilev-ile-korusti\/#respond"]}]},{"@type":"WebPage","@id":"https:\/\/qtmm.org\/qt\/turkiye-cumhuriyetinin-bas-naziri-recep-tayip-erdogan-qirimtatar-halqi-meclisinin-reisi-mustafa-cemilev-ile-korusti\/","url":"https:\/\/qtmm.org\/qt\/turkiye-cumhuriyetinin-bas-naziri-recep-tayip-erdogan-qirimtatar-halqi-meclisinin-reisi-mustafa-cemilev-ile-korusti\/","name":"T\u00fcrkiye Cumhuriyetini\u00f1 Ba\u015f naziri Recep Tayip Erdo\u011fan Q\u0131r\u0131mtatar halq\u0131 Meclisini\u00f1 reisi Mustafa Cemilev ile k\u00f6r\u00fc\u015fti - \u041c\u0435\u0434\u0436\u043b\u0456\u0441","isPartOf":{"@id":"https:\/\/qtmm.org\/qt\/#website"},"primaryImageOfPage":{"@id":"https:\/\/qtmm.org\/qt\/turkiye-cumhuriyetinin-bas-naziri-recep-tayip-erdogan-qirimtatar-halqi-meclisinin-reisi-mustafa-cemilev-ile-korusti\/#primaryimage"},"image":{"@id":"https:\/\/qtmm.org\/qt\/turkiye-cumhuriyetinin-bas-naziri-recep-tayip-erdogan-qirimtatar-halqi-meclisinin-reisi-mustafa-cemilev-ile-korusti\/#primaryimage"},"thumbnailUrl":"https:\/\/qtmm.org\/wp-content\/uploads\/2022\/01\/img_4798.jpeg","datePublished":"2012-09-14T13:58:00+00:00","dateModified":"2022-01-22T14:01:06+00:00","breadcrumb":{"@id":"https:\/\/qtmm.org\/qt\/turkiye-cumhuriyetinin-bas-naziri-recep-tayip-erdogan-qirimtatar-halqi-meclisinin-reisi-mustafa-cemilev-ile-korusti\/#breadcrumb"},"inLanguage":"qt","potentialAction":[{"@type":"ReadAction","target":["https:\/\/qtmm.org\/qt\/turkiye-cumhuriyetinin-bas-naziri-recep-tayip-erdogan-qirimtatar-halqi-meclisinin-reisi-mustafa-cemilev-ile-korusti\/"]}]},{"@type":"ImageObject","inLanguage":"qt","@id":"https:\/\/qtmm.org\/qt\/turkiye-cumhuriyetinin-bas-naziri-recep-tayip-erdogan-qirimtatar-halqi-meclisinin-reisi-mustafa-cemilev-ile-korusti\/#primaryimage","url":"https:\/\/qtmm.org\/wp-content\/uploads\/2022\/01\/img_4798.jpeg","contentUrl":"https:\/\/qtmm.org\/wp-content\/uploads\/2022\/01\/img_4798.jpeg","width":650,"height":350},{"@type":"BreadcrumbList","@id":"https:\/\/qtmm.org\/qt\/turkiye-cumhuriyetinin-bas-naziri-recep-tayip-erdogan-qirimtatar-halqi-meclisinin-reisi-mustafa-cemilev-ile-korusti\/#breadcrumb","itemListElement":[{"@type":"ListItem","position":1,"name":"\u0413\u043e\u043b\u043e\u0432\u043d\u0430","item":"https:\/\/qtmm.org\/qt\/"},{"@type":"ListItem","position":2,"name":"T\u00fcrkiye Cumhuriyetini\u00f1 Ba\u015f naziri Recep Tayip Erdo\u011fan Q\u0131r\u0131mtatar halq\u0131 Meclisini\u00f1 reisi Mustafa Cemilev ile k\u00f6r\u00fc\u015fti"}]},{"@type":"WebSite","@id":"https:\/\/qtmm.org\/qt\/#website","url":"https:\/\/qtmm.org\/qt\/","name":"\u041c\u0435\u0434\u0436\u043b\u0456\u0441","description":"","publisher":{"@id":"https:\/\/qtmm.org\/qt\/#organization"},"potentialAction":[{"@type":"SearchAction","target":{"@type":"EntryPoint","urlTemplate":"https:\/\/qtmm.org\/qt\/?s={search_term_string}"},"query-input":{"@type":"PropertyValueSpecification","valueRequired":true,"valueName":"search_term_string"}}],"inLanguage":"qt"},{"@type":"Organization","@id":"https:\/\/qtmm.org\/qt\/#organization","name":"\u041c\u0435\u0434\u0436\u043b\u0456\u0441","url":"https:\/\/qtmm.org\/qt\/","logo":{"@type":"ImageObject","inLanguage":"qt","@id":"https:\/\/qtmm.org\/qt\/#\/schema\/logo\/image\/","url":"https:\/\/qtmm.org\/wp-content\/uploads\/2024\/12\/ua-mejlis-logo-rgb.svg","contentUrl":"https:\/\/qtmm.org\/wp-content\/uploads\/2024\/12\/ua-mejlis-logo-rgb.svg","caption":"\u041c\u0435\u0434\u0436\u043b\u0456\u0441"},"image":{"@id":"https:\/\/qtmm.org\/qt\/#\/schema\/logo\/image\/"},"sameAs":["https:\/\/www.facebook.com\/qtmm.info\/"]},{"@type":"Person","@id":"https:\/\/qtmm.org\/qt\/#\/schema\/person\/de562469f971dec226ac06e60bbf74a7","name":"Developer","image":{"@type":"ImageObject","inLanguage":"qt","@id":"https:\/\/secure.gravatar.com\/avatar\/392b4cc8fbfeb00b39dfeeab4ee6edded39ffd48e25858637e4765810300227e?s=96&d=mm&r=g","url":"https:\/\/secure.gravatar.com\/avatar\/392b4cc8fbfeb00b39dfeeab4ee6edded39ffd48e25858637e4765810300227e?s=96&d=mm&r=g","contentUrl":"https:\/\/secure.gravatar.com\/avatar\/392b4cc8fbfeb00b39dfeeab4ee6edded39ffd48e25858637e4765810300227e?s=96&d=mm&r=g","caption":"Developer"},"url":"https:\/\/qtmm.org\/qt\/author\/Developer\/"}]}},"_links":{"self":[{"href":"https:\/\/qtmm.org\/qt\/wp-json\/wp\/v2\/posts\/34072","targetHints":{"allow":["GET"]}}],"collection":[{"href":"https:\/\/qtmm.org\/qt\/wp-json\/wp\/v2\/posts"}],"about":[{"href":"https:\/\/qtmm.org\/qt\/wp-json\/wp\/v2\/types\/post"}],"author":[{"embeddable":true,"href":"https:\/\/qtmm.org\/qt\/wp-json\/wp\/v2\/users\/1"}],"replies":[{"embeddable":true,"href":"https:\/\/qtmm.org\/qt\/wp-json\/wp\/v2\/comments?post=34072"}],"version-history":[{"count":1,"href":"https:\/\/qtmm.org\/qt\/wp-json\/wp\/v2\/posts\/34072\/revisions"}],"predecessor-version":[{"id":34173,"href":"https:\/\/qtmm.org\/qt\/wp-json\/wp\/v2\/posts\/34072\/revisions\/34173"}],"wp:featuredmedia":[{"embeddable":true,"href":"https:\/\/qtmm.org\/qt\/wp-json\/wp\/v2\/media\/34073"}],"wp:attachment":[{"href":"https:\/\/qtmm.org\/qt\/wp-json\/wp\/v2\/media?parent=34072"}],"wp:term":[{"taxonomy":"category","embeddable":true,"href":"https:\/\/qtmm.org\/qt\/wp-json\/wp\/v2\/categories?post=34072"},{"taxonomy":"post_tag","embeddable":true,"href":"https:\/\/qtmm.org\/qt\/wp-json\/wp\/v2\/tags?post=34072"}],"curies":[{"name":"wp","href":"https:\/\/api.w.org\/{rel}","templated":true}]}}