




{"id":34070,"date":"2012-09-12T16:57:00","date_gmt":"2012-09-12T13:57:00","guid":{"rendered":"http:\/\/qtmm.org\/?p=34070"},"modified":"2022-01-22T16:57:59","modified_gmt":"2022-01-22T13:57:59","slug":"leonid-kucma-akimiyet-qirimtatarlarnin-tamirlari-qirimda-olganini-anlamaq-kerek-ve-er-angi-vaziyette-halqqa-qoltutmaq-imkanini-tapmaq-mumkun","status":"publish","type":"post","link":"https:\/\/qtmm.org\/qt\/leonid-kucma-akimiyet-qirimtatarlarnin-tamirlari-qirimda-olganini-anlamaq-kerek-ve-er-angi-vaziyette-halqqa-qoltutmaq-imkanini-tapmaq-mumkun\/","title":{"rendered":"Leonid Ku\u00e7ma: Akimiyet q\u0131r\u0131mtatarlarn\u0131\u00f1 tam\u0131rlar\u0131 Q\u0131r\u0131mda ol\u011fan\u0131n\u0131 a\u00f1lamaq kerek, ve er angi vaziyette halqqa qoltutmaq imk\u00e2n\u0131n\u0131 tapmaq m\u00fcmk\u00fcn"},"content":{"rendered":"\n<p>2012 senesi sent\u00e2br 12-de Q\u0131r\u0131m m\u00fcendislik-pedagogika universitetinde &#8220;Leonid Ku\u00e7man\u0131\u00f1 &#8220;Ukraina&#8221; prezidentlik fondu&#8221; hayriye te\u015fkil\u00e2t\u0131 istidatl\u0131 studentlerge ad\u0131 yaz\u0131l\u0131 stipendiyalarn\u0131 taqdim etti.<br><br>Stipendiyalarn\u0131 saiplerine \u015fahsen bermek i\u00e7\u00fcn QMPU\u011fa fond quruc\u0131s\u0131, Ukrainan\u0131\u00f1 ekinci prezidenti Leonid Ku\u00e7ma te\u015frif buyurd\u0131. Tantanal\u0131 merasimde Q\u0131r\u0131mtatar halq\u0131 Meclisini\u00f1 reisi, Ukraina halq deputat\u0131 Mustafa Cemilev, Ukraina Prezidentini\u00f1 Q\u0131r\u0131mdaki daimiy temsilcisi Viktor Plakida, Q\u0131r\u0131m Nazirler \u015furas\u0131 reisini\u00f1 muavini Aziz Abdullayev, Meclis reisini\u00f1 muavini Remzi \u0130lyasov, Cumhuriyet Milletler komiteti reisini\u00f1 muavini Emine Avamileva, Ukraina Prezidentini\u00f1 Q\u0131r\u0131mdaki daimiy temsilcisini\u00f1 muavini \u0130braim Mamutov i\u015ftirak ettiler.<\/p>\n\n\n\n<p>MPU rektor\u0131 Fevzi Yaqubov professorlar ve ocalar, bun\u0131\u00f1 kibi de talebelerni\u00f1 de ad\u0131ndan Leonid Ku\u00e7ma\u011fa universitet a\u00e7\u0131l\u011fan k\u00fcnden berli muntazam s\u00fcrette k\u00f6stergen yard\u0131m\u0131 i\u00e7\u00fcn te\u015fekk\u00fcr bildirdi.<\/p>\n\n\n\n<p>&#8220;Leonid Danilovi\u00e7, men bellesem, Ukraina tarih\u0131nda sizi\u00f1 ad\u0131\u00f1\u0131z alt\u0131n ariflernen yaz\u0131l\u0131r. Men Ukrainada sizni e\u00f1 ziyade sevgen kollektivlerni\u00f1 er angisini yar\u0131\u015fqa davet etebilem. Ve eminim ki, kimse bizden \u00f6gde olamaz, \u00e7\u00fcnki Sizni e\u00f1 ziyade QMPUda seveler!&#8221;, &#8211; dedi Fevzi Yaqubov.<\/p>\n\n\n\n<p>Rektorn\u0131\u00f1 kiri\u015f s\u00f6z\u00fcnden so\u00f1 stipendiyalarn\u0131 taqdim etmek i\u00e7\u00fcn sana\u011fa Leonid Ku\u00e7ma davet etildi. Bu sene stipendiyanen iqtisadiyat fakulteti 3-nci kurs talebesi Sevil\u00e2 Ablayeva, kene \u015fu fakultetni\u00f1 5-nci kurs studenti \u00d6leg \u00d6ni\u015f\u00e7\u00fck, q\u0131r\u0131mtatar ve t\u00fcrk filologiyas\u0131 4-nci kurs studenti Naciye Rustemova , sanat fakultetini\u00f1 3-nci kurs talebesi Mustafa \u00c7abanov, tarih-filologiya fakulteti 2-nci kurs studenti Anife Qarabiber taqdirlendiler.<\/p>\n\n\n\n<p>Tantanal\u0131 taqdimden so\u00f1 QMPUn\u0131\u00f1 icadiy taq\u0131mlar\u0131 kontsert programmas\u0131n\u0131 numay\u0131\u015f ettiler.<\/p>\n\n\n\n<p>&#8220;Kelecek y\u0131lda bizim fondum\u0131zn\u0131\u00f1 meydan\u011fa ketirilgenine 20 y\u0131l tolacaq. Eger davet etse\u00f1iz, m\u0131tlaqa kelirim, &#8211; dedi Leonid Ku\u00e7ma. \u2013 Zan\u0131mca, Ukraina bu oquv yurtunen \u011fururlanmaq kerek&#8221; Bundan da \u011fayr\u0131 Leonid Ku\u00e7ma stipendiyanen taqdirlengen studentlerni\u00f1 say\u0131s\u0131n\u0131 artt\u0131rmaq niyetini bildirdi.<\/p>\n\n\n\n<p>Ukrainan\u0131\u00f1 sab\u0131q Prezidenti devlet yolba\u015f\u00e7\u0131s\u0131 ol\u011fan vaqt\u0131nda b\u00fct\u00fcn problemlerni, \u015fu c\u00fcmleden s\u00fcrg\u00fcn etilgen q\u0131r\u0131mtatar halq\u0131n\u0131\u00f1 da problemlerini \u00e7ezmege t\u0131r\u0131\u015fqan\u0131n\u0131 qayd etti. &#8220;O devirde Sovetler Birligini\u00f1 b\u00fct\u00fcn \u00fclkelerinden insanlar yurtlar\u0131na qaytqanlar\u0131n\u0131, em de professional, aliy mal\u00fcmatl\u0131, bilgili, oqum\u0131\u015f adamlar, professorlar ve alimler qaytqanlar\u0131n\u0131, l\u00e2kin \u00f6z bilgilerinen payla\u015fmaq imk\u00e2n\u0131ndan marum ol\u011fanlar\u0131n\u0131 pek yah\u015f\u0131 a\u00f1lay edim. E\u00f1 b\u00fcy\u00fck problem \u015funda edi!&#8221;, &#8211; dedi L. Ku\u00e7ma.<\/p>\n\n\n\n<p>&#8220;Q\u0131r\u0131mtatarlar \u00f6z topraqlar\u0131nda Vatanlar\u0131n\u0131\u00f1 aqiqiy saipleri kibi ya\u015famaq kerekler. Bu e\u00f1 m\u00fcimi. Akimiyet q\u0131r\u0131mtatarlarn\u0131\u00f1 tam\u0131rlar\u0131 Q\u0131r\u0131mda ol\u011fan\u0131n\u0131 a\u00f1lamaq kerek, ve er angi vaziyette halqqa qoltutmaq imk\u00e2n\u0131n\u0131 tapmaq m\u00fcmk\u00fcn. Bun\u0131 ne derecede tez a\u00f1lasalar, problemler de o qadar tez eksilir&#8221;, &#8211; dep qayd etti Leonid Ku\u00e7ma.<\/p>\n","protected":false},"excerpt":{"rendered":"<p>2012 senesi sent\u00e2br 12-de Q\u0131r\u0131m m\u00fcendislik-pedagogika universitetinde &#8220;Leonid Ku\u00e7man\u0131\u00f1 &#8220;Ukraina&#8221; prezidentlik fondu&#8221; hayriye te\u015fkil\u00e2t\u0131 istidatl\u0131 studentlerge ad\u0131 yaz\u0131l\u0131 stipendiyalarn\u0131 taqdim etti. Stipendiyalarn\u0131 saiplerine \u015fahsen bermek i\u00e7\u00fcn QMPU\u011fa fond quruc\u0131s\u0131, Ukrainan\u0131\u00f1 ekinci prezidenti Leonid Ku\u00e7ma te\u015frif buyurd\u0131. Tantanal\u0131 merasimde Q\u0131r\u0131mtatar halq\u0131 Meclisini\u00f1 reisi, Ukraina halq deputat\u0131 Mustafa Cemilev, Ukraina Prezidentini\u00f1 Q\u0131r\u0131mdaki daimiy temsilcisi Viktor Plakida, Q\u0131r\u0131m [&hellip;]<\/p>\n","protected":false},"author":1,"featured_media":0,"comment_status":"open","ping_status":"open","sticky":false,"template":"","format":"standard","meta":{"inline_featured_image":false,"footnotes":""},"categories":[265],"tags":[],"class_list":["post-34070","post","type-post","status-publish","format-standard","hentry","category-haberler"],"acf":[],"yoast_head":"<!-- This site is optimized with the Yoast SEO plugin v27.4 - https:\/\/yoast.com\/product\/yoast-seo-wordpress\/ -->\n<title>Leonid Ku\u00e7ma: Akimiyet q\u0131r\u0131mtatarlarn\u0131\u00f1 tam\u0131rlar\u0131 Q\u0131r\u0131mda ol\u011fan\u0131n\u0131 a\u00f1lamaq kerek, ve er angi vaziyette halqqa qoltutmaq imk\u00e2n\u0131n\u0131 tapmaq m\u00fcmk\u00fcn - \u041c\u0435\u0434\u0436\u043b\u0456\u0441<\/title>\n<meta name=\"robots\" content=\"index, follow, max-snippet:-1, max-image-preview:large, max-video-preview:-1\" \/>\n<link rel=\"canonical\" href=\"https:\/\/qtmm.org\/qt\/leonid-kucma-akimiyet-qirimtatarlarnin-tamirlari-qirimda-olganini-anlamaq-kerek-ve-er-angi-vaziyette-halqqa-qoltutmaq-imkanini-tapmaq-mumkun\/\" \/>\n<meta property=\"og:locale\" content=\"en_US\" \/>\n<meta property=\"og:type\" content=\"article\" \/>\n<meta property=\"og:title\" content=\"Leonid Ku\u00e7ma: Akimiyet q\u0131r\u0131mtatarlarn\u0131\u00f1 tam\u0131rlar\u0131 Q\u0131r\u0131mda ol\u011fan\u0131n\u0131 a\u00f1lamaq kerek, ve er angi vaziyette halqqa qoltutmaq imk\u00e2n\u0131n\u0131 tapmaq m\u00fcmk\u00fcn - \u041c\u0435\u0434\u0436\u043b\u0456\u0441\" \/>\n<meta property=\"og:description\" content=\"2012 senesi sent\u00e2br 12-de Q\u0131r\u0131m m\u00fcendislik-pedagogika universitetinde &#8220;Leonid Ku\u00e7man\u0131\u00f1 &#8220;Ukraina&#8221; prezidentlik fondu&#8221; hayriye te\u015fkil\u00e2t\u0131 istidatl\u0131 studentlerge ad\u0131 yaz\u0131l\u0131 stipendiyalarn\u0131 taqdim etti. Stipendiyalarn\u0131 saiplerine \u015fahsen bermek i\u00e7\u00fcn QMPU\u011fa fond quruc\u0131s\u0131, Ukrainan\u0131\u00f1 ekinci prezidenti Leonid Ku\u00e7ma te\u015frif buyurd\u0131. Tantanal\u0131 merasimde Q\u0131r\u0131mtatar halq\u0131 Meclisini\u00f1 reisi, Ukraina halq deputat\u0131 Mustafa Cemilev, Ukraina Prezidentini\u00f1 Q\u0131r\u0131mdaki daimiy temsilcisi Viktor Plakida, Q\u0131r\u0131m [&hellip;]\" \/>\n<meta property=\"og:url\" content=\"https:\/\/qtmm.org\/qt\/leonid-kucma-akimiyet-qirimtatarlarnin-tamirlari-qirimda-olganini-anlamaq-kerek-ve-er-angi-vaziyette-halqqa-qoltutmaq-imkanini-tapmaq-mumkun\/\" \/>\n<meta property=\"og:site_name\" content=\"\u041c\u0435\u0434\u0436\u043b\u0456\u0441\" \/>\n<meta property=\"article:publisher\" content=\"https:\/\/www.facebook.com\/qtmm.info\/\" \/>\n<meta property=\"article:published_time\" content=\"2012-09-12T13:57:00+00:00\" \/>\n<meta property=\"article:modified_time\" content=\"2022-01-22T13:57:59+00:00\" \/>\n<meta name=\"author\" content=\"Developer\" \/>\n<meta name=\"twitter:card\" content=\"summary_large_image\" \/>\n<meta name=\"twitter:label1\" content=\"Written by\" \/>\n\t<meta name=\"twitter:data1\" content=\"Developer\" \/>\n\t<meta name=\"twitter:label2\" content=\"Est. reading time\" \/>\n\t<meta name=\"twitter:data2\" content=\"2 minutes\" \/>\n<script type=\"application\/ld+json\" class=\"yoast-schema-graph\">{\"@context\":\"https:\\\/\\\/schema.org\",\"@graph\":[{\"@type\":\"Article\",\"@id\":\"https:\\\/\\\/qtmm.org\\\/qt\\\/leonid-kucma-akimiyet-qirimtatarlarnin-tamirlari-qirimda-olganini-anlamaq-kerek-ve-er-angi-vaziyette-halqqa-qoltutmaq-imkanini-tapmaq-mumkun\\\/#article\",\"isPartOf\":{\"@id\":\"https:\\\/\\\/qtmm.org\\\/qt\\\/leonid-kucma-akimiyet-qirimtatarlarnin-tamirlari-qirimda-olganini-anlamaq-kerek-ve-er-angi-vaziyette-halqqa-qoltutmaq-imkanini-tapmaq-mumkun\\\/\"},\"author\":{\"name\":\"Developer\",\"@id\":\"https:\\\/\\\/qtmm.org\\\/qt\\\/#\\\/schema\\\/person\\\/de562469f971dec226ac06e60bbf74a7\"},\"headline\":\"Leonid Ku\u00e7ma: Akimiyet q\u0131r\u0131mtatarlarn\u0131\u00f1 tam\u0131rlar\u0131 Q\u0131r\u0131mda ol\u011fan\u0131n\u0131 a\u00f1lamaq kerek, ve er angi vaziyette halqqa qoltutmaq imk\u00e2n\u0131n\u0131 tapmaq m\u00fcmk\u00fcn\",\"datePublished\":\"2012-09-12T13:57:00+00:00\",\"dateModified\":\"2022-01-22T13:57:59+00:00\",\"mainEntityOfPage\":{\"@id\":\"https:\\\/\\\/qtmm.org\\\/qt\\\/leonid-kucma-akimiyet-qirimtatarlarnin-tamirlari-qirimda-olganini-anlamaq-kerek-ve-er-angi-vaziyette-halqqa-qoltutmaq-imkanini-tapmaq-mumkun\\\/\"},\"wordCount\":501,\"commentCount\":0,\"publisher\":{\"@id\":\"https:\\\/\\\/qtmm.org\\\/qt\\\/#organization\"},\"articleSection\":[\"Haberler\"],\"inLanguage\":\"qt\",\"potentialAction\":[{\"@type\":\"CommentAction\",\"name\":\"Comment\",\"target\":[\"https:\\\/\\\/qtmm.org\\\/qt\\\/leonid-kucma-akimiyet-qirimtatarlarnin-tamirlari-qirimda-olganini-anlamaq-kerek-ve-er-angi-vaziyette-halqqa-qoltutmaq-imkanini-tapmaq-mumkun\\\/#respond\"]}]},{\"@type\":\"WebPage\",\"@id\":\"https:\\\/\\\/qtmm.org\\\/qt\\\/leonid-kucma-akimiyet-qirimtatarlarnin-tamirlari-qirimda-olganini-anlamaq-kerek-ve-er-angi-vaziyette-halqqa-qoltutmaq-imkanini-tapmaq-mumkun\\\/\",\"url\":\"https:\\\/\\\/qtmm.org\\\/qt\\\/leonid-kucma-akimiyet-qirimtatarlarnin-tamirlari-qirimda-olganini-anlamaq-kerek-ve-er-angi-vaziyette-halqqa-qoltutmaq-imkanini-tapmaq-mumkun\\\/\",\"name\":\"Leonid Ku\u00e7ma: Akimiyet q\u0131r\u0131mtatarlarn\u0131\u00f1 tam\u0131rlar\u0131 Q\u0131r\u0131mda ol\u011fan\u0131n\u0131 a\u00f1lamaq kerek, ve er angi vaziyette halqqa qoltutmaq imk\u00e2n\u0131n\u0131 tapmaq m\u00fcmk\u00fcn - \u041c\u0435\u0434\u0436\u043b\u0456\u0441\",\"isPartOf\":{\"@id\":\"https:\\\/\\\/qtmm.org\\\/qt\\\/#website\"},\"datePublished\":\"2012-09-12T13:57:00+00:00\",\"dateModified\":\"2022-01-22T13:57:59+00:00\",\"breadcrumb\":{\"@id\":\"https:\\\/\\\/qtmm.org\\\/qt\\\/leonid-kucma-akimiyet-qirimtatarlarnin-tamirlari-qirimda-olganini-anlamaq-kerek-ve-er-angi-vaziyette-halqqa-qoltutmaq-imkanini-tapmaq-mumkun\\\/#breadcrumb\"},\"inLanguage\":\"qt\",\"potentialAction\":[{\"@type\":\"ReadAction\",\"target\":[\"https:\\\/\\\/qtmm.org\\\/qt\\\/leonid-kucma-akimiyet-qirimtatarlarnin-tamirlari-qirimda-olganini-anlamaq-kerek-ve-er-angi-vaziyette-halqqa-qoltutmaq-imkanini-tapmaq-mumkun\\\/\"]}]},{\"@type\":\"BreadcrumbList\",\"@id\":\"https:\\\/\\\/qtmm.org\\\/qt\\\/leonid-kucma-akimiyet-qirimtatarlarnin-tamirlari-qirimda-olganini-anlamaq-kerek-ve-er-angi-vaziyette-halqqa-qoltutmaq-imkanini-tapmaq-mumkun\\\/#breadcrumb\",\"itemListElement\":[{\"@type\":\"ListItem\",\"position\":1,\"name\":\"\u0413\u043e\u043b\u043e\u0432\u043d\u0430\",\"item\":\"https:\\\/\\\/qtmm.org\\\/qt\\\/\"},{\"@type\":\"ListItem\",\"position\":2,\"name\":\"Leonid Ku\u00e7ma: Akimiyet q\u0131r\u0131mtatarlarn\u0131\u00f1 tam\u0131rlar\u0131 Q\u0131r\u0131mda ol\u011fan\u0131n\u0131 a\u00f1lamaq kerek, ve er angi vaziyette halqqa qoltutmaq imk\u00e2n\u0131n\u0131 tapmaq m\u00fcmk\u00fcn\"}]},{\"@type\":\"WebSite\",\"@id\":\"https:\\\/\\\/qtmm.org\\\/qt\\\/#website\",\"url\":\"https:\\\/\\\/qtmm.org\\\/qt\\\/\",\"name\":\"\u041c\u0435\u0434\u0436\u043b\u0456\u0441\",\"description\":\"\",\"publisher\":{\"@id\":\"https:\\\/\\\/qtmm.org\\\/qt\\\/#organization\"},\"potentialAction\":[{\"@type\":\"SearchAction\",\"target\":{\"@type\":\"EntryPoint\",\"urlTemplate\":\"https:\\\/\\\/qtmm.org\\\/qt\\\/?s={search_term_string}\"},\"query-input\":{\"@type\":\"PropertyValueSpecification\",\"valueRequired\":true,\"valueName\":\"search_term_string\"}}],\"inLanguage\":\"qt\"},{\"@type\":\"Organization\",\"@id\":\"https:\\\/\\\/qtmm.org\\\/qt\\\/#organization\",\"name\":\"\u041c\u0435\u0434\u0436\u043b\u0456\u0441\",\"url\":\"https:\\\/\\\/qtmm.org\\\/qt\\\/\",\"logo\":{\"@type\":\"ImageObject\",\"inLanguage\":\"qt\",\"@id\":\"https:\\\/\\\/qtmm.org\\\/qt\\\/#\\\/schema\\\/logo\\\/image\\\/\",\"url\":\"https:\\\/\\\/qtmm.org\\\/wp-content\\\/uploads\\\/2024\\\/12\\\/ua-mejlis-logo-rgb.svg\",\"contentUrl\":\"https:\\\/\\\/qtmm.org\\\/wp-content\\\/uploads\\\/2024\\\/12\\\/ua-mejlis-logo-rgb.svg\",\"caption\":\"\u041c\u0435\u0434\u0436\u043b\u0456\u0441\"},\"image\":{\"@id\":\"https:\\\/\\\/qtmm.org\\\/qt\\\/#\\\/schema\\\/logo\\\/image\\\/\"},\"sameAs\":[\"https:\\\/\\\/www.facebook.com\\\/qtmm.info\\\/\"]},{\"@type\":\"Person\",\"@id\":\"https:\\\/\\\/qtmm.org\\\/qt\\\/#\\\/schema\\\/person\\\/de562469f971dec226ac06e60bbf74a7\",\"name\":\"Developer\",\"image\":{\"@type\":\"ImageObject\",\"inLanguage\":\"qt\",\"@id\":\"https:\\\/\\\/secure.gravatar.com\\\/avatar\\\/392b4cc8fbfeb00b39dfeeab4ee6edded39ffd48e25858637e4765810300227e?s=96&d=mm&r=g\",\"url\":\"https:\\\/\\\/secure.gravatar.com\\\/avatar\\\/392b4cc8fbfeb00b39dfeeab4ee6edded39ffd48e25858637e4765810300227e?s=96&d=mm&r=g\",\"contentUrl\":\"https:\\\/\\\/secure.gravatar.com\\\/avatar\\\/392b4cc8fbfeb00b39dfeeab4ee6edded39ffd48e25858637e4765810300227e?s=96&d=mm&r=g\",\"caption\":\"Developer\"},\"url\":\"https:\\\/\\\/qtmm.org\\\/qt\\\/author\\\/Developer\\\/\"}]}<\/script>\n<!-- \/ Yoast SEO plugin. -->","yoast_head_json":{"title":"Leonid Ku\u00e7ma: Akimiyet q\u0131r\u0131mtatarlarn\u0131\u00f1 tam\u0131rlar\u0131 Q\u0131r\u0131mda ol\u011fan\u0131n\u0131 a\u00f1lamaq kerek, ve er angi vaziyette halqqa qoltutmaq imk\u00e2n\u0131n\u0131 tapmaq m\u00fcmk\u00fcn - \u041c\u0435\u0434\u0436\u043b\u0456\u0441","robots":{"index":"index","follow":"follow","max-snippet":"max-snippet:-1","max-image-preview":"max-image-preview:large","max-video-preview":"max-video-preview:-1"},"canonical":"https:\/\/qtmm.org\/qt\/leonid-kucma-akimiyet-qirimtatarlarnin-tamirlari-qirimda-olganini-anlamaq-kerek-ve-er-angi-vaziyette-halqqa-qoltutmaq-imkanini-tapmaq-mumkun\/","og_locale":"en_US","og_type":"article","og_title":"Leonid Ku\u00e7ma: Akimiyet q\u0131r\u0131mtatarlarn\u0131\u00f1 tam\u0131rlar\u0131 Q\u0131r\u0131mda ol\u011fan\u0131n\u0131 a\u00f1lamaq kerek, ve er angi vaziyette halqqa qoltutmaq imk\u00e2n\u0131n\u0131 tapmaq m\u00fcmk\u00fcn - \u041c\u0435\u0434\u0436\u043b\u0456\u0441","og_description":"2012 senesi sent\u00e2br 12-de Q\u0131r\u0131m m\u00fcendislik-pedagogika universitetinde &#8220;Leonid Ku\u00e7man\u0131\u00f1 &#8220;Ukraina&#8221; prezidentlik fondu&#8221; hayriye te\u015fkil\u00e2t\u0131 istidatl\u0131 studentlerge ad\u0131 yaz\u0131l\u0131 stipendiyalarn\u0131 taqdim etti. Stipendiyalarn\u0131 saiplerine \u015fahsen bermek i\u00e7\u00fcn QMPU\u011fa fond quruc\u0131s\u0131, Ukrainan\u0131\u00f1 ekinci prezidenti Leonid Ku\u00e7ma te\u015frif buyurd\u0131. Tantanal\u0131 merasimde Q\u0131r\u0131mtatar halq\u0131 Meclisini\u00f1 reisi, Ukraina halq deputat\u0131 Mustafa Cemilev, Ukraina Prezidentini\u00f1 Q\u0131r\u0131mdaki daimiy temsilcisi Viktor Plakida, Q\u0131r\u0131m [&hellip;]","og_url":"https:\/\/qtmm.org\/qt\/leonid-kucma-akimiyet-qirimtatarlarnin-tamirlari-qirimda-olganini-anlamaq-kerek-ve-er-angi-vaziyette-halqqa-qoltutmaq-imkanini-tapmaq-mumkun\/","og_site_name":"\u041c\u0435\u0434\u0436\u043b\u0456\u0441","article_publisher":"https:\/\/www.facebook.com\/qtmm.info\/","article_published_time":"2012-09-12T13:57:00+00:00","article_modified_time":"2022-01-22T13:57:59+00:00","author":"Developer","twitter_card":"summary_large_image","twitter_misc":{"Written by":"Developer","Est. reading time":"2 minutes"},"schema":{"@context":"https:\/\/schema.org","@graph":[{"@type":"Article","@id":"https:\/\/qtmm.org\/qt\/leonid-kucma-akimiyet-qirimtatarlarnin-tamirlari-qirimda-olganini-anlamaq-kerek-ve-er-angi-vaziyette-halqqa-qoltutmaq-imkanini-tapmaq-mumkun\/#article","isPartOf":{"@id":"https:\/\/qtmm.org\/qt\/leonid-kucma-akimiyet-qirimtatarlarnin-tamirlari-qirimda-olganini-anlamaq-kerek-ve-er-angi-vaziyette-halqqa-qoltutmaq-imkanini-tapmaq-mumkun\/"},"author":{"name":"Developer","@id":"https:\/\/qtmm.org\/qt\/#\/schema\/person\/de562469f971dec226ac06e60bbf74a7"},"headline":"Leonid Ku\u00e7ma: Akimiyet q\u0131r\u0131mtatarlarn\u0131\u00f1 tam\u0131rlar\u0131 Q\u0131r\u0131mda ol\u011fan\u0131n\u0131 a\u00f1lamaq kerek, ve er angi vaziyette halqqa qoltutmaq imk\u00e2n\u0131n\u0131 tapmaq m\u00fcmk\u00fcn","datePublished":"2012-09-12T13:57:00+00:00","dateModified":"2022-01-22T13:57:59+00:00","mainEntityOfPage":{"@id":"https:\/\/qtmm.org\/qt\/leonid-kucma-akimiyet-qirimtatarlarnin-tamirlari-qirimda-olganini-anlamaq-kerek-ve-er-angi-vaziyette-halqqa-qoltutmaq-imkanini-tapmaq-mumkun\/"},"wordCount":501,"commentCount":0,"publisher":{"@id":"https:\/\/qtmm.org\/qt\/#organization"},"articleSection":["Haberler"],"inLanguage":"qt","potentialAction":[{"@type":"CommentAction","name":"Comment","target":["https:\/\/qtmm.org\/qt\/leonid-kucma-akimiyet-qirimtatarlarnin-tamirlari-qirimda-olganini-anlamaq-kerek-ve-er-angi-vaziyette-halqqa-qoltutmaq-imkanini-tapmaq-mumkun\/#respond"]}]},{"@type":"WebPage","@id":"https:\/\/qtmm.org\/qt\/leonid-kucma-akimiyet-qirimtatarlarnin-tamirlari-qirimda-olganini-anlamaq-kerek-ve-er-angi-vaziyette-halqqa-qoltutmaq-imkanini-tapmaq-mumkun\/","url":"https:\/\/qtmm.org\/qt\/leonid-kucma-akimiyet-qirimtatarlarnin-tamirlari-qirimda-olganini-anlamaq-kerek-ve-er-angi-vaziyette-halqqa-qoltutmaq-imkanini-tapmaq-mumkun\/","name":"Leonid Ku\u00e7ma: Akimiyet q\u0131r\u0131mtatarlarn\u0131\u00f1 tam\u0131rlar\u0131 Q\u0131r\u0131mda ol\u011fan\u0131n\u0131 a\u00f1lamaq kerek, ve er angi vaziyette halqqa qoltutmaq imk\u00e2n\u0131n\u0131 tapmaq m\u00fcmk\u00fcn - \u041c\u0435\u0434\u0436\u043b\u0456\u0441","isPartOf":{"@id":"https:\/\/qtmm.org\/qt\/#website"},"datePublished":"2012-09-12T13:57:00+00:00","dateModified":"2022-01-22T13:57:59+00:00","breadcrumb":{"@id":"https:\/\/qtmm.org\/qt\/leonid-kucma-akimiyet-qirimtatarlarnin-tamirlari-qirimda-olganini-anlamaq-kerek-ve-er-angi-vaziyette-halqqa-qoltutmaq-imkanini-tapmaq-mumkun\/#breadcrumb"},"inLanguage":"qt","potentialAction":[{"@type":"ReadAction","target":["https:\/\/qtmm.org\/qt\/leonid-kucma-akimiyet-qirimtatarlarnin-tamirlari-qirimda-olganini-anlamaq-kerek-ve-er-angi-vaziyette-halqqa-qoltutmaq-imkanini-tapmaq-mumkun\/"]}]},{"@type":"BreadcrumbList","@id":"https:\/\/qtmm.org\/qt\/leonid-kucma-akimiyet-qirimtatarlarnin-tamirlari-qirimda-olganini-anlamaq-kerek-ve-er-angi-vaziyette-halqqa-qoltutmaq-imkanini-tapmaq-mumkun\/#breadcrumb","itemListElement":[{"@type":"ListItem","position":1,"name":"\u0413\u043e\u043b\u043e\u0432\u043d\u0430","item":"https:\/\/qtmm.org\/qt\/"},{"@type":"ListItem","position":2,"name":"Leonid Ku\u00e7ma: Akimiyet q\u0131r\u0131mtatarlarn\u0131\u00f1 tam\u0131rlar\u0131 Q\u0131r\u0131mda ol\u011fan\u0131n\u0131 a\u00f1lamaq kerek, ve er angi vaziyette halqqa qoltutmaq imk\u00e2n\u0131n\u0131 tapmaq m\u00fcmk\u00fcn"}]},{"@type":"WebSite","@id":"https:\/\/qtmm.org\/qt\/#website","url":"https:\/\/qtmm.org\/qt\/","name":"\u041c\u0435\u0434\u0436\u043b\u0456\u0441","description":"","publisher":{"@id":"https:\/\/qtmm.org\/qt\/#organization"},"potentialAction":[{"@type":"SearchAction","target":{"@type":"EntryPoint","urlTemplate":"https:\/\/qtmm.org\/qt\/?s={search_term_string}"},"query-input":{"@type":"PropertyValueSpecification","valueRequired":true,"valueName":"search_term_string"}}],"inLanguage":"qt"},{"@type":"Organization","@id":"https:\/\/qtmm.org\/qt\/#organization","name":"\u041c\u0435\u0434\u0436\u043b\u0456\u0441","url":"https:\/\/qtmm.org\/qt\/","logo":{"@type":"ImageObject","inLanguage":"qt","@id":"https:\/\/qtmm.org\/qt\/#\/schema\/logo\/image\/","url":"https:\/\/qtmm.org\/wp-content\/uploads\/2024\/12\/ua-mejlis-logo-rgb.svg","contentUrl":"https:\/\/qtmm.org\/wp-content\/uploads\/2024\/12\/ua-mejlis-logo-rgb.svg","caption":"\u041c\u0435\u0434\u0436\u043b\u0456\u0441"},"image":{"@id":"https:\/\/qtmm.org\/qt\/#\/schema\/logo\/image\/"},"sameAs":["https:\/\/www.facebook.com\/qtmm.info\/"]},{"@type":"Person","@id":"https:\/\/qtmm.org\/qt\/#\/schema\/person\/de562469f971dec226ac06e60bbf74a7","name":"Developer","image":{"@type":"ImageObject","inLanguage":"qt","@id":"https:\/\/secure.gravatar.com\/avatar\/392b4cc8fbfeb00b39dfeeab4ee6edded39ffd48e25858637e4765810300227e?s=96&d=mm&r=g","url":"https:\/\/secure.gravatar.com\/avatar\/392b4cc8fbfeb00b39dfeeab4ee6edded39ffd48e25858637e4765810300227e?s=96&d=mm&r=g","contentUrl":"https:\/\/secure.gravatar.com\/avatar\/392b4cc8fbfeb00b39dfeeab4ee6edded39ffd48e25858637e4765810300227e?s=96&d=mm&r=g","caption":"Developer"},"url":"https:\/\/qtmm.org\/qt\/author\/Developer\/"}]}},"_links":{"self":[{"href":"https:\/\/qtmm.org\/qt\/wp-json\/wp\/v2\/posts\/34070","targetHints":{"allow":["GET"]}}],"collection":[{"href":"https:\/\/qtmm.org\/qt\/wp-json\/wp\/v2\/posts"}],"about":[{"href":"https:\/\/qtmm.org\/qt\/wp-json\/wp\/v2\/types\/post"}],"author":[{"embeddable":true,"href":"https:\/\/qtmm.org\/qt\/wp-json\/wp\/v2\/users\/1"}],"replies":[{"embeddable":true,"href":"https:\/\/qtmm.org\/qt\/wp-json\/wp\/v2\/comments?post=34070"}],"version-history":[{"count":1,"href":"https:\/\/qtmm.org\/qt\/wp-json\/wp\/v2\/posts\/34070\/revisions"}],"predecessor-version":[{"id":34071,"href":"https:\/\/qtmm.org\/qt\/wp-json\/wp\/v2\/posts\/34070\/revisions\/34071"}],"wp:attachment":[{"href":"https:\/\/qtmm.org\/qt\/wp-json\/wp\/v2\/media?parent=34070"}],"wp:term":[{"taxonomy":"category","embeddable":true,"href":"https:\/\/qtmm.org\/qt\/wp-json\/wp\/v2\/categories?post=34070"},{"taxonomy":"post_tag","embeddable":true,"href":"https:\/\/qtmm.org\/qt\/wp-json\/wp\/v2\/tags?post=34070"}],"curies":[{"name":"wp","href":"https:\/\/api.w.org\/{rel}","templated":true}]}}