




{"id":34048,"date":"2012-09-12T16:55:00","date_gmt":"2012-09-12T13:55:00","guid":{"rendered":"http:\/\/qtmm.org\/?p=34048"},"modified":"2022-01-22T16:57:14","modified_gmt":"2022-01-22T13:57:14","slug":"mustafa-cemilev-ve-gennadiy-moskal-qarasubazar-rayonindaki-sarisuv-qasabasinin-sakinlerinen-korustiler","status":"publish","type":"post","link":"https:\/\/qtmm.org\/qt\/mustafa-cemilev-ve-gennadiy-moskal-qarasubazar-rayonindaki-sarisuv-qasabasinin-sakinlerinen-korustiler\/","title":{"rendered":"Mustafa Cemilev ve Gennadiy Moskal Qarasubazar rayon\u0131ndaki Sar\u0131suv qasabas\u0131n\u0131\u00f1 sakinlerinen k\u00f6r\u00fc\u015ftiler"},"content":{"rendered":"\n<p>2012 senesi sent\u00e2br 11 k\u00fcn\u00fc Meclis reisi, Ukraina halq deputat\u0131 Mustafa Cemilev Ukraina halq deputat\u0131 Gennadiy Moskal ile beraber Qarasubazar rayon\u0131ndaki Sar\u0131suv qasabas\u0131n\u0131\u00f1 sakinlerinen k\u00f6r\u00fc\u015ftiler.<\/p>\n\n\n\n<p>K\u00f6r\u00fc\u015f\u00fcvde bun\u0131\u00f1 kibi de Ukraina halq deputatl\u0131\u011f\u0131na 8-nci saylav dairesinden namzetini k\u00f6stergen Eskender Bariyev de bulund\u0131.<\/p>\n\n\n\n<p>Mecli reisi Mustafa Cemilev Qarasuvbazar rayon\u0131 sakinlerine h\u0131tap eterek, okt\u00e2br 28-de Ukraina halq deputatlar\u0131n\u0131 saylav ke\u00e7irilip, olarn\u0131\u00f1 neticelerine k\u00f6re Ukraina parlamenti \u015fekillenecegini hat\u0131rlatt\u0131.<\/p>\n\n\n\n<figure class=\"wp-block-image size-full\"><img loading=\"lazy\" decoding=\"async\" width=\"650\" height=\"350\" src=\"http:\/\/qtmm.org\/wp-content\/uploads\/2022\/01\/2_68.jpeg\" alt=\"\" class=\"wp-image-34053\" srcset=\"https:\/\/qtmm.org\/wp-content\/uploads\/2022\/01\/2_68.jpeg 650w, https:\/\/qtmm.org\/wp-content\/uploads\/2022\/01\/2_68-300x162.jpeg 300w\" sizes=\"auto, (max-width: 650px) 100vw, 650px\" \/><\/figure>\n\n\n\n<p>Bu munasebetnen, 2012 senesi iy\u00fcl 20-22 k\u00fcnleri Aqmescitte ol\u0131p ke\u00e7ken U \u00e7a\u011f\u0131r\u0131l\u0131\u015f Q\u0131r\u0131mtatar halq\u0131 qurultay\u0131n\u0131\u00f1 4-nci sessiyas\u0131nda qurultay delegatlar\u0131 &#8220;Ukraina halq deputatlar\u0131n\u0131 saylav ve q\u0131r\u0131mtatarlarn\u0131\u00f1 \u00f6z-\u00f6z\u00fcni idare et\u00fcv milliy organlar\u0131n\u0131\u00f1 vazifeleri aqq\u0131nda Qurultay qarar\u0131&#8221;n\u0131 qabul etken ediler. Qarar\u011fa binaen q\u0131r\u0131mtatarlarn\u0131\u00f1 okt\u00e2br 28-de birlikteki pozitsiyas\u0131 ve bu qararn\u0131\u00f1 edas\u0131n\u0131 teminlemek vazifeleri belgilengen edi.<\/p>\n\n\n\n<figure class=\"wp-block-image size-full\"><img loading=\"lazy\" decoding=\"async\" width=\"650\" height=\"350\" src=\"http:\/\/qtmm.org\/wp-content\/uploads\/2022\/01\/3_42.jpeg\" alt=\"\" class=\"wp-image-34057\" srcset=\"https:\/\/qtmm.org\/wp-content\/uploads\/2022\/01\/3_42.jpeg 650w, https:\/\/qtmm.org\/wp-content\/uploads\/2022\/01\/3_42-300x162.jpeg 300w\" sizes=\"auto, (max-width: 650px) 100vw, 650px\" \/><\/figure>\n\n\n\n<p>Mustafa Cemilev \u015fun\u0131 da qayd etti ki, 2012 senesi iy\u00fcl 27-de &#8220;Batk\u0456v\u015f\u00e7ina&#8221; Birle\u015fken muhalifet ve Q\u0131r\u0131mtatar halq\u0131n\u0131\u00f1 Meclisi Yuqar\u0131 \u015eura\u011fa saylavlarda i\u015ftirakine dair ve U11 \u00e7a\u011f\u0131r\u0131l\u0131\u015f Yuqar\u0131 \u015euras\u0131nda Birle\u015fken muhalifet cedvellerine Meclis belgilegen namzetler vastas\u0131nen i\u015fbirlik boyunca m\u00fc\u015fterek beyanat imzalan\u011fan edi.<\/p>\n\n\n\n<figure class=\"wp-block-image size-full\"><img loading=\"lazy\" decoding=\"async\" width=\"650\" height=\"400\" src=\"http:\/\/qtmm.org\/wp-content\/uploads\/2022\/01\/4_41.jpeg\" alt=\"\" class=\"wp-image-34061\" srcset=\"https:\/\/qtmm.org\/wp-content\/uploads\/2022\/01\/4_41.jpeg 650w, https:\/\/qtmm.org\/wp-content\/uploads\/2022\/01\/4_41-300x185.jpeg 300w\" sizes=\"auto, (max-width: 650px) 100vw, 650px\" \/><\/figure>\n\n\n\n<p>Meclis reisi semetde\u015flerni &#8220;Batk\u0456v\u015f\u00e7ina&#8221; Birle\u015fken muhalifet siyasiy k\u00fc\u00e7 cedvelleri boyunca Ukraina halq deputatl\u0131\u011f\u0131na \u00e7oqmandatl\u0131 dairelerden k\u00f6sterilgen namzetlerge, bun\u0131\u00f1 kibi de Q\u0131r\u0131mda bir mandatl\u0131 dairelerde &#8220;Batk\u0456v\u015f\u00e7ina&#8221; siyasiy k\u00fc\u00e7\u00fcnden \u00f6z namzetlerini k\u00f6stergen 2-nci saylav dairesinden Nariman Cel\u00e2l, 10-nc\u0131 saylav dairesinden Ahtem \u00c7iygoz, 3-nci saylav dairesinden Vladimir \u015ekl\u00e2r\u011fa qoltutuvda birlik olma\u011fa \u00e7a\u011f\u0131rd\u0131.<\/p>\n\n\n\n<figure class=\"wp-block-image size-full\"><img loading=\"lazy\" decoding=\"async\" width=\"650\" height=\"400\" src=\"http:\/\/qtmm.org\/wp-content\/uploads\/2022\/01\/5_18.jpeg\" alt=\"\" class=\"wp-image-34065\" srcset=\"https:\/\/qtmm.org\/wp-content\/uploads\/2022\/01\/5_18.jpeg 650w, https:\/\/qtmm.org\/wp-content\/uploads\/2022\/01\/5_18-300x185.jpeg 300w\" sizes=\"auto, (max-width: 650px) 100vw, 650px\" \/><\/figure>\n\n\n\n<p>Sar\u0131suv qasabas\u0131n\u0131\u00f1 sakinlerinen ol\u011fan subette Meclis yolba\u015f\u00e7\u0131s\u0131 devletteki siyasiy ceryanlar\u011fa baqmadan q\u0131r\u0131mtatar halq\u0131n\u0131\u00f1 vek\u00e2letli organ\u0131 Q\u0131r\u0131mdaki b\u00fct\u00fcn qasaba ve k\u00f6ylerde ya\u015fa\u011fan semetde\u015flerimizni e\u00f1 \u00e7oq raats\u0131zla\u011fan meselelerni \u00f6grenmek boyunca faaliyetini devam ettirgenini s\u00f6yledi.<\/p>\n","protected":false},"excerpt":{"rendered":"<p>2012 senesi sent\u00e2br 11 k\u00fcn\u00fc Meclis reisi, Ukraina halq deputat\u0131 Mustafa Cemilev Ukraina halq deputat\u0131 Gennadiy Moskal ile beraber Qarasubazar rayon\u0131ndaki Sar\u0131suv qasabas\u0131n\u0131\u00f1 sakinlerinen k\u00f6r\u00fc\u015ftiler. K\u00f6r\u00fc\u015f\u00fcvde bun\u0131\u00f1 kibi de Ukraina halq deputatl\u0131\u011f\u0131na 8-nci saylav dairesinden namzetini k\u00f6stergen Eskender Bariyev de bulund\u0131. Mecli reisi Mustafa Cemilev Qarasuvbazar rayon\u0131 sakinlerine h\u0131tap eterek, okt\u00e2br 28-de Ukraina halq deputatlar\u0131n\u0131 [&hellip;]<\/p>\n","protected":false},"author":1,"featured_media":34049,"comment_status":"open","ping_status":"open","sticky":false,"template":"","format":"standard","meta":{"inline_featured_image":false,"footnotes":""},"categories":[265],"tags":[],"class_list":["post-34048","post","type-post","status-publish","format-standard","has-post-thumbnail","hentry","category-haberler"],"acf":[],"yoast_head":"<!-- This site is optimized with the Yoast SEO plugin v27.4 - https:\/\/yoast.com\/product\/yoast-seo-wordpress\/ -->\n<title>Mustafa Cemilev ve Gennadiy Moskal Qarasubazar rayon\u0131ndaki Sar\u0131suv qasabas\u0131n\u0131\u00f1 sakinlerinen k\u00f6r\u00fc\u015ftiler - \u041c\u0435\u0434\u0436\u043b\u0456\u0441<\/title>\n<meta name=\"robots\" content=\"index, follow, max-snippet:-1, max-image-preview:large, max-video-preview:-1\" \/>\n<link rel=\"canonical\" href=\"https:\/\/qtmm.org\/qt\/mustafa-cemilev-ve-gennadiy-moskal-qarasubazar-rayonindaki-sarisuv-qasabasinin-sakinlerinen-korustiler\/\" \/>\n<meta property=\"og:locale\" content=\"en_US\" \/>\n<meta property=\"og:type\" content=\"article\" \/>\n<meta property=\"og:title\" content=\"Mustafa Cemilev ve Gennadiy Moskal Qarasubazar rayon\u0131ndaki Sar\u0131suv qasabas\u0131n\u0131\u00f1 sakinlerinen k\u00f6r\u00fc\u015ftiler - \u041c\u0435\u0434\u0436\u043b\u0456\u0441\" \/>\n<meta property=\"og:description\" content=\"2012 senesi sent\u00e2br 11 k\u00fcn\u00fc Meclis reisi, Ukraina halq deputat\u0131 Mustafa Cemilev Ukraina halq deputat\u0131 Gennadiy Moskal ile beraber Qarasubazar rayon\u0131ndaki Sar\u0131suv qasabas\u0131n\u0131\u00f1 sakinlerinen k\u00f6r\u00fc\u015ftiler. K\u00f6r\u00fc\u015f\u00fcvde bun\u0131\u00f1 kibi de Ukraina halq deputatl\u0131\u011f\u0131na 8-nci saylav dairesinden namzetini k\u00f6stergen Eskender Bariyev de bulund\u0131. Mecli reisi Mustafa Cemilev Qarasuvbazar rayon\u0131 sakinlerine h\u0131tap eterek, okt\u00e2br 28-de Ukraina halq deputatlar\u0131n\u0131 [&hellip;]\" \/>\n<meta property=\"og:url\" content=\"https:\/\/qtmm.org\/qt\/mustafa-cemilev-ve-gennadiy-moskal-qarasubazar-rayonindaki-sarisuv-qasabasinin-sakinlerinen-korustiler\/\" \/>\n<meta property=\"og:site_name\" content=\"\u041c\u0435\u0434\u0436\u043b\u0456\u0441\" \/>\n<meta property=\"article:publisher\" content=\"https:\/\/www.facebook.com\/qtmm.info\/\" \/>\n<meta property=\"article:published_time\" content=\"2012-09-12T13:55:00+00:00\" \/>\n<meta property=\"article:modified_time\" content=\"2022-01-22T13:57:14+00:00\" \/>\n<meta property=\"og:image\" content=\"https:\/\/qtmm.org\/wp-content\/uploads\/2022\/01\/1_64.jpeg\" \/>\n\t<meta property=\"og:image:width\" content=\"650\" \/>\n\t<meta property=\"og:image:height\" content=\"400\" \/>\n\t<meta property=\"og:image:type\" content=\"image\/jpeg\" \/>\n<meta name=\"author\" content=\"Developer\" \/>\n<meta name=\"twitter:card\" content=\"summary_large_image\" \/>\n<meta name=\"twitter:label1\" content=\"Written by\" \/>\n\t<meta name=\"twitter:data1\" content=\"Developer\" \/>\n\t<meta name=\"twitter:label2\" content=\"Est. reading time\" \/>\n\t<meta name=\"twitter:data2\" content=\"2 minutes\" \/>\n<script type=\"application\/ld+json\" class=\"yoast-schema-graph\">{\"@context\":\"https:\\\/\\\/schema.org\",\"@graph\":[{\"@type\":\"Article\",\"@id\":\"https:\\\/\\\/qtmm.org\\\/qt\\\/mustafa-cemilev-ve-gennadiy-moskal-qarasubazar-rayonindaki-sarisuv-qasabasinin-sakinlerinen-korustiler\\\/#article\",\"isPartOf\":{\"@id\":\"https:\\\/\\\/qtmm.org\\\/qt\\\/mustafa-cemilev-ve-gennadiy-moskal-qarasubazar-rayonindaki-sarisuv-qasabasinin-sakinlerinen-korustiler\\\/\"},\"author\":{\"name\":\"Developer\",\"@id\":\"https:\\\/\\\/qtmm.org\\\/qt\\\/#\\\/schema\\\/person\\\/de562469f971dec226ac06e60bbf74a7\"},\"headline\":\"Mustafa Cemilev ve Gennadiy Moskal Qarasubazar rayon\u0131ndaki Sar\u0131suv qasabas\u0131n\u0131\u00f1 sakinlerinen k\u00f6r\u00fc\u015ftiler\",\"datePublished\":\"2012-09-12T13:55:00+00:00\",\"dateModified\":\"2022-01-22T13:57:14+00:00\",\"mainEntityOfPage\":{\"@id\":\"https:\\\/\\\/qtmm.org\\\/qt\\\/mustafa-cemilev-ve-gennadiy-moskal-qarasubazar-rayonindaki-sarisuv-qasabasinin-sakinlerinen-korustiler\\\/\"},\"wordCount\":345,\"commentCount\":0,\"publisher\":{\"@id\":\"https:\\\/\\\/qtmm.org\\\/qt\\\/#organization\"},\"image\":{\"@id\":\"https:\\\/\\\/qtmm.org\\\/qt\\\/mustafa-cemilev-ve-gennadiy-moskal-qarasubazar-rayonindaki-sarisuv-qasabasinin-sakinlerinen-korustiler\\\/#primaryimage\"},\"thumbnailUrl\":\"https:\\\/\\\/qtmm.org\\\/wp-content\\\/uploads\\\/2022\\\/01\\\/1_64.jpeg\",\"articleSection\":[\"Haberler\"],\"inLanguage\":\"qt\",\"potentialAction\":[{\"@type\":\"CommentAction\",\"name\":\"Comment\",\"target\":[\"https:\\\/\\\/qtmm.org\\\/qt\\\/mustafa-cemilev-ve-gennadiy-moskal-qarasubazar-rayonindaki-sarisuv-qasabasinin-sakinlerinen-korustiler\\\/#respond\"]}]},{\"@type\":\"WebPage\",\"@id\":\"https:\\\/\\\/qtmm.org\\\/qt\\\/mustafa-cemilev-ve-gennadiy-moskal-qarasubazar-rayonindaki-sarisuv-qasabasinin-sakinlerinen-korustiler\\\/\",\"url\":\"https:\\\/\\\/qtmm.org\\\/qt\\\/mustafa-cemilev-ve-gennadiy-moskal-qarasubazar-rayonindaki-sarisuv-qasabasinin-sakinlerinen-korustiler\\\/\",\"name\":\"Mustafa Cemilev ve Gennadiy Moskal Qarasubazar rayon\u0131ndaki Sar\u0131suv qasabas\u0131n\u0131\u00f1 sakinlerinen k\u00f6r\u00fc\u015ftiler - \u041c\u0435\u0434\u0436\u043b\u0456\u0441\",\"isPartOf\":{\"@id\":\"https:\\\/\\\/qtmm.org\\\/qt\\\/#website\"},\"primaryImageOfPage\":{\"@id\":\"https:\\\/\\\/qtmm.org\\\/qt\\\/mustafa-cemilev-ve-gennadiy-moskal-qarasubazar-rayonindaki-sarisuv-qasabasinin-sakinlerinen-korustiler\\\/#primaryimage\"},\"image\":{\"@id\":\"https:\\\/\\\/qtmm.org\\\/qt\\\/mustafa-cemilev-ve-gennadiy-moskal-qarasubazar-rayonindaki-sarisuv-qasabasinin-sakinlerinen-korustiler\\\/#primaryimage\"},\"thumbnailUrl\":\"https:\\\/\\\/qtmm.org\\\/wp-content\\\/uploads\\\/2022\\\/01\\\/1_64.jpeg\",\"datePublished\":\"2012-09-12T13:55:00+00:00\",\"dateModified\":\"2022-01-22T13:57:14+00:00\",\"breadcrumb\":{\"@id\":\"https:\\\/\\\/qtmm.org\\\/qt\\\/mustafa-cemilev-ve-gennadiy-moskal-qarasubazar-rayonindaki-sarisuv-qasabasinin-sakinlerinen-korustiler\\\/#breadcrumb\"},\"inLanguage\":\"qt\",\"potentialAction\":[{\"@type\":\"ReadAction\",\"target\":[\"https:\\\/\\\/qtmm.org\\\/qt\\\/mustafa-cemilev-ve-gennadiy-moskal-qarasubazar-rayonindaki-sarisuv-qasabasinin-sakinlerinen-korustiler\\\/\"]}]},{\"@type\":\"ImageObject\",\"inLanguage\":\"qt\",\"@id\":\"https:\\\/\\\/qtmm.org\\\/qt\\\/mustafa-cemilev-ve-gennadiy-moskal-qarasubazar-rayonindaki-sarisuv-qasabasinin-sakinlerinen-korustiler\\\/#primaryimage\",\"url\":\"https:\\\/\\\/qtmm.org\\\/wp-content\\\/uploads\\\/2022\\\/01\\\/1_64.jpeg\",\"contentUrl\":\"https:\\\/\\\/qtmm.org\\\/wp-content\\\/uploads\\\/2022\\\/01\\\/1_64.jpeg\",\"width\":650,\"height\":400},{\"@type\":\"BreadcrumbList\",\"@id\":\"https:\\\/\\\/qtmm.org\\\/qt\\\/mustafa-cemilev-ve-gennadiy-moskal-qarasubazar-rayonindaki-sarisuv-qasabasinin-sakinlerinen-korustiler\\\/#breadcrumb\",\"itemListElement\":[{\"@type\":\"ListItem\",\"position\":1,\"name\":\"\u0413\u043e\u043b\u043e\u0432\u043d\u0430\",\"item\":\"https:\\\/\\\/qtmm.org\\\/qt\\\/\"},{\"@type\":\"ListItem\",\"position\":2,\"name\":\"Mustafa Cemilev ve Gennadiy Moskal Qarasubazar rayon\u0131ndaki Sar\u0131suv qasabas\u0131n\u0131\u00f1 sakinlerinen k\u00f6r\u00fc\u015ftiler\"}]},{\"@type\":\"WebSite\",\"@id\":\"https:\\\/\\\/qtmm.org\\\/qt\\\/#website\",\"url\":\"https:\\\/\\\/qtmm.org\\\/qt\\\/\",\"name\":\"\u041c\u0435\u0434\u0436\u043b\u0456\u0441\",\"description\":\"\",\"publisher\":{\"@id\":\"https:\\\/\\\/qtmm.org\\\/qt\\\/#organization\"},\"potentialAction\":[{\"@type\":\"SearchAction\",\"target\":{\"@type\":\"EntryPoint\",\"urlTemplate\":\"https:\\\/\\\/qtmm.org\\\/qt\\\/?s={search_term_string}\"},\"query-input\":{\"@type\":\"PropertyValueSpecification\",\"valueRequired\":true,\"valueName\":\"search_term_string\"}}],\"inLanguage\":\"qt\"},{\"@type\":\"Organization\",\"@id\":\"https:\\\/\\\/qtmm.org\\\/qt\\\/#organization\",\"name\":\"\u041c\u0435\u0434\u0436\u043b\u0456\u0441\",\"url\":\"https:\\\/\\\/qtmm.org\\\/qt\\\/\",\"logo\":{\"@type\":\"ImageObject\",\"inLanguage\":\"qt\",\"@id\":\"https:\\\/\\\/qtmm.org\\\/qt\\\/#\\\/schema\\\/logo\\\/image\\\/\",\"url\":\"https:\\\/\\\/qtmm.org\\\/wp-content\\\/uploads\\\/2024\\\/12\\\/ua-mejlis-logo-rgb.svg\",\"contentUrl\":\"https:\\\/\\\/qtmm.org\\\/wp-content\\\/uploads\\\/2024\\\/12\\\/ua-mejlis-logo-rgb.svg\",\"caption\":\"\u041c\u0435\u0434\u0436\u043b\u0456\u0441\"},\"image\":{\"@id\":\"https:\\\/\\\/qtmm.org\\\/qt\\\/#\\\/schema\\\/logo\\\/image\\\/\"},\"sameAs\":[\"https:\\\/\\\/www.facebook.com\\\/qtmm.info\\\/\"]},{\"@type\":\"Person\",\"@id\":\"https:\\\/\\\/qtmm.org\\\/qt\\\/#\\\/schema\\\/person\\\/de562469f971dec226ac06e60bbf74a7\",\"name\":\"Developer\",\"image\":{\"@type\":\"ImageObject\",\"inLanguage\":\"qt\",\"@id\":\"https:\\\/\\\/secure.gravatar.com\\\/avatar\\\/392b4cc8fbfeb00b39dfeeab4ee6edded39ffd48e25858637e4765810300227e?s=96&d=mm&r=g\",\"url\":\"https:\\\/\\\/secure.gravatar.com\\\/avatar\\\/392b4cc8fbfeb00b39dfeeab4ee6edded39ffd48e25858637e4765810300227e?s=96&d=mm&r=g\",\"contentUrl\":\"https:\\\/\\\/secure.gravatar.com\\\/avatar\\\/392b4cc8fbfeb00b39dfeeab4ee6edded39ffd48e25858637e4765810300227e?s=96&d=mm&r=g\",\"caption\":\"Developer\"},\"url\":\"https:\\\/\\\/qtmm.org\\\/qt\\\/author\\\/Developer\\\/\"}]}<\/script>\n<!-- \/ Yoast SEO plugin. -->","yoast_head_json":{"title":"Mustafa Cemilev ve Gennadiy Moskal Qarasubazar rayon\u0131ndaki Sar\u0131suv qasabas\u0131n\u0131\u00f1 sakinlerinen k\u00f6r\u00fc\u015ftiler - \u041c\u0435\u0434\u0436\u043b\u0456\u0441","robots":{"index":"index","follow":"follow","max-snippet":"max-snippet:-1","max-image-preview":"max-image-preview:large","max-video-preview":"max-video-preview:-1"},"canonical":"https:\/\/qtmm.org\/qt\/mustafa-cemilev-ve-gennadiy-moskal-qarasubazar-rayonindaki-sarisuv-qasabasinin-sakinlerinen-korustiler\/","og_locale":"en_US","og_type":"article","og_title":"Mustafa Cemilev ve Gennadiy Moskal Qarasubazar rayon\u0131ndaki Sar\u0131suv qasabas\u0131n\u0131\u00f1 sakinlerinen k\u00f6r\u00fc\u015ftiler - \u041c\u0435\u0434\u0436\u043b\u0456\u0441","og_description":"2012 senesi sent\u00e2br 11 k\u00fcn\u00fc Meclis reisi, Ukraina halq deputat\u0131 Mustafa Cemilev Ukraina halq deputat\u0131 Gennadiy Moskal ile beraber Qarasubazar rayon\u0131ndaki Sar\u0131suv qasabas\u0131n\u0131\u00f1 sakinlerinen k\u00f6r\u00fc\u015ftiler. K\u00f6r\u00fc\u015f\u00fcvde bun\u0131\u00f1 kibi de Ukraina halq deputatl\u0131\u011f\u0131na 8-nci saylav dairesinden namzetini k\u00f6stergen Eskender Bariyev de bulund\u0131. Mecli reisi Mustafa Cemilev Qarasuvbazar rayon\u0131 sakinlerine h\u0131tap eterek, okt\u00e2br 28-de Ukraina halq deputatlar\u0131n\u0131 [&hellip;]","og_url":"https:\/\/qtmm.org\/qt\/mustafa-cemilev-ve-gennadiy-moskal-qarasubazar-rayonindaki-sarisuv-qasabasinin-sakinlerinen-korustiler\/","og_site_name":"\u041c\u0435\u0434\u0436\u043b\u0456\u0441","article_publisher":"https:\/\/www.facebook.com\/qtmm.info\/","article_published_time":"2012-09-12T13:55:00+00:00","article_modified_time":"2022-01-22T13:57:14+00:00","og_image":[{"width":650,"height":400,"url":"https:\/\/qtmm.org\/wp-content\/uploads\/2022\/01\/1_64.jpeg","type":"image\/jpeg"}],"author":"Developer","twitter_card":"summary_large_image","twitter_misc":{"Written by":"Developer","Est. reading time":"2 minutes"},"schema":{"@context":"https:\/\/schema.org","@graph":[{"@type":"Article","@id":"https:\/\/qtmm.org\/qt\/mustafa-cemilev-ve-gennadiy-moskal-qarasubazar-rayonindaki-sarisuv-qasabasinin-sakinlerinen-korustiler\/#article","isPartOf":{"@id":"https:\/\/qtmm.org\/qt\/mustafa-cemilev-ve-gennadiy-moskal-qarasubazar-rayonindaki-sarisuv-qasabasinin-sakinlerinen-korustiler\/"},"author":{"name":"Developer","@id":"https:\/\/qtmm.org\/qt\/#\/schema\/person\/de562469f971dec226ac06e60bbf74a7"},"headline":"Mustafa Cemilev ve Gennadiy Moskal Qarasubazar rayon\u0131ndaki Sar\u0131suv qasabas\u0131n\u0131\u00f1 sakinlerinen k\u00f6r\u00fc\u015ftiler","datePublished":"2012-09-12T13:55:00+00:00","dateModified":"2022-01-22T13:57:14+00:00","mainEntityOfPage":{"@id":"https:\/\/qtmm.org\/qt\/mustafa-cemilev-ve-gennadiy-moskal-qarasubazar-rayonindaki-sarisuv-qasabasinin-sakinlerinen-korustiler\/"},"wordCount":345,"commentCount":0,"publisher":{"@id":"https:\/\/qtmm.org\/qt\/#organization"},"image":{"@id":"https:\/\/qtmm.org\/qt\/mustafa-cemilev-ve-gennadiy-moskal-qarasubazar-rayonindaki-sarisuv-qasabasinin-sakinlerinen-korustiler\/#primaryimage"},"thumbnailUrl":"https:\/\/qtmm.org\/wp-content\/uploads\/2022\/01\/1_64.jpeg","articleSection":["Haberler"],"inLanguage":"qt","potentialAction":[{"@type":"CommentAction","name":"Comment","target":["https:\/\/qtmm.org\/qt\/mustafa-cemilev-ve-gennadiy-moskal-qarasubazar-rayonindaki-sarisuv-qasabasinin-sakinlerinen-korustiler\/#respond"]}]},{"@type":"WebPage","@id":"https:\/\/qtmm.org\/qt\/mustafa-cemilev-ve-gennadiy-moskal-qarasubazar-rayonindaki-sarisuv-qasabasinin-sakinlerinen-korustiler\/","url":"https:\/\/qtmm.org\/qt\/mustafa-cemilev-ve-gennadiy-moskal-qarasubazar-rayonindaki-sarisuv-qasabasinin-sakinlerinen-korustiler\/","name":"Mustafa Cemilev ve Gennadiy Moskal Qarasubazar rayon\u0131ndaki Sar\u0131suv qasabas\u0131n\u0131\u00f1 sakinlerinen k\u00f6r\u00fc\u015ftiler - \u041c\u0435\u0434\u0436\u043b\u0456\u0441","isPartOf":{"@id":"https:\/\/qtmm.org\/qt\/#website"},"primaryImageOfPage":{"@id":"https:\/\/qtmm.org\/qt\/mustafa-cemilev-ve-gennadiy-moskal-qarasubazar-rayonindaki-sarisuv-qasabasinin-sakinlerinen-korustiler\/#primaryimage"},"image":{"@id":"https:\/\/qtmm.org\/qt\/mustafa-cemilev-ve-gennadiy-moskal-qarasubazar-rayonindaki-sarisuv-qasabasinin-sakinlerinen-korustiler\/#primaryimage"},"thumbnailUrl":"https:\/\/qtmm.org\/wp-content\/uploads\/2022\/01\/1_64.jpeg","datePublished":"2012-09-12T13:55:00+00:00","dateModified":"2022-01-22T13:57:14+00:00","breadcrumb":{"@id":"https:\/\/qtmm.org\/qt\/mustafa-cemilev-ve-gennadiy-moskal-qarasubazar-rayonindaki-sarisuv-qasabasinin-sakinlerinen-korustiler\/#breadcrumb"},"inLanguage":"qt","potentialAction":[{"@type":"ReadAction","target":["https:\/\/qtmm.org\/qt\/mustafa-cemilev-ve-gennadiy-moskal-qarasubazar-rayonindaki-sarisuv-qasabasinin-sakinlerinen-korustiler\/"]}]},{"@type":"ImageObject","inLanguage":"qt","@id":"https:\/\/qtmm.org\/qt\/mustafa-cemilev-ve-gennadiy-moskal-qarasubazar-rayonindaki-sarisuv-qasabasinin-sakinlerinen-korustiler\/#primaryimage","url":"https:\/\/qtmm.org\/wp-content\/uploads\/2022\/01\/1_64.jpeg","contentUrl":"https:\/\/qtmm.org\/wp-content\/uploads\/2022\/01\/1_64.jpeg","width":650,"height":400},{"@type":"BreadcrumbList","@id":"https:\/\/qtmm.org\/qt\/mustafa-cemilev-ve-gennadiy-moskal-qarasubazar-rayonindaki-sarisuv-qasabasinin-sakinlerinen-korustiler\/#breadcrumb","itemListElement":[{"@type":"ListItem","position":1,"name":"\u0413\u043e\u043b\u043e\u0432\u043d\u0430","item":"https:\/\/qtmm.org\/qt\/"},{"@type":"ListItem","position":2,"name":"Mustafa Cemilev ve Gennadiy Moskal Qarasubazar rayon\u0131ndaki Sar\u0131suv qasabas\u0131n\u0131\u00f1 sakinlerinen k\u00f6r\u00fc\u015ftiler"}]},{"@type":"WebSite","@id":"https:\/\/qtmm.org\/qt\/#website","url":"https:\/\/qtmm.org\/qt\/","name":"\u041c\u0435\u0434\u0436\u043b\u0456\u0441","description":"","publisher":{"@id":"https:\/\/qtmm.org\/qt\/#organization"},"potentialAction":[{"@type":"SearchAction","target":{"@type":"EntryPoint","urlTemplate":"https:\/\/qtmm.org\/qt\/?s={search_term_string}"},"query-input":{"@type":"PropertyValueSpecification","valueRequired":true,"valueName":"search_term_string"}}],"inLanguage":"qt"},{"@type":"Organization","@id":"https:\/\/qtmm.org\/qt\/#organization","name":"\u041c\u0435\u0434\u0436\u043b\u0456\u0441","url":"https:\/\/qtmm.org\/qt\/","logo":{"@type":"ImageObject","inLanguage":"qt","@id":"https:\/\/qtmm.org\/qt\/#\/schema\/logo\/image\/","url":"https:\/\/qtmm.org\/wp-content\/uploads\/2024\/12\/ua-mejlis-logo-rgb.svg","contentUrl":"https:\/\/qtmm.org\/wp-content\/uploads\/2024\/12\/ua-mejlis-logo-rgb.svg","caption":"\u041c\u0435\u0434\u0436\u043b\u0456\u0441"},"image":{"@id":"https:\/\/qtmm.org\/qt\/#\/schema\/logo\/image\/"},"sameAs":["https:\/\/www.facebook.com\/qtmm.info\/"]},{"@type":"Person","@id":"https:\/\/qtmm.org\/qt\/#\/schema\/person\/de562469f971dec226ac06e60bbf74a7","name":"Developer","image":{"@type":"ImageObject","inLanguage":"qt","@id":"https:\/\/secure.gravatar.com\/avatar\/392b4cc8fbfeb00b39dfeeab4ee6edded39ffd48e25858637e4765810300227e?s=96&d=mm&r=g","url":"https:\/\/secure.gravatar.com\/avatar\/392b4cc8fbfeb00b39dfeeab4ee6edded39ffd48e25858637e4765810300227e?s=96&d=mm&r=g","contentUrl":"https:\/\/secure.gravatar.com\/avatar\/392b4cc8fbfeb00b39dfeeab4ee6edded39ffd48e25858637e4765810300227e?s=96&d=mm&r=g","caption":"Developer"},"url":"https:\/\/qtmm.org\/qt\/author\/Developer\/"}]}},"_links":{"self":[{"href":"https:\/\/qtmm.org\/qt\/wp-json\/wp\/v2\/posts\/34048","targetHints":{"allow":["GET"]}}],"collection":[{"href":"https:\/\/qtmm.org\/qt\/wp-json\/wp\/v2\/posts"}],"about":[{"href":"https:\/\/qtmm.org\/qt\/wp-json\/wp\/v2\/types\/post"}],"author":[{"embeddable":true,"href":"https:\/\/qtmm.org\/qt\/wp-json\/wp\/v2\/users\/1"}],"replies":[{"embeddable":true,"href":"https:\/\/qtmm.org\/qt\/wp-json\/wp\/v2\/comments?post=34048"}],"version-history":[{"count":1,"href":"https:\/\/qtmm.org\/qt\/wp-json\/wp\/v2\/posts\/34048\/revisions"}],"predecessor-version":[{"id":34069,"href":"https:\/\/qtmm.org\/qt\/wp-json\/wp\/v2\/posts\/34048\/revisions\/34069"}],"wp:featuredmedia":[{"embeddable":true,"href":"https:\/\/qtmm.org\/qt\/wp-json\/wp\/v2\/media\/34049"}],"wp:attachment":[{"href":"https:\/\/qtmm.org\/qt\/wp-json\/wp\/v2\/media?parent=34048"}],"wp:term":[{"taxonomy":"category","embeddable":true,"href":"https:\/\/qtmm.org\/qt\/wp-json\/wp\/v2\/categories?post=34048"},{"taxonomy":"post_tag","embeddable":true,"href":"https:\/\/qtmm.org\/qt\/wp-json\/wp\/v2\/tags?post=34048"}],"curies":[{"name":"wp","href":"https:\/\/api.w.org\/{rel}","templated":true}]}}