




{"id":34026,"date":"2012-09-07T16:53:00","date_gmt":"2012-09-07T13:53:00","guid":{"rendered":"http:\/\/qtmm.org\/?p=34026"},"modified":"2022-01-22T16:55:12","modified_gmt":"2022-01-22T13:55:12","slug":"qirimtatar-halqinin-aqlarini-gayridan-tiklev-meselesi-gaagada-baqildi","status":"publish","type":"post","link":"https:\/\/qtmm.org\/qt\/qirimtatar-halqinin-aqlarini-gayridan-tiklev-meselesi-gaagada-baqildi\/","title":{"rendered":"Q\u0131r\u0131mtatar halq\u0131n\u0131\u00f1 aqlar\u0131n\u0131 \u011fayr\u0131dan tiklev meselesi Gaagada baq\u0131ld\u0131"},"content":{"rendered":"\n<p>OSCE ekspertleri Q\u0131r\u0131mtatar halq\u0131n\u0131\u00f1 aqlar\u0131n\u0131 \u011fayr\u0131dan tiklev meseleleri boyunca halqara forumn\u0131\u00f1 i\u015ftirak\u00e7ilerine tedqiqat ve tevsiyelerini az\u0131rlaylar.<\/p>\n\n\n\n<p>2012 senesi sent\u00e2br 6 k\u00fcn\u00fc OSCE Milliy azl\u0131qlar boyunca aliy komissar\u0131n\u0131\u00f1 ofisinde (Gaaga, Niderland\u0131) Q\u0131r\u0131mtatar halq\u0131n\u0131\u00f1 \u00f6z Vatan\u0131nla aqlar\u0131n\u0131 \u011fayr\u0131dan tiklev, Ukrainada on\u0131\u00f1 tel\u00fckesizligi ve inki\u015faf\u0131n\u0131 teminlev meseleleri boyunca halqara forum\u011fa az\u0131rl\u0131q \u00e7er\u00e7ivesinde OSCE Milliy azl\u0131qlar boyunca aliy komissar\u0131n\u0131\u00f1 daveti boyunca olacaq forum i\u015ftirak\u00e7ilerine tedqiqatlarn\u0131 ke\u00e7irmek ve tevsiyelerni az\u0131rlamaq i\u00e7\u00fcn kelgen ekspertlerni\u00f1 mu\u015faveresi \u00f6tkerildi.<\/p>\n\n\n\n<figure class=\"wp-block-image size-full\"><img loading=\"lazy\" decoding=\"async\" width=\"650\" height=\"378\" src=\"http:\/\/qtmm.org\/wp-content\/uploads\/2022\/01\/3_41.jpeg\" alt=\"\" class=\"wp-image-34031\" srcset=\"https:\/\/qtmm.org\/wp-content\/uploads\/2022\/01\/3_41.jpeg 650w, https:\/\/qtmm.org\/wp-content\/uploads\/2022\/01\/3_41-300x174.jpeg 300w\" sizes=\"auto, (max-width: 650px) 100vw, 650px\" \/><\/figure>\n\n\n\n<p>Ekspertler topla\u015fuv\u0131nda Q\u0131r\u0131mtatar halq\u0131 Meclisi reisini\u00f1 birinci muavini Refat \u00c7ubarov ve &#8220;Q\u0131r\u0131m inki\u015faf\u0131 vaquf\u0131&#8221; hayriye te\u015fkil\u00e2t\u0131n\u0131\u00f1 ba\u015f direktor\u0131 Aleksey Skorik i\u015ftirak ettiler.<\/p>\n\n\n\n<figure class=\"wp-block-image size-full\"><img loading=\"lazy\" decoding=\"async\" width=\"650\" height=\"339\" src=\"http:\/\/qtmm.org\/wp-content\/uploads\/2022\/01\/4_40.jpeg\" alt=\"\" class=\"wp-image-34035\" srcset=\"https:\/\/qtmm.org\/wp-content\/uploads\/2022\/01\/4_40.jpeg 650w, https:\/\/qtmm.org\/wp-content\/uploads\/2022\/01\/4_40-300x156.jpeg 300w\" sizes=\"auto, (max-width: 650px) 100vw, 650px\" \/><\/figure>\n\n\n\n<p>Mu\u015favere i\u015ftirak\u00e7ilerini OSCE Milliy azl\u0131qlar boyunca aliy komissar\u0131 b\u00fcros\u0131n\u0131\u00f1 ba\u015f\u0131 \u0130lze Brands Keris han\u0131m sel\u00e2mlad\u0131.<\/p>\n\n\n\n<p>Bir s\u0131ra maruzalar, \u015fu c\u00fcmleden Refat \u00c7ubarovn\u0131\u00f1 da Halqara forumn\u0131 te\u015fkil et\u00fcv yolundaki manialar aqq\u0131nda \u00e7\u0131q\u0131\u015f\u0131n\u0131, di\u00f1legen k\u00f6r\u00fc\u015f\u00fcv i\u015ftirak\u00e7ileri ekspertler taraf\u0131ndan 2013 senesini\u00f1 ba\u015f\u0131na qadar az\u0131rlaycaq tedqiqat ve tevsiyelerni\u00f1 suallerini muzakere ettiler. Tedqiqatlarn\u0131\u00f1 neticesi olaraq olacaq halqara forum i\u015ftirak\u00e7ileri i\u00e7\u00fcn konkret tevsiyeler i\u015flenecek.<\/p>\n\n\n\n<figure class=\"wp-block-image size-full\"><img loading=\"lazy\" decoding=\"async\" width=\"650\" height=\"373\" src=\"http:\/\/qtmm.org\/wp-content\/uploads\/2022\/01\/5_17.jpeg\" alt=\"\" class=\"wp-image-34039\" srcset=\"https:\/\/qtmm.org\/wp-content\/uploads\/2022\/01\/5_17.jpeg 650w, https:\/\/qtmm.org\/wp-content\/uploads\/2022\/01\/5_17-300x172.jpeg 300w\" sizes=\"auto, (max-width: 650px) 100vw, 650px\" \/><\/figure>\n\n\n\n<p>Mu\u015favere i\u015finde OSCE Milliy azl\u0131qlar boyunca aliy komissar\u0131 b\u00fcros\u0131n\u0131\u00f1 ba\u015f\u0131 \u0130lze Brands Keris, Aliy komissarn\u0131\u00f1 mesleat\u00e7\u0131s\u0131 Aleksandr Vinnikov, Aliy komissarn\u0131\u00f1 mesleat\u00e7\u0131s\u0131 Vinsent de Graf, tasil meseleleri boyunca ekspert Marina Gurbo, medeniyet ve til meseleleri boyunca ekspert \u0130dil \u0130zmirli, topraq meseleleri boyunca ekspert Velko Mikeli\u00e7, vek\u00e2letlik ve idare i\u015flerinde i\u015ftirak boyunca ekspert Natalya Mirimanova, Birle\u015fken Milletler Komiteti Aliy komissar\u0131n\u0131\u00f1 Ukrainadaki idaresini\u00f1 vekili Dmitriy Ple\u00e7ko, i\u00e7timaiy-iqtisadiy meseleler boyunca ekspert Greta Veling, BMT Q\u0131r\u0131mn\u0131 inki\u015faf ettir\u00fcv vek\u00e2letligini\u00f1 yolba\u015f\u00e7\u0131s\u0131 Adeline G\u00f6ne ve bun\u0131\u00f1 kibi de OSCE Milliy azl\u0131qlar boyunca aliy komissar\u0131 ofisini\u00f1 hadimleri Natalya Sabanadze, Manon Manon de K\u00fcrte de i\u015ftirak ettiler.<\/p>\n\n\n\n<figure class=\"wp-block-image size-full\"><img loading=\"lazy\" decoding=\"async\" width=\"650\" height=\"436\" src=\"http:\/\/qtmm.org\/wp-content\/uploads\/2022\/01\/2_67.jpeg\" alt=\"\" class=\"wp-image-34043\" srcset=\"https:\/\/qtmm.org\/wp-content\/uploads\/2022\/01\/2_67.jpeg 650w, https:\/\/qtmm.org\/wp-content\/uploads\/2022\/01\/2_67-300x201.jpeg 300w\" sizes=\"auto, (max-width: 650px) 100vw, 650px\" \/><\/figure>\n","protected":false},"excerpt":{"rendered":"<p>OSCE ekspertleri Q\u0131r\u0131mtatar halq\u0131n\u0131\u00f1 aqlar\u0131n\u0131 \u011fayr\u0131dan tiklev meseleleri boyunca halqara forumn\u0131\u00f1 i\u015ftirak\u00e7ilerine tedqiqat ve tevsiyelerini az\u0131rlaylar. 2012 senesi sent\u00e2br 6 k\u00fcn\u00fc OSCE Milliy azl\u0131qlar boyunca aliy komissar\u0131n\u0131\u00f1 ofisinde (Gaaga, Niderland\u0131) Q\u0131r\u0131mtatar halq\u0131n\u0131\u00f1 \u00f6z Vatan\u0131nla aqlar\u0131n\u0131 \u011fayr\u0131dan tiklev, Ukrainada on\u0131\u00f1 tel\u00fckesizligi ve inki\u015faf\u0131n\u0131 teminlev meseleleri boyunca halqara forum\u011fa az\u0131rl\u0131q \u00e7er\u00e7ivesinde OSCE Milliy azl\u0131qlar boyunca aliy komissar\u0131n\u0131\u00f1 [&hellip;]<\/p>\n","protected":false},"author":1,"featured_media":34027,"comment_status":"open","ping_status":"open","sticky":false,"template":"","format":"standard","meta":{"inline_featured_image":false,"footnotes":""},"categories":[265],"tags":[],"class_list":["post-34026","post","type-post","status-publish","format-standard","has-post-thumbnail","hentry","category-haberler"],"acf":[],"yoast_head":"<!-- This site is optimized with the Yoast SEO plugin v27.4 - https:\/\/yoast.com\/product\/yoast-seo-wordpress\/ -->\n<title>Q\u0131r\u0131mtatar halq\u0131n\u0131\u00f1 aqlar\u0131n\u0131 \u011fayr\u0131dan tiklev meselesi Gaagada baq\u0131ld\u0131 - \u041c\u0435\u0434\u0436\u043b\u0456\u0441<\/title>\n<meta name=\"robots\" content=\"index, follow, max-snippet:-1, max-image-preview:large, max-video-preview:-1\" \/>\n<link rel=\"canonical\" href=\"https:\/\/qtmm.org\/qt\/qirimtatar-halqinin-aqlarini-gayridan-tiklev-meselesi-gaagada-baqildi\/\" \/>\n<meta property=\"og:locale\" content=\"en_US\" \/>\n<meta property=\"og:type\" content=\"article\" \/>\n<meta property=\"og:title\" content=\"Q\u0131r\u0131mtatar halq\u0131n\u0131\u00f1 aqlar\u0131n\u0131 \u011fayr\u0131dan tiklev meselesi Gaagada baq\u0131ld\u0131 - \u041c\u0435\u0434\u0436\u043b\u0456\u0441\" \/>\n<meta property=\"og:description\" content=\"OSCE ekspertleri Q\u0131r\u0131mtatar halq\u0131n\u0131\u00f1 aqlar\u0131n\u0131 \u011fayr\u0131dan tiklev meseleleri boyunca halqara forumn\u0131\u00f1 i\u015ftirak\u00e7ilerine tedqiqat ve tevsiyelerini az\u0131rlaylar. 2012 senesi sent\u00e2br 6 k\u00fcn\u00fc OSCE Milliy azl\u0131qlar boyunca aliy komissar\u0131n\u0131\u00f1 ofisinde (Gaaga, Niderland\u0131) Q\u0131r\u0131mtatar halq\u0131n\u0131\u00f1 \u00f6z Vatan\u0131nla aqlar\u0131n\u0131 \u011fayr\u0131dan tiklev, Ukrainada on\u0131\u00f1 tel\u00fckesizligi ve inki\u015faf\u0131n\u0131 teminlev meseleleri boyunca halqara forum\u011fa az\u0131rl\u0131q \u00e7er\u00e7ivesinde OSCE Milliy azl\u0131qlar boyunca aliy komissar\u0131n\u0131\u00f1 [&hellip;]\" \/>\n<meta property=\"og:url\" content=\"https:\/\/qtmm.org\/qt\/qirimtatar-halqinin-aqlarini-gayridan-tiklev-meselesi-gaagada-baqildi\/\" \/>\n<meta property=\"og:site_name\" content=\"\u041c\u0435\u0434\u0436\u043b\u0456\u0441\" \/>\n<meta property=\"article:publisher\" content=\"https:\/\/www.facebook.com\/qtmm.info\/\" \/>\n<meta property=\"article:published_time\" content=\"2012-09-07T13:53:00+00:00\" \/>\n<meta property=\"article:modified_time\" content=\"2022-01-22T13:55:12+00:00\" \/>\n<meta property=\"og:image\" content=\"https:\/\/qtmm.org\/wp-content\/uploads\/2022\/01\/1_63.jpeg\" \/>\n\t<meta property=\"og:image:width\" content=\"650\" \/>\n\t<meta property=\"og:image:height\" content=\"350\" \/>\n\t<meta property=\"og:image:type\" content=\"image\/jpeg\" \/>\n<meta name=\"author\" content=\"Developer\" \/>\n<meta name=\"twitter:card\" content=\"summary_large_image\" \/>\n<meta name=\"twitter:label1\" content=\"Written by\" \/>\n\t<meta name=\"twitter:data1\" content=\"Developer\" \/>\n\t<meta name=\"twitter:label2\" content=\"Est. reading time\" \/>\n\t<meta name=\"twitter:data2\" content=\"2 minutes\" \/>\n<script type=\"application\/ld+json\" class=\"yoast-schema-graph\">{\"@context\":\"https:\\\/\\\/schema.org\",\"@graph\":[{\"@type\":\"Article\",\"@id\":\"https:\\\/\\\/qtmm.org\\\/qt\\\/qirimtatar-halqinin-aqlarini-gayridan-tiklev-meselesi-gaagada-baqildi\\\/#article\",\"isPartOf\":{\"@id\":\"https:\\\/\\\/qtmm.org\\\/qt\\\/qirimtatar-halqinin-aqlarini-gayridan-tiklev-meselesi-gaagada-baqildi\\\/\"},\"author\":{\"name\":\"Developer\",\"@id\":\"https:\\\/\\\/qtmm.org\\\/qt\\\/#\\\/schema\\\/person\\\/de562469f971dec226ac06e60bbf74a7\"},\"headline\":\"Q\u0131r\u0131mtatar halq\u0131n\u0131\u00f1 aqlar\u0131n\u0131 \u011fayr\u0131dan tiklev meselesi Gaagada baq\u0131ld\u0131\",\"datePublished\":\"2012-09-07T13:53:00+00:00\",\"dateModified\":\"2022-01-22T13:55:12+00:00\",\"mainEntityOfPage\":{\"@id\":\"https:\\\/\\\/qtmm.org\\\/qt\\\/qirimtatar-halqinin-aqlarini-gayridan-tiklev-meselesi-gaagada-baqildi\\\/\"},\"wordCount\":353,\"commentCount\":0,\"publisher\":{\"@id\":\"https:\\\/\\\/qtmm.org\\\/qt\\\/#organization\"},\"image\":{\"@id\":\"https:\\\/\\\/qtmm.org\\\/qt\\\/qirimtatar-halqinin-aqlarini-gayridan-tiklev-meselesi-gaagada-baqildi\\\/#primaryimage\"},\"thumbnailUrl\":\"https:\\\/\\\/qtmm.org\\\/wp-content\\\/uploads\\\/2022\\\/01\\\/1_63.jpeg\",\"articleSection\":[\"Haberler\"],\"inLanguage\":\"qt\",\"potentialAction\":[{\"@type\":\"CommentAction\",\"name\":\"Comment\",\"target\":[\"https:\\\/\\\/qtmm.org\\\/qt\\\/qirimtatar-halqinin-aqlarini-gayridan-tiklev-meselesi-gaagada-baqildi\\\/#respond\"]}]},{\"@type\":\"WebPage\",\"@id\":\"https:\\\/\\\/qtmm.org\\\/qt\\\/qirimtatar-halqinin-aqlarini-gayridan-tiklev-meselesi-gaagada-baqildi\\\/\",\"url\":\"https:\\\/\\\/qtmm.org\\\/qt\\\/qirimtatar-halqinin-aqlarini-gayridan-tiklev-meselesi-gaagada-baqildi\\\/\",\"name\":\"Q\u0131r\u0131mtatar halq\u0131n\u0131\u00f1 aqlar\u0131n\u0131 \u011fayr\u0131dan tiklev meselesi Gaagada baq\u0131ld\u0131 - \u041c\u0435\u0434\u0436\u043b\u0456\u0441\",\"isPartOf\":{\"@id\":\"https:\\\/\\\/qtmm.org\\\/qt\\\/#website\"},\"primaryImageOfPage\":{\"@id\":\"https:\\\/\\\/qtmm.org\\\/qt\\\/qirimtatar-halqinin-aqlarini-gayridan-tiklev-meselesi-gaagada-baqildi\\\/#primaryimage\"},\"image\":{\"@id\":\"https:\\\/\\\/qtmm.org\\\/qt\\\/qirimtatar-halqinin-aqlarini-gayridan-tiklev-meselesi-gaagada-baqildi\\\/#primaryimage\"},\"thumbnailUrl\":\"https:\\\/\\\/qtmm.org\\\/wp-content\\\/uploads\\\/2022\\\/01\\\/1_63.jpeg\",\"datePublished\":\"2012-09-07T13:53:00+00:00\",\"dateModified\":\"2022-01-22T13:55:12+00:00\",\"breadcrumb\":{\"@id\":\"https:\\\/\\\/qtmm.org\\\/qt\\\/qirimtatar-halqinin-aqlarini-gayridan-tiklev-meselesi-gaagada-baqildi\\\/#breadcrumb\"},\"inLanguage\":\"qt\",\"potentialAction\":[{\"@type\":\"ReadAction\",\"target\":[\"https:\\\/\\\/qtmm.org\\\/qt\\\/qirimtatar-halqinin-aqlarini-gayridan-tiklev-meselesi-gaagada-baqildi\\\/\"]}]},{\"@type\":\"ImageObject\",\"inLanguage\":\"qt\",\"@id\":\"https:\\\/\\\/qtmm.org\\\/qt\\\/qirimtatar-halqinin-aqlarini-gayridan-tiklev-meselesi-gaagada-baqildi\\\/#primaryimage\",\"url\":\"https:\\\/\\\/qtmm.org\\\/wp-content\\\/uploads\\\/2022\\\/01\\\/1_63.jpeg\",\"contentUrl\":\"https:\\\/\\\/qtmm.org\\\/wp-content\\\/uploads\\\/2022\\\/01\\\/1_63.jpeg\",\"width\":650,\"height\":350},{\"@type\":\"BreadcrumbList\",\"@id\":\"https:\\\/\\\/qtmm.org\\\/qt\\\/qirimtatar-halqinin-aqlarini-gayridan-tiklev-meselesi-gaagada-baqildi\\\/#breadcrumb\",\"itemListElement\":[{\"@type\":\"ListItem\",\"position\":1,\"name\":\"\u0413\u043e\u043b\u043e\u0432\u043d\u0430\",\"item\":\"https:\\\/\\\/qtmm.org\\\/qt\\\/\"},{\"@type\":\"ListItem\",\"position\":2,\"name\":\"Q\u0131r\u0131mtatar halq\u0131n\u0131\u00f1 aqlar\u0131n\u0131 \u011fayr\u0131dan tiklev meselesi Gaagada baq\u0131ld\u0131\"}]},{\"@type\":\"WebSite\",\"@id\":\"https:\\\/\\\/qtmm.org\\\/qt\\\/#website\",\"url\":\"https:\\\/\\\/qtmm.org\\\/qt\\\/\",\"name\":\"\u041c\u0435\u0434\u0436\u043b\u0456\u0441\",\"description\":\"\",\"publisher\":{\"@id\":\"https:\\\/\\\/qtmm.org\\\/qt\\\/#organization\"},\"potentialAction\":[{\"@type\":\"SearchAction\",\"target\":{\"@type\":\"EntryPoint\",\"urlTemplate\":\"https:\\\/\\\/qtmm.org\\\/qt\\\/?s={search_term_string}\"},\"query-input\":{\"@type\":\"PropertyValueSpecification\",\"valueRequired\":true,\"valueName\":\"search_term_string\"}}],\"inLanguage\":\"qt\"},{\"@type\":\"Organization\",\"@id\":\"https:\\\/\\\/qtmm.org\\\/qt\\\/#organization\",\"name\":\"\u041c\u0435\u0434\u0436\u043b\u0456\u0441\",\"url\":\"https:\\\/\\\/qtmm.org\\\/qt\\\/\",\"logo\":{\"@type\":\"ImageObject\",\"inLanguage\":\"qt\",\"@id\":\"https:\\\/\\\/qtmm.org\\\/qt\\\/#\\\/schema\\\/logo\\\/image\\\/\",\"url\":\"https:\\\/\\\/qtmm.org\\\/wp-content\\\/uploads\\\/2024\\\/12\\\/ua-mejlis-logo-rgb.svg\",\"contentUrl\":\"https:\\\/\\\/qtmm.org\\\/wp-content\\\/uploads\\\/2024\\\/12\\\/ua-mejlis-logo-rgb.svg\",\"caption\":\"\u041c\u0435\u0434\u0436\u043b\u0456\u0441\"},\"image\":{\"@id\":\"https:\\\/\\\/qtmm.org\\\/qt\\\/#\\\/schema\\\/logo\\\/image\\\/\"},\"sameAs\":[\"https:\\\/\\\/www.facebook.com\\\/qtmm.info\\\/\"]},{\"@type\":\"Person\",\"@id\":\"https:\\\/\\\/qtmm.org\\\/qt\\\/#\\\/schema\\\/person\\\/de562469f971dec226ac06e60bbf74a7\",\"name\":\"Developer\",\"image\":{\"@type\":\"ImageObject\",\"inLanguage\":\"qt\",\"@id\":\"https:\\\/\\\/secure.gravatar.com\\\/avatar\\\/392b4cc8fbfeb00b39dfeeab4ee6edded39ffd48e25858637e4765810300227e?s=96&d=mm&r=g\",\"url\":\"https:\\\/\\\/secure.gravatar.com\\\/avatar\\\/392b4cc8fbfeb00b39dfeeab4ee6edded39ffd48e25858637e4765810300227e?s=96&d=mm&r=g\",\"contentUrl\":\"https:\\\/\\\/secure.gravatar.com\\\/avatar\\\/392b4cc8fbfeb00b39dfeeab4ee6edded39ffd48e25858637e4765810300227e?s=96&d=mm&r=g\",\"caption\":\"Developer\"},\"url\":\"https:\\\/\\\/qtmm.org\\\/qt\\\/author\\\/Developer\\\/\"}]}<\/script>\n<!-- \/ Yoast SEO plugin. -->","yoast_head_json":{"title":"Q\u0131r\u0131mtatar halq\u0131n\u0131\u00f1 aqlar\u0131n\u0131 \u011fayr\u0131dan tiklev meselesi Gaagada baq\u0131ld\u0131 - \u041c\u0435\u0434\u0436\u043b\u0456\u0441","robots":{"index":"index","follow":"follow","max-snippet":"max-snippet:-1","max-image-preview":"max-image-preview:large","max-video-preview":"max-video-preview:-1"},"canonical":"https:\/\/qtmm.org\/qt\/qirimtatar-halqinin-aqlarini-gayridan-tiklev-meselesi-gaagada-baqildi\/","og_locale":"en_US","og_type":"article","og_title":"Q\u0131r\u0131mtatar halq\u0131n\u0131\u00f1 aqlar\u0131n\u0131 \u011fayr\u0131dan tiklev meselesi Gaagada baq\u0131ld\u0131 - \u041c\u0435\u0434\u0436\u043b\u0456\u0441","og_description":"OSCE ekspertleri Q\u0131r\u0131mtatar halq\u0131n\u0131\u00f1 aqlar\u0131n\u0131 \u011fayr\u0131dan tiklev meseleleri boyunca halqara forumn\u0131\u00f1 i\u015ftirak\u00e7ilerine tedqiqat ve tevsiyelerini az\u0131rlaylar. 2012 senesi sent\u00e2br 6 k\u00fcn\u00fc OSCE Milliy azl\u0131qlar boyunca aliy komissar\u0131n\u0131\u00f1 ofisinde (Gaaga, Niderland\u0131) Q\u0131r\u0131mtatar halq\u0131n\u0131\u00f1 \u00f6z Vatan\u0131nla aqlar\u0131n\u0131 \u011fayr\u0131dan tiklev, Ukrainada on\u0131\u00f1 tel\u00fckesizligi ve inki\u015faf\u0131n\u0131 teminlev meseleleri boyunca halqara forum\u011fa az\u0131rl\u0131q \u00e7er\u00e7ivesinde OSCE Milliy azl\u0131qlar boyunca aliy komissar\u0131n\u0131\u00f1 [&hellip;]","og_url":"https:\/\/qtmm.org\/qt\/qirimtatar-halqinin-aqlarini-gayridan-tiklev-meselesi-gaagada-baqildi\/","og_site_name":"\u041c\u0435\u0434\u0436\u043b\u0456\u0441","article_publisher":"https:\/\/www.facebook.com\/qtmm.info\/","article_published_time":"2012-09-07T13:53:00+00:00","article_modified_time":"2022-01-22T13:55:12+00:00","og_image":[{"width":650,"height":350,"url":"https:\/\/qtmm.org\/wp-content\/uploads\/2022\/01\/1_63.jpeg","type":"image\/jpeg"}],"author":"Developer","twitter_card":"summary_large_image","twitter_misc":{"Written by":"Developer","Est. reading time":"2 minutes"},"schema":{"@context":"https:\/\/schema.org","@graph":[{"@type":"Article","@id":"https:\/\/qtmm.org\/qt\/qirimtatar-halqinin-aqlarini-gayridan-tiklev-meselesi-gaagada-baqildi\/#article","isPartOf":{"@id":"https:\/\/qtmm.org\/qt\/qirimtatar-halqinin-aqlarini-gayridan-tiklev-meselesi-gaagada-baqildi\/"},"author":{"name":"Developer","@id":"https:\/\/qtmm.org\/qt\/#\/schema\/person\/de562469f971dec226ac06e60bbf74a7"},"headline":"Q\u0131r\u0131mtatar halq\u0131n\u0131\u00f1 aqlar\u0131n\u0131 \u011fayr\u0131dan tiklev meselesi Gaagada baq\u0131ld\u0131","datePublished":"2012-09-07T13:53:00+00:00","dateModified":"2022-01-22T13:55:12+00:00","mainEntityOfPage":{"@id":"https:\/\/qtmm.org\/qt\/qirimtatar-halqinin-aqlarini-gayridan-tiklev-meselesi-gaagada-baqildi\/"},"wordCount":353,"commentCount":0,"publisher":{"@id":"https:\/\/qtmm.org\/qt\/#organization"},"image":{"@id":"https:\/\/qtmm.org\/qt\/qirimtatar-halqinin-aqlarini-gayridan-tiklev-meselesi-gaagada-baqildi\/#primaryimage"},"thumbnailUrl":"https:\/\/qtmm.org\/wp-content\/uploads\/2022\/01\/1_63.jpeg","articleSection":["Haberler"],"inLanguage":"qt","potentialAction":[{"@type":"CommentAction","name":"Comment","target":["https:\/\/qtmm.org\/qt\/qirimtatar-halqinin-aqlarini-gayridan-tiklev-meselesi-gaagada-baqildi\/#respond"]}]},{"@type":"WebPage","@id":"https:\/\/qtmm.org\/qt\/qirimtatar-halqinin-aqlarini-gayridan-tiklev-meselesi-gaagada-baqildi\/","url":"https:\/\/qtmm.org\/qt\/qirimtatar-halqinin-aqlarini-gayridan-tiklev-meselesi-gaagada-baqildi\/","name":"Q\u0131r\u0131mtatar halq\u0131n\u0131\u00f1 aqlar\u0131n\u0131 \u011fayr\u0131dan tiklev meselesi Gaagada baq\u0131ld\u0131 - \u041c\u0435\u0434\u0436\u043b\u0456\u0441","isPartOf":{"@id":"https:\/\/qtmm.org\/qt\/#website"},"primaryImageOfPage":{"@id":"https:\/\/qtmm.org\/qt\/qirimtatar-halqinin-aqlarini-gayridan-tiklev-meselesi-gaagada-baqildi\/#primaryimage"},"image":{"@id":"https:\/\/qtmm.org\/qt\/qirimtatar-halqinin-aqlarini-gayridan-tiklev-meselesi-gaagada-baqildi\/#primaryimage"},"thumbnailUrl":"https:\/\/qtmm.org\/wp-content\/uploads\/2022\/01\/1_63.jpeg","datePublished":"2012-09-07T13:53:00+00:00","dateModified":"2022-01-22T13:55:12+00:00","breadcrumb":{"@id":"https:\/\/qtmm.org\/qt\/qirimtatar-halqinin-aqlarini-gayridan-tiklev-meselesi-gaagada-baqildi\/#breadcrumb"},"inLanguage":"qt","potentialAction":[{"@type":"ReadAction","target":["https:\/\/qtmm.org\/qt\/qirimtatar-halqinin-aqlarini-gayridan-tiklev-meselesi-gaagada-baqildi\/"]}]},{"@type":"ImageObject","inLanguage":"qt","@id":"https:\/\/qtmm.org\/qt\/qirimtatar-halqinin-aqlarini-gayridan-tiklev-meselesi-gaagada-baqildi\/#primaryimage","url":"https:\/\/qtmm.org\/wp-content\/uploads\/2022\/01\/1_63.jpeg","contentUrl":"https:\/\/qtmm.org\/wp-content\/uploads\/2022\/01\/1_63.jpeg","width":650,"height":350},{"@type":"BreadcrumbList","@id":"https:\/\/qtmm.org\/qt\/qirimtatar-halqinin-aqlarini-gayridan-tiklev-meselesi-gaagada-baqildi\/#breadcrumb","itemListElement":[{"@type":"ListItem","position":1,"name":"\u0413\u043e\u043b\u043e\u0432\u043d\u0430","item":"https:\/\/qtmm.org\/qt\/"},{"@type":"ListItem","position":2,"name":"Q\u0131r\u0131mtatar halq\u0131n\u0131\u00f1 aqlar\u0131n\u0131 \u011fayr\u0131dan tiklev meselesi Gaagada baq\u0131ld\u0131"}]},{"@type":"WebSite","@id":"https:\/\/qtmm.org\/qt\/#website","url":"https:\/\/qtmm.org\/qt\/","name":"\u041c\u0435\u0434\u0436\u043b\u0456\u0441","description":"","publisher":{"@id":"https:\/\/qtmm.org\/qt\/#organization"},"potentialAction":[{"@type":"SearchAction","target":{"@type":"EntryPoint","urlTemplate":"https:\/\/qtmm.org\/qt\/?s={search_term_string}"},"query-input":{"@type":"PropertyValueSpecification","valueRequired":true,"valueName":"search_term_string"}}],"inLanguage":"qt"},{"@type":"Organization","@id":"https:\/\/qtmm.org\/qt\/#organization","name":"\u041c\u0435\u0434\u0436\u043b\u0456\u0441","url":"https:\/\/qtmm.org\/qt\/","logo":{"@type":"ImageObject","inLanguage":"qt","@id":"https:\/\/qtmm.org\/qt\/#\/schema\/logo\/image\/","url":"https:\/\/qtmm.org\/wp-content\/uploads\/2024\/12\/ua-mejlis-logo-rgb.svg","contentUrl":"https:\/\/qtmm.org\/wp-content\/uploads\/2024\/12\/ua-mejlis-logo-rgb.svg","caption":"\u041c\u0435\u0434\u0436\u043b\u0456\u0441"},"image":{"@id":"https:\/\/qtmm.org\/qt\/#\/schema\/logo\/image\/"},"sameAs":["https:\/\/www.facebook.com\/qtmm.info\/"]},{"@type":"Person","@id":"https:\/\/qtmm.org\/qt\/#\/schema\/person\/de562469f971dec226ac06e60bbf74a7","name":"Developer","image":{"@type":"ImageObject","inLanguage":"qt","@id":"https:\/\/secure.gravatar.com\/avatar\/392b4cc8fbfeb00b39dfeeab4ee6edded39ffd48e25858637e4765810300227e?s=96&d=mm&r=g","url":"https:\/\/secure.gravatar.com\/avatar\/392b4cc8fbfeb00b39dfeeab4ee6edded39ffd48e25858637e4765810300227e?s=96&d=mm&r=g","contentUrl":"https:\/\/secure.gravatar.com\/avatar\/392b4cc8fbfeb00b39dfeeab4ee6edded39ffd48e25858637e4765810300227e?s=96&d=mm&r=g","caption":"Developer"},"url":"https:\/\/qtmm.org\/qt\/author\/Developer\/"}]}},"_links":{"self":[{"href":"https:\/\/qtmm.org\/qt\/wp-json\/wp\/v2\/posts\/34026","targetHints":{"allow":["GET"]}}],"collection":[{"href":"https:\/\/qtmm.org\/qt\/wp-json\/wp\/v2\/posts"}],"about":[{"href":"https:\/\/qtmm.org\/qt\/wp-json\/wp\/v2\/types\/post"}],"author":[{"embeddable":true,"href":"https:\/\/qtmm.org\/qt\/wp-json\/wp\/v2\/users\/1"}],"replies":[{"embeddable":true,"href":"https:\/\/qtmm.org\/qt\/wp-json\/wp\/v2\/comments?post=34026"}],"version-history":[{"count":1,"href":"https:\/\/qtmm.org\/qt\/wp-json\/wp\/v2\/posts\/34026\/revisions"}],"predecessor-version":[{"id":34047,"href":"https:\/\/qtmm.org\/qt\/wp-json\/wp\/v2\/posts\/34026\/revisions\/34047"}],"wp:featuredmedia":[{"embeddable":true,"href":"https:\/\/qtmm.org\/qt\/wp-json\/wp\/v2\/media\/34027"}],"wp:attachment":[{"href":"https:\/\/qtmm.org\/qt\/wp-json\/wp\/v2\/media?parent=34026"}],"wp:term":[{"taxonomy":"category","embeddable":true,"href":"https:\/\/qtmm.org\/qt\/wp-json\/wp\/v2\/categories?post=34026"},{"taxonomy":"post_tag","embeddable":true,"href":"https:\/\/qtmm.org\/qt\/wp-json\/wp\/v2\/tags?post=34026"}],"curies":[{"name":"wp","href":"https:\/\/api.w.org\/{rel}","templated":true}]}}