




{"id":34008,"date":"2012-09-05T16:51:00","date_gmt":"2012-09-05T13:51:00","guid":{"rendered":"http:\/\/qtmm.org\/?p=34008"},"modified":"2022-01-22T16:53:05","modified_gmt":"2022-01-22T13:53:05","slug":"aqyarda-yerli-meclislerge-saylavlarga-azirliq-baslandi","status":"publish","type":"post","link":"https:\/\/qtmm.org\/qt\/aqyarda-yerli-meclislerge-saylavlarga-azirliq-baslandi\/","title":{"rendered":"Aqyarda yerli meclislerge saylavlar\u011fa az\u0131rl\u0131q ba\u015fland\u0131"},"content":{"rendered":"\n<p>Aqyar region\u0131nda yerli meclislerge saylavlarn\u0131 te\u015fkil\u00e2tland\u0131ruv ve ke\u00e7ir\u00fcv maqsad\u0131nda 2012 senesi avgust 23-24 k\u00fcnleri Yerli meclislerge saylavlarn\u0131 az\u0131rlav ve \u00f6tker\u00fcv boyunca komissiyan\u0131\u00f1 reisi Refat \u00c7ubarov ve komissiya k\u00e2tibi Zair Smedl\u00e2yev \u015feerde ve on\u0131\u00f1 civar\u0131ndaki k\u00f6ylerde ya\u015fa\u011fan semetde\u015flerimiznen bir s\u0131ra topla\u015fuvlar \u00f6tkerdiler.<\/p>\n\n\n\n<p>Olarda territorial saylav komissiyalar\u0131 azalar\u0131n\u0131\u00f1 cedvelleri tekmillendi. Milliy \u00f6z-\u00f6z\u00fcni idare et\u00fcv maalliy organlar aqq\u0131nda nizamname boyunca saylavlarn\u0131 az\u0131rlav ve ke\u00e7ir\u00fcvnen ba\u011fl\u0131 b\u00fct\u00fcn vazifeler bu komissiyalarn\u0131\u00f1 boynuna y\u00fcklene.<\/p>\n\n\n\n<figure class=\"wp-block-image size-full\"><img loading=\"lazy\" decoding=\"async\" width=\"800\" height=\"533\" src=\"http:\/\/qtmm.org\/wp-content\/uploads\/2022\/01\/284897_319877231440771_113171787_n.jpeg\" alt=\"\" class=\"wp-image-34013\" srcset=\"https:\/\/qtmm.org\/wp-content\/uploads\/2022\/01\/284897_319877231440771_113171787_n.jpeg 800w, https:\/\/qtmm.org\/wp-content\/uploads\/2022\/01\/284897_319877231440771_113171787_n-300x200.jpeg 300w, https:\/\/qtmm.org\/wp-content\/uploads\/2022\/01\/284897_319877231440771_113171787_n-768x512.jpeg 768w\" sizes=\"auto, (max-width: 800px) 100vw, 800px\" \/><\/figure>\n\n\n\n<p>4 sent\u00e2br k\u00fcn\u00fc Aqyar \u015feerinde saylav komissiyalar\u0131n\u0131\u00f1 reisleri, k\u00e2tipleri ve azalar\u0131 i\u00e7\u00fcn ke\u00e7irilgen ameliy seminarda komissiyalar\u011fa saylavlarn\u0131 az\u0131rlamaq i\u00e7\u00fcn zarur malzemeler berildi. Seminarn\u0131 Saylav komissiyan\u0131\u00f1 reisi Refat \u00c7ubarov ve k\u00e2tibi Zair Smedl\u00e2yev ke\u00e7irdiler. Seminarn\u0131\u00f1 i\u015finde bun\u0131\u00f1 kibi de Qurultay Tefti\u015f komissiyas\u0131 reisini\u00f1 vazifesini eda etici Qurtseit Abdullayev i\u015ftirak etti.<\/p>\n\n\n\n<figure class=\"wp-block-image size-full\"><img loading=\"lazy\" decoding=\"async\" width=\"800\" height=\"600\" src=\"http:\/\/qtmm.org\/wp-content\/uploads\/2022\/01\/p8220033.jpeg\" alt=\"\" class=\"wp-image-34017\" srcset=\"https:\/\/qtmm.org\/wp-content\/uploads\/2022\/01\/p8220033.jpeg 800w, https:\/\/qtmm.org\/wp-content\/uploads\/2022\/01\/p8220033-300x225.jpeg 300w, https:\/\/qtmm.org\/wp-content\/uploads\/2022\/01\/p8220033-768x576.jpeg 768w\" sizes=\"auto, (max-width: 800px) 100vw, 800px\" \/><\/figure>\n\n\n\n<p>Seminardan so\u00f1 Refat \u00c7ubarov, Zair Smedl\u00e2yev ve Qurtseit Abdullayev Aqyar regional meclisini\u00f1 reisi Re\u015fat Memetovnen k\u00f6r\u00fc\u015fip, yerli meclislerge saylavlarn\u0131 ke\u00e7ir\u00fcvnen ba\u011fl\u0131 bir s\u0131ra meselelerni muzakere ettiler.<\/p>\n\n\n\n<figure class=\"wp-block-image size-full\"><img loading=\"lazy\" decoding=\"async\" width=\"800\" height=\"533\" src=\"http:\/\/qtmm.org\/wp-content\/uploads\/2022\/01\/539058_320150494746778_1967673716_n.jpeg\" alt=\"\" class=\"wp-image-34021\" srcset=\"https:\/\/qtmm.org\/wp-content\/uploads\/2022\/01\/539058_320150494746778_1967673716_n.jpeg 800w, https:\/\/qtmm.org\/wp-content\/uploads\/2022\/01\/539058_320150494746778_1967673716_n-300x200.jpeg 300w, https:\/\/qtmm.org\/wp-content\/uploads\/2022\/01\/539058_320150494746778_1967673716_n-768x512.jpeg 768w\" sizes=\"auto, (max-width: 800px) 100vw, 800px\" \/><\/figure>\n\n\n\n<p>B\u00f6yleliknen 2012 senesi sent\u00e2br 5-te Aqyar region\u0131nda saylavlar\u011fa az\u0131rl\u0131q ba\u015fland\u0131. Bu yerde ya\u015fa\u011fan ve yerli mecliske saylanma\u011fa istegen q\u0131r\u0131mtatarlar ve olarn\u0131\u00f1 aile azalar\u0131 namzet olaraq qayd etilmesi i\u00e7\u00fcn eki afta berile. \u00d6z namzetini k\u00f6sterecek insan territorial saylav komissiyas\u0131na arizanen muracaat etip, o\u00f1a qoltutacaq saylavc\u0131larn\u0131\u00f1 imzalar\u0131n\u0131 toplamaq i\u00e7\u00fcn imza k\u00e2\u011f\u0131tlar\u0131n\u0131 almaq kerekler.<\/p>\n\n\n\n<p>Aqyar region\u0131nda yerli meclislerni saylav Yerli meclislerge saylavlarn\u0131 az\u0131rlav ve \u00f6tker\u00fcv boyunca komissiyan\u0131\u00f1 qarar\u0131 boyunca 2012 senesi okt\u00e2br 20-de ol\u0131p, saat saba 8-den aq\u015fam saat 20-ge qadar ke\u00e7ecek.<\/p>\n","protected":false},"excerpt":{"rendered":"<p>Aqyar region\u0131nda yerli meclislerge saylavlarn\u0131 te\u015fkil\u00e2tland\u0131ruv ve ke\u00e7ir\u00fcv maqsad\u0131nda 2012 senesi avgust 23-24 k\u00fcnleri Yerli meclislerge saylavlarn\u0131 az\u0131rlav ve \u00f6tker\u00fcv boyunca komissiyan\u0131\u00f1 reisi Refat \u00c7ubarov ve komissiya k\u00e2tibi Zair Smedl\u00e2yev \u015feerde ve on\u0131\u00f1 civar\u0131ndaki k\u00f6ylerde ya\u015fa\u011fan semetde\u015flerimiznen bir s\u0131ra topla\u015fuvlar \u00f6tkerdiler. Olarda territorial saylav komissiyalar\u0131 azalar\u0131n\u0131\u00f1 cedvelleri tekmillendi. Milliy \u00f6z-\u00f6z\u00fcni idare et\u00fcv maalliy organlar aqq\u0131nda [&hellip;]<\/p>\n","protected":false},"author":1,"featured_media":34009,"comment_status":"open","ping_status":"open","sticky":false,"template":"","format":"standard","meta":{"inline_featured_image":false,"footnotes":""},"categories":[265],"tags":[],"class_list":["post-34008","post","type-post","status-publish","format-standard","has-post-thumbnail","hentry","category-haberler"],"acf":[],"yoast_head":"<!-- This site is optimized with the Yoast SEO plugin v27.4 - https:\/\/yoast.com\/product\/yoast-seo-wordpress\/ -->\n<title>Aqyarda yerli meclislerge saylavlar\u011fa az\u0131rl\u0131q ba\u015fland\u0131 - \u041c\u0435\u0434\u0436\u043b\u0456\u0441<\/title>\n<meta name=\"robots\" content=\"index, follow, max-snippet:-1, max-image-preview:large, max-video-preview:-1\" \/>\n<link rel=\"canonical\" href=\"https:\/\/qtmm.org\/qt\/aqyarda-yerli-meclislerge-saylavlarga-azirliq-baslandi\/\" \/>\n<meta property=\"og:locale\" content=\"en_US\" \/>\n<meta property=\"og:type\" content=\"article\" \/>\n<meta property=\"og:title\" content=\"Aqyarda yerli meclislerge saylavlar\u011fa az\u0131rl\u0131q ba\u015fland\u0131 - \u041c\u0435\u0434\u0436\u043b\u0456\u0441\" \/>\n<meta property=\"og:description\" content=\"Aqyar region\u0131nda yerli meclislerge saylavlarn\u0131 te\u015fkil\u00e2tland\u0131ruv ve ke\u00e7ir\u00fcv maqsad\u0131nda 2012 senesi avgust 23-24 k\u00fcnleri Yerli meclislerge saylavlarn\u0131 az\u0131rlav ve \u00f6tker\u00fcv boyunca komissiyan\u0131\u00f1 reisi Refat \u00c7ubarov ve komissiya k\u00e2tibi Zair Smedl\u00e2yev \u015feerde ve on\u0131\u00f1 civar\u0131ndaki k\u00f6ylerde ya\u015fa\u011fan semetde\u015flerimiznen bir s\u0131ra topla\u015fuvlar \u00f6tkerdiler. Olarda territorial saylav komissiyalar\u0131 azalar\u0131n\u0131\u00f1 cedvelleri tekmillendi. Milliy \u00f6z-\u00f6z\u00fcni idare et\u00fcv maalliy organlar aqq\u0131nda [&hellip;]\" \/>\n<meta property=\"og:url\" content=\"https:\/\/qtmm.org\/qt\/aqyarda-yerli-meclislerge-saylavlarga-azirliq-baslandi\/\" \/>\n<meta property=\"og:site_name\" content=\"\u041c\u0435\u0434\u0436\u043b\u0456\u0441\" \/>\n<meta property=\"article:publisher\" content=\"https:\/\/www.facebook.com\/qtmm.info\/\" \/>\n<meta property=\"article:published_time\" content=\"2012-09-05T13:51:00+00:00\" \/>\n<meta property=\"article:modified_time\" content=\"2022-01-22T13:53:05+00:00\" \/>\n<meta property=\"og:image\" content=\"https:\/\/qtmm.org\/wp-content\/uploads\/2022\/01\/556441_319877724774055_1044083455_n.jpeg\" \/>\n\t<meta property=\"og:image:width\" content=\"800\" \/>\n\t<meta property=\"og:image:height\" content=\"533\" \/>\n\t<meta property=\"og:image:type\" content=\"image\/jpeg\" \/>\n<meta name=\"author\" content=\"Developer\" \/>\n<meta name=\"twitter:card\" content=\"summary_large_image\" \/>\n<meta name=\"twitter:label1\" content=\"Written by\" \/>\n\t<meta name=\"twitter:data1\" content=\"Developer\" \/>\n\t<meta name=\"twitter:label2\" content=\"Est. reading time\" \/>\n\t<meta name=\"twitter:data2\" content=\"1 minute\" \/>\n<script type=\"application\/ld+json\" class=\"yoast-schema-graph\">{\"@context\":\"https:\\\/\\\/schema.org\",\"@graph\":[{\"@type\":\"Article\",\"@id\":\"https:\\\/\\\/qtmm.org\\\/qt\\\/aqyarda-yerli-meclislerge-saylavlarga-azirliq-baslandi\\\/#article\",\"isPartOf\":{\"@id\":\"https:\\\/\\\/qtmm.org\\\/qt\\\/aqyarda-yerli-meclislerge-saylavlarga-azirliq-baslandi\\\/\"},\"author\":{\"name\":\"Developer\",\"@id\":\"https:\\\/\\\/qtmm.org\\\/qt\\\/#\\\/schema\\\/person\\\/de562469f971dec226ac06e60bbf74a7\"},\"headline\":\"Aqyarda yerli meclislerge saylavlar\u011fa az\u0131rl\u0131q ba\u015fland\u0131\",\"datePublished\":\"2012-09-05T13:51:00+00:00\",\"dateModified\":\"2022-01-22T13:53:05+00:00\",\"mainEntityOfPage\":{\"@id\":\"https:\\\/\\\/qtmm.org\\\/qt\\\/aqyarda-yerli-meclislerge-saylavlarga-azirliq-baslandi\\\/\"},\"wordCount\":309,\"commentCount\":0,\"publisher\":{\"@id\":\"https:\\\/\\\/qtmm.org\\\/qt\\\/#organization\"},\"image\":{\"@id\":\"https:\\\/\\\/qtmm.org\\\/qt\\\/aqyarda-yerli-meclislerge-saylavlarga-azirliq-baslandi\\\/#primaryimage\"},\"thumbnailUrl\":\"https:\\\/\\\/qtmm.org\\\/wp-content\\\/uploads\\\/2022\\\/01\\\/556441_319877724774055_1044083455_n.jpeg\",\"articleSection\":[\"Haberler\"],\"inLanguage\":\"qt\",\"potentialAction\":[{\"@type\":\"CommentAction\",\"name\":\"Comment\",\"target\":[\"https:\\\/\\\/qtmm.org\\\/qt\\\/aqyarda-yerli-meclislerge-saylavlarga-azirliq-baslandi\\\/#respond\"]}]},{\"@type\":\"WebPage\",\"@id\":\"https:\\\/\\\/qtmm.org\\\/qt\\\/aqyarda-yerli-meclislerge-saylavlarga-azirliq-baslandi\\\/\",\"url\":\"https:\\\/\\\/qtmm.org\\\/qt\\\/aqyarda-yerli-meclislerge-saylavlarga-azirliq-baslandi\\\/\",\"name\":\"Aqyarda yerli meclislerge saylavlar\u011fa az\u0131rl\u0131q ba\u015fland\u0131 - \u041c\u0435\u0434\u0436\u043b\u0456\u0441\",\"isPartOf\":{\"@id\":\"https:\\\/\\\/qtmm.org\\\/qt\\\/#website\"},\"primaryImageOfPage\":{\"@id\":\"https:\\\/\\\/qtmm.org\\\/qt\\\/aqyarda-yerli-meclislerge-saylavlarga-azirliq-baslandi\\\/#primaryimage\"},\"image\":{\"@id\":\"https:\\\/\\\/qtmm.org\\\/qt\\\/aqyarda-yerli-meclislerge-saylavlarga-azirliq-baslandi\\\/#primaryimage\"},\"thumbnailUrl\":\"https:\\\/\\\/qtmm.org\\\/wp-content\\\/uploads\\\/2022\\\/01\\\/556441_319877724774055_1044083455_n.jpeg\",\"datePublished\":\"2012-09-05T13:51:00+00:00\",\"dateModified\":\"2022-01-22T13:53:05+00:00\",\"breadcrumb\":{\"@id\":\"https:\\\/\\\/qtmm.org\\\/qt\\\/aqyarda-yerli-meclislerge-saylavlarga-azirliq-baslandi\\\/#breadcrumb\"},\"inLanguage\":\"qt\",\"potentialAction\":[{\"@type\":\"ReadAction\",\"target\":[\"https:\\\/\\\/qtmm.org\\\/qt\\\/aqyarda-yerli-meclislerge-saylavlarga-azirliq-baslandi\\\/\"]}]},{\"@type\":\"ImageObject\",\"inLanguage\":\"qt\",\"@id\":\"https:\\\/\\\/qtmm.org\\\/qt\\\/aqyarda-yerli-meclislerge-saylavlarga-azirliq-baslandi\\\/#primaryimage\",\"url\":\"https:\\\/\\\/qtmm.org\\\/wp-content\\\/uploads\\\/2022\\\/01\\\/556441_319877724774055_1044083455_n.jpeg\",\"contentUrl\":\"https:\\\/\\\/qtmm.org\\\/wp-content\\\/uploads\\\/2022\\\/01\\\/556441_319877724774055_1044083455_n.jpeg\",\"width\":800,\"height\":533},{\"@type\":\"BreadcrumbList\",\"@id\":\"https:\\\/\\\/qtmm.org\\\/qt\\\/aqyarda-yerli-meclislerge-saylavlarga-azirliq-baslandi\\\/#breadcrumb\",\"itemListElement\":[{\"@type\":\"ListItem\",\"position\":1,\"name\":\"\u0413\u043e\u043b\u043e\u0432\u043d\u0430\",\"item\":\"https:\\\/\\\/qtmm.org\\\/qt\\\/\"},{\"@type\":\"ListItem\",\"position\":2,\"name\":\"Aqyarda yerli meclislerge saylavlar\u011fa az\u0131rl\u0131q ba\u015fland\u0131\"}]},{\"@type\":\"WebSite\",\"@id\":\"https:\\\/\\\/qtmm.org\\\/qt\\\/#website\",\"url\":\"https:\\\/\\\/qtmm.org\\\/qt\\\/\",\"name\":\"\u041c\u0435\u0434\u0436\u043b\u0456\u0441\",\"description\":\"\",\"publisher\":{\"@id\":\"https:\\\/\\\/qtmm.org\\\/qt\\\/#organization\"},\"potentialAction\":[{\"@type\":\"SearchAction\",\"target\":{\"@type\":\"EntryPoint\",\"urlTemplate\":\"https:\\\/\\\/qtmm.org\\\/qt\\\/?s={search_term_string}\"},\"query-input\":{\"@type\":\"PropertyValueSpecification\",\"valueRequired\":true,\"valueName\":\"search_term_string\"}}],\"inLanguage\":\"qt\"},{\"@type\":\"Organization\",\"@id\":\"https:\\\/\\\/qtmm.org\\\/qt\\\/#organization\",\"name\":\"\u041c\u0435\u0434\u0436\u043b\u0456\u0441\",\"url\":\"https:\\\/\\\/qtmm.org\\\/qt\\\/\",\"logo\":{\"@type\":\"ImageObject\",\"inLanguage\":\"qt\",\"@id\":\"https:\\\/\\\/qtmm.org\\\/qt\\\/#\\\/schema\\\/logo\\\/image\\\/\",\"url\":\"https:\\\/\\\/qtmm.org\\\/wp-content\\\/uploads\\\/2024\\\/12\\\/ua-mejlis-logo-rgb.svg\",\"contentUrl\":\"https:\\\/\\\/qtmm.org\\\/wp-content\\\/uploads\\\/2024\\\/12\\\/ua-mejlis-logo-rgb.svg\",\"caption\":\"\u041c\u0435\u0434\u0436\u043b\u0456\u0441\"},\"image\":{\"@id\":\"https:\\\/\\\/qtmm.org\\\/qt\\\/#\\\/schema\\\/logo\\\/image\\\/\"},\"sameAs\":[\"https:\\\/\\\/www.facebook.com\\\/qtmm.info\\\/\"]},{\"@type\":\"Person\",\"@id\":\"https:\\\/\\\/qtmm.org\\\/qt\\\/#\\\/schema\\\/person\\\/de562469f971dec226ac06e60bbf74a7\",\"name\":\"Developer\",\"image\":{\"@type\":\"ImageObject\",\"inLanguage\":\"qt\",\"@id\":\"https:\\\/\\\/secure.gravatar.com\\\/avatar\\\/392b4cc8fbfeb00b39dfeeab4ee6edded39ffd48e25858637e4765810300227e?s=96&d=mm&r=g\",\"url\":\"https:\\\/\\\/secure.gravatar.com\\\/avatar\\\/392b4cc8fbfeb00b39dfeeab4ee6edded39ffd48e25858637e4765810300227e?s=96&d=mm&r=g\",\"contentUrl\":\"https:\\\/\\\/secure.gravatar.com\\\/avatar\\\/392b4cc8fbfeb00b39dfeeab4ee6edded39ffd48e25858637e4765810300227e?s=96&d=mm&r=g\",\"caption\":\"Developer\"},\"url\":\"https:\\\/\\\/qtmm.org\\\/qt\\\/author\\\/Developer\\\/\"}]}<\/script>\n<!-- \/ Yoast SEO plugin. -->","yoast_head_json":{"title":"Aqyarda yerli meclislerge saylavlar\u011fa az\u0131rl\u0131q ba\u015fland\u0131 - \u041c\u0435\u0434\u0436\u043b\u0456\u0441","robots":{"index":"index","follow":"follow","max-snippet":"max-snippet:-1","max-image-preview":"max-image-preview:large","max-video-preview":"max-video-preview:-1"},"canonical":"https:\/\/qtmm.org\/qt\/aqyarda-yerli-meclislerge-saylavlarga-azirliq-baslandi\/","og_locale":"en_US","og_type":"article","og_title":"Aqyarda yerli meclislerge saylavlar\u011fa az\u0131rl\u0131q ba\u015fland\u0131 - \u041c\u0435\u0434\u0436\u043b\u0456\u0441","og_description":"Aqyar region\u0131nda yerli meclislerge saylavlarn\u0131 te\u015fkil\u00e2tland\u0131ruv ve ke\u00e7ir\u00fcv maqsad\u0131nda 2012 senesi avgust 23-24 k\u00fcnleri Yerli meclislerge saylavlarn\u0131 az\u0131rlav ve \u00f6tker\u00fcv boyunca komissiyan\u0131\u00f1 reisi Refat \u00c7ubarov ve komissiya k\u00e2tibi Zair Smedl\u00e2yev \u015feerde ve on\u0131\u00f1 civar\u0131ndaki k\u00f6ylerde ya\u015fa\u011fan semetde\u015flerimiznen bir s\u0131ra topla\u015fuvlar \u00f6tkerdiler. Olarda territorial saylav komissiyalar\u0131 azalar\u0131n\u0131\u00f1 cedvelleri tekmillendi. Milliy \u00f6z-\u00f6z\u00fcni idare et\u00fcv maalliy organlar aqq\u0131nda [&hellip;]","og_url":"https:\/\/qtmm.org\/qt\/aqyarda-yerli-meclislerge-saylavlarga-azirliq-baslandi\/","og_site_name":"\u041c\u0435\u0434\u0436\u043b\u0456\u0441","article_publisher":"https:\/\/www.facebook.com\/qtmm.info\/","article_published_time":"2012-09-05T13:51:00+00:00","article_modified_time":"2022-01-22T13:53:05+00:00","og_image":[{"width":800,"height":533,"url":"https:\/\/qtmm.org\/wp-content\/uploads\/2022\/01\/556441_319877724774055_1044083455_n.jpeg","type":"image\/jpeg"}],"author":"Developer","twitter_card":"summary_large_image","twitter_misc":{"Written by":"Developer","Est. reading time":"1 minute"},"schema":{"@context":"https:\/\/schema.org","@graph":[{"@type":"Article","@id":"https:\/\/qtmm.org\/qt\/aqyarda-yerli-meclislerge-saylavlarga-azirliq-baslandi\/#article","isPartOf":{"@id":"https:\/\/qtmm.org\/qt\/aqyarda-yerli-meclislerge-saylavlarga-azirliq-baslandi\/"},"author":{"name":"Developer","@id":"https:\/\/qtmm.org\/qt\/#\/schema\/person\/de562469f971dec226ac06e60bbf74a7"},"headline":"Aqyarda yerli meclislerge saylavlar\u011fa az\u0131rl\u0131q ba\u015fland\u0131","datePublished":"2012-09-05T13:51:00+00:00","dateModified":"2022-01-22T13:53:05+00:00","mainEntityOfPage":{"@id":"https:\/\/qtmm.org\/qt\/aqyarda-yerli-meclislerge-saylavlarga-azirliq-baslandi\/"},"wordCount":309,"commentCount":0,"publisher":{"@id":"https:\/\/qtmm.org\/qt\/#organization"},"image":{"@id":"https:\/\/qtmm.org\/qt\/aqyarda-yerli-meclislerge-saylavlarga-azirliq-baslandi\/#primaryimage"},"thumbnailUrl":"https:\/\/qtmm.org\/wp-content\/uploads\/2022\/01\/556441_319877724774055_1044083455_n.jpeg","articleSection":["Haberler"],"inLanguage":"qt","potentialAction":[{"@type":"CommentAction","name":"Comment","target":["https:\/\/qtmm.org\/qt\/aqyarda-yerli-meclislerge-saylavlarga-azirliq-baslandi\/#respond"]}]},{"@type":"WebPage","@id":"https:\/\/qtmm.org\/qt\/aqyarda-yerli-meclislerge-saylavlarga-azirliq-baslandi\/","url":"https:\/\/qtmm.org\/qt\/aqyarda-yerli-meclislerge-saylavlarga-azirliq-baslandi\/","name":"Aqyarda yerli meclislerge saylavlar\u011fa az\u0131rl\u0131q ba\u015fland\u0131 - \u041c\u0435\u0434\u0436\u043b\u0456\u0441","isPartOf":{"@id":"https:\/\/qtmm.org\/qt\/#website"},"primaryImageOfPage":{"@id":"https:\/\/qtmm.org\/qt\/aqyarda-yerli-meclislerge-saylavlarga-azirliq-baslandi\/#primaryimage"},"image":{"@id":"https:\/\/qtmm.org\/qt\/aqyarda-yerli-meclislerge-saylavlarga-azirliq-baslandi\/#primaryimage"},"thumbnailUrl":"https:\/\/qtmm.org\/wp-content\/uploads\/2022\/01\/556441_319877724774055_1044083455_n.jpeg","datePublished":"2012-09-05T13:51:00+00:00","dateModified":"2022-01-22T13:53:05+00:00","breadcrumb":{"@id":"https:\/\/qtmm.org\/qt\/aqyarda-yerli-meclislerge-saylavlarga-azirliq-baslandi\/#breadcrumb"},"inLanguage":"qt","potentialAction":[{"@type":"ReadAction","target":["https:\/\/qtmm.org\/qt\/aqyarda-yerli-meclislerge-saylavlarga-azirliq-baslandi\/"]}]},{"@type":"ImageObject","inLanguage":"qt","@id":"https:\/\/qtmm.org\/qt\/aqyarda-yerli-meclislerge-saylavlarga-azirliq-baslandi\/#primaryimage","url":"https:\/\/qtmm.org\/wp-content\/uploads\/2022\/01\/556441_319877724774055_1044083455_n.jpeg","contentUrl":"https:\/\/qtmm.org\/wp-content\/uploads\/2022\/01\/556441_319877724774055_1044083455_n.jpeg","width":800,"height":533},{"@type":"BreadcrumbList","@id":"https:\/\/qtmm.org\/qt\/aqyarda-yerli-meclislerge-saylavlarga-azirliq-baslandi\/#breadcrumb","itemListElement":[{"@type":"ListItem","position":1,"name":"\u0413\u043e\u043b\u043e\u0432\u043d\u0430","item":"https:\/\/qtmm.org\/qt\/"},{"@type":"ListItem","position":2,"name":"Aqyarda yerli meclislerge saylavlar\u011fa az\u0131rl\u0131q ba\u015fland\u0131"}]},{"@type":"WebSite","@id":"https:\/\/qtmm.org\/qt\/#website","url":"https:\/\/qtmm.org\/qt\/","name":"\u041c\u0435\u0434\u0436\u043b\u0456\u0441","description":"","publisher":{"@id":"https:\/\/qtmm.org\/qt\/#organization"},"potentialAction":[{"@type":"SearchAction","target":{"@type":"EntryPoint","urlTemplate":"https:\/\/qtmm.org\/qt\/?s={search_term_string}"},"query-input":{"@type":"PropertyValueSpecification","valueRequired":true,"valueName":"search_term_string"}}],"inLanguage":"qt"},{"@type":"Organization","@id":"https:\/\/qtmm.org\/qt\/#organization","name":"\u041c\u0435\u0434\u0436\u043b\u0456\u0441","url":"https:\/\/qtmm.org\/qt\/","logo":{"@type":"ImageObject","inLanguage":"qt","@id":"https:\/\/qtmm.org\/qt\/#\/schema\/logo\/image\/","url":"https:\/\/qtmm.org\/wp-content\/uploads\/2024\/12\/ua-mejlis-logo-rgb.svg","contentUrl":"https:\/\/qtmm.org\/wp-content\/uploads\/2024\/12\/ua-mejlis-logo-rgb.svg","caption":"\u041c\u0435\u0434\u0436\u043b\u0456\u0441"},"image":{"@id":"https:\/\/qtmm.org\/qt\/#\/schema\/logo\/image\/"},"sameAs":["https:\/\/www.facebook.com\/qtmm.info\/"]},{"@type":"Person","@id":"https:\/\/qtmm.org\/qt\/#\/schema\/person\/de562469f971dec226ac06e60bbf74a7","name":"Developer","image":{"@type":"ImageObject","inLanguage":"qt","@id":"https:\/\/secure.gravatar.com\/avatar\/392b4cc8fbfeb00b39dfeeab4ee6edded39ffd48e25858637e4765810300227e?s=96&d=mm&r=g","url":"https:\/\/secure.gravatar.com\/avatar\/392b4cc8fbfeb00b39dfeeab4ee6edded39ffd48e25858637e4765810300227e?s=96&d=mm&r=g","contentUrl":"https:\/\/secure.gravatar.com\/avatar\/392b4cc8fbfeb00b39dfeeab4ee6edded39ffd48e25858637e4765810300227e?s=96&d=mm&r=g","caption":"Developer"},"url":"https:\/\/qtmm.org\/qt\/author\/Developer\/"}]}},"_links":{"self":[{"href":"https:\/\/qtmm.org\/qt\/wp-json\/wp\/v2\/posts\/34008","targetHints":{"allow":["GET"]}}],"collection":[{"href":"https:\/\/qtmm.org\/qt\/wp-json\/wp\/v2\/posts"}],"about":[{"href":"https:\/\/qtmm.org\/qt\/wp-json\/wp\/v2\/types\/post"}],"author":[{"embeddable":true,"href":"https:\/\/qtmm.org\/qt\/wp-json\/wp\/v2\/users\/1"}],"replies":[{"embeddable":true,"href":"https:\/\/qtmm.org\/qt\/wp-json\/wp\/v2\/comments?post=34008"}],"version-history":[{"count":1,"href":"https:\/\/qtmm.org\/qt\/wp-json\/wp\/v2\/posts\/34008\/revisions"}],"predecessor-version":[{"id":34025,"href":"https:\/\/qtmm.org\/qt\/wp-json\/wp\/v2\/posts\/34008\/revisions\/34025"}],"wp:featuredmedia":[{"embeddable":true,"href":"https:\/\/qtmm.org\/qt\/wp-json\/wp\/v2\/media\/34009"}],"wp:attachment":[{"href":"https:\/\/qtmm.org\/qt\/wp-json\/wp\/v2\/media?parent=34008"}],"wp:term":[{"taxonomy":"category","embeddable":true,"href":"https:\/\/qtmm.org\/qt\/wp-json\/wp\/v2\/categories?post=34008"},{"taxonomy":"post_tag","embeddable":true,"href":"https:\/\/qtmm.org\/qt\/wp-json\/wp\/v2\/tags?post=34008"}],"curies":[{"name":"wp","href":"https:\/\/api.w.org\/{rel}","templated":true}]}}